{"id":14710,"date":"2024-03-08T12:06:21","date_gmt":"2024-03-08T11:06:21","guid":{"rendered":"https:\/\/www.diocesitn.it\/area-testimonianza\/2024\/03\/08\/emergenza-casa-anche-la-diocesi-sostiene-il-progetto-locazione-un-patto-per-la-casa\/"},"modified":"2024-11-14T11:25:14","modified_gmt":"2024-11-14T10:25:14","slug":"emergenza-casa-anche-la-diocesi-sostiene-il-progetto-locazione-un-patto-per-la-casa","status":"publish","type":"post","link":"https:\/\/www.diocesitn.it\/area-testimonianza\/2024\/03\/08\/emergenza-casa-anche-la-diocesi-sostiene-il-progetto-locazione-un-patto-per-la-casa\/","title":{"rendered":"Emergenza casa, anche la Diocesi sostiene il progetto &#8220;LocAzione. Un patto per la casa&#8221;"},"content":{"rendered":"<p>Alla luce della crescente <strong>emergenza casa<\/strong>, anche la <strong>Diocesi di Trento<\/strong> scende in campo a <strong>sostegno<\/strong> del progetto <strong>LocAzione &#8211; Un patto per la casa<\/strong>. Si tratta di un\u2019alleanza di istituzioni pubbliche (ad oggi i Comuni di Trento, Rovereto, Ala e Cles), enti del terzo settore (tra cui Atas e Casa Padre Angelo) e imprese private che si fa garante per offrire incentivi, tutele e garanzie a chi affitta la casa.<\/p>\n<p>Affittare la casa pu\u00f2 essere spesso una decisione scoraggiante soprattutto quando si tratta di affidare a estranei il proprio bene. \u00c8 naturale che i proprietari si sentano preoccupati per i potenziali rischi e le incertezze che ne possono derivare, al punto di scegliere spesso di lasciare le case vuote. Sono per\u00f2 le case abitate che fanno vivere i centri storici, i quartieri, i paesi e le valli. Che altrimenti diventano aridi di relazioni e gradualmente si spopolano.<\/p>\n<h5><img loading=\"lazy\" decoding=\"async\" class=\" wp-image-14712 alignleft\" src=\"https:\/\/www.diocesitn.it\/wp-content\/uploads\/sites\/37\/2024\/03\/LocAzione-foto-300x139.jpg\" alt=\"\" width=\"352\" height=\"163\" srcset=\"https:\/\/www.diocesitn.it\/area-testimonianza\/wp-content\/uploads\/sites\/37\/2024\/03\/LocAzione-foto-300x139.jpg 300w, https:\/\/www.diocesitn.it\/area-testimonianza\/wp-content\/uploads\/sites\/37\/2024\/03\/LocAzione-foto-768x357.jpg 768w, https:\/\/www.diocesitn.it\/area-testimonianza\/wp-content\/uploads\/sites\/37\/2024\/03\/LocAzione-foto-360x167.jpg 360w, https:\/\/www.diocesitn.it\/area-testimonianza\/wp-content\/uploads\/sites\/37\/2024\/03\/LocAzione-foto-800x371.jpg 800w, https:\/\/www.diocesitn.it\/area-testimonianza\/wp-content\/uploads\/sites\/37\/2024\/03\/LocAzione-foto.jpg 842w\" sizes=\"auto, (max-width: 352px) 100vw, 352px\" \/><strong>LocAzione, ecco cosa offre\u00a0<\/strong><\/h5>\n<p>LocAzione garantisce tra l\u2019altro:<br \/>\n\u2022 valutazione del curriculum abitativo dell\u2019inquilino (reddito, referenze, garanzie, storico alloggiativo);<br \/>\n\u2022 formazione degli inquilini sui temi dell\u2019educazione all\u2019abitare (contratti di locazione, raccolta differenziata, regolamento condominiale, gestione bilancio familiare, ecc.);<br \/>\n\u2022 supporto in casa degli inquilini dopo la stipula del contratto di locazione e monitoraggio della gestione alloggio, rapporti di vicinato, rispetto degli accordi contrattuali;<br \/>\n\u2022 eventuale garanzia economica a copertura del deposito cauzionale;<br \/>\n\u2022 risorse umane per lavori di ripristino e sistemazione degli alloggi prima della locazione;<\/p>\n<p>Al <strong><a href=\"https:\/\/www.progettolocazione.it\/\">portale web dedicato <\/a><\/strong>\u00e8 possibile comprendere meglio il progetto <strong>LocAzione &#8211; Un patto per la casa<\/strong>.<\/p>\n<p>La Chiesa trentina lo vuole sostenere, facendolo anzitutto conoscere nei centri urbani dove finora \u00e8 stato avviato.\u00a0Per questo \u00e8 stata chiesta ai parroci e alle comunit\u00e0 una prima collaborazione nel far conoscere le opportunit\u00e0 legate al progetto LocAzione, valorizzando a tale scopo i momenti comunitari pi\u00f9 adatti.<\/p>\n<p>Al progetto LocAzione \u00e8 dedicato un ampio servizio sull&#8217;ultimo numero del settimanale <strong>Vita Trentina <\/strong>in uscita <strong>gioved\u00ec 7 marzo<\/strong>.<\/p>\n","protected":false},"excerpt":{"rendered":"<p>Alla luce della crescente emergenza casa, anche la Diocesi di Trento scende in campo a sostegno del progetto LocAzione &#8211; Un patto per la casa. Si tratta di un\u2019alleanza di istituzioni pubbliche (ad oggi i<\/p>\n","protected":false},"author":3,"featured_media":14711,"comment_status":"closed","ping_status":"closed","sticky":false,"template":"","format":"standard","meta":{"footnotes":""},"categories":[1059,1074],"tags":[2234,1489,2235],"class_list":["post-14710","post","type-post","status-publish","format-standard","has-post-thumbnail","hentry","category-servizio-caritas","category-notizie","tag-casa","tag-emergenza","tag-progetto-locazione"],"acf":{"seed-localization-paese-cod":"IT","seed-localization-address":"","seed-localization-citta":"Trento","seed-localization-regione-cod-istat":"04","seed-localization-citta-cod-istat":"022205","seed-localization-localita":"","seed-localization-cap":"","seed-localization-marker-visibility":false,"seed-localization-children-visibility":false,"seed-localization-kml":"","seed-localization-custom-marker":""},"yoast_head":"<!-- This site is optimized with the Yoast SEO Premium plugin v20.2.1 (Yoast SEO v22.2) - https:\/\/yoast.com\/wordpress\/plugins\/seo\/ -->\n<title>progetto LocAzione, anche la Diocesi lo sostiene<\/title>\n<meta name=\"description\" content=\"Emergenza casa, anche la Diocesi sostiene il progetto &quot;LocAzione. Un patto per la casa&quot;, alleanza pubblica, del terzo settore e dei privati\" \/>\n<meta name=\"robots\" content=\"index, follow, max-snippet:-1, max-image-preview:large, max-video-preview:-1\" \/>\n<link rel=\"canonical\" href=\"https:\/\/www.diocesitn.it\/area-testimonianza\/2024\/03\/08\/emergenza-casa-anche-la-diocesi-sostiene-il-progetto-locazione-un-patto-per-la-casa\/\" \/>\n<meta property=\"og:locale\" content=\"it_IT\" \/>\n<meta property=\"og:type\" content=\"article\" \/>\n<meta property=\"og:title\" content=\"Emergenza casa, anche la Diocesi sostiene il progetto &quot;LocAzione. Un patto per la casa&quot;\" \/>\n<meta property=\"og:description\" content=\"Emergenza casa, anche la Diocesi sostiene il progetto &quot;LocAzione. Un patto per la casa&quot;, alleanza pubblica, del terzo settore e dei privati\" \/>\n<meta property=\"og:url\" content=\"https:\/\/www.diocesitn.it\/area-testimonianza\/2024\/03\/08\/emergenza-casa-anche-la-diocesi-sostiene-il-progetto-locazione-un-patto-per-la-casa\/\" \/>\n<meta property=\"og:site_name\" content=\"Testimonianza e Impegno sociale\" \/>\n<meta property=\"article:published_time\" content=\"2024-03-08T11:06:21+00:00\" \/>\n<meta property=\"article:modified_time\" content=\"2024-11-14T10:25:14+00:00\" \/>\n<meta property=\"og:image\" content=\"https:\/\/www.diocesitn.it\/area-testimonianza\/wp-content\/uploads\/sites\/37\/2024\/03\/1691413951926-e1709895741994.jpg\" \/>\n\t<meta property=\"og:image:width\" content=\"900\" \/>\n\t<meta property=\"og:image:height\" content=\"675\" \/>\n\t<meta property=\"og:image:type\" content=\"image\/jpeg\" \/>\n<meta name=\"author\" content=\"Piergiorgio Franceschini\" \/>\n<meta name=\"twitter:card\" content=\"summary_large_image\" \/>\n<meta name=\"twitter:label1\" content=\"Scritto da\" \/>\n\t<meta name=\"twitter:data1\" content=\"Piergiorgio Franceschini\" \/>\n\t<meta name=\"twitter:label2\" content=\"Tempo di lettura stimato\" \/>\n\t<meta name=\"twitter:data2\" content=\"2 minuti\" \/>\n<script type=\"application\/ld+json\" class=\"yoast-schema-graph\">{\"@context\":\"https:\/\/schema.org\",\"@graph\":[{\"@type\":\"Article\",\"@id\":\"https:\/\/www.diocesitn.it\/area-testimonianza\/2024\/03\/08\/emergenza-casa-anche-la-diocesi-sostiene-il-progetto-locazione-un-patto-per-la-casa\/#article\",\"isPartOf\":{\"@id\":\"https:\/\/www.diocesitn.it\/area-testimonianza\/2024\/03\/08\/emergenza-casa-anche-la-diocesi-sostiene-il-progetto-locazione-un-patto-per-la-casa\/\"},\"author\":{\"name\":\"Piergiorgio Franceschini\",\"@id\":\"https:\/\/www.diocesitn.it\/area-testimonianza\/#\/schema\/person\/99590c84577873a025247b6aeb16ad2e\"},\"headline\":\"Emergenza casa, anche la Diocesi sostiene il progetto &#8220;LocAzione. Un patto per la casa&#8221;\",\"datePublished\":\"2024-03-08T11:06:21+00:00\",\"dateModified\":\"2024-11-14T10:25:14+00:00\",\"mainEntityOfPage\":{\"@id\":\"https:\/\/www.diocesitn.it\/area-testimonianza\/2024\/03\/08\/emergenza-casa-anche-la-diocesi-sostiene-il-progetto-locazione-un-patto-per-la-casa\/\"},\"wordCount\":326,\"publisher\":{\"@id\":\"https:\/\/www.diocesitn.it\/area-testimonianza\/#organization\"},\"image\":{\"@id\":\"https:\/\/www.diocesitn.it\/area-testimonianza\/2024\/03\/08\/emergenza-casa-anche-la-diocesi-sostiene-il-progetto-locazione-un-patto-per-la-casa\/#primaryimage\"},\"thumbnailUrl\":\"https:\/\/www.diocesitn.it\/area-testimonianza\/wp-content\/uploads\/sites\/37\/2024\/03\/1691413951926-e1709895741994.jpg\",\"keywords\":[\"casa\",\"emergenza\",\"progetto LocAzione\"],\"articleSection\":[\"Caritas diocesana\",\"Notizie\"],\"inLanguage\":\"it-IT\",\"copyrightYear\":\"2024\",\"copyrightHolder\":{\"@id\":\"https:\/\/www.diocesitn.it\/#organization\"}},{\"@type\":\"WebPage\",\"@id\":\"https:\/\/www.diocesitn.it\/area-testimonianza\/2024\/03\/08\/emergenza-casa-anche-la-diocesi-sostiene-il-progetto-locazione-un-patto-per-la-casa\/\",\"url\":\"https:\/\/www.diocesitn.it\/area-testimonianza\/2024\/03\/08\/emergenza-casa-anche-la-diocesi-sostiene-il-progetto-locazione-un-patto-per-la-casa\/\",\"name\":\"progetto LocAzione, anche la Diocesi lo sostiene\",\"isPartOf\":{\"@id\":\"https:\/\/www.diocesitn.it\/area-testimonianza\/#website\"},\"primaryImageOfPage\":{\"@id\":\"https:\/\/www.diocesitn.it\/area-testimonianza\/2024\/03\/08\/emergenza-casa-anche-la-diocesi-sostiene-il-progetto-locazione-un-patto-per-la-casa\/#primaryimage\"},\"image\":{\"@id\":\"https:\/\/www.diocesitn.it\/area-testimonianza\/2024\/03\/08\/emergenza-casa-anche-la-diocesi-sostiene-il-progetto-locazione-un-patto-per-la-casa\/#primaryimage\"},\"thumbnailUrl\":\"https:\/\/www.diocesitn.it\/area-testimonianza\/wp-content\/uploads\/sites\/37\/2024\/03\/1691413951926-e1709895741994.jpg\",\"datePublished\":\"2024-03-08T11:06:21+00:00\",\"dateModified\":\"2024-11-14T10:25:14+00:00\",\"description\":\"Emergenza casa, anche la Diocesi sostiene il progetto \\\"LocAzione. Un patto per la casa\\\", alleanza pubblica, del terzo settore e dei privati\",\"breadcrumb\":{\"@id\":\"https:\/\/www.diocesitn.it\/area-testimonianza\/2024\/03\/08\/emergenza-casa-anche-la-diocesi-sostiene-il-progetto-locazione-un-patto-per-la-casa\/#breadcrumb\"},\"inLanguage\":\"it-IT\",\"potentialAction\":[{\"@type\":\"ReadAction\",\"target\":[\"https:\/\/www.diocesitn.it\/area-testimonianza\/2024\/03\/08\/emergenza-casa-anche-la-diocesi-sostiene-il-progetto-locazione-un-patto-per-la-casa\/\"]}]},{\"@type\":\"ImageObject\",\"inLanguage\":\"it-IT\",\"@id\":\"https:\/\/www.diocesitn.it\/area-testimonianza\/2024\/03\/08\/emergenza-casa-anche-la-diocesi-sostiene-il-progetto-locazione-un-patto-per-la-casa\/#primaryimage\",\"url\":\"https:\/\/www.diocesitn.it\/area-testimonianza\/wp-content\/uploads\/sites\/37\/2024\/03\/1691413951926-e1709895741994.jpg\",\"contentUrl\":\"https:\/\/www.diocesitn.it\/area-testimonianza\/wp-content\/uploads\/sites\/37\/2024\/03\/1691413951926-e1709895741994.jpg\",\"width\":900,\"height\":675},{\"@type\":\"BreadcrumbList\",\"@id\":\"https:\/\/www.diocesitn.it\/area-testimonianza\/2024\/03\/08\/emergenza-casa-anche-la-diocesi-sostiene-il-progetto-locazione-un-patto-per-la-casa\/#breadcrumb\",\"itemListElement\":[{\"@type\":\"ListItem\",\"position\":1,\"name\":\"Home\",\"item\":\"https:\/\/www.diocesitn.it\/area-testimonianza\/\"},{\"@type\":\"ListItem\",\"position\":2,\"name\":\"Emergenza casa, anche la Diocesi sostiene il progetto &#8220;LocAzione. Un patto per la casa&#8221;\"}]},{\"@type\":\"WebSite\",\"@id\":\"https:\/\/www.diocesitn.it\/area-testimonianza\/#website\",\"url\":\"https:\/\/www.diocesitn.it\/area-testimonianza\/\",\"name\":\"Testimonianza e Impegno sociale\",\"description\":\"Chiesa di Trento\",\"publisher\":{\"@id\":\"https:\/\/www.diocesitn.it\/area-testimonianza\/#organization\"},\"potentialAction\":[{\"@type\":\"SearchAction\",\"target\":{\"@type\":\"EntryPoint\",\"urlTemplate\":\"https:\/\/www.diocesitn.it\/area-testimonianza\/?s={search_term_string}\"},\"query-input\":\"required name=search_term_string\"}],\"inLanguage\":\"it-IT\"},{\"@type\":[\"Organization\",\"Place\"],\"@id\":\"https:\/\/www.diocesitn.it\/area-testimonianza\/#organization\",\"name\":\"Area Testimonianza e Impegno Sociale - Chiesa di Trento\",\"url\":\"https:\/\/www.diocesitn.it\/area-testimonianza\/\",\"logo\":{\"@id\":\"https:\/\/www.diocesitn.it\/area-testimonianza\/2024\/03\/08\/emergenza-casa-anche-la-diocesi-sostiene-il-progetto-locazione-un-patto-per-la-casa\/#local-main-organization-logo\"},\"image\":{\"@id\":\"https:\/\/www.diocesitn.it\/area-testimonianza\/2024\/03\/08\/emergenza-casa-anche-la-diocesi-sostiene-il-progetto-locazione-un-patto-per-la-casa\/#local-main-organization-logo\"},\"openingHoursSpecification\":[{\"@type\":\"OpeningHoursSpecification\",\"dayOfWeek\":[\"Monday\",\"Tuesday\",\"Wednesday\",\"Thursday\",\"Friday\",\"Saturday\",\"Sunday\"],\"opens\":\"09:00\",\"closes\":\"17:00\"}]},{\"@type\":\"ImageObject\",\"inLanguage\":\"it-IT\",\"@id\":\"https:\/\/www.diocesitn.it\/area-testimonianza\/2024\/03\/08\/emergenza-casa-anche-la-diocesi-sostiene-il-progetto-locazione-un-patto-per-la-casa\/#local-main-organization-logo\",\"url\":\"https:\/\/www.diocesitn.it\/area-testimonianza\/wp-content\/uploads\/sites\/37\/2021\/09\/og-logo-testimonianza-e-impegno-sociale.jpg\",\"contentUrl\":\"https:\/\/www.diocesitn.it\/area-testimonianza\/wp-content\/uploads\/sites\/37\/2021\/09\/og-logo-testimonianza-e-impegno-sociale.jpg\",\"width\":1200,\"height\":630,\"caption\":\"Area Testimonianza e Impegno Sociale - Chiesa di Trento\"}]}<\/script>\n<!-- \/ Yoast SEO Premium plugin. -->","yoast_head_json":{"title":"progetto LocAzione, anche la Diocesi lo sostiene","description":"Emergenza casa, anche la Diocesi sostiene il progetto \"LocAzione. Un patto per la casa\", alleanza pubblica, del terzo settore e dei privati","robots":{"index":"index","follow":"follow","max-snippet":"max-snippet:-1","max-image-preview":"max-image-preview:large","max-video-preview":"max-video-preview:-1"},"canonical":"https:\/\/www.diocesitn.it\/area-testimonianza\/2024\/03\/08\/emergenza-casa-anche-la-diocesi-sostiene-il-progetto-locazione-un-patto-per-la-casa\/","og_locale":"it_IT","og_type":"article","og_title":"Emergenza casa, anche la Diocesi sostiene il progetto \"LocAzione. Un patto per la casa\"","og_description":"Emergenza casa, anche la Diocesi sostiene il progetto \"LocAzione. Un patto per la casa\", alleanza pubblica, del terzo settore e dei privati","og_url":"https:\/\/www.diocesitn.it\/area-testimonianza\/2024\/03\/08\/emergenza-casa-anche-la-diocesi-sostiene-il-progetto-locazione-un-patto-per-la-casa\/","og_site_name":"Testimonianza e Impegno sociale","article_published_time":"2024-03-08T11:06:21+00:00","article_modified_time":"2024-11-14T10:25:14+00:00","og_image":[{"width":900,"height":675,"url":"https:\/\/www.diocesitn.it\/area-testimonianza\/wp-content\/uploads\/sites\/37\/2024\/03\/1691413951926-e1709895741994.jpg","type":"image\/jpeg"}],"author":"Piergiorgio Franceschini","twitter_card":"summary_large_image","twitter_misc":{"Scritto da":"Piergiorgio Franceschini","Tempo di lettura stimato":"2 minuti"},"schema":{"@context":"https:\/\/schema.org","@graph":[{"@type":"Article","@id":"https:\/\/www.diocesitn.it\/area-testimonianza\/2024\/03\/08\/emergenza-casa-anche-la-diocesi-sostiene-il-progetto-locazione-un-patto-per-la-casa\/#article","isPartOf":{"@id":"https:\/\/www.diocesitn.it\/area-testimonianza\/2024\/03\/08\/emergenza-casa-anche-la-diocesi-sostiene-il-progetto-locazione-un-patto-per-la-casa\/"},"author":{"name":"Piergiorgio Franceschini","@id":"https:\/\/www.diocesitn.it\/area-testimonianza\/#\/schema\/person\/99590c84577873a025247b6aeb16ad2e"},"headline":"Emergenza casa, anche la Diocesi sostiene il progetto &#8220;LocAzione. Un patto per la casa&#8221;","datePublished":"2024-03-08T11:06:21+00:00","dateModified":"2024-11-14T10:25:14+00:00","mainEntityOfPage":{"@id":"https:\/\/www.diocesitn.it\/area-testimonianza\/2024\/03\/08\/emergenza-casa-anche-la-diocesi-sostiene-il-progetto-locazione-un-patto-per-la-casa\/"},"wordCount":326,"publisher":{"@id":"https:\/\/www.diocesitn.it\/area-testimonianza\/#organization"},"image":{"@id":"https:\/\/www.diocesitn.it\/area-testimonianza\/2024\/03\/08\/emergenza-casa-anche-la-diocesi-sostiene-il-progetto-locazione-un-patto-per-la-casa\/#primaryimage"},"thumbnailUrl":"https:\/\/www.diocesitn.it\/area-testimonianza\/wp-content\/uploads\/sites\/37\/2024\/03\/1691413951926-e1709895741994.jpg","keywords":["casa","emergenza","progetto LocAzione"],"articleSection":["Caritas diocesana","Notizie"],"inLanguage":"it-IT","copyrightYear":"2024","copyrightHolder":{"@id":"https:\/\/www.diocesitn.it\/#organization"}},{"@type":"WebPage","@id":"https:\/\/www.diocesitn.it\/area-testimonianza\/2024\/03\/08\/emergenza-casa-anche-la-diocesi-sostiene-il-progetto-locazione-un-patto-per-la-casa\/","url":"https:\/\/www.diocesitn.it\/area-testimonianza\/2024\/03\/08\/emergenza-casa-anche-la-diocesi-sostiene-il-progetto-locazione-un-patto-per-la-casa\/","name":"progetto LocAzione, anche la Diocesi lo sostiene","isPartOf":{"@id":"https:\/\/www.diocesitn.it\/area-testimonianza\/#website"},"primaryImageOfPage":{"@id":"https:\/\/www.diocesitn.it\/area-testimonianza\/2024\/03\/08\/emergenza-casa-anche-la-diocesi-sostiene-il-progetto-locazione-un-patto-per-la-casa\/#primaryimage"},"image":{"@id":"https:\/\/www.diocesitn.it\/area-testimonianza\/2024\/03\/08\/emergenza-casa-anche-la-diocesi-sostiene-il-progetto-locazione-un-patto-per-la-casa\/#primaryimage"},"thumbnailUrl":"https:\/\/www.diocesitn.it\/area-testimonianza\/wp-content\/uploads\/sites\/37\/2024\/03\/1691413951926-e1709895741994.jpg","datePublished":"2024-03-08T11:06:21+00:00","dateModified":"2024-11-14T10:25:14+00:00","description":"Emergenza casa, anche la Diocesi sostiene il progetto \"LocAzione. Un patto per la casa\", alleanza pubblica, del terzo settore e dei privati","breadcrumb":{"@id":"https:\/\/www.diocesitn.it\/area-testimonianza\/2024\/03\/08\/emergenza-casa-anche-la-diocesi-sostiene-il-progetto-locazione-un-patto-per-la-casa\/#breadcrumb"},"inLanguage":"it-IT","potentialAction":[{"@type":"ReadAction","target":["https:\/\/www.diocesitn.it\/area-testimonianza\/2024\/03\/08\/emergenza-casa-anche-la-diocesi-sostiene-il-progetto-locazione-un-patto-per-la-casa\/"]}]},{"@type":"ImageObject","inLanguage":"it-IT","@id":"https:\/\/www.diocesitn.it\/area-testimonianza\/2024\/03\/08\/emergenza-casa-anche-la-diocesi-sostiene-il-progetto-locazione-un-patto-per-la-casa\/#primaryimage","url":"https:\/\/www.diocesitn.it\/area-testimonianza\/wp-content\/uploads\/sites\/37\/2024\/03\/1691413951926-e1709895741994.jpg","contentUrl":"https:\/\/www.diocesitn.it\/area-testimonianza\/wp-content\/uploads\/sites\/37\/2024\/03\/1691413951926-e1709895741994.jpg","width":900,"height":675},{"@type":"BreadcrumbList","@id":"https:\/\/www.diocesitn.it\/area-testimonianza\/2024\/03\/08\/emergenza-casa-anche-la-diocesi-sostiene-il-progetto-locazione-un-patto-per-la-casa\/#breadcrumb","itemListElement":[{"@type":"ListItem","position":1,"name":"Home","item":"https:\/\/www.diocesitn.it\/area-testimonianza\/"},{"@type":"ListItem","position":2,"name":"Emergenza casa, anche la Diocesi sostiene il progetto &#8220;LocAzione. Un patto per la casa&#8221;"}]},{"@type":"WebSite","@id":"https:\/\/www.diocesitn.it\/area-testimonianza\/#website","url":"https:\/\/www.diocesitn.it\/area-testimonianza\/","name":"Testimonianza e Impegno sociale","description":"Chiesa di Trento","publisher":{"@id":"https:\/\/www.diocesitn.it\/area-testimonianza\/#organization"},"potentialAction":[{"@type":"SearchAction","target":{"@type":"EntryPoint","urlTemplate":"https:\/\/www.diocesitn.it\/area-testimonianza\/?s={search_term_string}"},"query-input":"required name=search_term_string"}],"inLanguage":"it-IT"},{"@type":["Organization","Place"],"@id":"https:\/\/www.diocesitn.it\/area-testimonianza\/#organization","name":"Area Testimonianza e Impegno Sociale - Chiesa di Trento","url":"https:\/\/www.diocesitn.it\/area-testimonianza\/","logo":{"@id":"https:\/\/www.diocesitn.it\/area-testimonianza\/2024\/03\/08\/emergenza-casa-anche-la-diocesi-sostiene-il-progetto-locazione-un-patto-per-la-casa\/#local-main-organization-logo"},"image":{"@id":"https:\/\/www.diocesitn.it\/area-testimonianza\/2024\/03\/08\/emergenza-casa-anche-la-diocesi-sostiene-il-progetto-locazione-un-patto-per-la-casa\/#local-main-organization-logo"},"openingHoursSpecification":[{"@type":"OpeningHoursSpecification","dayOfWeek":["Monday","Tuesday","Wednesday","Thursday","Friday","Saturday","Sunday"],"opens":"09:00","closes":"17:00"}]},{"@type":"ImageObject","inLanguage":"it-IT","@id":"https:\/\/www.diocesitn.it\/area-testimonianza\/2024\/03\/08\/emergenza-casa-anche-la-diocesi-sostiene-il-progetto-locazione-un-patto-per-la-casa\/#local-main-organization-logo","url":"https:\/\/www.diocesitn.it\/area-testimonianza\/wp-content\/uploads\/sites\/37\/2021\/09\/og-logo-testimonianza-e-impegno-sociale.jpg","contentUrl":"https:\/\/www.diocesitn.it\/area-testimonianza\/wp-content\/uploads\/sites\/37\/2021\/09\/og-logo-testimonianza-e-impegno-sociale.jpg","width":1200,"height":630,"caption":"Area Testimonianza e Impegno Sociale - Chiesa di Trento"}]}},"_links":{"self":[{"href":"https:\/\/www.diocesitn.it\/area-testimonianza\/wp-json\/wp\/v2\/posts\/14710","targetHints":{"allow":["GET"]}}],"collection":[{"href":"https:\/\/www.diocesitn.it\/area-testimonianza\/wp-json\/wp\/v2\/posts"}],"about":[{"href":"https:\/\/www.diocesitn.it\/area-testimonianza\/wp-json\/wp\/v2\/types\/post"}],"author":[{"embeddable":true,"href":"https:\/\/www.diocesitn.it\/area-testimonianza\/wp-json\/wp\/v2\/users\/3"}],"replies":[{"embeddable":true,"href":"https:\/\/www.diocesitn.it\/area-testimonianza\/wp-json\/wp\/v2\/comments?post=14710"}],"version-history":[{"count":1,"href":"https:\/\/www.diocesitn.it\/area-testimonianza\/wp-json\/wp\/v2\/posts\/14710\/revisions"}],"predecessor-version":[{"id":14714,"href":"https:\/\/www.diocesitn.it\/area-testimonianza\/wp-json\/wp\/v2\/posts\/14710\/revisions\/14714"}],"wp:featuredmedia":[{"embeddable":true,"href":"https:\/\/www.diocesitn.it\/area-testimonianza\/wp-json\/wp\/v2\/media\/14711"}],"wp:attachment":[{"href":"https:\/\/www.diocesitn.it\/area-testimonianza\/wp-json\/wp\/v2\/media?parent=14710"}],"wp:term":[{"taxonomy":"category","embeddable":true,"href":"https:\/\/www.diocesitn.it\/area-testimonianza\/wp-json\/wp\/v2\/categories?post=14710"},{"taxonomy":"post_tag","embeddable":true,"href":"https:\/\/www.diocesitn.it\/area-testimonianza\/wp-json\/wp\/v2\/tags?post=14710"}],"curies":[{"name":"wp","href":"https:\/\/api.w.org\/{rel}","templated":true}]}}