{"id":14649,"date":"2024-02-23T08:42:33","date_gmt":"2024-02-23T07:42:33","guid":{"rendered":"https:\/\/www.diocesitn.it\/area-testimonianza\/?p=14649"},"modified":"2025-02-20T11:00:25","modified_gmt":"2025-02-20T10:00:25","slug":"trento-in-piazza-per-la-pace-la-manifestazione-sabato-24-febbraio","status":"publish","type":"post","link":"https:\/\/www.diocesitn.it\/area-testimonianza\/2024\/02\/23\/trento-in-piazza-per-la-pace-la-manifestazione-sabato-24-febbraio\/","title":{"rendered":"Trento in piazza per la pace: la manifestazione sabato 24 febbraio"},"content":{"rendered":"<div class=\"text\">\n<p>Anche\u00a0<strong>Trento<\/strong>\u00a0risponde all\u2019appello di\u00a0<strong>Rete Italiana Pace e Disarmo, Europe for Peace e Coalizione Assisi Pace Giusta<\/strong>, e\u00a0<strong>sabato 24 febbraio<\/strong>, a due anni esatti dallo scoppio della guerra in Ucraina, grazie all\u2019impegno di\u00a0<strong>Forum Trentino per la pace e i diritti umani<\/strong>\u00a0con la collaborazione delle sezioni provinciali di\u00a0<strong>Acli, Arci, Anpi, Cgil Cisl e Uil<\/strong>, promuove una<strong>\u00a0manifestazione per la pace e il cessate il fuoco immediato in Ucraina e Palestina<\/strong>. L\u2019appuntamento \u00e8<strong>\u00a0alle 17 in piazza Duomo<\/strong>, da dove partir\u00e0 un corteo che percorrer\u00e0 le vie del centro storico si concluder\u00e0 ancora sotto la fontana del Nettuno.<\/p>\n<p>\u201cLa guerra \u00e8 tornata ad essere uno strumento di regolazione dei conflitti, mettendo\u00a0<strong>a rischio la sopravvivenza dell\u2019umanit\u00e0 e del pianeta<\/strong>. Ha preso corpo l\u2019idea che l\u2019ordine mondiale debba essere basato sullo scontro tra blocchi e non sulla collaborazione e la giustizia tra i popoli\u201d, si legge nell\u2019appello condiviso a livello nazionale dagli organizzatori.<\/p>\n<p>Il conflitto nel cuore dell\u2019Europa ha prodotto fino a questo momento\u00a0<strong>centinaia di migliaia di vittime, milioni di profughi<\/strong>. Drammatico \u00e8 lo scenario anche in\u00a0<strong>Palestina<\/strong>, dove dopo l\u2019atroce attacco di Hamas del 7 ottobre scorso, che ha provocato\u00a0<strong>1200 vittime e pi\u00f9 di 200 persone prese in ostaggio<\/strong>, con stupri di guerra sulle donne israeliane, si \u00e8 arrivati ad un durissimo assedio della Striscia di Gaza da parte del governo israeliano con bombardamenti a tappeto,\u00a0<strong>pi\u00f9 di 28000 palestinesi morti<\/strong>, inclusi bambini, donne e anziani, la distruzione di ospedali, scuole, presidi delle Nazioni Unite, il taglio dei rifornimenti di carburante, cibo, acqua, assistenza sanitaria. \u201cUna escalation di crimini di guerra, che condanniamo e che debbono essere fermati immediatamente per affrontare politicamente e culturalmente le cause che li hanno determinati, applicando il diritto internazionale, il diritto di autodeterminazione di entrambi i popoli, come riconosciuto dalle risoluzioni delle Nazioni Unite\u201d.<\/p>\n<p>A queste guerre se ne aggiungono altre nel mondo. Tutte fanno pagare il loro\u00a0<strong>prezzo alle popolazioni civili<\/strong>, anche quando se ne parla meno.\u00a0\u201cLa guerra non \u00e8 mai una soluzione e<strong>\u00a0l\u2019orrore non deve diventare un\u2019abitudine<\/strong>\u201d. Per questa ragione \u00e8 importante mobilitarsi per \u201c<strong>la pace, per il disarmo, per la nonviolenza<\/strong>\u201d. \u00c8 questa l\u2019unica strada per \u201caffrontare le sfide globali che abbiamo di fronte pena la distruzione dei diritti, della convivenza, delle democrazie e del pianeta\u201d.<\/p>\n<\/div>\n<div class=\"post-author\"><em>di\u00a0redazione VT<\/em><\/div>\n","protected":false},"excerpt":{"rendered":"<p>Anche\u00a0Trento\u00a0risponde all\u2019appello di\u00a0Rete Italiana Pace e Disarmo, Europe for Peace e Coalizione Assisi Pace Giusta, e\u00a0sabato 24 febbraio, a due anni esatti dallo scoppio della guerra in Ucraina, grazie all\u2019impegno di\u00a0Forum Trentino per la pace<\/p>\n","protected":false},"author":161,"featured_media":14650,"comment_status":"closed","ping_status":"closed","sticky":false,"template":"","format":"standard","meta":{"footnotes":""},"categories":[2206,1074],"tags":[2233,1317],"class_list":["post-14649","post","type-post","status-publish","format-standard","has-post-thumbnail","hentry","category-servizio-giustizia-e-pace","category-notizie","tag-forum-trentino-per-la-pace","tag-pace"],"acf":{"seed-localization-paese-cod":"IT","seed-localization-address":"","seed-localization-citta":"Trento","seed-localization-regione-cod-istat":"04","seed-localization-citta-cod-istat":"022205","seed-localization-localita":"","seed-localization-cap":"","seed-localization-marker-visibility":false,"seed-localization-children-visibility":false,"seed-localization-kml":"","seed-localization-custom-marker":""},"yoast_head":"<!-- This site is optimized with the Yoast SEO Premium plugin v20.2.1 (Yoast SEO v22.2) - https:\/\/yoast.com\/wordpress\/plugins\/seo\/ -->\n<title>Trento in piazza per la pace: la manifestazione sabato 24 febbraio - Testimonianza e Impegno sociale<\/title>\n<meta name=\"robots\" content=\"index, follow, max-snippet:-1, max-image-preview:large, max-video-preview:-1\" \/>\n<link rel=\"canonical\" href=\"https:\/\/www.diocesitn.it\/area-testimonianza\/2024\/02\/23\/trento-in-piazza-per-la-pace-la-manifestazione-sabato-24-febbraio\/\" \/>\n<meta property=\"og:locale\" content=\"it_IT\" \/>\n<meta property=\"og:type\" content=\"article\" \/>\n<meta property=\"og:title\" content=\"Trento in piazza per la pace: la manifestazione sabato 24 febbraio\" \/>\n<meta property=\"og:description\" content=\"Anche\u00a0Trento\u00a0risponde all\u2019appello di\u00a0Rete Italiana Pace e Disarmo, Europe for Peace e Coalizione Assisi Pace Giusta, e\u00a0sabato 24 febbraio, a due anni esatti dallo scoppio della guerra in Ucraina, grazie all\u2019impegno di\u00a0Forum Trentino per la pace\" \/>\n<meta property=\"og:url\" content=\"https:\/\/www.diocesitn.it\/area-testimonianza\/2024\/02\/23\/trento-in-piazza-per-la-pace-la-manifestazione-sabato-24-febbraio\/\" \/>\n<meta property=\"og:site_name\" content=\"Testimonianza e Impegno sociale\" \/>\n<meta property=\"article:published_time\" content=\"2024-02-23T07:42:33+00:00\" \/>\n<meta property=\"article:modified_time\" content=\"2025-02-20T10:00:25+00:00\" \/>\n<meta property=\"og:image\" content=\"https:\/\/www.diocesitn.it\/area-testimonianza\/wp-content\/uploads\/sites\/37\/2024\/02\/Pace-2.jpg\" \/>\n\t<meta property=\"og:image:width\" content=\"2048\" \/>\n\t<meta property=\"og:image:height\" content=\"1538\" \/>\n\t<meta property=\"og:image:type\" content=\"image\/jpeg\" \/>\n<meta name=\"author\" content=\"smaule\" \/>\n<meta name=\"twitter:card\" content=\"summary_large_image\" \/>\n<meta name=\"twitter:label1\" content=\"Scritto da\" \/>\n\t<meta name=\"twitter:data1\" content=\"smaule\" \/>\n\t<meta name=\"twitter:label2\" content=\"Tempo di lettura stimato\" \/>\n\t<meta name=\"twitter:data2\" content=\"3 minuti\" \/>\n<script type=\"application\/ld+json\" class=\"yoast-schema-graph\">{\"@context\":\"https:\/\/schema.org\",\"@graph\":[{\"@type\":\"Article\",\"@id\":\"https:\/\/www.diocesitn.it\/area-testimonianza\/2024\/02\/23\/trento-in-piazza-per-la-pace-la-manifestazione-sabato-24-febbraio\/#article\",\"isPartOf\":{\"@id\":\"https:\/\/www.diocesitn.it\/area-testimonianza\/2024\/02\/23\/trento-in-piazza-per-la-pace-la-manifestazione-sabato-24-febbraio\/\"},\"author\":{\"name\":\"smaule\",\"@id\":\"https:\/\/www.diocesitn.it\/area-testimonianza\/#\/schema\/person\/bac489aafb7f98c1ca25f76c27174a95\"},\"headline\":\"Trento in piazza per la pace: la manifestazione sabato 24 febbraio\",\"datePublished\":\"2024-02-23T07:42:33+00:00\",\"dateModified\":\"2025-02-20T10:00:25+00:00\",\"mainEntityOfPage\":{\"@id\":\"https:\/\/www.diocesitn.it\/area-testimonianza\/2024\/02\/23\/trento-in-piazza-per-la-pace-la-manifestazione-sabato-24-febbraio\/\"},\"wordCount\":393,\"publisher\":{\"@id\":\"https:\/\/www.diocesitn.it\/area-testimonianza\/#organization\"},\"image\":{\"@id\":\"https:\/\/www.diocesitn.it\/area-testimonianza\/2024\/02\/23\/trento-in-piazza-per-la-pace-la-manifestazione-sabato-24-febbraio\/#primaryimage\"},\"thumbnailUrl\":\"https:\/\/www.diocesitn.it\/area-testimonianza\/wp-content\/uploads\/sites\/37\/2024\/02\/Pace-2.jpg\",\"keywords\":[\"forum trentino per la pace\",\"pace\"],\"articleSection\":[\"Giustizia e pace\",\"Notizie\"],\"inLanguage\":\"it-IT\",\"copyrightYear\":\"2024\",\"copyrightHolder\":{\"@id\":\"https:\/\/www.diocesitn.it\/#organization\"}},{\"@type\":\"WebPage\",\"@id\":\"https:\/\/www.diocesitn.it\/area-testimonianza\/2024\/02\/23\/trento-in-piazza-per-la-pace-la-manifestazione-sabato-24-febbraio\/\",\"url\":\"https:\/\/www.diocesitn.it\/area-testimonianza\/2024\/02\/23\/trento-in-piazza-per-la-pace-la-manifestazione-sabato-24-febbraio\/\",\"name\":\"Trento in piazza per la pace: la manifestazione sabato 24 febbraio - Testimonianza e Impegno sociale\",\"isPartOf\":{\"@id\":\"https:\/\/www.diocesitn.it\/area-testimonianza\/#website\"},\"primaryImageOfPage\":{\"@id\":\"https:\/\/www.diocesitn.it\/area-testimonianza\/2024\/02\/23\/trento-in-piazza-per-la-pace-la-manifestazione-sabato-24-febbraio\/#primaryimage\"},\"image\":{\"@id\":\"https:\/\/www.diocesitn.it\/area-testimonianza\/2024\/02\/23\/trento-in-piazza-per-la-pace-la-manifestazione-sabato-24-febbraio\/#primaryimage\"},\"thumbnailUrl\":\"https:\/\/www.diocesitn.it\/area-testimonianza\/wp-content\/uploads\/sites\/37\/2024\/02\/Pace-2.jpg\",\"datePublished\":\"2024-02-23T07:42:33+00:00\",\"dateModified\":\"2025-02-20T10:00:25+00:00\",\"breadcrumb\":{\"@id\":\"https:\/\/www.diocesitn.it\/area-testimonianza\/2024\/02\/23\/trento-in-piazza-per-la-pace-la-manifestazione-sabato-24-febbraio\/#breadcrumb\"},\"inLanguage\":\"it-IT\",\"potentialAction\":[{\"@type\":\"ReadAction\",\"target\":[\"https:\/\/www.diocesitn.it\/area-testimonianza\/2024\/02\/23\/trento-in-piazza-per-la-pace-la-manifestazione-sabato-24-febbraio\/\"]}]},{\"@type\":\"ImageObject\",\"inLanguage\":\"it-IT\",\"@id\":\"https:\/\/www.diocesitn.it\/area-testimonianza\/2024\/02\/23\/trento-in-piazza-per-la-pace-la-manifestazione-sabato-24-febbraio\/#primaryimage\",\"url\":\"https:\/\/www.diocesitn.it\/area-testimonianza\/wp-content\/uploads\/sites\/37\/2024\/02\/Pace-2.jpg\",\"contentUrl\":\"https:\/\/www.diocesitn.it\/area-testimonianza\/wp-content\/uploads\/sites\/37\/2024\/02\/Pace-2.jpg\",\"width\":2048,\"height\":1538},{\"@type\":\"BreadcrumbList\",\"@id\":\"https:\/\/www.diocesitn.it\/area-testimonianza\/2024\/02\/23\/trento-in-piazza-per-la-pace-la-manifestazione-sabato-24-febbraio\/#breadcrumb\",\"itemListElement\":[{\"@type\":\"ListItem\",\"position\":1,\"name\":\"Home\",\"item\":\"https:\/\/www.diocesitn.it\/area-testimonianza\/\"},{\"@type\":\"ListItem\",\"position\":2,\"name\":\"Trento in piazza per la pace: la manifestazione sabato 24 febbraio\"}]},{\"@type\":\"WebSite\",\"@id\":\"https:\/\/www.diocesitn.it\/area-testimonianza\/#website\",\"url\":\"https:\/\/www.diocesitn.it\/area-testimonianza\/\",\"name\":\"Testimonianza e Impegno sociale\",\"description\":\"Chiesa di Trento\",\"publisher\":{\"@id\":\"https:\/\/www.diocesitn.it\/area-testimonianza\/#organization\"},\"potentialAction\":[{\"@type\":\"SearchAction\",\"target\":{\"@type\":\"EntryPoint\",\"urlTemplate\":\"https:\/\/www.diocesitn.it\/area-testimonianza\/?s={search_term_string}\"},\"query-input\":\"required name=search_term_string\"}],\"inLanguage\":\"it-IT\"},{\"@type\":[\"Organization\",\"Place\"],\"@id\":\"https:\/\/www.diocesitn.it\/area-testimonianza\/#organization\",\"name\":\"Area Testimonianza e Impegno Sociale - Chiesa di Trento\",\"url\":\"https:\/\/www.diocesitn.it\/area-testimonianza\/\",\"logo\":{\"@id\":\"https:\/\/www.diocesitn.it\/area-testimonianza\/2024\/02\/23\/trento-in-piazza-per-la-pace-la-manifestazione-sabato-24-febbraio\/#local-main-organization-logo\"},\"image\":{\"@id\":\"https:\/\/www.diocesitn.it\/area-testimonianza\/2024\/02\/23\/trento-in-piazza-per-la-pace-la-manifestazione-sabato-24-febbraio\/#local-main-organization-logo\"},\"openingHoursSpecification\":[{\"@type\":\"OpeningHoursSpecification\",\"dayOfWeek\":[\"Monday\",\"Tuesday\",\"Wednesday\",\"Thursday\",\"Friday\",\"Saturday\",\"Sunday\"],\"opens\":\"09:00\",\"closes\":\"17:00\"}]},{\"@type\":\"ImageObject\",\"inLanguage\":\"it-IT\",\"@id\":\"https:\/\/www.diocesitn.it\/area-testimonianza\/2024\/02\/23\/trento-in-piazza-per-la-pace-la-manifestazione-sabato-24-febbraio\/#local-main-organization-logo\",\"url\":\"https:\/\/www.diocesitn.it\/area-testimonianza\/wp-content\/uploads\/sites\/37\/2021\/09\/og-logo-testimonianza-e-impegno-sociale.jpg\",\"contentUrl\":\"https:\/\/www.diocesitn.it\/area-testimonianza\/wp-content\/uploads\/sites\/37\/2021\/09\/og-logo-testimonianza-e-impegno-sociale.jpg\",\"width\":1200,\"height\":630,\"caption\":\"Area Testimonianza e Impegno Sociale - Chiesa di Trento\"}]}<\/script>\n<!-- \/ Yoast SEO Premium plugin. -->","yoast_head_json":{"title":"Trento in piazza per la pace: la manifestazione sabato 24 febbraio - Testimonianza e Impegno sociale","robots":{"index":"index","follow":"follow","max-snippet":"max-snippet:-1","max-image-preview":"max-image-preview:large","max-video-preview":"max-video-preview:-1"},"canonical":"https:\/\/www.diocesitn.it\/area-testimonianza\/2024\/02\/23\/trento-in-piazza-per-la-pace-la-manifestazione-sabato-24-febbraio\/","og_locale":"it_IT","og_type":"article","og_title":"Trento in piazza per la pace: la manifestazione sabato 24 febbraio","og_description":"Anche\u00a0Trento\u00a0risponde all\u2019appello di\u00a0Rete Italiana Pace e Disarmo, Europe for Peace e Coalizione Assisi Pace Giusta, e\u00a0sabato 24 febbraio, a due anni esatti dallo scoppio della guerra in Ucraina, grazie all\u2019impegno di\u00a0Forum Trentino per la pace","og_url":"https:\/\/www.diocesitn.it\/area-testimonianza\/2024\/02\/23\/trento-in-piazza-per-la-pace-la-manifestazione-sabato-24-febbraio\/","og_site_name":"Testimonianza e Impegno sociale","article_published_time":"2024-02-23T07:42:33+00:00","article_modified_time":"2025-02-20T10:00:25+00:00","og_image":[{"width":2048,"height":1538,"url":"https:\/\/www.diocesitn.it\/area-testimonianza\/wp-content\/uploads\/sites\/37\/2024\/02\/Pace-2.jpg","type":"image\/jpeg"}],"author":"smaule","twitter_card":"summary_large_image","twitter_misc":{"Scritto da":"smaule","Tempo di lettura stimato":"3 minuti"},"schema":{"@context":"https:\/\/schema.org","@graph":[{"@type":"Article","@id":"https:\/\/www.diocesitn.it\/area-testimonianza\/2024\/02\/23\/trento-in-piazza-per-la-pace-la-manifestazione-sabato-24-febbraio\/#article","isPartOf":{"@id":"https:\/\/www.diocesitn.it\/area-testimonianza\/2024\/02\/23\/trento-in-piazza-per-la-pace-la-manifestazione-sabato-24-febbraio\/"},"author":{"name":"smaule","@id":"https:\/\/www.diocesitn.it\/area-testimonianza\/#\/schema\/person\/bac489aafb7f98c1ca25f76c27174a95"},"headline":"Trento in piazza per la pace: la manifestazione sabato 24 febbraio","datePublished":"2024-02-23T07:42:33+00:00","dateModified":"2025-02-20T10:00:25+00:00","mainEntityOfPage":{"@id":"https:\/\/www.diocesitn.it\/area-testimonianza\/2024\/02\/23\/trento-in-piazza-per-la-pace-la-manifestazione-sabato-24-febbraio\/"},"wordCount":393,"publisher":{"@id":"https:\/\/www.diocesitn.it\/area-testimonianza\/#organization"},"image":{"@id":"https:\/\/www.diocesitn.it\/area-testimonianza\/2024\/02\/23\/trento-in-piazza-per-la-pace-la-manifestazione-sabato-24-febbraio\/#primaryimage"},"thumbnailUrl":"https:\/\/www.diocesitn.it\/area-testimonianza\/wp-content\/uploads\/sites\/37\/2024\/02\/Pace-2.jpg","keywords":["forum trentino per la pace","pace"],"articleSection":["Giustizia e pace","Notizie"],"inLanguage":"it-IT","copyrightYear":"2024","copyrightHolder":{"@id":"https:\/\/www.diocesitn.it\/#organization"}},{"@type":"WebPage","@id":"https:\/\/www.diocesitn.it\/area-testimonianza\/2024\/02\/23\/trento-in-piazza-per-la-pace-la-manifestazione-sabato-24-febbraio\/","url":"https:\/\/www.diocesitn.it\/area-testimonianza\/2024\/02\/23\/trento-in-piazza-per-la-pace-la-manifestazione-sabato-24-febbraio\/","name":"Trento in piazza per la pace: la manifestazione sabato 24 febbraio - Testimonianza e Impegno sociale","isPartOf":{"@id":"https:\/\/www.diocesitn.it\/area-testimonianza\/#website"},"primaryImageOfPage":{"@id":"https:\/\/www.diocesitn.it\/area-testimonianza\/2024\/02\/23\/trento-in-piazza-per-la-pace-la-manifestazione-sabato-24-febbraio\/#primaryimage"},"image":{"@id":"https:\/\/www.diocesitn.it\/area-testimonianza\/2024\/02\/23\/trento-in-piazza-per-la-pace-la-manifestazione-sabato-24-febbraio\/#primaryimage"},"thumbnailUrl":"https:\/\/www.diocesitn.it\/area-testimonianza\/wp-content\/uploads\/sites\/37\/2024\/02\/Pace-2.jpg","datePublished":"2024-02-23T07:42:33+00:00","dateModified":"2025-02-20T10:00:25+00:00","breadcrumb":{"@id":"https:\/\/www.diocesitn.it\/area-testimonianza\/2024\/02\/23\/trento-in-piazza-per-la-pace-la-manifestazione-sabato-24-febbraio\/#breadcrumb"},"inLanguage":"it-IT","potentialAction":[{"@type":"ReadAction","target":["https:\/\/www.diocesitn.it\/area-testimonianza\/2024\/02\/23\/trento-in-piazza-per-la-pace-la-manifestazione-sabato-24-febbraio\/"]}]},{"@type":"ImageObject","inLanguage":"it-IT","@id":"https:\/\/www.diocesitn.it\/area-testimonianza\/2024\/02\/23\/trento-in-piazza-per-la-pace-la-manifestazione-sabato-24-febbraio\/#primaryimage","url":"https:\/\/www.diocesitn.it\/area-testimonianza\/wp-content\/uploads\/sites\/37\/2024\/02\/Pace-2.jpg","contentUrl":"https:\/\/www.diocesitn.it\/area-testimonianza\/wp-content\/uploads\/sites\/37\/2024\/02\/Pace-2.jpg","width":2048,"height":1538},{"@type":"BreadcrumbList","@id":"https:\/\/www.diocesitn.it\/area-testimonianza\/2024\/02\/23\/trento-in-piazza-per-la-pace-la-manifestazione-sabato-24-febbraio\/#breadcrumb","itemListElement":[{"@type":"ListItem","position":1,"name":"Home","item":"https:\/\/www.diocesitn.it\/area-testimonianza\/"},{"@type":"ListItem","position":2,"name":"Trento in piazza per la pace: la manifestazione sabato 24 febbraio"}]},{"@type":"WebSite","@id":"https:\/\/www.diocesitn.it\/area-testimonianza\/#website","url":"https:\/\/www.diocesitn.it\/area-testimonianza\/","name":"Testimonianza e Impegno sociale","description":"Chiesa di Trento","publisher":{"@id":"https:\/\/www.diocesitn.it\/area-testimonianza\/#organization"},"potentialAction":[{"@type":"SearchAction","target":{"@type":"EntryPoint","urlTemplate":"https:\/\/www.diocesitn.it\/area-testimonianza\/?s={search_term_string}"},"query-input":"required name=search_term_string"}],"inLanguage":"it-IT"},{"@type":["Organization","Place"],"@id":"https:\/\/www.diocesitn.it\/area-testimonianza\/#organization","name":"Area Testimonianza e Impegno Sociale - Chiesa di Trento","url":"https:\/\/www.diocesitn.it\/area-testimonianza\/","logo":{"@id":"https:\/\/www.diocesitn.it\/area-testimonianza\/2024\/02\/23\/trento-in-piazza-per-la-pace-la-manifestazione-sabato-24-febbraio\/#local-main-organization-logo"},"image":{"@id":"https:\/\/www.diocesitn.it\/area-testimonianza\/2024\/02\/23\/trento-in-piazza-per-la-pace-la-manifestazione-sabato-24-febbraio\/#local-main-organization-logo"},"openingHoursSpecification":[{"@type":"OpeningHoursSpecification","dayOfWeek":["Monday","Tuesday","Wednesday","Thursday","Friday","Saturday","Sunday"],"opens":"09:00","closes":"17:00"}]},{"@type":"ImageObject","inLanguage":"it-IT","@id":"https:\/\/www.diocesitn.it\/area-testimonianza\/2024\/02\/23\/trento-in-piazza-per-la-pace-la-manifestazione-sabato-24-febbraio\/#local-main-organization-logo","url":"https:\/\/www.diocesitn.it\/area-testimonianza\/wp-content\/uploads\/sites\/37\/2021\/09\/og-logo-testimonianza-e-impegno-sociale.jpg","contentUrl":"https:\/\/www.diocesitn.it\/area-testimonianza\/wp-content\/uploads\/sites\/37\/2021\/09\/og-logo-testimonianza-e-impegno-sociale.jpg","width":1200,"height":630,"caption":"Area Testimonianza e Impegno Sociale - Chiesa di Trento"}]}},"_links":{"self":[{"href":"https:\/\/www.diocesitn.it\/area-testimonianza\/wp-json\/wp\/v2\/posts\/14649","targetHints":{"allow":["GET"]}}],"collection":[{"href":"https:\/\/www.diocesitn.it\/area-testimonianza\/wp-json\/wp\/v2\/posts"}],"about":[{"href":"https:\/\/www.diocesitn.it\/area-testimonianza\/wp-json\/wp\/v2\/types\/post"}],"author":[{"embeddable":true,"href":"https:\/\/www.diocesitn.it\/area-testimonianza\/wp-json\/wp\/v2\/users\/161"}],"replies":[{"embeddable":true,"href":"https:\/\/www.diocesitn.it\/area-testimonianza\/wp-json\/wp\/v2\/comments?post=14649"}],"version-history":[{"count":1,"href":"https:\/\/www.diocesitn.it\/area-testimonianza\/wp-json\/wp\/v2\/posts\/14649\/revisions"}],"predecessor-version":[{"id":14651,"href":"https:\/\/www.diocesitn.it\/area-testimonianza\/wp-json\/wp\/v2\/posts\/14649\/revisions\/14651"}],"wp:featuredmedia":[{"embeddable":true,"href":"https:\/\/www.diocesitn.it\/area-testimonianza\/wp-json\/wp\/v2\/media\/14650"}],"wp:attachment":[{"href":"https:\/\/www.diocesitn.it\/area-testimonianza\/wp-json\/wp\/v2\/media?parent=14649"}],"wp:term":[{"taxonomy":"category","embeddable":true,"href":"https:\/\/www.diocesitn.it\/area-testimonianza\/wp-json\/wp\/v2\/categories?post=14649"},{"taxonomy":"post_tag","embeddable":true,"href":"https:\/\/www.diocesitn.it\/area-testimonianza\/wp-json\/wp\/v2\/tags?post=14649"}],"curies":[{"name":"wp","href":"https:\/\/api.w.org\/{rel}","templated":true}]}}