{"id":14467,"date":"2024-02-01T16:26:37","date_gmt":"2024-02-01T15:26:37","guid":{"rendered":"https:\/\/www.diocesitn.it\/area-testimonianza\/2024\/02\/01\/addio-in-brasile-al-missionario-fratel-dino-girardelli-originario-di-besagno-il-20-febbraio-il-vescovo-lauro-presiedera-linumazione-nel-paese-dorigine\/"},"modified":"2024-03-06T10:58:26","modified_gmt":"2024-03-06T09:58:26","slug":"addio-in-brasile-al-missionario-fratel-dino-girardelli-originario-di-besagno-il-20-febbraio-il-vescovo-lauro-presiedera-linumazione-nel-paese-dorigine","status":"publish","type":"post","link":"https:\/\/www.diocesitn.it\/area-testimonianza\/2024\/02\/01\/addio-in-brasile-al-missionario-fratel-dino-girardelli-originario-di-besagno-il-20-febbraio-il-vescovo-lauro-presiedera-linumazione-nel-paese-dorigine\/","title":{"rendered":"Addio in Brasile al missionario fratel Dino Girardelli: il 20 febbraio l&#8217;ultimo saluto a Besagno, con vescovo Lauro"},"content":{"rendered":"<p>E&#8217; scomparso a 88 anni, lo scorso 26 gennaio, <strong>fratel Dino Girardelli<\/strong>. Originario di Besagno (Mori), era un <strong>missionario pavoniano<\/strong>, che da tanti anni operava in Brasile, Paese nel quale si \u00e8 spento.\u00a0Il vescovo Lauro sar\u00e0 a Besagno marted\u00ec 20 febbraio, per la Messa e l&#8217;inumazione del feretro nel cimitero.<!--more--><\/p>\n<p>Nato il\u00a0<strong>14 aprile 1935<\/strong>, durante l\u2019adolescenza sente la chiamata alla vita religiosa, entrando a far parte della Congregazione.\u00a0Dopo un breve periodo presso il Seminario arcivescovile di Trento, si trasfer\u00ec nel 1952 al Seminario Pavoniano di Tradate per terminare gli studi liceali e diventare missionario.\u00a0A<strong>ll\u2019et\u00e0 di 22 anni giunse in Brasile<\/strong>, dove oper\u00f2 nelle citt\u00e0 di Rio Bananal (ES), S\u00e3o Leopoldo (RS), Brasilia (DF), e poi nelle citt\u00e0 di El\u00f3i Mendes e Pouso Alegre.<\/p>\n","protected":false},"excerpt":{"rendered":"<p>E&#8217; scomparso a 88 anni, lo scorso 26 gennaio, fratel Dino Girardelli. Originario di Besagno (Mori), era un missionario pavoniano, che da tanti anni operava in Brasile, Paese nel quale si \u00e8 spento.\u00a0Il vescovo Lauro<\/p>\n","protected":false},"author":168,"featured_media":14468,"comment_status":"closed","ping_status":"closed","sticky":false,"template":"","format":"standard","meta":{"footnotes":""},"categories":[1074,1151],"tags":[1813,2224,2222],"class_list":["post-14467","post","type-post","status-publish","format-standard","has-post-thumbnail","hentry","category-notizie","category-servizio-missionario","tag-convegno-online","tag-defunto","tag-dino-girardelli"],"acf":{"seed-localization-paese-cod":"IT","seed-localization-address":"","seed-localization-citta":"Trento","seed-localization-regione-cod-istat":"04","seed-localization-citta-cod-istat":"022205","seed-localization-localita":"","seed-localization-cap":"","seed-localization-marker-visibility":false,"seed-localization-children-visibility":false,"seed-localization-kml":"","seed-localization-custom-marker":""},"yoast_head":"<!-- This site is optimized with the Yoast SEO Premium plugin v20.2.1 (Yoast SEO v22.2) - https:\/\/yoast.com\/wordpress\/plugins\/seo\/ -->\n<title>Addio in Brasile al missionario fratel Dino Girardelli: il 20 febbraio l&#039;ultimo saluto a Besagno, con vescovo Lauro - Testimonianza e Impegno sociale<\/title>\n<meta name=\"robots\" content=\"index, follow, max-snippet:-1, max-image-preview:large, max-video-preview:-1\" \/>\n<link rel=\"canonical\" href=\"https:\/\/www.diocesitn.it\/area-testimonianza\/2024\/02\/01\/addio-in-brasile-al-missionario-fratel-dino-girardelli-originario-di-besagno-il-20-febbraio-il-vescovo-lauro-presiedera-linumazione-nel-paese-dorigine\/\" \/>\n<meta property=\"og:locale\" content=\"it_IT\" \/>\n<meta property=\"og:type\" content=\"article\" \/>\n<meta property=\"og:title\" content=\"Addio in Brasile al missionario fratel Dino Girardelli: il 20 febbraio l&#039;ultimo saluto a Besagno, con vescovo Lauro\" \/>\n<meta property=\"og:description\" content=\"E&#8217; scomparso a 88 anni, lo scorso 26 gennaio, fratel Dino Girardelli. Originario di Besagno (Mori), era un missionario pavoniano, che da tanti anni operava in Brasile, Paese nel quale si \u00e8 spento.\u00a0Il vescovo Lauro\" \/>\n<meta property=\"og:url\" content=\"https:\/\/www.diocesitn.it\/area-testimonianza\/2024\/02\/01\/addio-in-brasile-al-missionario-fratel-dino-girardelli-originario-di-besagno-il-20-febbraio-il-vescovo-lauro-presiedera-linumazione-nel-paese-dorigine\/\" \/>\n<meta property=\"og:site_name\" content=\"Testimonianza e Impegno sociale\" \/>\n<meta property=\"article:published_time\" content=\"2024-02-01T15:26:37+00:00\" \/>\n<meta property=\"article:modified_time\" content=\"2024-03-06T09:58:26+00:00\" \/>\n<meta property=\"og:image\" content=\"https:\/\/www.diocesitn.it\/area-testimonianza\/wp-content\/uploads\/sites\/37\/2024\/02\/117338881_3216953985091897_7587587089798421307_n.jpg\" \/>\n\t<meta property=\"og:image:width\" content=\"768\" \/>\n\t<meta property=\"og:image:height\" content=\"669\" \/>\n\t<meta property=\"og:image:type\" content=\"image\/jpeg\" \/>\n<meta name=\"author\" content=\"losspapot\" \/>\n<meta name=\"twitter:card\" content=\"summary_large_image\" \/>\n<meta name=\"twitter:label1\" content=\"Scritto da\" \/>\n\t<meta name=\"twitter:data1\" content=\"losspapot\" \/>\n\t<meta name=\"twitter:label2\" content=\"Tempo di lettura stimato\" \/>\n\t<meta name=\"twitter:data2\" content=\"1 minuto\" \/>\n<script type=\"application\/ld+json\" class=\"yoast-schema-graph\">{\"@context\":\"https:\/\/schema.org\",\"@graph\":[{\"@type\":\"Article\",\"@id\":\"https:\/\/www.diocesitn.it\/area-testimonianza\/2024\/02\/01\/addio-in-brasile-al-missionario-fratel-dino-girardelli-originario-di-besagno-il-20-febbraio-il-vescovo-lauro-presiedera-linumazione-nel-paese-dorigine\/#article\",\"isPartOf\":{\"@id\":\"https:\/\/www.diocesitn.it\/area-testimonianza\/2024\/02\/01\/addio-in-brasile-al-missionario-fratel-dino-girardelli-originario-di-besagno-il-20-febbraio-il-vescovo-lauro-presiedera-linumazione-nel-paese-dorigine\/\"},\"author\":{\"name\":\"losspapot\",\"@id\":\"https:\/\/www.diocesitn.it\/area-testimonianza\/#\/schema\/person\/3526ceacb35e1aa4c86252e45adfad22\"},\"headline\":\"Addio in Brasile al missionario fratel Dino Girardelli: il 20 febbraio l&#8217;ultimo saluto a Besagno, con vescovo Lauro\",\"datePublished\":\"2024-02-01T15:26:37+00:00\",\"dateModified\":\"2024-03-06T09:58:26+00:00\",\"mainEntityOfPage\":{\"@id\":\"https:\/\/www.diocesitn.it\/area-testimonianza\/2024\/02\/01\/addio-in-brasile-al-missionario-fratel-dino-girardelli-originario-di-besagno-il-20-febbraio-il-vescovo-lauro-presiedera-linumazione-nel-paese-dorigine\/\"},\"wordCount\":140,\"publisher\":{\"@id\":\"https:\/\/www.diocesitn.it\/area-testimonianza\/#organization\"},\"image\":{\"@id\":\"https:\/\/www.diocesitn.it\/area-testimonianza\/2024\/02\/01\/addio-in-brasile-al-missionario-fratel-dino-girardelli-originario-di-besagno-il-20-febbraio-il-vescovo-lauro-presiedera-linumazione-nel-paese-dorigine\/#primaryimage\"},\"thumbnailUrl\":\"https:\/\/www.diocesitn.it\/area-testimonianza\/wp-content\/uploads\/sites\/37\/2024\/02\/117338881_3216953985091897_7587587089798421307_n.jpg\",\"keywords\":[\"Convegno online\",\"defunto\",\"fr. Dino Girardelli\"],\"articleSection\":[\"Notizie\",\"Pastorale Missionaria\"],\"inLanguage\":\"it-IT\",\"copyrightYear\":\"2024\",\"copyrightHolder\":{\"@id\":\"https:\/\/www.diocesitn.it\/#organization\"}},{\"@type\":\"WebPage\",\"@id\":\"https:\/\/www.diocesitn.it\/area-testimonianza\/2024\/02\/01\/addio-in-brasile-al-missionario-fratel-dino-girardelli-originario-di-besagno-il-20-febbraio-il-vescovo-lauro-presiedera-linumazione-nel-paese-dorigine\/\",\"url\":\"https:\/\/www.diocesitn.it\/area-testimonianza\/2024\/02\/01\/addio-in-brasile-al-missionario-fratel-dino-girardelli-originario-di-besagno-il-20-febbraio-il-vescovo-lauro-presiedera-linumazione-nel-paese-dorigine\/\",\"name\":\"Addio in Brasile al missionario fratel Dino Girardelli: il 20 febbraio l'ultimo saluto a Besagno, con vescovo Lauro - Testimonianza e Impegno sociale\",\"isPartOf\":{\"@id\":\"https:\/\/www.diocesitn.it\/area-testimonianza\/#website\"},\"primaryImageOfPage\":{\"@id\":\"https:\/\/www.diocesitn.it\/area-testimonianza\/2024\/02\/01\/addio-in-brasile-al-missionario-fratel-dino-girardelli-originario-di-besagno-il-20-febbraio-il-vescovo-lauro-presiedera-linumazione-nel-paese-dorigine\/#primaryimage\"},\"image\":{\"@id\":\"https:\/\/www.diocesitn.it\/area-testimonianza\/2024\/02\/01\/addio-in-brasile-al-missionario-fratel-dino-girardelli-originario-di-besagno-il-20-febbraio-il-vescovo-lauro-presiedera-linumazione-nel-paese-dorigine\/#primaryimage\"},\"thumbnailUrl\":\"https:\/\/www.diocesitn.it\/area-testimonianza\/wp-content\/uploads\/sites\/37\/2024\/02\/117338881_3216953985091897_7587587089798421307_n.jpg\",\"datePublished\":\"2024-02-01T15:26:37+00:00\",\"dateModified\":\"2024-03-06T09:58:26+00:00\",\"breadcrumb\":{\"@id\":\"https:\/\/www.diocesitn.it\/area-testimonianza\/2024\/02\/01\/addio-in-brasile-al-missionario-fratel-dino-girardelli-originario-di-besagno-il-20-febbraio-il-vescovo-lauro-presiedera-linumazione-nel-paese-dorigine\/#breadcrumb\"},\"inLanguage\":\"it-IT\",\"potentialAction\":[{\"@type\":\"ReadAction\",\"target\":[\"https:\/\/www.diocesitn.it\/area-testimonianza\/2024\/02\/01\/addio-in-brasile-al-missionario-fratel-dino-girardelli-originario-di-besagno-il-20-febbraio-il-vescovo-lauro-presiedera-linumazione-nel-paese-dorigine\/\"]}]},{\"@type\":\"ImageObject\",\"inLanguage\":\"it-IT\",\"@id\":\"https:\/\/www.diocesitn.it\/area-testimonianza\/2024\/02\/01\/addio-in-brasile-al-missionario-fratel-dino-girardelli-originario-di-besagno-il-20-febbraio-il-vescovo-lauro-presiedera-linumazione-nel-paese-dorigine\/#primaryimage\",\"url\":\"https:\/\/www.diocesitn.it\/area-testimonianza\/wp-content\/uploads\/sites\/37\/2024\/02\/117338881_3216953985091897_7587587089798421307_n.jpg\",\"contentUrl\":\"https:\/\/www.diocesitn.it\/area-testimonianza\/wp-content\/uploads\/sites\/37\/2024\/02\/117338881_3216953985091897_7587587089798421307_n.jpg\",\"width\":768,\"height\":669},{\"@type\":\"BreadcrumbList\",\"@id\":\"https:\/\/www.diocesitn.it\/area-testimonianza\/2024\/02\/01\/addio-in-brasile-al-missionario-fratel-dino-girardelli-originario-di-besagno-il-20-febbraio-il-vescovo-lauro-presiedera-linumazione-nel-paese-dorigine\/#breadcrumb\",\"itemListElement\":[{\"@type\":\"ListItem\",\"position\":1,\"name\":\"Home\",\"item\":\"https:\/\/www.diocesitn.it\/area-testimonianza\/\"},{\"@type\":\"ListItem\",\"position\":2,\"name\":\"Addio in Brasile al missionario fratel Dino Girardelli: il 20 febbraio l&#8217;ultimo saluto a Besagno, con vescovo Lauro\"}]},{\"@type\":\"WebSite\",\"@id\":\"https:\/\/www.diocesitn.it\/area-testimonianza\/#website\",\"url\":\"https:\/\/www.diocesitn.it\/area-testimonianza\/\",\"name\":\"Testimonianza e Impegno sociale\",\"description\":\"Chiesa di Trento\",\"publisher\":{\"@id\":\"https:\/\/www.diocesitn.it\/area-testimonianza\/#organization\"},\"potentialAction\":[{\"@type\":\"SearchAction\",\"target\":{\"@type\":\"EntryPoint\",\"urlTemplate\":\"https:\/\/www.diocesitn.it\/area-testimonianza\/?s={search_term_string}\"},\"query-input\":\"required name=search_term_string\"}],\"inLanguage\":\"it-IT\"},{\"@type\":[\"Organization\",\"Place\"],\"@id\":\"https:\/\/www.diocesitn.it\/area-testimonianza\/#organization\",\"name\":\"Area Testimonianza e Impegno Sociale - Chiesa di Trento\",\"url\":\"https:\/\/www.diocesitn.it\/area-testimonianza\/\",\"logo\":{\"@id\":\"https:\/\/www.diocesitn.it\/area-testimonianza\/2024\/02\/01\/addio-in-brasile-al-missionario-fratel-dino-girardelli-originario-di-besagno-il-20-febbraio-il-vescovo-lauro-presiedera-linumazione-nel-paese-dorigine\/#local-main-organization-logo\"},\"image\":{\"@id\":\"https:\/\/www.diocesitn.it\/area-testimonianza\/2024\/02\/01\/addio-in-brasile-al-missionario-fratel-dino-girardelli-originario-di-besagno-il-20-febbraio-il-vescovo-lauro-presiedera-linumazione-nel-paese-dorigine\/#local-main-organization-logo\"},\"openingHoursSpecification\":[{\"@type\":\"OpeningHoursSpecification\",\"dayOfWeek\":[\"Monday\",\"Tuesday\",\"Wednesday\",\"Thursday\",\"Friday\",\"Saturday\",\"Sunday\"],\"opens\":\"09:00\",\"closes\":\"17:00\"}]},{\"@type\":\"ImageObject\",\"inLanguage\":\"it-IT\",\"@id\":\"https:\/\/www.diocesitn.it\/area-testimonianza\/2024\/02\/01\/addio-in-brasile-al-missionario-fratel-dino-girardelli-originario-di-besagno-il-20-febbraio-il-vescovo-lauro-presiedera-linumazione-nel-paese-dorigine\/#local-main-organization-logo\",\"url\":\"https:\/\/www.diocesitn.it\/area-testimonianza\/wp-content\/uploads\/sites\/37\/2021\/09\/og-logo-testimonianza-e-impegno-sociale.jpg\",\"contentUrl\":\"https:\/\/www.diocesitn.it\/area-testimonianza\/wp-content\/uploads\/sites\/37\/2021\/09\/og-logo-testimonianza-e-impegno-sociale.jpg\",\"width\":1200,\"height\":630,\"caption\":\"Area Testimonianza e Impegno Sociale - Chiesa di Trento\"}]}<\/script>\n<!-- \/ Yoast SEO Premium plugin. -->","yoast_head_json":{"title":"Addio in Brasile al missionario fratel Dino Girardelli: il 20 febbraio l'ultimo saluto a Besagno, con vescovo Lauro - Testimonianza e Impegno sociale","robots":{"index":"index","follow":"follow","max-snippet":"max-snippet:-1","max-image-preview":"max-image-preview:large","max-video-preview":"max-video-preview:-1"},"canonical":"https:\/\/www.diocesitn.it\/area-testimonianza\/2024\/02\/01\/addio-in-brasile-al-missionario-fratel-dino-girardelli-originario-di-besagno-il-20-febbraio-il-vescovo-lauro-presiedera-linumazione-nel-paese-dorigine\/","og_locale":"it_IT","og_type":"article","og_title":"Addio in Brasile al missionario fratel Dino Girardelli: il 20 febbraio l'ultimo saluto a Besagno, con vescovo Lauro","og_description":"E&#8217; scomparso a 88 anni, lo scorso 26 gennaio, fratel Dino Girardelli. Originario di Besagno (Mori), era un missionario pavoniano, che da tanti anni operava in Brasile, Paese nel quale si \u00e8 spento.\u00a0Il vescovo Lauro","og_url":"https:\/\/www.diocesitn.it\/area-testimonianza\/2024\/02\/01\/addio-in-brasile-al-missionario-fratel-dino-girardelli-originario-di-besagno-il-20-febbraio-il-vescovo-lauro-presiedera-linumazione-nel-paese-dorigine\/","og_site_name":"Testimonianza e Impegno sociale","article_published_time":"2024-02-01T15:26:37+00:00","article_modified_time":"2024-03-06T09:58:26+00:00","og_image":[{"width":768,"height":669,"url":"https:\/\/www.diocesitn.it\/area-testimonianza\/wp-content\/uploads\/sites\/37\/2024\/02\/117338881_3216953985091897_7587587089798421307_n.jpg","type":"image\/jpeg"}],"author":"losspapot","twitter_card":"summary_large_image","twitter_misc":{"Scritto da":"losspapot","Tempo di lettura stimato":"1 minuto"},"schema":{"@context":"https:\/\/schema.org","@graph":[{"@type":"Article","@id":"https:\/\/www.diocesitn.it\/area-testimonianza\/2024\/02\/01\/addio-in-brasile-al-missionario-fratel-dino-girardelli-originario-di-besagno-il-20-febbraio-il-vescovo-lauro-presiedera-linumazione-nel-paese-dorigine\/#article","isPartOf":{"@id":"https:\/\/www.diocesitn.it\/area-testimonianza\/2024\/02\/01\/addio-in-brasile-al-missionario-fratel-dino-girardelli-originario-di-besagno-il-20-febbraio-il-vescovo-lauro-presiedera-linumazione-nel-paese-dorigine\/"},"author":{"name":"losspapot","@id":"https:\/\/www.diocesitn.it\/area-testimonianza\/#\/schema\/person\/3526ceacb35e1aa4c86252e45adfad22"},"headline":"Addio in Brasile al missionario fratel Dino Girardelli: il 20 febbraio l&#8217;ultimo saluto a Besagno, con vescovo Lauro","datePublished":"2024-02-01T15:26:37+00:00","dateModified":"2024-03-06T09:58:26+00:00","mainEntityOfPage":{"@id":"https:\/\/www.diocesitn.it\/area-testimonianza\/2024\/02\/01\/addio-in-brasile-al-missionario-fratel-dino-girardelli-originario-di-besagno-il-20-febbraio-il-vescovo-lauro-presiedera-linumazione-nel-paese-dorigine\/"},"wordCount":140,"publisher":{"@id":"https:\/\/www.diocesitn.it\/area-testimonianza\/#organization"},"image":{"@id":"https:\/\/www.diocesitn.it\/area-testimonianza\/2024\/02\/01\/addio-in-brasile-al-missionario-fratel-dino-girardelli-originario-di-besagno-il-20-febbraio-il-vescovo-lauro-presiedera-linumazione-nel-paese-dorigine\/#primaryimage"},"thumbnailUrl":"https:\/\/www.diocesitn.it\/area-testimonianza\/wp-content\/uploads\/sites\/37\/2024\/02\/117338881_3216953985091897_7587587089798421307_n.jpg","keywords":["Convegno online","defunto","fr. Dino Girardelli"],"articleSection":["Notizie","Pastorale Missionaria"],"inLanguage":"it-IT","copyrightYear":"2024","copyrightHolder":{"@id":"https:\/\/www.diocesitn.it\/#organization"}},{"@type":"WebPage","@id":"https:\/\/www.diocesitn.it\/area-testimonianza\/2024\/02\/01\/addio-in-brasile-al-missionario-fratel-dino-girardelli-originario-di-besagno-il-20-febbraio-il-vescovo-lauro-presiedera-linumazione-nel-paese-dorigine\/","url":"https:\/\/www.diocesitn.it\/area-testimonianza\/2024\/02\/01\/addio-in-brasile-al-missionario-fratel-dino-girardelli-originario-di-besagno-il-20-febbraio-il-vescovo-lauro-presiedera-linumazione-nel-paese-dorigine\/","name":"Addio in Brasile al missionario fratel Dino Girardelli: il 20 febbraio l'ultimo saluto a Besagno, con vescovo Lauro - Testimonianza e Impegno sociale","isPartOf":{"@id":"https:\/\/www.diocesitn.it\/area-testimonianza\/#website"},"primaryImageOfPage":{"@id":"https:\/\/www.diocesitn.it\/area-testimonianza\/2024\/02\/01\/addio-in-brasile-al-missionario-fratel-dino-girardelli-originario-di-besagno-il-20-febbraio-il-vescovo-lauro-presiedera-linumazione-nel-paese-dorigine\/#primaryimage"},"image":{"@id":"https:\/\/www.diocesitn.it\/area-testimonianza\/2024\/02\/01\/addio-in-brasile-al-missionario-fratel-dino-girardelli-originario-di-besagno-il-20-febbraio-il-vescovo-lauro-presiedera-linumazione-nel-paese-dorigine\/#primaryimage"},"thumbnailUrl":"https:\/\/www.diocesitn.it\/area-testimonianza\/wp-content\/uploads\/sites\/37\/2024\/02\/117338881_3216953985091897_7587587089798421307_n.jpg","datePublished":"2024-02-01T15:26:37+00:00","dateModified":"2024-03-06T09:58:26+00:00","breadcrumb":{"@id":"https:\/\/www.diocesitn.it\/area-testimonianza\/2024\/02\/01\/addio-in-brasile-al-missionario-fratel-dino-girardelli-originario-di-besagno-il-20-febbraio-il-vescovo-lauro-presiedera-linumazione-nel-paese-dorigine\/#breadcrumb"},"inLanguage":"it-IT","potentialAction":[{"@type":"ReadAction","target":["https:\/\/www.diocesitn.it\/area-testimonianza\/2024\/02\/01\/addio-in-brasile-al-missionario-fratel-dino-girardelli-originario-di-besagno-il-20-febbraio-il-vescovo-lauro-presiedera-linumazione-nel-paese-dorigine\/"]}]},{"@type":"ImageObject","inLanguage":"it-IT","@id":"https:\/\/www.diocesitn.it\/area-testimonianza\/2024\/02\/01\/addio-in-brasile-al-missionario-fratel-dino-girardelli-originario-di-besagno-il-20-febbraio-il-vescovo-lauro-presiedera-linumazione-nel-paese-dorigine\/#primaryimage","url":"https:\/\/www.diocesitn.it\/area-testimonianza\/wp-content\/uploads\/sites\/37\/2024\/02\/117338881_3216953985091897_7587587089798421307_n.jpg","contentUrl":"https:\/\/www.diocesitn.it\/area-testimonianza\/wp-content\/uploads\/sites\/37\/2024\/02\/117338881_3216953985091897_7587587089798421307_n.jpg","width":768,"height":669},{"@type":"BreadcrumbList","@id":"https:\/\/www.diocesitn.it\/area-testimonianza\/2024\/02\/01\/addio-in-brasile-al-missionario-fratel-dino-girardelli-originario-di-besagno-il-20-febbraio-il-vescovo-lauro-presiedera-linumazione-nel-paese-dorigine\/#breadcrumb","itemListElement":[{"@type":"ListItem","position":1,"name":"Home","item":"https:\/\/www.diocesitn.it\/area-testimonianza\/"},{"@type":"ListItem","position":2,"name":"Addio in Brasile al missionario fratel Dino Girardelli: il 20 febbraio l&#8217;ultimo saluto a Besagno, con vescovo Lauro"}]},{"@type":"WebSite","@id":"https:\/\/www.diocesitn.it\/area-testimonianza\/#website","url":"https:\/\/www.diocesitn.it\/area-testimonianza\/","name":"Testimonianza e Impegno sociale","description":"Chiesa di Trento","publisher":{"@id":"https:\/\/www.diocesitn.it\/area-testimonianza\/#organization"},"potentialAction":[{"@type":"SearchAction","target":{"@type":"EntryPoint","urlTemplate":"https:\/\/www.diocesitn.it\/area-testimonianza\/?s={search_term_string}"},"query-input":"required name=search_term_string"}],"inLanguage":"it-IT"},{"@type":["Organization","Place"],"@id":"https:\/\/www.diocesitn.it\/area-testimonianza\/#organization","name":"Area Testimonianza e Impegno Sociale - Chiesa di Trento","url":"https:\/\/www.diocesitn.it\/area-testimonianza\/","logo":{"@id":"https:\/\/www.diocesitn.it\/area-testimonianza\/2024\/02\/01\/addio-in-brasile-al-missionario-fratel-dino-girardelli-originario-di-besagno-il-20-febbraio-il-vescovo-lauro-presiedera-linumazione-nel-paese-dorigine\/#local-main-organization-logo"},"image":{"@id":"https:\/\/www.diocesitn.it\/area-testimonianza\/2024\/02\/01\/addio-in-brasile-al-missionario-fratel-dino-girardelli-originario-di-besagno-il-20-febbraio-il-vescovo-lauro-presiedera-linumazione-nel-paese-dorigine\/#local-main-organization-logo"},"openingHoursSpecification":[{"@type":"OpeningHoursSpecification","dayOfWeek":["Monday","Tuesday","Wednesday","Thursday","Friday","Saturday","Sunday"],"opens":"09:00","closes":"17:00"}]},{"@type":"ImageObject","inLanguage":"it-IT","@id":"https:\/\/www.diocesitn.it\/area-testimonianza\/2024\/02\/01\/addio-in-brasile-al-missionario-fratel-dino-girardelli-originario-di-besagno-il-20-febbraio-il-vescovo-lauro-presiedera-linumazione-nel-paese-dorigine\/#local-main-organization-logo","url":"https:\/\/www.diocesitn.it\/area-testimonianza\/wp-content\/uploads\/sites\/37\/2021\/09\/og-logo-testimonianza-e-impegno-sociale.jpg","contentUrl":"https:\/\/www.diocesitn.it\/area-testimonianza\/wp-content\/uploads\/sites\/37\/2021\/09\/og-logo-testimonianza-e-impegno-sociale.jpg","width":1200,"height":630,"caption":"Area Testimonianza e Impegno Sociale - Chiesa di Trento"}]}},"_links":{"self":[{"href":"https:\/\/www.diocesitn.it\/area-testimonianza\/wp-json\/wp\/v2\/posts\/14467","targetHints":{"allow":["GET"]}}],"collection":[{"href":"https:\/\/www.diocesitn.it\/area-testimonianza\/wp-json\/wp\/v2\/posts"}],"about":[{"href":"https:\/\/www.diocesitn.it\/area-testimonianza\/wp-json\/wp\/v2\/types\/post"}],"author":[{"embeddable":true,"href":"https:\/\/www.diocesitn.it\/area-testimonianza\/wp-json\/wp\/v2\/users\/168"}],"replies":[{"embeddable":true,"href":"https:\/\/www.diocesitn.it\/area-testimonianza\/wp-json\/wp\/v2\/comments?post=14467"}],"version-history":[{"count":2,"href":"https:\/\/www.diocesitn.it\/area-testimonianza\/wp-json\/wp\/v2\/posts\/14467\/revisions"}],"predecessor-version":[{"id":14506,"href":"https:\/\/www.diocesitn.it\/area-testimonianza\/wp-json\/wp\/v2\/posts\/14467\/revisions\/14506"}],"wp:featuredmedia":[{"embeddable":true,"href":"https:\/\/www.diocesitn.it\/area-testimonianza\/wp-json\/wp\/v2\/media\/14468"}],"wp:attachment":[{"href":"https:\/\/www.diocesitn.it\/area-testimonianza\/wp-json\/wp\/v2\/media?parent=14467"}],"wp:term":[{"taxonomy":"category","embeddable":true,"href":"https:\/\/www.diocesitn.it\/area-testimonianza\/wp-json\/wp\/v2\/categories?post=14467"},{"taxonomy":"post_tag","embeddable":true,"href":"https:\/\/www.diocesitn.it\/area-testimonianza\/wp-json\/wp\/v2\/tags?post=14467"}],"curies":[{"name":"wp","href":"https:\/\/api.w.org\/{rel}","templated":true}]}}