{"id":14418,"date":"2024-01-22T10:44:25","date_gmt":"2024-01-22T09:44:25","guid":{"rendered":"https:\/\/www.diocesitn.it\/area-testimonianza\/2024\/01\/22\/settimana-per-lunita-dei-cristiani-ad-arco-grande-invocazione-ecumenica-di-pace-a-trento-il-minestrone-con-il-consiglio-di-chiese-veglia-a-sanzeno-venerdi-26-con-vescovo-lauro\/"},"modified":"2024-12-18T09:59:01","modified_gmt":"2024-12-18T08:59:01","slug":"settimana-per-lunita-dei-cristiani-ad-arco-grande-invocazione-ecumenica-di-pace-a-trento-il-minestrone-con-il-consiglio-di-chiese-veglia-a-sanzeno-venerdi-26-con-vescovo-lauro","status":"publish","type":"post","link":"https:\/\/www.diocesitn.it\/area-testimonianza\/2024\/01\/22\/settimana-per-lunita-dei-cristiani-ad-arco-grande-invocazione-ecumenica-di-pace-a-trento-il-minestrone-con-il-consiglio-di-chiese-veglia-a-sanzeno-venerdi-26-con-vescovo-lauro\/","title":{"rendered":"Settimana per l&#8217;unit\u00e0 dei cristiani: ad Arco grande invocazione ecumenica di pace. A Trento il &#8220;minestrone&#8221; con il Consiglio di Chiese.  Veglia a Sanzeno venerd\u00ec 26 con vescovo Lauro"},"content":{"rendered":"<p>Due eventi in particolare hanno animato in Diocesi di Trento la prima parte della <a href=\"https:\/\/www.diocesitn.it\/site\/settimana-per-lunita-dei-cristiani-preghiera-per-la-pace-ad-arco-19-gennaio-incontro-del-consiglio-di-chiese-a-trento-19-gennaio-e-veglia-a-sanzeno-venerdi-26-con-vescovo-lauro\/\"><strong>Settimana di preghiera per l\u2019unit\u00e0 dei cristiani<\/strong><\/a>, quest&#8217;anno\u00a0 sul tema &#8220;<strong>Amerai il Signore tuo Dio e il tuo prossimo come te stesso&#8221;<\/strong> (Lc 10,27).<\/p>\n<h5><strong>Nella Collegiata di Arco una grande invocazione di pace e fraternit\u00e0\u00a0 \u00a0<\/strong><\/h5>\n<p>Nella serata di <b>venerd\u00ec 19 gennaio <\/b>dalla chiesa <strong style=\"font-size: inherit\">Collegiata di Arco <\/strong>gremita di fedeli si \u00e8 alzata una <strong style=\"font-size: inherit\">forte e unanime <\/strong><strong style=\"font-size: inherit\">preghiera per la pace <\/strong>nella Veglia <span style=\"font-size: inherit\">animata da <strong>Via Pacis<\/strong> e guidata dall&#8217;<\/span><strong style=\"font-size: inherit\">arcivescovo Lauro Tisi<\/strong><span style=\"font-size: inherit\">, assieme a <\/span><strong style=\"font-size: inherit\">don Francesco Scarin<\/strong><span style=\"font-size: inherit\">, parroco della Chiesa Cattolica di Arco, al <\/span><strong style=\"font-size: inherit\">pastore Timm Harder<\/strong><span style=\"font-size: inherit\"> della Chiesa Evangelica Luterana di Merano, a <\/span><strong style=\"font-size: inherit\">don Augustyn Babiak<\/strong><span style=\"font-size: inherit\"> della Chiesa Greco-Cattolica Ucraina di Rito Bizantino di Trento. L&#8217;incontro di preghiera ha visto la partecipazione di <\/span><strong style=\"font-size: inherit\">YWAM Trentino<\/strong><span style=\"font-size: inherit\"> (organizzazione di formazione cristiana interconfessionale), <\/span><strong style=\"font-size: inherit\">movimenti<\/strong><span style=\"font-size: inherit\"> e <\/span><strong style=\"font-size: inherit\">associazioni<\/strong><span style=\"font-size: inherit\">.<\/span><\/p>\n<p>Da monsignor Tisi \u00e8 giunto un accorato invito alla &#8220;riscoperta della fraternit\u00e0, dell&#8217;unit\u00e0 e della comunione&#8221; come uniche strade per &#8220;alimentare gioia di vivere e speranza nel futuro&#8221;. Rivolgendosi in particolare ai &#8220;fratelli luterani&#8221;, don Lauro li ha ringraziati per la loro &#8220;testimonianza di amore verso la Parola di Dio&#8221;, mentre ai &#8220;fratelli delle Chiese ortodosse&#8221; ha riconosciuto la &#8220;capacit\u00e0 di tradurre l&#8217;amore anche nella liturgia attraverso in particolare il silenzio e la contemplazione&#8221;.<\/p>\n<p>Nelle foto, la preghiera per la pace nella Collegiata di Arco.<\/p>\n\n\n\t\t<style type='text\/css'>\n\n\t\t\t\/* PhotoSwipe Plugin *\/\n\t\t\t.psgal {\n\t\t\t\tmargin: auto;\n\t\t\t\tpadding-bottom:40px;\n\n\t\t\t\t-webkit-transition: all 0.4s ease;\n\t\t\t\t-moz-transition: all 0.4s ease;\n\t\t\t\t-o-transition: all 0.4s ease;\n\t\t\t\ttransition: all 0.4s ease;\n\t\t\t}\n\n\t\t\t.psgal figure {\n\t\t\t\tfloat: left;\n\t\t\t\ttext-align: center;\n    \t\t\twidth: 200px;\n                max-width: 50%;\n\t\t\t\tpadding:5px;\n\t\t\t\tmargin: 0px;\n\t\t\t\tbox-sizing:border-box;\n\t\t\t}\n\t\t\t.psgal a{\n\t\t\t\tdisplay:block;\n\t\t\t}\n\t\t\t.psgal figure figcaption{\n\t\t\t\tfont-size:13px;\n\t\t\t}\n\n\t\t\t.msnry{\n\t\t\t\tmargin:auto;\n\t\t\t}\n\t\t\t.pswp__caption__center{\n\t\t\t\ttext-align: center;\n\t\t\t}\n\t\t\t\n\n\t\t\t.photoswipe-gallery-caption{\n\t\t\t\tdisplay:none;\n\t\t\t}\n\n\t\t\t\n\t\t<\/style> <div style=\"clear:both\"><\/div>\n\n\t\t<div id=\"psgal_14418_1\" class=\"ps-gallery psgal gallery-columns-3 gallery-size-thumbnail\" itemscope itemtype=\"http:\/\/schema.org\/ImageGallery\" >\n\t\t\t\t<figure class=\"msnry_item\" itemscope itemtype=\"http:\/\/schema.org\/ImageObject\">\n\t\t\t\t\t<a href=\"https:\/\/www.diocesitn.it\/area-testimonianza\/wp-content\/uploads\/sites\/37\/2024\/01\/arco_veglia_Pace_19gen24_4-e1705915378609.jpg\"\n\t\t\t\t\titemprop=\"contentUrl\"\n\t\t\t\t\tdata-pswp-width=\"800\" \n\t\t\t\t    data-pswp-height=\"600\" \n\t\t\t\t    data-cropped=\"true\"\n\t\t\t\t\tdata-caption=\"\"\n\t\t\t\t\tclass=\"post-thumbnail-image-link container-fixed-aspect-ratio__16-9\">\n\t\t\t\t        <img src=https:\/\/www.diocesitn.it\/area-testimonianza\/wp-content\/uploads\/sites\/37\/2024\/01\/arco_veglia_Pace_19gen24_4-e1705915378609-300x225.jpg itemprop=\"thumbnail\" alt=\"\"  \/>\n\t\t\t\t    <\/a>\n\t\t\t\t    <figcaption class=\"photoswipe-gallery-caption\" ><\/figcaption>\n\t\t\t    <\/figure>\n\t\t\t\t\n\t\t\t\t<figure class=\"msnry_item\" itemscope itemtype=\"http:\/\/schema.org\/ImageObject\">\n\t\t\t\t\t<a href=\"https:\/\/www.diocesitn.it\/area-testimonianza\/wp-content\/uploads\/sites\/37\/2024\/01\/arco_veglia_Pace_19gen24_1-e1705916571126.jpg\"\n\t\t\t\t\titemprop=\"contentUrl\"\n\t\t\t\t\tdata-pswp-width=\"800\" \n\t\t\t\t    data-pswp-height=\"452\" \n\t\t\t\t    data-cropped=\"true\"\n\t\t\t\t\tdata-caption=\"\"\n\t\t\t\t\tclass=\"post-thumbnail-image-link container-fixed-aspect-ratio__16-9\">\n\t\t\t\t        <img src=https:\/\/www.diocesitn.it\/area-testimonianza\/wp-content\/uploads\/sites\/37\/2024\/01\/arco_veglia_Pace_19gen24_1-e1705916571126-300x169.jpg itemprop=\"thumbnail\" alt=\"\"  \/>\n\t\t\t\t    <\/a>\n\t\t\t\t    <figcaption class=\"photoswipe-gallery-caption\" ><\/figcaption>\n\t\t\t    <\/figure>\n\t\t\t\t\n\t\t\t\t<figure class=\"msnry_item\" itemscope itemtype=\"http:\/\/schema.org\/ImageObject\">\n\t\t\t\t\t<a href=\"https:\/\/www.diocesitn.it\/area-testimonianza\/wp-content\/uploads\/sites\/37\/2024\/01\/arco_veglia_Pace_19gen24_3-e1705915359681.jpg\"\n\t\t\t\t\titemprop=\"contentUrl\"\n\t\t\t\t\tdata-pswp-width=\"800\" \n\t\t\t\t    data-pswp-height=\"600\" \n\t\t\t\t    data-cropped=\"true\"\n\t\t\t\t\tdata-caption=\"\"\n\t\t\t\t\tclass=\"post-thumbnail-image-link container-fixed-aspect-ratio__16-9\">\n\t\t\t\t        <img src=https:\/\/www.diocesitn.it\/area-testimonianza\/wp-content\/uploads\/sites\/37\/2024\/01\/arco_veglia_Pace_19gen24_3-e1705915359681-300x225.jpg itemprop=\"thumbnail\" alt=\"\"  \/>\n\t\t\t\t    <\/a>\n\t\t\t\t    <figcaption class=\"photoswipe-gallery-caption\" ><\/figcaption>\n\t\t\t    <\/figure>\n\t\t\t\t\n\t\t\t\t<figure class=\"msnry_item\" itemscope itemtype=\"http:\/\/schema.org\/ImageObject\">\n\t\t\t\t\t<a href=\"https:\/\/www.diocesitn.it\/area-testimonianza\/wp-content\/uploads\/sites\/37\/2024\/01\/arco_veglia_Pace_19gen24_5-e1705915401469.jpg\"\n\t\t\t\t\titemprop=\"contentUrl\"\n\t\t\t\t\tdata-pswp-width=\"800\" \n\t\t\t\t    data-pswp-height=\"600\" \n\t\t\t\t    data-cropped=\"true\"\n\t\t\t\t\tdata-caption=\"\"\n\t\t\t\t\tclass=\"post-thumbnail-image-link container-fixed-aspect-ratio__16-9\">\n\t\t\t\t        <img src=https:\/\/www.diocesitn.it\/area-testimonianza\/wp-content\/uploads\/sites\/37\/2024\/01\/arco_veglia_Pace_19gen24_5-e1705915401469-300x225.jpg itemprop=\"thumbnail\" alt=\"\"  \/>\n\t\t\t\t    <\/a>\n\t\t\t\t    <figcaption class=\"photoswipe-gallery-caption\" ><\/figcaption>\n\t\t\t    <\/figure>\n\t\t\t\t\n\t\t\t\t<figure class=\"msnry_item\" itemscope itemtype=\"http:\/\/schema.org\/ImageObject\">\n\t\t\t\t\t<a href=\"https:\/\/www.diocesitn.it\/area-testimonianza\/wp-content\/uploads\/sites\/37\/2024\/01\/arco_veglia_Pace_19gen24_2-e1705915369236.jpg\"\n\t\t\t\t\titemprop=\"contentUrl\"\n\t\t\t\t\tdata-pswp-width=\"800\" \n\t\t\t\t    data-pswp-height=\"600\" \n\t\t\t\t    data-cropped=\"true\"\n\t\t\t\t\tdata-caption=\"\"\n\t\t\t\t\tclass=\"post-thumbnail-image-link container-fixed-aspect-ratio__16-9\">\n\t\t\t\t        <img src=https:\/\/www.diocesitn.it\/area-testimonianza\/wp-content\/uploads\/sites\/37\/2024\/01\/arco_veglia_Pace_19gen24_2-e1705915369236-300x225.jpg itemprop=\"thumbnail\" alt=\"\"  \/>\n\t\t\t\t    <\/a>\n\t\t\t\t    <figcaption class=\"photoswipe-gallery-caption\" ><\/figcaption>\n\t\t\t    <\/figure>\n\t\t\t\t\n\t\t\t\t<figure class=\"msnry_item\" itemscope itemtype=\"http:\/\/schema.org\/ImageObject\">\n\t\t\t\t\t<a href=\"https:\/\/www.diocesitn.it\/area-testimonianza\/wp-content\/uploads\/sites\/37\/2024\/01\/arco_veglia_Pace_19gen24_6-e1705915390182.jpg\"\n\t\t\t\t\titemprop=\"contentUrl\"\n\t\t\t\t\tdata-pswp-width=\"800\" \n\t\t\t\t    data-pswp-height=\"600\" \n\t\t\t\t    data-cropped=\"true\"\n\t\t\t\t\tdata-caption=\"\"\n\t\t\t\t\tclass=\"post-thumbnail-image-link container-fixed-aspect-ratio__16-9\">\n\t\t\t\t        <img src=https:\/\/www.diocesitn.it\/area-testimonianza\/wp-content\/uploads\/sites\/37\/2024\/01\/arco_veglia_Pace_19gen24_6-e1705915390182-300x225.jpg itemprop=\"thumbnail\" alt=\"\"  \/>\n\t\t\t\t    <\/a>\n\t\t\t\t    <figcaption class=\"photoswipe-gallery-caption\" ><\/figcaption>\n\t\t\t    <\/figure>\n\t\t\t\t<\/div>\n\t\t<div style='clear:both'><\/div>\n\t\n<h5><\/h5>\n<h5><strong>Il minestrone ecumenico in Santa Margherita a Trento\u00a0<\/strong><\/h5>\n<p>Molto partecipato anche l&#8217;incontro, sempre nella serata del <strong>19 gennaio<\/strong>, nella <strong>chiesa di Santa Margherita<\/strong> a Trento per iniziativa del <strong><a href=\"https:\/\/www.diocesitn.it\/site\/e-nato-il-consiglio-di-chiese-di-trento-in-cattedrale-preghiera-ecumenica-e-firma-dello-statuto\/\">Consiglio di Chiese cristiane<\/a> di Trento<\/strong>, dal titolo evocativo <strong>&#8220;minestrone ecumenico&#8221;<\/strong>. Sei Chiese rappresentate (<strong>Chiesa cristiana avventista del settimo giorno<\/strong>, <strong>Chiesa Luterana<\/strong>, <strong>Chiesa valdese<\/strong>, <strong>Chiesa ortodossa del patriarcato di Romania<\/strong>, <strong>Foursquare Gospel<\/strong>, <strong>Chiesa cattolica<\/strong>); un&#8217;ottantina di persone presenti. Al centro dell&#8217;incontro (come dell&#8217;intera Settimana di preghiera) la <strong>parabola evangelica del Buon samaritano<\/strong>. Il brano di Luca non \u00e8 stato proclamato in modo tradizionale, ma <strong>drammatizzato<\/strong> da un gruppo di giovani, che hanno aiutato i presenti a cogliere tutta l&#8217;attualit\u00e0 di una parabola assai nota e, proprio per questo, a rischio di una certa assuefazione. I rappresentanti delle Chiese si sono fermati sui personaggi del brano: il dottore della legge, il malcapitato, il sacerdote e il levita, il samaritano stesso, l&#8217;oste e anche la cavalcatura del samaritano: per poter incontrare persone (e un animale) reali, simbolo di tutti. &#8220;In sintesi &#8211; commenta <strong>don Cristiano Bettega<\/strong>, Referente della Diocesi di Trento per il dialogo ecumenico -, comunione \u00e8 stata la proposta del Consiglio di Chiese, comunione l&#8217;esperienza che i presenti hanno potuto rinsaldare, rafforzare, confermare&#8221;. Quanto al &#8216;minestrone&#8217;, consumato dai presenti anche fisicamente insieme a un pezzo di pane, &#8220;esso &#8211; aggiunge don Bettega &#8211; \u00e8 segno concreto di un insieme di punti di vista, di interpretazioni, di modi di vivere la stessa fede, che non sono per\u00f2 in contrapposizione, quanto piuttosto complementari l&#8217;uno all&#8217;altro. Minestrone come segno di vita cristiana autentica, capace di andare oltre le distinzioni per assaporare l&#8217;unit\u00e0 e la comunione&#8221;.<\/p>\n<p>Sempre il <strong>Consiglio di Chiese cristiane di Trento <\/strong>proporr\u00e0 entro il 25 gennaio anche un <strong>video <\/strong>con riflessioni di tutte le confessioni sul <strong>tema <\/strong>di quest&#8217;anno.<\/p>\n<p>Le prossime tappe per il Consiglio di Chiese cristiane saranno: 14 marzo, 24 maggio, 20 settembre sempre alle ore 18 nella chiesa di Santa Margherita a Trento. &#8220;C&#8217;\u00e8 posto per tutte e tutti&#8221;, chiosa don Cristiano,.<\/p>\n<h5><\/h5>\n<h5><strong>Venerd\u00ec 26 preghiera ecumenica a Sanzeno\u00a0<\/strong><\/h5>\n<p><span style=\"text-decoration: underline\"><strong>Venerd\u00ec 26 gennaio<\/strong> <\/span>alle ore 20.30 ci sar\u00e0 invece la <strong>preghiera ecumenica <\/strong>nella\u00a0<strong>Basilica di Sanzeno <\/strong>a\u00a0cura del <strong>gruppo Samuele<\/strong>, alla presenza dell&#8217;arcivescovo Lauro.<\/p>\n<p>Sul <strong>sito dell\u2019ufficio nazionale per l\u2019ecumenismo e il dialogo interreligioso della CEI<\/strong> \u00e8 possibile trovare e scaricare materiale utile per la preghiera individuale, per le preghiere liturgiche e comunitarie o per altri incontri di preghiera: <a href=\"https:\/\/unedi.chiesacattolica.it\/2023\/07\/21\/settimana-di-preghiera-per-lunita-dei-cristiani-18-25-gennaio-2024\/\">QUI LINK<\/a>.<\/p>\n<p>Tra le iniziative parrocchiali, da segnalare la <strong>preghiera di Taiz\u00e9<\/strong> promossa ogni marted\u00ec alle ore 21 nella <strong>chiesa del S. Cuore a Trento<\/strong> (<a href=\"https:\/\/www.diocesitn.it\/wp-content\/uploads\/2024\/01\/locandina-23-gennaio.pdf\"><span style=\"text-decoration: underline\">QUI<\/span> <\/a>locandina). L&#8217;appuntamento di marted\u00ec 23 gennaio sar\u00e0 dedicato all&#8217;unit\u00e0 tra cristiani.<\/p>\n","protected":false},"excerpt":{"rendered":"<p>Due eventi in particolare hanno animato in Diocesi di Trento la prima parte della Settimana di preghiera per l\u2019unit\u00e0 dei cristiani, quest&#8217;anno\u00a0 sul tema &#8220;Amerai il Signore tuo Dio e il tuo prossimo come te<\/p>\n","protected":false},"author":3,"featured_media":14422,"comment_status":"closed","ping_status":"closed","sticky":false,"template":"","format":"standard","meta":{"footnotes":""},"categories":[1130,1074],"tags":[1906,1776,1391],"class_list":["post-14418","post","type-post","status-publish","format-standard","has-post-thumbnail","hentry","category-servizio-ecumenismo-e-dialogo","category-notizie","tag-cristiani","tag-settimana-di-preghiera-per-lunita-dei-cristiani","tag-trento"],"acf":{"seed-localization-paese-cod":"IT","seed-localization-address":"","seed-localization-citta":"Trento","seed-localization-regione-cod-istat":"04","seed-localization-citta-cod-istat":"022205","seed-localization-localita":"","seed-localization-cap":"","seed-localization-marker-visibility":false,"seed-localization-children-visibility":false,"seed-localization-kml":"","seed-localization-custom-marker":""},"yoast_head":"<!-- This site is optimized with the Yoast SEO Premium plugin v20.2.1 (Yoast SEO v22.2) - https:\/\/yoast.com\/wordpress\/plugins\/seo\/ -->\n<title>Settimana per l&#039;unit\u00e0 dei cristiani: ad Arco grande invocazione ecumenica di pace. A Trento il &quot;minestrone&quot; con il Consiglio di Chiese. Veglia a Sanzeno venerd\u00ec 26 con vescovo Lauro - Testimonianza e Impegno sociale<\/title>\n<meta name=\"robots\" content=\"index, follow, max-snippet:-1, max-image-preview:large, max-video-preview:-1\" \/>\n<link rel=\"canonical\" href=\"https:\/\/www.diocesitn.it\/area-testimonianza\/2024\/01\/22\/settimana-per-lunita-dei-cristiani-ad-arco-grande-invocazione-ecumenica-di-pace-a-trento-il-minestrone-con-il-consiglio-di-chiese-veglia-a-sanzeno-venerdi-26-con-vescovo-lauro\/\" \/>\n<meta property=\"og:locale\" content=\"it_IT\" \/>\n<meta property=\"og:type\" content=\"article\" \/>\n<meta property=\"og:title\" content=\"Settimana per l&#039;unit\u00e0 dei cristiani: ad Arco grande invocazione ecumenica di pace. A Trento il &quot;minestrone&quot; con il Consiglio di Chiese. Veglia a Sanzeno venerd\u00ec 26 con vescovo Lauro\" \/>\n<meta property=\"og:description\" content=\"Due eventi in particolare hanno animato in Diocesi di Trento la prima parte della Settimana di preghiera per l\u2019unit\u00e0 dei cristiani, quest&#8217;anno\u00a0 sul tema &#8220;Amerai il Signore tuo Dio e il tuo prossimo come te\" \/>\n<meta property=\"og:url\" content=\"https:\/\/www.diocesitn.it\/area-testimonianza\/2024\/01\/22\/settimana-per-lunita-dei-cristiani-ad-arco-grande-invocazione-ecumenica-di-pace-a-trento-il-minestrone-con-il-consiglio-di-chiese-veglia-a-sanzeno-venerdi-26-con-vescovo-lauro\/\" \/>\n<meta property=\"og:site_name\" content=\"Testimonianza e Impegno sociale\" \/>\n<meta property=\"article:published_time\" content=\"2024-01-22T09:44:25+00:00\" \/>\n<meta property=\"article:modified_time\" content=\"2024-12-18T08:59:01+00:00\" \/>\n<meta property=\"og:image\" content=\"https:\/\/www.diocesitn.it\/area-testimonianza\/wp-content\/uploads\/sites\/37\/2024\/01\/arco_veglia_Pace_19gen24_1-e1705916571126.jpg\" \/>\n\t<meta property=\"og:image:width\" content=\"900\" \/>\n\t<meta property=\"og:image:height\" content=\"508\" \/>\n\t<meta property=\"og:image:type\" content=\"image\/jpeg\" \/>\n<meta name=\"author\" content=\"Piergiorgio Franceschini\" \/>\n<meta name=\"twitter:card\" content=\"summary_large_image\" \/>\n<meta name=\"twitter:label1\" content=\"Scritto da\" \/>\n\t<meta name=\"twitter:data1\" content=\"Piergiorgio Franceschini\" \/>\n\t<meta name=\"twitter:label2\" content=\"Tempo di lettura stimato\" \/>\n\t<meta name=\"twitter:data2\" content=\"4 minuti\" \/>\n<script type=\"application\/ld+json\" class=\"yoast-schema-graph\">{\"@context\":\"https:\/\/schema.org\",\"@graph\":[{\"@type\":\"Article\",\"@id\":\"https:\/\/www.diocesitn.it\/area-testimonianza\/2024\/01\/22\/settimana-per-lunita-dei-cristiani-ad-arco-grande-invocazione-ecumenica-di-pace-a-trento-il-minestrone-con-il-consiglio-di-chiese-veglia-a-sanzeno-venerdi-26-con-vescovo-lauro\/#article\",\"isPartOf\":{\"@id\":\"https:\/\/www.diocesitn.it\/area-testimonianza\/2024\/01\/22\/settimana-per-lunita-dei-cristiani-ad-arco-grande-invocazione-ecumenica-di-pace-a-trento-il-minestrone-con-il-consiglio-di-chiese-veglia-a-sanzeno-venerdi-26-con-vescovo-lauro\/\"},\"author\":{\"name\":\"Piergiorgio Franceschini\",\"@id\":\"https:\/\/www.diocesitn.it\/area-testimonianza\/#\/schema\/person\/99590c84577873a025247b6aeb16ad2e\"},\"headline\":\"Settimana per l&#8217;unit\u00e0 dei cristiani: ad Arco grande invocazione ecumenica di pace. A Trento il &#8220;minestrone&#8221; con il Consiglio di Chiese. Veglia a Sanzeno venerd\u00ec 26 con vescovo Lauro\",\"datePublished\":\"2024-01-22T09:44:25+00:00\",\"dateModified\":\"2024-12-18T08:59:01+00:00\",\"mainEntityOfPage\":{\"@id\":\"https:\/\/www.diocesitn.it\/area-testimonianza\/2024\/01\/22\/settimana-per-lunita-dei-cristiani-ad-arco-grande-invocazione-ecumenica-di-pace-a-trento-il-minestrone-con-il-consiglio-di-chiese-veglia-a-sanzeno-venerdi-26-con-vescovo-lauro\/\"},\"wordCount\":672,\"publisher\":{\"@id\":\"https:\/\/www.diocesitn.it\/area-testimonianza\/#organization\"},\"image\":{\"@id\":\"https:\/\/www.diocesitn.it\/area-testimonianza\/2024\/01\/22\/settimana-per-lunita-dei-cristiani-ad-arco-grande-invocazione-ecumenica-di-pace-a-trento-il-minestrone-con-il-consiglio-di-chiese-veglia-a-sanzeno-venerdi-26-con-vescovo-lauro\/#primaryimage\"},\"thumbnailUrl\":\"https:\/\/www.diocesitn.it\/area-testimonianza\/wp-content\/uploads\/sites\/37\/2024\/01\/arco_veglia_Pace_19gen24_1-e1705916571126.jpg\",\"keywords\":[\"cristiani\",\"settimana di preghiera per l'unit\u00e0 dei cristiani\",\"Trento\"],\"articleSection\":[\"Ecumenismo e Dialogo interreligioso\",\"Notizie\"],\"inLanguage\":\"it-IT\",\"copyrightYear\":\"2024\",\"copyrightHolder\":{\"@id\":\"https:\/\/www.diocesitn.it\/#organization\"}},{\"@type\":\"WebPage\",\"@id\":\"https:\/\/www.diocesitn.it\/area-testimonianza\/2024\/01\/22\/settimana-per-lunita-dei-cristiani-ad-arco-grande-invocazione-ecumenica-di-pace-a-trento-il-minestrone-con-il-consiglio-di-chiese-veglia-a-sanzeno-venerdi-26-con-vescovo-lauro\/\",\"url\":\"https:\/\/www.diocesitn.it\/area-testimonianza\/2024\/01\/22\/settimana-per-lunita-dei-cristiani-ad-arco-grande-invocazione-ecumenica-di-pace-a-trento-il-minestrone-con-il-consiglio-di-chiese-veglia-a-sanzeno-venerdi-26-con-vescovo-lauro\/\",\"name\":\"Settimana per l'unit\u00e0 dei cristiani: ad Arco grande invocazione ecumenica di pace. A Trento il \\\"minestrone\\\" con il Consiglio di Chiese. Veglia a Sanzeno venerd\u00ec 26 con vescovo Lauro - Testimonianza e Impegno sociale\",\"isPartOf\":{\"@id\":\"https:\/\/www.diocesitn.it\/area-testimonianza\/#website\"},\"primaryImageOfPage\":{\"@id\":\"https:\/\/www.diocesitn.it\/area-testimonianza\/2024\/01\/22\/settimana-per-lunita-dei-cristiani-ad-arco-grande-invocazione-ecumenica-di-pace-a-trento-il-minestrone-con-il-consiglio-di-chiese-veglia-a-sanzeno-venerdi-26-con-vescovo-lauro\/#primaryimage\"},\"image\":{\"@id\":\"https:\/\/www.diocesitn.it\/area-testimonianza\/2024\/01\/22\/settimana-per-lunita-dei-cristiani-ad-arco-grande-invocazione-ecumenica-di-pace-a-trento-il-minestrone-con-il-consiglio-di-chiese-veglia-a-sanzeno-venerdi-26-con-vescovo-lauro\/#primaryimage\"},\"thumbnailUrl\":\"https:\/\/www.diocesitn.it\/area-testimonianza\/wp-content\/uploads\/sites\/37\/2024\/01\/arco_veglia_Pace_19gen24_1-e1705916571126.jpg\",\"datePublished\":\"2024-01-22T09:44:25+00:00\",\"dateModified\":\"2024-12-18T08:59:01+00:00\",\"breadcrumb\":{\"@id\":\"https:\/\/www.diocesitn.it\/area-testimonianza\/2024\/01\/22\/settimana-per-lunita-dei-cristiani-ad-arco-grande-invocazione-ecumenica-di-pace-a-trento-il-minestrone-con-il-consiglio-di-chiese-veglia-a-sanzeno-venerdi-26-con-vescovo-lauro\/#breadcrumb\"},\"inLanguage\":\"it-IT\",\"potentialAction\":[{\"@type\":\"ReadAction\",\"target\":[\"https:\/\/www.diocesitn.it\/area-testimonianza\/2024\/01\/22\/settimana-per-lunita-dei-cristiani-ad-arco-grande-invocazione-ecumenica-di-pace-a-trento-il-minestrone-con-il-consiglio-di-chiese-veglia-a-sanzeno-venerdi-26-con-vescovo-lauro\/\"]}]},{\"@type\":\"ImageObject\",\"inLanguage\":\"it-IT\",\"@id\":\"https:\/\/www.diocesitn.it\/area-testimonianza\/2024\/01\/22\/settimana-per-lunita-dei-cristiani-ad-arco-grande-invocazione-ecumenica-di-pace-a-trento-il-minestrone-con-il-consiglio-di-chiese-veglia-a-sanzeno-venerdi-26-con-vescovo-lauro\/#primaryimage\",\"url\":\"https:\/\/www.diocesitn.it\/area-testimonianza\/wp-content\/uploads\/sites\/37\/2024\/01\/arco_veglia_Pace_19gen24_1-e1705916571126.jpg\",\"contentUrl\":\"https:\/\/www.diocesitn.it\/area-testimonianza\/wp-content\/uploads\/sites\/37\/2024\/01\/arco_veglia_Pace_19gen24_1-e1705916571126.jpg\",\"width\":900,\"height\":508},{\"@type\":\"BreadcrumbList\",\"@id\":\"https:\/\/www.diocesitn.it\/area-testimonianza\/2024\/01\/22\/settimana-per-lunita-dei-cristiani-ad-arco-grande-invocazione-ecumenica-di-pace-a-trento-il-minestrone-con-il-consiglio-di-chiese-veglia-a-sanzeno-venerdi-26-con-vescovo-lauro\/#breadcrumb\",\"itemListElement\":[{\"@type\":\"ListItem\",\"position\":1,\"name\":\"Home\",\"item\":\"https:\/\/www.diocesitn.it\/area-testimonianza\/\"},{\"@type\":\"ListItem\",\"position\":2,\"name\":\"Settimana per l&#8217;unit\u00e0 dei cristiani: ad Arco grande invocazione ecumenica di pace. A Trento il &#8220;minestrone&#8221; con il Consiglio di Chiese. Veglia a Sanzeno venerd\u00ec 26 con vescovo Lauro\"}]},{\"@type\":\"WebSite\",\"@id\":\"https:\/\/www.diocesitn.it\/area-testimonianza\/#website\",\"url\":\"https:\/\/www.diocesitn.it\/area-testimonianza\/\",\"name\":\"Testimonianza e Impegno sociale\",\"description\":\"Chiesa di Trento\",\"publisher\":{\"@id\":\"https:\/\/www.diocesitn.it\/area-testimonianza\/#organization\"},\"potentialAction\":[{\"@type\":\"SearchAction\",\"target\":{\"@type\":\"EntryPoint\",\"urlTemplate\":\"https:\/\/www.diocesitn.it\/area-testimonianza\/?s={search_term_string}\"},\"query-input\":\"required name=search_term_string\"}],\"inLanguage\":\"it-IT\"},{\"@type\":[\"Organization\",\"Place\"],\"@id\":\"https:\/\/www.diocesitn.it\/area-testimonianza\/#organization\",\"name\":\"Area Testimonianza e Impegno Sociale - Chiesa di Trento\",\"url\":\"https:\/\/www.diocesitn.it\/area-testimonianza\/\",\"logo\":{\"@id\":\"https:\/\/www.diocesitn.it\/area-testimonianza\/2024\/01\/22\/settimana-per-lunita-dei-cristiani-ad-arco-grande-invocazione-ecumenica-di-pace-a-trento-il-minestrone-con-il-consiglio-di-chiese-veglia-a-sanzeno-venerdi-26-con-vescovo-lauro\/#local-main-organization-logo\"},\"image\":{\"@id\":\"https:\/\/www.diocesitn.it\/area-testimonianza\/2024\/01\/22\/settimana-per-lunita-dei-cristiani-ad-arco-grande-invocazione-ecumenica-di-pace-a-trento-il-minestrone-con-il-consiglio-di-chiese-veglia-a-sanzeno-venerdi-26-con-vescovo-lauro\/#local-main-organization-logo\"},\"openingHoursSpecification\":[{\"@type\":\"OpeningHoursSpecification\",\"dayOfWeek\":[\"Monday\",\"Tuesday\",\"Wednesday\",\"Thursday\",\"Friday\",\"Saturday\",\"Sunday\"],\"opens\":\"09:00\",\"closes\":\"17:00\"}]},{\"@type\":\"ImageObject\",\"inLanguage\":\"it-IT\",\"@id\":\"https:\/\/www.diocesitn.it\/area-testimonianza\/2024\/01\/22\/settimana-per-lunita-dei-cristiani-ad-arco-grande-invocazione-ecumenica-di-pace-a-trento-il-minestrone-con-il-consiglio-di-chiese-veglia-a-sanzeno-venerdi-26-con-vescovo-lauro\/#local-main-organization-logo\",\"url\":\"https:\/\/www.diocesitn.it\/area-testimonianza\/wp-content\/uploads\/sites\/37\/2021\/09\/og-logo-testimonianza-e-impegno-sociale.jpg\",\"contentUrl\":\"https:\/\/www.diocesitn.it\/area-testimonianza\/wp-content\/uploads\/sites\/37\/2021\/09\/og-logo-testimonianza-e-impegno-sociale.jpg\",\"width\":1200,\"height\":630,\"caption\":\"Area Testimonianza e Impegno Sociale - Chiesa di Trento\"}]}<\/script>\n<!-- \/ Yoast SEO Premium plugin. -->","yoast_head_json":{"title":"Settimana per l'unit\u00e0 dei cristiani: ad Arco grande invocazione ecumenica di pace. A Trento il \"minestrone\" con il Consiglio di Chiese. Veglia a Sanzeno venerd\u00ec 26 con vescovo Lauro - Testimonianza e Impegno sociale","robots":{"index":"index","follow":"follow","max-snippet":"max-snippet:-1","max-image-preview":"max-image-preview:large","max-video-preview":"max-video-preview:-1"},"canonical":"https:\/\/www.diocesitn.it\/area-testimonianza\/2024\/01\/22\/settimana-per-lunita-dei-cristiani-ad-arco-grande-invocazione-ecumenica-di-pace-a-trento-il-minestrone-con-il-consiglio-di-chiese-veglia-a-sanzeno-venerdi-26-con-vescovo-lauro\/","og_locale":"it_IT","og_type":"article","og_title":"Settimana per l'unit\u00e0 dei cristiani: ad Arco grande invocazione ecumenica di pace. A Trento il \"minestrone\" con il Consiglio di Chiese. Veglia a Sanzeno venerd\u00ec 26 con vescovo Lauro","og_description":"Due eventi in particolare hanno animato in Diocesi di Trento la prima parte della Settimana di preghiera per l\u2019unit\u00e0 dei cristiani, quest&#8217;anno\u00a0 sul tema &#8220;Amerai il Signore tuo Dio e il tuo prossimo come te","og_url":"https:\/\/www.diocesitn.it\/area-testimonianza\/2024\/01\/22\/settimana-per-lunita-dei-cristiani-ad-arco-grande-invocazione-ecumenica-di-pace-a-trento-il-minestrone-con-il-consiglio-di-chiese-veglia-a-sanzeno-venerdi-26-con-vescovo-lauro\/","og_site_name":"Testimonianza e Impegno sociale","article_published_time":"2024-01-22T09:44:25+00:00","article_modified_time":"2024-12-18T08:59:01+00:00","og_image":[{"width":900,"height":508,"url":"https:\/\/www.diocesitn.it\/area-testimonianza\/wp-content\/uploads\/sites\/37\/2024\/01\/arco_veglia_Pace_19gen24_1-e1705916571126.jpg","type":"image\/jpeg"}],"author":"Piergiorgio Franceschini","twitter_card":"summary_large_image","twitter_misc":{"Scritto da":"Piergiorgio Franceschini","Tempo di lettura stimato":"4 minuti"},"schema":{"@context":"https:\/\/schema.org","@graph":[{"@type":"Article","@id":"https:\/\/www.diocesitn.it\/area-testimonianza\/2024\/01\/22\/settimana-per-lunita-dei-cristiani-ad-arco-grande-invocazione-ecumenica-di-pace-a-trento-il-minestrone-con-il-consiglio-di-chiese-veglia-a-sanzeno-venerdi-26-con-vescovo-lauro\/#article","isPartOf":{"@id":"https:\/\/www.diocesitn.it\/area-testimonianza\/2024\/01\/22\/settimana-per-lunita-dei-cristiani-ad-arco-grande-invocazione-ecumenica-di-pace-a-trento-il-minestrone-con-il-consiglio-di-chiese-veglia-a-sanzeno-venerdi-26-con-vescovo-lauro\/"},"author":{"name":"Piergiorgio Franceschini","@id":"https:\/\/www.diocesitn.it\/area-testimonianza\/#\/schema\/person\/99590c84577873a025247b6aeb16ad2e"},"headline":"Settimana per l&#8217;unit\u00e0 dei cristiani: ad Arco grande invocazione ecumenica di pace. A Trento il &#8220;minestrone&#8221; con il Consiglio di Chiese. Veglia a Sanzeno venerd\u00ec 26 con vescovo Lauro","datePublished":"2024-01-22T09:44:25+00:00","dateModified":"2024-12-18T08:59:01+00:00","mainEntityOfPage":{"@id":"https:\/\/www.diocesitn.it\/area-testimonianza\/2024\/01\/22\/settimana-per-lunita-dei-cristiani-ad-arco-grande-invocazione-ecumenica-di-pace-a-trento-il-minestrone-con-il-consiglio-di-chiese-veglia-a-sanzeno-venerdi-26-con-vescovo-lauro\/"},"wordCount":672,"publisher":{"@id":"https:\/\/www.diocesitn.it\/area-testimonianza\/#organization"},"image":{"@id":"https:\/\/www.diocesitn.it\/area-testimonianza\/2024\/01\/22\/settimana-per-lunita-dei-cristiani-ad-arco-grande-invocazione-ecumenica-di-pace-a-trento-il-minestrone-con-il-consiglio-di-chiese-veglia-a-sanzeno-venerdi-26-con-vescovo-lauro\/#primaryimage"},"thumbnailUrl":"https:\/\/www.diocesitn.it\/area-testimonianza\/wp-content\/uploads\/sites\/37\/2024\/01\/arco_veglia_Pace_19gen24_1-e1705916571126.jpg","keywords":["cristiani","settimana di preghiera per l'unit\u00e0 dei cristiani","Trento"],"articleSection":["Ecumenismo e Dialogo interreligioso","Notizie"],"inLanguage":"it-IT","copyrightYear":"2024","copyrightHolder":{"@id":"https:\/\/www.diocesitn.it\/#organization"}},{"@type":"WebPage","@id":"https:\/\/www.diocesitn.it\/area-testimonianza\/2024\/01\/22\/settimana-per-lunita-dei-cristiani-ad-arco-grande-invocazione-ecumenica-di-pace-a-trento-il-minestrone-con-il-consiglio-di-chiese-veglia-a-sanzeno-venerdi-26-con-vescovo-lauro\/","url":"https:\/\/www.diocesitn.it\/area-testimonianza\/2024\/01\/22\/settimana-per-lunita-dei-cristiani-ad-arco-grande-invocazione-ecumenica-di-pace-a-trento-il-minestrone-con-il-consiglio-di-chiese-veglia-a-sanzeno-venerdi-26-con-vescovo-lauro\/","name":"Settimana per l'unit\u00e0 dei cristiani: ad Arco grande invocazione ecumenica di pace. A Trento il \"minestrone\" con il Consiglio di Chiese. Veglia a Sanzeno venerd\u00ec 26 con vescovo Lauro - Testimonianza e Impegno sociale","isPartOf":{"@id":"https:\/\/www.diocesitn.it\/area-testimonianza\/#website"},"primaryImageOfPage":{"@id":"https:\/\/www.diocesitn.it\/area-testimonianza\/2024\/01\/22\/settimana-per-lunita-dei-cristiani-ad-arco-grande-invocazione-ecumenica-di-pace-a-trento-il-minestrone-con-il-consiglio-di-chiese-veglia-a-sanzeno-venerdi-26-con-vescovo-lauro\/#primaryimage"},"image":{"@id":"https:\/\/www.diocesitn.it\/area-testimonianza\/2024\/01\/22\/settimana-per-lunita-dei-cristiani-ad-arco-grande-invocazione-ecumenica-di-pace-a-trento-il-minestrone-con-il-consiglio-di-chiese-veglia-a-sanzeno-venerdi-26-con-vescovo-lauro\/#primaryimage"},"thumbnailUrl":"https:\/\/www.diocesitn.it\/area-testimonianza\/wp-content\/uploads\/sites\/37\/2024\/01\/arco_veglia_Pace_19gen24_1-e1705916571126.jpg","datePublished":"2024-01-22T09:44:25+00:00","dateModified":"2024-12-18T08:59:01+00:00","breadcrumb":{"@id":"https:\/\/www.diocesitn.it\/area-testimonianza\/2024\/01\/22\/settimana-per-lunita-dei-cristiani-ad-arco-grande-invocazione-ecumenica-di-pace-a-trento-il-minestrone-con-il-consiglio-di-chiese-veglia-a-sanzeno-venerdi-26-con-vescovo-lauro\/#breadcrumb"},"inLanguage":"it-IT","potentialAction":[{"@type":"ReadAction","target":["https:\/\/www.diocesitn.it\/area-testimonianza\/2024\/01\/22\/settimana-per-lunita-dei-cristiani-ad-arco-grande-invocazione-ecumenica-di-pace-a-trento-il-minestrone-con-il-consiglio-di-chiese-veglia-a-sanzeno-venerdi-26-con-vescovo-lauro\/"]}]},{"@type":"ImageObject","inLanguage":"it-IT","@id":"https:\/\/www.diocesitn.it\/area-testimonianza\/2024\/01\/22\/settimana-per-lunita-dei-cristiani-ad-arco-grande-invocazione-ecumenica-di-pace-a-trento-il-minestrone-con-il-consiglio-di-chiese-veglia-a-sanzeno-venerdi-26-con-vescovo-lauro\/#primaryimage","url":"https:\/\/www.diocesitn.it\/area-testimonianza\/wp-content\/uploads\/sites\/37\/2024\/01\/arco_veglia_Pace_19gen24_1-e1705916571126.jpg","contentUrl":"https:\/\/www.diocesitn.it\/area-testimonianza\/wp-content\/uploads\/sites\/37\/2024\/01\/arco_veglia_Pace_19gen24_1-e1705916571126.jpg","width":900,"height":508},{"@type":"BreadcrumbList","@id":"https:\/\/www.diocesitn.it\/area-testimonianza\/2024\/01\/22\/settimana-per-lunita-dei-cristiani-ad-arco-grande-invocazione-ecumenica-di-pace-a-trento-il-minestrone-con-il-consiglio-di-chiese-veglia-a-sanzeno-venerdi-26-con-vescovo-lauro\/#breadcrumb","itemListElement":[{"@type":"ListItem","position":1,"name":"Home","item":"https:\/\/www.diocesitn.it\/area-testimonianza\/"},{"@type":"ListItem","position":2,"name":"Settimana per l&#8217;unit\u00e0 dei cristiani: ad Arco grande invocazione ecumenica di pace. A Trento il &#8220;minestrone&#8221; con il Consiglio di Chiese. Veglia a Sanzeno venerd\u00ec 26 con vescovo Lauro"}]},{"@type":"WebSite","@id":"https:\/\/www.diocesitn.it\/area-testimonianza\/#website","url":"https:\/\/www.diocesitn.it\/area-testimonianza\/","name":"Testimonianza e Impegno sociale","description":"Chiesa di Trento","publisher":{"@id":"https:\/\/www.diocesitn.it\/area-testimonianza\/#organization"},"potentialAction":[{"@type":"SearchAction","target":{"@type":"EntryPoint","urlTemplate":"https:\/\/www.diocesitn.it\/area-testimonianza\/?s={search_term_string}"},"query-input":"required name=search_term_string"}],"inLanguage":"it-IT"},{"@type":["Organization","Place"],"@id":"https:\/\/www.diocesitn.it\/area-testimonianza\/#organization","name":"Area Testimonianza e Impegno Sociale - Chiesa di Trento","url":"https:\/\/www.diocesitn.it\/area-testimonianza\/","logo":{"@id":"https:\/\/www.diocesitn.it\/area-testimonianza\/2024\/01\/22\/settimana-per-lunita-dei-cristiani-ad-arco-grande-invocazione-ecumenica-di-pace-a-trento-il-minestrone-con-il-consiglio-di-chiese-veglia-a-sanzeno-venerdi-26-con-vescovo-lauro\/#local-main-organization-logo"},"image":{"@id":"https:\/\/www.diocesitn.it\/area-testimonianza\/2024\/01\/22\/settimana-per-lunita-dei-cristiani-ad-arco-grande-invocazione-ecumenica-di-pace-a-trento-il-minestrone-con-il-consiglio-di-chiese-veglia-a-sanzeno-venerdi-26-con-vescovo-lauro\/#local-main-organization-logo"},"openingHoursSpecification":[{"@type":"OpeningHoursSpecification","dayOfWeek":["Monday","Tuesday","Wednesday","Thursday","Friday","Saturday","Sunday"],"opens":"09:00","closes":"17:00"}]},{"@type":"ImageObject","inLanguage":"it-IT","@id":"https:\/\/www.diocesitn.it\/area-testimonianza\/2024\/01\/22\/settimana-per-lunita-dei-cristiani-ad-arco-grande-invocazione-ecumenica-di-pace-a-trento-il-minestrone-con-il-consiglio-di-chiese-veglia-a-sanzeno-venerdi-26-con-vescovo-lauro\/#local-main-organization-logo","url":"https:\/\/www.diocesitn.it\/area-testimonianza\/wp-content\/uploads\/sites\/37\/2021\/09\/og-logo-testimonianza-e-impegno-sociale.jpg","contentUrl":"https:\/\/www.diocesitn.it\/area-testimonianza\/wp-content\/uploads\/sites\/37\/2021\/09\/og-logo-testimonianza-e-impegno-sociale.jpg","width":1200,"height":630,"caption":"Area Testimonianza e Impegno Sociale - Chiesa di Trento"}]}},"_links":{"self":[{"href":"https:\/\/www.diocesitn.it\/area-testimonianza\/wp-json\/wp\/v2\/posts\/14418","targetHints":{"allow":["GET"]}}],"collection":[{"href":"https:\/\/www.diocesitn.it\/area-testimonianza\/wp-json\/wp\/v2\/posts"}],"about":[{"href":"https:\/\/www.diocesitn.it\/area-testimonianza\/wp-json\/wp\/v2\/types\/post"}],"author":[{"embeddable":true,"href":"https:\/\/www.diocesitn.it\/area-testimonianza\/wp-json\/wp\/v2\/users\/3"}],"replies":[{"embeddable":true,"href":"https:\/\/www.diocesitn.it\/area-testimonianza\/wp-json\/wp\/v2\/comments?post=14418"}],"version-history":[{"count":1,"href":"https:\/\/www.diocesitn.it\/area-testimonianza\/wp-json\/wp\/v2\/posts\/14418\/revisions"}],"predecessor-version":[{"id":14425,"href":"https:\/\/www.diocesitn.it\/area-testimonianza\/wp-json\/wp\/v2\/posts\/14418\/revisions\/14425"}],"wp:featuredmedia":[{"embeddable":true,"href":"https:\/\/www.diocesitn.it\/area-testimonianza\/wp-json\/wp\/v2\/media\/14422"}],"wp:attachment":[{"href":"https:\/\/www.diocesitn.it\/area-testimonianza\/wp-json\/wp\/v2\/media?parent=14418"}],"wp:term":[{"taxonomy":"category","embeddable":true,"href":"https:\/\/www.diocesitn.it\/area-testimonianza\/wp-json\/wp\/v2\/categories?post=14418"},{"taxonomy":"post_tag","embeddable":true,"href":"https:\/\/www.diocesitn.it\/area-testimonianza\/wp-json\/wp\/v2\/tags?post=14418"}],"curies":[{"name":"wp","href":"https:\/\/api.w.org\/{rel}","templated":true}]}}