{"id":14377,"date":"2024-01-24T08:00:23","date_gmt":"2024-01-24T07:00:23","guid":{"rendered":"https:\/\/www.diocesitn.it\/area-testimonianza\/?p=14377"},"modified":"2024-03-06T10:58:37","modified_gmt":"2024-03-06T09:58:37","slug":"quaresima-2024-strumenti-diocesani-per-laccompagnamento-spirituale","status":"publish","type":"post","link":"https:\/\/www.diocesitn.it\/area-testimonianza\/2024\/01\/24\/quaresima-2024-strumenti-diocesani-per-laccompagnamento-spirituale\/","title":{"rendered":"Quaresima 2024. Strumenti diocesani per l&#8217;accompagnamento spirituale"},"content":{"rendered":"<p>Gli <strong>strumenti<\/strong> diocesani per l&#8217;accompagnamento spirituale nel tempo di Quaresima verranno distribuiti a partire dal pomeriggio di <strong>mercoled\u00ec 24 gennaio<\/strong>.<\/p>\n<p>Anche quest&#8217;anno si propone il <strong>GioQua<\/strong> per l&#8217;accompagnamento dei pi\u00f9 giovani.<\/p>\n<p>Il tutto sar\u00e0 anche <strong>scaricabile dal sito<\/strong>.<\/p>\n<p><!--more--><\/p>\n<h3>Un pane per amor di Dio<\/h3>\n<p>L\u2019iniziativa \u201c<strong>Un pane per amor di Dio<\/strong>\u201d, proposta ormai da tempo nella nostra diocesi, intende stimolare i cristiani a scelte di vita sobrie e solidali, ponendo l\u2019attenzione alle sofferenze di milioni di persone che in ogni angolo del mondo sono prive del necessario ad una vita dignitosa. Si tratta anche di riconoscere che molte forme di povert\u00e0 sono frutto di gravi ingiustizie strutturali e pertanto capire che la solidariet\u00e0 \u00e8 anche una scelta di giustizia.<\/p>\n<p>Le <a href=\"https:\/\/www.diocesitn.it\/area-testimonianza\/centro-missionario-diocesano\/come-sostenere-le-attivita-della-pastorale-missionaria\/\">offerte<\/a> per la Quaresima di Fraternit\u00e0, sono distribuite dal Centro Missionario in parti uguali fra tutti i missionari trentini.<\/p>\n<hr \/>\n<h3>Gli strumenti per l\u2019accompagnamento spirituale nel tempo di Quaresima<\/h3>\n<p>Quest&#8217;anno gli strumenti proposti\u00a0per l\u2019accompagnamento spirituale nel tempo di Quaresima\u00a0sono quelli consueti e seguono il tema &#8220;<strong>Generare speranza nel cambiamento<\/strong>&#8220;.<\/p>\n<ul>\n<li><a href=\"https:\/\/www.diocesitn.it\/area-testimonianza\/wp-content\/uploads\/sites\/37\/2024\/01\/Quaresima-2024-sussidio.pdf\" target=\"_blank\" rel=\"noopener\">Sussidio giornaliero<\/a><\/li>\n<li><a href=\"https:\/\/www.diocesitn.it\/area-testimonianza\/wp-content\/uploads\/sites\/37\/2024\/01\/Quaresima-2024-locandina.jpg\" target=\"_blank\" rel=\"noopener\">Manifesto<\/a><\/li>\n<li><a href=\"https:\/\/www.diocesitn.it\/area-testimonianza\/wp-content\/uploads\/sites\/37\/2024\/01\/Quaresima-2024-strisce.pdf\" target=\"_blank\" rel=\"noopener\">Strisce settimanali<\/a><\/li>\n<li>Salvadanaio<\/li>\n<li>Busta<\/li>\n<\/ul>\n<p>Il messaggio del Papa per la Quaresima sar\u00e0 disponibile sul sito ufficiale del Vaticano (<a href=\"http:\/\/www.vatican.va\/\">www.vatican.va<\/a>).<\/p>\n<hr \/>\n<p>&nbsp;<\/p>\n<h3>Il GioQua<img loading=\"lazy\" decoding=\"async\" class=\" wp-image-12404 alignright\" src=\"https:\/\/www.diocesitn.it\/area-testimonianza\/wp-content\/uploads\/sites\/37\/2023\/02\/GioQua-promozione-1-300x300.jpg\" alt=\"\" width=\"242\" height=\"242\" srcset=\"https:\/\/www.diocesitn.it\/area-testimonianza\/wp-content\/uploads\/sites\/37\/2023\/02\/GioQua-promozione-1-300x300.jpg 300w, https:\/\/www.diocesitn.it\/area-testimonianza\/wp-content\/uploads\/sites\/37\/2023\/02\/GioQua-promozione-1-1024x1024.jpg 1024w, https:\/\/www.diocesitn.it\/area-testimonianza\/wp-content\/uploads\/sites\/37\/2023\/02\/GioQua-promozione-1-150x150.jpg 150w, https:\/\/www.diocesitn.it\/area-testimonianza\/wp-content\/uploads\/sites\/37\/2023\/02\/GioQua-promozione-1-768x768.jpg 768w, https:\/\/www.diocesitn.it\/area-testimonianza\/wp-content\/uploads\/sites\/37\/2023\/02\/GioQua-promozione-1-200x200.jpg 200w, https:\/\/www.diocesitn.it\/area-testimonianza\/wp-content\/uploads\/sites\/37\/2023\/02\/GioQua-promozione-1-280x280.jpg 280w, https:\/\/www.diocesitn.it\/area-testimonianza\/wp-content\/uploads\/sites\/37\/2023\/02\/GioQua-promozione-1-800x800.jpg 800w, https:\/\/www.diocesitn.it\/area-testimonianza\/wp-content\/uploads\/sites\/37\/2023\/02\/GioQua-promozione-1.jpg 1080w\" sizes=\"auto, (max-width: 242px) 100vw, 242px\" \/><\/h3>\n<p>&nbsp;<\/p>\n<p>Uno strumento personalizzabile per l\u2019accompagnamento dei bambini durante il tempo di Quaresima.<br \/>\nSi ripropone l\u2019idea del Centro Missionario che lo scorso anno ha incontrato grande entusiasmo. Le illustrazioni sono di Lorena Martinello.<br \/>\nVai sulla pagina dedicata per <a href=\"https:\/\/www.diocesitn.it\/area-testimonianza\/2024\/01\/24\/il-gioqua-lo-strumento-per-laccompagnamento-di-bambini-e-ragazzi-durante-il-tempo-di-quaresima-2\/\"><strong>scaricare<\/strong><\/a><span style=\"font-size: inherit\"><a href=\"https:\/\/www.diocesitn.it\/area-testimonianza\/2024\/01\/24\/il-gioqua-lo-strumento-per-laccompagnamento-di-bambini-e-ragazzi-durante-il-tempo-di-quaresima-2\/\"><strong>\u00a0i file<\/strong><\/a> con presentazione, materiali e istruzioni.<\/span><\/p>\n<p><span style=\"font-size: inherit\">\u00a0<\/span><\/p>\n<hr \/>\n<h3>La distribuzione<\/h3>\n<p>I materiali cartacei si distribuiscono <strong>a partire dal pomeriggio di mercoled\u00ec 24 gennaio <\/strong>presso:<\/p>\n<ul>\n<li>il <span style=\"text-decoration: underline\">Vigilianum<\/span> (<a href=\"https:\/\/www.google.com\/maps\/place\/Via+Monsignor+Celestino+Endrici,+14,+38122+Trento+TN\/@46.0614884,11.1220384,17.25z\/data=!4m6!3m5!1s0x478276b2ca1f1dff:0x50c34bdf927ee96c!8m2!3d46.0615365!4d11.1220859!16s%2Fg%2F11g6n7zmfx?entry=ttu\" target=\"_blank\" rel=\"noopener\">Trento, via Endrici 14<\/a>);<\/li>\n<li>la <span style=\"text-decoration: underline\">Curia<\/span> in segreteria generale (<a href=\"https:\/\/www.google.com\/maps\/place\/Piazza+di+Fiera,+2,+38122+Trento+TN\/@46.0651639,11.1248657,17z\/data=!4m6!3m5!1s0x478276b49e96b5b5:0x933bfa0e67f4501d!8m2!3d46.0651627!4d11.1248674!16s%2Fg%2F11fcrwbf02?entry=ttu\" target=\"_blank\" rel=\"noopener\">piazza Fiera, 2 Trento<\/a>) .<\/li>\n<\/ul>\n<p><span style=\"color: #000000\">Da quest\u2019anno il <span style=\"text-decoration: underline\"><strong>pagamento<\/strong><\/span> del materiale ritirato potr\u00e0 essere effettuato nelle seguenti modalit\u00e0:<\/span><\/p>\n<ul>\n<li><span style=\"color: #000000\"><strong>in contanti<\/strong> al momento del ritiro presso il Vigilianum e la Segreteria Generale dell\u2019Arcidiocesi;<\/span><\/li>\n<li><span style=\"color: #000000\"><strong>con bonifico<\/strong> intestato all\u2019Opera diocesana per la Pastorale missionaria &#8211; Cassa Rurale Alto Garda \u2013 Sarche &#8211; IBAN IT28J0801605603000033300338.<\/span><\/li>\n<\/ul>\n<p>Il costo del sussidio \u00e8 di 1,00 euro cad.<\/p>\n<hr \/>\n<h3>Descrizione del sussidio<\/h3>\n<p><img loading=\"lazy\" decoding=\"async\" class=\"size-medium wp-image-14382 alignleft\" src=\"https:\/\/www.diocesitn.it\/area-testimonianza\/wp-content\/uploads\/sites\/37\/2024\/01\/Quaresima-2024-sussidio-copertina-300x206.jpg\" alt=\"\" width=\"300\" height=\"206\" srcset=\"https:\/\/www.diocesitn.it\/area-testimonianza\/wp-content\/uploads\/sites\/37\/2024\/01\/Quaresima-2024-sussidio-copertina-300x206.jpg 300w, https:\/\/www.diocesitn.it\/area-testimonianza\/wp-content\/uploads\/sites\/37\/2024\/01\/Quaresima-2024-sussidio-copertina-1024x704.jpg 1024w, https:\/\/www.diocesitn.it\/area-testimonianza\/wp-content\/uploads\/sites\/37\/2024\/01\/Quaresima-2024-sussidio-copertina-768x528.jpg 768w, https:\/\/www.diocesitn.it\/area-testimonianza\/wp-content\/uploads\/sites\/37\/2024\/01\/Quaresima-2024-sussidio-copertina-360x247.jpg 360w, https:\/\/www.diocesitn.it\/area-testimonianza\/wp-content\/uploads\/sites\/37\/2024\/01\/Quaresima-2024-sussidio-copertina-1536x1056.jpg 1536w, https:\/\/www.diocesitn.it\/area-testimonianza\/wp-content\/uploads\/sites\/37\/2024\/01\/Quaresima-2024-sussidio-copertina-2048x1408.jpg 2048w, https:\/\/www.diocesitn.it\/area-testimonianza\/wp-content\/uploads\/sites\/37\/2024\/01\/Quaresima-2024-sussidio-copertina-800x550.jpg 800w, https:\/\/www.diocesitn.it\/area-testimonianza\/wp-content\/uploads\/sites\/37\/2024\/01\/Quaresima-2024-sussidio-copertina-1200x825.jpg 1200w, https:\/\/www.diocesitn.it\/area-testimonianza\/wp-content\/uploads\/sites\/37\/2024\/01\/Quaresima-2024-sussidio-copertina-1320x907.jpg 1320w\" sizes=\"auto, (max-width: 300px) 100vw, 300px\" \/>Ci troviamo in un tempo ricco di cambiamenti, cambiamenti epocali che sfuggono al nostro controllo e che potrebbero soverchiarci. \u00c8 importante restare capaci di cogliere aspetti di speranza e renderli visibili agli altri, cercare di essere luce nella tempesta.<\/p>\n<p>D\u2019altro canto, paradossalmente, potremmo trovarci in contesti \u201cfermi\u201d, che non riescono a stare al passo con i tempi, che hanno bisogno di trovare una nuova forma. L\u00ec il nostro compito \u00e8 portare cambiamento, non come bisogno di novit\u00e0 a prescindere, ma come espressione di speranza.<\/p>\n<p>Da queste riflessioni nasce il tema per la Quaresima di quest\u2019anno: <strong>Generare speranza nel cambiamento<\/strong>.<\/p>\n<p>Il sussidio \u00e8 stato scritto interamente dai missionari delle diocesi di Trento e Bolzano-Bressanone; propone delle brevi riflessioni giornaliere da concludere con un Padre Nostro.<\/p>\n<p>Per la Chiesa i Vangeli quaresimali dell\u2019anno A sono considerati di avvicinamento alla vita di Ges\u00f9 e di approfondimento della fede. Per cui \u00e8 possibile, nelle domeniche di Quaresima, utilizzare sempre questi testi indipendentemente dall\u2019anno in corso. Quest\u2019anno la Diocesi di Trento ha scelto di dare importanza a tale aspetto catechetico e quindi di utilizzare nella III, IV e V domenica i Vangeli dell\u2019anno A.<\/p>\n<hr \/>\n<p style=\"text-align: center\"><a href=\"https:\/\/www.diocesitn.it\/area-testimonianza\/centro-missionario-diocesano\/appuntamenti-missionari\/#quar\">Le proposte degli anni passati<\/a><\/p>\n","protected":false},"excerpt":{"rendered":"<p>Gli strumenti diocesani per l&#8217;accompagnamento spirituale nel tempo di Quaresima verranno distribuiti a partire dal pomeriggio di mercoled\u00ec 24 gennaio. Anche quest&#8217;anno si propone il GioQua per l&#8217;accompagnamento dei pi\u00f9 giovani. Il tutto sar\u00e0 anche<\/p>\n","protected":false},"author":161,"featured_media":14381,"comment_status":"closed","ping_status":"closed","sticky":false,"template":"","format":"standard","meta":{"footnotes":""},"categories":[1074,1151],"tags":[2194,2058,1435,1244,1782],"class_list":["post-14377","post","type-post","status-publish","format-standard","has-post-thumbnail","hentry","category-notizie","category-servizio-missionario","tag-2194","tag-gioqua","tag-materiale","tag-digiuno-rinuncia-quaresima","tag-sussidio"],"acf":{"seed-localization-paese-cod":"IT","seed-localization-address":"","seed-localization-citta":"Trento","seed-localization-regione-cod-istat":"04","seed-localization-citta-cod-istat":"022205","seed-localization-localita":"","seed-localization-cap":"","seed-localization-marker-visibility":false,"seed-localization-children-visibility":false,"seed-localization-kml":"","seed-localization-custom-marker":""},"yoast_head":"<!-- This site is optimized with the Yoast SEO Premium plugin v20.2.1 (Yoast SEO v22.2) - https:\/\/yoast.com\/wordpress\/plugins\/seo\/ -->\n<title>Quaresima 2024. Strumenti diocesani per l&#039;accompagnamento spirituale<\/title>\n<meta name=\"description\" content=\"Quali sono gli strumenti proposti con tempi e modi per il ritiro\" \/>\n<meta name=\"robots\" content=\"index, follow, max-snippet:-1, max-image-preview:large, max-video-preview:-1\" \/>\n<link rel=\"canonical\" href=\"https:\/\/www.diocesitn.it\/area-testimonianza\/2024\/01\/24\/quaresima-2024-strumenti-diocesani-per-laccompagnamento-spirituale\/\" \/>\n<meta property=\"og:locale\" content=\"it_IT\" \/>\n<meta property=\"og:type\" content=\"article\" \/>\n<meta property=\"og:title\" content=\"Quaresima 2024. Strumenti diocesani per l&#039;accompagnamento spirituale\" \/>\n<meta property=\"og:description\" content=\"Quali sono gli strumenti proposti con tempi e modi per il ritiro\" \/>\n<meta property=\"og:url\" content=\"https:\/\/www.diocesitn.it\/area-testimonianza\/2024\/01\/24\/quaresima-2024-strumenti-diocesani-per-laccompagnamento-spirituale\/\" \/>\n<meta property=\"og:site_name\" content=\"Testimonianza e Impegno sociale\" \/>\n<meta property=\"article:published_time\" content=\"2024-01-24T07:00:23+00:00\" \/>\n<meta property=\"article:modified_time\" content=\"2024-03-06T09:58:37+00:00\" \/>\n<meta property=\"og:image\" content=\"https:\/\/www.diocesitn.it\/area-testimonianza\/wp-content\/uploads\/sites\/37\/2024\/01\/Quaresima-2024-banner2-scaled.jpg\" \/>\n\t<meta property=\"og:image:width\" content=\"2560\" \/>\n\t<meta property=\"og:image:height\" content=\"1859\" \/>\n\t<meta property=\"og:image:type\" content=\"image\/jpeg\" \/>\n<meta name=\"author\" content=\"smaule\" \/>\n<meta name=\"twitter:card\" content=\"summary_large_image\" \/>\n<meta name=\"twitter:label1\" content=\"Scritto da\" \/>\n\t<meta name=\"twitter:data1\" content=\"smaule\" \/>\n\t<meta name=\"twitter:label2\" content=\"Tempo di lettura stimato\" \/>\n\t<meta name=\"twitter:data2\" content=\"4 minuti\" \/>\n<script type=\"application\/ld+json\" class=\"yoast-schema-graph\">{\"@context\":\"https:\/\/schema.org\",\"@graph\":[{\"@type\":\"Article\",\"@id\":\"https:\/\/www.diocesitn.it\/area-testimonianza\/2024\/01\/24\/quaresima-2024-strumenti-diocesani-per-laccompagnamento-spirituale\/#article\",\"isPartOf\":{\"@id\":\"https:\/\/www.diocesitn.it\/area-testimonianza\/2024\/01\/24\/quaresima-2024-strumenti-diocesani-per-laccompagnamento-spirituale\/\"},\"author\":{\"name\":\"smaule\",\"@id\":\"https:\/\/www.diocesitn.it\/area-testimonianza\/#\/schema\/person\/bac489aafb7f98c1ca25f76c27174a95\"},\"headline\":\"Quaresima 2024. Strumenti diocesani per l&#8217;accompagnamento spirituale\",\"datePublished\":\"2024-01-24T07:00:23+00:00\",\"dateModified\":\"2024-03-06T09:58:37+00:00\",\"mainEntityOfPage\":{\"@id\":\"https:\/\/www.diocesitn.it\/area-testimonianza\/2024\/01\/24\/quaresima-2024-strumenti-diocesani-per-laccompagnamento-spirituale\/\"},\"wordCount\":536,\"publisher\":{\"@id\":\"https:\/\/www.diocesitn.it\/area-testimonianza\/#organization\"},\"image\":{\"@id\":\"https:\/\/www.diocesitn.it\/area-testimonianza\/2024\/01\/24\/quaresima-2024-strumenti-diocesani-per-laccompagnamento-spirituale\/#primaryimage\"},\"thumbnailUrl\":\"https:\/\/www.diocesitn.it\/area-testimonianza\/wp-content\/uploads\/sites\/37\/2024\/01\/Quaresima-2024-banner2-scaled.jpg\",\"keywords\":[\"2024\",\"GioQua\",\"materiale\",\"Quaresima\",\"sussidio\"],\"articleSection\":[\"Notizie\",\"Pastorale Missionaria\"],\"inLanguage\":\"it-IT\",\"copyrightYear\":\"2024\",\"copyrightHolder\":{\"@id\":\"https:\/\/www.diocesitn.it\/#organization\"}},{\"@type\":\"WebPage\",\"@id\":\"https:\/\/www.diocesitn.it\/area-testimonianza\/2024\/01\/24\/quaresima-2024-strumenti-diocesani-per-laccompagnamento-spirituale\/\",\"url\":\"https:\/\/www.diocesitn.it\/area-testimonianza\/2024\/01\/24\/quaresima-2024-strumenti-diocesani-per-laccompagnamento-spirituale\/\",\"name\":\"Quaresima 2024. Strumenti diocesani per l'accompagnamento spirituale\",\"isPartOf\":{\"@id\":\"https:\/\/www.diocesitn.it\/area-testimonianza\/#website\"},\"primaryImageOfPage\":{\"@id\":\"https:\/\/www.diocesitn.it\/area-testimonianza\/2024\/01\/24\/quaresima-2024-strumenti-diocesani-per-laccompagnamento-spirituale\/#primaryimage\"},\"image\":{\"@id\":\"https:\/\/www.diocesitn.it\/area-testimonianza\/2024\/01\/24\/quaresima-2024-strumenti-diocesani-per-laccompagnamento-spirituale\/#primaryimage\"},\"thumbnailUrl\":\"https:\/\/www.diocesitn.it\/area-testimonianza\/wp-content\/uploads\/sites\/37\/2024\/01\/Quaresima-2024-banner2-scaled.jpg\",\"datePublished\":\"2024-01-24T07:00:23+00:00\",\"dateModified\":\"2024-03-06T09:58:37+00:00\",\"description\":\"Quali sono gli strumenti proposti con tempi e modi per il ritiro\",\"breadcrumb\":{\"@id\":\"https:\/\/www.diocesitn.it\/area-testimonianza\/2024\/01\/24\/quaresima-2024-strumenti-diocesani-per-laccompagnamento-spirituale\/#breadcrumb\"},\"inLanguage\":\"it-IT\",\"potentialAction\":[{\"@type\":\"ReadAction\",\"target\":[\"https:\/\/www.diocesitn.it\/area-testimonianza\/2024\/01\/24\/quaresima-2024-strumenti-diocesani-per-laccompagnamento-spirituale\/\"]}]},{\"@type\":\"ImageObject\",\"inLanguage\":\"it-IT\",\"@id\":\"https:\/\/www.diocesitn.it\/area-testimonianza\/2024\/01\/24\/quaresima-2024-strumenti-diocesani-per-laccompagnamento-spirituale\/#primaryimage\",\"url\":\"https:\/\/www.diocesitn.it\/area-testimonianza\/wp-content\/uploads\/sites\/37\/2024\/01\/Quaresima-2024-banner2-scaled.jpg\",\"contentUrl\":\"https:\/\/www.diocesitn.it\/area-testimonianza\/wp-content\/uploads\/sites\/37\/2024\/01\/Quaresima-2024-banner2-scaled.jpg\",\"width\":2560,\"height\":1859},{\"@type\":\"BreadcrumbList\",\"@id\":\"https:\/\/www.diocesitn.it\/area-testimonianza\/2024\/01\/24\/quaresima-2024-strumenti-diocesani-per-laccompagnamento-spirituale\/#breadcrumb\",\"itemListElement\":[{\"@type\":\"ListItem\",\"position\":1,\"name\":\"Home\",\"item\":\"https:\/\/www.diocesitn.it\/area-testimonianza\/\"},{\"@type\":\"ListItem\",\"position\":2,\"name\":\"Quaresima 2024. Strumenti diocesani per l&#8217;accompagnamento spirituale\"}]},{\"@type\":\"WebSite\",\"@id\":\"https:\/\/www.diocesitn.it\/area-testimonianza\/#website\",\"url\":\"https:\/\/www.diocesitn.it\/area-testimonianza\/\",\"name\":\"Testimonianza e Impegno sociale\",\"description\":\"Chiesa di Trento\",\"publisher\":{\"@id\":\"https:\/\/www.diocesitn.it\/area-testimonianza\/#organization\"},\"potentialAction\":[{\"@type\":\"SearchAction\",\"target\":{\"@type\":\"EntryPoint\",\"urlTemplate\":\"https:\/\/www.diocesitn.it\/area-testimonianza\/?s={search_term_string}\"},\"query-input\":\"required name=search_term_string\"}],\"inLanguage\":\"it-IT\"},{\"@type\":[\"Organization\",\"Place\"],\"@id\":\"https:\/\/www.diocesitn.it\/area-testimonianza\/#organization\",\"name\":\"Area Testimonianza e Impegno Sociale - Chiesa di Trento\",\"url\":\"https:\/\/www.diocesitn.it\/area-testimonianza\/\",\"logo\":{\"@id\":\"https:\/\/www.diocesitn.it\/area-testimonianza\/2024\/01\/24\/quaresima-2024-strumenti-diocesani-per-laccompagnamento-spirituale\/#local-main-organization-logo\"},\"image\":{\"@id\":\"https:\/\/www.diocesitn.it\/area-testimonianza\/2024\/01\/24\/quaresima-2024-strumenti-diocesani-per-laccompagnamento-spirituale\/#local-main-organization-logo\"},\"openingHoursSpecification\":[{\"@type\":\"OpeningHoursSpecification\",\"dayOfWeek\":[\"Monday\",\"Tuesday\",\"Wednesday\",\"Thursday\",\"Friday\",\"Saturday\",\"Sunday\"],\"opens\":\"09:00\",\"closes\":\"17:00\"}]},{\"@type\":\"ImageObject\",\"inLanguage\":\"it-IT\",\"@id\":\"https:\/\/www.diocesitn.it\/area-testimonianza\/2024\/01\/24\/quaresima-2024-strumenti-diocesani-per-laccompagnamento-spirituale\/#local-main-organization-logo\",\"url\":\"https:\/\/www.diocesitn.it\/area-testimonianza\/wp-content\/uploads\/sites\/37\/2021\/09\/og-logo-testimonianza-e-impegno-sociale.jpg\",\"contentUrl\":\"https:\/\/www.diocesitn.it\/area-testimonianza\/wp-content\/uploads\/sites\/37\/2021\/09\/og-logo-testimonianza-e-impegno-sociale.jpg\",\"width\":1200,\"height\":630,\"caption\":\"Area Testimonianza e Impegno Sociale - Chiesa di Trento\"}]}<\/script>\n<!-- \/ Yoast SEO Premium plugin. -->","yoast_head_json":{"title":"Quaresima 2024. Strumenti diocesani per l'accompagnamento spirituale","description":"Quali sono gli strumenti proposti con tempi e modi per il ritiro","robots":{"index":"index","follow":"follow","max-snippet":"max-snippet:-1","max-image-preview":"max-image-preview:large","max-video-preview":"max-video-preview:-1"},"canonical":"https:\/\/www.diocesitn.it\/area-testimonianza\/2024\/01\/24\/quaresima-2024-strumenti-diocesani-per-laccompagnamento-spirituale\/","og_locale":"it_IT","og_type":"article","og_title":"Quaresima 2024. Strumenti diocesani per l'accompagnamento spirituale","og_description":"Quali sono gli strumenti proposti con tempi e modi per il ritiro","og_url":"https:\/\/www.diocesitn.it\/area-testimonianza\/2024\/01\/24\/quaresima-2024-strumenti-diocesani-per-laccompagnamento-spirituale\/","og_site_name":"Testimonianza e Impegno sociale","article_published_time":"2024-01-24T07:00:23+00:00","article_modified_time":"2024-03-06T09:58:37+00:00","og_image":[{"width":2560,"height":1859,"url":"https:\/\/www.diocesitn.it\/area-testimonianza\/wp-content\/uploads\/sites\/37\/2024\/01\/Quaresima-2024-banner2-scaled.jpg","type":"image\/jpeg"}],"author":"smaule","twitter_card":"summary_large_image","twitter_misc":{"Scritto da":"smaule","Tempo di lettura stimato":"4 minuti"},"schema":{"@context":"https:\/\/schema.org","@graph":[{"@type":"Article","@id":"https:\/\/www.diocesitn.it\/area-testimonianza\/2024\/01\/24\/quaresima-2024-strumenti-diocesani-per-laccompagnamento-spirituale\/#article","isPartOf":{"@id":"https:\/\/www.diocesitn.it\/area-testimonianza\/2024\/01\/24\/quaresima-2024-strumenti-diocesani-per-laccompagnamento-spirituale\/"},"author":{"name":"smaule","@id":"https:\/\/www.diocesitn.it\/area-testimonianza\/#\/schema\/person\/bac489aafb7f98c1ca25f76c27174a95"},"headline":"Quaresima 2024. Strumenti diocesani per l&#8217;accompagnamento spirituale","datePublished":"2024-01-24T07:00:23+00:00","dateModified":"2024-03-06T09:58:37+00:00","mainEntityOfPage":{"@id":"https:\/\/www.diocesitn.it\/area-testimonianza\/2024\/01\/24\/quaresima-2024-strumenti-diocesani-per-laccompagnamento-spirituale\/"},"wordCount":536,"publisher":{"@id":"https:\/\/www.diocesitn.it\/area-testimonianza\/#organization"},"image":{"@id":"https:\/\/www.diocesitn.it\/area-testimonianza\/2024\/01\/24\/quaresima-2024-strumenti-diocesani-per-laccompagnamento-spirituale\/#primaryimage"},"thumbnailUrl":"https:\/\/www.diocesitn.it\/area-testimonianza\/wp-content\/uploads\/sites\/37\/2024\/01\/Quaresima-2024-banner2-scaled.jpg","keywords":["2024","GioQua","materiale","Quaresima","sussidio"],"articleSection":["Notizie","Pastorale Missionaria"],"inLanguage":"it-IT","copyrightYear":"2024","copyrightHolder":{"@id":"https:\/\/www.diocesitn.it\/#organization"}},{"@type":"WebPage","@id":"https:\/\/www.diocesitn.it\/area-testimonianza\/2024\/01\/24\/quaresima-2024-strumenti-diocesani-per-laccompagnamento-spirituale\/","url":"https:\/\/www.diocesitn.it\/area-testimonianza\/2024\/01\/24\/quaresima-2024-strumenti-diocesani-per-laccompagnamento-spirituale\/","name":"Quaresima 2024. Strumenti diocesani per l'accompagnamento spirituale","isPartOf":{"@id":"https:\/\/www.diocesitn.it\/area-testimonianza\/#website"},"primaryImageOfPage":{"@id":"https:\/\/www.diocesitn.it\/area-testimonianza\/2024\/01\/24\/quaresima-2024-strumenti-diocesani-per-laccompagnamento-spirituale\/#primaryimage"},"image":{"@id":"https:\/\/www.diocesitn.it\/area-testimonianza\/2024\/01\/24\/quaresima-2024-strumenti-diocesani-per-laccompagnamento-spirituale\/#primaryimage"},"thumbnailUrl":"https:\/\/www.diocesitn.it\/area-testimonianza\/wp-content\/uploads\/sites\/37\/2024\/01\/Quaresima-2024-banner2-scaled.jpg","datePublished":"2024-01-24T07:00:23+00:00","dateModified":"2024-03-06T09:58:37+00:00","description":"Quali sono gli strumenti proposti con tempi e modi per il ritiro","breadcrumb":{"@id":"https:\/\/www.diocesitn.it\/area-testimonianza\/2024\/01\/24\/quaresima-2024-strumenti-diocesani-per-laccompagnamento-spirituale\/#breadcrumb"},"inLanguage":"it-IT","potentialAction":[{"@type":"ReadAction","target":["https:\/\/www.diocesitn.it\/area-testimonianza\/2024\/01\/24\/quaresima-2024-strumenti-diocesani-per-laccompagnamento-spirituale\/"]}]},{"@type":"ImageObject","inLanguage":"it-IT","@id":"https:\/\/www.diocesitn.it\/area-testimonianza\/2024\/01\/24\/quaresima-2024-strumenti-diocesani-per-laccompagnamento-spirituale\/#primaryimage","url":"https:\/\/www.diocesitn.it\/area-testimonianza\/wp-content\/uploads\/sites\/37\/2024\/01\/Quaresima-2024-banner2-scaled.jpg","contentUrl":"https:\/\/www.diocesitn.it\/area-testimonianza\/wp-content\/uploads\/sites\/37\/2024\/01\/Quaresima-2024-banner2-scaled.jpg","width":2560,"height":1859},{"@type":"BreadcrumbList","@id":"https:\/\/www.diocesitn.it\/area-testimonianza\/2024\/01\/24\/quaresima-2024-strumenti-diocesani-per-laccompagnamento-spirituale\/#breadcrumb","itemListElement":[{"@type":"ListItem","position":1,"name":"Home","item":"https:\/\/www.diocesitn.it\/area-testimonianza\/"},{"@type":"ListItem","position":2,"name":"Quaresima 2024. Strumenti diocesani per l&#8217;accompagnamento spirituale"}]},{"@type":"WebSite","@id":"https:\/\/www.diocesitn.it\/area-testimonianza\/#website","url":"https:\/\/www.diocesitn.it\/area-testimonianza\/","name":"Testimonianza e Impegno sociale","description":"Chiesa di Trento","publisher":{"@id":"https:\/\/www.diocesitn.it\/area-testimonianza\/#organization"},"potentialAction":[{"@type":"SearchAction","target":{"@type":"EntryPoint","urlTemplate":"https:\/\/www.diocesitn.it\/area-testimonianza\/?s={search_term_string}"},"query-input":"required name=search_term_string"}],"inLanguage":"it-IT"},{"@type":["Organization","Place"],"@id":"https:\/\/www.diocesitn.it\/area-testimonianza\/#organization","name":"Area Testimonianza e Impegno Sociale - Chiesa di Trento","url":"https:\/\/www.diocesitn.it\/area-testimonianza\/","logo":{"@id":"https:\/\/www.diocesitn.it\/area-testimonianza\/2024\/01\/24\/quaresima-2024-strumenti-diocesani-per-laccompagnamento-spirituale\/#local-main-organization-logo"},"image":{"@id":"https:\/\/www.diocesitn.it\/area-testimonianza\/2024\/01\/24\/quaresima-2024-strumenti-diocesani-per-laccompagnamento-spirituale\/#local-main-organization-logo"},"openingHoursSpecification":[{"@type":"OpeningHoursSpecification","dayOfWeek":["Monday","Tuesday","Wednesday","Thursday","Friday","Saturday","Sunday"],"opens":"09:00","closes":"17:00"}]},{"@type":"ImageObject","inLanguage":"it-IT","@id":"https:\/\/www.diocesitn.it\/area-testimonianza\/2024\/01\/24\/quaresima-2024-strumenti-diocesani-per-laccompagnamento-spirituale\/#local-main-organization-logo","url":"https:\/\/www.diocesitn.it\/area-testimonianza\/wp-content\/uploads\/sites\/37\/2021\/09\/og-logo-testimonianza-e-impegno-sociale.jpg","contentUrl":"https:\/\/www.diocesitn.it\/area-testimonianza\/wp-content\/uploads\/sites\/37\/2021\/09\/og-logo-testimonianza-e-impegno-sociale.jpg","width":1200,"height":630,"caption":"Area Testimonianza e Impegno Sociale - Chiesa di Trento"}]}},"_links":{"self":[{"href":"https:\/\/www.diocesitn.it\/area-testimonianza\/wp-json\/wp\/v2\/posts\/14377","targetHints":{"allow":["GET"]}}],"collection":[{"href":"https:\/\/www.diocesitn.it\/area-testimonianza\/wp-json\/wp\/v2\/posts"}],"about":[{"href":"https:\/\/www.diocesitn.it\/area-testimonianza\/wp-json\/wp\/v2\/types\/post"}],"author":[{"embeddable":true,"href":"https:\/\/www.diocesitn.it\/area-testimonianza\/wp-json\/wp\/v2\/users\/161"}],"replies":[{"embeddable":true,"href":"https:\/\/www.diocesitn.it\/area-testimonianza\/wp-json\/wp\/v2\/comments?post=14377"}],"version-history":[{"count":4,"href":"https:\/\/www.diocesitn.it\/area-testimonianza\/wp-json\/wp\/v2\/posts\/14377\/revisions"}],"predecessor-version":[{"id":14458,"href":"https:\/\/www.diocesitn.it\/area-testimonianza\/wp-json\/wp\/v2\/posts\/14377\/revisions\/14458"}],"wp:featuredmedia":[{"embeddable":true,"href":"https:\/\/www.diocesitn.it\/area-testimonianza\/wp-json\/wp\/v2\/media\/14381"}],"wp:attachment":[{"href":"https:\/\/www.diocesitn.it\/area-testimonianza\/wp-json\/wp\/v2\/media?parent=14377"}],"wp:term":[{"taxonomy":"category","embeddable":true,"href":"https:\/\/www.diocesitn.it\/area-testimonianza\/wp-json\/wp\/v2\/categories?post=14377"},{"taxonomy":"post_tag","embeddable":true,"href":"https:\/\/www.diocesitn.it\/area-testimonianza\/wp-json\/wp\/v2\/tags?post=14377"}],"curies":[{"name":"wp","href":"https:\/\/api.w.org\/{rel}","templated":true}]}}