{"id":14295,"date":"2024-01-09T10:11:01","date_gmt":"2024-01-09T09:11:01","guid":{"rendered":"https:\/\/www.diocesitn.it\/area-testimonianza\/2024\/01\/09\/patton-dal-fiume-giordano-la-terra-santa-non-sia-campo-di-battaglia-ma-terra-di-fraternita-e-di-pace\/"},"modified":"2024-12-18T08:47:34","modified_gmt":"2024-12-18T07:47:34","slug":"patton-dal-fiume-giordano-la-terra-santa-non-sia-campo-di-battaglia-ma-terra-di-fraternita-e-di-pace","status":"publish","type":"post","link":"https:\/\/www.diocesitn.it\/area-testimonianza\/2024\/01\/09\/patton-dal-fiume-giordano-la-terra-santa-non-sia-campo-di-battaglia-ma-terra-di-fraternita-e-di-pace\/","title":{"rendered":"Patton dal fiume Giordano: la Terra Santa non sia campo di battaglia ma terra di fraternit\u00e0 e di pace"},"content":{"rendered":"<p>Il custode di Terra Santa, <strong>padre Francesco Patton<\/strong>, ha celebrato la memoria del <strong>battesimo di Ges\u00f9<\/strong> ad <strong>Al-Maghtas<\/strong>, il <strong>sito che costeggia il fiume Giordano<\/strong>, tradizionalmente riconosciuto come il luogo dove Giovanni il Battista usava praticare il battesimo.<\/p>\n<h5><strong>Le acque del Battesimo di Ges\u00f9\u00a0<\/strong><\/h5>\n<p>\u00abCi troviamo questa mattina &#8211; ha esordito Patton &#8211; sulle rive del fiume Giordano, a pochi passi dal luogo dove <strong>Ges\u00f9 si immerse nelle acque<\/strong> per ricevere il battesimo e poi sottoporsi alla prova della tentazione prima di incominciare la sua missione di predicare il regno di Dio e invitare a conversione, di cacciare i demoni e di guarire i malati, e di annunciare la buona notizia che Dio \u00e8 Padre per tutti noi\u00bb.<\/p>\n<h5><strong>L&#8217;appello contro la guerra\u00a0<\/strong><\/h5>\n<p>\u00abQui al Giordano &#8211; ha poi aggiunto Patton facendo riferimento all&#8217;orrore della guerra &#8211; chiediamo ancora una volta la grazia che si aprano i cieli e che lo Spirito discenda su tutti coloro che abitano in questa terra rinnovando il cuore e donando la pace. Qui al Giordano, dove il Figlio di Dio ci ha rivelato che anche tutti noi siamo figli dello stesso Padre, possa ancora manifestarsi la potenza dello Spirito che trasforma popoli diversi e ostili tra di loro in popoli fratelli che appartengono alla stessa famiglia dei figli di Dio, alla stessa fraternit\u00e0 umana. Qui al Giordano, dove in Ges\u00f9 anche ognuno di noi \u00e8 diventato Figlio amato di Dio, possa davvero iniziare un&#8217;umanit\u00e0 nuova che rigetta l&#8217;etica della violenza e della vendetta e abbraccia l&#8217;etica del perdono, della riconciliazione, dell&#8217;amore fino al dono di s\u00e9\u00bb.<\/p>\n<h5><strong>Il battesimo di un palestinese cristiano\u00a0<\/strong><\/h5>\n<p>Alla celebrazione, durante la quale \u00e8 stato amministrato il battesimo a un bimbo palestinese di una famiglia cristiana di Gerusalemme, <span style=\"font-size: inherit\">hanno partecipato circa ottanta francescani della Custodia e alcune centinaia di fedeli cristiani arrivati da Gerico, da Gerusalemme e dalle vicine localit\u00e0 della West Bank, malgrado le restrizioni alla mobilit\u00e0 imposte dalla guerra a Gaza.\u00a0<\/span><\/p>\n<p><a href=\"https:\/\/cmc-terrasanta.com\/it\/media\/terra-santa-news\/32553\/celebrare-il-battesimo-di-cristo:-il-linguaggio-delle-armi-si-pu%C3%B2-superare\">IL VIDEO DELLA CELEBRAZIONE CON L&#8217;INTERVISTA A PATTON (<\/a><a href=\"https:\/\/cmc-terrasanta.com\/it\/media\/terra-santa-news\/32553\/celebrare-il-battesimo-di-cristo:-il-linguaggio-delle-armi-si-pu%C3%B2-superare\">DA CHRISTIAN MEDIA CENTER<\/a><a href=\"https:\/\/cmc-terrasanta.com\/it\/media\/terra-santa-news\/32553\/celebrare-il-battesimo-di-cristo:-il-linguaggio-delle-armi-si-pu%C3%B2-superare\">)\u00a0<\/a><\/p>\n\n\n\t\t<style type='text\/css'>\n\n\t\t\t\/* PhotoSwipe Plugin *\/\n\t\t\t.psgal {\n\t\t\t\tmargin: auto;\n\t\t\t\tpadding-bottom:40px;\n\n\t\t\t\t-webkit-transition: all 0.4s ease;\n\t\t\t\t-moz-transition: all 0.4s ease;\n\t\t\t\t-o-transition: all 0.4s ease;\n\t\t\t\ttransition: all 0.4s ease;\n\t\t\t}\n\n\t\t\t.psgal figure {\n\t\t\t\tfloat: left;\n\t\t\t\ttext-align: center;\n    \t\t\twidth: 200px;\n                max-width: 50%;\n\t\t\t\tpadding:5px;\n\t\t\t\tmargin: 0px;\n\t\t\t\tbox-sizing:border-box;\n\t\t\t}\n\t\t\t.psgal a{\n\t\t\t\tdisplay:block;\n\t\t\t}\n\t\t\t.psgal figure figcaption{\n\t\t\t\tfont-size:13px;\n\t\t\t}\n\n\t\t\t.msnry{\n\t\t\t\tmargin:auto;\n\t\t\t}\n\t\t\t.pswp__caption__center{\n\t\t\t\ttext-align: center;\n\t\t\t}\n\t\t\t\n\n\t\t\t.photoswipe-gallery-caption{\n\t\t\t\tdisplay:none;\n\t\t\t}\n\n\t\t\t\n\t\t<\/style> <div style=\"clear:both\"><\/div>\n\n\t\t<div id=\"psgal_14295_1\" class=\"ps-gallery psgal gallery-columns-3 gallery-size-thumbnail\" itemscope itemtype=\"http:\/\/schema.org\/ImageGallery\" >\n\t\t\t\t<figure class=\"msnry_item\" itemscope itemtype=\"http:\/\/schema.org\/ImageObject\">\n\t\t\t\t\t<a href=\"https:\/\/www.diocesitn.it\/area-testimonianza\/wp-content\/uploads\/sites\/37\/2024\/01\/Patton_bettesimo2-e1704791348486.png\"\n\t\t\t\t\titemprop=\"contentUrl\"\n\t\t\t\t\tdata-pswp-width=\"800\" \n\t\t\t\t    data-pswp-height=\"484\" \n\t\t\t\t    data-cropped=\"true\"\n\t\t\t\t\tdata-caption=\"\"\n\t\t\t\t\tclass=\"post-thumbnail-image-link container-fixed-aspect-ratio__16-9\">\n\t\t\t\t        <img src=https:\/\/www.diocesitn.it\/area-testimonianza\/wp-content\/uploads\/sites\/37\/2024\/01\/Patton_bettesimo2-e1704791348486-300x182.png itemprop=\"thumbnail\" alt=\"\"  \/>\n\t\t\t\t    <\/a>\n\t\t\t\t    <figcaption class=\"photoswipe-gallery-caption\" ><\/figcaption>\n\t\t\t    <\/figure>\n\t\t\t\t\n\t\t\t\t<figure class=\"msnry_item\" itemscope itemtype=\"http:\/\/schema.org\/ImageObject\">\n\t\t\t\t\t<a href=\"https:\/\/www.diocesitn.it\/area-testimonianza\/wp-content\/uploads\/sites\/37\/2024\/01\/Patton_bettesimo--e1704791309679.png\"\n\t\t\t\t\titemprop=\"contentUrl\"\n\t\t\t\t\tdata-pswp-width=\"800\" \n\t\t\t\t    data-pswp-height=\"473\" \n\t\t\t\t    data-cropped=\"true\"\n\t\t\t\t\tdata-caption=\"\"\n\t\t\t\t\tclass=\"post-thumbnail-image-link container-fixed-aspect-ratio__16-9\">\n\t\t\t\t        <img src=https:\/\/www.diocesitn.it\/area-testimonianza\/wp-content\/uploads\/sites\/37\/2024\/01\/Patton_bettesimo--e1704791309679-300x177.png itemprop=\"thumbnail\" alt=\"\"  \/>\n\t\t\t\t    <\/a>\n\t\t\t\t    <figcaption class=\"photoswipe-gallery-caption\" ><\/figcaption>\n\t\t\t    <\/figure>\n\t\t\t\t\n\t\t\t\t<figure class=\"msnry_item\" itemscope itemtype=\"http:\/\/schema.org\/ImageObject\">\n\t\t\t\t\t<a href=\"https:\/\/www.diocesitn.it\/area-testimonianza\/wp-content\/uploads\/sites\/37\/2024\/01\/Patton_bettesimo3-e1704791366237.png\"\n\t\t\t\t\titemprop=\"contentUrl\"\n\t\t\t\t\tdata-pswp-width=\"800\" \n\t\t\t\t    data-pswp-height=\"478\" \n\t\t\t\t    data-cropped=\"true\"\n\t\t\t\t\tdata-caption=\"\"\n\t\t\t\t\tclass=\"post-thumbnail-image-link container-fixed-aspect-ratio__16-9\">\n\t\t\t\t        <img src=https:\/\/www.diocesitn.it\/area-testimonianza\/wp-content\/uploads\/sites\/37\/2024\/01\/Patton_bettesimo3-e1704791366237-300x179.png itemprop=\"thumbnail\" alt=\"\"  \/>\n\t\t\t\t    <\/a>\n\t\t\t\t    <figcaption class=\"photoswipe-gallery-caption\" ><\/figcaption>\n\t\t\t    <\/figure>\n\t\t\t\t<\/div>\n\t\t<div style='clear:both'><\/div>\n\t\n<p>&nbsp;<\/p>\n","protected":false},"excerpt":{"rendered":"<p>Il custode di Terra Santa, padre Francesco Patton, ha celebrato la memoria del battesimo di Ges\u00f9 ad Al-Maghtas, il sito che costeggia il fiume Giordano, tradizionalmente riconosciuto come il luogo dove Giovanni il Battista usava<\/p>\n","protected":false},"author":3,"featured_media":14296,"comment_status":"closed","ping_status":"closed","sticky":false,"template":"","format":"standard","meta":{"footnotes":""},"categories":[2206,1074,1151],"tags":[2399,1595,1317,1412],"class_list":["post-14295","post","type-post","status-publish","format-standard","has-post-thumbnail","hentry","category-servizio-giustizia-e-pace","category-notizie","category-servizio-missionario","tag-lettere-dalle-missioni","tag-padre-francesco-patton","tag-pace","tag-terra-santa"],"acf":{"seed-localization-paese-cod":"IT","seed-localization-address":"","seed-localization-citta":"Trento","seed-localization-regione-cod-istat":"04","seed-localization-citta-cod-istat":"022205","seed-localization-localita":"","seed-localization-cap":"","seed-localization-marker-visibility":false,"seed-localization-children-visibility":false,"seed-localization-kml":"","seed-localization-custom-marker":""},"yoast_head":"<!-- This site is optimized with the Yoast SEO Premium plugin v20.2.1 (Yoast SEO v22.2) - https:\/\/yoast.com\/wordpress\/plugins\/seo\/ -->\n<title>Patton dal fiume Giordano: la Terra Santa non sia campo di battaglia ma terra di fraternit\u00e0 e di pace - Testimonianza e Impegno sociale<\/title>\n<meta name=\"robots\" content=\"index, follow, max-snippet:-1, max-image-preview:large, max-video-preview:-1\" \/>\n<link rel=\"canonical\" href=\"https:\/\/www.diocesitn.it\/area-testimonianza\/2024\/01\/09\/patton-dal-fiume-giordano-la-terra-santa-non-sia-campo-di-battaglia-ma-terra-di-fraternita-e-di-pace\/\" \/>\n<meta property=\"og:locale\" content=\"it_IT\" \/>\n<meta property=\"og:type\" content=\"article\" \/>\n<meta property=\"og:title\" content=\"Patton dal fiume Giordano: la Terra Santa non sia campo di battaglia ma terra di fraternit\u00e0 e di pace\" \/>\n<meta property=\"og:description\" content=\"Il custode di Terra Santa, padre Francesco Patton, ha celebrato la memoria del battesimo di Ges\u00f9 ad Al-Maghtas, il sito che costeggia il fiume Giordano, tradizionalmente riconosciuto come il luogo dove Giovanni il Battista usava\" \/>\n<meta property=\"og:url\" content=\"https:\/\/www.diocesitn.it\/area-testimonianza\/2024\/01\/09\/patton-dal-fiume-giordano-la-terra-santa-non-sia-campo-di-battaglia-ma-terra-di-fraternita-e-di-pace\/\" \/>\n<meta property=\"og:site_name\" content=\"Testimonianza e Impegno sociale\" \/>\n<meta property=\"article:published_time\" content=\"2024-01-09T09:11:01+00:00\" \/>\n<meta property=\"article:modified_time\" content=\"2024-12-18T07:47:34+00:00\" \/>\n<meta property=\"og:image\" content=\"https:\/\/www.diocesitn.it\/area-testimonianza\/wp-content\/uploads\/sites\/37\/2024\/01\/Patton_bettesimo--e1704791309679.png\" \/>\n\t<meta property=\"og:image:width\" content=\"900\" \/>\n\t<meta property=\"og:image:height\" content=\"532\" \/>\n\t<meta property=\"og:image:type\" content=\"image\/png\" \/>\n<meta name=\"author\" content=\"Piergiorgio Franceschini\" \/>\n<meta name=\"twitter:card\" content=\"summary_large_image\" \/>\n<meta name=\"twitter:label1\" content=\"Scritto da\" \/>\n\t<meta name=\"twitter:data1\" content=\"Piergiorgio Franceschini\" \/>\n\t<meta name=\"twitter:label2\" content=\"Tempo di lettura stimato\" \/>\n\t<meta name=\"twitter:data2\" content=\"2 minuti\" \/>\n<script type=\"application\/ld+json\" class=\"yoast-schema-graph\">{\"@context\":\"https:\/\/schema.org\",\"@graph\":[{\"@type\":\"Article\",\"@id\":\"https:\/\/www.diocesitn.it\/area-testimonianza\/2024\/01\/09\/patton-dal-fiume-giordano-la-terra-santa-non-sia-campo-di-battaglia-ma-terra-di-fraternita-e-di-pace\/#article\",\"isPartOf\":{\"@id\":\"https:\/\/www.diocesitn.it\/area-testimonianza\/2024\/01\/09\/patton-dal-fiume-giordano-la-terra-santa-non-sia-campo-di-battaglia-ma-terra-di-fraternita-e-di-pace\/\"},\"author\":{\"name\":\"Piergiorgio Franceschini\",\"@id\":\"https:\/\/www.diocesitn.it\/area-testimonianza\/#\/schema\/person\/99590c84577873a025247b6aeb16ad2e\"},\"headline\":\"Patton dal fiume Giordano: la Terra Santa non sia campo di battaglia ma terra di fraternit\u00e0 e di pace\",\"datePublished\":\"2024-01-09T09:11:01+00:00\",\"dateModified\":\"2024-12-18T07:47:34+00:00\",\"mainEntityOfPage\":{\"@id\":\"https:\/\/www.diocesitn.it\/area-testimonianza\/2024\/01\/09\/patton-dal-fiume-giordano-la-terra-santa-non-sia-campo-di-battaglia-ma-terra-di-fraternita-e-di-pace\/\"},\"wordCount\":353,\"publisher\":{\"@id\":\"https:\/\/www.diocesitn.it\/area-testimonianza\/#organization\"},\"image\":{\"@id\":\"https:\/\/www.diocesitn.it\/area-testimonianza\/2024\/01\/09\/patton-dal-fiume-giordano-la-terra-santa-non-sia-campo-di-battaglia-ma-terra-di-fraternita-e-di-pace\/#primaryimage\"},\"thumbnailUrl\":\"https:\/\/www.diocesitn.it\/area-testimonianza\/wp-content\/uploads\/sites\/37\/2024\/01\/Patton_bettesimo--e1704791309679.png\",\"keywords\":[\"lettere dalle missioni\",\"p. Francesco Patton\",\"pace\",\"terra Santa\"],\"articleSection\":[\"Giustizia e pace\",\"Notizie\",\"Pastorale Missionaria\"],\"inLanguage\":\"it-IT\",\"copyrightYear\":\"2024\",\"copyrightHolder\":{\"@id\":\"https:\/\/www.diocesitn.it\/#organization\"}},{\"@type\":\"WebPage\",\"@id\":\"https:\/\/www.diocesitn.it\/area-testimonianza\/2024\/01\/09\/patton-dal-fiume-giordano-la-terra-santa-non-sia-campo-di-battaglia-ma-terra-di-fraternita-e-di-pace\/\",\"url\":\"https:\/\/www.diocesitn.it\/area-testimonianza\/2024\/01\/09\/patton-dal-fiume-giordano-la-terra-santa-non-sia-campo-di-battaglia-ma-terra-di-fraternita-e-di-pace\/\",\"name\":\"Patton dal fiume Giordano: la Terra Santa non sia campo di battaglia ma terra di fraternit\u00e0 e di pace - Testimonianza e Impegno sociale\",\"isPartOf\":{\"@id\":\"https:\/\/www.diocesitn.it\/area-testimonianza\/#website\"},\"primaryImageOfPage\":{\"@id\":\"https:\/\/www.diocesitn.it\/area-testimonianza\/2024\/01\/09\/patton-dal-fiume-giordano-la-terra-santa-non-sia-campo-di-battaglia-ma-terra-di-fraternita-e-di-pace\/#primaryimage\"},\"image\":{\"@id\":\"https:\/\/www.diocesitn.it\/area-testimonianza\/2024\/01\/09\/patton-dal-fiume-giordano-la-terra-santa-non-sia-campo-di-battaglia-ma-terra-di-fraternita-e-di-pace\/#primaryimage\"},\"thumbnailUrl\":\"https:\/\/www.diocesitn.it\/area-testimonianza\/wp-content\/uploads\/sites\/37\/2024\/01\/Patton_bettesimo--e1704791309679.png\",\"datePublished\":\"2024-01-09T09:11:01+00:00\",\"dateModified\":\"2024-12-18T07:47:34+00:00\",\"breadcrumb\":{\"@id\":\"https:\/\/www.diocesitn.it\/area-testimonianza\/2024\/01\/09\/patton-dal-fiume-giordano-la-terra-santa-non-sia-campo-di-battaglia-ma-terra-di-fraternita-e-di-pace\/#breadcrumb\"},\"inLanguage\":\"it-IT\",\"potentialAction\":[{\"@type\":\"ReadAction\",\"target\":[\"https:\/\/www.diocesitn.it\/area-testimonianza\/2024\/01\/09\/patton-dal-fiume-giordano-la-terra-santa-non-sia-campo-di-battaglia-ma-terra-di-fraternita-e-di-pace\/\"]}]},{\"@type\":\"ImageObject\",\"inLanguage\":\"it-IT\",\"@id\":\"https:\/\/www.diocesitn.it\/area-testimonianza\/2024\/01\/09\/patton-dal-fiume-giordano-la-terra-santa-non-sia-campo-di-battaglia-ma-terra-di-fraternita-e-di-pace\/#primaryimage\",\"url\":\"https:\/\/www.diocesitn.it\/area-testimonianza\/wp-content\/uploads\/sites\/37\/2024\/01\/Patton_bettesimo--e1704791309679.png\",\"contentUrl\":\"https:\/\/www.diocesitn.it\/area-testimonianza\/wp-content\/uploads\/sites\/37\/2024\/01\/Patton_bettesimo--e1704791309679.png\",\"width\":900,\"height\":532},{\"@type\":\"BreadcrumbList\",\"@id\":\"https:\/\/www.diocesitn.it\/area-testimonianza\/2024\/01\/09\/patton-dal-fiume-giordano-la-terra-santa-non-sia-campo-di-battaglia-ma-terra-di-fraternita-e-di-pace\/#breadcrumb\",\"itemListElement\":[{\"@type\":\"ListItem\",\"position\":1,\"name\":\"Home\",\"item\":\"https:\/\/www.diocesitn.it\/area-testimonianza\/\"},{\"@type\":\"ListItem\",\"position\":2,\"name\":\"Patton dal fiume Giordano: la Terra Santa non sia campo di battaglia ma terra di fraternit\u00e0 e di pace\"}]},{\"@type\":\"WebSite\",\"@id\":\"https:\/\/www.diocesitn.it\/area-testimonianza\/#website\",\"url\":\"https:\/\/www.diocesitn.it\/area-testimonianza\/\",\"name\":\"Testimonianza e Impegno sociale\",\"description\":\"Chiesa di Trento\",\"publisher\":{\"@id\":\"https:\/\/www.diocesitn.it\/area-testimonianza\/#organization\"},\"potentialAction\":[{\"@type\":\"SearchAction\",\"target\":{\"@type\":\"EntryPoint\",\"urlTemplate\":\"https:\/\/www.diocesitn.it\/area-testimonianza\/?s={search_term_string}\"},\"query-input\":\"required name=search_term_string\"}],\"inLanguage\":\"it-IT\"},{\"@type\":[\"Organization\",\"Place\"],\"@id\":\"https:\/\/www.diocesitn.it\/area-testimonianza\/#organization\",\"name\":\"Area Testimonianza e Impegno Sociale - Chiesa di Trento\",\"url\":\"https:\/\/www.diocesitn.it\/area-testimonianza\/\",\"logo\":{\"@id\":\"https:\/\/www.diocesitn.it\/area-testimonianza\/2024\/01\/09\/patton-dal-fiume-giordano-la-terra-santa-non-sia-campo-di-battaglia-ma-terra-di-fraternita-e-di-pace\/#local-main-organization-logo\"},\"image\":{\"@id\":\"https:\/\/www.diocesitn.it\/area-testimonianza\/2024\/01\/09\/patton-dal-fiume-giordano-la-terra-santa-non-sia-campo-di-battaglia-ma-terra-di-fraternita-e-di-pace\/#local-main-organization-logo\"},\"openingHoursSpecification\":[{\"@type\":\"OpeningHoursSpecification\",\"dayOfWeek\":[\"Monday\",\"Tuesday\",\"Wednesday\",\"Thursday\",\"Friday\",\"Saturday\",\"Sunday\"],\"opens\":\"09:00\",\"closes\":\"17:00\"}]},{\"@type\":\"ImageObject\",\"inLanguage\":\"it-IT\",\"@id\":\"https:\/\/www.diocesitn.it\/area-testimonianza\/2024\/01\/09\/patton-dal-fiume-giordano-la-terra-santa-non-sia-campo-di-battaglia-ma-terra-di-fraternita-e-di-pace\/#local-main-organization-logo\",\"url\":\"https:\/\/www.diocesitn.it\/area-testimonianza\/wp-content\/uploads\/sites\/37\/2021\/09\/og-logo-testimonianza-e-impegno-sociale.jpg\",\"contentUrl\":\"https:\/\/www.diocesitn.it\/area-testimonianza\/wp-content\/uploads\/sites\/37\/2021\/09\/og-logo-testimonianza-e-impegno-sociale.jpg\",\"width\":1200,\"height\":630,\"caption\":\"Area Testimonianza e Impegno Sociale - Chiesa di Trento\"}]}<\/script>\n<!-- \/ Yoast SEO Premium plugin. -->","yoast_head_json":{"title":"Patton dal fiume Giordano: la Terra Santa non sia campo di battaglia ma terra di fraternit\u00e0 e di pace - Testimonianza e Impegno sociale","robots":{"index":"index","follow":"follow","max-snippet":"max-snippet:-1","max-image-preview":"max-image-preview:large","max-video-preview":"max-video-preview:-1"},"canonical":"https:\/\/www.diocesitn.it\/area-testimonianza\/2024\/01\/09\/patton-dal-fiume-giordano-la-terra-santa-non-sia-campo-di-battaglia-ma-terra-di-fraternita-e-di-pace\/","og_locale":"it_IT","og_type":"article","og_title":"Patton dal fiume Giordano: la Terra Santa non sia campo di battaglia ma terra di fraternit\u00e0 e di pace","og_description":"Il custode di Terra Santa, padre Francesco Patton, ha celebrato la memoria del battesimo di Ges\u00f9 ad Al-Maghtas, il sito che costeggia il fiume Giordano, tradizionalmente riconosciuto come il luogo dove Giovanni il Battista usava","og_url":"https:\/\/www.diocesitn.it\/area-testimonianza\/2024\/01\/09\/patton-dal-fiume-giordano-la-terra-santa-non-sia-campo-di-battaglia-ma-terra-di-fraternita-e-di-pace\/","og_site_name":"Testimonianza e Impegno sociale","article_published_time":"2024-01-09T09:11:01+00:00","article_modified_time":"2024-12-18T07:47:34+00:00","og_image":[{"width":900,"height":532,"url":"https:\/\/www.diocesitn.it\/area-testimonianza\/wp-content\/uploads\/sites\/37\/2024\/01\/Patton_bettesimo--e1704791309679.png","type":"image\/png"}],"author":"Piergiorgio Franceschini","twitter_card":"summary_large_image","twitter_misc":{"Scritto da":"Piergiorgio Franceschini","Tempo di lettura stimato":"2 minuti"},"schema":{"@context":"https:\/\/schema.org","@graph":[{"@type":"Article","@id":"https:\/\/www.diocesitn.it\/area-testimonianza\/2024\/01\/09\/patton-dal-fiume-giordano-la-terra-santa-non-sia-campo-di-battaglia-ma-terra-di-fraternita-e-di-pace\/#article","isPartOf":{"@id":"https:\/\/www.diocesitn.it\/area-testimonianza\/2024\/01\/09\/patton-dal-fiume-giordano-la-terra-santa-non-sia-campo-di-battaglia-ma-terra-di-fraternita-e-di-pace\/"},"author":{"name":"Piergiorgio Franceschini","@id":"https:\/\/www.diocesitn.it\/area-testimonianza\/#\/schema\/person\/99590c84577873a025247b6aeb16ad2e"},"headline":"Patton dal fiume Giordano: la Terra Santa non sia campo di battaglia ma terra di fraternit\u00e0 e di pace","datePublished":"2024-01-09T09:11:01+00:00","dateModified":"2024-12-18T07:47:34+00:00","mainEntityOfPage":{"@id":"https:\/\/www.diocesitn.it\/area-testimonianza\/2024\/01\/09\/patton-dal-fiume-giordano-la-terra-santa-non-sia-campo-di-battaglia-ma-terra-di-fraternita-e-di-pace\/"},"wordCount":353,"publisher":{"@id":"https:\/\/www.diocesitn.it\/area-testimonianza\/#organization"},"image":{"@id":"https:\/\/www.diocesitn.it\/area-testimonianza\/2024\/01\/09\/patton-dal-fiume-giordano-la-terra-santa-non-sia-campo-di-battaglia-ma-terra-di-fraternita-e-di-pace\/#primaryimage"},"thumbnailUrl":"https:\/\/www.diocesitn.it\/area-testimonianza\/wp-content\/uploads\/sites\/37\/2024\/01\/Patton_bettesimo--e1704791309679.png","keywords":["lettere dalle missioni","p. Francesco Patton","pace","terra Santa"],"articleSection":["Giustizia e pace","Notizie","Pastorale Missionaria"],"inLanguage":"it-IT","copyrightYear":"2024","copyrightHolder":{"@id":"https:\/\/www.diocesitn.it\/#organization"}},{"@type":"WebPage","@id":"https:\/\/www.diocesitn.it\/area-testimonianza\/2024\/01\/09\/patton-dal-fiume-giordano-la-terra-santa-non-sia-campo-di-battaglia-ma-terra-di-fraternita-e-di-pace\/","url":"https:\/\/www.diocesitn.it\/area-testimonianza\/2024\/01\/09\/patton-dal-fiume-giordano-la-terra-santa-non-sia-campo-di-battaglia-ma-terra-di-fraternita-e-di-pace\/","name":"Patton dal fiume Giordano: la Terra Santa non sia campo di battaglia ma terra di fraternit\u00e0 e di pace - Testimonianza e Impegno sociale","isPartOf":{"@id":"https:\/\/www.diocesitn.it\/area-testimonianza\/#website"},"primaryImageOfPage":{"@id":"https:\/\/www.diocesitn.it\/area-testimonianza\/2024\/01\/09\/patton-dal-fiume-giordano-la-terra-santa-non-sia-campo-di-battaglia-ma-terra-di-fraternita-e-di-pace\/#primaryimage"},"image":{"@id":"https:\/\/www.diocesitn.it\/area-testimonianza\/2024\/01\/09\/patton-dal-fiume-giordano-la-terra-santa-non-sia-campo-di-battaglia-ma-terra-di-fraternita-e-di-pace\/#primaryimage"},"thumbnailUrl":"https:\/\/www.diocesitn.it\/area-testimonianza\/wp-content\/uploads\/sites\/37\/2024\/01\/Patton_bettesimo--e1704791309679.png","datePublished":"2024-01-09T09:11:01+00:00","dateModified":"2024-12-18T07:47:34+00:00","breadcrumb":{"@id":"https:\/\/www.diocesitn.it\/area-testimonianza\/2024\/01\/09\/patton-dal-fiume-giordano-la-terra-santa-non-sia-campo-di-battaglia-ma-terra-di-fraternita-e-di-pace\/#breadcrumb"},"inLanguage":"it-IT","potentialAction":[{"@type":"ReadAction","target":["https:\/\/www.diocesitn.it\/area-testimonianza\/2024\/01\/09\/patton-dal-fiume-giordano-la-terra-santa-non-sia-campo-di-battaglia-ma-terra-di-fraternita-e-di-pace\/"]}]},{"@type":"ImageObject","inLanguage":"it-IT","@id":"https:\/\/www.diocesitn.it\/area-testimonianza\/2024\/01\/09\/patton-dal-fiume-giordano-la-terra-santa-non-sia-campo-di-battaglia-ma-terra-di-fraternita-e-di-pace\/#primaryimage","url":"https:\/\/www.diocesitn.it\/area-testimonianza\/wp-content\/uploads\/sites\/37\/2024\/01\/Patton_bettesimo--e1704791309679.png","contentUrl":"https:\/\/www.diocesitn.it\/area-testimonianza\/wp-content\/uploads\/sites\/37\/2024\/01\/Patton_bettesimo--e1704791309679.png","width":900,"height":532},{"@type":"BreadcrumbList","@id":"https:\/\/www.diocesitn.it\/area-testimonianza\/2024\/01\/09\/patton-dal-fiume-giordano-la-terra-santa-non-sia-campo-di-battaglia-ma-terra-di-fraternita-e-di-pace\/#breadcrumb","itemListElement":[{"@type":"ListItem","position":1,"name":"Home","item":"https:\/\/www.diocesitn.it\/area-testimonianza\/"},{"@type":"ListItem","position":2,"name":"Patton dal fiume Giordano: la Terra Santa non sia campo di battaglia ma terra di fraternit\u00e0 e di pace"}]},{"@type":"WebSite","@id":"https:\/\/www.diocesitn.it\/area-testimonianza\/#website","url":"https:\/\/www.diocesitn.it\/area-testimonianza\/","name":"Testimonianza e Impegno sociale","description":"Chiesa di Trento","publisher":{"@id":"https:\/\/www.diocesitn.it\/area-testimonianza\/#organization"},"potentialAction":[{"@type":"SearchAction","target":{"@type":"EntryPoint","urlTemplate":"https:\/\/www.diocesitn.it\/area-testimonianza\/?s={search_term_string}"},"query-input":"required name=search_term_string"}],"inLanguage":"it-IT"},{"@type":["Organization","Place"],"@id":"https:\/\/www.diocesitn.it\/area-testimonianza\/#organization","name":"Area Testimonianza e Impegno Sociale - Chiesa di Trento","url":"https:\/\/www.diocesitn.it\/area-testimonianza\/","logo":{"@id":"https:\/\/www.diocesitn.it\/area-testimonianza\/2024\/01\/09\/patton-dal-fiume-giordano-la-terra-santa-non-sia-campo-di-battaglia-ma-terra-di-fraternita-e-di-pace\/#local-main-organization-logo"},"image":{"@id":"https:\/\/www.diocesitn.it\/area-testimonianza\/2024\/01\/09\/patton-dal-fiume-giordano-la-terra-santa-non-sia-campo-di-battaglia-ma-terra-di-fraternita-e-di-pace\/#local-main-organization-logo"},"openingHoursSpecification":[{"@type":"OpeningHoursSpecification","dayOfWeek":["Monday","Tuesday","Wednesday","Thursday","Friday","Saturday","Sunday"],"opens":"09:00","closes":"17:00"}]},{"@type":"ImageObject","inLanguage":"it-IT","@id":"https:\/\/www.diocesitn.it\/area-testimonianza\/2024\/01\/09\/patton-dal-fiume-giordano-la-terra-santa-non-sia-campo-di-battaglia-ma-terra-di-fraternita-e-di-pace\/#local-main-organization-logo","url":"https:\/\/www.diocesitn.it\/area-testimonianza\/wp-content\/uploads\/sites\/37\/2021\/09\/og-logo-testimonianza-e-impegno-sociale.jpg","contentUrl":"https:\/\/www.diocesitn.it\/area-testimonianza\/wp-content\/uploads\/sites\/37\/2021\/09\/og-logo-testimonianza-e-impegno-sociale.jpg","width":1200,"height":630,"caption":"Area Testimonianza e Impegno Sociale - Chiesa di Trento"}]}},"_links":{"self":[{"href":"https:\/\/www.diocesitn.it\/area-testimonianza\/wp-json\/wp\/v2\/posts\/14295","targetHints":{"allow":["GET"]}}],"collection":[{"href":"https:\/\/www.diocesitn.it\/area-testimonianza\/wp-json\/wp\/v2\/posts"}],"about":[{"href":"https:\/\/www.diocesitn.it\/area-testimonianza\/wp-json\/wp\/v2\/types\/post"}],"author":[{"embeddable":true,"href":"https:\/\/www.diocesitn.it\/area-testimonianza\/wp-json\/wp\/v2\/users\/3"}],"replies":[{"embeddable":true,"href":"https:\/\/www.diocesitn.it\/area-testimonianza\/wp-json\/wp\/v2\/comments?post=14295"}],"version-history":[{"count":1,"href":"https:\/\/www.diocesitn.it\/area-testimonianza\/wp-json\/wp\/v2\/posts\/14295\/revisions"}],"predecessor-version":[{"id":14299,"href":"https:\/\/www.diocesitn.it\/area-testimonianza\/wp-json\/wp\/v2\/posts\/14295\/revisions\/14299"}],"wp:featuredmedia":[{"embeddable":true,"href":"https:\/\/www.diocesitn.it\/area-testimonianza\/wp-json\/wp\/v2\/media\/14296"}],"wp:attachment":[{"href":"https:\/\/www.diocesitn.it\/area-testimonianza\/wp-json\/wp\/v2\/media?parent=14295"}],"wp:term":[{"taxonomy":"category","embeddable":true,"href":"https:\/\/www.diocesitn.it\/area-testimonianza\/wp-json\/wp\/v2\/categories?post=14295"},{"taxonomy":"post_tag","embeddable":true,"href":"https:\/\/www.diocesitn.it\/area-testimonianza\/wp-json\/wp\/v2\/tags?post=14295"}],"curies":[{"name":"wp","href":"https:\/\/api.w.org\/{rel}","templated":true}]}}