{"id":14287,"date":"2024-01-09T17:31:57","date_gmt":"2024-01-09T16:31:57","guid":{"rendered":"https:\/\/www.diocesitn.it\/area-testimonianza\/2024\/01\/09\/migranti-vescovi-del-nordest-il-fenomeno-richiede-a-tutti-comunita-ecclesiali-e-civili-scelte-profetiche\/"},"modified":"2024-11-14T11:25:15","modified_gmt":"2024-11-14T10:25:15","slug":"migranti-vescovi-del-nordest-il-fenomeno-richiede-a-tutti-comunita-ecclesiali-e-civili-scelte-profetiche","status":"publish","type":"post","link":"https:\/\/www.diocesitn.it\/area-testimonianza\/2024\/01\/09\/migranti-vescovi-del-nordest-il-fenomeno-richiede-a-tutti-comunita-ecclesiali-e-civili-scelte-profetiche\/","title":{"rendered":"Migranti, vescovi del Nordest: il fenomeno richiede a tutti &#8211; comunit\u00e0 ecclesiali e civili &#8211; scelte profetiche"},"content":{"rendered":"<p>Migrazioni e migranti come fenomeno epocale e incontro di persone e popoli: \u00e8 stato questo il tema, affrontato da pi\u00f9 versanti, della \u201cdue giorni\u201d di confronto e approfondimento che ha impegnato i <strong>Vescovi del Triveneto insieme a 3 rappresentanti di ciascuna delle 15 Diocesi<\/strong> della Regione ecclesiasitica &#8211; sacerdoti, diaconi e fedeli laici -, a <strong>Cavallino<\/strong> (Venezia) presso la Casa diocesana di spiritualit\u00e0 S. Maria Assunta.<\/p>\n<p>\u201cL\u2019altro \u00e8 sempre colto insieme come una risorsa e come una minaccia &#8211; ha affermato <strong>mons. Enrico Trevisi<\/strong>, Vescovo di Trieste, nell\u2019introdurre i lavori -. Siamo legati all\u2019altro. Gli altri possono essere fratelli oppure amici oppure sconosciuti, siamo in una stretta interdipendenza eppure gli altri ben presto risultano un legame che riduce la nostra aspirazione di autonomia, indipendenza e libert\u00e0. L\u2019incontro, il confronto, il conflitto, l\u2019integrazione sono sempre stati un problema con esiti diversificati e contraddittori. Ma dalla paura si pu\u00f2 passare ad un ripensamento della propria identit\u00e0, da raccontare e testimoniare allo straniero che arriva. Allo straniero va raccontato e testimoniato il Paese in cui si trova con i suoi valori condivisi. Bisogna ripensare la propria identit\u00e0 e saperla raccontare ai nuovi arrivati come anche ai giovani che, per certi versi, sembrano stranieri alla nostra cultura di provenienza\u201d.<\/p>\n<h5><strong>Le dimensioni del fenomeno\u00a0<\/strong><\/h5>\n<p>Sulle dimensioni del fenomeno &#8211; che in Italia e nelle nostre regioni si intreccia con il progressivo calo demografico e l\u2019invecchiamento della popolazione &#8211; e su come governare le migrazioni \u00e8 intervenuto il <strong>prof. Stefano Allievi<\/strong> (sociologo dell\u2019Universit\u00e0 di Padova) che ha indicato alcune linee che dovrebbero essere opportunamente perseguite per affrontare seriamente la questione: \u201cO sapremo ricreare canali di immigrazione regolare, che oggi non esistono pi\u00f9, o continueremo a nuotare nel mare dei problemi dell\u2019immigrazione irregolare. E\u2019 giusto controllare i confini, \u00e8 compito dello Stato ed \u00e8 importante sapere chi entra e chi esce, ma questo non significa costruire muri. Bisogna saper ascoltare le paure, parlare con gli altri, ascoltare gli altri e saper raccontare agli italiani quello che veramente succede. E si tratta anche di uscire dalla distinzione in categorie, tra richiedenti asilo e migranti economici (di cui c\u2019\u00e8 molto bisogno). L\u2019accoglienza va governata e non ci si pu\u00f2 limitare ad essa, ci vogliono politiche di integrazione &#8211; dall\u2019imparare la lingua all\u2019inserimento nel tessuto culturale di un Paese, dal fornire strumenti all\u2019offrire riconoscimenti importanti anche sul piano simbolico (ad esempio la cittadinanza alle seconde generazioni) &#8211; e bisogna essere disposti a spendere risorse per questo; non si possono avere accoglienza ed integrazione a costo zero. Pi\u00f9 integrazione significa pi\u00f9 sicurezza\u201d. Ed ha, infine, ribadito l\u2019importanza che la Chiesa mantiene e pu\u00f2 avere sempre pi\u00f9, per la sua autorevolezza, nell\u2019incidere sul dibattito pubblico e nei rapporti con le realt\u00e0 istituzionali e la politica.<\/p>\n<h5><strong>La visione biblica\u00a0<\/strong><\/h5>\n<p>Don Antonio Bortuzzo (biblista della Diocesi di Trieste) ha, quindi, ripercorso parole e racconti della Sacra Scrittura da cui emergono il rapporto con il \u201cforestiero\u201d, le ragioni e le riletture in chiave teologica del migrare di popoli, famiglie (compresa la Sacra Famiglia) e persone nella storia, invitando a rivedere &#8211; alla luce delle pagine bibliche e con spirito di discernimento &#8211; l\u2019epoca attuale, provando anche a comprendere come sia possibile trasformare cammini spesso segnati da morte, odio, conflitti e tragedie in percorsi e \u201cporte\u201d di speranza.<\/p>\n<h5><strong>Dalla Sicilia la voce del vescovo Mogavero\u00a0<\/strong><\/h5>\n<p>Vi \u00e8 stata poi la testimonianza di mons. Domenico Mogavero (Vescovo emerito di Mazara del Vallo) che, sulla base dell\u2019esperienza diretta nella Diocesi siciliana che ha guidato per oltre 15 anni fino al 2022, ha raccontato come le comunit\u00e0 cristiane possono e sono sempre pi\u00f9 provocate ad essere luogo e occasione di incontro per genti provenienti da pi\u00f9 parti: \u201cC\u2019\u00e8 da avviare nella Chiesa una riflessione pi\u00f9 ampia a partire dal fenomeno migratorio per ripensare, alla luce della realt\u00e0, un nuovo modo di dialogare con il mondo a cui raccontare la freschezza e la bellezza del Vangelo. Il rapporto con i migranti, che sono volti concreti e non oggetti, esca finalmente dalla marginalit\u00e0 pastorale o dall\u2019emergenza per farli entrare di diritto nella nostra agenda pastorale e nella vita delle nostre Chiese\u201d. Mons. Mogavero ha indicato alcune possibili linee pastorali &#8211; creare occasioni di carit\u00e0 solidale e di \u201cecumenismo della carit\u00e0\u201d, favorire l\u2019inserimento e la partecipazione di persone e famiglie migranti cattoliche nelle comunit\u00e0, la purificazione del linguaggio e il coraggio di alcune scelte profetiche &#8211; ed ha, infine, aggiunto: \u201cL\u2019integrazione \u00e8 sempre un punto d\u2019arrivo, un processo non breve che deve rimuovere sospetti e diffidenze e richiede dialogo, condivisione e &#8211; come stato intermedio &#8211; dei percorsi di inclusione e convivenza pacifica\u201d.<\/p>\n<h5><strong>Monsignor Tomasi (Treviso): &#8220;Togliamo le paure&#8221;\u00a0\u00a0<\/strong><\/h5>\n<p>L\u2019intervento conclusivo \u00e8 stato svolto da mons. Michele Tomasi, Vescovo di Treviso e delegato per la Pastorale sociale del Triveneto, che ha sottolineato la necessit\u00e0 di saper inquadrare il fenomeno migratorio nel suo orizzonte pi\u00f9 ampio &#8211; che tiene conto anche degli scenari demografici e di mobilit\u00e0 umana &#8211; e comprendere che tale ambito tocca in profondit\u00e0 la vita e l\u2019identit\u00e0 delle comunit\u00e0 cristiane: \u201cVale la pena, allora, affrontare le paure e le sfide con il metodo e lo stile di chi accende delle luci per cominciare a togliere qualche paura, di chi sa perseguire l\u2019inclusivit\u00e0 e la compassione, la capacit\u00e0 di incontrare le persone e condividere le esperienze. Siamo, infatti, convinti che tale fenomeno abbia un forte potenziale ri-generativo per le nostre comunit\u00e0 ecclesiali e civili\u201d.<\/p>\n<h5><strong>Il Rapporto Caritas\u00a0<\/strong><\/h5>\n<p>Nel corso della \u201cdue giorni\u201d la Delegazione Caritas del Nordest ha presentato ai Vescovi un rapporto aggiornato sull\u2019impegno e sulle \u201cfatiche\u201d che le Caritas di questa Regione affrontano nell\u2019accoglienza dei migranti, in base alle diverse tipologie previste di accoglienza e alla metodologia scelta per una accoglienza diffusa e ben strutturata. Nel documento sono indicate anche criticit\u00e0 e questioni aperte: la crescente precariet\u00e0 di condizione dei richiedenti asilo, la gravit\u00e0 dell\u2019emergenza abitativa (anche per motivi burocratici), la fatica nel rapporto con gli Enti pubblici &#8211; talora inteso in una logica meramente strumentale &#8211; e la \u201csolitudine\u201d nella quale le Caritas si trovano spesso ad operare anche all\u2019interno delle stesse comunit\u00e0 cristiane, chiamate sempre pi\u00f9 ad educare all\u2019ascolto, all\u2019accoglienza, al discernimento e a favorire la creazione di legami e collaborazioni trasversali.<\/p>\n<h5><strong>Il confronto tra Vescovi: &#8220;Non solo problema ma risorsa&#8221;<\/strong><\/h5>\n<p><img loading=\"lazy\" decoding=\"async\" class=\"size-medium wp-image-14289 alignleft\" src=\"https:\/\/www.diocesitn.it\/wp-content\/uploads\/sites\/37\/2024\/01\/CET-Cavallino-9gen_24_2--300x225.jpg\" alt=\"\" width=\"300\" height=\"225\" srcset=\"https:\/\/www.diocesitn.it\/area-testimonianza\/wp-content\/uploads\/sites\/37\/2024\/01\/CET-Cavallino-9gen_24_2--300x225.jpg 300w, https:\/\/www.diocesitn.it\/area-testimonianza\/wp-content\/uploads\/sites\/37\/2024\/01\/CET-Cavallino-9gen_24_2--1024x768.jpg 1024w, https:\/\/www.diocesitn.it\/area-testimonianza\/wp-content\/uploads\/sites\/37\/2024\/01\/CET-Cavallino-9gen_24_2--768x576.jpg 768w, https:\/\/www.diocesitn.it\/area-testimonianza\/wp-content\/uploads\/sites\/37\/2024\/01\/CET-Cavallino-9gen_24_2--360x270.jpg 360w, https:\/\/www.diocesitn.it\/area-testimonianza\/wp-content\/uploads\/sites\/37\/2024\/01\/CET-Cavallino-9gen_24_2--1536x1152.jpg 1536w, https:\/\/www.diocesitn.it\/area-testimonianza\/wp-content\/uploads\/sites\/37\/2024\/01\/CET-Cavallino-9gen_24_2--800x600.jpg 800w, https:\/\/www.diocesitn.it\/area-testimonianza\/wp-content\/uploads\/sites\/37\/2024\/01\/CET-Cavallino-9gen_24_2--1200x900.jpg 1200w, https:\/\/www.diocesitn.it\/area-testimonianza\/wp-content\/uploads\/sites\/37\/2024\/01\/CET-Cavallino-9gen_24_2-.jpg 2048w\" sizes=\"auto, (max-width: 300px) 100vw, 300px\" \/>I Vescovi, durante i momenti di dibattito, hanno espresso la consapevolezza del passo in avanti che la vastit\u00e0 e il perdurare strutturale del fenomeno migratorio &#8211; non visto pi\u00f9 solo come problema ma come risorsa &#8211; \u00a0richiedono alle Chiese del Nordest, a partire dal contributo delle Commissioni regionali, sia negli aspetti di vita pastorale e annuncio missionario del Vangelo sia nelle relazioni con credenti e non credenti, con persone e comunit\u00e0, nel dibattito pubblico e con i vari soggetti della vita politica, economica, culturale e lavorativa dei nostri territori. Hanno, infine, espresso l\u2019auspicio che da parte delle istituzioni ed autorit\u00e0 civili siano posti al pi\u00f9 presto segni concreti che aiutino migranti e comunit\u00e0 locali a favorire &#8211; nel rispetto, nella concordia e per esigenze di bene comune &#8211; l\u2019inclusione ed una pacifica convivenza, ad esempio cominciando a prevedere modalit\u00e0 semplificate e con meno \u201cpesi\u201d burocratici negli ingressi regolari, nella concessione e nel rinnovo dei permessi di soggiorno ed anche offrendo il riconoscimento della cittadinanza a quanti da tempo vivono, sono nati o studiano nel nostro Paese.<\/p>\n","protected":false},"excerpt":{"rendered":"<p>Migrazioni e migranti come fenomeno epocale e incontro di persone e popoli: \u00e8 stato questo il tema, affrontato da pi\u00f9 versanti, della \u201cdue giorni\u201d di confronto e approfondimento che ha impegnato i Vescovi del Triveneto<\/p>\n","protected":false},"author":3,"featured_media":14288,"comment_status":"closed","ping_status":"closed","sticky":false,"template":"","format":"standard","meta":{"footnotes":""},"categories":[1059,1074,1662],"tags":[1095,2197,2198],"class_list":["post-14287","post","type-post","status-publish","format-standard","has-post-thumbnail","hentry","category-servizio-caritas","category-notizie","category-servizio-migrazioni","tag-migranti","tag-nordest","tag-vescovi"],"acf":{"seed-localization-paese-cod":"IT","seed-localization-address":"","seed-localization-citta":"Trento","seed-localization-regione-cod-istat":"04","seed-localization-citta-cod-istat":"022205","seed-localization-localita":"","seed-localization-cap":"","seed-localization-marker-visibility":false,"seed-localization-children-visibility":false,"seed-localization-kml":"","seed-localization-custom-marker":""},"yoast_head":"<!-- This site is optimized with the Yoast SEO Premium plugin v20.2.1 (Yoast SEO v22.2) - https:\/\/yoast.com\/wordpress\/plugins\/seo\/ -->\n<title>Migranti, vescovi del Nordest: il fenomeno richiede a tutti - comunit\u00e0 ecclesiali e civili - scelte profetiche - Testimonianza e Impegno sociale<\/title>\n<meta name=\"robots\" content=\"index, follow, max-snippet:-1, max-image-preview:large, max-video-preview:-1\" \/>\n<link rel=\"canonical\" href=\"https:\/\/www.diocesitn.it\/area-testimonianza\/2024\/01\/09\/migranti-vescovi-del-nordest-il-fenomeno-richiede-a-tutti-comunita-ecclesiali-e-civili-scelte-profetiche\/\" \/>\n<meta property=\"og:locale\" content=\"it_IT\" \/>\n<meta property=\"og:type\" content=\"article\" \/>\n<meta property=\"og:title\" content=\"Migranti, vescovi del Nordest: il fenomeno richiede a tutti - comunit\u00e0 ecclesiali e civili - scelte profetiche\" \/>\n<meta property=\"og:description\" content=\"Migrazioni e migranti come fenomeno epocale e incontro di persone e popoli: \u00e8 stato questo il tema, affrontato da pi\u00f9 versanti, della \u201cdue giorni\u201d di confronto e approfondimento che ha impegnato i Vescovi del Triveneto\" \/>\n<meta property=\"og:url\" content=\"https:\/\/www.diocesitn.it\/area-testimonianza\/2024\/01\/09\/migranti-vescovi-del-nordest-il-fenomeno-richiede-a-tutti-comunita-ecclesiali-e-civili-scelte-profetiche\/\" \/>\n<meta property=\"og:site_name\" content=\"Testimonianza e Impegno sociale\" \/>\n<meta property=\"article:published_time\" content=\"2024-01-09T16:31:57+00:00\" \/>\n<meta property=\"article:modified_time\" content=\"2024-11-14T10:25:15+00:00\" \/>\n<meta property=\"og:image\" content=\"https:\/\/www.diocesitn.it\/area-testimonianza\/wp-content\/uploads\/sites\/37\/2024\/01\/CET-Cavallino-9gen_24_1-.jpg\" \/>\n\t<meta property=\"og:image:width\" content=\"2048\" \/>\n\t<meta property=\"og:image:height\" content=\"1536\" \/>\n\t<meta property=\"og:image:type\" content=\"image\/jpeg\" \/>\n<meta name=\"author\" content=\"Piergiorgio Franceschini\" \/>\n<meta name=\"twitter:card\" content=\"summary_large_image\" \/>\n<meta name=\"twitter:label1\" content=\"Scritto da\" \/>\n\t<meta name=\"twitter:data1\" content=\"Piergiorgio Franceschini\" \/>\n\t<meta name=\"twitter:label2\" content=\"Tempo di lettura stimato\" \/>\n\t<meta name=\"twitter:data2\" content=\"7 minuti\" \/>\n<script type=\"application\/ld+json\" class=\"yoast-schema-graph\">{\"@context\":\"https:\/\/schema.org\",\"@graph\":[{\"@type\":\"Article\",\"@id\":\"https:\/\/www.diocesitn.it\/area-testimonianza\/2024\/01\/09\/migranti-vescovi-del-nordest-il-fenomeno-richiede-a-tutti-comunita-ecclesiali-e-civili-scelte-profetiche\/#article\",\"isPartOf\":{\"@id\":\"https:\/\/www.diocesitn.it\/area-testimonianza\/2024\/01\/09\/migranti-vescovi-del-nordest-il-fenomeno-richiede-a-tutti-comunita-ecclesiali-e-civili-scelte-profetiche\/\"},\"author\":{\"name\":\"Piergiorgio Franceschini\",\"@id\":\"https:\/\/www.diocesitn.it\/area-testimonianza\/#\/schema\/person\/99590c84577873a025247b6aeb16ad2e\"},\"headline\":\"Migranti, vescovi del Nordest: il fenomeno richiede a tutti &#8211; comunit\u00e0 ecclesiali e civili &#8211; scelte profetiche\",\"datePublished\":\"2024-01-09T16:31:57+00:00\",\"dateModified\":\"2024-11-14T10:25:15+00:00\",\"mainEntityOfPage\":{\"@id\":\"https:\/\/www.diocesitn.it\/area-testimonianza\/2024\/01\/09\/migranti-vescovi-del-nordest-il-fenomeno-richiede-a-tutti-comunita-ecclesiali-e-civili-scelte-profetiche\/\"},\"wordCount\":1247,\"publisher\":{\"@id\":\"https:\/\/www.diocesitn.it\/area-testimonianza\/#organization\"},\"image\":{\"@id\":\"https:\/\/www.diocesitn.it\/area-testimonianza\/2024\/01\/09\/migranti-vescovi-del-nordest-il-fenomeno-richiede-a-tutti-comunita-ecclesiali-e-civili-scelte-profetiche\/#primaryimage\"},\"thumbnailUrl\":\"https:\/\/www.diocesitn.it\/area-testimonianza\/wp-content\/uploads\/sites\/37\/2024\/01\/CET-Cavallino-9gen_24_1-.jpg\",\"keywords\":[\"migranti\",\"nordest\",\"vescovi\"],\"articleSection\":[\"Caritas diocesana\",\"Notizie\",\"Pastorale delle Migrazioni\"],\"inLanguage\":\"it-IT\",\"copyrightYear\":\"2024\",\"copyrightHolder\":{\"@id\":\"https:\/\/www.diocesitn.it\/#organization\"}},{\"@type\":\"WebPage\",\"@id\":\"https:\/\/www.diocesitn.it\/area-testimonianza\/2024\/01\/09\/migranti-vescovi-del-nordest-il-fenomeno-richiede-a-tutti-comunita-ecclesiali-e-civili-scelte-profetiche\/\",\"url\":\"https:\/\/www.diocesitn.it\/area-testimonianza\/2024\/01\/09\/migranti-vescovi-del-nordest-il-fenomeno-richiede-a-tutti-comunita-ecclesiali-e-civili-scelte-profetiche\/\",\"name\":\"Migranti, vescovi del Nordest: il fenomeno richiede a tutti - comunit\u00e0 ecclesiali e civili - scelte profetiche - Testimonianza e Impegno sociale\",\"isPartOf\":{\"@id\":\"https:\/\/www.diocesitn.it\/area-testimonianza\/#website\"},\"primaryImageOfPage\":{\"@id\":\"https:\/\/www.diocesitn.it\/area-testimonianza\/2024\/01\/09\/migranti-vescovi-del-nordest-il-fenomeno-richiede-a-tutti-comunita-ecclesiali-e-civili-scelte-profetiche\/#primaryimage\"},\"image\":{\"@id\":\"https:\/\/www.diocesitn.it\/area-testimonianza\/2024\/01\/09\/migranti-vescovi-del-nordest-il-fenomeno-richiede-a-tutti-comunita-ecclesiali-e-civili-scelte-profetiche\/#primaryimage\"},\"thumbnailUrl\":\"https:\/\/www.diocesitn.it\/area-testimonianza\/wp-content\/uploads\/sites\/37\/2024\/01\/CET-Cavallino-9gen_24_1-.jpg\",\"datePublished\":\"2024-01-09T16:31:57+00:00\",\"dateModified\":\"2024-11-14T10:25:15+00:00\",\"breadcrumb\":{\"@id\":\"https:\/\/www.diocesitn.it\/area-testimonianza\/2024\/01\/09\/migranti-vescovi-del-nordest-il-fenomeno-richiede-a-tutti-comunita-ecclesiali-e-civili-scelte-profetiche\/#breadcrumb\"},\"inLanguage\":\"it-IT\",\"potentialAction\":[{\"@type\":\"ReadAction\",\"target\":[\"https:\/\/www.diocesitn.it\/area-testimonianza\/2024\/01\/09\/migranti-vescovi-del-nordest-il-fenomeno-richiede-a-tutti-comunita-ecclesiali-e-civili-scelte-profetiche\/\"]}]},{\"@type\":\"ImageObject\",\"inLanguage\":\"it-IT\",\"@id\":\"https:\/\/www.diocesitn.it\/area-testimonianza\/2024\/01\/09\/migranti-vescovi-del-nordest-il-fenomeno-richiede-a-tutti-comunita-ecclesiali-e-civili-scelte-profetiche\/#primaryimage\",\"url\":\"https:\/\/www.diocesitn.it\/area-testimonianza\/wp-content\/uploads\/sites\/37\/2024\/01\/CET-Cavallino-9gen_24_1-.jpg\",\"contentUrl\":\"https:\/\/www.diocesitn.it\/area-testimonianza\/wp-content\/uploads\/sites\/37\/2024\/01\/CET-Cavallino-9gen_24_1-.jpg\",\"width\":2048,\"height\":1536},{\"@type\":\"BreadcrumbList\",\"@id\":\"https:\/\/www.diocesitn.it\/area-testimonianza\/2024\/01\/09\/migranti-vescovi-del-nordest-il-fenomeno-richiede-a-tutti-comunita-ecclesiali-e-civili-scelte-profetiche\/#breadcrumb\",\"itemListElement\":[{\"@type\":\"ListItem\",\"position\":1,\"name\":\"Home\",\"item\":\"https:\/\/www.diocesitn.it\/area-testimonianza\/\"},{\"@type\":\"ListItem\",\"position\":2,\"name\":\"Migranti, vescovi del Nordest: il fenomeno richiede a tutti &#8211; comunit\u00e0 ecclesiali e civili &#8211; scelte profetiche\"}]},{\"@type\":\"WebSite\",\"@id\":\"https:\/\/www.diocesitn.it\/area-testimonianza\/#website\",\"url\":\"https:\/\/www.diocesitn.it\/area-testimonianza\/\",\"name\":\"Testimonianza e Impegno sociale\",\"description\":\"Chiesa di Trento\",\"publisher\":{\"@id\":\"https:\/\/www.diocesitn.it\/area-testimonianza\/#organization\"},\"potentialAction\":[{\"@type\":\"SearchAction\",\"target\":{\"@type\":\"EntryPoint\",\"urlTemplate\":\"https:\/\/www.diocesitn.it\/area-testimonianza\/?s={search_term_string}\"},\"query-input\":\"required name=search_term_string\"}],\"inLanguage\":\"it-IT\"},{\"@type\":[\"Organization\",\"Place\"],\"@id\":\"https:\/\/www.diocesitn.it\/area-testimonianza\/#organization\",\"name\":\"Area Testimonianza e Impegno Sociale - Chiesa di Trento\",\"url\":\"https:\/\/www.diocesitn.it\/area-testimonianza\/\",\"logo\":{\"@id\":\"https:\/\/www.diocesitn.it\/area-testimonianza\/2024\/01\/09\/migranti-vescovi-del-nordest-il-fenomeno-richiede-a-tutti-comunita-ecclesiali-e-civili-scelte-profetiche\/#local-main-organization-logo\"},\"image\":{\"@id\":\"https:\/\/www.diocesitn.it\/area-testimonianza\/2024\/01\/09\/migranti-vescovi-del-nordest-il-fenomeno-richiede-a-tutti-comunita-ecclesiali-e-civili-scelte-profetiche\/#local-main-organization-logo\"},\"openingHoursSpecification\":[{\"@type\":\"OpeningHoursSpecification\",\"dayOfWeek\":[\"Monday\",\"Tuesday\",\"Wednesday\",\"Thursday\",\"Friday\",\"Saturday\",\"Sunday\"],\"opens\":\"09:00\",\"closes\":\"17:00\"}]},{\"@type\":\"ImageObject\",\"inLanguage\":\"it-IT\",\"@id\":\"https:\/\/www.diocesitn.it\/area-testimonianza\/2024\/01\/09\/migranti-vescovi-del-nordest-il-fenomeno-richiede-a-tutti-comunita-ecclesiali-e-civili-scelte-profetiche\/#local-main-organization-logo\",\"url\":\"https:\/\/www.diocesitn.it\/area-testimonianza\/wp-content\/uploads\/sites\/37\/2021\/09\/og-logo-testimonianza-e-impegno-sociale.jpg\",\"contentUrl\":\"https:\/\/www.diocesitn.it\/area-testimonianza\/wp-content\/uploads\/sites\/37\/2021\/09\/og-logo-testimonianza-e-impegno-sociale.jpg\",\"width\":1200,\"height\":630,\"caption\":\"Area Testimonianza e Impegno Sociale - Chiesa di Trento\"}]}<\/script>\n<!-- \/ Yoast SEO Premium plugin. -->","yoast_head_json":{"title":"Migranti, vescovi del Nordest: il fenomeno richiede a tutti - comunit\u00e0 ecclesiali e civili - scelte profetiche - Testimonianza e Impegno sociale","robots":{"index":"index","follow":"follow","max-snippet":"max-snippet:-1","max-image-preview":"max-image-preview:large","max-video-preview":"max-video-preview:-1"},"canonical":"https:\/\/www.diocesitn.it\/area-testimonianza\/2024\/01\/09\/migranti-vescovi-del-nordest-il-fenomeno-richiede-a-tutti-comunita-ecclesiali-e-civili-scelte-profetiche\/","og_locale":"it_IT","og_type":"article","og_title":"Migranti, vescovi del Nordest: il fenomeno richiede a tutti - comunit\u00e0 ecclesiali e civili - scelte profetiche","og_description":"Migrazioni e migranti come fenomeno epocale e incontro di persone e popoli: \u00e8 stato questo il tema, affrontato da pi\u00f9 versanti, della \u201cdue giorni\u201d di confronto e approfondimento che ha impegnato i Vescovi del Triveneto","og_url":"https:\/\/www.diocesitn.it\/area-testimonianza\/2024\/01\/09\/migranti-vescovi-del-nordest-il-fenomeno-richiede-a-tutti-comunita-ecclesiali-e-civili-scelte-profetiche\/","og_site_name":"Testimonianza e Impegno sociale","article_published_time":"2024-01-09T16:31:57+00:00","article_modified_time":"2024-11-14T10:25:15+00:00","og_image":[{"width":2048,"height":1536,"url":"https:\/\/www.diocesitn.it\/area-testimonianza\/wp-content\/uploads\/sites\/37\/2024\/01\/CET-Cavallino-9gen_24_1-.jpg","type":"image\/jpeg"}],"author":"Piergiorgio Franceschini","twitter_card":"summary_large_image","twitter_misc":{"Scritto da":"Piergiorgio Franceschini","Tempo di lettura stimato":"7 minuti"},"schema":{"@context":"https:\/\/schema.org","@graph":[{"@type":"Article","@id":"https:\/\/www.diocesitn.it\/area-testimonianza\/2024\/01\/09\/migranti-vescovi-del-nordest-il-fenomeno-richiede-a-tutti-comunita-ecclesiali-e-civili-scelte-profetiche\/#article","isPartOf":{"@id":"https:\/\/www.diocesitn.it\/area-testimonianza\/2024\/01\/09\/migranti-vescovi-del-nordest-il-fenomeno-richiede-a-tutti-comunita-ecclesiali-e-civili-scelte-profetiche\/"},"author":{"name":"Piergiorgio Franceschini","@id":"https:\/\/www.diocesitn.it\/area-testimonianza\/#\/schema\/person\/99590c84577873a025247b6aeb16ad2e"},"headline":"Migranti, vescovi del Nordest: il fenomeno richiede a tutti &#8211; comunit\u00e0 ecclesiali e civili &#8211; scelte profetiche","datePublished":"2024-01-09T16:31:57+00:00","dateModified":"2024-11-14T10:25:15+00:00","mainEntityOfPage":{"@id":"https:\/\/www.diocesitn.it\/area-testimonianza\/2024\/01\/09\/migranti-vescovi-del-nordest-il-fenomeno-richiede-a-tutti-comunita-ecclesiali-e-civili-scelte-profetiche\/"},"wordCount":1247,"publisher":{"@id":"https:\/\/www.diocesitn.it\/area-testimonianza\/#organization"},"image":{"@id":"https:\/\/www.diocesitn.it\/area-testimonianza\/2024\/01\/09\/migranti-vescovi-del-nordest-il-fenomeno-richiede-a-tutti-comunita-ecclesiali-e-civili-scelte-profetiche\/#primaryimage"},"thumbnailUrl":"https:\/\/www.diocesitn.it\/area-testimonianza\/wp-content\/uploads\/sites\/37\/2024\/01\/CET-Cavallino-9gen_24_1-.jpg","keywords":["migranti","nordest","vescovi"],"articleSection":["Caritas diocesana","Notizie","Pastorale delle Migrazioni"],"inLanguage":"it-IT","copyrightYear":"2024","copyrightHolder":{"@id":"https:\/\/www.diocesitn.it\/#organization"}},{"@type":"WebPage","@id":"https:\/\/www.diocesitn.it\/area-testimonianza\/2024\/01\/09\/migranti-vescovi-del-nordest-il-fenomeno-richiede-a-tutti-comunita-ecclesiali-e-civili-scelte-profetiche\/","url":"https:\/\/www.diocesitn.it\/area-testimonianza\/2024\/01\/09\/migranti-vescovi-del-nordest-il-fenomeno-richiede-a-tutti-comunita-ecclesiali-e-civili-scelte-profetiche\/","name":"Migranti, vescovi del Nordest: il fenomeno richiede a tutti - comunit\u00e0 ecclesiali e civili - scelte profetiche - Testimonianza e Impegno sociale","isPartOf":{"@id":"https:\/\/www.diocesitn.it\/area-testimonianza\/#website"},"primaryImageOfPage":{"@id":"https:\/\/www.diocesitn.it\/area-testimonianza\/2024\/01\/09\/migranti-vescovi-del-nordest-il-fenomeno-richiede-a-tutti-comunita-ecclesiali-e-civili-scelte-profetiche\/#primaryimage"},"image":{"@id":"https:\/\/www.diocesitn.it\/area-testimonianza\/2024\/01\/09\/migranti-vescovi-del-nordest-il-fenomeno-richiede-a-tutti-comunita-ecclesiali-e-civili-scelte-profetiche\/#primaryimage"},"thumbnailUrl":"https:\/\/www.diocesitn.it\/area-testimonianza\/wp-content\/uploads\/sites\/37\/2024\/01\/CET-Cavallino-9gen_24_1-.jpg","datePublished":"2024-01-09T16:31:57+00:00","dateModified":"2024-11-14T10:25:15+00:00","breadcrumb":{"@id":"https:\/\/www.diocesitn.it\/area-testimonianza\/2024\/01\/09\/migranti-vescovi-del-nordest-il-fenomeno-richiede-a-tutti-comunita-ecclesiali-e-civili-scelte-profetiche\/#breadcrumb"},"inLanguage":"it-IT","potentialAction":[{"@type":"ReadAction","target":["https:\/\/www.diocesitn.it\/area-testimonianza\/2024\/01\/09\/migranti-vescovi-del-nordest-il-fenomeno-richiede-a-tutti-comunita-ecclesiali-e-civili-scelte-profetiche\/"]}]},{"@type":"ImageObject","inLanguage":"it-IT","@id":"https:\/\/www.diocesitn.it\/area-testimonianza\/2024\/01\/09\/migranti-vescovi-del-nordest-il-fenomeno-richiede-a-tutti-comunita-ecclesiali-e-civili-scelte-profetiche\/#primaryimage","url":"https:\/\/www.diocesitn.it\/area-testimonianza\/wp-content\/uploads\/sites\/37\/2024\/01\/CET-Cavallino-9gen_24_1-.jpg","contentUrl":"https:\/\/www.diocesitn.it\/area-testimonianza\/wp-content\/uploads\/sites\/37\/2024\/01\/CET-Cavallino-9gen_24_1-.jpg","width":2048,"height":1536},{"@type":"BreadcrumbList","@id":"https:\/\/www.diocesitn.it\/area-testimonianza\/2024\/01\/09\/migranti-vescovi-del-nordest-il-fenomeno-richiede-a-tutti-comunita-ecclesiali-e-civili-scelte-profetiche\/#breadcrumb","itemListElement":[{"@type":"ListItem","position":1,"name":"Home","item":"https:\/\/www.diocesitn.it\/area-testimonianza\/"},{"@type":"ListItem","position":2,"name":"Migranti, vescovi del Nordest: il fenomeno richiede a tutti &#8211; comunit\u00e0 ecclesiali e civili &#8211; scelte profetiche"}]},{"@type":"WebSite","@id":"https:\/\/www.diocesitn.it\/area-testimonianza\/#website","url":"https:\/\/www.diocesitn.it\/area-testimonianza\/","name":"Testimonianza e Impegno sociale","description":"Chiesa di Trento","publisher":{"@id":"https:\/\/www.diocesitn.it\/area-testimonianza\/#organization"},"potentialAction":[{"@type":"SearchAction","target":{"@type":"EntryPoint","urlTemplate":"https:\/\/www.diocesitn.it\/area-testimonianza\/?s={search_term_string}"},"query-input":"required name=search_term_string"}],"inLanguage":"it-IT"},{"@type":["Organization","Place"],"@id":"https:\/\/www.diocesitn.it\/area-testimonianza\/#organization","name":"Area Testimonianza e Impegno Sociale - Chiesa di Trento","url":"https:\/\/www.diocesitn.it\/area-testimonianza\/","logo":{"@id":"https:\/\/www.diocesitn.it\/area-testimonianza\/2024\/01\/09\/migranti-vescovi-del-nordest-il-fenomeno-richiede-a-tutti-comunita-ecclesiali-e-civili-scelte-profetiche\/#local-main-organization-logo"},"image":{"@id":"https:\/\/www.diocesitn.it\/area-testimonianza\/2024\/01\/09\/migranti-vescovi-del-nordest-il-fenomeno-richiede-a-tutti-comunita-ecclesiali-e-civili-scelte-profetiche\/#local-main-organization-logo"},"openingHoursSpecification":[{"@type":"OpeningHoursSpecification","dayOfWeek":["Monday","Tuesday","Wednesday","Thursday","Friday","Saturday","Sunday"],"opens":"09:00","closes":"17:00"}]},{"@type":"ImageObject","inLanguage":"it-IT","@id":"https:\/\/www.diocesitn.it\/area-testimonianza\/2024\/01\/09\/migranti-vescovi-del-nordest-il-fenomeno-richiede-a-tutti-comunita-ecclesiali-e-civili-scelte-profetiche\/#local-main-organization-logo","url":"https:\/\/www.diocesitn.it\/area-testimonianza\/wp-content\/uploads\/sites\/37\/2021\/09\/og-logo-testimonianza-e-impegno-sociale.jpg","contentUrl":"https:\/\/www.diocesitn.it\/area-testimonianza\/wp-content\/uploads\/sites\/37\/2021\/09\/og-logo-testimonianza-e-impegno-sociale.jpg","width":1200,"height":630,"caption":"Area Testimonianza e Impegno Sociale - Chiesa di Trento"}]}},"_links":{"self":[{"href":"https:\/\/www.diocesitn.it\/area-testimonianza\/wp-json\/wp\/v2\/posts\/14287","targetHints":{"allow":["GET"]}}],"collection":[{"href":"https:\/\/www.diocesitn.it\/area-testimonianza\/wp-json\/wp\/v2\/posts"}],"about":[{"href":"https:\/\/www.diocesitn.it\/area-testimonianza\/wp-json\/wp\/v2\/types\/post"}],"author":[{"embeddable":true,"href":"https:\/\/www.diocesitn.it\/area-testimonianza\/wp-json\/wp\/v2\/users\/3"}],"replies":[{"embeddable":true,"href":"https:\/\/www.diocesitn.it\/area-testimonianza\/wp-json\/wp\/v2\/comments?post=14287"}],"version-history":[{"count":1,"href":"https:\/\/www.diocesitn.it\/area-testimonianza\/wp-json\/wp\/v2\/posts\/14287\/revisions"}],"predecessor-version":[{"id":14290,"href":"https:\/\/www.diocesitn.it\/area-testimonianza\/wp-json\/wp\/v2\/posts\/14287\/revisions\/14290"}],"wp:featuredmedia":[{"embeddable":true,"href":"https:\/\/www.diocesitn.it\/area-testimonianza\/wp-json\/wp\/v2\/media\/14288"}],"wp:attachment":[{"href":"https:\/\/www.diocesitn.it\/area-testimonianza\/wp-json\/wp\/v2\/media?parent=14287"}],"wp:term":[{"taxonomy":"category","embeddable":true,"href":"https:\/\/www.diocesitn.it\/area-testimonianza\/wp-json\/wp\/v2\/categories?post=14287"},{"taxonomy":"post_tag","embeddable":true,"href":"https:\/\/www.diocesitn.it\/area-testimonianza\/wp-json\/wp\/v2\/tags?post=14287"}],"curies":[{"name":"wp","href":"https:\/\/api.w.org\/{rel}","templated":true}]}}