{"id":14201,"date":"2023-12-30T10:44:25","date_gmt":"2023-12-30T09:44:25","guid":{"rendered":"https:\/\/www.diocesitn.it\/area-testimonianza\/2023\/12\/30\/55-giovani-iscritti-al-capodanno-capovolto-per-vivere-lingresso-nel-nuovo-anno-assieme-a-chi-e-piu-in-difficolta\/"},"modified":"2024-11-14T11:25:16","modified_gmt":"2024-11-14T10:25:16","slug":"55-giovani-iscritti-al-capodanno-capovolto-per-vivere-lingresso-nel-nuovo-anno-assieme-a-chi-e-piu-in-difficolta","status":"publish","type":"post","link":"https:\/\/www.diocesitn.it\/area-testimonianza\/2023\/12\/30\/55-giovani-iscritti-al-capodanno-capovolto-per-vivere-lingresso-nel-nuovo-anno-assieme-a-chi-e-piu-in-difficolta\/","title":{"rendered":"55 giovani iscritti al &#8220;Capodanno capovolto&#8221;, per vivere l&#8217;ingresso nel nuovo anno assieme a chi \u00e8 pi\u00f9 in difficolt\u00e0"},"content":{"rendered":"<p>Sono ben 55 (dato aggiornato al 30 dicembre) i giovani trentini che parteciperanno al <strong>Capodanno Capovolto<\/strong>, esperienza di servizio con la possibilit\u00e0 di trascorrere alcune ore in compagnia di persone che vivono situazioni di fragilit\u00e0 in alcune strutture della Caritas a Trento e a Rovereto, oltre che in altre realt\u00e0 del Terzo settore. Il tutto da vivere la notte di Capodanno, fra il 31 dicembre e l&#8217;1 gennaio 2024, per\u00a0dedicare un po\u2019 di tempo anche a chi \u00e8 in difficolt\u00e0.<\/p>\n<p>Questo il programma per domenica 31 dicembre:<\/p>\n<ul>\n<li>15:00\u00ad: ritrovo per tutti a Trento (CedAs \u2013 Centro di Ascolto, via Giusti 11)<\/li>\n<li>Momento di conoscenza<\/li>\n<li><span class=\"TextRun SCXW101832948 BCX9\" lang=\"IT-IT\" xml:lang=\"IT-IT\" data-contrast=\"auto\"><span class=\"NormalTextRun SCXW101832948 BCX9\">Divisione nei gruppi a seconda delle strutture: condivisione aspettative e preparazione\/programmazione attivit\u00e0<\/span><\/span><span class=\"EOP SCXW101832948 BCX9\" data-ccp-props=\"{&quot;201341983&quot;:0,&quot;335559739&quot;:160,&quot;335559740&quot;:259}\">\u00a0da fare nelle strutture<\/span><\/li>\n<li>17:00: momento di preghiera<\/li>\n<li>17:30: partenza e attivit\u00e0 nelle diverse realt\u00e0<\/li>\n<li>00:30: chiusura della serata e rientro<\/li>\n<li>Momento di condivisione dell\u2019esperienza in due gruppi, Trento e Rovereto<\/li>\n<\/ul>\n<p>Nei giorni scorsi si \u00e8 tenuto un incontro online fra i partecipanti dell\u2019iniziativa e i responsabili della struttura dove si prester\u00e0 servizio.<\/p>\n<p>Per informazioni chiamare il 345 7060488.<\/p>\n","protected":false},"excerpt":{"rendered":"<p>Sono ben 55 (dato aggiornato al 30 dicembre) i giovani trentini che parteciperanno al Capodanno Capovolto, esperienza di servizio con la possibilit\u00e0 di trascorrere alcune ore in compagnia di persone che vivono situazioni di fragilit\u00e0<\/p>\n","protected":false},"author":3,"featured_media":14202,"comment_status":"closed","ping_status":"closed","sticky":false,"template":"","format":"standard","meta":{"footnotes":""},"categories":[1059,1070,1074],"tags":[2193],"class_list":["post-14201","post","type-post","status-publish","format-standard","has-post-thumbnail","hentry","category-servizio-caritas","category-servizio-caritas-giovani","category-notizie","tag-capodanno-capovolto"],"acf":{"seed-localization-paese-cod":"IT","seed-localization-address":"","seed-localization-citta":"Trento","seed-localization-regione-cod-istat":"04","seed-localization-citta-cod-istat":"022205","seed-localization-localita":"","seed-localization-cap":"","seed-localization-marker-visibility":false,"seed-localization-children-visibility":false,"seed-localization-kml":"","seed-localization-custom-marker":""},"yoast_head":"<!-- This site is optimized with the Yoast SEO Premium plugin v20.2.1 (Yoast SEO v22.2) - https:\/\/yoast.com\/wordpress\/plugins\/seo\/ -->\n<title>55 giovani iscritti al &quot;Capodanno capovolto&quot;, per vivere l&#039;ingresso nel nuovo anno assieme a chi \u00e8 pi\u00f9 in difficolt\u00e0 - Testimonianza e Impegno sociale<\/title>\n<meta name=\"robots\" content=\"index, follow, max-snippet:-1, max-image-preview:large, max-video-preview:-1\" \/>\n<link rel=\"canonical\" href=\"https:\/\/www.diocesitn.it\/area-testimonianza\/2023\/12\/30\/55-giovani-iscritti-al-capodanno-capovolto-per-vivere-lingresso-nel-nuovo-anno-assieme-a-chi-e-piu-in-difficolta\/\" \/>\n<meta property=\"og:locale\" content=\"it_IT\" \/>\n<meta property=\"og:type\" content=\"article\" \/>\n<meta property=\"og:title\" content=\"55 giovani iscritti al &quot;Capodanno capovolto&quot;, per vivere l&#039;ingresso nel nuovo anno assieme a chi \u00e8 pi\u00f9 in difficolt\u00e0\" \/>\n<meta property=\"og:description\" content=\"Sono ben 55 (dato aggiornato al 30 dicembre) i giovani trentini che parteciperanno al Capodanno Capovolto, esperienza di servizio con la possibilit\u00e0 di trascorrere alcune ore in compagnia di persone che vivono situazioni di fragilit\u00e0\" \/>\n<meta property=\"og:url\" content=\"https:\/\/www.diocesitn.it\/area-testimonianza\/2023\/12\/30\/55-giovani-iscritti-al-capodanno-capovolto-per-vivere-lingresso-nel-nuovo-anno-assieme-a-chi-e-piu-in-difficolta\/\" \/>\n<meta property=\"og:site_name\" content=\"Testimonianza e Impegno sociale\" \/>\n<meta property=\"article:published_time\" content=\"2023-12-30T09:44:25+00:00\" \/>\n<meta property=\"article:modified_time\" content=\"2024-11-14T10:25:16+00:00\" \/>\n<meta property=\"og:image\" content=\"https:\/\/www.diocesitn.it\/area-testimonianza\/wp-content\/uploads\/sites\/37\/2024\/01\/capodanno_capovolto.jpg\" \/>\n\t<meta property=\"og:image:width\" content=\"800\" \/>\n\t<meta property=\"og:image:height\" content=\"600\" \/>\n\t<meta property=\"og:image:type\" content=\"image\/jpeg\" \/>\n<meta name=\"author\" content=\"Piergiorgio Franceschini\" \/>\n<meta name=\"twitter:card\" content=\"summary_large_image\" \/>\n<meta name=\"twitter:label1\" content=\"Scritto da\" \/>\n\t<meta name=\"twitter:data1\" content=\"Piergiorgio Franceschini\" \/>\n\t<meta name=\"twitter:label2\" content=\"Tempo di lettura stimato\" \/>\n\t<meta name=\"twitter:data2\" content=\"1 minuto\" \/>\n<script type=\"application\/ld+json\" class=\"yoast-schema-graph\">{\"@context\":\"https:\/\/schema.org\",\"@graph\":[{\"@type\":\"Article\",\"@id\":\"https:\/\/www.diocesitn.it\/area-testimonianza\/2023\/12\/30\/55-giovani-iscritti-al-capodanno-capovolto-per-vivere-lingresso-nel-nuovo-anno-assieme-a-chi-e-piu-in-difficolta\/#article\",\"isPartOf\":{\"@id\":\"https:\/\/www.diocesitn.it\/area-testimonianza\/2023\/12\/30\/55-giovani-iscritti-al-capodanno-capovolto-per-vivere-lingresso-nel-nuovo-anno-assieme-a-chi-e-piu-in-difficolta\/\"},\"author\":{\"name\":\"Piergiorgio Franceschini\",\"@id\":\"https:\/\/www.diocesitn.it\/area-testimonianza\/#\/schema\/person\/99590c84577873a025247b6aeb16ad2e\"},\"headline\":\"55 giovani iscritti al &#8220;Capodanno capovolto&#8221;, per vivere l&#8217;ingresso nel nuovo anno assieme a chi \u00e8 pi\u00f9 in difficolt\u00e0\",\"datePublished\":\"2023-12-30T09:44:25+00:00\",\"dateModified\":\"2024-11-14T10:25:16+00:00\",\"mainEntityOfPage\":{\"@id\":\"https:\/\/www.diocesitn.it\/area-testimonianza\/2023\/12\/30\/55-giovani-iscritti-al-capodanno-capovolto-per-vivere-lingresso-nel-nuovo-anno-assieme-a-chi-e-piu-in-difficolta\/\"},\"wordCount\":181,\"publisher\":{\"@id\":\"https:\/\/www.diocesitn.it\/area-testimonianza\/#organization\"},\"image\":{\"@id\":\"https:\/\/www.diocesitn.it\/area-testimonianza\/2023\/12\/30\/55-giovani-iscritti-al-capodanno-capovolto-per-vivere-lingresso-nel-nuovo-anno-assieme-a-chi-e-piu-in-difficolta\/#primaryimage\"},\"thumbnailUrl\":\"https:\/\/www.diocesitn.it\/area-testimonianza\/wp-content\/uploads\/sites\/37\/2024\/01\/capodanno_capovolto.jpg\",\"keywords\":[\"capodanno capovolto\"],\"articleSection\":[\"Caritas diocesana\",\"Giovani\",\"Notizie\"],\"inLanguage\":\"it-IT\",\"copyrightYear\":\"2023\",\"copyrightHolder\":{\"@id\":\"https:\/\/www.diocesitn.it\/#organization\"}},{\"@type\":\"WebPage\",\"@id\":\"https:\/\/www.diocesitn.it\/area-testimonianza\/2023\/12\/30\/55-giovani-iscritti-al-capodanno-capovolto-per-vivere-lingresso-nel-nuovo-anno-assieme-a-chi-e-piu-in-difficolta\/\",\"url\":\"https:\/\/www.diocesitn.it\/area-testimonianza\/2023\/12\/30\/55-giovani-iscritti-al-capodanno-capovolto-per-vivere-lingresso-nel-nuovo-anno-assieme-a-chi-e-piu-in-difficolta\/\",\"name\":\"55 giovani iscritti al \\\"Capodanno capovolto\\\", per vivere l'ingresso nel nuovo anno assieme a chi \u00e8 pi\u00f9 in difficolt\u00e0 - Testimonianza e Impegno sociale\",\"isPartOf\":{\"@id\":\"https:\/\/www.diocesitn.it\/area-testimonianza\/#website\"},\"primaryImageOfPage\":{\"@id\":\"https:\/\/www.diocesitn.it\/area-testimonianza\/2023\/12\/30\/55-giovani-iscritti-al-capodanno-capovolto-per-vivere-lingresso-nel-nuovo-anno-assieme-a-chi-e-piu-in-difficolta\/#primaryimage\"},\"image\":{\"@id\":\"https:\/\/www.diocesitn.it\/area-testimonianza\/2023\/12\/30\/55-giovani-iscritti-al-capodanno-capovolto-per-vivere-lingresso-nel-nuovo-anno-assieme-a-chi-e-piu-in-difficolta\/#primaryimage\"},\"thumbnailUrl\":\"https:\/\/www.diocesitn.it\/area-testimonianza\/wp-content\/uploads\/sites\/37\/2024\/01\/capodanno_capovolto.jpg\",\"datePublished\":\"2023-12-30T09:44:25+00:00\",\"dateModified\":\"2024-11-14T10:25:16+00:00\",\"breadcrumb\":{\"@id\":\"https:\/\/www.diocesitn.it\/area-testimonianza\/2023\/12\/30\/55-giovani-iscritti-al-capodanno-capovolto-per-vivere-lingresso-nel-nuovo-anno-assieme-a-chi-e-piu-in-difficolta\/#breadcrumb\"},\"inLanguage\":\"it-IT\",\"potentialAction\":[{\"@type\":\"ReadAction\",\"target\":[\"https:\/\/www.diocesitn.it\/area-testimonianza\/2023\/12\/30\/55-giovani-iscritti-al-capodanno-capovolto-per-vivere-lingresso-nel-nuovo-anno-assieme-a-chi-e-piu-in-difficolta\/\"]}]},{\"@type\":\"ImageObject\",\"inLanguage\":\"it-IT\",\"@id\":\"https:\/\/www.diocesitn.it\/area-testimonianza\/2023\/12\/30\/55-giovani-iscritti-al-capodanno-capovolto-per-vivere-lingresso-nel-nuovo-anno-assieme-a-chi-e-piu-in-difficolta\/#primaryimage\",\"url\":\"https:\/\/www.diocesitn.it\/area-testimonianza\/wp-content\/uploads\/sites\/37\/2024\/01\/capodanno_capovolto.jpg\",\"contentUrl\":\"https:\/\/www.diocesitn.it\/area-testimonianza\/wp-content\/uploads\/sites\/37\/2024\/01\/capodanno_capovolto.jpg\",\"width\":800,\"height\":600},{\"@type\":\"BreadcrumbList\",\"@id\":\"https:\/\/www.diocesitn.it\/area-testimonianza\/2023\/12\/30\/55-giovani-iscritti-al-capodanno-capovolto-per-vivere-lingresso-nel-nuovo-anno-assieme-a-chi-e-piu-in-difficolta\/#breadcrumb\",\"itemListElement\":[{\"@type\":\"ListItem\",\"position\":1,\"name\":\"Home\",\"item\":\"https:\/\/www.diocesitn.it\/area-testimonianza\/\"},{\"@type\":\"ListItem\",\"position\":2,\"name\":\"55 giovani iscritti al &#8220;Capodanno capovolto&#8221;, per vivere l&#8217;ingresso nel nuovo anno assieme a chi \u00e8 pi\u00f9 in difficolt\u00e0\"}]},{\"@type\":\"WebSite\",\"@id\":\"https:\/\/www.diocesitn.it\/area-testimonianza\/#website\",\"url\":\"https:\/\/www.diocesitn.it\/area-testimonianza\/\",\"name\":\"Testimonianza e Impegno sociale\",\"description\":\"Chiesa di Trento\",\"publisher\":{\"@id\":\"https:\/\/www.diocesitn.it\/area-testimonianza\/#organization\"},\"potentialAction\":[{\"@type\":\"SearchAction\",\"target\":{\"@type\":\"EntryPoint\",\"urlTemplate\":\"https:\/\/www.diocesitn.it\/area-testimonianza\/?s={search_term_string}\"},\"query-input\":\"required name=search_term_string\"}],\"inLanguage\":\"it-IT\"},{\"@type\":[\"Organization\",\"Place\"],\"@id\":\"https:\/\/www.diocesitn.it\/area-testimonianza\/#organization\",\"name\":\"Area Testimonianza e Impegno Sociale - Chiesa di Trento\",\"url\":\"https:\/\/www.diocesitn.it\/area-testimonianza\/\",\"logo\":{\"@id\":\"https:\/\/www.diocesitn.it\/area-testimonianza\/2023\/12\/30\/55-giovani-iscritti-al-capodanno-capovolto-per-vivere-lingresso-nel-nuovo-anno-assieme-a-chi-e-piu-in-difficolta\/#local-main-organization-logo\"},\"image\":{\"@id\":\"https:\/\/www.diocesitn.it\/area-testimonianza\/2023\/12\/30\/55-giovani-iscritti-al-capodanno-capovolto-per-vivere-lingresso-nel-nuovo-anno-assieme-a-chi-e-piu-in-difficolta\/#local-main-organization-logo\"},\"openingHoursSpecification\":[{\"@type\":\"OpeningHoursSpecification\",\"dayOfWeek\":[\"Monday\",\"Tuesday\",\"Wednesday\",\"Thursday\",\"Friday\",\"Saturday\",\"Sunday\"],\"opens\":\"09:00\",\"closes\":\"17:00\"}]},{\"@type\":\"ImageObject\",\"inLanguage\":\"it-IT\",\"@id\":\"https:\/\/www.diocesitn.it\/area-testimonianza\/2023\/12\/30\/55-giovani-iscritti-al-capodanno-capovolto-per-vivere-lingresso-nel-nuovo-anno-assieme-a-chi-e-piu-in-difficolta\/#local-main-organization-logo\",\"url\":\"https:\/\/www.diocesitn.it\/area-testimonianza\/wp-content\/uploads\/sites\/37\/2021\/09\/og-logo-testimonianza-e-impegno-sociale.jpg\",\"contentUrl\":\"https:\/\/www.diocesitn.it\/area-testimonianza\/wp-content\/uploads\/sites\/37\/2021\/09\/og-logo-testimonianza-e-impegno-sociale.jpg\",\"width\":1200,\"height\":630,\"caption\":\"Area Testimonianza e Impegno Sociale - Chiesa di Trento\"}]}<\/script>\n<!-- \/ Yoast SEO Premium plugin. -->","yoast_head_json":{"title":"55 giovani iscritti al \"Capodanno capovolto\", per vivere l'ingresso nel nuovo anno assieme a chi \u00e8 pi\u00f9 in difficolt\u00e0 - Testimonianza e Impegno sociale","robots":{"index":"index","follow":"follow","max-snippet":"max-snippet:-1","max-image-preview":"max-image-preview:large","max-video-preview":"max-video-preview:-1"},"canonical":"https:\/\/www.diocesitn.it\/area-testimonianza\/2023\/12\/30\/55-giovani-iscritti-al-capodanno-capovolto-per-vivere-lingresso-nel-nuovo-anno-assieme-a-chi-e-piu-in-difficolta\/","og_locale":"it_IT","og_type":"article","og_title":"55 giovani iscritti al \"Capodanno capovolto\", per vivere l'ingresso nel nuovo anno assieme a chi \u00e8 pi\u00f9 in difficolt\u00e0","og_description":"Sono ben 55 (dato aggiornato al 30 dicembre) i giovani trentini che parteciperanno al Capodanno Capovolto, esperienza di servizio con la possibilit\u00e0 di trascorrere alcune ore in compagnia di persone che vivono situazioni di fragilit\u00e0","og_url":"https:\/\/www.diocesitn.it\/area-testimonianza\/2023\/12\/30\/55-giovani-iscritti-al-capodanno-capovolto-per-vivere-lingresso-nel-nuovo-anno-assieme-a-chi-e-piu-in-difficolta\/","og_site_name":"Testimonianza e Impegno sociale","article_published_time":"2023-12-30T09:44:25+00:00","article_modified_time":"2024-11-14T10:25:16+00:00","og_image":[{"width":800,"height":600,"url":"https:\/\/www.diocesitn.it\/area-testimonianza\/wp-content\/uploads\/sites\/37\/2024\/01\/capodanno_capovolto.jpg","type":"image\/jpeg"}],"author":"Piergiorgio Franceschini","twitter_card":"summary_large_image","twitter_misc":{"Scritto da":"Piergiorgio Franceschini","Tempo di lettura stimato":"1 minuto"},"schema":{"@context":"https:\/\/schema.org","@graph":[{"@type":"Article","@id":"https:\/\/www.diocesitn.it\/area-testimonianza\/2023\/12\/30\/55-giovani-iscritti-al-capodanno-capovolto-per-vivere-lingresso-nel-nuovo-anno-assieme-a-chi-e-piu-in-difficolta\/#article","isPartOf":{"@id":"https:\/\/www.diocesitn.it\/area-testimonianza\/2023\/12\/30\/55-giovani-iscritti-al-capodanno-capovolto-per-vivere-lingresso-nel-nuovo-anno-assieme-a-chi-e-piu-in-difficolta\/"},"author":{"name":"Piergiorgio Franceschini","@id":"https:\/\/www.diocesitn.it\/area-testimonianza\/#\/schema\/person\/99590c84577873a025247b6aeb16ad2e"},"headline":"55 giovani iscritti al &#8220;Capodanno capovolto&#8221;, per vivere l&#8217;ingresso nel nuovo anno assieme a chi \u00e8 pi\u00f9 in difficolt\u00e0","datePublished":"2023-12-30T09:44:25+00:00","dateModified":"2024-11-14T10:25:16+00:00","mainEntityOfPage":{"@id":"https:\/\/www.diocesitn.it\/area-testimonianza\/2023\/12\/30\/55-giovani-iscritti-al-capodanno-capovolto-per-vivere-lingresso-nel-nuovo-anno-assieme-a-chi-e-piu-in-difficolta\/"},"wordCount":181,"publisher":{"@id":"https:\/\/www.diocesitn.it\/area-testimonianza\/#organization"},"image":{"@id":"https:\/\/www.diocesitn.it\/area-testimonianza\/2023\/12\/30\/55-giovani-iscritti-al-capodanno-capovolto-per-vivere-lingresso-nel-nuovo-anno-assieme-a-chi-e-piu-in-difficolta\/#primaryimage"},"thumbnailUrl":"https:\/\/www.diocesitn.it\/area-testimonianza\/wp-content\/uploads\/sites\/37\/2024\/01\/capodanno_capovolto.jpg","keywords":["capodanno capovolto"],"articleSection":["Caritas diocesana","Giovani","Notizie"],"inLanguage":"it-IT","copyrightYear":"2023","copyrightHolder":{"@id":"https:\/\/www.diocesitn.it\/#organization"}},{"@type":"WebPage","@id":"https:\/\/www.diocesitn.it\/area-testimonianza\/2023\/12\/30\/55-giovani-iscritti-al-capodanno-capovolto-per-vivere-lingresso-nel-nuovo-anno-assieme-a-chi-e-piu-in-difficolta\/","url":"https:\/\/www.diocesitn.it\/area-testimonianza\/2023\/12\/30\/55-giovani-iscritti-al-capodanno-capovolto-per-vivere-lingresso-nel-nuovo-anno-assieme-a-chi-e-piu-in-difficolta\/","name":"55 giovani iscritti al \"Capodanno capovolto\", per vivere l'ingresso nel nuovo anno assieme a chi \u00e8 pi\u00f9 in difficolt\u00e0 - Testimonianza e Impegno sociale","isPartOf":{"@id":"https:\/\/www.diocesitn.it\/area-testimonianza\/#website"},"primaryImageOfPage":{"@id":"https:\/\/www.diocesitn.it\/area-testimonianza\/2023\/12\/30\/55-giovani-iscritti-al-capodanno-capovolto-per-vivere-lingresso-nel-nuovo-anno-assieme-a-chi-e-piu-in-difficolta\/#primaryimage"},"image":{"@id":"https:\/\/www.diocesitn.it\/area-testimonianza\/2023\/12\/30\/55-giovani-iscritti-al-capodanno-capovolto-per-vivere-lingresso-nel-nuovo-anno-assieme-a-chi-e-piu-in-difficolta\/#primaryimage"},"thumbnailUrl":"https:\/\/www.diocesitn.it\/area-testimonianza\/wp-content\/uploads\/sites\/37\/2024\/01\/capodanno_capovolto.jpg","datePublished":"2023-12-30T09:44:25+00:00","dateModified":"2024-11-14T10:25:16+00:00","breadcrumb":{"@id":"https:\/\/www.diocesitn.it\/area-testimonianza\/2023\/12\/30\/55-giovani-iscritti-al-capodanno-capovolto-per-vivere-lingresso-nel-nuovo-anno-assieme-a-chi-e-piu-in-difficolta\/#breadcrumb"},"inLanguage":"it-IT","potentialAction":[{"@type":"ReadAction","target":["https:\/\/www.diocesitn.it\/area-testimonianza\/2023\/12\/30\/55-giovani-iscritti-al-capodanno-capovolto-per-vivere-lingresso-nel-nuovo-anno-assieme-a-chi-e-piu-in-difficolta\/"]}]},{"@type":"ImageObject","inLanguage":"it-IT","@id":"https:\/\/www.diocesitn.it\/area-testimonianza\/2023\/12\/30\/55-giovani-iscritti-al-capodanno-capovolto-per-vivere-lingresso-nel-nuovo-anno-assieme-a-chi-e-piu-in-difficolta\/#primaryimage","url":"https:\/\/www.diocesitn.it\/area-testimonianza\/wp-content\/uploads\/sites\/37\/2024\/01\/capodanno_capovolto.jpg","contentUrl":"https:\/\/www.diocesitn.it\/area-testimonianza\/wp-content\/uploads\/sites\/37\/2024\/01\/capodanno_capovolto.jpg","width":800,"height":600},{"@type":"BreadcrumbList","@id":"https:\/\/www.diocesitn.it\/area-testimonianza\/2023\/12\/30\/55-giovani-iscritti-al-capodanno-capovolto-per-vivere-lingresso-nel-nuovo-anno-assieme-a-chi-e-piu-in-difficolta\/#breadcrumb","itemListElement":[{"@type":"ListItem","position":1,"name":"Home","item":"https:\/\/www.diocesitn.it\/area-testimonianza\/"},{"@type":"ListItem","position":2,"name":"55 giovani iscritti al &#8220;Capodanno capovolto&#8221;, per vivere l&#8217;ingresso nel nuovo anno assieme a chi \u00e8 pi\u00f9 in difficolt\u00e0"}]},{"@type":"WebSite","@id":"https:\/\/www.diocesitn.it\/area-testimonianza\/#website","url":"https:\/\/www.diocesitn.it\/area-testimonianza\/","name":"Testimonianza e Impegno sociale","description":"Chiesa di Trento","publisher":{"@id":"https:\/\/www.diocesitn.it\/area-testimonianza\/#organization"},"potentialAction":[{"@type":"SearchAction","target":{"@type":"EntryPoint","urlTemplate":"https:\/\/www.diocesitn.it\/area-testimonianza\/?s={search_term_string}"},"query-input":"required name=search_term_string"}],"inLanguage":"it-IT"},{"@type":["Organization","Place"],"@id":"https:\/\/www.diocesitn.it\/area-testimonianza\/#organization","name":"Area Testimonianza e Impegno Sociale - Chiesa di Trento","url":"https:\/\/www.diocesitn.it\/area-testimonianza\/","logo":{"@id":"https:\/\/www.diocesitn.it\/area-testimonianza\/2023\/12\/30\/55-giovani-iscritti-al-capodanno-capovolto-per-vivere-lingresso-nel-nuovo-anno-assieme-a-chi-e-piu-in-difficolta\/#local-main-organization-logo"},"image":{"@id":"https:\/\/www.diocesitn.it\/area-testimonianza\/2023\/12\/30\/55-giovani-iscritti-al-capodanno-capovolto-per-vivere-lingresso-nel-nuovo-anno-assieme-a-chi-e-piu-in-difficolta\/#local-main-organization-logo"},"openingHoursSpecification":[{"@type":"OpeningHoursSpecification","dayOfWeek":["Monday","Tuesday","Wednesday","Thursday","Friday","Saturday","Sunday"],"opens":"09:00","closes":"17:00"}]},{"@type":"ImageObject","inLanguage":"it-IT","@id":"https:\/\/www.diocesitn.it\/area-testimonianza\/2023\/12\/30\/55-giovani-iscritti-al-capodanno-capovolto-per-vivere-lingresso-nel-nuovo-anno-assieme-a-chi-e-piu-in-difficolta\/#local-main-organization-logo","url":"https:\/\/www.diocesitn.it\/area-testimonianza\/wp-content\/uploads\/sites\/37\/2021\/09\/og-logo-testimonianza-e-impegno-sociale.jpg","contentUrl":"https:\/\/www.diocesitn.it\/area-testimonianza\/wp-content\/uploads\/sites\/37\/2021\/09\/og-logo-testimonianza-e-impegno-sociale.jpg","width":1200,"height":630,"caption":"Area Testimonianza e Impegno Sociale - Chiesa di Trento"}]}},"_links":{"self":[{"href":"https:\/\/www.diocesitn.it\/area-testimonianza\/wp-json\/wp\/v2\/posts\/14201","targetHints":{"allow":["GET"]}}],"collection":[{"href":"https:\/\/www.diocesitn.it\/area-testimonianza\/wp-json\/wp\/v2\/posts"}],"about":[{"href":"https:\/\/www.diocesitn.it\/area-testimonianza\/wp-json\/wp\/v2\/types\/post"}],"author":[{"embeddable":true,"href":"https:\/\/www.diocesitn.it\/area-testimonianza\/wp-json\/wp\/v2\/users\/3"}],"replies":[{"embeddable":true,"href":"https:\/\/www.diocesitn.it\/area-testimonianza\/wp-json\/wp\/v2\/comments?post=14201"}],"version-history":[{"count":1,"href":"https:\/\/www.diocesitn.it\/area-testimonianza\/wp-json\/wp\/v2\/posts\/14201\/revisions"}],"predecessor-version":[{"id":14205,"href":"https:\/\/www.diocesitn.it\/area-testimonianza\/wp-json\/wp\/v2\/posts\/14201\/revisions\/14205"}],"wp:featuredmedia":[{"embeddable":true,"href":"https:\/\/www.diocesitn.it\/area-testimonianza\/wp-json\/wp\/v2\/media\/14202"}],"wp:attachment":[{"href":"https:\/\/www.diocesitn.it\/area-testimonianza\/wp-json\/wp\/v2\/media?parent=14201"}],"wp:term":[{"taxonomy":"category","embeddable":true,"href":"https:\/\/www.diocesitn.it\/area-testimonianza\/wp-json\/wp\/v2\/categories?post=14201"},{"taxonomy":"post_tag","embeddable":true,"href":"https:\/\/www.diocesitn.it\/area-testimonianza\/wp-json\/wp\/v2\/tags?post=14201"}],"curies":[{"name":"wp","href":"https:\/\/api.w.org\/{rel}","templated":true}]}}