{"id":14200,"date":"2023-12-28T14:27:08","date_gmt":"2023-12-28T13:27:08","guid":{"rendered":"https:\/\/www.diocesitn.it\/area-testimonianza\/2023\/12\/28\/1-gennaio-2024-57%e1%b5%85-giornata-mondiale-della-pace-sul-tema-intelligenza-artificiale-e-pace-a-trento-riflessione-con-battiston-marcia-silenziosa-e-messa-con-il-vescovo-in-cattedrale-2\/"},"modified":"2024-01-03T09:29:27","modified_gmt":"2024-01-03T08:29:27","slug":"1-gennaio-2024-57%e1%b5%85-giornata-mondiale-della-pace-sul-tema-intelligenza-artificiale-e-pace-a-trento-riflessione-con-battiston-marcia-silenziosa-e-messa-con-il-vescovo-in-cattedrale-2","status":"publish","type":"post","link":"https:\/\/www.diocesitn.it\/area-testimonianza\/2023\/12\/28\/1-gennaio-2024-57%e1%b5%85-giornata-mondiale-della-pace-sul-tema-intelligenza-artificiale-e-pace-a-trento-riflessione-con-battiston-marcia-silenziosa-e-messa-con-il-vescovo-in-cattedrale-2\/","title":{"rendered":"1\u00b0 gennaio 2024, 57\u1d45 Giornata mondiale della Pace sul tema &#8220;Intelligenza artificiale e pace&#8221;. A Trento riflessione con Battiston, marcia silenziosa e Messa con il vescovo in cattedrale"},"content":{"rendered":"<p>Si celebra il 1\u00b0 gennaio 2024 la <strong>57\u1d45 Giornata mondiale della Pace<\/strong>. Il <strong>tema <\/strong>\u00a0scelto da <strong>papa Francesco <\/strong>\u00e8 &#8220;<strong>Intelligenza artificiale e pace<\/strong>&#8220;. In occasione della Giornata , sul filo di una ormai lunga tradizione, la Diocesi di Trento propone un <strong>pomeriggio di riflessione e di preghiera<\/strong>.<\/p>\n<h5><strong>Il pensiero di Battiston\u00a0<\/strong><\/h5>\n<p>Alle ore 17, nell&#8217;aula magna del Collegio Arcivescovile vi sar\u00e0 l&#8217;intervento del <strong>professor Roberto Battiston<\/strong>, ordinario di fisica sperimentale all&#8217;Universit\u00e0 di Trento e gi\u00e0 presidente dell&#8217;Agenzia Spaziale Italiana. Battiston commenter\u00e0 in particolare il <span style=\"text-decoration: underline\"><a href=\"https:\/\/www.vatican.va\/content\/francesco\/it\/messages\/peace\/documents\/20231208-messaggio-57giornatamondiale-pace2024.html\"><strong>Messaggio<\/strong> <\/a><\/span>del Papa per la Giornata che mette a fuoco l\u2019influsso dell\u2019intelligenza artificiale sull\u2019umanit\u00e0. \u00abGiustamente &#8211; scrive Francesco &#8211; ci rallegriamo e siamo riconoscenti per le straordinarie conquiste della scienza e della tecnologia, grazie alle quali si \u00e8 posto rimedio a innumerevoli mali che affliggevano la vita umana e causavano grandi sofferenze. Allo stesso tempo &#8211; nota per\u00f2 il Papa -, i progressi tecnico-scientifici, rendendo possibile l\u2019esercizio di un controllo finora inedito sulla realt\u00e0, stanno mettendo nelle mani dell\u2019uomo una vasta gamma di possibilit\u00e0, alcune delle quali possono rappresentare un rischio per la sopravvivenza e un pericolo per la casa comune\u00bb.<\/p>\n<h5><strong>In cammino per la pace\u00a0<\/strong><\/h5>\n<p>Dopo la relazione di Battiston, verso le <strong>18.15 <\/strong>prender\u00e0 la mosse dall&#8217;Arcivescovile la <strong>marcia silenziosa per la pace<\/strong> fino a <strong>piazza D&#8217;Arogno<\/strong>. Alle <strong>19<\/strong>, la conclusione della Giornata con la <strong>Messa in cattedrale presieduta dall&#8217;arcivescovo Lauro Tisi<\/strong> e trasmessa in diretta sul canale YouTube della Diocesi e su Telepace Trento.<\/p>\n<p><span style=\"font-size: inherit\">&#8220;La mia preghiera all\u2019inizio del nuovo anno &#8211; ribadisce a conclusione del Messaggio papa Bergoglio &#8211; \u00e8 che il rapido sviluppo di forme di intelligenza artificiale non accresca le troppe disuguaglianze e ingiustizie gi\u00e0 presenti nel mondo, ma contribuisca a porre fine a guerre e conflitti, e ad alleviare molte forme di sofferenza che affliggono la famiglia umana&#8221;.<\/span><\/p>\n<p><iframe loading=\"lazy\" title=\"Cattedrale di Trento - Santa Messa di Capodanno e Giornata della Pace - luned\u00ec 1 gennaio, ore 10\" width=\"800\" height=\"600\" src=\"https:\/\/www.youtube.com\/embed\/9BrSYU96KUw?feature=oembed\" frameborder=\"0\" allow=\"accelerometer; autoplay; clipboard-write; encrypted-media; gyroscope; picture-in-picture; web-share\" allowfullscreen><\/iframe><\/p>\n<p>&nbsp;<\/p>\n<p>&nbsp;<\/p>\n","protected":false},"excerpt":{"rendered":"<p>Si celebra il 1\u00b0 gennaio 2024 la 57\u1d45 Giornata mondiale della Pace. Il tema \u00a0scelto da papa Francesco \u00e8 &#8220;Intelligenza artificiale e pace&#8220;. In occasione della Giornata , sul filo di una ormai lunga tradizione,<\/p>\n","protected":false},"author":3,"featured_media":14191,"comment_status":"closed","ping_status":"closed","sticky":false,"template":"","format":"standard","meta":{"footnotes":""},"categories":[1695,1074],"tags":[2188,2189,1269,2190,2191,1317,1391],"class_list":["post-14200","post","type-post","status-publish","format-standard","has-post-thumbnail","hentry","category-area-testimonianza-e-impegno-sociale","category-notizie","tag-1-gennaio","tag-cattedrale","tag-giornata-mondiale-della-pace","tag-intelligenza-artificiale","tag-marcia-della-pace","tag-pace","tag-trento"],"acf":{"seed-localization-paese-cod":"IT","seed-localization-address":"","seed-localization-citta":"Trento","seed-localization-regione-cod-istat":"04","seed-localization-citta-cod-istat":"022205","seed-localization-localita":"","seed-localization-cap":"","seed-localization-marker-visibility":false,"seed-localization-children-visibility":false,"seed-localization-kml":"","seed-localization-custom-marker":""},"yoast_head":"<!-- This site is optimized with the Yoast SEO Premium plugin v20.2.1 (Yoast SEO v22.2) - https:\/\/yoast.com\/wordpress\/plugins\/seo\/ -->\n<title>1\u00b0 gennaio 2024, 57\u1d45 Giornata mondiale della Pace sul tema &quot;Intelligenza artificiale e pace&quot;. A Trento riflessione con Battiston, marcia silenziosa e Messa con il vescovo in cattedrale - Testimonianza e Impegno sociale<\/title>\n<meta name=\"robots\" content=\"index, follow, max-snippet:-1, max-image-preview:large, max-video-preview:-1\" \/>\n<link rel=\"canonical\" href=\"https:\/\/www.diocesitn.it\/area-testimonianza\/2023\/12\/28\/1-gennaio-2024-57\u1d45-giornata-mondiale-della-pace-sul-tema-intelligenza-artificiale-e-pace-a-trento-riflessione-con-battiston-marcia-silenziosa-e-messa-con-il-vescovo-in-cattedrale-2\/\" \/>\n<meta property=\"og:locale\" content=\"it_IT\" \/>\n<meta property=\"og:type\" content=\"article\" \/>\n<meta property=\"og:title\" content=\"1\u00b0 gennaio 2024, 57\u1d45 Giornata mondiale della Pace sul tema &quot;Intelligenza artificiale e pace&quot;. A Trento riflessione con Battiston, marcia silenziosa e Messa con il vescovo in cattedrale\" \/>\n<meta property=\"og:description\" content=\"Si celebra il 1\u00b0 gennaio 2024 la 57\u1d45 Giornata mondiale della Pace. Il tema \u00a0scelto da papa Francesco \u00e8 &#8220;Intelligenza artificiale e pace&#8220;. In occasione della Giornata , sul filo di una ormai lunga tradizione,\" \/>\n<meta property=\"og:url\" content=\"https:\/\/www.diocesitn.it\/area-testimonianza\/2023\/12\/28\/1-gennaio-2024-57\u1d45-giornata-mondiale-della-pace-sul-tema-intelligenza-artificiale-e-pace-a-trento-riflessione-con-battiston-marcia-silenziosa-e-messa-con-il-vescovo-in-cattedrale-2\/\" \/>\n<meta property=\"og:site_name\" content=\"Testimonianza e Impegno sociale\" \/>\n<meta property=\"article:published_time\" content=\"2023-12-28T13:27:08+00:00\" \/>\n<meta property=\"article:modified_time\" content=\"2024-01-03T08:29:27+00:00\" \/>\n<meta property=\"og:image\" content=\"https:\/\/www.diocesitn.it\/area-testimonianza\/wp-content\/uploads\/sites\/37\/2023\/12\/marcia_pace2018.jpg\" \/>\n\t<meta property=\"og:image:width\" content=\"1310\" \/>\n\t<meta property=\"og:image:height\" content=\"845\" \/>\n\t<meta property=\"og:image:type\" content=\"image\/jpeg\" \/>\n<meta name=\"author\" content=\"Piergiorgio Franceschini\" \/>\n<meta name=\"twitter:card\" content=\"summary_large_image\" \/>\n<meta name=\"twitter:label1\" content=\"Scritto da\" \/>\n\t<meta name=\"twitter:data1\" content=\"Piergiorgio Franceschini\" \/>\n\t<meta name=\"twitter:label2\" content=\"Tempo di lettura stimato\" \/>\n\t<meta name=\"twitter:data2\" content=\"2 minuti\" \/>\n<script type=\"application\/ld+json\" class=\"yoast-schema-graph\">{\"@context\":\"https:\/\/schema.org\",\"@graph\":[{\"@type\":\"Article\",\"@id\":\"https:\/\/www.diocesitn.it\/area-testimonianza\/2023\/12\/28\/1-gennaio-2024-57%e1%b5%85-giornata-mondiale-della-pace-sul-tema-intelligenza-artificiale-e-pace-a-trento-riflessione-con-battiston-marcia-silenziosa-e-messa-con-il-vescovo-in-cattedrale-2\/#article\",\"isPartOf\":{\"@id\":\"https:\/\/www.diocesitn.it\/area-testimonianza\/2023\/12\/28\/1-gennaio-2024-57%e1%b5%85-giornata-mondiale-della-pace-sul-tema-intelligenza-artificiale-e-pace-a-trento-riflessione-con-battiston-marcia-silenziosa-e-messa-con-il-vescovo-in-cattedrale-2\/\"},\"author\":{\"name\":\"Piergiorgio Franceschini\",\"@id\":\"https:\/\/www.diocesitn.it\/area-testimonianza\/#\/schema\/person\/99590c84577873a025247b6aeb16ad2e\"},\"headline\":\"1\u00b0 gennaio 2024, 57\u1d45 Giornata mondiale della Pace sul tema &#8220;Intelligenza artificiale e pace&#8221;. A Trento riflessione con Battiston, marcia silenziosa e Messa con il vescovo in cattedrale\",\"datePublished\":\"2023-12-28T13:27:08+00:00\",\"dateModified\":\"2024-01-03T08:29:27+00:00\",\"mainEntityOfPage\":{\"@id\":\"https:\/\/www.diocesitn.it\/area-testimonianza\/2023\/12\/28\/1-gennaio-2024-57%e1%b5%85-giornata-mondiale-della-pace-sul-tema-intelligenza-artificiale-e-pace-a-trento-riflessione-con-battiston-marcia-silenziosa-e-messa-con-il-vescovo-in-cattedrale-2\/\"},\"wordCount\":329,\"publisher\":{\"@id\":\"https:\/\/www.diocesitn.it\/area-testimonianza\/#organization\"},\"image\":{\"@id\":\"https:\/\/www.diocesitn.it\/area-testimonianza\/2023\/12\/28\/1-gennaio-2024-57%e1%b5%85-giornata-mondiale-della-pace-sul-tema-intelligenza-artificiale-e-pace-a-trento-riflessione-con-battiston-marcia-silenziosa-e-messa-con-il-vescovo-in-cattedrale-2\/#primaryimage\"},\"thumbnailUrl\":\"https:\/\/www.diocesitn.it\/area-testimonianza\/wp-content\/uploads\/sites\/37\/2023\/12\/marcia_pace2018.jpg\",\"keywords\":[\"1\u00b0 gennaio\",\"cattedrale\",\"Giornata mondiale della pace\",\"intelligenza artificiale\",\"marcia della pace\",\"pace\",\"Trento\"],\"articleSection\":[\"Area Testimonianza e Impegno sociale\",\"Notizie\"],\"inLanguage\":\"it-IT\",\"copyrightYear\":\"2023\",\"copyrightHolder\":{\"@id\":\"https:\/\/www.diocesitn.it\/#organization\"}},{\"@type\":\"WebPage\",\"@id\":\"https:\/\/www.diocesitn.it\/area-testimonianza\/2023\/12\/28\/1-gennaio-2024-57%e1%b5%85-giornata-mondiale-della-pace-sul-tema-intelligenza-artificiale-e-pace-a-trento-riflessione-con-battiston-marcia-silenziosa-e-messa-con-il-vescovo-in-cattedrale-2\/\",\"url\":\"https:\/\/www.diocesitn.it\/area-testimonianza\/2023\/12\/28\/1-gennaio-2024-57%e1%b5%85-giornata-mondiale-della-pace-sul-tema-intelligenza-artificiale-e-pace-a-trento-riflessione-con-battiston-marcia-silenziosa-e-messa-con-il-vescovo-in-cattedrale-2\/\",\"name\":\"1\u00b0 gennaio 2024, 57\u1d45 Giornata mondiale della Pace sul tema \\\"Intelligenza artificiale e pace\\\". A Trento riflessione con Battiston, marcia silenziosa e Messa con il vescovo in cattedrale - Testimonianza e Impegno sociale\",\"isPartOf\":{\"@id\":\"https:\/\/www.diocesitn.it\/area-testimonianza\/#website\"},\"primaryImageOfPage\":{\"@id\":\"https:\/\/www.diocesitn.it\/area-testimonianza\/2023\/12\/28\/1-gennaio-2024-57%e1%b5%85-giornata-mondiale-della-pace-sul-tema-intelligenza-artificiale-e-pace-a-trento-riflessione-con-battiston-marcia-silenziosa-e-messa-con-il-vescovo-in-cattedrale-2\/#primaryimage\"},\"image\":{\"@id\":\"https:\/\/www.diocesitn.it\/area-testimonianza\/2023\/12\/28\/1-gennaio-2024-57%e1%b5%85-giornata-mondiale-della-pace-sul-tema-intelligenza-artificiale-e-pace-a-trento-riflessione-con-battiston-marcia-silenziosa-e-messa-con-il-vescovo-in-cattedrale-2\/#primaryimage\"},\"thumbnailUrl\":\"https:\/\/www.diocesitn.it\/area-testimonianza\/wp-content\/uploads\/sites\/37\/2023\/12\/marcia_pace2018.jpg\",\"datePublished\":\"2023-12-28T13:27:08+00:00\",\"dateModified\":\"2024-01-03T08:29:27+00:00\",\"breadcrumb\":{\"@id\":\"https:\/\/www.diocesitn.it\/area-testimonianza\/2023\/12\/28\/1-gennaio-2024-57%e1%b5%85-giornata-mondiale-della-pace-sul-tema-intelligenza-artificiale-e-pace-a-trento-riflessione-con-battiston-marcia-silenziosa-e-messa-con-il-vescovo-in-cattedrale-2\/#breadcrumb\"},\"inLanguage\":\"it-IT\",\"potentialAction\":[{\"@type\":\"ReadAction\",\"target\":[\"https:\/\/www.diocesitn.it\/area-testimonianza\/2023\/12\/28\/1-gennaio-2024-57%e1%b5%85-giornata-mondiale-della-pace-sul-tema-intelligenza-artificiale-e-pace-a-trento-riflessione-con-battiston-marcia-silenziosa-e-messa-con-il-vescovo-in-cattedrale-2\/\"]}]},{\"@type\":\"ImageObject\",\"inLanguage\":\"it-IT\",\"@id\":\"https:\/\/www.diocesitn.it\/area-testimonianza\/2023\/12\/28\/1-gennaio-2024-57%e1%b5%85-giornata-mondiale-della-pace-sul-tema-intelligenza-artificiale-e-pace-a-trento-riflessione-con-battiston-marcia-silenziosa-e-messa-con-il-vescovo-in-cattedrale-2\/#primaryimage\",\"url\":\"https:\/\/www.diocesitn.it\/area-testimonianza\/wp-content\/uploads\/sites\/37\/2023\/12\/marcia_pace2018.jpg\",\"contentUrl\":\"https:\/\/www.diocesitn.it\/area-testimonianza\/wp-content\/uploads\/sites\/37\/2023\/12\/marcia_pace2018.jpg\",\"width\":1310,\"height\":845,\"caption\":\"La marcia della pace del 1\u00b0 gennaio 2018 - foto Zotta\"},{\"@type\":\"BreadcrumbList\",\"@id\":\"https:\/\/www.diocesitn.it\/area-testimonianza\/2023\/12\/28\/1-gennaio-2024-57%e1%b5%85-giornata-mondiale-della-pace-sul-tema-intelligenza-artificiale-e-pace-a-trento-riflessione-con-battiston-marcia-silenziosa-e-messa-con-il-vescovo-in-cattedrale-2\/#breadcrumb\",\"itemListElement\":[{\"@type\":\"ListItem\",\"position\":1,\"name\":\"Home\",\"item\":\"https:\/\/www.diocesitn.it\/area-testimonianza\/\"},{\"@type\":\"ListItem\",\"position\":2,\"name\":\"1\u00b0 gennaio 2024, 57\u1d45 Giornata mondiale della Pace sul tema &#8220;Intelligenza artificiale e pace&#8221;. A Trento riflessione con Battiston, marcia silenziosa e Messa con il vescovo in cattedrale\"}]},{\"@type\":\"WebSite\",\"@id\":\"https:\/\/www.diocesitn.it\/area-testimonianza\/#website\",\"url\":\"https:\/\/www.diocesitn.it\/area-testimonianza\/\",\"name\":\"Testimonianza e Impegno sociale\",\"description\":\"Chiesa di Trento\",\"publisher\":{\"@id\":\"https:\/\/www.diocesitn.it\/area-testimonianza\/#organization\"},\"potentialAction\":[{\"@type\":\"SearchAction\",\"target\":{\"@type\":\"EntryPoint\",\"urlTemplate\":\"https:\/\/www.diocesitn.it\/area-testimonianza\/?s={search_term_string}\"},\"query-input\":\"required name=search_term_string\"}],\"inLanguage\":\"it-IT\"},{\"@type\":[\"Organization\",\"Place\"],\"@id\":\"https:\/\/www.diocesitn.it\/area-testimonianza\/#organization\",\"name\":\"Area Testimonianza e Impegno Sociale - Chiesa di Trento\",\"url\":\"https:\/\/www.diocesitn.it\/area-testimonianza\/\",\"logo\":{\"@id\":\"https:\/\/www.diocesitn.it\/area-testimonianza\/2023\/12\/28\/1-gennaio-2024-57%e1%b5%85-giornata-mondiale-della-pace-sul-tema-intelligenza-artificiale-e-pace-a-trento-riflessione-con-battiston-marcia-silenziosa-e-messa-con-il-vescovo-in-cattedrale-2\/#local-main-organization-logo\"},\"image\":{\"@id\":\"https:\/\/www.diocesitn.it\/area-testimonianza\/2023\/12\/28\/1-gennaio-2024-57%e1%b5%85-giornata-mondiale-della-pace-sul-tema-intelligenza-artificiale-e-pace-a-trento-riflessione-con-battiston-marcia-silenziosa-e-messa-con-il-vescovo-in-cattedrale-2\/#local-main-organization-logo\"},\"openingHoursSpecification\":[{\"@type\":\"OpeningHoursSpecification\",\"dayOfWeek\":[\"Monday\",\"Tuesday\",\"Wednesday\",\"Thursday\",\"Friday\",\"Saturday\",\"Sunday\"],\"opens\":\"09:00\",\"closes\":\"17:00\"}]},{\"@type\":\"ImageObject\",\"inLanguage\":\"it-IT\",\"@id\":\"https:\/\/www.diocesitn.it\/area-testimonianza\/2023\/12\/28\/1-gennaio-2024-57%e1%b5%85-giornata-mondiale-della-pace-sul-tema-intelligenza-artificiale-e-pace-a-trento-riflessione-con-battiston-marcia-silenziosa-e-messa-con-il-vescovo-in-cattedrale-2\/#local-main-organization-logo\",\"url\":\"https:\/\/www.diocesitn.it\/area-testimonianza\/wp-content\/uploads\/sites\/37\/2021\/09\/og-logo-testimonianza-e-impegno-sociale.jpg\",\"contentUrl\":\"https:\/\/www.diocesitn.it\/area-testimonianza\/wp-content\/uploads\/sites\/37\/2021\/09\/og-logo-testimonianza-e-impegno-sociale.jpg\",\"width\":1200,\"height\":630,\"caption\":\"Area Testimonianza e Impegno Sociale - Chiesa di Trento\"}]}<\/script>\n<!-- \/ Yoast SEO Premium plugin. -->","yoast_head_json":{"title":"1\u00b0 gennaio 2024, 57\u1d45 Giornata mondiale della Pace sul tema \"Intelligenza artificiale e pace\". A Trento riflessione con Battiston, marcia silenziosa e Messa con il vescovo in cattedrale - Testimonianza e Impegno sociale","robots":{"index":"index","follow":"follow","max-snippet":"max-snippet:-1","max-image-preview":"max-image-preview:large","max-video-preview":"max-video-preview:-1"},"canonical":"https:\/\/www.diocesitn.it\/area-testimonianza\/2023\/12\/28\/1-gennaio-2024-57\u1d45-giornata-mondiale-della-pace-sul-tema-intelligenza-artificiale-e-pace-a-trento-riflessione-con-battiston-marcia-silenziosa-e-messa-con-il-vescovo-in-cattedrale-2\/","og_locale":"it_IT","og_type":"article","og_title":"1\u00b0 gennaio 2024, 57\u1d45 Giornata mondiale della Pace sul tema \"Intelligenza artificiale e pace\". A Trento riflessione con Battiston, marcia silenziosa e Messa con il vescovo in cattedrale","og_description":"Si celebra il 1\u00b0 gennaio 2024 la 57\u1d45 Giornata mondiale della Pace. Il tema \u00a0scelto da papa Francesco \u00e8 &#8220;Intelligenza artificiale e pace&#8220;. In occasione della Giornata , sul filo di una ormai lunga tradizione,","og_url":"https:\/\/www.diocesitn.it\/area-testimonianza\/2023\/12\/28\/1-gennaio-2024-57\u1d45-giornata-mondiale-della-pace-sul-tema-intelligenza-artificiale-e-pace-a-trento-riflessione-con-battiston-marcia-silenziosa-e-messa-con-il-vescovo-in-cattedrale-2\/","og_site_name":"Testimonianza e Impegno sociale","article_published_time":"2023-12-28T13:27:08+00:00","article_modified_time":"2024-01-03T08:29:27+00:00","og_image":[{"width":1310,"height":845,"url":"https:\/\/www.diocesitn.it\/area-testimonianza\/wp-content\/uploads\/sites\/37\/2023\/12\/marcia_pace2018.jpg","type":"image\/jpeg"}],"author":"Piergiorgio Franceschini","twitter_card":"summary_large_image","twitter_misc":{"Scritto da":"Piergiorgio Franceschini","Tempo di lettura stimato":"2 minuti"},"schema":{"@context":"https:\/\/schema.org","@graph":[{"@type":"Article","@id":"https:\/\/www.diocesitn.it\/area-testimonianza\/2023\/12\/28\/1-gennaio-2024-57%e1%b5%85-giornata-mondiale-della-pace-sul-tema-intelligenza-artificiale-e-pace-a-trento-riflessione-con-battiston-marcia-silenziosa-e-messa-con-il-vescovo-in-cattedrale-2\/#article","isPartOf":{"@id":"https:\/\/www.diocesitn.it\/area-testimonianza\/2023\/12\/28\/1-gennaio-2024-57%e1%b5%85-giornata-mondiale-della-pace-sul-tema-intelligenza-artificiale-e-pace-a-trento-riflessione-con-battiston-marcia-silenziosa-e-messa-con-il-vescovo-in-cattedrale-2\/"},"author":{"name":"Piergiorgio Franceschini","@id":"https:\/\/www.diocesitn.it\/area-testimonianza\/#\/schema\/person\/99590c84577873a025247b6aeb16ad2e"},"headline":"1\u00b0 gennaio 2024, 57\u1d45 Giornata mondiale della Pace sul tema &#8220;Intelligenza artificiale e pace&#8221;. A Trento riflessione con Battiston, marcia silenziosa e Messa con il vescovo in cattedrale","datePublished":"2023-12-28T13:27:08+00:00","dateModified":"2024-01-03T08:29:27+00:00","mainEntityOfPage":{"@id":"https:\/\/www.diocesitn.it\/area-testimonianza\/2023\/12\/28\/1-gennaio-2024-57%e1%b5%85-giornata-mondiale-della-pace-sul-tema-intelligenza-artificiale-e-pace-a-trento-riflessione-con-battiston-marcia-silenziosa-e-messa-con-il-vescovo-in-cattedrale-2\/"},"wordCount":329,"publisher":{"@id":"https:\/\/www.diocesitn.it\/area-testimonianza\/#organization"},"image":{"@id":"https:\/\/www.diocesitn.it\/area-testimonianza\/2023\/12\/28\/1-gennaio-2024-57%e1%b5%85-giornata-mondiale-della-pace-sul-tema-intelligenza-artificiale-e-pace-a-trento-riflessione-con-battiston-marcia-silenziosa-e-messa-con-il-vescovo-in-cattedrale-2\/#primaryimage"},"thumbnailUrl":"https:\/\/www.diocesitn.it\/area-testimonianza\/wp-content\/uploads\/sites\/37\/2023\/12\/marcia_pace2018.jpg","keywords":["1\u00b0 gennaio","cattedrale","Giornata mondiale della pace","intelligenza artificiale","marcia della pace","pace","Trento"],"articleSection":["Area Testimonianza e Impegno sociale","Notizie"],"inLanguage":"it-IT","copyrightYear":"2023","copyrightHolder":{"@id":"https:\/\/www.diocesitn.it\/#organization"}},{"@type":"WebPage","@id":"https:\/\/www.diocesitn.it\/area-testimonianza\/2023\/12\/28\/1-gennaio-2024-57%e1%b5%85-giornata-mondiale-della-pace-sul-tema-intelligenza-artificiale-e-pace-a-trento-riflessione-con-battiston-marcia-silenziosa-e-messa-con-il-vescovo-in-cattedrale-2\/","url":"https:\/\/www.diocesitn.it\/area-testimonianza\/2023\/12\/28\/1-gennaio-2024-57%e1%b5%85-giornata-mondiale-della-pace-sul-tema-intelligenza-artificiale-e-pace-a-trento-riflessione-con-battiston-marcia-silenziosa-e-messa-con-il-vescovo-in-cattedrale-2\/","name":"1\u00b0 gennaio 2024, 57\u1d45 Giornata mondiale della Pace sul tema \"Intelligenza artificiale e pace\". A Trento riflessione con Battiston, marcia silenziosa e Messa con il vescovo in cattedrale - Testimonianza e Impegno sociale","isPartOf":{"@id":"https:\/\/www.diocesitn.it\/area-testimonianza\/#website"},"primaryImageOfPage":{"@id":"https:\/\/www.diocesitn.it\/area-testimonianza\/2023\/12\/28\/1-gennaio-2024-57%e1%b5%85-giornata-mondiale-della-pace-sul-tema-intelligenza-artificiale-e-pace-a-trento-riflessione-con-battiston-marcia-silenziosa-e-messa-con-il-vescovo-in-cattedrale-2\/#primaryimage"},"image":{"@id":"https:\/\/www.diocesitn.it\/area-testimonianza\/2023\/12\/28\/1-gennaio-2024-57%e1%b5%85-giornata-mondiale-della-pace-sul-tema-intelligenza-artificiale-e-pace-a-trento-riflessione-con-battiston-marcia-silenziosa-e-messa-con-il-vescovo-in-cattedrale-2\/#primaryimage"},"thumbnailUrl":"https:\/\/www.diocesitn.it\/area-testimonianza\/wp-content\/uploads\/sites\/37\/2023\/12\/marcia_pace2018.jpg","datePublished":"2023-12-28T13:27:08+00:00","dateModified":"2024-01-03T08:29:27+00:00","breadcrumb":{"@id":"https:\/\/www.diocesitn.it\/area-testimonianza\/2023\/12\/28\/1-gennaio-2024-57%e1%b5%85-giornata-mondiale-della-pace-sul-tema-intelligenza-artificiale-e-pace-a-trento-riflessione-con-battiston-marcia-silenziosa-e-messa-con-il-vescovo-in-cattedrale-2\/#breadcrumb"},"inLanguage":"it-IT","potentialAction":[{"@type":"ReadAction","target":["https:\/\/www.diocesitn.it\/area-testimonianza\/2023\/12\/28\/1-gennaio-2024-57%e1%b5%85-giornata-mondiale-della-pace-sul-tema-intelligenza-artificiale-e-pace-a-trento-riflessione-con-battiston-marcia-silenziosa-e-messa-con-il-vescovo-in-cattedrale-2\/"]}]},{"@type":"ImageObject","inLanguage":"it-IT","@id":"https:\/\/www.diocesitn.it\/area-testimonianza\/2023\/12\/28\/1-gennaio-2024-57%e1%b5%85-giornata-mondiale-della-pace-sul-tema-intelligenza-artificiale-e-pace-a-trento-riflessione-con-battiston-marcia-silenziosa-e-messa-con-il-vescovo-in-cattedrale-2\/#primaryimage","url":"https:\/\/www.diocesitn.it\/area-testimonianza\/wp-content\/uploads\/sites\/37\/2023\/12\/marcia_pace2018.jpg","contentUrl":"https:\/\/www.diocesitn.it\/area-testimonianza\/wp-content\/uploads\/sites\/37\/2023\/12\/marcia_pace2018.jpg","width":1310,"height":845,"caption":"La marcia della pace del 1\u00b0 gennaio 2018 - foto Zotta"},{"@type":"BreadcrumbList","@id":"https:\/\/www.diocesitn.it\/area-testimonianza\/2023\/12\/28\/1-gennaio-2024-57%e1%b5%85-giornata-mondiale-della-pace-sul-tema-intelligenza-artificiale-e-pace-a-trento-riflessione-con-battiston-marcia-silenziosa-e-messa-con-il-vescovo-in-cattedrale-2\/#breadcrumb","itemListElement":[{"@type":"ListItem","position":1,"name":"Home","item":"https:\/\/www.diocesitn.it\/area-testimonianza\/"},{"@type":"ListItem","position":2,"name":"1\u00b0 gennaio 2024, 57\u1d45 Giornata mondiale della Pace sul tema &#8220;Intelligenza artificiale e pace&#8221;. A Trento riflessione con Battiston, marcia silenziosa e Messa con il vescovo in cattedrale"}]},{"@type":"WebSite","@id":"https:\/\/www.diocesitn.it\/area-testimonianza\/#website","url":"https:\/\/www.diocesitn.it\/area-testimonianza\/","name":"Testimonianza e Impegno sociale","description":"Chiesa di Trento","publisher":{"@id":"https:\/\/www.diocesitn.it\/area-testimonianza\/#organization"},"potentialAction":[{"@type":"SearchAction","target":{"@type":"EntryPoint","urlTemplate":"https:\/\/www.diocesitn.it\/area-testimonianza\/?s={search_term_string}"},"query-input":"required name=search_term_string"}],"inLanguage":"it-IT"},{"@type":["Organization","Place"],"@id":"https:\/\/www.diocesitn.it\/area-testimonianza\/#organization","name":"Area Testimonianza e Impegno Sociale - Chiesa di Trento","url":"https:\/\/www.diocesitn.it\/area-testimonianza\/","logo":{"@id":"https:\/\/www.diocesitn.it\/area-testimonianza\/2023\/12\/28\/1-gennaio-2024-57%e1%b5%85-giornata-mondiale-della-pace-sul-tema-intelligenza-artificiale-e-pace-a-trento-riflessione-con-battiston-marcia-silenziosa-e-messa-con-il-vescovo-in-cattedrale-2\/#local-main-organization-logo"},"image":{"@id":"https:\/\/www.diocesitn.it\/area-testimonianza\/2023\/12\/28\/1-gennaio-2024-57%e1%b5%85-giornata-mondiale-della-pace-sul-tema-intelligenza-artificiale-e-pace-a-trento-riflessione-con-battiston-marcia-silenziosa-e-messa-con-il-vescovo-in-cattedrale-2\/#local-main-organization-logo"},"openingHoursSpecification":[{"@type":"OpeningHoursSpecification","dayOfWeek":["Monday","Tuesday","Wednesday","Thursday","Friday","Saturday","Sunday"],"opens":"09:00","closes":"17:00"}]},{"@type":"ImageObject","inLanguage":"it-IT","@id":"https:\/\/www.diocesitn.it\/area-testimonianza\/2023\/12\/28\/1-gennaio-2024-57%e1%b5%85-giornata-mondiale-della-pace-sul-tema-intelligenza-artificiale-e-pace-a-trento-riflessione-con-battiston-marcia-silenziosa-e-messa-con-il-vescovo-in-cattedrale-2\/#local-main-organization-logo","url":"https:\/\/www.diocesitn.it\/area-testimonianza\/wp-content\/uploads\/sites\/37\/2021\/09\/og-logo-testimonianza-e-impegno-sociale.jpg","contentUrl":"https:\/\/www.diocesitn.it\/area-testimonianza\/wp-content\/uploads\/sites\/37\/2021\/09\/og-logo-testimonianza-e-impegno-sociale.jpg","width":1200,"height":630,"caption":"Area Testimonianza e Impegno Sociale - Chiesa di Trento"}]}},"_links":{"self":[{"href":"https:\/\/www.diocesitn.it\/area-testimonianza\/wp-json\/wp\/v2\/posts\/14200","targetHints":{"allow":["GET"]}}],"collection":[{"href":"https:\/\/www.diocesitn.it\/area-testimonianza\/wp-json\/wp\/v2\/posts"}],"about":[{"href":"https:\/\/www.diocesitn.it\/area-testimonianza\/wp-json\/wp\/v2\/types\/post"}],"author":[{"embeddable":true,"href":"https:\/\/www.diocesitn.it\/area-testimonianza\/wp-json\/wp\/v2\/users\/3"}],"replies":[{"embeddable":true,"href":"https:\/\/www.diocesitn.it\/area-testimonianza\/wp-json\/wp\/v2\/comments?post=14200"}],"version-history":[{"count":1,"href":"https:\/\/www.diocesitn.it\/area-testimonianza\/wp-json\/wp\/v2\/posts\/14200\/revisions"}],"predecessor-version":[{"id":14209,"href":"https:\/\/www.diocesitn.it\/area-testimonianza\/wp-json\/wp\/v2\/posts\/14200\/revisions\/14209"}],"wp:featuredmedia":[{"embeddable":true,"href":"https:\/\/www.diocesitn.it\/area-testimonianza\/wp-json\/wp\/v2\/media\/14191"}],"wp:attachment":[{"href":"https:\/\/www.diocesitn.it\/area-testimonianza\/wp-json\/wp\/v2\/media?parent=14200"}],"wp:term":[{"taxonomy":"category","embeddable":true,"href":"https:\/\/www.diocesitn.it\/area-testimonianza\/wp-json\/wp\/v2\/categories?post=14200"},{"taxonomy":"post_tag","embeddable":true,"href":"https:\/\/www.diocesitn.it\/area-testimonianza\/wp-json\/wp\/v2\/tags?post=14200"}],"curies":[{"name":"wp","href":"https:\/\/api.w.org\/{rel}","templated":true}]}}