{"id":14195,"date":"2023-12-31T16:21:22","date_gmt":"2023-12-31T15:21:22","guid":{"rendered":"https:\/\/www.diocesitn.it\/area-testimonianza\/2023\/12\/31\/emergenza-freddo-altri-trenta-posti-letto-dalla-diocesi-a-villa-san-nicolo-affidati-alla-gestione-della-provincia\/"},"modified":"2024-11-14T11:25:15","modified_gmt":"2024-11-14T10:25:15","slug":"emergenza-freddo-altri-trenta-posti-letto-dalla-diocesi-a-villa-san-nicolo-affidati-alla-gestione-della-provincia","status":"publish","type":"post","link":"https:\/\/www.diocesitn.it\/area-testimonianza\/2023\/12\/31\/emergenza-freddo-altri-trenta-posti-letto-dalla-diocesi-a-villa-san-nicolo-affidati-alla-gestione-della-provincia\/","title":{"rendered":"Emergenza freddo. Altri trenta posti letto dalla Diocesi a Villa San Nicol\u00f2, affidati alla gestione della Provincia"},"content":{"rendered":"<p>Emergenza freddo, l\u2019<strong>Arcidiocesi di Trento<\/strong> mette a disposizione del sistema di accoglienza <strong>altri 30 posti letto in localit\u00e0 Villa San Nicol\u00f2<\/strong>, sulla collina ad ovest della citt\u00e0, poco sopra la Casa di accoglienza Bonomelli gestita da Fondazione Caritas. Alla luce dell\u2019attuale bisogno, una delle strutture di Villa San Nicol\u00f2, destinata finora ad altro scopo, \u00e8 stata infatti liberata e predisposta con la dotazione essenziale all\u2019accoglienza. La struttura \u00e8 data in uso alla <strong>Provincia Autonoma attraverso la Protezione civile provinciale<\/strong> che ha definito l&#8217;organizzazione e la gestione del dormitorio grazie al coinvolgimento dei volontari della <strong>Croce Rossa<\/strong>; il Comune di Trento in collaborazione con il Centro Astalli si \u00e8 occupato dell&#8217;individuazione del gruppo di persone che saranno ospitate a S. Niccol\u00f2. Le persone che verranno accolte, gi\u00e0 a partire dalla serata di oggi, sono richiedenti protezione internazionale.<\/p>\n<p>&nbsp;<\/p>\n<p>\u201cRingraziamo il vescovo per aver messo a disposizione nuovi posti letto per l\u2019emergenza freddo ma al tempo stesso anche il commissario del governo, il questore e tutte le forze dell\u2019ordine che stanno lavorando per la sicurezza della citt\u00e0\u201d, ha affermato il <strong>presidente della Provincia autonoma di Trento, Maurizio Fugatti<\/strong> nel confermare che da questa sera saranno attivati 30 posti letto a Casa San Nicol\u00f2 dove \u00e8 stato allestito un dormitorio temporaneo per rinforzare la rete delle altre strutture di accoglienza notturna gi\u00e0 presenti sul territorio.<\/p>\n<p>&nbsp;<\/p>\n<p>&nbsp;<\/p>\n","protected":false},"excerpt":{"rendered":"<p>Emergenza freddo, l\u2019Arcidiocesi di Trento mette a disposizione del sistema di accoglienza altri 30 posti letto in localit\u00e0 Villa San Nicol\u00f2, sulla collina ad ovest della citt\u00e0, poco sopra la Casa di accoglienza Bonomelli gestita<\/p>\n","protected":false},"author":3,"featured_media":14198,"comment_status":"closed","ping_status":"closed","sticky":false,"template":"","format":"standard","meta":{"footnotes":""},"categories":[1059,1074],"tags":[1896,2192],"class_list":["post-14195","post","type-post","status-publish","format-standard","has-post-thumbnail","hentry","category-servizio-caritas","category-notizie","tag-diocesi-trento","tag-emergenza-freddo"],"acf":{"seed-localization-paese-cod":"IT","seed-localization-address":"","seed-localization-citta":"Trento","seed-localization-regione-cod-istat":"04","seed-localization-citta-cod-istat":"022205","seed-localization-localita":"","seed-localization-cap":"","seed-localization-marker-visibility":false,"seed-localization-children-visibility":false,"seed-localization-kml":"","seed-localization-custom-marker":""},"yoast_head":"<!-- This site is optimized with the Yoast SEO Premium plugin v20.2.1 (Yoast SEO v22.2) - https:\/\/yoast.com\/wordpress\/plugins\/seo\/ -->\n<title>Emergenza freddo. Altri trenta posti letto dalla Diocesi a Villa San Nicol\u00f2, affidati alla gestione della Provincia - Testimonianza e Impegno sociale<\/title>\n<meta name=\"robots\" content=\"index, follow, max-snippet:-1, max-image-preview:large, max-video-preview:-1\" \/>\n<link rel=\"canonical\" href=\"https:\/\/www.diocesitn.it\/area-testimonianza\/2023\/12\/31\/emergenza-freddo-altri-trenta-posti-letto-dalla-diocesi-a-villa-san-nicolo-affidati-alla-gestione-della-provincia\/\" \/>\n<meta property=\"og:locale\" content=\"it_IT\" \/>\n<meta property=\"og:type\" content=\"article\" \/>\n<meta property=\"og:title\" content=\"Emergenza freddo. Altri trenta posti letto dalla Diocesi a Villa San Nicol\u00f2, affidati alla gestione della Provincia\" \/>\n<meta property=\"og:description\" content=\"Emergenza freddo, l\u2019Arcidiocesi di Trento mette a disposizione del sistema di accoglienza altri 30 posti letto in localit\u00e0 Villa San Nicol\u00f2, sulla collina ad ovest della citt\u00e0, poco sopra la Casa di accoglienza Bonomelli gestita\" \/>\n<meta property=\"og:url\" content=\"https:\/\/www.diocesitn.it\/area-testimonianza\/2023\/12\/31\/emergenza-freddo-altri-trenta-posti-letto-dalla-diocesi-a-villa-san-nicolo-affidati-alla-gestione-della-provincia\/\" \/>\n<meta property=\"og:site_name\" content=\"Testimonianza e Impegno sociale\" \/>\n<meta property=\"article:published_time\" content=\"2023-12-31T15:21:22+00:00\" \/>\n<meta property=\"article:modified_time\" content=\"2024-11-14T10:25:15+00:00\" \/>\n<meta property=\"og:image\" content=\"https:\/\/www.diocesitn.it\/area-testimonianza\/wp-content\/uploads\/sites\/37\/2024\/01\/villa-san-nicolo-e1704035906928.jpg\" \/>\n\t<meta property=\"og:image:width\" content=\"768\" \/>\n\t<meta property=\"og:image:height\" content=\"811\" \/>\n\t<meta property=\"og:image:type\" content=\"image\/jpeg\" \/>\n<meta name=\"author\" content=\"Piergiorgio Franceschini\" \/>\n<meta name=\"twitter:card\" content=\"summary_large_image\" \/>\n<meta name=\"twitter:label1\" content=\"Scritto da\" \/>\n\t<meta name=\"twitter:data1\" content=\"Piergiorgio Franceschini\" \/>\n\t<meta name=\"twitter:label2\" content=\"Tempo di lettura stimato\" \/>\n\t<meta name=\"twitter:data2\" content=\"2 minuti\" \/>\n<script type=\"application\/ld+json\" class=\"yoast-schema-graph\">{\"@context\":\"https:\/\/schema.org\",\"@graph\":[{\"@type\":\"Article\",\"@id\":\"https:\/\/www.diocesitn.it\/area-testimonianza\/2023\/12\/31\/emergenza-freddo-altri-trenta-posti-letto-dalla-diocesi-a-villa-san-nicolo-affidati-alla-gestione-della-provincia\/#article\",\"isPartOf\":{\"@id\":\"https:\/\/www.diocesitn.it\/area-testimonianza\/2023\/12\/31\/emergenza-freddo-altri-trenta-posti-letto-dalla-diocesi-a-villa-san-nicolo-affidati-alla-gestione-della-provincia\/\"},\"author\":{\"name\":\"Piergiorgio Franceschini\",\"@id\":\"https:\/\/www.diocesitn.it\/area-testimonianza\/#\/schema\/person\/99590c84577873a025247b6aeb16ad2e\"},\"headline\":\"Emergenza freddo. Altri trenta posti letto dalla Diocesi a Villa San Nicol\u00f2, affidati alla gestione della Provincia\",\"datePublished\":\"2023-12-31T15:21:22+00:00\",\"dateModified\":\"2024-11-14T10:25:15+00:00\",\"mainEntityOfPage\":{\"@id\":\"https:\/\/www.diocesitn.it\/area-testimonianza\/2023\/12\/31\/emergenza-freddo-altri-trenta-posti-letto-dalla-diocesi-a-villa-san-nicolo-affidati-alla-gestione-della-provincia\/\"},\"wordCount\":240,\"publisher\":{\"@id\":\"https:\/\/www.diocesitn.it\/area-testimonianza\/#organization\"},\"image\":{\"@id\":\"https:\/\/www.diocesitn.it\/area-testimonianza\/2023\/12\/31\/emergenza-freddo-altri-trenta-posti-letto-dalla-diocesi-a-villa-san-nicolo-affidati-alla-gestione-della-provincia\/#primaryimage\"},\"thumbnailUrl\":\"https:\/\/www.diocesitn.it\/area-testimonianza\/wp-content\/uploads\/sites\/37\/2024\/01\/villa-san-nicolo-e1704035906928.jpg\",\"keywords\":[\"diocesi trento\",\"emergenza freddo\"],\"articleSection\":[\"Caritas diocesana\",\"Notizie\"],\"inLanguage\":\"it-IT\",\"copyrightYear\":\"2023\",\"copyrightHolder\":{\"@id\":\"https:\/\/www.diocesitn.it\/#organization\"}},{\"@type\":\"WebPage\",\"@id\":\"https:\/\/www.diocesitn.it\/area-testimonianza\/2023\/12\/31\/emergenza-freddo-altri-trenta-posti-letto-dalla-diocesi-a-villa-san-nicolo-affidati-alla-gestione-della-provincia\/\",\"url\":\"https:\/\/www.diocesitn.it\/area-testimonianza\/2023\/12\/31\/emergenza-freddo-altri-trenta-posti-letto-dalla-diocesi-a-villa-san-nicolo-affidati-alla-gestione-della-provincia\/\",\"name\":\"Emergenza freddo. Altri trenta posti letto dalla Diocesi a Villa San Nicol\u00f2, affidati alla gestione della Provincia - Testimonianza e Impegno sociale\",\"isPartOf\":{\"@id\":\"https:\/\/www.diocesitn.it\/area-testimonianza\/#website\"},\"primaryImageOfPage\":{\"@id\":\"https:\/\/www.diocesitn.it\/area-testimonianza\/2023\/12\/31\/emergenza-freddo-altri-trenta-posti-letto-dalla-diocesi-a-villa-san-nicolo-affidati-alla-gestione-della-provincia\/#primaryimage\"},\"image\":{\"@id\":\"https:\/\/www.diocesitn.it\/area-testimonianza\/2023\/12\/31\/emergenza-freddo-altri-trenta-posti-letto-dalla-diocesi-a-villa-san-nicolo-affidati-alla-gestione-della-provincia\/#primaryimage\"},\"thumbnailUrl\":\"https:\/\/www.diocesitn.it\/area-testimonianza\/wp-content\/uploads\/sites\/37\/2024\/01\/villa-san-nicolo-e1704035906928.jpg\",\"datePublished\":\"2023-12-31T15:21:22+00:00\",\"dateModified\":\"2024-11-14T10:25:15+00:00\",\"breadcrumb\":{\"@id\":\"https:\/\/www.diocesitn.it\/area-testimonianza\/2023\/12\/31\/emergenza-freddo-altri-trenta-posti-letto-dalla-diocesi-a-villa-san-nicolo-affidati-alla-gestione-della-provincia\/#breadcrumb\"},\"inLanguage\":\"it-IT\",\"potentialAction\":[{\"@type\":\"ReadAction\",\"target\":[\"https:\/\/www.diocesitn.it\/area-testimonianza\/2023\/12\/31\/emergenza-freddo-altri-trenta-posti-letto-dalla-diocesi-a-villa-san-nicolo-affidati-alla-gestione-della-provincia\/\"]}]},{\"@type\":\"ImageObject\",\"inLanguage\":\"it-IT\",\"@id\":\"https:\/\/www.diocesitn.it\/area-testimonianza\/2023\/12\/31\/emergenza-freddo-altri-trenta-posti-letto-dalla-diocesi-a-villa-san-nicolo-affidati-alla-gestione-della-provincia\/#primaryimage\",\"url\":\"https:\/\/www.diocesitn.it\/area-testimonianza\/wp-content\/uploads\/sites\/37\/2024\/01\/villa-san-nicolo-e1704035906928.jpg\",\"contentUrl\":\"https:\/\/www.diocesitn.it\/area-testimonianza\/wp-content\/uploads\/sites\/37\/2024\/01\/villa-san-nicolo-e1704035906928.jpg\",\"width\":768,\"height\":811},{\"@type\":\"BreadcrumbList\",\"@id\":\"https:\/\/www.diocesitn.it\/area-testimonianza\/2023\/12\/31\/emergenza-freddo-altri-trenta-posti-letto-dalla-diocesi-a-villa-san-nicolo-affidati-alla-gestione-della-provincia\/#breadcrumb\",\"itemListElement\":[{\"@type\":\"ListItem\",\"position\":1,\"name\":\"Home\",\"item\":\"https:\/\/www.diocesitn.it\/area-testimonianza\/\"},{\"@type\":\"ListItem\",\"position\":2,\"name\":\"Emergenza freddo. Altri trenta posti letto dalla Diocesi a Villa San Nicol\u00f2, affidati alla gestione della Provincia\"}]},{\"@type\":\"WebSite\",\"@id\":\"https:\/\/www.diocesitn.it\/area-testimonianza\/#website\",\"url\":\"https:\/\/www.diocesitn.it\/area-testimonianza\/\",\"name\":\"Testimonianza e Impegno sociale\",\"description\":\"Chiesa di Trento\",\"publisher\":{\"@id\":\"https:\/\/www.diocesitn.it\/area-testimonianza\/#organization\"},\"potentialAction\":[{\"@type\":\"SearchAction\",\"target\":{\"@type\":\"EntryPoint\",\"urlTemplate\":\"https:\/\/www.diocesitn.it\/area-testimonianza\/?s={search_term_string}\"},\"query-input\":\"required name=search_term_string\"}],\"inLanguage\":\"it-IT\"},{\"@type\":[\"Organization\",\"Place\"],\"@id\":\"https:\/\/www.diocesitn.it\/area-testimonianza\/#organization\",\"name\":\"Area Testimonianza e Impegno Sociale - Chiesa di Trento\",\"url\":\"https:\/\/www.diocesitn.it\/area-testimonianza\/\",\"logo\":{\"@id\":\"https:\/\/www.diocesitn.it\/area-testimonianza\/2023\/12\/31\/emergenza-freddo-altri-trenta-posti-letto-dalla-diocesi-a-villa-san-nicolo-affidati-alla-gestione-della-provincia\/#local-main-organization-logo\"},\"image\":{\"@id\":\"https:\/\/www.diocesitn.it\/area-testimonianza\/2023\/12\/31\/emergenza-freddo-altri-trenta-posti-letto-dalla-diocesi-a-villa-san-nicolo-affidati-alla-gestione-della-provincia\/#local-main-organization-logo\"},\"openingHoursSpecification\":[{\"@type\":\"OpeningHoursSpecification\",\"dayOfWeek\":[\"Monday\",\"Tuesday\",\"Wednesday\",\"Thursday\",\"Friday\",\"Saturday\",\"Sunday\"],\"opens\":\"09:00\",\"closes\":\"17:00\"}]},{\"@type\":\"ImageObject\",\"inLanguage\":\"it-IT\",\"@id\":\"https:\/\/www.diocesitn.it\/area-testimonianza\/2023\/12\/31\/emergenza-freddo-altri-trenta-posti-letto-dalla-diocesi-a-villa-san-nicolo-affidati-alla-gestione-della-provincia\/#local-main-organization-logo\",\"url\":\"https:\/\/www.diocesitn.it\/area-testimonianza\/wp-content\/uploads\/sites\/37\/2021\/09\/og-logo-testimonianza-e-impegno-sociale.jpg\",\"contentUrl\":\"https:\/\/www.diocesitn.it\/area-testimonianza\/wp-content\/uploads\/sites\/37\/2021\/09\/og-logo-testimonianza-e-impegno-sociale.jpg\",\"width\":1200,\"height\":630,\"caption\":\"Area Testimonianza e Impegno Sociale - Chiesa di Trento\"}]}<\/script>\n<!-- \/ Yoast SEO Premium plugin. -->","yoast_head_json":{"title":"Emergenza freddo. Altri trenta posti letto dalla Diocesi a Villa San Nicol\u00f2, affidati alla gestione della Provincia - Testimonianza e Impegno sociale","robots":{"index":"index","follow":"follow","max-snippet":"max-snippet:-1","max-image-preview":"max-image-preview:large","max-video-preview":"max-video-preview:-1"},"canonical":"https:\/\/www.diocesitn.it\/area-testimonianza\/2023\/12\/31\/emergenza-freddo-altri-trenta-posti-letto-dalla-diocesi-a-villa-san-nicolo-affidati-alla-gestione-della-provincia\/","og_locale":"it_IT","og_type":"article","og_title":"Emergenza freddo. Altri trenta posti letto dalla Diocesi a Villa San Nicol\u00f2, affidati alla gestione della Provincia","og_description":"Emergenza freddo, l\u2019Arcidiocesi di Trento mette a disposizione del sistema di accoglienza altri 30 posti letto in localit\u00e0 Villa San Nicol\u00f2, sulla collina ad ovest della citt\u00e0, poco sopra la Casa di accoglienza Bonomelli gestita","og_url":"https:\/\/www.diocesitn.it\/area-testimonianza\/2023\/12\/31\/emergenza-freddo-altri-trenta-posti-letto-dalla-diocesi-a-villa-san-nicolo-affidati-alla-gestione-della-provincia\/","og_site_name":"Testimonianza e Impegno sociale","article_published_time":"2023-12-31T15:21:22+00:00","article_modified_time":"2024-11-14T10:25:15+00:00","og_image":[{"width":768,"height":811,"url":"https:\/\/www.diocesitn.it\/area-testimonianza\/wp-content\/uploads\/sites\/37\/2024\/01\/villa-san-nicolo-e1704035906928.jpg","type":"image\/jpeg"}],"author":"Piergiorgio Franceschini","twitter_card":"summary_large_image","twitter_misc":{"Scritto da":"Piergiorgio Franceschini","Tempo di lettura stimato":"2 minuti"},"schema":{"@context":"https:\/\/schema.org","@graph":[{"@type":"Article","@id":"https:\/\/www.diocesitn.it\/area-testimonianza\/2023\/12\/31\/emergenza-freddo-altri-trenta-posti-letto-dalla-diocesi-a-villa-san-nicolo-affidati-alla-gestione-della-provincia\/#article","isPartOf":{"@id":"https:\/\/www.diocesitn.it\/area-testimonianza\/2023\/12\/31\/emergenza-freddo-altri-trenta-posti-letto-dalla-diocesi-a-villa-san-nicolo-affidati-alla-gestione-della-provincia\/"},"author":{"name":"Piergiorgio Franceschini","@id":"https:\/\/www.diocesitn.it\/area-testimonianza\/#\/schema\/person\/99590c84577873a025247b6aeb16ad2e"},"headline":"Emergenza freddo. Altri trenta posti letto dalla Diocesi a Villa San Nicol\u00f2, affidati alla gestione della Provincia","datePublished":"2023-12-31T15:21:22+00:00","dateModified":"2024-11-14T10:25:15+00:00","mainEntityOfPage":{"@id":"https:\/\/www.diocesitn.it\/area-testimonianza\/2023\/12\/31\/emergenza-freddo-altri-trenta-posti-letto-dalla-diocesi-a-villa-san-nicolo-affidati-alla-gestione-della-provincia\/"},"wordCount":240,"publisher":{"@id":"https:\/\/www.diocesitn.it\/area-testimonianza\/#organization"},"image":{"@id":"https:\/\/www.diocesitn.it\/area-testimonianza\/2023\/12\/31\/emergenza-freddo-altri-trenta-posti-letto-dalla-diocesi-a-villa-san-nicolo-affidati-alla-gestione-della-provincia\/#primaryimage"},"thumbnailUrl":"https:\/\/www.diocesitn.it\/area-testimonianza\/wp-content\/uploads\/sites\/37\/2024\/01\/villa-san-nicolo-e1704035906928.jpg","keywords":["diocesi trento","emergenza freddo"],"articleSection":["Caritas diocesana","Notizie"],"inLanguage":"it-IT","copyrightYear":"2023","copyrightHolder":{"@id":"https:\/\/www.diocesitn.it\/#organization"}},{"@type":"WebPage","@id":"https:\/\/www.diocesitn.it\/area-testimonianza\/2023\/12\/31\/emergenza-freddo-altri-trenta-posti-letto-dalla-diocesi-a-villa-san-nicolo-affidati-alla-gestione-della-provincia\/","url":"https:\/\/www.diocesitn.it\/area-testimonianza\/2023\/12\/31\/emergenza-freddo-altri-trenta-posti-letto-dalla-diocesi-a-villa-san-nicolo-affidati-alla-gestione-della-provincia\/","name":"Emergenza freddo. Altri trenta posti letto dalla Diocesi a Villa San Nicol\u00f2, affidati alla gestione della Provincia - Testimonianza e Impegno sociale","isPartOf":{"@id":"https:\/\/www.diocesitn.it\/area-testimonianza\/#website"},"primaryImageOfPage":{"@id":"https:\/\/www.diocesitn.it\/area-testimonianza\/2023\/12\/31\/emergenza-freddo-altri-trenta-posti-letto-dalla-diocesi-a-villa-san-nicolo-affidati-alla-gestione-della-provincia\/#primaryimage"},"image":{"@id":"https:\/\/www.diocesitn.it\/area-testimonianza\/2023\/12\/31\/emergenza-freddo-altri-trenta-posti-letto-dalla-diocesi-a-villa-san-nicolo-affidati-alla-gestione-della-provincia\/#primaryimage"},"thumbnailUrl":"https:\/\/www.diocesitn.it\/area-testimonianza\/wp-content\/uploads\/sites\/37\/2024\/01\/villa-san-nicolo-e1704035906928.jpg","datePublished":"2023-12-31T15:21:22+00:00","dateModified":"2024-11-14T10:25:15+00:00","breadcrumb":{"@id":"https:\/\/www.diocesitn.it\/area-testimonianza\/2023\/12\/31\/emergenza-freddo-altri-trenta-posti-letto-dalla-diocesi-a-villa-san-nicolo-affidati-alla-gestione-della-provincia\/#breadcrumb"},"inLanguage":"it-IT","potentialAction":[{"@type":"ReadAction","target":["https:\/\/www.diocesitn.it\/area-testimonianza\/2023\/12\/31\/emergenza-freddo-altri-trenta-posti-letto-dalla-diocesi-a-villa-san-nicolo-affidati-alla-gestione-della-provincia\/"]}]},{"@type":"ImageObject","inLanguage":"it-IT","@id":"https:\/\/www.diocesitn.it\/area-testimonianza\/2023\/12\/31\/emergenza-freddo-altri-trenta-posti-letto-dalla-diocesi-a-villa-san-nicolo-affidati-alla-gestione-della-provincia\/#primaryimage","url":"https:\/\/www.diocesitn.it\/area-testimonianza\/wp-content\/uploads\/sites\/37\/2024\/01\/villa-san-nicolo-e1704035906928.jpg","contentUrl":"https:\/\/www.diocesitn.it\/area-testimonianza\/wp-content\/uploads\/sites\/37\/2024\/01\/villa-san-nicolo-e1704035906928.jpg","width":768,"height":811},{"@type":"BreadcrumbList","@id":"https:\/\/www.diocesitn.it\/area-testimonianza\/2023\/12\/31\/emergenza-freddo-altri-trenta-posti-letto-dalla-diocesi-a-villa-san-nicolo-affidati-alla-gestione-della-provincia\/#breadcrumb","itemListElement":[{"@type":"ListItem","position":1,"name":"Home","item":"https:\/\/www.diocesitn.it\/area-testimonianza\/"},{"@type":"ListItem","position":2,"name":"Emergenza freddo. Altri trenta posti letto dalla Diocesi a Villa San Nicol\u00f2, affidati alla gestione della Provincia"}]},{"@type":"WebSite","@id":"https:\/\/www.diocesitn.it\/area-testimonianza\/#website","url":"https:\/\/www.diocesitn.it\/area-testimonianza\/","name":"Testimonianza e Impegno sociale","description":"Chiesa di Trento","publisher":{"@id":"https:\/\/www.diocesitn.it\/area-testimonianza\/#organization"},"potentialAction":[{"@type":"SearchAction","target":{"@type":"EntryPoint","urlTemplate":"https:\/\/www.diocesitn.it\/area-testimonianza\/?s={search_term_string}"},"query-input":"required name=search_term_string"}],"inLanguage":"it-IT"},{"@type":["Organization","Place"],"@id":"https:\/\/www.diocesitn.it\/area-testimonianza\/#organization","name":"Area Testimonianza e Impegno Sociale - Chiesa di Trento","url":"https:\/\/www.diocesitn.it\/area-testimonianza\/","logo":{"@id":"https:\/\/www.diocesitn.it\/area-testimonianza\/2023\/12\/31\/emergenza-freddo-altri-trenta-posti-letto-dalla-diocesi-a-villa-san-nicolo-affidati-alla-gestione-della-provincia\/#local-main-organization-logo"},"image":{"@id":"https:\/\/www.diocesitn.it\/area-testimonianza\/2023\/12\/31\/emergenza-freddo-altri-trenta-posti-letto-dalla-diocesi-a-villa-san-nicolo-affidati-alla-gestione-della-provincia\/#local-main-organization-logo"},"openingHoursSpecification":[{"@type":"OpeningHoursSpecification","dayOfWeek":["Monday","Tuesday","Wednesday","Thursday","Friday","Saturday","Sunday"],"opens":"09:00","closes":"17:00"}]},{"@type":"ImageObject","inLanguage":"it-IT","@id":"https:\/\/www.diocesitn.it\/area-testimonianza\/2023\/12\/31\/emergenza-freddo-altri-trenta-posti-letto-dalla-diocesi-a-villa-san-nicolo-affidati-alla-gestione-della-provincia\/#local-main-organization-logo","url":"https:\/\/www.diocesitn.it\/area-testimonianza\/wp-content\/uploads\/sites\/37\/2021\/09\/og-logo-testimonianza-e-impegno-sociale.jpg","contentUrl":"https:\/\/www.diocesitn.it\/area-testimonianza\/wp-content\/uploads\/sites\/37\/2021\/09\/og-logo-testimonianza-e-impegno-sociale.jpg","width":1200,"height":630,"caption":"Area Testimonianza e Impegno Sociale - Chiesa di Trento"}]}},"_links":{"self":[{"href":"https:\/\/www.diocesitn.it\/area-testimonianza\/wp-json\/wp\/v2\/posts\/14195","targetHints":{"allow":["GET"]}}],"collection":[{"href":"https:\/\/www.diocesitn.it\/area-testimonianza\/wp-json\/wp\/v2\/posts"}],"about":[{"href":"https:\/\/www.diocesitn.it\/area-testimonianza\/wp-json\/wp\/v2\/types\/post"}],"author":[{"embeddable":true,"href":"https:\/\/www.diocesitn.it\/area-testimonianza\/wp-json\/wp\/v2\/users\/3"}],"replies":[{"embeddable":true,"href":"https:\/\/www.diocesitn.it\/area-testimonianza\/wp-json\/wp\/v2\/comments?post=14195"}],"version-history":[{"count":2,"href":"https:\/\/www.diocesitn.it\/area-testimonianza\/wp-json\/wp\/v2\/posts\/14195\/revisions"}],"predecessor-version":[{"id":14204,"href":"https:\/\/www.diocesitn.it\/area-testimonianza\/wp-json\/wp\/v2\/posts\/14195\/revisions\/14204"}],"wp:featuredmedia":[{"embeddable":true,"href":"https:\/\/www.diocesitn.it\/area-testimonianza\/wp-json\/wp\/v2\/media\/14198"}],"wp:attachment":[{"href":"https:\/\/www.diocesitn.it\/area-testimonianza\/wp-json\/wp\/v2\/media?parent=14195"}],"wp:term":[{"taxonomy":"category","embeddable":true,"href":"https:\/\/www.diocesitn.it\/area-testimonianza\/wp-json\/wp\/v2\/categories?post=14195"},{"taxonomy":"post_tag","embeddable":true,"href":"https:\/\/www.diocesitn.it\/area-testimonianza\/wp-json\/wp\/v2\/tags?post=14195"}],"curies":[{"name":"wp","href":"https:\/\/api.w.org\/{rel}","templated":true}]}}