{"id":14180,"date":"2023-12-27T16:50:24","date_gmt":"2023-12-27T15:50:24","guid":{"rendered":"https:\/\/www.diocesitn.it\/area-testimonianza\/2023\/12\/27\/il-mandato-ai-cantori-della-stella-in-cattedrale-gesu-e-la-luce-non-ce-difetto-che-non-possa-diventare-risorsa\/"},"modified":"2024-12-18T08:59:51","modified_gmt":"2024-12-18T07:59:51","slug":"il-mandato-ai-cantori-della-stella-in-cattedrale-gesu-e-la-luce-non-ce-difetto-che-non-possa-diventare-risorsa","status":"publish","type":"post","link":"https:\/\/www.diocesitn.it\/area-testimonianza\/2023\/12\/27\/il-mandato-ai-cantori-della-stella-in-cattedrale-gesu-e-la-luce-non-ce-difetto-che-non-possa-diventare-risorsa\/","title":{"rendered":"Il mandato ai Cantori della Stella in cattedrale. &#8220;Ges\u00f9 \u00e8 la luce. Non c&#8217;\u00e8 difetto che non possa diventare risorsa&#8221;"},"content":{"rendered":"<p>Erano almeno <strong>trecento<\/strong>, da ogni angolo del Trentino, i <strong>Cantori della Stella <\/strong>&#8211; bambine e bambini, ragazze e ragazzi vestiti da pastori, re magi e angeli &#8211; che nel pomeriggio di <strong>mercoled\u00ec 27 dicembre<\/strong> hanno ricevuto in cattedrale a Trento dal<strong> vescovo Lauro <\/strong>il &#8220;<strong>mandato<\/strong>&#8221; ad annunciare la nascita di Ges\u00f9, passando nei loro paesi <strong>casa per casa<\/strong>, come vuole la tradizione.<\/p>\n<h5><strong>La &#8220;lezione&#8221; dei ragazzi dell&#8217;Enaip di Tesero\u00a0<\/strong><\/h5>\n<p>La consueta riflessione \u00e8 stata affidata quest&#8217;anno da don Lauro agli <strong>studenti del Centro di Formazione Professionale Enaip di Tesero<\/strong> che prima di Natale avevano fatto dono all&#8217;Arcivescovo di una\u00a0<strong>lampada, <\/strong>un\u00a0<strong>cofanetto <\/strong>e un\u00a0<strong>tagliere <\/strong>realizzati con legno di recupero dopo la tragedia Vaia e a seguito dei danni provocati dal bostrico. Invitati a salire sul presbiterio, gli studenti hanno mostrato ai Cantori della Stella i loro manufatti: la <strong>lampada<\/strong> che ricorda \u201cil bosco schiantato, ma in grado &#8211; hanno spiegato &#8211; di rinascere grazie alla luce che si infila fra i rami, e dona nuova vita, come Ges\u00f9 nel Natale\u201d; Il <strong>cofanetto<\/strong>, realizzato assieme ai ragazzi di Anffas, con una vena ed un fiocco di legno azzurrato dal bostrico e di per s\u00e9 non utilizzabile in falegnameria: \u201capparentemente un difetto \u2013 ha ricordato uno studente \u2013 ma in realt\u00e0 una caratteristica che rende unico il legno, come ognuno di noi, e come tale va valorizzato\u201d.\u00a0 Il <strong>tagliere<\/strong> invece \u00e8 \u201csimbolo &#8211; sottolinea uno dei portavoce degli allievi della scuola del legno di Tesero -, di convivialit\u00e0\u201d e reca incisa una frase pronunciata da un simbolico abete rosso che ha resistito a Vaia ma che \u00e8 poi \u201cmorto in piedi\u201d a causa del coleottero xilofago.<\/p>\n<h5><strong>L&#8217;augurio di don Lauro\u00a0\u00a0<\/strong><\/h5>\n<p>Organizzata dalla Diocesi attraverso l&#8217;Area Annuncio e il Centro Missionario, la celebrazione \u00e8 stata animata dal coro dei bambini di Cimone e da una danza dei ragazzi di Fiav\u00e9, sulle note dell&#8217;inno della GMG di Lisbona. &#8220;Con Ges\u00f9 soli non si \u00e8 mai soli&#8221;, ha chiosato monsignor Tisi. &#8220;La luce &#8211; ha detto poi guardando l&#8217;iconica lampada fiemmese &#8211; cambia tutto, e la luce \u00e8 Ges\u00f9&#8221;.\u00a0 &#8220;Il legno &#8211; ribadisce don Lauro confessando la sua passione per i boschi&#8217;\u00a0 &#8211; bisogna conoscerlo e anche noi dobbiamo imparare a conoscerci: non c&#8217;\u00e8 difetto che non possa diventare una risorsa e quel bellissimo tagliere dice che siamo fatti per stare insieme nella convivialit\u00e0. In ogni eucarestia proviamo a farlo. Siamo tutti diversi, ma insieme diventiamo gioia e festa&#8221;.<\/p>\n<p>Quella dei Cantori della Stella \u00e8 una tradizione natalizia diffusa in vari paesi. A Natale ciascuno \u00e8 invitato a compiere il cammino di Maria, Giuseppe, dei pastori e dei magi per essere missionari che annunciano la Parola di speranza fatta carne in Ges\u00f9. Le offerte raccolte durante il peregrinare dei Cantori della Stella andranno a sostenere l&#8217;infanzia missionaria.<\/p>\n\n\n\t\t<style type='text\/css'>\n\n\t\t\t\/* PhotoSwipe Plugin *\/\n\t\t\t.psgal {\n\t\t\t\tmargin: auto;\n\t\t\t\tpadding-bottom:40px;\n\n\t\t\t\t-webkit-transition: all 0.4s ease;\n\t\t\t\t-moz-transition: all 0.4s ease;\n\t\t\t\t-o-transition: all 0.4s ease;\n\t\t\t\ttransition: all 0.4s ease;\n\t\t\t}\n\n\t\t\t.psgal figure {\n\t\t\t\tfloat: left;\n\t\t\t\ttext-align: center;\n    \t\t\twidth: 200px;\n                max-width: 50%;\n\t\t\t\tpadding:5px;\n\t\t\t\tmargin: 0px;\n\t\t\t\tbox-sizing:border-box;\n\t\t\t}\n\t\t\t.psgal a{\n\t\t\t\tdisplay:block;\n\t\t\t}\n\t\t\t.psgal figure figcaption{\n\t\t\t\tfont-size:13px;\n\t\t\t}\n\n\t\t\t.msnry{\n\t\t\t\tmargin:auto;\n\t\t\t}\n\t\t\t.pswp__caption__center{\n\t\t\t\ttext-align: center;\n\t\t\t}\n\t\t\t\n\n\t\t\t.photoswipe-gallery-caption{\n\t\t\t\tdisplay:none;\n\t\t\t}\n\n\t\t\t\n\t\t<\/style> <div style=\"clear:both\"><\/div>\n\n\t\t<div id=\"psgal_14180_1\" class=\"ps-gallery psgal gallery-columns-3 gallery-size-thumbnail\" itemscope itemtype=\"http:\/\/schema.org\/ImageGallery\" >\n\t\t\t\t<figure class=\"msnry_item\" itemscope itemtype=\"http:\/\/schema.org\/ImageObject\">\n\t\t\t\t\t<a href=\"https:\/\/www.diocesitn.it\/area-testimonianza\/wp-content\/uploads\/sites\/37\/2023\/12\/cantori_2023_1.jpg\"\n\t\t\t\t\titemprop=\"contentUrl\"\n\t\t\t\t\tdata-pswp-width=\"800\" \n\t\t\t\t    data-pswp-height=\"600\" \n\t\t\t\t    data-cropped=\"true\"\n\t\t\t\t\tdata-caption=\"\"\n\t\t\t\t\tclass=\"post-thumbnail-image-link container-fixed-aspect-ratio__16-9\">\n\t\t\t\t        <img src=https:\/\/www.diocesitn.it\/area-testimonianza\/wp-content\/uploads\/sites\/37\/2023\/12\/cantori_2023_1-300x225.jpg itemprop=\"thumbnail\" alt=\"\"  \/>\n\t\t\t\t    <\/a>\n\t\t\t\t    <figcaption class=\"photoswipe-gallery-caption\" ><\/figcaption>\n\t\t\t    <\/figure>\n\t\t\t\t\n\t\t\t\t<figure class=\"msnry_item\" itemscope itemtype=\"http:\/\/schema.org\/ImageObject\">\n\t\t\t\t\t<a href=\"https:\/\/www.diocesitn.it\/area-testimonianza\/wp-content\/uploads\/sites\/37\/2023\/12\/cantori_2023_3.jpg\"\n\t\t\t\t\titemprop=\"contentUrl\"\n\t\t\t\t\tdata-pswp-width=\"800\" \n\t\t\t\t    data-pswp-height=\"600\" \n\t\t\t\t    data-cropped=\"true\"\n\t\t\t\t\tdata-caption=\"\"\n\t\t\t\t\tclass=\"post-thumbnail-image-link container-fixed-aspect-ratio__16-9\">\n\t\t\t\t        <img src=https:\/\/www.diocesitn.it\/area-testimonianza\/wp-content\/uploads\/sites\/37\/2023\/12\/cantori_2023_3-300x225.jpg itemprop=\"thumbnail\" alt=\"\"  \/>\n\t\t\t\t    <\/a>\n\t\t\t\t    <figcaption class=\"photoswipe-gallery-caption\" ><\/figcaption>\n\t\t\t    <\/figure>\n\t\t\t\t\n\t\t\t\t<figure class=\"msnry_item\" itemscope itemtype=\"http:\/\/schema.org\/ImageObject\">\n\t\t\t\t\t<a href=\"https:\/\/www.diocesitn.it\/area-testimonianza\/wp-content\/uploads\/sites\/37\/2023\/12\/cantori_2023_5-1024x668.jpg\"\n\t\t\t\t\titemprop=\"contentUrl\"\n\t\t\t\t\tdata-pswp-width=\"800\" \n\t\t\t\t    data-pswp-height=\"522\" \n\t\t\t\t    data-cropped=\"true\"\n\t\t\t\t\tdata-caption=\"\"\n\t\t\t\t\tclass=\"post-thumbnail-image-link container-fixed-aspect-ratio__16-9\">\n\t\t\t\t        <img src=https:\/\/www.diocesitn.it\/area-testimonianza\/wp-content\/uploads\/sites\/37\/2023\/12\/cantori_2023_5-300x196.jpg itemprop=\"thumbnail\" alt=\"\"  \/>\n\t\t\t\t    <\/a>\n\t\t\t\t    <figcaption class=\"photoswipe-gallery-caption\" ><\/figcaption>\n\t\t\t    <\/figure>\n\t\t\t\t\n\t\t\t\t<figure class=\"msnry_item\" itemscope itemtype=\"http:\/\/schema.org\/ImageObject\">\n\t\t\t\t\t<a href=\"https:\/\/www.diocesitn.it\/area-testimonianza\/wp-content\/uploads\/sites\/37\/2023\/12\/cantori_2023_4.jpg\"\n\t\t\t\t\titemprop=\"contentUrl\"\n\t\t\t\t\tdata-pswp-width=\"800\" \n\t\t\t\t    data-pswp-height=\"600\" \n\t\t\t\t    data-cropped=\"true\"\n\t\t\t\t\tdata-caption=\"\"\n\t\t\t\t\tclass=\"post-thumbnail-image-link container-fixed-aspect-ratio__16-9\">\n\t\t\t\t        <img src=https:\/\/www.diocesitn.it\/area-testimonianza\/wp-content\/uploads\/sites\/37\/2023\/12\/cantori_2023_4-300x225.jpg itemprop=\"thumbnail\" alt=\"\"  \/>\n\t\t\t\t    <\/a>\n\t\t\t\t    <figcaption class=\"photoswipe-gallery-caption\" ><\/figcaption>\n\t\t\t    <\/figure>\n\t\t\t\t\n\t\t\t\t<figure class=\"msnry_item\" itemscope itemtype=\"http:\/\/schema.org\/ImageObject\">\n\t\t\t\t\t<a href=\"https:\/\/www.diocesitn.it\/area-testimonianza\/wp-content\/uploads\/sites\/37\/2023\/12\/cantori_2023_2.jpg\"\n\t\t\t\t\titemprop=\"contentUrl\"\n\t\t\t\t\tdata-pswp-width=\"800\" \n\t\t\t\t    data-pswp-height=\"564\" \n\t\t\t\t    data-cropped=\"true\"\n\t\t\t\t\tdata-caption=\"\"\n\t\t\t\t\tclass=\"post-thumbnail-image-link container-fixed-aspect-ratio__16-9\">\n\t\t\t\t        <img src=https:\/\/www.diocesitn.it\/area-testimonianza\/wp-content\/uploads\/sites\/37\/2023\/12\/cantori_2023_2-300x212.jpg itemprop=\"thumbnail\" alt=\"\"  \/>\n\t\t\t\t    <\/a>\n\t\t\t\t    <figcaption class=\"photoswipe-gallery-caption\" ><\/figcaption>\n\t\t\t    <\/figure>\n\t\t\t\t<\/div>\n\t\t<div style='clear:both'><\/div>\n\t\n","protected":false},"excerpt":{"rendered":"<p>Erano almeno trecento, da ogni angolo del Trentino, i Cantori della Stella &#8211; bambine e bambini, ragazze e ragazzi vestiti da pastori, re magi e angeli &#8211; che nel pomeriggio di mercoled\u00ec 27 dicembre hanno<\/p>\n","protected":false},"author":3,"featured_media":14184,"comment_status":"closed","ping_status":"closed","sticky":false,"template":"","format":"standard","meta":{"footnotes":""},"categories":[1695,1074],"tags":[1749],"class_list":["post-14180","post","type-post","status-publish","format-standard","has-post-thumbnail","hentry","category-area-testimonianza-e-impegno-sociale","category-notizie","tag-cantori-della-stella"],"acf":{"seed-localization-paese-cod":"IT","seed-localization-address":"","seed-localization-citta":"Trento","seed-localization-regione-cod-istat":"04","seed-localization-citta-cod-istat":"022205","seed-localization-localita":"","seed-localization-cap":"","seed-localization-marker-visibility":false,"seed-localization-children-visibility":false,"seed-localization-kml":"","seed-localization-custom-marker":""},"yoast_head":"<!-- This site is optimized with the Yoast SEO Premium plugin v20.2.1 (Yoast SEO v22.2) - https:\/\/yoast.com\/wordpress\/plugins\/seo\/ -->\n<title>Il mandato ai Cantori della Stella in cattedrale. &quot;Ges\u00f9 \u00e8 la luce. Non c&#039;\u00e8 difetto che non possa diventare risorsa&quot; - Testimonianza e Impegno sociale<\/title>\n<meta name=\"robots\" content=\"index, follow, max-snippet:-1, max-image-preview:large, max-video-preview:-1\" \/>\n<link rel=\"canonical\" href=\"https:\/\/www.diocesitn.it\/area-testimonianza\/2023\/12\/27\/il-mandato-ai-cantori-della-stella-in-cattedrale-gesu-e-la-luce-non-ce-difetto-che-non-possa-diventare-risorsa\/\" \/>\n<meta property=\"og:locale\" content=\"it_IT\" \/>\n<meta property=\"og:type\" content=\"article\" \/>\n<meta property=\"og:title\" content=\"Il mandato ai Cantori della Stella in cattedrale. &quot;Ges\u00f9 \u00e8 la luce. Non c&#039;\u00e8 difetto che non possa diventare risorsa&quot;\" \/>\n<meta property=\"og:description\" content=\"Erano almeno trecento, da ogni angolo del Trentino, i Cantori della Stella &#8211; bambine e bambini, ragazze e ragazzi vestiti da pastori, re magi e angeli &#8211; che nel pomeriggio di mercoled\u00ec 27 dicembre hanno\" \/>\n<meta property=\"og:url\" content=\"https:\/\/www.diocesitn.it\/area-testimonianza\/2023\/12\/27\/il-mandato-ai-cantori-della-stella-in-cattedrale-gesu-e-la-luce-non-ce-difetto-che-non-possa-diventare-risorsa\/\" \/>\n<meta property=\"og:site_name\" content=\"Testimonianza e Impegno sociale\" \/>\n<meta property=\"article:published_time\" content=\"2023-12-27T15:50:24+00:00\" \/>\n<meta property=\"article:modified_time\" content=\"2024-12-18T07:59:51+00:00\" \/>\n<meta property=\"og:image\" content=\"https:\/\/www.diocesitn.it\/area-testimonianza\/wp-content\/uploads\/sites\/37\/2023\/12\/cantori_2023_5.jpg\" \/>\n\t<meta property=\"og:image:width\" content=\"1857\" \/>\n\t<meta property=\"og:image:height\" content=\"1211\" \/>\n\t<meta property=\"og:image:type\" content=\"image\/jpeg\" \/>\n<meta name=\"author\" content=\"Piergiorgio Franceschini\" \/>\n<meta name=\"twitter:card\" content=\"summary_large_image\" \/>\n<meta name=\"twitter:label1\" content=\"Scritto da\" \/>\n\t<meta name=\"twitter:data1\" content=\"Piergiorgio Franceschini\" \/>\n\t<meta name=\"twitter:label2\" content=\"Tempo di lettura stimato\" \/>\n\t<meta name=\"twitter:data2\" content=\"3 minuti\" \/>\n<script type=\"application\/ld+json\" class=\"yoast-schema-graph\">{\"@context\":\"https:\/\/schema.org\",\"@graph\":[{\"@type\":\"Article\",\"@id\":\"https:\/\/www.diocesitn.it\/area-testimonianza\/2023\/12\/27\/il-mandato-ai-cantori-della-stella-in-cattedrale-gesu-e-la-luce-non-ce-difetto-che-non-possa-diventare-risorsa\/#article\",\"isPartOf\":{\"@id\":\"https:\/\/www.diocesitn.it\/area-testimonianza\/2023\/12\/27\/il-mandato-ai-cantori-della-stella-in-cattedrale-gesu-e-la-luce-non-ce-difetto-che-non-possa-diventare-risorsa\/\"},\"author\":{\"name\":\"Piergiorgio Franceschini\",\"@id\":\"https:\/\/www.diocesitn.it\/area-testimonianza\/#\/schema\/person\/99590c84577873a025247b6aeb16ad2e\"},\"headline\":\"Il mandato ai Cantori della Stella in cattedrale. &#8220;Ges\u00f9 \u00e8 la luce. Non c&#8217;\u00e8 difetto che non possa diventare risorsa&#8221;\",\"datePublished\":\"2023-12-27T15:50:24+00:00\",\"dateModified\":\"2024-12-18T07:59:51+00:00\",\"mainEntityOfPage\":{\"@id\":\"https:\/\/www.diocesitn.it\/area-testimonianza\/2023\/12\/27\/il-mandato-ai-cantori-della-stella-in-cattedrale-gesu-e-la-luce-non-ce-difetto-che-non-possa-diventare-risorsa\/\"},\"wordCount\":473,\"publisher\":{\"@id\":\"https:\/\/www.diocesitn.it\/area-testimonianza\/#organization\"},\"image\":{\"@id\":\"https:\/\/www.diocesitn.it\/area-testimonianza\/2023\/12\/27\/il-mandato-ai-cantori-della-stella-in-cattedrale-gesu-e-la-luce-non-ce-difetto-che-non-possa-diventare-risorsa\/#primaryimage\"},\"thumbnailUrl\":\"https:\/\/www.diocesitn.it\/area-testimonianza\/wp-content\/uploads\/sites\/37\/2023\/12\/cantori_2023_5.jpg\",\"keywords\":[\"cantori della stella\"],\"articleSection\":[\"Area Testimonianza e Impegno sociale\",\"Notizie\"],\"inLanguage\":\"it-IT\",\"copyrightYear\":\"2023\",\"copyrightHolder\":{\"@id\":\"https:\/\/www.diocesitn.it\/#organization\"}},{\"@type\":\"WebPage\",\"@id\":\"https:\/\/www.diocesitn.it\/area-testimonianza\/2023\/12\/27\/il-mandato-ai-cantori-della-stella-in-cattedrale-gesu-e-la-luce-non-ce-difetto-che-non-possa-diventare-risorsa\/\",\"url\":\"https:\/\/www.diocesitn.it\/area-testimonianza\/2023\/12\/27\/il-mandato-ai-cantori-della-stella-in-cattedrale-gesu-e-la-luce-non-ce-difetto-che-non-possa-diventare-risorsa\/\",\"name\":\"Il mandato ai Cantori della Stella in cattedrale. \\\"Ges\u00f9 \u00e8 la luce. Non c'\u00e8 difetto che non possa diventare risorsa\\\" - Testimonianza e Impegno sociale\",\"isPartOf\":{\"@id\":\"https:\/\/www.diocesitn.it\/area-testimonianza\/#website\"},\"primaryImageOfPage\":{\"@id\":\"https:\/\/www.diocesitn.it\/area-testimonianza\/2023\/12\/27\/il-mandato-ai-cantori-della-stella-in-cattedrale-gesu-e-la-luce-non-ce-difetto-che-non-possa-diventare-risorsa\/#primaryimage\"},\"image\":{\"@id\":\"https:\/\/www.diocesitn.it\/area-testimonianza\/2023\/12\/27\/il-mandato-ai-cantori-della-stella-in-cattedrale-gesu-e-la-luce-non-ce-difetto-che-non-possa-diventare-risorsa\/#primaryimage\"},\"thumbnailUrl\":\"https:\/\/www.diocesitn.it\/area-testimonianza\/wp-content\/uploads\/sites\/37\/2023\/12\/cantori_2023_5.jpg\",\"datePublished\":\"2023-12-27T15:50:24+00:00\",\"dateModified\":\"2024-12-18T07:59:51+00:00\",\"breadcrumb\":{\"@id\":\"https:\/\/www.diocesitn.it\/area-testimonianza\/2023\/12\/27\/il-mandato-ai-cantori-della-stella-in-cattedrale-gesu-e-la-luce-non-ce-difetto-che-non-possa-diventare-risorsa\/#breadcrumb\"},\"inLanguage\":\"it-IT\",\"potentialAction\":[{\"@type\":\"ReadAction\",\"target\":[\"https:\/\/www.diocesitn.it\/area-testimonianza\/2023\/12\/27\/il-mandato-ai-cantori-della-stella-in-cattedrale-gesu-e-la-luce-non-ce-difetto-che-non-possa-diventare-risorsa\/\"]}]},{\"@type\":\"ImageObject\",\"inLanguage\":\"it-IT\",\"@id\":\"https:\/\/www.diocesitn.it\/area-testimonianza\/2023\/12\/27\/il-mandato-ai-cantori-della-stella-in-cattedrale-gesu-e-la-luce-non-ce-difetto-che-non-possa-diventare-risorsa\/#primaryimage\",\"url\":\"https:\/\/www.diocesitn.it\/area-testimonianza\/wp-content\/uploads\/sites\/37\/2023\/12\/cantori_2023_5.jpg\",\"contentUrl\":\"https:\/\/www.diocesitn.it\/area-testimonianza\/wp-content\/uploads\/sites\/37\/2023\/12\/cantori_2023_5.jpg\",\"width\":1857,\"height\":1211},{\"@type\":\"BreadcrumbList\",\"@id\":\"https:\/\/www.diocesitn.it\/area-testimonianza\/2023\/12\/27\/il-mandato-ai-cantori-della-stella-in-cattedrale-gesu-e-la-luce-non-ce-difetto-che-non-possa-diventare-risorsa\/#breadcrumb\",\"itemListElement\":[{\"@type\":\"ListItem\",\"position\":1,\"name\":\"Home\",\"item\":\"https:\/\/www.diocesitn.it\/area-testimonianza\/\"},{\"@type\":\"ListItem\",\"position\":2,\"name\":\"Il mandato ai Cantori della Stella in cattedrale. &#8220;Ges\u00f9 \u00e8 la luce. Non c&#8217;\u00e8 difetto che non possa diventare risorsa&#8221;\"}]},{\"@type\":\"WebSite\",\"@id\":\"https:\/\/www.diocesitn.it\/area-testimonianza\/#website\",\"url\":\"https:\/\/www.diocesitn.it\/area-testimonianza\/\",\"name\":\"Testimonianza e Impegno sociale\",\"description\":\"Chiesa di Trento\",\"publisher\":{\"@id\":\"https:\/\/www.diocesitn.it\/area-testimonianza\/#organization\"},\"potentialAction\":[{\"@type\":\"SearchAction\",\"target\":{\"@type\":\"EntryPoint\",\"urlTemplate\":\"https:\/\/www.diocesitn.it\/area-testimonianza\/?s={search_term_string}\"},\"query-input\":\"required name=search_term_string\"}],\"inLanguage\":\"it-IT\"},{\"@type\":[\"Organization\",\"Place\"],\"@id\":\"https:\/\/www.diocesitn.it\/area-testimonianza\/#organization\",\"name\":\"Area Testimonianza e Impegno Sociale - Chiesa di Trento\",\"url\":\"https:\/\/www.diocesitn.it\/area-testimonianza\/\",\"logo\":{\"@id\":\"https:\/\/www.diocesitn.it\/area-testimonianza\/2023\/12\/27\/il-mandato-ai-cantori-della-stella-in-cattedrale-gesu-e-la-luce-non-ce-difetto-che-non-possa-diventare-risorsa\/#local-main-organization-logo\"},\"image\":{\"@id\":\"https:\/\/www.diocesitn.it\/area-testimonianza\/2023\/12\/27\/il-mandato-ai-cantori-della-stella-in-cattedrale-gesu-e-la-luce-non-ce-difetto-che-non-possa-diventare-risorsa\/#local-main-organization-logo\"},\"openingHoursSpecification\":[{\"@type\":\"OpeningHoursSpecification\",\"dayOfWeek\":[\"Monday\",\"Tuesday\",\"Wednesday\",\"Thursday\",\"Friday\",\"Saturday\",\"Sunday\"],\"opens\":\"09:00\",\"closes\":\"17:00\"}]},{\"@type\":\"ImageObject\",\"inLanguage\":\"it-IT\",\"@id\":\"https:\/\/www.diocesitn.it\/area-testimonianza\/2023\/12\/27\/il-mandato-ai-cantori-della-stella-in-cattedrale-gesu-e-la-luce-non-ce-difetto-che-non-possa-diventare-risorsa\/#local-main-organization-logo\",\"url\":\"https:\/\/www.diocesitn.it\/area-testimonianza\/wp-content\/uploads\/sites\/37\/2021\/09\/og-logo-testimonianza-e-impegno-sociale.jpg\",\"contentUrl\":\"https:\/\/www.diocesitn.it\/area-testimonianza\/wp-content\/uploads\/sites\/37\/2021\/09\/og-logo-testimonianza-e-impegno-sociale.jpg\",\"width\":1200,\"height\":630,\"caption\":\"Area Testimonianza e Impegno Sociale - Chiesa di Trento\"}]}<\/script>\n<!-- \/ Yoast SEO Premium plugin. -->","yoast_head_json":{"title":"Il mandato ai Cantori della Stella in cattedrale. \"Ges\u00f9 \u00e8 la luce. Non c'\u00e8 difetto che non possa diventare risorsa\" - Testimonianza e Impegno sociale","robots":{"index":"index","follow":"follow","max-snippet":"max-snippet:-1","max-image-preview":"max-image-preview:large","max-video-preview":"max-video-preview:-1"},"canonical":"https:\/\/www.diocesitn.it\/area-testimonianza\/2023\/12\/27\/il-mandato-ai-cantori-della-stella-in-cattedrale-gesu-e-la-luce-non-ce-difetto-che-non-possa-diventare-risorsa\/","og_locale":"it_IT","og_type":"article","og_title":"Il mandato ai Cantori della Stella in cattedrale. \"Ges\u00f9 \u00e8 la luce. Non c'\u00e8 difetto che non possa diventare risorsa\"","og_description":"Erano almeno trecento, da ogni angolo del Trentino, i Cantori della Stella &#8211; bambine e bambini, ragazze e ragazzi vestiti da pastori, re magi e angeli &#8211; che nel pomeriggio di mercoled\u00ec 27 dicembre hanno","og_url":"https:\/\/www.diocesitn.it\/area-testimonianza\/2023\/12\/27\/il-mandato-ai-cantori-della-stella-in-cattedrale-gesu-e-la-luce-non-ce-difetto-che-non-possa-diventare-risorsa\/","og_site_name":"Testimonianza e Impegno sociale","article_published_time":"2023-12-27T15:50:24+00:00","article_modified_time":"2024-12-18T07:59:51+00:00","og_image":[{"width":1857,"height":1211,"url":"https:\/\/www.diocesitn.it\/area-testimonianza\/wp-content\/uploads\/sites\/37\/2023\/12\/cantori_2023_5.jpg","type":"image\/jpeg"}],"author":"Piergiorgio Franceschini","twitter_card":"summary_large_image","twitter_misc":{"Scritto da":"Piergiorgio Franceschini","Tempo di lettura stimato":"3 minuti"},"schema":{"@context":"https:\/\/schema.org","@graph":[{"@type":"Article","@id":"https:\/\/www.diocesitn.it\/area-testimonianza\/2023\/12\/27\/il-mandato-ai-cantori-della-stella-in-cattedrale-gesu-e-la-luce-non-ce-difetto-che-non-possa-diventare-risorsa\/#article","isPartOf":{"@id":"https:\/\/www.diocesitn.it\/area-testimonianza\/2023\/12\/27\/il-mandato-ai-cantori-della-stella-in-cattedrale-gesu-e-la-luce-non-ce-difetto-che-non-possa-diventare-risorsa\/"},"author":{"name":"Piergiorgio Franceschini","@id":"https:\/\/www.diocesitn.it\/area-testimonianza\/#\/schema\/person\/99590c84577873a025247b6aeb16ad2e"},"headline":"Il mandato ai Cantori della Stella in cattedrale. &#8220;Ges\u00f9 \u00e8 la luce. Non c&#8217;\u00e8 difetto che non possa diventare risorsa&#8221;","datePublished":"2023-12-27T15:50:24+00:00","dateModified":"2024-12-18T07:59:51+00:00","mainEntityOfPage":{"@id":"https:\/\/www.diocesitn.it\/area-testimonianza\/2023\/12\/27\/il-mandato-ai-cantori-della-stella-in-cattedrale-gesu-e-la-luce-non-ce-difetto-che-non-possa-diventare-risorsa\/"},"wordCount":473,"publisher":{"@id":"https:\/\/www.diocesitn.it\/area-testimonianza\/#organization"},"image":{"@id":"https:\/\/www.diocesitn.it\/area-testimonianza\/2023\/12\/27\/il-mandato-ai-cantori-della-stella-in-cattedrale-gesu-e-la-luce-non-ce-difetto-che-non-possa-diventare-risorsa\/#primaryimage"},"thumbnailUrl":"https:\/\/www.diocesitn.it\/area-testimonianza\/wp-content\/uploads\/sites\/37\/2023\/12\/cantori_2023_5.jpg","keywords":["cantori della stella"],"articleSection":["Area Testimonianza e Impegno sociale","Notizie"],"inLanguage":"it-IT","copyrightYear":"2023","copyrightHolder":{"@id":"https:\/\/www.diocesitn.it\/#organization"}},{"@type":"WebPage","@id":"https:\/\/www.diocesitn.it\/area-testimonianza\/2023\/12\/27\/il-mandato-ai-cantori-della-stella-in-cattedrale-gesu-e-la-luce-non-ce-difetto-che-non-possa-diventare-risorsa\/","url":"https:\/\/www.diocesitn.it\/area-testimonianza\/2023\/12\/27\/il-mandato-ai-cantori-della-stella-in-cattedrale-gesu-e-la-luce-non-ce-difetto-che-non-possa-diventare-risorsa\/","name":"Il mandato ai Cantori della Stella in cattedrale. \"Ges\u00f9 \u00e8 la luce. Non c'\u00e8 difetto che non possa diventare risorsa\" - Testimonianza e Impegno sociale","isPartOf":{"@id":"https:\/\/www.diocesitn.it\/area-testimonianza\/#website"},"primaryImageOfPage":{"@id":"https:\/\/www.diocesitn.it\/area-testimonianza\/2023\/12\/27\/il-mandato-ai-cantori-della-stella-in-cattedrale-gesu-e-la-luce-non-ce-difetto-che-non-possa-diventare-risorsa\/#primaryimage"},"image":{"@id":"https:\/\/www.diocesitn.it\/area-testimonianza\/2023\/12\/27\/il-mandato-ai-cantori-della-stella-in-cattedrale-gesu-e-la-luce-non-ce-difetto-che-non-possa-diventare-risorsa\/#primaryimage"},"thumbnailUrl":"https:\/\/www.diocesitn.it\/area-testimonianza\/wp-content\/uploads\/sites\/37\/2023\/12\/cantori_2023_5.jpg","datePublished":"2023-12-27T15:50:24+00:00","dateModified":"2024-12-18T07:59:51+00:00","breadcrumb":{"@id":"https:\/\/www.diocesitn.it\/area-testimonianza\/2023\/12\/27\/il-mandato-ai-cantori-della-stella-in-cattedrale-gesu-e-la-luce-non-ce-difetto-che-non-possa-diventare-risorsa\/#breadcrumb"},"inLanguage":"it-IT","potentialAction":[{"@type":"ReadAction","target":["https:\/\/www.diocesitn.it\/area-testimonianza\/2023\/12\/27\/il-mandato-ai-cantori-della-stella-in-cattedrale-gesu-e-la-luce-non-ce-difetto-che-non-possa-diventare-risorsa\/"]}]},{"@type":"ImageObject","inLanguage":"it-IT","@id":"https:\/\/www.diocesitn.it\/area-testimonianza\/2023\/12\/27\/il-mandato-ai-cantori-della-stella-in-cattedrale-gesu-e-la-luce-non-ce-difetto-che-non-possa-diventare-risorsa\/#primaryimage","url":"https:\/\/www.diocesitn.it\/area-testimonianza\/wp-content\/uploads\/sites\/37\/2023\/12\/cantori_2023_5.jpg","contentUrl":"https:\/\/www.diocesitn.it\/area-testimonianza\/wp-content\/uploads\/sites\/37\/2023\/12\/cantori_2023_5.jpg","width":1857,"height":1211},{"@type":"BreadcrumbList","@id":"https:\/\/www.diocesitn.it\/area-testimonianza\/2023\/12\/27\/il-mandato-ai-cantori-della-stella-in-cattedrale-gesu-e-la-luce-non-ce-difetto-che-non-possa-diventare-risorsa\/#breadcrumb","itemListElement":[{"@type":"ListItem","position":1,"name":"Home","item":"https:\/\/www.diocesitn.it\/area-testimonianza\/"},{"@type":"ListItem","position":2,"name":"Il mandato ai Cantori della Stella in cattedrale. &#8220;Ges\u00f9 \u00e8 la luce. Non c&#8217;\u00e8 difetto che non possa diventare risorsa&#8221;"}]},{"@type":"WebSite","@id":"https:\/\/www.diocesitn.it\/area-testimonianza\/#website","url":"https:\/\/www.diocesitn.it\/area-testimonianza\/","name":"Testimonianza e Impegno sociale","description":"Chiesa di Trento","publisher":{"@id":"https:\/\/www.diocesitn.it\/area-testimonianza\/#organization"},"potentialAction":[{"@type":"SearchAction","target":{"@type":"EntryPoint","urlTemplate":"https:\/\/www.diocesitn.it\/area-testimonianza\/?s={search_term_string}"},"query-input":"required name=search_term_string"}],"inLanguage":"it-IT"},{"@type":["Organization","Place"],"@id":"https:\/\/www.diocesitn.it\/area-testimonianza\/#organization","name":"Area Testimonianza e Impegno Sociale - Chiesa di Trento","url":"https:\/\/www.diocesitn.it\/area-testimonianza\/","logo":{"@id":"https:\/\/www.diocesitn.it\/area-testimonianza\/2023\/12\/27\/il-mandato-ai-cantori-della-stella-in-cattedrale-gesu-e-la-luce-non-ce-difetto-che-non-possa-diventare-risorsa\/#local-main-organization-logo"},"image":{"@id":"https:\/\/www.diocesitn.it\/area-testimonianza\/2023\/12\/27\/il-mandato-ai-cantori-della-stella-in-cattedrale-gesu-e-la-luce-non-ce-difetto-che-non-possa-diventare-risorsa\/#local-main-organization-logo"},"openingHoursSpecification":[{"@type":"OpeningHoursSpecification","dayOfWeek":["Monday","Tuesday","Wednesday","Thursday","Friday","Saturday","Sunday"],"opens":"09:00","closes":"17:00"}]},{"@type":"ImageObject","inLanguage":"it-IT","@id":"https:\/\/www.diocesitn.it\/area-testimonianza\/2023\/12\/27\/il-mandato-ai-cantori-della-stella-in-cattedrale-gesu-e-la-luce-non-ce-difetto-che-non-possa-diventare-risorsa\/#local-main-organization-logo","url":"https:\/\/www.diocesitn.it\/area-testimonianza\/wp-content\/uploads\/sites\/37\/2021\/09\/og-logo-testimonianza-e-impegno-sociale.jpg","contentUrl":"https:\/\/www.diocesitn.it\/area-testimonianza\/wp-content\/uploads\/sites\/37\/2021\/09\/og-logo-testimonianza-e-impegno-sociale.jpg","width":1200,"height":630,"caption":"Area Testimonianza e Impegno Sociale - Chiesa di Trento"}]}},"_links":{"self":[{"href":"https:\/\/www.diocesitn.it\/area-testimonianza\/wp-json\/wp\/v2\/posts\/14180","targetHints":{"allow":["GET"]}}],"collection":[{"href":"https:\/\/www.diocesitn.it\/area-testimonianza\/wp-json\/wp\/v2\/posts"}],"about":[{"href":"https:\/\/www.diocesitn.it\/area-testimonianza\/wp-json\/wp\/v2\/types\/post"}],"author":[{"embeddable":true,"href":"https:\/\/www.diocesitn.it\/area-testimonianza\/wp-json\/wp\/v2\/users\/3"}],"replies":[{"embeddable":true,"href":"https:\/\/www.diocesitn.it\/area-testimonianza\/wp-json\/wp\/v2\/comments?post=14180"}],"version-history":[{"count":1,"href":"https:\/\/www.diocesitn.it\/area-testimonianza\/wp-json\/wp\/v2\/posts\/14180\/revisions"}],"predecessor-version":[{"id":14186,"href":"https:\/\/www.diocesitn.it\/area-testimonianza\/wp-json\/wp\/v2\/posts\/14180\/revisions\/14186"}],"wp:featuredmedia":[{"embeddable":true,"href":"https:\/\/www.diocesitn.it\/area-testimonianza\/wp-json\/wp\/v2\/media\/14184"}],"wp:attachment":[{"href":"https:\/\/www.diocesitn.it\/area-testimonianza\/wp-json\/wp\/v2\/media?parent=14180"}],"wp:term":[{"taxonomy":"category","embeddable":true,"href":"https:\/\/www.diocesitn.it\/area-testimonianza\/wp-json\/wp\/v2\/categories?post=14180"},{"taxonomy":"post_tag","embeddable":true,"href":"https:\/\/www.diocesitn.it\/area-testimonianza\/wp-json\/wp\/v2\/tags?post=14180"}],"curies":[{"name":"wp","href":"https:\/\/api.w.org\/{rel}","templated":true}]}}