{"id":14078,"date":"2023-12-04T09:12:12","date_gmt":"2023-12-04T08:12:12","guid":{"rendered":"https:\/\/www.diocesitn.it\/area-testimonianza\/2023\/12\/04\/dalla-vigna-alla-cantina-la-donna-e-protagonista-a-quattro-aziende-il-premio-promosso-da-acli-e-arcidiocesi-di-trento\/"},"modified":"2025-02-20T10:02:15","modified_gmt":"2025-02-20T09:02:15","slug":"dalla-vigna-alla-cantina-la-donna-e-protagonista-a-quattro-aziende-il-premio-promosso-da-acli-e-arcidiocesi-di-trento","status":"publish","type":"post","link":"https:\/\/www.diocesitn.it\/area-testimonianza\/2023\/12\/04\/dalla-vigna-alla-cantina-la-donna-e-protagonista-a-quattro-aziende-il-premio-promosso-da-acli-e-arcidiocesi-di-trento\/","title":{"rendered":"Dalla vigna alla cantina, la donna \u00e8 protagonista. A quattro aziende il Premio promosso da Acli e Arcidiocesi di Trento"},"content":{"rendered":"<p>Sono <strong>quattro le aziende<\/strong> insignite del \u201cPREMIO 2023 \u2013 <strong>Dalla Vigna alla Cantina la donna \u00e8 protagonista<\/strong>\u201d, sostenuto e voluto dal <strong>Coordinamento Donne Acli Trentine<\/strong>e dall&#8217;<strong>Arcidiocesi di Trento. <\/strong>Le vincitrici sono <strong>Daniela Devigili<\/strong> dell\u2019Azienda agricola Devigili di Giovo, <strong>Giulia Pedrini<\/strong> della Cantina Pravis di Lasino, <strong>Giuseppina Raffaelli<\/strong> di Maso Salengo di Volano e <strong>Nadia Viola<\/strong> dell\u2019Azienda agricola Viola di Mezzocorona.<\/p>\n<p>Il premio rientra nell\u2019ambito del pi\u00f9 ampio progetto \u201c<strong>Donne e Lavoro<\/strong>\u201d. \u00a0L\u2019evento \u00e8 realizzato con la collaborazione della FAP, Acli Terra, dell\u2019ufficio sVOLta, progettazione sociale creato da Non Profit Network &#8211; CSV Trentino Fondazione Trentina per il Volontariato Sociale e Fondazione Caritro.<\/p>\n<p>Per realizzarlo, anche quest\u2019anno \u00e8 stata attivata la collaborazione con esperti del settore, il Consorzio Tutela Vini del Trentino, l\u2019associazione Donne del Vino del Trentino Alto Adige e la Fondazione Edmund Mach.<\/p>\n<p>Le domande di candidatura al bando sono state 23 dimostrando il forte legame che unisce il Premio alla cultura d\u2019impresa al femminile.<\/p>\n<p>Le quattro premiate, oltre al premio di 2.000 euro ciascuna, hanno ricevuto da parte di PensPlan Centrum spa (presente l\u2019Amministratore delegato Matteo Migazzi) un contributo di 400 euro per aprire o integrare un piano di previdenza complementare a sostegno della loro futura pensione.<\/p>\n<p>Anche quest\u2019anno \u00e8 stato aggiunto un riconoscimento di partecipazione, proposto dalla Fondazione Edmund Mach, che \u00e8 stato conferito alla pi\u00f9 giovane viticoltrice che ha partecipato a questo premio: <strong>Alessia Skomina<\/strong>, 23 anni, titolare dell\u2019omonima azienda di Mori.<\/p>\n<p>L\u2019evento della premiazione, avvenuta al Polo culturale <strong>Vigilianum<\/strong> di Trento, \u00e8 stata anche un\u2019occasione di confronto, condivisione e conoscenza di buone pratiche.<\/p>\n<p>\u201cQuesto premio \u2013 ha affermato la <strong>responsabile del Coordinamento Donne delle Acli trentine Donatella Lucian<\/strong> &#8211; vuole essere un riconoscimento per dare concretezza al ruolo della donna nel mondo del lavoro e dell\u2019impresa\u201d.<\/p>\n<p>Secondo il <strong>presidente delle Acli trentine Luca Oliver<\/strong> il settore femminile ha dato un notevole contributo alla crescita della consapevolezza relativo al cambiamento del modello di sviluppo.<\/p>\n<p><strong>Eleonora Angelini<\/strong>, coordinatrice della serata, ha ricordato come il processo di emancipazione della donna nel mondo del lavoro e delle professioni sia ancora lungo se consideriamo che nel nostro paese le donne lavoratrici sono solo il 42% e che le donne imprenditrici, nello specifico della realt\u00e0 trentina, sono solo il 18% della categoria.<\/p>\n","protected":false},"excerpt":{"rendered":"<p>Sono quattro le aziende insignite del \u201cPREMIO 2023 \u2013 Dalla Vigna alla Cantina la donna \u00e8 protagonista\u201d, sostenuto e voluto dal Coordinamento Donne Acli Trentinee dall&#8217;Arcidiocesi di Trento. Le vincitrici sono Daniela Devigili dell\u2019Azienda agricola<\/p>\n","protected":false},"author":3,"featured_media":14079,"comment_status":"closed","ping_status":"closed","sticky":false,"template":"","format":"standard","meta":{"footnotes":""},"categories":[2171,1695,1074,2252],"tags":[1573,1924,2172,2068,2173,1391],"class_list":["post-14078","post","type-post","status-publish","format-standard","has-post-thumbnail","hentry","category-acli","category-area-testimonianza-e-impegno-sociale","category-notizie","category-servizio-sociale-lavoro","tag-acli","tag-agricoltura","tag-diocesi","tag-donne","tag-lavoro","tag-trento"],"acf":{"seed-localization-paese-cod":"IT","seed-localization-address":"","seed-localization-citta":"Trento","seed-localization-regione-cod-istat":"04","seed-localization-citta-cod-istat":"022205","seed-localization-localita":"","seed-localization-cap":"","seed-localization-marker-visibility":false,"seed-localization-children-visibility":false,"seed-localization-kml":"","seed-localization-custom-marker":""},"yoast_head":"<!-- This site is optimized with the Yoast SEO Premium plugin v20.2.1 (Yoast SEO v22.2) - https:\/\/yoast.com\/wordpress\/plugins\/seo\/ -->\n<title>Dalla vigna alla cantina, la donna \u00e8 protagonista. A quattro aziende il Premio promosso da Acli e Arcidiocesi di Trento - Testimonianza e Impegno sociale<\/title>\n<meta name=\"robots\" content=\"index, follow, max-snippet:-1, max-image-preview:large, max-video-preview:-1\" \/>\n<link rel=\"canonical\" href=\"https:\/\/www.diocesitn.it\/area-testimonianza\/2023\/12\/04\/dalla-vigna-alla-cantina-la-donna-e-protagonista-a-quattro-aziende-il-premio-promosso-da-acli-e-arcidiocesi-di-trento\/\" \/>\n<meta property=\"og:locale\" content=\"it_IT\" \/>\n<meta property=\"og:type\" content=\"article\" \/>\n<meta property=\"og:title\" content=\"Dalla vigna alla cantina, la donna \u00e8 protagonista. A quattro aziende il Premio promosso da Acli e Arcidiocesi di Trento\" \/>\n<meta property=\"og:description\" content=\"Sono quattro le aziende insignite del \u201cPREMIO 2023 \u2013 Dalla Vigna alla Cantina la donna \u00e8 protagonista\u201d, sostenuto e voluto dal Coordinamento Donne Acli Trentinee dall&#8217;Arcidiocesi di Trento. Le vincitrici sono Daniela Devigili dell\u2019Azienda agricola\" \/>\n<meta property=\"og:url\" content=\"https:\/\/www.diocesitn.it\/area-testimonianza\/2023\/12\/04\/dalla-vigna-alla-cantina-la-donna-e-protagonista-a-quattro-aziende-il-premio-promosso-da-acli-e-arcidiocesi-di-trento\/\" \/>\n<meta property=\"og:site_name\" content=\"Testimonianza e Impegno sociale\" \/>\n<meta property=\"article:published_time\" content=\"2023-12-04T08:12:12+00:00\" \/>\n<meta property=\"article:modified_time\" content=\"2025-02-20T09:02:15+00:00\" \/>\n<meta property=\"og:image\" content=\"https:\/\/www.diocesitn.it\/area-testimonianza\/wp-content\/uploads\/sites\/37\/2023\/12\/Da-dx-Donatella-Lucian-Daniela-Devigili-Giulia-Pedrini-Giuseppina-Raffaelli-Nadia-Viola-Luca-Oliver.jpg\" \/>\n\t<meta property=\"og:image:width\" content=\"900\" \/>\n\t<meta property=\"og:image:height\" content=\"600\" \/>\n\t<meta property=\"og:image:type\" content=\"image\/jpeg\" \/>\n<meta name=\"author\" content=\"Piergiorgio Franceschini\" \/>\n<meta name=\"twitter:card\" content=\"summary_large_image\" \/>\n<meta name=\"twitter:label1\" content=\"Scritto da\" \/>\n\t<meta name=\"twitter:data1\" content=\"Piergiorgio Franceschini\" \/>\n\t<meta name=\"twitter:label2\" content=\"Tempo di lettura stimato\" \/>\n\t<meta name=\"twitter:data2\" content=\"2 minuti\" \/>\n<script type=\"application\/ld+json\" class=\"yoast-schema-graph\">{\"@context\":\"https:\/\/schema.org\",\"@graph\":[{\"@type\":\"Article\",\"@id\":\"https:\/\/www.diocesitn.it\/area-testimonianza\/2023\/12\/04\/dalla-vigna-alla-cantina-la-donna-e-protagonista-a-quattro-aziende-il-premio-promosso-da-acli-e-arcidiocesi-di-trento\/#article\",\"isPartOf\":{\"@id\":\"https:\/\/www.diocesitn.it\/area-testimonianza\/2023\/12\/04\/dalla-vigna-alla-cantina-la-donna-e-protagonista-a-quattro-aziende-il-premio-promosso-da-acli-e-arcidiocesi-di-trento\/\"},\"author\":{\"name\":\"Piergiorgio Franceschini\",\"@id\":\"https:\/\/www.diocesitn.it\/area-testimonianza\/#\/schema\/person\/99590c84577873a025247b6aeb16ad2e\"},\"headline\":\"Dalla vigna alla cantina, la donna \u00e8 protagonista. A quattro aziende il Premio promosso da Acli e Arcidiocesi di Trento\",\"datePublished\":\"2023-12-04T08:12:12+00:00\",\"dateModified\":\"2025-02-20T09:02:15+00:00\",\"mainEntityOfPage\":{\"@id\":\"https:\/\/www.diocesitn.it\/area-testimonianza\/2023\/12\/04\/dalla-vigna-alla-cantina-la-donna-e-protagonista-a-quattro-aziende-il-premio-promosso-da-acli-e-arcidiocesi-di-trento\/\"},\"wordCount\":389,\"publisher\":{\"@id\":\"https:\/\/www.diocesitn.it\/area-testimonianza\/#organization\"},\"image\":{\"@id\":\"https:\/\/www.diocesitn.it\/area-testimonianza\/2023\/12\/04\/dalla-vigna-alla-cantina-la-donna-e-protagonista-a-quattro-aziende-il-premio-promosso-da-acli-e-arcidiocesi-di-trento\/#primaryimage\"},\"thumbnailUrl\":\"https:\/\/www.diocesitn.it\/area-testimonianza\/wp-content\/uploads\/sites\/37\/2023\/12\/Da-dx-Donatella-Lucian-Daniela-Devigili-Giulia-Pedrini-Giuseppina-Raffaelli-Nadia-Viola-Luca-Oliver.jpg\",\"keywords\":[\"acli\",\"agricoltura\",\"Diocesi\",\"donne\",\"Lavoro\",\"Trento\"],\"articleSection\":[\"acli\",\"Area Testimonianza e Impegno sociale\",\"Notizie\",\"Pastorale Sociale e del Lavoro\"],\"inLanguage\":\"it-IT\",\"copyrightYear\":\"2023\",\"copyrightHolder\":{\"@id\":\"https:\/\/www.diocesitn.it\/#organization\"}},{\"@type\":\"WebPage\",\"@id\":\"https:\/\/www.diocesitn.it\/area-testimonianza\/2023\/12\/04\/dalla-vigna-alla-cantina-la-donna-e-protagonista-a-quattro-aziende-il-premio-promosso-da-acli-e-arcidiocesi-di-trento\/\",\"url\":\"https:\/\/www.diocesitn.it\/area-testimonianza\/2023\/12\/04\/dalla-vigna-alla-cantina-la-donna-e-protagonista-a-quattro-aziende-il-premio-promosso-da-acli-e-arcidiocesi-di-trento\/\",\"name\":\"Dalla vigna alla cantina, la donna \u00e8 protagonista. A quattro aziende il Premio promosso da Acli e Arcidiocesi di Trento - Testimonianza e Impegno sociale\",\"isPartOf\":{\"@id\":\"https:\/\/www.diocesitn.it\/area-testimonianza\/#website\"},\"primaryImageOfPage\":{\"@id\":\"https:\/\/www.diocesitn.it\/area-testimonianza\/2023\/12\/04\/dalla-vigna-alla-cantina-la-donna-e-protagonista-a-quattro-aziende-il-premio-promosso-da-acli-e-arcidiocesi-di-trento\/#primaryimage\"},\"image\":{\"@id\":\"https:\/\/www.diocesitn.it\/area-testimonianza\/2023\/12\/04\/dalla-vigna-alla-cantina-la-donna-e-protagonista-a-quattro-aziende-il-premio-promosso-da-acli-e-arcidiocesi-di-trento\/#primaryimage\"},\"thumbnailUrl\":\"https:\/\/www.diocesitn.it\/area-testimonianza\/wp-content\/uploads\/sites\/37\/2023\/12\/Da-dx-Donatella-Lucian-Daniela-Devigili-Giulia-Pedrini-Giuseppina-Raffaelli-Nadia-Viola-Luca-Oliver.jpg\",\"datePublished\":\"2023-12-04T08:12:12+00:00\",\"dateModified\":\"2025-02-20T09:02:15+00:00\",\"breadcrumb\":{\"@id\":\"https:\/\/www.diocesitn.it\/area-testimonianza\/2023\/12\/04\/dalla-vigna-alla-cantina-la-donna-e-protagonista-a-quattro-aziende-il-premio-promosso-da-acli-e-arcidiocesi-di-trento\/#breadcrumb\"},\"inLanguage\":\"it-IT\",\"potentialAction\":[{\"@type\":\"ReadAction\",\"target\":[\"https:\/\/www.diocesitn.it\/area-testimonianza\/2023\/12\/04\/dalla-vigna-alla-cantina-la-donna-e-protagonista-a-quattro-aziende-il-premio-promosso-da-acli-e-arcidiocesi-di-trento\/\"]}]},{\"@type\":\"ImageObject\",\"inLanguage\":\"it-IT\",\"@id\":\"https:\/\/www.diocesitn.it\/area-testimonianza\/2023\/12\/04\/dalla-vigna-alla-cantina-la-donna-e-protagonista-a-quattro-aziende-il-premio-promosso-da-acli-e-arcidiocesi-di-trento\/#primaryimage\",\"url\":\"https:\/\/www.diocesitn.it\/area-testimonianza\/wp-content\/uploads\/sites\/37\/2023\/12\/Da-dx-Donatella-Lucian-Daniela-Devigili-Giulia-Pedrini-Giuseppina-Raffaelli-Nadia-Viola-Luca-Oliver.jpg\",\"contentUrl\":\"https:\/\/www.diocesitn.it\/area-testimonianza\/wp-content\/uploads\/sites\/37\/2023\/12\/Da-dx-Donatella-Lucian-Daniela-Devigili-Giulia-Pedrini-Giuseppina-Raffaelli-Nadia-Viola-Luca-Oliver.jpg\",\"width\":900,\"height\":600},{\"@type\":\"BreadcrumbList\",\"@id\":\"https:\/\/www.diocesitn.it\/area-testimonianza\/2023\/12\/04\/dalla-vigna-alla-cantina-la-donna-e-protagonista-a-quattro-aziende-il-premio-promosso-da-acli-e-arcidiocesi-di-trento\/#breadcrumb\",\"itemListElement\":[{\"@type\":\"ListItem\",\"position\":1,\"name\":\"Home\",\"item\":\"https:\/\/www.diocesitn.it\/area-testimonianza\/\"},{\"@type\":\"ListItem\",\"position\":2,\"name\":\"Dalla vigna alla cantina, la donna \u00e8 protagonista. A quattro aziende il Premio promosso da Acli e Arcidiocesi di Trento\"}]},{\"@type\":\"WebSite\",\"@id\":\"https:\/\/www.diocesitn.it\/area-testimonianza\/#website\",\"url\":\"https:\/\/www.diocesitn.it\/area-testimonianza\/\",\"name\":\"Testimonianza e Impegno sociale\",\"description\":\"Chiesa di Trento\",\"publisher\":{\"@id\":\"https:\/\/www.diocesitn.it\/area-testimonianza\/#organization\"},\"potentialAction\":[{\"@type\":\"SearchAction\",\"target\":{\"@type\":\"EntryPoint\",\"urlTemplate\":\"https:\/\/www.diocesitn.it\/area-testimonianza\/?s={search_term_string}\"},\"query-input\":\"required name=search_term_string\"}],\"inLanguage\":\"it-IT\"},{\"@type\":[\"Organization\",\"Place\"],\"@id\":\"https:\/\/www.diocesitn.it\/area-testimonianza\/#organization\",\"name\":\"Area Testimonianza e Impegno Sociale - Chiesa di Trento\",\"url\":\"https:\/\/www.diocesitn.it\/area-testimonianza\/\",\"logo\":{\"@id\":\"https:\/\/www.diocesitn.it\/area-testimonianza\/2023\/12\/04\/dalla-vigna-alla-cantina-la-donna-e-protagonista-a-quattro-aziende-il-premio-promosso-da-acli-e-arcidiocesi-di-trento\/#local-main-organization-logo\"},\"image\":{\"@id\":\"https:\/\/www.diocesitn.it\/area-testimonianza\/2023\/12\/04\/dalla-vigna-alla-cantina-la-donna-e-protagonista-a-quattro-aziende-il-premio-promosso-da-acli-e-arcidiocesi-di-trento\/#local-main-organization-logo\"},\"openingHoursSpecification\":[{\"@type\":\"OpeningHoursSpecification\",\"dayOfWeek\":[\"Monday\",\"Tuesday\",\"Wednesday\",\"Thursday\",\"Friday\",\"Saturday\",\"Sunday\"],\"opens\":\"09:00\",\"closes\":\"17:00\"}]},{\"@type\":\"ImageObject\",\"inLanguage\":\"it-IT\",\"@id\":\"https:\/\/www.diocesitn.it\/area-testimonianza\/2023\/12\/04\/dalla-vigna-alla-cantina-la-donna-e-protagonista-a-quattro-aziende-il-premio-promosso-da-acli-e-arcidiocesi-di-trento\/#local-main-organization-logo\",\"url\":\"https:\/\/www.diocesitn.it\/area-testimonianza\/wp-content\/uploads\/sites\/37\/2021\/09\/og-logo-testimonianza-e-impegno-sociale.jpg\",\"contentUrl\":\"https:\/\/www.diocesitn.it\/area-testimonianza\/wp-content\/uploads\/sites\/37\/2021\/09\/og-logo-testimonianza-e-impegno-sociale.jpg\",\"width\":1200,\"height\":630,\"caption\":\"Area Testimonianza e Impegno Sociale - Chiesa di Trento\"}]}<\/script>\n<!-- \/ Yoast SEO Premium plugin. -->","yoast_head_json":{"title":"Dalla vigna alla cantina, la donna \u00e8 protagonista. A quattro aziende il Premio promosso da Acli e Arcidiocesi di Trento - Testimonianza e Impegno sociale","robots":{"index":"index","follow":"follow","max-snippet":"max-snippet:-1","max-image-preview":"max-image-preview:large","max-video-preview":"max-video-preview:-1"},"canonical":"https:\/\/www.diocesitn.it\/area-testimonianza\/2023\/12\/04\/dalla-vigna-alla-cantina-la-donna-e-protagonista-a-quattro-aziende-il-premio-promosso-da-acli-e-arcidiocesi-di-trento\/","og_locale":"it_IT","og_type":"article","og_title":"Dalla vigna alla cantina, la donna \u00e8 protagonista. A quattro aziende il Premio promosso da Acli e Arcidiocesi di Trento","og_description":"Sono quattro le aziende insignite del \u201cPREMIO 2023 \u2013 Dalla Vigna alla Cantina la donna \u00e8 protagonista\u201d, sostenuto e voluto dal Coordinamento Donne Acli Trentinee dall&#8217;Arcidiocesi di Trento. Le vincitrici sono Daniela Devigili dell\u2019Azienda agricola","og_url":"https:\/\/www.diocesitn.it\/area-testimonianza\/2023\/12\/04\/dalla-vigna-alla-cantina-la-donna-e-protagonista-a-quattro-aziende-il-premio-promosso-da-acli-e-arcidiocesi-di-trento\/","og_site_name":"Testimonianza e Impegno sociale","article_published_time":"2023-12-04T08:12:12+00:00","article_modified_time":"2025-02-20T09:02:15+00:00","og_image":[{"width":900,"height":600,"url":"https:\/\/www.diocesitn.it\/area-testimonianza\/wp-content\/uploads\/sites\/37\/2023\/12\/Da-dx-Donatella-Lucian-Daniela-Devigili-Giulia-Pedrini-Giuseppina-Raffaelli-Nadia-Viola-Luca-Oliver.jpg","type":"image\/jpeg"}],"author":"Piergiorgio Franceschini","twitter_card":"summary_large_image","twitter_misc":{"Scritto da":"Piergiorgio Franceschini","Tempo di lettura stimato":"2 minuti"},"schema":{"@context":"https:\/\/schema.org","@graph":[{"@type":"Article","@id":"https:\/\/www.diocesitn.it\/area-testimonianza\/2023\/12\/04\/dalla-vigna-alla-cantina-la-donna-e-protagonista-a-quattro-aziende-il-premio-promosso-da-acli-e-arcidiocesi-di-trento\/#article","isPartOf":{"@id":"https:\/\/www.diocesitn.it\/area-testimonianza\/2023\/12\/04\/dalla-vigna-alla-cantina-la-donna-e-protagonista-a-quattro-aziende-il-premio-promosso-da-acli-e-arcidiocesi-di-trento\/"},"author":{"name":"Piergiorgio Franceschini","@id":"https:\/\/www.diocesitn.it\/area-testimonianza\/#\/schema\/person\/99590c84577873a025247b6aeb16ad2e"},"headline":"Dalla vigna alla cantina, la donna \u00e8 protagonista. A quattro aziende il Premio promosso da Acli e Arcidiocesi di Trento","datePublished":"2023-12-04T08:12:12+00:00","dateModified":"2025-02-20T09:02:15+00:00","mainEntityOfPage":{"@id":"https:\/\/www.diocesitn.it\/area-testimonianza\/2023\/12\/04\/dalla-vigna-alla-cantina-la-donna-e-protagonista-a-quattro-aziende-il-premio-promosso-da-acli-e-arcidiocesi-di-trento\/"},"wordCount":389,"publisher":{"@id":"https:\/\/www.diocesitn.it\/area-testimonianza\/#organization"},"image":{"@id":"https:\/\/www.diocesitn.it\/area-testimonianza\/2023\/12\/04\/dalla-vigna-alla-cantina-la-donna-e-protagonista-a-quattro-aziende-il-premio-promosso-da-acli-e-arcidiocesi-di-trento\/#primaryimage"},"thumbnailUrl":"https:\/\/www.diocesitn.it\/area-testimonianza\/wp-content\/uploads\/sites\/37\/2023\/12\/Da-dx-Donatella-Lucian-Daniela-Devigili-Giulia-Pedrini-Giuseppina-Raffaelli-Nadia-Viola-Luca-Oliver.jpg","keywords":["acli","agricoltura","Diocesi","donne","Lavoro","Trento"],"articleSection":["acli","Area Testimonianza e Impegno sociale","Notizie","Pastorale Sociale e del Lavoro"],"inLanguage":"it-IT","copyrightYear":"2023","copyrightHolder":{"@id":"https:\/\/www.diocesitn.it\/#organization"}},{"@type":"WebPage","@id":"https:\/\/www.diocesitn.it\/area-testimonianza\/2023\/12\/04\/dalla-vigna-alla-cantina-la-donna-e-protagonista-a-quattro-aziende-il-premio-promosso-da-acli-e-arcidiocesi-di-trento\/","url":"https:\/\/www.diocesitn.it\/area-testimonianza\/2023\/12\/04\/dalla-vigna-alla-cantina-la-donna-e-protagonista-a-quattro-aziende-il-premio-promosso-da-acli-e-arcidiocesi-di-trento\/","name":"Dalla vigna alla cantina, la donna \u00e8 protagonista. A quattro aziende il Premio promosso da Acli e Arcidiocesi di Trento - Testimonianza e Impegno sociale","isPartOf":{"@id":"https:\/\/www.diocesitn.it\/area-testimonianza\/#website"},"primaryImageOfPage":{"@id":"https:\/\/www.diocesitn.it\/area-testimonianza\/2023\/12\/04\/dalla-vigna-alla-cantina-la-donna-e-protagonista-a-quattro-aziende-il-premio-promosso-da-acli-e-arcidiocesi-di-trento\/#primaryimage"},"image":{"@id":"https:\/\/www.diocesitn.it\/area-testimonianza\/2023\/12\/04\/dalla-vigna-alla-cantina-la-donna-e-protagonista-a-quattro-aziende-il-premio-promosso-da-acli-e-arcidiocesi-di-trento\/#primaryimage"},"thumbnailUrl":"https:\/\/www.diocesitn.it\/area-testimonianza\/wp-content\/uploads\/sites\/37\/2023\/12\/Da-dx-Donatella-Lucian-Daniela-Devigili-Giulia-Pedrini-Giuseppina-Raffaelli-Nadia-Viola-Luca-Oliver.jpg","datePublished":"2023-12-04T08:12:12+00:00","dateModified":"2025-02-20T09:02:15+00:00","breadcrumb":{"@id":"https:\/\/www.diocesitn.it\/area-testimonianza\/2023\/12\/04\/dalla-vigna-alla-cantina-la-donna-e-protagonista-a-quattro-aziende-il-premio-promosso-da-acli-e-arcidiocesi-di-trento\/#breadcrumb"},"inLanguage":"it-IT","potentialAction":[{"@type":"ReadAction","target":["https:\/\/www.diocesitn.it\/area-testimonianza\/2023\/12\/04\/dalla-vigna-alla-cantina-la-donna-e-protagonista-a-quattro-aziende-il-premio-promosso-da-acli-e-arcidiocesi-di-trento\/"]}]},{"@type":"ImageObject","inLanguage":"it-IT","@id":"https:\/\/www.diocesitn.it\/area-testimonianza\/2023\/12\/04\/dalla-vigna-alla-cantina-la-donna-e-protagonista-a-quattro-aziende-il-premio-promosso-da-acli-e-arcidiocesi-di-trento\/#primaryimage","url":"https:\/\/www.diocesitn.it\/area-testimonianza\/wp-content\/uploads\/sites\/37\/2023\/12\/Da-dx-Donatella-Lucian-Daniela-Devigili-Giulia-Pedrini-Giuseppina-Raffaelli-Nadia-Viola-Luca-Oliver.jpg","contentUrl":"https:\/\/www.diocesitn.it\/area-testimonianza\/wp-content\/uploads\/sites\/37\/2023\/12\/Da-dx-Donatella-Lucian-Daniela-Devigili-Giulia-Pedrini-Giuseppina-Raffaelli-Nadia-Viola-Luca-Oliver.jpg","width":900,"height":600},{"@type":"BreadcrumbList","@id":"https:\/\/www.diocesitn.it\/area-testimonianza\/2023\/12\/04\/dalla-vigna-alla-cantina-la-donna-e-protagonista-a-quattro-aziende-il-premio-promosso-da-acli-e-arcidiocesi-di-trento\/#breadcrumb","itemListElement":[{"@type":"ListItem","position":1,"name":"Home","item":"https:\/\/www.diocesitn.it\/area-testimonianza\/"},{"@type":"ListItem","position":2,"name":"Dalla vigna alla cantina, la donna \u00e8 protagonista. A quattro aziende il Premio promosso da Acli e Arcidiocesi di Trento"}]},{"@type":"WebSite","@id":"https:\/\/www.diocesitn.it\/area-testimonianza\/#website","url":"https:\/\/www.diocesitn.it\/area-testimonianza\/","name":"Testimonianza e Impegno sociale","description":"Chiesa di Trento","publisher":{"@id":"https:\/\/www.diocesitn.it\/area-testimonianza\/#organization"},"potentialAction":[{"@type":"SearchAction","target":{"@type":"EntryPoint","urlTemplate":"https:\/\/www.diocesitn.it\/area-testimonianza\/?s={search_term_string}"},"query-input":"required name=search_term_string"}],"inLanguage":"it-IT"},{"@type":["Organization","Place"],"@id":"https:\/\/www.diocesitn.it\/area-testimonianza\/#organization","name":"Area Testimonianza e Impegno Sociale - Chiesa di Trento","url":"https:\/\/www.diocesitn.it\/area-testimonianza\/","logo":{"@id":"https:\/\/www.diocesitn.it\/area-testimonianza\/2023\/12\/04\/dalla-vigna-alla-cantina-la-donna-e-protagonista-a-quattro-aziende-il-premio-promosso-da-acli-e-arcidiocesi-di-trento\/#local-main-organization-logo"},"image":{"@id":"https:\/\/www.diocesitn.it\/area-testimonianza\/2023\/12\/04\/dalla-vigna-alla-cantina-la-donna-e-protagonista-a-quattro-aziende-il-premio-promosso-da-acli-e-arcidiocesi-di-trento\/#local-main-organization-logo"},"openingHoursSpecification":[{"@type":"OpeningHoursSpecification","dayOfWeek":["Monday","Tuesday","Wednesday","Thursday","Friday","Saturday","Sunday"],"opens":"09:00","closes":"17:00"}]},{"@type":"ImageObject","inLanguage":"it-IT","@id":"https:\/\/www.diocesitn.it\/area-testimonianza\/2023\/12\/04\/dalla-vigna-alla-cantina-la-donna-e-protagonista-a-quattro-aziende-il-premio-promosso-da-acli-e-arcidiocesi-di-trento\/#local-main-organization-logo","url":"https:\/\/www.diocesitn.it\/area-testimonianza\/wp-content\/uploads\/sites\/37\/2021\/09\/og-logo-testimonianza-e-impegno-sociale.jpg","contentUrl":"https:\/\/www.diocesitn.it\/area-testimonianza\/wp-content\/uploads\/sites\/37\/2021\/09\/og-logo-testimonianza-e-impegno-sociale.jpg","width":1200,"height":630,"caption":"Area Testimonianza e Impegno Sociale - Chiesa di Trento"}]}},"_links":{"self":[{"href":"https:\/\/www.diocesitn.it\/area-testimonianza\/wp-json\/wp\/v2\/posts\/14078","targetHints":{"allow":["GET"]}}],"collection":[{"href":"https:\/\/www.diocesitn.it\/area-testimonianza\/wp-json\/wp\/v2\/posts"}],"about":[{"href":"https:\/\/www.diocesitn.it\/area-testimonianza\/wp-json\/wp\/v2\/types\/post"}],"author":[{"embeddable":true,"href":"https:\/\/www.diocesitn.it\/area-testimonianza\/wp-json\/wp\/v2\/users\/3"}],"replies":[{"embeddable":true,"href":"https:\/\/www.diocesitn.it\/area-testimonianza\/wp-json\/wp\/v2\/comments?post=14078"}],"version-history":[{"count":1,"href":"https:\/\/www.diocesitn.it\/area-testimonianza\/wp-json\/wp\/v2\/posts\/14078\/revisions"}],"predecessor-version":[{"id":17147,"href":"https:\/\/www.diocesitn.it\/area-testimonianza\/wp-json\/wp\/v2\/posts\/14078\/revisions\/17147"}],"wp:featuredmedia":[{"embeddable":true,"href":"https:\/\/www.diocesitn.it\/area-testimonianza\/wp-json\/wp\/v2\/media\/14079"}],"wp:attachment":[{"href":"https:\/\/www.diocesitn.it\/area-testimonianza\/wp-json\/wp\/v2\/media?parent=14078"}],"wp:term":[{"taxonomy":"category","embeddable":true,"href":"https:\/\/www.diocesitn.it\/area-testimonianza\/wp-json\/wp\/v2\/categories?post=14078"},{"taxonomy":"post_tag","embeddable":true,"href":"https:\/\/www.diocesitn.it\/area-testimonianza\/wp-json\/wp\/v2\/tags?post=14078"}],"curies":[{"name":"wp","href":"https:\/\/api.w.org\/{rel}","templated":true}]}}