{"id":14056,"date":"2023-11-22T14:48:29","date_gmt":"2023-11-22T13:48:29","guid":{"rendered":"https:\/\/www.diocesitn.it\/area-testimonianza\/2023\/11\/22\/i-cantori-della-stella-celebrazione-in-cattedrale-con-il-vescovo\/"},"modified":"2024-01-02T09:19:03","modified_gmt":"2024-01-02T08:19:03","slug":"i-cantori-della-stella-celebrazione-in-cattedrale-con-il-vescovo","status":"publish","type":"post","link":"https:\/\/www.diocesitn.it\/area-testimonianza\/2023\/11\/22\/i-cantori-della-stella-celebrazione-in-cattedrale-con-il-vescovo\/","title":{"rendered":"I Cantori della Stella &#8211; Celebrazione in Cattedrale con il Vescovo"},"content":{"rendered":"<p>Torna l&#8217;iniziativa<strong> dei Cantori della Stella!<\/strong> I bambini, vestiti da pastori, re Magi, angioletti riceveranno il mandato <strong>in Duomo<\/strong>, durante la Celebrazione <strong>con il vescovo Lauro.<\/strong><\/p>\n<p>Il ritrovo \u00e8 per <strong>mercoled\u00ec 27 dicembre, alle 14.30 in piazza Duomo, alle ore 15.00 vi sar\u00e0 la Celebrazione<\/strong>.<\/p>\n<p>&nbsp;<\/p>\n<p>L\u2019annuncio della nascita del Salvatore del mondo \u00e8 dato dagli angeli ai pastori, a persone umili, povere, capaci di aprire il loro cuore all\u2019amore di Dio che si rende visibile attraverso il Figlio suo.<br \/>\nI pastori non indugiano, vanno e trovano il Bambino.<br \/>\nE dopo aver visto il Bambino, riferiscono ci\u00f2 che era stato detto di lui e, infine, tornano glorificando e lodando Dio, che aveva loro aperto gli occhi e il cuore e li aveva riempiti di gioia.<br \/>\nCos\u00ec alcuni sapienti, i magi, dopo aver contemplato il cielo e visto la \u201csua stella\u201d, si mettono in cammino, per cercare \u201cil Re dei giudei\u201d e, trovatolo, si prostrarono e lo adorarono. Poi ritornano al loro paese.<br \/>\nA Natale ciascuno \u00e8 invitato a compiere il cammino di Maria, Giuseppe, dei pastori e dei magi: andare a vedere, nutrire occhi e orecchie con la Parola, ad avere il coraggio di credere e muoversi con il cuore. Siamo tutti invitati a contemplare il \u201cDio con noi\u201d per essere missionari che annunciano la Parola fatta carne ed essere cos\u00ec al servizio della speranza.<\/p>\n<p>Le parrocchie e i gruppi che intendono partecipare sono invitati a comunicare la loro adesione entro il 18.12.2023, telefonando o scrivendo una mail a:<br \/>\n<strong>Servizio Missionario 0461 891270, centro.missionario@diocesitn.it <\/strong>oppure\u00a0<strong>Servizio Catechesi 0461 891250, cell. 347-0536847, catechistico@diocesitn.it<\/strong><\/p>\n<p><a href=\"https:\/\/www.diocesitn.it\/area-annuncio\/wp-content\/uploads\/sites\/39\/2023\/11\/Locandina.pdf\">Locandina<\/a><\/p>\n<p>Materiale utile:<br \/>\n<a href=\"https:\/\/www.diocesitn.it\/area-annuncio\/wp-content\/uploads\/sites\/39\/2023\/11\/Libretto-preghiere-e-canti.docx\">&#8211; Libretto Preghiere e Canti<\/a><br \/>\n<a href=\"https:\/\/www.diocesitn.it\/area-annuncio\/wp-content\/uploads\/sites\/39\/2023\/11\/incontri-in-preparazione-2023.docx\">&#8211; Incontri in preparazione 2023<\/a><br \/>\n<a href=\"https:\/\/www.diocesitn.it\/area-annuncio\/wp-content\/uploads\/sites\/39\/2023\/11\/preparazione-al-mandato.docx\">&#8211; Preparazione al Mandato<\/a><\/p>\n","protected":false},"excerpt":{"rendered":"<p>Torna l&#8217;iniziativa dei Cantori della Stella! I bambini, vestiti da pastori, re Magi, angioletti riceveranno il mandato in Duomo, durante la Celebrazione con il vescovo Lauro. Il ritrovo \u00e8 per mercoled\u00ec 27 dicembre, alle 14.30<\/p>\n","protected":false},"author":166,"featured_media":14058,"comment_status":"closed","ping_status":"closed","sticky":false,"template":"","format":"standard","meta":{"footnotes":""},"categories":[1977,1074,1151],"tags":[2059,1749],"class_list":["post-14056","post","type-post","status-publish","format-standard","has-post-thumbnail","hentry","category-area-annuncio-e-sacramenti","category-notizie","category-servizio-missionario","tag-2059","tag-cantori-della-stella"],"acf":{"seed-localization-paese-cod":"IT","seed-localization-address":"","seed-localization-citta":"Trento","seed-localization-regione-cod-istat":"04","seed-localization-citta-cod-istat":"022205","seed-localization-localita":"","seed-localization-cap":"","seed-localization-marker-visibility":false,"seed-localization-children-visibility":false,"seed-localization-kml":"","seed-localization-custom-marker":""},"yoast_head":"<!-- This site is optimized with the Yoast SEO Premium plugin v20.2.1 (Yoast SEO v22.2) - https:\/\/yoast.com\/wordpress\/plugins\/seo\/ -->\n<title>I Cantori della Stella - Celebrazione in Cattedrale con il Vescovo - Testimonianza e Impegno sociale<\/title>\n<meta name=\"robots\" content=\"index, follow, max-snippet:-1, max-image-preview:large, max-video-preview:-1\" \/>\n<link rel=\"canonical\" href=\"https:\/\/www.diocesitn.it\/area-testimonianza\/2023\/11\/22\/i-cantori-della-stella-celebrazione-in-cattedrale-con-il-vescovo\/\" \/>\n<meta property=\"og:locale\" content=\"it_IT\" \/>\n<meta property=\"og:type\" content=\"article\" \/>\n<meta property=\"og:title\" content=\"I Cantori della Stella - Celebrazione in Cattedrale con il Vescovo\" \/>\n<meta property=\"og:description\" content=\"Torna l&#8217;iniziativa dei Cantori della Stella! I bambini, vestiti da pastori, re Magi, angioletti riceveranno il mandato in Duomo, durante la Celebrazione con il vescovo Lauro. Il ritrovo \u00e8 per mercoled\u00ec 27 dicembre, alle 14.30\" \/>\n<meta property=\"og:url\" content=\"https:\/\/www.diocesitn.it\/area-testimonianza\/2023\/11\/22\/i-cantori-della-stella-celebrazione-in-cattedrale-con-il-vescovo\/\" \/>\n<meta property=\"og:site_name\" content=\"Testimonianza e Impegno sociale\" \/>\n<meta property=\"article:published_time\" content=\"2023-11-22T13:48:29+00:00\" \/>\n<meta property=\"article:modified_time\" content=\"2024-01-02T08:19:03+00:00\" \/>\n<meta property=\"og:image\" content=\"https:\/\/www.diocesitn.it\/area-testimonianza\/wp-content\/uploads\/sites\/37\/2023\/11\/cantore-2023.jpg\" \/>\n\t<meta property=\"og:image:width\" content=\"1024\" \/>\n\t<meta property=\"og:image:height\" content=\"768\" \/>\n\t<meta property=\"og:image:type\" content=\"image\/jpeg\" \/>\n<meta name=\"author\" content=\"bjob\" \/>\n<meta name=\"twitter:card\" content=\"summary_large_image\" \/>\n<meta name=\"twitter:label1\" content=\"Scritto da\" \/>\n\t<meta name=\"twitter:data1\" content=\"bjob\" \/>\n\t<meta name=\"twitter:label2\" content=\"Tempo di lettura stimato\" \/>\n\t<meta name=\"twitter:data2\" content=\"2 minuti\" \/>\n<script type=\"application\/ld+json\" class=\"yoast-schema-graph\">{\"@context\":\"https:\/\/schema.org\",\"@graph\":[{\"@type\":\"Article\",\"@id\":\"https:\/\/www.diocesitn.it\/area-testimonianza\/2023\/11\/22\/i-cantori-della-stella-celebrazione-in-cattedrale-con-il-vescovo\/#article\",\"isPartOf\":{\"@id\":\"https:\/\/www.diocesitn.it\/area-testimonianza\/2023\/11\/22\/i-cantori-della-stella-celebrazione-in-cattedrale-con-il-vescovo\/\"},\"author\":{\"name\":\"bjob\",\"@id\":\"https:\/\/www.diocesitn.it\/area-testimonianza\/#\/schema\/person\/d7f9cdfa494cf7272dca74ad974f399c\"},\"headline\":\"I Cantori della Stella &#8211; Celebrazione in Cattedrale con il Vescovo\",\"datePublished\":\"2023-11-22T13:48:29+00:00\",\"dateModified\":\"2024-01-02T08:19:03+00:00\",\"mainEntityOfPage\":{\"@id\":\"https:\/\/www.diocesitn.it\/area-testimonianza\/2023\/11\/22\/i-cantori-della-stella-celebrazione-in-cattedrale-con-il-vescovo\/\"},\"wordCount\":285,\"publisher\":{\"@id\":\"https:\/\/www.diocesitn.it\/area-testimonianza\/#organization\"},\"image\":{\"@id\":\"https:\/\/www.diocesitn.it\/area-testimonianza\/2023\/11\/22\/i-cantori-della-stella-celebrazione-in-cattedrale-con-il-vescovo\/#primaryimage\"},\"thumbnailUrl\":\"https:\/\/www.diocesitn.it\/area-testimonianza\/wp-content\/uploads\/sites\/37\/2023\/11\/cantore-2023.jpg\",\"keywords\":[\"2023\",\"cantori della stella\"],\"articleSection\":[\"Area Annuncio e Sacramenti\",\"Notizie\",\"Pastorale Missionaria\"],\"inLanguage\":\"it-IT\",\"copyrightYear\":\"2023\",\"copyrightHolder\":{\"@id\":\"https:\/\/www.diocesitn.it\/#organization\"}},{\"@type\":\"WebPage\",\"@id\":\"https:\/\/www.diocesitn.it\/area-testimonianza\/2023\/11\/22\/i-cantori-della-stella-celebrazione-in-cattedrale-con-il-vescovo\/\",\"url\":\"https:\/\/www.diocesitn.it\/area-testimonianza\/2023\/11\/22\/i-cantori-della-stella-celebrazione-in-cattedrale-con-il-vescovo\/\",\"name\":\"I Cantori della Stella - Celebrazione in Cattedrale con il Vescovo - Testimonianza e Impegno sociale\",\"isPartOf\":{\"@id\":\"https:\/\/www.diocesitn.it\/area-testimonianza\/#website\"},\"primaryImageOfPage\":{\"@id\":\"https:\/\/www.diocesitn.it\/area-testimonianza\/2023\/11\/22\/i-cantori-della-stella-celebrazione-in-cattedrale-con-il-vescovo\/#primaryimage\"},\"image\":{\"@id\":\"https:\/\/www.diocesitn.it\/area-testimonianza\/2023\/11\/22\/i-cantori-della-stella-celebrazione-in-cattedrale-con-il-vescovo\/#primaryimage\"},\"thumbnailUrl\":\"https:\/\/www.diocesitn.it\/area-testimonianza\/wp-content\/uploads\/sites\/37\/2023\/11\/cantore-2023.jpg\",\"datePublished\":\"2023-11-22T13:48:29+00:00\",\"dateModified\":\"2024-01-02T08:19:03+00:00\",\"breadcrumb\":{\"@id\":\"https:\/\/www.diocesitn.it\/area-testimonianza\/2023\/11\/22\/i-cantori-della-stella-celebrazione-in-cattedrale-con-il-vescovo\/#breadcrumb\"},\"inLanguage\":\"it-IT\",\"potentialAction\":[{\"@type\":\"ReadAction\",\"target\":[\"https:\/\/www.diocesitn.it\/area-testimonianza\/2023\/11\/22\/i-cantori-della-stella-celebrazione-in-cattedrale-con-il-vescovo\/\"]}]},{\"@type\":\"ImageObject\",\"inLanguage\":\"it-IT\",\"@id\":\"https:\/\/www.diocesitn.it\/area-testimonianza\/2023\/11\/22\/i-cantori-della-stella-celebrazione-in-cattedrale-con-il-vescovo\/#primaryimage\",\"url\":\"https:\/\/www.diocesitn.it\/area-testimonianza\/wp-content\/uploads\/sites\/37\/2023\/11\/cantore-2023.jpg\",\"contentUrl\":\"https:\/\/www.diocesitn.it\/area-testimonianza\/wp-content\/uploads\/sites\/37\/2023\/11\/cantore-2023.jpg\",\"width\":1024,\"height\":768},{\"@type\":\"BreadcrumbList\",\"@id\":\"https:\/\/www.diocesitn.it\/area-testimonianza\/2023\/11\/22\/i-cantori-della-stella-celebrazione-in-cattedrale-con-il-vescovo\/#breadcrumb\",\"itemListElement\":[{\"@type\":\"ListItem\",\"position\":1,\"name\":\"Home\",\"item\":\"https:\/\/www.diocesitn.it\/area-testimonianza\/\"},{\"@type\":\"ListItem\",\"position\":2,\"name\":\"I Cantori della Stella &#8211; Celebrazione in Cattedrale con il Vescovo\"}]},{\"@type\":\"WebSite\",\"@id\":\"https:\/\/www.diocesitn.it\/area-testimonianza\/#website\",\"url\":\"https:\/\/www.diocesitn.it\/area-testimonianza\/\",\"name\":\"Testimonianza e Impegno sociale\",\"description\":\"Chiesa di Trento\",\"publisher\":{\"@id\":\"https:\/\/www.diocesitn.it\/area-testimonianza\/#organization\"},\"potentialAction\":[{\"@type\":\"SearchAction\",\"target\":{\"@type\":\"EntryPoint\",\"urlTemplate\":\"https:\/\/www.diocesitn.it\/area-testimonianza\/?s={search_term_string}\"},\"query-input\":\"required name=search_term_string\"}],\"inLanguage\":\"it-IT\"},{\"@type\":[\"Organization\",\"Place\"],\"@id\":\"https:\/\/www.diocesitn.it\/area-testimonianza\/#organization\",\"name\":\"Area Testimonianza e Impegno Sociale - Chiesa di Trento\",\"url\":\"https:\/\/www.diocesitn.it\/area-testimonianza\/\",\"logo\":{\"@id\":\"https:\/\/www.diocesitn.it\/area-testimonianza\/2023\/11\/22\/i-cantori-della-stella-celebrazione-in-cattedrale-con-il-vescovo\/#local-main-organization-logo\"},\"image\":{\"@id\":\"https:\/\/www.diocesitn.it\/area-testimonianza\/2023\/11\/22\/i-cantori-della-stella-celebrazione-in-cattedrale-con-il-vescovo\/#local-main-organization-logo\"},\"openingHoursSpecification\":[{\"@type\":\"OpeningHoursSpecification\",\"dayOfWeek\":[\"Monday\",\"Tuesday\",\"Wednesday\",\"Thursday\",\"Friday\",\"Saturday\",\"Sunday\"],\"opens\":\"09:00\",\"closes\":\"17:00\"}]},{\"@type\":\"ImageObject\",\"inLanguage\":\"it-IT\",\"@id\":\"https:\/\/www.diocesitn.it\/area-testimonianza\/2023\/11\/22\/i-cantori-della-stella-celebrazione-in-cattedrale-con-il-vescovo\/#local-main-organization-logo\",\"url\":\"https:\/\/www.diocesitn.it\/area-testimonianza\/wp-content\/uploads\/sites\/37\/2021\/09\/og-logo-testimonianza-e-impegno-sociale.jpg\",\"contentUrl\":\"https:\/\/www.diocesitn.it\/area-testimonianza\/wp-content\/uploads\/sites\/37\/2021\/09\/og-logo-testimonianza-e-impegno-sociale.jpg\",\"width\":1200,\"height\":630,\"caption\":\"Area Testimonianza e Impegno Sociale - Chiesa di Trento\"}]}<\/script>\n<!-- \/ Yoast SEO Premium plugin. -->","yoast_head_json":{"title":"I Cantori della Stella - Celebrazione in Cattedrale con il Vescovo - Testimonianza e Impegno sociale","robots":{"index":"index","follow":"follow","max-snippet":"max-snippet:-1","max-image-preview":"max-image-preview:large","max-video-preview":"max-video-preview:-1"},"canonical":"https:\/\/www.diocesitn.it\/area-testimonianza\/2023\/11\/22\/i-cantori-della-stella-celebrazione-in-cattedrale-con-il-vescovo\/","og_locale":"it_IT","og_type":"article","og_title":"I Cantori della Stella - Celebrazione in Cattedrale con il Vescovo","og_description":"Torna l&#8217;iniziativa dei Cantori della Stella! I bambini, vestiti da pastori, re Magi, angioletti riceveranno il mandato in Duomo, durante la Celebrazione con il vescovo Lauro. Il ritrovo \u00e8 per mercoled\u00ec 27 dicembre, alle 14.30","og_url":"https:\/\/www.diocesitn.it\/area-testimonianza\/2023\/11\/22\/i-cantori-della-stella-celebrazione-in-cattedrale-con-il-vescovo\/","og_site_name":"Testimonianza e Impegno sociale","article_published_time":"2023-11-22T13:48:29+00:00","article_modified_time":"2024-01-02T08:19:03+00:00","og_image":[{"width":1024,"height":768,"url":"https:\/\/www.diocesitn.it\/area-testimonianza\/wp-content\/uploads\/sites\/37\/2023\/11\/cantore-2023.jpg","type":"image\/jpeg"}],"author":"bjob","twitter_card":"summary_large_image","twitter_misc":{"Scritto da":"bjob","Tempo di lettura stimato":"2 minuti"},"schema":{"@context":"https:\/\/schema.org","@graph":[{"@type":"Article","@id":"https:\/\/www.diocesitn.it\/area-testimonianza\/2023\/11\/22\/i-cantori-della-stella-celebrazione-in-cattedrale-con-il-vescovo\/#article","isPartOf":{"@id":"https:\/\/www.diocesitn.it\/area-testimonianza\/2023\/11\/22\/i-cantori-della-stella-celebrazione-in-cattedrale-con-il-vescovo\/"},"author":{"name":"bjob","@id":"https:\/\/www.diocesitn.it\/area-testimonianza\/#\/schema\/person\/d7f9cdfa494cf7272dca74ad974f399c"},"headline":"I Cantori della Stella &#8211; Celebrazione in Cattedrale con il Vescovo","datePublished":"2023-11-22T13:48:29+00:00","dateModified":"2024-01-02T08:19:03+00:00","mainEntityOfPage":{"@id":"https:\/\/www.diocesitn.it\/area-testimonianza\/2023\/11\/22\/i-cantori-della-stella-celebrazione-in-cattedrale-con-il-vescovo\/"},"wordCount":285,"publisher":{"@id":"https:\/\/www.diocesitn.it\/area-testimonianza\/#organization"},"image":{"@id":"https:\/\/www.diocesitn.it\/area-testimonianza\/2023\/11\/22\/i-cantori-della-stella-celebrazione-in-cattedrale-con-il-vescovo\/#primaryimage"},"thumbnailUrl":"https:\/\/www.diocesitn.it\/area-testimonianza\/wp-content\/uploads\/sites\/37\/2023\/11\/cantore-2023.jpg","keywords":["2023","cantori della stella"],"articleSection":["Area Annuncio e Sacramenti","Notizie","Pastorale Missionaria"],"inLanguage":"it-IT","copyrightYear":"2023","copyrightHolder":{"@id":"https:\/\/www.diocesitn.it\/#organization"}},{"@type":"WebPage","@id":"https:\/\/www.diocesitn.it\/area-testimonianza\/2023\/11\/22\/i-cantori-della-stella-celebrazione-in-cattedrale-con-il-vescovo\/","url":"https:\/\/www.diocesitn.it\/area-testimonianza\/2023\/11\/22\/i-cantori-della-stella-celebrazione-in-cattedrale-con-il-vescovo\/","name":"I Cantori della Stella - Celebrazione in Cattedrale con il Vescovo - Testimonianza e Impegno sociale","isPartOf":{"@id":"https:\/\/www.diocesitn.it\/area-testimonianza\/#website"},"primaryImageOfPage":{"@id":"https:\/\/www.diocesitn.it\/area-testimonianza\/2023\/11\/22\/i-cantori-della-stella-celebrazione-in-cattedrale-con-il-vescovo\/#primaryimage"},"image":{"@id":"https:\/\/www.diocesitn.it\/area-testimonianza\/2023\/11\/22\/i-cantori-della-stella-celebrazione-in-cattedrale-con-il-vescovo\/#primaryimage"},"thumbnailUrl":"https:\/\/www.diocesitn.it\/area-testimonianza\/wp-content\/uploads\/sites\/37\/2023\/11\/cantore-2023.jpg","datePublished":"2023-11-22T13:48:29+00:00","dateModified":"2024-01-02T08:19:03+00:00","breadcrumb":{"@id":"https:\/\/www.diocesitn.it\/area-testimonianza\/2023\/11\/22\/i-cantori-della-stella-celebrazione-in-cattedrale-con-il-vescovo\/#breadcrumb"},"inLanguage":"it-IT","potentialAction":[{"@type":"ReadAction","target":["https:\/\/www.diocesitn.it\/area-testimonianza\/2023\/11\/22\/i-cantori-della-stella-celebrazione-in-cattedrale-con-il-vescovo\/"]}]},{"@type":"ImageObject","inLanguage":"it-IT","@id":"https:\/\/www.diocesitn.it\/area-testimonianza\/2023\/11\/22\/i-cantori-della-stella-celebrazione-in-cattedrale-con-il-vescovo\/#primaryimage","url":"https:\/\/www.diocesitn.it\/area-testimonianza\/wp-content\/uploads\/sites\/37\/2023\/11\/cantore-2023.jpg","contentUrl":"https:\/\/www.diocesitn.it\/area-testimonianza\/wp-content\/uploads\/sites\/37\/2023\/11\/cantore-2023.jpg","width":1024,"height":768},{"@type":"BreadcrumbList","@id":"https:\/\/www.diocesitn.it\/area-testimonianza\/2023\/11\/22\/i-cantori-della-stella-celebrazione-in-cattedrale-con-il-vescovo\/#breadcrumb","itemListElement":[{"@type":"ListItem","position":1,"name":"Home","item":"https:\/\/www.diocesitn.it\/area-testimonianza\/"},{"@type":"ListItem","position":2,"name":"I Cantori della Stella &#8211; Celebrazione in Cattedrale con il Vescovo"}]},{"@type":"WebSite","@id":"https:\/\/www.diocesitn.it\/area-testimonianza\/#website","url":"https:\/\/www.diocesitn.it\/area-testimonianza\/","name":"Testimonianza e Impegno sociale","description":"Chiesa di Trento","publisher":{"@id":"https:\/\/www.diocesitn.it\/area-testimonianza\/#organization"},"potentialAction":[{"@type":"SearchAction","target":{"@type":"EntryPoint","urlTemplate":"https:\/\/www.diocesitn.it\/area-testimonianza\/?s={search_term_string}"},"query-input":"required name=search_term_string"}],"inLanguage":"it-IT"},{"@type":["Organization","Place"],"@id":"https:\/\/www.diocesitn.it\/area-testimonianza\/#organization","name":"Area Testimonianza e Impegno Sociale - Chiesa di Trento","url":"https:\/\/www.diocesitn.it\/area-testimonianza\/","logo":{"@id":"https:\/\/www.diocesitn.it\/area-testimonianza\/2023\/11\/22\/i-cantori-della-stella-celebrazione-in-cattedrale-con-il-vescovo\/#local-main-organization-logo"},"image":{"@id":"https:\/\/www.diocesitn.it\/area-testimonianza\/2023\/11\/22\/i-cantori-della-stella-celebrazione-in-cattedrale-con-il-vescovo\/#local-main-organization-logo"},"openingHoursSpecification":[{"@type":"OpeningHoursSpecification","dayOfWeek":["Monday","Tuesday","Wednesday","Thursday","Friday","Saturday","Sunday"],"opens":"09:00","closes":"17:00"}]},{"@type":"ImageObject","inLanguage":"it-IT","@id":"https:\/\/www.diocesitn.it\/area-testimonianza\/2023\/11\/22\/i-cantori-della-stella-celebrazione-in-cattedrale-con-il-vescovo\/#local-main-organization-logo","url":"https:\/\/www.diocesitn.it\/area-testimonianza\/wp-content\/uploads\/sites\/37\/2021\/09\/og-logo-testimonianza-e-impegno-sociale.jpg","contentUrl":"https:\/\/www.diocesitn.it\/area-testimonianza\/wp-content\/uploads\/sites\/37\/2021\/09\/og-logo-testimonianza-e-impegno-sociale.jpg","width":1200,"height":630,"caption":"Area Testimonianza e Impegno Sociale - Chiesa di Trento"}]}},"_links":{"self":[{"href":"https:\/\/www.diocesitn.it\/area-testimonianza\/wp-json\/wp\/v2\/posts\/14056","targetHints":{"allow":["GET"]}}],"collection":[{"href":"https:\/\/www.diocesitn.it\/area-testimonianza\/wp-json\/wp\/v2\/posts"}],"about":[{"href":"https:\/\/www.diocesitn.it\/area-testimonianza\/wp-json\/wp\/v2\/types\/post"}],"author":[{"embeddable":true,"href":"https:\/\/www.diocesitn.it\/area-testimonianza\/wp-json\/wp\/v2\/users\/166"}],"replies":[{"embeddable":true,"href":"https:\/\/www.diocesitn.it\/area-testimonianza\/wp-json\/wp\/v2\/comments?post=14056"}],"version-history":[{"count":1,"href":"https:\/\/www.diocesitn.it\/area-testimonianza\/wp-json\/wp\/v2\/posts\/14056\/revisions"}],"predecessor-version":[{"id":14057,"href":"https:\/\/www.diocesitn.it\/area-testimonianza\/wp-json\/wp\/v2\/posts\/14056\/revisions\/14057"}],"wp:featuredmedia":[{"embeddable":true,"href":"https:\/\/www.diocesitn.it\/area-testimonianza\/wp-json\/wp\/v2\/media\/14058"}],"wp:attachment":[{"href":"https:\/\/www.diocesitn.it\/area-testimonianza\/wp-json\/wp\/v2\/media?parent=14056"}],"wp:term":[{"taxonomy":"category","embeddable":true,"href":"https:\/\/www.diocesitn.it\/area-testimonianza\/wp-json\/wp\/v2\/categories?post=14056"},{"taxonomy":"post_tag","embeddable":true,"href":"https:\/\/www.diocesitn.it\/area-testimonianza\/wp-json\/wp\/v2\/tags?post=14056"}],"curies":[{"name":"wp","href":"https:\/\/api.w.org\/{rel}","templated":true}]}}