{"id":14015,"date":"2023-11-17T14:44:13","date_gmt":"2023-11-17T13:44:13","guid":{"rendered":"https:\/\/www.diocesitn.it\/area-testimonianza\/2023\/11\/17\/la-chiesa-trentina-in-aiuto-di-oltre-tremila-poveri-nel-2022-presentato-il-rapporto-caritas-vescovo-lauro-i-dati-ci-devono-inquietare-sono-solo-liceberg-di-unenorme-poverta-som\/"},"modified":"2024-11-14T11:25:16","modified_gmt":"2024-11-14T10:25:16","slug":"la-chiesa-trentina-in-aiuto-di-oltre-tremila-poveri-nel-2022-presentato-il-rapporto-caritas-vescovo-lauro-i-dati-ci-devono-inquietare-sono-solo-liceberg-di-unenorme-poverta-som","status":"publish","type":"post","link":"https:\/\/www.diocesitn.it\/area-testimonianza\/2023\/11\/17\/la-chiesa-trentina-in-aiuto-di-oltre-tremila-poveri-nel-2022-presentato-il-rapporto-caritas-vescovo-lauro-i-dati-ci-devono-inquietare-sono-solo-liceberg-di-unenorme-poverta-som\/","title":{"rendered":"La Chiesa trentina in aiuto di oltre tremila poveri nel 2022. Presentato il Rapporto Caritas. Vescovo Lauro: \u201cI dati ci devono inquietare: sono solo l\u2019iceberg di un&#8217;enorme povert\u00e0 sommersa&#8221;. Alla politica: &#8220;Il futuro del Trentino non \u00e8 nell\u2019economia ma nel tornare ad essere comunit\u00e0\u201d \u00a0\u00a0"},"content":{"rendered":"<p>Nel corso dell\u2019anno 2022 sono state <strong>3.015 <\/strong>le persone in stato di bisogno incontrate dalla <strong>Chiesa di Trento <\/strong>attraverso il servizio dei <strong>Centri di ascolto Caritas <\/strong>presenti sul territorio diocesano, con <strong>oltre 850 volontari<\/strong>, e l\u2019attivit\u00e0 della <strong>Fondazione Caritas Diocesana<\/strong>, con <strong>70 operatori professionisti<\/strong>.<\/p>\n<p>Il dato \u00e8 contenuto nel <strong>Rapporto annuale Caritas <\/strong>dal titolo \u201c<strong>Nessuno indietro<\/strong>\u201d presentato questa mattina in conferenza stampa al Vigilianum di Trento (in sintonia con il Rapporto di Caritas nazionale) alla vigilia della <strong>VII Giornata Mondiale dei Poveri<\/strong>, in calendario domenica 19 novembre.<\/p>\n<p>Alla presentazione sono intervenuti l\u2019<strong>arcivescovo di Trento Lauro Tisi<\/strong>, il delegato dell\u2019Area Testimonianza<strong> don Mauro Leonardelli <\/strong>e il Referente Caritas <strong>Fabio Chiari. <\/strong><\/p>\n<p>\u201dPovert\u00e0 \u2013 ha sottolineato in apertura <strong>monsignor Tisi<\/strong>, dopo aver ringraziato volontari e operatori \u2013 \u00e8 una parola astratta, preferiamo parlare di poveri. La povert\u00e0 \u00e8 un problema, i poveri invece sono volti e chiedono un approccio completamente diverso. Vedo un grande rischio: dibattere sui problemi, dimenticando i volti, le storie concrete. I dati attestano <strong>un iceberg piccolissimo<\/strong> di un mondo enormemente pi\u00f9 grande\u201d che vede protagonisti sul campo \u201caltre istituzioni, associazioni e cooperative. Ma anche sommando tutti i dati, essi sarebbero parziali, perch\u00e9 la povert\u00e0 \u00e8 molto pi\u00f9 diffusa e nascosta\u201d.<\/p>\n<p>Tra i poveri \u201csommersi\u201d, don Lauro individua \u201cchi non si cura pi\u00f9, chi ha una visita prenotata tra un anno e nel frattempo la malattia avanza, chi ha un lavoro ma deve comunque ricorrere a un dormitorio perch\u00e9 non sa dove andare a dormire, chi non arriva a fine mese e chi per molti motivi si ritrova povero dalla sera alla mattina, le solitudini, le difficolt\u00e0 relazionali\u201d. A questi, monsignor Tisi aggiunge un altro volto dell\u2019essere povero: \u201cle urne cinerarie al cimitero di Trento non pi\u00f9 richieste da nessuno. Anche questo dice poveri\u201d.<\/p>\n<p>\u201cI dati \u2013 ha concluso Tisi la sua ampia introduzione \u2013 ci <strong>devono inquietare<\/strong>. Oggi deve essere il <strong>giorno dell\u2019inquietudine<\/strong>, non della quiete. Non possiamo dire: sono tranquillo perch\u00e9 abbiamo fatto. Anche le nostre comunit\u00e0 cristiane devono aprire gli occhi sui poveri che spesso non sono nell\u2019agenda principale dell\u2019agire ecclesiale. L\u2019iniziativa di domani nelle Giudicarie va in questa direzione\u201d.<\/p>\n<h5><strong>Rapporto, gli aspetti pi\u00f9 rilevanti\u00a0<\/strong><\/h5>\n<p>Il dato sulle persone raggiunte (riferito ai principali centri di ascolto territoriali della rete Caritas) appare \u2013 ha spiegato <strong>Fabio Chiari<\/strong> entrando nelle pieghe del <strong>Rapporto<\/strong> (qui <strong><a href=\"https:\/\/www.diocesitn.it\/wp-content\/uploads\/sites\/37\/2023\/11\/DEF-La-rete-Caritas-in-Trentino-un-anno-di-impegno-per-non-lasciare-indietro-nessuno_171123.docx\">TESTO INTEGRALE<\/a><\/strong>) \u2013 in calo rispetto all\u2019anno precedente (nel 2021 furono 4.400), un anno peraltro fortemente condizionato dall\u2019emergenza Covid. Se si esclude per\u00f2 il picco del 2021, il confronto con gli anni precedenti attesta una <strong>costante crescita di situazioni di povert\u00e0<\/strong>, con un graduale aumento delle persone raggiunte dai servizi (+30% rispetto al 2017, quando furono 2300).<\/p>\n<p>Ad ulteriore conferma di questa tendenza all\u2019ampliamento della fascia di popolazione nel disagio, il Rapporto riprende le statistiche ISTAT sulla povert\u00e0 assoluta che individua, <strong>a causa in particolare del forte rialzo inflazionistico<\/strong>, il <strong>37% delle <\/strong><strong>famiglie trentine<\/strong> che dichiarano di <strong>non riuscire a fare fronte a eventuali spese impreviste<\/strong>. Un dato che era invece rimasto basso negli anni della pandemia.<\/p>\n<p>Per il Trentino, l\u2019incidenza della grave deprivazione era nel 2021 (ultimo anno disponibile) pari al 3,2%, per un totale sulla popolazione residente di oltre <strong>17mila individui<\/strong>. Tra queste ci sono anche parte delle persone che con ogni probabilit\u00e0 fanno riferimento ai servizi di Caritas sul territorio.<\/p>\n<p>Nel corso del 2022 la rete Caritas ha erogato complessivamente un <strong>contributo economico di 850 mila euro<\/strong>. Il contribuito \u00e8 frutto della solidariet\u00e0 di singoli ed Enti pubblici a sostegno dei gruppi Caritas.<\/p>\n<p>Significativa anche l\u2019attivit\u00e0 del Fondo diocesano \u201c<strong>InFondo Speranza<\/strong>\u201d istituito poco dopo lo scoppio della pandemia a sostegno in particolare di disoccupati, lavoratori precari e autonomi: nel corso del <strong>2022 ha erogato contributi per poco meno di 100 mila euro verso 73 nuclei familiari <\/strong>principalmente per pagamento di affitti, spese condominiali, utenze.<\/p>\n<h5><strong>Le strutture di accoglienza <\/strong><\/h5>\n<p>Nelle <strong>strutture di accoglienza<\/strong> aperte tutto l\u2019anno (in particolare <strong>Bonomelli<\/strong> a Trento e <strong>Il Portico<\/strong> a Rovereto) nel 2022 sono state <strong>529<\/strong> <strong>le persone accolte<\/strong>.<\/p>\n<p>Per quanto riguarda l\u2019inverno entrante, Fondazione Caritas Diocesana gestir\u00e0 <strong>112 posti letto<\/strong>, cos\u00ec distribuiti:<\/p>\n<p>&#8211; a <strong>Trento<\/strong>: <strong>50 posti<\/strong> alla <strong>Bonomelli<\/strong>, <strong>24<\/strong> <strong>posti<\/strong> al <strong>Lavisotto<\/strong><\/p>\n<p>&#8211; a <strong>Rovereto:<\/strong> <strong>38<\/strong> posti letto della casa di accoglienza <strong>Il Portico<\/strong> dove, grazie all\u2019interessamento della Diocesi e al coinvolgimento di nuovi volontari, viene garantita alla sera, anche alle persone non ospitate nella struttura, la <strong>distribuzione di un pasto<\/strong> confezionato.<\/p>\n<p>Ulteriori <strong>20 posti<\/strong> per l\u2019emergenza freddo sono disponibili a Trento in <strong>Casa Sant\u2019Angela <\/strong>in via Rosmini, da attivare in accordo con la Provincia Autonoma, per un totale quindi di <strong>132 posti letto gestiti<\/strong> da FCD.<\/p>\n<p>Alla gestione diocesana \u00e8 affidata da inizio settembre anche la <strong>Mensa della Provvidenza<\/strong> di Trento, nel convento che ospitava i frati Cappuccini.<\/p>\n<h5><strong>Accoglienza straordinaria profughi provenienti dall\u2019Ucraina <\/strong><\/h5>\n<p>Prosegue da parte di Arcidiocesi di Trento, in collaborazione con il Cinformi (PAT) e il coinvolgimento delle comunit\u00e0 sul territorio l\u2019<strong>accoglienza diffusa delle persone profughe dall\u2019Ucraina<\/strong>. Delle 152 persone inizialmente accolte dalle comunit\u00e0 parrocchiali sono rimasti attualmente 65 profughi in 17 alloggi. Nel corso del 2023 molte famiglie sono rientrate in patria. In conferenza stampa hanno portato la loro toccante testimonianza <strong>Tetiana Stretslova<\/strong>, ucraina ospitata nella canonica di Molveno e <strong>Rossella Del Franco<\/strong>, una volontaria che la segue nel suo percorso di integrazione.<\/p>\n<h5><strong>Don Lauro: \u201cDa 40 anni parliamo di migranti\u201d. Alla politica: \u201cServe umilt\u00e0\u201d \u00a0<\/strong><\/h5>\n<p>Una riflessione l\u2019<strong>arcivescovo<\/strong> <strong>Lauro<\/strong> la riserva ai migranti. \u201cSono 40 anni che viviamo il fenomeno migrazione e siamo qui ancora a rispondere a questo come fosse un problema di ordine pubblico. Non siamo riusciti a creare un sistema di accoglienza, lo trattiamo sempre come un\u2019emergenza improvvisa\u201d.<\/p>\n<p>Infine, un messaggio l\u2019Arcivescovo lo riserva <strong>agli amministratori e alla politica<\/strong>: \u201cServe grande umilt\u00e0, ricordando che i problemi sono profondi, non si risolvono con gli spot, richiedono fatica, condivisione e non polarizzazioni e semplificazioni. Ma questo lo chiedo primariamente alla Chiesa: o riconosciamo che includere e avere le persone come focus principale \u00e8 il migliore investimento o andremo a sbattere. Il futuro del Trentino non dipender\u00e0 dalla risorsa economica ma se sapremo rimettere in gioco le persone e la creativit\u00e0, se sapremo fare di nuovo rete e comunit\u00e0.\u00a0 La grande risorsa sono i giovani: chiedo anche ai nostri gruppi Caritas di fare spazio ai giovani. Quando abbiamo lanciato l\u2018appello per la Mensa della Provvidenza i primi a rispondere sono stati i giovani, dalle Giudicarie alla Val di Non. Loro, i giovani, poveri dei poveri, chiedono solo di mettersi in gioco\u201d.<\/p>\n<p>Da <strong>don Mauro Leonardelli<\/strong> il grazie a quanti \u201csi sono e si stanno prodigando per aiutare le persone. Una fetta importante del welfare \u00e8 basata sul volontariato anonimo. Anche questa \u00e8 bellezza\u201d.<\/p>\n<h5><strong>Giornata dei Poveri, in cammino nelle Giudicarie comunit\u00e0 che si prendono cura<\/strong><\/h5>\n<p>La <strong>Giornata Mondiale dei Poveri<\/strong> sul tema \u201cNon distogliere lo sguardo dal povero\u201d sar\u00e0 anticipata anche quest\u2019anno in Diocesi di Trento da un\u2019<strong>importante anteprima sabato 18 novembre<\/strong> <strong>nelle <a href=\"https:\/\/www.diocesitn.it\/site\/giornata-dei-poveri-sabato-18-novembre-in-cammino-nelle-valli-giudicarie-per-una-comunita-che-si-prende-cura-messa-e-incontro-con-vescovo-lauro-e-franco-floris\/\">Valli Giudicarie<\/a><\/strong>, per sensibilizzare la comunit\u00e0 sull\u2019importanza di prendersi a cuore le fragilit\u00e0.<\/p>\n<p>A partire dalle 13.30 di sabato, tre gruppi diversi si metteranno in cammino in contemporanea rispettivamente a <strong>Tione<\/strong> (piazza Sivr\u00e8), nelle <strong>Giudicarie Esteriori<\/strong> (con ritrovo al chiostro del convento francescano di <strong>Campo Lomaso<\/strong>), in <strong>Valle del Chiese<\/strong> (con ritrovo in piazza della chiesa a Pieve di Bono e alla Ca\u2019 Rossa di Storo).<\/p>\n<p>L\u2019iniziativa dal titolo \u201c<strong>Comunit\u00e0, abbi cura di te!<\/strong>\u201d nasce dalla collaborazione tra l\u2019<strong>Arcidiocesi di Trento<\/strong> e la <strong>Comunit\u00e0 di Valle<\/strong> con il coinvolgimento di <strong>una ventina di associazioni<\/strong> delle Giudicarie che si occupano di volontariato sociale (coordinati da <strong>Volontari in Rete<\/strong>) e che accanto ai gruppi Caritas parrocchiali hanno raccolto in questi mesi bisogni e necessit\u00e0 del territorio.<\/p>\n<p>Al termine delle camminate (verso le 16.30) i partecipanti confluiranno tutti verso <strong>Tione<\/strong> dove alle <strong>18<\/strong> vi sar\u00e0 la <strong>S. Messa presieduta dall\u2019arcivescovo Lauro<\/strong>, seguita dalla condivisione di una \u201ccena povera\u201d. Alle <strong>20.30<\/strong> seguir\u00e0, all\u2019auditorium don Guetti di Tione, un <strong>incontro-dibattito<\/strong> con l\u2019intervento di <strong>monsignor Tisi<\/strong> e di <strong>Franco Floris<\/strong>, direttore di \u201cAnimazione sociale\u201d.<\/p>\n<p>Foto Ufficio Stampa diocesano<\/p>\n\n\n\t\t<style type='text\/css'>\n\n\t\t\t\/* PhotoSwipe Plugin *\/\n\t\t\t.psgal {\n\t\t\t\tmargin: auto;\n\t\t\t\tpadding-bottom:40px;\n\n\t\t\t\t-webkit-transition: all 0.4s ease;\n\t\t\t\t-moz-transition: all 0.4s ease;\n\t\t\t\t-o-transition: all 0.4s ease;\n\t\t\t\ttransition: all 0.4s ease;\n\t\t\t}\n\n\t\t\t.psgal figure {\n\t\t\t\tfloat: left;\n\t\t\t\ttext-align: center;\n    \t\t\twidth: 200px;\n                max-width: 50%;\n\t\t\t\tpadding:5px;\n\t\t\t\tmargin: 0px;\n\t\t\t\tbox-sizing:border-box;\n\t\t\t}\n\t\t\t.psgal a{\n\t\t\t\tdisplay:block;\n\t\t\t}\n\t\t\t.psgal figure figcaption{\n\t\t\t\tfont-size:13px;\n\t\t\t}\n\n\t\t\t.msnry{\n\t\t\t\tmargin:auto;\n\t\t\t}\n\t\t\t.pswp__caption__center{\n\t\t\t\ttext-align: center;\n\t\t\t}\n\t\t\t\n\n\t\t\t.photoswipe-gallery-caption{\n\t\t\t\tdisplay:none;\n\t\t\t}\n\n\t\t\t\n\t\t<\/style> <div style=\"clear:both\"><\/div>\n\n\t\t<div id=\"psgal_14015_1\" class=\"ps-gallery psgal gallery-columns-3 gallery-size-thumbnail\" itemscope itemtype=\"http:\/\/schema.org\/ImageGallery\" >\n\t\t\t\t<figure class=\"msnry_item\" itemscope itemtype=\"http:\/\/schema.org\/ImageObject\">\n\t\t\t\t\t<a href=\"https:\/\/www.diocesitn.it\/area-testimonianza\/wp-content\/uploads\/sites\/37\/2023\/11\/Rapporto_Caritas_23_1_web.jpg\"\n\t\t\t\t\titemprop=\"contentUrl\"\n\t\t\t\t\tdata-pswp-width=\"800\" \n\t\t\t\t    data-pswp-height=\"551\" \n\t\t\t\t    data-cropped=\"true\"\n\t\t\t\t\tdata-caption=\"\"\n\t\t\t\t\tclass=\"post-thumbnail-image-link container-fixed-aspect-ratio__16-9\">\n\t\t\t\t        <img src=https:\/\/www.diocesitn.it\/area-testimonianza\/wp-content\/uploads\/sites\/37\/2023\/11\/Rapporto_Caritas_23_1_web-300x207.jpg itemprop=\"thumbnail\" alt=\"\"  \/>\n\t\t\t\t    <\/a>\n\t\t\t\t    <figcaption class=\"photoswipe-gallery-caption\" ><\/figcaption>\n\t\t\t    <\/figure>\n\t\t\t\t\n\t\t\t\t<figure class=\"msnry_item\" itemscope itemtype=\"http:\/\/schema.org\/ImageObject\">\n\t\t\t\t\t<a href=\"https:\/\/www.diocesitn.it\/area-testimonianza\/wp-content\/uploads\/sites\/37\/2023\/11\/Rapporto_Caritas_23_2_web.jpg\"\n\t\t\t\t\titemprop=\"contentUrl\"\n\t\t\t\t\tdata-pswp-width=\"800\" \n\t\t\t\t    data-pswp-height=\"600\" \n\t\t\t\t    data-cropped=\"true\"\n\t\t\t\t\tdata-caption=\"\"\n\t\t\t\t\tclass=\"post-thumbnail-image-link container-fixed-aspect-ratio__16-9\">\n\t\t\t\t        <img src=https:\/\/www.diocesitn.it\/area-testimonianza\/wp-content\/uploads\/sites\/37\/2023\/11\/Rapporto_Caritas_23_2_web-300x225.jpg itemprop=\"thumbnail\" alt=\"\"  \/>\n\t\t\t\t    <\/a>\n\t\t\t\t    <figcaption class=\"photoswipe-gallery-caption\" ><\/figcaption>\n\t\t\t    <\/figure>\n\t\t\t\t\n\t\t\t\t<figure class=\"msnry_item\" itemscope itemtype=\"http:\/\/schema.org\/ImageObject\">\n\t\t\t\t\t<a href=\"https:\/\/www.diocesitn.it\/area-testimonianza\/wp-content\/uploads\/sites\/37\/2023\/11\/Rapporto_Caritas_23_3_web.jpg\"\n\t\t\t\t\titemprop=\"contentUrl\"\n\t\t\t\t\tdata-pswp-width=\"800\" \n\t\t\t\t    data-pswp-height=\"564\" \n\t\t\t\t    data-cropped=\"true\"\n\t\t\t\t\tdata-caption=\"\"\n\t\t\t\t\tclass=\"post-thumbnail-image-link container-fixed-aspect-ratio__16-9\">\n\t\t\t\t        <img src=https:\/\/www.diocesitn.it\/area-testimonianza\/wp-content\/uploads\/sites\/37\/2023\/11\/Rapporto_Caritas_23_3_web-300x211.jpg itemprop=\"thumbnail\" alt=\"\"  \/>\n\t\t\t\t    <\/a>\n\t\t\t\t    <figcaption class=\"photoswipe-gallery-caption\" ><\/figcaption>\n\t\t\t    <\/figure>\n\t\t\t\t<\/div>\n\t\t<div style='clear:both'><\/div>\n\t\n<p>&nbsp;<\/p>\n","protected":false},"excerpt":{"rendered":"<p>Nel corso dell\u2019anno 2022 sono state 3.015 le persone in stato di bisogno incontrate dalla Chiesa di Trento attraverso il servizio dei Centri di ascolto Caritas presenti sul territorio diocesano, con oltre 850 volontari, e<\/p>\n","protected":false},"author":168,"featured_media":14019,"comment_status":"closed","ping_status":"closed","sticky":false,"template":"","format":"standard","meta":{"footnotes":""},"categories":[1059,1074],"tags":[2158,2136,2159],"class_list":["post-14015","post","type-post","status-publish","format-standard","has-post-thumbnail","hentry","category-servizio-caritas","category-notizie","tag-caritas-diocesana-trento","tag-fondazione-caritas-diocesana","tag-rapporto-poverta-2022"],"acf":{"seed-localization-paese-cod":"IT","seed-localization-address":"","seed-localization-citta":"Trento","seed-localization-regione-cod-istat":"04","seed-localization-citta-cod-istat":"022205","seed-localization-localita":"","seed-localization-cap":"","seed-localization-marker-visibility":false,"seed-localization-children-visibility":false,"seed-localization-kml":"","seed-localization-custom-marker":""},"yoast_head":"<!-- This site is optimized with the Yoast SEO Premium plugin v20.2.1 (Yoast SEO v22.2) - https:\/\/yoast.com\/wordpress\/plugins\/seo\/ -->\n<title>La Chiesa trentina in aiuto di oltre tremila poveri nel 2022. Presentato il Rapporto Caritas. Vescovo Lauro: \u201cI dati ci devono inquietare: sono solo l\u2019iceberg di un&#039;enorme povert\u00e0 sommersa&quot;. Alla politica: &quot;Il futuro del Trentino non \u00e8 nell\u2019economia ma nel tornare ad essere comunit\u00e0\u201d \u00a0\u00a0 - Testimonianza e Impegno sociale<\/title>\n<meta name=\"robots\" content=\"index, follow, max-snippet:-1, max-image-preview:large, max-video-preview:-1\" \/>\n<link rel=\"canonical\" href=\"https:\/\/www.diocesitn.it\/area-testimonianza\/2023\/11\/17\/la-chiesa-trentina-in-aiuto-di-oltre-tremila-poveri-nel-2022-presentato-il-rapporto-caritas-vescovo-lauro-i-dati-ci-devono-inquietare-sono-solo-liceberg-di-unenorme-poverta-som\/\" \/>\n<meta property=\"og:locale\" content=\"it_IT\" \/>\n<meta property=\"og:type\" content=\"article\" \/>\n<meta property=\"og:title\" content=\"La Chiesa trentina in aiuto di oltre tremila poveri nel 2022. Presentato il Rapporto Caritas. Vescovo Lauro: \u201cI dati ci devono inquietare: sono solo l\u2019iceberg di un&#039;enorme povert\u00e0 sommersa&quot;. Alla politica: &quot;Il futuro del Trentino non \u00e8 nell\u2019economia ma nel tornare ad essere comunit\u00e0\u201d \u00a0\u00a0\" \/>\n<meta property=\"og:description\" content=\"Nel corso dell\u2019anno 2022 sono state 3.015 le persone in stato di bisogno incontrate dalla Chiesa di Trento attraverso il servizio dei Centri di ascolto Caritas presenti sul territorio diocesano, con oltre 850 volontari, e\" \/>\n<meta property=\"og:url\" content=\"https:\/\/www.diocesitn.it\/area-testimonianza\/2023\/11\/17\/la-chiesa-trentina-in-aiuto-di-oltre-tremila-poveri-nel-2022-presentato-il-rapporto-caritas-vescovo-lauro-i-dati-ci-devono-inquietare-sono-solo-liceberg-di-unenorme-poverta-som\/\" \/>\n<meta property=\"og:site_name\" content=\"Testimonianza e Impegno sociale\" \/>\n<meta property=\"article:published_time\" content=\"2023-11-17T13:44:13+00:00\" \/>\n<meta property=\"article:modified_time\" content=\"2024-11-14T10:25:16+00:00\" \/>\n<meta property=\"og:image\" content=\"https:\/\/www.diocesitn.it\/area-testimonianza\/wp-content\/uploads\/sites\/37\/2023\/11\/Rapporto_Caritas_23_1_web.jpg\" \/>\n\t<meta property=\"og:image:width\" content=\"900\" \/>\n\t<meta property=\"og:image:height\" content=\"620\" \/>\n\t<meta property=\"og:image:type\" content=\"image\/jpeg\" \/>\n<meta name=\"author\" content=\"losspapot\" \/>\n<meta name=\"twitter:card\" content=\"summary_large_image\" \/>\n<meta name=\"twitter:label1\" content=\"Scritto da\" \/>\n\t<meta name=\"twitter:data1\" content=\"losspapot\" \/>\n\t<meta name=\"twitter:label2\" content=\"Tempo di lettura stimato\" \/>\n\t<meta name=\"twitter:data2\" content=\"8 minuti\" \/>\n<script type=\"application\/ld+json\" class=\"yoast-schema-graph\">{\"@context\":\"https:\/\/schema.org\",\"@graph\":[{\"@type\":\"Article\",\"@id\":\"https:\/\/www.diocesitn.it\/area-testimonianza\/2023\/11\/17\/la-chiesa-trentina-in-aiuto-di-oltre-tremila-poveri-nel-2022-presentato-il-rapporto-caritas-vescovo-lauro-i-dati-ci-devono-inquietare-sono-solo-liceberg-di-unenorme-poverta-som\/#article\",\"isPartOf\":{\"@id\":\"https:\/\/www.diocesitn.it\/area-testimonianza\/2023\/11\/17\/la-chiesa-trentina-in-aiuto-di-oltre-tremila-poveri-nel-2022-presentato-il-rapporto-caritas-vescovo-lauro-i-dati-ci-devono-inquietare-sono-solo-liceberg-di-unenorme-poverta-som\/\"},\"author\":{\"name\":\"losspapot\",\"@id\":\"https:\/\/www.diocesitn.it\/area-testimonianza\/#\/schema\/person\/3526ceacb35e1aa4c86252e45adfad22\"},\"headline\":\"La Chiesa trentina in aiuto di oltre tremila poveri nel 2022. Presentato il Rapporto Caritas. Vescovo Lauro: \u201cI dati ci devono inquietare: sono solo l\u2019iceberg di un&#8217;enorme povert\u00e0 sommersa&#8221;. Alla politica: &#8220;Il futuro del Trentino non \u00e8 nell\u2019economia ma nel tornare ad essere comunit\u00e0\u201d \u00a0\u00a0\",\"datePublished\":\"2023-11-17T13:44:13+00:00\",\"dateModified\":\"2024-11-14T10:25:16+00:00\",\"mainEntityOfPage\":{\"@id\":\"https:\/\/www.diocesitn.it\/area-testimonianza\/2023\/11\/17\/la-chiesa-trentina-in-aiuto-di-oltre-tremila-poveri-nel-2022-presentato-il-rapporto-caritas-vescovo-lauro-i-dati-ci-devono-inquietare-sono-solo-liceberg-di-unenorme-poverta-som\/\"},\"wordCount\":1351,\"publisher\":{\"@id\":\"https:\/\/www.diocesitn.it\/area-testimonianza\/#organization\"},\"image\":{\"@id\":\"https:\/\/www.diocesitn.it\/area-testimonianza\/2023\/11\/17\/la-chiesa-trentina-in-aiuto-di-oltre-tremila-poveri-nel-2022-presentato-il-rapporto-caritas-vescovo-lauro-i-dati-ci-devono-inquietare-sono-solo-liceberg-di-unenorme-poverta-som\/#primaryimage\"},\"thumbnailUrl\":\"https:\/\/www.diocesitn.it\/area-testimonianza\/wp-content\/uploads\/sites\/37\/2023\/11\/Rapporto_Caritas_23_1_web.jpg\",\"keywords\":[\"caritas diocesana trento\",\"fondazione caritas diocesana\",\"rapporto povert\u00e0 2022\"],\"articleSection\":[\"Caritas diocesana\",\"Notizie\"],\"inLanguage\":\"it-IT\",\"copyrightYear\":\"2023\",\"copyrightHolder\":{\"@id\":\"https:\/\/www.diocesitn.it\/#organization\"}},{\"@type\":\"WebPage\",\"@id\":\"https:\/\/www.diocesitn.it\/area-testimonianza\/2023\/11\/17\/la-chiesa-trentina-in-aiuto-di-oltre-tremila-poveri-nel-2022-presentato-il-rapporto-caritas-vescovo-lauro-i-dati-ci-devono-inquietare-sono-solo-liceberg-di-unenorme-poverta-som\/\",\"url\":\"https:\/\/www.diocesitn.it\/area-testimonianza\/2023\/11\/17\/la-chiesa-trentina-in-aiuto-di-oltre-tremila-poveri-nel-2022-presentato-il-rapporto-caritas-vescovo-lauro-i-dati-ci-devono-inquietare-sono-solo-liceberg-di-unenorme-poverta-som\/\",\"name\":\"La Chiesa trentina in aiuto di oltre tremila poveri nel 2022. Presentato il Rapporto Caritas. Vescovo Lauro: \u201cI dati ci devono inquietare: sono solo l\u2019iceberg di un'enorme povert\u00e0 sommersa\\\". Alla politica: \\\"Il futuro del Trentino non \u00e8 nell\u2019economia ma nel tornare ad essere comunit\u00e0\u201d \u00a0\u00a0 - Testimonianza e Impegno sociale\",\"isPartOf\":{\"@id\":\"https:\/\/www.diocesitn.it\/area-testimonianza\/#website\"},\"primaryImageOfPage\":{\"@id\":\"https:\/\/www.diocesitn.it\/area-testimonianza\/2023\/11\/17\/la-chiesa-trentina-in-aiuto-di-oltre-tremila-poveri-nel-2022-presentato-il-rapporto-caritas-vescovo-lauro-i-dati-ci-devono-inquietare-sono-solo-liceberg-di-unenorme-poverta-som\/#primaryimage\"},\"image\":{\"@id\":\"https:\/\/www.diocesitn.it\/area-testimonianza\/2023\/11\/17\/la-chiesa-trentina-in-aiuto-di-oltre-tremila-poveri-nel-2022-presentato-il-rapporto-caritas-vescovo-lauro-i-dati-ci-devono-inquietare-sono-solo-liceberg-di-unenorme-poverta-som\/#primaryimage\"},\"thumbnailUrl\":\"https:\/\/www.diocesitn.it\/area-testimonianza\/wp-content\/uploads\/sites\/37\/2023\/11\/Rapporto_Caritas_23_1_web.jpg\",\"datePublished\":\"2023-11-17T13:44:13+00:00\",\"dateModified\":\"2024-11-14T10:25:16+00:00\",\"breadcrumb\":{\"@id\":\"https:\/\/www.diocesitn.it\/area-testimonianza\/2023\/11\/17\/la-chiesa-trentina-in-aiuto-di-oltre-tremila-poveri-nel-2022-presentato-il-rapporto-caritas-vescovo-lauro-i-dati-ci-devono-inquietare-sono-solo-liceberg-di-unenorme-poverta-som\/#breadcrumb\"},\"inLanguage\":\"it-IT\",\"potentialAction\":[{\"@type\":\"ReadAction\",\"target\":[\"https:\/\/www.diocesitn.it\/area-testimonianza\/2023\/11\/17\/la-chiesa-trentina-in-aiuto-di-oltre-tremila-poveri-nel-2022-presentato-il-rapporto-caritas-vescovo-lauro-i-dati-ci-devono-inquietare-sono-solo-liceberg-di-unenorme-poverta-som\/\"]}]},{\"@type\":\"ImageObject\",\"inLanguage\":\"it-IT\",\"@id\":\"https:\/\/www.diocesitn.it\/area-testimonianza\/2023\/11\/17\/la-chiesa-trentina-in-aiuto-di-oltre-tremila-poveri-nel-2022-presentato-il-rapporto-caritas-vescovo-lauro-i-dati-ci-devono-inquietare-sono-solo-liceberg-di-unenorme-poverta-som\/#primaryimage\",\"url\":\"https:\/\/www.diocesitn.it\/area-testimonianza\/wp-content\/uploads\/sites\/37\/2023\/11\/Rapporto_Caritas_23_1_web.jpg\",\"contentUrl\":\"https:\/\/www.diocesitn.it\/area-testimonianza\/wp-content\/uploads\/sites\/37\/2023\/11\/Rapporto_Caritas_23_1_web.jpg\",\"width\":900,\"height\":620},{\"@type\":\"BreadcrumbList\",\"@id\":\"https:\/\/www.diocesitn.it\/area-testimonianza\/2023\/11\/17\/la-chiesa-trentina-in-aiuto-di-oltre-tremila-poveri-nel-2022-presentato-il-rapporto-caritas-vescovo-lauro-i-dati-ci-devono-inquietare-sono-solo-liceberg-di-unenorme-poverta-som\/#breadcrumb\",\"itemListElement\":[{\"@type\":\"ListItem\",\"position\":1,\"name\":\"Home\",\"item\":\"https:\/\/www.diocesitn.it\/area-testimonianza\/\"},{\"@type\":\"ListItem\",\"position\":2,\"name\":\"La Chiesa trentina in aiuto di oltre tremila poveri nel 2022. Presentato il Rapporto Caritas. Vescovo Lauro: \u201cI dati ci devono inquietare: sono solo l\u2019iceberg di un&#8217;enorme povert\u00e0 sommersa&#8221;. Alla politica: &#8220;Il futuro del Trentino non \u00e8 nell\u2019economia ma nel tornare ad essere comunit\u00e0\u201d \u00a0\u00a0\"}]},{\"@type\":\"WebSite\",\"@id\":\"https:\/\/www.diocesitn.it\/area-testimonianza\/#website\",\"url\":\"https:\/\/www.diocesitn.it\/area-testimonianza\/\",\"name\":\"Testimonianza e Impegno sociale\",\"description\":\"Chiesa di Trento\",\"publisher\":{\"@id\":\"https:\/\/www.diocesitn.it\/area-testimonianza\/#organization\"},\"potentialAction\":[{\"@type\":\"SearchAction\",\"target\":{\"@type\":\"EntryPoint\",\"urlTemplate\":\"https:\/\/www.diocesitn.it\/area-testimonianza\/?s={search_term_string}\"},\"query-input\":\"required name=search_term_string\"}],\"inLanguage\":\"it-IT\"},{\"@type\":[\"Organization\",\"Place\"],\"@id\":\"https:\/\/www.diocesitn.it\/area-testimonianza\/#organization\",\"name\":\"Area Testimonianza e Impegno Sociale - Chiesa di Trento\",\"url\":\"https:\/\/www.diocesitn.it\/area-testimonianza\/\",\"logo\":{\"@id\":\"https:\/\/www.diocesitn.it\/area-testimonianza\/2023\/11\/17\/la-chiesa-trentina-in-aiuto-di-oltre-tremila-poveri-nel-2022-presentato-il-rapporto-caritas-vescovo-lauro-i-dati-ci-devono-inquietare-sono-solo-liceberg-di-unenorme-poverta-som\/#local-main-organization-logo\"},\"image\":{\"@id\":\"https:\/\/www.diocesitn.it\/area-testimonianza\/2023\/11\/17\/la-chiesa-trentina-in-aiuto-di-oltre-tremila-poveri-nel-2022-presentato-il-rapporto-caritas-vescovo-lauro-i-dati-ci-devono-inquietare-sono-solo-liceberg-di-unenorme-poverta-som\/#local-main-organization-logo\"},\"openingHoursSpecification\":[{\"@type\":\"OpeningHoursSpecification\",\"dayOfWeek\":[\"Monday\",\"Tuesday\",\"Wednesday\",\"Thursday\",\"Friday\",\"Saturday\",\"Sunday\"],\"opens\":\"09:00\",\"closes\":\"17:00\"}]},{\"@type\":\"ImageObject\",\"inLanguage\":\"it-IT\",\"@id\":\"https:\/\/www.diocesitn.it\/area-testimonianza\/2023\/11\/17\/la-chiesa-trentina-in-aiuto-di-oltre-tremila-poveri-nel-2022-presentato-il-rapporto-caritas-vescovo-lauro-i-dati-ci-devono-inquietare-sono-solo-liceberg-di-unenorme-poverta-som\/#local-main-organization-logo\",\"url\":\"https:\/\/www.diocesitn.it\/area-testimonianza\/wp-content\/uploads\/sites\/37\/2021\/09\/og-logo-testimonianza-e-impegno-sociale.jpg\",\"contentUrl\":\"https:\/\/www.diocesitn.it\/area-testimonianza\/wp-content\/uploads\/sites\/37\/2021\/09\/og-logo-testimonianza-e-impegno-sociale.jpg\",\"width\":1200,\"height\":630,\"caption\":\"Area Testimonianza e Impegno Sociale - Chiesa di Trento\"}]}<\/script>\n<!-- \/ Yoast SEO Premium plugin. -->","yoast_head_json":{"title":"La Chiesa trentina in aiuto di oltre tremila poveri nel 2022. Presentato il Rapporto Caritas. Vescovo Lauro: \u201cI dati ci devono inquietare: sono solo l\u2019iceberg di un'enorme povert\u00e0 sommersa\". Alla politica: \"Il futuro del Trentino non \u00e8 nell\u2019economia ma nel tornare ad essere comunit\u00e0\u201d \u00a0\u00a0 - Testimonianza e Impegno sociale","robots":{"index":"index","follow":"follow","max-snippet":"max-snippet:-1","max-image-preview":"max-image-preview:large","max-video-preview":"max-video-preview:-1"},"canonical":"https:\/\/www.diocesitn.it\/area-testimonianza\/2023\/11\/17\/la-chiesa-trentina-in-aiuto-di-oltre-tremila-poveri-nel-2022-presentato-il-rapporto-caritas-vescovo-lauro-i-dati-ci-devono-inquietare-sono-solo-liceberg-di-unenorme-poverta-som\/","og_locale":"it_IT","og_type":"article","og_title":"La Chiesa trentina in aiuto di oltre tremila poveri nel 2022. Presentato il Rapporto Caritas. Vescovo Lauro: \u201cI dati ci devono inquietare: sono solo l\u2019iceberg di un'enorme povert\u00e0 sommersa\". Alla politica: \"Il futuro del Trentino non \u00e8 nell\u2019economia ma nel tornare ad essere comunit\u00e0\u201d \u00a0\u00a0","og_description":"Nel corso dell\u2019anno 2022 sono state 3.015 le persone in stato di bisogno incontrate dalla Chiesa di Trento attraverso il servizio dei Centri di ascolto Caritas presenti sul territorio diocesano, con oltre 850 volontari, e","og_url":"https:\/\/www.diocesitn.it\/area-testimonianza\/2023\/11\/17\/la-chiesa-trentina-in-aiuto-di-oltre-tremila-poveri-nel-2022-presentato-il-rapporto-caritas-vescovo-lauro-i-dati-ci-devono-inquietare-sono-solo-liceberg-di-unenorme-poverta-som\/","og_site_name":"Testimonianza e Impegno sociale","article_published_time":"2023-11-17T13:44:13+00:00","article_modified_time":"2024-11-14T10:25:16+00:00","og_image":[{"width":900,"height":620,"url":"https:\/\/www.diocesitn.it\/area-testimonianza\/wp-content\/uploads\/sites\/37\/2023\/11\/Rapporto_Caritas_23_1_web.jpg","type":"image\/jpeg"}],"author":"losspapot","twitter_card":"summary_large_image","twitter_misc":{"Scritto da":"losspapot","Tempo di lettura stimato":"8 minuti"},"schema":{"@context":"https:\/\/schema.org","@graph":[{"@type":"Article","@id":"https:\/\/www.diocesitn.it\/area-testimonianza\/2023\/11\/17\/la-chiesa-trentina-in-aiuto-di-oltre-tremila-poveri-nel-2022-presentato-il-rapporto-caritas-vescovo-lauro-i-dati-ci-devono-inquietare-sono-solo-liceberg-di-unenorme-poverta-som\/#article","isPartOf":{"@id":"https:\/\/www.diocesitn.it\/area-testimonianza\/2023\/11\/17\/la-chiesa-trentina-in-aiuto-di-oltre-tremila-poveri-nel-2022-presentato-il-rapporto-caritas-vescovo-lauro-i-dati-ci-devono-inquietare-sono-solo-liceberg-di-unenorme-poverta-som\/"},"author":{"name":"losspapot","@id":"https:\/\/www.diocesitn.it\/area-testimonianza\/#\/schema\/person\/3526ceacb35e1aa4c86252e45adfad22"},"headline":"La Chiesa trentina in aiuto di oltre tremila poveri nel 2022. Presentato il Rapporto Caritas. Vescovo Lauro: \u201cI dati ci devono inquietare: sono solo l\u2019iceberg di un&#8217;enorme povert\u00e0 sommersa&#8221;. Alla politica: &#8220;Il futuro del Trentino non \u00e8 nell\u2019economia ma nel tornare ad essere comunit\u00e0\u201d \u00a0\u00a0","datePublished":"2023-11-17T13:44:13+00:00","dateModified":"2024-11-14T10:25:16+00:00","mainEntityOfPage":{"@id":"https:\/\/www.diocesitn.it\/area-testimonianza\/2023\/11\/17\/la-chiesa-trentina-in-aiuto-di-oltre-tremila-poveri-nel-2022-presentato-il-rapporto-caritas-vescovo-lauro-i-dati-ci-devono-inquietare-sono-solo-liceberg-di-unenorme-poverta-som\/"},"wordCount":1351,"publisher":{"@id":"https:\/\/www.diocesitn.it\/area-testimonianza\/#organization"},"image":{"@id":"https:\/\/www.diocesitn.it\/area-testimonianza\/2023\/11\/17\/la-chiesa-trentina-in-aiuto-di-oltre-tremila-poveri-nel-2022-presentato-il-rapporto-caritas-vescovo-lauro-i-dati-ci-devono-inquietare-sono-solo-liceberg-di-unenorme-poverta-som\/#primaryimage"},"thumbnailUrl":"https:\/\/www.diocesitn.it\/area-testimonianza\/wp-content\/uploads\/sites\/37\/2023\/11\/Rapporto_Caritas_23_1_web.jpg","keywords":["caritas diocesana trento","fondazione caritas diocesana","rapporto povert\u00e0 2022"],"articleSection":["Caritas diocesana","Notizie"],"inLanguage":"it-IT","copyrightYear":"2023","copyrightHolder":{"@id":"https:\/\/www.diocesitn.it\/#organization"}},{"@type":"WebPage","@id":"https:\/\/www.diocesitn.it\/area-testimonianza\/2023\/11\/17\/la-chiesa-trentina-in-aiuto-di-oltre-tremila-poveri-nel-2022-presentato-il-rapporto-caritas-vescovo-lauro-i-dati-ci-devono-inquietare-sono-solo-liceberg-di-unenorme-poverta-som\/","url":"https:\/\/www.diocesitn.it\/area-testimonianza\/2023\/11\/17\/la-chiesa-trentina-in-aiuto-di-oltre-tremila-poveri-nel-2022-presentato-il-rapporto-caritas-vescovo-lauro-i-dati-ci-devono-inquietare-sono-solo-liceberg-di-unenorme-poverta-som\/","name":"La Chiesa trentina in aiuto di oltre tremila poveri nel 2022. Presentato il Rapporto Caritas. Vescovo Lauro: \u201cI dati ci devono inquietare: sono solo l\u2019iceberg di un'enorme povert\u00e0 sommersa\". Alla politica: \"Il futuro del Trentino non \u00e8 nell\u2019economia ma nel tornare ad essere comunit\u00e0\u201d \u00a0\u00a0 - Testimonianza e Impegno sociale","isPartOf":{"@id":"https:\/\/www.diocesitn.it\/area-testimonianza\/#website"},"primaryImageOfPage":{"@id":"https:\/\/www.diocesitn.it\/area-testimonianza\/2023\/11\/17\/la-chiesa-trentina-in-aiuto-di-oltre-tremila-poveri-nel-2022-presentato-il-rapporto-caritas-vescovo-lauro-i-dati-ci-devono-inquietare-sono-solo-liceberg-di-unenorme-poverta-som\/#primaryimage"},"image":{"@id":"https:\/\/www.diocesitn.it\/area-testimonianza\/2023\/11\/17\/la-chiesa-trentina-in-aiuto-di-oltre-tremila-poveri-nel-2022-presentato-il-rapporto-caritas-vescovo-lauro-i-dati-ci-devono-inquietare-sono-solo-liceberg-di-unenorme-poverta-som\/#primaryimage"},"thumbnailUrl":"https:\/\/www.diocesitn.it\/area-testimonianza\/wp-content\/uploads\/sites\/37\/2023\/11\/Rapporto_Caritas_23_1_web.jpg","datePublished":"2023-11-17T13:44:13+00:00","dateModified":"2024-11-14T10:25:16+00:00","breadcrumb":{"@id":"https:\/\/www.diocesitn.it\/area-testimonianza\/2023\/11\/17\/la-chiesa-trentina-in-aiuto-di-oltre-tremila-poveri-nel-2022-presentato-il-rapporto-caritas-vescovo-lauro-i-dati-ci-devono-inquietare-sono-solo-liceberg-di-unenorme-poverta-som\/#breadcrumb"},"inLanguage":"it-IT","potentialAction":[{"@type":"ReadAction","target":["https:\/\/www.diocesitn.it\/area-testimonianza\/2023\/11\/17\/la-chiesa-trentina-in-aiuto-di-oltre-tremila-poveri-nel-2022-presentato-il-rapporto-caritas-vescovo-lauro-i-dati-ci-devono-inquietare-sono-solo-liceberg-di-unenorme-poverta-som\/"]}]},{"@type":"ImageObject","inLanguage":"it-IT","@id":"https:\/\/www.diocesitn.it\/area-testimonianza\/2023\/11\/17\/la-chiesa-trentina-in-aiuto-di-oltre-tremila-poveri-nel-2022-presentato-il-rapporto-caritas-vescovo-lauro-i-dati-ci-devono-inquietare-sono-solo-liceberg-di-unenorme-poverta-som\/#primaryimage","url":"https:\/\/www.diocesitn.it\/area-testimonianza\/wp-content\/uploads\/sites\/37\/2023\/11\/Rapporto_Caritas_23_1_web.jpg","contentUrl":"https:\/\/www.diocesitn.it\/area-testimonianza\/wp-content\/uploads\/sites\/37\/2023\/11\/Rapporto_Caritas_23_1_web.jpg","width":900,"height":620},{"@type":"BreadcrumbList","@id":"https:\/\/www.diocesitn.it\/area-testimonianza\/2023\/11\/17\/la-chiesa-trentina-in-aiuto-di-oltre-tremila-poveri-nel-2022-presentato-il-rapporto-caritas-vescovo-lauro-i-dati-ci-devono-inquietare-sono-solo-liceberg-di-unenorme-poverta-som\/#breadcrumb","itemListElement":[{"@type":"ListItem","position":1,"name":"Home","item":"https:\/\/www.diocesitn.it\/area-testimonianza\/"},{"@type":"ListItem","position":2,"name":"La Chiesa trentina in aiuto di oltre tremila poveri nel 2022. Presentato il Rapporto Caritas. Vescovo Lauro: \u201cI dati ci devono inquietare: sono solo l\u2019iceberg di un&#8217;enorme povert\u00e0 sommersa&#8221;. Alla politica: &#8220;Il futuro del Trentino non \u00e8 nell\u2019economia ma nel tornare ad essere comunit\u00e0\u201d \u00a0\u00a0"}]},{"@type":"WebSite","@id":"https:\/\/www.diocesitn.it\/area-testimonianza\/#website","url":"https:\/\/www.diocesitn.it\/area-testimonianza\/","name":"Testimonianza e Impegno sociale","description":"Chiesa di Trento","publisher":{"@id":"https:\/\/www.diocesitn.it\/area-testimonianza\/#organization"},"potentialAction":[{"@type":"SearchAction","target":{"@type":"EntryPoint","urlTemplate":"https:\/\/www.diocesitn.it\/area-testimonianza\/?s={search_term_string}"},"query-input":"required name=search_term_string"}],"inLanguage":"it-IT"},{"@type":["Organization","Place"],"@id":"https:\/\/www.diocesitn.it\/area-testimonianza\/#organization","name":"Area Testimonianza e Impegno Sociale - Chiesa di Trento","url":"https:\/\/www.diocesitn.it\/area-testimonianza\/","logo":{"@id":"https:\/\/www.diocesitn.it\/area-testimonianza\/2023\/11\/17\/la-chiesa-trentina-in-aiuto-di-oltre-tremila-poveri-nel-2022-presentato-il-rapporto-caritas-vescovo-lauro-i-dati-ci-devono-inquietare-sono-solo-liceberg-di-unenorme-poverta-som\/#local-main-organization-logo"},"image":{"@id":"https:\/\/www.diocesitn.it\/area-testimonianza\/2023\/11\/17\/la-chiesa-trentina-in-aiuto-di-oltre-tremila-poveri-nel-2022-presentato-il-rapporto-caritas-vescovo-lauro-i-dati-ci-devono-inquietare-sono-solo-liceberg-di-unenorme-poverta-som\/#local-main-organization-logo"},"openingHoursSpecification":[{"@type":"OpeningHoursSpecification","dayOfWeek":["Monday","Tuesday","Wednesday","Thursday","Friday","Saturday","Sunday"],"opens":"09:00","closes":"17:00"}]},{"@type":"ImageObject","inLanguage":"it-IT","@id":"https:\/\/www.diocesitn.it\/area-testimonianza\/2023\/11\/17\/la-chiesa-trentina-in-aiuto-di-oltre-tremila-poveri-nel-2022-presentato-il-rapporto-caritas-vescovo-lauro-i-dati-ci-devono-inquietare-sono-solo-liceberg-di-unenorme-poverta-som\/#local-main-organization-logo","url":"https:\/\/www.diocesitn.it\/area-testimonianza\/wp-content\/uploads\/sites\/37\/2021\/09\/og-logo-testimonianza-e-impegno-sociale.jpg","contentUrl":"https:\/\/www.diocesitn.it\/area-testimonianza\/wp-content\/uploads\/sites\/37\/2021\/09\/og-logo-testimonianza-e-impegno-sociale.jpg","width":1200,"height":630,"caption":"Area Testimonianza e Impegno Sociale - Chiesa di Trento"}]}},"_links":{"self":[{"href":"https:\/\/www.diocesitn.it\/area-testimonianza\/wp-json\/wp\/v2\/posts\/14015","targetHints":{"allow":["GET"]}}],"collection":[{"href":"https:\/\/www.diocesitn.it\/area-testimonianza\/wp-json\/wp\/v2\/posts"}],"about":[{"href":"https:\/\/www.diocesitn.it\/area-testimonianza\/wp-json\/wp\/v2\/types\/post"}],"author":[{"embeddable":true,"href":"https:\/\/www.diocesitn.it\/area-testimonianza\/wp-json\/wp\/v2\/users\/168"}],"replies":[{"embeddable":true,"href":"https:\/\/www.diocesitn.it\/area-testimonianza\/wp-json\/wp\/v2\/comments?post=14015"}],"version-history":[{"count":1,"href":"https:\/\/www.diocesitn.it\/area-testimonianza\/wp-json\/wp\/v2\/posts\/14015\/revisions"}],"predecessor-version":[{"id":14022,"href":"https:\/\/www.diocesitn.it\/area-testimonianza\/wp-json\/wp\/v2\/posts\/14015\/revisions\/14022"}],"wp:featuredmedia":[{"embeddable":true,"href":"https:\/\/www.diocesitn.it\/area-testimonianza\/wp-json\/wp\/v2\/media\/14019"}],"wp:attachment":[{"href":"https:\/\/www.diocesitn.it\/area-testimonianza\/wp-json\/wp\/v2\/media?parent=14015"}],"wp:term":[{"taxonomy":"category","embeddable":true,"href":"https:\/\/www.diocesitn.it\/area-testimonianza\/wp-json\/wp\/v2\/categories?post=14015"},{"taxonomy":"post_tag","embeddable":true,"href":"https:\/\/www.diocesitn.it\/area-testimonianza\/wp-json\/wp\/v2\/tags?post=14015"}],"curies":[{"name":"wp","href":"https:\/\/api.w.org\/{rel}","templated":true}]}}