{"id":13938,"date":"2023-11-10T13:42:28","date_gmt":"2023-11-10T12:42:28","guid":{"rendered":"https:\/\/www.diocesitn.it\/area-testimonianza\/2023\/11\/10\/riva-del-garda-domenica-si-inaugura-la-nuova-sede-del-centro-di-ascolto-caritas\/"},"modified":"2024-11-14T11:25:16","modified_gmt":"2024-11-14T10:25:16","slug":"riva-del-garda-domenica-si-inaugura-la-nuova-sede-del-centro-di-ascolto-caritas","status":"publish","type":"post","link":"https:\/\/www.diocesitn.it\/area-testimonianza\/2023\/11\/10\/riva-del-garda-domenica-si-inaugura-la-nuova-sede-del-centro-di-ascolto-caritas\/","title":{"rendered":"Riva del Garda, domenica si inaugura la nuova sede del Centro di Ascolto Caritas"},"content":{"rendered":"<p>Sar\u00e0 l&#8217;arcivescovo di Trento monsignor Lauro Tisi, domenica 12 novembre, a benedire la nuova sede del Cedas, il Centro di ascolto Caritas di Riva del Garda. La nuova sede \u00e8 stata ricavata ristrutturando l&#8217;ex sede della Caritas, da tempo utilizzata come magazzino, in quella che in passato era la cappella di Santa Croce.<\/p>\n<p>\u00abLa nostra Chiesa locale coltiva l&#8217;esperienza dell&#8217;ascolto della vita e delle storie delle persone &#8211; spiega il parroco, don Dario Silvello &#8211; insieme all&#8217;ascolto della parola di Dio. Per questo motivo abbiamo deciso di dedicare uno spazio, nuovo, al Centro di ascolto, un servizio promosso dalla Caritas parrocchiale con l&#8217;intento di offrire attenzione e una prima risposta ai bisogni del territorio, ma soprattutto \u00e8 il tempo e il luogo in cui le persone in difficolt\u00e0 possono sperimentare, attraverso l&#8217;accoglienza e l&#8217;ascolto, il volto fraterno della comunit\u00e0 cristiana. Uno strumento che ci permette di conoscere e di condividere i bisogni concreti della gente perch\u00e9, facendosene carico, la comunit\u00e0 stessa possa vivere l&#8217;impegno e la testimonianza della solidariet\u00e0\u00bb.<\/p>\n<p>La cerimonia di inaugurazione inizia alle 10.30 con la santa messa nella chiesa di Santa Maria Assunta, presieduta dall\u2019arcivescovo, presente il parroco. A seguire, l\u2019inaugurazione e la benedizione, oltre che della nuova sede Cedas, del nuovo Archivio parrocchiale unificato e del nuovo furgone della Caritas.\u00a0Per l&#8217;amministrazione comunale ci sar\u00e0 il vicesindaco e assessore alle politiche sociali Silvia Betta.<\/p>\n","protected":false},"excerpt":{"rendered":"<p>Sar\u00e0 l&#8217;arcivescovo di Trento monsignor Lauro Tisi, domenica 12 novembre, a benedire la nuova sede del Cedas, il Centro di ascolto Caritas di Riva del Garda. La nuova sede \u00e8 stata ricavata ristrutturando l&#8217;ex sede<\/p>\n","protected":false},"author":168,"featured_media":13939,"comment_status":"closed","ping_status":"closed","sticky":false,"template":"","format":"standard","meta":{"footnotes":""},"categories":[1695,1059,1074],"tags":[1092,2154],"class_list":["post-13938","post","type-post","status-publish","format-standard","has-post-thumbnail","hentry","category-area-testimonianza-e-impegno-sociale","category-servizio-caritas","category-notizie","tag-caritas","tag-caritas-riva-del-garda"],"acf":{"seed-localization-paese-cod":"IT","seed-localization-address":"","seed-localization-citta":"Trento","seed-localization-regione-cod-istat":"04","seed-localization-citta-cod-istat":"022205","seed-localization-localita":"","seed-localization-cap":"","seed-localization-marker-visibility":false,"seed-localization-children-visibility":false,"seed-localization-kml":"","seed-localization-custom-marker":""},"yoast_head":"<!-- This site is optimized with the Yoast SEO Premium plugin v20.2.1 (Yoast SEO v22.2) - https:\/\/yoast.com\/wordpress\/plugins\/seo\/ -->\n<title>Riva del Garda, domenica si inaugura la nuova sede del Centro di Ascolto Caritas - Testimonianza e Impegno sociale<\/title>\n<meta name=\"robots\" content=\"index, follow, max-snippet:-1, max-image-preview:large, max-video-preview:-1\" \/>\n<link rel=\"canonical\" href=\"https:\/\/www.diocesitn.it\/area-testimonianza\/2023\/11\/10\/riva-del-garda-domenica-si-inaugura-la-nuova-sede-del-centro-di-ascolto-caritas\/\" \/>\n<meta property=\"og:locale\" content=\"it_IT\" \/>\n<meta property=\"og:type\" content=\"article\" \/>\n<meta property=\"og:title\" content=\"Riva del Garda, domenica si inaugura la nuova sede del Centro di Ascolto Caritas\" \/>\n<meta property=\"og:description\" content=\"Sar\u00e0 l&#8217;arcivescovo di Trento monsignor Lauro Tisi, domenica 12 novembre, a benedire la nuova sede del Cedas, il Centro di ascolto Caritas di Riva del Garda. La nuova sede \u00e8 stata ricavata ristrutturando l&#8217;ex sede\" \/>\n<meta property=\"og:url\" content=\"https:\/\/www.diocesitn.it\/area-testimonianza\/2023\/11\/10\/riva-del-garda-domenica-si-inaugura-la-nuova-sede-del-centro-di-ascolto-caritas\/\" \/>\n<meta property=\"og:site_name\" content=\"Testimonianza e Impegno sociale\" \/>\n<meta property=\"article:published_time\" content=\"2023-11-10T12:42:28+00:00\" \/>\n<meta property=\"article:modified_time\" content=\"2024-11-14T10:25:16+00:00\" \/>\n<meta property=\"og:image\" content=\"https:\/\/www.diocesitn.it\/area-testimonianza\/wp-content\/uploads\/sites\/37\/2023\/11\/Centro-di-ascolto-Caritas-si-inaugura-la-nuova-sede_imagefull.jpg\" \/>\n\t<meta property=\"og:image:width\" content=\"850\" \/>\n\t<meta property=\"og:image:height\" content=\"567\" \/>\n\t<meta property=\"og:image:type\" content=\"image\/jpeg\" \/>\n<meta name=\"author\" content=\"losspapot\" \/>\n<meta name=\"twitter:card\" content=\"summary_large_image\" \/>\n<meta name=\"twitter:label1\" content=\"Scritto da\" \/>\n\t<meta name=\"twitter:data1\" content=\"losspapot\" \/>\n\t<meta name=\"twitter:label2\" content=\"Tempo di lettura stimato\" \/>\n\t<meta name=\"twitter:data2\" content=\"2 minuti\" \/>\n<script type=\"application\/ld+json\" class=\"yoast-schema-graph\">{\"@context\":\"https:\/\/schema.org\",\"@graph\":[{\"@type\":\"Article\",\"@id\":\"https:\/\/www.diocesitn.it\/area-testimonianza\/2023\/11\/10\/riva-del-garda-domenica-si-inaugura-la-nuova-sede-del-centro-di-ascolto-caritas\/#article\",\"isPartOf\":{\"@id\":\"https:\/\/www.diocesitn.it\/area-testimonianza\/2023\/11\/10\/riva-del-garda-domenica-si-inaugura-la-nuova-sede-del-centro-di-ascolto-caritas\/\"},\"author\":{\"name\":\"losspapot\",\"@id\":\"https:\/\/www.diocesitn.it\/area-testimonianza\/#\/schema\/person\/3526ceacb35e1aa4c86252e45adfad22\"},\"headline\":\"Riva del Garda, domenica si inaugura la nuova sede del Centro di Ascolto Caritas\",\"datePublished\":\"2023-11-10T12:42:28+00:00\",\"dateModified\":\"2024-11-14T10:25:16+00:00\",\"mainEntityOfPage\":{\"@id\":\"https:\/\/www.diocesitn.it\/area-testimonianza\/2023\/11\/10\/riva-del-garda-domenica-si-inaugura-la-nuova-sede-del-centro-di-ascolto-caritas\/\"},\"wordCount\":240,\"publisher\":{\"@id\":\"https:\/\/www.diocesitn.it\/area-testimonianza\/#organization\"},\"image\":{\"@id\":\"https:\/\/www.diocesitn.it\/area-testimonianza\/2023\/11\/10\/riva-del-garda-domenica-si-inaugura-la-nuova-sede-del-centro-di-ascolto-caritas\/#primaryimage\"},\"thumbnailUrl\":\"https:\/\/www.diocesitn.it\/area-testimonianza\/wp-content\/uploads\/sites\/37\/2023\/11\/Centro-di-ascolto-Caritas-si-inaugura-la-nuova-sede_imagefull.jpg\",\"keywords\":[\"Caritas\",\"caritas riva del garda\"],\"articleSection\":[\"Area Testimonianza e Impegno sociale\",\"Caritas diocesana\",\"Notizie\"],\"inLanguage\":\"it-IT\",\"copyrightYear\":\"2023\",\"copyrightHolder\":{\"@id\":\"https:\/\/www.diocesitn.it\/#organization\"}},{\"@type\":\"WebPage\",\"@id\":\"https:\/\/www.diocesitn.it\/area-testimonianza\/2023\/11\/10\/riva-del-garda-domenica-si-inaugura-la-nuova-sede-del-centro-di-ascolto-caritas\/\",\"url\":\"https:\/\/www.diocesitn.it\/area-testimonianza\/2023\/11\/10\/riva-del-garda-domenica-si-inaugura-la-nuova-sede-del-centro-di-ascolto-caritas\/\",\"name\":\"Riva del Garda, domenica si inaugura la nuova sede del Centro di Ascolto Caritas - Testimonianza e Impegno sociale\",\"isPartOf\":{\"@id\":\"https:\/\/www.diocesitn.it\/area-testimonianza\/#website\"},\"primaryImageOfPage\":{\"@id\":\"https:\/\/www.diocesitn.it\/area-testimonianza\/2023\/11\/10\/riva-del-garda-domenica-si-inaugura-la-nuova-sede-del-centro-di-ascolto-caritas\/#primaryimage\"},\"image\":{\"@id\":\"https:\/\/www.diocesitn.it\/area-testimonianza\/2023\/11\/10\/riva-del-garda-domenica-si-inaugura-la-nuova-sede-del-centro-di-ascolto-caritas\/#primaryimage\"},\"thumbnailUrl\":\"https:\/\/www.diocesitn.it\/area-testimonianza\/wp-content\/uploads\/sites\/37\/2023\/11\/Centro-di-ascolto-Caritas-si-inaugura-la-nuova-sede_imagefull.jpg\",\"datePublished\":\"2023-11-10T12:42:28+00:00\",\"dateModified\":\"2024-11-14T10:25:16+00:00\",\"breadcrumb\":{\"@id\":\"https:\/\/www.diocesitn.it\/area-testimonianza\/2023\/11\/10\/riva-del-garda-domenica-si-inaugura-la-nuova-sede-del-centro-di-ascolto-caritas\/#breadcrumb\"},\"inLanguage\":\"it-IT\",\"potentialAction\":[{\"@type\":\"ReadAction\",\"target\":[\"https:\/\/www.diocesitn.it\/area-testimonianza\/2023\/11\/10\/riva-del-garda-domenica-si-inaugura-la-nuova-sede-del-centro-di-ascolto-caritas\/\"]}]},{\"@type\":\"ImageObject\",\"inLanguage\":\"it-IT\",\"@id\":\"https:\/\/www.diocesitn.it\/area-testimonianza\/2023\/11\/10\/riva-del-garda-domenica-si-inaugura-la-nuova-sede-del-centro-di-ascolto-caritas\/#primaryimage\",\"url\":\"https:\/\/www.diocesitn.it\/area-testimonianza\/wp-content\/uploads\/sites\/37\/2023\/11\/Centro-di-ascolto-Caritas-si-inaugura-la-nuova-sede_imagefull.jpg\",\"contentUrl\":\"https:\/\/www.diocesitn.it\/area-testimonianza\/wp-content\/uploads\/sites\/37\/2023\/11\/Centro-di-ascolto-Caritas-si-inaugura-la-nuova-sede_imagefull.jpg\",\"width\":850,\"height\":567},{\"@type\":\"BreadcrumbList\",\"@id\":\"https:\/\/www.diocesitn.it\/area-testimonianza\/2023\/11\/10\/riva-del-garda-domenica-si-inaugura-la-nuova-sede-del-centro-di-ascolto-caritas\/#breadcrumb\",\"itemListElement\":[{\"@type\":\"ListItem\",\"position\":1,\"name\":\"Home\",\"item\":\"https:\/\/www.diocesitn.it\/area-testimonianza\/\"},{\"@type\":\"ListItem\",\"position\":2,\"name\":\"Riva del Garda, domenica si inaugura la nuova sede del Centro di Ascolto Caritas\"}]},{\"@type\":\"WebSite\",\"@id\":\"https:\/\/www.diocesitn.it\/area-testimonianza\/#website\",\"url\":\"https:\/\/www.diocesitn.it\/area-testimonianza\/\",\"name\":\"Testimonianza e Impegno sociale\",\"description\":\"Chiesa di Trento\",\"publisher\":{\"@id\":\"https:\/\/www.diocesitn.it\/area-testimonianza\/#organization\"},\"potentialAction\":[{\"@type\":\"SearchAction\",\"target\":{\"@type\":\"EntryPoint\",\"urlTemplate\":\"https:\/\/www.diocesitn.it\/area-testimonianza\/?s={search_term_string}\"},\"query-input\":\"required name=search_term_string\"}],\"inLanguage\":\"it-IT\"},{\"@type\":[\"Organization\",\"Place\"],\"@id\":\"https:\/\/www.diocesitn.it\/area-testimonianza\/#organization\",\"name\":\"Area Testimonianza e Impegno Sociale - Chiesa di Trento\",\"url\":\"https:\/\/www.diocesitn.it\/area-testimonianza\/\",\"logo\":{\"@id\":\"https:\/\/www.diocesitn.it\/area-testimonianza\/2023\/11\/10\/riva-del-garda-domenica-si-inaugura-la-nuova-sede-del-centro-di-ascolto-caritas\/#local-main-organization-logo\"},\"image\":{\"@id\":\"https:\/\/www.diocesitn.it\/area-testimonianza\/2023\/11\/10\/riva-del-garda-domenica-si-inaugura-la-nuova-sede-del-centro-di-ascolto-caritas\/#local-main-organization-logo\"},\"openingHoursSpecification\":[{\"@type\":\"OpeningHoursSpecification\",\"dayOfWeek\":[\"Monday\",\"Tuesday\",\"Wednesday\",\"Thursday\",\"Friday\",\"Saturday\",\"Sunday\"],\"opens\":\"09:00\",\"closes\":\"17:00\"}]},{\"@type\":\"ImageObject\",\"inLanguage\":\"it-IT\",\"@id\":\"https:\/\/www.diocesitn.it\/area-testimonianza\/2023\/11\/10\/riva-del-garda-domenica-si-inaugura-la-nuova-sede-del-centro-di-ascolto-caritas\/#local-main-organization-logo\",\"url\":\"https:\/\/www.diocesitn.it\/area-testimonianza\/wp-content\/uploads\/sites\/37\/2021\/09\/og-logo-testimonianza-e-impegno-sociale.jpg\",\"contentUrl\":\"https:\/\/www.diocesitn.it\/area-testimonianza\/wp-content\/uploads\/sites\/37\/2021\/09\/og-logo-testimonianza-e-impegno-sociale.jpg\",\"width\":1200,\"height\":630,\"caption\":\"Area Testimonianza e Impegno Sociale - Chiesa di Trento\"}]}<\/script>\n<!-- \/ Yoast SEO Premium plugin. -->","yoast_head_json":{"title":"Riva del Garda, domenica si inaugura la nuova sede del Centro di Ascolto Caritas - Testimonianza e Impegno sociale","robots":{"index":"index","follow":"follow","max-snippet":"max-snippet:-1","max-image-preview":"max-image-preview:large","max-video-preview":"max-video-preview:-1"},"canonical":"https:\/\/www.diocesitn.it\/area-testimonianza\/2023\/11\/10\/riva-del-garda-domenica-si-inaugura-la-nuova-sede-del-centro-di-ascolto-caritas\/","og_locale":"it_IT","og_type":"article","og_title":"Riva del Garda, domenica si inaugura la nuova sede del Centro di Ascolto Caritas","og_description":"Sar\u00e0 l&#8217;arcivescovo di Trento monsignor Lauro Tisi, domenica 12 novembre, a benedire la nuova sede del Cedas, il Centro di ascolto Caritas di Riva del Garda. La nuova sede \u00e8 stata ricavata ristrutturando l&#8217;ex sede","og_url":"https:\/\/www.diocesitn.it\/area-testimonianza\/2023\/11\/10\/riva-del-garda-domenica-si-inaugura-la-nuova-sede-del-centro-di-ascolto-caritas\/","og_site_name":"Testimonianza e Impegno sociale","article_published_time":"2023-11-10T12:42:28+00:00","article_modified_time":"2024-11-14T10:25:16+00:00","og_image":[{"width":850,"height":567,"url":"https:\/\/www.diocesitn.it\/area-testimonianza\/wp-content\/uploads\/sites\/37\/2023\/11\/Centro-di-ascolto-Caritas-si-inaugura-la-nuova-sede_imagefull.jpg","type":"image\/jpeg"}],"author":"losspapot","twitter_card":"summary_large_image","twitter_misc":{"Scritto da":"losspapot","Tempo di lettura stimato":"2 minuti"},"schema":{"@context":"https:\/\/schema.org","@graph":[{"@type":"Article","@id":"https:\/\/www.diocesitn.it\/area-testimonianza\/2023\/11\/10\/riva-del-garda-domenica-si-inaugura-la-nuova-sede-del-centro-di-ascolto-caritas\/#article","isPartOf":{"@id":"https:\/\/www.diocesitn.it\/area-testimonianza\/2023\/11\/10\/riva-del-garda-domenica-si-inaugura-la-nuova-sede-del-centro-di-ascolto-caritas\/"},"author":{"name":"losspapot","@id":"https:\/\/www.diocesitn.it\/area-testimonianza\/#\/schema\/person\/3526ceacb35e1aa4c86252e45adfad22"},"headline":"Riva del Garda, domenica si inaugura la nuova sede del Centro di Ascolto Caritas","datePublished":"2023-11-10T12:42:28+00:00","dateModified":"2024-11-14T10:25:16+00:00","mainEntityOfPage":{"@id":"https:\/\/www.diocesitn.it\/area-testimonianza\/2023\/11\/10\/riva-del-garda-domenica-si-inaugura-la-nuova-sede-del-centro-di-ascolto-caritas\/"},"wordCount":240,"publisher":{"@id":"https:\/\/www.diocesitn.it\/area-testimonianza\/#organization"},"image":{"@id":"https:\/\/www.diocesitn.it\/area-testimonianza\/2023\/11\/10\/riva-del-garda-domenica-si-inaugura-la-nuova-sede-del-centro-di-ascolto-caritas\/#primaryimage"},"thumbnailUrl":"https:\/\/www.diocesitn.it\/area-testimonianza\/wp-content\/uploads\/sites\/37\/2023\/11\/Centro-di-ascolto-Caritas-si-inaugura-la-nuova-sede_imagefull.jpg","keywords":["Caritas","caritas riva del garda"],"articleSection":["Area Testimonianza e Impegno sociale","Caritas diocesana","Notizie"],"inLanguage":"it-IT","copyrightYear":"2023","copyrightHolder":{"@id":"https:\/\/www.diocesitn.it\/#organization"}},{"@type":"WebPage","@id":"https:\/\/www.diocesitn.it\/area-testimonianza\/2023\/11\/10\/riva-del-garda-domenica-si-inaugura-la-nuova-sede-del-centro-di-ascolto-caritas\/","url":"https:\/\/www.diocesitn.it\/area-testimonianza\/2023\/11\/10\/riva-del-garda-domenica-si-inaugura-la-nuova-sede-del-centro-di-ascolto-caritas\/","name":"Riva del Garda, domenica si inaugura la nuova sede del Centro di Ascolto Caritas - Testimonianza e Impegno sociale","isPartOf":{"@id":"https:\/\/www.diocesitn.it\/area-testimonianza\/#website"},"primaryImageOfPage":{"@id":"https:\/\/www.diocesitn.it\/area-testimonianza\/2023\/11\/10\/riva-del-garda-domenica-si-inaugura-la-nuova-sede-del-centro-di-ascolto-caritas\/#primaryimage"},"image":{"@id":"https:\/\/www.diocesitn.it\/area-testimonianza\/2023\/11\/10\/riva-del-garda-domenica-si-inaugura-la-nuova-sede-del-centro-di-ascolto-caritas\/#primaryimage"},"thumbnailUrl":"https:\/\/www.diocesitn.it\/area-testimonianza\/wp-content\/uploads\/sites\/37\/2023\/11\/Centro-di-ascolto-Caritas-si-inaugura-la-nuova-sede_imagefull.jpg","datePublished":"2023-11-10T12:42:28+00:00","dateModified":"2024-11-14T10:25:16+00:00","breadcrumb":{"@id":"https:\/\/www.diocesitn.it\/area-testimonianza\/2023\/11\/10\/riva-del-garda-domenica-si-inaugura-la-nuova-sede-del-centro-di-ascolto-caritas\/#breadcrumb"},"inLanguage":"it-IT","potentialAction":[{"@type":"ReadAction","target":["https:\/\/www.diocesitn.it\/area-testimonianza\/2023\/11\/10\/riva-del-garda-domenica-si-inaugura-la-nuova-sede-del-centro-di-ascolto-caritas\/"]}]},{"@type":"ImageObject","inLanguage":"it-IT","@id":"https:\/\/www.diocesitn.it\/area-testimonianza\/2023\/11\/10\/riva-del-garda-domenica-si-inaugura-la-nuova-sede-del-centro-di-ascolto-caritas\/#primaryimage","url":"https:\/\/www.diocesitn.it\/area-testimonianza\/wp-content\/uploads\/sites\/37\/2023\/11\/Centro-di-ascolto-Caritas-si-inaugura-la-nuova-sede_imagefull.jpg","contentUrl":"https:\/\/www.diocesitn.it\/area-testimonianza\/wp-content\/uploads\/sites\/37\/2023\/11\/Centro-di-ascolto-Caritas-si-inaugura-la-nuova-sede_imagefull.jpg","width":850,"height":567},{"@type":"BreadcrumbList","@id":"https:\/\/www.diocesitn.it\/area-testimonianza\/2023\/11\/10\/riva-del-garda-domenica-si-inaugura-la-nuova-sede-del-centro-di-ascolto-caritas\/#breadcrumb","itemListElement":[{"@type":"ListItem","position":1,"name":"Home","item":"https:\/\/www.diocesitn.it\/area-testimonianza\/"},{"@type":"ListItem","position":2,"name":"Riva del Garda, domenica si inaugura la nuova sede del Centro di Ascolto Caritas"}]},{"@type":"WebSite","@id":"https:\/\/www.diocesitn.it\/area-testimonianza\/#website","url":"https:\/\/www.diocesitn.it\/area-testimonianza\/","name":"Testimonianza e Impegno sociale","description":"Chiesa di Trento","publisher":{"@id":"https:\/\/www.diocesitn.it\/area-testimonianza\/#organization"},"potentialAction":[{"@type":"SearchAction","target":{"@type":"EntryPoint","urlTemplate":"https:\/\/www.diocesitn.it\/area-testimonianza\/?s={search_term_string}"},"query-input":"required name=search_term_string"}],"inLanguage":"it-IT"},{"@type":["Organization","Place"],"@id":"https:\/\/www.diocesitn.it\/area-testimonianza\/#organization","name":"Area Testimonianza e Impegno Sociale - Chiesa di Trento","url":"https:\/\/www.diocesitn.it\/area-testimonianza\/","logo":{"@id":"https:\/\/www.diocesitn.it\/area-testimonianza\/2023\/11\/10\/riva-del-garda-domenica-si-inaugura-la-nuova-sede-del-centro-di-ascolto-caritas\/#local-main-organization-logo"},"image":{"@id":"https:\/\/www.diocesitn.it\/area-testimonianza\/2023\/11\/10\/riva-del-garda-domenica-si-inaugura-la-nuova-sede-del-centro-di-ascolto-caritas\/#local-main-organization-logo"},"openingHoursSpecification":[{"@type":"OpeningHoursSpecification","dayOfWeek":["Monday","Tuesday","Wednesday","Thursday","Friday","Saturday","Sunday"],"opens":"09:00","closes":"17:00"}]},{"@type":"ImageObject","inLanguage":"it-IT","@id":"https:\/\/www.diocesitn.it\/area-testimonianza\/2023\/11\/10\/riva-del-garda-domenica-si-inaugura-la-nuova-sede-del-centro-di-ascolto-caritas\/#local-main-organization-logo","url":"https:\/\/www.diocesitn.it\/area-testimonianza\/wp-content\/uploads\/sites\/37\/2021\/09\/og-logo-testimonianza-e-impegno-sociale.jpg","contentUrl":"https:\/\/www.diocesitn.it\/area-testimonianza\/wp-content\/uploads\/sites\/37\/2021\/09\/og-logo-testimonianza-e-impegno-sociale.jpg","width":1200,"height":630,"caption":"Area Testimonianza e Impegno Sociale - Chiesa di Trento"}]}},"_links":{"self":[{"href":"https:\/\/www.diocesitn.it\/area-testimonianza\/wp-json\/wp\/v2\/posts\/13938","targetHints":{"allow":["GET"]}}],"collection":[{"href":"https:\/\/www.diocesitn.it\/area-testimonianza\/wp-json\/wp\/v2\/posts"}],"about":[{"href":"https:\/\/www.diocesitn.it\/area-testimonianza\/wp-json\/wp\/v2\/types\/post"}],"author":[{"embeddable":true,"href":"https:\/\/www.diocesitn.it\/area-testimonianza\/wp-json\/wp\/v2\/users\/168"}],"replies":[{"embeddable":true,"href":"https:\/\/www.diocesitn.it\/area-testimonianza\/wp-json\/wp\/v2\/comments?post=13938"}],"version-history":[{"count":1,"href":"https:\/\/www.diocesitn.it\/area-testimonianza\/wp-json\/wp\/v2\/posts\/13938\/revisions"}],"predecessor-version":[{"id":16442,"href":"https:\/\/www.diocesitn.it\/area-testimonianza\/wp-json\/wp\/v2\/posts\/13938\/revisions\/16442"}],"wp:featuredmedia":[{"embeddable":true,"href":"https:\/\/www.diocesitn.it\/area-testimonianza\/wp-json\/wp\/v2\/media\/13939"}],"wp:attachment":[{"href":"https:\/\/www.diocesitn.it\/area-testimonianza\/wp-json\/wp\/v2\/media?parent=13938"}],"wp:term":[{"taxonomy":"category","embeddable":true,"href":"https:\/\/www.diocesitn.it\/area-testimonianza\/wp-json\/wp\/v2\/categories?post=13938"},{"taxonomy":"post_tag","embeddable":true,"href":"https:\/\/www.diocesitn.it\/area-testimonianza\/wp-json\/wp\/v2\/tags?post=13938"}],"curies":[{"name":"wp","href":"https:\/\/api.w.org\/{rel}","templated":true}]}}