{"id":13858,"date":"2023-11-06T11:51:21","date_gmt":"2023-11-06T10:51:21","guid":{"rendered":"https:\/\/www.diocesitn.it\/area-testimonianza\/2023\/11\/06\/fra-patton-dopo-lennesimo-appello-alla-pace-di-papa-francesco-migliaia-di-morti-vengano-toccate-le-coscienze-dei-potenti-della-terra\/"},"modified":"2024-12-18T09:18:41","modified_gmt":"2024-12-18T08:18:41","slug":"fra-patton-dopo-lennesimo-appello-alla-pace-di-papa-francesco-migliaia-di-morti-vengano-toccate-le-coscienze-dei-potenti-della-terra","status":"publish","type":"post","link":"https:\/\/www.diocesitn.it\/area-testimonianza\/2023\/11\/06\/fra-patton-dopo-lennesimo-appello-alla-pace-di-papa-francesco-migliaia-di-morti-vengano-toccate-le-coscienze-dei-potenti-della-terra\/","title":{"rendered":"P. Patton dopo l&#8217;ennesimo appello alla pace di papa Francesco: &#8220;Migliaia di morti, vengano toccate le coscienze dei potenti della Terra&#8221;"},"content":{"rendered":"<p>&#8220;A Gerusalemme si respira un clima surreale, in mezzo a una paura palpabile, da una parte come dall&#8217;altra. C&#8217;\u00e8 un mix di sentimenti di odio, rabbia e impotenza che fanno emergere il bisogno di preghiera da parte nostra e l&#8217;appello ai potenti di fare qualcosa per andare verso soluzioni pacifiche e permettere la tutela delle popolazioni civili e in modo speciale dei bambini&#8221;.<\/p>\n<p>Padre <strong>Francesco Patton<\/strong>, <strong>Custode di Terra Santa<\/strong>, commenta ai media vaticani l&#8217;ennesimo appello di papa Francesco all&#8217;Angelus di domenica 5 novembre:\u00a0&#8220;Vi prego di fermarvi in nome di Dio, auspico che si percorrano tutte le vie perch\u00e9 si eviti assolutamente un allargamento del conflitto&#8221;.<\/p>\n<p>&#8220;Non dimentichiamo che all&#8217;inizio &#8211; afferma il Custode di Terra Santa riferendosi al 7 ottobre scorso &#8211; c&#8217;\u00e8 stata una <strong>orribile strage di civili israeliani<\/strong> che vivevano attorno alla Striscia di Gaza, con migliaia di vittime e 250 rapiti&#8221;, e adesso nella Striscia &#8220;<strong>siamo vicini ai 10mila morti<\/strong>, di cui <strong>quasi la met\u00e0 sono bambini<\/strong>&#8220;. Questa \u00e8 &#8220;una tragedia che dovrebbe toccare le coscienze di ciascuno, anche quelle dei potenti di questo mondo, uomini e donne che possono anche influire in maniera forte su decisioni immediate e future&#8221;.<\/p>\n<p>&#8220;Le parole del Papa mi hanno fatto pensare innanzitutto all&#8217;evento di ieri qui, a Gerusalemme, dove &#8211; ricorda Patton &#8211; i bambini pregavano per la pace&#8221; (QUI <a href=\"https:\/\/www.cmc-terrasanta.com\/it\/media\/terra-santa-news\/31955\/i-bambini-e-i-giovani-di-terra-santa-chiedono-la-pace\">VIDEO Christian Media Center<\/a>) Insieme, israeliani e palestinesi, cristiani e musulmani. &#8220;Mi ha colpito molto la preghiera di una bambina di 5 anni, che pregava, preoccupata, per il suo pap\u00e0. Questa paura segner\u00e0 non solo la sua infanzia, ma probabilmente l&#8217;intera vita&#8221;. L&#8217; empatia mostrata dai piccoli &#8220;\u00e8 probabilmente maggiore degli adulti, i bambini sono riusciti a riconoscere che la sofferenza \u00e8 di tutti&#8221;.<\/p>\n<p>Leggi tutto da <a href=\"https:\/\/www.vaticannews.va\/it\/chiesa\/news\/2023-11\/angelus-papa-israele-gaza-guerra-appello-patton-gerusalemme.html\"><strong>Vatican News\u00a0<\/strong><\/a>e ascolta qui sotto intervista a <strong>Radio Vaticana<\/strong>:<\/p>\n<!--[if lt IE 9]><script>document.createElement('audio');<\/script><![endif]-->\n<audio class=\"wp-audio-shortcode\" id=\"audio-13858-1\" preload=\"none\" style=\"width: 100%;\" controls=\"controls\"><source type=\"audio\/mpeg\" src=\"https:\/\/www.diocesitn.it\/wp-content\/uploads\/2023\/11\/137438187_F137438187.mp3?_=1\" \/><a href=\"https:\/\/www.diocesitn.it\/wp-content\/uploads\/2023\/11\/137438187_F137438187.mp3\">https:\/\/www.diocesitn.it\/wp-content\/uploads\/2023\/11\/137438187_F137438187.mp3<\/a><\/audio>\n<p>&nbsp;<\/p>\n","protected":false},"excerpt":{"rendered":"<p>&#8220;A Gerusalemme si respira un clima surreale, in mezzo a una paura palpabile, da una parte come dall&#8217;altra. C&#8217;\u00e8 un mix di sentimenti di odio, rabbia e impotenza che fanno emergere il bisogno di preghiera<\/p>\n","protected":false},"author":3,"featured_media":13859,"comment_status":"closed","ping_status":"closed","sticky":false,"template":"","format":"standard","meta":{"footnotes":""},"categories":[2206,1074,1151],"tags":[2150,2152,2153,2399,1595],"class_list":["post-13858","post","type-post","status-publish","format-standard","has-post-thumbnail","hentry","category-servizio-giustizia-e-pace","category-notizie","category-servizio-missionario","tag-custode-terra-santa","tag-gerusalemme","tag-guerra-israele-palestina","tag-lettere-dalle-missioni","tag-padre-francesco-patton"],"acf":{"seed-localization-paese-cod":"IT","seed-localization-address":"","seed-localization-citta":"Trento","seed-localization-regione-cod-istat":"04","seed-localization-citta-cod-istat":"022205","seed-localization-localita":"","seed-localization-cap":"","seed-localization-marker-visibility":false,"seed-localization-children-visibility":false,"seed-localization-kml":"","seed-localization-custom-marker":""},"yoast_head":"<!-- This site is optimized with the Yoast SEO Premium plugin v20.2.1 (Yoast SEO v22.2) - https:\/\/yoast.com\/wordpress\/plugins\/seo\/ -->\n<title>P. Patton dopo l&#039;ennesimo appello alla pace di papa Francesco: &quot;Migliaia di morti, vengano toccate le coscienze dei potenti della Terra&quot; - Testimonianza e Impegno sociale<\/title>\n<meta name=\"robots\" content=\"index, follow, max-snippet:-1, max-image-preview:large, max-video-preview:-1\" \/>\n<link rel=\"canonical\" href=\"https:\/\/www.diocesitn.it\/area-testimonianza\/2023\/11\/06\/fra-patton-dopo-lennesimo-appello-alla-pace-di-papa-francesco-migliaia-di-morti-vengano-toccate-le-coscienze-dei-potenti-della-terra\/\" \/>\n<meta property=\"og:locale\" content=\"it_IT\" \/>\n<meta property=\"og:type\" content=\"article\" \/>\n<meta property=\"og:title\" content=\"P. Patton dopo l&#039;ennesimo appello alla pace di papa Francesco: &quot;Migliaia di morti, vengano toccate le coscienze dei potenti della Terra&quot;\" \/>\n<meta property=\"og:description\" content=\"&#8220;A Gerusalemme si respira un clima surreale, in mezzo a una paura palpabile, da una parte come dall&#8217;altra. C&#8217;\u00e8 un mix di sentimenti di odio, rabbia e impotenza che fanno emergere il bisogno di preghiera\" \/>\n<meta property=\"og:url\" content=\"https:\/\/www.diocesitn.it\/area-testimonianza\/2023\/11\/06\/fra-patton-dopo-lennesimo-appello-alla-pace-di-papa-francesco-migliaia-di-morti-vengano-toccate-le-coscienze-dei-potenti-della-terra\/\" \/>\n<meta property=\"og:site_name\" content=\"Testimonianza e Impegno sociale\" \/>\n<meta property=\"article:published_time\" content=\"2023-11-06T10:51:21+00:00\" \/>\n<meta property=\"article:modified_time\" content=\"2024-12-18T08:18:41+00:00\" \/>\n<meta property=\"og:image\" content=\"https:\/\/www.diocesitn.it\/area-testimonianza\/wp-content\/uploads\/sites\/37\/2023\/11\/Patton_bambini-e1699267863840.png\" \/>\n\t<meta property=\"og:image:width\" content=\"900\" \/>\n\t<meta property=\"og:image:height\" content=\"529\" \/>\n\t<meta property=\"og:image:type\" content=\"image\/png\" \/>\n<meta name=\"author\" content=\"Piergiorgio Franceschini\" \/>\n<meta name=\"twitter:card\" content=\"summary_large_image\" \/>\n<meta name=\"twitter:label1\" content=\"Scritto da\" \/>\n\t<meta name=\"twitter:data1\" content=\"Piergiorgio Franceschini\" \/>\n\t<meta name=\"twitter:label2\" content=\"Tempo di lettura stimato\" \/>\n\t<meta name=\"twitter:data2\" content=\"2 minuti\" \/>\n<script type=\"application\/ld+json\" class=\"yoast-schema-graph\">{\"@context\":\"https:\/\/schema.org\",\"@graph\":[{\"@type\":\"Article\",\"@id\":\"https:\/\/www.diocesitn.it\/area-testimonianza\/2023\/11\/06\/fra-patton-dopo-lennesimo-appello-alla-pace-di-papa-francesco-migliaia-di-morti-vengano-toccate-le-coscienze-dei-potenti-della-terra\/#article\",\"isPartOf\":{\"@id\":\"https:\/\/www.diocesitn.it\/area-testimonianza\/2023\/11\/06\/fra-patton-dopo-lennesimo-appello-alla-pace-di-papa-francesco-migliaia-di-morti-vengano-toccate-le-coscienze-dei-potenti-della-terra\/\"},\"author\":{\"name\":\"Piergiorgio Franceschini\",\"@id\":\"https:\/\/www.diocesitn.it\/area-testimonianza\/#\/schema\/person\/99590c84577873a025247b6aeb16ad2e\"},\"headline\":\"P. Patton dopo l&#8217;ennesimo appello alla pace di papa Francesco: &#8220;Migliaia di morti, vengano toccate le coscienze dei potenti della Terra&#8221;\",\"datePublished\":\"2023-11-06T10:51:21+00:00\",\"dateModified\":\"2024-12-18T08:18:41+00:00\",\"mainEntityOfPage\":{\"@id\":\"https:\/\/www.diocesitn.it\/area-testimonianza\/2023\/11\/06\/fra-patton-dopo-lennesimo-appello-alla-pace-di-papa-francesco-migliaia-di-morti-vengano-toccate-le-coscienze-dei-potenti-della-terra\/\"},\"wordCount\":322,\"publisher\":{\"@id\":\"https:\/\/www.diocesitn.it\/area-testimonianza\/#organization\"},\"image\":{\"@id\":\"https:\/\/www.diocesitn.it\/area-testimonianza\/2023\/11\/06\/fra-patton-dopo-lennesimo-appello-alla-pace-di-papa-francesco-migliaia-di-morti-vengano-toccate-le-coscienze-dei-potenti-della-terra\/#primaryimage\"},\"thumbnailUrl\":\"https:\/\/www.diocesitn.it\/area-testimonianza\/wp-content\/uploads\/sites\/37\/2023\/11\/Patton_bambini-e1699267863840.png\",\"keywords\":[\"custode terra santa\",\"Gerusalemme\",\"guerra israele palestina\",\"lettere dalle missioni\",\"p. Francesco Patton\"],\"articleSection\":[\"Giustizia e pace\",\"Notizie\",\"Pastorale Missionaria\"],\"inLanguage\":\"it-IT\",\"copyrightYear\":\"2023\",\"copyrightHolder\":{\"@id\":\"https:\/\/www.diocesitn.it\/#organization\"}},{\"@type\":\"WebPage\",\"@id\":\"https:\/\/www.diocesitn.it\/area-testimonianza\/2023\/11\/06\/fra-patton-dopo-lennesimo-appello-alla-pace-di-papa-francesco-migliaia-di-morti-vengano-toccate-le-coscienze-dei-potenti-della-terra\/\",\"url\":\"https:\/\/www.diocesitn.it\/area-testimonianza\/2023\/11\/06\/fra-patton-dopo-lennesimo-appello-alla-pace-di-papa-francesco-migliaia-di-morti-vengano-toccate-le-coscienze-dei-potenti-della-terra\/\",\"name\":\"P. Patton dopo l'ennesimo appello alla pace di papa Francesco: \\\"Migliaia di morti, vengano toccate le coscienze dei potenti della Terra\\\" - Testimonianza e Impegno sociale\",\"isPartOf\":{\"@id\":\"https:\/\/www.diocesitn.it\/area-testimonianza\/#website\"},\"primaryImageOfPage\":{\"@id\":\"https:\/\/www.diocesitn.it\/area-testimonianza\/2023\/11\/06\/fra-patton-dopo-lennesimo-appello-alla-pace-di-papa-francesco-migliaia-di-morti-vengano-toccate-le-coscienze-dei-potenti-della-terra\/#primaryimage\"},\"image\":{\"@id\":\"https:\/\/www.diocesitn.it\/area-testimonianza\/2023\/11\/06\/fra-patton-dopo-lennesimo-appello-alla-pace-di-papa-francesco-migliaia-di-morti-vengano-toccate-le-coscienze-dei-potenti-della-terra\/#primaryimage\"},\"thumbnailUrl\":\"https:\/\/www.diocesitn.it\/area-testimonianza\/wp-content\/uploads\/sites\/37\/2023\/11\/Patton_bambini-e1699267863840.png\",\"datePublished\":\"2023-11-06T10:51:21+00:00\",\"dateModified\":\"2024-12-18T08:18:41+00:00\",\"breadcrumb\":{\"@id\":\"https:\/\/www.diocesitn.it\/area-testimonianza\/2023\/11\/06\/fra-patton-dopo-lennesimo-appello-alla-pace-di-papa-francesco-migliaia-di-morti-vengano-toccate-le-coscienze-dei-potenti-della-terra\/#breadcrumb\"},\"inLanguage\":\"it-IT\",\"potentialAction\":[{\"@type\":\"ReadAction\",\"target\":[\"https:\/\/www.diocesitn.it\/area-testimonianza\/2023\/11\/06\/fra-patton-dopo-lennesimo-appello-alla-pace-di-papa-francesco-migliaia-di-morti-vengano-toccate-le-coscienze-dei-potenti-della-terra\/\"]}]},{\"@type\":\"ImageObject\",\"inLanguage\":\"it-IT\",\"@id\":\"https:\/\/www.diocesitn.it\/area-testimonianza\/2023\/11\/06\/fra-patton-dopo-lennesimo-appello-alla-pace-di-papa-francesco-migliaia-di-morti-vengano-toccate-le-coscienze-dei-potenti-della-terra\/#primaryimage\",\"url\":\"https:\/\/www.diocesitn.it\/area-testimonianza\/wp-content\/uploads\/sites\/37\/2023\/11\/Patton_bambini-e1699267863840.png\",\"contentUrl\":\"https:\/\/www.diocesitn.it\/area-testimonianza\/wp-content\/uploads\/sites\/37\/2023\/11\/Patton_bambini-e1699267863840.png\",\"width\":900,\"height\":529},{\"@type\":\"BreadcrumbList\",\"@id\":\"https:\/\/www.diocesitn.it\/area-testimonianza\/2023\/11\/06\/fra-patton-dopo-lennesimo-appello-alla-pace-di-papa-francesco-migliaia-di-morti-vengano-toccate-le-coscienze-dei-potenti-della-terra\/#breadcrumb\",\"itemListElement\":[{\"@type\":\"ListItem\",\"position\":1,\"name\":\"Home\",\"item\":\"https:\/\/www.diocesitn.it\/area-testimonianza\/\"},{\"@type\":\"ListItem\",\"position\":2,\"name\":\"P. Patton dopo l&#8217;ennesimo appello alla pace di papa Francesco: &#8220;Migliaia di morti, vengano toccate le coscienze dei potenti della Terra&#8221;\"}]},{\"@type\":\"WebSite\",\"@id\":\"https:\/\/www.diocesitn.it\/area-testimonianza\/#website\",\"url\":\"https:\/\/www.diocesitn.it\/area-testimonianza\/\",\"name\":\"Testimonianza e Impegno sociale\",\"description\":\"Chiesa di Trento\",\"publisher\":{\"@id\":\"https:\/\/www.diocesitn.it\/area-testimonianza\/#organization\"},\"potentialAction\":[{\"@type\":\"SearchAction\",\"target\":{\"@type\":\"EntryPoint\",\"urlTemplate\":\"https:\/\/www.diocesitn.it\/area-testimonianza\/?s={search_term_string}\"},\"query-input\":\"required name=search_term_string\"}],\"inLanguage\":\"it-IT\"},{\"@type\":[\"Organization\",\"Place\"],\"@id\":\"https:\/\/www.diocesitn.it\/area-testimonianza\/#organization\",\"name\":\"Area Testimonianza e Impegno Sociale - Chiesa di Trento\",\"url\":\"https:\/\/www.diocesitn.it\/area-testimonianza\/\",\"logo\":{\"@id\":\"https:\/\/www.diocesitn.it\/area-testimonianza\/2023\/11\/06\/fra-patton-dopo-lennesimo-appello-alla-pace-di-papa-francesco-migliaia-di-morti-vengano-toccate-le-coscienze-dei-potenti-della-terra\/#local-main-organization-logo\"},\"image\":{\"@id\":\"https:\/\/www.diocesitn.it\/area-testimonianza\/2023\/11\/06\/fra-patton-dopo-lennesimo-appello-alla-pace-di-papa-francesco-migliaia-di-morti-vengano-toccate-le-coscienze-dei-potenti-della-terra\/#local-main-organization-logo\"},\"openingHoursSpecification\":[{\"@type\":\"OpeningHoursSpecification\",\"dayOfWeek\":[\"Monday\",\"Tuesday\",\"Wednesday\",\"Thursday\",\"Friday\",\"Saturday\",\"Sunday\"],\"opens\":\"09:00\",\"closes\":\"17:00\"}]},{\"@type\":\"ImageObject\",\"inLanguage\":\"it-IT\",\"@id\":\"https:\/\/www.diocesitn.it\/area-testimonianza\/2023\/11\/06\/fra-patton-dopo-lennesimo-appello-alla-pace-di-papa-francesco-migliaia-di-morti-vengano-toccate-le-coscienze-dei-potenti-della-terra\/#local-main-organization-logo\",\"url\":\"https:\/\/www.diocesitn.it\/area-testimonianza\/wp-content\/uploads\/sites\/37\/2021\/09\/og-logo-testimonianza-e-impegno-sociale.jpg\",\"contentUrl\":\"https:\/\/www.diocesitn.it\/area-testimonianza\/wp-content\/uploads\/sites\/37\/2021\/09\/og-logo-testimonianza-e-impegno-sociale.jpg\",\"width\":1200,\"height\":630,\"caption\":\"Area Testimonianza e Impegno Sociale - Chiesa di Trento\"}]}<\/script>\n<!-- \/ Yoast SEO Premium plugin. -->","yoast_head_json":{"title":"P. Patton dopo l'ennesimo appello alla pace di papa Francesco: \"Migliaia di morti, vengano toccate le coscienze dei potenti della Terra\" - Testimonianza e Impegno sociale","robots":{"index":"index","follow":"follow","max-snippet":"max-snippet:-1","max-image-preview":"max-image-preview:large","max-video-preview":"max-video-preview:-1"},"canonical":"https:\/\/www.diocesitn.it\/area-testimonianza\/2023\/11\/06\/fra-patton-dopo-lennesimo-appello-alla-pace-di-papa-francesco-migliaia-di-morti-vengano-toccate-le-coscienze-dei-potenti-della-terra\/","og_locale":"it_IT","og_type":"article","og_title":"P. Patton dopo l'ennesimo appello alla pace di papa Francesco: \"Migliaia di morti, vengano toccate le coscienze dei potenti della Terra\"","og_description":"&#8220;A Gerusalemme si respira un clima surreale, in mezzo a una paura palpabile, da una parte come dall&#8217;altra. C&#8217;\u00e8 un mix di sentimenti di odio, rabbia e impotenza che fanno emergere il bisogno di preghiera","og_url":"https:\/\/www.diocesitn.it\/area-testimonianza\/2023\/11\/06\/fra-patton-dopo-lennesimo-appello-alla-pace-di-papa-francesco-migliaia-di-morti-vengano-toccate-le-coscienze-dei-potenti-della-terra\/","og_site_name":"Testimonianza e Impegno sociale","article_published_time":"2023-11-06T10:51:21+00:00","article_modified_time":"2024-12-18T08:18:41+00:00","og_image":[{"width":900,"height":529,"url":"https:\/\/www.diocesitn.it\/area-testimonianza\/wp-content\/uploads\/sites\/37\/2023\/11\/Patton_bambini-e1699267863840.png","type":"image\/png"}],"author":"Piergiorgio Franceschini","twitter_card":"summary_large_image","twitter_misc":{"Scritto da":"Piergiorgio Franceschini","Tempo di lettura stimato":"2 minuti"},"schema":{"@context":"https:\/\/schema.org","@graph":[{"@type":"Article","@id":"https:\/\/www.diocesitn.it\/area-testimonianza\/2023\/11\/06\/fra-patton-dopo-lennesimo-appello-alla-pace-di-papa-francesco-migliaia-di-morti-vengano-toccate-le-coscienze-dei-potenti-della-terra\/#article","isPartOf":{"@id":"https:\/\/www.diocesitn.it\/area-testimonianza\/2023\/11\/06\/fra-patton-dopo-lennesimo-appello-alla-pace-di-papa-francesco-migliaia-di-morti-vengano-toccate-le-coscienze-dei-potenti-della-terra\/"},"author":{"name":"Piergiorgio Franceschini","@id":"https:\/\/www.diocesitn.it\/area-testimonianza\/#\/schema\/person\/99590c84577873a025247b6aeb16ad2e"},"headline":"P. Patton dopo l&#8217;ennesimo appello alla pace di papa Francesco: &#8220;Migliaia di morti, vengano toccate le coscienze dei potenti della Terra&#8221;","datePublished":"2023-11-06T10:51:21+00:00","dateModified":"2024-12-18T08:18:41+00:00","mainEntityOfPage":{"@id":"https:\/\/www.diocesitn.it\/area-testimonianza\/2023\/11\/06\/fra-patton-dopo-lennesimo-appello-alla-pace-di-papa-francesco-migliaia-di-morti-vengano-toccate-le-coscienze-dei-potenti-della-terra\/"},"wordCount":322,"publisher":{"@id":"https:\/\/www.diocesitn.it\/area-testimonianza\/#organization"},"image":{"@id":"https:\/\/www.diocesitn.it\/area-testimonianza\/2023\/11\/06\/fra-patton-dopo-lennesimo-appello-alla-pace-di-papa-francesco-migliaia-di-morti-vengano-toccate-le-coscienze-dei-potenti-della-terra\/#primaryimage"},"thumbnailUrl":"https:\/\/www.diocesitn.it\/area-testimonianza\/wp-content\/uploads\/sites\/37\/2023\/11\/Patton_bambini-e1699267863840.png","keywords":["custode terra santa","Gerusalemme","guerra israele palestina","lettere dalle missioni","p. Francesco Patton"],"articleSection":["Giustizia e pace","Notizie","Pastorale Missionaria"],"inLanguage":"it-IT","copyrightYear":"2023","copyrightHolder":{"@id":"https:\/\/www.diocesitn.it\/#organization"}},{"@type":"WebPage","@id":"https:\/\/www.diocesitn.it\/area-testimonianza\/2023\/11\/06\/fra-patton-dopo-lennesimo-appello-alla-pace-di-papa-francesco-migliaia-di-morti-vengano-toccate-le-coscienze-dei-potenti-della-terra\/","url":"https:\/\/www.diocesitn.it\/area-testimonianza\/2023\/11\/06\/fra-patton-dopo-lennesimo-appello-alla-pace-di-papa-francesco-migliaia-di-morti-vengano-toccate-le-coscienze-dei-potenti-della-terra\/","name":"P. Patton dopo l'ennesimo appello alla pace di papa Francesco: \"Migliaia di morti, vengano toccate le coscienze dei potenti della Terra\" - Testimonianza e Impegno sociale","isPartOf":{"@id":"https:\/\/www.diocesitn.it\/area-testimonianza\/#website"},"primaryImageOfPage":{"@id":"https:\/\/www.diocesitn.it\/area-testimonianza\/2023\/11\/06\/fra-patton-dopo-lennesimo-appello-alla-pace-di-papa-francesco-migliaia-di-morti-vengano-toccate-le-coscienze-dei-potenti-della-terra\/#primaryimage"},"image":{"@id":"https:\/\/www.diocesitn.it\/area-testimonianza\/2023\/11\/06\/fra-patton-dopo-lennesimo-appello-alla-pace-di-papa-francesco-migliaia-di-morti-vengano-toccate-le-coscienze-dei-potenti-della-terra\/#primaryimage"},"thumbnailUrl":"https:\/\/www.diocesitn.it\/area-testimonianza\/wp-content\/uploads\/sites\/37\/2023\/11\/Patton_bambini-e1699267863840.png","datePublished":"2023-11-06T10:51:21+00:00","dateModified":"2024-12-18T08:18:41+00:00","breadcrumb":{"@id":"https:\/\/www.diocesitn.it\/area-testimonianza\/2023\/11\/06\/fra-patton-dopo-lennesimo-appello-alla-pace-di-papa-francesco-migliaia-di-morti-vengano-toccate-le-coscienze-dei-potenti-della-terra\/#breadcrumb"},"inLanguage":"it-IT","potentialAction":[{"@type":"ReadAction","target":["https:\/\/www.diocesitn.it\/area-testimonianza\/2023\/11\/06\/fra-patton-dopo-lennesimo-appello-alla-pace-di-papa-francesco-migliaia-di-morti-vengano-toccate-le-coscienze-dei-potenti-della-terra\/"]}]},{"@type":"ImageObject","inLanguage":"it-IT","@id":"https:\/\/www.diocesitn.it\/area-testimonianza\/2023\/11\/06\/fra-patton-dopo-lennesimo-appello-alla-pace-di-papa-francesco-migliaia-di-morti-vengano-toccate-le-coscienze-dei-potenti-della-terra\/#primaryimage","url":"https:\/\/www.diocesitn.it\/area-testimonianza\/wp-content\/uploads\/sites\/37\/2023\/11\/Patton_bambini-e1699267863840.png","contentUrl":"https:\/\/www.diocesitn.it\/area-testimonianza\/wp-content\/uploads\/sites\/37\/2023\/11\/Patton_bambini-e1699267863840.png","width":900,"height":529},{"@type":"BreadcrumbList","@id":"https:\/\/www.diocesitn.it\/area-testimonianza\/2023\/11\/06\/fra-patton-dopo-lennesimo-appello-alla-pace-di-papa-francesco-migliaia-di-morti-vengano-toccate-le-coscienze-dei-potenti-della-terra\/#breadcrumb","itemListElement":[{"@type":"ListItem","position":1,"name":"Home","item":"https:\/\/www.diocesitn.it\/area-testimonianza\/"},{"@type":"ListItem","position":2,"name":"P. Patton dopo l&#8217;ennesimo appello alla pace di papa Francesco: &#8220;Migliaia di morti, vengano toccate le coscienze dei potenti della Terra&#8221;"}]},{"@type":"WebSite","@id":"https:\/\/www.diocesitn.it\/area-testimonianza\/#website","url":"https:\/\/www.diocesitn.it\/area-testimonianza\/","name":"Testimonianza e Impegno sociale","description":"Chiesa di Trento","publisher":{"@id":"https:\/\/www.diocesitn.it\/area-testimonianza\/#organization"},"potentialAction":[{"@type":"SearchAction","target":{"@type":"EntryPoint","urlTemplate":"https:\/\/www.diocesitn.it\/area-testimonianza\/?s={search_term_string}"},"query-input":"required name=search_term_string"}],"inLanguage":"it-IT"},{"@type":["Organization","Place"],"@id":"https:\/\/www.diocesitn.it\/area-testimonianza\/#organization","name":"Area Testimonianza e Impegno Sociale - Chiesa di Trento","url":"https:\/\/www.diocesitn.it\/area-testimonianza\/","logo":{"@id":"https:\/\/www.diocesitn.it\/area-testimonianza\/2023\/11\/06\/fra-patton-dopo-lennesimo-appello-alla-pace-di-papa-francesco-migliaia-di-morti-vengano-toccate-le-coscienze-dei-potenti-della-terra\/#local-main-organization-logo"},"image":{"@id":"https:\/\/www.diocesitn.it\/area-testimonianza\/2023\/11\/06\/fra-patton-dopo-lennesimo-appello-alla-pace-di-papa-francesco-migliaia-di-morti-vengano-toccate-le-coscienze-dei-potenti-della-terra\/#local-main-organization-logo"},"openingHoursSpecification":[{"@type":"OpeningHoursSpecification","dayOfWeek":["Monday","Tuesday","Wednesday","Thursday","Friday","Saturday","Sunday"],"opens":"09:00","closes":"17:00"}]},{"@type":"ImageObject","inLanguage":"it-IT","@id":"https:\/\/www.diocesitn.it\/area-testimonianza\/2023\/11\/06\/fra-patton-dopo-lennesimo-appello-alla-pace-di-papa-francesco-migliaia-di-morti-vengano-toccate-le-coscienze-dei-potenti-della-terra\/#local-main-organization-logo","url":"https:\/\/www.diocesitn.it\/area-testimonianza\/wp-content\/uploads\/sites\/37\/2021\/09\/og-logo-testimonianza-e-impegno-sociale.jpg","contentUrl":"https:\/\/www.diocesitn.it\/area-testimonianza\/wp-content\/uploads\/sites\/37\/2021\/09\/og-logo-testimonianza-e-impegno-sociale.jpg","width":1200,"height":630,"caption":"Area Testimonianza e Impegno Sociale - Chiesa di Trento"}]}},"_links":{"self":[{"href":"https:\/\/www.diocesitn.it\/area-testimonianza\/wp-json\/wp\/v2\/posts\/13858","targetHints":{"allow":["GET"]}}],"collection":[{"href":"https:\/\/www.diocesitn.it\/area-testimonianza\/wp-json\/wp\/v2\/posts"}],"about":[{"href":"https:\/\/www.diocesitn.it\/area-testimonianza\/wp-json\/wp\/v2\/types\/post"}],"author":[{"embeddable":true,"href":"https:\/\/www.diocesitn.it\/area-testimonianza\/wp-json\/wp\/v2\/users\/3"}],"replies":[{"embeddable":true,"href":"https:\/\/www.diocesitn.it\/area-testimonianza\/wp-json\/wp\/v2\/comments?post=13858"}],"version-history":[{"count":2,"href":"https:\/\/www.diocesitn.it\/area-testimonianza\/wp-json\/wp\/v2\/posts\/13858\/revisions"}],"predecessor-version":[{"id":16762,"href":"https:\/\/www.diocesitn.it\/area-testimonianza\/wp-json\/wp\/v2\/posts\/13858\/revisions\/16762"}],"wp:featuredmedia":[{"embeddable":true,"href":"https:\/\/www.diocesitn.it\/area-testimonianza\/wp-json\/wp\/v2\/media\/13859"}],"wp:attachment":[{"href":"https:\/\/www.diocesitn.it\/area-testimonianza\/wp-json\/wp\/v2\/media?parent=13858"}],"wp:term":[{"taxonomy":"category","embeddable":true,"href":"https:\/\/www.diocesitn.it\/area-testimonianza\/wp-json\/wp\/v2\/categories?post=13858"},{"taxonomy":"post_tag","embeddable":true,"href":"https:\/\/www.diocesitn.it\/area-testimonianza\/wp-json\/wp\/v2\/tags?post=13858"}],"curies":[{"name":"wp","href":"https:\/\/api.w.org\/{rel}","templated":true}]}}