{"id":13823,"date":"2023-11-03T12:18:44","date_gmt":"2023-11-03T11:18:44","guid":{"rendered":"https:\/\/www.diocesitn.it\/area-testimonianza\/2023\/11\/03\/donne-vittime-di-violenza-microcredito-per-la-liberta-dalla-caritas-un-sostegno-per-riprendere-in-mano-la-propria-vita\/"},"modified":"2024-11-14T11:25:16","modified_gmt":"2024-11-14T10:25:16","slug":"donne-vittime-di-violenza-microcredito-per-la-liberta-dalla-caritas-un-sostegno-per-riprendere-in-mano-la-propria-vita","status":"publish","type":"post","link":"https:\/\/www.diocesitn.it\/area-testimonianza\/2023\/11\/03\/donne-vittime-di-violenza-microcredito-per-la-liberta-dalla-caritas-un-sostegno-per-riprendere-in-mano-la-propria-vita\/","title":{"rendered":"Donne vittime di violenza, microcredito per la libert\u00e0. Dalla Caritas un sostegno per riprendere in mano la propria vita"},"content":{"rendered":"<p>Sostenere le <strong>donne vittime di violenza<\/strong>, per facilitarne <strong>percorsi di autonomia <\/strong>e di <strong>riscatto personale<\/strong>. \u00c8 l\u2019obiettivo del progetto <strong>\u201cMicrocredito di libert\u00e0\u201d<\/strong>, promosso dalla Caritas nazionale e dal Dipartimento delle Pari Opportunit\u00e0 ed esteso anche al <strong>Trentino <\/strong>dove viene <strong>coordinato dalla Caritas diocesana<\/strong>, in dialogo con la <strong>Provincia Autonoma<\/strong> e alcune realt\u00e0 del privato sociale, in particolare il <strong>Centro antiviolenza <\/strong>e <strong>Casa Rifugio per donne in situazione di violenza.<\/strong><\/p>\n<p>Il progetto \u201cMicrocredito di Libert\u00e0\u201d punta a favorire in particolare l\u2019inclusione sociale e finanziaria delle donne che hanno subito una qualche forma di violenza, per consentire loro di affrancarsi anche da situazioni di sudditanza economica. Il progetto si avvale di un Fondo dedicato e degli strumenti tipici del microcredito sociale e imprenditoriale.<\/p>\n<h5><strong>Un contributo fino a 10 mila euro\u00a0<\/strong><\/h5>\n<p>Attraverso la rete territoriale e grazie alla collaborazione di Abi e Federazione Italiane delle Banche di credito cooperativo, si punta ad <strong>erogare un sostegno economico fino ad un massimo di 10 mila euro<\/strong> nei confronti di donne che provano a riprendere in mano la propria vita dopo essere sfuggite a uomini violenti e aver trovato il coraggio di segnalare la loro situazione e chiedere aiuto.<\/p>\n<p>La <strong>Caritas diocesana<\/strong> <strong>raccoglie le segnalazioni dal Centro antiviolenza e da Casa Rifugio<\/strong> e attiva il finanziamento. Esso diviene spesso un sostegno fondamentale quando ci si ritrova in fuga da una situazione di disagio e in ricerca di una libert\u00e0 che necessariamente passa anche da una maggiore autonomia economica. \u201cRiparti da te, noi ci saremo\u201d \u00e8 lo slogan che accompagna, non a caso, il progetto \u201cMicrocredito di libert\u00e0\u201d.<\/p>\n<h5><strong>Le finalit\u00e0: acquisto di beni e servizi primari \u00a0<\/strong><\/h5>\n<p>I fondi messi a disposizione delle donne, indipendentemente dalla presenza o meno di figli, vengono destinati per l\u2019<strong>acquisto di beni e servizi primari<\/strong> come <strong>spese mediche<\/strong>, <strong>canoni di locazione<\/strong> o <strong>rate di mutui<\/strong>, <strong>riqualificazione energetica delle abitazioni<\/strong>, <strong>accesso a servizi pubblici essenziali e all\u2019istruzione scolastica<\/strong>.<\/p>\n<p>Gli operatori Caritas seguono le persone da sostenere nella fase istruttoria della richiesta del microcredito sociale, affiancandole poi fino a quando saranno in grado di rimborsare gradualmente i fondi ottenuti. \u201cFinanziamo cos\u00ec start-up di vite nuove\u201d, commenta il direttore della Caritas nazionale, don Marco Pagniello.<\/p>\n<p>Il Microcredito di libert\u00e0 \u00e8 compatibile con eventuali altri sussidi economici. La domanda potr\u00e0 essere presentata fino ad esaurimento delle risorse disponibili e comunque non oltre novembre 2024.<\/p>\n<h5><strong>A chi rivolgersi<\/strong><\/h5>\n<p><strong>Chiunque fosse interessato pu\u00f2 rivolgersi a Fondazione Caritas Diocesana chiamando il numero telefonico 0461\/261166 o scrivendo a <a href=\"creditosolidale@diocesitn.it\">creditosolidale@diocesitn.it<\/a>.<\/strong><\/p>\n","protected":false},"excerpt":{"rendered":"<p>Sostenere le donne vittime di violenza, per facilitarne percorsi di autonomia e di riscatto personale. \u00c8 l\u2019obiettivo del progetto \u201cMicrocredito di libert\u00e0\u201d, promosso dalla Caritas nazionale e dal Dipartimento delle Pari Opportunit\u00e0 ed esteso anche<\/p>\n","protected":false},"author":3,"featured_media":13824,"comment_status":"closed","ping_status":"closed","sticky":false,"template":"","format":"standard","meta":{"footnotes":""},"categories":[1059,1074],"tags":[1092,2149,1391],"class_list":["post-13823","post","type-post","status-publish","format-standard","has-post-thumbnail","hentry","category-servizio-caritas","category-notizie","tag-caritas","tag-microcredito-di-liberta","tag-trento"],"acf":{"seed-localization-paese-cod":"IT","seed-localization-address":"","seed-localization-citta":"Trento","seed-localization-regione-cod-istat":"04","seed-localization-citta-cod-istat":"022205","seed-localization-localita":"","seed-localization-cap":"","seed-localization-marker-visibility":false,"seed-localization-children-visibility":false,"seed-localization-kml":"","seed-localization-custom-marker":""},"yoast_head":"<!-- This site is optimized with the Yoast SEO Premium plugin v20.2.1 (Yoast SEO v22.2) - https:\/\/yoast.com\/wordpress\/plugins\/seo\/ -->\n<title>Donne e violenza, microcredito per la libert\u00e0 con Caritas<\/title>\n<meta name=\"description\" content=\"\u201cMicrocredito di libert\u00e0 esteso anche al Trentino grazie a Caritas diocesana, in dialogo con Provincia, Centro antiviolenza e Casa Rifugio\" \/>\n<meta name=\"robots\" content=\"index, follow, max-snippet:-1, max-image-preview:large, max-video-preview:-1\" \/>\n<link rel=\"canonical\" href=\"https:\/\/www.diocesitn.it\/area-testimonianza\/2023\/11\/03\/donne-vittime-di-violenza-microcredito-per-la-liberta-dalla-caritas-un-sostegno-per-riprendere-in-mano-la-propria-vita\/\" \/>\n<meta property=\"og:locale\" content=\"it_IT\" \/>\n<meta property=\"og:type\" content=\"article\" \/>\n<meta property=\"og:title\" content=\"Donne vittime di violenza, microcredito per la libert\u00e0. Dalla Caritas un sostegno per riprendere in mano la propria vita\" \/>\n<meta property=\"og:description\" content=\"\u201cMicrocredito di libert\u00e0 esteso anche al Trentino grazie a Caritas diocesana, in dialogo con Provincia, Centro antiviolenza e Casa Rifugio\" \/>\n<meta property=\"og:url\" content=\"https:\/\/www.diocesitn.it\/area-testimonianza\/2023\/11\/03\/donne-vittime-di-violenza-microcredito-per-la-liberta-dalla-caritas-un-sostegno-per-riprendere-in-mano-la-propria-vita\/\" \/>\n<meta property=\"og:site_name\" content=\"Testimonianza e Impegno sociale\" \/>\n<meta property=\"article:published_time\" content=\"2023-11-03T11:18:44+00:00\" \/>\n<meta property=\"article:modified_time\" content=\"2024-11-14T10:25:16+00:00\" \/>\n<meta property=\"og:image\" content=\"https:\/\/www.diocesitn.it\/area-testimonianza\/wp-content\/uploads\/sites\/37\/2023\/11\/microcredito_liberta-1.jpg\" \/>\n\t<meta property=\"og:image:width\" content=\"768\" \/>\n\t<meta property=\"og:image:height\" content=\"512\" \/>\n\t<meta property=\"og:image:type\" content=\"image\/jpeg\" \/>\n<meta name=\"author\" content=\"Piergiorgio Franceschini\" \/>\n<meta name=\"twitter:card\" content=\"summary_large_image\" \/>\n<meta name=\"twitter:label1\" content=\"Scritto da\" \/>\n\t<meta name=\"twitter:data1\" content=\"Piergiorgio Franceschini\" \/>\n\t<meta name=\"twitter:label2\" content=\"Tempo di lettura stimato\" \/>\n\t<meta name=\"twitter:data2\" content=\"3 minuti\" \/>\n<script type=\"application\/ld+json\" class=\"yoast-schema-graph\">{\"@context\":\"https:\/\/schema.org\",\"@graph\":[{\"@type\":\"Article\",\"@id\":\"https:\/\/www.diocesitn.it\/area-testimonianza\/2023\/11\/03\/donne-vittime-di-violenza-microcredito-per-la-liberta-dalla-caritas-un-sostegno-per-riprendere-in-mano-la-propria-vita\/#article\",\"isPartOf\":{\"@id\":\"https:\/\/www.diocesitn.it\/area-testimonianza\/2023\/11\/03\/donne-vittime-di-violenza-microcredito-per-la-liberta-dalla-caritas-un-sostegno-per-riprendere-in-mano-la-propria-vita\/\"},\"author\":{\"name\":\"Piergiorgio Franceschini\",\"@id\":\"https:\/\/www.diocesitn.it\/area-testimonianza\/#\/schema\/person\/99590c84577873a025247b6aeb16ad2e\"},\"headline\":\"Donne vittime di violenza, microcredito per la libert\u00e0. Dalla Caritas un sostegno per riprendere in mano la propria vita\",\"datePublished\":\"2023-11-03T11:18:44+00:00\",\"dateModified\":\"2024-11-14T10:25:16+00:00\",\"mainEntityOfPage\":{\"@id\":\"https:\/\/www.diocesitn.it\/area-testimonianza\/2023\/11\/03\/donne-vittime-di-violenza-microcredito-per-la-liberta-dalla-caritas-un-sostegno-per-riprendere-in-mano-la-propria-vita\/\"},\"wordCount\":426,\"publisher\":{\"@id\":\"https:\/\/www.diocesitn.it\/area-testimonianza\/#organization\"},\"image\":{\"@id\":\"https:\/\/www.diocesitn.it\/area-testimonianza\/2023\/11\/03\/donne-vittime-di-violenza-microcredito-per-la-liberta-dalla-caritas-un-sostegno-per-riprendere-in-mano-la-propria-vita\/#primaryimage\"},\"thumbnailUrl\":\"https:\/\/www.diocesitn.it\/area-testimonianza\/wp-content\/uploads\/sites\/37\/2023\/11\/microcredito_liberta-1.jpg\",\"keywords\":[\"Caritas\",\"microcredito di libert\u00e0\",\"Trento\"],\"articleSection\":[\"Caritas diocesana\",\"Notizie\"],\"inLanguage\":\"it-IT\",\"copyrightYear\":\"2023\",\"copyrightHolder\":{\"@id\":\"https:\/\/www.diocesitn.it\/#organization\"}},{\"@type\":\"WebPage\",\"@id\":\"https:\/\/www.diocesitn.it\/area-testimonianza\/2023\/11\/03\/donne-vittime-di-violenza-microcredito-per-la-liberta-dalla-caritas-un-sostegno-per-riprendere-in-mano-la-propria-vita\/\",\"url\":\"https:\/\/www.diocesitn.it\/area-testimonianza\/2023\/11\/03\/donne-vittime-di-violenza-microcredito-per-la-liberta-dalla-caritas-un-sostegno-per-riprendere-in-mano-la-propria-vita\/\",\"name\":\"Donne e violenza, microcredito per la libert\u00e0 con Caritas\",\"isPartOf\":{\"@id\":\"https:\/\/www.diocesitn.it\/area-testimonianza\/#website\"},\"primaryImageOfPage\":{\"@id\":\"https:\/\/www.diocesitn.it\/area-testimonianza\/2023\/11\/03\/donne-vittime-di-violenza-microcredito-per-la-liberta-dalla-caritas-un-sostegno-per-riprendere-in-mano-la-propria-vita\/#primaryimage\"},\"image\":{\"@id\":\"https:\/\/www.diocesitn.it\/area-testimonianza\/2023\/11\/03\/donne-vittime-di-violenza-microcredito-per-la-liberta-dalla-caritas-un-sostegno-per-riprendere-in-mano-la-propria-vita\/#primaryimage\"},\"thumbnailUrl\":\"https:\/\/www.diocesitn.it\/area-testimonianza\/wp-content\/uploads\/sites\/37\/2023\/11\/microcredito_liberta-1.jpg\",\"datePublished\":\"2023-11-03T11:18:44+00:00\",\"dateModified\":\"2024-11-14T10:25:16+00:00\",\"description\":\"\u201cMicrocredito di libert\u00e0 esteso anche al Trentino grazie a Caritas diocesana, in dialogo con Provincia, Centro antiviolenza e Casa Rifugio\",\"breadcrumb\":{\"@id\":\"https:\/\/www.diocesitn.it\/area-testimonianza\/2023\/11\/03\/donne-vittime-di-violenza-microcredito-per-la-liberta-dalla-caritas-un-sostegno-per-riprendere-in-mano-la-propria-vita\/#breadcrumb\"},\"inLanguage\":\"it-IT\",\"potentialAction\":[{\"@type\":\"ReadAction\",\"target\":[\"https:\/\/www.diocesitn.it\/area-testimonianza\/2023\/11\/03\/donne-vittime-di-violenza-microcredito-per-la-liberta-dalla-caritas-un-sostegno-per-riprendere-in-mano-la-propria-vita\/\"]}]},{\"@type\":\"ImageObject\",\"inLanguage\":\"it-IT\",\"@id\":\"https:\/\/www.diocesitn.it\/area-testimonianza\/2023\/11\/03\/donne-vittime-di-violenza-microcredito-per-la-liberta-dalla-caritas-un-sostegno-per-riprendere-in-mano-la-propria-vita\/#primaryimage\",\"url\":\"https:\/\/www.diocesitn.it\/area-testimonianza\/wp-content\/uploads\/sites\/37\/2023\/11\/microcredito_liberta-1.jpg\",\"contentUrl\":\"https:\/\/www.diocesitn.it\/area-testimonianza\/wp-content\/uploads\/sites\/37\/2023\/11\/microcredito_liberta-1.jpg\",\"width\":768,\"height\":512},{\"@type\":\"BreadcrumbList\",\"@id\":\"https:\/\/www.diocesitn.it\/area-testimonianza\/2023\/11\/03\/donne-vittime-di-violenza-microcredito-per-la-liberta-dalla-caritas-un-sostegno-per-riprendere-in-mano-la-propria-vita\/#breadcrumb\",\"itemListElement\":[{\"@type\":\"ListItem\",\"position\":1,\"name\":\"Home\",\"item\":\"https:\/\/www.diocesitn.it\/area-testimonianza\/\"},{\"@type\":\"ListItem\",\"position\":2,\"name\":\"Donne vittime di violenza, microcredito per la libert\u00e0. Dalla Caritas un sostegno per riprendere in mano la propria vita\"}]},{\"@type\":\"WebSite\",\"@id\":\"https:\/\/www.diocesitn.it\/area-testimonianza\/#website\",\"url\":\"https:\/\/www.diocesitn.it\/area-testimonianza\/\",\"name\":\"Testimonianza e Impegno sociale\",\"description\":\"Chiesa di Trento\",\"publisher\":{\"@id\":\"https:\/\/www.diocesitn.it\/area-testimonianza\/#organization\"},\"potentialAction\":[{\"@type\":\"SearchAction\",\"target\":{\"@type\":\"EntryPoint\",\"urlTemplate\":\"https:\/\/www.diocesitn.it\/area-testimonianza\/?s={search_term_string}\"},\"query-input\":\"required name=search_term_string\"}],\"inLanguage\":\"it-IT\"},{\"@type\":[\"Organization\",\"Place\"],\"@id\":\"https:\/\/www.diocesitn.it\/area-testimonianza\/#organization\",\"name\":\"Area Testimonianza e Impegno Sociale - Chiesa di Trento\",\"url\":\"https:\/\/www.diocesitn.it\/area-testimonianza\/\",\"logo\":{\"@id\":\"https:\/\/www.diocesitn.it\/area-testimonianza\/2023\/11\/03\/donne-vittime-di-violenza-microcredito-per-la-liberta-dalla-caritas-un-sostegno-per-riprendere-in-mano-la-propria-vita\/#local-main-organization-logo\"},\"image\":{\"@id\":\"https:\/\/www.diocesitn.it\/area-testimonianza\/2023\/11\/03\/donne-vittime-di-violenza-microcredito-per-la-liberta-dalla-caritas-un-sostegno-per-riprendere-in-mano-la-propria-vita\/#local-main-organization-logo\"},\"openingHoursSpecification\":[{\"@type\":\"OpeningHoursSpecification\",\"dayOfWeek\":[\"Monday\",\"Tuesday\",\"Wednesday\",\"Thursday\",\"Friday\",\"Saturday\",\"Sunday\"],\"opens\":\"09:00\",\"closes\":\"17:00\"}]},{\"@type\":\"ImageObject\",\"inLanguage\":\"it-IT\",\"@id\":\"https:\/\/www.diocesitn.it\/area-testimonianza\/2023\/11\/03\/donne-vittime-di-violenza-microcredito-per-la-liberta-dalla-caritas-un-sostegno-per-riprendere-in-mano-la-propria-vita\/#local-main-organization-logo\",\"url\":\"https:\/\/www.diocesitn.it\/area-testimonianza\/wp-content\/uploads\/sites\/37\/2021\/09\/og-logo-testimonianza-e-impegno-sociale.jpg\",\"contentUrl\":\"https:\/\/www.diocesitn.it\/area-testimonianza\/wp-content\/uploads\/sites\/37\/2021\/09\/og-logo-testimonianza-e-impegno-sociale.jpg\",\"width\":1200,\"height\":630,\"caption\":\"Area Testimonianza e Impegno Sociale - Chiesa di Trento\"}]}<\/script>\n<!-- \/ Yoast SEO Premium plugin. -->","yoast_head_json":{"title":"Donne e violenza, microcredito per la libert\u00e0 con Caritas","description":"\u201cMicrocredito di libert\u00e0 esteso anche al Trentino grazie a Caritas diocesana, in dialogo con Provincia, Centro antiviolenza e Casa Rifugio","robots":{"index":"index","follow":"follow","max-snippet":"max-snippet:-1","max-image-preview":"max-image-preview:large","max-video-preview":"max-video-preview:-1"},"canonical":"https:\/\/www.diocesitn.it\/area-testimonianza\/2023\/11\/03\/donne-vittime-di-violenza-microcredito-per-la-liberta-dalla-caritas-un-sostegno-per-riprendere-in-mano-la-propria-vita\/","og_locale":"it_IT","og_type":"article","og_title":"Donne vittime di violenza, microcredito per la libert\u00e0. Dalla Caritas un sostegno per riprendere in mano la propria vita","og_description":"\u201cMicrocredito di libert\u00e0 esteso anche al Trentino grazie a Caritas diocesana, in dialogo con Provincia, Centro antiviolenza e Casa Rifugio","og_url":"https:\/\/www.diocesitn.it\/area-testimonianza\/2023\/11\/03\/donne-vittime-di-violenza-microcredito-per-la-liberta-dalla-caritas-un-sostegno-per-riprendere-in-mano-la-propria-vita\/","og_site_name":"Testimonianza e Impegno sociale","article_published_time":"2023-11-03T11:18:44+00:00","article_modified_time":"2024-11-14T10:25:16+00:00","og_image":[{"width":768,"height":512,"url":"https:\/\/www.diocesitn.it\/area-testimonianza\/wp-content\/uploads\/sites\/37\/2023\/11\/microcredito_liberta-1.jpg","type":"image\/jpeg"}],"author":"Piergiorgio Franceschini","twitter_card":"summary_large_image","twitter_misc":{"Scritto da":"Piergiorgio Franceschini","Tempo di lettura stimato":"3 minuti"},"schema":{"@context":"https:\/\/schema.org","@graph":[{"@type":"Article","@id":"https:\/\/www.diocesitn.it\/area-testimonianza\/2023\/11\/03\/donne-vittime-di-violenza-microcredito-per-la-liberta-dalla-caritas-un-sostegno-per-riprendere-in-mano-la-propria-vita\/#article","isPartOf":{"@id":"https:\/\/www.diocesitn.it\/area-testimonianza\/2023\/11\/03\/donne-vittime-di-violenza-microcredito-per-la-liberta-dalla-caritas-un-sostegno-per-riprendere-in-mano-la-propria-vita\/"},"author":{"name":"Piergiorgio Franceschini","@id":"https:\/\/www.diocesitn.it\/area-testimonianza\/#\/schema\/person\/99590c84577873a025247b6aeb16ad2e"},"headline":"Donne vittime di violenza, microcredito per la libert\u00e0. Dalla Caritas un sostegno per riprendere in mano la propria vita","datePublished":"2023-11-03T11:18:44+00:00","dateModified":"2024-11-14T10:25:16+00:00","mainEntityOfPage":{"@id":"https:\/\/www.diocesitn.it\/area-testimonianza\/2023\/11\/03\/donne-vittime-di-violenza-microcredito-per-la-liberta-dalla-caritas-un-sostegno-per-riprendere-in-mano-la-propria-vita\/"},"wordCount":426,"publisher":{"@id":"https:\/\/www.diocesitn.it\/area-testimonianza\/#organization"},"image":{"@id":"https:\/\/www.diocesitn.it\/area-testimonianza\/2023\/11\/03\/donne-vittime-di-violenza-microcredito-per-la-liberta-dalla-caritas-un-sostegno-per-riprendere-in-mano-la-propria-vita\/#primaryimage"},"thumbnailUrl":"https:\/\/www.diocesitn.it\/area-testimonianza\/wp-content\/uploads\/sites\/37\/2023\/11\/microcredito_liberta-1.jpg","keywords":["Caritas","microcredito di libert\u00e0","Trento"],"articleSection":["Caritas diocesana","Notizie"],"inLanguage":"it-IT","copyrightYear":"2023","copyrightHolder":{"@id":"https:\/\/www.diocesitn.it\/#organization"}},{"@type":"WebPage","@id":"https:\/\/www.diocesitn.it\/area-testimonianza\/2023\/11\/03\/donne-vittime-di-violenza-microcredito-per-la-liberta-dalla-caritas-un-sostegno-per-riprendere-in-mano-la-propria-vita\/","url":"https:\/\/www.diocesitn.it\/area-testimonianza\/2023\/11\/03\/donne-vittime-di-violenza-microcredito-per-la-liberta-dalla-caritas-un-sostegno-per-riprendere-in-mano-la-propria-vita\/","name":"Donne e violenza, microcredito per la libert\u00e0 con Caritas","isPartOf":{"@id":"https:\/\/www.diocesitn.it\/area-testimonianza\/#website"},"primaryImageOfPage":{"@id":"https:\/\/www.diocesitn.it\/area-testimonianza\/2023\/11\/03\/donne-vittime-di-violenza-microcredito-per-la-liberta-dalla-caritas-un-sostegno-per-riprendere-in-mano-la-propria-vita\/#primaryimage"},"image":{"@id":"https:\/\/www.diocesitn.it\/area-testimonianza\/2023\/11\/03\/donne-vittime-di-violenza-microcredito-per-la-liberta-dalla-caritas-un-sostegno-per-riprendere-in-mano-la-propria-vita\/#primaryimage"},"thumbnailUrl":"https:\/\/www.diocesitn.it\/area-testimonianza\/wp-content\/uploads\/sites\/37\/2023\/11\/microcredito_liberta-1.jpg","datePublished":"2023-11-03T11:18:44+00:00","dateModified":"2024-11-14T10:25:16+00:00","description":"\u201cMicrocredito di libert\u00e0 esteso anche al Trentino grazie a Caritas diocesana, in dialogo con Provincia, Centro antiviolenza e Casa Rifugio","breadcrumb":{"@id":"https:\/\/www.diocesitn.it\/area-testimonianza\/2023\/11\/03\/donne-vittime-di-violenza-microcredito-per-la-liberta-dalla-caritas-un-sostegno-per-riprendere-in-mano-la-propria-vita\/#breadcrumb"},"inLanguage":"it-IT","potentialAction":[{"@type":"ReadAction","target":["https:\/\/www.diocesitn.it\/area-testimonianza\/2023\/11\/03\/donne-vittime-di-violenza-microcredito-per-la-liberta-dalla-caritas-un-sostegno-per-riprendere-in-mano-la-propria-vita\/"]}]},{"@type":"ImageObject","inLanguage":"it-IT","@id":"https:\/\/www.diocesitn.it\/area-testimonianza\/2023\/11\/03\/donne-vittime-di-violenza-microcredito-per-la-liberta-dalla-caritas-un-sostegno-per-riprendere-in-mano-la-propria-vita\/#primaryimage","url":"https:\/\/www.diocesitn.it\/area-testimonianza\/wp-content\/uploads\/sites\/37\/2023\/11\/microcredito_liberta-1.jpg","contentUrl":"https:\/\/www.diocesitn.it\/area-testimonianza\/wp-content\/uploads\/sites\/37\/2023\/11\/microcredito_liberta-1.jpg","width":768,"height":512},{"@type":"BreadcrumbList","@id":"https:\/\/www.diocesitn.it\/area-testimonianza\/2023\/11\/03\/donne-vittime-di-violenza-microcredito-per-la-liberta-dalla-caritas-un-sostegno-per-riprendere-in-mano-la-propria-vita\/#breadcrumb","itemListElement":[{"@type":"ListItem","position":1,"name":"Home","item":"https:\/\/www.diocesitn.it\/area-testimonianza\/"},{"@type":"ListItem","position":2,"name":"Donne vittime di violenza, microcredito per la libert\u00e0. Dalla Caritas un sostegno per riprendere in mano la propria vita"}]},{"@type":"WebSite","@id":"https:\/\/www.diocesitn.it\/area-testimonianza\/#website","url":"https:\/\/www.diocesitn.it\/area-testimonianza\/","name":"Testimonianza e Impegno sociale","description":"Chiesa di Trento","publisher":{"@id":"https:\/\/www.diocesitn.it\/area-testimonianza\/#organization"},"potentialAction":[{"@type":"SearchAction","target":{"@type":"EntryPoint","urlTemplate":"https:\/\/www.diocesitn.it\/area-testimonianza\/?s={search_term_string}"},"query-input":"required name=search_term_string"}],"inLanguage":"it-IT"},{"@type":["Organization","Place"],"@id":"https:\/\/www.diocesitn.it\/area-testimonianza\/#organization","name":"Area Testimonianza e Impegno Sociale - Chiesa di Trento","url":"https:\/\/www.diocesitn.it\/area-testimonianza\/","logo":{"@id":"https:\/\/www.diocesitn.it\/area-testimonianza\/2023\/11\/03\/donne-vittime-di-violenza-microcredito-per-la-liberta-dalla-caritas-un-sostegno-per-riprendere-in-mano-la-propria-vita\/#local-main-organization-logo"},"image":{"@id":"https:\/\/www.diocesitn.it\/area-testimonianza\/2023\/11\/03\/donne-vittime-di-violenza-microcredito-per-la-liberta-dalla-caritas-un-sostegno-per-riprendere-in-mano-la-propria-vita\/#local-main-organization-logo"},"openingHoursSpecification":[{"@type":"OpeningHoursSpecification","dayOfWeek":["Monday","Tuesday","Wednesday","Thursday","Friday","Saturday","Sunday"],"opens":"09:00","closes":"17:00"}]},{"@type":"ImageObject","inLanguage":"it-IT","@id":"https:\/\/www.diocesitn.it\/area-testimonianza\/2023\/11\/03\/donne-vittime-di-violenza-microcredito-per-la-liberta-dalla-caritas-un-sostegno-per-riprendere-in-mano-la-propria-vita\/#local-main-organization-logo","url":"https:\/\/www.diocesitn.it\/area-testimonianza\/wp-content\/uploads\/sites\/37\/2021\/09\/og-logo-testimonianza-e-impegno-sociale.jpg","contentUrl":"https:\/\/www.diocesitn.it\/area-testimonianza\/wp-content\/uploads\/sites\/37\/2021\/09\/og-logo-testimonianza-e-impegno-sociale.jpg","width":1200,"height":630,"caption":"Area Testimonianza e Impegno Sociale - Chiesa di Trento"}]}},"_links":{"self":[{"href":"https:\/\/www.diocesitn.it\/area-testimonianza\/wp-json\/wp\/v2\/posts\/13823","targetHints":{"allow":["GET"]}}],"collection":[{"href":"https:\/\/www.diocesitn.it\/area-testimonianza\/wp-json\/wp\/v2\/posts"}],"about":[{"href":"https:\/\/www.diocesitn.it\/area-testimonianza\/wp-json\/wp\/v2\/types\/post"}],"author":[{"embeddable":true,"href":"https:\/\/www.diocesitn.it\/area-testimonianza\/wp-json\/wp\/v2\/users\/3"}],"replies":[{"embeddable":true,"href":"https:\/\/www.diocesitn.it\/area-testimonianza\/wp-json\/wp\/v2\/comments?post=13823"}],"version-history":[{"count":1,"href":"https:\/\/www.diocesitn.it\/area-testimonianza\/wp-json\/wp\/v2\/posts\/13823\/revisions"}],"predecessor-version":[{"id":14005,"href":"https:\/\/www.diocesitn.it\/area-testimonianza\/wp-json\/wp\/v2\/posts\/13823\/revisions\/14005"}],"wp:featuredmedia":[{"embeddable":true,"href":"https:\/\/www.diocesitn.it\/area-testimonianza\/wp-json\/wp\/v2\/media\/13824"}],"wp:attachment":[{"href":"https:\/\/www.diocesitn.it\/area-testimonianza\/wp-json\/wp\/v2\/media?parent=13823"}],"wp:term":[{"taxonomy":"category","embeddable":true,"href":"https:\/\/www.diocesitn.it\/area-testimonianza\/wp-json\/wp\/v2\/categories?post=13823"},{"taxonomy":"post_tag","embeddable":true,"href":"https:\/\/www.diocesitn.it\/area-testimonianza\/wp-json\/wp\/v2\/tags?post=13823"}],"curies":[{"name":"wp","href":"https:\/\/api.w.org\/{rel}","templated":true}]}}