{"id":13789,"date":"2023-10-17T12:17:07","date_gmt":"2023-10-17T10:17:07","guid":{"rendered":"https:\/\/www.diocesitn.it\/area-testimonianza\/2023\/10\/17\/mensa-della-provvidenza-al-convento-dei-cappuccini-servono-alimenti-appello-della-diocesi-a-donare-cibo\/"},"modified":"2024-11-14T11:25:16","modified_gmt":"2024-11-14T10:25:16","slug":"mensa-della-provvidenza-al-convento-dei-cappuccini-servono-alimenti-appello-della-diocesi-a-donare-cibo","status":"publish","type":"post","link":"https:\/\/www.diocesitn.it\/area-testimonianza\/2023\/10\/17\/mensa-della-provvidenza-al-convento-dei-cappuccini-servono-alimenti-appello-della-diocesi-a-donare-cibo\/","title":{"rendered":"Mensa della Provvidenza al Convento dei Cappuccini, servono alimenti. Appello della Diocesi a donare cibo"},"content":{"rendered":"<p>A poco pi\u00f9 di un mese dall\u2019assunzione del coordinamento della <strong>Mensa della Provvidenza<\/strong>, nel convento dei Cappuccini alla Cervara, la <strong>Diocesi di Trento <\/strong>lancia un <strong>appello <\/strong>in particolare alla citt\u00e0 per la <strong>fornitura di alimenti <\/strong>necessari ad offrire ogni sera un <strong>pasto caldo a un centinaio di bisognosi e alla distribuzione di oltre 250 pacchi viveri mensili<\/strong>.<\/p>\n<p>Per garantire la piena operativit\u00e0 della Mensa, servono al momento <strong>scatole di pomodoro, legumi, tonno, olio (semi e oliva) farina bianca, zucchero, latte, pasta caff\u00e8, biscotti<\/strong>. In generale alimenti a <strong>lunga conservazione. <\/strong><\/p>\n<p>La Mensa e il servizio dei pacchi viveri si regge su una rete di ben <strong>trecento volontari<\/strong> che si alternano nella raccolta delle forniture alimentari (di varia provenienza, in particolare supermercati, associazioni e privati), nella preparazione e nella distribuzione. A coordinare il loro lavoro c\u2019\u00e8 ora in particolare la Caritas diocesana.<\/p>\n<p>Il delegato dell\u2019Area Testimonianza <strong>don Mauro Leonardelli<\/strong> ha scritto ai parroci della citt\u00e0, invitandoli a sensibilizzare le comunit\u00e0 in tal senso. \u201cMi rivolgo a voi \u2013 sottolinea don Mauro \u2013 per chiedervi un aiuto concreto; tale risposta ci permetter\u00e0 di continuare la vicinanza concreta alle persone che si rivolgono a noi per un aiuto\u201d.<\/p>\n<p>Nella sua lettera, don Leonardelli ringrazia \u201ctutti i volontari che continuano a svolgere il loro servizio in modo eccellente e amorevole verso persone che attraversano difficolt\u00e0\u201d ed invita ora ad estendere tale sensibilit\u00e0, dando risposta all\u2019appello \u201caffinch\u00e9 \u2013 aggiunge \u2013 tale aiuto possa continuare nel migliore dei modi\u201d. \u201cAnche un piccolo gesto \u00e8 importante, senza dover pensare alle grandi quantit\u00e0 di alimenti, ma quello che ogni famiglia si sente di donare va bene, fosse anche 1 chilo di pasta\u201d, ci tiene a precisare don Mauro.<\/p>\n<p>Nell\u2019appello anche un richiamo anche alla Lettera alla Comunit\u00e0 dell\u2019<strong>arcivescovo Lauro <\/strong>\u201cLievito e sale\u201d laddove monsignor Tisi, a proposito del Convento lasciato dai Cappuccini <a href=\"https:\/\/www.diocesitn.it\/site\/il-grazie-ai-cappuccini-con-la-vostra-manica-larga-ci-avete-raccontato-la-misericordia-di-un-dio-che-e-madre\/\">in gestione alla Diocesi<\/a> da fine agosto, cos\u00ec auspicava: \u201cDalla collina della citt\u00e0 vorrei si riverberasse una luce di positivit\u00e0 e speranza. La vicinanza alla fragilit\u00e0 sia la principale urgenza pastorale della nostra Chiesa.\u201d<\/p>\n<p><strong>Chiunque desiderasse rispondere all\u2019appello, pu\u00f2 portare alimenti tra quelli indicati presso il Convento in via alle Laste, 3 dalle ore 15 alle 18. \u00a0<\/strong><\/p>\n<p><strong>Per necessit\u00e0 particolari ci si pu\u00f2 rivolgere alla sede dell\u2019Area Testimonianza in via Barbacovi, 4 (tel. 0461 891124).<\/strong><\/p>\n","protected":false},"excerpt":{"rendered":"<p>A poco pi\u00f9 di un mese dall\u2019assunzione del coordinamento della Mensa della Provvidenza, nel convento dei Cappuccini alla Cervara, la Diocesi di Trento lancia un appello in particolare alla citt\u00e0 per la fornitura di alimenti<\/p>\n","protected":false},"author":168,"featured_media":13792,"comment_status":"closed","ping_status":"closed","sticky":false,"template":"","format":"standard","meta":{"footnotes":""},"categories":[1059,1074],"tags":[2148],"class_list":["post-13789","post","type-post","status-publish","format-standard","has-post-thumbnail","hentry","category-servizio-caritas","category-notizie","tag-mensa-provvidenza"],"acf":{"seed-localization-paese-cod":"IT","seed-localization-address":"","seed-localization-citta":"Trento","seed-localization-regione-cod-istat":"04","seed-localization-citta-cod-istat":"022205","seed-localization-localita":"","seed-localization-cap":"","seed-localization-marker-visibility":false,"seed-localization-children-visibility":false,"seed-localization-kml":"","seed-localization-custom-marker":""},"yoast_head":"<!-- This site is optimized with the Yoast SEO Premium plugin v20.2.1 (Yoast SEO v22.2) - https:\/\/yoast.com\/wordpress\/plugins\/seo\/ -->\n<title>Mensa al Convento dei Cappuccini, servono alimenti. Appello<\/title>\n<meta name=\"description\" content=\"La Diocesi di Trento lancia un appello per la fornitura di alimenti necessari ad offrire ogni sera un pasto caldo a un centinaio di bisognosi alla mensa della provvidenza\" \/>\n<meta name=\"robots\" content=\"index, follow, max-snippet:-1, max-image-preview:large, max-video-preview:-1\" \/>\n<link rel=\"canonical\" href=\"https:\/\/www.diocesitn.it\/area-testimonianza\/2023\/10\/17\/mensa-della-provvidenza-al-convento-dei-cappuccini-servono-alimenti-appello-della-diocesi-a-donare-cibo\/\" \/>\n<meta property=\"og:locale\" content=\"it_IT\" \/>\n<meta property=\"og:type\" content=\"article\" \/>\n<meta property=\"og:title\" content=\"Mensa della Provvidenza al Convento dei Cappuccini, servono alimenti. Appello della Diocesi a donare cibo\" \/>\n<meta property=\"og:description\" content=\"La Diocesi di Trento lancia un appello per la fornitura di alimenti necessari ad offrire ogni sera un pasto caldo a un centinaio di bisognosi alla mensa della provvidenza\" \/>\n<meta property=\"og:url\" content=\"https:\/\/www.diocesitn.it\/area-testimonianza\/2023\/10\/17\/mensa-della-provvidenza-al-convento-dei-cappuccini-servono-alimenti-appello-della-diocesi-a-donare-cibo\/\" \/>\n<meta property=\"og:site_name\" content=\"Testimonianza e Impegno sociale\" \/>\n<meta property=\"article:published_time\" content=\"2023-10-17T10:17:07+00:00\" \/>\n<meta property=\"article:modified_time\" content=\"2024-11-14T10:25:16+00:00\" \/>\n<meta property=\"og:image\" content=\"https:\/\/www.diocesitn.it\/area-testimonianza\/wp-content\/uploads\/sites\/37\/2023\/10\/cappuccini_5.jpg\" \/>\n\t<meta property=\"og:image:width\" content=\"900\" \/>\n\t<meta property=\"og:image:height\" content=\"621\" \/>\n\t<meta property=\"og:image:type\" content=\"image\/jpeg\" \/>\n<meta name=\"author\" content=\"losspapot\" \/>\n<meta name=\"twitter:card\" content=\"summary_large_image\" \/>\n<meta name=\"twitter:label1\" content=\"Scritto da\" \/>\n\t<meta name=\"twitter:data1\" content=\"losspapot\" \/>\n\t<meta name=\"twitter:label2\" content=\"Tempo di lettura stimato\" \/>\n\t<meta name=\"twitter:data2\" content=\"2 minuti\" \/>\n<script type=\"application\/ld+json\" class=\"yoast-schema-graph\">{\"@context\":\"https:\/\/schema.org\",\"@graph\":[{\"@type\":\"Article\",\"@id\":\"https:\/\/www.diocesitn.it\/area-testimonianza\/2023\/10\/17\/mensa-della-provvidenza-al-convento-dei-cappuccini-servono-alimenti-appello-della-diocesi-a-donare-cibo\/#article\",\"isPartOf\":{\"@id\":\"https:\/\/www.diocesitn.it\/area-testimonianza\/2023\/10\/17\/mensa-della-provvidenza-al-convento-dei-cappuccini-servono-alimenti-appello-della-diocesi-a-donare-cibo\/\"},\"author\":{\"name\":\"losspapot\",\"@id\":\"https:\/\/www.diocesitn.it\/area-testimonianza\/#\/schema\/person\/3526ceacb35e1aa4c86252e45adfad22\"},\"headline\":\"Mensa della Provvidenza al Convento dei Cappuccini, servono alimenti. Appello della Diocesi a donare cibo\",\"datePublished\":\"2023-10-17T10:17:07+00:00\",\"dateModified\":\"2024-11-14T10:25:16+00:00\",\"mainEntityOfPage\":{\"@id\":\"https:\/\/www.diocesitn.it\/area-testimonianza\/2023\/10\/17\/mensa-della-provvidenza-al-convento-dei-cappuccini-servono-alimenti-appello-della-diocesi-a-donare-cibo\/\"},\"wordCount\":387,\"publisher\":{\"@id\":\"https:\/\/www.diocesitn.it\/area-testimonianza\/#organization\"},\"image\":{\"@id\":\"https:\/\/www.diocesitn.it\/area-testimonianza\/2023\/10\/17\/mensa-della-provvidenza-al-convento-dei-cappuccini-servono-alimenti-appello-della-diocesi-a-donare-cibo\/#primaryimage\"},\"thumbnailUrl\":\"https:\/\/www.diocesitn.it\/area-testimonianza\/wp-content\/uploads\/sites\/37\/2023\/10\/cappuccini_5.jpg\",\"keywords\":[\"mensa provvidenza\"],\"articleSection\":[\"Caritas diocesana\",\"Notizie\"],\"inLanguage\":\"it-IT\",\"copyrightYear\":\"2023\",\"copyrightHolder\":{\"@id\":\"https:\/\/www.diocesitn.it\/#organization\"}},{\"@type\":\"WebPage\",\"@id\":\"https:\/\/www.diocesitn.it\/area-testimonianza\/2023\/10\/17\/mensa-della-provvidenza-al-convento-dei-cappuccini-servono-alimenti-appello-della-diocesi-a-donare-cibo\/\",\"url\":\"https:\/\/www.diocesitn.it\/area-testimonianza\/2023\/10\/17\/mensa-della-provvidenza-al-convento-dei-cappuccini-servono-alimenti-appello-della-diocesi-a-donare-cibo\/\",\"name\":\"Mensa al Convento dei Cappuccini, servono alimenti. Appello\",\"isPartOf\":{\"@id\":\"https:\/\/www.diocesitn.it\/area-testimonianza\/#website\"},\"primaryImageOfPage\":{\"@id\":\"https:\/\/www.diocesitn.it\/area-testimonianza\/2023\/10\/17\/mensa-della-provvidenza-al-convento-dei-cappuccini-servono-alimenti-appello-della-diocesi-a-donare-cibo\/#primaryimage\"},\"image\":{\"@id\":\"https:\/\/www.diocesitn.it\/area-testimonianza\/2023\/10\/17\/mensa-della-provvidenza-al-convento-dei-cappuccini-servono-alimenti-appello-della-diocesi-a-donare-cibo\/#primaryimage\"},\"thumbnailUrl\":\"https:\/\/www.diocesitn.it\/area-testimonianza\/wp-content\/uploads\/sites\/37\/2023\/10\/cappuccini_5.jpg\",\"datePublished\":\"2023-10-17T10:17:07+00:00\",\"dateModified\":\"2024-11-14T10:25:16+00:00\",\"description\":\"La Diocesi di Trento lancia un appello per la fornitura di alimenti necessari ad offrire ogni sera un pasto caldo a un centinaio di bisognosi alla mensa della provvidenza\",\"breadcrumb\":{\"@id\":\"https:\/\/www.diocesitn.it\/area-testimonianza\/2023\/10\/17\/mensa-della-provvidenza-al-convento-dei-cappuccini-servono-alimenti-appello-della-diocesi-a-donare-cibo\/#breadcrumb\"},\"inLanguage\":\"it-IT\",\"potentialAction\":[{\"@type\":\"ReadAction\",\"target\":[\"https:\/\/www.diocesitn.it\/area-testimonianza\/2023\/10\/17\/mensa-della-provvidenza-al-convento-dei-cappuccini-servono-alimenti-appello-della-diocesi-a-donare-cibo\/\"]}]},{\"@type\":\"ImageObject\",\"inLanguage\":\"it-IT\",\"@id\":\"https:\/\/www.diocesitn.it\/area-testimonianza\/2023\/10\/17\/mensa-della-provvidenza-al-convento-dei-cappuccini-servono-alimenti-appello-della-diocesi-a-donare-cibo\/#primaryimage\",\"url\":\"https:\/\/www.diocesitn.it\/area-testimonianza\/wp-content\/uploads\/sites\/37\/2023\/10\/cappuccini_5.jpg\",\"contentUrl\":\"https:\/\/www.diocesitn.it\/area-testimonianza\/wp-content\/uploads\/sites\/37\/2023\/10\/cappuccini_5.jpg\",\"width\":900,\"height\":621},{\"@type\":\"BreadcrumbList\",\"@id\":\"https:\/\/www.diocesitn.it\/area-testimonianza\/2023\/10\/17\/mensa-della-provvidenza-al-convento-dei-cappuccini-servono-alimenti-appello-della-diocesi-a-donare-cibo\/#breadcrumb\",\"itemListElement\":[{\"@type\":\"ListItem\",\"position\":1,\"name\":\"Home\",\"item\":\"https:\/\/www.diocesitn.it\/area-testimonianza\/\"},{\"@type\":\"ListItem\",\"position\":2,\"name\":\"Mensa della Provvidenza al Convento dei Cappuccini, servono alimenti. Appello della Diocesi a donare cibo\"}]},{\"@type\":\"WebSite\",\"@id\":\"https:\/\/www.diocesitn.it\/area-testimonianza\/#website\",\"url\":\"https:\/\/www.diocesitn.it\/area-testimonianza\/\",\"name\":\"Testimonianza e Impegno sociale\",\"description\":\"Chiesa di Trento\",\"publisher\":{\"@id\":\"https:\/\/www.diocesitn.it\/area-testimonianza\/#organization\"},\"potentialAction\":[{\"@type\":\"SearchAction\",\"target\":{\"@type\":\"EntryPoint\",\"urlTemplate\":\"https:\/\/www.diocesitn.it\/area-testimonianza\/?s={search_term_string}\"},\"query-input\":\"required name=search_term_string\"}],\"inLanguage\":\"it-IT\"},{\"@type\":[\"Organization\",\"Place\"],\"@id\":\"https:\/\/www.diocesitn.it\/area-testimonianza\/#organization\",\"name\":\"Area Testimonianza e Impegno Sociale - Chiesa di Trento\",\"url\":\"https:\/\/www.diocesitn.it\/area-testimonianza\/\",\"logo\":{\"@id\":\"https:\/\/www.diocesitn.it\/area-testimonianza\/2023\/10\/17\/mensa-della-provvidenza-al-convento-dei-cappuccini-servono-alimenti-appello-della-diocesi-a-donare-cibo\/#local-main-organization-logo\"},\"image\":{\"@id\":\"https:\/\/www.diocesitn.it\/area-testimonianza\/2023\/10\/17\/mensa-della-provvidenza-al-convento-dei-cappuccini-servono-alimenti-appello-della-diocesi-a-donare-cibo\/#local-main-organization-logo\"},\"openingHoursSpecification\":[{\"@type\":\"OpeningHoursSpecification\",\"dayOfWeek\":[\"Monday\",\"Tuesday\",\"Wednesday\",\"Thursday\",\"Friday\",\"Saturday\",\"Sunday\"],\"opens\":\"09:00\",\"closes\":\"17:00\"}]},{\"@type\":\"ImageObject\",\"inLanguage\":\"it-IT\",\"@id\":\"https:\/\/www.diocesitn.it\/area-testimonianza\/2023\/10\/17\/mensa-della-provvidenza-al-convento-dei-cappuccini-servono-alimenti-appello-della-diocesi-a-donare-cibo\/#local-main-organization-logo\",\"url\":\"https:\/\/www.diocesitn.it\/area-testimonianza\/wp-content\/uploads\/sites\/37\/2021\/09\/og-logo-testimonianza-e-impegno-sociale.jpg\",\"contentUrl\":\"https:\/\/www.diocesitn.it\/area-testimonianza\/wp-content\/uploads\/sites\/37\/2021\/09\/og-logo-testimonianza-e-impegno-sociale.jpg\",\"width\":1200,\"height\":630,\"caption\":\"Area Testimonianza e Impegno Sociale - Chiesa di Trento\"}]}<\/script>\n<!-- \/ Yoast SEO Premium plugin. -->","yoast_head_json":{"title":"Mensa al Convento dei Cappuccini, servono alimenti. Appello","description":"La Diocesi di Trento lancia un appello per la fornitura di alimenti necessari ad offrire ogni sera un pasto caldo a un centinaio di bisognosi alla mensa della provvidenza","robots":{"index":"index","follow":"follow","max-snippet":"max-snippet:-1","max-image-preview":"max-image-preview:large","max-video-preview":"max-video-preview:-1"},"canonical":"https:\/\/www.diocesitn.it\/area-testimonianza\/2023\/10\/17\/mensa-della-provvidenza-al-convento-dei-cappuccini-servono-alimenti-appello-della-diocesi-a-donare-cibo\/","og_locale":"it_IT","og_type":"article","og_title":"Mensa della Provvidenza al Convento dei Cappuccini, servono alimenti. Appello della Diocesi a donare cibo","og_description":"La Diocesi di Trento lancia un appello per la fornitura di alimenti necessari ad offrire ogni sera un pasto caldo a un centinaio di bisognosi alla mensa della provvidenza","og_url":"https:\/\/www.diocesitn.it\/area-testimonianza\/2023\/10\/17\/mensa-della-provvidenza-al-convento-dei-cappuccini-servono-alimenti-appello-della-diocesi-a-donare-cibo\/","og_site_name":"Testimonianza e Impegno sociale","article_published_time":"2023-10-17T10:17:07+00:00","article_modified_time":"2024-11-14T10:25:16+00:00","og_image":[{"width":900,"height":621,"url":"https:\/\/www.diocesitn.it\/area-testimonianza\/wp-content\/uploads\/sites\/37\/2023\/10\/cappuccini_5.jpg","type":"image\/jpeg"}],"author":"losspapot","twitter_card":"summary_large_image","twitter_misc":{"Scritto da":"losspapot","Tempo di lettura stimato":"2 minuti"},"schema":{"@context":"https:\/\/schema.org","@graph":[{"@type":"Article","@id":"https:\/\/www.diocesitn.it\/area-testimonianza\/2023\/10\/17\/mensa-della-provvidenza-al-convento-dei-cappuccini-servono-alimenti-appello-della-diocesi-a-donare-cibo\/#article","isPartOf":{"@id":"https:\/\/www.diocesitn.it\/area-testimonianza\/2023\/10\/17\/mensa-della-provvidenza-al-convento-dei-cappuccini-servono-alimenti-appello-della-diocesi-a-donare-cibo\/"},"author":{"name":"losspapot","@id":"https:\/\/www.diocesitn.it\/area-testimonianza\/#\/schema\/person\/3526ceacb35e1aa4c86252e45adfad22"},"headline":"Mensa della Provvidenza al Convento dei Cappuccini, servono alimenti. Appello della Diocesi a donare cibo","datePublished":"2023-10-17T10:17:07+00:00","dateModified":"2024-11-14T10:25:16+00:00","mainEntityOfPage":{"@id":"https:\/\/www.diocesitn.it\/area-testimonianza\/2023\/10\/17\/mensa-della-provvidenza-al-convento-dei-cappuccini-servono-alimenti-appello-della-diocesi-a-donare-cibo\/"},"wordCount":387,"publisher":{"@id":"https:\/\/www.diocesitn.it\/area-testimonianza\/#organization"},"image":{"@id":"https:\/\/www.diocesitn.it\/area-testimonianza\/2023\/10\/17\/mensa-della-provvidenza-al-convento-dei-cappuccini-servono-alimenti-appello-della-diocesi-a-donare-cibo\/#primaryimage"},"thumbnailUrl":"https:\/\/www.diocesitn.it\/area-testimonianza\/wp-content\/uploads\/sites\/37\/2023\/10\/cappuccini_5.jpg","keywords":["mensa provvidenza"],"articleSection":["Caritas diocesana","Notizie"],"inLanguage":"it-IT","copyrightYear":"2023","copyrightHolder":{"@id":"https:\/\/www.diocesitn.it\/#organization"}},{"@type":"WebPage","@id":"https:\/\/www.diocesitn.it\/area-testimonianza\/2023\/10\/17\/mensa-della-provvidenza-al-convento-dei-cappuccini-servono-alimenti-appello-della-diocesi-a-donare-cibo\/","url":"https:\/\/www.diocesitn.it\/area-testimonianza\/2023\/10\/17\/mensa-della-provvidenza-al-convento-dei-cappuccini-servono-alimenti-appello-della-diocesi-a-donare-cibo\/","name":"Mensa al Convento dei Cappuccini, servono alimenti. Appello","isPartOf":{"@id":"https:\/\/www.diocesitn.it\/area-testimonianza\/#website"},"primaryImageOfPage":{"@id":"https:\/\/www.diocesitn.it\/area-testimonianza\/2023\/10\/17\/mensa-della-provvidenza-al-convento-dei-cappuccini-servono-alimenti-appello-della-diocesi-a-donare-cibo\/#primaryimage"},"image":{"@id":"https:\/\/www.diocesitn.it\/area-testimonianza\/2023\/10\/17\/mensa-della-provvidenza-al-convento-dei-cappuccini-servono-alimenti-appello-della-diocesi-a-donare-cibo\/#primaryimage"},"thumbnailUrl":"https:\/\/www.diocesitn.it\/area-testimonianza\/wp-content\/uploads\/sites\/37\/2023\/10\/cappuccini_5.jpg","datePublished":"2023-10-17T10:17:07+00:00","dateModified":"2024-11-14T10:25:16+00:00","description":"La Diocesi di Trento lancia un appello per la fornitura di alimenti necessari ad offrire ogni sera un pasto caldo a un centinaio di bisognosi alla mensa della provvidenza","breadcrumb":{"@id":"https:\/\/www.diocesitn.it\/area-testimonianza\/2023\/10\/17\/mensa-della-provvidenza-al-convento-dei-cappuccini-servono-alimenti-appello-della-diocesi-a-donare-cibo\/#breadcrumb"},"inLanguage":"it-IT","potentialAction":[{"@type":"ReadAction","target":["https:\/\/www.diocesitn.it\/area-testimonianza\/2023\/10\/17\/mensa-della-provvidenza-al-convento-dei-cappuccini-servono-alimenti-appello-della-diocesi-a-donare-cibo\/"]}]},{"@type":"ImageObject","inLanguage":"it-IT","@id":"https:\/\/www.diocesitn.it\/area-testimonianza\/2023\/10\/17\/mensa-della-provvidenza-al-convento-dei-cappuccini-servono-alimenti-appello-della-diocesi-a-donare-cibo\/#primaryimage","url":"https:\/\/www.diocesitn.it\/area-testimonianza\/wp-content\/uploads\/sites\/37\/2023\/10\/cappuccini_5.jpg","contentUrl":"https:\/\/www.diocesitn.it\/area-testimonianza\/wp-content\/uploads\/sites\/37\/2023\/10\/cappuccini_5.jpg","width":900,"height":621},{"@type":"BreadcrumbList","@id":"https:\/\/www.diocesitn.it\/area-testimonianza\/2023\/10\/17\/mensa-della-provvidenza-al-convento-dei-cappuccini-servono-alimenti-appello-della-diocesi-a-donare-cibo\/#breadcrumb","itemListElement":[{"@type":"ListItem","position":1,"name":"Home","item":"https:\/\/www.diocesitn.it\/area-testimonianza\/"},{"@type":"ListItem","position":2,"name":"Mensa della Provvidenza al Convento dei Cappuccini, servono alimenti. Appello della Diocesi a donare cibo"}]},{"@type":"WebSite","@id":"https:\/\/www.diocesitn.it\/area-testimonianza\/#website","url":"https:\/\/www.diocesitn.it\/area-testimonianza\/","name":"Testimonianza e Impegno sociale","description":"Chiesa di Trento","publisher":{"@id":"https:\/\/www.diocesitn.it\/area-testimonianza\/#organization"},"potentialAction":[{"@type":"SearchAction","target":{"@type":"EntryPoint","urlTemplate":"https:\/\/www.diocesitn.it\/area-testimonianza\/?s={search_term_string}"},"query-input":"required name=search_term_string"}],"inLanguage":"it-IT"},{"@type":["Organization","Place"],"@id":"https:\/\/www.diocesitn.it\/area-testimonianza\/#organization","name":"Area Testimonianza e Impegno Sociale - Chiesa di Trento","url":"https:\/\/www.diocesitn.it\/area-testimonianza\/","logo":{"@id":"https:\/\/www.diocesitn.it\/area-testimonianza\/2023\/10\/17\/mensa-della-provvidenza-al-convento-dei-cappuccini-servono-alimenti-appello-della-diocesi-a-donare-cibo\/#local-main-organization-logo"},"image":{"@id":"https:\/\/www.diocesitn.it\/area-testimonianza\/2023\/10\/17\/mensa-della-provvidenza-al-convento-dei-cappuccini-servono-alimenti-appello-della-diocesi-a-donare-cibo\/#local-main-organization-logo"},"openingHoursSpecification":[{"@type":"OpeningHoursSpecification","dayOfWeek":["Monday","Tuesday","Wednesday","Thursday","Friday","Saturday","Sunday"],"opens":"09:00","closes":"17:00"}]},{"@type":"ImageObject","inLanguage":"it-IT","@id":"https:\/\/www.diocesitn.it\/area-testimonianza\/2023\/10\/17\/mensa-della-provvidenza-al-convento-dei-cappuccini-servono-alimenti-appello-della-diocesi-a-donare-cibo\/#local-main-organization-logo","url":"https:\/\/www.diocesitn.it\/area-testimonianza\/wp-content\/uploads\/sites\/37\/2021\/09\/og-logo-testimonianza-e-impegno-sociale.jpg","contentUrl":"https:\/\/www.diocesitn.it\/area-testimonianza\/wp-content\/uploads\/sites\/37\/2021\/09\/og-logo-testimonianza-e-impegno-sociale.jpg","width":1200,"height":630,"caption":"Area Testimonianza e Impegno Sociale - Chiesa di Trento"}]}},"_links":{"self":[{"href":"https:\/\/www.diocesitn.it\/area-testimonianza\/wp-json\/wp\/v2\/posts\/13789","targetHints":{"allow":["GET"]}}],"collection":[{"href":"https:\/\/www.diocesitn.it\/area-testimonianza\/wp-json\/wp\/v2\/posts"}],"about":[{"href":"https:\/\/www.diocesitn.it\/area-testimonianza\/wp-json\/wp\/v2\/types\/post"}],"author":[{"embeddable":true,"href":"https:\/\/www.diocesitn.it\/area-testimonianza\/wp-json\/wp\/v2\/users\/168"}],"replies":[{"embeddable":true,"href":"https:\/\/www.diocesitn.it\/area-testimonianza\/wp-json\/wp\/v2\/comments?post=13789"}],"version-history":[{"count":1,"href":"https:\/\/www.diocesitn.it\/area-testimonianza\/wp-json\/wp\/v2\/posts\/13789\/revisions"}],"predecessor-version":[{"id":13795,"href":"https:\/\/www.diocesitn.it\/area-testimonianza\/wp-json\/wp\/v2\/posts\/13789\/revisions\/13795"}],"wp:featuredmedia":[{"embeddable":true,"href":"https:\/\/www.diocesitn.it\/area-testimonianza\/wp-json\/wp\/v2\/media\/13792"}],"wp:attachment":[{"href":"https:\/\/www.diocesitn.it\/area-testimonianza\/wp-json\/wp\/v2\/media?parent=13789"}],"wp:term":[{"taxonomy":"category","embeddable":true,"href":"https:\/\/www.diocesitn.it\/area-testimonianza\/wp-json\/wp\/v2\/categories?post=13789"},{"taxonomy":"post_tag","embeddable":true,"href":"https:\/\/www.diocesitn.it\/area-testimonianza\/wp-json\/wp\/v2\/tags?post=13789"}],"curies":[{"name":"wp","href":"https:\/\/api.w.org\/{rel}","templated":true}]}}