{"id":13674,"date":"2023-09-29T10:47:01","date_gmt":"2023-09-29T08:47:01","guid":{"rendered":"https:\/\/www.diocesitn.it\/area-testimonianza\/2023\/09\/29\/cercando-casa-ritorna-la-settimana-dellaccoglienza-promossa-dal-cnca-del-trentino-alto-adige\/"},"modified":"2025-04-10T11:32:36","modified_gmt":"2025-04-10T09:32:36","slug":"cercando-casa-ritorna-la-settimana-dellaccoglienza-promossa-dal-cnca-del-trentino-alto-adige","status":"publish","type":"post","link":"https:\/\/www.diocesitn.it\/area-testimonianza\/2023\/09\/29\/cercando-casa-ritorna-la-settimana-dellaccoglienza-promossa-dal-cnca-del-trentino-alto-adige\/","title":{"rendered":"Cercando casa: ritorna la &#8220;Settimana dell&#8217;Accoglienza&#8221; promossa dal CNCA del Trentino Alto Adige"},"content":{"rendered":"<p>Sono pi\u00f9 di 70 gli eventi, assieme ad 11 esposizioni, che animeranno i 9 giorni ricchi di iniziative della <strong>nona edizione della Settimana dell\u2019Accoglienza<\/strong> del <strong>Coordinamento Nazionale Comunit\u00e0 di Accoglienza Trentino Alto Adige<\/strong>. Quasi un centinaio, invece, le realt\u00e0 trentine e altoatesine coinvolte, dai gruppi informali alle cooperative, dalle Comunit\u00e0 di Valle alle fondazioni di ricerca. Tema di questa edizione: &#8220;<strong>Cercando casa (abitare la comunit\u00e0)<\/strong>&#8221;<\/p>\n<h5><strong>29 settembre<\/strong><\/h5>\n<p>Il 29 settembre l\u2019apertura ufficiale del programma, con due ospiti d\u2019eccezione presso la sala del Centro giovani Cristallo in via Dalmazia 30 a Bolzano: il giornalista Saverio Tommasi ed il fotografo Francesco Malavolta, la cui mostra sar\u00e0 poi disponibile presso il Vigilianum di Trento. Nello stesso giorno saranno protagonisti anche gli anziani a Merano, i minori con Progetto92 scs, la coabitazione con l\u2019associazione Ama, il 40esimo anno di accoglienza di Casa Padre Angelo (vedi pag. 5) e il progetto LocAzione a Cles.<\/p>\n<h5><strong>30 settembre<\/strong><\/h5>\n<p>Il 30 settembre la Fondazione Demarchi ospiter\u00e0 un incontro sulle RSA, ma -nel frattempo- le iniziative toccheranno anche via della Saluga a Trento, val di Fassa e Primiero.<\/p>\n<h5><strong>1 ottobre<\/strong><\/h5>\n<p>Domenica 1 ottobre la Settimana raggiunge quindi Ala e Palazzo Thun, a Trento, per la mostra costruita dalle persone senza fissa dimora.<\/p>\n<h5><strong>2 ottobre<\/strong><\/h5>\n<p>Molto pi\u00f9 fitto il programma del 2 ottobre con ben 7 eventi e una serata organizzata dal Cnca, in cui il giornalista Fulvio Gardumi parler\u00e0 di speranza e naufragi con Orlando Amodeo, medico soccorritore, gi\u00e0 Primo Dirigente Medico della Polizia di Stato; Elisa Dossi, giornalista Rai News24; Alberto Guariso, avvocato tra i fondatori di RESQ, che ha messo in mare una nave di soccorso nel Mediterraneo; ed Alidad Shiri, rifugiato e scrittore afghano.<\/p>\n<h5><strong>3 ottobre<\/strong><\/h5>\n<p>Il 3 ottobre \u00e8 la Giornata Nazionale in Memoria delle Vittime dell\u2019Immigrazione: a 10 anni esatti dalla strage di Lampedusa il titolo dell\u2019evento proposto dal Centro Astalli Trento \u00e8 emblematico: \u201c\u00c8 successo dieci anni fa, succede ancora\u201d. Lo stesso giorno ci saranno anche due proposte della Cooperativa La Rete, il tema dell\u2019abitare la montagna, un evento a Cavareno e una veglia ad Arco.<\/p>\n<h5><strong>4 ottobre<\/strong><\/h5>\n<p>\u00c8 il 4 ottobre il giorno pi\u00f9 ricco in agenda: laboratori di ciclofficina e legatoria; le proposte di cooperazione da Consolida, CoopCasa e Cooperazione Trentina; il teatro inclusivo; documentari; mostre fotografiche; eventi dedicati all\u2019infanzia in val di Sole; Appm ed associazione Ama con la cura della casa. Alle 18 con Apas il Cnca propone una riflessione a pi\u00f9 voci sulla giustizia riparativa, in via Calepina 1 insieme a Mauro Palma, gi\u00e0 presidente dell\u2019Ufficio del Garante nazionale delle persone private della libert\u00e0 personale, e Antonia Menghini, garante dei diritti dei detenuti della Provincia Autonoma di Trento.<\/p>\n<h5><strong>5 ottobre<\/strong><\/h5>\n<p>Il 5 ottobre sar\u00e0 invece protagonista don Lorenzo Milani, a cento anni dalla sua nascita: nell\u2019Aula Magna del Liceo Rosmini a Trento un dialogo con Riccardo Cesari, autore di \u201cHai nascosto queste cose ai sapienti. Don Lorenzo Milani, vita e parole per spiriti liberi\u201d. In giornata sono previste iniziative anche con Volontarius, con il Comun General de Fascia, con il Centro per la Cooperazione Internazionale, la libreria due punti e il Forum Trentino per la pace e i diritti umani, con il Laboratorio di Educazione al Dialogo e ancora eventi a Denno e a Tione.<\/p>\n<h5><strong>6 ottobre<\/strong><\/h5>\n<p>Venerd\u00ec 6 ottobre spazio a pratiche intersezionali, laboratori di letto-scrittura inclusiva, video interviste, caff\u00e8, attivit\u00e0 per bambini, un buffet, una tavola rotonda, la visita ad un dormitorio, una cena al buio, serate di riflessioni o di cinema. Il 5 e il 6 saranno anche un\u2019opportunit\u00e0 per incontrare chi a livello nazionale ragiona sul tema dell\u2019abitare. CasaMondo2 mette insieme esperienze del Cnca nazionale e realt\u00e0 virtuose locali per poi condirle di laboratori e dibattiti.<\/p>\n<h5><strong>7 ottobre<\/strong><\/h5>\n<p>Si conclude il 7 ottobre con gli Stati Generali del Welfare, un erbario di diversit\u00e0 da scoprire, momenti di animazione, gazebi della Croce Rossa, biblioteche viventi e, soprattutto, con l\u2019evento in Piazza delle Erbe a Rovereto, ormai la classica chiusura della rassegna grazie ai colori delle tante realt\u00e0 accoglienti raccolte nella rete del CAV di Rovereto. Particolare attenzione, infine, la meritano le mostre: le biblioteche di Cles e di piazza Montessori a Bolzano propongono libri sul tema della casa, mentre quello dei rifugiati si decliner\u00e0 con le foto di Malavolta, dei calciatori di Intrecciante, dei corridoi umanitari con il Centro Astalli Trento. Le Madri Costituenti e le vignette accoglienti saranno esposte presso la Sala della Fondazione Caritro in via Calepina 1, a Trento.<\/p>\n<p><strong>Il settimanale diocesano Vita Trentina, nell&#8217;ultimo numero, dedica ampio spazio alla Settimana e rilancia il tema &#8220;cercando casa&#8221; raccontando la quarantennale esperienza di accoglienza di Casa Padre Angelo.\u00a0 \u00a0<\/strong><\/p>\n","protected":false},"excerpt":{"rendered":"<p>Sono pi\u00f9 di 70 gli eventi, assieme ad 11 esposizioni, che animeranno i 9 giorni ricchi di iniziative della nona edizione della Settimana dell\u2019Accoglienza del Coordinamento Nazionale Comunit\u00e0 di Accoglienza Trentino Alto Adige. Quasi un<\/p>\n","protected":false},"author":168,"featured_media":13675,"comment_status":"closed","ping_status":"closed","sticky":false,"template":"","format":"standard","meta":{"footnotes":""},"categories":[1059,1074,1662],"tags":[1095,2110],"class_list":["post-13674","post","type-post","status-publish","format-standard","has-post-thumbnail","hentry","category-servizio-caritas","category-notizie","category-servizio-migrazioni","tag-migranti","tag-settimana-dellaccoglienza"],"acf":{"seed-localization-paese-cod":"IT","seed-localization-address":"","seed-localization-citta":"Trento","seed-localization-regione-cod-istat":"04","seed-localization-citta-cod-istat":"022205","seed-localization-localita":"","seed-localization-cap":"","seed-localization-marker-visibility":false,"seed-localization-children-visibility":false,"seed-localization-kml":"","seed-localization-custom-marker":""},"yoast_head":"<!-- This site is optimized with the Yoast SEO Premium plugin v20.2.1 (Yoast SEO v22.2) - https:\/\/yoast.com\/wordpress\/plugins\/seo\/ -->\n<title>Cercando casa: ritorna la &quot;Settimana dell&#039;Accoglienza&quot; promossa dal CNCA del Trentino Alto Adige - Testimonianza e Impegno sociale<\/title>\n<meta name=\"robots\" content=\"index, follow, max-snippet:-1, max-image-preview:large, max-video-preview:-1\" \/>\n<link rel=\"canonical\" href=\"https:\/\/www.diocesitn.it\/area-testimonianza\/2023\/09\/29\/cercando-casa-ritorna-la-settimana-dellaccoglienza-promossa-dal-cnca-del-trentino-alto-adige\/\" \/>\n<meta property=\"og:locale\" content=\"it_IT\" \/>\n<meta property=\"og:type\" content=\"article\" \/>\n<meta property=\"og:title\" content=\"Cercando casa: ritorna la &quot;Settimana dell&#039;Accoglienza&quot; promossa dal CNCA del Trentino Alto Adige\" \/>\n<meta property=\"og:description\" content=\"Sono pi\u00f9 di 70 gli eventi, assieme ad 11 esposizioni, che animeranno i 9 giorni ricchi di iniziative della nona edizione della Settimana dell\u2019Accoglienza del Coordinamento Nazionale Comunit\u00e0 di Accoglienza Trentino Alto Adige. Quasi un\" \/>\n<meta property=\"og:url\" content=\"https:\/\/www.diocesitn.it\/area-testimonianza\/2023\/09\/29\/cercando-casa-ritorna-la-settimana-dellaccoglienza-promossa-dal-cnca-del-trentino-alto-adige\/\" \/>\n<meta property=\"og:site_name\" content=\"Testimonianza e Impegno sociale\" \/>\n<meta property=\"article:published_time\" content=\"2023-09-29T08:47:01+00:00\" \/>\n<meta property=\"article:modified_time\" content=\"2025-04-10T09:32:36+00:00\" \/>\n<meta property=\"og:image\" content=\"https:\/\/www.diocesitn.it\/area-testimonianza\/wp-content\/uploads\/sites\/37\/2023\/10\/IMG-20181006-WA0031.jpg\" \/>\n\t<meta property=\"og:image:width\" content=\"766\" \/>\n\t<meta property=\"og:image:height\" content=\"620\" \/>\n\t<meta property=\"og:image:type\" content=\"image\/jpeg\" \/>\n<meta name=\"author\" content=\"losspapot\" \/>\n<meta name=\"twitter:card\" content=\"summary_large_image\" \/>\n<meta name=\"twitter:label1\" content=\"Scritto da\" \/>\n\t<meta name=\"twitter:data1\" content=\"losspapot\" \/>\n\t<meta name=\"twitter:label2\" content=\"Tempo di lettura stimato\" \/>\n\t<meta name=\"twitter:data2\" content=\"5 minuti\" \/>\n<script type=\"application\/ld+json\" class=\"yoast-schema-graph\">{\"@context\":\"https:\/\/schema.org\",\"@graph\":[{\"@type\":\"Article\",\"@id\":\"https:\/\/www.diocesitn.it\/area-testimonianza\/2023\/09\/29\/cercando-casa-ritorna-la-settimana-dellaccoglienza-promossa-dal-cnca-del-trentino-alto-adige\/#article\",\"isPartOf\":{\"@id\":\"https:\/\/www.diocesitn.it\/area-testimonianza\/2023\/09\/29\/cercando-casa-ritorna-la-settimana-dellaccoglienza-promossa-dal-cnca-del-trentino-alto-adige\/\"},\"author\":{\"name\":\"losspapot\",\"@id\":\"https:\/\/www.diocesitn.it\/area-testimonianza\/#\/schema\/person\/3526ceacb35e1aa4c86252e45adfad22\"},\"headline\":\"Cercando casa: ritorna la &#8220;Settimana dell&#8217;Accoglienza&#8221; promossa dal CNCA del Trentino Alto Adige\",\"datePublished\":\"2023-09-29T08:47:01+00:00\",\"dateModified\":\"2025-04-10T09:32:36+00:00\",\"mainEntityOfPage\":{\"@id\":\"https:\/\/www.diocesitn.it\/area-testimonianza\/2023\/09\/29\/cercando-casa-ritorna-la-settimana-dellaccoglienza-promossa-dal-cnca-del-trentino-alto-adige\/\"},\"wordCount\":757,\"publisher\":{\"@id\":\"https:\/\/www.diocesitn.it\/area-testimonianza\/#organization\"},\"image\":{\"@id\":\"https:\/\/www.diocesitn.it\/area-testimonianza\/2023\/09\/29\/cercando-casa-ritorna-la-settimana-dellaccoglienza-promossa-dal-cnca-del-trentino-alto-adige\/#primaryimage\"},\"thumbnailUrl\":\"https:\/\/www.diocesitn.it\/area-testimonianza\/wp-content\/uploads\/sites\/37\/2023\/10\/IMG-20181006-WA0031.jpg\",\"keywords\":[\"migranti\",\"settimana dell'accoglienza\"],\"articleSection\":[\"Caritas diocesana\",\"Notizie\",\"Pastorale delle Migrazioni\"],\"inLanguage\":\"it-IT\",\"copyrightYear\":\"2023\",\"copyrightHolder\":{\"@id\":\"https:\/\/www.diocesitn.it\/#organization\"}},{\"@type\":\"WebPage\",\"@id\":\"https:\/\/www.diocesitn.it\/area-testimonianza\/2023\/09\/29\/cercando-casa-ritorna-la-settimana-dellaccoglienza-promossa-dal-cnca-del-trentino-alto-adige\/\",\"url\":\"https:\/\/www.diocesitn.it\/area-testimonianza\/2023\/09\/29\/cercando-casa-ritorna-la-settimana-dellaccoglienza-promossa-dal-cnca-del-trentino-alto-adige\/\",\"name\":\"Cercando casa: ritorna la \\\"Settimana dell'Accoglienza\\\" promossa dal CNCA del Trentino Alto Adige - Testimonianza e Impegno sociale\",\"isPartOf\":{\"@id\":\"https:\/\/www.diocesitn.it\/area-testimonianza\/#website\"},\"primaryImageOfPage\":{\"@id\":\"https:\/\/www.diocesitn.it\/area-testimonianza\/2023\/09\/29\/cercando-casa-ritorna-la-settimana-dellaccoglienza-promossa-dal-cnca-del-trentino-alto-adige\/#primaryimage\"},\"image\":{\"@id\":\"https:\/\/www.diocesitn.it\/area-testimonianza\/2023\/09\/29\/cercando-casa-ritorna-la-settimana-dellaccoglienza-promossa-dal-cnca-del-trentino-alto-adige\/#primaryimage\"},\"thumbnailUrl\":\"https:\/\/www.diocesitn.it\/area-testimonianza\/wp-content\/uploads\/sites\/37\/2023\/10\/IMG-20181006-WA0031.jpg\",\"datePublished\":\"2023-09-29T08:47:01+00:00\",\"dateModified\":\"2025-04-10T09:32:36+00:00\",\"breadcrumb\":{\"@id\":\"https:\/\/www.diocesitn.it\/area-testimonianza\/2023\/09\/29\/cercando-casa-ritorna-la-settimana-dellaccoglienza-promossa-dal-cnca-del-trentino-alto-adige\/#breadcrumb\"},\"inLanguage\":\"it-IT\",\"potentialAction\":[{\"@type\":\"ReadAction\",\"target\":[\"https:\/\/www.diocesitn.it\/area-testimonianza\/2023\/09\/29\/cercando-casa-ritorna-la-settimana-dellaccoglienza-promossa-dal-cnca-del-trentino-alto-adige\/\"]}]},{\"@type\":\"ImageObject\",\"inLanguage\":\"it-IT\",\"@id\":\"https:\/\/www.diocesitn.it\/area-testimonianza\/2023\/09\/29\/cercando-casa-ritorna-la-settimana-dellaccoglienza-promossa-dal-cnca-del-trentino-alto-adige\/#primaryimage\",\"url\":\"https:\/\/www.diocesitn.it\/area-testimonianza\/wp-content\/uploads\/sites\/37\/2023\/10\/IMG-20181006-WA0031.jpg\",\"contentUrl\":\"https:\/\/www.diocesitn.it\/area-testimonianza\/wp-content\/uploads\/sites\/37\/2023\/10\/IMG-20181006-WA0031.jpg\",\"width\":766,\"height\":620},{\"@type\":\"BreadcrumbList\",\"@id\":\"https:\/\/www.diocesitn.it\/area-testimonianza\/2023\/09\/29\/cercando-casa-ritorna-la-settimana-dellaccoglienza-promossa-dal-cnca-del-trentino-alto-adige\/#breadcrumb\",\"itemListElement\":[{\"@type\":\"ListItem\",\"position\":1,\"name\":\"Home\",\"item\":\"https:\/\/www.diocesitn.it\/area-testimonianza\/\"},{\"@type\":\"ListItem\",\"position\":2,\"name\":\"Cercando casa: ritorna la &#8220;Settimana dell&#8217;Accoglienza&#8221; promossa dal CNCA del Trentino Alto Adige\"}]},{\"@type\":\"WebSite\",\"@id\":\"https:\/\/www.diocesitn.it\/area-testimonianza\/#website\",\"url\":\"https:\/\/www.diocesitn.it\/area-testimonianza\/\",\"name\":\"Testimonianza e Impegno sociale\",\"description\":\"Chiesa di Trento\",\"publisher\":{\"@id\":\"https:\/\/www.diocesitn.it\/area-testimonianza\/#organization\"},\"potentialAction\":[{\"@type\":\"SearchAction\",\"target\":{\"@type\":\"EntryPoint\",\"urlTemplate\":\"https:\/\/www.diocesitn.it\/area-testimonianza\/?s={search_term_string}\"},\"query-input\":\"required name=search_term_string\"}],\"inLanguage\":\"it-IT\"},{\"@type\":[\"Organization\",\"Place\"],\"@id\":\"https:\/\/www.diocesitn.it\/area-testimonianza\/#organization\",\"name\":\"Area Testimonianza e Impegno Sociale - Chiesa di Trento\",\"url\":\"https:\/\/www.diocesitn.it\/area-testimonianza\/\",\"logo\":{\"@id\":\"https:\/\/www.diocesitn.it\/area-testimonianza\/2023\/09\/29\/cercando-casa-ritorna-la-settimana-dellaccoglienza-promossa-dal-cnca-del-trentino-alto-adige\/#local-main-organization-logo\"},\"image\":{\"@id\":\"https:\/\/www.diocesitn.it\/area-testimonianza\/2023\/09\/29\/cercando-casa-ritorna-la-settimana-dellaccoglienza-promossa-dal-cnca-del-trentino-alto-adige\/#local-main-organization-logo\"},\"openingHoursSpecification\":[{\"@type\":\"OpeningHoursSpecification\",\"dayOfWeek\":[\"Monday\",\"Tuesday\",\"Wednesday\",\"Thursday\",\"Friday\",\"Saturday\",\"Sunday\"],\"opens\":\"09:00\",\"closes\":\"17:00\"}]},{\"@type\":\"ImageObject\",\"inLanguage\":\"it-IT\",\"@id\":\"https:\/\/www.diocesitn.it\/area-testimonianza\/2023\/09\/29\/cercando-casa-ritorna-la-settimana-dellaccoglienza-promossa-dal-cnca-del-trentino-alto-adige\/#local-main-organization-logo\",\"url\":\"https:\/\/www.diocesitn.it\/area-testimonianza\/wp-content\/uploads\/sites\/37\/2021\/09\/og-logo-testimonianza-e-impegno-sociale.jpg\",\"contentUrl\":\"https:\/\/www.diocesitn.it\/area-testimonianza\/wp-content\/uploads\/sites\/37\/2021\/09\/og-logo-testimonianza-e-impegno-sociale.jpg\",\"width\":1200,\"height\":630,\"caption\":\"Area Testimonianza e Impegno Sociale - Chiesa di Trento\"}]}<\/script>\n<!-- \/ Yoast SEO Premium plugin. -->","yoast_head_json":{"title":"Cercando casa: ritorna la \"Settimana dell'Accoglienza\" promossa dal CNCA del Trentino Alto Adige - Testimonianza e Impegno sociale","robots":{"index":"index","follow":"follow","max-snippet":"max-snippet:-1","max-image-preview":"max-image-preview:large","max-video-preview":"max-video-preview:-1"},"canonical":"https:\/\/www.diocesitn.it\/area-testimonianza\/2023\/09\/29\/cercando-casa-ritorna-la-settimana-dellaccoglienza-promossa-dal-cnca-del-trentino-alto-adige\/","og_locale":"it_IT","og_type":"article","og_title":"Cercando casa: ritorna la \"Settimana dell'Accoglienza\" promossa dal CNCA del Trentino Alto Adige","og_description":"Sono pi\u00f9 di 70 gli eventi, assieme ad 11 esposizioni, che animeranno i 9 giorni ricchi di iniziative della nona edizione della Settimana dell\u2019Accoglienza del Coordinamento Nazionale Comunit\u00e0 di Accoglienza Trentino Alto Adige. Quasi un","og_url":"https:\/\/www.diocesitn.it\/area-testimonianza\/2023\/09\/29\/cercando-casa-ritorna-la-settimana-dellaccoglienza-promossa-dal-cnca-del-trentino-alto-adige\/","og_site_name":"Testimonianza e Impegno sociale","article_published_time":"2023-09-29T08:47:01+00:00","article_modified_time":"2025-04-10T09:32:36+00:00","og_image":[{"width":766,"height":620,"url":"https:\/\/www.diocesitn.it\/area-testimonianza\/wp-content\/uploads\/sites\/37\/2023\/10\/IMG-20181006-WA0031.jpg","type":"image\/jpeg"}],"author":"losspapot","twitter_card":"summary_large_image","twitter_misc":{"Scritto da":"losspapot","Tempo di lettura stimato":"5 minuti"},"schema":{"@context":"https:\/\/schema.org","@graph":[{"@type":"Article","@id":"https:\/\/www.diocesitn.it\/area-testimonianza\/2023\/09\/29\/cercando-casa-ritorna-la-settimana-dellaccoglienza-promossa-dal-cnca-del-trentino-alto-adige\/#article","isPartOf":{"@id":"https:\/\/www.diocesitn.it\/area-testimonianza\/2023\/09\/29\/cercando-casa-ritorna-la-settimana-dellaccoglienza-promossa-dal-cnca-del-trentino-alto-adige\/"},"author":{"name":"losspapot","@id":"https:\/\/www.diocesitn.it\/area-testimonianza\/#\/schema\/person\/3526ceacb35e1aa4c86252e45adfad22"},"headline":"Cercando casa: ritorna la &#8220;Settimana dell&#8217;Accoglienza&#8221; promossa dal CNCA del Trentino Alto Adige","datePublished":"2023-09-29T08:47:01+00:00","dateModified":"2025-04-10T09:32:36+00:00","mainEntityOfPage":{"@id":"https:\/\/www.diocesitn.it\/area-testimonianza\/2023\/09\/29\/cercando-casa-ritorna-la-settimana-dellaccoglienza-promossa-dal-cnca-del-trentino-alto-adige\/"},"wordCount":757,"publisher":{"@id":"https:\/\/www.diocesitn.it\/area-testimonianza\/#organization"},"image":{"@id":"https:\/\/www.diocesitn.it\/area-testimonianza\/2023\/09\/29\/cercando-casa-ritorna-la-settimana-dellaccoglienza-promossa-dal-cnca-del-trentino-alto-adige\/#primaryimage"},"thumbnailUrl":"https:\/\/www.diocesitn.it\/area-testimonianza\/wp-content\/uploads\/sites\/37\/2023\/10\/IMG-20181006-WA0031.jpg","keywords":["migranti","settimana dell'accoglienza"],"articleSection":["Caritas diocesana","Notizie","Pastorale delle Migrazioni"],"inLanguage":"it-IT","copyrightYear":"2023","copyrightHolder":{"@id":"https:\/\/www.diocesitn.it\/#organization"}},{"@type":"WebPage","@id":"https:\/\/www.diocesitn.it\/area-testimonianza\/2023\/09\/29\/cercando-casa-ritorna-la-settimana-dellaccoglienza-promossa-dal-cnca-del-trentino-alto-adige\/","url":"https:\/\/www.diocesitn.it\/area-testimonianza\/2023\/09\/29\/cercando-casa-ritorna-la-settimana-dellaccoglienza-promossa-dal-cnca-del-trentino-alto-adige\/","name":"Cercando casa: ritorna la \"Settimana dell'Accoglienza\" promossa dal CNCA del Trentino Alto Adige - Testimonianza e Impegno sociale","isPartOf":{"@id":"https:\/\/www.diocesitn.it\/area-testimonianza\/#website"},"primaryImageOfPage":{"@id":"https:\/\/www.diocesitn.it\/area-testimonianza\/2023\/09\/29\/cercando-casa-ritorna-la-settimana-dellaccoglienza-promossa-dal-cnca-del-trentino-alto-adige\/#primaryimage"},"image":{"@id":"https:\/\/www.diocesitn.it\/area-testimonianza\/2023\/09\/29\/cercando-casa-ritorna-la-settimana-dellaccoglienza-promossa-dal-cnca-del-trentino-alto-adige\/#primaryimage"},"thumbnailUrl":"https:\/\/www.diocesitn.it\/area-testimonianza\/wp-content\/uploads\/sites\/37\/2023\/10\/IMG-20181006-WA0031.jpg","datePublished":"2023-09-29T08:47:01+00:00","dateModified":"2025-04-10T09:32:36+00:00","breadcrumb":{"@id":"https:\/\/www.diocesitn.it\/area-testimonianza\/2023\/09\/29\/cercando-casa-ritorna-la-settimana-dellaccoglienza-promossa-dal-cnca-del-trentino-alto-adige\/#breadcrumb"},"inLanguage":"it-IT","potentialAction":[{"@type":"ReadAction","target":["https:\/\/www.diocesitn.it\/area-testimonianza\/2023\/09\/29\/cercando-casa-ritorna-la-settimana-dellaccoglienza-promossa-dal-cnca-del-trentino-alto-adige\/"]}]},{"@type":"ImageObject","inLanguage":"it-IT","@id":"https:\/\/www.diocesitn.it\/area-testimonianza\/2023\/09\/29\/cercando-casa-ritorna-la-settimana-dellaccoglienza-promossa-dal-cnca-del-trentino-alto-adige\/#primaryimage","url":"https:\/\/www.diocesitn.it\/area-testimonianza\/wp-content\/uploads\/sites\/37\/2023\/10\/IMG-20181006-WA0031.jpg","contentUrl":"https:\/\/www.diocesitn.it\/area-testimonianza\/wp-content\/uploads\/sites\/37\/2023\/10\/IMG-20181006-WA0031.jpg","width":766,"height":620},{"@type":"BreadcrumbList","@id":"https:\/\/www.diocesitn.it\/area-testimonianza\/2023\/09\/29\/cercando-casa-ritorna-la-settimana-dellaccoglienza-promossa-dal-cnca-del-trentino-alto-adige\/#breadcrumb","itemListElement":[{"@type":"ListItem","position":1,"name":"Home","item":"https:\/\/www.diocesitn.it\/area-testimonianza\/"},{"@type":"ListItem","position":2,"name":"Cercando casa: ritorna la &#8220;Settimana dell&#8217;Accoglienza&#8221; promossa dal CNCA del Trentino Alto Adige"}]},{"@type":"WebSite","@id":"https:\/\/www.diocesitn.it\/area-testimonianza\/#website","url":"https:\/\/www.diocesitn.it\/area-testimonianza\/","name":"Testimonianza e Impegno sociale","description":"Chiesa di Trento","publisher":{"@id":"https:\/\/www.diocesitn.it\/area-testimonianza\/#organization"},"potentialAction":[{"@type":"SearchAction","target":{"@type":"EntryPoint","urlTemplate":"https:\/\/www.diocesitn.it\/area-testimonianza\/?s={search_term_string}"},"query-input":"required name=search_term_string"}],"inLanguage":"it-IT"},{"@type":["Organization","Place"],"@id":"https:\/\/www.diocesitn.it\/area-testimonianza\/#organization","name":"Area Testimonianza e Impegno Sociale - Chiesa di Trento","url":"https:\/\/www.diocesitn.it\/area-testimonianza\/","logo":{"@id":"https:\/\/www.diocesitn.it\/area-testimonianza\/2023\/09\/29\/cercando-casa-ritorna-la-settimana-dellaccoglienza-promossa-dal-cnca-del-trentino-alto-adige\/#local-main-organization-logo"},"image":{"@id":"https:\/\/www.diocesitn.it\/area-testimonianza\/2023\/09\/29\/cercando-casa-ritorna-la-settimana-dellaccoglienza-promossa-dal-cnca-del-trentino-alto-adige\/#local-main-organization-logo"},"openingHoursSpecification":[{"@type":"OpeningHoursSpecification","dayOfWeek":["Monday","Tuesday","Wednesday","Thursday","Friday","Saturday","Sunday"],"opens":"09:00","closes":"17:00"}]},{"@type":"ImageObject","inLanguage":"it-IT","@id":"https:\/\/www.diocesitn.it\/area-testimonianza\/2023\/09\/29\/cercando-casa-ritorna-la-settimana-dellaccoglienza-promossa-dal-cnca-del-trentino-alto-adige\/#local-main-organization-logo","url":"https:\/\/www.diocesitn.it\/area-testimonianza\/wp-content\/uploads\/sites\/37\/2021\/09\/og-logo-testimonianza-e-impegno-sociale.jpg","contentUrl":"https:\/\/www.diocesitn.it\/area-testimonianza\/wp-content\/uploads\/sites\/37\/2021\/09\/og-logo-testimonianza-e-impegno-sociale.jpg","width":1200,"height":630,"caption":"Area Testimonianza e Impegno Sociale - Chiesa di Trento"}]}},"_links":{"self":[{"href":"https:\/\/www.diocesitn.it\/area-testimonianza\/wp-json\/wp\/v2\/posts\/13674","targetHints":{"allow":["GET"]}}],"collection":[{"href":"https:\/\/www.diocesitn.it\/area-testimonianza\/wp-json\/wp\/v2\/posts"}],"about":[{"href":"https:\/\/www.diocesitn.it\/area-testimonianza\/wp-json\/wp\/v2\/types\/post"}],"author":[{"embeddable":true,"href":"https:\/\/www.diocesitn.it\/area-testimonianza\/wp-json\/wp\/v2\/users\/168"}],"replies":[{"embeddable":true,"href":"https:\/\/www.diocesitn.it\/area-testimonianza\/wp-json\/wp\/v2\/comments?post=13674"}],"version-history":[{"count":1,"href":"https:\/\/www.diocesitn.it\/area-testimonianza\/wp-json\/wp\/v2\/posts\/13674\/revisions"}],"predecessor-version":[{"id":13677,"href":"https:\/\/www.diocesitn.it\/area-testimonianza\/wp-json\/wp\/v2\/posts\/13674\/revisions\/13677"}],"wp:featuredmedia":[{"embeddable":true,"href":"https:\/\/www.diocesitn.it\/area-testimonianza\/wp-json\/wp\/v2\/media\/13675"}],"wp:attachment":[{"href":"https:\/\/www.diocesitn.it\/area-testimonianza\/wp-json\/wp\/v2\/media?parent=13674"}],"wp:term":[{"taxonomy":"category","embeddable":true,"href":"https:\/\/www.diocesitn.it\/area-testimonianza\/wp-json\/wp\/v2\/categories?post=13674"},{"taxonomy":"post_tag","embeddable":true,"href":"https:\/\/www.diocesitn.it\/area-testimonianza\/wp-json\/wp\/v2\/tags?post=13674"}],"curies":[{"name":"wp","href":"https:\/\/api.w.org\/{rel}","templated":true}]}}