{"id":13547,"date":"2023-09-19T12:40:41","date_gmt":"2023-09-19T10:40:41","guid":{"rendered":"https:\/\/www.diocesitn.it\/area-testimonianza\/2023\/09\/19\/il-religion-today-a-jalaldine-del-regista-marocchino-hassan-benjelloun-vescovo-tisi-riflette-martedi-19-sul-senso-di-comunita\/"},"modified":"2024-09-25T09:43:44","modified_gmt":"2024-09-25T07:43:44","slug":"il-religion-today-a-jalaldine-del-regista-marocchino-hassan-benjelloun-vescovo-tisi-riflette-martedi-19-sul-senso-di-comunita","status":"publish","type":"post","link":"https:\/\/www.diocesitn.it\/area-testimonianza\/2023\/09\/19\/il-religion-today-a-jalaldine-del-regista-marocchino-hassan-benjelloun-vescovo-tisi-riflette-martedi-19-sul-senso-di-comunita\/","title":{"rendered":"Il Religion Today a \u201cJalaldine\u201d del regista marocchino Hassan Benjelloun. Vescovo Tisi riflette marted\u00ec 19 sul senso di comunit\u00e0"},"content":{"rendered":"<p>Con un cerimonia a <strong>Baselga di Pin\u00e9,<\/strong> sono stati assegnati i premi e riconoscimenti della <strong>XXVI edizione di Religion Today Film Festival.\u00a0<\/strong>Tra tutti i 45 film da 22 Paesi diversi, \u201c<strong>Jalaldine<\/strong>\u201d, del regista marocchino <strong>Hassan Benjelloun<\/strong> si aggiudica il \u201c<strong>Gran <\/strong><strong>Premio nello Spirito della Fede<\/strong>\u201d, per l\u2019opera che pi\u00f9 di tutte ha colto lo spirito della rassegna cinematografica. Ha ritirato il premio <strong>Malak Dhamouni <\/strong>(foto), direttrice del <em>Rabat International Author Film Festival <\/em>e giurata di Religion Today. \u00a0Dhamouni ritorner\u00e0 in Marocco a consegnate il riconoscimento al regista, che in questi giorni non ha potuto partecipare al Festival a causa del terremoto che ha colpito il suo Paese.<\/p>\n<p>Il premio tutto trentino \u201c<strong>Nello spirito delle Dolomiti<\/strong>\u201d va invece direttamente al caraibico \u201c<strong>Cuentos de un dia m\u00e0s\u201d di Fernando Perez<\/strong>, artista cubano, che con altri colleghi <em>film makers<\/em> ha partecipato a questa edizione del Festival.<\/p>\n<p>\u201cE\u2019 un onore per il nostro piccolo grande Festival essere un luogo di scambio culturale e religioso, riconosciuto in tutto il mondo e che vede ogni anno la partecipazione di ospiti importanti\u201d racconta entusiasta il direttore artistico, <strong>Andrea Morghen<\/strong>.<\/p>\n<p>Il Festival si concluder\u00e0 a Bolzano mercoled\u00ec 20 settembre e con una mattinata di incontri nelle scuole.<\/p>\n<p>Nella serata di <strong>marted\u00ec 19 settembre, al Tetro San Marco alle ore 20 \u00e8 previsto l&#8217;intervento dell&#8217;Arcivescovo di Trento Lauro Tisi<\/strong> sul tema\u00a0<strong>La comunit\u00e0 in cammino.\u00a0<\/strong><\/p>\n<hr \/>\n<p>Tra gli altri riconoscimenti, il premio per il <strong>miglior documentario<\/strong> \u00e8 stato assegnato a \u201c<strong>Kutchinga<\/strong>\u201d, del portoghese <strong>Sol de Carvalho<\/strong>, che racconta di una controversa pratica tradizionale mozambicana.<\/p>\n<p>Come <strong>miglior <em>feature film<\/em><\/strong> \u00e8 stato decretato l\u2019israeliano \u201c<strong>Sand Flakes\u201d <\/strong>di<strong> Gitit Kabiri and Yahel Kabiri, <\/strong>una pellicola che parla di malattia, sclerosi multipla, ma anche di speranza.<\/p>\n<p>Il premio \u201c<strong>Nello Spirito della Pace<\/strong>\u201d \u00e8 stato assegnato a \u201c<strong>The Stupid Boy\u201d, di Phil Dunn<\/strong> (UK), che riesce a promuovere i valori della pace e della nonviolenza. Con riferimento alla ferita del terrorismo cosiddetto religioso, il film mette in quadro le conseguenze dirompenti che un semplice gesto pu\u00f2 generare nella vita delle persone.<\/p>\n<p>Il premio \u201c<strong>Persone e Religioni<\/strong>\u201d, assegnato dalla giura CinemAmore \u00e8 stato consegnato a \u201c<strong>Junko\u201d, di Prem Prasad Adhikary, <\/strong>regista nepalese.<\/p>\n<p><strong>\u201cA Cross in the Desert\u201d, di Hadzi-Aleksandar Djurovic, <\/strong>Serbia<strong>, <\/strong>ha ricevuto il premio dalla giuria interreligiosa del Comune di Arco, che ha assegnato il riconoscimento<strong> \u201cLa religione attraverso gli occhi delle donne\u201d <\/strong>per la sensibilit\u00e0 e la delicatezza con le quali il regista affronta i temi del rapporto madre-figlia, del distacco e del lutto ai quali si intreccia quello delle migrazioni.<\/p>\n<p>La <strong>migliore colonna sonora<\/strong>, premio assegnato dalla giuria del Conservatorio Bomporti di Trento, \u00e8 stata quella della pellicola \u201c<strong>Super Jesus<\/strong>\u201d, dell\u2019italiano <strong>Vito Palumbo<\/strong>, per la capacit\u00e0 di esprimere chiaramente le emozioni dei personaggi del film diventando una componente principale nella narrazione. Lo stesso ha ottenuto anche il riconoscimento della giuria dell\u2019Universit\u00e0 Pontificia Salesiana, \u201c<strong>Nuovi Sguardi<\/strong>\u201d.<\/p>\n<p>Sempre un italiano, <strong>Luigi Pane<\/strong> con il suo \u201c<strong>Un mondo in pi\u00f9<\/strong>\u201d, ha vinto il premio \u201c<strong>Migrazione e coesistenza<\/strong>\u201d, decretato dalla giuria del Centro Missionario Diocesano di Trento, partner storico del Festival,<\/p>\n<p>Infine, il premio \u201c<strong>Bene Comune<\/strong>\u201d, assegnato dalla giuria delle ACLI Trentine, \u00e8 andato a<strong> Empty Church, <\/strong>di <strong>M<\/strong><strong>aks Maksimov, Bielorussia.<\/strong><\/p>\n<p>La cerimonia, momento di scambio e confronto, tuttavia non \u00e8 la conclusione del Festival: gli appuntamenti continuano e saranno <strong>luned\u00ec 18 presso la Biblioteca B. Emmert di Arco<\/strong> a partire dalle 20.30, per poi tornare <strong>marted\u00ec 19 al Teatro S. Marco di Trento, dalle 17.00<\/strong>.<\/p>\n<p><strong>Religion Today Film Festival si concluder\u00e0 mercoled\u00ec 20 settembre a Bolzano<\/strong>, con una mattinata di incontri e proiezioni presso il Liceo Pascoli e, nel pomeriggio, presso il Film Club Capitol, in Via Streiter 8\/D.<\/p>\n<p>Sar\u00e0 proprio a Bolzano che la giuria dei giovani assegner\u00e0 l\u2019ultimo premio mancante, \u201c<strong>Film for our future.\u201d<\/strong><\/p>\n<p>Nel programma<\/p>\n<p>&nbsp;<\/p>\n","protected":false},"excerpt":{"rendered":"<p>Con un cerimonia a Baselga di Pin\u00e9, sono stati assegnati i premi e riconoscimenti della XXVI edizione di Religion Today Film Festival.\u00a0Tra tutti i 45 film da 22 Paesi diversi, \u201cJalaldine\u201d, del regista marocchino Hassan<\/p>\n","protected":false},"author":3,"featured_media":13548,"comment_status":"closed","ping_status":"closed","sticky":false,"template":"","format":"standard","meta":{"footnotes":""},"categories":[1695,1074],"tags":[2368,2124],"class_list":["post-13547","post","type-post","status-publish","format-standard","has-post-thumbnail","hentry","category-area-testimonianza-e-impegno-sociale","category-notizie","tag-religion-today-film-festival","tag-vincitori"],"acf":{"seed-localization-paese-cod":"IT","seed-localization-address":"","seed-localization-citta":"Trento","seed-localization-regione-cod-istat":"04","seed-localization-citta-cod-istat":"022205","seed-localization-localita":"","seed-localization-cap":"","seed-localization-marker-visibility":false,"seed-localization-children-visibility":false,"seed-localization-kml":"","seed-localization-custom-marker":""},"yoast_head":"<!-- This site is optimized with the Yoast SEO Premium plugin v20.2.1 (Yoast SEO v22.2) - https:\/\/yoast.com\/wordpress\/plugins\/seo\/ -->\n<title>Il Religion Today a \u201cJalaldine\u201d del regista marocchino Hassan Benjelloun. Vescovo Tisi riflette marted\u00ec 19 sul senso di comunit\u00e0 - Testimonianza e Impegno sociale<\/title>\n<meta name=\"robots\" content=\"index, follow, max-snippet:-1, max-image-preview:large, max-video-preview:-1\" \/>\n<link rel=\"canonical\" href=\"https:\/\/www.diocesitn.it\/area-testimonianza\/2023\/09\/19\/il-religion-today-a-jalaldine-del-regista-marocchino-hassan-benjelloun-vescovo-tisi-riflette-martedi-19-sul-senso-di-comunita\/\" \/>\n<meta property=\"og:locale\" content=\"it_IT\" \/>\n<meta property=\"og:type\" content=\"article\" \/>\n<meta property=\"og:title\" content=\"Il Religion Today a \u201cJalaldine\u201d del regista marocchino Hassan Benjelloun. Vescovo Tisi riflette marted\u00ec 19 sul senso di comunit\u00e0\" \/>\n<meta property=\"og:description\" content=\"Con un cerimonia a Baselga di Pin\u00e9, sono stati assegnati i premi e riconoscimenti della XXVI edizione di Religion Today Film Festival.\u00a0Tra tutti i 45 film da 22 Paesi diversi, \u201cJalaldine\u201d, del regista marocchino Hassan\" \/>\n<meta property=\"og:url\" content=\"https:\/\/www.diocesitn.it\/area-testimonianza\/2023\/09\/19\/il-religion-today-a-jalaldine-del-regista-marocchino-hassan-benjelloun-vescovo-tisi-riflette-martedi-19-sul-senso-di-comunita\/\" \/>\n<meta property=\"og:site_name\" content=\"Testimonianza e Impegno sociale\" \/>\n<meta property=\"article:published_time\" content=\"2023-09-19T10:40:41+00:00\" \/>\n<meta property=\"article:modified_time\" content=\"2024-09-25T07:43:44+00:00\" \/>\n<meta property=\"og:image\" content=\"https:\/\/www.diocesitn.it\/area-testimonianza\/wp-content\/uploads\/sites\/37\/2023\/09\/religion_premio_2023.jpg\" \/>\n\t<meta property=\"og:image:width\" content=\"900\" \/>\n\t<meta property=\"og:image:height\" content=\"600\" \/>\n\t<meta property=\"og:image:type\" content=\"image\/jpeg\" \/>\n<meta name=\"author\" content=\"Piergiorgio Franceschini\" \/>\n<meta name=\"twitter:card\" content=\"summary_large_image\" \/>\n<meta name=\"twitter:label1\" content=\"Scritto da\" \/>\n\t<meta name=\"twitter:data1\" content=\"Piergiorgio Franceschini\" \/>\n\t<meta name=\"twitter:label2\" content=\"Tempo di lettura stimato\" \/>\n\t<meta name=\"twitter:data2\" content=\"4 minuti\" \/>\n<script type=\"application\/ld+json\" class=\"yoast-schema-graph\">{\"@context\":\"https:\/\/schema.org\",\"@graph\":[{\"@type\":\"Article\",\"@id\":\"https:\/\/www.diocesitn.it\/area-testimonianza\/2023\/09\/19\/il-religion-today-a-jalaldine-del-regista-marocchino-hassan-benjelloun-vescovo-tisi-riflette-martedi-19-sul-senso-di-comunita\/#article\",\"isPartOf\":{\"@id\":\"https:\/\/www.diocesitn.it\/area-testimonianza\/2023\/09\/19\/il-religion-today-a-jalaldine-del-regista-marocchino-hassan-benjelloun-vescovo-tisi-riflette-martedi-19-sul-senso-di-comunita\/\"},\"author\":{\"name\":\"Piergiorgio Franceschini\",\"@id\":\"https:\/\/www.diocesitn.it\/area-testimonianza\/#\/schema\/person\/99590c84577873a025247b6aeb16ad2e\"},\"headline\":\"Il Religion Today a \u201cJalaldine\u201d del regista marocchino Hassan Benjelloun. Vescovo Tisi riflette marted\u00ec 19 sul senso di comunit\u00e0\",\"datePublished\":\"2023-09-19T10:40:41+00:00\",\"dateModified\":\"2024-09-25T07:43:44+00:00\",\"mainEntityOfPage\":{\"@id\":\"https:\/\/www.diocesitn.it\/area-testimonianza\/2023\/09\/19\/il-religion-today-a-jalaldine-del-regista-marocchino-hassan-benjelloun-vescovo-tisi-riflette-martedi-19-sul-senso-di-comunita\/\"},\"wordCount\":631,\"publisher\":{\"@id\":\"https:\/\/www.diocesitn.it\/area-testimonianza\/#organization\"},\"image\":{\"@id\":\"https:\/\/www.diocesitn.it\/area-testimonianza\/2023\/09\/19\/il-religion-today-a-jalaldine-del-regista-marocchino-hassan-benjelloun-vescovo-tisi-riflette-martedi-19-sul-senso-di-comunita\/#primaryimage\"},\"thumbnailUrl\":\"https:\/\/www.diocesitn.it\/area-testimonianza\/wp-content\/uploads\/sites\/37\/2023\/09\/religion_premio_2023.jpg\",\"keywords\":[\"Religion Today Film Festival\",\"vincitori\"],\"articleSection\":[\"Area Testimonianza e Impegno sociale\",\"Notizie\"],\"inLanguage\":\"it-IT\",\"copyrightYear\":\"2023\",\"copyrightHolder\":{\"@id\":\"https:\/\/www.diocesitn.it\/#organization\"}},{\"@type\":\"WebPage\",\"@id\":\"https:\/\/www.diocesitn.it\/area-testimonianza\/2023\/09\/19\/il-religion-today-a-jalaldine-del-regista-marocchino-hassan-benjelloun-vescovo-tisi-riflette-martedi-19-sul-senso-di-comunita\/\",\"url\":\"https:\/\/www.diocesitn.it\/area-testimonianza\/2023\/09\/19\/il-religion-today-a-jalaldine-del-regista-marocchino-hassan-benjelloun-vescovo-tisi-riflette-martedi-19-sul-senso-di-comunita\/\",\"name\":\"Il Religion Today a \u201cJalaldine\u201d del regista marocchino Hassan Benjelloun. Vescovo Tisi riflette marted\u00ec 19 sul senso di comunit\u00e0 - Testimonianza e Impegno sociale\",\"isPartOf\":{\"@id\":\"https:\/\/www.diocesitn.it\/area-testimonianza\/#website\"},\"primaryImageOfPage\":{\"@id\":\"https:\/\/www.diocesitn.it\/area-testimonianza\/2023\/09\/19\/il-religion-today-a-jalaldine-del-regista-marocchino-hassan-benjelloun-vescovo-tisi-riflette-martedi-19-sul-senso-di-comunita\/#primaryimage\"},\"image\":{\"@id\":\"https:\/\/www.diocesitn.it\/area-testimonianza\/2023\/09\/19\/il-religion-today-a-jalaldine-del-regista-marocchino-hassan-benjelloun-vescovo-tisi-riflette-martedi-19-sul-senso-di-comunita\/#primaryimage\"},\"thumbnailUrl\":\"https:\/\/www.diocesitn.it\/area-testimonianza\/wp-content\/uploads\/sites\/37\/2023\/09\/religion_premio_2023.jpg\",\"datePublished\":\"2023-09-19T10:40:41+00:00\",\"dateModified\":\"2024-09-25T07:43:44+00:00\",\"breadcrumb\":{\"@id\":\"https:\/\/www.diocesitn.it\/area-testimonianza\/2023\/09\/19\/il-religion-today-a-jalaldine-del-regista-marocchino-hassan-benjelloun-vescovo-tisi-riflette-martedi-19-sul-senso-di-comunita\/#breadcrumb\"},\"inLanguage\":\"it-IT\",\"potentialAction\":[{\"@type\":\"ReadAction\",\"target\":[\"https:\/\/www.diocesitn.it\/area-testimonianza\/2023\/09\/19\/il-religion-today-a-jalaldine-del-regista-marocchino-hassan-benjelloun-vescovo-tisi-riflette-martedi-19-sul-senso-di-comunita\/\"]}]},{\"@type\":\"ImageObject\",\"inLanguage\":\"it-IT\",\"@id\":\"https:\/\/www.diocesitn.it\/area-testimonianza\/2023\/09\/19\/il-religion-today-a-jalaldine-del-regista-marocchino-hassan-benjelloun-vescovo-tisi-riflette-martedi-19-sul-senso-di-comunita\/#primaryimage\",\"url\":\"https:\/\/www.diocesitn.it\/area-testimonianza\/wp-content\/uploads\/sites\/37\/2023\/09\/religion_premio_2023.jpg\",\"contentUrl\":\"https:\/\/www.diocesitn.it\/area-testimonianza\/wp-content\/uploads\/sites\/37\/2023\/09\/religion_premio_2023.jpg\",\"width\":900,\"height\":600},{\"@type\":\"BreadcrumbList\",\"@id\":\"https:\/\/www.diocesitn.it\/area-testimonianza\/2023\/09\/19\/il-religion-today-a-jalaldine-del-regista-marocchino-hassan-benjelloun-vescovo-tisi-riflette-martedi-19-sul-senso-di-comunita\/#breadcrumb\",\"itemListElement\":[{\"@type\":\"ListItem\",\"position\":1,\"name\":\"Home\",\"item\":\"https:\/\/www.diocesitn.it\/area-testimonianza\/\"},{\"@type\":\"ListItem\",\"position\":2,\"name\":\"Il Religion Today a \u201cJalaldine\u201d del regista marocchino Hassan Benjelloun. Vescovo Tisi riflette marted\u00ec 19 sul senso di comunit\u00e0\"}]},{\"@type\":\"WebSite\",\"@id\":\"https:\/\/www.diocesitn.it\/area-testimonianza\/#website\",\"url\":\"https:\/\/www.diocesitn.it\/area-testimonianza\/\",\"name\":\"Testimonianza e Impegno sociale\",\"description\":\"Chiesa di Trento\",\"publisher\":{\"@id\":\"https:\/\/www.diocesitn.it\/area-testimonianza\/#organization\"},\"potentialAction\":[{\"@type\":\"SearchAction\",\"target\":{\"@type\":\"EntryPoint\",\"urlTemplate\":\"https:\/\/www.diocesitn.it\/area-testimonianza\/?s={search_term_string}\"},\"query-input\":\"required name=search_term_string\"}],\"inLanguage\":\"it-IT\"},{\"@type\":[\"Organization\",\"Place\"],\"@id\":\"https:\/\/www.diocesitn.it\/area-testimonianza\/#organization\",\"name\":\"Area Testimonianza e Impegno Sociale - Chiesa di Trento\",\"url\":\"https:\/\/www.diocesitn.it\/area-testimonianza\/\",\"logo\":{\"@id\":\"https:\/\/www.diocesitn.it\/area-testimonianza\/2023\/09\/19\/il-religion-today-a-jalaldine-del-regista-marocchino-hassan-benjelloun-vescovo-tisi-riflette-martedi-19-sul-senso-di-comunita\/#local-main-organization-logo\"},\"image\":{\"@id\":\"https:\/\/www.diocesitn.it\/area-testimonianza\/2023\/09\/19\/il-religion-today-a-jalaldine-del-regista-marocchino-hassan-benjelloun-vescovo-tisi-riflette-martedi-19-sul-senso-di-comunita\/#local-main-organization-logo\"},\"openingHoursSpecification\":[{\"@type\":\"OpeningHoursSpecification\",\"dayOfWeek\":[\"Monday\",\"Tuesday\",\"Wednesday\",\"Thursday\",\"Friday\",\"Saturday\",\"Sunday\"],\"opens\":\"09:00\",\"closes\":\"17:00\"}]},{\"@type\":\"ImageObject\",\"inLanguage\":\"it-IT\",\"@id\":\"https:\/\/www.diocesitn.it\/area-testimonianza\/2023\/09\/19\/il-religion-today-a-jalaldine-del-regista-marocchino-hassan-benjelloun-vescovo-tisi-riflette-martedi-19-sul-senso-di-comunita\/#local-main-organization-logo\",\"url\":\"https:\/\/www.diocesitn.it\/area-testimonianza\/wp-content\/uploads\/sites\/37\/2021\/09\/og-logo-testimonianza-e-impegno-sociale.jpg\",\"contentUrl\":\"https:\/\/www.diocesitn.it\/area-testimonianza\/wp-content\/uploads\/sites\/37\/2021\/09\/og-logo-testimonianza-e-impegno-sociale.jpg\",\"width\":1200,\"height\":630,\"caption\":\"Area Testimonianza e Impegno Sociale - Chiesa di Trento\"}]}<\/script>\n<!-- \/ Yoast SEO Premium plugin. -->","yoast_head_json":{"title":"Il Religion Today a \u201cJalaldine\u201d del regista marocchino Hassan Benjelloun. Vescovo Tisi riflette marted\u00ec 19 sul senso di comunit\u00e0 - Testimonianza e Impegno sociale","robots":{"index":"index","follow":"follow","max-snippet":"max-snippet:-1","max-image-preview":"max-image-preview:large","max-video-preview":"max-video-preview:-1"},"canonical":"https:\/\/www.diocesitn.it\/area-testimonianza\/2023\/09\/19\/il-religion-today-a-jalaldine-del-regista-marocchino-hassan-benjelloun-vescovo-tisi-riflette-martedi-19-sul-senso-di-comunita\/","og_locale":"it_IT","og_type":"article","og_title":"Il Religion Today a \u201cJalaldine\u201d del regista marocchino Hassan Benjelloun. Vescovo Tisi riflette marted\u00ec 19 sul senso di comunit\u00e0","og_description":"Con un cerimonia a Baselga di Pin\u00e9, sono stati assegnati i premi e riconoscimenti della XXVI edizione di Religion Today Film Festival.\u00a0Tra tutti i 45 film da 22 Paesi diversi, \u201cJalaldine\u201d, del regista marocchino Hassan","og_url":"https:\/\/www.diocesitn.it\/area-testimonianza\/2023\/09\/19\/il-religion-today-a-jalaldine-del-regista-marocchino-hassan-benjelloun-vescovo-tisi-riflette-martedi-19-sul-senso-di-comunita\/","og_site_name":"Testimonianza e Impegno sociale","article_published_time":"2023-09-19T10:40:41+00:00","article_modified_time":"2024-09-25T07:43:44+00:00","og_image":[{"width":900,"height":600,"url":"https:\/\/www.diocesitn.it\/area-testimonianza\/wp-content\/uploads\/sites\/37\/2023\/09\/religion_premio_2023.jpg","type":"image\/jpeg"}],"author":"Piergiorgio Franceschini","twitter_card":"summary_large_image","twitter_misc":{"Scritto da":"Piergiorgio Franceschini","Tempo di lettura stimato":"4 minuti"},"schema":{"@context":"https:\/\/schema.org","@graph":[{"@type":"Article","@id":"https:\/\/www.diocesitn.it\/area-testimonianza\/2023\/09\/19\/il-religion-today-a-jalaldine-del-regista-marocchino-hassan-benjelloun-vescovo-tisi-riflette-martedi-19-sul-senso-di-comunita\/#article","isPartOf":{"@id":"https:\/\/www.diocesitn.it\/area-testimonianza\/2023\/09\/19\/il-religion-today-a-jalaldine-del-regista-marocchino-hassan-benjelloun-vescovo-tisi-riflette-martedi-19-sul-senso-di-comunita\/"},"author":{"name":"Piergiorgio Franceschini","@id":"https:\/\/www.diocesitn.it\/area-testimonianza\/#\/schema\/person\/99590c84577873a025247b6aeb16ad2e"},"headline":"Il Religion Today a \u201cJalaldine\u201d del regista marocchino Hassan Benjelloun. Vescovo Tisi riflette marted\u00ec 19 sul senso di comunit\u00e0","datePublished":"2023-09-19T10:40:41+00:00","dateModified":"2024-09-25T07:43:44+00:00","mainEntityOfPage":{"@id":"https:\/\/www.diocesitn.it\/area-testimonianza\/2023\/09\/19\/il-religion-today-a-jalaldine-del-regista-marocchino-hassan-benjelloun-vescovo-tisi-riflette-martedi-19-sul-senso-di-comunita\/"},"wordCount":631,"publisher":{"@id":"https:\/\/www.diocesitn.it\/area-testimonianza\/#organization"},"image":{"@id":"https:\/\/www.diocesitn.it\/area-testimonianza\/2023\/09\/19\/il-religion-today-a-jalaldine-del-regista-marocchino-hassan-benjelloun-vescovo-tisi-riflette-martedi-19-sul-senso-di-comunita\/#primaryimage"},"thumbnailUrl":"https:\/\/www.diocesitn.it\/area-testimonianza\/wp-content\/uploads\/sites\/37\/2023\/09\/religion_premio_2023.jpg","keywords":["Religion Today Film Festival","vincitori"],"articleSection":["Area Testimonianza e Impegno sociale","Notizie"],"inLanguage":"it-IT","copyrightYear":"2023","copyrightHolder":{"@id":"https:\/\/www.diocesitn.it\/#organization"}},{"@type":"WebPage","@id":"https:\/\/www.diocesitn.it\/area-testimonianza\/2023\/09\/19\/il-religion-today-a-jalaldine-del-regista-marocchino-hassan-benjelloun-vescovo-tisi-riflette-martedi-19-sul-senso-di-comunita\/","url":"https:\/\/www.diocesitn.it\/area-testimonianza\/2023\/09\/19\/il-religion-today-a-jalaldine-del-regista-marocchino-hassan-benjelloun-vescovo-tisi-riflette-martedi-19-sul-senso-di-comunita\/","name":"Il Religion Today a \u201cJalaldine\u201d del regista marocchino Hassan Benjelloun. Vescovo Tisi riflette marted\u00ec 19 sul senso di comunit\u00e0 - Testimonianza e Impegno sociale","isPartOf":{"@id":"https:\/\/www.diocesitn.it\/area-testimonianza\/#website"},"primaryImageOfPage":{"@id":"https:\/\/www.diocesitn.it\/area-testimonianza\/2023\/09\/19\/il-religion-today-a-jalaldine-del-regista-marocchino-hassan-benjelloun-vescovo-tisi-riflette-martedi-19-sul-senso-di-comunita\/#primaryimage"},"image":{"@id":"https:\/\/www.diocesitn.it\/area-testimonianza\/2023\/09\/19\/il-religion-today-a-jalaldine-del-regista-marocchino-hassan-benjelloun-vescovo-tisi-riflette-martedi-19-sul-senso-di-comunita\/#primaryimage"},"thumbnailUrl":"https:\/\/www.diocesitn.it\/area-testimonianza\/wp-content\/uploads\/sites\/37\/2023\/09\/religion_premio_2023.jpg","datePublished":"2023-09-19T10:40:41+00:00","dateModified":"2024-09-25T07:43:44+00:00","breadcrumb":{"@id":"https:\/\/www.diocesitn.it\/area-testimonianza\/2023\/09\/19\/il-religion-today-a-jalaldine-del-regista-marocchino-hassan-benjelloun-vescovo-tisi-riflette-martedi-19-sul-senso-di-comunita\/#breadcrumb"},"inLanguage":"it-IT","potentialAction":[{"@type":"ReadAction","target":["https:\/\/www.diocesitn.it\/area-testimonianza\/2023\/09\/19\/il-religion-today-a-jalaldine-del-regista-marocchino-hassan-benjelloun-vescovo-tisi-riflette-martedi-19-sul-senso-di-comunita\/"]}]},{"@type":"ImageObject","inLanguage":"it-IT","@id":"https:\/\/www.diocesitn.it\/area-testimonianza\/2023\/09\/19\/il-religion-today-a-jalaldine-del-regista-marocchino-hassan-benjelloun-vescovo-tisi-riflette-martedi-19-sul-senso-di-comunita\/#primaryimage","url":"https:\/\/www.diocesitn.it\/area-testimonianza\/wp-content\/uploads\/sites\/37\/2023\/09\/religion_premio_2023.jpg","contentUrl":"https:\/\/www.diocesitn.it\/area-testimonianza\/wp-content\/uploads\/sites\/37\/2023\/09\/religion_premio_2023.jpg","width":900,"height":600},{"@type":"BreadcrumbList","@id":"https:\/\/www.diocesitn.it\/area-testimonianza\/2023\/09\/19\/il-religion-today-a-jalaldine-del-regista-marocchino-hassan-benjelloun-vescovo-tisi-riflette-martedi-19-sul-senso-di-comunita\/#breadcrumb","itemListElement":[{"@type":"ListItem","position":1,"name":"Home","item":"https:\/\/www.diocesitn.it\/area-testimonianza\/"},{"@type":"ListItem","position":2,"name":"Il Religion Today a \u201cJalaldine\u201d del regista marocchino Hassan Benjelloun. Vescovo Tisi riflette marted\u00ec 19 sul senso di comunit\u00e0"}]},{"@type":"WebSite","@id":"https:\/\/www.diocesitn.it\/area-testimonianza\/#website","url":"https:\/\/www.diocesitn.it\/area-testimonianza\/","name":"Testimonianza e Impegno sociale","description":"Chiesa di Trento","publisher":{"@id":"https:\/\/www.diocesitn.it\/area-testimonianza\/#organization"},"potentialAction":[{"@type":"SearchAction","target":{"@type":"EntryPoint","urlTemplate":"https:\/\/www.diocesitn.it\/area-testimonianza\/?s={search_term_string}"},"query-input":"required name=search_term_string"}],"inLanguage":"it-IT"},{"@type":["Organization","Place"],"@id":"https:\/\/www.diocesitn.it\/area-testimonianza\/#organization","name":"Area Testimonianza e Impegno Sociale - Chiesa di Trento","url":"https:\/\/www.diocesitn.it\/area-testimonianza\/","logo":{"@id":"https:\/\/www.diocesitn.it\/area-testimonianza\/2023\/09\/19\/il-religion-today-a-jalaldine-del-regista-marocchino-hassan-benjelloun-vescovo-tisi-riflette-martedi-19-sul-senso-di-comunita\/#local-main-organization-logo"},"image":{"@id":"https:\/\/www.diocesitn.it\/area-testimonianza\/2023\/09\/19\/il-religion-today-a-jalaldine-del-regista-marocchino-hassan-benjelloun-vescovo-tisi-riflette-martedi-19-sul-senso-di-comunita\/#local-main-organization-logo"},"openingHoursSpecification":[{"@type":"OpeningHoursSpecification","dayOfWeek":["Monday","Tuesday","Wednesday","Thursday","Friday","Saturday","Sunday"],"opens":"09:00","closes":"17:00"}]},{"@type":"ImageObject","inLanguage":"it-IT","@id":"https:\/\/www.diocesitn.it\/area-testimonianza\/2023\/09\/19\/il-religion-today-a-jalaldine-del-regista-marocchino-hassan-benjelloun-vescovo-tisi-riflette-martedi-19-sul-senso-di-comunita\/#local-main-organization-logo","url":"https:\/\/www.diocesitn.it\/area-testimonianza\/wp-content\/uploads\/sites\/37\/2021\/09\/og-logo-testimonianza-e-impegno-sociale.jpg","contentUrl":"https:\/\/www.diocesitn.it\/area-testimonianza\/wp-content\/uploads\/sites\/37\/2021\/09\/og-logo-testimonianza-e-impegno-sociale.jpg","width":1200,"height":630,"caption":"Area Testimonianza e Impegno Sociale - Chiesa di Trento"}]}},"_links":{"self":[{"href":"https:\/\/www.diocesitn.it\/area-testimonianza\/wp-json\/wp\/v2\/posts\/13547","targetHints":{"allow":["GET"]}}],"collection":[{"href":"https:\/\/www.diocesitn.it\/area-testimonianza\/wp-json\/wp\/v2\/posts"}],"about":[{"href":"https:\/\/www.diocesitn.it\/area-testimonianza\/wp-json\/wp\/v2\/types\/post"}],"author":[{"embeddable":true,"href":"https:\/\/www.diocesitn.it\/area-testimonianza\/wp-json\/wp\/v2\/users\/3"}],"replies":[{"embeddable":true,"href":"https:\/\/www.diocesitn.it\/area-testimonianza\/wp-json\/wp\/v2\/comments?post=13547"}],"version-history":[{"count":1,"href":"https:\/\/www.diocesitn.it\/area-testimonianza\/wp-json\/wp\/v2\/posts\/13547\/revisions"}],"predecessor-version":[{"id":13549,"href":"https:\/\/www.diocesitn.it\/area-testimonianza\/wp-json\/wp\/v2\/posts\/13547\/revisions\/13549"}],"wp:featuredmedia":[{"embeddable":true,"href":"https:\/\/www.diocesitn.it\/area-testimonianza\/wp-json\/wp\/v2\/media\/13548"}],"wp:attachment":[{"href":"https:\/\/www.diocesitn.it\/area-testimonianza\/wp-json\/wp\/v2\/media?parent=13547"}],"wp:term":[{"taxonomy":"category","embeddable":true,"href":"https:\/\/www.diocesitn.it\/area-testimonianza\/wp-json\/wp\/v2\/categories?post=13547"},{"taxonomy":"post_tag","embeddable":true,"href":"https:\/\/www.diocesitn.it\/area-testimonianza\/wp-json\/wp\/v2\/tags?post=13547"}],"curies":[{"name":"wp","href":"https:\/\/api.w.org\/{rel}","templated":true}]}}