{"id":13407,"date":"2023-09-11T11:39:41","date_gmt":"2023-09-11T09:39:41","guid":{"rendered":"https:\/\/www.diocesitn.it\/area-testimonianza\/?p=13407"},"modified":"2023-10-13T10:16:19","modified_gmt":"2023-10-13T08:16:19","slug":"ottobre-missionario-2023-cuori-ardenti-piedi-in-cammino","status":"publish","type":"post","link":"https:\/\/www.diocesitn.it\/area-testimonianza\/2023\/09\/11\/ottobre-missionario-2023-cuori-ardenti-piedi-in-cammino\/","title":{"rendered":"Ottobre missionario 2023: \u201cCuori ardenti, piedi in cammino\u201d"},"content":{"rendered":"<p><strong>\u201cCuori ardenti, piedi in cammino\u201d \u00e8 il tema scelto per l&#8217;ottobre missionario 2023 a livello nazionale.<br \/>\n<\/strong><\/p>\n<p>La giornata missionaria mondiale 2023 \u00e8 domenica 22 ottobre.<\/p>\n<p><strong>Quest&#8217;anno il mese di ottobre in diocesi si arricchir\u00e0 della rassegna di eventi &#8220;<a href=\"https:\/\/www.diocesitn.it\/area-testimonianza\/centro-missionario-diocesano\/appuntamenti-missionari\/il-trentino-chiama-lafrica\/\">Il Trentino chiama l&#8217;Africa<\/a>&#8221; a cui siete tutti invitati.<\/strong><\/p>\n<p>&nbsp;<\/p>\n<hr \/>\n<p>&nbsp;<\/p>\n<p>Il<strong> sito di <a href=\"https:\/\/www.missioitalia.it\/ottobre-missionario-2023\/\" target=\"_blank\" rel=\"noopener\">missio<\/a> <\/strong>\u00e8 ricco di strumenti per la preghiera; per la riflessione e per l&#8217;animazione<span style=\"font-size: inherit\">del mese<\/span><span style=\"font-size: inherit\">.<br \/>\n<\/span><em><span style=\"color: #808080\">[Messaggio del Santo Padre Francesco per la Giornata Missionaria Mondiale 2023;\u00a0L\u2019Animatore Missionario_ Ottobre 2023; SPUNTI DI RIFLESSIONE SUL TEMA PER L\u2019ANNO PASTORALE 2023\/2024 (Cuori ardenti, piedi in cammino di don Ezio Falavegna;\u00a0Lo stile di Emmaus come stile di discernimento e accompagnamento di Rosalba Manes);\u00a0STRUMENTI DI ANIMAZIONE E PREGHIERA PER L\u2019OTTOBRE MISSIONARIO 2023 (Animazione liturgica per le domeniche di Ottobre;\u00a0Veglia per la Giornata Missionaria Mondiale 2023;\u00a0Rosario missionario;\u00a0Adorazione Eucaristica;\u00a0Video-testimonianze sul tema \u201cCuori ardenti, piedi in cammino\u201d per l\u2019ottobre missionario 2023;\u00a0Schede didattiche di approfondimento ai video ed interviste correlate;\u00a0Veglia per la Giornata missionaria delle religiose_1 Ottobre;\u00a0Buone pratiche per vivere l\u2019Ottobre Missionario;\u00a0Testimonianze missionarie; Manifesto Giornata Missionaria Mondiale;\u00a0Locandina 5 settimane dell\u2019Ottobre Missionario]<\/span><\/em><\/p>\n<p><strong style=\"text-align: center\">Il seguente materiale \u00e8 in distribuzione al Centro Missionario<\/strong> (Trento, via Barbacovi, 4)<strong style=\"text-align: center\"> dal 18 settembre 2023 (lun-ven 8.30-12.30\/13.30-17.00)<\/strong><\/p>\n<ul>\n<li>locandina ottobre missionario (missio)<\/li>\n<li>l&#8217;animatore missionario<\/li>\n<li>buste<\/li>\n<li>programma &#8220;Il Trentino chiama l&#8217;Africa&#8221;<\/li>\n<li>locandina &#8220;Il Trentino chiama l&#8217;Africa&#8221;<\/li>\n<\/ul>\n<p>&nbsp;<\/p>\n<hr \/>\n<p>&nbsp;<\/p>\n<p><strong>Si segnalano periodici e riviste di stampo missionario o di controinformazione presenti nella nostra emeroteca.<\/strong><\/p>\n<p>Delle seguenti riviste \u00e8 possibile fare gli <span style=\"text-decoration: underline\">abbonamenti tramite il Centro Missionario<\/span><\/p>\n<ul>\n<li><strong><span style=\"text-decoration: underline\">PM, il Piccolo missionario<\/span><\/strong><br \/>\nNata per far conoscere l\u2019opera dei missionari nel mondo, la rivista ha da sempre espresso la sensibilit\u00e0 che i compagni del Comboni avevano e hanno per i pi\u00f9 poveri, in particolare per i bambini e le donne dei continenti del sud del mondo. Il mensile \u00e8 particolarmente consigliato ai bambini dagli 8 ai 12 anni e ai loro catechisti, l\u2019abbonamento alla rivista potrebbe essere un bel dono da fare a un bambino in occasione della sua Prima Comunione o del Natale. [<strong>Abbonamenti<\/strong>: cartaceo \u20ac 30.00; cartceo con diario Piemme \u20ac 35.00; digitale \u20ac 10.00]<\/li>\n<li><span style=\"text-decoration: underline\"><strong>Il Ponte d&#8217;oro<\/strong><\/span><br \/>\n36 pagine di animazione, formazione, spiritualit\u00e0, racconti, giochi, esperienze&#8230; e quanto ancora \u00e8 possibile fare perch\u00e9 i ragazzi non solo guardino la vita del mondo, ma se ne scoprano protagonisti, chiamati a condividere la propria fede. Il \u2018\u2019Ponte d\u2019Oro\u2019\u2019 \u00e8 uno strumento essenziale per il gruppo di catechesi, la scuola, i chierichetti. [<strong>Abbonamenti<\/strong>: individuale \u20ac 14.00; collettivo \u20ac 10.00]<\/li>\n<li><span style=\"text-decoration: underline\"><strong>Popoli e missione<\/strong><\/span><br \/>\nLa rivista delle Pontificie Opere Missionarie \u00e8 un mensile di informazione e azione missionaria il cui contenuto \u00e8 maggiormente dedicato all\u2019informazione diretta dai paesi del sud del mondo grazie al dialogo con i numerosi testimoni, missionari e laici, che vi operano. Articolata in 6 parti, si possono leggere le rubriche dedicate alle nuove vie del Vangelo, il dossier, la missione, la vita delle POM e notizie varie.\u00a0[<strong>Abbonamenti<\/strong>: individuale \u20ac 25.00; collettivo \u20ac 20.00]<\/li>\n<li><span style=\"text-decoration: underline\"><strong>Nigrizia<\/strong><\/span><br \/>\nFondata nel 1883 per dare notizia della vita nelle missioni in Sudan e delle popolazioni locali, col passare degli anni, evolve per arrivare alla forma attuale che presenta il continente africano nella sua realt\u00e0 sociopolitica, economica e culturale, dando pi\u00f9 importanza alle relazioni Nord\/Sud e alle nuove problematiche della missione. Ricca di analisi, approfondimenti, denunce, informazioni e di un dossier mensile. \u00c8 essenziale per la comprensione e la conoscenza della realt\u00e0 africana e pu\u00f2 essere consigliata a tutti i tipi di lettori.\u00a0[<strong>Abbonamenti<\/strong>: cartaceo \u20ac 40.00; digitale \u20ac 20.00]<\/li>\n<\/ul>\n","protected":false},"excerpt":{"rendered":"<p>\u201cCuori ardenti, piedi in cammino\u201d \u00e8 il tema scelto per l&#8217;ottobre missionario 2023 a livello nazionale. La giornata missionaria mondiale 2023 \u00e8 domenica 22 ottobre. Quest&#8217;anno il mese di ottobre in diocesi si arricchir\u00e0 della<\/p>\n","protected":false},"author":161,"featured_media":13411,"comment_status":"closed","ping_status":"closed","sticky":false,"template":"","format":"standard","meta":{"footnotes":""},"categories":[1074,1151],"tags":[2059,2116,1435,1491,2115],"class_list":["post-13407","post","type-post","status-publish","format-standard","has-post-thumbnail","hentry","category-notizie","category-servizio-missionario","tag-2059","tag-il-trentino-chiama-lafrica","tag-materiale","tag-ottobre-missionario","tag-riviste"],"acf":{"seed-localization-paese-cod":"IT","seed-localization-address":"","seed-localization-citta":"Trento","seed-localization-regione-cod-istat":"04","seed-localization-citta-cod-istat":"022205","seed-localization-localita":"","seed-localization-cap":"","seed-localization-marker-visibility":false,"seed-localization-children-visibility":false,"seed-localization-kml":"","seed-localization-custom-marker":""},"yoast_head":"<!-- This site is optimized with the Yoast SEO Premium plugin v20.2.1 (Yoast SEO v22.2) - https:\/\/yoast.com\/wordpress\/plugins\/seo\/ -->\n<title>Ottobre missionario 2023: \u201cCuori ardenti, piedi in cammino\u201d<\/title>\n<meta name=\"description\" content=\"Eventi in diocesi (Il Trentino chiama l&#039;Africa) e distribuzione del materiale per l&#039;animazione per l&#039;ottobre missionario 2023\" \/>\n<meta name=\"robots\" content=\"index, follow, max-snippet:-1, max-image-preview:large, max-video-preview:-1\" \/>\n<link rel=\"canonical\" href=\"https:\/\/www.diocesitn.it\/area-testimonianza\/2023\/09\/11\/ottobre-missionario-2023-cuori-ardenti-piedi-in-cammino\/\" \/>\n<meta property=\"og:locale\" content=\"it_IT\" \/>\n<meta property=\"og:type\" content=\"article\" \/>\n<meta property=\"og:title\" content=\"Ottobre missionario 2023: \u201cCuori ardenti, piedi in cammino\u201d\" \/>\n<meta property=\"og:description\" content=\"Eventi in diocesi (Il Trentino chiama l&#039;Africa) e distribuzione del materiale per l&#039;animazione per l&#039;ottobre missionario 2023\" \/>\n<meta property=\"og:url\" content=\"https:\/\/www.diocesitn.it\/area-testimonianza\/2023\/09\/11\/ottobre-missionario-2023-cuori-ardenti-piedi-in-cammino\/\" \/>\n<meta property=\"og:site_name\" content=\"Testimonianza e Impegno sociale\" \/>\n<meta property=\"article:published_time\" content=\"2023-09-11T09:39:41+00:00\" \/>\n<meta property=\"article:modified_time\" content=\"2023-10-13T08:16:19+00:00\" \/>\n<meta property=\"og:image\" content=\"https:\/\/www.diocesitn.it\/area-testimonianza\/wp-content\/uploads\/sites\/37\/2023\/09\/GMM23-banner-scaled.jpg\" \/>\n\t<meta property=\"og:image:width\" content=\"2560\" \/>\n\t<meta property=\"og:image:height\" content=\"1447\" \/>\n\t<meta property=\"og:image:type\" content=\"image\/jpeg\" \/>\n<meta name=\"author\" content=\"smaule\" \/>\n<meta name=\"twitter:card\" content=\"summary_large_image\" \/>\n<meta name=\"twitter:label1\" content=\"Scritto da\" \/>\n\t<meta name=\"twitter:data1\" content=\"smaule\" \/>\n\t<meta name=\"twitter:label2\" content=\"Tempo di lettura stimato\" \/>\n\t<meta name=\"twitter:data2\" content=\"4 minuti\" \/>\n<script type=\"application\/ld+json\" class=\"yoast-schema-graph\">{\"@context\":\"https:\/\/schema.org\",\"@graph\":[{\"@type\":\"Article\",\"@id\":\"https:\/\/www.diocesitn.it\/area-testimonianza\/2023\/09\/11\/ottobre-missionario-2023-cuori-ardenti-piedi-in-cammino\/#article\",\"isPartOf\":{\"@id\":\"https:\/\/www.diocesitn.it\/area-testimonianza\/2023\/09\/11\/ottobre-missionario-2023-cuori-ardenti-piedi-in-cammino\/\"},\"author\":{\"name\":\"smaule\",\"@id\":\"https:\/\/www.diocesitn.it\/area-testimonianza\/#\/schema\/person\/bac489aafb7f98c1ca25f76c27174a95\"},\"headline\":\"Ottobre missionario 2023: \u201cCuori ardenti, piedi in cammino\u201d\",\"datePublished\":\"2023-09-11T09:39:41+00:00\",\"dateModified\":\"2023-10-13T08:16:19+00:00\",\"mainEntityOfPage\":{\"@id\":\"https:\/\/www.diocesitn.it\/area-testimonianza\/2023\/09\/11\/ottobre-missionario-2023-cuori-ardenti-piedi-in-cammino\/\"},\"wordCount\":550,\"publisher\":{\"@id\":\"https:\/\/www.diocesitn.it\/area-testimonianza\/#organization\"},\"image\":{\"@id\":\"https:\/\/www.diocesitn.it\/area-testimonianza\/2023\/09\/11\/ottobre-missionario-2023-cuori-ardenti-piedi-in-cammino\/#primaryimage\"},\"thumbnailUrl\":\"https:\/\/www.diocesitn.it\/area-testimonianza\/wp-content\/uploads\/sites\/37\/2023\/09\/GMM23-banner-scaled.jpg\",\"keywords\":[\"2023\",\"Il Trentino chiama l'Africa\",\"materiale\",\"ottobre missionario\",\"riviste\"],\"articleSection\":[\"Notizie\",\"Pastorale Missionaria\"],\"inLanguage\":\"it-IT\",\"copyrightYear\":\"2023\",\"copyrightHolder\":{\"@id\":\"https:\/\/www.diocesitn.it\/#organization\"}},{\"@type\":\"WebPage\",\"@id\":\"https:\/\/www.diocesitn.it\/area-testimonianza\/2023\/09\/11\/ottobre-missionario-2023-cuori-ardenti-piedi-in-cammino\/\",\"url\":\"https:\/\/www.diocesitn.it\/area-testimonianza\/2023\/09\/11\/ottobre-missionario-2023-cuori-ardenti-piedi-in-cammino\/\",\"name\":\"Ottobre missionario 2023: \u201cCuori ardenti, piedi in cammino\u201d\",\"isPartOf\":{\"@id\":\"https:\/\/www.diocesitn.it\/area-testimonianza\/#website\"},\"primaryImageOfPage\":{\"@id\":\"https:\/\/www.diocesitn.it\/area-testimonianza\/2023\/09\/11\/ottobre-missionario-2023-cuori-ardenti-piedi-in-cammino\/#primaryimage\"},\"image\":{\"@id\":\"https:\/\/www.diocesitn.it\/area-testimonianza\/2023\/09\/11\/ottobre-missionario-2023-cuori-ardenti-piedi-in-cammino\/#primaryimage\"},\"thumbnailUrl\":\"https:\/\/www.diocesitn.it\/area-testimonianza\/wp-content\/uploads\/sites\/37\/2023\/09\/GMM23-banner-scaled.jpg\",\"datePublished\":\"2023-09-11T09:39:41+00:00\",\"dateModified\":\"2023-10-13T08:16:19+00:00\",\"description\":\"Eventi in diocesi (Il Trentino chiama l'Africa) e distribuzione del materiale per l'animazione per l'ottobre missionario 2023\",\"breadcrumb\":{\"@id\":\"https:\/\/www.diocesitn.it\/area-testimonianza\/2023\/09\/11\/ottobre-missionario-2023-cuori-ardenti-piedi-in-cammino\/#breadcrumb\"},\"inLanguage\":\"it-IT\",\"potentialAction\":[{\"@type\":\"ReadAction\",\"target\":[\"https:\/\/www.diocesitn.it\/area-testimonianza\/2023\/09\/11\/ottobre-missionario-2023-cuori-ardenti-piedi-in-cammino\/\"]}]},{\"@type\":\"ImageObject\",\"inLanguage\":\"it-IT\",\"@id\":\"https:\/\/www.diocesitn.it\/area-testimonianza\/2023\/09\/11\/ottobre-missionario-2023-cuori-ardenti-piedi-in-cammino\/#primaryimage\",\"url\":\"https:\/\/www.diocesitn.it\/area-testimonianza\/wp-content\/uploads\/sites\/37\/2023\/09\/GMM23-banner-scaled.jpg\",\"contentUrl\":\"https:\/\/www.diocesitn.it\/area-testimonianza\/wp-content\/uploads\/sites\/37\/2023\/09\/GMM23-banner-scaled.jpg\",\"width\":2560,\"height\":1447},{\"@type\":\"BreadcrumbList\",\"@id\":\"https:\/\/www.diocesitn.it\/area-testimonianza\/2023\/09\/11\/ottobre-missionario-2023-cuori-ardenti-piedi-in-cammino\/#breadcrumb\",\"itemListElement\":[{\"@type\":\"ListItem\",\"position\":1,\"name\":\"Home\",\"item\":\"https:\/\/www.diocesitn.it\/area-testimonianza\/\"},{\"@type\":\"ListItem\",\"position\":2,\"name\":\"Ottobre missionario 2023: \u201cCuori ardenti, piedi in cammino\u201d\"}]},{\"@type\":\"WebSite\",\"@id\":\"https:\/\/www.diocesitn.it\/area-testimonianza\/#website\",\"url\":\"https:\/\/www.diocesitn.it\/area-testimonianza\/\",\"name\":\"Testimonianza e Impegno sociale\",\"description\":\"Chiesa di Trento\",\"publisher\":{\"@id\":\"https:\/\/www.diocesitn.it\/area-testimonianza\/#organization\"},\"potentialAction\":[{\"@type\":\"SearchAction\",\"target\":{\"@type\":\"EntryPoint\",\"urlTemplate\":\"https:\/\/www.diocesitn.it\/area-testimonianza\/?s={search_term_string}\"},\"query-input\":\"required name=search_term_string\"}],\"inLanguage\":\"it-IT\"},{\"@type\":[\"Organization\",\"Place\"],\"@id\":\"https:\/\/www.diocesitn.it\/area-testimonianza\/#organization\",\"name\":\"Area Testimonianza e Impegno Sociale - Chiesa di Trento\",\"url\":\"https:\/\/www.diocesitn.it\/area-testimonianza\/\",\"logo\":{\"@id\":\"https:\/\/www.diocesitn.it\/area-testimonianza\/2023\/09\/11\/ottobre-missionario-2023-cuori-ardenti-piedi-in-cammino\/#local-main-organization-logo\"},\"image\":{\"@id\":\"https:\/\/www.diocesitn.it\/area-testimonianza\/2023\/09\/11\/ottobre-missionario-2023-cuori-ardenti-piedi-in-cammino\/#local-main-organization-logo\"},\"openingHoursSpecification\":[{\"@type\":\"OpeningHoursSpecification\",\"dayOfWeek\":[\"Monday\",\"Tuesday\",\"Wednesday\",\"Thursday\",\"Friday\",\"Saturday\",\"Sunday\"],\"opens\":\"09:00\",\"closes\":\"17:00\"}]},{\"@type\":\"ImageObject\",\"inLanguage\":\"it-IT\",\"@id\":\"https:\/\/www.diocesitn.it\/area-testimonianza\/2023\/09\/11\/ottobre-missionario-2023-cuori-ardenti-piedi-in-cammino\/#local-main-organization-logo\",\"url\":\"https:\/\/www.diocesitn.it\/area-testimonianza\/wp-content\/uploads\/sites\/37\/2021\/09\/og-logo-testimonianza-e-impegno-sociale.jpg\",\"contentUrl\":\"https:\/\/www.diocesitn.it\/area-testimonianza\/wp-content\/uploads\/sites\/37\/2021\/09\/og-logo-testimonianza-e-impegno-sociale.jpg\",\"width\":1200,\"height\":630,\"caption\":\"Area Testimonianza e Impegno Sociale - Chiesa di Trento\"}]}<\/script>\n<!-- \/ Yoast SEO Premium plugin. -->","yoast_head_json":{"title":"Ottobre missionario 2023: \u201cCuori ardenti, piedi in cammino\u201d","description":"Eventi in diocesi (Il Trentino chiama l'Africa) e distribuzione del materiale per l'animazione per l'ottobre missionario 2023","robots":{"index":"index","follow":"follow","max-snippet":"max-snippet:-1","max-image-preview":"max-image-preview:large","max-video-preview":"max-video-preview:-1"},"canonical":"https:\/\/www.diocesitn.it\/area-testimonianza\/2023\/09\/11\/ottobre-missionario-2023-cuori-ardenti-piedi-in-cammino\/","og_locale":"it_IT","og_type":"article","og_title":"Ottobre missionario 2023: \u201cCuori ardenti, piedi in cammino\u201d","og_description":"Eventi in diocesi (Il Trentino chiama l'Africa) e distribuzione del materiale per l'animazione per l'ottobre missionario 2023","og_url":"https:\/\/www.diocesitn.it\/area-testimonianza\/2023\/09\/11\/ottobre-missionario-2023-cuori-ardenti-piedi-in-cammino\/","og_site_name":"Testimonianza e Impegno sociale","article_published_time":"2023-09-11T09:39:41+00:00","article_modified_time":"2023-10-13T08:16:19+00:00","og_image":[{"width":2560,"height":1447,"url":"https:\/\/www.diocesitn.it\/area-testimonianza\/wp-content\/uploads\/sites\/37\/2023\/09\/GMM23-banner-scaled.jpg","type":"image\/jpeg"}],"author":"smaule","twitter_card":"summary_large_image","twitter_misc":{"Scritto da":"smaule","Tempo di lettura stimato":"4 minuti"},"schema":{"@context":"https:\/\/schema.org","@graph":[{"@type":"Article","@id":"https:\/\/www.diocesitn.it\/area-testimonianza\/2023\/09\/11\/ottobre-missionario-2023-cuori-ardenti-piedi-in-cammino\/#article","isPartOf":{"@id":"https:\/\/www.diocesitn.it\/area-testimonianza\/2023\/09\/11\/ottobre-missionario-2023-cuori-ardenti-piedi-in-cammino\/"},"author":{"name":"smaule","@id":"https:\/\/www.diocesitn.it\/area-testimonianza\/#\/schema\/person\/bac489aafb7f98c1ca25f76c27174a95"},"headline":"Ottobre missionario 2023: \u201cCuori ardenti, piedi in cammino\u201d","datePublished":"2023-09-11T09:39:41+00:00","dateModified":"2023-10-13T08:16:19+00:00","mainEntityOfPage":{"@id":"https:\/\/www.diocesitn.it\/area-testimonianza\/2023\/09\/11\/ottobre-missionario-2023-cuori-ardenti-piedi-in-cammino\/"},"wordCount":550,"publisher":{"@id":"https:\/\/www.diocesitn.it\/area-testimonianza\/#organization"},"image":{"@id":"https:\/\/www.diocesitn.it\/area-testimonianza\/2023\/09\/11\/ottobre-missionario-2023-cuori-ardenti-piedi-in-cammino\/#primaryimage"},"thumbnailUrl":"https:\/\/www.diocesitn.it\/area-testimonianza\/wp-content\/uploads\/sites\/37\/2023\/09\/GMM23-banner-scaled.jpg","keywords":["2023","Il Trentino chiama l'Africa","materiale","ottobre missionario","riviste"],"articleSection":["Notizie","Pastorale Missionaria"],"inLanguage":"it-IT","copyrightYear":"2023","copyrightHolder":{"@id":"https:\/\/www.diocesitn.it\/#organization"}},{"@type":"WebPage","@id":"https:\/\/www.diocesitn.it\/area-testimonianza\/2023\/09\/11\/ottobre-missionario-2023-cuori-ardenti-piedi-in-cammino\/","url":"https:\/\/www.diocesitn.it\/area-testimonianza\/2023\/09\/11\/ottobre-missionario-2023-cuori-ardenti-piedi-in-cammino\/","name":"Ottobre missionario 2023: \u201cCuori ardenti, piedi in cammino\u201d","isPartOf":{"@id":"https:\/\/www.diocesitn.it\/area-testimonianza\/#website"},"primaryImageOfPage":{"@id":"https:\/\/www.diocesitn.it\/area-testimonianza\/2023\/09\/11\/ottobre-missionario-2023-cuori-ardenti-piedi-in-cammino\/#primaryimage"},"image":{"@id":"https:\/\/www.diocesitn.it\/area-testimonianza\/2023\/09\/11\/ottobre-missionario-2023-cuori-ardenti-piedi-in-cammino\/#primaryimage"},"thumbnailUrl":"https:\/\/www.diocesitn.it\/area-testimonianza\/wp-content\/uploads\/sites\/37\/2023\/09\/GMM23-banner-scaled.jpg","datePublished":"2023-09-11T09:39:41+00:00","dateModified":"2023-10-13T08:16:19+00:00","description":"Eventi in diocesi (Il Trentino chiama l'Africa) e distribuzione del materiale per l'animazione per l'ottobre missionario 2023","breadcrumb":{"@id":"https:\/\/www.diocesitn.it\/area-testimonianza\/2023\/09\/11\/ottobre-missionario-2023-cuori-ardenti-piedi-in-cammino\/#breadcrumb"},"inLanguage":"it-IT","potentialAction":[{"@type":"ReadAction","target":["https:\/\/www.diocesitn.it\/area-testimonianza\/2023\/09\/11\/ottobre-missionario-2023-cuori-ardenti-piedi-in-cammino\/"]}]},{"@type":"ImageObject","inLanguage":"it-IT","@id":"https:\/\/www.diocesitn.it\/area-testimonianza\/2023\/09\/11\/ottobre-missionario-2023-cuori-ardenti-piedi-in-cammino\/#primaryimage","url":"https:\/\/www.diocesitn.it\/area-testimonianza\/wp-content\/uploads\/sites\/37\/2023\/09\/GMM23-banner-scaled.jpg","contentUrl":"https:\/\/www.diocesitn.it\/area-testimonianza\/wp-content\/uploads\/sites\/37\/2023\/09\/GMM23-banner-scaled.jpg","width":2560,"height":1447},{"@type":"BreadcrumbList","@id":"https:\/\/www.diocesitn.it\/area-testimonianza\/2023\/09\/11\/ottobre-missionario-2023-cuori-ardenti-piedi-in-cammino\/#breadcrumb","itemListElement":[{"@type":"ListItem","position":1,"name":"Home","item":"https:\/\/www.diocesitn.it\/area-testimonianza\/"},{"@type":"ListItem","position":2,"name":"Ottobre missionario 2023: \u201cCuori ardenti, piedi in cammino\u201d"}]},{"@type":"WebSite","@id":"https:\/\/www.diocesitn.it\/area-testimonianza\/#website","url":"https:\/\/www.diocesitn.it\/area-testimonianza\/","name":"Testimonianza e Impegno sociale","description":"Chiesa di Trento","publisher":{"@id":"https:\/\/www.diocesitn.it\/area-testimonianza\/#organization"},"potentialAction":[{"@type":"SearchAction","target":{"@type":"EntryPoint","urlTemplate":"https:\/\/www.diocesitn.it\/area-testimonianza\/?s={search_term_string}"},"query-input":"required name=search_term_string"}],"inLanguage":"it-IT"},{"@type":["Organization","Place"],"@id":"https:\/\/www.diocesitn.it\/area-testimonianza\/#organization","name":"Area Testimonianza e Impegno Sociale - Chiesa di Trento","url":"https:\/\/www.diocesitn.it\/area-testimonianza\/","logo":{"@id":"https:\/\/www.diocesitn.it\/area-testimonianza\/2023\/09\/11\/ottobre-missionario-2023-cuori-ardenti-piedi-in-cammino\/#local-main-organization-logo"},"image":{"@id":"https:\/\/www.diocesitn.it\/area-testimonianza\/2023\/09\/11\/ottobre-missionario-2023-cuori-ardenti-piedi-in-cammino\/#local-main-organization-logo"},"openingHoursSpecification":[{"@type":"OpeningHoursSpecification","dayOfWeek":["Monday","Tuesday","Wednesday","Thursday","Friday","Saturday","Sunday"],"opens":"09:00","closes":"17:00"}]},{"@type":"ImageObject","inLanguage":"it-IT","@id":"https:\/\/www.diocesitn.it\/area-testimonianza\/2023\/09\/11\/ottobre-missionario-2023-cuori-ardenti-piedi-in-cammino\/#local-main-organization-logo","url":"https:\/\/www.diocesitn.it\/area-testimonianza\/wp-content\/uploads\/sites\/37\/2021\/09\/og-logo-testimonianza-e-impegno-sociale.jpg","contentUrl":"https:\/\/www.diocesitn.it\/area-testimonianza\/wp-content\/uploads\/sites\/37\/2021\/09\/og-logo-testimonianza-e-impegno-sociale.jpg","width":1200,"height":630,"caption":"Area Testimonianza e Impegno Sociale - Chiesa di Trento"}]}},"_links":{"self":[{"href":"https:\/\/www.diocesitn.it\/area-testimonianza\/wp-json\/wp\/v2\/posts\/13407","targetHints":{"allow":["GET"]}}],"collection":[{"href":"https:\/\/www.diocesitn.it\/area-testimonianza\/wp-json\/wp\/v2\/posts"}],"about":[{"href":"https:\/\/www.diocesitn.it\/area-testimonianza\/wp-json\/wp\/v2\/types\/post"}],"author":[{"embeddable":true,"href":"https:\/\/www.diocesitn.it\/area-testimonianza\/wp-json\/wp\/v2\/users\/161"}],"replies":[{"embeddable":true,"href":"https:\/\/www.diocesitn.it\/area-testimonianza\/wp-json\/wp\/v2\/comments?post=13407"}],"version-history":[{"count":4,"href":"https:\/\/www.diocesitn.it\/area-testimonianza\/wp-json\/wp\/v2\/posts\/13407\/revisions"}],"predecessor-version":[{"id":13443,"href":"https:\/\/www.diocesitn.it\/area-testimonianza\/wp-json\/wp\/v2\/posts\/13407\/revisions\/13443"}],"wp:featuredmedia":[{"embeddable":true,"href":"https:\/\/www.diocesitn.it\/area-testimonianza\/wp-json\/wp\/v2\/media\/13411"}],"wp:attachment":[{"href":"https:\/\/www.diocesitn.it\/area-testimonianza\/wp-json\/wp\/v2\/media?parent=13407"}],"wp:term":[{"taxonomy":"category","embeddable":true,"href":"https:\/\/www.diocesitn.it\/area-testimonianza\/wp-json\/wp\/v2\/categories?post=13407"},{"taxonomy":"post_tag","embeddable":true,"href":"https:\/\/www.diocesitn.it\/area-testimonianza\/wp-json\/wp\/v2\/tags?post=13407"}],"curies":[{"name":"wp","href":"https:\/\/api.w.org\/{rel}","templated":true}]}}