{"id":13343,"date":"2023-09-01T16:26:38","date_gmt":"2023-09-01T14:26:38","guid":{"rendered":"https:\/\/www.diocesitn.it\/area-testimonianza\/?p=13343"},"modified":"2023-10-13T10:16:39","modified_gmt":"2023-10-13T08:16:39","slug":"sabato-16-settembre-gli-anziani-del-trentino-alla-madonna-di-pine-con-il-vescovo-lauro","status":"publish","type":"post","link":"https:\/\/www.diocesitn.it\/area-testimonianza\/2023\/09\/01\/sabato-16-settembre-gli-anziani-del-trentino-alla-madonna-di-pine-con-il-vescovo-lauro\/","title":{"rendered":"Sabato 16 settembre gli Anziani del Trentino alla Madonna di Pin\u00e8 con il vescovo Lauro"},"content":{"rendered":"<p>Ritorna il pellegrinaggio alla Madonna di Pin\u00e8 che raccoglie i pensionati e anziani della diocesi, guidati dal vescovo Lauro. Dopo i saluti inziali, la possibilit\u00e0 di confessione personale e la recita del S. Rosario. A seguire la s. Messa presieduta dall&#8217;Arcivescovo.<\/p>\n<p>L&#8217;iniziativa \u00e8 promossa dal Servizio Anziani dell&#8217;Arcidiocesi di Trento, in collaborazione con FapAcli e il Coordinamento provinciale dei Circoli Pensionati e Anziani.<\/p>\n<p>Per chi partecipa da Trento e necessita di un passaggio, le parrocchie di Trento Nord organizzano il trasporto<span style=\"font-size: inherit\">. <\/span><a href=\"https:\/\/www.diocesitn.it\/area-testimonianza\/wp-content\/uploads\/sites\/37\/2023\/09\/Locandina-TN-Nord-pullman.pdf\">Qui info per prenotare il pullman fino ad esaurimento posti<\/a>.<\/p>\n","protected":false},"excerpt":{"rendered":"<p>Ritorna il pellegrinaggio alla Madonna di Pin\u00e8 che raccoglie i pensionati e anziani della diocesi, guidati dal vescovo Lauro. Dopo i saluti inziali, la possibilit\u00e0 di confessione personale e la recita del S. Rosario. A<\/p>\n","protected":false},"author":4,"featured_media":13345,"comment_status":"closed","ping_status":"closed","sticky":false,"template":"","format":"standard","meta":{"footnotes":""},"categories":[1074,1102],"tags":[1699],"class_list":["post-13343","post","type-post","status-publish","format-standard","has-post-thumbnail","hentry","category-notizie","category-servizio-salute-pellegrinaggi-anziani","tag-pellegrinaggio-anziani-pine"],"acf":{"seed-localization-paese-cod":"IT","seed-localization-address":"","seed-localization-citta":"Trento","seed-localization-regione-cod-istat":"04","seed-localization-citta-cod-istat":"022205","seed-localization-localita":"","seed-localization-cap":"","seed-localization-marker-visibility":false,"seed-localization-children-visibility":false,"seed-localization-kml":"","seed-localization-custom-marker":""},"yoast_head":"<!-- This site is optimized with the Yoast SEO Premium plugin v20.2.1 (Yoast SEO v22.2) - https:\/\/yoast.com\/wordpress\/plugins\/seo\/ -->\n<title>Sabato 16 settembre gli Anziani del Trentino alla Madonna di Pin\u00e8 con il vescovo Lauro - Testimonianza e Impegno sociale<\/title>\n<meta name=\"robots\" content=\"index, follow, max-snippet:-1, max-image-preview:large, max-video-preview:-1\" \/>\n<link rel=\"canonical\" href=\"https:\/\/www.diocesitn.it\/area-testimonianza\/2023\/09\/01\/sabato-16-settembre-gli-anziani-del-trentino-alla-madonna-di-pine-con-il-vescovo-lauro\/\" \/>\n<meta property=\"og:locale\" content=\"it_IT\" \/>\n<meta property=\"og:type\" content=\"article\" \/>\n<meta property=\"og:title\" content=\"Sabato 16 settembre gli Anziani del Trentino alla Madonna di Pin\u00e8 con il vescovo Lauro\" \/>\n<meta property=\"og:description\" content=\"Ritorna il pellegrinaggio alla Madonna di Pin\u00e8 che raccoglie i pensionati e anziani della diocesi, guidati dal vescovo Lauro. Dopo i saluti inziali, la possibilit\u00e0 di confessione personale e la recita del S. Rosario. A\" \/>\n<meta property=\"og:url\" content=\"https:\/\/www.diocesitn.it\/area-testimonianza\/2023\/09\/01\/sabato-16-settembre-gli-anziani-del-trentino-alla-madonna-di-pine-con-il-vescovo-lauro\/\" \/>\n<meta property=\"og:site_name\" content=\"Testimonianza e Impegno sociale\" \/>\n<meta property=\"article:published_time\" content=\"2023-09-01T14:26:38+00:00\" \/>\n<meta property=\"article:modified_time\" content=\"2023-10-13T08:16:39+00:00\" \/>\n<meta property=\"og:image\" content=\"https:\/\/www.diocesitn.it\/area-testimonianza\/wp-content\/uploads\/sites\/37\/2023\/08\/2022_09_10_lumini-rossi-1-scaled.jpg\" \/>\n\t<meta property=\"og:image:width\" content=\"2560\" \/>\n\t<meta property=\"og:image:height\" content=\"1920\" \/>\n\t<meta property=\"og:image:type\" content=\"image\/jpeg\" \/>\n<meta name=\"author\" content=\"Claudia Dorigoni\" \/>\n<meta name=\"twitter:card\" content=\"summary_large_image\" \/>\n<meta name=\"twitter:label1\" content=\"Scritto da\" \/>\n\t<meta name=\"twitter:data1\" content=\"Claudia Dorigoni\" \/>\n\t<meta name=\"twitter:label2\" content=\"Tempo di lettura stimato\" \/>\n\t<meta name=\"twitter:data2\" content=\"1 minuto\" \/>\n<script type=\"application\/ld+json\" class=\"yoast-schema-graph\">{\"@context\":\"https:\/\/schema.org\",\"@graph\":[{\"@type\":\"Article\",\"@id\":\"https:\/\/www.diocesitn.it\/area-testimonianza\/2023\/09\/01\/sabato-16-settembre-gli-anziani-del-trentino-alla-madonna-di-pine-con-il-vescovo-lauro\/#article\",\"isPartOf\":{\"@id\":\"https:\/\/www.diocesitn.it\/area-testimonianza\/2023\/09\/01\/sabato-16-settembre-gli-anziani-del-trentino-alla-madonna-di-pine-con-il-vescovo-lauro\/\"},\"author\":{\"name\":\"Claudia Dorigoni\",\"@id\":\"https:\/\/www.diocesitn.it\/area-testimonianza\/#\/schema\/person\/5467191b81c25706baf09a59aab380a5\"},\"headline\":\"Sabato 16 settembre gli Anziani del Trentino alla Madonna di Pin\u00e8 con il vescovo Lauro\",\"datePublished\":\"2023-09-01T14:26:38+00:00\",\"dateModified\":\"2023-10-13T08:16:39+00:00\",\"mainEntityOfPage\":{\"@id\":\"https:\/\/www.diocesitn.it\/area-testimonianza\/2023\/09\/01\/sabato-16-settembre-gli-anziani-del-trentino-alla-madonna-di-pine-con-il-vescovo-lauro\/\"},\"wordCount\":104,\"publisher\":{\"@id\":\"https:\/\/www.diocesitn.it\/area-testimonianza\/#organization\"},\"image\":{\"@id\":\"https:\/\/www.diocesitn.it\/area-testimonianza\/2023\/09\/01\/sabato-16-settembre-gli-anziani-del-trentino-alla-madonna-di-pine-con-il-vescovo-lauro\/#primaryimage\"},\"thumbnailUrl\":\"https:\/\/www.diocesitn.it\/area-testimonianza\/wp-content\/uploads\/sites\/37\/2023\/08\/2022_09_10_lumini-rossi-1-scaled.jpg\",\"keywords\":[\"pellegrinaggio anziani Pin\u00e8\"],\"articleSection\":[\"Notizie\",\"Salute Pellegrinaggi Anziani\"],\"inLanguage\":\"it-IT\",\"copyrightYear\":\"2023\",\"copyrightHolder\":{\"@id\":\"https:\/\/www.diocesitn.it\/#organization\"}},{\"@type\":\"WebPage\",\"@id\":\"https:\/\/www.diocesitn.it\/area-testimonianza\/2023\/09\/01\/sabato-16-settembre-gli-anziani-del-trentino-alla-madonna-di-pine-con-il-vescovo-lauro\/\",\"url\":\"https:\/\/www.diocesitn.it\/area-testimonianza\/2023\/09\/01\/sabato-16-settembre-gli-anziani-del-trentino-alla-madonna-di-pine-con-il-vescovo-lauro\/\",\"name\":\"Sabato 16 settembre gli Anziani del Trentino alla Madonna di Pin\u00e8 con il vescovo Lauro - Testimonianza e Impegno sociale\",\"isPartOf\":{\"@id\":\"https:\/\/www.diocesitn.it\/area-testimonianza\/#website\"},\"primaryImageOfPage\":{\"@id\":\"https:\/\/www.diocesitn.it\/area-testimonianza\/2023\/09\/01\/sabato-16-settembre-gli-anziani-del-trentino-alla-madonna-di-pine-con-il-vescovo-lauro\/#primaryimage\"},\"image\":{\"@id\":\"https:\/\/www.diocesitn.it\/area-testimonianza\/2023\/09\/01\/sabato-16-settembre-gli-anziani-del-trentino-alla-madonna-di-pine-con-il-vescovo-lauro\/#primaryimage\"},\"thumbnailUrl\":\"https:\/\/www.diocesitn.it\/area-testimonianza\/wp-content\/uploads\/sites\/37\/2023\/08\/2022_09_10_lumini-rossi-1-scaled.jpg\",\"datePublished\":\"2023-09-01T14:26:38+00:00\",\"dateModified\":\"2023-10-13T08:16:39+00:00\",\"breadcrumb\":{\"@id\":\"https:\/\/www.diocesitn.it\/area-testimonianza\/2023\/09\/01\/sabato-16-settembre-gli-anziani-del-trentino-alla-madonna-di-pine-con-il-vescovo-lauro\/#breadcrumb\"},\"inLanguage\":\"it-IT\",\"potentialAction\":[{\"@type\":\"ReadAction\",\"target\":[\"https:\/\/www.diocesitn.it\/area-testimonianza\/2023\/09\/01\/sabato-16-settembre-gli-anziani-del-trentino-alla-madonna-di-pine-con-il-vescovo-lauro\/\"]}]},{\"@type\":\"ImageObject\",\"inLanguage\":\"it-IT\",\"@id\":\"https:\/\/www.diocesitn.it\/area-testimonianza\/2023\/09\/01\/sabato-16-settembre-gli-anziani-del-trentino-alla-madonna-di-pine-con-il-vescovo-lauro\/#primaryimage\",\"url\":\"https:\/\/www.diocesitn.it\/area-testimonianza\/wp-content\/uploads\/sites\/37\/2023\/08\/2022_09_10_lumini-rossi-1-scaled.jpg\",\"contentUrl\":\"https:\/\/www.diocesitn.it\/area-testimonianza\/wp-content\/uploads\/sites\/37\/2023\/08\/2022_09_10_lumini-rossi-1-scaled.jpg\",\"width\":2560,\"height\":1920},{\"@type\":\"BreadcrumbList\",\"@id\":\"https:\/\/www.diocesitn.it\/area-testimonianza\/2023\/09\/01\/sabato-16-settembre-gli-anziani-del-trentino-alla-madonna-di-pine-con-il-vescovo-lauro\/#breadcrumb\",\"itemListElement\":[{\"@type\":\"ListItem\",\"position\":1,\"name\":\"Home\",\"item\":\"https:\/\/www.diocesitn.it\/area-testimonianza\/\"},{\"@type\":\"ListItem\",\"position\":2,\"name\":\"Sabato 16 settembre gli Anziani del Trentino alla Madonna di Pin\u00e8 con il vescovo Lauro\"}]},{\"@type\":\"WebSite\",\"@id\":\"https:\/\/www.diocesitn.it\/area-testimonianza\/#website\",\"url\":\"https:\/\/www.diocesitn.it\/area-testimonianza\/\",\"name\":\"Testimonianza e Impegno sociale\",\"description\":\"Chiesa di Trento\",\"publisher\":{\"@id\":\"https:\/\/www.diocesitn.it\/area-testimonianza\/#organization\"},\"potentialAction\":[{\"@type\":\"SearchAction\",\"target\":{\"@type\":\"EntryPoint\",\"urlTemplate\":\"https:\/\/www.diocesitn.it\/area-testimonianza\/?s={search_term_string}\"},\"query-input\":\"required name=search_term_string\"}],\"inLanguage\":\"it-IT\"},{\"@type\":[\"Organization\",\"Place\"],\"@id\":\"https:\/\/www.diocesitn.it\/area-testimonianza\/#organization\",\"name\":\"Area Testimonianza e Impegno Sociale - Chiesa di Trento\",\"url\":\"https:\/\/www.diocesitn.it\/area-testimonianza\/\",\"logo\":{\"@id\":\"https:\/\/www.diocesitn.it\/area-testimonianza\/2023\/09\/01\/sabato-16-settembre-gli-anziani-del-trentino-alla-madonna-di-pine-con-il-vescovo-lauro\/#local-main-organization-logo\"},\"image\":{\"@id\":\"https:\/\/www.diocesitn.it\/area-testimonianza\/2023\/09\/01\/sabato-16-settembre-gli-anziani-del-trentino-alla-madonna-di-pine-con-il-vescovo-lauro\/#local-main-organization-logo\"},\"openingHoursSpecification\":[{\"@type\":\"OpeningHoursSpecification\",\"dayOfWeek\":[\"Monday\",\"Tuesday\",\"Wednesday\",\"Thursday\",\"Friday\",\"Saturday\",\"Sunday\"],\"opens\":\"09:00\",\"closes\":\"17:00\"}]},{\"@type\":\"ImageObject\",\"inLanguage\":\"it-IT\",\"@id\":\"https:\/\/www.diocesitn.it\/area-testimonianza\/2023\/09\/01\/sabato-16-settembre-gli-anziani-del-trentino-alla-madonna-di-pine-con-il-vescovo-lauro\/#local-main-organization-logo\",\"url\":\"https:\/\/www.diocesitn.it\/area-testimonianza\/wp-content\/uploads\/sites\/37\/2021\/09\/og-logo-testimonianza-e-impegno-sociale.jpg\",\"contentUrl\":\"https:\/\/www.diocesitn.it\/area-testimonianza\/wp-content\/uploads\/sites\/37\/2021\/09\/og-logo-testimonianza-e-impegno-sociale.jpg\",\"width\":1200,\"height\":630,\"caption\":\"Area Testimonianza e Impegno Sociale - Chiesa di Trento\"}]}<\/script>\n<!-- \/ Yoast SEO Premium plugin. -->","yoast_head_json":{"title":"Sabato 16 settembre gli Anziani del Trentino alla Madonna di Pin\u00e8 con il vescovo Lauro - Testimonianza e Impegno sociale","robots":{"index":"index","follow":"follow","max-snippet":"max-snippet:-1","max-image-preview":"max-image-preview:large","max-video-preview":"max-video-preview:-1"},"canonical":"https:\/\/www.diocesitn.it\/area-testimonianza\/2023\/09\/01\/sabato-16-settembre-gli-anziani-del-trentino-alla-madonna-di-pine-con-il-vescovo-lauro\/","og_locale":"it_IT","og_type":"article","og_title":"Sabato 16 settembre gli Anziani del Trentino alla Madonna di Pin\u00e8 con il vescovo Lauro","og_description":"Ritorna il pellegrinaggio alla Madonna di Pin\u00e8 che raccoglie i pensionati e anziani della diocesi, guidati dal vescovo Lauro. Dopo i saluti inziali, la possibilit\u00e0 di confessione personale e la recita del S. Rosario. A","og_url":"https:\/\/www.diocesitn.it\/area-testimonianza\/2023\/09\/01\/sabato-16-settembre-gli-anziani-del-trentino-alla-madonna-di-pine-con-il-vescovo-lauro\/","og_site_name":"Testimonianza e Impegno sociale","article_published_time":"2023-09-01T14:26:38+00:00","article_modified_time":"2023-10-13T08:16:39+00:00","og_image":[{"width":2560,"height":1920,"url":"https:\/\/www.diocesitn.it\/area-testimonianza\/wp-content\/uploads\/sites\/37\/2023\/08\/2022_09_10_lumini-rossi-1-scaled.jpg","type":"image\/jpeg"}],"author":"Claudia Dorigoni","twitter_card":"summary_large_image","twitter_misc":{"Scritto da":"Claudia Dorigoni","Tempo di lettura stimato":"1 minuto"},"schema":{"@context":"https:\/\/schema.org","@graph":[{"@type":"Article","@id":"https:\/\/www.diocesitn.it\/area-testimonianza\/2023\/09\/01\/sabato-16-settembre-gli-anziani-del-trentino-alla-madonna-di-pine-con-il-vescovo-lauro\/#article","isPartOf":{"@id":"https:\/\/www.diocesitn.it\/area-testimonianza\/2023\/09\/01\/sabato-16-settembre-gli-anziani-del-trentino-alla-madonna-di-pine-con-il-vescovo-lauro\/"},"author":{"name":"Claudia Dorigoni","@id":"https:\/\/www.diocesitn.it\/area-testimonianza\/#\/schema\/person\/5467191b81c25706baf09a59aab380a5"},"headline":"Sabato 16 settembre gli Anziani del Trentino alla Madonna di Pin\u00e8 con il vescovo Lauro","datePublished":"2023-09-01T14:26:38+00:00","dateModified":"2023-10-13T08:16:39+00:00","mainEntityOfPage":{"@id":"https:\/\/www.diocesitn.it\/area-testimonianza\/2023\/09\/01\/sabato-16-settembre-gli-anziani-del-trentino-alla-madonna-di-pine-con-il-vescovo-lauro\/"},"wordCount":104,"publisher":{"@id":"https:\/\/www.diocesitn.it\/area-testimonianza\/#organization"},"image":{"@id":"https:\/\/www.diocesitn.it\/area-testimonianza\/2023\/09\/01\/sabato-16-settembre-gli-anziani-del-trentino-alla-madonna-di-pine-con-il-vescovo-lauro\/#primaryimage"},"thumbnailUrl":"https:\/\/www.diocesitn.it\/area-testimonianza\/wp-content\/uploads\/sites\/37\/2023\/08\/2022_09_10_lumini-rossi-1-scaled.jpg","keywords":["pellegrinaggio anziani Pin\u00e8"],"articleSection":["Notizie","Salute Pellegrinaggi Anziani"],"inLanguage":"it-IT","copyrightYear":"2023","copyrightHolder":{"@id":"https:\/\/www.diocesitn.it\/#organization"}},{"@type":"WebPage","@id":"https:\/\/www.diocesitn.it\/area-testimonianza\/2023\/09\/01\/sabato-16-settembre-gli-anziani-del-trentino-alla-madonna-di-pine-con-il-vescovo-lauro\/","url":"https:\/\/www.diocesitn.it\/area-testimonianza\/2023\/09\/01\/sabato-16-settembre-gli-anziani-del-trentino-alla-madonna-di-pine-con-il-vescovo-lauro\/","name":"Sabato 16 settembre gli Anziani del Trentino alla Madonna di Pin\u00e8 con il vescovo Lauro - Testimonianza e Impegno sociale","isPartOf":{"@id":"https:\/\/www.diocesitn.it\/area-testimonianza\/#website"},"primaryImageOfPage":{"@id":"https:\/\/www.diocesitn.it\/area-testimonianza\/2023\/09\/01\/sabato-16-settembre-gli-anziani-del-trentino-alla-madonna-di-pine-con-il-vescovo-lauro\/#primaryimage"},"image":{"@id":"https:\/\/www.diocesitn.it\/area-testimonianza\/2023\/09\/01\/sabato-16-settembre-gli-anziani-del-trentino-alla-madonna-di-pine-con-il-vescovo-lauro\/#primaryimage"},"thumbnailUrl":"https:\/\/www.diocesitn.it\/area-testimonianza\/wp-content\/uploads\/sites\/37\/2023\/08\/2022_09_10_lumini-rossi-1-scaled.jpg","datePublished":"2023-09-01T14:26:38+00:00","dateModified":"2023-10-13T08:16:39+00:00","breadcrumb":{"@id":"https:\/\/www.diocesitn.it\/area-testimonianza\/2023\/09\/01\/sabato-16-settembre-gli-anziani-del-trentino-alla-madonna-di-pine-con-il-vescovo-lauro\/#breadcrumb"},"inLanguage":"it-IT","potentialAction":[{"@type":"ReadAction","target":["https:\/\/www.diocesitn.it\/area-testimonianza\/2023\/09\/01\/sabato-16-settembre-gli-anziani-del-trentino-alla-madonna-di-pine-con-il-vescovo-lauro\/"]}]},{"@type":"ImageObject","inLanguage":"it-IT","@id":"https:\/\/www.diocesitn.it\/area-testimonianza\/2023\/09\/01\/sabato-16-settembre-gli-anziani-del-trentino-alla-madonna-di-pine-con-il-vescovo-lauro\/#primaryimage","url":"https:\/\/www.diocesitn.it\/area-testimonianza\/wp-content\/uploads\/sites\/37\/2023\/08\/2022_09_10_lumini-rossi-1-scaled.jpg","contentUrl":"https:\/\/www.diocesitn.it\/area-testimonianza\/wp-content\/uploads\/sites\/37\/2023\/08\/2022_09_10_lumini-rossi-1-scaled.jpg","width":2560,"height":1920},{"@type":"BreadcrumbList","@id":"https:\/\/www.diocesitn.it\/area-testimonianza\/2023\/09\/01\/sabato-16-settembre-gli-anziani-del-trentino-alla-madonna-di-pine-con-il-vescovo-lauro\/#breadcrumb","itemListElement":[{"@type":"ListItem","position":1,"name":"Home","item":"https:\/\/www.diocesitn.it\/area-testimonianza\/"},{"@type":"ListItem","position":2,"name":"Sabato 16 settembre gli Anziani del Trentino alla Madonna di Pin\u00e8 con il vescovo Lauro"}]},{"@type":"WebSite","@id":"https:\/\/www.diocesitn.it\/area-testimonianza\/#website","url":"https:\/\/www.diocesitn.it\/area-testimonianza\/","name":"Testimonianza e Impegno sociale","description":"Chiesa di Trento","publisher":{"@id":"https:\/\/www.diocesitn.it\/area-testimonianza\/#organization"},"potentialAction":[{"@type":"SearchAction","target":{"@type":"EntryPoint","urlTemplate":"https:\/\/www.diocesitn.it\/area-testimonianza\/?s={search_term_string}"},"query-input":"required name=search_term_string"}],"inLanguage":"it-IT"},{"@type":["Organization","Place"],"@id":"https:\/\/www.diocesitn.it\/area-testimonianza\/#organization","name":"Area Testimonianza e Impegno Sociale - Chiesa di Trento","url":"https:\/\/www.diocesitn.it\/area-testimonianza\/","logo":{"@id":"https:\/\/www.diocesitn.it\/area-testimonianza\/2023\/09\/01\/sabato-16-settembre-gli-anziani-del-trentino-alla-madonna-di-pine-con-il-vescovo-lauro\/#local-main-organization-logo"},"image":{"@id":"https:\/\/www.diocesitn.it\/area-testimonianza\/2023\/09\/01\/sabato-16-settembre-gli-anziani-del-trentino-alla-madonna-di-pine-con-il-vescovo-lauro\/#local-main-organization-logo"},"openingHoursSpecification":[{"@type":"OpeningHoursSpecification","dayOfWeek":["Monday","Tuesday","Wednesday","Thursday","Friday","Saturday","Sunday"],"opens":"09:00","closes":"17:00"}]},{"@type":"ImageObject","inLanguage":"it-IT","@id":"https:\/\/www.diocesitn.it\/area-testimonianza\/2023\/09\/01\/sabato-16-settembre-gli-anziani-del-trentino-alla-madonna-di-pine-con-il-vescovo-lauro\/#local-main-organization-logo","url":"https:\/\/www.diocesitn.it\/area-testimonianza\/wp-content\/uploads\/sites\/37\/2021\/09\/og-logo-testimonianza-e-impegno-sociale.jpg","contentUrl":"https:\/\/www.diocesitn.it\/area-testimonianza\/wp-content\/uploads\/sites\/37\/2021\/09\/og-logo-testimonianza-e-impegno-sociale.jpg","width":1200,"height":630,"caption":"Area Testimonianza e Impegno Sociale - Chiesa di Trento"}]}},"_links":{"self":[{"href":"https:\/\/www.diocesitn.it\/area-testimonianza\/wp-json\/wp\/v2\/posts\/13343","targetHints":{"allow":["GET"]}}],"collection":[{"href":"https:\/\/www.diocesitn.it\/area-testimonianza\/wp-json\/wp\/v2\/posts"}],"about":[{"href":"https:\/\/www.diocesitn.it\/area-testimonianza\/wp-json\/wp\/v2\/types\/post"}],"author":[{"embeddable":true,"href":"https:\/\/www.diocesitn.it\/area-testimonianza\/wp-json\/wp\/v2\/users\/4"}],"replies":[{"embeddable":true,"href":"https:\/\/www.diocesitn.it\/area-testimonianza\/wp-json\/wp\/v2\/comments?post=13343"}],"version-history":[{"count":3,"href":"https:\/\/www.diocesitn.it\/area-testimonianza\/wp-json\/wp\/v2\/posts\/13343\/revisions"}],"predecessor-version":[{"id":13505,"href":"https:\/\/www.diocesitn.it\/area-testimonianza\/wp-json\/wp\/v2\/posts\/13343\/revisions\/13505"}],"wp:featuredmedia":[{"embeddable":true,"href":"https:\/\/www.diocesitn.it\/area-testimonianza\/wp-json\/wp\/v2\/media\/13345"}],"wp:attachment":[{"href":"https:\/\/www.diocesitn.it\/area-testimonianza\/wp-json\/wp\/v2\/media?parent=13343"}],"wp:term":[{"taxonomy":"category","embeddable":true,"href":"https:\/\/www.diocesitn.it\/area-testimonianza\/wp-json\/wp\/v2\/categories?post=13343"},{"taxonomy":"post_tag","embeddable":true,"href":"https:\/\/www.diocesitn.it\/area-testimonianza\/wp-json\/wp\/v2\/tags?post=13343"}],"curies":[{"name":"wp","href":"https:\/\/api.w.org\/{rel}","templated":true}]}}