{"id":13118,"date":"2023-06-15T18:59:01","date_gmt":"2023-06-15T16:59:01","guid":{"rendered":"https:\/\/www.diocesitn.it\/area-testimonianza\/2023\/06\/15\/pakistan-paul-bhatti-a-vita-trentina-a-fianco-dei-poveri-come-mio-fratello-shahbaz\/"},"modified":"2023-06-16T08:36:36","modified_gmt":"2023-06-16T06:36:36","slug":"pakistan-paul-bhatti-a-vita-trentina-a-fianco-dei-poveri-come-mio-fratello-shahbaz","status":"publish","type":"post","link":"https:\/\/www.diocesitn.it\/area-testimonianza\/2023\/06\/15\/pakistan-paul-bhatti-a-vita-trentina-a-fianco-dei-poveri-come-mio-fratello-shahbaz\/","title":{"rendered":"Pakistan, Paul Bhatti a Vita Trentina: \u201cA fianco dei poveri come mio fratello Shahbaz\u201d"},"content":{"rendered":"<p>Nei giorni scorsi \u00e8 tornato a Trento dopo cinque anni <strong>Paul Bhatti<\/strong>, medico pachistano che vive a Treviso da una decina di anni, fratello di Shahbaz Bhatti, politico cristiano e ministro per le minoranze del Pakistan che venne assassinato il 2 marzo 2011 a Islamabad.<\/p>\n<p>Dopo aver incontrato l\u2019<strong>arcivescovo Lauro Tisi<\/strong> e il delegato <strong>don Cristiano Bettega<\/strong> ha concesso al settimanale <strong>Vita Trentina<\/strong> una <strong>lunga intervista<\/strong> (leggi <strong><a href=\"https:\/\/www.diocesitn.it\/wp-content\/uploads\/sites\/37\/2023\/06\/vt_18_06_23_09.pdf\">QUI<\/a><\/strong>) in cui afferma la \u201cla nostra responsabilit\u00e0 in quanto cristiani, e soprattutto in quanto esseri umani che abitano in Paesi dove vige la libert\u00e0 di parola e di movimento, di non dimenticarci delle persone che vivono in condizioni di estrema povert\u00e0\u201d. Il dott. Bhatti porta avanti progetti di formazione scolastica e medica nelle regioni di Punjab, Sindh, KPK e Balochistan; nel Punjab, in particolare, ha aperto una scuola di arte e mestieri e un consultorio ginecologico che sono sostenuti dall\u2019arcidiocesi di Treviso, ma anche da quella di Trento. Nell\u2019occasione vi presentiamo un filmato realizzato dalla Diocesi di Treviso con immagini esclusive:<\/p>\n<p>&nbsp;<\/p>\n<p><iframe loading=\"lazy\" title=\"Bhatti 10 07 21\" width=\"800\" height=\"450\" src=\"https:\/\/www.youtube.com\/embed\/Cwjal-6REBA?feature=oembed\" frameborder=\"0\" allow=\"accelerometer; autoplay; clipboard-write; encrypted-media; gyroscope; picture-in-picture; web-share\" allowfullscreen><\/iframe><\/p>\n","protected":false},"excerpt":{"rendered":"<p>Nei giorni scorsi \u00e8 tornato a Trento dopo cinque anni Paul Bhatti, medico pachistano che vive a Treviso da una decina di anni, fratello di Shahbaz Bhatti, politico cristiano e ministro per le minoranze del<\/p>\n","protected":false},"author":3,"featured_media":13119,"comment_status":"closed","ping_status":"closed","sticky":false,"template":"","format":"standard","meta":{"footnotes":""},"categories":[1130,1074,1151],"tags":[1628,1602],"class_list":["post-13118","post","type-post","status-publish","format-standard","has-post-thumbnail","hentry","category-servizio-ecumenismo-e-dialogo","category-notizie","category-servizio-missionario","tag-paul-bhatti","tag-vita-trentina"],"acf":{"seed-localization-paese-cod":"IT","seed-localization-address":"","seed-localization-citta":"Trento","seed-localization-regione-cod-istat":"04","seed-localization-citta-cod-istat":"022205","seed-localization-localita":"","seed-localization-cap":"","seed-localization-marker-visibility":false,"seed-localization-children-visibility":false,"seed-localization-kml":"","seed-localization-custom-marker":""},"yoast_head":"<!-- This site is optimized with the Yoast SEO Premium plugin v20.2.1 (Yoast SEO v22.2) - https:\/\/yoast.com\/wordpress\/plugins\/seo\/ -->\n<title>Pakistan, Paul Bhatti a Vita Trentina: \u201cA fianco dei poveri come mio fratello Shahbaz\u201d - Testimonianza e Impegno sociale<\/title>\n<meta name=\"robots\" content=\"index, follow, max-snippet:-1, max-image-preview:large, max-video-preview:-1\" \/>\n<link rel=\"canonical\" href=\"https:\/\/www.diocesitn.it\/area-testimonianza\/2023\/06\/15\/pakistan-paul-bhatti-a-vita-trentina-a-fianco-dei-poveri-come-mio-fratello-shahbaz\/\" \/>\n<meta property=\"og:locale\" content=\"it_IT\" \/>\n<meta property=\"og:type\" content=\"article\" \/>\n<meta property=\"og:title\" content=\"Pakistan, Paul Bhatti a Vita Trentina: \u201cA fianco dei poveri come mio fratello Shahbaz\u201d\" \/>\n<meta property=\"og:description\" content=\"Nei giorni scorsi \u00e8 tornato a Trento dopo cinque anni Paul Bhatti, medico pachistano che vive a Treviso da una decina di anni, fratello di Shahbaz Bhatti, politico cristiano e ministro per le minoranze del\" \/>\n<meta property=\"og:url\" content=\"https:\/\/www.diocesitn.it\/area-testimonianza\/2023\/06\/15\/pakistan-paul-bhatti-a-vita-trentina-a-fianco-dei-poveri-come-mio-fratello-shahbaz\/\" \/>\n<meta property=\"og:site_name\" content=\"Testimonianza e Impegno sociale\" \/>\n<meta property=\"article:published_time\" content=\"2023-06-15T16:59:01+00:00\" \/>\n<meta property=\"article:modified_time\" content=\"2023-06-16T06:36:36+00:00\" \/>\n<meta property=\"og:image\" content=\"https:\/\/www.diocesitn.it\/area-testimonianza\/wp-content\/uploads\/sites\/37\/2023\/06\/BAHATTI-e1686848326108.png\" \/>\n\t<meta property=\"og:image:width\" content=\"900\" \/>\n\t<meta property=\"og:image:height\" content=\"544\" \/>\n\t<meta property=\"og:image:type\" content=\"image\/png\" \/>\n<meta name=\"author\" content=\"Piergiorgio Franceschini\" \/>\n<meta name=\"twitter:card\" content=\"summary_large_image\" \/>\n<meta name=\"twitter:label1\" content=\"Scritto da\" \/>\n\t<meta name=\"twitter:data1\" content=\"Piergiorgio Franceschini\" \/>\n\t<meta name=\"twitter:label2\" content=\"Tempo di lettura stimato\" \/>\n\t<meta name=\"twitter:data2\" content=\"1 minuto\" \/>\n<script type=\"application\/ld+json\" class=\"yoast-schema-graph\">{\"@context\":\"https:\/\/schema.org\",\"@graph\":[{\"@type\":\"Article\",\"@id\":\"https:\/\/www.diocesitn.it\/area-testimonianza\/2023\/06\/15\/pakistan-paul-bhatti-a-vita-trentina-a-fianco-dei-poveri-come-mio-fratello-shahbaz\/#article\",\"isPartOf\":{\"@id\":\"https:\/\/www.diocesitn.it\/area-testimonianza\/2023\/06\/15\/pakistan-paul-bhatti-a-vita-trentina-a-fianco-dei-poveri-come-mio-fratello-shahbaz\/\"},\"author\":{\"name\":\"Piergiorgio Franceschini\",\"@id\":\"https:\/\/www.diocesitn.it\/area-testimonianza\/#\/schema\/person\/99590c84577873a025247b6aeb16ad2e\"},\"headline\":\"Pakistan, Paul Bhatti a Vita Trentina: \u201cA fianco dei poveri come mio fratello Shahbaz\u201d\",\"datePublished\":\"2023-06-15T16:59:01+00:00\",\"dateModified\":\"2023-06-16T06:36:36+00:00\",\"mainEntityOfPage\":{\"@id\":\"https:\/\/www.diocesitn.it\/area-testimonianza\/2023\/06\/15\/pakistan-paul-bhatti-a-vita-trentina-a-fianco-dei-poveri-come-mio-fratello-shahbaz\/\"},\"wordCount\":189,\"publisher\":{\"@id\":\"https:\/\/www.diocesitn.it\/area-testimonianza\/#organization\"},\"image\":{\"@id\":\"https:\/\/www.diocesitn.it\/area-testimonianza\/2023\/06\/15\/pakistan-paul-bhatti-a-vita-trentina-a-fianco-dei-poveri-come-mio-fratello-shahbaz\/#primaryimage\"},\"thumbnailUrl\":\"https:\/\/www.diocesitn.it\/area-testimonianza\/wp-content\/uploads\/sites\/37\/2023\/06\/BAHATTI-e1686848326108.png\",\"keywords\":[\"Paul Bhatti\",\"Vita Trentina\"],\"articleSection\":[\"Ecumenismo e Dialogo interreligioso\",\"Notizie\",\"Pastorale Missionaria\"],\"inLanguage\":\"it-IT\",\"copyrightYear\":\"2023\",\"copyrightHolder\":{\"@id\":\"https:\/\/www.diocesitn.it\/#organization\"}},{\"@type\":\"WebPage\",\"@id\":\"https:\/\/www.diocesitn.it\/area-testimonianza\/2023\/06\/15\/pakistan-paul-bhatti-a-vita-trentina-a-fianco-dei-poveri-come-mio-fratello-shahbaz\/\",\"url\":\"https:\/\/www.diocesitn.it\/area-testimonianza\/2023\/06\/15\/pakistan-paul-bhatti-a-vita-trentina-a-fianco-dei-poveri-come-mio-fratello-shahbaz\/\",\"name\":\"Pakistan, Paul Bhatti a Vita Trentina: \u201cA fianco dei poveri come mio fratello Shahbaz\u201d - Testimonianza e Impegno sociale\",\"isPartOf\":{\"@id\":\"https:\/\/www.diocesitn.it\/area-testimonianza\/#website\"},\"primaryImageOfPage\":{\"@id\":\"https:\/\/www.diocesitn.it\/area-testimonianza\/2023\/06\/15\/pakistan-paul-bhatti-a-vita-trentina-a-fianco-dei-poveri-come-mio-fratello-shahbaz\/#primaryimage\"},\"image\":{\"@id\":\"https:\/\/www.diocesitn.it\/area-testimonianza\/2023\/06\/15\/pakistan-paul-bhatti-a-vita-trentina-a-fianco-dei-poveri-come-mio-fratello-shahbaz\/#primaryimage\"},\"thumbnailUrl\":\"https:\/\/www.diocesitn.it\/area-testimonianza\/wp-content\/uploads\/sites\/37\/2023\/06\/BAHATTI-e1686848326108.png\",\"datePublished\":\"2023-06-15T16:59:01+00:00\",\"dateModified\":\"2023-06-16T06:36:36+00:00\",\"breadcrumb\":{\"@id\":\"https:\/\/www.diocesitn.it\/area-testimonianza\/2023\/06\/15\/pakistan-paul-bhatti-a-vita-trentina-a-fianco-dei-poveri-come-mio-fratello-shahbaz\/#breadcrumb\"},\"inLanguage\":\"it-IT\",\"potentialAction\":[{\"@type\":\"ReadAction\",\"target\":[\"https:\/\/www.diocesitn.it\/area-testimonianza\/2023\/06\/15\/pakistan-paul-bhatti-a-vita-trentina-a-fianco-dei-poveri-come-mio-fratello-shahbaz\/\"]}]},{\"@type\":\"ImageObject\",\"inLanguage\":\"it-IT\",\"@id\":\"https:\/\/www.diocesitn.it\/area-testimonianza\/2023\/06\/15\/pakistan-paul-bhatti-a-vita-trentina-a-fianco-dei-poveri-come-mio-fratello-shahbaz\/#primaryimage\",\"url\":\"https:\/\/www.diocesitn.it\/area-testimonianza\/wp-content\/uploads\/sites\/37\/2023\/06\/BAHATTI-e1686848326108.png\",\"contentUrl\":\"https:\/\/www.diocesitn.it\/area-testimonianza\/wp-content\/uploads\/sites\/37\/2023\/06\/BAHATTI-e1686848326108.png\",\"width\":900,\"height\":544},{\"@type\":\"BreadcrumbList\",\"@id\":\"https:\/\/www.diocesitn.it\/area-testimonianza\/2023\/06\/15\/pakistan-paul-bhatti-a-vita-trentina-a-fianco-dei-poveri-come-mio-fratello-shahbaz\/#breadcrumb\",\"itemListElement\":[{\"@type\":\"ListItem\",\"position\":1,\"name\":\"Home\",\"item\":\"https:\/\/www.diocesitn.it\/area-testimonianza\/\"},{\"@type\":\"ListItem\",\"position\":2,\"name\":\"Pakistan, Paul Bhatti a Vita Trentina: \u201cA fianco dei poveri come mio fratello Shahbaz\u201d\"}]},{\"@type\":\"WebSite\",\"@id\":\"https:\/\/www.diocesitn.it\/area-testimonianza\/#website\",\"url\":\"https:\/\/www.diocesitn.it\/area-testimonianza\/\",\"name\":\"Testimonianza e Impegno sociale\",\"description\":\"Chiesa di Trento\",\"publisher\":{\"@id\":\"https:\/\/www.diocesitn.it\/area-testimonianza\/#organization\"},\"potentialAction\":[{\"@type\":\"SearchAction\",\"target\":{\"@type\":\"EntryPoint\",\"urlTemplate\":\"https:\/\/www.diocesitn.it\/area-testimonianza\/?s={search_term_string}\"},\"query-input\":\"required name=search_term_string\"}],\"inLanguage\":\"it-IT\"},{\"@type\":[\"Organization\",\"Place\"],\"@id\":\"https:\/\/www.diocesitn.it\/area-testimonianza\/#organization\",\"name\":\"Area Testimonianza e Impegno Sociale - Chiesa di Trento\",\"url\":\"https:\/\/www.diocesitn.it\/area-testimonianza\/\",\"logo\":{\"@id\":\"https:\/\/www.diocesitn.it\/area-testimonianza\/2023\/06\/15\/pakistan-paul-bhatti-a-vita-trentina-a-fianco-dei-poveri-come-mio-fratello-shahbaz\/#local-main-organization-logo\"},\"image\":{\"@id\":\"https:\/\/www.diocesitn.it\/area-testimonianza\/2023\/06\/15\/pakistan-paul-bhatti-a-vita-trentina-a-fianco-dei-poveri-come-mio-fratello-shahbaz\/#local-main-organization-logo\"},\"openingHoursSpecification\":[{\"@type\":\"OpeningHoursSpecification\",\"dayOfWeek\":[\"Monday\",\"Tuesday\",\"Wednesday\",\"Thursday\",\"Friday\",\"Saturday\",\"Sunday\"],\"opens\":\"09:00\",\"closes\":\"17:00\"}]},{\"@type\":\"ImageObject\",\"inLanguage\":\"it-IT\",\"@id\":\"https:\/\/www.diocesitn.it\/area-testimonianza\/2023\/06\/15\/pakistan-paul-bhatti-a-vita-trentina-a-fianco-dei-poveri-come-mio-fratello-shahbaz\/#local-main-organization-logo\",\"url\":\"https:\/\/www.diocesitn.it\/area-testimonianza\/wp-content\/uploads\/sites\/37\/2021\/09\/og-logo-testimonianza-e-impegno-sociale.jpg\",\"contentUrl\":\"https:\/\/www.diocesitn.it\/area-testimonianza\/wp-content\/uploads\/sites\/37\/2021\/09\/og-logo-testimonianza-e-impegno-sociale.jpg\",\"width\":1200,\"height\":630,\"caption\":\"Area Testimonianza e Impegno Sociale - Chiesa di Trento\"}]}<\/script>\n<!-- \/ Yoast SEO Premium plugin. -->","yoast_head_json":{"title":"Pakistan, Paul Bhatti a Vita Trentina: \u201cA fianco dei poveri come mio fratello Shahbaz\u201d - Testimonianza e Impegno sociale","robots":{"index":"index","follow":"follow","max-snippet":"max-snippet:-1","max-image-preview":"max-image-preview:large","max-video-preview":"max-video-preview:-1"},"canonical":"https:\/\/www.diocesitn.it\/area-testimonianza\/2023\/06\/15\/pakistan-paul-bhatti-a-vita-trentina-a-fianco-dei-poveri-come-mio-fratello-shahbaz\/","og_locale":"it_IT","og_type":"article","og_title":"Pakistan, Paul Bhatti a Vita Trentina: \u201cA fianco dei poveri come mio fratello Shahbaz\u201d","og_description":"Nei giorni scorsi \u00e8 tornato a Trento dopo cinque anni Paul Bhatti, medico pachistano che vive a Treviso da una decina di anni, fratello di Shahbaz Bhatti, politico cristiano e ministro per le minoranze del","og_url":"https:\/\/www.diocesitn.it\/area-testimonianza\/2023\/06\/15\/pakistan-paul-bhatti-a-vita-trentina-a-fianco-dei-poveri-come-mio-fratello-shahbaz\/","og_site_name":"Testimonianza e Impegno sociale","article_published_time":"2023-06-15T16:59:01+00:00","article_modified_time":"2023-06-16T06:36:36+00:00","og_image":[{"width":900,"height":544,"url":"https:\/\/www.diocesitn.it\/area-testimonianza\/wp-content\/uploads\/sites\/37\/2023\/06\/BAHATTI-e1686848326108.png","type":"image\/png"}],"author":"Piergiorgio Franceschini","twitter_card":"summary_large_image","twitter_misc":{"Scritto da":"Piergiorgio Franceschini","Tempo di lettura stimato":"1 minuto"},"schema":{"@context":"https:\/\/schema.org","@graph":[{"@type":"Article","@id":"https:\/\/www.diocesitn.it\/area-testimonianza\/2023\/06\/15\/pakistan-paul-bhatti-a-vita-trentina-a-fianco-dei-poveri-come-mio-fratello-shahbaz\/#article","isPartOf":{"@id":"https:\/\/www.diocesitn.it\/area-testimonianza\/2023\/06\/15\/pakistan-paul-bhatti-a-vita-trentina-a-fianco-dei-poveri-come-mio-fratello-shahbaz\/"},"author":{"name":"Piergiorgio Franceschini","@id":"https:\/\/www.diocesitn.it\/area-testimonianza\/#\/schema\/person\/99590c84577873a025247b6aeb16ad2e"},"headline":"Pakistan, Paul Bhatti a Vita Trentina: \u201cA fianco dei poveri come mio fratello Shahbaz\u201d","datePublished":"2023-06-15T16:59:01+00:00","dateModified":"2023-06-16T06:36:36+00:00","mainEntityOfPage":{"@id":"https:\/\/www.diocesitn.it\/area-testimonianza\/2023\/06\/15\/pakistan-paul-bhatti-a-vita-trentina-a-fianco-dei-poveri-come-mio-fratello-shahbaz\/"},"wordCount":189,"publisher":{"@id":"https:\/\/www.diocesitn.it\/area-testimonianza\/#organization"},"image":{"@id":"https:\/\/www.diocesitn.it\/area-testimonianza\/2023\/06\/15\/pakistan-paul-bhatti-a-vita-trentina-a-fianco-dei-poveri-come-mio-fratello-shahbaz\/#primaryimage"},"thumbnailUrl":"https:\/\/www.diocesitn.it\/area-testimonianza\/wp-content\/uploads\/sites\/37\/2023\/06\/BAHATTI-e1686848326108.png","keywords":["Paul Bhatti","Vita Trentina"],"articleSection":["Ecumenismo e Dialogo interreligioso","Notizie","Pastorale Missionaria"],"inLanguage":"it-IT","copyrightYear":"2023","copyrightHolder":{"@id":"https:\/\/www.diocesitn.it\/#organization"}},{"@type":"WebPage","@id":"https:\/\/www.diocesitn.it\/area-testimonianza\/2023\/06\/15\/pakistan-paul-bhatti-a-vita-trentina-a-fianco-dei-poveri-come-mio-fratello-shahbaz\/","url":"https:\/\/www.diocesitn.it\/area-testimonianza\/2023\/06\/15\/pakistan-paul-bhatti-a-vita-trentina-a-fianco-dei-poveri-come-mio-fratello-shahbaz\/","name":"Pakistan, Paul Bhatti a Vita Trentina: \u201cA fianco dei poveri come mio fratello Shahbaz\u201d - Testimonianza e Impegno sociale","isPartOf":{"@id":"https:\/\/www.diocesitn.it\/area-testimonianza\/#website"},"primaryImageOfPage":{"@id":"https:\/\/www.diocesitn.it\/area-testimonianza\/2023\/06\/15\/pakistan-paul-bhatti-a-vita-trentina-a-fianco-dei-poveri-come-mio-fratello-shahbaz\/#primaryimage"},"image":{"@id":"https:\/\/www.diocesitn.it\/area-testimonianza\/2023\/06\/15\/pakistan-paul-bhatti-a-vita-trentina-a-fianco-dei-poveri-come-mio-fratello-shahbaz\/#primaryimage"},"thumbnailUrl":"https:\/\/www.diocesitn.it\/area-testimonianza\/wp-content\/uploads\/sites\/37\/2023\/06\/BAHATTI-e1686848326108.png","datePublished":"2023-06-15T16:59:01+00:00","dateModified":"2023-06-16T06:36:36+00:00","breadcrumb":{"@id":"https:\/\/www.diocesitn.it\/area-testimonianza\/2023\/06\/15\/pakistan-paul-bhatti-a-vita-trentina-a-fianco-dei-poveri-come-mio-fratello-shahbaz\/#breadcrumb"},"inLanguage":"it-IT","potentialAction":[{"@type":"ReadAction","target":["https:\/\/www.diocesitn.it\/area-testimonianza\/2023\/06\/15\/pakistan-paul-bhatti-a-vita-trentina-a-fianco-dei-poveri-come-mio-fratello-shahbaz\/"]}]},{"@type":"ImageObject","inLanguage":"it-IT","@id":"https:\/\/www.diocesitn.it\/area-testimonianza\/2023\/06\/15\/pakistan-paul-bhatti-a-vita-trentina-a-fianco-dei-poveri-come-mio-fratello-shahbaz\/#primaryimage","url":"https:\/\/www.diocesitn.it\/area-testimonianza\/wp-content\/uploads\/sites\/37\/2023\/06\/BAHATTI-e1686848326108.png","contentUrl":"https:\/\/www.diocesitn.it\/area-testimonianza\/wp-content\/uploads\/sites\/37\/2023\/06\/BAHATTI-e1686848326108.png","width":900,"height":544},{"@type":"BreadcrumbList","@id":"https:\/\/www.diocesitn.it\/area-testimonianza\/2023\/06\/15\/pakistan-paul-bhatti-a-vita-trentina-a-fianco-dei-poveri-come-mio-fratello-shahbaz\/#breadcrumb","itemListElement":[{"@type":"ListItem","position":1,"name":"Home","item":"https:\/\/www.diocesitn.it\/area-testimonianza\/"},{"@type":"ListItem","position":2,"name":"Pakistan, Paul Bhatti a Vita Trentina: \u201cA fianco dei poveri come mio fratello Shahbaz\u201d"}]},{"@type":"WebSite","@id":"https:\/\/www.diocesitn.it\/area-testimonianza\/#website","url":"https:\/\/www.diocesitn.it\/area-testimonianza\/","name":"Testimonianza e Impegno sociale","description":"Chiesa di Trento","publisher":{"@id":"https:\/\/www.diocesitn.it\/area-testimonianza\/#organization"},"potentialAction":[{"@type":"SearchAction","target":{"@type":"EntryPoint","urlTemplate":"https:\/\/www.diocesitn.it\/area-testimonianza\/?s={search_term_string}"},"query-input":"required name=search_term_string"}],"inLanguage":"it-IT"},{"@type":["Organization","Place"],"@id":"https:\/\/www.diocesitn.it\/area-testimonianza\/#organization","name":"Area Testimonianza e Impegno Sociale - Chiesa di Trento","url":"https:\/\/www.diocesitn.it\/area-testimonianza\/","logo":{"@id":"https:\/\/www.diocesitn.it\/area-testimonianza\/2023\/06\/15\/pakistan-paul-bhatti-a-vita-trentina-a-fianco-dei-poveri-come-mio-fratello-shahbaz\/#local-main-organization-logo"},"image":{"@id":"https:\/\/www.diocesitn.it\/area-testimonianza\/2023\/06\/15\/pakistan-paul-bhatti-a-vita-trentina-a-fianco-dei-poveri-come-mio-fratello-shahbaz\/#local-main-organization-logo"},"openingHoursSpecification":[{"@type":"OpeningHoursSpecification","dayOfWeek":["Monday","Tuesday","Wednesday","Thursday","Friday","Saturday","Sunday"],"opens":"09:00","closes":"17:00"}]},{"@type":"ImageObject","inLanguage":"it-IT","@id":"https:\/\/www.diocesitn.it\/area-testimonianza\/2023\/06\/15\/pakistan-paul-bhatti-a-vita-trentina-a-fianco-dei-poveri-come-mio-fratello-shahbaz\/#local-main-organization-logo","url":"https:\/\/www.diocesitn.it\/area-testimonianza\/wp-content\/uploads\/sites\/37\/2021\/09\/og-logo-testimonianza-e-impegno-sociale.jpg","contentUrl":"https:\/\/www.diocesitn.it\/area-testimonianza\/wp-content\/uploads\/sites\/37\/2021\/09\/og-logo-testimonianza-e-impegno-sociale.jpg","width":1200,"height":630,"caption":"Area Testimonianza e Impegno Sociale - Chiesa di Trento"}]}},"_links":{"self":[{"href":"https:\/\/www.diocesitn.it\/area-testimonianza\/wp-json\/wp\/v2\/posts\/13118","targetHints":{"allow":["GET"]}}],"collection":[{"href":"https:\/\/www.diocesitn.it\/area-testimonianza\/wp-json\/wp\/v2\/posts"}],"about":[{"href":"https:\/\/www.diocesitn.it\/area-testimonianza\/wp-json\/wp\/v2\/types\/post"}],"author":[{"embeddable":true,"href":"https:\/\/www.diocesitn.it\/area-testimonianza\/wp-json\/wp\/v2\/users\/3"}],"replies":[{"embeddable":true,"href":"https:\/\/www.diocesitn.it\/area-testimonianza\/wp-json\/wp\/v2\/comments?post=13118"}],"version-history":[{"count":2,"href":"https:\/\/www.diocesitn.it\/area-testimonianza\/wp-json\/wp\/v2\/posts\/13118\/revisions"}],"predecessor-version":[{"id":13122,"href":"https:\/\/www.diocesitn.it\/area-testimonianza\/wp-json\/wp\/v2\/posts\/13118\/revisions\/13122"}],"wp:featuredmedia":[{"embeddable":true,"href":"https:\/\/www.diocesitn.it\/area-testimonianza\/wp-json\/wp\/v2\/media\/13119"}],"wp:attachment":[{"href":"https:\/\/www.diocesitn.it\/area-testimonianza\/wp-json\/wp\/v2\/media?parent=13118"}],"wp:term":[{"taxonomy":"category","embeddable":true,"href":"https:\/\/www.diocesitn.it\/area-testimonianza\/wp-json\/wp\/v2\/categories?post=13118"},{"taxonomy":"post_tag","embeddable":true,"href":"https:\/\/www.diocesitn.it\/area-testimonianza\/wp-json\/wp\/v2\/tags?post=13118"}],"curies":[{"name":"wp","href":"https:\/\/api.w.org\/{rel}","templated":true}]}}