{"id":13068,"date":"2023-05-12T09:17:32","date_gmt":"2023-05-12T07:17:32","guid":{"rendered":"https:\/\/www.diocesitn.it\/area-testimonianza\/2023\/05\/12\/vescovi-nordest-numerosi-i-temi-al-centro-del-dialogo-e-del-confronto-nella-riunione-svolta-a-zelarino-la-cura-dei-preti-in-difficolta-il-fine-vita-laccoglienza-ai-migranti-il-convegno-t\/"},"modified":"2023-06-05T09:43:01","modified_gmt":"2023-06-05T07:43:01","slug":"vescovi-nordest-numerosi-i-temi-al-centro-del-dialogo-e-del-confronto-nella-riunione-svolta-a-zelarino-la-cura-dei-preti-in-difficolta-il-fine-vita-laccoglienza-ai-migranti-il-convegno-t","status":"publish","type":"post","link":"https:\/\/www.diocesitn.it\/area-testimonianza\/2023\/05\/12\/vescovi-nordest-numerosi-i-temi-al-centro-del-dialogo-e-del-confronto-nella-riunione-svolta-a-zelarino-la-cura-dei-preti-in-difficolta-il-fine-vita-laccoglienza-ai-migranti-il-convegno-t\/","title":{"rendered":"Vescovi Nordest a confronto su cura dei preti in difficolt\u00e0, fine vita, accoglienza migranti. Verso il convegno triveneto sulla liturgia. GMG Lisbona: oltre 6000 giovani dal Triveneto"},"content":{"rendered":"<p>Attenzione e cura verso i preti in difficolt\u00e0, le questioni del fine vita e dell\u2019accoglienza dei migranti, il prossimo convegno delle Chiese del Triveneto sulla liturgia, la Giornata Mondiale della Giovent\u00f9 in programma a Lisbona durante l\u2019estate: sono stati molti e importanti i temi affrontati dai Vescovi del Nordest nella riunione del 9 maggio, svoltasi nella sede di Zelarino (Venezia).<\/p>\n<p>Nella prima parte dell\u2019incontro si \u00e8 svolto un dialogo ed un confronto tra i Vescovi su luoghi, percorsi e modalit\u00e0 di accompagnamento per affrontare le differenti situazioni di fatica e difficolt\u00e0 che possono toccare i sacerdoti durante il loro ministero.<\/p>\n<p>I Vescovi hanno, quindi, dedicato una parte dei lavori alle questioni del fine vita, anche alla luce del dibattito di carattere legislativo in corso sia a livello regionale che nazionale, riproponendosi di continuare a seguire da vicino il tema e confermando, innanzitutto, la vicinanza e la solidariet\u00e0 concreta da offrire a persone e famiglie in ogni fase della vita, anche e soprattutto nei passaggi pi\u00f9 travagliati e dolorosi. Nessuno, infatti, va mai lasciato solo, ma va sempre accompagnato e sostenuto, in particolare attraverso il maggiore ricorso alle cure palliative, oggi sempre pi\u00f9 efficaci e fruibili, ed anche potenziando il sistema di strutture che le possono garantire. Nello stesso tempo si ribadisce il no ad ogni forma di accanimento o abbandono terapeutico. Importante, su tali temi, \u00e8 creare e consolidare un terreno comune di sensibilit\u00e0 e attenzione al bene e alla vita per favorire l\u2019aiuto, l\u2019accompagnamento e il sostegno in ogni situazione e senza dover cedere &#8211; anche per via di legge &#8211; a differenti forme di eutanasia o suicidio assistito.<\/p>\n<p>I Vescovi si sono, poi, confrontati e aggiornati riguardo l\u2019accoglienza dei migranti, in riferimento alle ultime richieste pervenute in queste settimane da molte Prefetture di mettere a disposizione strutture a tale scopo. Sul campo dell\u2019accoglienza &#8211; fenomeno ormai consolidato e non pi\u00f9 da trattare solo a livello di emergenza &#8211; \u00e8 stato soprattutto ribadito l\u2019impegno concreto e la disponibilit\u00e0 che, da tempo, le Chiese di questa Regione mettono in campo su diversi fronti (dalla rotta balcanica ai profughi dell\u2019Ucraina e alle vecchie e nuove povert\u00e0 locali) e che intendono riconfermare nell\u2019ottica di un\u2019accoglienza diffusa, rispettosa della dignit\u00e0 di chi viene accolto e delle comunit\u00e0 locali, sempre in accordo e con il coinvolgimento di istituzioni civili, pubbliche amministrazioni ed altre realt\u00e0 dei territori interessati.<\/p>\n<p>Nella sessione pomeridiana della riunione sono stati, inoltre, affrontati gli appuntamenti del prossimo Convegno delle Chiese del Triveneto sulla liturgia &#8211; sul tema \u201cRitrovare forza dall\u2019Eucaristia\u201d e che si svolger\u00e0 in due momenti: il primo \u201cdiocesano\u201d il 20 maggio p.v. in varie sedi ed il secondo \u201cregionale\u201d il 30 settembre a Verona con tutti i delegati e i Vescovi del Nordest &#8211; ed infine il percorso di preparazione dei giovani del Triveneto verso la Giornata Mondiale della Giovent\u00f9 (Lisbona, 1-6 agosto 2023) e che prevede tra l\u2019altro un incontro comune a Padova il 17 giugno p.v. a cui saranno invitati, insieme ai Vescovi, gli oltre 6.000 giovani che dalle nostre regioni si recheranno in Portogallo.<\/p>\n","protected":false},"excerpt":{"rendered":"<p>Attenzione e cura verso i preti in difficolt\u00e0, le questioni del fine vita e dell\u2019accoglienza dei migranti, il prossimo convegno delle Chiese del Triveneto sulla liturgia, la Giornata Mondiale della Giovent\u00f9 in programma a Lisbona<\/p>\n","protected":false},"author":168,"featured_media":13069,"comment_status":"closed","ping_status":"closed","sticky":false,"template":"","format":"standard","meta":{"footnotes":""},"categories":[1074],"tags":[],"class_list":["post-13068","post","type-post","status-publish","format-standard","has-post-thumbnail","hentry","category-notizie"],"acf":{"seed-localization-paese-cod":"IT","seed-localization-address":"","seed-localization-citta":"Trento","seed-localization-regione-cod-istat":"04","seed-localization-citta-cod-istat":"022205","seed-localization-localita":"","seed-localization-cap":"","seed-localization-marker-visibility":false,"seed-localization-children-visibility":false,"seed-localization-kml":"","seed-localization-custom-marker":""},"yoast_head":"<!-- This site is optimized with the Yoast SEO Premium plugin v20.2.1 (Yoast SEO v22.2) - https:\/\/yoast.com\/wordpress\/plugins\/seo\/ -->\n<title>Vescovi Nordest a confronto su cura dei preti in difficolt\u00e0, fine vita, accoglienza migranti. Verso il convegno triveneto sulla liturgia. GMG Lisbona: oltre 6000 giovani dal Triveneto - Testimonianza e Impegno sociale<\/title>\n<meta name=\"robots\" content=\"index, follow, max-snippet:-1, max-image-preview:large, max-video-preview:-1\" \/>\n<link rel=\"canonical\" href=\"https:\/\/www.diocesitn.it\/area-testimonianza\/2023\/05\/12\/vescovi-nordest-numerosi-i-temi-al-centro-del-dialogo-e-del-confronto-nella-riunione-svolta-a-zelarino-la-cura-dei-preti-in-difficolta-il-fine-vita-laccoglienza-ai-migranti-il-convegno-t\/\" \/>\n<meta property=\"og:locale\" content=\"it_IT\" \/>\n<meta property=\"og:type\" content=\"article\" \/>\n<meta property=\"og:title\" content=\"Vescovi Nordest a confronto su cura dei preti in difficolt\u00e0, fine vita, accoglienza migranti. Verso il convegno triveneto sulla liturgia. GMG Lisbona: oltre 6000 giovani dal Triveneto\" \/>\n<meta property=\"og:description\" content=\"Attenzione e cura verso i preti in difficolt\u00e0, le questioni del fine vita e dell\u2019accoglienza dei migranti, il prossimo convegno delle Chiese del Triveneto sulla liturgia, la Giornata Mondiale della Giovent\u00f9 in programma a Lisbona\" \/>\n<meta property=\"og:url\" content=\"https:\/\/www.diocesitn.it\/area-testimonianza\/2023\/05\/12\/vescovi-nordest-numerosi-i-temi-al-centro-del-dialogo-e-del-confronto-nella-riunione-svolta-a-zelarino-la-cura-dei-preti-in-difficolta-il-fine-vita-laccoglienza-ai-migranti-il-convegno-t\/\" \/>\n<meta property=\"og:site_name\" content=\"Testimonianza e Impegno sociale\" \/>\n<meta property=\"article:published_time\" content=\"2023-05-12T07:17:32+00:00\" \/>\n<meta property=\"article:modified_time\" content=\"2023-06-05T07:43:01+00:00\" \/>\n<meta property=\"og:image\" content=\"https:\/\/www.diocesitn.it\/area-testimonianza\/wp-content\/uploads\/sites\/37\/2023\/06\/cet_17set19_2.jpg\" \/>\n\t<meta property=\"og:image:width\" content=\"992\" \/>\n\t<meta property=\"og:image:height\" content=\"744\" \/>\n\t<meta property=\"og:image:type\" content=\"image\/jpeg\" \/>\n<meta name=\"author\" content=\"losspapot\" \/>\n<meta name=\"twitter:card\" content=\"summary_large_image\" \/>\n<meta name=\"twitter:label1\" content=\"Scritto da\" \/>\n\t<meta name=\"twitter:data1\" content=\"losspapot\" \/>\n\t<meta name=\"twitter:label2\" content=\"Tempo di lettura stimato\" \/>\n\t<meta name=\"twitter:data2\" content=\"3 minuti\" \/>\n<script type=\"application\/ld+json\" class=\"yoast-schema-graph\">{\"@context\":\"https:\/\/schema.org\",\"@graph\":[{\"@type\":\"Article\",\"@id\":\"https:\/\/www.diocesitn.it\/area-testimonianza\/2023\/05\/12\/vescovi-nordest-numerosi-i-temi-al-centro-del-dialogo-e-del-confronto-nella-riunione-svolta-a-zelarino-la-cura-dei-preti-in-difficolta-il-fine-vita-laccoglienza-ai-migranti-il-convegno-t\/#article\",\"isPartOf\":{\"@id\":\"https:\/\/www.diocesitn.it\/area-testimonianza\/2023\/05\/12\/vescovi-nordest-numerosi-i-temi-al-centro-del-dialogo-e-del-confronto-nella-riunione-svolta-a-zelarino-la-cura-dei-preti-in-difficolta-il-fine-vita-laccoglienza-ai-migranti-il-convegno-t\/\"},\"author\":{\"name\":\"losspapot\",\"@id\":\"https:\/\/www.diocesitn.it\/area-testimonianza\/#\/schema\/person\/3526ceacb35e1aa4c86252e45adfad22\"},\"headline\":\"Vescovi Nordest a confronto su cura dei preti in difficolt\u00e0, fine vita, accoglienza migranti. Verso il convegno triveneto sulla liturgia. GMG Lisbona: oltre 6000 giovani dal Triveneto\",\"datePublished\":\"2023-05-12T07:17:32+00:00\",\"dateModified\":\"2023-06-05T07:43:01+00:00\",\"mainEntityOfPage\":{\"@id\":\"https:\/\/www.diocesitn.it\/area-testimonianza\/2023\/05\/12\/vescovi-nordest-numerosi-i-temi-al-centro-del-dialogo-e-del-confronto-nella-riunione-svolta-a-zelarino-la-cura-dei-preti-in-difficolta-il-fine-vita-laccoglienza-ai-migranti-il-convegno-t\/\"},\"wordCount\":540,\"publisher\":{\"@id\":\"https:\/\/www.diocesitn.it\/area-testimonianza\/#organization\"},\"image\":{\"@id\":\"https:\/\/www.diocesitn.it\/area-testimonianza\/2023\/05\/12\/vescovi-nordest-numerosi-i-temi-al-centro-del-dialogo-e-del-confronto-nella-riunione-svolta-a-zelarino-la-cura-dei-preti-in-difficolta-il-fine-vita-laccoglienza-ai-migranti-il-convegno-t\/#primaryimage\"},\"thumbnailUrl\":\"https:\/\/www.diocesitn.it\/area-testimonianza\/wp-content\/uploads\/sites\/37\/2023\/06\/cet_17set19_2.jpg\",\"articleSection\":[\"Notizie\"],\"inLanguage\":\"it-IT\",\"copyrightYear\":\"2023\",\"copyrightHolder\":{\"@id\":\"https:\/\/www.diocesitn.it\/#organization\"}},{\"@type\":\"WebPage\",\"@id\":\"https:\/\/www.diocesitn.it\/area-testimonianza\/2023\/05\/12\/vescovi-nordest-numerosi-i-temi-al-centro-del-dialogo-e-del-confronto-nella-riunione-svolta-a-zelarino-la-cura-dei-preti-in-difficolta-il-fine-vita-laccoglienza-ai-migranti-il-convegno-t\/\",\"url\":\"https:\/\/www.diocesitn.it\/area-testimonianza\/2023\/05\/12\/vescovi-nordest-numerosi-i-temi-al-centro-del-dialogo-e-del-confronto-nella-riunione-svolta-a-zelarino-la-cura-dei-preti-in-difficolta-il-fine-vita-laccoglienza-ai-migranti-il-convegno-t\/\",\"name\":\"Vescovi Nordest a confronto su cura dei preti in difficolt\u00e0, fine vita, accoglienza migranti. Verso il convegno triveneto sulla liturgia. GMG Lisbona: oltre 6000 giovani dal Triveneto - Testimonianza e Impegno sociale\",\"isPartOf\":{\"@id\":\"https:\/\/www.diocesitn.it\/area-testimonianza\/#website\"},\"primaryImageOfPage\":{\"@id\":\"https:\/\/www.diocesitn.it\/area-testimonianza\/2023\/05\/12\/vescovi-nordest-numerosi-i-temi-al-centro-del-dialogo-e-del-confronto-nella-riunione-svolta-a-zelarino-la-cura-dei-preti-in-difficolta-il-fine-vita-laccoglienza-ai-migranti-il-convegno-t\/#primaryimage\"},\"image\":{\"@id\":\"https:\/\/www.diocesitn.it\/area-testimonianza\/2023\/05\/12\/vescovi-nordest-numerosi-i-temi-al-centro-del-dialogo-e-del-confronto-nella-riunione-svolta-a-zelarino-la-cura-dei-preti-in-difficolta-il-fine-vita-laccoglienza-ai-migranti-il-convegno-t\/#primaryimage\"},\"thumbnailUrl\":\"https:\/\/www.diocesitn.it\/area-testimonianza\/wp-content\/uploads\/sites\/37\/2023\/06\/cet_17set19_2.jpg\",\"datePublished\":\"2023-05-12T07:17:32+00:00\",\"dateModified\":\"2023-06-05T07:43:01+00:00\",\"breadcrumb\":{\"@id\":\"https:\/\/www.diocesitn.it\/area-testimonianza\/2023\/05\/12\/vescovi-nordest-numerosi-i-temi-al-centro-del-dialogo-e-del-confronto-nella-riunione-svolta-a-zelarino-la-cura-dei-preti-in-difficolta-il-fine-vita-laccoglienza-ai-migranti-il-convegno-t\/#breadcrumb\"},\"inLanguage\":\"it-IT\",\"potentialAction\":[{\"@type\":\"ReadAction\",\"target\":[\"https:\/\/www.diocesitn.it\/area-testimonianza\/2023\/05\/12\/vescovi-nordest-numerosi-i-temi-al-centro-del-dialogo-e-del-confronto-nella-riunione-svolta-a-zelarino-la-cura-dei-preti-in-difficolta-il-fine-vita-laccoglienza-ai-migranti-il-convegno-t\/\"]}]},{\"@type\":\"ImageObject\",\"inLanguage\":\"it-IT\",\"@id\":\"https:\/\/www.diocesitn.it\/area-testimonianza\/2023\/05\/12\/vescovi-nordest-numerosi-i-temi-al-centro-del-dialogo-e-del-confronto-nella-riunione-svolta-a-zelarino-la-cura-dei-preti-in-difficolta-il-fine-vita-laccoglienza-ai-migranti-il-convegno-t\/#primaryimage\",\"url\":\"https:\/\/www.diocesitn.it\/area-testimonianza\/wp-content\/uploads\/sites\/37\/2023\/06\/cet_17set19_2.jpg\",\"contentUrl\":\"https:\/\/www.diocesitn.it\/area-testimonianza\/wp-content\/uploads\/sites\/37\/2023\/06\/cet_17set19_2.jpg\",\"width\":992,\"height\":744},{\"@type\":\"BreadcrumbList\",\"@id\":\"https:\/\/www.diocesitn.it\/area-testimonianza\/2023\/05\/12\/vescovi-nordest-numerosi-i-temi-al-centro-del-dialogo-e-del-confronto-nella-riunione-svolta-a-zelarino-la-cura-dei-preti-in-difficolta-il-fine-vita-laccoglienza-ai-migranti-il-convegno-t\/#breadcrumb\",\"itemListElement\":[{\"@type\":\"ListItem\",\"position\":1,\"name\":\"Home\",\"item\":\"https:\/\/www.diocesitn.it\/area-testimonianza\/\"},{\"@type\":\"ListItem\",\"position\":2,\"name\":\"Vescovi Nordest a confronto su cura dei preti in difficolt\u00e0, fine vita, accoglienza migranti. Verso il convegno triveneto sulla liturgia. GMG Lisbona: oltre 6000 giovani dal Triveneto\"}]},{\"@type\":\"WebSite\",\"@id\":\"https:\/\/www.diocesitn.it\/area-testimonianza\/#website\",\"url\":\"https:\/\/www.diocesitn.it\/area-testimonianza\/\",\"name\":\"Testimonianza e Impegno sociale\",\"description\":\"Chiesa di Trento\",\"publisher\":{\"@id\":\"https:\/\/www.diocesitn.it\/area-testimonianza\/#organization\"},\"potentialAction\":[{\"@type\":\"SearchAction\",\"target\":{\"@type\":\"EntryPoint\",\"urlTemplate\":\"https:\/\/www.diocesitn.it\/area-testimonianza\/?s={search_term_string}\"},\"query-input\":\"required name=search_term_string\"}],\"inLanguage\":\"it-IT\"},{\"@type\":[\"Organization\",\"Place\"],\"@id\":\"https:\/\/www.diocesitn.it\/area-testimonianza\/#organization\",\"name\":\"Area Testimonianza e Impegno Sociale - Chiesa di Trento\",\"url\":\"https:\/\/www.diocesitn.it\/area-testimonianza\/\",\"logo\":{\"@id\":\"https:\/\/www.diocesitn.it\/area-testimonianza\/2023\/05\/12\/vescovi-nordest-numerosi-i-temi-al-centro-del-dialogo-e-del-confronto-nella-riunione-svolta-a-zelarino-la-cura-dei-preti-in-difficolta-il-fine-vita-laccoglienza-ai-migranti-il-convegno-t\/#local-main-organization-logo\"},\"image\":{\"@id\":\"https:\/\/www.diocesitn.it\/area-testimonianza\/2023\/05\/12\/vescovi-nordest-numerosi-i-temi-al-centro-del-dialogo-e-del-confronto-nella-riunione-svolta-a-zelarino-la-cura-dei-preti-in-difficolta-il-fine-vita-laccoglienza-ai-migranti-il-convegno-t\/#local-main-organization-logo\"},\"openingHoursSpecification\":[{\"@type\":\"OpeningHoursSpecification\",\"dayOfWeek\":[\"Monday\",\"Tuesday\",\"Wednesday\",\"Thursday\",\"Friday\",\"Saturday\",\"Sunday\"],\"opens\":\"09:00\",\"closes\":\"17:00\"}]},{\"@type\":\"ImageObject\",\"inLanguage\":\"it-IT\",\"@id\":\"https:\/\/www.diocesitn.it\/area-testimonianza\/2023\/05\/12\/vescovi-nordest-numerosi-i-temi-al-centro-del-dialogo-e-del-confronto-nella-riunione-svolta-a-zelarino-la-cura-dei-preti-in-difficolta-il-fine-vita-laccoglienza-ai-migranti-il-convegno-t\/#local-main-organization-logo\",\"url\":\"https:\/\/www.diocesitn.it\/area-testimonianza\/wp-content\/uploads\/sites\/37\/2021\/09\/og-logo-testimonianza-e-impegno-sociale.jpg\",\"contentUrl\":\"https:\/\/www.diocesitn.it\/area-testimonianza\/wp-content\/uploads\/sites\/37\/2021\/09\/og-logo-testimonianza-e-impegno-sociale.jpg\",\"width\":1200,\"height\":630,\"caption\":\"Area Testimonianza e Impegno Sociale - Chiesa di Trento\"}]}<\/script>\n<!-- \/ Yoast SEO Premium plugin. -->","yoast_head_json":{"title":"Vescovi Nordest a confronto su cura dei preti in difficolt\u00e0, fine vita, accoglienza migranti. Verso il convegno triveneto sulla liturgia. GMG Lisbona: oltre 6000 giovani dal Triveneto - Testimonianza e Impegno sociale","robots":{"index":"index","follow":"follow","max-snippet":"max-snippet:-1","max-image-preview":"max-image-preview:large","max-video-preview":"max-video-preview:-1"},"canonical":"https:\/\/www.diocesitn.it\/area-testimonianza\/2023\/05\/12\/vescovi-nordest-numerosi-i-temi-al-centro-del-dialogo-e-del-confronto-nella-riunione-svolta-a-zelarino-la-cura-dei-preti-in-difficolta-il-fine-vita-laccoglienza-ai-migranti-il-convegno-t\/","og_locale":"it_IT","og_type":"article","og_title":"Vescovi Nordest a confronto su cura dei preti in difficolt\u00e0, fine vita, accoglienza migranti. Verso il convegno triveneto sulla liturgia. GMG Lisbona: oltre 6000 giovani dal Triveneto","og_description":"Attenzione e cura verso i preti in difficolt\u00e0, le questioni del fine vita e dell\u2019accoglienza dei migranti, il prossimo convegno delle Chiese del Triveneto sulla liturgia, la Giornata Mondiale della Giovent\u00f9 in programma a Lisbona","og_url":"https:\/\/www.diocesitn.it\/area-testimonianza\/2023\/05\/12\/vescovi-nordest-numerosi-i-temi-al-centro-del-dialogo-e-del-confronto-nella-riunione-svolta-a-zelarino-la-cura-dei-preti-in-difficolta-il-fine-vita-laccoglienza-ai-migranti-il-convegno-t\/","og_site_name":"Testimonianza e Impegno sociale","article_published_time":"2023-05-12T07:17:32+00:00","article_modified_time":"2023-06-05T07:43:01+00:00","og_image":[{"width":992,"height":744,"url":"https:\/\/www.diocesitn.it\/area-testimonianza\/wp-content\/uploads\/sites\/37\/2023\/06\/cet_17set19_2.jpg","type":"image\/jpeg"}],"author":"losspapot","twitter_card":"summary_large_image","twitter_misc":{"Scritto da":"losspapot","Tempo di lettura stimato":"3 minuti"},"schema":{"@context":"https:\/\/schema.org","@graph":[{"@type":"Article","@id":"https:\/\/www.diocesitn.it\/area-testimonianza\/2023\/05\/12\/vescovi-nordest-numerosi-i-temi-al-centro-del-dialogo-e-del-confronto-nella-riunione-svolta-a-zelarino-la-cura-dei-preti-in-difficolta-il-fine-vita-laccoglienza-ai-migranti-il-convegno-t\/#article","isPartOf":{"@id":"https:\/\/www.diocesitn.it\/area-testimonianza\/2023\/05\/12\/vescovi-nordest-numerosi-i-temi-al-centro-del-dialogo-e-del-confronto-nella-riunione-svolta-a-zelarino-la-cura-dei-preti-in-difficolta-il-fine-vita-laccoglienza-ai-migranti-il-convegno-t\/"},"author":{"name":"losspapot","@id":"https:\/\/www.diocesitn.it\/area-testimonianza\/#\/schema\/person\/3526ceacb35e1aa4c86252e45adfad22"},"headline":"Vescovi Nordest a confronto su cura dei preti in difficolt\u00e0, fine vita, accoglienza migranti. Verso il convegno triveneto sulla liturgia. GMG Lisbona: oltre 6000 giovani dal Triveneto","datePublished":"2023-05-12T07:17:32+00:00","dateModified":"2023-06-05T07:43:01+00:00","mainEntityOfPage":{"@id":"https:\/\/www.diocesitn.it\/area-testimonianza\/2023\/05\/12\/vescovi-nordest-numerosi-i-temi-al-centro-del-dialogo-e-del-confronto-nella-riunione-svolta-a-zelarino-la-cura-dei-preti-in-difficolta-il-fine-vita-laccoglienza-ai-migranti-il-convegno-t\/"},"wordCount":540,"publisher":{"@id":"https:\/\/www.diocesitn.it\/area-testimonianza\/#organization"},"image":{"@id":"https:\/\/www.diocesitn.it\/area-testimonianza\/2023\/05\/12\/vescovi-nordest-numerosi-i-temi-al-centro-del-dialogo-e-del-confronto-nella-riunione-svolta-a-zelarino-la-cura-dei-preti-in-difficolta-il-fine-vita-laccoglienza-ai-migranti-il-convegno-t\/#primaryimage"},"thumbnailUrl":"https:\/\/www.diocesitn.it\/area-testimonianza\/wp-content\/uploads\/sites\/37\/2023\/06\/cet_17set19_2.jpg","articleSection":["Notizie"],"inLanguage":"it-IT","copyrightYear":"2023","copyrightHolder":{"@id":"https:\/\/www.diocesitn.it\/#organization"}},{"@type":"WebPage","@id":"https:\/\/www.diocesitn.it\/area-testimonianza\/2023\/05\/12\/vescovi-nordest-numerosi-i-temi-al-centro-del-dialogo-e-del-confronto-nella-riunione-svolta-a-zelarino-la-cura-dei-preti-in-difficolta-il-fine-vita-laccoglienza-ai-migranti-il-convegno-t\/","url":"https:\/\/www.diocesitn.it\/area-testimonianza\/2023\/05\/12\/vescovi-nordest-numerosi-i-temi-al-centro-del-dialogo-e-del-confronto-nella-riunione-svolta-a-zelarino-la-cura-dei-preti-in-difficolta-il-fine-vita-laccoglienza-ai-migranti-il-convegno-t\/","name":"Vescovi Nordest a confronto su cura dei preti in difficolt\u00e0, fine vita, accoglienza migranti. Verso il convegno triveneto sulla liturgia. GMG Lisbona: oltre 6000 giovani dal Triveneto - Testimonianza e Impegno sociale","isPartOf":{"@id":"https:\/\/www.diocesitn.it\/area-testimonianza\/#website"},"primaryImageOfPage":{"@id":"https:\/\/www.diocesitn.it\/area-testimonianza\/2023\/05\/12\/vescovi-nordest-numerosi-i-temi-al-centro-del-dialogo-e-del-confronto-nella-riunione-svolta-a-zelarino-la-cura-dei-preti-in-difficolta-il-fine-vita-laccoglienza-ai-migranti-il-convegno-t\/#primaryimage"},"image":{"@id":"https:\/\/www.diocesitn.it\/area-testimonianza\/2023\/05\/12\/vescovi-nordest-numerosi-i-temi-al-centro-del-dialogo-e-del-confronto-nella-riunione-svolta-a-zelarino-la-cura-dei-preti-in-difficolta-il-fine-vita-laccoglienza-ai-migranti-il-convegno-t\/#primaryimage"},"thumbnailUrl":"https:\/\/www.diocesitn.it\/area-testimonianza\/wp-content\/uploads\/sites\/37\/2023\/06\/cet_17set19_2.jpg","datePublished":"2023-05-12T07:17:32+00:00","dateModified":"2023-06-05T07:43:01+00:00","breadcrumb":{"@id":"https:\/\/www.diocesitn.it\/area-testimonianza\/2023\/05\/12\/vescovi-nordest-numerosi-i-temi-al-centro-del-dialogo-e-del-confronto-nella-riunione-svolta-a-zelarino-la-cura-dei-preti-in-difficolta-il-fine-vita-laccoglienza-ai-migranti-il-convegno-t\/#breadcrumb"},"inLanguage":"it-IT","potentialAction":[{"@type":"ReadAction","target":["https:\/\/www.diocesitn.it\/area-testimonianza\/2023\/05\/12\/vescovi-nordest-numerosi-i-temi-al-centro-del-dialogo-e-del-confronto-nella-riunione-svolta-a-zelarino-la-cura-dei-preti-in-difficolta-il-fine-vita-laccoglienza-ai-migranti-il-convegno-t\/"]}]},{"@type":"ImageObject","inLanguage":"it-IT","@id":"https:\/\/www.diocesitn.it\/area-testimonianza\/2023\/05\/12\/vescovi-nordest-numerosi-i-temi-al-centro-del-dialogo-e-del-confronto-nella-riunione-svolta-a-zelarino-la-cura-dei-preti-in-difficolta-il-fine-vita-laccoglienza-ai-migranti-il-convegno-t\/#primaryimage","url":"https:\/\/www.diocesitn.it\/area-testimonianza\/wp-content\/uploads\/sites\/37\/2023\/06\/cet_17set19_2.jpg","contentUrl":"https:\/\/www.diocesitn.it\/area-testimonianza\/wp-content\/uploads\/sites\/37\/2023\/06\/cet_17set19_2.jpg","width":992,"height":744},{"@type":"BreadcrumbList","@id":"https:\/\/www.diocesitn.it\/area-testimonianza\/2023\/05\/12\/vescovi-nordest-numerosi-i-temi-al-centro-del-dialogo-e-del-confronto-nella-riunione-svolta-a-zelarino-la-cura-dei-preti-in-difficolta-il-fine-vita-laccoglienza-ai-migranti-il-convegno-t\/#breadcrumb","itemListElement":[{"@type":"ListItem","position":1,"name":"Home","item":"https:\/\/www.diocesitn.it\/area-testimonianza\/"},{"@type":"ListItem","position":2,"name":"Vescovi Nordest a confronto su cura dei preti in difficolt\u00e0, fine vita, accoglienza migranti. Verso il convegno triveneto sulla liturgia. GMG Lisbona: oltre 6000 giovani dal Triveneto"}]},{"@type":"WebSite","@id":"https:\/\/www.diocesitn.it\/area-testimonianza\/#website","url":"https:\/\/www.diocesitn.it\/area-testimonianza\/","name":"Testimonianza e Impegno sociale","description":"Chiesa di Trento","publisher":{"@id":"https:\/\/www.diocesitn.it\/area-testimonianza\/#organization"},"potentialAction":[{"@type":"SearchAction","target":{"@type":"EntryPoint","urlTemplate":"https:\/\/www.diocesitn.it\/area-testimonianza\/?s={search_term_string}"},"query-input":"required name=search_term_string"}],"inLanguage":"it-IT"},{"@type":["Organization","Place"],"@id":"https:\/\/www.diocesitn.it\/area-testimonianza\/#organization","name":"Area Testimonianza e Impegno Sociale - Chiesa di Trento","url":"https:\/\/www.diocesitn.it\/area-testimonianza\/","logo":{"@id":"https:\/\/www.diocesitn.it\/area-testimonianza\/2023\/05\/12\/vescovi-nordest-numerosi-i-temi-al-centro-del-dialogo-e-del-confronto-nella-riunione-svolta-a-zelarino-la-cura-dei-preti-in-difficolta-il-fine-vita-laccoglienza-ai-migranti-il-convegno-t\/#local-main-organization-logo"},"image":{"@id":"https:\/\/www.diocesitn.it\/area-testimonianza\/2023\/05\/12\/vescovi-nordest-numerosi-i-temi-al-centro-del-dialogo-e-del-confronto-nella-riunione-svolta-a-zelarino-la-cura-dei-preti-in-difficolta-il-fine-vita-laccoglienza-ai-migranti-il-convegno-t\/#local-main-organization-logo"},"openingHoursSpecification":[{"@type":"OpeningHoursSpecification","dayOfWeek":["Monday","Tuesday","Wednesday","Thursday","Friday","Saturday","Sunday"],"opens":"09:00","closes":"17:00"}]},{"@type":"ImageObject","inLanguage":"it-IT","@id":"https:\/\/www.diocesitn.it\/area-testimonianza\/2023\/05\/12\/vescovi-nordest-numerosi-i-temi-al-centro-del-dialogo-e-del-confronto-nella-riunione-svolta-a-zelarino-la-cura-dei-preti-in-difficolta-il-fine-vita-laccoglienza-ai-migranti-il-convegno-t\/#local-main-organization-logo","url":"https:\/\/www.diocesitn.it\/area-testimonianza\/wp-content\/uploads\/sites\/37\/2021\/09\/og-logo-testimonianza-e-impegno-sociale.jpg","contentUrl":"https:\/\/www.diocesitn.it\/area-testimonianza\/wp-content\/uploads\/sites\/37\/2021\/09\/og-logo-testimonianza-e-impegno-sociale.jpg","width":1200,"height":630,"caption":"Area Testimonianza e Impegno Sociale - Chiesa di Trento"}]}},"_links":{"self":[{"href":"https:\/\/www.diocesitn.it\/area-testimonianza\/wp-json\/wp\/v2\/posts\/13068","targetHints":{"allow":["GET"]}}],"collection":[{"href":"https:\/\/www.diocesitn.it\/area-testimonianza\/wp-json\/wp\/v2\/posts"}],"about":[{"href":"https:\/\/www.diocesitn.it\/area-testimonianza\/wp-json\/wp\/v2\/types\/post"}],"author":[{"embeddable":true,"href":"https:\/\/www.diocesitn.it\/area-testimonianza\/wp-json\/wp\/v2\/users\/168"}],"replies":[{"embeddable":true,"href":"https:\/\/www.diocesitn.it\/area-testimonianza\/wp-json\/wp\/v2\/comments?post=13068"}],"version-history":[{"count":1,"href":"https:\/\/www.diocesitn.it\/area-testimonianza\/wp-json\/wp\/v2\/posts\/13068\/revisions"}],"predecessor-version":[{"id":13074,"href":"https:\/\/www.diocesitn.it\/area-testimonianza\/wp-json\/wp\/v2\/posts\/13068\/revisions\/13074"}],"wp:featuredmedia":[{"embeddable":true,"href":"https:\/\/www.diocesitn.it\/area-testimonianza\/wp-json\/wp\/v2\/media\/13069"}],"wp:attachment":[{"href":"https:\/\/www.diocesitn.it\/area-testimonianza\/wp-json\/wp\/v2\/media?parent=13068"}],"wp:term":[{"taxonomy":"category","embeddable":true,"href":"https:\/\/www.diocesitn.it\/area-testimonianza\/wp-json\/wp\/v2\/categories?post=13068"},{"taxonomy":"post_tag","embeddable":true,"href":"https:\/\/www.diocesitn.it\/area-testimonianza\/wp-json\/wp\/v2\/tags?post=13068"}],"curies":[{"name":"wp","href":"https:\/\/api.w.org\/{rel}","templated":true}]}}