{"id":13060,"date":"2023-05-02T16:39:01","date_gmt":"2023-05-02T14:39:01","guid":{"rendered":"https:\/\/www.diocesitn.it\/area-testimonianza\/2023\/05\/02\/turchia-terra-di-passaggio-mezzo-terra-di-passaggio-sospesa-tra-europa-e-asia-pellegrinaggio-della-diocesi-di-trento-a-ottobre-2023-aperte-iscrizioni\/"},"modified":"2023-06-05T09:43:40","modified_gmt":"2023-06-05T07:43:40","slug":"turchia-terra-di-passaggio-mezzo-terra-di-passaggio-sospesa-tra-europa-e-asia-pellegrinaggio-della-diocesi-di-trento-a-ottobre-2023-aperte-iscrizioni","status":"publish","type":"post","link":"https:\/\/www.diocesitn.it\/area-testimonianza\/2023\/05\/02\/turchia-terra-di-passaggio-mezzo-terra-di-passaggio-sospesa-tra-europa-e-asia-pellegrinaggio-della-diocesi-di-trento-a-ottobre-2023-aperte-iscrizioni\/","title":{"rendered":"Turchia: terra di mezzo, terra di passaggio, sospesa tra Europa e Asia. Pellegrinaggio della Diocesi di Trento a ottobre 2023. Aperte iscrizioni"},"content":{"rendered":"<p>Non solo <strong>Terra Santa<\/strong> (doppia possibilit\u00e0: <a href=\"https:\/\/www.diocesitn.it\/area-testimonianza\/i-pellegrinaggi-della-diocesi-di-trento-nel-2023\/#ts\">formula pi\u00f9 &#8220;innovativa&#8221;<\/a> e <a href=\"https:\/\/www.diocesitn.it\/site\/terra-santa-al-via-le-iscrizioni-al-pellegrinaggio-di-novembre-7-14-con-itinerario-classico\/\">itinerario classico<\/a>) e <strong><a href=\"https:\/\/www.diocesitn.it\/site\/a-lourdes-in-pellegrinaggio-con-la-diocesi-di-trento-dall8-all11-settembre-si-aprono-le-iscrizioni\/\">Lourdes<\/a> <\/strong>tra i <strong>pellegrinaggi della Diocesi di Trento nel 2023<\/strong>. Sono aperte infatti le iscrizioni anche al <strong>pellegrinaggio in Turchia dal 10 al 16 ottobre prossimi<\/strong>.<\/p>\n<p><strong><em>Stile e programma del pellegrinaggio<\/em><\/strong><\/p>\n<p>&#8220;L\u2019intenzione &#8211; spiegano i promotori &#8211; \u00e8 quella di vivere un\u2019esperienza di pellegrinaggio improntata alla semplicit\u00e0 e alla familiarit\u00e0&#8221;, con questo programma:<\/p>\n<ul>\n<li><strong><em>10 ottobre<\/em><\/strong>: aereo da Milano\/Malpensa a Istanbul, da Istanbul a <strong>Nevsehir<\/strong> in Cappadocia;<\/li>\n<li><strong><em>11 ottobre<\/em><\/strong>: giornata in Cappadocia con una guida locale (che ci accompagner\u00e0 per tutto il viaggio e che ci parler\u00e0 in italiano). La Cappadocia \u00e8 un ambiente affascinante, le prime comunit\u00e0 cristiane hanno costruito monasteri e chiese nelle grotte, decorandole con splendidi affreschi che ancora oggi sono tutti da ammirare: saremo nella <strong>Valle di G\u00f6reme<\/strong> (chi la cerca in Internet, trova bellissime immagini come quella sopra). Per i trentini poi la Cappadocia ha un significato particolare: da qui infatti verso la met\u00e0 del IV secolo sono partiti tre giovani, arrivati a Milano da Sant\u2019Ambrogio, poi a Trento da San Vigilio, il quale li ha inviati in Val di Non a portare il Vangelo e dove sono stati uccisi l\u00ec dove oggi sorge Sanzeno: i martiri Sisinio Martirio e Alessandro. Facendo memoria di loro celebreremo l\u2019Eucaristia in una delle antichissime chiese rupestri;<\/li>\n<li><strong><em>12 ottobre<\/em><\/strong>: dalla Cappadocia ci trasferiamo in pullman verso <strong>Konia<\/strong>, l\u2019antica <strong>Iconio<\/strong>, nella quale \u00e8 passato anche l\u2019apostolo Paolo; fino ad un paio di anni fa vivevano a Konia due sorelle della Comunit\u00e0 Ges\u00f9 Risorto di Tavodo, oggi ci vive una consacrata di Milano: celebreremo l\u2019Eucaristia con lei, nel piccolissimo segno di cristianit\u00e0 in quella che oggi \u00e8 una citt\u00e0 con una ricchissima tradizione musulmana: e infatti faremo visita anche al <strong>Mausoleo di Mevlana<\/strong>, bellissima figura della mistica sufi;<\/li>\n<li><strong><em>13 ottobre<\/em><\/strong>: nel nostro viaggio verso la costa egea faremo sosta a <strong>Pamukkale<\/strong> e alle sue \u201ccascate pietrificate\u201d (anche di questo bellissimo sito trovi abbondanti informazioni in internet). Faremo sosta a visitare i resti dell\u2019antica chiesa di San Filippo diacono, martire nella seconda met\u00e0 del I secolo e poi a <strong>Mileto<\/strong>, altra tappa di San Paolo; qui vivremo un momento di preghiera. Verso sera arriveremo a <strong>Sel\u00e7uk<\/strong>;<\/li>\n<li><strong><em>14 ottobre<\/em><\/strong>: da Sel\u00e7uk ci trasferiremo verso <strong>Efeso<\/strong>, antichissima citt\u00e0 di fondazione greca con maestosi monumenti, che visiteremo. Uno dei siti pi\u00f9 interessanti di Efeso sono le rovine dell\u2019antica Basilica, che nel 431 ospit\u00f2 il Concilio di Efeso, nel quale si discusse se Ges\u00f9 fosse solo Figlio di Maria (solo uomo) o anche Figlio di Dio (anche Dio): i Padri capirono che Ges\u00f9 \u00e8 vero uomo e vero Dio e di conseguenza proclamarono Maria \u201cTheot\u00f2kos\u201d, ovvero Madre di Dio. Nei dintorni di Efeso, secondo una tradizione molto fondata, Maria visse gli ultimi anni della sua vita terrena insieme a Giovanni; vedremo dove. \u00a0A Efeso vivremo un momento di preghiera ecumenica, insieme al Vescovo Martin di Smirne<\/li>\n<li><strong><em>15 ottobre<\/em><\/strong>: saremo tutto il giorno a <strong>Smirne<\/strong> insieme al Vescovo Martin. Uno degli obiettivi del nostro pellegrinaggio infatti \u00e8 quello di approfondire un rapporto di amicizia tra la nostra Arcidiocesi e l\u2019Arcidiocesi di <strong>Izmir<\/strong>, l\u2019antica Smirne, appunto; renderci conto di quanto una comunit\u00e0 cristiana piccola piccola (i cristiani in Turchia sono una esigua minoranza) sappia essere forte e vivace; coniugare ci\u00f2 che resta di un passato glorioso, anche dal punto di vista della diffusione del cristianesimo, con una realt\u00e0 attuale fatta anche di contraddizioni e di contrasti. In Turchia, infatti, si accampano centinaia e centinaia di profughi, provenienti dall\u2019Asia centrale, con il sogno di arrivare in Europa. Visiteremo quindi alcuni luoghi molto importanti dal punto di vista culturale, religioso e storico, dove incontreremo realt\u00e0 locali e i (pochi) cristiani che tanto si danno da fare per far s\u00ec che i campi di ammassamento dei profughi siano un po\u2019 meno disumani. A Smirne tra la fine del I secolo e l\u2019inizio del II fu vescovo Policarpo, discepolo dell\u2019evangelista Giovanni; Policarpo, bellissima figura della chiesa antica ma ancora molto attuale, fu ucciso nel 155 ed \u00e8 venerato come martire. Celebreremo l\u2019Eucaristia insieme al suo successore, il vescovo Martin, che sar\u00e0 in pratica la nostra guida per tutta la giornata;<\/li>\n<li><strong><em>16 ottobre<\/em><\/strong>: ancora alcune ore a Smirne, poi trasferimento in aeroporto: da Smirne a Istanbul, da Istanbul a Milano\/Malpensa<\/li>\n<\/ul>\n<p><strong><em>Alcune note tecniche<\/em><\/strong><\/p>\n<ul>\n<li>Le date: <strong>dal 10 al 16 ottobre 2023<\/strong><\/li>\n<li>I costi: <strong>1.580,00 euro<\/strong> (in stanza doppia: supplemento di 250,00 euro per la stanza singola)<\/li>\n<li>I voli saranno con Turkish airlines; partiremo da Malpensa la mattina del 10 ottobre alle 6.50 per arrivare a Nevsehir alle 16.05 locali (la Turchia \u00e8 un\u2019ora avanti rispetto all\u2019Italia); ripartiremo da Smirne la sera del 16 ottobre alle 18.55 locali per arrivare a Malpensa alle 23.45. Da Trento a Malpensa e da Malpensa a Trento \u00e8 previsto un trasferimento in pullman (compreso nel prezzo totale). Chiaramente riceverete informazioni pi\u00f9 dettagliate<\/li>\n<li>Sar\u00e0 necessario portare con s\u00e9 un po\u2019 di capacit\u00e0 di resistenza, spirito di adattamento e soprattutto la volont\u00e0 di mettersi in gioco. Il pranzo di mercoled\u00ec 11 sar\u00e0 in ristorante e compreso nel prezzo, gli altri saranno liberi: ma sicuramente non moriremo di fame!<\/li>\n<li>\u00c8 necessario avere il passaporto con validit\u00e0 di almeno 6 mesi successivi al pellegrinaggio; in concreto, il passaporto deve essere valido almeno fino a inizio aprile 2024<\/li>\n<li>Pi\u00f9 avanti organizzeremo un incontro in cui potremo conoscere di persona tutti i membri del gruppo, potremo condividere ulteriori dettagli e consigli e domande\u2026<\/li>\n<\/ul>\n<p><strong><em>Come si procede all\u2019iscrizione? <\/em><\/strong><\/p>\n<p>Semplice, servono tre passaggi:<\/p>\n<ul>\n<li>compilare la <strong><em>scheda di iscrizione<\/em><\/strong> che ti verr\u00e0 inviata chiedendola via mail a <a href=\"mailto:pellegrinaggi@diocesitn.it\">pellegrinaggi@diocesitn.it<\/a>;<\/li>\n<li>procedere al <strong><em>versamento della caparra<\/em><\/strong>, come indicato nella scheda, dove sono indicate anche le coordinate bancarie. Il saldo sar\u00e0 da versare pi\u00f9 avanti, come indicato nella scheda;<\/li>\n<li>inviare <strong><em>una mail<\/em><\/strong> con la <strong><em>ricevuta del versamento<\/em><\/strong> e la <strong><em>scheda compilata<\/em><\/strong> ai due seguenti indirizzi:<\/li>\n<\/ul>\n<p><a href=\"mailto:pellegrinaggi@diocesitn.it\">pellegrinaggi@diocesitn.it<\/a><\/p>\n<p><a href=\"mailto:sabrina.folli.73@gmail.com\">sabrina.folli.73@gmail.com<\/a><\/p>\n<p><strong><em>In caso di necessit\u00e0<\/em><\/strong> si possono utilizzare questi numeri di telefono:<\/p>\n<p>334 8172455 (Sabrina Folli dell\u2019Agenzia ZeroTrenta)<\/p>\n<p>348 8881528 (don Cristiano Bettega)<\/p>\n<p><strong><em>Una precisazione:<\/em><\/strong> il programma indicato potrebbe subire qualche piccola variazione; eventualmente non sar\u00e0 per cattiva volont\u00e0 ma per necessit\u00e0 che potrebbero emergere durante le giornate.<\/p>\n<p><a href=\"https:\/\/www.diocesitn.it\/wp-content\/uploads\/2023\/05\/Turchia-2023-volantino-generico.pdf\">LOCANDINA<\/a><\/p>\n<p>Immagine: Cappadocia (Turchia) &#8211; tawatchai07 su Freepik<\/p>\n","protected":false},"excerpt":{"rendered":"<p>Non solo Terra Santa (doppia possibilit\u00e0: formula pi\u00f9 &#8220;innovativa&#8221; e itinerario classico) e Lourdes tra i pellegrinaggi della Diocesi di Trento nel 2023. Sono aperte infatti le iscrizioni anche al pellegrinaggio in Turchia dal 10<\/p>\n","protected":false},"author":3,"featured_media":13061,"comment_status":"closed","ping_status":"closed","sticky":false,"template":"","format":"standard","meta":{"footnotes":""},"categories":[1074,1102],"tags":[],"class_list":["post-13060","post","type-post","status-publish","format-standard","has-post-thumbnail","hentry","category-notizie","category-servizio-salute-pellegrinaggi-anziani"],"acf":{"seed-localization-paese-cod":"IT","seed-localization-address":"","seed-localization-citta":"Trento","seed-localization-regione-cod-istat":"04","seed-localization-citta-cod-istat":"022205","seed-localization-localita":"","seed-localization-cap":"","seed-localization-marker-visibility":false,"seed-localization-children-visibility":false,"seed-localization-kml":"","seed-localization-custom-marker":""},"yoast_head":"<!-- This site is optimized with the Yoast SEO Premium plugin v20.2.1 (Yoast SEO v22.2) - https:\/\/yoast.com\/wordpress\/plugins\/seo\/ -->\n<title>Turchia: terra di mezzo, terra di passaggio, sospesa tra Europa e Asia. Pellegrinaggio della Diocesi di Trento a ottobre 2023. Aperte iscrizioni - Testimonianza e Impegno sociale<\/title>\n<meta name=\"robots\" content=\"index, follow, max-snippet:-1, max-image-preview:large, max-video-preview:-1\" \/>\n<link rel=\"canonical\" href=\"https:\/\/www.diocesitn.it\/area-testimonianza\/2023\/05\/02\/turchia-terra-di-passaggio-mezzo-terra-di-passaggio-sospesa-tra-europa-e-asia-pellegrinaggio-della-diocesi-di-trento-a-ottobre-2023-aperte-iscrizioni\/\" \/>\n<meta property=\"og:locale\" content=\"it_IT\" \/>\n<meta property=\"og:type\" content=\"article\" \/>\n<meta property=\"og:title\" content=\"Turchia: terra di mezzo, terra di passaggio, sospesa tra Europa e Asia. Pellegrinaggio della Diocesi di Trento a ottobre 2023. Aperte iscrizioni\" \/>\n<meta property=\"og:description\" content=\"Non solo Terra Santa (doppia possibilit\u00e0: formula pi\u00f9 &#8220;innovativa&#8221; e itinerario classico) e Lourdes tra i pellegrinaggi della Diocesi di Trento nel 2023. Sono aperte infatti le iscrizioni anche al pellegrinaggio in Turchia dal 10\" \/>\n<meta property=\"og:url\" content=\"https:\/\/www.diocesitn.it\/area-testimonianza\/2023\/05\/02\/turchia-terra-di-passaggio-mezzo-terra-di-passaggio-sospesa-tra-europa-e-asia-pellegrinaggio-della-diocesi-di-trento-a-ottobre-2023-aperte-iscrizioni\/\" \/>\n<meta property=\"og:site_name\" content=\"Testimonianza e Impegno sociale\" \/>\n<meta property=\"article:published_time\" content=\"2023-05-02T14:39:01+00:00\" \/>\n<meta property=\"article:modified_time\" content=\"2023-06-05T07:43:40+00:00\" \/>\n<meta property=\"og:image\" content=\"https:\/\/www.diocesitn.it\/area-testimonianza\/wp-content\/uploads\/sites\/37\/2023\/06\/cappadocia-in-turchia_web.jpg\" \/>\n\t<meta property=\"og:image:width\" content=\"900\" \/>\n\t<meta property=\"og:image:height\" content=\"600\" \/>\n\t<meta property=\"og:image:type\" content=\"image\/jpeg\" \/>\n<meta name=\"author\" content=\"Piergiorgio Franceschini\" \/>\n<meta name=\"twitter:card\" content=\"summary_large_image\" \/>\n<meta name=\"twitter:label1\" content=\"Scritto da\" \/>\n\t<meta name=\"twitter:data1\" content=\"Piergiorgio Franceschini\" \/>\n\t<meta name=\"twitter:label2\" content=\"Tempo di lettura stimato\" \/>\n\t<meta name=\"twitter:data2\" content=\"6 minuti\" \/>\n<script type=\"application\/ld+json\" class=\"yoast-schema-graph\">{\"@context\":\"https:\/\/schema.org\",\"@graph\":[{\"@type\":\"Article\",\"@id\":\"https:\/\/www.diocesitn.it\/area-testimonianza\/2023\/05\/02\/turchia-terra-di-passaggio-mezzo-terra-di-passaggio-sospesa-tra-europa-e-asia-pellegrinaggio-della-diocesi-di-trento-a-ottobre-2023-aperte-iscrizioni\/#article\",\"isPartOf\":{\"@id\":\"https:\/\/www.diocesitn.it\/area-testimonianza\/2023\/05\/02\/turchia-terra-di-passaggio-mezzo-terra-di-passaggio-sospesa-tra-europa-e-asia-pellegrinaggio-della-diocesi-di-trento-a-ottobre-2023-aperte-iscrizioni\/\"},\"author\":{\"name\":\"Piergiorgio Franceschini\",\"@id\":\"https:\/\/www.diocesitn.it\/area-testimonianza\/#\/schema\/person\/99590c84577873a025247b6aeb16ad2e\"},\"headline\":\"Turchia: terra di mezzo, terra di passaggio, sospesa tra Europa e Asia. Pellegrinaggio della Diocesi di Trento a ottobre 2023. Aperte iscrizioni\",\"datePublished\":\"2023-05-02T14:39:01+00:00\",\"dateModified\":\"2023-06-05T07:43:40+00:00\",\"mainEntityOfPage\":{\"@id\":\"https:\/\/www.diocesitn.it\/area-testimonianza\/2023\/05\/02\/turchia-terra-di-passaggio-mezzo-terra-di-passaggio-sospesa-tra-europa-e-asia-pellegrinaggio-della-diocesi-di-trento-a-ottobre-2023-aperte-iscrizioni\/\"},\"wordCount\":1036,\"publisher\":{\"@id\":\"https:\/\/www.diocesitn.it\/area-testimonianza\/#organization\"},\"image\":{\"@id\":\"https:\/\/www.diocesitn.it\/area-testimonianza\/2023\/05\/02\/turchia-terra-di-passaggio-mezzo-terra-di-passaggio-sospesa-tra-europa-e-asia-pellegrinaggio-della-diocesi-di-trento-a-ottobre-2023-aperte-iscrizioni\/#primaryimage\"},\"thumbnailUrl\":\"https:\/\/www.diocesitn.it\/area-testimonianza\/wp-content\/uploads\/sites\/37\/2023\/06\/cappadocia-in-turchia_web.jpg\",\"articleSection\":[\"Notizie\",\"Salute Pellegrinaggi Anziani\"],\"inLanguage\":\"it-IT\",\"copyrightYear\":\"2023\",\"copyrightHolder\":{\"@id\":\"https:\/\/www.diocesitn.it\/#organization\"}},{\"@type\":\"WebPage\",\"@id\":\"https:\/\/www.diocesitn.it\/area-testimonianza\/2023\/05\/02\/turchia-terra-di-passaggio-mezzo-terra-di-passaggio-sospesa-tra-europa-e-asia-pellegrinaggio-della-diocesi-di-trento-a-ottobre-2023-aperte-iscrizioni\/\",\"url\":\"https:\/\/www.diocesitn.it\/area-testimonianza\/2023\/05\/02\/turchia-terra-di-passaggio-mezzo-terra-di-passaggio-sospesa-tra-europa-e-asia-pellegrinaggio-della-diocesi-di-trento-a-ottobre-2023-aperte-iscrizioni\/\",\"name\":\"Turchia: terra di mezzo, terra di passaggio, sospesa tra Europa e Asia. Pellegrinaggio della Diocesi di Trento a ottobre 2023. Aperte iscrizioni - Testimonianza e Impegno sociale\",\"isPartOf\":{\"@id\":\"https:\/\/www.diocesitn.it\/area-testimonianza\/#website\"},\"primaryImageOfPage\":{\"@id\":\"https:\/\/www.diocesitn.it\/area-testimonianza\/2023\/05\/02\/turchia-terra-di-passaggio-mezzo-terra-di-passaggio-sospesa-tra-europa-e-asia-pellegrinaggio-della-diocesi-di-trento-a-ottobre-2023-aperte-iscrizioni\/#primaryimage\"},\"image\":{\"@id\":\"https:\/\/www.diocesitn.it\/area-testimonianza\/2023\/05\/02\/turchia-terra-di-passaggio-mezzo-terra-di-passaggio-sospesa-tra-europa-e-asia-pellegrinaggio-della-diocesi-di-trento-a-ottobre-2023-aperte-iscrizioni\/#primaryimage\"},\"thumbnailUrl\":\"https:\/\/www.diocesitn.it\/area-testimonianza\/wp-content\/uploads\/sites\/37\/2023\/06\/cappadocia-in-turchia_web.jpg\",\"datePublished\":\"2023-05-02T14:39:01+00:00\",\"dateModified\":\"2023-06-05T07:43:40+00:00\",\"breadcrumb\":{\"@id\":\"https:\/\/www.diocesitn.it\/area-testimonianza\/2023\/05\/02\/turchia-terra-di-passaggio-mezzo-terra-di-passaggio-sospesa-tra-europa-e-asia-pellegrinaggio-della-diocesi-di-trento-a-ottobre-2023-aperte-iscrizioni\/#breadcrumb\"},\"inLanguage\":\"it-IT\",\"potentialAction\":[{\"@type\":\"ReadAction\",\"target\":[\"https:\/\/www.diocesitn.it\/area-testimonianza\/2023\/05\/02\/turchia-terra-di-passaggio-mezzo-terra-di-passaggio-sospesa-tra-europa-e-asia-pellegrinaggio-della-diocesi-di-trento-a-ottobre-2023-aperte-iscrizioni\/\"]}]},{\"@type\":\"ImageObject\",\"inLanguage\":\"it-IT\",\"@id\":\"https:\/\/www.diocesitn.it\/area-testimonianza\/2023\/05\/02\/turchia-terra-di-passaggio-mezzo-terra-di-passaggio-sospesa-tra-europa-e-asia-pellegrinaggio-della-diocesi-di-trento-a-ottobre-2023-aperte-iscrizioni\/#primaryimage\",\"url\":\"https:\/\/www.diocesitn.it\/area-testimonianza\/wp-content\/uploads\/sites\/37\/2023\/06\/cappadocia-in-turchia_web.jpg\",\"contentUrl\":\"https:\/\/www.diocesitn.it\/area-testimonianza\/wp-content\/uploads\/sites\/37\/2023\/06\/cappadocia-in-turchia_web.jpg\",\"width\":900,\"height\":600},{\"@type\":\"BreadcrumbList\",\"@id\":\"https:\/\/www.diocesitn.it\/area-testimonianza\/2023\/05\/02\/turchia-terra-di-passaggio-mezzo-terra-di-passaggio-sospesa-tra-europa-e-asia-pellegrinaggio-della-diocesi-di-trento-a-ottobre-2023-aperte-iscrizioni\/#breadcrumb\",\"itemListElement\":[{\"@type\":\"ListItem\",\"position\":1,\"name\":\"Home\",\"item\":\"https:\/\/www.diocesitn.it\/area-testimonianza\/\"},{\"@type\":\"ListItem\",\"position\":2,\"name\":\"Turchia: terra di mezzo, terra di passaggio, sospesa tra Europa e Asia. Pellegrinaggio della Diocesi di Trento a ottobre 2023. Aperte iscrizioni\"}]},{\"@type\":\"WebSite\",\"@id\":\"https:\/\/www.diocesitn.it\/area-testimonianza\/#website\",\"url\":\"https:\/\/www.diocesitn.it\/area-testimonianza\/\",\"name\":\"Testimonianza e Impegno sociale\",\"description\":\"Chiesa di Trento\",\"publisher\":{\"@id\":\"https:\/\/www.diocesitn.it\/area-testimonianza\/#organization\"},\"potentialAction\":[{\"@type\":\"SearchAction\",\"target\":{\"@type\":\"EntryPoint\",\"urlTemplate\":\"https:\/\/www.diocesitn.it\/area-testimonianza\/?s={search_term_string}\"},\"query-input\":\"required name=search_term_string\"}],\"inLanguage\":\"it-IT\"},{\"@type\":[\"Organization\",\"Place\"],\"@id\":\"https:\/\/www.diocesitn.it\/area-testimonianza\/#organization\",\"name\":\"Area Testimonianza e Impegno Sociale - Chiesa di Trento\",\"url\":\"https:\/\/www.diocesitn.it\/area-testimonianza\/\",\"logo\":{\"@id\":\"https:\/\/www.diocesitn.it\/area-testimonianza\/2023\/05\/02\/turchia-terra-di-passaggio-mezzo-terra-di-passaggio-sospesa-tra-europa-e-asia-pellegrinaggio-della-diocesi-di-trento-a-ottobre-2023-aperte-iscrizioni\/#local-main-organization-logo\"},\"image\":{\"@id\":\"https:\/\/www.diocesitn.it\/area-testimonianza\/2023\/05\/02\/turchia-terra-di-passaggio-mezzo-terra-di-passaggio-sospesa-tra-europa-e-asia-pellegrinaggio-della-diocesi-di-trento-a-ottobre-2023-aperte-iscrizioni\/#local-main-organization-logo\"},\"openingHoursSpecification\":[{\"@type\":\"OpeningHoursSpecification\",\"dayOfWeek\":[\"Monday\",\"Tuesday\",\"Wednesday\",\"Thursday\",\"Friday\",\"Saturday\",\"Sunday\"],\"opens\":\"09:00\",\"closes\":\"17:00\"}]},{\"@type\":\"ImageObject\",\"inLanguage\":\"it-IT\",\"@id\":\"https:\/\/www.diocesitn.it\/area-testimonianza\/2023\/05\/02\/turchia-terra-di-passaggio-mezzo-terra-di-passaggio-sospesa-tra-europa-e-asia-pellegrinaggio-della-diocesi-di-trento-a-ottobre-2023-aperte-iscrizioni\/#local-main-organization-logo\",\"url\":\"https:\/\/www.diocesitn.it\/area-testimonianza\/wp-content\/uploads\/sites\/37\/2021\/09\/og-logo-testimonianza-e-impegno-sociale.jpg\",\"contentUrl\":\"https:\/\/www.diocesitn.it\/area-testimonianza\/wp-content\/uploads\/sites\/37\/2021\/09\/og-logo-testimonianza-e-impegno-sociale.jpg\",\"width\":1200,\"height\":630,\"caption\":\"Area Testimonianza e Impegno Sociale - Chiesa di Trento\"}]}<\/script>\n<!-- \/ Yoast SEO Premium plugin. -->","yoast_head_json":{"title":"Turchia: terra di mezzo, terra di passaggio, sospesa tra Europa e Asia. Pellegrinaggio della Diocesi di Trento a ottobre 2023. Aperte iscrizioni - Testimonianza e Impegno sociale","robots":{"index":"index","follow":"follow","max-snippet":"max-snippet:-1","max-image-preview":"max-image-preview:large","max-video-preview":"max-video-preview:-1"},"canonical":"https:\/\/www.diocesitn.it\/area-testimonianza\/2023\/05\/02\/turchia-terra-di-passaggio-mezzo-terra-di-passaggio-sospesa-tra-europa-e-asia-pellegrinaggio-della-diocesi-di-trento-a-ottobre-2023-aperte-iscrizioni\/","og_locale":"it_IT","og_type":"article","og_title":"Turchia: terra di mezzo, terra di passaggio, sospesa tra Europa e Asia. Pellegrinaggio della Diocesi di Trento a ottobre 2023. Aperte iscrizioni","og_description":"Non solo Terra Santa (doppia possibilit\u00e0: formula pi\u00f9 &#8220;innovativa&#8221; e itinerario classico) e Lourdes tra i pellegrinaggi della Diocesi di Trento nel 2023. Sono aperte infatti le iscrizioni anche al pellegrinaggio in Turchia dal 10","og_url":"https:\/\/www.diocesitn.it\/area-testimonianza\/2023\/05\/02\/turchia-terra-di-passaggio-mezzo-terra-di-passaggio-sospesa-tra-europa-e-asia-pellegrinaggio-della-diocesi-di-trento-a-ottobre-2023-aperte-iscrizioni\/","og_site_name":"Testimonianza e Impegno sociale","article_published_time":"2023-05-02T14:39:01+00:00","article_modified_time":"2023-06-05T07:43:40+00:00","og_image":[{"width":900,"height":600,"url":"https:\/\/www.diocesitn.it\/area-testimonianza\/wp-content\/uploads\/sites\/37\/2023\/06\/cappadocia-in-turchia_web.jpg","type":"image\/jpeg"}],"author":"Piergiorgio Franceschini","twitter_card":"summary_large_image","twitter_misc":{"Scritto da":"Piergiorgio Franceschini","Tempo di lettura stimato":"6 minuti"},"schema":{"@context":"https:\/\/schema.org","@graph":[{"@type":"Article","@id":"https:\/\/www.diocesitn.it\/area-testimonianza\/2023\/05\/02\/turchia-terra-di-passaggio-mezzo-terra-di-passaggio-sospesa-tra-europa-e-asia-pellegrinaggio-della-diocesi-di-trento-a-ottobre-2023-aperte-iscrizioni\/#article","isPartOf":{"@id":"https:\/\/www.diocesitn.it\/area-testimonianza\/2023\/05\/02\/turchia-terra-di-passaggio-mezzo-terra-di-passaggio-sospesa-tra-europa-e-asia-pellegrinaggio-della-diocesi-di-trento-a-ottobre-2023-aperte-iscrizioni\/"},"author":{"name":"Piergiorgio Franceschini","@id":"https:\/\/www.diocesitn.it\/area-testimonianza\/#\/schema\/person\/99590c84577873a025247b6aeb16ad2e"},"headline":"Turchia: terra di mezzo, terra di passaggio, sospesa tra Europa e Asia. Pellegrinaggio della Diocesi di Trento a ottobre 2023. Aperte iscrizioni","datePublished":"2023-05-02T14:39:01+00:00","dateModified":"2023-06-05T07:43:40+00:00","mainEntityOfPage":{"@id":"https:\/\/www.diocesitn.it\/area-testimonianza\/2023\/05\/02\/turchia-terra-di-passaggio-mezzo-terra-di-passaggio-sospesa-tra-europa-e-asia-pellegrinaggio-della-diocesi-di-trento-a-ottobre-2023-aperte-iscrizioni\/"},"wordCount":1036,"publisher":{"@id":"https:\/\/www.diocesitn.it\/area-testimonianza\/#organization"},"image":{"@id":"https:\/\/www.diocesitn.it\/area-testimonianza\/2023\/05\/02\/turchia-terra-di-passaggio-mezzo-terra-di-passaggio-sospesa-tra-europa-e-asia-pellegrinaggio-della-diocesi-di-trento-a-ottobre-2023-aperte-iscrizioni\/#primaryimage"},"thumbnailUrl":"https:\/\/www.diocesitn.it\/area-testimonianza\/wp-content\/uploads\/sites\/37\/2023\/06\/cappadocia-in-turchia_web.jpg","articleSection":["Notizie","Salute Pellegrinaggi Anziani"],"inLanguage":"it-IT","copyrightYear":"2023","copyrightHolder":{"@id":"https:\/\/www.diocesitn.it\/#organization"}},{"@type":"WebPage","@id":"https:\/\/www.diocesitn.it\/area-testimonianza\/2023\/05\/02\/turchia-terra-di-passaggio-mezzo-terra-di-passaggio-sospesa-tra-europa-e-asia-pellegrinaggio-della-diocesi-di-trento-a-ottobre-2023-aperte-iscrizioni\/","url":"https:\/\/www.diocesitn.it\/area-testimonianza\/2023\/05\/02\/turchia-terra-di-passaggio-mezzo-terra-di-passaggio-sospesa-tra-europa-e-asia-pellegrinaggio-della-diocesi-di-trento-a-ottobre-2023-aperte-iscrizioni\/","name":"Turchia: terra di mezzo, terra di passaggio, sospesa tra Europa e Asia. Pellegrinaggio della Diocesi di Trento a ottobre 2023. Aperte iscrizioni - Testimonianza e Impegno sociale","isPartOf":{"@id":"https:\/\/www.diocesitn.it\/area-testimonianza\/#website"},"primaryImageOfPage":{"@id":"https:\/\/www.diocesitn.it\/area-testimonianza\/2023\/05\/02\/turchia-terra-di-passaggio-mezzo-terra-di-passaggio-sospesa-tra-europa-e-asia-pellegrinaggio-della-diocesi-di-trento-a-ottobre-2023-aperte-iscrizioni\/#primaryimage"},"image":{"@id":"https:\/\/www.diocesitn.it\/area-testimonianza\/2023\/05\/02\/turchia-terra-di-passaggio-mezzo-terra-di-passaggio-sospesa-tra-europa-e-asia-pellegrinaggio-della-diocesi-di-trento-a-ottobre-2023-aperte-iscrizioni\/#primaryimage"},"thumbnailUrl":"https:\/\/www.diocesitn.it\/area-testimonianza\/wp-content\/uploads\/sites\/37\/2023\/06\/cappadocia-in-turchia_web.jpg","datePublished":"2023-05-02T14:39:01+00:00","dateModified":"2023-06-05T07:43:40+00:00","breadcrumb":{"@id":"https:\/\/www.diocesitn.it\/area-testimonianza\/2023\/05\/02\/turchia-terra-di-passaggio-mezzo-terra-di-passaggio-sospesa-tra-europa-e-asia-pellegrinaggio-della-diocesi-di-trento-a-ottobre-2023-aperte-iscrizioni\/#breadcrumb"},"inLanguage":"it-IT","potentialAction":[{"@type":"ReadAction","target":["https:\/\/www.diocesitn.it\/area-testimonianza\/2023\/05\/02\/turchia-terra-di-passaggio-mezzo-terra-di-passaggio-sospesa-tra-europa-e-asia-pellegrinaggio-della-diocesi-di-trento-a-ottobre-2023-aperte-iscrizioni\/"]}]},{"@type":"ImageObject","inLanguage":"it-IT","@id":"https:\/\/www.diocesitn.it\/area-testimonianza\/2023\/05\/02\/turchia-terra-di-passaggio-mezzo-terra-di-passaggio-sospesa-tra-europa-e-asia-pellegrinaggio-della-diocesi-di-trento-a-ottobre-2023-aperte-iscrizioni\/#primaryimage","url":"https:\/\/www.diocesitn.it\/area-testimonianza\/wp-content\/uploads\/sites\/37\/2023\/06\/cappadocia-in-turchia_web.jpg","contentUrl":"https:\/\/www.diocesitn.it\/area-testimonianza\/wp-content\/uploads\/sites\/37\/2023\/06\/cappadocia-in-turchia_web.jpg","width":900,"height":600},{"@type":"BreadcrumbList","@id":"https:\/\/www.diocesitn.it\/area-testimonianza\/2023\/05\/02\/turchia-terra-di-passaggio-mezzo-terra-di-passaggio-sospesa-tra-europa-e-asia-pellegrinaggio-della-diocesi-di-trento-a-ottobre-2023-aperte-iscrizioni\/#breadcrumb","itemListElement":[{"@type":"ListItem","position":1,"name":"Home","item":"https:\/\/www.diocesitn.it\/area-testimonianza\/"},{"@type":"ListItem","position":2,"name":"Turchia: terra di mezzo, terra di passaggio, sospesa tra Europa e Asia. Pellegrinaggio della Diocesi di Trento a ottobre 2023. Aperte iscrizioni"}]},{"@type":"WebSite","@id":"https:\/\/www.diocesitn.it\/area-testimonianza\/#website","url":"https:\/\/www.diocesitn.it\/area-testimonianza\/","name":"Testimonianza e Impegno sociale","description":"Chiesa di Trento","publisher":{"@id":"https:\/\/www.diocesitn.it\/area-testimonianza\/#organization"},"potentialAction":[{"@type":"SearchAction","target":{"@type":"EntryPoint","urlTemplate":"https:\/\/www.diocesitn.it\/area-testimonianza\/?s={search_term_string}"},"query-input":"required name=search_term_string"}],"inLanguage":"it-IT"},{"@type":["Organization","Place"],"@id":"https:\/\/www.diocesitn.it\/area-testimonianza\/#organization","name":"Area Testimonianza e Impegno Sociale - Chiesa di Trento","url":"https:\/\/www.diocesitn.it\/area-testimonianza\/","logo":{"@id":"https:\/\/www.diocesitn.it\/area-testimonianza\/2023\/05\/02\/turchia-terra-di-passaggio-mezzo-terra-di-passaggio-sospesa-tra-europa-e-asia-pellegrinaggio-della-diocesi-di-trento-a-ottobre-2023-aperte-iscrizioni\/#local-main-organization-logo"},"image":{"@id":"https:\/\/www.diocesitn.it\/area-testimonianza\/2023\/05\/02\/turchia-terra-di-passaggio-mezzo-terra-di-passaggio-sospesa-tra-europa-e-asia-pellegrinaggio-della-diocesi-di-trento-a-ottobre-2023-aperte-iscrizioni\/#local-main-organization-logo"},"openingHoursSpecification":[{"@type":"OpeningHoursSpecification","dayOfWeek":["Monday","Tuesday","Wednesday","Thursday","Friday","Saturday","Sunday"],"opens":"09:00","closes":"17:00"}]},{"@type":"ImageObject","inLanguage":"it-IT","@id":"https:\/\/www.diocesitn.it\/area-testimonianza\/2023\/05\/02\/turchia-terra-di-passaggio-mezzo-terra-di-passaggio-sospesa-tra-europa-e-asia-pellegrinaggio-della-diocesi-di-trento-a-ottobre-2023-aperte-iscrizioni\/#local-main-organization-logo","url":"https:\/\/www.diocesitn.it\/area-testimonianza\/wp-content\/uploads\/sites\/37\/2021\/09\/og-logo-testimonianza-e-impegno-sociale.jpg","contentUrl":"https:\/\/www.diocesitn.it\/area-testimonianza\/wp-content\/uploads\/sites\/37\/2021\/09\/og-logo-testimonianza-e-impegno-sociale.jpg","width":1200,"height":630,"caption":"Area Testimonianza e Impegno Sociale - Chiesa di Trento"}]}},"_links":{"self":[{"href":"https:\/\/www.diocesitn.it\/area-testimonianza\/wp-json\/wp\/v2\/posts\/13060","targetHints":{"allow":["GET"]}}],"collection":[{"href":"https:\/\/www.diocesitn.it\/area-testimonianza\/wp-json\/wp\/v2\/posts"}],"about":[{"href":"https:\/\/www.diocesitn.it\/area-testimonianza\/wp-json\/wp\/v2\/types\/post"}],"author":[{"embeddable":true,"href":"https:\/\/www.diocesitn.it\/area-testimonianza\/wp-json\/wp\/v2\/users\/3"}],"replies":[{"embeddable":true,"href":"https:\/\/www.diocesitn.it\/area-testimonianza\/wp-json\/wp\/v2\/comments?post=13060"}],"version-history":[{"count":1,"href":"https:\/\/www.diocesitn.it\/area-testimonianza\/wp-json\/wp\/v2\/posts\/13060\/revisions"}],"predecessor-version":[{"id":13075,"href":"https:\/\/www.diocesitn.it\/area-testimonianza\/wp-json\/wp\/v2\/posts\/13060\/revisions\/13075"}],"wp:featuredmedia":[{"embeddable":true,"href":"https:\/\/www.diocesitn.it\/area-testimonianza\/wp-json\/wp\/v2\/media\/13061"}],"wp:attachment":[{"href":"https:\/\/www.diocesitn.it\/area-testimonianza\/wp-json\/wp\/v2\/media?parent=13060"}],"wp:term":[{"taxonomy":"category","embeddable":true,"href":"https:\/\/www.diocesitn.it\/area-testimonianza\/wp-json\/wp\/v2\/categories?post=13060"},{"taxonomy":"post_tag","embeddable":true,"href":"https:\/\/www.diocesitn.it\/area-testimonianza\/wp-json\/wp\/v2\/tags?post=13060"}],"curies":[{"name":"wp","href":"https:\/\/api.w.org\/{rel}","templated":true}]}}