{"id":12773,"date":"2023-04-20T10:59:34","date_gmt":"2023-04-20T08:59:34","guid":{"rendered":"https:\/\/www.diocesitn.it\/area-testimonianza\/?p=12773"},"modified":"2023-04-20T10:59:34","modified_gmt":"2023-04-20T08:59:34","slug":"religioni-in-dialogo","status":"publish","type":"post","link":"https:\/\/www.diocesitn.it\/area-testimonianza\/2023\/04\/20\/religioni-in-dialogo\/","title":{"rendered":"Religioni in dialogo. Messaggio dell&#8217;arcivescovo Lauro alle comunit\u00e0 islamiche per la fine del Ramadan"},"content":{"rendered":"<p>A conclusione del mese di <strong>Ramadan <\/strong>(con il tramonto di gioved\u00ec 20 aprile), il periodo pi\u00f9 importante dell\u2019anno per la fede musulmana, l&#8217;arcivescovo Lauro rivolge un messaggio le Comunit\u00e0 Islamiche presenti sul territorio trentino.\u00a0&#8220;L\u2019umanit\u00e0 &#8211; scrive monsignor Tisi &#8211; ha un grande bisogno di gente di fede: uomini e donne che sappiano guardare alla storia con un occhio di vera giustizia, si impegnino a costruire una pace autentica, spendano tutte le energie possibili perch\u00e9 il mondo sia custodito e ogni creatura sia rispettata e valorizzata&#8221;.<\/p>\n<p>&#8220;Con umilt\u00e0, ma anche con caparbiet\u00e0, continuo a sognare &#8211; aggiunge don Lauro &#8211; un mondo in cui i credenti si prendano per mano e collaborino convintamente a portare raggi di luce l\u00ec dove vivono e lavorano. Per questo sono contento di arrivare a Voi con questo mio saluto tanto semplice quanto sincero, per chiederVi la possibilit\u00e0 di mettere insieme le nostre forze, le nostre idee, la nostra buona volont\u00e0 nel porre segni di vita nuova anche nel nostro territorio trentino.<\/p>\n<p>Monsignor Tisi cita un passo delle Sacre Scritture e in particolare del Profeta Isaia, caro anche alla Tradizione islamica: \u00abCome la pioggia e la neve scendono dal cielo e non vi ritornano senza avere irrigato la terra, senza averla fecondata e fatta germogliare, perch\u00e9 dia il seme a chi semina e il pane a chi mangia, cos\u00ec sar\u00e0 della mia Parola uscita dalla mia bocca: non ritorner\u00e0 a me senza effetto, senza aver operato ci\u00f2 che desidero, senza aver compiuto ci\u00f2 per cui l\u2019ho mandata\u00bb.<\/p>\n<p>&#8220;Trovo molto significativa questa Parola, soprattutto &#8211; commenta l&#8217;Arcivescovo di Trento &#8211; in questi mesi nei quali abbiamo toccato con mano cosa significhi la siccit\u00e0. Mi sembra che il Signore stia chiamando tutti noi a credere fermamente nella forza della Sua Parola di pace e di giustizia e testimoniarla insieme con gioia e con speranza alla gente che incontriamo.\u00a0Carissime, carissimi, voglia il Signore sostenere sempre i nostri passi di dialogo e di collaborazione. Solo cos\u00ec potremo dare al mondo di oggi una testimonianza credibile di fede.\u00a0Buona conclusione di Ramadan, buona continuazione di cammino e grazie per la Vostra testimonianza!&#8221;<\/p>\n<p>In occasione della fine del mese di <strong>Ramadan<\/strong>, l\u2019arcivescovo Lauro ha fatto visita nei giorni scorsi al <strong>Centro culturale islamico di Gardolo<\/strong> (foto) e nella serata di gioved\u00ec 20 aprile la sede della <strong>comunit\u00e0 islamica di Pergine<\/strong>.<\/p>\n","protected":false},"excerpt":{"rendered":"<p>A conclusione del mese di Ramadan (con il tramonto di gioved\u00ec 20 aprile), il periodo pi\u00f9 importante dell\u2019anno per la fede musulmana, l&#8217;arcivescovo Lauro rivolge un messaggio le Comunit\u00e0 Islamiche presenti sul territorio trentino.\u00a0&#8220;L\u2019umanit\u00e0 &#8211;<\/p>\n","protected":false},"author":161,"featured_media":12774,"comment_status":"closed","ping_status":"closed","sticky":false,"template":"","format":"standard","meta":{"footnotes":""},"categories":[1130,1074],"tags":[1626,2071,2072],"class_list":["post-12773","post","type-post","status-publish","format-standard","has-post-thumbnail","hentry","category-servizio-ecumenismo-e-dialogo","category-notizie","tag-messaggio","tag-ramadan","tag-vescovo"],"acf":{"seed-localization-paese-cod":"IT","seed-localization-address":"","seed-localization-citta":"Trento","seed-localization-regione-cod-istat":"04","seed-localization-citta-cod-istat":"022205","seed-localization-localita":"","seed-localization-cap":"","seed-localization-marker-visibility":false,"seed-localization-children-visibility":false,"seed-localization-kml":"","seed-localization-custom-marker":""},"yoast_head":"<!-- This site is optimized with the Yoast SEO Premium plugin v20.2.1 (Yoast SEO v22.2) - https:\/\/yoast.com\/wordpress\/plugins\/seo\/ -->\n<title>Religioni in dialogo. Messaggio dell&#039;arcivescovo Lauro alle comunit\u00e0 islamiche per la fine del Ramadan<\/title>\n<meta name=\"description\" content=\"Messaggio dell&#039;arcivescovo Lauro alle comunit\u00e0 islamiche per la fine del Ramadan\" \/>\n<meta name=\"robots\" content=\"index, follow, max-snippet:-1, max-image-preview:large, max-video-preview:-1\" \/>\n<link rel=\"canonical\" href=\"https:\/\/www.diocesitn.it\/area-testimonianza\/2023\/04\/20\/religioni-in-dialogo\/\" \/>\n<meta property=\"og:locale\" content=\"it_IT\" \/>\n<meta property=\"og:type\" content=\"article\" \/>\n<meta property=\"og:title\" content=\"Religioni in dialogo. Messaggio dell&#039;arcivescovo Lauro alle comunit\u00e0 islamiche per la fine del Ramadan\" \/>\n<meta property=\"og:description\" content=\"Messaggio dell&#039;arcivescovo Lauro alle comunit\u00e0 islamiche per la fine del Ramadan\" \/>\n<meta property=\"og:url\" content=\"https:\/\/www.diocesitn.it\/area-testimonianza\/2023\/04\/20\/religioni-in-dialogo\/\" \/>\n<meta property=\"og:site_name\" content=\"Testimonianza e Impegno sociale\" \/>\n<meta property=\"article:published_time\" content=\"2023-04-20T08:59:34+00:00\" \/>\n<meta property=\"og:image\" content=\"https:\/\/www.diocesitn.it\/area-testimonianza\/wp-content\/uploads\/sites\/37\/2023\/04\/vescovo_islam_aprile2023_2.jpg\" \/>\n\t<meta property=\"og:image:width\" content=\"1423\" \/>\n\t<meta property=\"og:image:height\" content=\"640\" \/>\n\t<meta property=\"og:image:type\" content=\"image\/jpeg\" \/>\n<meta name=\"author\" content=\"smaule\" \/>\n<meta name=\"twitter:card\" content=\"summary_large_image\" \/>\n<meta name=\"twitter:label1\" content=\"Scritto da\" \/>\n\t<meta name=\"twitter:data1\" content=\"smaule\" \/>\n\t<meta name=\"twitter:label2\" content=\"Tempo di lettura stimato\" \/>\n\t<meta name=\"twitter:data2\" content=\"3 minuti\" \/>\n<script type=\"application\/ld+json\" class=\"yoast-schema-graph\">{\"@context\":\"https:\/\/schema.org\",\"@graph\":[{\"@type\":\"Article\",\"@id\":\"https:\/\/www.diocesitn.it\/area-testimonianza\/2023\/04\/20\/religioni-in-dialogo\/#article\",\"isPartOf\":{\"@id\":\"https:\/\/www.diocesitn.it\/area-testimonianza\/2023\/04\/20\/religioni-in-dialogo\/\"},\"author\":{\"name\":\"smaule\",\"@id\":\"https:\/\/www.diocesitn.it\/area-testimonianza\/#\/schema\/person\/bac489aafb7f98c1ca25f76c27174a95\"},\"headline\":\"Religioni in dialogo. Messaggio dell&#8217;arcivescovo Lauro alle comunit\u00e0 islamiche per la fine del Ramadan\",\"datePublished\":\"2023-04-20T08:59:34+00:00\",\"dateModified\":\"2023-04-20T08:59:34+00:00\",\"mainEntityOfPage\":{\"@id\":\"https:\/\/www.diocesitn.it\/area-testimonianza\/2023\/04\/20\/religioni-in-dialogo\/\"},\"wordCount\":406,\"publisher\":{\"@id\":\"https:\/\/www.diocesitn.it\/area-testimonianza\/#organization\"},\"image\":{\"@id\":\"https:\/\/www.diocesitn.it\/area-testimonianza\/2023\/04\/20\/religioni-in-dialogo\/#primaryimage\"},\"thumbnailUrl\":\"https:\/\/www.diocesitn.it\/area-testimonianza\/wp-content\/uploads\/sites\/37\/2023\/04\/vescovo_islam_aprile2023_2.jpg\",\"keywords\":[\"messaggio\",\"ramadan\",\"vescovo\"],\"articleSection\":[\"Ecumenismo e Dialogo interreligioso\",\"Notizie\"],\"inLanguage\":\"it-IT\",\"copyrightYear\":\"2023\",\"copyrightHolder\":{\"@id\":\"https:\/\/www.diocesitn.it\/#organization\"}},{\"@type\":\"WebPage\",\"@id\":\"https:\/\/www.diocesitn.it\/area-testimonianza\/2023\/04\/20\/religioni-in-dialogo\/\",\"url\":\"https:\/\/www.diocesitn.it\/area-testimonianza\/2023\/04\/20\/religioni-in-dialogo\/\",\"name\":\"Religioni in dialogo. Messaggio dell'arcivescovo Lauro alle comunit\u00e0 islamiche per la fine del Ramadan\",\"isPartOf\":{\"@id\":\"https:\/\/www.diocesitn.it\/area-testimonianza\/#website\"},\"primaryImageOfPage\":{\"@id\":\"https:\/\/www.diocesitn.it\/area-testimonianza\/2023\/04\/20\/religioni-in-dialogo\/#primaryimage\"},\"image\":{\"@id\":\"https:\/\/www.diocesitn.it\/area-testimonianza\/2023\/04\/20\/religioni-in-dialogo\/#primaryimage\"},\"thumbnailUrl\":\"https:\/\/www.diocesitn.it\/area-testimonianza\/wp-content\/uploads\/sites\/37\/2023\/04\/vescovo_islam_aprile2023_2.jpg\",\"datePublished\":\"2023-04-20T08:59:34+00:00\",\"dateModified\":\"2023-04-20T08:59:34+00:00\",\"description\":\"Messaggio dell'arcivescovo Lauro alle comunit\u00e0 islamiche per la fine del Ramadan\",\"breadcrumb\":{\"@id\":\"https:\/\/www.diocesitn.it\/area-testimonianza\/2023\/04\/20\/religioni-in-dialogo\/#breadcrumb\"},\"inLanguage\":\"it-IT\",\"potentialAction\":[{\"@type\":\"ReadAction\",\"target\":[\"https:\/\/www.diocesitn.it\/area-testimonianza\/2023\/04\/20\/religioni-in-dialogo\/\"]}]},{\"@type\":\"ImageObject\",\"inLanguage\":\"it-IT\",\"@id\":\"https:\/\/www.diocesitn.it\/area-testimonianza\/2023\/04\/20\/religioni-in-dialogo\/#primaryimage\",\"url\":\"https:\/\/www.diocesitn.it\/area-testimonianza\/wp-content\/uploads\/sites\/37\/2023\/04\/vescovo_islam_aprile2023_2.jpg\",\"contentUrl\":\"https:\/\/www.diocesitn.it\/area-testimonianza\/wp-content\/uploads\/sites\/37\/2023\/04\/vescovo_islam_aprile2023_2.jpg\",\"width\":1423,\"height\":640},{\"@type\":\"BreadcrumbList\",\"@id\":\"https:\/\/www.diocesitn.it\/area-testimonianza\/2023\/04\/20\/religioni-in-dialogo\/#breadcrumb\",\"itemListElement\":[{\"@type\":\"ListItem\",\"position\":1,\"name\":\"Home\",\"item\":\"https:\/\/www.diocesitn.it\/area-testimonianza\/\"},{\"@type\":\"ListItem\",\"position\":2,\"name\":\"Religioni in dialogo. Messaggio dell&#8217;arcivescovo Lauro alle comunit\u00e0 islamiche per la fine del Ramadan\"}]},{\"@type\":\"WebSite\",\"@id\":\"https:\/\/www.diocesitn.it\/area-testimonianza\/#website\",\"url\":\"https:\/\/www.diocesitn.it\/area-testimonianza\/\",\"name\":\"Testimonianza e Impegno sociale\",\"description\":\"Chiesa di Trento\",\"publisher\":{\"@id\":\"https:\/\/www.diocesitn.it\/area-testimonianza\/#organization\"},\"potentialAction\":[{\"@type\":\"SearchAction\",\"target\":{\"@type\":\"EntryPoint\",\"urlTemplate\":\"https:\/\/www.diocesitn.it\/area-testimonianza\/?s={search_term_string}\"},\"query-input\":\"required name=search_term_string\"}],\"inLanguage\":\"it-IT\"},{\"@type\":[\"Organization\",\"Place\"],\"@id\":\"https:\/\/www.diocesitn.it\/area-testimonianza\/#organization\",\"name\":\"Area Testimonianza e Impegno Sociale - Chiesa di Trento\",\"url\":\"https:\/\/www.diocesitn.it\/area-testimonianza\/\",\"logo\":{\"@id\":\"https:\/\/www.diocesitn.it\/area-testimonianza\/2023\/04\/20\/religioni-in-dialogo\/#local-main-organization-logo\"},\"image\":{\"@id\":\"https:\/\/www.diocesitn.it\/area-testimonianza\/2023\/04\/20\/religioni-in-dialogo\/#local-main-organization-logo\"},\"openingHoursSpecification\":[{\"@type\":\"OpeningHoursSpecification\",\"dayOfWeek\":[\"Monday\",\"Tuesday\",\"Wednesday\",\"Thursday\",\"Friday\",\"Saturday\",\"Sunday\"],\"opens\":\"09:00\",\"closes\":\"17:00\"}]},{\"@type\":\"ImageObject\",\"inLanguage\":\"it-IT\",\"@id\":\"https:\/\/www.diocesitn.it\/area-testimonianza\/2023\/04\/20\/religioni-in-dialogo\/#local-main-organization-logo\",\"url\":\"https:\/\/www.diocesitn.it\/area-testimonianza\/wp-content\/uploads\/sites\/37\/2021\/09\/og-logo-testimonianza-e-impegno-sociale.jpg\",\"contentUrl\":\"https:\/\/www.diocesitn.it\/area-testimonianza\/wp-content\/uploads\/sites\/37\/2021\/09\/og-logo-testimonianza-e-impegno-sociale.jpg\",\"width\":1200,\"height\":630,\"caption\":\"Area Testimonianza e Impegno Sociale - Chiesa di Trento\"}]}<\/script>\n<!-- \/ Yoast SEO Premium plugin. -->","yoast_head_json":{"title":"Religioni in dialogo. Messaggio dell'arcivescovo Lauro alle comunit\u00e0 islamiche per la fine del Ramadan","description":"Messaggio dell'arcivescovo Lauro alle comunit\u00e0 islamiche per la fine del Ramadan","robots":{"index":"index","follow":"follow","max-snippet":"max-snippet:-1","max-image-preview":"max-image-preview:large","max-video-preview":"max-video-preview:-1"},"canonical":"https:\/\/www.diocesitn.it\/area-testimonianza\/2023\/04\/20\/religioni-in-dialogo\/","og_locale":"it_IT","og_type":"article","og_title":"Religioni in dialogo. Messaggio dell'arcivescovo Lauro alle comunit\u00e0 islamiche per la fine del Ramadan","og_description":"Messaggio dell'arcivescovo Lauro alle comunit\u00e0 islamiche per la fine del Ramadan","og_url":"https:\/\/www.diocesitn.it\/area-testimonianza\/2023\/04\/20\/religioni-in-dialogo\/","og_site_name":"Testimonianza e Impegno sociale","article_published_time":"2023-04-20T08:59:34+00:00","og_image":[{"width":1423,"height":640,"url":"https:\/\/www.diocesitn.it\/area-testimonianza\/wp-content\/uploads\/sites\/37\/2023\/04\/vescovo_islam_aprile2023_2.jpg","type":"image\/jpeg"}],"author":"smaule","twitter_card":"summary_large_image","twitter_misc":{"Scritto da":"smaule","Tempo di lettura stimato":"3 minuti"},"schema":{"@context":"https:\/\/schema.org","@graph":[{"@type":"Article","@id":"https:\/\/www.diocesitn.it\/area-testimonianza\/2023\/04\/20\/religioni-in-dialogo\/#article","isPartOf":{"@id":"https:\/\/www.diocesitn.it\/area-testimonianza\/2023\/04\/20\/religioni-in-dialogo\/"},"author":{"name":"smaule","@id":"https:\/\/www.diocesitn.it\/area-testimonianza\/#\/schema\/person\/bac489aafb7f98c1ca25f76c27174a95"},"headline":"Religioni in dialogo. Messaggio dell&#8217;arcivescovo Lauro alle comunit\u00e0 islamiche per la fine del Ramadan","datePublished":"2023-04-20T08:59:34+00:00","dateModified":"2023-04-20T08:59:34+00:00","mainEntityOfPage":{"@id":"https:\/\/www.diocesitn.it\/area-testimonianza\/2023\/04\/20\/religioni-in-dialogo\/"},"wordCount":406,"publisher":{"@id":"https:\/\/www.diocesitn.it\/area-testimonianza\/#organization"},"image":{"@id":"https:\/\/www.diocesitn.it\/area-testimonianza\/2023\/04\/20\/religioni-in-dialogo\/#primaryimage"},"thumbnailUrl":"https:\/\/www.diocesitn.it\/area-testimonianza\/wp-content\/uploads\/sites\/37\/2023\/04\/vescovo_islam_aprile2023_2.jpg","keywords":["messaggio","ramadan","vescovo"],"articleSection":["Ecumenismo e Dialogo interreligioso","Notizie"],"inLanguage":"it-IT","copyrightYear":"2023","copyrightHolder":{"@id":"https:\/\/www.diocesitn.it\/#organization"}},{"@type":"WebPage","@id":"https:\/\/www.diocesitn.it\/area-testimonianza\/2023\/04\/20\/religioni-in-dialogo\/","url":"https:\/\/www.diocesitn.it\/area-testimonianza\/2023\/04\/20\/religioni-in-dialogo\/","name":"Religioni in dialogo. Messaggio dell'arcivescovo Lauro alle comunit\u00e0 islamiche per la fine del Ramadan","isPartOf":{"@id":"https:\/\/www.diocesitn.it\/area-testimonianza\/#website"},"primaryImageOfPage":{"@id":"https:\/\/www.diocesitn.it\/area-testimonianza\/2023\/04\/20\/religioni-in-dialogo\/#primaryimage"},"image":{"@id":"https:\/\/www.diocesitn.it\/area-testimonianza\/2023\/04\/20\/religioni-in-dialogo\/#primaryimage"},"thumbnailUrl":"https:\/\/www.diocesitn.it\/area-testimonianza\/wp-content\/uploads\/sites\/37\/2023\/04\/vescovo_islam_aprile2023_2.jpg","datePublished":"2023-04-20T08:59:34+00:00","dateModified":"2023-04-20T08:59:34+00:00","description":"Messaggio dell'arcivescovo Lauro alle comunit\u00e0 islamiche per la fine del Ramadan","breadcrumb":{"@id":"https:\/\/www.diocesitn.it\/area-testimonianza\/2023\/04\/20\/religioni-in-dialogo\/#breadcrumb"},"inLanguage":"it-IT","potentialAction":[{"@type":"ReadAction","target":["https:\/\/www.diocesitn.it\/area-testimonianza\/2023\/04\/20\/religioni-in-dialogo\/"]}]},{"@type":"ImageObject","inLanguage":"it-IT","@id":"https:\/\/www.diocesitn.it\/area-testimonianza\/2023\/04\/20\/religioni-in-dialogo\/#primaryimage","url":"https:\/\/www.diocesitn.it\/area-testimonianza\/wp-content\/uploads\/sites\/37\/2023\/04\/vescovo_islam_aprile2023_2.jpg","contentUrl":"https:\/\/www.diocesitn.it\/area-testimonianza\/wp-content\/uploads\/sites\/37\/2023\/04\/vescovo_islam_aprile2023_2.jpg","width":1423,"height":640},{"@type":"BreadcrumbList","@id":"https:\/\/www.diocesitn.it\/area-testimonianza\/2023\/04\/20\/religioni-in-dialogo\/#breadcrumb","itemListElement":[{"@type":"ListItem","position":1,"name":"Home","item":"https:\/\/www.diocesitn.it\/area-testimonianza\/"},{"@type":"ListItem","position":2,"name":"Religioni in dialogo. Messaggio dell&#8217;arcivescovo Lauro alle comunit\u00e0 islamiche per la fine del Ramadan"}]},{"@type":"WebSite","@id":"https:\/\/www.diocesitn.it\/area-testimonianza\/#website","url":"https:\/\/www.diocesitn.it\/area-testimonianza\/","name":"Testimonianza e Impegno sociale","description":"Chiesa di Trento","publisher":{"@id":"https:\/\/www.diocesitn.it\/area-testimonianza\/#organization"},"potentialAction":[{"@type":"SearchAction","target":{"@type":"EntryPoint","urlTemplate":"https:\/\/www.diocesitn.it\/area-testimonianza\/?s={search_term_string}"},"query-input":"required name=search_term_string"}],"inLanguage":"it-IT"},{"@type":["Organization","Place"],"@id":"https:\/\/www.diocesitn.it\/area-testimonianza\/#organization","name":"Area Testimonianza e Impegno Sociale - Chiesa di Trento","url":"https:\/\/www.diocesitn.it\/area-testimonianza\/","logo":{"@id":"https:\/\/www.diocesitn.it\/area-testimonianza\/2023\/04\/20\/religioni-in-dialogo\/#local-main-organization-logo"},"image":{"@id":"https:\/\/www.diocesitn.it\/area-testimonianza\/2023\/04\/20\/religioni-in-dialogo\/#local-main-organization-logo"},"openingHoursSpecification":[{"@type":"OpeningHoursSpecification","dayOfWeek":["Monday","Tuesday","Wednesday","Thursday","Friday","Saturday","Sunday"],"opens":"09:00","closes":"17:00"}]},{"@type":"ImageObject","inLanguage":"it-IT","@id":"https:\/\/www.diocesitn.it\/area-testimonianza\/2023\/04\/20\/religioni-in-dialogo\/#local-main-organization-logo","url":"https:\/\/www.diocesitn.it\/area-testimonianza\/wp-content\/uploads\/sites\/37\/2021\/09\/og-logo-testimonianza-e-impegno-sociale.jpg","contentUrl":"https:\/\/www.diocesitn.it\/area-testimonianza\/wp-content\/uploads\/sites\/37\/2021\/09\/og-logo-testimonianza-e-impegno-sociale.jpg","width":1200,"height":630,"caption":"Area Testimonianza e Impegno Sociale - Chiesa di Trento"}]}},"_links":{"self":[{"href":"https:\/\/www.diocesitn.it\/area-testimonianza\/wp-json\/wp\/v2\/posts\/12773","targetHints":{"allow":["GET"]}}],"collection":[{"href":"https:\/\/www.diocesitn.it\/area-testimonianza\/wp-json\/wp\/v2\/posts"}],"about":[{"href":"https:\/\/www.diocesitn.it\/area-testimonianza\/wp-json\/wp\/v2\/types\/post"}],"author":[{"embeddable":true,"href":"https:\/\/www.diocesitn.it\/area-testimonianza\/wp-json\/wp\/v2\/users\/161"}],"replies":[{"embeddable":true,"href":"https:\/\/www.diocesitn.it\/area-testimonianza\/wp-json\/wp\/v2\/comments?post=12773"}],"version-history":[{"count":1,"href":"https:\/\/www.diocesitn.it\/area-testimonianza\/wp-json\/wp\/v2\/posts\/12773\/revisions"}],"predecessor-version":[{"id":12775,"href":"https:\/\/www.diocesitn.it\/area-testimonianza\/wp-json\/wp\/v2\/posts\/12773\/revisions\/12775"}],"wp:featuredmedia":[{"embeddable":true,"href":"https:\/\/www.diocesitn.it\/area-testimonianza\/wp-json\/wp\/v2\/media\/12774"}],"wp:attachment":[{"href":"https:\/\/www.diocesitn.it\/area-testimonianza\/wp-json\/wp\/v2\/media?parent=12773"}],"wp:term":[{"taxonomy":"category","embeddable":true,"href":"https:\/\/www.diocesitn.it\/area-testimonianza\/wp-json\/wp\/v2\/categories?post=12773"},{"taxonomy":"post_tag","embeddable":true,"href":"https:\/\/www.diocesitn.it\/area-testimonianza\/wp-json\/wp\/v2\/tags?post=12773"}],"curies":[{"name":"wp","href":"https:\/\/api.w.org\/{rel}","templated":true}]}}