{"id":12769,"date":"2023-04-13T10:49:12","date_gmt":"2023-04-13T08:49:12","guid":{"rendered":"https:\/\/www.diocesitn.it\/area-testimonianza\/2023\/04\/13\/pasqua-ortodossa-16-aprile-gli-auguri-del-vescovo-lauro-tra-troppi-segni-di-morte-chiamati-ad-essere-testimoni-di-risurrezione\/"},"modified":"2023-04-19T15:33:56","modified_gmt":"2023-04-19T13:33:56","slug":"pasqua-ortodossa-16-aprile-gli-auguri-del-vescovo-lauro-tra-troppi-segni-di-morte-chiamati-ad-essere-testimoni-di-risurrezione","status":"publish","type":"post","link":"https:\/\/www.diocesitn.it\/area-testimonianza\/2023\/04\/13\/pasqua-ortodossa-16-aprile-gli-auguri-del-vescovo-lauro-tra-troppi-segni-di-morte-chiamati-ad-essere-testimoni-di-risurrezione\/","title":{"rendered":"Pasqua ortodossa (16 aprile), gli auguri del vescovo Lauro: &#8220;Tra troppi segni di morte, chiamati ad essere testimoni di risurrezione&#8221;"},"content":{"rendered":"<p>Si celebra <strong>domenica 16 aprile <\/strong>la <strong>Pasqua ortodossa<\/strong>. Anche quest&#8217;anno l&#8217;<strong>arcivescovo Lauro Tisi<\/strong> ha inviato un messaggio pasquale a tutte le Chiese Ortodosse presenti in Trentino.\u00a0Ecco il testo integrale:<\/p>\n<p>&#8220;Carissimi fratelli, carissime sorelle, carissimi padri e diaconi appartenenti alle Chiese Ortodosse presenti sul nostro territorio trentino,\u00a0\u00e8 con il cuore pieno di gioia e di riconoscenza che desidero far arrivare <strong>a ciascuna e ciascuno di Voi il mio augurio<\/strong> per la Grande Solennit\u00e0 della <strong>Pasqua di Risurrezione<\/strong>.<\/p>\n<p>Desidero affidare al Signore insieme a Voi una preghiera accorata, perch\u00e9 <strong>sia una Pasqua davvero di risurrezione<\/strong>. <strong>Troppi<\/strong> sono i <strong>segni di morte<\/strong> che accompagnano la storia dell\u2019umanit\u00e0; se \u00e8 normale pensarci come creature segnate dalla fragilit\u00e0 e dal peccato, \u00e8 anche vero che a volte l\u2019impressione \u00e8 che quasi <strong>ci siamo abituati ai segni di rancore, di ingiustizia, di violenza spesso cieca<\/strong> che riempiono i nostri giorni.<\/p>\n<p>Come credenti, <strong>condividiamo la comune chiamata ad essere gente di risurrezione<\/strong>, uomini e donne che si ostinano a <strong>vedere segni di bene<\/strong>, a <strong>porre gesti di vita<\/strong>, a <strong>pronunciare parole di pace<\/strong>, a <strong>coltivare sogni di giustizia<\/strong>. Credo che in questo tempo, ancora pi\u00f9 che in passato, il <strong>Signore risorto ci chieda proprio questa testimonianza<\/strong>: essere gente che <strong>non solo celebra la sua risurrezione, ma la vive in prima persona<\/strong>, la traduce e la racconta in tutte le situazioni della nostra esistenza.<\/p>\n<p>Sorelle e fratelli carissimi, che sia una Pasqua di vita nuova, allora, quella che, al di l\u00e0 dei diversi calendari, condividiamo nella stessa fede e nella stessa speranza. E mentre Vi ringrazio molto per la Vostra testimonianza di fedelt\u00e0 al Vangelo e alle Vostre culture di provenienza, mi unisco a Voi nel chiedere al Signore Ges\u00f9 il dono della pace per il mondo intero.<\/p>\n<p>Buona Pasqua a tutte e tutti Voi!&#8221;<\/p>\n<p>+ Lauro<\/p>\n<p>&nbsp;<\/p>\n","protected":false},"excerpt":{"rendered":"<p>Si celebra domenica 16 aprile la Pasqua ortodossa. Anche quest&#8217;anno l&#8217;arcivescovo Lauro Tisi ha inviato un messaggio pasquale a tutte le Chiese Ortodosse presenti in Trentino.\u00a0Ecco il testo integrale: &#8220;Carissimi fratelli, carissime sorelle, carissimi padri<\/p>\n","protected":false},"author":3,"featured_media":2270,"comment_status":"closed","ping_status":"closed","sticky":false,"template":"","format":"standard","meta":{"footnotes":""},"categories":[1130,1074],"tags":[],"class_list":["post-12769","post","type-post","status-publish","format-standard","has-post-thumbnail","hentry","category-servizio-ecumenismo-e-dialogo","category-notizie"],"acf":{"seed-localization-paese-cod":"IT","seed-localization-address":"","seed-localization-citta":"Trento","seed-localization-regione-cod-istat":"04","seed-localization-citta-cod-istat":"022205","seed-localization-localita":"","seed-localization-cap":"","seed-localization-marker-visibility":false,"seed-localization-children-visibility":false,"seed-localization-kml":"","seed-localization-custom-marker":""},"yoast_head":"<!-- This site is optimized with the Yoast SEO Premium plugin v20.2.1 (Yoast SEO v22.2) - https:\/\/yoast.com\/wordpress\/plugins\/seo\/ -->\n<title>Pasqua ortodossa (16 aprile), gli auguri del vescovo Lauro: &quot;Tra troppi segni di morte, chiamati ad essere testimoni di risurrezione&quot; - Testimonianza e Impegno sociale<\/title>\n<meta name=\"robots\" content=\"index, follow, max-snippet:-1, max-image-preview:large, max-video-preview:-1\" \/>\n<link rel=\"canonical\" href=\"https:\/\/www.diocesitn.it\/area-testimonianza\/2023\/04\/13\/pasqua-ortodossa-16-aprile-gli-auguri-del-vescovo-lauro-tra-troppi-segni-di-morte-chiamati-ad-essere-testimoni-di-risurrezione\/\" \/>\n<meta property=\"og:locale\" content=\"it_IT\" \/>\n<meta property=\"og:type\" content=\"article\" \/>\n<meta property=\"og:title\" content=\"Pasqua ortodossa (16 aprile), gli auguri del vescovo Lauro: &quot;Tra troppi segni di morte, chiamati ad essere testimoni di risurrezione&quot;\" \/>\n<meta property=\"og:description\" content=\"Si celebra domenica 16 aprile la Pasqua ortodossa. Anche quest&#8217;anno l&#8217;arcivescovo Lauro Tisi ha inviato un messaggio pasquale a tutte le Chiese Ortodosse presenti in Trentino.\u00a0Ecco il testo integrale: &#8220;Carissimi fratelli, carissime sorelle, carissimi padri\" \/>\n<meta property=\"og:url\" content=\"https:\/\/www.diocesitn.it\/area-testimonianza\/2023\/04\/13\/pasqua-ortodossa-16-aprile-gli-auguri-del-vescovo-lauro-tra-troppi-segni-di-morte-chiamati-ad-essere-testimoni-di-risurrezione\/\" \/>\n<meta property=\"og:site_name\" content=\"Testimonianza e Impegno sociale\" \/>\n<meta property=\"article:published_time\" content=\"2023-04-13T08:49:12+00:00\" \/>\n<meta property=\"article:modified_time\" content=\"2023-04-19T13:33:56+00:00\" \/>\n<meta property=\"og:image\" content=\"https:\/\/www.diocesitn.it\/area-testimonianza\/wp-content\/uploads\/sites\/37\/2018\/02\/pasqua-ortodosso-rumena.jpg\" \/>\n\t<meta property=\"og:image:width\" content=\"530\" \/>\n\t<meta property=\"og:image:height\" content=\"330\" \/>\n\t<meta property=\"og:image:type\" content=\"image\/jpeg\" \/>\n<meta name=\"author\" content=\"Piergiorgio Franceschini\" \/>\n<meta name=\"twitter:card\" content=\"summary_large_image\" \/>\n<meta name=\"twitter:label1\" content=\"Scritto da\" \/>\n\t<meta name=\"twitter:data1\" content=\"Piergiorgio Franceschini\" \/>\n\t<meta name=\"twitter:label2\" content=\"Tempo di lettura stimato\" \/>\n\t<meta name=\"twitter:data2\" content=\"2 minuti\" \/>\n<script type=\"application\/ld+json\" class=\"yoast-schema-graph\">{\"@context\":\"https:\/\/schema.org\",\"@graph\":[{\"@type\":\"Article\",\"@id\":\"https:\/\/www.diocesitn.it\/area-testimonianza\/2023\/04\/13\/pasqua-ortodossa-16-aprile-gli-auguri-del-vescovo-lauro-tra-troppi-segni-di-morte-chiamati-ad-essere-testimoni-di-risurrezione\/#article\",\"isPartOf\":{\"@id\":\"https:\/\/www.diocesitn.it\/area-testimonianza\/2023\/04\/13\/pasqua-ortodossa-16-aprile-gli-auguri-del-vescovo-lauro-tra-troppi-segni-di-morte-chiamati-ad-essere-testimoni-di-risurrezione\/\"},\"author\":{\"name\":\"Piergiorgio Franceschini\",\"@id\":\"https:\/\/www.diocesitn.it\/area-testimonianza\/#\/schema\/person\/99590c84577873a025247b6aeb16ad2e\"},\"headline\":\"Pasqua ortodossa (16 aprile), gli auguri del vescovo Lauro: &#8220;Tra troppi segni di morte, chiamati ad essere testimoni di risurrezione&#8221;\",\"datePublished\":\"2023-04-13T08:49:12+00:00\",\"dateModified\":\"2023-04-19T13:33:56+00:00\",\"mainEntityOfPage\":{\"@id\":\"https:\/\/www.diocesitn.it\/area-testimonianza\/2023\/04\/13\/pasqua-ortodossa-16-aprile-gli-auguri-del-vescovo-lauro-tra-troppi-segni-di-morte-chiamati-ad-essere-testimoni-di-risurrezione\/\"},\"wordCount\":317,\"publisher\":{\"@id\":\"https:\/\/www.diocesitn.it\/area-testimonianza\/#organization\"},\"image\":{\"@id\":\"https:\/\/www.diocesitn.it\/area-testimonianza\/2023\/04\/13\/pasqua-ortodossa-16-aprile-gli-auguri-del-vescovo-lauro-tra-troppi-segni-di-morte-chiamati-ad-essere-testimoni-di-risurrezione\/#primaryimage\"},\"thumbnailUrl\":\"https:\/\/www.diocesitn.it\/area-testimonianza\/wp-content\/uploads\/sites\/37\/2018\/02\/pasqua-ortodosso-rumena.jpg\",\"articleSection\":[\"Ecumenismo e Dialogo interreligioso\",\"Notizie\"],\"inLanguage\":\"it-IT\",\"copyrightYear\":\"2023\",\"copyrightHolder\":{\"@id\":\"https:\/\/www.diocesitn.it\/#organization\"}},{\"@type\":\"WebPage\",\"@id\":\"https:\/\/www.diocesitn.it\/area-testimonianza\/2023\/04\/13\/pasqua-ortodossa-16-aprile-gli-auguri-del-vescovo-lauro-tra-troppi-segni-di-morte-chiamati-ad-essere-testimoni-di-risurrezione\/\",\"url\":\"https:\/\/www.diocesitn.it\/area-testimonianza\/2023\/04\/13\/pasqua-ortodossa-16-aprile-gli-auguri-del-vescovo-lauro-tra-troppi-segni-di-morte-chiamati-ad-essere-testimoni-di-risurrezione\/\",\"name\":\"Pasqua ortodossa (16 aprile), gli auguri del vescovo Lauro: \\\"Tra troppi segni di morte, chiamati ad essere testimoni di risurrezione\\\" - Testimonianza e Impegno sociale\",\"isPartOf\":{\"@id\":\"https:\/\/www.diocesitn.it\/area-testimonianza\/#website\"},\"primaryImageOfPage\":{\"@id\":\"https:\/\/www.diocesitn.it\/area-testimonianza\/2023\/04\/13\/pasqua-ortodossa-16-aprile-gli-auguri-del-vescovo-lauro-tra-troppi-segni-di-morte-chiamati-ad-essere-testimoni-di-risurrezione\/#primaryimage\"},\"image\":{\"@id\":\"https:\/\/www.diocesitn.it\/area-testimonianza\/2023\/04\/13\/pasqua-ortodossa-16-aprile-gli-auguri-del-vescovo-lauro-tra-troppi-segni-di-morte-chiamati-ad-essere-testimoni-di-risurrezione\/#primaryimage\"},\"thumbnailUrl\":\"https:\/\/www.diocesitn.it\/area-testimonianza\/wp-content\/uploads\/sites\/37\/2018\/02\/pasqua-ortodosso-rumena.jpg\",\"datePublished\":\"2023-04-13T08:49:12+00:00\",\"dateModified\":\"2023-04-19T13:33:56+00:00\",\"breadcrumb\":{\"@id\":\"https:\/\/www.diocesitn.it\/area-testimonianza\/2023\/04\/13\/pasqua-ortodossa-16-aprile-gli-auguri-del-vescovo-lauro-tra-troppi-segni-di-morte-chiamati-ad-essere-testimoni-di-risurrezione\/#breadcrumb\"},\"inLanguage\":\"it-IT\",\"potentialAction\":[{\"@type\":\"ReadAction\",\"target\":[\"https:\/\/www.diocesitn.it\/area-testimonianza\/2023\/04\/13\/pasqua-ortodossa-16-aprile-gli-auguri-del-vescovo-lauro-tra-troppi-segni-di-morte-chiamati-ad-essere-testimoni-di-risurrezione\/\"]}]},{\"@type\":\"ImageObject\",\"inLanguage\":\"it-IT\",\"@id\":\"https:\/\/www.diocesitn.it\/area-testimonianza\/2023\/04\/13\/pasqua-ortodossa-16-aprile-gli-auguri-del-vescovo-lauro-tra-troppi-segni-di-morte-chiamati-ad-essere-testimoni-di-risurrezione\/#primaryimage\",\"url\":\"https:\/\/www.diocesitn.it\/area-testimonianza\/wp-content\/uploads\/sites\/37\/2018\/02\/pasqua-ortodosso-rumena.jpg\",\"contentUrl\":\"https:\/\/www.diocesitn.it\/area-testimonianza\/wp-content\/uploads\/sites\/37\/2018\/02\/pasqua-ortodosso-rumena.jpg\",\"width\":530,\"height\":330},{\"@type\":\"BreadcrumbList\",\"@id\":\"https:\/\/www.diocesitn.it\/area-testimonianza\/2023\/04\/13\/pasqua-ortodossa-16-aprile-gli-auguri-del-vescovo-lauro-tra-troppi-segni-di-morte-chiamati-ad-essere-testimoni-di-risurrezione\/#breadcrumb\",\"itemListElement\":[{\"@type\":\"ListItem\",\"position\":1,\"name\":\"Home\",\"item\":\"https:\/\/www.diocesitn.it\/area-testimonianza\/\"},{\"@type\":\"ListItem\",\"position\":2,\"name\":\"Pasqua ortodossa (16 aprile), gli auguri del vescovo Lauro: &#8220;Tra troppi segni di morte, chiamati ad essere testimoni di risurrezione&#8221;\"}]},{\"@type\":\"WebSite\",\"@id\":\"https:\/\/www.diocesitn.it\/area-testimonianza\/#website\",\"url\":\"https:\/\/www.diocesitn.it\/area-testimonianza\/\",\"name\":\"Testimonianza e Impegno sociale\",\"description\":\"Chiesa di Trento\",\"publisher\":{\"@id\":\"https:\/\/www.diocesitn.it\/area-testimonianza\/#organization\"},\"potentialAction\":[{\"@type\":\"SearchAction\",\"target\":{\"@type\":\"EntryPoint\",\"urlTemplate\":\"https:\/\/www.diocesitn.it\/area-testimonianza\/?s={search_term_string}\"},\"query-input\":\"required name=search_term_string\"}],\"inLanguage\":\"it-IT\"},{\"@type\":[\"Organization\",\"Place\"],\"@id\":\"https:\/\/www.diocesitn.it\/area-testimonianza\/#organization\",\"name\":\"Area Testimonianza e Impegno Sociale - Chiesa di Trento\",\"url\":\"https:\/\/www.diocesitn.it\/area-testimonianza\/\",\"logo\":{\"@id\":\"https:\/\/www.diocesitn.it\/area-testimonianza\/2023\/04\/13\/pasqua-ortodossa-16-aprile-gli-auguri-del-vescovo-lauro-tra-troppi-segni-di-morte-chiamati-ad-essere-testimoni-di-risurrezione\/#local-main-organization-logo\"},\"image\":{\"@id\":\"https:\/\/www.diocesitn.it\/area-testimonianza\/2023\/04\/13\/pasqua-ortodossa-16-aprile-gli-auguri-del-vescovo-lauro-tra-troppi-segni-di-morte-chiamati-ad-essere-testimoni-di-risurrezione\/#local-main-organization-logo\"},\"openingHoursSpecification\":[{\"@type\":\"OpeningHoursSpecification\",\"dayOfWeek\":[\"Monday\",\"Tuesday\",\"Wednesday\",\"Thursday\",\"Friday\",\"Saturday\",\"Sunday\"],\"opens\":\"09:00\",\"closes\":\"17:00\"}]},{\"@type\":\"ImageObject\",\"inLanguage\":\"it-IT\",\"@id\":\"https:\/\/www.diocesitn.it\/area-testimonianza\/2023\/04\/13\/pasqua-ortodossa-16-aprile-gli-auguri-del-vescovo-lauro-tra-troppi-segni-di-morte-chiamati-ad-essere-testimoni-di-risurrezione\/#local-main-organization-logo\",\"url\":\"https:\/\/www.diocesitn.it\/area-testimonianza\/wp-content\/uploads\/sites\/37\/2021\/09\/og-logo-testimonianza-e-impegno-sociale.jpg\",\"contentUrl\":\"https:\/\/www.diocesitn.it\/area-testimonianza\/wp-content\/uploads\/sites\/37\/2021\/09\/og-logo-testimonianza-e-impegno-sociale.jpg\",\"width\":1200,\"height\":630,\"caption\":\"Area Testimonianza e Impegno Sociale - Chiesa di Trento\"}]}<\/script>\n<!-- \/ Yoast SEO Premium plugin. -->","yoast_head_json":{"title":"Pasqua ortodossa (16 aprile), gli auguri del vescovo Lauro: \"Tra troppi segni di morte, chiamati ad essere testimoni di risurrezione\" - Testimonianza e Impegno sociale","robots":{"index":"index","follow":"follow","max-snippet":"max-snippet:-1","max-image-preview":"max-image-preview:large","max-video-preview":"max-video-preview:-1"},"canonical":"https:\/\/www.diocesitn.it\/area-testimonianza\/2023\/04\/13\/pasqua-ortodossa-16-aprile-gli-auguri-del-vescovo-lauro-tra-troppi-segni-di-morte-chiamati-ad-essere-testimoni-di-risurrezione\/","og_locale":"it_IT","og_type":"article","og_title":"Pasqua ortodossa (16 aprile), gli auguri del vescovo Lauro: \"Tra troppi segni di morte, chiamati ad essere testimoni di risurrezione\"","og_description":"Si celebra domenica 16 aprile la Pasqua ortodossa. Anche quest&#8217;anno l&#8217;arcivescovo Lauro Tisi ha inviato un messaggio pasquale a tutte le Chiese Ortodosse presenti in Trentino.\u00a0Ecco il testo integrale: &#8220;Carissimi fratelli, carissime sorelle, carissimi padri","og_url":"https:\/\/www.diocesitn.it\/area-testimonianza\/2023\/04\/13\/pasqua-ortodossa-16-aprile-gli-auguri-del-vescovo-lauro-tra-troppi-segni-di-morte-chiamati-ad-essere-testimoni-di-risurrezione\/","og_site_name":"Testimonianza e Impegno sociale","article_published_time":"2023-04-13T08:49:12+00:00","article_modified_time":"2023-04-19T13:33:56+00:00","og_image":[{"width":530,"height":330,"url":"https:\/\/www.diocesitn.it\/area-testimonianza\/wp-content\/uploads\/sites\/37\/2018\/02\/pasqua-ortodosso-rumena.jpg","type":"image\/jpeg"}],"author":"Piergiorgio Franceschini","twitter_card":"summary_large_image","twitter_misc":{"Scritto da":"Piergiorgio Franceschini","Tempo di lettura stimato":"2 minuti"},"schema":{"@context":"https:\/\/schema.org","@graph":[{"@type":"Article","@id":"https:\/\/www.diocesitn.it\/area-testimonianza\/2023\/04\/13\/pasqua-ortodossa-16-aprile-gli-auguri-del-vescovo-lauro-tra-troppi-segni-di-morte-chiamati-ad-essere-testimoni-di-risurrezione\/#article","isPartOf":{"@id":"https:\/\/www.diocesitn.it\/area-testimonianza\/2023\/04\/13\/pasqua-ortodossa-16-aprile-gli-auguri-del-vescovo-lauro-tra-troppi-segni-di-morte-chiamati-ad-essere-testimoni-di-risurrezione\/"},"author":{"name":"Piergiorgio Franceschini","@id":"https:\/\/www.diocesitn.it\/area-testimonianza\/#\/schema\/person\/99590c84577873a025247b6aeb16ad2e"},"headline":"Pasqua ortodossa (16 aprile), gli auguri del vescovo Lauro: &#8220;Tra troppi segni di morte, chiamati ad essere testimoni di risurrezione&#8221;","datePublished":"2023-04-13T08:49:12+00:00","dateModified":"2023-04-19T13:33:56+00:00","mainEntityOfPage":{"@id":"https:\/\/www.diocesitn.it\/area-testimonianza\/2023\/04\/13\/pasqua-ortodossa-16-aprile-gli-auguri-del-vescovo-lauro-tra-troppi-segni-di-morte-chiamati-ad-essere-testimoni-di-risurrezione\/"},"wordCount":317,"publisher":{"@id":"https:\/\/www.diocesitn.it\/area-testimonianza\/#organization"},"image":{"@id":"https:\/\/www.diocesitn.it\/area-testimonianza\/2023\/04\/13\/pasqua-ortodossa-16-aprile-gli-auguri-del-vescovo-lauro-tra-troppi-segni-di-morte-chiamati-ad-essere-testimoni-di-risurrezione\/#primaryimage"},"thumbnailUrl":"https:\/\/www.diocesitn.it\/area-testimonianza\/wp-content\/uploads\/sites\/37\/2018\/02\/pasqua-ortodosso-rumena.jpg","articleSection":["Ecumenismo e Dialogo interreligioso","Notizie"],"inLanguage":"it-IT","copyrightYear":"2023","copyrightHolder":{"@id":"https:\/\/www.diocesitn.it\/#organization"}},{"@type":"WebPage","@id":"https:\/\/www.diocesitn.it\/area-testimonianza\/2023\/04\/13\/pasqua-ortodossa-16-aprile-gli-auguri-del-vescovo-lauro-tra-troppi-segni-di-morte-chiamati-ad-essere-testimoni-di-risurrezione\/","url":"https:\/\/www.diocesitn.it\/area-testimonianza\/2023\/04\/13\/pasqua-ortodossa-16-aprile-gli-auguri-del-vescovo-lauro-tra-troppi-segni-di-morte-chiamati-ad-essere-testimoni-di-risurrezione\/","name":"Pasqua ortodossa (16 aprile), gli auguri del vescovo Lauro: \"Tra troppi segni di morte, chiamati ad essere testimoni di risurrezione\" - Testimonianza e Impegno sociale","isPartOf":{"@id":"https:\/\/www.diocesitn.it\/area-testimonianza\/#website"},"primaryImageOfPage":{"@id":"https:\/\/www.diocesitn.it\/area-testimonianza\/2023\/04\/13\/pasqua-ortodossa-16-aprile-gli-auguri-del-vescovo-lauro-tra-troppi-segni-di-morte-chiamati-ad-essere-testimoni-di-risurrezione\/#primaryimage"},"image":{"@id":"https:\/\/www.diocesitn.it\/area-testimonianza\/2023\/04\/13\/pasqua-ortodossa-16-aprile-gli-auguri-del-vescovo-lauro-tra-troppi-segni-di-morte-chiamati-ad-essere-testimoni-di-risurrezione\/#primaryimage"},"thumbnailUrl":"https:\/\/www.diocesitn.it\/area-testimonianza\/wp-content\/uploads\/sites\/37\/2018\/02\/pasqua-ortodosso-rumena.jpg","datePublished":"2023-04-13T08:49:12+00:00","dateModified":"2023-04-19T13:33:56+00:00","breadcrumb":{"@id":"https:\/\/www.diocesitn.it\/area-testimonianza\/2023\/04\/13\/pasqua-ortodossa-16-aprile-gli-auguri-del-vescovo-lauro-tra-troppi-segni-di-morte-chiamati-ad-essere-testimoni-di-risurrezione\/#breadcrumb"},"inLanguage":"it-IT","potentialAction":[{"@type":"ReadAction","target":["https:\/\/www.diocesitn.it\/area-testimonianza\/2023\/04\/13\/pasqua-ortodossa-16-aprile-gli-auguri-del-vescovo-lauro-tra-troppi-segni-di-morte-chiamati-ad-essere-testimoni-di-risurrezione\/"]}]},{"@type":"ImageObject","inLanguage":"it-IT","@id":"https:\/\/www.diocesitn.it\/area-testimonianza\/2023\/04\/13\/pasqua-ortodossa-16-aprile-gli-auguri-del-vescovo-lauro-tra-troppi-segni-di-morte-chiamati-ad-essere-testimoni-di-risurrezione\/#primaryimage","url":"https:\/\/www.diocesitn.it\/area-testimonianza\/wp-content\/uploads\/sites\/37\/2018\/02\/pasqua-ortodosso-rumena.jpg","contentUrl":"https:\/\/www.diocesitn.it\/area-testimonianza\/wp-content\/uploads\/sites\/37\/2018\/02\/pasqua-ortodosso-rumena.jpg","width":530,"height":330},{"@type":"BreadcrumbList","@id":"https:\/\/www.diocesitn.it\/area-testimonianza\/2023\/04\/13\/pasqua-ortodossa-16-aprile-gli-auguri-del-vescovo-lauro-tra-troppi-segni-di-morte-chiamati-ad-essere-testimoni-di-risurrezione\/#breadcrumb","itemListElement":[{"@type":"ListItem","position":1,"name":"Home","item":"https:\/\/www.diocesitn.it\/area-testimonianza\/"},{"@type":"ListItem","position":2,"name":"Pasqua ortodossa (16 aprile), gli auguri del vescovo Lauro: &#8220;Tra troppi segni di morte, chiamati ad essere testimoni di risurrezione&#8221;"}]},{"@type":"WebSite","@id":"https:\/\/www.diocesitn.it\/area-testimonianza\/#website","url":"https:\/\/www.diocesitn.it\/area-testimonianza\/","name":"Testimonianza e Impegno sociale","description":"Chiesa di Trento","publisher":{"@id":"https:\/\/www.diocesitn.it\/area-testimonianza\/#organization"},"potentialAction":[{"@type":"SearchAction","target":{"@type":"EntryPoint","urlTemplate":"https:\/\/www.diocesitn.it\/area-testimonianza\/?s={search_term_string}"},"query-input":"required name=search_term_string"}],"inLanguage":"it-IT"},{"@type":["Organization","Place"],"@id":"https:\/\/www.diocesitn.it\/area-testimonianza\/#organization","name":"Area Testimonianza e Impegno Sociale - Chiesa di Trento","url":"https:\/\/www.diocesitn.it\/area-testimonianza\/","logo":{"@id":"https:\/\/www.diocesitn.it\/area-testimonianza\/2023\/04\/13\/pasqua-ortodossa-16-aprile-gli-auguri-del-vescovo-lauro-tra-troppi-segni-di-morte-chiamati-ad-essere-testimoni-di-risurrezione\/#local-main-organization-logo"},"image":{"@id":"https:\/\/www.diocesitn.it\/area-testimonianza\/2023\/04\/13\/pasqua-ortodossa-16-aprile-gli-auguri-del-vescovo-lauro-tra-troppi-segni-di-morte-chiamati-ad-essere-testimoni-di-risurrezione\/#local-main-organization-logo"},"openingHoursSpecification":[{"@type":"OpeningHoursSpecification","dayOfWeek":["Monday","Tuesday","Wednesday","Thursday","Friday","Saturday","Sunday"],"opens":"09:00","closes":"17:00"}]},{"@type":"ImageObject","inLanguage":"it-IT","@id":"https:\/\/www.diocesitn.it\/area-testimonianza\/2023\/04\/13\/pasqua-ortodossa-16-aprile-gli-auguri-del-vescovo-lauro-tra-troppi-segni-di-morte-chiamati-ad-essere-testimoni-di-risurrezione\/#local-main-organization-logo","url":"https:\/\/www.diocesitn.it\/area-testimonianza\/wp-content\/uploads\/sites\/37\/2021\/09\/og-logo-testimonianza-e-impegno-sociale.jpg","contentUrl":"https:\/\/www.diocesitn.it\/area-testimonianza\/wp-content\/uploads\/sites\/37\/2021\/09\/og-logo-testimonianza-e-impegno-sociale.jpg","width":1200,"height":630,"caption":"Area Testimonianza e Impegno Sociale - Chiesa di Trento"}]}},"_links":{"self":[{"href":"https:\/\/www.diocesitn.it\/area-testimonianza\/wp-json\/wp\/v2\/posts\/12769","targetHints":{"allow":["GET"]}}],"collection":[{"href":"https:\/\/www.diocesitn.it\/area-testimonianza\/wp-json\/wp\/v2\/posts"}],"about":[{"href":"https:\/\/www.diocesitn.it\/area-testimonianza\/wp-json\/wp\/v2\/types\/post"}],"author":[{"embeddable":true,"href":"https:\/\/www.diocesitn.it\/area-testimonianza\/wp-json\/wp\/v2\/users\/3"}],"replies":[{"embeddable":true,"href":"https:\/\/www.diocesitn.it\/area-testimonianza\/wp-json\/wp\/v2\/comments?post=12769"}],"version-history":[{"count":1,"href":"https:\/\/www.diocesitn.it\/area-testimonianza\/wp-json\/wp\/v2\/posts\/12769\/revisions"}],"predecessor-version":[{"id":12771,"href":"https:\/\/www.diocesitn.it\/area-testimonianza\/wp-json\/wp\/v2\/posts\/12769\/revisions\/12771"}],"wp:featuredmedia":[{"embeddable":true,"href":"https:\/\/www.diocesitn.it\/area-testimonianza\/wp-json\/wp\/v2\/media\/2270"}],"wp:attachment":[{"href":"https:\/\/www.diocesitn.it\/area-testimonianza\/wp-json\/wp\/v2\/media?parent=12769"}],"wp:term":[{"taxonomy":"category","embeddable":true,"href":"https:\/\/www.diocesitn.it\/area-testimonianza\/wp-json\/wp\/v2\/categories?post=12769"},{"taxonomy":"post_tag","embeddable":true,"href":"https:\/\/www.diocesitn.it\/area-testimonianza\/wp-json\/wp\/v2\/tags?post=12769"}],"curies":[{"name":"wp","href":"https:\/\/api.w.org\/{rel}","templated":true}]}}