{"id":12729,"date":"2023-04-19T14:23:21","date_gmt":"2023-04-19T12:23:21","guid":{"rendered":"https:\/\/www.diocesitn.it\/area-testimonianza\/?p=12729"},"modified":"2023-05-04T09:59:52","modified_gmt":"2023-05-04T07:59:52","slug":"messa-migrantes","status":"publish","type":"post","link":"https:\/\/www.diocesitn.it\/area-testimonianza\/2023\/04\/19\/messa-migrantes\/","title":{"rendered":"Messa migrantes &#8211; 22 aprile"},"content":{"rendered":"<p style=\"text-align: center\">Riprende la celebrazione della s. Messa animata dalla <a href=\"https:\/\/www.diocesitn.it\/area-testimonianza\/la-pastorale-delle-migrazioni\/#consulta\">Consulta Migrantes<\/a> a cui siamo tutti invitati<\/p>\n<p style=\"text-align: center\">l&#8217;appuntamento \u00e8 per<\/p>\n<p style=\"text-align: center\"><strong>sabato 22 aprile 2023 ore 17.30<\/strong><\/p>\n<p style=\"text-align: center\">presso la<\/p>\n<p style=\"text-align: center\"><a href=\"https:\/\/www.google.com\/maps\/place\/Chiesa+della+Santissima+Trinit%C3%A0\/@46.0665108,11.1246966,15z\/data=!4m2!3m1!1s0x0:0x1ee89d9405d2ccd6?sa=X&amp;ved=2ahUKEwjQ8PaVlLP-AhVbSfEDHecDDVYQ_BJ6BAhiEAg\" target=\"_blank\" rel=\"noopener\">Chiesa della Santissima Trinit\u00e0<\/a><\/p>\n<p style=\"text-align: center\">(Via Santa Trinit\u00e0, 44 &#8211; Trento)<\/p>\n<p><img loading=\"lazy\" decoding=\"async\" class=\" wp-image-12756 aligncenter\" src=\"https:\/\/www.diocesitn.it\/area-testimonianza\/wp-content\/uploads\/sites\/37\/2023\/04\/uniona4-300x114.jpg\" alt=\"\" width=\"526\" height=\"200\" srcset=\"https:\/\/www.diocesitn.it\/area-testimonianza\/wp-content\/uploads\/sites\/37\/2023\/04\/uniona4-300x114.jpg 300w, https:\/\/www.diocesitn.it\/area-testimonianza\/wp-content\/uploads\/sites\/37\/2023\/04\/uniona4-1024x389.jpg 1024w, https:\/\/www.diocesitn.it\/area-testimonianza\/wp-content\/uploads\/sites\/37\/2023\/04\/uniona4-768x292.jpg 768w, https:\/\/www.diocesitn.it\/area-testimonianza\/wp-content\/uploads\/sites\/37\/2023\/04\/uniona4-360x137.jpg 360w, https:\/\/www.diocesitn.it\/area-testimonianza\/wp-content\/uploads\/sites\/37\/2023\/04\/uniona4-1536x584.jpg 1536w, https:\/\/www.diocesitn.it\/area-testimonianza\/wp-content\/uploads\/sites\/37\/2023\/04\/uniona4-2048x779.jpg 2048w, https:\/\/www.diocesitn.it\/area-testimonianza\/wp-content\/uploads\/sites\/37\/2023\/04\/uniona4-800x304.jpg 800w, https:\/\/www.diocesitn.it\/area-testimonianza\/wp-content\/uploads\/sites\/37\/2023\/04\/uniona4-1200x456.jpg 1200w, https:\/\/www.diocesitn.it\/area-testimonianza\/wp-content\/uploads\/sites\/37\/2023\/04\/uniona4-1320x502.jpg 1320w\" sizes=\"auto, (max-width: 526px) 100vw, 526px\" \/><\/p>\n<p>&nbsp;<\/p>\n<p style=\"text-align: center\">La Messa migrantes ricorda a coloro che vi prendono parte che le diversit\u00e0 sono elementi di ricchezza per un mondo pieno di fraternit\u00e0.\u00a0Non si usano lingue e ritmi diversi per il gusto dell\u2019esotico, ma perch\u00e9 oggi la Chiesa \u00e8 anche questo, un popolo composito nelle sue lingue e culture. Un popolo in cui nessuno \u00e8 ospite ma siamo tutti fratelli, parte integrante della comunit\u00e0 ecclesiale.<\/p>\n<p>&nbsp;<\/p>\n<p><img loading=\"lazy\" decoding=\"async\" class=\" wp-image-12759 aligncenter\" src=\"https:\/\/www.diocesitn.it\/area-testimonianza\/wp-content\/uploads\/sites\/37\/2023\/04\/Foto-Diego-Dalmonech-109-300x199.jpg\" alt=\"\" width=\"514\" height=\"341\" srcset=\"https:\/\/www.diocesitn.it\/area-testimonianza\/wp-content\/uploads\/sites\/37\/2023\/04\/Foto-Diego-Dalmonech-109-300x199.jpg 300w, https:\/\/www.diocesitn.it\/area-testimonianza\/wp-content\/uploads\/sites\/37\/2023\/04\/Foto-Diego-Dalmonech-109-1024x681.jpg 1024w, https:\/\/www.diocesitn.it\/area-testimonianza\/wp-content\/uploads\/sites\/37\/2023\/04\/Foto-Diego-Dalmonech-109-768x511.jpg 768w, https:\/\/www.diocesitn.it\/area-testimonianza\/wp-content\/uploads\/sites\/37\/2023\/04\/Foto-Diego-Dalmonech-109-360x239.jpg 360w, https:\/\/www.diocesitn.it\/area-testimonianza\/wp-content\/uploads\/sites\/37\/2023\/04\/Foto-Diego-Dalmonech-109-1536x1021.jpg 1536w, https:\/\/www.diocesitn.it\/area-testimonianza\/wp-content\/uploads\/sites\/37\/2023\/04\/Foto-Diego-Dalmonech-109-2048x1362.jpg 2048w, https:\/\/www.diocesitn.it\/area-testimonianza\/wp-content\/uploads\/sites\/37\/2023\/04\/Foto-Diego-Dalmonech-109-800x532.jpg 800w, https:\/\/www.diocesitn.it\/area-testimonianza\/wp-content\/uploads\/sites\/37\/2023\/04\/Foto-Diego-Dalmonech-109-1200x798.jpg 1200w, https:\/\/www.diocesitn.it\/area-testimonianza\/wp-content\/uploads\/sites\/37\/2023\/04\/Foto-Diego-Dalmonech-109-1320x878.jpg 1320w\" sizes=\"auto, (max-width: 514px) 100vw, 514px\" \/><\/p>\n","protected":false},"excerpt":{"rendered":"<p>Riprende la celebrazione della s. Messa animata dalla Consulta Migrantes a cui siamo tutti invitati l&#8217;appuntamento \u00e8 per sabato 22 aprile 2023 ore 17.30 presso la Chiesa della Santissima Trinit\u00e0 (Via Santa Trinit\u00e0, 44 &#8211;<\/p>\n","protected":false},"author":161,"featured_media":12732,"comment_status":"closed","ping_status":"closed","sticky":false,"template":"","format":"standard","meta":{"footnotes":""},"categories":[1074,1662],"tags":[1476,2070],"class_list":["post-12729","post","type-post","status-publish","format-standard","has-post-thumbnail","hentry","category-notizie","category-servizio-migrazioni","tag-messa-migrantes","tag-popoli"],"acf":{"seed-localization-paese-cod":"IT","seed-localization-address":"","seed-localization-citta":"Trento","seed-localization-regione-cod-istat":"04","seed-localization-citta-cod-istat":"022205","seed-localization-localita":"","seed-localization-cap":"","seed-localization-marker-visibility":false,"seed-localization-children-visibility":false,"seed-localization-kml":"","seed-localization-custom-marker":""},"yoast_head":"<!-- This site is optimized with the Yoast SEO Premium plugin v20.2.1 (Yoast SEO v22.2) - https:\/\/yoast.com\/wordpress\/plugins\/seo\/ -->\n<title>Messa migrantes - 22 aprile \u26ea\ufe0f<\/title>\n<meta name=\"description\" content=\"Messa con i migranti sabato 22 aprile 2023 ore 17.30 presso la chiesa della Santissima Trinit\u00e0 a Trento\" \/>\n<meta name=\"robots\" content=\"index, follow, max-snippet:-1, max-image-preview:large, max-video-preview:-1\" \/>\n<link rel=\"canonical\" href=\"https:\/\/www.diocesitn.it\/area-testimonianza\/2023\/04\/19\/messa-migrantes\/\" \/>\n<meta property=\"og:locale\" content=\"it_IT\" \/>\n<meta property=\"og:type\" content=\"article\" \/>\n<meta property=\"og:title\" content=\"Messa migrantes - 22 aprile\" \/>\n<meta property=\"og:description\" content=\"Messa con i migranti sabato 22 aprile 2023 ore 17.30 presso la chiesa della Santissima Trinit\u00e0 a Trento\" \/>\n<meta property=\"og:url\" content=\"https:\/\/www.diocesitn.it\/area-testimonianza\/2023\/04\/19\/messa-migrantes\/\" \/>\n<meta property=\"og:site_name\" content=\"Testimonianza e Impegno sociale\" \/>\n<meta property=\"article:published_time\" content=\"2023-04-19T12:23:21+00:00\" \/>\n<meta property=\"article:modified_time\" content=\"2023-05-04T07:59:52+00:00\" \/>\n<meta property=\"og:image\" content=\"https:\/\/www.diocesitn.it\/area-testimonianza\/wp-content\/uploads\/sites\/37\/2023\/04\/Foto-Diego-Dalmonech-122-scaled.jpg\" \/>\n\t<meta property=\"og:image:width\" content=\"2560\" \/>\n\t<meta property=\"og:image:height\" content=\"1702\" \/>\n\t<meta property=\"og:image:type\" content=\"image\/jpeg\" \/>\n<meta name=\"author\" content=\"smaule\" \/>\n<meta name=\"twitter:card\" content=\"summary_large_image\" \/>\n<meta name=\"twitter:label1\" content=\"Scritto da\" \/>\n\t<meta name=\"twitter:data1\" content=\"smaule\" \/>\n\t<meta name=\"twitter:label2\" content=\"Tempo di lettura stimato\" \/>\n\t<meta name=\"twitter:data2\" content=\"1 minuto\" \/>\n<script type=\"application\/ld+json\" class=\"yoast-schema-graph\">{\"@context\":\"https:\/\/schema.org\",\"@graph\":[{\"@type\":\"Article\",\"@id\":\"https:\/\/www.diocesitn.it\/area-testimonianza\/2023\/04\/19\/messa-migrantes\/#article\",\"isPartOf\":{\"@id\":\"https:\/\/www.diocesitn.it\/area-testimonianza\/2023\/04\/19\/messa-migrantes\/\"},\"author\":{\"name\":\"smaule\",\"@id\":\"https:\/\/www.diocesitn.it\/area-testimonianza\/#\/schema\/person\/bac489aafb7f98c1ca25f76c27174a95\"},\"headline\":\"Messa migrantes &#8211; 22 aprile\",\"datePublished\":\"2023-04-19T12:23:21+00:00\",\"dateModified\":\"2023-05-04T07:59:52+00:00\",\"mainEntityOfPage\":{\"@id\":\"https:\/\/www.diocesitn.it\/area-testimonianza\/2023\/04\/19\/messa-migrantes\/\"},\"wordCount\":102,\"publisher\":{\"@id\":\"https:\/\/www.diocesitn.it\/area-testimonianza\/#organization\"},\"image\":{\"@id\":\"https:\/\/www.diocesitn.it\/area-testimonianza\/2023\/04\/19\/messa-migrantes\/#primaryimage\"},\"thumbnailUrl\":\"https:\/\/www.diocesitn.it\/area-testimonianza\/wp-content\/uploads\/sites\/37\/2023\/04\/Foto-Diego-Dalmonech-122-scaled.jpg\",\"keywords\":[\"messa migrantes\",\"popoli\"],\"articleSection\":[\"Notizie\",\"Pastorale delle Migrazioni\"],\"inLanguage\":\"it-IT\",\"copyrightYear\":\"2023\",\"copyrightHolder\":{\"@id\":\"https:\/\/www.diocesitn.it\/#organization\"}},{\"@type\":\"WebPage\",\"@id\":\"https:\/\/www.diocesitn.it\/area-testimonianza\/2023\/04\/19\/messa-migrantes\/\",\"url\":\"https:\/\/www.diocesitn.it\/area-testimonianza\/2023\/04\/19\/messa-migrantes\/\",\"name\":\"Messa migrantes - 22 aprile \u26ea\ufe0f\",\"isPartOf\":{\"@id\":\"https:\/\/www.diocesitn.it\/area-testimonianza\/#website\"},\"primaryImageOfPage\":{\"@id\":\"https:\/\/www.diocesitn.it\/area-testimonianza\/2023\/04\/19\/messa-migrantes\/#primaryimage\"},\"image\":{\"@id\":\"https:\/\/www.diocesitn.it\/area-testimonianza\/2023\/04\/19\/messa-migrantes\/#primaryimage\"},\"thumbnailUrl\":\"https:\/\/www.diocesitn.it\/area-testimonianza\/wp-content\/uploads\/sites\/37\/2023\/04\/Foto-Diego-Dalmonech-122-scaled.jpg\",\"datePublished\":\"2023-04-19T12:23:21+00:00\",\"dateModified\":\"2023-05-04T07:59:52+00:00\",\"description\":\"Messa con i migranti sabato 22 aprile 2023 ore 17.30 presso la chiesa della Santissima Trinit\u00e0 a Trento\",\"breadcrumb\":{\"@id\":\"https:\/\/www.diocesitn.it\/area-testimonianza\/2023\/04\/19\/messa-migrantes\/#breadcrumb\"},\"inLanguage\":\"it-IT\",\"potentialAction\":[{\"@type\":\"ReadAction\",\"target\":[\"https:\/\/www.diocesitn.it\/area-testimonianza\/2023\/04\/19\/messa-migrantes\/\"]}]},{\"@type\":\"ImageObject\",\"inLanguage\":\"it-IT\",\"@id\":\"https:\/\/www.diocesitn.it\/area-testimonianza\/2023\/04\/19\/messa-migrantes\/#primaryimage\",\"url\":\"https:\/\/www.diocesitn.it\/area-testimonianza\/wp-content\/uploads\/sites\/37\/2023\/04\/Foto-Diego-Dalmonech-122-scaled.jpg\",\"contentUrl\":\"https:\/\/www.diocesitn.it\/area-testimonianza\/wp-content\/uploads\/sites\/37\/2023\/04\/Foto-Diego-Dalmonech-122-scaled.jpg\",\"width\":2560,\"height\":1702},{\"@type\":\"BreadcrumbList\",\"@id\":\"https:\/\/www.diocesitn.it\/area-testimonianza\/2023\/04\/19\/messa-migrantes\/#breadcrumb\",\"itemListElement\":[{\"@type\":\"ListItem\",\"position\":1,\"name\":\"Home\",\"item\":\"https:\/\/www.diocesitn.it\/area-testimonianza\/\"},{\"@type\":\"ListItem\",\"position\":2,\"name\":\"Messa migrantes &#8211; 22 aprile\"}]},{\"@type\":\"WebSite\",\"@id\":\"https:\/\/www.diocesitn.it\/area-testimonianza\/#website\",\"url\":\"https:\/\/www.diocesitn.it\/area-testimonianza\/\",\"name\":\"Testimonianza e Impegno sociale\",\"description\":\"Chiesa di Trento\",\"publisher\":{\"@id\":\"https:\/\/www.diocesitn.it\/area-testimonianza\/#organization\"},\"potentialAction\":[{\"@type\":\"SearchAction\",\"target\":{\"@type\":\"EntryPoint\",\"urlTemplate\":\"https:\/\/www.diocesitn.it\/area-testimonianza\/?s={search_term_string}\"},\"query-input\":\"required name=search_term_string\"}],\"inLanguage\":\"it-IT\"},{\"@type\":[\"Organization\",\"Place\"],\"@id\":\"https:\/\/www.diocesitn.it\/area-testimonianza\/#organization\",\"name\":\"Area Testimonianza e Impegno Sociale - Chiesa di Trento\",\"url\":\"https:\/\/www.diocesitn.it\/area-testimonianza\/\",\"logo\":{\"@id\":\"https:\/\/www.diocesitn.it\/area-testimonianza\/2023\/04\/19\/messa-migrantes\/#local-main-organization-logo\"},\"image\":{\"@id\":\"https:\/\/www.diocesitn.it\/area-testimonianza\/2023\/04\/19\/messa-migrantes\/#local-main-organization-logo\"},\"openingHoursSpecification\":[{\"@type\":\"OpeningHoursSpecification\",\"dayOfWeek\":[\"Monday\",\"Tuesday\",\"Wednesday\",\"Thursday\",\"Friday\",\"Saturday\",\"Sunday\"],\"opens\":\"09:00\",\"closes\":\"17:00\"}]},{\"@type\":\"ImageObject\",\"inLanguage\":\"it-IT\",\"@id\":\"https:\/\/www.diocesitn.it\/area-testimonianza\/2023\/04\/19\/messa-migrantes\/#local-main-organization-logo\",\"url\":\"https:\/\/www.diocesitn.it\/area-testimonianza\/wp-content\/uploads\/sites\/37\/2021\/09\/og-logo-testimonianza-e-impegno-sociale.jpg\",\"contentUrl\":\"https:\/\/www.diocesitn.it\/area-testimonianza\/wp-content\/uploads\/sites\/37\/2021\/09\/og-logo-testimonianza-e-impegno-sociale.jpg\",\"width\":1200,\"height\":630,\"caption\":\"Area Testimonianza e Impegno Sociale - Chiesa di Trento\"}]}<\/script>\n<!-- \/ Yoast SEO Premium plugin. -->","yoast_head_json":{"title":"Messa migrantes - 22 aprile \u26ea\ufe0f","description":"Messa con i migranti sabato 22 aprile 2023 ore 17.30 presso la chiesa della Santissima Trinit\u00e0 a Trento","robots":{"index":"index","follow":"follow","max-snippet":"max-snippet:-1","max-image-preview":"max-image-preview:large","max-video-preview":"max-video-preview:-1"},"canonical":"https:\/\/www.diocesitn.it\/area-testimonianza\/2023\/04\/19\/messa-migrantes\/","og_locale":"it_IT","og_type":"article","og_title":"Messa migrantes - 22 aprile","og_description":"Messa con i migranti sabato 22 aprile 2023 ore 17.30 presso la chiesa della Santissima Trinit\u00e0 a Trento","og_url":"https:\/\/www.diocesitn.it\/area-testimonianza\/2023\/04\/19\/messa-migrantes\/","og_site_name":"Testimonianza e Impegno sociale","article_published_time":"2023-04-19T12:23:21+00:00","article_modified_time":"2023-05-04T07:59:52+00:00","og_image":[{"width":2560,"height":1702,"url":"https:\/\/www.diocesitn.it\/area-testimonianza\/wp-content\/uploads\/sites\/37\/2023\/04\/Foto-Diego-Dalmonech-122-scaled.jpg","type":"image\/jpeg"}],"author":"smaule","twitter_card":"summary_large_image","twitter_misc":{"Scritto da":"smaule","Tempo di lettura stimato":"1 minuto"},"schema":{"@context":"https:\/\/schema.org","@graph":[{"@type":"Article","@id":"https:\/\/www.diocesitn.it\/area-testimonianza\/2023\/04\/19\/messa-migrantes\/#article","isPartOf":{"@id":"https:\/\/www.diocesitn.it\/area-testimonianza\/2023\/04\/19\/messa-migrantes\/"},"author":{"name":"smaule","@id":"https:\/\/www.diocesitn.it\/area-testimonianza\/#\/schema\/person\/bac489aafb7f98c1ca25f76c27174a95"},"headline":"Messa migrantes &#8211; 22 aprile","datePublished":"2023-04-19T12:23:21+00:00","dateModified":"2023-05-04T07:59:52+00:00","mainEntityOfPage":{"@id":"https:\/\/www.diocesitn.it\/area-testimonianza\/2023\/04\/19\/messa-migrantes\/"},"wordCount":102,"publisher":{"@id":"https:\/\/www.diocesitn.it\/area-testimonianza\/#organization"},"image":{"@id":"https:\/\/www.diocesitn.it\/area-testimonianza\/2023\/04\/19\/messa-migrantes\/#primaryimage"},"thumbnailUrl":"https:\/\/www.diocesitn.it\/area-testimonianza\/wp-content\/uploads\/sites\/37\/2023\/04\/Foto-Diego-Dalmonech-122-scaled.jpg","keywords":["messa migrantes","popoli"],"articleSection":["Notizie","Pastorale delle Migrazioni"],"inLanguage":"it-IT","copyrightYear":"2023","copyrightHolder":{"@id":"https:\/\/www.diocesitn.it\/#organization"}},{"@type":"WebPage","@id":"https:\/\/www.diocesitn.it\/area-testimonianza\/2023\/04\/19\/messa-migrantes\/","url":"https:\/\/www.diocesitn.it\/area-testimonianza\/2023\/04\/19\/messa-migrantes\/","name":"Messa migrantes - 22 aprile \u26ea\ufe0f","isPartOf":{"@id":"https:\/\/www.diocesitn.it\/area-testimonianza\/#website"},"primaryImageOfPage":{"@id":"https:\/\/www.diocesitn.it\/area-testimonianza\/2023\/04\/19\/messa-migrantes\/#primaryimage"},"image":{"@id":"https:\/\/www.diocesitn.it\/area-testimonianza\/2023\/04\/19\/messa-migrantes\/#primaryimage"},"thumbnailUrl":"https:\/\/www.diocesitn.it\/area-testimonianza\/wp-content\/uploads\/sites\/37\/2023\/04\/Foto-Diego-Dalmonech-122-scaled.jpg","datePublished":"2023-04-19T12:23:21+00:00","dateModified":"2023-05-04T07:59:52+00:00","description":"Messa con i migranti sabato 22 aprile 2023 ore 17.30 presso la chiesa della Santissima Trinit\u00e0 a Trento","breadcrumb":{"@id":"https:\/\/www.diocesitn.it\/area-testimonianza\/2023\/04\/19\/messa-migrantes\/#breadcrumb"},"inLanguage":"it-IT","potentialAction":[{"@type":"ReadAction","target":["https:\/\/www.diocesitn.it\/area-testimonianza\/2023\/04\/19\/messa-migrantes\/"]}]},{"@type":"ImageObject","inLanguage":"it-IT","@id":"https:\/\/www.diocesitn.it\/area-testimonianza\/2023\/04\/19\/messa-migrantes\/#primaryimage","url":"https:\/\/www.diocesitn.it\/area-testimonianza\/wp-content\/uploads\/sites\/37\/2023\/04\/Foto-Diego-Dalmonech-122-scaled.jpg","contentUrl":"https:\/\/www.diocesitn.it\/area-testimonianza\/wp-content\/uploads\/sites\/37\/2023\/04\/Foto-Diego-Dalmonech-122-scaled.jpg","width":2560,"height":1702},{"@type":"BreadcrumbList","@id":"https:\/\/www.diocesitn.it\/area-testimonianza\/2023\/04\/19\/messa-migrantes\/#breadcrumb","itemListElement":[{"@type":"ListItem","position":1,"name":"Home","item":"https:\/\/www.diocesitn.it\/area-testimonianza\/"},{"@type":"ListItem","position":2,"name":"Messa migrantes &#8211; 22 aprile"}]},{"@type":"WebSite","@id":"https:\/\/www.diocesitn.it\/area-testimonianza\/#website","url":"https:\/\/www.diocesitn.it\/area-testimonianza\/","name":"Testimonianza e Impegno sociale","description":"Chiesa di Trento","publisher":{"@id":"https:\/\/www.diocesitn.it\/area-testimonianza\/#organization"},"potentialAction":[{"@type":"SearchAction","target":{"@type":"EntryPoint","urlTemplate":"https:\/\/www.diocesitn.it\/area-testimonianza\/?s={search_term_string}"},"query-input":"required name=search_term_string"}],"inLanguage":"it-IT"},{"@type":["Organization","Place"],"@id":"https:\/\/www.diocesitn.it\/area-testimonianza\/#organization","name":"Area Testimonianza e Impegno Sociale - Chiesa di Trento","url":"https:\/\/www.diocesitn.it\/area-testimonianza\/","logo":{"@id":"https:\/\/www.diocesitn.it\/area-testimonianza\/2023\/04\/19\/messa-migrantes\/#local-main-organization-logo"},"image":{"@id":"https:\/\/www.diocesitn.it\/area-testimonianza\/2023\/04\/19\/messa-migrantes\/#local-main-organization-logo"},"openingHoursSpecification":[{"@type":"OpeningHoursSpecification","dayOfWeek":["Monday","Tuesday","Wednesday","Thursday","Friday","Saturday","Sunday"],"opens":"09:00","closes":"17:00"}]},{"@type":"ImageObject","inLanguage":"it-IT","@id":"https:\/\/www.diocesitn.it\/area-testimonianza\/2023\/04\/19\/messa-migrantes\/#local-main-organization-logo","url":"https:\/\/www.diocesitn.it\/area-testimonianza\/wp-content\/uploads\/sites\/37\/2021\/09\/og-logo-testimonianza-e-impegno-sociale.jpg","contentUrl":"https:\/\/www.diocesitn.it\/area-testimonianza\/wp-content\/uploads\/sites\/37\/2021\/09\/og-logo-testimonianza-e-impegno-sociale.jpg","width":1200,"height":630,"caption":"Area Testimonianza e Impegno Sociale - Chiesa di Trento"}]}},"_links":{"self":[{"href":"https:\/\/www.diocesitn.it\/area-testimonianza\/wp-json\/wp\/v2\/posts\/12729","targetHints":{"allow":["GET"]}}],"collection":[{"href":"https:\/\/www.diocesitn.it\/area-testimonianza\/wp-json\/wp\/v2\/posts"}],"about":[{"href":"https:\/\/www.diocesitn.it\/area-testimonianza\/wp-json\/wp\/v2\/types\/post"}],"author":[{"embeddable":true,"href":"https:\/\/www.diocesitn.it\/area-testimonianza\/wp-json\/wp\/v2\/users\/161"}],"replies":[{"embeddable":true,"href":"https:\/\/www.diocesitn.it\/area-testimonianza\/wp-json\/wp\/v2\/comments?post=12729"}],"version-history":[{"count":3,"href":"https:\/\/www.diocesitn.it\/area-testimonianza\/wp-json\/wp\/v2\/posts\/12729\/revisions"}],"predecessor-version":[{"id":12776,"href":"https:\/\/www.diocesitn.it\/area-testimonianza\/wp-json\/wp\/v2\/posts\/12729\/revisions\/12776"}],"wp:featuredmedia":[{"embeddable":true,"href":"https:\/\/www.diocesitn.it\/area-testimonianza\/wp-json\/wp\/v2\/media\/12732"}],"wp:attachment":[{"href":"https:\/\/www.diocesitn.it\/area-testimonianza\/wp-json\/wp\/v2\/media?parent=12729"}],"wp:term":[{"taxonomy":"category","embeddable":true,"href":"https:\/\/www.diocesitn.it\/area-testimonianza\/wp-json\/wp\/v2\/categories?post=12729"},{"taxonomy":"post_tag","embeddable":true,"href":"https:\/\/www.diocesitn.it\/area-testimonianza\/wp-json\/wp\/v2\/tags?post=12729"}],"curies":[{"name":"wp","href":"https:\/\/api.w.org\/{rel}","templated":true}]}}