{"id":12618,"date":"2023-03-23T15:05:26","date_gmt":"2023-03-23T14:05:26","guid":{"rendered":"https:\/\/www.diocesitn.it\/area-testimonianza\/2023\/03\/23\/venerdi-24-marzo-la-giornata-dei-missionari-martiri-don-bettega-ogni-credente-chiamato-ad-essere-testimone\/"},"modified":"2024-03-22T09:43:56","modified_gmt":"2024-03-22T08:43:56","slug":"venerdi-24-marzo-la-giornata-dei-missionari-martiri-don-bettega-ogni-credente-chiamato-ad-essere-testimone","status":"publish","type":"post","link":"https:\/\/www.diocesitn.it\/area-testimonianza\/2023\/03\/23\/venerdi-24-marzo-la-giornata-dei-missionari-martiri-don-bettega-ogni-credente-chiamato-ad-essere-testimone\/","title":{"rendered":"Venerd\u00ec 24 marzo la Giornata dei missionari martiri. Don Bettega: &#8220;Ogni credente chiamato ad essere testimone&#8221;"},"content":{"rendered":"<p>Venerd\u00ec 24 marzo si celebra in tutta la Chiesa italiana la <strong>31\u1d45<\/strong> <strong>Giornata dei missionari martiri<\/strong>, appuntamento istituito nel 1993 dal Movimento Giovanile Missionario (Pontificie Opere Missionarie).\u00a0 Lo slogan scelto quest&#8217;anno \u00e8\u00a0\u201c<strong>Di me sarete testimoni <\/strong>(At 1,8)\u201d, espressione che riprende il tema della Giornata missionaria mondiale dell\u2019ottobre scorso.<\/p>\n<p>In Diocesi di Trento viene rivolto alle comunit\u00e0 un invito al ricordo, alla preghiera e al ringraziamento per le tante vite donate anche tra i missionari trentini.<\/p>\n<p>La celebrazione della Giornata dei missionari martiri si colloca nel giorno dell\u2019<strong>uccisione di monsignor Oscar Romero<\/strong>, avvenuta il <strong>24 marzo 1980<\/strong> a El Salvador.\u00a0Dei\u00a0<strong>18 missionari uccisi nel 2022<\/strong>\u00a0(<a href=\"https:\/\/www.missioitalia.it\/wp-content\/uploads\/2022\/12\/Missionari-uccisi-2022_Dossier-Fides.pdf\">qui<\/a>\u00a0il dossier annuale dell\u2019Agenzia Fides), due sono italiani: si tratta di\u00a0<strong>suor Luisa Dell\u2019Orto<\/strong>, Piccola Sorella del Vangelo, assassinata in un agguato tra i vicoli della capitale di Haiti il 25 giugno scorso, e di\u00a0<strong>suor Maria De Coppi<\/strong>, missionaria comboniana, uccisa in Mozambico nel corso di un\u2019azione terroristica il 6 settembre 2022.<\/p>\n<p>&#8220;Seguire Ges\u00f9 &#8211; commenta <strong>don Cristiano Bettega<\/strong>, delegato dell&#8217;Area Testimonianza della Diocesi &#8211; ti compromette la vita; non puoi pensare che tutto rimanga come prima, indisturbato e indifferente. Ges\u00f9 ti scuote, ti chiede di dire da che parte vuoi stare, ti presenta una vita nuova che ti chiede delle scelte concrete e spesso controcorrente. Ecco, credo che sia anche questo il &#8216;martirio'&#8221;. &#8220;Oggi &#8211; aggiunge don Cristiano &#8211; lo ricordiamo in tante donne e tanti uomini, che in giro per il mondo hanno realmente perso &#8211; o guadagnato &#8211; la vita nel nome di Ges\u00f9. Ma poi lo sappiamo, testimoniare Ges\u00f9 \u00e8 roba di tutti, al di l\u00e0 del come e del dove: \u00e8 il credente che ogni giorno si sente ripetere dal Signore &#8216;tu sei mio testimone&#8217;. E quanta pi\u00f9 passione ci mette in questa testimonianza, tanto pi\u00f9 il discepolo di Ges\u00f9 sar\u00e0 credibile davanti agli altri: la passione, la convinzione, l\u2019entusiasmo sono ci\u00f2 che fa la differenza, &#8216;il segno distintivo di chi \u00e8 nella sequela di Cristo'&#8221; (D. Bonhoeffer).<\/p>\n<p>Questi i nomi dei missionari martiri trentini:<\/p>\n<p>\u2022\u00a0<strong>p. Graziano<\/strong>\u00a0<strong>Leonardelli\u00a0<\/strong>francescano di Mezzocorona ucciso il 24\/7\/1937 a Kichow in Cina<br \/>\n\u2022\u00a0<strong>p. Alberto<\/strong>\u00a0<strong>De Lai\u00a0<\/strong>comboniano di Borgo Valsugana, ucciso nel giugno 1941 Socot\u00e0 in Etiopia<br \/>\n\u2022\u00a0<strong>fratel Pietro<\/strong>\u00a0<strong>Griso\u00a0<\/strong>cappuccino di Samoclevo ucciso il 10\/04\/1938 a Endeber in Etiopia<br \/>\n\u2022\u00a0<strong>p. Teofilo<\/strong>\u00a0<strong>Mazzini\u00a0<\/strong>cappuccino di Villamontagna, ucciso il il 10\/04\/1938 a Endeber in Etiopia<br \/>\n\u2022\u00a0<strong>p. Angelico<\/strong>\u00a0<strong>Scarpa\u00a0<\/strong>cappuccino di Fornace, ucciso il 10\/04\/1938 a Endeber in Etiopia<br \/>\n\u2022\u00a0<strong>p. Mario<\/strong>\u00a0<strong>Borzaga\u00a0<\/strong>(Beato) oblato missionario di Maria Immacolata di Trento, ucciso a fine aprile del 1960 in Laos<br \/>\n\u2022\u00a0<strong>p. Remo<\/strong>\u00a0<strong>Armani\u00a0<\/strong>comboniano di Balbido ucciso il 25\/11\/1964 in R.D. del Congo<br \/>\n\u2022\u00a0<strong>p. Mario<\/strong>\u00a0<strong>Veronesi\u00a0<\/strong>saveriano di Rovereto, ucciso il 4\/4\/1971 in Bangladesh<br \/>\n\u2022\u00a0<strong>p. Luigi Graiff<\/strong>, della consolata di Romeno, ucciso l\u201911\/1\/1981 in Kenya<br \/>\n\u2022\u00a0<strong>p. Saverio<\/strong>\u00a0<strong>Torboli\u00a0<\/strong>cappuccino di Massone, ucciso il 7\/8\/1984 a Mocuba Mozambico<br \/>\n\u2022\u00a0<strong>p. Francesco<\/strong>\u00a0<strong>Bortolotti\u00a0<\/strong>cappuccino di Vigo Meano, ucciso il 27\/03\/1989 a Inhassunge Mozambico<br \/>\n\u2022\u00a0<strong>fratel Oreste<\/strong>\u00a0<strong>Saltori\u00a0<\/strong>cappuccino di Vigo Meano, ucciso il 27\/03\/1989 a Inhassunge Mozambico<br \/>\n\u2022\u00a0<strong>Catina Gubert<\/strong>, laica di Fiera di Primiero uccisa il 30\/9\/1995 a Buyengero Burundi.<\/p>\n<p>Nella foto mons. Carraro ex vescovo di Verona con ai lati padre Francesco Bortolotti e fra Oreste Saltori di Vigo Meano morti nel 1989 martiri in Mozambico.<\/p>\n<p>&nbsp;<\/p>\n<p>&nbsp;<\/p>\n","protected":false},"excerpt":{"rendered":"<p>Venerd\u00ec 24 marzo si celebra in tutta la Chiesa italiana la 31\u1d45 Giornata dei missionari martiri, appuntamento istituito nel 1993 dal Movimento Giovanile Missionario (Pontificie Opere Missionarie).\u00a0 Lo slogan scelto quest&#8217;anno \u00e8\u00a0\u201cDi me sarete testimoni<\/p>\n","protected":false},"author":3,"featured_media":12619,"comment_status":"closed","ping_status":"closed","sticky":false,"template":"","format":"standard","meta":{"footnotes":""},"categories":[1695,1074,1151],"tags":[],"class_list":["post-12618","post","type-post","status-publish","format-standard","has-post-thumbnail","hentry","category-area-testimonianza-e-impegno-sociale","category-notizie","category-servizio-missionario"],"acf":{"seed-localization-paese-cod":"IT","seed-localization-address":"","seed-localization-citta":"Trento","seed-localization-regione-cod-istat":"04","seed-localization-citta-cod-istat":"022205","seed-localization-localita":"","seed-localization-cap":"","seed-localization-marker-visibility":false,"seed-localization-children-visibility":false,"seed-localization-kml":"","seed-localization-custom-marker":""},"yoast_head":"<!-- This site is optimized with the Yoast SEO Premium plugin v20.2.1 (Yoast SEO v22.2) - https:\/\/yoast.com\/wordpress\/plugins\/seo\/ -->\n<title>Venerd\u00ec 24 marzo la Giornata dei missionari martiri. Don Bettega: &quot;Ogni credente chiamato ad essere testimone&quot; - Testimonianza e Impegno sociale<\/title>\n<meta name=\"robots\" content=\"index, follow, max-snippet:-1, max-image-preview:large, max-video-preview:-1\" \/>\n<link rel=\"canonical\" href=\"https:\/\/www.diocesitn.it\/area-testimonianza\/2023\/03\/23\/venerdi-24-marzo-la-giornata-dei-missionari-martiri-don-bettega-ogni-credente-chiamato-ad-essere-testimone\/\" \/>\n<meta property=\"og:locale\" content=\"it_IT\" \/>\n<meta property=\"og:type\" content=\"article\" \/>\n<meta property=\"og:title\" content=\"Venerd\u00ec 24 marzo la Giornata dei missionari martiri. Don Bettega: &quot;Ogni credente chiamato ad essere testimone&quot;\" \/>\n<meta property=\"og:description\" content=\"Venerd\u00ec 24 marzo si celebra in tutta la Chiesa italiana la 31\u1d45 Giornata dei missionari martiri, appuntamento istituito nel 1993 dal Movimento Giovanile Missionario (Pontificie Opere Missionarie).\u00a0 Lo slogan scelto quest&#8217;anno \u00e8\u00a0\u201cDi me sarete testimoni\" \/>\n<meta property=\"og:url\" content=\"https:\/\/www.diocesitn.it\/area-testimonianza\/2023\/03\/23\/venerdi-24-marzo-la-giornata-dei-missionari-martiri-don-bettega-ogni-credente-chiamato-ad-essere-testimone\/\" \/>\n<meta property=\"og:site_name\" content=\"Testimonianza e Impegno sociale\" \/>\n<meta property=\"article:published_time\" content=\"2023-03-23T14:05:26+00:00\" \/>\n<meta property=\"article:modified_time\" content=\"2024-03-22T08:43:56+00:00\" \/>\n<meta property=\"og:image\" content=\"https:\/\/www.diocesitn.it\/area-testimonianza\/wp-content\/uploads\/sites\/37\/2023\/03\/saverio_torboli_web.png\" \/>\n\t<meta property=\"og:image:width\" content=\"396\" \/>\n\t<meta property=\"og:image:height\" content=\"294\" \/>\n\t<meta property=\"og:image:type\" content=\"image\/png\" \/>\n<meta name=\"author\" content=\"Piergiorgio Franceschini\" \/>\n<meta name=\"twitter:card\" content=\"summary_large_image\" \/>\n<meta name=\"twitter:label1\" content=\"Scritto da\" \/>\n\t<meta name=\"twitter:data1\" content=\"Piergiorgio Franceschini\" \/>\n\t<meta name=\"twitter:label2\" content=\"Tempo di lettura stimato\" \/>\n\t<meta name=\"twitter:data2\" content=\"4 minuti\" \/>\n<script type=\"application\/ld+json\" class=\"yoast-schema-graph\">{\"@context\":\"https:\/\/schema.org\",\"@graph\":[{\"@type\":\"Article\",\"@id\":\"https:\/\/www.diocesitn.it\/area-testimonianza\/2023\/03\/23\/venerdi-24-marzo-la-giornata-dei-missionari-martiri-don-bettega-ogni-credente-chiamato-ad-essere-testimone\/#article\",\"isPartOf\":{\"@id\":\"https:\/\/www.diocesitn.it\/area-testimonianza\/2023\/03\/23\/venerdi-24-marzo-la-giornata-dei-missionari-martiri-don-bettega-ogni-credente-chiamato-ad-essere-testimone\/\"},\"author\":{\"name\":\"Piergiorgio Franceschini\",\"@id\":\"https:\/\/www.diocesitn.it\/area-testimonianza\/#\/schema\/person\/99590c84577873a025247b6aeb16ad2e\"},\"headline\":\"Venerd\u00ec 24 marzo la Giornata dei missionari martiri. Don Bettega: &#8220;Ogni credente chiamato ad essere testimone&#8221;\",\"datePublished\":\"2023-03-23T14:05:26+00:00\",\"dateModified\":\"2024-03-22T08:43:56+00:00\",\"mainEntityOfPage\":{\"@id\":\"https:\/\/www.diocesitn.it\/area-testimonianza\/2023\/03\/23\/venerdi-24-marzo-la-giornata-dei-missionari-martiri-don-bettega-ogni-credente-chiamato-ad-essere-testimone\/\"},\"wordCount\":534,\"publisher\":{\"@id\":\"https:\/\/www.diocesitn.it\/area-testimonianza\/#organization\"},\"image\":{\"@id\":\"https:\/\/www.diocesitn.it\/area-testimonianza\/2023\/03\/23\/venerdi-24-marzo-la-giornata-dei-missionari-martiri-don-bettega-ogni-credente-chiamato-ad-essere-testimone\/#primaryimage\"},\"thumbnailUrl\":\"https:\/\/www.diocesitn.it\/area-testimonianza\/wp-content\/uploads\/sites\/37\/2023\/03\/saverio_torboli_web.png\",\"articleSection\":[\"Area Testimonianza e Impegno sociale\",\"Notizie\",\"Pastorale Missionaria\"],\"inLanguage\":\"it-IT\",\"copyrightYear\":\"2023\",\"copyrightHolder\":{\"@id\":\"https:\/\/www.diocesitn.it\/#organization\"}},{\"@type\":\"WebPage\",\"@id\":\"https:\/\/www.diocesitn.it\/area-testimonianza\/2023\/03\/23\/venerdi-24-marzo-la-giornata-dei-missionari-martiri-don-bettega-ogni-credente-chiamato-ad-essere-testimone\/\",\"url\":\"https:\/\/www.diocesitn.it\/area-testimonianza\/2023\/03\/23\/venerdi-24-marzo-la-giornata-dei-missionari-martiri-don-bettega-ogni-credente-chiamato-ad-essere-testimone\/\",\"name\":\"Venerd\u00ec 24 marzo la Giornata dei missionari martiri. Don Bettega: \\\"Ogni credente chiamato ad essere testimone\\\" - Testimonianza e Impegno sociale\",\"isPartOf\":{\"@id\":\"https:\/\/www.diocesitn.it\/area-testimonianza\/#website\"},\"primaryImageOfPage\":{\"@id\":\"https:\/\/www.diocesitn.it\/area-testimonianza\/2023\/03\/23\/venerdi-24-marzo-la-giornata-dei-missionari-martiri-don-bettega-ogni-credente-chiamato-ad-essere-testimone\/#primaryimage\"},\"image\":{\"@id\":\"https:\/\/www.diocesitn.it\/area-testimonianza\/2023\/03\/23\/venerdi-24-marzo-la-giornata-dei-missionari-martiri-don-bettega-ogni-credente-chiamato-ad-essere-testimone\/#primaryimage\"},\"thumbnailUrl\":\"https:\/\/www.diocesitn.it\/area-testimonianza\/wp-content\/uploads\/sites\/37\/2023\/03\/saverio_torboli_web.png\",\"datePublished\":\"2023-03-23T14:05:26+00:00\",\"dateModified\":\"2024-03-22T08:43:56+00:00\",\"breadcrumb\":{\"@id\":\"https:\/\/www.diocesitn.it\/area-testimonianza\/2023\/03\/23\/venerdi-24-marzo-la-giornata-dei-missionari-martiri-don-bettega-ogni-credente-chiamato-ad-essere-testimone\/#breadcrumb\"},\"inLanguage\":\"it-IT\",\"potentialAction\":[{\"@type\":\"ReadAction\",\"target\":[\"https:\/\/www.diocesitn.it\/area-testimonianza\/2023\/03\/23\/venerdi-24-marzo-la-giornata-dei-missionari-martiri-don-bettega-ogni-credente-chiamato-ad-essere-testimone\/\"]}]},{\"@type\":\"ImageObject\",\"inLanguage\":\"it-IT\",\"@id\":\"https:\/\/www.diocesitn.it\/area-testimonianza\/2023\/03\/23\/venerdi-24-marzo-la-giornata-dei-missionari-martiri-don-bettega-ogni-credente-chiamato-ad-essere-testimone\/#primaryimage\",\"url\":\"https:\/\/www.diocesitn.it\/area-testimonianza\/wp-content\/uploads\/sites\/37\/2023\/03\/saverio_torboli_web.png\",\"contentUrl\":\"https:\/\/www.diocesitn.it\/area-testimonianza\/wp-content\/uploads\/sites\/37\/2023\/03\/saverio_torboli_web.png\",\"width\":396,\"height\":294},{\"@type\":\"BreadcrumbList\",\"@id\":\"https:\/\/www.diocesitn.it\/area-testimonianza\/2023\/03\/23\/venerdi-24-marzo-la-giornata-dei-missionari-martiri-don-bettega-ogni-credente-chiamato-ad-essere-testimone\/#breadcrumb\",\"itemListElement\":[{\"@type\":\"ListItem\",\"position\":1,\"name\":\"Home\",\"item\":\"https:\/\/www.diocesitn.it\/area-testimonianza\/\"},{\"@type\":\"ListItem\",\"position\":2,\"name\":\"Venerd\u00ec 24 marzo la Giornata dei missionari martiri. Don Bettega: &#8220;Ogni credente chiamato ad essere testimone&#8221;\"}]},{\"@type\":\"WebSite\",\"@id\":\"https:\/\/www.diocesitn.it\/area-testimonianza\/#website\",\"url\":\"https:\/\/www.diocesitn.it\/area-testimonianza\/\",\"name\":\"Testimonianza e Impegno sociale\",\"description\":\"Chiesa di Trento\",\"publisher\":{\"@id\":\"https:\/\/www.diocesitn.it\/area-testimonianza\/#organization\"},\"potentialAction\":[{\"@type\":\"SearchAction\",\"target\":{\"@type\":\"EntryPoint\",\"urlTemplate\":\"https:\/\/www.diocesitn.it\/area-testimonianza\/?s={search_term_string}\"},\"query-input\":\"required name=search_term_string\"}],\"inLanguage\":\"it-IT\"},{\"@type\":[\"Organization\",\"Place\"],\"@id\":\"https:\/\/www.diocesitn.it\/area-testimonianza\/#organization\",\"name\":\"Area Testimonianza e Impegno Sociale - Chiesa di Trento\",\"url\":\"https:\/\/www.diocesitn.it\/area-testimonianza\/\",\"logo\":{\"@id\":\"https:\/\/www.diocesitn.it\/area-testimonianza\/2023\/03\/23\/venerdi-24-marzo-la-giornata-dei-missionari-martiri-don-bettega-ogni-credente-chiamato-ad-essere-testimone\/#local-main-organization-logo\"},\"image\":{\"@id\":\"https:\/\/www.diocesitn.it\/area-testimonianza\/2023\/03\/23\/venerdi-24-marzo-la-giornata-dei-missionari-martiri-don-bettega-ogni-credente-chiamato-ad-essere-testimone\/#local-main-organization-logo\"},\"openingHoursSpecification\":[{\"@type\":\"OpeningHoursSpecification\",\"dayOfWeek\":[\"Monday\",\"Tuesday\",\"Wednesday\",\"Thursday\",\"Friday\",\"Saturday\",\"Sunday\"],\"opens\":\"09:00\",\"closes\":\"17:00\"}]},{\"@type\":\"ImageObject\",\"inLanguage\":\"it-IT\",\"@id\":\"https:\/\/www.diocesitn.it\/area-testimonianza\/2023\/03\/23\/venerdi-24-marzo-la-giornata-dei-missionari-martiri-don-bettega-ogni-credente-chiamato-ad-essere-testimone\/#local-main-organization-logo\",\"url\":\"https:\/\/www.diocesitn.it\/area-testimonianza\/wp-content\/uploads\/sites\/37\/2021\/09\/og-logo-testimonianza-e-impegno-sociale.jpg\",\"contentUrl\":\"https:\/\/www.diocesitn.it\/area-testimonianza\/wp-content\/uploads\/sites\/37\/2021\/09\/og-logo-testimonianza-e-impegno-sociale.jpg\",\"width\":1200,\"height\":630,\"caption\":\"Area Testimonianza e Impegno Sociale - Chiesa di Trento\"}]}<\/script>\n<!-- \/ Yoast SEO Premium plugin. -->","yoast_head_json":{"title":"Venerd\u00ec 24 marzo la Giornata dei missionari martiri. Don Bettega: \"Ogni credente chiamato ad essere testimone\" - Testimonianza e Impegno sociale","robots":{"index":"index","follow":"follow","max-snippet":"max-snippet:-1","max-image-preview":"max-image-preview:large","max-video-preview":"max-video-preview:-1"},"canonical":"https:\/\/www.diocesitn.it\/area-testimonianza\/2023\/03\/23\/venerdi-24-marzo-la-giornata-dei-missionari-martiri-don-bettega-ogni-credente-chiamato-ad-essere-testimone\/","og_locale":"it_IT","og_type":"article","og_title":"Venerd\u00ec 24 marzo la Giornata dei missionari martiri. Don Bettega: \"Ogni credente chiamato ad essere testimone\"","og_description":"Venerd\u00ec 24 marzo si celebra in tutta la Chiesa italiana la 31\u1d45 Giornata dei missionari martiri, appuntamento istituito nel 1993 dal Movimento Giovanile Missionario (Pontificie Opere Missionarie).\u00a0 Lo slogan scelto quest&#8217;anno \u00e8\u00a0\u201cDi me sarete testimoni","og_url":"https:\/\/www.diocesitn.it\/area-testimonianza\/2023\/03\/23\/venerdi-24-marzo-la-giornata-dei-missionari-martiri-don-bettega-ogni-credente-chiamato-ad-essere-testimone\/","og_site_name":"Testimonianza e Impegno sociale","article_published_time":"2023-03-23T14:05:26+00:00","article_modified_time":"2024-03-22T08:43:56+00:00","og_image":[{"width":396,"height":294,"url":"https:\/\/www.diocesitn.it\/area-testimonianza\/wp-content\/uploads\/sites\/37\/2023\/03\/saverio_torboli_web.png","type":"image\/png"}],"author":"Piergiorgio Franceschini","twitter_card":"summary_large_image","twitter_misc":{"Scritto da":"Piergiorgio Franceschini","Tempo di lettura stimato":"4 minuti"},"schema":{"@context":"https:\/\/schema.org","@graph":[{"@type":"Article","@id":"https:\/\/www.diocesitn.it\/area-testimonianza\/2023\/03\/23\/venerdi-24-marzo-la-giornata-dei-missionari-martiri-don-bettega-ogni-credente-chiamato-ad-essere-testimone\/#article","isPartOf":{"@id":"https:\/\/www.diocesitn.it\/area-testimonianza\/2023\/03\/23\/venerdi-24-marzo-la-giornata-dei-missionari-martiri-don-bettega-ogni-credente-chiamato-ad-essere-testimone\/"},"author":{"name":"Piergiorgio Franceschini","@id":"https:\/\/www.diocesitn.it\/area-testimonianza\/#\/schema\/person\/99590c84577873a025247b6aeb16ad2e"},"headline":"Venerd\u00ec 24 marzo la Giornata dei missionari martiri. Don Bettega: &#8220;Ogni credente chiamato ad essere testimone&#8221;","datePublished":"2023-03-23T14:05:26+00:00","dateModified":"2024-03-22T08:43:56+00:00","mainEntityOfPage":{"@id":"https:\/\/www.diocesitn.it\/area-testimonianza\/2023\/03\/23\/venerdi-24-marzo-la-giornata-dei-missionari-martiri-don-bettega-ogni-credente-chiamato-ad-essere-testimone\/"},"wordCount":534,"publisher":{"@id":"https:\/\/www.diocesitn.it\/area-testimonianza\/#organization"},"image":{"@id":"https:\/\/www.diocesitn.it\/area-testimonianza\/2023\/03\/23\/venerdi-24-marzo-la-giornata-dei-missionari-martiri-don-bettega-ogni-credente-chiamato-ad-essere-testimone\/#primaryimage"},"thumbnailUrl":"https:\/\/www.diocesitn.it\/area-testimonianza\/wp-content\/uploads\/sites\/37\/2023\/03\/saverio_torboli_web.png","articleSection":["Area Testimonianza e Impegno sociale","Notizie","Pastorale Missionaria"],"inLanguage":"it-IT","copyrightYear":"2023","copyrightHolder":{"@id":"https:\/\/www.diocesitn.it\/#organization"}},{"@type":"WebPage","@id":"https:\/\/www.diocesitn.it\/area-testimonianza\/2023\/03\/23\/venerdi-24-marzo-la-giornata-dei-missionari-martiri-don-bettega-ogni-credente-chiamato-ad-essere-testimone\/","url":"https:\/\/www.diocesitn.it\/area-testimonianza\/2023\/03\/23\/venerdi-24-marzo-la-giornata-dei-missionari-martiri-don-bettega-ogni-credente-chiamato-ad-essere-testimone\/","name":"Venerd\u00ec 24 marzo la Giornata dei missionari martiri. Don Bettega: \"Ogni credente chiamato ad essere testimone\" - Testimonianza e Impegno sociale","isPartOf":{"@id":"https:\/\/www.diocesitn.it\/area-testimonianza\/#website"},"primaryImageOfPage":{"@id":"https:\/\/www.diocesitn.it\/area-testimonianza\/2023\/03\/23\/venerdi-24-marzo-la-giornata-dei-missionari-martiri-don-bettega-ogni-credente-chiamato-ad-essere-testimone\/#primaryimage"},"image":{"@id":"https:\/\/www.diocesitn.it\/area-testimonianza\/2023\/03\/23\/venerdi-24-marzo-la-giornata-dei-missionari-martiri-don-bettega-ogni-credente-chiamato-ad-essere-testimone\/#primaryimage"},"thumbnailUrl":"https:\/\/www.diocesitn.it\/area-testimonianza\/wp-content\/uploads\/sites\/37\/2023\/03\/saverio_torboli_web.png","datePublished":"2023-03-23T14:05:26+00:00","dateModified":"2024-03-22T08:43:56+00:00","breadcrumb":{"@id":"https:\/\/www.diocesitn.it\/area-testimonianza\/2023\/03\/23\/venerdi-24-marzo-la-giornata-dei-missionari-martiri-don-bettega-ogni-credente-chiamato-ad-essere-testimone\/#breadcrumb"},"inLanguage":"it-IT","potentialAction":[{"@type":"ReadAction","target":["https:\/\/www.diocesitn.it\/area-testimonianza\/2023\/03\/23\/venerdi-24-marzo-la-giornata-dei-missionari-martiri-don-bettega-ogni-credente-chiamato-ad-essere-testimone\/"]}]},{"@type":"ImageObject","inLanguage":"it-IT","@id":"https:\/\/www.diocesitn.it\/area-testimonianza\/2023\/03\/23\/venerdi-24-marzo-la-giornata-dei-missionari-martiri-don-bettega-ogni-credente-chiamato-ad-essere-testimone\/#primaryimage","url":"https:\/\/www.diocesitn.it\/area-testimonianza\/wp-content\/uploads\/sites\/37\/2023\/03\/saverio_torboli_web.png","contentUrl":"https:\/\/www.diocesitn.it\/area-testimonianza\/wp-content\/uploads\/sites\/37\/2023\/03\/saverio_torboli_web.png","width":396,"height":294},{"@type":"BreadcrumbList","@id":"https:\/\/www.diocesitn.it\/area-testimonianza\/2023\/03\/23\/venerdi-24-marzo-la-giornata-dei-missionari-martiri-don-bettega-ogni-credente-chiamato-ad-essere-testimone\/#breadcrumb","itemListElement":[{"@type":"ListItem","position":1,"name":"Home","item":"https:\/\/www.diocesitn.it\/area-testimonianza\/"},{"@type":"ListItem","position":2,"name":"Venerd\u00ec 24 marzo la Giornata dei missionari martiri. Don Bettega: &#8220;Ogni credente chiamato ad essere testimone&#8221;"}]},{"@type":"WebSite","@id":"https:\/\/www.diocesitn.it\/area-testimonianza\/#website","url":"https:\/\/www.diocesitn.it\/area-testimonianza\/","name":"Testimonianza e Impegno sociale","description":"Chiesa di Trento","publisher":{"@id":"https:\/\/www.diocesitn.it\/area-testimonianza\/#organization"},"potentialAction":[{"@type":"SearchAction","target":{"@type":"EntryPoint","urlTemplate":"https:\/\/www.diocesitn.it\/area-testimonianza\/?s={search_term_string}"},"query-input":"required name=search_term_string"}],"inLanguage":"it-IT"},{"@type":["Organization","Place"],"@id":"https:\/\/www.diocesitn.it\/area-testimonianza\/#organization","name":"Area Testimonianza e Impegno Sociale - Chiesa di Trento","url":"https:\/\/www.diocesitn.it\/area-testimonianza\/","logo":{"@id":"https:\/\/www.diocesitn.it\/area-testimonianza\/2023\/03\/23\/venerdi-24-marzo-la-giornata-dei-missionari-martiri-don-bettega-ogni-credente-chiamato-ad-essere-testimone\/#local-main-organization-logo"},"image":{"@id":"https:\/\/www.diocesitn.it\/area-testimonianza\/2023\/03\/23\/venerdi-24-marzo-la-giornata-dei-missionari-martiri-don-bettega-ogni-credente-chiamato-ad-essere-testimone\/#local-main-organization-logo"},"openingHoursSpecification":[{"@type":"OpeningHoursSpecification","dayOfWeek":["Monday","Tuesday","Wednesday","Thursday","Friday","Saturday","Sunday"],"opens":"09:00","closes":"17:00"}]},{"@type":"ImageObject","inLanguage":"it-IT","@id":"https:\/\/www.diocesitn.it\/area-testimonianza\/2023\/03\/23\/venerdi-24-marzo-la-giornata-dei-missionari-martiri-don-bettega-ogni-credente-chiamato-ad-essere-testimone\/#local-main-organization-logo","url":"https:\/\/www.diocesitn.it\/area-testimonianza\/wp-content\/uploads\/sites\/37\/2021\/09\/og-logo-testimonianza-e-impegno-sociale.jpg","contentUrl":"https:\/\/www.diocesitn.it\/area-testimonianza\/wp-content\/uploads\/sites\/37\/2021\/09\/og-logo-testimonianza-e-impegno-sociale.jpg","width":1200,"height":630,"caption":"Area Testimonianza e Impegno Sociale - Chiesa di Trento"}]}},"_links":{"self":[{"href":"https:\/\/www.diocesitn.it\/area-testimonianza\/wp-json\/wp\/v2\/posts\/12618","targetHints":{"allow":["GET"]}}],"collection":[{"href":"https:\/\/www.diocesitn.it\/area-testimonianza\/wp-json\/wp\/v2\/posts"}],"about":[{"href":"https:\/\/www.diocesitn.it\/area-testimonianza\/wp-json\/wp\/v2\/types\/post"}],"author":[{"embeddable":true,"href":"https:\/\/www.diocesitn.it\/area-testimonianza\/wp-json\/wp\/v2\/users\/3"}],"replies":[{"embeddable":true,"href":"https:\/\/www.diocesitn.it\/area-testimonianza\/wp-json\/wp\/v2\/comments?post=12618"}],"version-history":[{"count":1,"href":"https:\/\/www.diocesitn.it\/area-testimonianza\/wp-json\/wp\/v2\/posts\/12618\/revisions"}],"predecessor-version":[{"id":12621,"href":"https:\/\/www.diocesitn.it\/area-testimonianza\/wp-json\/wp\/v2\/posts\/12618\/revisions\/12621"}],"wp:featuredmedia":[{"embeddable":true,"href":"https:\/\/www.diocesitn.it\/area-testimonianza\/wp-json\/wp\/v2\/media\/12619"}],"wp:attachment":[{"href":"https:\/\/www.diocesitn.it\/area-testimonianza\/wp-json\/wp\/v2\/media?parent=12618"}],"wp:term":[{"taxonomy":"category","embeddable":true,"href":"https:\/\/www.diocesitn.it\/area-testimonianza\/wp-json\/wp\/v2\/categories?post=12618"},{"taxonomy":"post_tag","embeddable":true,"href":"https:\/\/www.diocesitn.it\/area-testimonianza\/wp-json\/wp\/v2\/tags?post=12618"}],"curies":[{"name":"wp","href":"https:\/\/api.w.org\/{rel}","templated":true}]}}