{"id":12543,"date":"2023-03-14T13:22:49","date_gmt":"2023-03-14T12:22:49","guid":{"rendered":"https:\/\/www.diocesitn.it\/area-testimonianza\/?p=12543"},"modified":"2023-03-14T13:22:49","modified_gmt":"2023-03-14T12:22:49","slug":"pellegrinaggio-in-terra-santa-tutti-gli-aggiornamenti","status":"publish","type":"post","link":"https:\/\/www.diocesitn.it\/area-testimonianza\/2023\/03\/14\/pellegrinaggio-in-terra-santa-tutti-gli-aggiornamenti\/","title":{"rendered":"Pellegrinaggio in Terra Santa. Tutti gli aggiornamenti"},"content":{"rendered":"<h2>Terra Santa \u2013 27 luglio \/ 3 agosto 2023<\/h2>\n<p><em>Gerusalemme citt\u00e0 della pace. Davvero!<\/em><\/p>\n<p><img loading=\"lazy\" decoding=\"async\" class=\"wp-image-12566 alignleft\" src=\"https:\/\/www.diocesitn.it\/area-testimonianza\/wp-content\/uploads\/sites\/37\/2023\/03\/al-aqsa-mosque-gaf6b52e61_1920-1-e1678788631531-300x276.jpg\" alt=\"\" width=\"172\" height=\"158\" srcset=\"https:\/\/www.diocesitn.it\/area-testimonianza\/wp-content\/uploads\/sites\/37\/2023\/03\/al-aqsa-mosque-gaf6b52e61_1920-1-e1678788631531-300x276.jpg 300w, https:\/\/www.diocesitn.it\/area-testimonianza\/wp-content\/uploads\/sites\/37\/2023\/03\/al-aqsa-mosque-gaf6b52e61_1920-1-e1678788631531-768x707.jpg 768w, https:\/\/www.diocesitn.it\/area-testimonianza\/wp-content\/uploads\/sites\/37\/2023\/03\/al-aqsa-mosque-gaf6b52e61_1920-1-e1678788631531-304x280.jpg 304w, https:\/\/www.diocesitn.it\/area-testimonianza\/wp-content\/uploads\/sites\/37\/2023\/03\/al-aqsa-mosque-gaf6b52e61_1920-1-e1678788631531-835x768.jpg 835w, https:\/\/www.diocesitn.it\/area-testimonianza\/wp-content\/uploads\/sites\/37\/2023\/03\/al-aqsa-mosque-gaf6b52e61_1920-1-e1678788631531-800x736.jpg 800w, https:\/\/www.diocesitn.it\/area-testimonianza\/wp-content\/uploads\/sites\/37\/2023\/03\/al-aqsa-mosque-gaf6b52e61_1920-1-e1678788631531.jpg 1012w\" sizes=\"auto, (max-width: 172px) 100vw, 172px\" \/><\/p>\n<p>&nbsp;<\/p>\n<p>&nbsp;<\/p>\n<p>Pellegrinaggio alternativo a Gerusalemme e Betlemme.<\/p>\n<p>Maggiori\u00a0<strong>informazioni<\/strong>\u00a0(orari, iscrizioni e costi) sono disponibili da ora scrivendo a:\u00a0<a href=\"mailto:pellegrinaggi@diocesitn.it\" target=\"_blank\" rel=\"noopener\">pellegrinaggi@diocesitn.it<\/a><\/p>\n<p>&nbsp;<\/p>\n<div id=\"attachment_12578\" class=\"wp-caption alignright\"><a href=\"https:\/\/www.diocesitn.it\/area-testimonianza\/wp-content\/uploads\/sites\/37\/2023\/03\/Terra-Santa-2023-logo.jpg\" target=\"_blank\" rel=\"noopener\"><img loading=\"lazy\" decoding=\"async\" class=\"wp-image-12578 size-medium\" src=\"https:\/\/www.diocesitn.it\/area-testimonianza\/wp-content\/uploads\/sites\/37\/2023\/03\/Terra-Santa-2023-logo-212x300.jpg\" alt=\"\" width=\"212\" height=\"300\" aria-describedby=\"caption-attachment-12578\" srcset=\"https:\/\/www.diocesitn.it\/area-testimonianza\/wp-content\/uploads\/sites\/37\/2023\/03\/Terra-Santa-2023-logo-212x300.jpg 212w, https:\/\/www.diocesitn.it\/area-testimonianza\/wp-content\/uploads\/sites\/37\/2023\/03\/Terra-Santa-2023-logo-724x1024.jpg 724w, https:\/\/www.diocesitn.it\/area-testimonianza\/wp-content\/uploads\/sites\/37\/2023\/03\/Terra-Santa-2023-logo-768x1086.jpg 768w, https:\/\/www.diocesitn.it\/area-testimonianza\/wp-content\/uploads\/sites\/37\/2023\/03\/Terra-Santa-2023-logo-198x280.jpg 198w, https:\/\/www.diocesitn.it\/area-testimonianza\/wp-content\/uploads\/sites\/37\/2023\/03\/Terra-Santa-2023-logo-543x768.jpg 543w, https:\/\/www.diocesitn.it\/area-testimonianza\/wp-content\/uploads\/sites\/37\/2023\/03\/Terra-Santa-2023-logo-1086x1536.jpg 1086w, https:\/\/www.diocesitn.it\/area-testimonianza\/wp-content\/uploads\/sites\/37\/2023\/03\/Terra-Santa-2023-logo-800x1132.jpg 800w, https:\/\/www.diocesitn.it\/area-testimonianza\/wp-content\/uploads\/sites\/37\/2023\/03\/Terra-Santa-2023-logo-1200x1697.jpg 1200w, https:\/\/www.diocesitn.it\/area-testimonianza\/wp-content\/uploads\/sites\/37\/2023\/03\/Terra-Santa-2023-logo-1320x1867.jpg 1320w, https:\/\/www.diocesitn.it\/area-testimonianza\/wp-content\/uploads\/sites\/37\/2023\/03\/Terra-Santa-2023-logo.jpg 1414w\" sizes=\"auto, (max-width: 212px) 100vw, 212px\" \/><\/a><\/p>\n<p id=\"caption-attachment-12578\" class=\"wp-caption-text\">Volantino del pellegrinaggio in Terra Santa<\/p>\n<\/div>\n<h5><strong>Programma di massima<\/strong><\/h5>\n<p>L\u2019intenzione \u00e8 quella di visitare sicuramente i luoghi santi pi\u00f9 santi della cristianit\u00e0: a Betlemme la Basilica della Nativit\u00e0, a Gerusalemme il Santo Sepolcro, il Monte degli Ulivi, il Cenacolo, la Via Crucis\u2026 ma visiteremo anche altri luoghi di culto (una moschea, una sinagoga\u2026). Saremo alloggiati in una casa delle suore comboniane a Betania, sobborgo di Gerusalemme; questo ci permetter\u00e0 una soluzione familiare (in mezza pensione, stanze doppie o singole), potremo approfittare non solo dell\u2019ospitalit\u00e0 delle suore ma anche della loro esperienza sul campo, e insieme a loro faremo una \u201cpuntata\u201d nel deserto di Giuda, dove alcune suore seguono percorsi di scambio con i beduini. Incontreremo monumenti, ma anche comunit\u00e0 e testimoni, non solo cristiani; cercheremo quindi di assaporare i luoghi santi attraverso la santit\u00e0 delle persone e delle realt\u00e0 che incontreremo, fatte di speranza, di sogno, di realt\u00e0 a volte drammatica e a volte luminosa, fatta di muri ma anche di dialogo.<br \/>\nLo stile del pellegrinaggio sar\u00e0 molto spartano: non avremo un pullman a disposizione (eccetto il transfer da e per l\u2019aeroporto di Tel Aviv), gireremo a piedi \u2013 strade comode \u2013 o con i mezzi pubblici locali; i pranzi saranno a carico di ciascun partecipante, e diverranno cos\u00ec un\u2019occasione per immergerci un po\u2019 di pi\u00f9 nella cultura locale \u2013 anche a prezzi molto modesti.<br \/>\nCompatibilmente con la situazione locale, faremo anche una puntata in Palestina, ovvero nei cosiddetti Territori occupati, per osservare ancora un po\u2019 pi\u00f9 da vicino la realt\u00e0 vera di una Terra davvero santa e per\u00f2 anche tanto martoriata\u2026 una Terra per\u00f2 che si ostina a costruire pace in ogni suo angolo. E ce ne accorgeremo!<\/p>\n<h5><strong>Note tecniche<\/strong><\/h5>\n<ul>\n<li>I costi saranno il pi\u00f9 possibile contenuti, nello stile di un autentico pellegrinaggio;<br \/>\nGirando per lo pi\u00f9 a piedi, sar\u00e0 necessario portare con s\u00e9 un po\u2019 di capacit\u00e0 di resistenza, spirito di adattamento e soprattutto la volont\u00e0 di mettersi in gioco<\/li>\n<li>\u00c8 necessario avere il passaporto, con validit\u00e0 di almeno 6 mesi successivi al pellegrinaggio; in concreto, il passaporto deve essere valido almeno fino a fine gennaio 2024<\/li>\n<\/ul>\n<p>&nbsp;<\/p>\n<hr \/>\n<p style=\"text-align: center\">Scopri tutto sugli altri <a href=\"https:\/\/www.diocesitn.it\/area-testimonianza\/i-pellegrinaggi-della-diocesi-di-trento-nel-2023\/?preview_id=12576&amp;preview_nonce=3f22209856&amp;_thumbnail_id=12288&amp;preview=true\">pellegrinaggi diocesani<\/a>.<\/p>\n","protected":false},"excerpt":{"rendered":"<p>Terra Santa \u2013 27 luglio \/ 3 agosto 2023 Gerusalemme citt\u00e0 della pace. Davvero! &nbsp; &nbsp; Pellegrinaggio alternativo a Gerusalemme e Betlemme. Maggiori\u00a0informazioni\u00a0(orari, iscrizioni e costi) sono disponibili da ora scrivendo a:\u00a0pellegrinaggi@diocesitn.it &nbsp; Volantino del<\/p>\n","protected":false},"author":161,"featured_media":12541,"comment_status":"closed","ping_status":"closed","sticky":false,"template":"","format":"standard","meta":{"footnotes":""},"categories":[1074,1102],"tags":[2059,1128,1412],"class_list":["post-12543","post","type-post","status-publish","format-standard","has-post-thumbnail","hentry","category-notizie","category-servizio-salute-pellegrinaggi-anziani","tag-2059","tag-pellegrinaggio","tag-terra-santa"],"acf":{"seed-localization-paese-cod":"IT","seed-localization-address":"","seed-localization-citta":"Trento","seed-localization-regione-cod-istat":"04","seed-localization-citta-cod-istat":"022205","seed-localization-localita":"","seed-localization-cap":"","seed-localization-marker-visibility":false,"seed-localization-children-visibility":false,"seed-localization-kml":"","seed-localization-custom-marker":""},"yoast_head":"<!-- This site is optimized with the Yoast SEO Premium plugin v20.2.1 (Yoast SEO v22.2) - https:\/\/yoast.com\/wordpress\/plugins\/seo\/ -->\n<title>Pellegrinaggio in Terra Santa. Tutti gli aggiornamenti<\/title>\n<meta name=\"description\" content=\"Tutti gli aggiornamenti sul pellegrinaggio in Terra Santa organizzato dalla diocesi di Trento.\" \/>\n<meta name=\"robots\" content=\"index, follow, max-snippet:-1, max-image-preview:large, max-video-preview:-1\" \/>\n<link rel=\"canonical\" href=\"https:\/\/www.diocesitn.it\/area-testimonianza\/2023\/03\/14\/pellegrinaggio-in-terra-santa-tutti-gli-aggiornamenti\/\" \/>\n<meta property=\"og:locale\" content=\"it_IT\" \/>\n<meta property=\"og:type\" content=\"article\" \/>\n<meta property=\"og:title\" content=\"Pellegrinaggio in Terra Santa. Tutti gli aggiornamenti\" \/>\n<meta property=\"og:description\" content=\"Tutti gli aggiornamenti sul pellegrinaggio in Terra Santa organizzato dalla diocesi di Trento.\" \/>\n<meta property=\"og:url\" content=\"https:\/\/www.diocesitn.it\/area-testimonianza\/2023\/03\/14\/pellegrinaggio-in-terra-santa-tutti-gli-aggiornamenti\/\" \/>\n<meta property=\"og:site_name\" content=\"Testimonianza e Impegno sociale\" \/>\n<meta property=\"article:published_time\" content=\"2023-03-14T12:22:49+00:00\" \/>\n<meta property=\"og:image\" content=\"https:\/\/www.diocesitn.it\/area-testimonianza\/wp-content\/uploads\/sites\/37\/2023\/03\/basilica-of-the-holy-sepulchre-g0d56c528e_1920.jpg\" \/>\n\t<meta property=\"og:image:width\" content=\"1920\" \/>\n\t<meta property=\"og:image:height\" content=\"1280\" \/>\n\t<meta property=\"og:image:type\" content=\"image\/jpeg\" \/>\n<meta name=\"author\" content=\"smaule\" \/>\n<meta name=\"twitter:card\" content=\"summary_large_image\" \/>\n<meta name=\"twitter:label1\" content=\"Scritto da\" \/>\n\t<meta name=\"twitter:data1\" content=\"smaule\" \/>\n\t<meta name=\"twitter:label2\" content=\"Tempo di lettura stimato\" \/>\n\t<meta name=\"twitter:data2\" content=\"3 minuti\" \/>\n<script type=\"application\/ld+json\" class=\"yoast-schema-graph\">{\"@context\":\"https:\/\/schema.org\",\"@graph\":[{\"@type\":\"Article\",\"@id\":\"https:\/\/www.diocesitn.it\/area-testimonianza\/2023\/03\/14\/pellegrinaggio-in-terra-santa-tutti-gli-aggiornamenti\/#article\",\"isPartOf\":{\"@id\":\"https:\/\/www.diocesitn.it\/area-testimonianza\/2023\/03\/14\/pellegrinaggio-in-terra-santa-tutti-gli-aggiornamenti\/\"},\"author\":{\"name\":\"smaule\",\"@id\":\"https:\/\/www.diocesitn.it\/area-testimonianza\/#\/schema\/person\/bac489aafb7f98c1ca25f76c27174a95\"},\"headline\":\"Pellegrinaggio in Terra Santa. Tutti gli aggiornamenti\",\"datePublished\":\"2023-03-14T12:22:49+00:00\",\"dateModified\":\"2023-03-14T12:22:49+00:00\",\"mainEntityOfPage\":{\"@id\":\"https:\/\/www.diocesitn.it\/area-testimonianza\/2023\/03\/14\/pellegrinaggio-in-terra-santa-tutti-gli-aggiornamenti\/\"},\"wordCount\":393,\"publisher\":{\"@id\":\"https:\/\/www.diocesitn.it\/area-testimonianza\/#organization\"},\"image\":{\"@id\":\"https:\/\/www.diocesitn.it\/area-testimonianza\/2023\/03\/14\/pellegrinaggio-in-terra-santa-tutti-gli-aggiornamenti\/#primaryimage\"},\"thumbnailUrl\":\"https:\/\/www.diocesitn.it\/area-testimonianza\/wp-content\/uploads\/sites\/37\/2023\/03\/basilica-of-the-holy-sepulchre-g0d56c528e_1920.jpg\",\"keywords\":[\"2023\",\"pellegrinaggio\",\"terra Santa\"],\"articleSection\":[\"Notizie\",\"Salute Pellegrinaggi Anziani\"],\"inLanguage\":\"it-IT\",\"copyrightYear\":\"2023\",\"copyrightHolder\":{\"@id\":\"https:\/\/www.diocesitn.it\/#organization\"}},{\"@type\":\"WebPage\",\"@id\":\"https:\/\/www.diocesitn.it\/area-testimonianza\/2023\/03\/14\/pellegrinaggio-in-terra-santa-tutti-gli-aggiornamenti\/\",\"url\":\"https:\/\/www.diocesitn.it\/area-testimonianza\/2023\/03\/14\/pellegrinaggio-in-terra-santa-tutti-gli-aggiornamenti\/\",\"name\":\"Pellegrinaggio in Terra Santa. Tutti gli aggiornamenti\",\"isPartOf\":{\"@id\":\"https:\/\/www.diocesitn.it\/area-testimonianza\/#website\"},\"primaryImageOfPage\":{\"@id\":\"https:\/\/www.diocesitn.it\/area-testimonianza\/2023\/03\/14\/pellegrinaggio-in-terra-santa-tutti-gli-aggiornamenti\/#primaryimage\"},\"image\":{\"@id\":\"https:\/\/www.diocesitn.it\/area-testimonianza\/2023\/03\/14\/pellegrinaggio-in-terra-santa-tutti-gli-aggiornamenti\/#primaryimage\"},\"thumbnailUrl\":\"https:\/\/www.diocesitn.it\/area-testimonianza\/wp-content\/uploads\/sites\/37\/2023\/03\/basilica-of-the-holy-sepulchre-g0d56c528e_1920.jpg\",\"datePublished\":\"2023-03-14T12:22:49+00:00\",\"dateModified\":\"2023-03-14T12:22:49+00:00\",\"description\":\"Tutti gli aggiornamenti sul pellegrinaggio in Terra Santa organizzato dalla diocesi di Trento.\",\"breadcrumb\":{\"@id\":\"https:\/\/www.diocesitn.it\/area-testimonianza\/2023\/03\/14\/pellegrinaggio-in-terra-santa-tutti-gli-aggiornamenti\/#breadcrumb\"},\"inLanguage\":\"it-IT\",\"potentialAction\":[{\"@type\":\"ReadAction\",\"target\":[\"https:\/\/www.diocesitn.it\/area-testimonianza\/2023\/03\/14\/pellegrinaggio-in-terra-santa-tutti-gli-aggiornamenti\/\"]}]},{\"@type\":\"ImageObject\",\"inLanguage\":\"it-IT\",\"@id\":\"https:\/\/www.diocesitn.it\/area-testimonianza\/2023\/03\/14\/pellegrinaggio-in-terra-santa-tutti-gli-aggiornamenti\/#primaryimage\",\"url\":\"https:\/\/www.diocesitn.it\/area-testimonianza\/wp-content\/uploads\/sites\/37\/2023\/03\/basilica-of-the-holy-sepulchre-g0d56c528e_1920.jpg\",\"contentUrl\":\"https:\/\/www.diocesitn.it\/area-testimonianza\/wp-content\/uploads\/sites\/37\/2023\/03\/basilica-of-the-holy-sepulchre-g0d56c528e_1920.jpg\",\"width\":1920,\"height\":1280},{\"@type\":\"BreadcrumbList\",\"@id\":\"https:\/\/www.diocesitn.it\/area-testimonianza\/2023\/03\/14\/pellegrinaggio-in-terra-santa-tutti-gli-aggiornamenti\/#breadcrumb\",\"itemListElement\":[{\"@type\":\"ListItem\",\"position\":1,\"name\":\"Home\",\"item\":\"https:\/\/www.diocesitn.it\/area-testimonianza\/\"},{\"@type\":\"ListItem\",\"position\":2,\"name\":\"Pellegrinaggio in Terra Santa. Tutti gli aggiornamenti\"}]},{\"@type\":\"WebSite\",\"@id\":\"https:\/\/www.diocesitn.it\/area-testimonianza\/#website\",\"url\":\"https:\/\/www.diocesitn.it\/area-testimonianza\/\",\"name\":\"Testimonianza e Impegno sociale\",\"description\":\"Chiesa di Trento\",\"publisher\":{\"@id\":\"https:\/\/www.diocesitn.it\/area-testimonianza\/#organization\"},\"potentialAction\":[{\"@type\":\"SearchAction\",\"target\":{\"@type\":\"EntryPoint\",\"urlTemplate\":\"https:\/\/www.diocesitn.it\/area-testimonianza\/?s={search_term_string}\"},\"query-input\":\"required name=search_term_string\"}],\"inLanguage\":\"it-IT\"},{\"@type\":[\"Organization\",\"Place\"],\"@id\":\"https:\/\/www.diocesitn.it\/area-testimonianza\/#organization\",\"name\":\"Area Testimonianza e Impegno Sociale - Chiesa di Trento\",\"url\":\"https:\/\/www.diocesitn.it\/area-testimonianza\/\",\"logo\":{\"@id\":\"https:\/\/www.diocesitn.it\/area-testimonianza\/2023\/03\/14\/pellegrinaggio-in-terra-santa-tutti-gli-aggiornamenti\/#local-main-organization-logo\"},\"image\":{\"@id\":\"https:\/\/www.diocesitn.it\/area-testimonianza\/2023\/03\/14\/pellegrinaggio-in-terra-santa-tutti-gli-aggiornamenti\/#local-main-organization-logo\"},\"openingHoursSpecification\":[{\"@type\":\"OpeningHoursSpecification\",\"dayOfWeek\":[\"Monday\",\"Tuesday\",\"Wednesday\",\"Thursday\",\"Friday\",\"Saturday\",\"Sunday\"],\"opens\":\"09:00\",\"closes\":\"17:00\"}]},{\"@type\":\"ImageObject\",\"inLanguage\":\"it-IT\",\"@id\":\"https:\/\/www.diocesitn.it\/area-testimonianza\/2023\/03\/14\/pellegrinaggio-in-terra-santa-tutti-gli-aggiornamenti\/#local-main-organization-logo\",\"url\":\"https:\/\/www.diocesitn.it\/area-testimonianza\/wp-content\/uploads\/sites\/37\/2021\/09\/og-logo-testimonianza-e-impegno-sociale.jpg\",\"contentUrl\":\"https:\/\/www.diocesitn.it\/area-testimonianza\/wp-content\/uploads\/sites\/37\/2021\/09\/og-logo-testimonianza-e-impegno-sociale.jpg\",\"width\":1200,\"height\":630,\"caption\":\"Area Testimonianza e Impegno Sociale - Chiesa di Trento\"}]}<\/script>\n<!-- \/ Yoast SEO Premium plugin. -->","yoast_head_json":{"title":"Pellegrinaggio in Terra Santa. Tutti gli aggiornamenti","description":"Tutti gli aggiornamenti sul pellegrinaggio in Terra Santa organizzato dalla diocesi di Trento.","robots":{"index":"index","follow":"follow","max-snippet":"max-snippet:-1","max-image-preview":"max-image-preview:large","max-video-preview":"max-video-preview:-1"},"canonical":"https:\/\/www.diocesitn.it\/area-testimonianza\/2023\/03\/14\/pellegrinaggio-in-terra-santa-tutti-gli-aggiornamenti\/","og_locale":"it_IT","og_type":"article","og_title":"Pellegrinaggio in Terra Santa. Tutti gli aggiornamenti","og_description":"Tutti gli aggiornamenti sul pellegrinaggio in Terra Santa organizzato dalla diocesi di Trento.","og_url":"https:\/\/www.diocesitn.it\/area-testimonianza\/2023\/03\/14\/pellegrinaggio-in-terra-santa-tutti-gli-aggiornamenti\/","og_site_name":"Testimonianza e Impegno sociale","article_published_time":"2023-03-14T12:22:49+00:00","og_image":[{"width":1920,"height":1280,"url":"https:\/\/www.diocesitn.it\/area-testimonianza\/wp-content\/uploads\/sites\/37\/2023\/03\/basilica-of-the-holy-sepulchre-g0d56c528e_1920.jpg","type":"image\/jpeg"}],"author":"smaule","twitter_card":"summary_large_image","twitter_misc":{"Scritto da":"smaule","Tempo di lettura stimato":"3 minuti"},"schema":{"@context":"https:\/\/schema.org","@graph":[{"@type":"Article","@id":"https:\/\/www.diocesitn.it\/area-testimonianza\/2023\/03\/14\/pellegrinaggio-in-terra-santa-tutti-gli-aggiornamenti\/#article","isPartOf":{"@id":"https:\/\/www.diocesitn.it\/area-testimonianza\/2023\/03\/14\/pellegrinaggio-in-terra-santa-tutti-gli-aggiornamenti\/"},"author":{"name":"smaule","@id":"https:\/\/www.diocesitn.it\/area-testimonianza\/#\/schema\/person\/bac489aafb7f98c1ca25f76c27174a95"},"headline":"Pellegrinaggio in Terra Santa. Tutti gli aggiornamenti","datePublished":"2023-03-14T12:22:49+00:00","dateModified":"2023-03-14T12:22:49+00:00","mainEntityOfPage":{"@id":"https:\/\/www.diocesitn.it\/area-testimonianza\/2023\/03\/14\/pellegrinaggio-in-terra-santa-tutti-gli-aggiornamenti\/"},"wordCount":393,"publisher":{"@id":"https:\/\/www.diocesitn.it\/area-testimonianza\/#organization"},"image":{"@id":"https:\/\/www.diocesitn.it\/area-testimonianza\/2023\/03\/14\/pellegrinaggio-in-terra-santa-tutti-gli-aggiornamenti\/#primaryimage"},"thumbnailUrl":"https:\/\/www.diocesitn.it\/area-testimonianza\/wp-content\/uploads\/sites\/37\/2023\/03\/basilica-of-the-holy-sepulchre-g0d56c528e_1920.jpg","keywords":["2023","pellegrinaggio","terra Santa"],"articleSection":["Notizie","Salute Pellegrinaggi Anziani"],"inLanguage":"it-IT","copyrightYear":"2023","copyrightHolder":{"@id":"https:\/\/www.diocesitn.it\/#organization"}},{"@type":"WebPage","@id":"https:\/\/www.diocesitn.it\/area-testimonianza\/2023\/03\/14\/pellegrinaggio-in-terra-santa-tutti-gli-aggiornamenti\/","url":"https:\/\/www.diocesitn.it\/area-testimonianza\/2023\/03\/14\/pellegrinaggio-in-terra-santa-tutti-gli-aggiornamenti\/","name":"Pellegrinaggio in Terra Santa. Tutti gli aggiornamenti","isPartOf":{"@id":"https:\/\/www.diocesitn.it\/area-testimonianza\/#website"},"primaryImageOfPage":{"@id":"https:\/\/www.diocesitn.it\/area-testimonianza\/2023\/03\/14\/pellegrinaggio-in-terra-santa-tutti-gli-aggiornamenti\/#primaryimage"},"image":{"@id":"https:\/\/www.diocesitn.it\/area-testimonianza\/2023\/03\/14\/pellegrinaggio-in-terra-santa-tutti-gli-aggiornamenti\/#primaryimage"},"thumbnailUrl":"https:\/\/www.diocesitn.it\/area-testimonianza\/wp-content\/uploads\/sites\/37\/2023\/03\/basilica-of-the-holy-sepulchre-g0d56c528e_1920.jpg","datePublished":"2023-03-14T12:22:49+00:00","dateModified":"2023-03-14T12:22:49+00:00","description":"Tutti gli aggiornamenti sul pellegrinaggio in Terra Santa organizzato dalla diocesi di Trento.","breadcrumb":{"@id":"https:\/\/www.diocesitn.it\/area-testimonianza\/2023\/03\/14\/pellegrinaggio-in-terra-santa-tutti-gli-aggiornamenti\/#breadcrumb"},"inLanguage":"it-IT","potentialAction":[{"@type":"ReadAction","target":["https:\/\/www.diocesitn.it\/area-testimonianza\/2023\/03\/14\/pellegrinaggio-in-terra-santa-tutti-gli-aggiornamenti\/"]}]},{"@type":"ImageObject","inLanguage":"it-IT","@id":"https:\/\/www.diocesitn.it\/area-testimonianza\/2023\/03\/14\/pellegrinaggio-in-terra-santa-tutti-gli-aggiornamenti\/#primaryimage","url":"https:\/\/www.diocesitn.it\/area-testimonianza\/wp-content\/uploads\/sites\/37\/2023\/03\/basilica-of-the-holy-sepulchre-g0d56c528e_1920.jpg","contentUrl":"https:\/\/www.diocesitn.it\/area-testimonianza\/wp-content\/uploads\/sites\/37\/2023\/03\/basilica-of-the-holy-sepulchre-g0d56c528e_1920.jpg","width":1920,"height":1280},{"@type":"BreadcrumbList","@id":"https:\/\/www.diocesitn.it\/area-testimonianza\/2023\/03\/14\/pellegrinaggio-in-terra-santa-tutti-gli-aggiornamenti\/#breadcrumb","itemListElement":[{"@type":"ListItem","position":1,"name":"Home","item":"https:\/\/www.diocesitn.it\/area-testimonianza\/"},{"@type":"ListItem","position":2,"name":"Pellegrinaggio in Terra Santa. Tutti gli aggiornamenti"}]},{"@type":"WebSite","@id":"https:\/\/www.diocesitn.it\/area-testimonianza\/#website","url":"https:\/\/www.diocesitn.it\/area-testimonianza\/","name":"Testimonianza e Impegno sociale","description":"Chiesa di Trento","publisher":{"@id":"https:\/\/www.diocesitn.it\/area-testimonianza\/#organization"},"potentialAction":[{"@type":"SearchAction","target":{"@type":"EntryPoint","urlTemplate":"https:\/\/www.diocesitn.it\/area-testimonianza\/?s={search_term_string}"},"query-input":"required name=search_term_string"}],"inLanguage":"it-IT"},{"@type":["Organization","Place"],"@id":"https:\/\/www.diocesitn.it\/area-testimonianza\/#organization","name":"Area Testimonianza e Impegno Sociale - Chiesa di Trento","url":"https:\/\/www.diocesitn.it\/area-testimonianza\/","logo":{"@id":"https:\/\/www.diocesitn.it\/area-testimonianza\/2023\/03\/14\/pellegrinaggio-in-terra-santa-tutti-gli-aggiornamenti\/#local-main-organization-logo"},"image":{"@id":"https:\/\/www.diocesitn.it\/area-testimonianza\/2023\/03\/14\/pellegrinaggio-in-terra-santa-tutti-gli-aggiornamenti\/#local-main-organization-logo"},"openingHoursSpecification":[{"@type":"OpeningHoursSpecification","dayOfWeek":["Monday","Tuesday","Wednesday","Thursday","Friday","Saturday","Sunday"],"opens":"09:00","closes":"17:00"}]},{"@type":"ImageObject","inLanguage":"it-IT","@id":"https:\/\/www.diocesitn.it\/area-testimonianza\/2023\/03\/14\/pellegrinaggio-in-terra-santa-tutti-gli-aggiornamenti\/#local-main-organization-logo","url":"https:\/\/www.diocesitn.it\/area-testimonianza\/wp-content\/uploads\/sites\/37\/2021\/09\/og-logo-testimonianza-e-impegno-sociale.jpg","contentUrl":"https:\/\/www.diocesitn.it\/area-testimonianza\/wp-content\/uploads\/sites\/37\/2021\/09\/og-logo-testimonianza-e-impegno-sociale.jpg","width":1200,"height":630,"caption":"Area Testimonianza e Impegno Sociale - Chiesa di Trento"}]}},"_links":{"self":[{"href":"https:\/\/www.diocesitn.it\/area-testimonianza\/wp-json\/wp\/v2\/posts\/12543","targetHints":{"allow":["GET"]}}],"collection":[{"href":"https:\/\/www.diocesitn.it\/area-testimonianza\/wp-json\/wp\/v2\/posts"}],"about":[{"href":"https:\/\/www.diocesitn.it\/area-testimonianza\/wp-json\/wp\/v2\/types\/post"}],"author":[{"embeddable":true,"href":"https:\/\/www.diocesitn.it\/area-testimonianza\/wp-json\/wp\/v2\/users\/161"}],"replies":[{"embeddable":true,"href":"https:\/\/www.diocesitn.it\/area-testimonianza\/wp-json\/wp\/v2\/comments?post=12543"}],"version-history":[{"count":3,"href":"https:\/\/www.diocesitn.it\/area-testimonianza\/wp-json\/wp\/v2\/posts\/12543\/revisions"}],"predecessor-version":[{"id":12592,"href":"https:\/\/www.diocesitn.it\/area-testimonianza\/wp-json\/wp\/v2\/posts\/12543\/revisions\/12592"}],"wp:featuredmedia":[{"embeddable":true,"href":"https:\/\/www.diocesitn.it\/area-testimonianza\/wp-json\/wp\/v2\/media\/12541"}],"wp:attachment":[{"href":"https:\/\/www.diocesitn.it\/area-testimonianza\/wp-json\/wp\/v2\/media?parent=12543"}],"wp:term":[{"taxonomy":"category","embeddable":true,"href":"https:\/\/www.diocesitn.it\/area-testimonianza\/wp-json\/wp\/v2\/categories?post=12543"},{"taxonomy":"post_tag","embeddable":true,"href":"https:\/\/www.diocesitn.it\/area-testimonianza\/wp-json\/wp\/v2\/tags?post=12543"}],"curies":[{"name":"wp","href":"https:\/\/api.w.org\/{rel}","templated":true}]}}