{"id":12518,"date":"2023-03-10T11:32:56","date_gmt":"2023-03-10T10:32:56","guid":{"rendered":"https:\/\/www.diocesitn.it\/area-testimonianza\/?p=12518"},"modified":"2024-11-14T11:25:17","modified_gmt":"2024-11-14T10:25:17","slug":"%f0%9d%98%9a%f0%9d%98%a4%f0%9d%98%aa%f0%9d%98%af%f0%9d%98%b5%f0%9d%98%aa%f0%9d%98%ad%f0%9d%98%ad%f0%9d%98%a6-%f0%9d%98%a5%f0%9d%98%aa-%f0%9d%98%b4%f0%9d%98%b1%f0%9d%98%a6%f0%9d%98%b3","status":"publish","type":"post","link":"https:\/\/www.diocesitn.it\/area-testimonianza\/2023\/03\/10\/%f0%9d%98%9a%f0%9d%98%a4%f0%9d%98%aa%f0%9d%98%af%f0%9d%98%b5%f0%9d%98%aa%f0%9d%98%ad%f0%9d%98%ad%f0%9d%98%a6-%f0%9d%98%a5%f0%9d%98%aa-%f0%9d%98%b4%f0%9d%98%b1%f0%9d%98%a6%f0%9d%98%b3\/","title":{"rendered":"\u201c\ud835\ude1a\ud835\ude24\ud835\ude2a\ud835\ude2f\ud835\ude35\ud835\ude2a\ud835\ude2d\ud835\ude2d\ud835\ude26 \ud835\ude25\ud835\ude2a \ud835\ude34\ud835\ude31\ud835\ude26\ud835\ude33\ud835\ude22\ud835\ude2f\ud835\ude3b\ud835\ude22 \ud835\ude35\ud835\ude33\ud835\ude22 \ud835\ude2d\ud835\ude26 \ud835\ude2e\ud835\ude22\ud835\ude24\ud835\ude26\ud835\ude33\ud835\ude2a\ud835\ude26\u201d. Incontro online delle Caritas del Nord-Est per riflettere e conoscere le drammatiche situazioni dei terremotati di Turchia e Siria"},"content":{"rendered":"<p><strong>Mercoled\u00ec 15 marzo alle ore 20:30<\/strong>, le Caritas della Delegazione Nord-Est (Friuli Venezia Giulia, Trentino Alto Adige e Veneto) organizzano <a href=\"https:\/\/www.diocesitn.it\/area-testimonianza\/wp-content\/uploads\/sites\/37\/2023\/03\/Scintille-di-speranza-tra-le-macerie.jpg\">l\u2019incontro online <strong>\u201c<\/strong><strong>\ud835\ude1a\ud835\ude24\ud835\ude2a\ud835\ude2f\ud835\ude35\ud835\ude2a\ud835\ude2d\ud835\ude2d\ud835\ude26<\/strong> <strong>\ud835\ude25\ud835\ude2a<\/strong> <strong>\ud835\ude34\ud835\ude31\ud835\ude26\ud835\ude33\ud835\ude22\ud835\ude2f\ud835\ude3b\ud835\ude22<\/strong> <strong>\ud835\ude35\ud835\ude33\ud835\ude22<\/strong> <strong>\ud835\ude2d\ud835\ude26<\/strong> <strong>\ud835\ude2e\ud835\ude22\ud835\ude24\ud835\ude26\ud835\ude33\ud835\ude2a\ud835\ude26<\/strong><\/a><strong>\u201d, <\/strong>un momento di riflessione e testimonianza sulla situazione drammatica dei terremotati in Turchia e Siria; sar\u00e0 anche l&#8217;occasione per conoscere le iniziative programmate per affrontare l\u2019emergenza,\u00a0quali sono le necessit\u00e0 e le criticit\u00e0 e come sostenere le attivit\u00e0 in corso.<\/p>\n<p>Interverranno Laura Stopponi, responsabile dell&#8217;Ufficio Europa di Caritas Italiana, Alessandro Cadorin e Danilo Feliciangeli, operatori di Caritas Italiana che operano rispettivamente in Turchia e Siria, e Giulia Longo, di Caritas in Turchia.<\/p>\n<p>Sar\u00e0 possibile seguire l\u2019incontro in diretta, mercoled\u00ec 15 marzo alle 20:30, dal sito\u00a0<a href=\"https:\/\/l.facebook.com\/l.php?u=http%3A%2F%2Fwww.caritastarvisina.it%2F%3Ffbclid%3DIwAR2IIu_soVaA33smy1MCxDOlqVRprPfyvDEYFhQz1I-nGJpva5429KpO7Hs&amp;h=AT0q13nWRAGhyM2dIAmjJB0Uu2QzWjnoBpDGRSzD509c_vcIFOVEvV-ypluao99zzku_iPAmeAUZD0Q6n-Y8S1OdvVZB3ExFRecASSYONs0K3zvz74ujbH2G-ohV3-jyJxMo&amp;__tn__=-UK*F\">www.caritastarvisina.it<\/a>\u00a0oppure dal canale YouTube della Caritas Tarvisina<br \/>\nLlink diretto all\u2019evento:\u00a0<a href=\"https:\/\/l.facebook.com\/l.php?u=https%3A%2F%2Fwww.youtube.com%2Fwatch%3Fv%3DKU293azJuEY%26fbclid%3DIwAR0ZHtNYT6036Rn--79LnDkVq9qyDkb4GrORxs6eR9htMSfsVkpjW2RH8pk&amp;h=AT1KVtN5762FGB0dfFCKn96_KrSdBO2MLprA69_mtFr6Nj7V-ekyC5LzecMkCiL1Y1pQSzkP5zGhoJgoxHWphDPUW3L04WiWvkZVgLXD2C1leA8di6dwjpt8dOfdu2BsLDFs&amp;__tn__=-UK*F\">https:\/\/www.youtube.com\/watch?v=KU293azJuEY<\/a><\/p>\n<p>Ricordiamo che \u00e8 possibile sostenere gli interventi di Caritas Italiana per le popolazione colpite attraverso i seguenti canali:<\/p>\n<p><u>La raccolta fondi in Trentino <\/u><\/p>\n<ul>\n<li>La Diocesi di Trento promuove una raccolta fondi localmente, da destinare poi a Caritas italiana<\/li>\n<li>Le offerte solidali possono essere versate sul conto corrente intestato ad Arcidiocesi di Trento -Caritas Diocesana-<\/li>\n<\/ul>\n<p>Cassa Centrale Banca <strong>Iban IT41G0359901800000000081237<\/strong> con causale <strong>\u201cTERREMOTO TURCHIA E SIRIA 2023\u201d<\/strong><\/p>\n<p><u>Raccolta fondi Caritas Italiana<\/u><br \/>\n&#8211; conto corrente postale n. 347013;<br \/>\n&#8211; donazione on-line tramite il sito\u00a0<a href=\"https:\/\/l.facebook.com\/l.php?u=http%3A%2F%2Fwww.caritas.it%2F%3Ffbclid%3DIwAR3xWPlWA6o6rVignV05QHZRAZ58JONqYXcIwzTaqd5TbiokwMFiAq4a4s4&amp;h=AT3ABPAPbXvuTWHV36MmCjIU3s0KhpITBkAA4Zj587fn7VWj6MXOoqrQ8XWzo4av_v_ZyUiofqljec0SN9EuauHGxN4FD-sh6FHsXzOr8VkQSwqRHfPSdJ1jG2OT5DVIxWW4&amp;__tn__=-UK*F\">www.caritas.it<\/a>;<br \/>\n&#8211; bonifico bancario specificando nella causale \u201cTerremoto Turchia-Siria 2023\u201d tramite:<br \/>\n\u2022 Banca Popolare Etica, via Parigi 17, Roma \u2013Iban: IT24 C050 1803 2000 0001 3331 111<br \/>\n\u2022 Banca Intesa Sanpaolo, Fil. Accentrata Ter S, Roma \u2013 Iban: IT66 W030 6909 6061 0000 0012 474<br \/>\n\u2022 Banco Posta, viale Europa 175, Roma \u2013 Iban: IT91 P076 0103 2000 0000 0347 013<br \/>\n\u2022 UniCredit, via Taranto 49, Roma \u2013 Iban: IT 88 U 02008 05206 000011063119<\/p>\n","protected":false},"excerpt":{"rendered":"<p>Mercoled\u00ec 15 marzo alle ore 20:30, le Caritas della Delegazione Nord-Est (Friuli Venezia Giulia, Trentino Alto Adige e Veneto) organizzano l\u2019incontro online \u201c\ud835\ude1a\ud835\ude24\ud835\ude2a\ud835\ude2f\ud835\ude35\ud835\ude2a\ud835\ude2d\ud835\ude2d\ud835\ude26 \ud835\ude25\ud835\ude2a \ud835\ude34\ud835\ude31\ud835\ude26\ud835\ude33\ud835\ude22\ud835\ude2f\ud835\ude3b\ud835\ude22 \ud835\ude35\ud835\ude33\ud835\ude22 \ud835\ude2d\ud835\ude26 \ud835\ude2e\ud835\ude22\ud835\ude24\ud835\ude26\ud835\ude33\ud835\ude2a\ud835\ude26\u201d, un momento di riflessione e testimonianza sulla<\/p>\n","protected":false},"author":4,"featured_media":12522,"comment_status":"closed","ping_status":"closed","sticky":false,"template":"","format":"standard","meta":{"footnotes":""},"categories":[1059,1074],"tags":[1594,1099],"class_list":["post-12518","post","type-post","status-publish","format-standard","has-post-thumbnail","hentry","category-servizio-caritas","category-notizie","tag-raccolta","tag-terremoto"],"acf":{"seed-localization-paese-cod":"IT","seed-localization-address":"","seed-localization-citta":"Trento","seed-localization-regione-cod-istat":"04","seed-localization-citta-cod-istat":"022205","seed-localization-localita":"","seed-localization-cap":"","seed-localization-marker-visibility":false,"seed-localization-children-visibility":false,"seed-localization-kml":"","seed-localization-custom-marker":""},"yoast_head":"<!-- This site is optimized with the Yoast SEO Premium plugin v20.2.1 (Yoast SEO v22.2) - https:\/\/yoast.com\/wordpress\/plugins\/seo\/ -->\n<title>\u201c\ud835\ude1a\ud835\ude24\ud835\ude2a\ud835\ude2f\ud835\ude35\ud835\ude2a\ud835\ude2d\ud835\ude2d\ud835\ude26 \ud835\ude25\ud835\ude2a \ud835\ude34\ud835\ude31\ud835\ude26\ud835\ude33\ud835\ude22\ud835\ude2f\ud835\ude3b\ud835\ude22 \ud835\ude35\ud835\ude33\ud835\ude22 \ud835\ude2d\ud835\ude26 \ud835\ude2e\ud835\ude22\ud835\ude24\ud835\ude26\ud835\ude33\ud835\ude2a\ud835\ude26\u201d. Incontro online delle Caritas del Nord-Est per riflettere e conoscere le drammatiche situazioni dei terremotati di Turchia e Siria - Testimonianza e Impegno sociale<\/title>\n<meta name=\"robots\" content=\"index, follow, max-snippet:-1, max-image-preview:large, max-video-preview:-1\" \/>\n<link rel=\"canonical\" href=\"https:\/\/www.diocesitn.it\/area-testimonianza\/2023\/03\/10\/\ud835\ude1a\ud835\ude24\ud835\ude2a\ud835\ude2f\ud835\ude35\ud835\ude2a\ud835\ude2d\ud835\ude2d\ud835\ude26-\ud835\ude25\ud835\ude2a-\ud835\ude34\ud835\ude31\ud835\ude26\ud835\ude33\/\" \/>\n<meta property=\"og:locale\" content=\"it_IT\" \/>\n<meta property=\"og:type\" content=\"article\" \/>\n<meta property=\"og:title\" content=\"\u201c\ud835\ude1a\ud835\ude24\ud835\ude2a\ud835\ude2f\ud835\ude35\ud835\ude2a\ud835\ude2d\ud835\ude2d\ud835\ude26 \ud835\ude25\ud835\ude2a \ud835\ude34\ud835\ude31\ud835\ude26\ud835\ude33\ud835\ude22\ud835\ude2f\ud835\ude3b\ud835\ude22 \ud835\ude35\ud835\ude33\ud835\ude22 \ud835\ude2d\ud835\ude26 \ud835\ude2e\ud835\ude22\ud835\ude24\ud835\ude26\ud835\ude33\ud835\ude2a\ud835\ude26\u201d. Incontro online delle Caritas del Nord-Est per riflettere e conoscere le drammatiche situazioni dei terremotati di Turchia e Siria\" \/>\n<meta property=\"og:description\" content=\"Mercoled\u00ec 15 marzo alle ore 20:30, le Caritas della Delegazione Nord-Est (Friuli Venezia Giulia, Trentino Alto Adige e Veneto) organizzano l\u2019incontro online \u201c\ud835\ude1a\ud835\ude24\ud835\ude2a\ud835\ude2f\ud835\ude35\ud835\ude2a\ud835\ude2d\ud835\ude2d\ud835\ude26 \ud835\ude25\ud835\ude2a \ud835\ude34\ud835\ude31\ud835\ude26\ud835\ude33\ud835\ude22\ud835\ude2f\ud835\ude3b\ud835\ude22 \ud835\ude35\ud835\ude33\ud835\ude22 \ud835\ude2d\ud835\ude26 \ud835\ude2e\ud835\ude22\ud835\ude24\ud835\ude26\ud835\ude33\ud835\ude2a\ud835\ude26\u201d, un momento di riflessione e testimonianza sulla\" \/>\n<meta property=\"og:url\" content=\"https:\/\/www.diocesitn.it\/area-testimonianza\/2023\/03\/10\/\ud835\ude1a\ud835\ude24\ud835\ude2a\ud835\ude2f\ud835\ude35\ud835\ude2a\ud835\ude2d\ud835\ude2d\ud835\ude26-\ud835\ude25\ud835\ude2a-\ud835\ude34\ud835\ude31\ud835\ude26\ud835\ude33\/\" \/>\n<meta property=\"og:site_name\" content=\"Testimonianza e Impegno sociale\" \/>\n<meta property=\"article:published_time\" content=\"2023-03-10T10:32:56+00:00\" \/>\n<meta property=\"article:modified_time\" content=\"2024-11-14T10:25:17+00:00\" \/>\n<meta property=\"og:image\" content=\"https:\/\/www.diocesitn.it\/area-testimonianza\/wp-content\/uploads\/sites\/37\/2023\/03\/Scintille-di-speranza-tra-le-macerie-ritaglio.jpg\" \/>\n\t<meta property=\"og:image:width\" content=\"933\" \/>\n\t<meta property=\"og:image:height\" content=\"665\" \/>\n\t<meta property=\"og:image:type\" content=\"image\/jpeg\" \/>\n<meta name=\"author\" content=\"Claudia Dorigoni\" \/>\n<meta name=\"twitter:card\" content=\"summary_large_image\" \/>\n<meta name=\"twitter:label1\" content=\"Scritto da\" \/>\n\t<meta name=\"twitter:data1\" content=\"Claudia Dorigoni\" \/>\n\t<meta name=\"twitter:label2\" content=\"Tempo di lettura stimato\" \/>\n\t<meta name=\"twitter:data2\" content=\"2 minuti\" \/>\n<script type=\"application\/ld+json\" class=\"yoast-schema-graph\">{\"@context\":\"https:\/\/schema.org\",\"@graph\":[{\"@type\":\"Article\",\"@id\":\"https:\/\/www.diocesitn.it\/area-testimonianza\/2023\/03\/10\/%f0%9d%98%9a%f0%9d%98%a4%f0%9d%98%aa%f0%9d%98%af%f0%9d%98%b5%f0%9d%98%aa%f0%9d%98%ad%f0%9d%98%ad%f0%9d%98%a6-%f0%9d%98%a5%f0%9d%98%aa-%f0%9d%98%b4%f0%9d%98%b1%f0%9d%98%a6%f0%9d%98%b3\/#article\",\"isPartOf\":{\"@id\":\"https:\/\/www.diocesitn.it\/area-testimonianza\/2023\/03\/10\/%f0%9d%98%9a%f0%9d%98%a4%f0%9d%98%aa%f0%9d%98%af%f0%9d%98%b5%f0%9d%98%aa%f0%9d%98%ad%f0%9d%98%ad%f0%9d%98%a6-%f0%9d%98%a5%f0%9d%98%aa-%f0%9d%98%b4%f0%9d%98%b1%f0%9d%98%a6%f0%9d%98%b3\/\"},\"author\":{\"name\":\"Claudia Dorigoni\",\"@id\":\"https:\/\/www.diocesitn.it\/area-testimonianza\/#\/schema\/person\/5467191b81c25706baf09a59aab380a5\"},\"headline\":\"\u201c\ud835\ude1a\ud835\ude24\ud835\ude2a\ud835\ude2f\ud835\ude35\ud835\ude2a\ud835\ude2d\ud835\ude2d\ud835\ude26 \ud835\ude25\ud835\ude2a \ud835\ude34\ud835\ude31\ud835\ude26\ud835\ude33\ud835\ude22\ud835\ude2f\ud835\ude3b\ud835\ude22 \ud835\ude35\ud835\ude33\ud835\ude22 \ud835\ude2d\ud835\ude26 \ud835\ude2e\ud835\ude22\ud835\ude24\ud835\ude26\ud835\ude33\ud835\ude2a\ud835\ude26\u201d. Incontro online delle Caritas del Nord-Est per riflettere e conoscere le drammatiche situazioni dei terremotati di Turchia e Siria\",\"datePublished\":\"2023-03-10T10:32:56+00:00\",\"dateModified\":\"2024-11-14T10:25:17+00:00\",\"mainEntityOfPage\":{\"@id\":\"https:\/\/www.diocesitn.it\/area-testimonianza\/2023\/03\/10\/%f0%9d%98%9a%f0%9d%98%a4%f0%9d%98%aa%f0%9d%98%af%f0%9d%98%b5%f0%9d%98%aa%f0%9d%98%ad%f0%9d%98%ad%f0%9d%98%a6-%f0%9d%98%a5%f0%9d%98%aa-%f0%9d%98%b4%f0%9d%98%b1%f0%9d%98%a6%f0%9d%98%b3\/\"},\"wordCount\":274,\"publisher\":{\"@id\":\"https:\/\/www.diocesitn.it\/area-testimonianza\/#organization\"},\"image\":{\"@id\":\"https:\/\/www.diocesitn.it\/area-testimonianza\/2023\/03\/10\/%f0%9d%98%9a%f0%9d%98%a4%f0%9d%98%aa%f0%9d%98%af%f0%9d%98%b5%f0%9d%98%aa%f0%9d%98%ad%f0%9d%98%ad%f0%9d%98%a6-%f0%9d%98%a5%f0%9d%98%aa-%f0%9d%98%b4%f0%9d%98%b1%f0%9d%98%a6%f0%9d%98%b3\/#primaryimage\"},\"thumbnailUrl\":\"https:\/\/www.diocesitn.it\/area-testimonianza\/wp-content\/uploads\/sites\/37\/2023\/03\/Scintille-di-speranza-tra-le-macerie-ritaglio.jpg\",\"keywords\":[\"raccolta\",\"Terremoto\"],\"articleSection\":[\"Caritas diocesana\",\"Notizie\"],\"inLanguage\":\"it-IT\",\"copyrightYear\":\"2023\",\"copyrightHolder\":{\"@id\":\"https:\/\/www.diocesitn.it\/#organization\"}},{\"@type\":\"WebPage\",\"@id\":\"https:\/\/www.diocesitn.it\/area-testimonianza\/2023\/03\/10\/%f0%9d%98%9a%f0%9d%98%a4%f0%9d%98%aa%f0%9d%98%af%f0%9d%98%b5%f0%9d%98%aa%f0%9d%98%ad%f0%9d%98%ad%f0%9d%98%a6-%f0%9d%98%a5%f0%9d%98%aa-%f0%9d%98%b4%f0%9d%98%b1%f0%9d%98%a6%f0%9d%98%b3\/\",\"url\":\"https:\/\/www.diocesitn.it\/area-testimonianza\/2023\/03\/10\/%f0%9d%98%9a%f0%9d%98%a4%f0%9d%98%aa%f0%9d%98%af%f0%9d%98%b5%f0%9d%98%aa%f0%9d%98%ad%f0%9d%98%ad%f0%9d%98%a6-%f0%9d%98%a5%f0%9d%98%aa-%f0%9d%98%b4%f0%9d%98%b1%f0%9d%98%a6%f0%9d%98%b3\/\",\"name\":\"\u201c\ud835\ude1a\ud835\ude24\ud835\ude2a\ud835\ude2f\ud835\ude35\ud835\ude2a\ud835\ude2d\ud835\ude2d\ud835\ude26 \ud835\ude25\ud835\ude2a \ud835\ude34\ud835\ude31\ud835\ude26\ud835\ude33\ud835\ude22\ud835\ude2f\ud835\ude3b\ud835\ude22 \ud835\ude35\ud835\ude33\ud835\ude22 \ud835\ude2d\ud835\ude26 \ud835\ude2e\ud835\ude22\ud835\ude24\ud835\ude26\ud835\ude33\ud835\ude2a\ud835\ude26\u201d. Incontro online delle Caritas del Nord-Est per riflettere e conoscere le drammatiche situazioni dei terremotati di Turchia e Siria - Testimonianza e Impegno sociale\",\"isPartOf\":{\"@id\":\"https:\/\/www.diocesitn.it\/area-testimonianza\/#website\"},\"primaryImageOfPage\":{\"@id\":\"https:\/\/www.diocesitn.it\/area-testimonianza\/2023\/03\/10\/%f0%9d%98%9a%f0%9d%98%a4%f0%9d%98%aa%f0%9d%98%af%f0%9d%98%b5%f0%9d%98%aa%f0%9d%98%ad%f0%9d%98%ad%f0%9d%98%a6-%f0%9d%98%a5%f0%9d%98%aa-%f0%9d%98%b4%f0%9d%98%b1%f0%9d%98%a6%f0%9d%98%b3\/#primaryimage\"},\"image\":{\"@id\":\"https:\/\/www.diocesitn.it\/area-testimonianza\/2023\/03\/10\/%f0%9d%98%9a%f0%9d%98%a4%f0%9d%98%aa%f0%9d%98%af%f0%9d%98%b5%f0%9d%98%aa%f0%9d%98%ad%f0%9d%98%ad%f0%9d%98%a6-%f0%9d%98%a5%f0%9d%98%aa-%f0%9d%98%b4%f0%9d%98%b1%f0%9d%98%a6%f0%9d%98%b3\/#primaryimage\"},\"thumbnailUrl\":\"https:\/\/www.diocesitn.it\/area-testimonianza\/wp-content\/uploads\/sites\/37\/2023\/03\/Scintille-di-speranza-tra-le-macerie-ritaglio.jpg\",\"datePublished\":\"2023-03-10T10:32:56+00:00\",\"dateModified\":\"2024-11-14T10:25:17+00:00\",\"breadcrumb\":{\"@id\":\"https:\/\/www.diocesitn.it\/area-testimonianza\/2023\/03\/10\/%f0%9d%98%9a%f0%9d%98%a4%f0%9d%98%aa%f0%9d%98%af%f0%9d%98%b5%f0%9d%98%aa%f0%9d%98%ad%f0%9d%98%ad%f0%9d%98%a6-%f0%9d%98%a5%f0%9d%98%aa-%f0%9d%98%b4%f0%9d%98%b1%f0%9d%98%a6%f0%9d%98%b3\/#breadcrumb\"},\"inLanguage\":\"it-IT\",\"potentialAction\":[{\"@type\":\"ReadAction\",\"target\":[\"https:\/\/www.diocesitn.it\/area-testimonianza\/2023\/03\/10\/%f0%9d%98%9a%f0%9d%98%a4%f0%9d%98%aa%f0%9d%98%af%f0%9d%98%b5%f0%9d%98%aa%f0%9d%98%ad%f0%9d%98%ad%f0%9d%98%a6-%f0%9d%98%a5%f0%9d%98%aa-%f0%9d%98%b4%f0%9d%98%b1%f0%9d%98%a6%f0%9d%98%b3\/\"]}]},{\"@type\":\"ImageObject\",\"inLanguage\":\"it-IT\",\"@id\":\"https:\/\/www.diocesitn.it\/area-testimonianza\/2023\/03\/10\/%f0%9d%98%9a%f0%9d%98%a4%f0%9d%98%aa%f0%9d%98%af%f0%9d%98%b5%f0%9d%98%aa%f0%9d%98%ad%f0%9d%98%ad%f0%9d%98%a6-%f0%9d%98%a5%f0%9d%98%aa-%f0%9d%98%b4%f0%9d%98%b1%f0%9d%98%a6%f0%9d%98%b3\/#primaryimage\",\"url\":\"https:\/\/www.diocesitn.it\/area-testimonianza\/wp-content\/uploads\/sites\/37\/2023\/03\/Scintille-di-speranza-tra-le-macerie-ritaglio.jpg\",\"contentUrl\":\"https:\/\/www.diocesitn.it\/area-testimonianza\/wp-content\/uploads\/sites\/37\/2023\/03\/Scintille-di-speranza-tra-le-macerie-ritaglio.jpg\",\"width\":933,\"height\":665},{\"@type\":\"BreadcrumbList\",\"@id\":\"https:\/\/www.diocesitn.it\/area-testimonianza\/2023\/03\/10\/%f0%9d%98%9a%f0%9d%98%a4%f0%9d%98%aa%f0%9d%98%af%f0%9d%98%b5%f0%9d%98%aa%f0%9d%98%ad%f0%9d%98%ad%f0%9d%98%a6-%f0%9d%98%a5%f0%9d%98%aa-%f0%9d%98%b4%f0%9d%98%b1%f0%9d%98%a6%f0%9d%98%b3\/#breadcrumb\",\"itemListElement\":[{\"@type\":\"ListItem\",\"position\":1,\"name\":\"Home\",\"item\":\"https:\/\/www.diocesitn.it\/area-testimonianza\/\"},{\"@type\":\"ListItem\",\"position\":2,\"name\":\"\u201c\ud835\ude1a\ud835\ude24\ud835\ude2a\ud835\ude2f\ud835\ude35\ud835\ude2a\ud835\ude2d\ud835\ude2d\ud835\ude26 \ud835\ude25\ud835\ude2a \ud835\ude34\ud835\ude31\ud835\ude26\ud835\ude33\ud835\ude22\ud835\ude2f\ud835\ude3b\ud835\ude22 \ud835\ude35\ud835\ude33\ud835\ude22 \ud835\ude2d\ud835\ude26 \ud835\ude2e\ud835\ude22\ud835\ude24\ud835\ude26\ud835\ude33\ud835\ude2a\ud835\ude26\u201d. Incontro online delle Caritas del Nord-Est per riflettere e conoscere le drammatiche situazioni dei terremotati di Turchia e Siria\"}]},{\"@type\":\"WebSite\",\"@id\":\"https:\/\/www.diocesitn.it\/area-testimonianza\/#website\",\"url\":\"https:\/\/www.diocesitn.it\/area-testimonianza\/\",\"name\":\"Testimonianza e Impegno sociale\",\"description\":\"Chiesa di Trento\",\"publisher\":{\"@id\":\"https:\/\/www.diocesitn.it\/area-testimonianza\/#organization\"},\"potentialAction\":[{\"@type\":\"SearchAction\",\"target\":{\"@type\":\"EntryPoint\",\"urlTemplate\":\"https:\/\/www.diocesitn.it\/area-testimonianza\/?s={search_term_string}\"},\"query-input\":\"required name=search_term_string\"}],\"inLanguage\":\"it-IT\"},{\"@type\":[\"Organization\",\"Place\"],\"@id\":\"https:\/\/www.diocesitn.it\/area-testimonianza\/#organization\",\"name\":\"Area Testimonianza e Impegno Sociale - Chiesa di Trento\",\"url\":\"https:\/\/www.diocesitn.it\/area-testimonianza\/\",\"logo\":{\"@id\":\"https:\/\/www.diocesitn.it\/area-testimonianza\/2023\/03\/10\/%f0%9d%98%9a%f0%9d%98%a4%f0%9d%98%aa%f0%9d%98%af%f0%9d%98%b5%f0%9d%98%aa%f0%9d%98%ad%f0%9d%98%ad%f0%9d%98%a6-%f0%9d%98%a5%f0%9d%98%aa-%f0%9d%98%b4%f0%9d%98%b1%f0%9d%98%a6%f0%9d%98%b3\/#local-main-organization-logo\"},\"image\":{\"@id\":\"https:\/\/www.diocesitn.it\/area-testimonianza\/2023\/03\/10\/%f0%9d%98%9a%f0%9d%98%a4%f0%9d%98%aa%f0%9d%98%af%f0%9d%98%b5%f0%9d%98%aa%f0%9d%98%ad%f0%9d%98%ad%f0%9d%98%a6-%f0%9d%98%a5%f0%9d%98%aa-%f0%9d%98%b4%f0%9d%98%b1%f0%9d%98%a6%f0%9d%98%b3\/#local-main-organization-logo\"},\"openingHoursSpecification\":[{\"@type\":\"OpeningHoursSpecification\",\"dayOfWeek\":[\"Monday\",\"Tuesday\",\"Wednesday\",\"Thursday\",\"Friday\",\"Saturday\",\"Sunday\"],\"opens\":\"09:00\",\"closes\":\"17:00\"}]},{\"@type\":\"ImageObject\",\"inLanguage\":\"it-IT\",\"@id\":\"https:\/\/www.diocesitn.it\/area-testimonianza\/2023\/03\/10\/%f0%9d%98%9a%f0%9d%98%a4%f0%9d%98%aa%f0%9d%98%af%f0%9d%98%b5%f0%9d%98%aa%f0%9d%98%ad%f0%9d%98%ad%f0%9d%98%a6-%f0%9d%98%a5%f0%9d%98%aa-%f0%9d%98%b4%f0%9d%98%b1%f0%9d%98%a6%f0%9d%98%b3\/#local-main-organization-logo\",\"url\":\"https:\/\/www.diocesitn.it\/area-testimonianza\/wp-content\/uploads\/sites\/37\/2021\/09\/og-logo-testimonianza-e-impegno-sociale.jpg\",\"contentUrl\":\"https:\/\/www.diocesitn.it\/area-testimonianza\/wp-content\/uploads\/sites\/37\/2021\/09\/og-logo-testimonianza-e-impegno-sociale.jpg\",\"width\":1200,\"height\":630,\"caption\":\"Area Testimonianza e Impegno Sociale - Chiesa di Trento\"}]}<\/script>\n<!-- \/ Yoast SEO Premium plugin. -->","yoast_head_json":{"title":"\u201c\ud835\ude1a\ud835\ude24\ud835\ude2a\ud835\ude2f\ud835\ude35\ud835\ude2a\ud835\ude2d\ud835\ude2d\ud835\ude26 \ud835\ude25\ud835\ude2a \ud835\ude34\ud835\ude31\ud835\ude26\ud835\ude33\ud835\ude22\ud835\ude2f\ud835\ude3b\ud835\ude22 \ud835\ude35\ud835\ude33\ud835\ude22 \ud835\ude2d\ud835\ude26 \ud835\ude2e\ud835\ude22\ud835\ude24\ud835\ude26\ud835\ude33\ud835\ude2a\ud835\ude26\u201d. Incontro online delle Caritas del Nord-Est per riflettere e conoscere le drammatiche situazioni dei terremotati di Turchia e Siria - Testimonianza e Impegno sociale","robots":{"index":"index","follow":"follow","max-snippet":"max-snippet:-1","max-image-preview":"max-image-preview:large","max-video-preview":"max-video-preview:-1"},"canonical":"https:\/\/www.diocesitn.it\/area-testimonianza\/2023\/03\/10\/\ud835\ude1a\ud835\ude24\ud835\ude2a\ud835\ude2f\ud835\ude35\ud835\ude2a\ud835\ude2d\ud835\ude2d\ud835\ude26-\ud835\ude25\ud835\ude2a-\ud835\ude34\ud835\ude31\ud835\ude26\ud835\ude33\/","og_locale":"it_IT","og_type":"article","og_title":"\u201c\ud835\ude1a\ud835\ude24\ud835\ude2a\ud835\ude2f\ud835\ude35\ud835\ude2a\ud835\ude2d\ud835\ude2d\ud835\ude26 \ud835\ude25\ud835\ude2a \ud835\ude34\ud835\ude31\ud835\ude26\ud835\ude33\ud835\ude22\ud835\ude2f\ud835\ude3b\ud835\ude22 \ud835\ude35\ud835\ude33\ud835\ude22 \ud835\ude2d\ud835\ude26 \ud835\ude2e\ud835\ude22\ud835\ude24\ud835\ude26\ud835\ude33\ud835\ude2a\ud835\ude26\u201d. Incontro online delle Caritas del Nord-Est per riflettere e conoscere le drammatiche situazioni dei terremotati di Turchia e Siria","og_description":"Mercoled\u00ec 15 marzo alle ore 20:30, le Caritas della Delegazione Nord-Est (Friuli Venezia Giulia, Trentino Alto Adige e Veneto) organizzano l\u2019incontro online \u201c\ud835\ude1a\ud835\ude24\ud835\ude2a\ud835\ude2f\ud835\ude35\ud835\ude2a\ud835\ude2d\ud835\ude2d\ud835\ude26 \ud835\ude25\ud835\ude2a \ud835\ude34\ud835\ude31\ud835\ude26\ud835\ude33\ud835\ude22\ud835\ude2f\ud835\ude3b\ud835\ude22 \ud835\ude35\ud835\ude33\ud835\ude22 \ud835\ude2d\ud835\ude26 \ud835\ude2e\ud835\ude22\ud835\ude24\ud835\ude26\ud835\ude33\ud835\ude2a\ud835\ude26\u201d, un momento di riflessione e testimonianza sulla","og_url":"https:\/\/www.diocesitn.it\/area-testimonianza\/2023\/03\/10\/\ud835\ude1a\ud835\ude24\ud835\ude2a\ud835\ude2f\ud835\ude35\ud835\ude2a\ud835\ude2d\ud835\ude2d\ud835\ude26-\ud835\ude25\ud835\ude2a-\ud835\ude34\ud835\ude31\ud835\ude26\ud835\ude33\/","og_site_name":"Testimonianza e Impegno sociale","article_published_time":"2023-03-10T10:32:56+00:00","article_modified_time":"2024-11-14T10:25:17+00:00","og_image":[{"width":933,"height":665,"url":"https:\/\/www.diocesitn.it\/area-testimonianza\/wp-content\/uploads\/sites\/37\/2023\/03\/Scintille-di-speranza-tra-le-macerie-ritaglio.jpg","type":"image\/jpeg"}],"author":"Claudia Dorigoni","twitter_card":"summary_large_image","twitter_misc":{"Scritto da":"Claudia Dorigoni","Tempo di lettura stimato":"2 minuti"},"schema":{"@context":"https:\/\/schema.org","@graph":[{"@type":"Article","@id":"https:\/\/www.diocesitn.it\/area-testimonianza\/2023\/03\/10\/%f0%9d%98%9a%f0%9d%98%a4%f0%9d%98%aa%f0%9d%98%af%f0%9d%98%b5%f0%9d%98%aa%f0%9d%98%ad%f0%9d%98%ad%f0%9d%98%a6-%f0%9d%98%a5%f0%9d%98%aa-%f0%9d%98%b4%f0%9d%98%b1%f0%9d%98%a6%f0%9d%98%b3\/#article","isPartOf":{"@id":"https:\/\/www.diocesitn.it\/area-testimonianza\/2023\/03\/10\/%f0%9d%98%9a%f0%9d%98%a4%f0%9d%98%aa%f0%9d%98%af%f0%9d%98%b5%f0%9d%98%aa%f0%9d%98%ad%f0%9d%98%ad%f0%9d%98%a6-%f0%9d%98%a5%f0%9d%98%aa-%f0%9d%98%b4%f0%9d%98%b1%f0%9d%98%a6%f0%9d%98%b3\/"},"author":{"name":"Claudia Dorigoni","@id":"https:\/\/www.diocesitn.it\/area-testimonianza\/#\/schema\/person\/5467191b81c25706baf09a59aab380a5"},"headline":"\u201c\ud835\ude1a\ud835\ude24\ud835\ude2a\ud835\ude2f\ud835\ude35\ud835\ude2a\ud835\ude2d\ud835\ude2d\ud835\ude26 \ud835\ude25\ud835\ude2a \ud835\ude34\ud835\ude31\ud835\ude26\ud835\ude33\ud835\ude22\ud835\ude2f\ud835\ude3b\ud835\ude22 \ud835\ude35\ud835\ude33\ud835\ude22 \ud835\ude2d\ud835\ude26 \ud835\ude2e\ud835\ude22\ud835\ude24\ud835\ude26\ud835\ude33\ud835\ude2a\ud835\ude26\u201d. Incontro online delle Caritas del Nord-Est per riflettere e conoscere le drammatiche situazioni dei terremotati di Turchia e Siria","datePublished":"2023-03-10T10:32:56+00:00","dateModified":"2024-11-14T10:25:17+00:00","mainEntityOfPage":{"@id":"https:\/\/www.diocesitn.it\/area-testimonianza\/2023\/03\/10\/%f0%9d%98%9a%f0%9d%98%a4%f0%9d%98%aa%f0%9d%98%af%f0%9d%98%b5%f0%9d%98%aa%f0%9d%98%ad%f0%9d%98%ad%f0%9d%98%a6-%f0%9d%98%a5%f0%9d%98%aa-%f0%9d%98%b4%f0%9d%98%b1%f0%9d%98%a6%f0%9d%98%b3\/"},"wordCount":274,"publisher":{"@id":"https:\/\/www.diocesitn.it\/area-testimonianza\/#organization"},"image":{"@id":"https:\/\/www.diocesitn.it\/area-testimonianza\/2023\/03\/10\/%f0%9d%98%9a%f0%9d%98%a4%f0%9d%98%aa%f0%9d%98%af%f0%9d%98%b5%f0%9d%98%aa%f0%9d%98%ad%f0%9d%98%ad%f0%9d%98%a6-%f0%9d%98%a5%f0%9d%98%aa-%f0%9d%98%b4%f0%9d%98%b1%f0%9d%98%a6%f0%9d%98%b3\/#primaryimage"},"thumbnailUrl":"https:\/\/www.diocesitn.it\/area-testimonianza\/wp-content\/uploads\/sites\/37\/2023\/03\/Scintille-di-speranza-tra-le-macerie-ritaglio.jpg","keywords":["raccolta","Terremoto"],"articleSection":["Caritas diocesana","Notizie"],"inLanguage":"it-IT","copyrightYear":"2023","copyrightHolder":{"@id":"https:\/\/www.diocesitn.it\/#organization"}},{"@type":"WebPage","@id":"https:\/\/www.diocesitn.it\/area-testimonianza\/2023\/03\/10\/%f0%9d%98%9a%f0%9d%98%a4%f0%9d%98%aa%f0%9d%98%af%f0%9d%98%b5%f0%9d%98%aa%f0%9d%98%ad%f0%9d%98%ad%f0%9d%98%a6-%f0%9d%98%a5%f0%9d%98%aa-%f0%9d%98%b4%f0%9d%98%b1%f0%9d%98%a6%f0%9d%98%b3\/","url":"https:\/\/www.diocesitn.it\/area-testimonianza\/2023\/03\/10\/%f0%9d%98%9a%f0%9d%98%a4%f0%9d%98%aa%f0%9d%98%af%f0%9d%98%b5%f0%9d%98%aa%f0%9d%98%ad%f0%9d%98%ad%f0%9d%98%a6-%f0%9d%98%a5%f0%9d%98%aa-%f0%9d%98%b4%f0%9d%98%b1%f0%9d%98%a6%f0%9d%98%b3\/","name":"\u201c\ud835\ude1a\ud835\ude24\ud835\ude2a\ud835\ude2f\ud835\ude35\ud835\ude2a\ud835\ude2d\ud835\ude2d\ud835\ude26 \ud835\ude25\ud835\ude2a \ud835\ude34\ud835\ude31\ud835\ude26\ud835\ude33\ud835\ude22\ud835\ude2f\ud835\ude3b\ud835\ude22 \ud835\ude35\ud835\ude33\ud835\ude22 \ud835\ude2d\ud835\ude26 \ud835\ude2e\ud835\ude22\ud835\ude24\ud835\ude26\ud835\ude33\ud835\ude2a\ud835\ude26\u201d. Incontro online delle Caritas del Nord-Est per riflettere e conoscere le drammatiche situazioni dei terremotati di Turchia e Siria - Testimonianza e Impegno sociale","isPartOf":{"@id":"https:\/\/www.diocesitn.it\/area-testimonianza\/#website"},"primaryImageOfPage":{"@id":"https:\/\/www.diocesitn.it\/area-testimonianza\/2023\/03\/10\/%f0%9d%98%9a%f0%9d%98%a4%f0%9d%98%aa%f0%9d%98%af%f0%9d%98%b5%f0%9d%98%aa%f0%9d%98%ad%f0%9d%98%ad%f0%9d%98%a6-%f0%9d%98%a5%f0%9d%98%aa-%f0%9d%98%b4%f0%9d%98%b1%f0%9d%98%a6%f0%9d%98%b3\/#primaryimage"},"image":{"@id":"https:\/\/www.diocesitn.it\/area-testimonianza\/2023\/03\/10\/%f0%9d%98%9a%f0%9d%98%a4%f0%9d%98%aa%f0%9d%98%af%f0%9d%98%b5%f0%9d%98%aa%f0%9d%98%ad%f0%9d%98%ad%f0%9d%98%a6-%f0%9d%98%a5%f0%9d%98%aa-%f0%9d%98%b4%f0%9d%98%b1%f0%9d%98%a6%f0%9d%98%b3\/#primaryimage"},"thumbnailUrl":"https:\/\/www.diocesitn.it\/area-testimonianza\/wp-content\/uploads\/sites\/37\/2023\/03\/Scintille-di-speranza-tra-le-macerie-ritaglio.jpg","datePublished":"2023-03-10T10:32:56+00:00","dateModified":"2024-11-14T10:25:17+00:00","breadcrumb":{"@id":"https:\/\/www.diocesitn.it\/area-testimonianza\/2023\/03\/10\/%f0%9d%98%9a%f0%9d%98%a4%f0%9d%98%aa%f0%9d%98%af%f0%9d%98%b5%f0%9d%98%aa%f0%9d%98%ad%f0%9d%98%ad%f0%9d%98%a6-%f0%9d%98%a5%f0%9d%98%aa-%f0%9d%98%b4%f0%9d%98%b1%f0%9d%98%a6%f0%9d%98%b3\/#breadcrumb"},"inLanguage":"it-IT","potentialAction":[{"@type":"ReadAction","target":["https:\/\/www.diocesitn.it\/area-testimonianza\/2023\/03\/10\/%f0%9d%98%9a%f0%9d%98%a4%f0%9d%98%aa%f0%9d%98%af%f0%9d%98%b5%f0%9d%98%aa%f0%9d%98%ad%f0%9d%98%ad%f0%9d%98%a6-%f0%9d%98%a5%f0%9d%98%aa-%f0%9d%98%b4%f0%9d%98%b1%f0%9d%98%a6%f0%9d%98%b3\/"]}]},{"@type":"ImageObject","inLanguage":"it-IT","@id":"https:\/\/www.diocesitn.it\/area-testimonianza\/2023\/03\/10\/%f0%9d%98%9a%f0%9d%98%a4%f0%9d%98%aa%f0%9d%98%af%f0%9d%98%b5%f0%9d%98%aa%f0%9d%98%ad%f0%9d%98%ad%f0%9d%98%a6-%f0%9d%98%a5%f0%9d%98%aa-%f0%9d%98%b4%f0%9d%98%b1%f0%9d%98%a6%f0%9d%98%b3\/#primaryimage","url":"https:\/\/www.diocesitn.it\/area-testimonianza\/wp-content\/uploads\/sites\/37\/2023\/03\/Scintille-di-speranza-tra-le-macerie-ritaglio.jpg","contentUrl":"https:\/\/www.diocesitn.it\/area-testimonianza\/wp-content\/uploads\/sites\/37\/2023\/03\/Scintille-di-speranza-tra-le-macerie-ritaglio.jpg","width":933,"height":665},{"@type":"BreadcrumbList","@id":"https:\/\/www.diocesitn.it\/area-testimonianza\/2023\/03\/10\/%f0%9d%98%9a%f0%9d%98%a4%f0%9d%98%aa%f0%9d%98%af%f0%9d%98%b5%f0%9d%98%aa%f0%9d%98%ad%f0%9d%98%ad%f0%9d%98%a6-%f0%9d%98%a5%f0%9d%98%aa-%f0%9d%98%b4%f0%9d%98%b1%f0%9d%98%a6%f0%9d%98%b3\/#breadcrumb","itemListElement":[{"@type":"ListItem","position":1,"name":"Home","item":"https:\/\/www.diocesitn.it\/area-testimonianza\/"},{"@type":"ListItem","position":2,"name":"\u201c\ud835\ude1a\ud835\ude24\ud835\ude2a\ud835\ude2f\ud835\ude35\ud835\ude2a\ud835\ude2d\ud835\ude2d\ud835\ude26 \ud835\ude25\ud835\ude2a \ud835\ude34\ud835\ude31\ud835\ude26\ud835\ude33\ud835\ude22\ud835\ude2f\ud835\ude3b\ud835\ude22 \ud835\ude35\ud835\ude33\ud835\ude22 \ud835\ude2d\ud835\ude26 \ud835\ude2e\ud835\ude22\ud835\ude24\ud835\ude26\ud835\ude33\ud835\ude2a\ud835\ude26\u201d. Incontro online delle Caritas del Nord-Est per riflettere e conoscere le drammatiche situazioni dei terremotati di Turchia e Siria"}]},{"@type":"WebSite","@id":"https:\/\/www.diocesitn.it\/area-testimonianza\/#website","url":"https:\/\/www.diocesitn.it\/area-testimonianza\/","name":"Testimonianza e Impegno sociale","description":"Chiesa di Trento","publisher":{"@id":"https:\/\/www.diocesitn.it\/area-testimonianza\/#organization"},"potentialAction":[{"@type":"SearchAction","target":{"@type":"EntryPoint","urlTemplate":"https:\/\/www.diocesitn.it\/area-testimonianza\/?s={search_term_string}"},"query-input":"required name=search_term_string"}],"inLanguage":"it-IT"},{"@type":["Organization","Place"],"@id":"https:\/\/www.diocesitn.it\/area-testimonianza\/#organization","name":"Area Testimonianza e Impegno Sociale - Chiesa di Trento","url":"https:\/\/www.diocesitn.it\/area-testimonianza\/","logo":{"@id":"https:\/\/www.diocesitn.it\/area-testimonianza\/2023\/03\/10\/%f0%9d%98%9a%f0%9d%98%a4%f0%9d%98%aa%f0%9d%98%af%f0%9d%98%b5%f0%9d%98%aa%f0%9d%98%ad%f0%9d%98%ad%f0%9d%98%a6-%f0%9d%98%a5%f0%9d%98%aa-%f0%9d%98%b4%f0%9d%98%b1%f0%9d%98%a6%f0%9d%98%b3\/#local-main-organization-logo"},"image":{"@id":"https:\/\/www.diocesitn.it\/area-testimonianza\/2023\/03\/10\/%f0%9d%98%9a%f0%9d%98%a4%f0%9d%98%aa%f0%9d%98%af%f0%9d%98%b5%f0%9d%98%aa%f0%9d%98%ad%f0%9d%98%ad%f0%9d%98%a6-%f0%9d%98%a5%f0%9d%98%aa-%f0%9d%98%b4%f0%9d%98%b1%f0%9d%98%a6%f0%9d%98%b3\/#local-main-organization-logo"},"openingHoursSpecification":[{"@type":"OpeningHoursSpecification","dayOfWeek":["Monday","Tuesday","Wednesday","Thursday","Friday","Saturday","Sunday"],"opens":"09:00","closes":"17:00"}]},{"@type":"ImageObject","inLanguage":"it-IT","@id":"https:\/\/www.diocesitn.it\/area-testimonianza\/2023\/03\/10\/%f0%9d%98%9a%f0%9d%98%a4%f0%9d%98%aa%f0%9d%98%af%f0%9d%98%b5%f0%9d%98%aa%f0%9d%98%ad%f0%9d%98%ad%f0%9d%98%a6-%f0%9d%98%a5%f0%9d%98%aa-%f0%9d%98%b4%f0%9d%98%b1%f0%9d%98%a6%f0%9d%98%b3\/#local-main-organization-logo","url":"https:\/\/www.diocesitn.it\/area-testimonianza\/wp-content\/uploads\/sites\/37\/2021\/09\/og-logo-testimonianza-e-impegno-sociale.jpg","contentUrl":"https:\/\/www.diocesitn.it\/area-testimonianza\/wp-content\/uploads\/sites\/37\/2021\/09\/og-logo-testimonianza-e-impegno-sociale.jpg","width":1200,"height":630,"caption":"Area Testimonianza e Impegno Sociale - Chiesa di Trento"}]}},"_links":{"self":[{"href":"https:\/\/www.diocesitn.it\/area-testimonianza\/wp-json\/wp\/v2\/posts\/12518","targetHints":{"allow":["GET"]}}],"collection":[{"href":"https:\/\/www.diocesitn.it\/area-testimonianza\/wp-json\/wp\/v2\/posts"}],"about":[{"href":"https:\/\/www.diocesitn.it\/area-testimonianza\/wp-json\/wp\/v2\/types\/post"}],"author":[{"embeddable":true,"href":"https:\/\/www.diocesitn.it\/area-testimonianza\/wp-json\/wp\/v2\/users\/4"}],"replies":[{"embeddable":true,"href":"https:\/\/www.diocesitn.it\/area-testimonianza\/wp-json\/wp\/v2\/comments?post=12518"}],"version-history":[{"count":3,"href":"https:\/\/www.diocesitn.it\/area-testimonianza\/wp-json\/wp\/v2\/posts\/12518\/revisions"}],"predecessor-version":[{"id":12524,"href":"https:\/\/www.diocesitn.it\/area-testimonianza\/wp-json\/wp\/v2\/posts\/12518\/revisions\/12524"}],"wp:featuredmedia":[{"embeddable":true,"href":"https:\/\/www.diocesitn.it\/area-testimonianza\/wp-json\/wp\/v2\/media\/12522"}],"wp:attachment":[{"href":"https:\/\/www.diocesitn.it\/area-testimonianza\/wp-json\/wp\/v2\/media?parent=12518"}],"wp:term":[{"taxonomy":"category","embeddable":true,"href":"https:\/\/www.diocesitn.it\/area-testimonianza\/wp-json\/wp\/v2\/categories?post=12518"},{"taxonomy":"post_tag","embeddable":true,"href":"https:\/\/www.diocesitn.it\/area-testimonianza\/wp-json\/wp\/v2\/tags?post=12518"}],"curies":[{"name":"wp","href":"https:\/\/api.w.org\/{rel}","templated":true}]}}