{"id":12490,"date":"2023-03-10T08:39:49","date_gmt":"2023-03-10T07:39:49","guid":{"rendered":"https:\/\/www.diocesitn.it\/area-testimonianza\/?p=12490"},"modified":"2023-06-08T09:55:57","modified_gmt":"2023-06-08T07:55:57","slug":"lunedi-della-missione-20-marzo-fra-congo-e-sud-sudan","status":"publish","type":"post","link":"https:\/\/www.diocesitn.it\/area-testimonianza\/2023\/03\/10\/lunedi-della-missione-20-marzo-fra-congo-e-sud-sudan\/","title":{"rendered":"Luned\u00ec della Missione &#8211; 20 marzo &#8211; tra Congo e Sud Sudan"},"content":{"rendered":"<p><span style=\"font-weight: 400\">TRA CONGO E SUD SUDAN<\/span><\/p>\n<p>Continuano i Luned\u00ec della missione con l&#8217;incontro on line del 20 marzo.<\/p>\n<p>Ormai pi\u00f9 di un mese fa papa Francesco compiva il suo viaggio per incontrare i popoli congolesi e sud sudanesi. Sono state denunciate le violenze perpetuate per anni, si \u00e8 parlato di percorsi di pace e di riconciliazione; ma il nostro sguardo gi\u00e0 volge altrove preso da altre priorit\u00e0. Vogliamo impegnarci a risintonizzarci su quelle frequenze ascoltando la voce di Maman Brigitte Kabu, congolese, romana e dottoressa in filosofia, e quella di don Dante Carraro, direttore di Medici con l&#8217;Africa Cuamm, da anni operativi in Sud Sudan. Aiutaci a condividere questo momento di ascolto con altre persone facendo conoscere i Luned\u00ec della Missione.<\/p>\n<p>Ne parliamo\u00a0<strong>luned\u00ec 20 marzo alle 20.45<\/strong>\u00a0sul\u00a0<a style=\"background-color: #ffffff\" href=\"https:\/\/www.youtube.com\/@lunedidellamissione\" target=\"_blank\" rel=\"noopener\"><strong>canale YouTube dei &#8220;Luned\u00ec della missione&#8221;<\/strong><\/a><strong style=\"font-size: inherit\">.<\/strong><\/p>\n<p>Link diretto: <a href=\"https:\/\/www.youtube.com\/watch?v=qaILP5xZNAw\" target=\"_blank\" rel=\"noopener\">https:\/\/www.youtube.com\/watch?v=qaILP5xZNAw<\/a><a href=\"https:\/\/www.diocesitn.it\/area-testimonianza\/wp-content\/uploads\/sites\/37\/2023\/03\/LdM-23-mar.jpg\" target=\"_blank\" rel=\"noopener\"><img loading=\"lazy\" decoding=\"async\" class=\"wp-image-12489 aligncenter\" src=\"https:\/\/www.diocesitn.it\/area-testimonianza\/wp-content\/uploads\/sites\/37\/2023\/03\/LdM-23-mar-212x300.jpg\" alt=\"\" width=\"712\" height=\"1008\" srcset=\"https:\/\/www.diocesitn.it\/area-testimonianza\/wp-content\/uploads\/sites\/37\/2023\/03\/LdM-23-mar-212x300.jpg 212w, https:\/\/www.diocesitn.it\/area-testimonianza\/wp-content\/uploads\/sites\/37\/2023\/03\/LdM-23-mar-724x1024.jpg 724w, https:\/\/www.diocesitn.it\/area-testimonianza\/wp-content\/uploads\/sites\/37\/2023\/03\/LdM-23-mar-768x1086.jpg 768w, https:\/\/www.diocesitn.it\/area-testimonianza\/wp-content\/uploads\/sites\/37\/2023\/03\/LdM-23-mar-198x280.jpg 198w, https:\/\/www.diocesitn.it\/area-testimonianza\/wp-content\/uploads\/sites\/37\/2023\/03\/LdM-23-mar-543x768.jpg 543w, https:\/\/www.diocesitn.it\/area-testimonianza\/wp-content\/uploads\/sites\/37\/2023\/03\/LdM-23-mar.jpg 794w\" sizes=\"auto, (max-width: 712px) 100vw, 712px\" \/><\/a><\/p>\n<p>&nbsp;<\/p>\n<p>Iscrivendosi alla <a href=\"https:\/\/chat.whatsapp.com\/DUA95yhCFWY2rRYFtellph\" target=\"_blank\" rel=\"noopener\">comunity WhatsApp<\/a> potrete restare aggiornati sui luned\u00ec della missione.<\/p>\n<p>Guarda anche gli <a href=\"https:\/\/www.diocesitn.it\/area-testimonianza\/centro-missionario-diocesano\/appuntamenti-missionari\/i-lunedi-della-missione-2022-2023\/\">incontri passati<\/a>.<\/p>\n","protected":false},"excerpt":{"rendered":"<p>TRA CONGO E SUD SUDAN Continuano i Luned\u00ec della missione con l&#8217;incontro on line del 20 marzo. Ormai pi\u00f9 di un mese fa papa Francesco compiva il suo viaggio per incontrare i popoli congolesi e<\/p>\n","protected":false},"author":161,"featured_media":12488,"comment_status":"closed","ping_status":"closed","sticky":false,"template":"","format":"standard","meta":{"footnotes":""},"categories":[1074,1151],"tags":[2064,1837,2043,2065],"class_list":["post-12490","post","type-post","status-publish","format-standard","has-post-thumbnail","hentry","category-notizie","category-servizio-missionario","tag-congo","tag-incontro-on-line","tag-lunedi-della-missione","tag-sud-sudan"],"acf":{"seed-localization-paese-cod":"IT","seed-localization-address":"","seed-localization-citta":"Trento","seed-localization-regione-cod-istat":"04","seed-localization-citta-cod-istat":"022205","seed-localization-localita":"","seed-localization-cap":"","seed-localization-marker-visibility":false,"seed-localization-children-visibility":false,"seed-localization-kml":"","seed-localization-custom-marker":""},"yoast_head":"<!-- This site is optimized with the Yoast SEO Premium plugin v20.2.1 (Yoast SEO v22.2) - https:\/\/yoast.com\/wordpress\/plugins\/seo\/ -->\n<title>Luned\u00ec della Missione - 20 marzo - tra Congo e Sud Sudan - Testimonianza e Impegno sociale<\/title>\n<meta name=\"description\" content=\"Fra Congo e Sud Sudan. Incontro on line, i luned\u00ec della missione 20 marzo ore 20.45.\" \/>\n<meta name=\"robots\" content=\"index, follow, max-snippet:-1, max-image-preview:large, max-video-preview:-1\" \/>\n<link rel=\"canonical\" href=\"https:\/\/www.diocesitn.it\/area-testimonianza\/2023\/03\/10\/lunedi-della-missione-20-marzo-fra-congo-e-sud-sudan\/\" \/>\n<meta property=\"og:locale\" content=\"it_IT\" \/>\n<meta property=\"og:type\" content=\"article\" \/>\n<meta property=\"og:title\" content=\"Luned\u00ec della Missione - 20 marzo - tra Congo e Sud Sudan\" \/>\n<meta property=\"og:description\" content=\"Fra Congo e Sud Sudan. Incontro on line, i luned\u00ec della missione 20 marzo ore 20.45.\" \/>\n<meta property=\"og:url\" content=\"https:\/\/www.diocesitn.it\/area-testimonianza\/2023\/03\/10\/lunedi-della-missione-20-marzo-fra-congo-e-sud-sudan\/\" \/>\n<meta property=\"og:site_name\" content=\"Testimonianza e Impegno sociale\" \/>\n<meta property=\"article:published_time\" content=\"2023-03-10T07:39:49+00:00\" \/>\n<meta property=\"article:modified_time\" content=\"2023-06-08T07:55:57+00:00\" \/>\n<meta property=\"og:image\" content=\"https:\/\/www.diocesitn.it\/area-testimonianza\/wp-content\/uploads\/sites\/37\/2023\/03\/LdM-23-mar-banner.jpg\" \/>\n\t<meta property=\"og:image:width\" content=\"794\" \/>\n\t<meta property=\"og:image:height\" content=\"470\" \/>\n\t<meta property=\"og:image:type\" content=\"image\/jpeg\" \/>\n<meta name=\"author\" content=\"smaule\" \/>\n<meta name=\"twitter:card\" content=\"summary_large_image\" \/>\n<meta name=\"twitter:label1\" content=\"Scritto da\" \/>\n\t<meta name=\"twitter:data1\" content=\"smaule\" \/>\n\t<meta name=\"twitter:label2\" content=\"Tempo di lettura stimato\" \/>\n\t<meta name=\"twitter:data2\" content=\"2 minuti\" \/>\n<script type=\"application\/ld+json\" class=\"yoast-schema-graph\">{\"@context\":\"https:\/\/schema.org\",\"@graph\":[{\"@type\":\"Article\",\"@id\":\"https:\/\/www.diocesitn.it\/area-testimonianza\/2023\/03\/10\/lunedi-della-missione-20-marzo-fra-congo-e-sud-sudan\/#article\",\"isPartOf\":{\"@id\":\"https:\/\/www.diocesitn.it\/area-testimonianza\/2023\/03\/10\/lunedi-della-missione-20-marzo-fra-congo-e-sud-sudan\/\"},\"author\":{\"name\":\"smaule\",\"@id\":\"https:\/\/www.diocesitn.it\/area-testimonianza\/#\/schema\/person\/bac489aafb7f98c1ca25f76c27174a95\"},\"headline\":\"Luned\u00ec della Missione &#8211; 20 marzo &#8211; tra Congo e Sud Sudan\",\"datePublished\":\"2023-03-10T07:39:49+00:00\",\"dateModified\":\"2023-06-08T07:55:57+00:00\",\"mainEntityOfPage\":{\"@id\":\"https:\/\/www.diocesitn.it\/area-testimonianza\/2023\/03\/10\/lunedi-della-missione-20-marzo-fra-congo-e-sud-sudan\/\"},\"wordCount\":168,\"publisher\":{\"@id\":\"https:\/\/www.diocesitn.it\/area-testimonianza\/#organization\"},\"image\":{\"@id\":\"https:\/\/www.diocesitn.it\/area-testimonianza\/2023\/03\/10\/lunedi-della-missione-20-marzo-fra-congo-e-sud-sudan\/#primaryimage\"},\"thumbnailUrl\":\"https:\/\/www.diocesitn.it\/area-testimonianza\/wp-content\/uploads\/sites\/37\/2023\/03\/LdM-23-mar-banner.jpg\",\"keywords\":[\"Congo\",\"incontro on line\",\"luned\u00ec della missione\",\"Sud Sudan\"],\"articleSection\":[\"Notizie\",\"Pastorale Missionaria\"],\"inLanguage\":\"it-IT\",\"copyrightYear\":\"2023\",\"copyrightHolder\":{\"@id\":\"https:\/\/www.diocesitn.it\/#organization\"}},{\"@type\":\"WebPage\",\"@id\":\"https:\/\/www.diocesitn.it\/area-testimonianza\/2023\/03\/10\/lunedi-della-missione-20-marzo-fra-congo-e-sud-sudan\/\",\"url\":\"https:\/\/www.diocesitn.it\/area-testimonianza\/2023\/03\/10\/lunedi-della-missione-20-marzo-fra-congo-e-sud-sudan\/\",\"name\":\"Luned\u00ec della Missione - 20 marzo - tra Congo e Sud Sudan - Testimonianza e Impegno sociale\",\"isPartOf\":{\"@id\":\"https:\/\/www.diocesitn.it\/area-testimonianza\/#website\"},\"primaryImageOfPage\":{\"@id\":\"https:\/\/www.diocesitn.it\/area-testimonianza\/2023\/03\/10\/lunedi-della-missione-20-marzo-fra-congo-e-sud-sudan\/#primaryimage\"},\"image\":{\"@id\":\"https:\/\/www.diocesitn.it\/area-testimonianza\/2023\/03\/10\/lunedi-della-missione-20-marzo-fra-congo-e-sud-sudan\/#primaryimage\"},\"thumbnailUrl\":\"https:\/\/www.diocesitn.it\/area-testimonianza\/wp-content\/uploads\/sites\/37\/2023\/03\/LdM-23-mar-banner.jpg\",\"datePublished\":\"2023-03-10T07:39:49+00:00\",\"dateModified\":\"2023-06-08T07:55:57+00:00\",\"description\":\"Fra Congo e Sud Sudan. Incontro on line, i luned\u00ec della missione 20 marzo ore 20.45.\",\"breadcrumb\":{\"@id\":\"https:\/\/www.diocesitn.it\/area-testimonianza\/2023\/03\/10\/lunedi-della-missione-20-marzo-fra-congo-e-sud-sudan\/#breadcrumb\"},\"inLanguage\":\"it-IT\",\"potentialAction\":[{\"@type\":\"ReadAction\",\"target\":[\"https:\/\/www.diocesitn.it\/area-testimonianza\/2023\/03\/10\/lunedi-della-missione-20-marzo-fra-congo-e-sud-sudan\/\"]}]},{\"@type\":\"ImageObject\",\"inLanguage\":\"it-IT\",\"@id\":\"https:\/\/www.diocesitn.it\/area-testimonianza\/2023\/03\/10\/lunedi-della-missione-20-marzo-fra-congo-e-sud-sudan\/#primaryimage\",\"url\":\"https:\/\/www.diocesitn.it\/area-testimonianza\/wp-content\/uploads\/sites\/37\/2023\/03\/LdM-23-mar-banner.jpg\",\"contentUrl\":\"https:\/\/www.diocesitn.it\/area-testimonianza\/wp-content\/uploads\/sites\/37\/2023\/03\/LdM-23-mar-banner.jpg\",\"width\":794,\"height\":470},{\"@type\":\"BreadcrumbList\",\"@id\":\"https:\/\/www.diocesitn.it\/area-testimonianza\/2023\/03\/10\/lunedi-della-missione-20-marzo-fra-congo-e-sud-sudan\/#breadcrumb\",\"itemListElement\":[{\"@type\":\"ListItem\",\"position\":1,\"name\":\"Home\",\"item\":\"https:\/\/www.diocesitn.it\/area-testimonianza\/\"},{\"@type\":\"ListItem\",\"position\":2,\"name\":\"Luned\u00ec della Missione &#8211; 20 marzo &#8211; tra Congo e Sud Sudan\"}]},{\"@type\":\"WebSite\",\"@id\":\"https:\/\/www.diocesitn.it\/area-testimonianza\/#website\",\"url\":\"https:\/\/www.diocesitn.it\/area-testimonianza\/\",\"name\":\"Testimonianza e Impegno sociale\",\"description\":\"Chiesa di Trento\",\"publisher\":{\"@id\":\"https:\/\/www.diocesitn.it\/area-testimonianza\/#organization\"},\"potentialAction\":[{\"@type\":\"SearchAction\",\"target\":{\"@type\":\"EntryPoint\",\"urlTemplate\":\"https:\/\/www.diocesitn.it\/area-testimonianza\/?s={search_term_string}\"},\"query-input\":\"required name=search_term_string\"}],\"inLanguage\":\"it-IT\"},{\"@type\":[\"Organization\",\"Place\"],\"@id\":\"https:\/\/www.diocesitn.it\/area-testimonianza\/#organization\",\"name\":\"Area Testimonianza e Impegno Sociale - Chiesa di Trento\",\"url\":\"https:\/\/www.diocesitn.it\/area-testimonianza\/\",\"logo\":{\"@id\":\"https:\/\/www.diocesitn.it\/area-testimonianza\/2023\/03\/10\/lunedi-della-missione-20-marzo-fra-congo-e-sud-sudan\/#local-main-organization-logo\"},\"image\":{\"@id\":\"https:\/\/www.diocesitn.it\/area-testimonianza\/2023\/03\/10\/lunedi-della-missione-20-marzo-fra-congo-e-sud-sudan\/#local-main-organization-logo\"},\"openingHoursSpecification\":[{\"@type\":\"OpeningHoursSpecification\",\"dayOfWeek\":[\"Monday\",\"Tuesday\",\"Wednesday\",\"Thursday\",\"Friday\",\"Saturday\",\"Sunday\"],\"opens\":\"09:00\",\"closes\":\"17:00\"}]},{\"@type\":\"ImageObject\",\"inLanguage\":\"it-IT\",\"@id\":\"https:\/\/www.diocesitn.it\/area-testimonianza\/2023\/03\/10\/lunedi-della-missione-20-marzo-fra-congo-e-sud-sudan\/#local-main-organization-logo\",\"url\":\"https:\/\/www.diocesitn.it\/area-testimonianza\/wp-content\/uploads\/sites\/37\/2021\/09\/og-logo-testimonianza-e-impegno-sociale.jpg\",\"contentUrl\":\"https:\/\/www.diocesitn.it\/area-testimonianza\/wp-content\/uploads\/sites\/37\/2021\/09\/og-logo-testimonianza-e-impegno-sociale.jpg\",\"width\":1200,\"height\":630,\"caption\":\"Area Testimonianza e Impegno Sociale - Chiesa di Trento\"}]}<\/script>\n<!-- \/ Yoast SEO Premium plugin. -->","yoast_head_json":{"title":"Luned\u00ec della Missione - 20 marzo - tra Congo e Sud Sudan - Testimonianza e Impegno sociale","description":"Fra Congo e Sud Sudan. Incontro on line, i luned\u00ec della missione 20 marzo ore 20.45.","robots":{"index":"index","follow":"follow","max-snippet":"max-snippet:-1","max-image-preview":"max-image-preview:large","max-video-preview":"max-video-preview:-1"},"canonical":"https:\/\/www.diocesitn.it\/area-testimonianza\/2023\/03\/10\/lunedi-della-missione-20-marzo-fra-congo-e-sud-sudan\/","og_locale":"it_IT","og_type":"article","og_title":"Luned\u00ec della Missione - 20 marzo - tra Congo e Sud Sudan","og_description":"Fra Congo e Sud Sudan. Incontro on line, i luned\u00ec della missione 20 marzo ore 20.45.","og_url":"https:\/\/www.diocesitn.it\/area-testimonianza\/2023\/03\/10\/lunedi-della-missione-20-marzo-fra-congo-e-sud-sudan\/","og_site_name":"Testimonianza e Impegno sociale","article_published_time":"2023-03-10T07:39:49+00:00","article_modified_time":"2023-06-08T07:55:57+00:00","og_image":[{"width":794,"height":470,"url":"https:\/\/www.diocesitn.it\/area-testimonianza\/wp-content\/uploads\/sites\/37\/2023\/03\/LdM-23-mar-banner.jpg","type":"image\/jpeg"}],"author":"smaule","twitter_card":"summary_large_image","twitter_misc":{"Scritto da":"smaule","Tempo di lettura stimato":"2 minuti"},"schema":{"@context":"https:\/\/schema.org","@graph":[{"@type":"Article","@id":"https:\/\/www.diocesitn.it\/area-testimonianza\/2023\/03\/10\/lunedi-della-missione-20-marzo-fra-congo-e-sud-sudan\/#article","isPartOf":{"@id":"https:\/\/www.diocesitn.it\/area-testimonianza\/2023\/03\/10\/lunedi-della-missione-20-marzo-fra-congo-e-sud-sudan\/"},"author":{"name":"smaule","@id":"https:\/\/www.diocesitn.it\/area-testimonianza\/#\/schema\/person\/bac489aafb7f98c1ca25f76c27174a95"},"headline":"Luned\u00ec della Missione &#8211; 20 marzo &#8211; tra Congo e Sud Sudan","datePublished":"2023-03-10T07:39:49+00:00","dateModified":"2023-06-08T07:55:57+00:00","mainEntityOfPage":{"@id":"https:\/\/www.diocesitn.it\/area-testimonianza\/2023\/03\/10\/lunedi-della-missione-20-marzo-fra-congo-e-sud-sudan\/"},"wordCount":168,"publisher":{"@id":"https:\/\/www.diocesitn.it\/area-testimonianza\/#organization"},"image":{"@id":"https:\/\/www.diocesitn.it\/area-testimonianza\/2023\/03\/10\/lunedi-della-missione-20-marzo-fra-congo-e-sud-sudan\/#primaryimage"},"thumbnailUrl":"https:\/\/www.diocesitn.it\/area-testimonianza\/wp-content\/uploads\/sites\/37\/2023\/03\/LdM-23-mar-banner.jpg","keywords":["Congo","incontro on line","luned\u00ec della missione","Sud Sudan"],"articleSection":["Notizie","Pastorale Missionaria"],"inLanguage":"it-IT","copyrightYear":"2023","copyrightHolder":{"@id":"https:\/\/www.diocesitn.it\/#organization"}},{"@type":"WebPage","@id":"https:\/\/www.diocesitn.it\/area-testimonianza\/2023\/03\/10\/lunedi-della-missione-20-marzo-fra-congo-e-sud-sudan\/","url":"https:\/\/www.diocesitn.it\/area-testimonianza\/2023\/03\/10\/lunedi-della-missione-20-marzo-fra-congo-e-sud-sudan\/","name":"Luned\u00ec della Missione - 20 marzo - tra Congo e Sud Sudan - Testimonianza e Impegno sociale","isPartOf":{"@id":"https:\/\/www.diocesitn.it\/area-testimonianza\/#website"},"primaryImageOfPage":{"@id":"https:\/\/www.diocesitn.it\/area-testimonianza\/2023\/03\/10\/lunedi-della-missione-20-marzo-fra-congo-e-sud-sudan\/#primaryimage"},"image":{"@id":"https:\/\/www.diocesitn.it\/area-testimonianza\/2023\/03\/10\/lunedi-della-missione-20-marzo-fra-congo-e-sud-sudan\/#primaryimage"},"thumbnailUrl":"https:\/\/www.diocesitn.it\/area-testimonianza\/wp-content\/uploads\/sites\/37\/2023\/03\/LdM-23-mar-banner.jpg","datePublished":"2023-03-10T07:39:49+00:00","dateModified":"2023-06-08T07:55:57+00:00","description":"Fra Congo e Sud Sudan. Incontro on line, i luned\u00ec della missione 20 marzo ore 20.45.","breadcrumb":{"@id":"https:\/\/www.diocesitn.it\/area-testimonianza\/2023\/03\/10\/lunedi-della-missione-20-marzo-fra-congo-e-sud-sudan\/#breadcrumb"},"inLanguage":"it-IT","potentialAction":[{"@type":"ReadAction","target":["https:\/\/www.diocesitn.it\/area-testimonianza\/2023\/03\/10\/lunedi-della-missione-20-marzo-fra-congo-e-sud-sudan\/"]}]},{"@type":"ImageObject","inLanguage":"it-IT","@id":"https:\/\/www.diocesitn.it\/area-testimonianza\/2023\/03\/10\/lunedi-della-missione-20-marzo-fra-congo-e-sud-sudan\/#primaryimage","url":"https:\/\/www.diocesitn.it\/area-testimonianza\/wp-content\/uploads\/sites\/37\/2023\/03\/LdM-23-mar-banner.jpg","contentUrl":"https:\/\/www.diocesitn.it\/area-testimonianza\/wp-content\/uploads\/sites\/37\/2023\/03\/LdM-23-mar-banner.jpg","width":794,"height":470},{"@type":"BreadcrumbList","@id":"https:\/\/www.diocesitn.it\/area-testimonianza\/2023\/03\/10\/lunedi-della-missione-20-marzo-fra-congo-e-sud-sudan\/#breadcrumb","itemListElement":[{"@type":"ListItem","position":1,"name":"Home","item":"https:\/\/www.diocesitn.it\/area-testimonianza\/"},{"@type":"ListItem","position":2,"name":"Luned\u00ec della Missione &#8211; 20 marzo &#8211; tra Congo e Sud Sudan"}]},{"@type":"WebSite","@id":"https:\/\/www.diocesitn.it\/area-testimonianza\/#website","url":"https:\/\/www.diocesitn.it\/area-testimonianza\/","name":"Testimonianza e Impegno sociale","description":"Chiesa di Trento","publisher":{"@id":"https:\/\/www.diocesitn.it\/area-testimonianza\/#organization"},"potentialAction":[{"@type":"SearchAction","target":{"@type":"EntryPoint","urlTemplate":"https:\/\/www.diocesitn.it\/area-testimonianza\/?s={search_term_string}"},"query-input":"required name=search_term_string"}],"inLanguage":"it-IT"},{"@type":["Organization","Place"],"@id":"https:\/\/www.diocesitn.it\/area-testimonianza\/#organization","name":"Area Testimonianza e Impegno Sociale - Chiesa di Trento","url":"https:\/\/www.diocesitn.it\/area-testimonianza\/","logo":{"@id":"https:\/\/www.diocesitn.it\/area-testimonianza\/2023\/03\/10\/lunedi-della-missione-20-marzo-fra-congo-e-sud-sudan\/#local-main-organization-logo"},"image":{"@id":"https:\/\/www.diocesitn.it\/area-testimonianza\/2023\/03\/10\/lunedi-della-missione-20-marzo-fra-congo-e-sud-sudan\/#local-main-organization-logo"},"openingHoursSpecification":[{"@type":"OpeningHoursSpecification","dayOfWeek":["Monday","Tuesday","Wednesday","Thursday","Friday","Saturday","Sunday"],"opens":"09:00","closes":"17:00"}]},{"@type":"ImageObject","inLanguage":"it-IT","@id":"https:\/\/www.diocesitn.it\/area-testimonianza\/2023\/03\/10\/lunedi-della-missione-20-marzo-fra-congo-e-sud-sudan\/#local-main-organization-logo","url":"https:\/\/www.diocesitn.it\/area-testimonianza\/wp-content\/uploads\/sites\/37\/2021\/09\/og-logo-testimonianza-e-impegno-sociale.jpg","contentUrl":"https:\/\/www.diocesitn.it\/area-testimonianza\/wp-content\/uploads\/sites\/37\/2021\/09\/og-logo-testimonianza-e-impegno-sociale.jpg","width":1200,"height":630,"caption":"Area Testimonianza e Impegno Sociale - Chiesa di Trento"}]}},"_links":{"self":[{"href":"https:\/\/www.diocesitn.it\/area-testimonianza\/wp-json\/wp\/v2\/posts\/12490","targetHints":{"allow":["GET"]}}],"collection":[{"href":"https:\/\/www.diocesitn.it\/area-testimonianza\/wp-json\/wp\/v2\/posts"}],"about":[{"href":"https:\/\/www.diocesitn.it\/area-testimonianza\/wp-json\/wp\/v2\/types\/post"}],"author":[{"embeddable":true,"href":"https:\/\/www.diocesitn.it\/area-testimonianza\/wp-json\/wp\/v2\/users\/161"}],"replies":[{"embeddable":true,"href":"https:\/\/www.diocesitn.it\/area-testimonianza\/wp-json\/wp\/v2\/comments?post=12490"}],"version-history":[{"count":4,"href":"https:\/\/www.diocesitn.it\/area-testimonianza\/wp-json\/wp\/v2\/posts\/12490\/revisions"}],"predecessor-version":[{"id":13079,"href":"https:\/\/www.diocesitn.it\/area-testimonianza\/wp-json\/wp\/v2\/posts\/12490\/revisions\/13079"}],"wp:featuredmedia":[{"embeddable":true,"href":"https:\/\/www.diocesitn.it\/area-testimonianza\/wp-json\/wp\/v2\/media\/12488"}],"wp:attachment":[{"href":"https:\/\/www.diocesitn.it\/area-testimonianza\/wp-json\/wp\/v2\/media?parent=12490"}],"wp:term":[{"taxonomy":"category","embeddable":true,"href":"https:\/\/www.diocesitn.it\/area-testimonianza\/wp-json\/wp\/v2\/categories?post=12490"},{"taxonomy":"post_tag","embeddable":true,"href":"https:\/\/www.diocesitn.it\/area-testimonianza\/wp-json\/wp\/v2\/tags?post=12490"}],"curies":[{"name":"wp","href":"https:\/\/api.w.org\/{rel}","templated":true}]}}