{"id":12382,"date":"2023-02-15T15:32:21","date_gmt":"2023-02-15T14:32:21","guid":{"rendered":"https:\/\/www.diocesitn.it\/area-testimonianza\/?p=12382"},"modified":"2023-02-22T14:17:22","modified_gmt":"2023-02-22T13:17:22","slug":"il-materiale-per-lanimazione-della-quaresima-2023","status":"publish","type":"post","link":"https:\/\/www.diocesitn.it\/area-testimonianza\/2023\/02\/15\/il-materiale-per-lanimazione-della-quaresima-2023\/","title":{"rendered":"Il materiale per l&#8217;animazione della Quaresima 2023"},"content":{"rendered":"<h3>Una strada che parla di giustizia<\/h3>\n<p><img loading=\"lazy\" decoding=\"async\" class=\"size-medium wp-image-12389 alignleft\" src=\"https:\/\/www.diocesitn.it\/area-testimonianza\/wp-content\/uploads\/sites\/37\/2023\/02\/Quaresima-2023-manifesto-225x300.jpg\" alt=\"\" width=\"225\" height=\"300\" srcset=\"https:\/\/www.diocesitn.it\/area-testimonianza\/wp-content\/uploads\/sites\/37\/2023\/02\/Quaresima-2023-manifesto-225x300.jpg 225w, https:\/\/www.diocesitn.it\/area-testimonianza\/wp-content\/uploads\/sites\/37\/2023\/02\/Quaresima-2023-manifesto-768x1024.jpg 768w, https:\/\/www.diocesitn.it\/area-testimonianza\/wp-content\/uploads\/sites\/37\/2023\/02\/Quaresima-2023-manifesto-210x280.jpg 210w, https:\/\/www.diocesitn.it\/area-testimonianza\/wp-content\/uploads\/sites\/37\/2023\/02\/Quaresima-2023-manifesto-576x768.jpg 576w, https:\/\/www.diocesitn.it\/area-testimonianza\/wp-content\/uploads\/sites\/37\/2023\/02\/Quaresima-2023-manifesto-1152x1536.jpg 1152w, https:\/\/www.diocesitn.it\/area-testimonianza\/wp-content\/uploads\/sites\/37\/2023\/02\/Quaresima-2023-manifesto-1536x2048.jpg 1536w, https:\/\/www.diocesitn.it\/area-testimonianza\/wp-content\/uploads\/sites\/37\/2023\/02\/Quaresima-2023-manifesto-800x1067.jpg 800w, https:\/\/www.diocesitn.it\/area-testimonianza\/wp-content\/uploads\/sites\/37\/2023\/02\/Quaresima-2023-manifesto-1200x1600.jpg 1200w, https:\/\/www.diocesitn.it\/area-testimonianza\/wp-content\/uploads\/sites\/37\/2023\/02\/Quaresima-2023-manifesto-1320x1760.jpg 1320w, https:\/\/www.diocesitn.it\/area-testimonianza\/wp-content\/uploads\/sites\/37\/2023\/02\/Quaresima-2023-manifesto-scaled.jpg 1920w\" sizes=\"auto, (max-width: 225px) 100vw, 225px\" \/><\/p>\n<p>Seguendo il filone degli ultimi anni, proponiamo un sussidio corale che cerca di toccare le sensibilit\u00e0 tipiche dell\u2019Area Testimonianza e Impegno Sociale della Diocesi di Trento: carit\u00e0, missione, migrazione, anziani, creato, dialogo interreligioso e pellegrinaggi si susseguono nei testi proposti.<\/p>\n<p>Diversa \u00e8 la cadenza, non pi\u00f9 giornaliera bens\u00ec settimanale, cos\u00ec da poter dare spazio a contenuti un po\u2019 pi\u00f9 corposi. I Vangeli del Mercoled\u00ec delle Ceneri e delle domeniche sono seguiti da un commento e da una preghiera.<\/p>\n<p>&nbsp;<\/p>\n<p>La campagna &#8220;<strong>Un pane per amor di Dio<\/strong>&#8221; si ripete ogni Quaresima dal 1962, \u00e8 stata lanciata dai vescovi del Triveneto in risposta alla coscienza della fame nel mondo. Le\u00a0<strong>offerte<\/strong>\u00a0raccolte il gioved\u00ec santo\u00a0<span style=\"font-size: inherit\">vengono divise fra tutti i missionari trentini sparsi per il mondo. Vanno\u00a0<a href=\"https:\/\/www.diocesitn.it\/area-testimonianza\/centro-missionario-diocesano\/come-sostenere-le-attivita-della-pastorale-missionaria\/\"><strong>versate<\/strong><\/a>\u00a0al Centro Missionario indicando i<\/span>n causale &#8220;Quaresima 2023&#8221;.<\/p>\n<p>&nbsp;<\/p>\n<p>&nbsp;<\/p>\n<h3 style=\"color: #444444\">Ritiro del materiale cartaceo<\/h3>\n<p style=\"font-size: 16px\">Il materiale della Quaresima sar\u00e0 disponibile al ritiro a partire dal <strong>13 febbraio 2023<\/strong>.<\/p>\n<p style=\"font-size: 16px\">I punti di ritiro sono:<\/p>\n<ul>\n<li>la segreteria generale dell\u2019Arcidiocesi (Trento, piazza Fiera, 2 &#8211;\u00a0 tel. 0461-891.130)<\/li>\n<li>il Polo Vigilianum (Trento, via Endrici 14 &#8211; tel. 0461-360.229)<\/li>\n<\/ul>\n<p style=\"font-size: 16px\"><span style=\"color: #000000\"><span style=\"color: #1f497d\">Il sussidio ha un costo di 1\u20ac<\/span>.<\/span><\/p>\n<h4>Materiale disponibile in<strong> formato cartaceo e scaricabile online<\/strong>:<\/h4>\n<ul>\n<li><a href=\"https:\/\/www.diocesitn.it\/area-testimonianza\/wp-content\/uploads\/sites\/37\/2023\/02\/Quaresima-2023-Sussidio.pdf\" target=\"_blank\" rel=\"noopener\">Sussidio<\/a> per la preghiera settimanale in famiglia<\/li>\n<li><a href=\"https:\/\/www.diocesitn.it\/area-testimonianza\/wp-content\/uploads\/sites\/37\/2023\/02\/Quaresima-2023-manifesto-scaled.jpg\" target=\"_blank\" rel=\"noopener\">Manifesto<\/a> &#8220;Quaresima di fraternit\u00e0&#8221;<\/li>\n<li><a href=\"https:\/\/www.diocesitn.it\/area-testimonianza\/wp-content\/uploads\/sites\/37\/2023\/02\/Quaresima-2023-Strisce.pdf\" target=\"_blank\" rel=\"noopener\">Strisce settimanali<\/a><\/li>\n<li>Salvadanai e buste (solo cartaceo)<\/li>\n<li>Il <a href=\"https:\/\/www.diocesitn.it\/area-testimonianza\/wp-content\/uploads\/sites\/37\/2023\/02\/Messaggio-Quaresima-2023_IT.pdf\" target=\"_blank\" rel=\"noopener\">messaggio del Papa<\/a> per la Quaresima (solo scaricabile)<\/li>\n<\/ul>\n<p>&nbsp;<\/p>\n<p>&nbsp;<\/p>\n<h4><strong><img loading=\"lazy\" decoding=\"async\" class=\"size-medium wp-image-12383 alignleft\" src=\"https:\/\/www.diocesitn.it\/area-testimonianza\/wp-content\/uploads\/sites\/37\/2023\/02\/GioQua-promozione-300x300.jpg\" alt=\"\" width=\"300\" height=\"300\" \/><\/strong><\/h4>\n<h4><\/h4>\n<h4><strong>GioQua &#8211; una proposta innovativa<\/strong><\/h4>\n<p><strong>GioQua<\/strong>: il gioco della Quaresima che non \u00e8 un gioco ma uno strumento per l\u2019accompagnamento di bambini e ragazzi durante il tempo di Quaresima. Vuole portare nelle nostre quotidianit\u00e0 la Quaresima. Cos\u00ec come in Avvento si prepara il presepe ora si propone di creare un\u00a0<em>Angolo della Quaresima<\/em>\u00a0e al posto del calendario d\u2019Avvento allestire delle buste settimanali contenenti elementi legati al Vangelo. L\u2019obiettivo \u00e8 rendere tangibile a tutti questo tempo speciale che \u00e8 la Quresima.<\/p>\n<p><a href=\"https:\/\/www.diocesitn.it\/area-testimonianza\/2023\/02\/14\/il-gioqua-lo-strumento-per-laccompagnamento-di-bambini-e-ragazzi-durante-il-tempo-di-quaresima\/\" target=\"_blank\" rel=\"noopener\">Scopri di pi\u00f9 e scarica il materiale.<\/a><\/p>\n<p>&nbsp;<\/p>\n<p>&nbsp;<\/p>\n<p>&nbsp;<\/p>\n<h4>Tempo di preghiera<\/h4>\n<p>Lo <a href=\"https:\/\/www.diocesitn.it\/site\/tempo-di-preghiera-quaresima-pasqua-2023\/\" target=\"_blank\" rel=\"noopener\">strumento on line<\/a> dell\u2019Area Annuncio e Sacramenti dell\u2019Arcidiocesi di Trento per accompagnare la preghiera personale, di gruppo e di comunit\u00e0 attraverso un\u2019immagine, un pensiero, una preghiera e degli approfondimenti volti ad agevolare la comprensione e la riflessione sulla Parola della domenica.<\/p>\n","protected":false},"excerpt":{"rendered":"<p>Una strada che parla di giustizia Seguendo il filone degli ultimi anni, proponiamo un sussidio corale che cerca di toccare le sensibilit\u00e0 tipiche dell\u2019Area Testimonianza e Impegno Sociale della Diocesi di Trento: carit\u00e0, missione, migrazione,<\/p>\n","protected":false},"author":161,"featured_media":12396,"comment_status":"closed","ping_status":"closed","sticky":false,"template":"","format":"standard","meta":{"footnotes":""},"categories":[1074,1151],"tags":[2059,1436,1528,1437,1435,1244,1391,1592],"class_list":["post-12382","post","type-post","status-publish","format-standard","has-post-thumbnail","hentry","category-notizie","category-servizio-missionario","tag-2059","tag-animazione","tag-bambini","tag-centro-missionario","tag-materiale","tag-digiuno-rinuncia-quaresima","tag-trento","tag-un-pane-per-amor-di-dio"],"acf":{"seed-localization-paese-cod":"","seed-localization-address":"","seed-localization-citta":"","seed-localization-regione-cod-istat":"","seed-localization-citta-cod-istat":"","seed-localization-localita":"","seed-localization-cap":"","seed-localization-marker-visibility":true,"seed-localization-children-visibility":false,"seed-localization-kml":"","seed-localization-custom-marker":""},"yoast_head":"<!-- This site is optimized with the Yoast SEO Premium plugin v20.2.1 (Yoast SEO v22.2) - https:\/\/yoast.com\/wordpress\/plugins\/seo\/ -->\n<title>Il materiale per l&#039;animazione della Quaresima 2023 - Testimonianza e Impegno sociale<\/title>\n<meta name=\"robots\" content=\"index, follow, max-snippet:-1, max-image-preview:large, max-video-preview:-1\" \/>\n<link rel=\"canonical\" href=\"https:\/\/www.diocesitn.it\/area-testimonianza\/2023\/02\/15\/il-materiale-per-lanimazione-della-quaresima-2023\/\" \/>\n<meta property=\"og:locale\" content=\"it_IT\" \/>\n<meta property=\"og:type\" content=\"article\" \/>\n<meta property=\"og:title\" content=\"Il materiale per l&#039;animazione della Quaresima 2023\" \/>\n<meta property=\"og:description\" content=\"Una strada che parla di giustizia Seguendo il filone degli ultimi anni, proponiamo un sussidio corale che cerca di toccare le sensibilit\u00e0 tipiche dell\u2019Area Testimonianza e Impegno Sociale della Diocesi di Trento: carit\u00e0, missione, migrazione,\" \/>\n<meta property=\"og:url\" content=\"https:\/\/www.diocesitn.it\/area-testimonianza\/2023\/02\/15\/il-materiale-per-lanimazione-della-quaresima-2023\/\" \/>\n<meta property=\"og:site_name\" content=\"Testimonianza e Impegno sociale\" \/>\n<meta property=\"article:published_time\" content=\"2023-02-15T14:32:21+00:00\" \/>\n<meta property=\"article:modified_time\" content=\"2023-02-22T13:17:22+00:00\" \/>\n<meta property=\"og:image\" content=\"https:\/\/www.diocesitn.it\/area-testimonianza\/wp-content\/uploads\/sites\/37\/2023\/02\/Quaresima-2023-immagine-scaled.jpg\" \/>\n\t<meta property=\"og:image:width\" content=\"2560\" \/>\n\t<meta property=\"og:image:height\" content=\"1594\" \/>\n\t<meta property=\"og:image:type\" content=\"image\/jpeg\" \/>\n<meta name=\"author\" content=\"smaule\" \/>\n<meta name=\"twitter:card\" content=\"summary_large_image\" \/>\n<meta name=\"twitter:label1\" content=\"Scritto da\" \/>\n\t<meta name=\"twitter:data1\" content=\"smaule\" \/>\n\t<meta name=\"twitter:label2\" content=\"Tempo di lettura stimato\" \/>\n\t<meta name=\"twitter:data2\" content=\"3 minuti\" \/>\n<script type=\"application\/ld+json\" class=\"yoast-schema-graph\">{\"@context\":\"https:\/\/schema.org\",\"@graph\":[{\"@type\":\"Article\",\"@id\":\"https:\/\/www.diocesitn.it\/area-testimonianza\/2023\/02\/15\/il-materiale-per-lanimazione-della-quaresima-2023\/#article\",\"isPartOf\":{\"@id\":\"https:\/\/www.diocesitn.it\/area-testimonianza\/2023\/02\/15\/il-materiale-per-lanimazione-della-quaresima-2023\/\"},\"author\":{\"name\":\"smaule\",\"@id\":\"https:\/\/www.diocesitn.it\/area-testimonianza\/#\/schema\/person\/bac489aafb7f98c1ca25f76c27174a95\"},\"headline\":\"Il materiale per l&#8217;animazione della Quaresima 2023\",\"datePublished\":\"2023-02-15T14:32:21+00:00\",\"dateModified\":\"2023-02-22T13:17:22+00:00\",\"mainEntityOfPage\":{\"@id\":\"https:\/\/www.diocesitn.it\/area-testimonianza\/2023\/02\/15\/il-materiale-per-lanimazione-della-quaresima-2023\/\"},\"wordCount\":369,\"publisher\":{\"@id\":\"https:\/\/www.diocesitn.it\/area-testimonianza\/#organization\"},\"image\":{\"@id\":\"https:\/\/www.diocesitn.it\/area-testimonianza\/2023\/02\/15\/il-materiale-per-lanimazione-della-quaresima-2023\/#primaryimage\"},\"thumbnailUrl\":\"https:\/\/www.diocesitn.it\/area-testimonianza\/wp-content\/uploads\/sites\/37\/2023\/02\/Quaresima-2023-immagine-scaled.jpg\",\"keywords\":[\"2023\",\"animazione\",\"bambini\",\"centro missionario\",\"materiale\",\"Quaresima\",\"Trento\",\"un pane per amor di Dio\"],\"articleSection\":[\"Notizie\",\"Pastorale Missionaria\"],\"inLanguage\":\"it-IT\",\"copyrightYear\":\"2023\",\"copyrightHolder\":{\"@id\":\"https:\/\/www.diocesitn.it\/#organization\"}},{\"@type\":\"WebPage\",\"@id\":\"https:\/\/www.diocesitn.it\/area-testimonianza\/2023\/02\/15\/il-materiale-per-lanimazione-della-quaresima-2023\/\",\"url\":\"https:\/\/www.diocesitn.it\/area-testimonianza\/2023\/02\/15\/il-materiale-per-lanimazione-della-quaresima-2023\/\",\"name\":\"Il materiale per l'animazione della Quaresima 2023 - Testimonianza e Impegno sociale\",\"isPartOf\":{\"@id\":\"https:\/\/www.diocesitn.it\/area-testimonianza\/#website\"},\"primaryImageOfPage\":{\"@id\":\"https:\/\/www.diocesitn.it\/area-testimonianza\/2023\/02\/15\/il-materiale-per-lanimazione-della-quaresima-2023\/#primaryimage\"},\"image\":{\"@id\":\"https:\/\/www.diocesitn.it\/area-testimonianza\/2023\/02\/15\/il-materiale-per-lanimazione-della-quaresima-2023\/#primaryimage\"},\"thumbnailUrl\":\"https:\/\/www.diocesitn.it\/area-testimonianza\/wp-content\/uploads\/sites\/37\/2023\/02\/Quaresima-2023-immagine-scaled.jpg\",\"datePublished\":\"2023-02-15T14:32:21+00:00\",\"dateModified\":\"2023-02-22T13:17:22+00:00\",\"breadcrumb\":{\"@id\":\"https:\/\/www.diocesitn.it\/area-testimonianza\/2023\/02\/15\/il-materiale-per-lanimazione-della-quaresima-2023\/#breadcrumb\"},\"inLanguage\":\"it-IT\",\"potentialAction\":[{\"@type\":\"ReadAction\",\"target\":[\"https:\/\/www.diocesitn.it\/area-testimonianza\/2023\/02\/15\/il-materiale-per-lanimazione-della-quaresima-2023\/\"]}]},{\"@type\":\"ImageObject\",\"inLanguage\":\"it-IT\",\"@id\":\"https:\/\/www.diocesitn.it\/area-testimonianza\/2023\/02\/15\/il-materiale-per-lanimazione-della-quaresima-2023\/#primaryimage\",\"url\":\"https:\/\/www.diocesitn.it\/area-testimonianza\/wp-content\/uploads\/sites\/37\/2023\/02\/Quaresima-2023-immagine-scaled.jpg\",\"contentUrl\":\"https:\/\/www.diocesitn.it\/area-testimonianza\/wp-content\/uploads\/sites\/37\/2023\/02\/Quaresima-2023-immagine-scaled.jpg\",\"width\":2560,\"height\":1594},{\"@type\":\"BreadcrumbList\",\"@id\":\"https:\/\/www.diocesitn.it\/area-testimonianza\/2023\/02\/15\/il-materiale-per-lanimazione-della-quaresima-2023\/#breadcrumb\",\"itemListElement\":[{\"@type\":\"ListItem\",\"position\":1,\"name\":\"Home\",\"item\":\"https:\/\/www.diocesitn.it\/area-testimonianza\/\"},{\"@type\":\"ListItem\",\"position\":2,\"name\":\"Il materiale per l&#8217;animazione della Quaresima 2023\"}]},{\"@type\":\"WebSite\",\"@id\":\"https:\/\/www.diocesitn.it\/area-testimonianza\/#website\",\"url\":\"https:\/\/www.diocesitn.it\/area-testimonianza\/\",\"name\":\"Testimonianza e Impegno sociale\",\"description\":\"Chiesa di Trento\",\"publisher\":{\"@id\":\"https:\/\/www.diocesitn.it\/area-testimonianza\/#organization\"},\"potentialAction\":[{\"@type\":\"SearchAction\",\"target\":{\"@type\":\"EntryPoint\",\"urlTemplate\":\"https:\/\/www.diocesitn.it\/area-testimonianza\/?s={search_term_string}\"},\"query-input\":\"required name=search_term_string\"}],\"inLanguage\":\"it-IT\"},{\"@type\":[\"Organization\",\"Place\"],\"@id\":\"https:\/\/www.diocesitn.it\/area-testimonianza\/#organization\",\"name\":\"Area Testimonianza e Impegno Sociale - Chiesa di Trento\",\"url\":\"https:\/\/www.diocesitn.it\/area-testimonianza\/\",\"logo\":{\"@id\":\"https:\/\/www.diocesitn.it\/area-testimonianza\/2023\/02\/15\/il-materiale-per-lanimazione-della-quaresima-2023\/#local-main-organization-logo\"},\"image\":{\"@id\":\"https:\/\/www.diocesitn.it\/area-testimonianza\/2023\/02\/15\/il-materiale-per-lanimazione-della-quaresima-2023\/#local-main-organization-logo\"},\"openingHoursSpecification\":[{\"@type\":\"OpeningHoursSpecification\",\"dayOfWeek\":[\"Monday\",\"Tuesday\",\"Wednesday\",\"Thursday\",\"Friday\",\"Saturday\",\"Sunday\"],\"opens\":\"09:00\",\"closes\":\"17:00\"}]},{\"@type\":\"ImageObject\",\"inLanguage\":\"it-IT\",\"@id\":\"https:\/\/www.diocesitn.it\/area-testimonianza\/2023\/02\/15\/il-materiale-per-lanimazione-della-quaresima-2023\/#local-main-organization-logo\",\"url\":\"https:\/\/www.diocesitn.it\/area-testimonianza\/wp-content\/uploads\/sites\/37\/2021\/09\/og-logo-testimonianza-e-impegno-sociale.jpg\",\"contentUrl\":\"https:\/\/www.diocesitn.it\/area-testimonianza\/wp-content\/uploads\/sites\/37\/2021\/09\/og-logo-testimonianza-e-impegno-sociale.jpg\",\"width\":1200,\"height\":630,\"caption\":\"Area Testimonianza e Impegno Sociale - Chiesa di Trento\"}]}<\/script>\n<!-- \/ Yoast SEO Premium plugin. -->","yoast_head_json":{"title":"Il materiale per l'animazione della Quaresima 2023 - Testimonianza e Impegno sociale","robots":{"index":"index","follow":"follow","max-snippet":"max-snippet:-1","max-image-preview":"max-image-preview:large","max-video-preview":"max-video-preview:-1"},"canonical":"https:\/\/www.diocesitn.it\/area-testimonianza\/2023\/02\/15\/il-materiale-per-lanimazione-della-quaresima-2023\/","og_locale":"it_IT","og_type":"article","og_title":"Il materiale per l'animazione della Quaresima 2023","og_description":"Una strada che parla di giustizia Seguendo il filone degli ultimi anni, proponiamo un sussidio corale che cerca di toccare le sensibilit\u00e0 tipiche dell\u2019Area Testimonianza e Impegno Sociale della Diocesi di Trento: carit\u00e0, missione, migrazione,","og_url":"https:\/\/www.diocesitn.it\/area-testimonianza\/2023\/02\/15\/il-materiale-per-lanimazione-della-quaresima-2023\/","og_site_name":"Testimonianza e Impegno sociale","article_published_time":"2023-02-15T14:32:21+00:00","article_modified_time":"2023-02-22T13:17:22+00:00","og_image":[{"width":2560,"height":1594,"url":"https:\/\/www.diocesitn.it\/area-testimonianza\/wp-content\/uploads\/sites\/37\/2023\/02\/Quaresima-2023-immagine-scaled.jpg","type":"image\/jpeg"}],"author":"smaule","twitter_card":"summary_large_image","twitter_misc":{"Scritto da":"smaule","Tempo di lettura stimato":"3 minuti"},"schema":{"@context":"https:\/\/schema.org","@graph":[{"@type":"Article","@id":"https:\/\/www.diocesitn.it\/area-testimonianza\/2023\/02\/15\/il-materiale-per-lanimazione-della-quaresima-2023\/#article","isPartOf":{"@id":"https:\/\/www.diocesitn.it\/area-testimonianza\/2023\/02\/15\/il-materiale-per-lanimazione-della-quaresima-2023\/"},"author":{"name":"smaule","@id":"https:\/\/www.diocesitn.it\/area-testimonianza\/#\/schema\/person\/bac489aafb7f98c1ca25f76c27174a95"},"headline":"Il materiale per l&#8217;animazione della Quaresima 2023","datePublished":"2023-02-15T14:32:21+00:00","dateModified":"2023-02-22T13:17:22+00:00","mainEntityOfPage":{"@id":"https:\/\/www.diocesitn.it\/area-testimonianza\/2023\/02\/15\/il-materiale-per-lanimazione-della-quaresima-2023\/"},"wordCount":369,"publisher":{"@id":"https:\/\/www.diocesitn.it\/area-testimonianza\/#organization"},"image":{"@id":"https:\/\/www.diocesitn.it\/area-testimonianza\/2023\/02\/15\/il-materiale-per-lanimazione-della-quaresima-2023\/#primaryimage"},"thumbnailUrl":"https:\/\/www.diocesitn.it\/area-testimonianza\/wp-content\/uploads\/sites\/37\/2023\/02\/Quaresima-2023-immagine-scaled.jpg","keywords":["2023","animazione","bambini","centro missionario","materiale","Quaresima","Trento","un pane per amor di Dio"],"articleSection":["Notizie","Pastorale Missionaria"],"inLanguage":"it-IT","copyrightYear":"2023","copyrightHolder":{"@id":"https:\/\/www.diocesitn.it\/#organization"}},{"@type":"WebPage","@id":"https:\/\/www.diocesitn.it\/area-testimonianza\/2023\/02\/15\/il-materiale-per-lanimazione-della-quaresima-2023\/","url":"https:\/\/www.diocesitn.it\/area-testimonianza\/2023\/02\/15\/il-materiale-per-lanimazione-della-quaresima-2023\/","name":"Il materiale per l'animazione della Quaresima 2023 - Testimonianza e Impegno sociale","isPartOf":{"@id":"https:\/\/www.diocesitn.it\/area-testimonianza\/#website"},"primaryImageOfPage":{"@id":"https:\/\/www.diocesitn.it\/area-testimonianza\/2023\/02\/15\/il-materiale-per-lanimazione-della-quaresima-2023\/#primaryimage"},"image":{"@id":"https:\/\/www.diocesitn.it\/area-testimonianza\/2023\/02\/15\/il-materiale-per-lanimazione-della-quaresima-2023\/#primaryimage"},"thumbnailUrl":"https:\/\/www.diocesitn.it\/area-testimonianza\/wp-content\/uploads\/sites\/37\/2023\/02\/Quaresima-2023-immagine-scaled.jpg","datePublished":"2023-02-15T14:32:21+00:00","dateModified":"2023-02-22T13:17:22+00:00","breadcrumb":{"@id":"https:\/\/www.diocesitn.it\/area-testimonianza\/2023\/02\/15\/il-materiale-per-lanimazione-della-quaresima-2023\/#breadcrumb"},"inLanguage":"it-IT","potentialAction":[{"@type":"ReadAction","target":["https:\/\/www.diocesitn.it\/area-testimonianza\/2023\/02\/15\/il-materiale-per-lanimazione-della-quaresima-2023\/"]}]},{"@type":"ImageObject","inLanguage":"it-IT","@id":"https:\/\/www.diocesitn.it\/area-testimonianza\/2023\/02\/15\/il-materiale-per-lanimazione-della-quaresima-2023\/#primaryimage","url":"https:\/\/www.diocesitn.it\/area-testimonianza\/wp-content\/uploads\/sites\/37\/2023\/02\/Quaresima-2023-immagine-scaled.jpg","contentUrl":"https:\/\/www.diocesitn.it\/area-testimonianza\/wp-content\/uploads\/sites\/37\/2023\/02\/Quaresima-2023-immagine-scaled.jpg","width":2560,"height":1594},{"@type":"BreadcrumbList","@id":"https:\/\/www.diocesitn.it\/area-testimonianza\/2023\/02\/15\/il-materiale-per-lanimazione-della-quaresima-2023\/#breadcrumb","itemListElement":[{"@type":"ListItem","position":1,"name":"Home","item":"https:\/\/www.diocesitn.it\/area-testimonianza\/"},{"@type":"ListItem","position":2,"name":"Il materiale per l&#8217;animazione della Quaresima 2023"}]},{"@type":"WebSite","@id":"https:\/\/www.diocesitn.it\/area-testimonianza\/#website","url":"https:\/\/www.diocesitn.it\/area-testimonianza\/","name":"Testimonianza e Impegno sociale","description":"Chiesa di Trento","publisher":{"@id":"https:\/\/www.diocesitn.it\/area-testimonianza\/#organization"},"potentialAction":[{"@type":"SearchAction","target":{"@type":"EntryPoint","urlTemplate":"https:\/\/www.diocesitn.it\/area-testimonianza\/?s={search_term_string}"},"query-input":"required name=search_term_string"}],"inLanguage":"it-IT"},{"@type":["Organization","Place"],"@id":"https:\/\/www.diocesitn.it\/area-testimonianza\/#organization","name":"Area Testimonianza e Impegno Sociale - Chiesa di Trento","url":"https:\/\/www.diocesitn.it\/area-testimonianza\/","logo":{"@id":"https:\/\/www.diocesitn.it\/area-testimonianza\/2023\/02\/15\/il-materiale-per-lanimazione-della-quaresima-2023\/#local-main-organization-logo"},"image":{"@id":"https:\/\/www.diocesitn.it\/area-testimonianza\/2023\/02\/15\/il-materiale-per-lanimazione-della-quaresima-2023\/#local-main-organization-logo"},"openingHoursSpecification":[{"@type":"OpeningHoursSpecification","dayOfWeek":["Monday","Tuesday","Wednesday","Thursday","Friday","Saturday","Sunday"],"opens":"09:00","closes":"17:00"}]},{"@type":"ImageObject","inLanguage":"it-IT","@id":"https:\/\/www.diocesitn.it\/area-testimonianza\/2023\/02\/15\/il-materiale-per-lanimazione-della-quaresima-2023\/#local-main-organization-logo","url":"https:\/\/www.diocesitn.it\/area-testimonianza\/wp-content\/uploads\/sites\/37\/2021\/09\/og-logo-testimonianza-e-impegno-sociale.jpg","contentUrl":"https:\/\/www.diocesitn.it\/area-testimonianza\/wp-content\/uploads\/sites\/37\/2021\/09\/og-logo-testimonianza-e-impegno-sociale.jpg","width":1200,"height":630,"caption":"Area Testimonianza e Impegno Sociale - Chiesa di Trento"}]}},"_links":{"self":[{"href":"https:\/\/www.diocesitn.it\/area-testimonianza\/wp-json\/wp\/v2\/posts\/12382","targetHints":{"allow":["GET"]}}],"collection":[{"href":"https:\/\/www.diocesitn.it\/area-testimonianza\/wp-json\/wp\/v2\/posts"}],"about":[{"href":"https:\/\/www.diocesitn.it\/area-testimonianza\/wp-json\/wp\/v2\/types\/post"}],"author":[{"embeddable":true,"href":"https:\/\/www.diocesitn.it\/area-testimonianza\/wp-json\/wp\/v2\/users\/161"}],"replies":[{"embeddable":true,"href":"https:\/\/www.diocesitn.it\/area-testimonianza\/wp-json\/wp\/v2\/comments?post=12382"}],"version-history":[{"count":3,"href":"https:\/\/www.diocesitn.it\/area-testimonianza\/wp-json\/wp\/v2\/posts\/12382\/revisions"}],"predecessor-version":[{"id":12449,"href":"https:\/\/www.diocesitn.it\/area-testimonianza\/wp-json\/wp\/v2\/posts\/12382\/revisions\/12449"}],"wp:featuredmedia":[{"embeddable":true,"href":"https:\/\/www.diocesitn.it\/area-testimonianza\/wp-json\/wp\/v2\/media\/12396"}],"wp:attachment":[{"href":"https:\/\/www.diocesitn.it\/area-testimonianza\/wp-json\/wp\/v2\/media?parent=12382"}],"wp:term":[{"taxonomy":"category","embeddable":true,"href":"https:\/\/www.diocesitn.it\/area-testimonianza\/wp-json\/wp\/v2\/categories?post=12382"},{"taxonomy":"post_tag","embeddable":true,"href":"https:\/\/www.diocesitn.it\/area-testimonianza\/wp-json\/wp\/v2\/tags?post=12382"}],"curies":[{"name":"wp","href":"https:\/\/api.w.org\/{rel}","templated":true}]}}