{"id":12310,"date":"2023-01-25T11:27:35","date_gmt":"2023-01-25T10:27:35","guid":{"rendered":"https:\/\/www.diocesitn.it\/area-testimonianza\/?p=12310"},"modified":"2023-02-15T15:34:59","modified_gmt":"2023-02-15T14:34:59","slug":"giornata-mondiale-del-malato-abbi-cura-di-lui-la-compassione-come-esercizio-sinodale-di-guarigione","status":"publish","type":"post","link":"https:\/\/www.diocesitn.it\/area-testimonianza\/2023\/01\/25\/giornata-mondiale-del-malato-abbi-cura-di-lui-la-compassione-come-esercizio-sinodale-di-guarigione\/","title":{"rendered":"Giornata mondiale del Malato: Abbi cura di lui. La compassione come esercizio sinodale di guarigione"},"content":{"rendered":"<p><strong>LA GIORNATA<br \/>\n<\/strong>La celebrazione della XXXI Giornata Mondiale del Malato, che ricorre l\u201911 febbraio, \u00a0memoria della Beata Vergine Maria di Lourdes, \u00e8 momento propizio per riservare una speciale attenzione alle persone malate e a coloro che le assistono, sia nei luoghi deputati alla cura sia in seno alle famiglie e alle comunit\u00e0.<\/p>\n<p>Nel suo messaggio per questa giornata papa Francesco ricorda che: \u201c<em>La malattia fa parte della nostra esperienza umana. Ma essa pu\u00f2 diventare disumana se \u00e8 vissuta nell\u2019isolamento e nell\u2019abbandono, se non \u00e8 accompagnata dalla cura e dalla compassione. Quando si cammina insieme, \u00e8 normale che qualcuno si senta male, debba fermarsi per la stanchezza o per qualche incidente di percorso. \u00c8 l\u00ec, in quei momenti, che si vede come stiamo camminando. [\u2026\u2026] Perci\u00f2, in questa XXXI Giornata Mondiale del Malato, nel pieno di un percorso sinodale, vi invito a riflettere sul fatto che proprio attraverso l\u2019esperienza della fragilit\u00e0 e della malattia possiamo imparare a camminare insieme secondo lo stile di Dio, che \u00e8 vicinanza, compassione e tenerezza\u201d.<\/em><\/p>\n<p><em>\u201cLa Giornata Mondiale del Malato, \u2013 <\/em>ricorda ancora il papa<em> \u2013 non invita soltanto alla preghiera e alla prossimit\u00e0 verso i sofferenti; essa, nello stesso tempo, mira a sensibilizzare il popolo di Dio, le istituzioni sanitarie e la societ\u00e0 civile a un nuovo modo di avanzare insieme\u201d.<\/em><\/p>\n<p>&nbsp;<\/p>\n<p><strong>GLI APPUNTAMENTI IN DIOCESI:<\/strong><\/p>\n<p><strong>SABATO 11 FEBBRAIO ore 17.00<\/strong> presso la cappella dell&#8217;Ospedale S. Chiara di Trento: s. Messa presieduta dal vescovo Lauro<\/p>\n<p><strong>DOMENICA 12 FEBBRAIO ore 9.30<\/strong> presso il santuario di Montagnaga di Pin\u00e8, recita del Rosario e S. Messa presieduta dal vescovo Lauro<\/p>\n<p>&nbsp;<\/p>\n<p>Presso la Segreteria Generale di Curia sono a disposizione copie stampate della <a href=\"https:\/\/www.diocesitn.it\/area-testimonianza\/wp-content\/uploads\/sites\/37\/2023\/01\/Preghiera.pdf\"><strong>PREGHIERA<\/strong><\/a>.<\/p>\n<p>&nbsp;<\/p>\n<p><strong>LINK UTILI:<\/strong><br \/>\n<a href=\"https:\/\/salute.chiesacattolica.it\/eventi\/giornata-mondiale-del-malato\/\" target=\"_blank\" rel=\"noopener\">SITO NAZIONALE DI PASTORALE DELLA SALUTE<\/a><br \/>\n<a href=\"https:\/\/salute.chiesacattolica.it\/abbi-cura-di-lui-la-compassione-come-esercizio-sinodale-di-guarigione\/\" target=\"_blank\" rel=\"noopener\">MESSAGGIO DI PAPA FRANCESCO<\/a><br \/>\n<a href=\"https:\/\/salute.chiesacattolica.it\/xxxi-giornata-mondiale-del-malato-11-febbraio-2023\/\" target=\"_blank\" rel=\"noopener\">SUSSIDI ONLINE<\/a> (preghiera, scheda teologica, scheda liturgica, locandina)<\/p>\n","protected":false},"excerpt":{"rendered":"<p>LA GIORNATA La celebrazione della XXXI Giornata Mondiale del Malato, che ricorre l\u201911 febbraio, \u00a0memoria della Beata Vergine Maria di Lourdes, \u00e8 momento propizio per riservare una speciale attenzione alle persone malate e a coloro<\/p>\n","protected":false},"author":4,"featured_media":12313,"comment_status":"closed","ping_status":"closed","sticky":false,"template":"","format":"standard","meta":{"footnotes":""},"categories":[1074,1102],"tags":[1790],"class_list":["post-12310","post","type-post","status-publish","format-standard","has-post-thumbnail","hentry","category-notizie","category-servizio-salute-pellegrinaggi-anziani","tag-giornata-del-malato"],"acf":{"seed-localization-paese-cod":"IT","seed-localization-address":"","seed-localization-citta":"Trento","seed-localization-regione-cod-istat":"04","seed-localization-citta-cod-istat":"022205","seed-localization-localita":"","seed-localization-cap":"","seed-localization-marker-visibility":false,"seed-localization-children-visibility":false,"seed-localization-kml":"","seed-localization-custom-marker":""},"yoast_head":"<!-- This site is optimized with the Yoast SEO Premium plugin v20.2.1 (Yoast SEO v22.2) - https:\/\/yoast.com\/wordpress\/plugins\/seo\/ -->\n<title>Giornata mondiale del Malato: Abbi cura di lui. La compassione come esercizio sinodale di guarigione - Testimonianza e Impegno sociale<\/title>\n<meta name=\"robots\" content=\"index, follow, max-snippet:-1, max-image-preview:large, max-video-preview:-1\" \/>\n<link rel=\"canonical\" href=\"https:\/\/www.diocesitn.it\/area-testimonianza\/2023\/01\/25\/giornata-mondiale-del-malato-abbi-cura-di-lui-la-compassione-come-esercizio-sinodale-di-guarigione\/\" \/>\n<meta property=\"og:locale\" content=\"it_IT\" \/>\n<meta property=\"og:type\" content=\"article\" \/>\n<meta property=\"og:title\" content=\"Giornata mondiale del Malato: Abbi cura di lui. La compassione come esercizio sinodale di guarigione\" \/>\n<meta property=\"og:description\" content=\"LA GIORNATA La celebrazione della XXXI Giornata Mondiale del Malato, che ricorre l\u201911 febbraio, \u00a0memoria della Beata Vergine Maria di Lourdes, \u00e8 momento propizio per riservare una speciale attenzione alle persone malate e a coloro\" \/>\n<meta property=\"og:url\" content=\"https:\/\/www.diocesitn.it\/area-testimonianza\/2023\/01\/25\/giornata-mondiale-del-malato-abbi-cura-di-lui-la-compassione-come-esercizio-sinodale-di-guarigione\/\" \/>\n<meta property=\"og:site_name\" content=\"Testimonianza e Impegno sociale\" \/>\n<meta property=\"article:published_time\" content=\"2023-01-25T10:27:35+00:00\" \/>\n<meta property=\"article:modified_time\" content=\"2023-02-15T14:34:59+00:00\" \/>\n<meta property=\"og:image\" content=\"https:\/\/www.diocesitn.it\/area-testimonianza\/wp-content\/uploads\/sites\/37\/2023\/01\/Preghiera_Pagina_1ritaglio.jpg\" \/>\n\t<meta property=\"og:image:width\" content=\"1137\" \/>\n\t<meta property=\"og:image:height\" content=\"885\" \/>\n\t<meta property=\"og:image:type\" content=\"image\/jpeg\" \/>\n<meta name=\"author\" content=\"Claudia Dorigoni\" \/>\n<meta name=\"twitter:card\" content=\"summary_large_image\" \/>\n<meta name=\"twitter:label1\" content=\"Scritto da\" \/>\n\t<meta name=\"twitter:data1\" content=\"Claudia Dorigoni\" \/>\n\t<meta name=\"twitter:label2\" content=\"Tempo di lettura stimato\" \/>\n\t<meta name=\"twitter:data2\" content=\"2 minuti\" \/>\n<script type=\"application\/ld+json\" class=\"yoast-schema-graph\">{\"@context\":\"https:\/\/schema.org\",\"@graph\":[{\"@type\":\"Article\",\"@id\":\"https:\/\/www.diocesitn.it\/area-testimonianza\/2023\/01\/25\/giornata-mondiale-del-malato-abbi-cura-di-lui-la-compassione-come-esercizio-sinodale-di-guarigione\/#article\",\"isPartOf\":{\"@id\":\"https:\/\/www.diocesitn.it\/area-testimonianza\/2023\/01\/25\/giornata-mondiale-del-malato-abbi-cura-di-lui-la-compassione-come-esercizio-sinodale-di-guarigione\/\"},\"author\":{\"name\":\"Claudia Dorigoni\",\"@id\":\"https:\/\/www.diocesitn.it\/area-testimonianza\/#\/schema\/person\/5467191b81c25706baf09a59aab380a5\"},\"headline\":\"Giornata mondiale del Malato: Abbi cura di lui. La compassione come esercizio sinodale di guarigione\",\"datePublished\":\"2023-01-25T10:27:35+00:00\",\"dateModified\":\"2023-02-15T14:34:59+00:00\",\"mainEntityOfPage\":{\"@id\":\"https:\/\/www.diocesitn.it\/area-testimonianza\/2023\/01\/25\/giornata-mondiale-del-malato-abbi-cura-di-lui-la-compassione-come-esercizio-sinodale-di-guarigione\/\"},\"wordCount\":302,\"publisher\":{\"@id\":\"https:\/\/www.diocesitn.it\/area-testimonianza\/#organization\"},\"image\":{\"@id\":\"https:\/\/www.diocesitn.it\/area-testimonianza\/2023\/01\/25\/giornata-mondiale-del-malato-abbi-cura-di-lui-la-compassione-come-esercizio-sinodale-di-guarigione\/#primaryimage\"},\"thumbnailUrl\":\"https:\/\/www.diocesitn.it\/area-testimonianza\/wp-content\/uploads\/sites\/37\/2023\/01\/Preghiera_Pagina_1ritaglio.jpg\",\"keywords\":[\"Giornata del malato\"],\"articleSection\":[\"Notizie\",\"Salute Pellegrinaggi Anziani\"],\"inLanguage\":\"it-IT\",\"copyrightYear\":\"2023\",\"copyrightHolder\":{\"@id\":\"https:\/\/www.diocesitn.it\/#organization\"}},{\"@type\":\"WebPage\",\"@id\":\"https:\/\/www.diocesitn.it\/area-testimonianza\/2023\/01\/25\/giornata-mondiale-del-malato-abbi-cura-di-lui-la-compassione-come-esercizio-sinodale-di-guarigione\/\",\"url\":\"https:\/\/www.diocesitn.it\/area-testimonianza\/2023\/01\/25\/giornata-mondiale-del-malato-abbi-cura-di-lui-la-compassione-come-esercizio-sinodale-di-guarigione\/\",\"name\":\"Giornata mondiale del Malato: Abbi cura di lui. La compassione come esercizio sinodale di guarigione - Testimonianza e Impegno sociale\",\"isPartOf\":{\"@id\":\"https:\/\/www.diocesitn.it\/area-testimonianza\/#website\"},\"primaryImageOfPage\":{\"@id\":\"https:\/\/www.diocesitn.it\/area-testimonianza\/2023\/01\/25\/giornata-mondiale-del-malato-abbi-cura-di-lui-la-compassione-come-esercizio-sinodale-di-guarigione\/#primaryimage\"},\"image\":{\"@id\":\"https:\/\/www.diocesitn.it\/area-testimonianza\/2023\/01\/25\/giornata-mondiale-del-malato-abbi-cura-di-lui-la-compassione-come-esercizio-sinodale-di-guarigione\/#primaryimage\"},\"thumbnailUrl\":\"https:\/\/www.diocesitn.it\/area-testimonianza\/wp-content\/uploads\/sites\/37\/2023\/01\/Preghiera_Pagina_1ritaglio.jpg\",\"datePublished\":\"2023-01-25T10:27:35+00:00\",\"dateModified\":\"2023-02-15T14:34:59+00:00\",\"breadcrumb\":{\"@id\":\"https:\/\/www.diocesitn.it\/area-testimonianza\/2023\/01\/25\/giornata-mondiale-del-malato-abbi-cura-di-lui-la-compassione-come-esercizio-sinodale-di-guarigione\/#breadcrumb\"},\"inLanguage\":\"it-IT\",\"potentialAction\":[{\"@type\":\"ReadAction\",\"target\":[\"https:\/\/www.diocesitn.it\/area-testimonianza\/2023\/01\/25\/giornata-mondiale-del-malato-abbi-cura-di-lui-la-compassione-come-esercizio-sinodale-di-guarigione\/\"]}]},{\"@type\":\"ImageObject\",\"inLanguage\":\"it-IT\",\"@id\":\"https:\/\/www.diocesitn.it\/area-testimonianza\/2023\/01\/25\/giornata-mondiale-del-malato-abbi-cura-di-lui-la-compassione-come-esercizio-sinodale-di-guarigione\/#primaryimage\",\"url\":\"https:\/\/www.diocesitn.it\/area-testimonianza\/wp-content\/uploads\/sites\/37\/2023\/01\/Preghiera_Pagina_1ritaglio.jpg\",\"contentUrl\":\"https:\/\/www.diocesitn.it\/area-testimonianza\/wp-content\/uploads\/sites\/37\/2023\/01\/Preghiera_Pagina_1ritaglio.jpg\",\"width\":1137,\"height\":885},{\"@type\":\"BreadcrumbList\",\"@id\":\"https:\/\/www.diocesitn.it\/area-testimonianza\/2023\/01\/25\/giornata-mondiale-del-malato-abbi-cura-di-lui-la-compassione-come-esercizio-sinodale-di-guarigione\/#breadcrumb\",\"itemListElement\":[{\"@type\":\"ListItem\",\"position\":1,\"name\":\"Home\",\"item\":\"https:\/\/www.diocesitn.it\/area-testimonianza\/\"},{\"@type\":\"ListItem\",\"position\":2,\"name\":\"Giornata mondiale del Malato: Abbi cura di lui. La compassione come esercizio sinodale di guarigione\"}]},{\"@type\":\"WebSite\",\"@id\":\"https:\/\/www.diocesitn.it\/area-testimonianza\/#website\",\"url\":\"https:\/\/www.diocesitn.it\/area-testimonianza\/\",\"name\":\"Testimonianza e Impegno sociale\",\"description\":\"Chiesa di Trento\",\"publisher\":{\"@id\":\"https:\/\/www.diocesitn.it\/area-testimonianza\/#organization\"},\"potentialAction\":[{\"@type\":\"SearchAction\",\"target\":{\"@type\":\"EntryPoint\",\"urlTemplate\":\"https:\/\/www.diocesitn.it\/area-testimonianza\/?s={search_term_string}\"},\"query-input\":\"required name=search_term_string\"}],\"inLanguage\":\"it-IT\"},{\"@type\":[\"Organization\",\"Place\"],\"@id\":\"https:\/\/www.diocesitn.it\/area-testimonianza\/#organization\",\"name\":\"Area Testimonianza e Impegno Sociale - Chiesa di Trento\",\"url\":\"https:\/\/www.diocesitn.it\/area-testimonianza\/\",\"logo\":{\"@id\":\"https:\/\/www.diocesitn.it\/area-testimonianza\/2023\/01\/25\/giornata-mondiale-del-malato-abbi-cura-di-lui-la-compassione-come-esercizio-sinodale-di-guarigione\/#local-main-organization-logo\"},\"image\":{\"@id\":\"https:\/\/www.diocesitn.it\/area-testimonianza\/2023\/01\/25\/giornata-mondiale-del-malato-abbi-cura-di-lui-la-compassione-come-esercizio-sinodale-di-guarigione\/#local-main-organization-logo\"},\"openingHoursSpecification\":[{\"@type\":\"OpeningHoursSpecification\",\"dayOfWeek\":[\"Monday\",\"Tuesday\",\"Wednesday\",\"Thursday\",\"Friday\",\"Saturday\",\"Sunday\"],\"opens\":\"09:00\",\"closes\":\"17:00\"}]},{\"@type\":\"ImageObject\",\"inLanguage\":\"it-IT\",\"@id\":\"https:\/\/www.diocesitn.it\/area-testimonianza\/2023\/01\/25\/giornata-mondiale-del-malato-abbi-cura-di-lui-la-compassione-come-esercizio-sinodale-di-guarigione\/#local-main-organization-logo\",\"url\":\"https:\/\/www.diocesitn.it\/area-testimonianza\/wp-content\/uploads\/sites\/37\/2021\/09\/og-logo-testimonianza-e-impegno-sociale.jpg\",\"contentUrl\":\"https:\/\/www.diocesitn.it\/area-testimonianza\/wp-content\/uploads\/sites\/37\/2021\/09\/og-logo-testimonianza-e-impegno-sociale.jpg\",\"width\":1200,\"height\":630,\"caption\":\"Area Testimonianza e Impegno Sociale - Chiesa di Trento\"}]}<\/script>\n<!-- \/ Yoast SEO Premium plugin. -->","yoast_head_json":{"title":"Giornata mondiale del Malato: Abbi cura di lui. La compassione come esercizio sinodale di guarigione - Testimonianza e Impegno sociale","robots":{"index":"index","follow":"follow","max-snippet":"max-snippet:-1","max-image-preview":"max-image-preview:large","max-video-preview":"max-video-preview:-1"},"canonical":"https:\/\/www.diocesitn.it\/area-testimonianza\/2023\/01\/25\/giornata-mondiale-del-malato-abbi-cura-di-lui-la-compassione-come-esercizio-sinodale-di-guarigione\/","og_locale":"it_IT","og_type":"article","og_title":"Giornata mondiale del Malato: Abbi cura di lui. La compassione come esercizio sinodale di guarigione","og_description":"LA GIORNATA La celebrazione della XXXI Giornata Mondiale del Malato, che ricorre l\u201911 febbraio, \u00a0memoria della Beata Vergine Maria di Lourdes, \u00e8 momento propizio per riservare una speciale attenzione alle persone malate e a coloro","og_url":"https:\/\/www.diocesitn.it\/area-testimonianza\/2023\/01\/25\/giornata-mondiale-del-malato-abbi-cura-di-lui-la-compassione-come-esercizio-sinodale-di-guarigione\/","og_site_name":"Testimonianza e Impegno sociale","article_published_time":"2023-01-25T10:27:35+00:00","article_modified_time":"2023-02-15T14:34:59+00:00","og_image":[{"width":1137,"height":885,"url":"https:\/\/www.diocesitn.it\/area-testimonianza\/wp-content\/uploads\/sites\/37\/2023\/01\/Preghiera_Pagina_1ritaglio.jpg","type":"image\/jpeg"}],"author":"Claudia Dorigoni","twitter_card":"summary_large_image","twitter_misc":{"Scritto da":"Claudia Dorigoni","Tempo di lettura stimato":"2 minuti"},"schema":{"@context":"https:\/\/schema.org","@graph":[{"@type":"Article","@id":"https:\/\/www.diocesitn.it\/area-testimonianza\/2023\/01\/25\/giornata-mondiale-del-malato-abbi-cura-di-lui-la-compassione-come-esercizio-sinodale-di-guarigione\/#article","isPartOf":{"@id":"https:\/\/www.diocesitn.it\/area-testimonianza\/2023\/01\/25\/giornata-mondiale-del-malato-abbi-cura-di-lui-la-compassione-come-esercizio-sinodale-di-guarigione\/"},"author":{"name":"Claudia Dorigoni","@id":"https:\/\/www.diocesitn.it\/area-testimonianza\/#\/schema\/person\/5467191b81c25706baf09a59aab380a5"},"headline":"Giornata mondiale del Malato: Abbi cura di lui. La compassione come esercizio sinodale di guarigione","datePublished":"2023-01-25T10:27:35+00:00","dateModified":"2023-02-15T14:34:59+00:00","mainEntityOfPage":{"@id":"https:\/\/www.diocesitn.it\/area-testimonianza\/2023\/01\/25\/giornata-mondiale-del-malato-abbi-cura-di-lui-la-compassione-come-esercizio-sinodale-di-guarigione\/"},"wordCount":302,"publisher":{"@id":"https:\/\/www.diocesitn.it\/area-testimonianza\/#organization"},"image":{"@id":"https:\/\/www.diocesitn.it\/area-testimonianza\/2023\/01\/25\/giornata-mondiale-del-malato-abbi-cura-di-lui-la-compassione-come-esercizio-sinodale-di-guarigione\/#primaryimage"},"thumbnailUrl":"https:\/\/www.diocesitn.it\/area-testimonianza\/wp-content\/uploads\/sites\/37\/2023\/01\/Preghiera_Pagina_1ritaglio.jpg","keywords":["Giornata del malato"],"articleSection":["Notizie","Salute Pellegrinaggi Anziani"],"inLanguage":"it-IT","copyrightYear":"2023","copyrightHolder":{"@id":"https:\/\/www.diocesitn.it\/#organization"}},{"@type":"WebPage","@id":"https:\/\/www.diocesitn.it\/area-testimonianza\/2023\/01\/25\/giornata-mondiale-del-malato-abbi-cura-di-lui-la-compassione-come-esercizio-sinodale-di-guarigione\/","url":"https:\/\/www.diocesitn.it\/area-testimonianza\/2023\/01\/25\/giornata-mondiale-del-malato-abbi-cura-di-lui-la-compassione-come-esercizio-sinodale-di-guarigione\/","name":"Giornata mondiale del Malato: Abbi cura di lui. La compassione come esercizio sinodale di guarigione - Testimonianza e Impegno sociale","isPartOf":{"@id":"https:\/\/www.diocesitn.it\/area-testimonianza\/#website"},"primaryImageOfPage":{"@id":"https:\/\/www.diocesitn.it\/area-testimonianza\/2023\/01\/25\/giornata-mondiale-del-malato-abbi-cura-di-lui-la-compassione-come-esercizio-sinodale-di-guarigione\/#primaryimage"},"image":{"@id":"https:\/\/www.diocesitn.it\/area-testimonianza\/2023\/01\/25\/giornata-mondiale-del-malato-abbi-cura-di-lui-la-compassione-come-esercizio-sinodale-di-guarigione\/#primaryimage"},"thumbnailUrl":"https:\/\/www.diocesitn.it\/area-testimonianza\/wp-content\/uploads\/sites\/37\/2023\/01\/Preghiera_Pagina_1ritaglio.jpg","datePublished":"2023-01-25T10:27:35+00:00","dateModified":"2023-02-15T14:34:59+00:00","breadcrumb":{"@id":"https:\/\/www.diocesitn.it\/area-testimonianza\/2023\/01\/25\/giornata-mondiale-del-malato-abbi-cura-di-lui-la-compassione-come-esercizio-sinodale-di-guarigione\/#breadcrumb"},"inLanguage":"it-IT","potentialAction":[{"@type":"ReadAction","target":["https:\/\/www.diocesitn.it\/area-testimonianza\/2023\/01\/25\/giornata-mondiale-del-malato-abbi-cura-di-lui-la-compassione-come-esercizio-sinodale-di-guarigione\/"]}]},{"@type":"ImageObject","inLanguage":"it-IT","@id":"https:\/\/www.diocesitn.it\/area-testimonianza\/2023\/01\/25\/giornata-mondiale-del-malato-abbi-cura-di-lui-la-compassione-come-esercizio-sinodale-di-guarigione\/#primaryimage","url":"https:\/\/www.diocesitn.it\/area-testimonianza\/wp-content\/uploads\/sites\/37\/2023\/01\/Preghiera_Pagina_1ritaglio.jpg","contentUrl":"https:\/\/www.diocesitn.it\/area-testimonianza\/wp-content\/uploads\/sites\/37\/2023\/01\/Preghiera_Pagina_1ritaglio.jpg","width":1137,"height":885},{"@type":"BreadcrumbList","@id":"https:\/\/www.diocesitn.it\/area-testimonianza\/2023\/01\/25\/giornata-mondiale-del-malato-abbi-cura-di-lui-la-compassione-come-esercizio-sinodale-di-guarigione\/#breadcrumb","itemListElement":[{"@type":"ListItem","position":1,"name":"Home","item":"https:\/\/www.diocesitn.it\/area-testimonianza\/"},{"@type":"ListItem","position":2,"name":"Giornata mondiale del Malato: Abbi cura di lui. La compassione come esercizio sinodale di guarigione"}]},{"@type":"WebSite","@id":"https:\/\/www.diocesitn.it\/area-testimonianza\/#website","url":"https:\/\/www.diocesitn.it\/area-testimonianza\/","name":"Testimonianza e Impegno sociale","description":"Chiesa di Trento","publisher":{"@id":"https:\/\/www.diocesitn.it\/area-testimonianza\/#organization"},"potentialAction":[{"@type":"SearchAction","target":{"@type":"EntryPoint","urlTemplate":"https:\/\/www.diocesitn.it\/area-testimonianza\/?s={search_term_string}"},"query-input":"required name=search_term_string"}],"inLanguage":"it-IT"},{"@type":["Organization","Place"],"@id":"https:\/\/www.diocesitn.it\/area-testimonianza\/#organization","name":"Area Testimonianza e Impegno Sociale - Chiesa di Trento","url":"https:\/\/www.diocesitn.it\/area-testimonianza\/","logo":{"@id":"https:\/\/www.diocesitn.it\/area-testimonianza\/2023\/01\/25\/giornata-mondiale-del-malato-abbi-cura-di-lui-la-compassione-come-esercizio-sinodale-di-guarigione\/#local-main-organization-logo"},"image":{"@id":"https:\/\/www.diocesitn.it\/area-testimonianza\/2023\/01\/25\/giornata-mondiale-del-malato-abbi-cura-di-lui-la-compassione-come-esercizio-sinodale-di-guarigione\/#local-main-organization-logo"},"openingHoursSpecification":[{"@type":"OpeningHoursSpecification","dayOfWeek":["Monday","Tuesday","Wednesday","Thursday","Friday","Saturday","Sunday"],"opens":"09:00","closes":"17:00"}]},{"@type":"ImageObject","inLanguage":"it-IT","@id":"https:\/\/www.diocesitn.it\/area-testimonianza\/2023\/01\/25\/giornata-mondiale-del-malato-abbi-cura-di-lui-la-compassione-come-esercizio-sinodale-di-guarigione\/#local-main-organization-logo","url":"https:\/\/www.diocesitn.it\/area-testimonianza\/wp-content\/uploads\/sites\/37\/2021\/09\/og-logo-testimonianza-e-impegno-sociale.jpg","contentUrl":"https:\/\/www.diocesitn.it\/area-testimonianza\/wp-content\/uploads\/sites\/37\/2021\/09\/og-logo-testimonianza-e-impegno-sociale.jpg","width":1200,"height":630,"caption":"Area Testimonianza e Impegno Sociale - Chiesa di Trento"}]}},"_links":{"self":[{"href":"https:\/\/www.diocesitn.it\/area-testimonianza\/wp-json\/wp\/v2\/posts\/12310","targetHints":{"allow":["GET"]}}],"collection":[{"href":"https:\/\/www.diocesitn.it\/area-testimonianza\/wp-json\/wp\/v2\/posts"}],"about":[{"href":"https:\/\/www.diocesitn.it\/area-testimonianza\/wp-json\/wp\/v2\/types\/post"}],"author":[{"embeddable":true,"href":"https:\/\/www.diocesitn.it\/area-testimonianza\/wp-json\/wp\/v2\/users\/4"}],"replies":[{"embeddable":true,"href":"https:\/\/www.diocesitn.it\/area-testimonianza\/wp-json\/wp\/v2\/comments?post=12310"}],"version-history":[{"count":4,"href":"https:\/\/www.diocesitn.it\/area-testimonianza\/wp-json\/wp\/v2\/posts\/12310\/revisions"}],"predecessor-version":[{"id":12322,"href":"https:\/\/www.diocesitn.it\/area-testimonianza\/wp-json\/wp\/v2\/posts\/12310\/revisions\/12322"}],"wp:featuredmedia":[{"embeddable":true,"href":"https:\/\/www.diocesitn.it\/area-testimonianza\/wp-json\/wp\/v2\/media\/12313"}],"wp:attachment":[{"href":"https:\/\/www.diocesitn.it\/area-testimonianza\/wp-json\/wp\/v2\/media?parent=12310"}],"wp:term":[{"taxonomy":"category","embeddable":true,"href":"https:\/\/www.diocesitn.it\/area-testimonianza\/wp-json\/wp\/v2\/categories?post=12310"},{"taxonomy":"post_tag","embeddable":true,"href":"https:\/\/www.diocesitn.it\/area-testimonianza\/wp-json\/wp\/v2\/tags?post=12310"}],"curies":[{"name":"wp","href":"https:\/\/api.w.org\/{rel}","templated":true}]}}