{"id":12286,"date":"2023-01-13T16:13:49","date_gmt":"2023-01-13T15:13:49","guid":{"rendered":"https:\/\/www.diocesitn.it\/area-testimonianza\/?p=12286"},"modified":"2026-03-17T12:29:20","modified_gmt":"2026-03-17T11:29:20","slug":"i-pellegrinaggi-della-diocesi-di-trento-nel-2023","status":"publish","type":"post","link":"https:\/\/www.diocesitn.it\/area-testimonianza\/2023\/01\/13\/i-pellegrinaggi-della-diocesi-di-trento-nel-2023\/","title":{"rendered":"I pellegrinaggi della diocesi di Trento nel 2023"},"content":{"rendered":"<p>Terra Santa, Santuario di Pin\u00e8, Turchia, Lourdes&#8230; sono le principali mete di pellegrinaggio che la diocesi di Trento organizza e offre a tutti coloro che intendono intraprendere un&#8217;autentica esperienza di pellegrinaggio condiviso.<\/p>\n<p>In particolare in <strong>Terra Santa<\/strong> si andr\u00e0\u00a0 a Gerusalemme e Betlemme, visitando i luoghi pi\u00f9 santi della cristianit\u00e0, ma anche altri luoghi di culto, per un&#8217;esperienza interreligiosa e pi\u00f9 coinvolgente. Lo stile spartano del pellegrinaggio richieder\u00e0 un po&#8217; di spirito di adattamento e volont\u00e0 di mettersi in gioco. Questo consentir\u00e0 di immergersi di pi\u00f9 nella cultura locale e di contenere i costi. L&#8217;alloggio presso le suore comboniane di Betania offrir\u00e0 una soluzione familiare (in mezza pensione, stanze doppie o singole) e la possibilit\u00e0 di conoscere i progetti missionari seguiti dalle religiose presso i beduini del deserto di Giuda.<\/p>\n<p>Il pellegrinaggio a <strong>Lourdes<\/strong> dall&#8217;8 all&#8217;11 settembre \u00e8 aperto ad ammalati, persone di assistenza e pellegrini.<\/p>\n<p>In <strong>Turchia<\/strong> (ottobre 2023) per approfondire il rapporto di amicizia con l&#8217;arcidiocesi di Izmir, l&#8217;antica Smirne; conoscere la forza e la vivacit\u00e0 di una piccolissima comunit\u00e0 cristiana (i cristiani in Turchia sono una esigua minoranza); coniugare ci\u00f2 che resta di un gloriosa passato con una realt\u00e0 fatta anche di contraddizioni e di contrasti.<\/p>\n<hr \/>\n<p>Per ulteriori informazioni (orari, iscrizioni e costi) scrivere a: <a href=\"mailto:pellegrinaggi@diocesitn.it\">pellegrinaggi@diocesitn.it<\/a><\/p>\n","protected":false},"excerpt":{"rendered":"<p>Terra Santa, Santuario di Pin\u00e8, Turchia, Lourdes&#8230; sono le principali mete di pellegrinaggio che la diocesi di Trento organizza e offre a tutti coloro che intendono intraprendere un&#8217;autentica esperienza di pellegrinaggio condiviso. In particolare in<\/p>\n","protected":false},"author":4,"featured_media":12288,"comment_status":"closed","ping_status":"closed","sticky":false,"template":"","format":"standard","meta":{"footnotes":""},"categories":[1074,1102],"tags":[1432],"class_list":["post-12286","post","type-post","status-publish","format-standard","has-post-thumbnail","hentry","category-notizie","category-servizio-salute-pellegrinaggi-anziani","tag-pellegrinaggi"],"acf":{"seed-localization-paese-cod":"IT","seed-localization-address":"","seed-localization-citta":"Trento","seed-localization-regione-cod-istat":"04","seed-localization-citta-cod-istat":"022205","seed-localization-localita":"","seed-localization-cap":"","seed-localization-marker-visibility":false,"seed-localization-children-visibility":false,"seed-localization-kml":"","seed-localization-custom-marker":""},"yoast_head":"<!-- This site is optimized with the Yoast SEO Premium plugin v20.2.1 (Yoast SEO v22.2) - https:\/\/yoast.com\/wordpress\/plugins\/seo\/ -->\n<title>I pellegrinaggi della diocesi di Trento nel 2023 - Testimonianza e Impegno sociale<\/title>\n<meta name=\"robots\" content=\"index, follow, max-snippet:-1, max-image-preview:large, max-video-preview:-1\" \/>\n<link rel=\"canonical\" href=\"https:\/\/www.diocesitn.it\/area-testimonianza\/2023\/01\/13\/i-pellegrinaggi-della-diocesi-di-trento-nel-2023\/\" \/>\n<meta property=\"og:locale\" content=\"it_IT\" \/>\n<meta property=\"og:type\" content=\"article\" \/>\n<meta property=\"og:title\" content=\"I pellegrinaggi della diocesi di Trento nel 2023\" \/>\n<meta property=\"og:description\" content=\"Terra Santa, Santuario di Pin\u00e8, Turchia, Lourdes&#8230; sono le principali mete di pellegrinaggio che la diocesi di Trento organizza e offre a tutti coloro che intendono intraprendere un&#8217;autentica esperienza di pellegrinaggio condiviso. In particolare in\" \/>\n<meta property=\"og:url\" content=\"https:\/\/www.diocesitn.it\/area-testimonianza\/2023\/01\/13\/i-pellegrinaggi-della-diocesi-di-trento-nel-2023\/\" \/>\n<meta property=\"og:site_name\" content=\"Testimonianza e Impegno sociale\" \/>\n<meta property=\"article:published_time\" content=\"2023-01-13T15:13:49+00:00\" \/>\n<meta property=\"article:modified_time\" content=\"2026-03-17T11:29:20+00:00\" \/>\n<meta property=\"og:image\" content=\"https:\/\/www.diocesitn.it\/area-testimonianza\/wp-content\/uploads\/sites\/37\/2023\/01\/pellegrinaggi-2023-widget-scaled.jpg\" \/>\n\t<meta property=\"og:image:width\" content=\"2560\" \/>\n\t<meta property=\"og:image:height\" content=\"1255\" \/>\n\t<meta property=\"og:image:type\" content=\"image\/jpeg\" \/>\n<meta name=\"author\" content=\"Claudia Dorigoni\" \/>\n<meta name=\"twitter:card\" content=\"summary_large_image\" \/>\n<meta name=\"twitter:label1\" content=\"Scritto da\" \/>\n\t<meta name=\"twitter:data1\" content=\"Claudia Dorigoni\" \/>\n\t<meta name=\"twitter:label2\" content=\"Tempo di lettura stimato\" \/>\n\t<meta name=\"twitter:data2\" content=\"2 minuti\" \/>\n<script type=\"application\/ld+json\" class=\"yoast-schema-graph\">{\"@context\":\"https:\/\/schema.org\",\"@graph\":[{\"@type\":\"Article\",\"@id\":\"https:\/\/www.diocesitn.it\/area-testimonianza\/2023\/01\/13\/i-pellegrinaggi-della-diocesi-di-trento-nel-2023\/#article\",\"isPartOf\":{\"@id\":\"https:\/\/www.diocesitn.it\/area-testimonianza\/2023\/01\/13\/i-pellegrinaggi-della-diocesi-di-trento-nel-2023\/\"},\"author\":{\"name\":\"Claudia Dorigoni\",\"@id\":\"https:\/\/www.diocesitn.it\/area-testimonianza\/#\/schema\/person\/5467191b81c25706baf09a59aab380a5\"},\"headline\":\"I pellegrinaggi della diocesi di Trento nel 2023\",\"datePublished\":\"2023-01-13T15:13:49+00:00\",\"dateModified\":\"2026-03-17T11:29:20+00:00\",\"mainEntityOfPage\":{\"@id\":\"https:\/\/www.diocesitn.it\/area-testimonianza\/2023\/01\/13\/i-pellegrinaggi-della-diocesi-di-trento-nel-2023\/\"},\"wordCount\":216,\"publisher\":{\"@id\":\"https:\/\/www.diocesitn.it\/area-testimonianza\/#organization\"},\"image\":{\"@id\":\"https:\/\/www.diocesitn.it\/area-testimonianza\/2023\/01\/13\/i-pellegrinaggi-della-diocesi-di-trento-nel-2023\/#primaryimage\"},\"thumbnailUrl\":\"https:\/\/www.diocesitn.it\/area-testimonianza\/wp-content\/uploads\/sites\/37\/2023\/01\/pellegrinaggi-2023-widget-scaled.jpg\",\"keywords\":[\"pellegrinaggi\"],\"articleSection\":[\"Notizie\",\"Salute Pellegrinaggi Anziani\"],\"inLanguage\":\"it-IT\",\"copyrightYear\":\"2023\",\"copyrightHolder\":{\"@id\":\"https:\/\/www.diocesitn.it\/#organization\"}},{\"@type\":\"WebPage\",\"@id\":\"https:\/\/www.diocesitn.it\/area-testimonianza\/2023\/01\/13\/i-pellegrinaggi-della-diocesi-di-trento-nel-2023\/\",\"url\":\"https:\/\/www.diocesitn.it\/area-testimonianza\/2023\/01\/13\/i-pellegrinaggi-della-diocesi-di-trento-nel-2023\/\",\"name\":\"I pellegrinaggi della diocesi di Trento nel 2023 - Testimonianza e Impegno sociale\",\"isPartOf\":{\"@id\":\"https:\/\/www.diocesitn.it\/area-testimonianza\/#website\"},\"primaryImageOfPage\":{\"@id\":\"https:\/\/www.diocesitn.it\/area-testimonianza\/2023\/01\/13\/i-pellegrinaggi-della-diocesi-di-trento-nel-2023\/#primaryimage\"},\"image\":{\"@id\":\"https:\/\/www.diocesitn.it\/area-testimonianza\/2023\/01\/13\/i-pellegrinaggi-della-diocesi-di-trento-nel-2023\/#primaryimage\"},\"thumbnailUrl\":\"https:\/\/www.diocesitn.it\/area-testimonianza\/wp-content\/uploads\/sites\/37\/2023\/01\/pellegrinaggi-2023-widget-scaled.jpg\",\"datePublished\":\"2023-01-13T15:13:49+00:00\",\"dateModified\":\"2026-03-17T11:29:20+00:00\",\"breadcrumb\":{\"@id\":\"https:\/\/www.diocesitn.it\/area-testimonianza\/2023\/01\/13\/i-pellegrinaggi-della-diocesi-di-trento-nel-2023\/#breadcrumb\"},\"inLanguage\":\"it-IT\",\"potentialAction\":[{\"@type\":\"ReadAction\",\"target\":[\"https:\/\/www.diocesitn.it\/area-testimonianza\/2023\/01\/13\/i-pellegrinaggi-della-diocesi-di-trento-nel-2023\/\"]}]},{\"@type\":\"ImageObject\",\"inLanguage\":\"it-IT\",\"@id\":\"https:\/\/www.diocesitn.it\/area-testimonianza\/2023\/01\/13\/i-pellegrinaggi-della-diocesi-di-trento-nel-2023\/#primaryimage\",\"url\":\"https:\/\/www.diocesitn.it\/area-testimonianza\/wp-content\/uploads\/sites\/37\/2023\/01\/pellegrinaggi-2023-widget-scaled.jpg\",\"contentUrl\":\"https:\/\/www.diocesitn.it\/area-testimonianza\/wp-content\/uploads\/sites\/37\/2023\/01\/pellegrinaggi-2023-widget-scaled.jpg\",\"width\":2560,\"height\":1255},{\"@type\":\"BreadcrumbList\",\"@id\":\"https:\/\/www.diocesitn.it\/area-testimonianza\/2023\/01\/13\/i-pellegrinaggi-della-diocesi-di-trento-nel-2023\/#breadcrumb\",\"itemListElement\":[{\"@type\":\"ListItem\",\"position\":1,\"name\":\"Home\",\"item\":\"https:\/\/www.diocesitn.it\/area-testimonianza\/\"},{\"@type\":\"ListItem\",\"position\":2,\"name\":\"I pellegrinaggi della diocesi di Trento nel 2023\"}]},{\"@type\":\"WebSite\",\"@id\":\"https:\/\/www.diocesitn.it\/area-testimonianza\/#website\",\"url\":\"https:\/\/www.diocesitn.it\/area-testimonianza\/\",\"name\":\"Testimonianza e Impegno sociale\",\"description\":\"Chiesa di Trento\",\"publisher\":{\"@id\":\"https:\/\/www.diocesitn.it\/area-testimonianza\/#organization\"},\"potentialAction\":[{\"@type\":\"SearchAction\",\"target\":{\"@type\":\"EntryPoint\",\"urlTemplate\":\"https:\/\/www.diocesitn.it\/area-testimonianza\/?s={search_term_string}\"},\"query-input\":\"required name=search_term_string\"}],\"inLanguage\":\"it-IT\"},{\"@type\":[\"Organization\",\"Place\"],\"@id\":\"https:\/\/www.diocesitn.it\/area-testimonianza\/#organization\",\"name\":\"Area Testimonianza e Impegno Sociale - Chiesa di Trento\",\"url\":\"https:\/\/www.diocesitn.it\/area-testimonianza\/\",\"logo\":{\"@id\":\"https:\/\/www.diocesitn.it\/area-testimonianza\/2023\/01\/13\/i-pellegrinaggi-della-diocesi-di-trento-nel-2023\/#local-main-organization-logo\"},\"image\":{\"@id\":\"https:\/\/www.diocesitn.it\/area-testimonianza\/2023\/01\/13\/i-pellegrinaggi-della-diocesi-di-trento-nel-2023\/#local-main-organization-logo\"},\"openingHoursSpecification\":[{\"@type\":\"OpeningHoursSpecification\",\"dayOfWeek\":[\"Monday\",\"Tuesday\",\"Wednesday\",\"Thursday\",\"Friday\",\"Saturday\",\"Sunday\"],\"opens\":\"09:00\",\"closes\":\"17:00\"}]},{\"@type\":\"ImageObject\",\"inLanguage\":\"it-IT\",\"@id\":\"https:\/\/www.diocesitn.it\/area-testimonianza\/2023\/01\/13\/i-pellegrinaggi-della-diocesi-di-trento-nel-2023\/#local-main-organization-logo\",\"url\":\"https:\/\/www.diocesitn.it\/area-testimonianza\/wp-content\/uploads\/sites\/37\/2021\/09\/og-logo-testimonianza-e-impegno-sociale.jpg\",\"contentUrl\":\"https:\/\/www.diocesitn.it\/area-testimonianza\/wp-content\/uploads\/sites\/37\/2021\/09\/og-logo-testimonianza-e-impegno-sociale.jpg\",\"width\":1200,\"height\":630,\"caption\":\"Area Testimonianza e Impegno Sociale - Chiesa di Trento\"}]}<\/script>\n<!-- \/ Yoast SEO Premium plugin. -->","yoast_head_json":{"title":"I pellegrinaggi della diocesi di Trento nel 2023 - Testimonianza e Impegno sociale","robots":{"index":"index","follow":"follow","max-snippet":"max-snippet:-1","max-image-preview":"max-image-preview:large","max-video-preview":"max-video-preview:-1"},"canonical":"https:\/\/www.diocesitn.it\/area-testimonianza\/2023\/01\/13\/i-pellegrinaggi-della-diocesi-di-trento-nel-2023\/","og_locale":"it_IT","og_type":"article","og_title":"I pellegrinaggi della diocesi di Trento nel 2023","og_description":"Terra Santa, Santuario di Pin\u00e8, Turchia, Lourdes&#8230; sono le principali mete di pellegrinaggio che la diocesi di Trento organizza e offre a tutti coloro che intendono intraprendere un&#8217;autentica esperienza di pellegrinaggio condiviso. In particolare in","og_url":"https:\/\/www.diocesitn.it\/area-testimonianza\/2023\/01\/13\/i-pellegrinaggi-della-diocesi-di-trento-nel-2023\/","og_site_name":"Testimonianza e Impegno sociale","article_published_time":"2023-01-13T15:13:49+00:00","article_modified_time":"2026-03-17T11:29:20+00:00","og_image":[{"width":2560,"height":1255,"url":"https:\/\/www.diocesitn.it\/area-testimonianza\/wp-content\/uploads\/sites\/37\/2023\/01\/pellegrinaggi-2023-widget-scaled.jpg","type":"image\/jpeg"}],"author":"Claudia Dorigoni","twitter_card":"summary_large_image","twitter_misc":{"Scritto da":"Claudia Dorigoni","Tempo di lettura stimato":"2 minuti"},"schema":{"@context":"https:\/\/schema.org","@graph":[{"@type":"Article","@id":"https:\/\/www.diocesitn.it\/area-testimonianza\/2023\/01\/13\/i-pellegrinaggi-della-diocesi-di-trento-nel-2023\/#article","isPartOf":{"@id":"https:\/\/www.diocesitn.it\/area-testimonianza\/2023\/01\/13\/i-pellegrinaggi-della-diocesi-di-trento-nel-2023\/"},"author":{"name":"Claudia Dorigoni","@id":"https:\/\/www.diocesitn.it\/area-testimonianza\/#\/schema\/person\/5467191b81c25706baf09a59aab380a5"},"headline":"I pellegrinaggi della diocesi di Trento nel 2023","datePublished":"2023-01-13T15:13:49+00:00","dateModified":"2026-03-17T11:29:20+00:00","mainEntityOfPage":{"@id":"https:\/\/www.diocesitn.it\/area-testimonianza\/2023\/01\/13\/i-pellegrinaggi-della-diocesi-di-trento-nel-2023\/"},"wordCount":216,"publisher":{"@id":"https:\/\/www.diocesitn.it\/area-testimonianza\/#organization"},"image":{"@id":"https:\/\/www.diocesitn.it\/area-testimonianza\/2023\/01\/13\/i-pellegrinaggi-della-diocesi-di-trento-nel-2023\/#primaryimage"},"thumbnailUrl":"https:\/\/www.diocesitn.it\/area-testimonianza\/wp-content\/uploads\/sites\/37\/2023\/01\/pellegrinaggi-2023-widget-scaled.jpg","keywords":["pellegrinaggi"],"articleSection":["Notizie","Salute Pellegrinaggi Anziani"],"inLanguage":"it-IT","copyrightYear":"2023","copyrightHolder":{"@id":"https:\/\/www.diocesitn.it\/#organization"}},{"@type":"WebPage","@id":"https:\/\/www.diocesitn.it\/area-testimonianza\/2023\/01\/13\/i-pellegrinaggi-della-diocesi-di-trento-nel-2023\/","url":"https:\/\/www.diocesitn.it\/area-testimonianza\/2023\/01\/13\/i-pellegrinaggi-della-diocesi-di-trento-nel-2023\/","name":"I pellegrinaggi della diocesi di Trento nel 2023 - Testimonianza e Impegno sociale","isPartOf":{"@id":"https:\/\/www.diocesitn.it\/area-testimonianza\/#website"},"primaryImageOfPage":{"@id":"https:\/\/www.diocesitn.it\/area-testimonianza\/2023\/01\/13\/i-pellegrinaggi-della-diocesi-di-trento-nel-2023\/#primaryimage"},"image":{"@id":"https:\/\/www.diocesitn.it\/area-testimonianza\/2023\/01\/13\/i-pellegrinaggi-della-diocesi-di-trento-nel-2023\/#primaryimage"},"thumbnailUrl":"https:\/\/www.diocesitn.it\/area-testimonianza\/wp-content\/uploads\/sites\/37\/2023\/01\/pellegrinaggi-2023-widget-scaled.jpg","datePublished":"2023-01-13T15:13:49+00:00","dateModified":"2026-03-17T11:29:20+00:00","breadcrumb":{"@id":"https:\/\/www.diocesitn.it\/area-testimonianza\/2023\/01\/13\/i-pellegrinaggi-della-diocesi-di-trento-nel-2023\/#breadcrumb"},"inLanguage":"it-IT","potentialAction":[{"@type":"ReadAction","target":["https:\/\/www.diocesitn.it\/area-testimonianza\/2023\/01\/13\/i-pellegrinaggi-della-diocesi-di-trento-nel-2023\/"]}]},{"@type":"ImageObject","inLanguage":"it-IT","@id":"https:\/\/www.diocesitn.it\/area-testimonianza\/2023\/01\/13\/i-pellegrinaggi-della-diocesi-di-trento-nel-2023\/#primaryimage","url":"https:\/\/www.diocesitn.it\/area-testimonianza\/wp-content\/uploads\/sites\/37\/2023\/01\/pellegrinaggi-2023-widget-scaled.jpg","contentUrl":"https:\/\/www.diocesitn.it\/area-testimonianza\/wp-content\/uploads\/sites\/37\/2023\/01\/pellegrinaggi-2023-widget-scaled.jpg","width":2560,"height":1255},{"@type":"BreadcrumbList","@id":"https:\/\/www.diocesitn.it\/area-testimonianza\/2023\/01\/13\/i-pellegrinaggi-della-diocesi-di-trento-nel-2023\/#breadcrumb","itemListElement":[{"@type":"ListItem","position":1,"name":"Home","item":"https:\/\/www.diocesitn.it\/area-testimonianza\/"},{"@type":"ListItem","position":2,"name":"I pellegrinaggi della diocesi di Trento nel 2023"}]},{"@type":"WebSite","@id":"https:\/\/www.diocesitn.it\/area-testimonianza\/#website","url":"https:\/\/www.diocesitn.it\/area-testimonianza\/","name":"Testimonianza e Impegno sociale","description":"Chiesa di Trento","publisher":{"@id":"https:\/\/www.diocesitn.it\/area-testimonianza\/#organization"},"potentialAction":[{"@type":"SearchAction","target":{"@type":"EntryPoint","urlTemplate":"https:\/\/www.diocesitn.it\/area-testimonianza\/?s={search_term_string}"},"query-input":"required name=search_term_string"}],"inLanguage":"it-IT"},{"@type":["Organization","Place"],"@id":"https:\/\/www.diocesitn.it\/area-testimonianza\/#organization","name":"Area Testimonianza e Impegno Sociale - Chiesa di Trento","url":"https:\/\/www.diocesitn.it\/area-testimonianza\/","logo":{"@id":"https:\/\/www.diocesitn.it\/area-testimonianza\/2023\/01\/13\/i-pellegrinaggi-della-diocesi-di-trento-nel-2023\/#local-main-organization-logo"},"image":{"@id":"https:\/\/www.diocesitn.it\/area-testimonianza\/2023\/01\/13\/i-pellegrinaggi-della-diocesi-di-trento-nel-2023\/#local-main-organization-logo"},"openingHoursSpecification":[{"@type":"OpeningHoursSpecification","dayOfWeek":["Monday","Tuesday","Wednesday","Thursday","Friday","Saturday","Sunday"],"opens":"09:00","closes":"17:00"}]},{"@type":"ImageObject","inLanguage":"it-IT","@id":"https:\/\/www.diocesitn.it\/area-testimonianza\/2023\/01\/13\/i-pellegrinaggi-della-diocesi-di-trento-nel-2023\/#local-main-organization-logo","url":"https:\/\/www.diocesitn.it\/area-testimonianza\/wp-content\/uploads\/sites\/37\/2021\/09\/og-logo-testimonianza-e-impegno-sociale.jpg","contentUrl":"https:\/\/www.diocesitn.it\/area-testimonianza\/wp-content\/uploads\/sites\/37\/2021\/09\/og-logo-testimonianza-e-impegno-sociale.jpg","width":1200,"height":630,"caption":"Area Testimonianza e Impegno Sociale - Chiesa di Trento"}]}},"_links":{"self":[{"href":"https:\/\/www.diocesitn.it\/area-testimonianza\/wp-json\/wp\/v2\/posts\/12286","targetHints":{"allow":["GET"]}}],"collection":[{"href":"https:\/\/www.diocesitn.it\/area-testimonianza\/wp-json\/wp\/v2\/posts"}],"about":[{"href":"https:\/\/www.diocesitn.it\/area-testimonianza\/wp-json\/wp\/v2\/types\/post"}],"author":[{"embeddable":true,"href":"https:\/\/www.diocesitn.it\/area-testimonianza\/wp-json\/wp\/v2\/users\/4"}],"replies":[{"embeddable":true,"href":"https:\/\/www.diocesitn.it\/area-testimonianza\/wp-json\/wp\/v2\/comments?post=12286"}],"version-history":[{"count":4,"href":"https:\/\/www.diocesitn.it\/area-testimonianza\/wp-json\/wp\/v2\/posts\/12286\/revisions"}],"predecessor-version":[{"id":19640,"href":"https:\/\/www.diocesitn.it\/area-testimonianza\/wp-json\/wp\/v2\/posts\/12286\/revisions\/19640"}],"wp:featuredmedia":[{"embeddable":true,"href":"https:\/\/www.diocesitn.it\/area-testimonianza\/wp-json\/wp\/v2\/media\/12288"}],"wp:attachment":[{"href":"https:\/\/www.diocesitn.it\/area-testimonianza\/wp-json\/wp\/v2\/media?parent=12286"}],"wp:term":[{"taxonomy":"category","embeddable":true,"href":"https:\/\/www.diocesitn.it\/area-testimonianza\/wp-json\/wp\/v2\/categories?post=12286"},{"taxonomy":"post_tag","embeddable":true,"href":"https:\/\/www.diocesitn.it\/area-testimonianza\/wp-json\/wp\/v2\/tags?post=12286"}],"curies":[{"name":"wp","href":"https:\/\/api.w.org\/{rel}","templated":true}]}}