{"id":12282,"date":"2023-01-12T10:03:38","date_gmt":"2023-01-12T09:03:38","guid":{"rendered":"https:\/\/www.diocesitn.it\/area-testimonianza\/2023\/01\/12\/torna-la-settimana-di-preghiera-per-lunita-dei-cristiani-18-25-settembre-veglia-ecumenica-a-sanzeno-venerdi-20-con-vescovo-lauro\/"},"modified":"2024-12-18T09:58:18","modified_gmt":"2024-12-18T08:58:18","slug":"torna-la-settimana-di-preghiera-per-lunita-dei-cristiani-18-25-settembre-veglia-ecumenica-a-sanzeno-venerdi-20-con-vescovo-lauro","status":"publish","type":"post","link":"https:\/\/www.diocesitn.it\/area-testimonianza\/2023\/01\/12\/torna-la-settimana-di-preghiera-per-lunita-dei-cristiani-18-25-settembre-veglia-ecumenica-a-sanzeno-venerdi-20-con-vescovo-lauro\/","title":{"rendered":"Settimana di preghiera per l&#8217;unit\u00e0 dei cristiani (18-25 gennaio). Veglia ecumenica a Sanzeno venerd\u00ec 20 con vescovo Lauro. Guarda VIDEO del Consiglio di Chiese"},"content":{"rendered":"<p>Torna dal <strong>18 al 25 gennaio<\/strong> la <strong>Settimana di preghiera per l\u2019unit\u00e0 dei cristiani <\/strong>sul tema <strong><span style=\"font-size: inherit\"><em>Imparate a fare il bene, cercate la giustizia <\/em><em>(Isaia, 1,17)<\/em><\/span><\/strong>. Una preghiera di stretta attualit\u00e0, soprattutto alla luce della guerra nel cuore dell&#8217;Europa che coinvolge drammaticamente anche le Chiese ortodosse. Preghiera per l&#8217;unit\u00e0 che diventa, dunque, inevitabilmente una preghiera per la pace. \u00c8 questo lo spirito con cui anche in <strong>Diocesi di Trento<\/strong> le <strong>comunit\u00e0 parrocchiali<\/strong> sono chiamate a vivere la Settimana in avvio del nuovo anno. Il <strong>principale appuntamento diocesano sar\u00e0 <span style=\"font-size: inherit\">venerd\u00ec 20 gennaio alle ore 20.30 nella basilica di Sanzeno: l<\/span>&#8216;arci<span style=\"font-size: inherit\">vescovo Lauro sar\u00e0 presente\u00a0<\/span><\/strong><span style=\"font-size: inherit\"><strong>alla preghiera che il Gruppo Samuele organizza ogni venerd\u00ec nella chiesa dedicata ai Martiri d&#8217;Anaunia. Venerd\u00ec 20 l&#8217;incontro assumer\u00e0 un carattere particolarmente ecumenico<\/strong>.<\/span><\/p>\n<p><span style=\"font-size: inherit\">Nei giorni della Settimana, tra il 18 e il 25 gennaio, verr\u00e0 pubblicato un <strong>breve video<\/strong>, a cura del <strong>Consiglio di Chiese Cristiane di Trento<\/strong>, a commento del brano biblico che far\u00e0 da guida all\u2019edizione 2023 della Settimana di preghiera per l\u2019unit\u00e0 dei cristiani, tolto da Isaia (1,12-18).\u00a0<\/span><\/p>\n<p>Sul <strong>sito dell\u2019ufficio nazionale per l\u2019ecumenismo e il dialogo interreligioso della CEI<\/strong> \u00e8 possibile trovare e scaricare materiale utile per la preghiera individuale, per le preghiere liturgiche e comunitarie o per altri incontri di preghiera: <a href=\"https:\/\/ecumenismo.chiesacattolica.it\/2022\/11\/23\/settimana-di-preghiera-per-lunita-dei-cristiani-18-25-gennaio-2023\/\">QUI LINK<\/a>.<\/p>\n<p>Il <strong>Consiglio di Chiese Cristiane di Trento<\/strong>, nato un anno fa (<a href=\"https:\/\/www.diocesitn.it\/site\/e-nato-il-consiglio-di-chiese-di-trento-in-cattedrale-preghiera-ecumenica-e-firma-dello-statuto\/\">QUI ARTICOLO<\/a>) propone un <strong>video a pi\u00f9 voci <\/strong>(vedi sotto), a commento del <strong>brano biblico di Isaia<\/strong> che fa da guida all\u2019edizione 2023 della Settimana.<\/p>\n<p>Intervengono, nell&#8217;ordine:\u00a0 <strong>Pierino Zingg Foursquare<\/strong> (Gospel Italia &#8211; Rovereto),\u00a0<strong>Dieter Kampen<\/strong> (Chiesa Evangelica Valdese), <strong>Michael J\u00e4ger<\/strong> (Comunit\u00e0 Evangelica Luterana di Bolzano), <strong>Ioan Lupasteanu<\/strong> (Chiesa Ortodossa Romena Trento), <strong>Pastore Patrizio Calliari<\/strong> (Chiesa Cristiana Avventista del Settimo Giorno), <strong>Jacob Latif<\/strong> (Pak O Hind Christian Community), <strong>don Cristiano Bettega<\/strong> (Chiesa cattolica Trento).<\/p>\n<p><iframe loading=\"lazy\" title=\"Settimana di preghiera unit\u00e0 dei cristiani 2023 - Voci dal Consiglio di Chiese cristiane di Trento\" width=\"800\" height=\"450\" src=\"https:\/\/www.youtube.com\/embed\/zIBb1u2nFw8?feature=oembed\" frameborder=\"0\" allow=\"accelerometer; autoplay; clipboard-write; encrypted-media; gyroscope; picture-in-picture; web-share\" allowfullscreen><\/iframe><\/p>\n<p><strong><a href=\"https:\/\/www.diocesitn.it\/wp-content\/uploads\/sites\/37\/2023\/01\/locandina-Rovereto-gen.jpg\"><img loading=\"lazy\" decoding=\"async\" class=\"alignleft wp-image-12306\" src=\"https:\/\/www.diocesitn.it\/wp-content\/uploads\/sites\/37\/2023\/01\/locandina-Rovereto-gen-210x300.jpg\" alt=\"\" width=\"378\" height=\"540\" srcset=\"https:\/\/www.diocesitn.it\/area-testimonianza\/wp-content\/uploads\/sites\/37\/2023\/01\/locandina-Rovereto-gen-210x300.jpg 210w, https:\/\/www.diocesitn.it\/area-testimonianza\/wp-content\/uploads\/sites\/37\/2023\/01\/locandina-Rovereto-gen-717x1024.jpg 717w, https:\/\/www.diocesitn.it\/area-testimonianza\/wp-content\/uploads\/sites\/37\/2023\/01\/locandina-Rovereto-gen-768x1097.jpg 768w, https:\/\/www.diocesitn.it\/area-testimonianza\/wp-content\/uploads\/sites\/37\/2023\/01\/locandina-Rovereto-gen-196x280.jpg 196w, https:\/\/www.diocesitn.it\/area-testimonianza\/wp-content\/uploads\/sites\/37\/2023\/01\/locandina-Rovereto-gen-538x768.jpg 538w, https:\/\/www.diocesitn.it\/area-testimonianza\/wp-content\/uploads\/sites\/37\/2023\/01\/locandina-Rovereto-gen-800x1143.jpg 800w, https:\/\/www.diocesitn.it\/area-testimonianza\/wp-content\/uploads\/sites\/37\/2023\/01\/locandina-Rovereto-gen.jpg 896w\" sizes=\"auto, (max-width: 378px) 100vw, 378px\" \/><\/a>Altri appuntamenti<\/strong> in Diocesi nei giorni seguenti la Settimana di preghiera:<\/p>\n<ul>\n<li><strong>Gioved\u00ec 26 gennaio<\/strong>, alle ore 20.00 presso la chiesa della parrocchia ortodossa del Patriarcato di Mosca (Rovereto, Sacco), si terr\u00e0 il secondo appuntamento di preghiera per il creato, a cura della Rete diocesana per la custodia del creato, al quale sar\u00e0 presente il vicario generale, don Claudio Ferrari.<\/li>\n<\/ul>\n<ul>\n<li><strong>Venerd\u00ec 3 febbraio<\/strong>, a partire dalle 17.30, il Consiglio di Chiese Cristiane di Trento offrir\u00e0 un momento di riflessione itinerante in centro a Trento: una camminata che toccher\u00e0 alcuni punti significativi del cammino ecumenico, al quale sar\u00e0 presente anche il vescovo Lauro e che si concluder\u00e0 in Duomo. Maggiori dettagli saranno comunicati nei prossimi giorni.<\/li>\n<li><strong>Sabato 4 marzo<\/strong> alle 20.30 in basilica a Sanzeno, si terr\u00e0 l\u2019annuale <strong>preghiera ecumenica delle donne<\/strong>, guidata dal Gruppo Samuele, che vedr\u00e0 quest\u2019anno la presenza dell&#8217;Arcivescovo Lauro e del Consiglio di Chiese.<\/li>\n<\/ul>\n<p>Il tema della Settimana &#8211; fa sapere l&#8217;ufficio nazionale per l&#8217;ecumenismo e il dialogo interreligioso della CEI &#8211; \u00e8 stato scelto da un gruppo locale degli <strong>Stati Uniti d\u2019America<\/strong> (USA) convocato dal Consiglio delle chiese del Minnesota.<\/p>\n","protected":false},"excerpt":{"rendered":"<p>Torna dal 18 al 25 gennaio la Settimana di preghiera per l\u2019unit\u00e0 dei cristiani sul tema Imparate a fare il bene, cercate la giustizia (Isaia, 1,17). Una preghiera di stretta attualit\u00e0, soprattutto alla luce della<\/p>\n","protected":false},"author":3,"featured_media":12307,"comment_status":"closed","ping_status":"closed","sticky":false,"template":"","format":"standard","meta":{"footnotes":""},"categories":[1130,1074],"tags":[1253,1740,1776,1391],"class_list":["post-12282","post","type-post","status-publish","format-standard","has-post-thumbnail","hentry","category-servizio-ecumenismo-e-dialogo","category-notizie","tag-ecumenismo","tag-sanzeno","tag-settimana-di-preghiera-per-lunita-dei-cristiani","tag-trento"],"acf":{"seed-localization-paese-cod":"IT","seed-localization-address":"","seed-localization-citta":"Trento","seed-localization-regione-cod-istat":"04","seed-localization-citta-cod-istat":"022205","seed-localization-localita":"","seed-localization-cap":"","seed-localization-marker-visibility":false,"seed-localization-children-visibility":false,"seed-localization-kml":"","seed-localization-custom-marker":""},"yoast_head":"<!-- This site is optimized with the Yoast SEO Premium plugin v20.2.1 (Yoast SEO v22.2) - https:\/\/yoast.com\/wordpress\/plugins\/seo\/ -->\n<title>Settimana di preghiera per l&#039;unit\u00e0 dei cristiani (18-25 gennaio). Veglia ecumenica a Sanzeno venerd\u00ec 20 con vescovo Lauro. Guarda VIDEO del Consiglio di Chiese - Testimonianza e Impegno sociale<\/title>\n<meta name=\"robots\" content=\"index, follow, max-snippet:-1, max-image-preview:large, max-video-preview:-1\" \/>\n<link rel=\"canonical\" href=\"https:\/\/www.diocesitn.it\/area-testimonianza\/2023\/01\/12\/torna-la-settimana-di-preghiera-per-lunita-dei-cristiani-18-25-settembre-veglia-ecumenica-a-sanzeno-venerdi-20-con-vescovo-lauro\/\" \/>\n<meta property=\"og:locale\" content=\"it_IT\" \/>\n<meta property=\"og:type\" content=\"article\" \/>\n<meta property=\"og:title\" content=\"Settimana di preghiera per l&#039;unit\u00e0 dei cristiani (18-25 gennaio). Veglia ecumenica a Sanzeno venerd\u00ec 20 con vescovo Lauro. Guarda VIDEO del Consiglio di Chiese\" \/>\n<meta property=\"og:description\" content=\"Torna dal 18 al 25 gennaio la Settimana di preghiera per l\u2019unit\u00e0 dei cristiani sul tema Imparate a fare il bene, cercate la giustizia (Isaia, 1,17). Una preghiera di stretta attualit\u00e0, soprattutto alla luce della\" \/>\n<meta property=\"og:url\" content=\"https:\/\/www.diocesitn.it\/area-testimonianza\/2023\/01\/12\/torna-la-settimana-di-preghiera-per-lunita-dei-cristiani-18-25-settembre-veglia-ecumenica-a-sanzeno-venerdi-20-con-vescovo-lauro\/\" \/>\n<meta property=\"og:site_name\" content=\"Testimonianza e Impegno sociale\" \/>\n<meta property=\"article:published_time\" content=\"2023-01-12T09:03:38+00:00\" \/>\n<meta property=\"article:modified_time\" content=\"2024-12-18T08:58:18+00:00\" \/>\n<meta property=\"og:image\" content=\"https:\/\/www.diocesitn.it\/area-testimonianza\/wp-content\/uploads\/sites\/37\/2023\/01\/veglia_ecumenica_sanzeno_23gen2022_2.jpg\" \/>\n\t<meta property=\"og:image:width\" content=\"1785\" \/>\n\t<meta property=\"og:image:height\" content=\"923\" \/>\n\t<meta property=\"og:image:type\" content=\"image\/jpeg\" \/>\n<meta name=\"author\" content=\"Piergiorgio Franceschini\" \/>\n<meta name=\"twitter:card\" content=\"summary_large_image\" \/>\n<meta name=\"twitter:label1\" content=\"Scritto da\" \/>\n\t<meta name=\"twitter:data1\" content=\"Piergiorgio Franceschini\" \/>\n\t<meta name=\"twitter:label2\" content=\"Tempo di lettura stimato\" \/>\n\t<meta name=\"twitter:data2\" content=\"3 minuti\" \/>\n<script type=\"application\/ld+json\" class=\"yoast-schema-graph\">{\"@context\":\"https:\/\/schema.org\",\"@graph\":[{\"@type\":\"Article\",\"@id\":\"https:\/\/www.diocesitn.it\/area-testimonianza\/2023\/01\/12\/torna-la-settimana-di-preghiera-per-lunita-dei-cristiani-18-25-settembre-veglia-ecumenica-a-sanzeno-venerdi-20-con-vescovo-lauro\/#article\",\"isPartOf\":{\"@id\":\"https:\/\/www.diocesitn.it\/area-testimonianza\/2023\/01\/12\/torna-la-settimana-di-preghiera-per-lunita-dei-cristiani-18-25-settembre-veglia-ecumenica-a-sanzeno-venerdi-20-con-vescovo-lauro\/\"},\"author\":{\"name\":\"Piergiorgio Franceschini\",\"@id\":\"https:\/\/www.diocesitn.it\/area-testimonianza\/#\/schema\/person\/99590c84577873a025247b6aeb16ad2e\"},\"headline\":\"Settimana di preghiera per l&#8217;unit\u00e0 dei cristiani (18-25 gennaio). Veglia ecumenica a Sanzeno venerd\u00ec 20 con vescovo Lauro. Guarda VIDEO del Consiglio di Chiese\",\"datePublished\":\"2023-01-12T09:03:38+00:00\",\"dateModified\":\"2024-12-18T08:58:18+00:00\",\"mainEntityOfPage\":{\"@id\":\"https:\/\/www.diocesitn.it\/area-testimonianza\/2023\/01\/12\/torna-la-settimana-di-preghiera-per-lunita-dei-cristiani-18-25-settembre-veglia-ecumenica-a-sanzeno-venerdi-20-con-vescovo-lauro\/\"},\"wordCount\":498,\"publisher\":{\"@id\":\"https:\/\/www.diocesitn.it\/area-testimonianza\/#organization\"},\"image\":{\"@id\":\"https:\/\/www.diocesitn.it\/area-testimonianza\/2023\/01\/12\/torna-la-settimana-di-preghiera-per-lunita-dei-cristiani-18-25-settembre-veglia-ecumenica-a-sanzeno-venerdi-20-con-vescovo-lauro\/#primaryimage\"},\"thumbnailUrl\":\"https:\/\/www.diocesitn.it\/area-testimonianza\/wp-content\/uploads\/sites\/37\/2023\/01\/veglia_ecumenica_sanzeno_23gen2022_2.jpg\",\"keywords\":[\"ecumenismo\",\"Sanzeno\",\"settimana di preghiera per l'unit\u00e0 dei cristiani\",\"Trento\"],\"articleSection\":[\"Ecumenismo e Dialogo interreligioso\",\"Notizie\"],\"inLanguage\":\"it-IT\",\"copyrightYear\":\"2023\",\"copyrightHolder\":{\"@id\":\"https:\/\/www.diocesitn.it\/#organization\"}},{\"@type\":\"WebPage\",\"@id\":\"https:\/\/www.diocesitn.it\/area-testimonianza\/2023\/01\/12\/torna-la-settimana-di-preghiera-per-lunita-dei-cristiani-18-25-settembre-veglia-ecumenica-a-sanzeno-venerdi-20-con-vescovo-lauro\/\",\"url\":\"https:\/\/www.diocesitn.it\/area-testimonianza\/2023\/01\/12\/torna-la-settimana-di-preghiera-per-lunita-dei-cristiani-18-25-settembre-veglia-ecumenica-a-sanzeno-venerdi-20-con-vescovo-lauro\/\",\"name\":\"Settimana di preghiera per l'unit\u00e0 dei cristiani (18-25 gennaio). Veglia ecumenica a Sanzeno venerd\u00ec 20 con vescovo Lauro. Guarda VIDEO del Consiglio di Chiese - Testimonianza e Impegno sociale\",\"isPartOf\":{\"@id\":\"https:\/\/www.diocesitn.it\/area-testimonianza\/#website\"},\"primaryImageOfPage\":{\"@id\":\"https:\/\/www.diocesitn.it\/area-testimonianza\/2023\/01\/12\/torna-la-settimana-di-preghiera-per-lunita-dei-cristiani-18-25-settembre-veglia-ecumenica-a-sanzeno-venerdi-20-con-vescovo-lauro\/#primaryimage\"},\"image\":{\"@id\":\"https:\/\/www.diocesitn.it\/area-testimonianza\/2023\/01\/12\/torna-la-settimana-di-preghiera-per-lunita-dei-cristiani-18-25-settembre-veglia-ecumenica-a-sanzeno-venerdi-20-con-vescovo-lauro\/#primaryimage\"},\"thumbnailUrl\":\"https:\/\/www.diocesitn.it\/area-testimonianza\/wp-content\/uploads\/sites\/37\/2023\/01\/veglia_ecumenica_sanzeno_23gen2022_2.jpg\",\"datePublished\":\"2023-01-12T09:03:38+00:00\",\"dateModified\":\"2024-12-18T08:58:18+00:00\",\"breadcrumb\":{\"@id\":\"https:\/\/www.diocesitn.it\/area-testimonianza\/2023\/01\/12\/torna-la-settimana-di-preghiera-per-lunita-dei-cristiani-18-25-settembre-veglia-ecumenica-a-sanzeno-venerdi-20-con-vescovo-lauro\/#breadcrumb\"},\"inLanguage\":\"it-IT\",\"potentialAction\":[{\"@type\":\"ReadAction\",\"target\":[\"https:\/\/www.diocesitn.it\/area-testimonianza\/2023\/01\/12\/torna-la-settimana-di-preghiera-per-lunita-dei-cristiani-18-25-settembre-veglia-ecumenica-a-sanzeno-venerdi-20-con-vescovo-lauro\/\"]}]},{\"@type\":\"ImageObject\",\"inLanguage\":\"it-IT\",\"@id\":\"https:\/\/www.diocesitn.it\/area-testimonianza\/2023\/01\/12\/torna-la-settimana-di-preghiera-per-lunita-dei-cristiani-18-25-settembre-veglia-ecumenica-a-sanzeno-venerdi-20-con-vescovo-lauro\/#primaryimage\",\"url\":\"https:\/\/www.diocesitn.it\/area-testimonianza\/wp-content\/uploads\/sites\/37\/2023\/01\/veglia_ecumenica_sanzeno_23gen2022_2.jpg\",\"contentUrl\":\"https:\/\/www.diocesitn.it\/area-testimonianza\/wp-content\/uploads\/sites\/37\/2023\/01\/veglia_ecumenica_sanzeno_23gen2022_2.jpg\",\"width\":1785,\"height\":923},{\"@type\":\"BreadcrumbList\",\"@id\":\"https:\/\/www.diocesitn.it\/area-testimonianza\/2023\/01\/12\/torna-la-settimana-di-preghiera-per-lunita-dei-cristiani-18-25-settembre-veglia-ecumenica-a-sanzeno-venerdi-20-con-vescovo-lauro\/#breadcrumb\",\"itemListElement\":[{\"@type\":\"ListItem\",\"position\":1,\"name\":\"Home\",\"item\":\"https:\/\/www.diocesitn.it\/area-testimonianza\/\"},{\"@type\":\"ListItem\",\"position\":2,\"name\":\"Settimana di preghiera per l&#8217;unit\u00e0 dei cristiani (18-25 gennaio). Veglia ecumenica a Sanzeno venerd\u00ec 20 con vescovo Lauro. Guarda VIDEO del Consiglio di Chiese\"}]},{\"@type\":\"WebSite\",\"@id\":\"https:\/\/www.diocesitn.it\/area-testimonianza\/#website\",\"url\":\"https:\/\/www.diocesitn.it\/area-testimonianza\/\",\"name\":\"Testimonianza e Impegno sociale\",\"description\":\"Chiesa di Trento\",\"publisher\":{\"@id\":\"https:\/\/www.diocesitn.it\/area-testimonianza\/#organization\"},\"potentialAction\":[{\"@type\":\"SearchAction\",\"target\":{\"@type\":\"EntryPoint\",\"urlTemplate\":\"https:\/\/www.diocesitn.it\/area-testimonianza\/?s={search_term_string}\"},\"query-input\":\"required name=search_term_string\"}],\"inLanguage\":\"it-IT\"},{\"@type\":[\"Organization\",\"Place\"],\"@id\":\"https:\/\/www.diocesitn.it\/area-testimonianza\/#organization\",\"name\":\"Area Testimonianza e Impegno Sociale - Chiesa di Trento\",\"url\":\"https:\/\/www.diocesitn.it\/area-testimonianza\/\",\"logo\":{\"@id\":\"https:\/\/www.diocesitn.it\/area-testimonianza\/2023\/01\/12\/torna-la-settimana-di-preghiera-per-lunita-dei-cristiani-18-25-settembre-veglia-ecumenica-a-sanzeno-venerdi-20-con-vescovo-lauro\/#local-main-organization-logo\"},\"image\":{\"@id\":\"https:\/\/www.diocesitn.it\/area-testimonianza\/2023\/01\/12\/torna-la-settimana-di-preghiera-per-lunita-dei-cristiani-18-25-settembre-veglia-ecumenica-a-sanzeno-venerdi-20-con-vescovo-lauro\/#local-main-organization-logo\"},\"openingHoursSpecification\":[{\"@type\":\"OpeningHoursSpecification\",\"dayOfWeek\":[\"Monday\",\"Tuesday\",\"Wednesday\",\"Thursday\",\"Friday\",\"Saturday\",\"Sunday\"],\"opens\":\"09:00\",\"closes\":\"17:00\"}]},{\"@type\":\"ImageObject\",\"inLanguage\":\"it-IT\",\"@id\":\"https:\/\/www.diocesitn.it\/area-testimonianza\/2023\/01\/12\/torna-la-settimana-di-preghiera-per-lunita-dei-cristiani-18-25-settembre-veglia-ecumenica-a-sanzeno-venerdi-20-con-vescovo-lauro\/#local-main-organization-logo\",\"url\":\"https:\/\/www.diocesitn.it\/area-testimonianza\/wp-content\/uploads\/sites\/37\/2021\/09\/og-logo-testimonianza-e-impegno-sociale.jpg\",\"contentUrl\":\"https:\/\/www.diocesitn.it\/area-testimonianza\/wp-content\/uploads\/sites\/37\/2021\/09\/og-logo-testimonianza-e-impegno-sociale.jpg\",\"width\":1200,\"height\":630,\"caption\":\"Area Testimonianza e Impegno Sociale - Chiesa di Trento\"}]}<\/script>\n<!-- \/ Yoast SEO Premium plugin. -->","yoast_head_json":{"title":"Settimana di preghiera per l'unit\u00e0 dei cristiani (18-25 gennaio). Veglia ecumenica a Sanzeno venerd\u00ec 20 con vescovo Lauro. Guarda VIDEO del Consiglio di Chiese - Testimonianza e Impegno sociale","robots":{"index":"index","follow":"follow","max-snippet":"max-snippet:-1","max-image-preview":"max-image-preview:large","max-video-preview":"max-video-preview:-1"},"canonical":"https:\/\/www.diocesitn.it\/area-testimonianza\/2023\/01\/12\/torna-la-settimana-di-preghiera-per-lunita-dei-cristiani-18-25-settembre-veglia-ecumenica-a-sanzeno-venerdi-20-con-vescovo-lauro\/","og_locale":"it_IT","og_type":"article","og_title":"Settimana di preghiera per l'unit\u00e0 dei cristiani (18-25 gennaio). Veglia ecumenica a Sanzeno venerd\u00ec 20 con vescovo Lauro. Guarda VIDEO del Consiglio di Chiese","og_description":"Torna dal 18 al 25 gennaio la Settimana di preghiera per l\u2019unit\u00e0 dei cristiani sul tema Imparate a fare il bene, cercate la giustizia (Isaia, 1,17). Una preghiera di stretta attualit\u00e0, soprattutto alla luce della","og_url":"https:\/\/www.diocesitn.it\/area-testimonianza\/2023\/01\/12\/torna-la-settimana-di-preghiera-per-lunita-dei-cristiani-18-25-settembre-veglia-ecumenica-a-sanzeno-venerdi-20-con-vescovo-lauro\/","og_site_name":"Testimonianza e Impegno sociale","article_published_time":"2023-01-12T09:03:38+00:00","article_modified_time":"2024-12-18T08:58:18+00:00","og_image":[{"width":1785,"height":923,"url":"https:\/\/www.diocesitn.it\/area-testimonianza\/wp-content\/uploads\/sites\/37\/2023\/01\/veglia_ecumenica_sanzeno_23gen2022_2.jpg","type":"image\/jpeg"}],"author":"Piergiorgio Franceschini","twitter_card":"summary_large_image","twitter_misc":{"Scritto da":"Piergiorgio Franceschini","Tempo di lettura stimato":"3 minuti"},"schema":{"@context":"https:\/\/schema.org","@graph":[{"@type":"Article","@id":"https:\/\/www.diocesitn.it\/area-testimonianza\/2023\/01\/12\/torna-la-settimana-di-preghiera-per-lunita-dei-cristiani-18-25-settembre-veglia-ecumenica-a-sanzeno-venerdi-20-con-vescovo-lauro\/#article","isPartOf":{"@id":"https:\/\/www.diocesitn.it\/area-testimonianza\/2023\/01\/12\/torna-la-settimana-di-preghiera-per-lunita-dei-cristiani-18-25-settembre-veglia-ecumenica-a-sanzeno-venerdi-20-con-vescovo-lauro\/"},"author":{"name":"Piergiorgio Franceschini","@id":"https:\/\/www.diocesitn.it\/area-testimonianza\/#\/schema\/person\/99590c84577873a025247b6aeb16ad2e"},"headline":"Settimana di preghiera per l&#8217;unit\u00e0 dei cristiani (18-25 gennaio). Veglia ecumenica a Sanzeno venerd\u00ec 20 con vescovo Lauro. Guarda VIDEO del Consiglio di Chiese","datePublished":"2023-01-12T09:03:38+00:00","dateModified":"2024-12-18T08:58:18+00:00","mainEntityOfPage":{"@id":"https:\/\/www.diocesitn.it\/area-testimonianza\/2023\/01\/12\/torna-la-settimana-di-preghiera-per-lunita-dei-cristiani-18-25-settembre-veglia-ecumenica-a-sanzeno-venerdi-20-con-vescovo-lauro\/"},"wordCount":498,"publisher":{"@id":"https:\/\/www.diocesitn.it\/area-testimonianza\/#organization"},"image":{"@id":"https:\/\/www.diocesitn.it\/area-testimonianza\/2023\/01\/12\/torna-la-settimana-di-preghiera-per-lunita-dei-cristiani-18-25-settembre-veglia-ecumenica-a-sanzeno-venerdi-20-con-vescovo-lauro\/#primaryimage"},"thumbnailUrl":"https:\/\/www.diocesitn.it\/area-testimonianza\/wp-content\/uploads\/sites\/37\/2023\/01\/veglia_ecumenica_sanzeno_23gen2022_2.jpg","keywords":["ecumenismo","Sanzeno","settimana di preghiera per l'unit\u00e0 dei cristiani","Trento"],"articleSection":["Ecumenismo e Dialogo interreligioso","Notizie"],"inLanguage":"it-IT","copyrightYear":"2023","copyrightHolder":{"@id":"https:\/\/www.diocesitn.it\/#organization"}},{"@type":"WebPage","@id":"https:\/\/www.diocesitn.it\/area-testimonianza\/2023\/01\/12\/torna-la-settimana-di-preghiera-per-lunita-dei-cristiani-18-25-settembre-veglia-ecumenica-a-sanzeno-venerdi-20-con-vescovo-lauro\/","url":"https:\/\/www.diocesitn.it\/area-testimonianza\/2023\/01\/12\/torna-la-settimana-di-preghiera-per-lunita-dei-cristiani-18-25-settembre-veglia-ecumenica-a-sanzeno-venerdi-20-con-vescovo-lauro\/","name":"Settimana di preghiera per l'unit\u00e0 dei cristiani (18-25 gennaio). Veglia ecumenica a Sanzeno venerd\u00ec 20 con vescovo Lauro. Guarda VIDEO del Consiglio di Chiese - Testimonianza e Impegno sociale","isPartOf":{"@id":"https:\/\/www.diocesitn.it\/area-testimonianza\/#website"},"primaryImageOfPage":{"@id":"https:\/\/www.diocesitn.it\/area-testimonianza\/2023\/01\/12\/torna-la-settimana-di-preghiera-per-lunita-dei-cristiani-18-25-settembre-veglia-ecumenica-a-sanzeno-venerdi-20-con-vescovo-lauro\/#primaryimage"},"image":{"@id":"https:\/\/www.diocesitn.it\/area-testimonianza\/2023\/01\/12\/torna-la-settimana-di-preghiera-per-lunita-dei-cristiani-18-25-settembre-veglia-ecumenica-a-sanzeno-venerdi-20-con-vescovo-lauro\/#primaryimage"},"thumbnailUrl":"https:\/\/www.diocesitn.it\/area-testimonianza\/wp-content\/uploads\/sites\/37\/2023\/01\/veglia_ecumenica_sanzeno_23gen2022_2.jpg","datePublished":"2023-01-12T09:03:38+00:00","dateModified":"2024-12-18T08:58:18+00:00","breadcrumb":{"@id":"https:\/\/www.diocesitn.it\/area-testimonianza\/2023\/01\/12\/torna-la-settimana-di-preghiera-per-lunita-dei-cristiani-18-25-settembre-veglia-ecumenica-a-sanzeno-venerdi-20-con-vescovo-lauro\/#breadcrumb"},"inLanguage":"it-IT","potentialAction":[{"@type":"ReadAction","target":["https:\/\/www.diocesitn.it\/area-testimonianza\/2023\/01\/12\/torna-la-settimana-di-preghiera-per-lunita-dei-cristiani-18-25-settembre-veglia-ecumenica-a-sanzeno-venerdi-20-con-vescovo-lauro\/"]}]},{"@type":"ImageObject","inLanguage":"it-IT","@id":"https:\/\/www.diocesitn.it\/area-testimonianza\/2023\/01\/12\/torna-la-settimana-di-preghiera-per-lunita-dei-cristiani-18-25-settembre-veglia-ecumenica-a-sanzeno-venerdi-20-con-vescovo-lauro\/#primaryimage","url":"https:\/\/www.diocesitn.it\/area-testimonianza\/wp-content\/uploads\/sites\/37\/2023\/01\/veglia_ecumenica_sanzeno_23gen2022_2.jpg","contentUrl":"https:\/\/www.diocesitn.it\/area-testimonianza\/wp-content\/uploads\/sites\/37\/2023\/01\/veglia_ecumenica_sanzeno_23gen2022_2.jpg","width":1785,"height":923},{"@type":"BreadcrumbList","@id":"https:\/\/www.diocesitn.it\/area-testimonianza\/2023\/01\/12\/torna-la-settimana-di-preghiera-per-lunita-dei-cristiani-18-25-settembre-veglia-ecumenica-a-sanzeno-venerdi-20-con-vescovo-lauro\/#breadcrumb","itemListElement":[{"@type":"ListItem","position":1,"name":"Home","item":"https:\/\/www.diocesitn.it\/area-testimonianza\/"},{"@type":"ListItem","position":2,"name":"Settimana di preghiera per l&#8217;unit\u00e0 dei cristiani (18-25 gennaio). Veglia ecumenica a Sanzeno venerd\u00ec 20 con vescovo Lauro. Guarda VIDEO del Consiglio di Chiese"}]},{"@type":"WebSite","@id":"https:\/\/www.diocesitn.it\/area-testimonianza\/#website","url":"https:\/\/www.diocesitn.it\/area-testimonianza\/","name":"Testimonianza e Impegno sociale","description":"Chiesa di Trento","publisher":{"@id":"https:\/\/www.diocesitn.it\/area-testimonianza\/#organization"},"potentialAction":[{"@type":"SearchAction","target":{"@type":"EntryPoint","urlTemplate":"https:\/\/www.diocesitn.it\/area-testimonianza\/?s={search_term_string}"},"query-input":"required name=search_term_string"}],"inLanguage":"it-IT"},{"@type":["Organization","Place"],"@id":"https:\/\/www.diocesitn.it\/area-testimonianza\/#organization","name":"Area Testimonianza e Impegno Sociale - Chiesa di Trento","url":"https:\/\/www.diocesitn.it\/area-testimonianza\/","logo":{"@id":"https:\/\/www.diocesitn.it\/area-testimonianza\/2023\/01\/12\/torna-la-settimana-di-preghiera-per-lunita-dei-cristiani-18-25-settembre-veglia-ecumenica-a-sanzeno-venerdi-20-con-vescovo-lauro\/#local-main-organization-logo"},"image":{"@id":"https:\/\/www.diocesitn.it\/area-testimonianza\/2023\/01\/12\/torna-la-settimana-di-preghiera-per-lunita-dei-cristiani-18-25-settembre-veglia-ecumenica-a-sanzeno-venerdi-20-con-vescovo-lauro\/#local-main-organization-logo"},"openingHoursSpecification":[{"@type":"OpeningHoursSpecification","dayOfWeek":["Monday","Tuesday","Wednesday","Thursday","Friday","Saturday","Sunday"],"opens":"09:00","closes":"17:00"}]},{"@type":"ImageObject","inLanguage":"it-IT","@id":"https:\/\/www.diocesitn.it\/area-testimonianza\/2023\/01\/12\/torna-la-settimana-di-preghiera-per-lunita-dei-cristiani-18-25-settembre-veglia-ecumenica-a-sanzeno-venerdi-20-con-vescovo-lauro\/#local-main-organization-logo","url":"https:\/\/www.diocesitn.it\/area-testimonianza\/wp-content\/uploads\/sites\/37\/2021\/09\/og-logo-testimonianza-e-impegno-sociale.jpg","contentUrl":"https:\/\/www.diocesitn.it\/area-testimonianza\/wp-content\/uploads\/sites\/37\/2021\/09\/og-logo-testimonianza-e-impegno-sociale.jpg","width":1200,"height":630,"caption":"Area Testimonianza e Impegno Sociale - Chiesa di Trento"}]}},"_links":{"self":[{"href":"https:\/\/www.diocesitn.it\/area-testimonianza\/wp-json\/wp\/v2\/posts\/12282","targetHints":{"allow":["GET"]}}],"collection":[{"href":"https:\/\/www.diocesitn.it\/area-testimonianza\/wp-json\/wp\/v2\/posts"}],"about":[{"href":"https:\/\/www.diocesitn.it\/area-testimonianza\/wp-json\/wp\/v2\/types\/post"}],"author":[{"embeddable":true,"href":"https:\/\/www.diocesitn.it\/area-testimonianza\/wp-json\/wp\/v2\/users\/3"}],"replies":[{"embeddable":true,"href":"https:\/\/www.diocesitn.it\/area-testimonianza\/wp-json\/wp\/v2\/comments?post=12282"}],"version-history":[{"count":3,"href":"https:\/\/www.diocesitn.it\/area-testimonianza\/wp-json\/wp\/v2\/posts\/12282\/revisions"}],"predecessor-version":[{"id":12363,"href":"https:\/\/www.diocesitn.it\/area-testimonianza\/wp-json\/wp\/v2\/posts\/12282\/revisions\/12363"}],"wp:featuredmedia":[{"embeddable":true,"href":"https:\/\/www.diocesitn.it\/area-testimonianza\/wp-json\/wp\/v2\/media\/12307"}],"wp:attachment":[{"href":"https:\/\/www.diocesitn.it\/area-testimonianza\/wp-json\/wp\/v2\/media?parent=12282"}],"wp:term":[{"taxonomy":"category","embeddable":true,"href":"https:\/\/www.diocesitn.it\/area-testimonianza\/wp-json\/wp\/v2\/categories?post=12282"},{"taxonomy":"post_tag","embeddable":true,"href":"https:\/\/www.diocesitn.it\/area-testimonianza\/wp-json\/wp\/v2\/tags?post=12282"}],"curies":[{"name":"wp","href":"https:\/\/api.w.org\/{rel}","templated":true}]}}