{"id":12195,"date":"2022-11-25T22:30:48","date_gmt":"2022-11-25T21:30:48","guid":{"rendered":"https:\/\/www.diocesitn.it\/area-testimonianza\/2022\/11\/25\/avvento-parrocchie-trentine-chiamate-ad-ascoltare-e-segnalare-il-disagio-nascosto\/"},"modified":"2024-11-14T11:25:17","modified_gmt":"2024-11-14T10:25:17","slug":"avvento-parrocchie-trentine-chiamate-ad-ascoltare-e-segnalare-il-disagio-nascosto","status":"publish","type":"post","link":"https:\/\/www.diocesitn.it\/area-testimonianza\/2022\/11\/25\/avvento-parrocchie-trentine-chiamate-ad-ascoltare-e-segnalare-il-disagio-nascosto\/","title":{"rendered":"Avvento, parrocchie trentine chiamate ad ascoltare (e segnalare) il disagio nascosto con &#8220;L&#8217;Anfora di comunit\u00e0&#8221;"},"content":{"rendered":"<p>La Diocesi di Trento, nel solco del secondo anno del Cammino sinodale, pone l\u2019<strong>ascolto al centro delle riflessioni del tempo di Avvento<\/strong>, al via da domani, <strong>domenica 27 novembre<\/strong>.<\/p>\n<p>A partire dalla rete territoriale dei <strong>gruppi Caritas<\/strong>, le comunit\u00e0 (ma anche associazioni e movimenti) sono invitate, cominciando dai giorni che conducono al Natale, a farsi \u201cantenna\u201d per captare situazioni, spesso nascoste, di povert\u00e0, disagio, solitudine, malattia di chi vive vicino a noi.<\/p>\n<p>Per facilitare l\u2019\u201d<strong>operazione-ascolto<\/strong>\u201d, la Chiesa trentina propone per il prossimo Avvento un\u2019iniziativa estesa a tutto il territorio diocesano dal titolo \u201c<strong>L\u2019Anfora di comunit\u00e0<\/strong>\u201d. Un\u2019anfora, appunto, collocata anzitutto nelle chiese, per raccogliere brevi riflessioni personali sul tema della fragilit\u00e0 e della sofferenza, segnalazioni generiche di difficolt\u00e0 di cui si \u00e8 a conoscenza, una preghiera dedicata a una particolare situazione di disagio, proporre soluzioni utili ad aiutare le persone e la comunit\u00e0 lungo il sentiero della carit\u00e0.<br \/>\nQualora si volessero evidenziare nel dettaglio <strong>situazioni particolari di fragilit\u00e0<\/strong>, \u00e8 consigliabile farlo <strong>direttamente al proprio parroco<\/strong> o ai <strong>referenti del Punto di ascolto Caritas del territorio<\/strong>.<\/p>\n<p>L\u2019Anfora di comunit\u00e0 \u00e8 un gesto concreto ma dal forte valore simbolico, per far s\u00ec che le comunit\u00e0 siano maggiormente attente alle fragilit\u00e0 che le abitano, spesso in modo nascosto.<br \/>\nCi sar\u00e0 un\u2019anfora posizionata <strong>in chiesa<\/strong>, ma ce ne saranno altre in<strong> diversi luoghi aggregativi della comunit\u00e0<\/strong>, del <strong>paese<\/strong> o del <strong>quartiere<\/strong>, cos\u00ec che a tutti sia possibile dare il proprio contributo con idee, segnalazioni, comunicazioni o pensieri.<br \/>\nRiflessioni e segnalazioni di vecchie e nuove \u201cpovert\u00e0\u201d saranno poi prese in esame, in primo luogo, dal <strong>Consiglio pastorale e dai gruppi Caritas<\/strong>, per estendere in seguito la riflessione a tutta la comunit\u00e0, intervenire materialmente laddove ce n&#8217;\u00e8 bisogno o individuare proposte e iniziative formative da perseguire.<\/p>\n<p>Per sapere dove sono collocate le anfore sul tuo territorio verifica nella parrocchia pi\u00f9 vicina o segui nelle prossime settimane l&#8217;aggiornamento sul sito diocesano.<\/p>\n<p><strong>Si pu\u00f2 dare il proprio contributo a &#8220;L&#8217;Anfora di comunit\u00e0&#8221; anche compilando il form online al seguente<\/strong> <strong><a href=\"https:\/\/forms.office.com\/r\/jX1PdpHNYu\"><span style=\"text-decoration: underline\">LINK<\/span><\/a>.\u00a0<\/strong><\/p>\n<p>Scarica <strong>LOCANDINE<\/strong> (<span style=\"text-decoration: underline\"><a href=\"https:\/\/www.diocesitn.it\/wp-content\/uploads\/sites\/37\/2022\/11\/LOC-A4-Anfora-di-comunita-generale.pdf\">generale<\/a><\/span> e <a href=\"https:\/\/www.diocesitn.it\/wp-content\/uploads\/sites\/37\/2022\/11\/LOC-A4-Anfora-di-comunita-personalizzata.pdf\"><span style=\"text-decoration: underline\">personalizzabile<\/span><\/a>) e file A4 con <a href=\"https:\/\/www.diocesitn.it\/wp-content\/uploads\/sites\/37\/2022\/11\/Anfora-di-comunita-descrizione.pdf\">DESCRIZIONE<\/a>.<\/p>\n<p>Nelle foto: chiese di Madonna della Pace (Trento) e Santa Croce (Rovereto).<\/p>\n\n\n\t\t<style type='text\/css'>\n\n\t\t\t\/* PhotoSwipe Plugin *\/\n\t\t\t.psgal {\n\t\t\t\tmargin: auto;\n\t\t\t\tpadding-bottom:40px;\n\n\t\t\t\t-webkit-transition: all 0.4s ease;\n\t\t\t\t-moz-transition: all 0.4s ease;\n\t\t\t\t-o-transition: all 0.4s ease;\n\t\t\t\ttransition: all 0.4s ease;\n\t\t\t}\n\n\t\t\t.psgal figure {\n\t\t\t\tfloat: left;\n\t\t\t\ttext-align: center;\n    \t\t\twidth: 200px;\n                max-width: 50%;\n\t\t\t\tpadding:5px;\n\t\t\t\tmargin: 0px;\n\t\t\t\tbox-sizing:border-box;\n\t\t\t}\n\t\t\t.psgal a{\n\t\t\t\tdisplay:block;\n\t\t\t}\n\t\t\t.psgal figure figcaption{\n\t\t\t\tfont-size:13px;\n\t\t\t}\n\n\t\t\t.msnry{\n\t\t\t\tmargin:auto;\n\t\t\t}\n\t\t\t.pswp__caption__center{\n\t\t\t\ttext-align: center;\n\t\t\t}\n\t\t\t\n\n\t\t\t.photoswipe-gallery-caption{\n\t\t\t\tdisplay:none;\n\t\t\t}\n\n\t\t\t\n\t\t<\/style> <div style=\"clear:both\"><\/div>\n\n\t\t<div id=\"psgal_12195_1\" class=\"ps-gallery psgal gallery-columns-3 gallery-size-thumbnail\" itemscope itemtype=\"http:\/\/schema.org\/ImageGallery\" >\n\t\t\t\t<figure class=\"msnry_item\" itemscope itemtype=\"http:\/\/schema.org\/ImageObject\">\n\t\t\t\t\t<a href=\"https:\/\/www.diocesitn.it\/area-testimonianza\/wp-content\/uploads\/sites\/37\/2022\/11\/F978E058-7755-4047-89C5-4C75486D9596-1024x768.jpeg\"\n\t\t\t\t\titemprop=\"contentUrl\"\n\t\t\t\t\tdata-pswp-width=\"800\" \n\t\t\t\t    data-pswp-height=\"600\" \n\t\t\t\t    data-cropped=\"true\"\n\t\t\t\t\tdata-caption=\"Madonna della Pace (TN)\"\n\t\t\t\t\tclass=\"post-thumbnail-image-link container-fixed-aspect-ratio__16-9\">\n\t\t\t\t        <img src=https:\/\/www.diocesitn.it\/area-testimonianza\/wp-content\/uploads\/sites\/37\/2022\/11\/F978E058-7755-4047-89C5-4C75486D9596-300x225.jpeg itemprop=\"thumbnail\" alt=\"\"  \/>\n\t\t\t\t    <\/a>\n\t\t\t\t    <figcaption class=\"photoswipe-gallery-caption\" >Madonna della Pace (TN)<\/figcaption>\n\t\t\t    <\/figure>\n\t\t\t\t\n\t\t\t\t<figure class=\"msnry_item\" itemscope itemtype=\"http:\/\/schema.org\/ImageObject\">\n\t\t\t\t\t<a href=\"https:\/\/www.diocesitn.it\/area-testimonianza\/wp-content\/uploads\/sites\/37\/2022\/11\/60482B75-5BD7-4309-BA73-1A0C74590CCD-768x1024.jpeg\"\n\t\t\t\t\titemprop=\"contentUrl\"\n\t\t\t\t\tdata-pswp-width=\"768\" \n\t\t\t\t    data-pswp-height=\"1024\" \n\t\t\t\t    data-cropped=\"true\"\n\t\t\t\t\tdata-caption=\"Madonna della Pace (TN)\"\n\t\t\t\t\tclass=\"post-thumbnail-image-link container-fixed-aspect-ratio__16-9\">\n\t\t\t\t        <img src=https:\/\/www.diocesitn.it\/area-testimonianza\/wp-content\/uploads\/sites\/37\/2022\/11\/60482B75-5BD7-4309-BA73-1A0C74590CCD-225x300.jpeg itemprop=\"thumbnail\" alt=\"\"  \/>\n\t\t\t\t    <\/a>\n\t\t\t\t    <figcaption class=\"photoswipe-gallery-caption\" >Madonna della Pace (TN)<\/figcaption>\n\t\t\t    <\/figure>\n\t\t\t\t\n\t\t\t\t<figure class=\"msnry_item\" itemscope itemtype=\"http:\/\/schema.org\/ImageObject\">\n\t\t\t\t\t<a href=\"https:\/\/www.diocesitn.it\/area-testimonianza\/wp-content\/uploads\/sites\/37\/2022\/11\/anfora_santa_croce-e1669449879388-1024x762.jpg\"\n\t\t\t\t\titemprop=\"contentUrl\"\n\t\t\t\t\tdata-pswp-width=\"800\" \n\t\t\t\t    data-pswp-height=\"595\" \n\t\t\t\t    data-cropped=\"true\"\n\t\t\t\t\tdata-caption=\"Santa Croce (Rovereto)\"\n\t\t\t\t\tclass=\"post-thumbnail-image-link container-fixed-aspect-ratio__16-9\">\n\t\t\t\t        <img src=https:\/\/www.diocesitn.it\/area-testimonianza\/wp-content\/uploads\/sites\/37\/2022\/11\/anfora_santa_croce-e1669449879388-300x223.jpg itemprop=\"thumbnail\" alt=\"\"  \/>\n\t\t\t\t    <\/a>\n\t\t\t\t    <figcaption class=\"photoswipe-gallery-caption\" >Santa Croce (Rovereto)<\/figcaption>\n\t\t\t    <\/figure>\n\t\t\t\t<\/div>\n\t\t<div style='clear:both'><\/div>\n\t\n<p>&nbsp;<\/p>\n<p>&nbsp;<\/p>\n","protected":false},"excerpt":{"rendered":"<p>La Diocesi di Trento, nel solco del secondo anno del Cammino sinodale, pone l\u2019ascolto al centro delle riflessioni del tempo di Avvento, al via da domani, domenica 27 novembre. A partire dalla rete territoriale dei<\/p>\n","protected":false},"author":3,"featured_media":0,"comment_status":"closed","ping_status":"closed","sticky":false,"template":"","format":"standard","meta":{"footnotes":""},"categories":[1059,1074],"tags":[2049,1515],"class_list":["post-12195","post","type-post","status-publish","format-standard","hentry","category-servizio-caritas","category-notizie","tag-anfora-di-comunita","tag-avvento"],"acf":{"seed-localization-paese-cod":"IT","seed-localization-address":"","seed-localization-citta":"","seed-localization-regione-cod-istat":"04","seed-localization-citta-cod-istat":"022205","seed-localization-localita":"","seed-localization-cap":"","seed-localization-marker-visibility":false,"seed-localization-children-visibility":false,"seed-localization-kml":"","seed-localization-custom-marker":""},"yoast_head":"<!-- This site is optimized with the Yoast SEO Premium plugin v20.2.1 (Yoast SEO v22.2) - https:\/\/yoast.com\/wordpress\/plugins\/seo\/ -->\n<title>Avvento, parrocchie trentine chiamate ad ascoltare (e segnalare) il disagio nascosto con &quot;L&#039;Anfora di comunit\u00e0&quot; - Testimonianza e Impegno sociale<\/title>\n<meta name=\"robots\" content=\"index, follow, max-snippet:-1, max-image-preview:large, max-video-preview:-1\" \/>\n<link rel=\"canonical\" href=\"https:\/\/www.diocesitn.it\/area-testimonianza\/2022\/11\/25\/avvento-parrocchie-trentine-chiamate-ad-ascoltare-e-segnalare-il-disagio-nascosto\/\" \/>\n<meta property=\"og:locale\" content=\"it_IT\" \/>\n<meta property=\"og:type\" content=\"article\" \/>\n<meta property=\"og:title\" content=\"Avvento, parrocchie trentine chiamate ad ascoltare (e segnalare) il disagio nascosto con &quot;L&#039;Anfora di comunit\u00e0&quot;\" \/>\n<meta property=\"og:description\" content=\"La Diocesi di Trento, nel solco del secondo anno del Cammino sinodale, pone l\u2019ascolto al centro delle riflessioni del tempo di Avvento, al via da domani, domenica 27 novembre. A partire dalla rete territoriale dei\" \/>\n<meta property=\"og:url\" content=\"https:\/\/www.diocesitn.it\/area-testimonianza\/2022\/11\/25\/avvento-parrocchie-trentine-chiamate-ad-ascoltare-e-segnalare-il-disagio-nascosto\/\" \/>\n<meta property=\"og:site_name\" content=\"Testimonianza e Impegno sociale\" \/>\n<meta property=\"article:published_time\" content=\"2022-11-25T21:30:48+00:00\" \/>\n<meta property=\"article:modified_time\" content=\"2024-11-14T10:25:17+00:00\" \/>\n<meta property=\"og:image\" content=\"https:\/\/www.diocesitn.it\/area-testimonianza\/wp-content\/uploads\/sites\/37\/2021\/09\/og-logo-testimonianza-e-impegno-sociale.jpg\" \/>\n\t<meta property=\"og:image:width\" content=\"1200\" \/>\n\t<meta property=\"og:image:height\" content=\"630\" \/>\n\t<meta property=\"og:image:type\" content=\"image\/jpeg\" \/>\n<meta name=\"author\" content=\"Piergiorgio Franceschini\" \/>\n<meta name=\"twitter:card\" content=\"summary_large_image\" \/>\n<meta name=\"twitter:label1\" content=\"Scritto da\" \/>\n\t<meta name=\"twitter:data1\" content=\"Piergiorgio Franceschini\" \/>\n\t<meta name=\"twitter:label2\" content=\"Tempo di lettura stimato\" \/>\n\t<meta name=\"twitter:data2\" content=\"2 minuti\" \/>\n<script type=\"application\/ld+json\" class=\"yoast-schema-graph\">{\"@context\":\"https:\/\/schema.org\",\"@graph\":[{\"@type\":\"Article\",\"@id\":\"https:\/\/www.diocesitn.it\/area-testimonianza\/2022\/11\/25\/avvento-parrocchie-trentine-chiamate-ad-ascoltare-e-segnalare-il-disagio-nascosto\/#article\",\"isPartOf\":{\"@id\":\"https:\/\/www.diocesitn.it\/area-testimonianza\/2022\/11\/25\/avvento-parrocchie-trentine-chiamate-ad-ascoltare-e-segnalare-il-disagio-nascosto\/\"},\"author\":{\"name\":\"Piergiorgio Franceschini\",\"@id\":\"https:\/\/www.diocesitn.it\/area-testimonianza\/#\/schema\/person\/99590c84577873a025247b6aeb16ad2e\"},\"headline\":\"Avvento, parrocchie trentine chiamate ad ascoltare (e segnalare) il disagio nascosto con &#8220;L&#8217;Anfora di comunit\u00e0&#8221;\",\"datePublished\":\"2022-11-25T21:30:48+00:00\",\"dateModified\":\"2024-11-14T10:25:17+00:00\",\"mainEntityOfPage\":{\"@id\":\"https:\/\/www.diocesitn.it\/area-testimonianza\/2022\/11\/25\/avvento-parrocchie-trentine-chiamate-ad-ascoltare-e-segnalare-il-disagio-nascosto\/\"},\"wordCount\":375,\"publisher\":{\"@id\":\"https:\/\/www.diocesitn.it\/area-testimonianza\/#organization\"},\"keywords\":[\"anfora di comunit\u00e0\",\"avvento\"],\"articleSection\":[\"Caritas diocesana\",\"Notizie\"],\"inLanguage\":\"it-IT\",\"copyrightYear\":\"2022\",\"copyrightHolder\":{\"@id\":\"https:\/\/www.diocesitn.it\/#organization\"}},{\"@type\":\"WebPage\",\"@id\":\"https:\/\/www.diocesitn.it\/area-testimonianza\/2022\/11\/25\/avvento-parrocchie-trentine-chiamate-ad-ascoltare-e-segnalare-il-disagio-nascosto\/\",\"url\":\"https:\/\/www.diocesitn.it\/area-testimonianza\/2022\/11\/25\/avvento-parrocchie-trentine-chiamate-ad-ascoltare-e-segnalare-il-disagio-nascosto\/\",\"name\":\"Avvento, parrocchie trentine chiamate ad ascoltare (e segnalare) il disagio nascosto con \\\"L'Anfora di comunit\u00e0\\\" - Testimonianza e Impegno sociale\",\"isPartOf\":{\"@id\":\"https:\/\/www.diocesitn.it\/area-testimonianza\/#website\"},\"datePublished\":\"2022-11-25T21:30:48+00:00\",\"dateModified\":\"2024-11-14T10:25:17+00:00\",\"breadcrumb\":{\"@id\":\"https:\/\/www.diocesitn.it\/area-testimonianza\/2022\/11\/25\/avvento-parrocchie-trentine-chiamate-ad-ascoltare-e-segnalare-il-disagio-nascosto\/#breadcrumb\"},\"inLanguage\":\"it-IT\",\"potentialAction\":[{\"@type\":\"ReadAction\",\"target\":[\"https:\/\/www.diocesitn.it\/area-testimonianza\/2022\/11\/25\/avvento-parrocchie-trentine-chiamate-ad-ascoltare-e-segnalare-il-disagio-nascosto\/\"]}]},{\"@type\":\"BreadcrumbList\",\"@id\":\"https:\/\/www.diocesitn.it\/area-testimonianza\/2022\/11\/25\/avvento-parrocchie-trentine-chiamate-ad-ascoltare-e-segnalare-il-disagio-nascosto\/#breadcrumb\",\"itemListElement\":[{\"@type\":\"ListItem\",\"position\":1,\"name\":\"Home\",\"item\":\"https:\/\/www.diocesitn.it\/area-testimonianza\/\"},{\"@type\":\"ListItem\",\"position\":2,\"name\":\"Avvento, parrocchie trentine chiamate ad ascoltare (e segnalare) il disagio nascosto con &#8220;L&#8217;Anfora di comunit\u00e0&#8221;\"}]},{\"@type\":\"WebSite\",\"@id\":\"https:\/\/www.diocesitn.it\/area-testimonianza\/#website\",\"url\":\"https:\/\/www.diocesitn.it\/area-testimonianza\/\",\"name\":\"Testimonianza e Impegno sociale\",\"description\":\"Chiesa di Trento\",\"publisher\":{\"@id\":\"https:\/\/www.diocesitn.it\/area-testimonianza\/#organization\"},\"potentialAction\":[{\"@type\":\"SearchAction\",\"target\":{\"@type\":\"EntryPoint\",\"urlTemplate\":\"https:\/\/www.diocesitn.it\/area-testimonianza\/?s={search_term_string}\"},\"query-input\":\"required name=search_term_string\"}],\"inLanguage\":\"it-IT\"},{\"@type\":[\"Organization\",\"Place\"],\"@id\":\"https:\/\/www.diocesitn.it\/area-testimonianza\/#organization\",\"name\":\"Area Testimonianza e Impegno Sociale - Chiesa di Trento\",\"url\":\"https:\/\/www.diocesitn.it\/area-testimonianza\/\",\"logo\":{\"@id\":\"https:\/\/www.diocesitn.it\/area-testimonianza\/2022\/11\/25\/avvento-parrocchie-trentine-chiamate-ad-ascoltare-e-segnalare-il-disagio-nascosto\/#local-main-organization-logo\"},\"image\":{\"@id\":\"https:\/\/www.diocesitn.it\/area-testimonianza\/2022\/11\/25\/avvento-parrocchie-trentine-chiamate-ad-ascoltare-e-segnalare-il-disagio-nascosto\/#local-main-organization-logo\"},\"openingHoursSpecification\":[{\"@type\":\"OpeningHoursSpecification\",\"dayOfWeek\":[\"Monday\",\"Tuesday\",\"Wednesday\",\"Thursday\",\"Friday\",\"Saturday\",\"Sunday\"],\"opens\":\"09:00\",\"closes\":\"17:00\"}]},{\"@type\":\"ImageObject\",\"inLanguage\":\"it-IT\",\"@id\":\"https:\/\/www.diocesitn.it\/area-testimonianza\/2022\/11\/25\/avvento-parrocchie-trentine-chiamate-ad-ascoltare-e-segnalare-il-disagio-nascosto\/#local-main-organization-logo\",\"url\":\"https:\/\/www.diocesitn.it\/area-testimonianza\/wp-content\/uploads\/sites\/37\/2021\/09\/og-logo-testimonianza-e-impegno-sociale.jpg\",\"contentUrl\":\"https:\/\/www.diocesitn.it\/area-testimonianza\/wp-content\/uploads\/sites\/37\/2021\/09\/og-logo-testimonianza-e-impegno-sociale.jpg\",\"width\":1200,\"height\":630,\"caption\":\"Area Testimonianza e Impegno Sociale - Chiesa di Trento\"}]}<\/script>\n<!-- \/ Yoast SEO Premium plugin. -->","yoast_head_json":{"title":"Avvento, parrocchie trentine chiamate ad ascoltare (e segnalare) il disagio nascosto con \"L'Anfora di comunit\u00e0\" - Testimonianza e Impegno sociale","robots":{"index":"index","follow":"follow","max-snippet":"max-snippet:-1","max-image-preview":"max-image-preview:large","max-video-preview":"max-video-preview:-1"},"canonical":"https:\/\/www.diocesitn.it\/area-testimonianza\/2022\/11\/25\/avvento-parrocchie-trentine-chiamate-ad-ascoltare-e-segnalare-il-disagio-nascosto\/","og_locale":"it_IT","og_type":"article","og_title":"Avvento, parrocchie trentine chiamate ad ascoltare (e segnalare) il disagio nascosto con \"L'Anfora di comunit\u00e0\"","og_description":"La Diocesi di Trento, nel solco del secondo anno del Cammino sinodale, pone l\u2019ascolto al centro delle riflessioni del tempo di Avvento, al via da domani, domenica 27 novembre. A partire dalla rete territoriale dei","og_url":"https:\/\/www.diocesitn.it\/area-testimonianza\/2022\/11\/25\/avvento-parrocchie-trentine-chiamate-ad-ascoltare-e-segnalare-il-disagio-nascosto\/","og_site_name":"Testimonianza e Impegno sociale","article_published_time":"2022-11-25T21:30:48+00:00","article_modified_time":"2024-11-14T10:25:17+00:00","og_image":[{"width":1200,"height":630,"url":"https:\/\/www.diocesitn.it\/area-testimonianza\/wp-content\/uploads\/sites\/37\/2021\/09\/og-logo-testimonianza-e-impegno-sociale.jpg","type":"image\/jpeg"}],"author":"Piergiorgio Franceschini","twitter_card":"summary_large_image","twitter_misc":{"Scritto da":"Piergiorgio Franceschini","Tempo di lettura stimato":"2 minuti"},"schema":{"@context":"https:\/\/schema.org","@graph":[{"@type":"Article","@id":"https:\/\/www.diocesitn.it\/area-testimonianza\/2022\/11\/25\/avvento-parrocchie-trentine-chiamate-ad-ascoltare-e-segnalare-il-disagio-nascosto\/#article","isPartOf":{"@id":"https:\/\/www.diocesitn.it\/area-testimonianza\/2022\/11\/25\/avvento-parrocchie-trentine-chiamate-ad-ascoltare-e-segnalare-il-disagio-nascosto\/"},"author":{"name":"Piergiorgio Franceschini","@id":"https:\/\/www.diocesitn.it\/area-testimonianza\/#\/schema\/person\/99590c84577873a025247b6aeb16ad2e"},"headline":"Avvento, parrocchie trentine chiamate ad ascoltare (e segnalare) il disagio nascosto con &#8220;L&#8217;Anfora di comunit\u00e0&#8221;","datePublished":"2022-11-25T21:30:48+00:00","dateModified":"2024-11-14T10:25:17+00:00","mainEntityOfPage":{"@id":"https:\/\/www.diocesitn.it\/area-testimonianza\/2022\/11\/25\/avvento-parrocchie-trentine-chiamate-ad-ascoltare-e-segnalare-il-disagio-nascosto\/"},"wordCount":375,"publisher":{"@id":"https:\/\/www.diocesitn.it\/area-testimonianza\/#organization"},"keywords":["anfora di comunit\u00e0","avvento"],"articleSection":["Caritas diocesana","Notizie"],"inLanguage":"it-IT","copyrightYear":"2022","copyrightHolder":{"@id":"https:\/\/www.diocesitn.it\/#organization"}},{"@type":"WebPage","@id":"https:\/\/www.diocesitn.it\/area-testimonianza\/2022\/11\/25\/avvento-parrocchie-trentine-chiamate-ad-ascoltare-e-segnalare-il-disagio-nascosto\/","url":"https:\/\/www.diocesitn.it\/area-testimonianza\/2022\/11\/25\/avvento-parrocchie-trentine-chiamate-ad-ascoltare-e-segnalare-il-disagio-nascosto\/","name":"Avvento, parrocchie trentine chiamate ad ascoltare (e segnalare) il disagio nascosto con \"L'Anfora di comunit\u00e0\" - Testimonianza e Impegno sociale","isPartOf":{"@id":"https:\/\/www.diocesitn.it\/area-testimonianza\/#website"},"datePublished":"2022-11-25T21:30:48+00:00","dateModified":"2024-11-14T10:25:17+00:00","breadcrumb":{"@id":"https:\/\/www.diocesitn.it\/area-testimonianza\/2022\/11\/25\/avvento-parrocchie-trentine-chiamate-ad-ascoltare-e-segnalare-il-disagio-nascosto\/#breadcrumb"},"inLanguage":"it-IT","potentialAction":[{"@type":"ReadAction","target":["https:\/\/www.diocesitn.it\/area-testimonianza\/2022\/11\/25\/avvento-parrocchie-trentine-chiamate-ad-ascoltare-e-segnalare-il-disagio-nascosto\/"]}]},{"@type":"BreadcrumbList","@id":"https:\/\/www.diocesitn.it\/area-testimonianza\/2022\/11\/25\/avvento-parrocchie-trentine-chiamate-ad-ascoltare-e-segnalare-il-disagio-nascosto\/#breadcrumb","itemListElement":[{"@type":"ListItem","position":1,"name":"Home","item":"https:\/\/www.diocesitn.it\/area-testimonianza\/"},{"@type":"ListItem","position":2,"name":"Avvento, parrocchie trentine chiamate ad ascoltare (e segnalare) il disagio nascosto con &#8220;L&#8217;Anfora di comunit\u00e0&#8221;"}]},{"@type":"WebSite","@id":"https:\/\/www.diocesitn.it\/area-testimonianza\/#website","url":"https:\/\/www.diocesitn.it\/area-testimonianza\/","name":"Testimonianza e Impegno sociale","description":"Chiesa di Trento","publisher":{"@id":"https:\/\/www.diocesitn.it\/area-testimonianza\/#organization"},"potentialAction":[{"@type":"SearchAction","target":{"@type":"EntryPoint","urlTemplate":"https:\/\/www.diocesitn.it\/area-testimonianza\/?s={search_term_string}"},"query-input":"required name=search_term_string"}],"inLanguage":"it-IT"},{"@type":["Organization","Place"],"@id":"https:\/\/www.diocesitn.it\/area-testimonianza\/#organization","name":"Area Testimonianza e Impegno Sociale - Chiesa di Trento","url":"https:\/\/www.diocesitn.it\/area-testimonianza\/","logo":{"@id":"https:\/\/www.diocesitn.it\/area-testimonianza\/2022\/11\/25\/avvento-parrocchie-trentine-chiamate-ad-ascoltare-e-segnalare-il-disagio-nascosto\/#local-main-organization-logo"},"image":{"@id":"https:\/\/www.diocesitn.it\/area-testimonianza\/2022\/11\/25\/avvento-parrocchie-trentine-chiamate-ad-ascoltare-e-segnalare-il-disagio-nascosto\/#local-main-organization-logo"},"openingHoursSpecification":[{"@type":"OpeningHoursSpecification","dayOfWeek":["Monday","Tuesday","Wednesday","Thursday","Friday","Saturday","Sunday"],"opens":"09:00","closes":"17:00"}]},{"@type":"ImageObject","inLanguage":"it-IT","@id":"https:\/\/www.diocesitn.it\/area-testimonianza\/2022\/11\/25\/avvento-parrocchie-trentine-chiamate-ad-ascoltare-e-segnalare-il-disagio-nascosto\/#local-main-organization-logo","url":"https:\/\/www.diocesitn.it\/area-testimonianza\/wp-content\/uploads\/sites\/37\/2021\/09\/og-logo-testimonianza-e-impegno-sociale.jpg","contentUrl":"https:\/\/www.diocesitn.it\/area-testimonianza\/wp-content\/uploads\/sites\/37\/2021\/09\/og-logo-testimonianza-e-impegno-sociale.jpg","width":1200,"height":630,"caption":"Area Testimonianza e Impegno Sociale - Chiesa di Trento"}]}},"_links":{"self":[{"href":"https:\/\/www.diocesitn.it\/area-testimonianza\/wp-json\/wp\/v2\/posts\/12195","targetHints":{"allow":["GET"]}}],"collection":[{"href":"https:\/\/www.diocesitn.it\/area-testimonianza\/wp-json\/wp\/v2\/posts"}],"about":[{"href":"https:\/\/www.diocesitn.it\/area-testimonianza\/wp-json\/wp\/v2\/types\/post"}],"author":[{"embeddable":true,"href":"https:\/\/www.diocesitn.it\/area-testimonianza\/wp-json\/wp\/v2\/users\/3"}],"replies":[{"embeddable":true,"href":"https:\/\/www.diocesitn.it\/area-testimonianza\/wp-json\/wp\/v2\/comments?post=12195"}],"version-history":[{"count":1,"href":"https:\/\/www.diocesitn.it\/area-testimonianza\/wp-json\/wp\/v2\/posts\/12195\/revisions"}],"predecessor-version":[{"id":12200,"href":"https:\/\/www.diocesitn.it\/area-testimonianza\/wp-json\/wp\/v2\/posts\/12195\/revisions\/12200"}],"wp:attachment":[{"href":"https:\/\/www.diocesitn.it\/area-testimonianza\/wp-json\/wp\/v2\/media?parent=12195"}],"wp:term":[{"taxonomy":"category","embeddable":true,"href":"https:\/\/www.diocesitn.it\/area-testimonianza\/wp-json\/wp\/v2\/categories?post=12195"},{"taxonomy":"post_tag","embeddable":true,"href":"https:\/\/www.diocesitn.it\/area-testimonianza\/wp-json\/wp\/v2\/tags?post=12195"}],"curies":[{"name":"wp","href":"https:\/\/api.w.org\/{rel}","templated":true}]}}