{"id":12142,"date":"2022-11-16T12:04:17","date_gmt":"2022-11-16T11:04:17","guid":{"rendered":"https:\/\/www.diocesitn.it\/area-testimonianza\/?p=12142"},"modified":"2024-04-05T09:45:42","modified_gmt":"2024-04-05T07:45:42","slug":"una-strada-da-fare-insieme-un-momento-di-spiritualita-dellarea-testimonianza-e-impegno-sociale","status":"publish","type":"post","link":"https:\/\/www.diocesitn.it\/area-testimonianza\/2022\/11\/16\/una-strada-da-fare-insieme-un-momento-di-spiritualita-dellarea-testimonianza-e-impegno-sociale\/","title":{"rendered":"\u201dUna strada da fare insieme\u201d, un momento di spiritualit\u00e0 dell\u2019Area Testimonianza e impegno sociale"},"content":{"rendered":"<p><span style=\"color: #000000;font-family: Calibri, sans-serif\"><a href=\"https:\/\/www.diocesitn.it\/area-testimonianza\/wp-content\/uploads\/sites\/37\/2022\/11\/Spiritualita-26-novembre-2022-1-scaled.jpg\"><img loading=\"lazy\" decoding=\"async\" class=\"size-medium wp-image-12145 alignleft\" src=\"https:\/\/www.diocesitn.it\/area-testimonianza\/wp-content\/uploads\/sites\/37\/2022\/11\/Spiritualita-26-novembre-2022-1-300x212.jpg\" alt=\"\" width=\"300\" height=\"212\" srcset=\"https:\/\/www.diocesitn.it\/area-testimonianza\/wp-content\/uploads\/sites\/37\/2022\/11\/Spiritualita-26-novembre-2022-1-300x212.jpg 300w, https:\/\/www.diocesitn.it\/area-testimonianza\/wp-content\/uploads\/sites\/37\/2022\/11\/Spiritualita-26-novembre-2022-1-1024x724.jpg 1024w, https:\/\/www.diocesitn.it\/area-testimonianza\/wp-content\/uploads\/sites\/37\/2022\/11\/Spiritualita-26-novembre-2022-1-768x543.jpg 768w, https:\/\/www.diocesitn.it\/area-testimonianza\/wp-content\/uploads\/sites\/37\/2022\/11\/Spiritualita-26-novembre-2022-1-360x255.jpg 360w, https:\/\/www.diocesitn.it\/area-testimonianza\/wp-content\/uploads\/sites\/37\/2022\/11\/Spiritualita-26-novembre-2022-1-1536x1086.jpg 1536w, https:\/\/www.diocesitn.it\/area-testimonianza\/wp-content\/uploads\/sites\/37\/2022\/11\/Spiritualita-26-novembre-2022-1-2048x1448.jpg 2048w, https:\/\/www.diocesitn.it\/area-testimonianza\/wp-content\/uploads\/sites\/37\/2022\/11\/Spiritualita-26-novembre-2022-1-800x566.jpg 800w, https:\/\/www.diocesitn.it\/area-testimonianza\/wp-content\/uploads\/sites\/37\/2022\/11\/Spiritualita-26-novembre-2022-1-1200x849.jpg 1200w, https:\/\/www.diocesitn.it\/area-testimonianza\/wp-content\/uploads\/sites\/37\/2022\/11\/Spiritualita-26-novembre-2022-1-1320x933.jpg 1320w\" sizes=\"auto, (max-width: 300px) 100vw, 300px\" \/><\/a><\/span><\/p>\n<p><span style=\"color: #000000;font-family: Calibri, sans-serif\">\u201d<\/span><b style=\"color: #000000;font-family: Calibri, sans-serif\">Una strada da fare insieme\u201d <\/b><span style=\"color: #000000;font-family: Calibri, sans-serif\">il momento di spiritualit\u00e0 dell\u2019Area Testimonianza e impegno sociale <\/span><span style=\"color: #000000;font-family: Calibri, sans-serif\">con don Cristiano Bettega.<\/span><\/p>\n<p class=\"Default\"><b><span style=\"font-family: 'Calibri',sans-serif;color: windowtext\">sabato 26 novembre ore 9.30 <\/span><\/b><\/p>\n<p class=\"Default\"><b><span style=\"font-family: 'Calibri',sans-serif;color: windowtext\">a Trento presso la Chiesa Madonna della Pace <\/span><\/b><span style=\"font-family: 'Calibri',sans-serif;color: windowtext\">(<\/span><span style=\"font-family: 'Calibri',sans-serif;color: windowtext\">via Antonio Detassis, 12).<\/span><\/p>\n<p class=\"Default\"><span style=\"color: windowtext;font-family: Calibri, sans-serif;font-size: inherit\">Al termine seguir\u00e0 un momento conviviale dove condividere ci\u00f2 che ognuno vorr\u00e0 e potr\u00e0 portare.<\/span><\/p>\n","protected":false},"excerpt":{"rendered":"<p>\u201dUna strada da fare insieme\u201d il momento di spiritualit\u00e0 dell\u2019Area Testimonianza e impegno sociale con don Cristiano Bettega. sabato 26 novembre ore 9.30 a Trento presso la Chiesa Madonna della Pace (via Antonio Detassis, 12).<\/p>\n","protected":false},"author":161,"featured_media":12144,"comment_status":"closed","ping_status":"closed","sticky":false,"template":"","format":"standard","meta":{"footnotes":""},"categories":[1695,1074],"tags":[2047],"class_list":["post-12142","post","type-post","status-publish","format-standard","has-post-thumbnail","hentry","category-area-testimonianza-e-impegno-sociale","category-notizie","tag-spiritualita"],"acf":{"seed-localization-paese-cod":"IT","seed-localization-address":"","seed-localization-citta":"Trento","seed-localization-regione-cod-istat":"04","seed-localization-citta-cod-istat":"022205","seed-localization-localita":"","seed-localization-cap":"","seed-localization-marker-visibility":false,"seed-localization-children-visibility":false,"seed-localization-kml":"","seed-localization-custom-marker":""},"yoast_head":"<!-- This site is optimized with the Yoast SEO Premium plugin v20.2.1 (Yoast SEO v22.2) - https:\/\/yoast.com\/wordpress\/plugins\/seo\/ -->\n<title>\u201dUna strada da fare insieme\u201d, un momento di spiritualit\u00e0 dell\u2019Area Testimonianza e impegno sociale<\/title>\n<meta name=\"robots\" content=\"index, follow, max-snippet:-1, max-image-preview:large, max-video-preview:-1\" \/>\n<link rel=\"canonical\" href=\"https:\/\/www.diocesitn.it\/area-testimonianza\/2022\/11\/16\/una-strada-da-fare-insieme-un-momento-di-spiritualita-dellarea-testimonianza-e-impegno-sociale\/\" \/>\n<meta property=\"og:locale\" content=\"it_IT\" \/>\n<meta property=\"og:type\" content=\"article\" \/>\n<meta property=\"og:title\" content=\"\u201dUna strada da fare insieme\u201d, un momento di spiritualit\u00e0 dell\u2019Area Testimonianza e impegno sociale\" \/>\n<meta property=\"og:description\" content=\"\u201dUna strada da fare insieme\u201d il momento di spiritualit\u00e0 dell\u2019Area Testimonianza e impegno sociale con don Cristiano Bettega. sabato 26 novembre ore 9.30 a Trento presso la Chiesa Madonna della Pace (via Antonio Detassis, 12).\" \/>\n<meta property=\"og:url\" content=\"https:\/\/www.diocesitn.it\/area-testimonianza\/2022\/11\/16\/una-strada-da-fare-insieme-un-momento-di-spiritualita-dellarea-testimonianza-e-impegno-sociale\/\" \/>\n<meta property=\"og:site_name\" content=\"Testimonianza e Impegno sociale\" \/>\n<meta property=\"article:published_time\" content=\"2022-11-16T11:04:17+00:00\" \/>\n<meta property=\"article:modified_time\" content=\"2024-04-05T07:45:42+00:00\" \/>\n<meta property=\"og:image\" content=\"https:\/\/www.diocesitn.it\/area-testimonianza\/wp-content\/uploads\/sites\/37\/2022\/11\/candles-2877148_1920-scaled.jpg\" \/>\n\t<meta property=\"og:image:width\" content=\"2560\" \/>\n\t<meta property=\"og:image:height\" content=\"1438\" \/>\n\t<meta property=\"og:image:type\" content=\"image\/jpeg\" \/>\n<meta name=\"author\" content=\"smaule\" \/>\n<meta name=\"twitter:card\" content=\"summary_large_image\" \/>\n<meta name=\"twitter:label1\" content=\"Scritto da\" \/>\n\t<meta name=\"twitter:data1\" content=\"smaule\" \/>\n\t<meta name=\"twitter:label2\" content=\"Tempo di lettura stimato\" \/>\n\t<meta name=\"twitter:data2\" content=\"1 minuto\" \/>\n<script type=\"application\/ld+json\" class=\"yoast-schema-graph\">{\"@context\":\"https:\/\/schema.org\",\"@graph\":[{\"@type\":\"Article\",\"@id\":\"https:\/\/www.diocesitn.it\/area-testimonianza\/2022\/11\/16\/una-strada-da-fare-insieme-un-momento-di-spiritualita-dellarea-testimonianza-e-impegno-sociale\/#article\",\"isPartOf\":{\"@id\":\"https:\/\/www.diocesitn.it\/area-testimonianza\/2022\/11\/16\/una-strada-da-fare-insieme-un-momento-di-spiritualita-dellarea-testimonianza-e-impegno-sociale\/\"},\"author\":{\"name\":\"smaule\",\"@id\":\"https:\/\/www.diocesitn.it\/area-testimonianza\/#\/schema\/person\/bac489aafb7f98c1ca25f76c27174a95\"},\"headline\":\"\u201dUna strada da fare insieme\u201d, un momento di spiritualit\u00e0 dell\u2019Area Testimonianza e impegno sociale\",\"datePublished\":\"2022-11-16T11:04:17+00:00\",\"dateModified\":\"2024-04-05T07:45:42+00:00\",\"mainEntityOfPage\":{\"@id\":\"https:\/\/www.diocesitn.it\/area-testimonianza\/2022\/11\/16\/una-strada-da-fare-insieme-un-momento-di-spiritualita-dellarea-testimonianza-e-impegno-sociale\/\"},\"wordCount\":63,\"publisher\":{\"@id\":\"https:\/\/www.diocesitn.it\/area-testimonianza\/#organization\"},\"image\":{\"@id\":\"https:\/\/www.diocesitn.it\/area-testimonianza\/2022\/11\/16\/una-strada-da-fare-insieme-un-momento-di-spiritualita-dellarea-testimonianza-e-impegno-sociale\/#primaryimage\"},\"thumbnailUrl\":\"https:\/\/www.diocesitn.it\/area-testimonianza\/wp-content\/uploads\/sites\/37\/2022\/11\/candles-2877148_1920-scaled.jpg\",\"keywords\":[\"spiritualit\u00e0\"],\"articleSection\":[\"Area Testimonianza e Impegno sociale\",\"Notizie\"],\"inLanguage\":\"it-IT\",\"copyrightYear\":\"2022\",\"copyrightHolder\":{\"@id\":\"https:\/\/www.diocesitn.it\/#organization\"}},{\"@type\":\"WebPage\",\"@id\":\"https:\/\/www.diocesitn.it\/area-testimonianza\/2022\/11\/16\/una-strada-da-fare-insieme-un-momento-di-spiritualita-dellarea-testimonianza-e-impegno-sociale\/\",\"url\":\"https:\/\/www.diocesitn.it\/area-testimonianza\/2022\/11\/16\/una-strada-da-fare-insieme-un-momento-di-spiritualita-dellarea-testimonianza-e-impegno-sociale\/\",\"name\":\"\u201dUna strada da fare insieme\u201d, un momento di spiritualit\u00e0 dell\u2019Area Testimonianza e impegno sociale\",\"isPartOf\":{\"@id\":\"https:\/\/www.diocesitn.it\/area-testimonianza\/#website\"},\"primaryImageOfPage\":{\"@id\":\"https:\/\/www.diocesitn.it\/area-testimonianza\/2022\/11\/16\/una-strada-da-fare-insieme-un-momento-di-spiritualita-dellarea-testimonianza-e-impegno-sociale\/#primaryimage\"},\"image\":{\"@id\":\"https:\/\/www.diocesitn.it\/area-testimonianza\/2022\/11\/16\/una-strada-da-fare-insieme-un-momento-di-spiritualita-dellarea-testimonianza-e-impegno-sociale\/#primaryimage\"},\"thumbnailUrl\":\"https:\/\/www.diocesitn.it\/area-testimonianza\/wp-content\/uploads\/sites\/37\/2022\/11\/candles-2877148_1920-scaled.jpg\",\"datePublished\":\"2022-11-16T11:04:17+00:00\",\"dateModified\":\"2024-04-05T07:45:42+00:00\",\"breadcrumb\":{\"@id\":\"https:\/\/www.diocesitn.it\/area-testimonianza\/2022\/11\/16\/una-strada-da-fare-insieme-un-momento-di-spiritualita-dellarea-testimonianza-e-impegno-sociale\/#breadcrumb\"},\"inLanguage\":\"it-IT\",\"potentialAction\":[{\"@type\":\"ReadAction\",\"target\":[\"https:\/\/www.diocesitn.it\/area-testimonianza\/2022\/11\/16\/una-strada-da-fare-insieme-un-momento-di-spiritualita-dellarea-testimonianza-e-impegno-sociale\/\"]}]},{\"@type\":\"ImageObject\",\"inLanguage\":\"it-IT\",\"@id\":\"https:\/\/www.diocesitn.it\/area-testimonianza\/2022\/11\/16\/una-strada-da-fare-insieme-un-momento-di-spiritualita-dellarea-testimonianza-e-impegno-sociale\/#primaryimage\",\"url\":\"https:\/\/www.diocesitn.it\/area-testimonianza\/wp-content\/uploads\/sites\/37\/2022\/11\/candles-2877148_1920-scaled.jpg\",\"contentUrl\":\"https:\/\/www.diocesitn.it\/area-testimonianza\/wp-content\/uploads\/sites\/37\/2022\/11\/candles-2877148_1920-scaled.jpg\",\"width\":2560,\"height\":1438},{\"@type\":\"BreadcrumbList\",\"@id\":\"https:\/\/www.diocesitn.it\/area-testimonianza\/2022\/11\/16\/una-strada-da-fare-insieme-un-momento-di-spiritualita-dellarea-testimonianza-e-impegno-sociale\/#breadcrumb\",\"itemListElement\":[{\"@type\":\"ListItem\",\"position\":1,\"name\":\"Home\",\"item\":\"https:\/\/www.diocesitn.it\/area-testimonianza\/\"},{\"@type\":\"ListItem\",\"position\":2,\"name\":\"\u201dUna strada da fare insieme\u201d, un momento di spiritualit\u00e0 dell\u2019Area Testimonianza e impegno sociale\"}]},{\"@type\":\"WebSite\",\"@id\":\"https:\/\/www.diocesitn.it\/area-testimonianza\/#website\",\"url\":\"https:\/\/www.diocesitn.it\/area-testimonianza\/\",\"name\":\"Testimonianza e Impegno sociale\",\"description\":\"Chiesa di Trento\",\"publisher\":{\"@id\":\"https:\/\/www.diocesitn.it\/area-testimonianza\/#organization\"},\"potentialAction\":[{\"@type\":\"SearchAction\",\"target\":{\"@type\":\"EntryPoint\",\"urlTemplate\":\"https:\/\/www.diocesitn.it\/area-testimonianza\/?s={search_term_string}\"},\"query-input\":\"required name=search_term_string\"}],\"inLanguage\":\"it-IT\"},{\"@type\":[\"Organization\",\"Place\"],\"@id\":\"https:\/\/www.diocesitn.it\/area-testimonianza\/#organization\",\"name\":\"Area Testimonianza e Impegno Sociale - Chiesa di Trento\",\"url\":\"https:\/\/www.diocesitn.it\/area-testimonianza\/\",\"logo\":{\"@id\":\"https:\/\/www.diocesitn.it\/area-testimonianza\/2022\/11\/16\/una-strada-da-fare-insieme-un-momento-di-spiritualita-dellarea-testimonianza-e-impegno-sociale\/#local-main-organization-logo\"},\"image\":{\"@id\":\"https:\/\/www.diocesitn.it\/area-testimonianza\/2022\/11\/16\/una-strada-da-fare-insieme-un-momento-di-spiritualita-dellarea-testimonianza-e-impegno-sociale\/#local-main-organization-logo\"},\"openingHoursSpecification\":[{\"@type\":\"OpeningHoursSpecification\",\"dayOfWeek\":[\"Monday\",\"Tuesday\",\"Wednesday\",\"Thursday\",\"Friday\",\"Saturday\",\"Sunday\"],\"opens\":\"09:00\",\"closes\":\"17:00\"}]},{\"@type\":\"ImageObject\",\"inLanguage\":\"it-IT\",\"@id\":\"https:\/\/www.diocesitn.it\/area-testimonianza\/2022\/11\/16\/una-strada-da-fare-insieme-un-momento-di-spiritualita-dellarea-testimonianza-e-impegno-sociale\/#local-main-organization-logo\",\"url\":\"https:\/\/www.diocesitn.it\/area-testimonianza\/wp-content\/uploads\/sites\/37\/2021\/09\/og-logo-testimonianza-e-impegno-sociale.jpg\",\"contentUrl\":\"https:\/\/www.diocesitn.it\/area-testimonianza\/wp-content\/uploads\/sites\/37\/2021\/09\/og-logo-testimonianza-e-impegno-sociale.jpg\",\"width\":1200,\"height\":630,\"caption\":\"Area Testimonianza e Impegno Sociale - Chiesa di Trento\"}]}<\/script>\n<!-- \/ Yoast SEO Premium plugin. -->","yoast_head_json":{"title":"\u201dUna strada da fare insieme\u201d, un momento di spiritualit\u00e0 dell\u2019Area Testimonianza e impegno sociale","robots":{"index":"index","follow":"follow","max-snippet":"max-snippet:-1","max-image-preview":"max-image-preview:large","max-video-preview":"max-video-preview:-1"},"canonical":"https:\/\/www.diocesitn.it\/area-testimonianza\/2022\/11\/16\/una-strada-da-fare-insieme-un-momento-di-spiritualita-dellarea-testimonianza-e-impegno-sociale\/","og_locale":"it_IT","og_type":"article","og_title":"\u201dUna strada da fare insieme\u201d, un momento di spiritualit\u00e0 dell\u2019Area Testimonianza e impegno sociale","og_description":"\u201dUna strada da fare insieme\u201d il momento di spiritualit\u00e0 dell\u2019Area Testimonianza e impegno sociale con don Cristiano Bettega. sabato 26 novembre ore 9.30 a Trento presso la Chiesa Madonna della Pace (via Antonio Detassis, 12).","og_url":"https:\/\/www.diocesitn.it\/area-testimonianza\/2022\/11\/16\/una-strada-da-fare-insieme-un-momento-di-spiritualita-dellarea-testimonianza-e-impegno-sociale\/","og_site_name":"Testimonianza e Impegno sociale","article_published_time":"2022-11-16T11:04:17+00:00","article_modified_time":"2024-04-05T07:45:42+00:00","og_image":[{"width":2560,"height":1438,"url":"https:\/\/www.diocesitn.it\/area-testimonianza\/wp-content\/uploads\/sites\/37\/2022\/11\/candles-2877148_1920-scaled.jpg","type":"image\/jpeg"}],"author":"smaule","twitter_card":"summary_large_image","twitter_misc":{"Scritto da":"smaule","Tempo di lettura stimato":"1 minuto"},"schema":{"@context":"https:\/\/schema.org","@graph":[{"@type":"Article","@id":"https:\/\/www.diocesitn.it\/area-testimonianza\/2022\/11\/16\/una-strada-da-fare-insieme-un-momento-di-spiritualita-dellarea-testimonianza-e-impegno-sociale\/#article","isPartOf":{"@id":"https:\/\/www.diocesitn.it\/area-testimonianza\/2022\/11\/16\/una-strada-da-fare-insieme-un-momento-di-spiritualita-dellarea-testimonianza-e-impegno-sociale\/"},"author":{"name":"smaule","@id":"https:\/\/www.diocesitn.it\/area-testimonianza\/#\/schema\/person\/bac489aafb7f98c1ca25f76c27174a95"},"headline":"\u201dUna strada da fare insieme\u201d, un momento di spiritualit\u00e0 dell\u2019Area Testimonianza e impegno sociale","datePublished":"2022-11-16T11:04:17+00:00","dateModified":"2024-04-05T07:45:42+00:00","mainEntityOfPage":{"@id":"https:\/\/www.diocesitn.it\/area-testimonianza\/2022\/11\/16\/una-strada-da-fare-insieme-un-momento-di-spiritualita-dellarea-testimonianza-e-impegno-sociale\/"},"wordCount":63,"publisher":{"@id":"https:\/\/www.diocesitn.it\/area-testimonianza\/#organization"},"image":{"@id":"https:\/\/www.diocesitn.it\/area-testimonianza\/2022\/11\/16\/una-strada-da-fare-insieme-un-momento-di-spiritualita-dellarea-testimonianza-e-impegno-sociale\/#primaryimage"},"thumbnailUrl":"https:\/\/www.diocesitn.it\/area-testimonianza\/wp-content\/uploads\/sites\/37\/2022\/11\/candles-2877148_1920-scaled.jpg","keywords":["spiritualit\u00e0"],"articleSection":["Area Testimonianza e Impegno sociale","Notizie"],"inLanguage":"it-IT","copyrightYear":"2022","copyrightHolder":{"@id":"https:\/\/www.diocesitn.it\/#organization"}},{"@type":"WebPage","@id":"https:\/\/www.diocesitn.it\/area-testimonianza\/2022\/11\/16\/una-strada-da-fare-insieme-un-momento-di-spiritualita-dellarea-testimonianza-e-impegno-sociale\/","url":"https:\/\/www.diocesitn.it\/area-testimonianza\/2022\/11\/16\/una-strada-da-fare-insieme-un-momento-di-spiritualita-dellarea-testimonianza-e-impegno-sociale\/","name":"\u201dUna strada da fare insieme\u201d, un momento di spiritualit\u00e0 dell\u2019Area Testimonianza e impegno sociale","isPartOf":{"@id":"https:\/\/www.diocesitn.it\/area-testimonianza\/#website"},"primaryImageOfPage":{"@id":"https:\/\/www.diocesitn.it\/area-testimonianza\/2022\/11\/16\/una-strada-da-fare-insieme-un-momento-di-spiritualita-dellarea-testimonianza-e-impegno-sociale\/#primaryimage"},"image":{"@id":"https:\/\/www.diocesitn.it\/area-testimonianza\/2022\/11\/16\/una-strada-da-fare-insieme-un-momento-di-spiritualita-dellarea-testimonianza-e-impegno-sociale\/#primaryimage"},"thumbnailUrl":"https:\/\/www.diocesitn.it\/area-testimonianza\/wp-content\/uploads\/sites\/37\/2022\/11\/candles-2877148_1920-scaled.jpg","datePublished":"2022-11-16T11:04:17+00:00","dateModified":"2024-04-05T07:45:42+00:00","breadcrumb":{"@id":"https:\/\/www.diocesitn.it\/area-testimonianza\/2022\/11\/16\/una-strada-da-fare-insieme-un-momento-di-spiritualita-dellarea-testimonianza-e-impegno-sociale\/#breadcrumb"},"inLanguage":"it-IT","potentialAction":[{"@type":"ReadAction","target":["https:\/\/www.diocesitn.it\/area-testimonianza\/2022\/11\/16\/una-strada-da-fare-insieme-un-momento-di-spiritualita-dellarea-testimonianza-e-impegno-sociale\/"]}]},{"@type":"ImageObject","inLanguage":"it-IT","@id":"https:\/\/www.diocesitn.it\/area-testimonianza\/2022\/11\/16\/una-strada-da-fare-insieme-un-momento-di-spiritualita-dellarea-testimonianza-e-impegno-sociale\/#primaryimage","url":"https:\/\/www.diocesitn.it\/area-testimonianza\/wp-content\/uploads\/sites\/37\/2022\/11\/candles-2877148_1920-scaled.jpg","contentUrl":"https:\/\/www.diocesitn.it\/area-testimonianza\/wp-content\/uploads\/sites\/37\/2022\/11\/candles-2877148_1920-scaled.jpg","width":2560,"height":1438},{"@type":"BreadcrumbList","@id":"https:\/\/www.diocesitn.it\/area-testimonianza\/2022\/11\/16\/una-strada-da-fare-insieme-un-momento-di-spiritualita-dellarea-testimonianza-e-impegno-sociale\/#breadcrumb","itemListElement":[{"@type":"ListItem","position":1,"name":"Home","item":"https:\/\/www.diocesitn.it\/area-testimonianza\/"},{"@type":"ListItem","position":2,"name":"\u201dUna strada da fare insieme\u201d, un momento di spiritualit\u00e0 dell\u2019Area Testimonianza e impegno sociale"}]},{"@type":"WebSite","@id":"https:\/\/www.diocesitn.it\/area-testimonianza\/#website","url":"https:\/\/www.diocesitn.it\/area-testimonianza\/","name":"Testimonianza e Impegno sociale","description":"Chiesa di Trento","publisher":{"@id":"https:\/\/www.diocesitn.it\/area-testimonianza\/#organization"},"potentialAction":[{"@type":"SearchAction","target":{"@type":"EntryPoint","urlTemplate":"https:\/\/www.diocesitn.it\/area-testimonianza\/?s={search_term_string}"},"query-input":"required name=search_term_string"}],"inLanguage":"it-IT"},{"@type":["Organization","Place"],"@id":"https:\/\/www.diocesitn.it\/area-testimonianza\/#organization","name":"Area Testimonianza e Impegno Sociale - Chiesa di Trento","url":"https:\/\/www.diocesitn.it\/area-testimonianza\/","logo":{"@id":"https:\/\/www.diocesitn.it\/area-testimonianza\/2022\/11\/16\/una-strada-da-fare-insieme-un-momento-di-spiritualita-dellarea-testimonianza-e-impegno-sociale\/#local-main-organization-logo"},"image":{"@id":"https:\/\/www.diocesitn.it\/area-testimonianza\/2022\/11\/16\/una-strada-da-fare-insieme-un-momento-di-spiritualita-dellarea-testimonianza-e-impegno-sociale\/#local-main-organization-logo"},"openingHoursSpecification":[{"@type":"OpeningHoursSpecification","dayOfWeek":["Monday","Tuesday","Wednesday","Thursday","Friday","Saturday","Sunday"],"opens":"09:00","closes":"17:00"}]},{"@type":"ImageObject","inLanguage":"it-IT","@id":"https:\/\/www.diocesitn.it\/area-testimonianza\/2022\/11\/16\/una-strada-da-fare-insieme-un-momento-di-spiritualita-dellarea-testimonianza-e-impegno-sociale\/#local-main-organization-logo","url":"https:\/\/www.diocesitn.it\/area-testimonianza\/wp-content\/uploads\/sites\/37\/2021\/09\/og-logo-testimonianza-e-impegno-sociale.jpg","contentUrl":"https:\/\/www.diocesitn.it\/area-testimonianza\/wp-content\/uploads\/sites\/37\/2021\/09\/og-logo-testimonianza-e-impegno-sociale.jpg","width":1200,"height":630,"caption":"Area Testimonianza e Impegno Sociale - Chiesa di Trento"}]}},"_links":{"self":[{"href":"https:\/\/www.diocesitn.it\/area-testimonianza\/wp-json\/wp\/v2\/posts\/12142","targetHints":{"allow":["GET"]}}],"collection":[{"href":"https:\/\/www.diocesitn.it\/area-testimonianza\/wp-json\/wp\/v2\/posts"}],"about":[{"href":"https:\/\/www.diocesitn.it\/area-testimonianza\/wp-json\/wp\/v2\/types\/post"}],"author":[{"embeddable":true,"href":"https:\/\/www.diocesitn.it\/area-testimonianza\/wp-json\/wp\/v2\/users\/161"}],"replies":[{"embeddable":true,"href":"https:\/\/www.diocesitn.it\/area-testimonianza\/wp-json\/wp\/v2\/comments?post=12142"}],"version-history":[{"count":3,"href":"https:\/\/www.diocesitn.it\/area-testimonianza\/wp-json\/wp\/v2\/posts\/12142\/revisions"}],"predecessor-version":[{"id":12149,"href":"https:\/\/www.diocesitn.it\/area-testimonianza\/wp-json\/wp\/v2\/posts\/12142\/revisions\/12149"}],"wp:featuredmedia":[{"embeddable":true,"href":"https:\/\/www.diocesitn.it\/area-testimonianza\/wp-json\/wp\/v2\/media\/12144"}],"wp:attachment":[{"href":"https:\/\/www.diocesitn.it\/area-testimonianza\/wp-json\/wp\/v2\/media?parent=12142"}],"wp:term":[{"taxonomy":"category","embeddable":true,"href":"https:\/\/www.diocesitn.it\/area-testimonianza\/wp-json\/wp\/v2\/categories?post=12142"},{"taxonomy":"post_tag","embeddable":true,"href":"https:\/\/www.diocesitn.it\/area-testimonianza\/wp-json\/wp\/v2\/tags?post=12142"}],"curies":[{"name":"wp","href":"https:\/\/api.w.org\/{rel}","templated":true}]}}