{"id":11876,"date":"2022-08-22T09:43:14","date_gmt":"2022-08-22T07:43:14","guid":{"rendered":"https:\/\/www.diocesitn.it\/area-testimonianza\/2022\/08\/22\/da-sanzeno-a-senale-per-i-50-anni-del-gruppo-samuele-vescovo-lauro-figli-della-grande-riconciliazione-di-dio-con-lumanita\/"},"modified":"2024-04-05T09:46:22","modified_gmt":"2024-04-05T07:46:22","slug":"da-sanzeno-a-senale-per-i-50-anni-del-gruppo-samuele-vescovo-lauro-figli-della-grande-riconciliazione-di-dio-con-lumanita","status":"publish","type":"post","link":"https:\/\/www.diocesitn.it\/area-testimonianza\/2022\/08\/22\/da-sanzeno-a-senale-per-i-50-anni-del-gruppo-samuele-vescovo-lauro-figli-della-grande-riconciliazione-di-dio-con-lumanita\/","title":{"rendered":"Da Sanzeno a Senale per i 50 anni del Gruppo Samuele. Vescovo Lauro: &#8220;Figli della grande riconciliazione di Dio con l&#8217;umanit\u00e0&#8221;"},"content":{"rendered":"<p>35\u00b0 edizione\u00a0<strong>sabato 20 agosto <\/strong>del <strong>pellegrinaggio a piedi da Sanzeno a Senale<\/strong>, organizzato dal <strong>Gruppo Samuele<\/strong>, giunto al traguardo dei <strong>50 anni di vita.<\/strong><\/p>\n<p>In tanti &#8211; chi partendo dalla Basilica di Sanzeno, chi confluendo dai paesi limitrofi lungo il cammino &#8211; hanno raggiunto il s<span style=\"font-size: inherit\">antuario della Madonna di Senale, contemplando, riflettendo, pregando, quest&#8217;anno in particolare con il titolo <\/span><b style=\"font-size: inherit\">&#8220;Il tempo \u00e8 dono&#8230; il dono del tempo&#8221;.<\/b><\/p>\n<p>Con la guida di <strong>don Cristiano Bettega<\/strong>, delegato dell&#8217;Area Testimonianza e Impegno Sociale della Diocesi, i pellegrini hanno raggiunto il santuario altoatesino poco dopo mezzogiorno per condividere il <span style=\"font-size: inherit\">pranzo al sacco e vivere insieme un momento di silenzio e preghiera. Il pellegrinaggio si \u00e8 poi concluso con la celebrazione dell&#8217;eucaristia nella basilica di Sanzeno, presieduta dall&#8217;arcivescovo Lauro Tisi.<\/span><\/p>\n<p><img loading=\"lazy\" decoding=\"async\" class=\"wp-image-11877 alignleft\" src=\"https:\/\/www.diocesitn.it\/wp-content\/uploads\/sites\/37\/2022\/08\/sanzeno_senale22_11-142x300.jpg\" alt=\"\" width=\"215\" height=\"454\" srcset=\"https:\/\/www.diocesitn.it\/area-testimonianza\/wp-content\/uploads\/sites\/37\/2022\/08\/sanzeno_senale22_11-142x300.jpg 142w, https:\/\/www.diocesitn.it\/area-testimonianza\/wp-content\/uploads\/sites\/37\/2022\/08\/sanzeno_senale22_11-485x1024.jpg 485w, https:\/\/www.diocesitn.it\/area-testimonianza\/wp-content\/uploads\/sites\/37\/2022\/08\/sanzeno_senale22_11-768x1623.jpg 768w, https:\/\/www.diocesitn.it\/area-testimonianza\/wp-content\/uploads\/sites\/37\/2022\/08\/sanzeno_senale22_11-133x280.jpg 133w, https:\/\/www.diocesitn.it\/area-testimonianza\/wp-content\/uploads\/sites\/37\/2022\/08\/sanzeno_senale22_11-363x768.jpg 363w, https:\/\/www.diocesitn.it\/area-testimonianza\/wp-content\/uploads\/sites\/37\/2022\/08\/sanzeno_senale22_11-727x1536.jpg 727w, https:\/\/www.diocesitn.it\/area-testimonianza\/wp-content\/uploads\/sites\/37\/2022\/08\/sanzeno_senale22_11-800x1691.jpg 800w, https:\/\/www.diocesitn.it\/area-testimonianza\/wp-content\/uploads\/sites\/37\/2022\/08\/sanzeno_senale22_11.jpg 954w\" sizes=\"auto, (max-width: 215px) 100vw, 215px\" \/><\/p>\n<h5><strong><em>Le parole di don Lauro: &#8220;Gruppo Samuele figlio della grande riconciliazione di Dio con l&#8217;umanit\u00e0&#8221;\u00a0<\/em><\/strong><\/h5>\n<p>Nell&#8217;omelia, don Lauro ha invitato, grazie alla &#8220;meravigliosa notizia del testo evangelico&#8221; a &#8220;prendere atto che la casa di Dio ha le dimensioni dell\u2019intera umanit\u00e0. Dio abita a tutte le latitudini. L\u2019umanit\u00e0 \u00e8 la casa del Dio della vita&#8221;. Non solo. &#8220;Essa &#8211; argomenta l&#8217;Arcivescovo &#8211; \u00e8 teatro di quella grande operazione di riconciliazione, partita dal monte della morte diventato sala parto, che ha portato dentro l\u2019umano quella forza di comunione e di unit\u00e0 che \u00e8 all\u2019origine di tutta la comunione presente nella storia degli uomini&#8221;. Secondo monsignor Tisi, anche &#8220;l\u2019esperienza del Gruppo Samuele \u00e8 dentro questo flusso della grande riconciliazione di Dio&#8221;. Nei &#8220;volti concreti&#8221; di chi ne ha frequentato l&#8217;attivit\u00e0 si coglie che &#8220;anch&#8217;esso \u00e8 figlio della riconciliazione partita dalla Pasqua di Ges\u00f9&#8221;.<\/p>\n<p>Un quadro (non solo teologico ma vitale) che a detta di Tisi non pu\u00f2 che portare &#8220;tanta speranza nel cuore, nella certezza che l\u2019umanit\u00e0 non \u00e8 consegnata al caos ma alle mani di Dio che sta preparando per i suoi figli una mensa di vita, festa e gioia&#8221;.<\/p>\n<h5><strong><em>&#8220;Fatichiamo ad accettare un Dio di tutti&#8221;\u00a0<\/em><\/strong><\/h5>\n<p>L&#8217;Arcivescovo declina poi una componente fondamentale della spiritualit\u00e0 e dell&#8217;impegno concreto del Gruppo Samuele: l&#8217;<strong>ecumenismo e il dialogo interreligioso<\/strong>. &#8220;Un Dio &#8211; argomenta Tisi &#8211; che vede il destinatario del suo amore nel volto di ogni uomo crea problemi, genera una \u2018porta stretta\u2019. Perch\u00e9 accettare che <strong>Dio \u00e8 il Dio di tutti<\/strong> spesso non ci vede cos\u00ec d\u2019accordo. Facciamo fatica, infatti, ad accettare che ogni uomo sia mio fratello e sorella, mentre <strong>non c\u2019\u00e8 alternativa alla fraternit\u00e0<\/strong>. E senza questa frequentazione non c\u2019\u00e8 esperienza credente, mentre essa rischia invece di essere ridotta a formalismo, senza passione e senza vita. Il <strong>Gruppo Samuele<\/strong> in questi 50 anni di ascolto della Parola, di preghiera e frequentazione eucaristica non si \u00e8 ridotto a formalismo ma ha generato donne e uomini che sono rimasti costanti nel promuovere comunione, vocazioni, testimoni di vicinanza e prossimit\u00e0&#8221;.<\/p>\n<h5><em><strong>Il Regno di Dio\u00a0<\/strong><\/em><\/h5>\n<p>&#8220;Cos\u2019\u00e8 il Regno?&#8221;, si interroga infine don Lauro. &#8220;Alla luce di un Ges\u00f9 Cristo con i calli sulle mani, sappiamo &#8211; conclude l&#8217;Arcivescovo &#8211; che il Regno \u00e8 l\u2019essere consapevoli che imparare \u00e8 forza, mentre essere uomini dell\u2019ultima parola \u00e8 debolezza e che nell\u2019incontro con l\u2019altro mi porto a casa una \u2018botta di vita\u2019. Il Regno possiamo viverlo in anticipo, nella misura in cui, grazie a Ges\u00f9 Cristo, ci facciamo regalare la vita di Dio che \u00e8 gratuit\u00e0, abbraccio, dono, perdono, servizio. In questi cinquant\u2019anni, la famiglia del Gruppo Samuele ha accolto il Regno e ne ha gioito&#8221;.<\/p>\n\n\n\t\t<style type='text\/css'>\n\n\t\t\t\/* PhotoSwipe Plugin *\/\n\t\t\t.psgal {\n\t\t\t\tmargin: auto;\n\t\t\t\tpadding-bottom:40px;\n\n\t\t\t\t-webkit-transition: all 0.4s ease;\n\t\t\t\t-moz-transition: all 0.4s ease;\n\t\t\t\t-o-transition: all 0.4s ease;\n\t\t\t\ttransition: all 0.4s ease;\n\t\t\t}\n\n\t\t\t.psgal figure {\n\t\t\t\tfloat: left;\n\t\t\t\ttext-align: center;\n    \t\t\twidth: 200px;\n                max-width: 50%;\n\t\t\t\tpadding:5px;\n\t\t\t\tmargin: 0px;\n\t\t\t\tbox-sizing:border-box;\n\t\t\t}\n\t\t\t.psgal a{\n\t\t\t\tdisplay:block;\n\t\t\t}\n\t\t\t.psgal figure figcaption{\n\t\t\t\tfont-size:13px;\n\t\t\t}\n\n\t\t\t.msnry{\n\t\t\t\tmargin:auto;\n\t\t\t}\n\t\t\t.pswp__caption__center{\n\t\t\t\ttext-align: center;\n\t\t\t}\n\t\t\t\n\n\t\t\t.photoswipe-gallery-caption{\n\t\t\t\tdisplay:none;\n\t\t\t}\n\n\t\t\t\n\t\t<\/style> <div style=\"clear:both\"><\/div>\n\n\t\t<div id=\"psgal_11876_1\" class=\"ps-gallery psgal gallery-columns-3 gallery-size-thumbnail\" itemscope itemtype=\"http:\/\/schema.org\/ImageGallery\" >\n\t\t\t\t<figure class=\"msnry_item\" itemscope itemtype=\"http:\/\/schema.org\/ImageObject\">\n\t\t\t\t\t<a href=\"https:\/\/www.diocesitn.it\/area-testimonianza\/wp-content\/uploads\/sites\/37\/2022\/08\/sanzeno_senale22_1-576x1024.jpg\"\n\t\t\t\t\titemprop=\"contentUrl\"\n\t\t\t\t\tdata-pswp-width=\"576\" \n\t\t\t\t    data-pswp-height=\"1024\" \n\t\t\t\t    data-cropped=\"true\"\n\t\t\t\t\tdata-caption=\"\"\n\t\t\t\t\tclass=\"post-thumbnail-image-link container-fixed-aspect-ratio__16-9\">\n\t\t\t\t        <img src=https:\/\/www.diocesitn.it\/area-testimonianza\/wp-content\/uploads\/sites\/37\/2022\/08\/sanzeno_senale22_1-169x300.jpg itemprop=\"thumbnail\" alt=\"\"  \/>\n\t\t\t\t    <\/a>\n\t\t\t\t    <figcaption class=\"photoswipe-gallery-caption\" ><\/figcaption>\n\t\t\t    <\/figure>\n\t\t\t\t\n\t\t\t\t<figure class=\"msnry_item\" itemscope itemtype=\"http:\/\/schema.org\/ImageObject\">\n\t\t\t\t\t<a href=\"https:\/\/www.diocesitn.it\/area-testimonianza\/wp-content\/uploads\/sites\/37\/2022\/08\/sanzeno_senale22_2-576x1024.jpg\"\n\t\t\t\t\titemprop=\"contentUrl\"\n\t\t\t\t\tdata-pswp-width=\"576\" \n\t\t\t\t    data-pswp-height=\"1024\" \n\t\t\t\t    data-cropped=\"true\"\n\t\t\t\t\tdata-caption=\"\"\n\t\t\t\t\tclass=\"post-thumbnail-image-link container-fixed-aspect-ratio__16-9\">\n\t\t\t\t        <img src=https:\/\/www.diocesitn.it\/area-testimonianza\/wp-content\/uploads\/sites\/37\/2022\/08\/sanzeno_senale22_2-169x300.jpg itemprop=\"thumbnail\" alt=\"\"  \/>\n\t\t\t\t    <\/a>\n\t\t\t\t    <figcaption class=\"photoswipe-gallery-caption\" ><\/figcaption>\n\t\t\t    <\/figure>\n\t\t\t\t\n\t\t\t\t<figure class=\"msnry_item\" itemscope itemtype=\"http:\/\/schema.org\/ImageObject\">\n\t\t\t\t\t<a href=\"https:\/\/www.diocesitn.it\/area-testimonianza\/wp-content\/uploads\/sites\/37\/2022\/08\/sanzeno_senale22_3-576x1024.jpg\"\n\t\t\t\t\titemprop=\"contentUrl\"\n\t\t\t\t\tdata-pswp-width=\"576\" \n\t\t\t\t    data-pswp-height=\"1024\" \n\t\t\t\t    data-cropped=\"true\"\n\t\t\t\t\tdata-caption=\"\"\n\t\t\t\t\tclass=\"post-thumbnail-image-link container-fixed-aspect-ratio__16-9\">\n\t\t\t\t        <img src=https:\/\/www.diocesitn.it\/area-testimonianza\/wp-content\/uploads\/sites\/37\/2022\/08\/sanzeno_senale22_3-169x300.jpg itemprop=\"thumbnail\" alt=\"\"  \/>\n\t\t\t\t    <\/a>\n\t\t\t\t    <figcaption class=\"photoswipe-gallery-caption\" ><\/figcaption>\n\t\t\t    <\/figure>\n\t\t\t\t\n\t\t\t\t<figure class=\"msnry_item\" itemscope itemtype=\"http:\/\/schema.org\/ImageObject\">\n\t\t\t\t\t<a href=\"https:\/\/www.diocesitn.it\/area-testimonianza\/wp-content\/uploads\/sites\/37\/2022\/08\/sanzeno_senale22_4-498x1024.jpg\"\n\t\t\t\t\titemprop=\"contentUrl\"\n\t\t\t\t\tdata-pswp-width=\"498\" \n\t\t\t\t    data-pswp-height=\"1024\" \n\t\t\t\t    data-cropped=\"true\"\n\t\t\t\t\tdata-caption=\"\"\n\t\t\t\t\tclass=\"post-thumbnail-image-link container-fixed-aspect-ratio__16-9\">\n\t\t\t\t        <img src=https:\/\/www.diocesitn.it\/area-testimonianza\/wp-content\/uploads\/sites\/37\/2022\/08\/sanzeno_senale22_4-146x300.jpg itemprop=\"thumbnail\" alt=\"\"  \/>\n\t\t\t\t    <\/a>\n\t\t\t\t    <figcaption class=\"photoswipe-gallery-caption\" ><\/figcaption>\n\t\t\t    <\/figure>\n\t\t\t\t\n\t\t\t\t<figure class=\"msnry_item\" itemscope itemtype=\"http:\/\/schema.org\/ImageObject\">\n\t\t\t\t\t<a href=\"https:\/\/www.diocesitn.it\/area-testimonianza\/wp-content\/uploads\/sites\/37\/2022\/08\/sanzeno_senale22_5-e1661237280741-1024x567.jpg\"\n\t\t\t\t\titemprop=\"contentUrl\"\n\t\t\t\t\tdata-pswp-width=\"800\" \n\t\t\t\t    data-pswp-height=\"443\" \n\t\t\t\t    data-cropped=\"true\"\n\t\t\t\t\tdata-caption=\"\"\n\t\t\t\t\tclass=\"post-thumbnail-image-link container-fixed-aspect-ratio__16-9\">\n\t\t\t\t        <img src=https:\/\/www.diocesitn.it\/area-testimonianza\/wp-content\/uploads\/sites\/37\/2022\/08\/sanzeno_senale22_5-e1661237280741-300x166.jpg itemprop=\"thumbnail\" alt=\"\"  \/>\n\t\t\t\t    <\/a>\n\t\t\t\t    <figcaption class=\"photoswipe-gallery-caption\" ><\/figcaption>\n\t\t\t    <\/figure>\n\t\t\t\t\n\t\t\t\t<figure class=\"msnry_item\" itemscope itemtype=\"http:\/\/schema.org\/ImageObject\">\n\t\t\t\t\t<a href=\"https:\/\/www.diocesitn.it\/area-testimonianza\/wp-content\/uploads\/sites\/37\/2022\/08\/sanzeno_senale22_6-1024x768.jpg\"\n\t\t\t\t\titemprop=\"contentUrl\"\n\t\t\t\t\tdata-pswp-width=\"800\" \n\t\t\t\t    data-pswp-height=\"600\" \n\t\t\t\t    data-cropped=\"true\"\n\t\t\t\t\tdata-caption=\"\"\n\t\t\t\t\tclass=\"post-thumbnail-image-link container-fixed-aspect-ratio__16-9\">\n\t\t\t\t        <img src=https:\/\/www.diocesitn.it\/area-testimonianza\/wp-content\/uploads\/sites\/37\/2022\/08\/sanzeno_senale22_6-300x225.jpg itemprop=\"thumbnail\" alt=\"\"  \/>\n\t\t\t\t    <\/a>\n\t\t\t\t    <figcaption class=\"photoswipe-gallery-caption\" ><\/figcaption>\n\t\t\t    <\/figure>\n\t\t\t\t\n\t\t\t\t<figure class=\"msnry_item\" itemscope itemtype=\"http:\/\/schema.org\/ImageObject\">\n\t\t\t\t\t<a href=\"https:\/\/www.diocesitn.it\/area-testimonianza\/wp-content\/uploads\/sites\/37\/2022\/08\/sanzeno_senale22_7-1024x444.jpg\"\n\t\t\t\t\titemprop=\"contentUrl\"\n\t\t\t\t\tdata-pswp-width=\"800\" \n\t\t\t\t    data-pswp-height=\"347\" \n\t\t\t\t    data-cropped=\"true\"\n\t\t\t\t\tdata-caption=\"\"\n\t\t\t\t\tclass=\"post-thumbnail-image-link container-fixed-aspect-ratio__16-9\">\n\t\t\t\t        <img src=https:\/\/www.diocesitn.it\/area-testimonianza\/wp-content\/uploads\/sites\/37\/2022\/08\/sanzeno_senale22_7-300x130.jpg itemprop=\"thumbnail\" alt=\"\"  \/>\n\t\t\t\t    <\/a>\n\t\t\t\t    <figcaption class=\"photoswipe-gallery-caption\" ><\/figcaption>\n\t\t\t    <\/figure>\n\t\t\t\t\n\t\t\t\t<figure class=\"msnry_item\" itemscope itemtype=\"http:\/\/schema.org\/ImageObject\">\n\t\t\t\t\t<a href=\"https:\/\/www.diocesitn.it\/area-testimonianza\/wp-content\/uploads\/sites\/37\/2022\/08\/sanzeno_senale22_8-1024x769.jpg\"\n\t\t\t\t\titemprop=\"contentUrl\"\n\t\t\t\t\tdata-pswp-width=\"800\" \n\t\t\t\t    data-pswp-height=\"601\" \n\t\t\t\t    data-cropped=\"true\"\n\t\t\t\t\tdata-caption=\"\"\n\t\t\t\t\tclass=\"post-thumbnail-image-link container-fixed-aspect-ratio__16-9\">\n\t\t\t\t        <img src=https:\/\/www.diocesitn.it\/area-testimonianza\/wp-content\/uploads\/sites\/37\/2022\/08\/sanzeno_senale22_8-300x225.jpg itemprop=\"thumbnail\" alt=\"\"  \/>\n\t\t\t\t    <\/a>\n\t\t\t\t    <figcaption class=\"photoswipe-gallery-caption\" ><\/figcaption>\n\t\t\t    <\/figure>\n\t\t\t\t\n\t\t\t\t<figure class=\"msnry_item\" itemscope itemtype=\"http:\/\/schema.org\/ImageObject\">\n\t\t\t\t\t<a href=\"https:\/\/www.diocesitn.it\/area-testimonianza\/wp-content\/uploads\/sites\/37\/2022\/08\/sanzeno_senale22_9-485x1024.jpg\"\n\t\t\t\t\titemprop=\"contentUrl\"\n\t\t\t\t\tdata-pswp-width=\"485\" \n\t\t\t\t    data-pswp-height=\"1024\" \n\t\t\t\t    data-cropped=\"true\"\n\t\t\t\t\tdata-caption=\"\"\n\t\t\t\t\tclass=\"post-thumbnail-image-link container-fixed-aspect-ratio__16-9\">\n\t\t\t\t        <img src=https:\/\/www.diocesitn.it\/area-testimonianza\/wp-content\/uploads\/sites\/37\/2022\/08\/sanzeno_senale22_9-142x300.jpg itemprop=\"thumbnail\" alt=\"\"  \/>\n\t\t\t\t    <\/a>\n\t\t\t\t    <figcaption class=\"photoswipe-gallery-caption\" ><\/figcaption>\n\t\t\t    <\/figure>\n\t\t\t\t\n\t\t\t\t<figure class=\"msnry_item\" itemscope itemtype=\"http:\/\/schema.org\/ImageObject\">\n\t\t\t\t\t<a href=\"https:\/\/www.diocesitn.it\/area-testimonianza\/wp-content\/uploads\/sites\/37\/2022\/08\/sanzeno_senale22_10-680x1024.jpg\"\n\t\t\t\t\titemprop=\"contentUrl\"\n\t\t\t\t\tdata-pswp-width=\"680\" \n\t\t\t\t    data-pswp-height=\"1024\" \n\t\t\t\t    data-cropped=\"true\"\n\t\t\t\t\tdata-caption=\"\"\n\t\t\t\t\tclass=\"post-thumbnail-image-link container-fixed-aspect-ratio__16-9\">\n\t\t\t\t        <img src=https:\/\/www.diocesitn.it\/area-testimonianza\/wp-content\/uploads\/sites\/37\/2022\/08\/sanzeno_senale22_10-199x300.jpg itemprop=\"thumbnail\" alt=\"\"  \/>\n\t\t\t\t    <\/a>\n\t\t\t\t    <figcaption class=\"photoswipe-gallery-caption\" ><\/figcaption>\n\t\t\t    <\/figure>\n\t\t\t\t\n\t\t\t\t<figure class=\"msnry_item\" itemscope itemtype=\"http:\/\/schema.org\/ImageObject\">\n\t\t\t\t\t<a href=\"https:\/\/www.diocesitn.it\/area-testimonianza\/wp-content\/uploads\/sites\/37\/2022\/08\/sanzeno_senale22_11-485x1024.jpg\"\n\t\t\t\t\titemprop=\"contentUrl\"\n\t\t\t\t\tdata-pswp-width=\"485\" \n\t\t\t\t    data-pswp-height=\"1024\" \n\t\t\t\t    data-cropped=\"true\"\n\t\t\t\t\tdata-caption=\"\"\n\t\t\t\t\tclass=\"post-thumbnail-image-link container-fixed-aspect-ratio__16-9\">\n\t\t\t\t        <img src=https:\/\/www.diocesitn.it\/area-testimonianza\/wp-content\/uploads\/sites\/37\/2022\/08\/sanzeno_senale22_11-142x300.jpg itemprop=\"thumbnail\" alt=\"\"  \/>\n\t\t\t\t    <\/a>\n\t\t\t\t    <figcaption class=\"photoswipe-gallery-caption\" ><\/figcaption>\n\t\t\t    <\/figure>\n\t\t\t\t<\/div>\n\t\t<div style='clear:both'><\/div>\n\t\n","protected":false},"excerpt":{"rendered":"<p>35\u00b0 edizione\u00a0sabato 20 agosto del pellegrinaggio a piedi da Sanzeno a Senale, organizzato dal Gruppo Samuele, giunto al traguardo dei 50 anni di vita. In tanti &#8211; chi partendo dalla Basilica di Sanzeno, chi confluendo<\/p>\n","protected":false},"author":4,"featured_media":11881,"comment_status":"closed","ping_status":"closed","sticky":false,"template":"","format":"standard","meta":{"footnotes":""},"categories":[1695,1074],"tags":[2037,2038,1128,1740],"class_list":["post-11876","post","type-post","status-publish","format-standard","has-post-thumbnail","hentry","category-area-testimonianza-e-impegno-sociale","category-notizie","tag-gruppo-samuele","tag-madonna-di-senale","tag-pellegrinaggio","tag-sanzeno"],"acf":{"seed-localization-paese-cod":"IT","seed-localization-address":"","seed-localization-citta":"Trento","seed-localization-regione-cod-istat":"04","seed-localization-citta-cod-istat":"022205","seed-localization-localita":"","seed-localization-cap":"","seed-localization-marker-visibility":false,"seed-localization-children-visibility":false,"seed-localization-kml":"","seed-localization-custom-marker":""},"yoast_head":"<!-- This site is optimized with the Yoast SEO Premium plugin v20.2.1 (Yoast SEO v22.2) - https:\/\/yoast.com\/wordpress\/plugins\/seo\/ -->\n<title>Da Sanzeno a Senale per i 50 anni del Gruppo Samuele. Vescovo Lauro: &quot;Figli della grande riconciliazione di Dio con l&#039;umanit\u00e0&quot; - Testimonianza e Impegno sociale<\/title>\n<meta name=\"robots\" content=\"index, follow, max-snippet:-1, max-image-preview:large, max-video-preview:-1\" \/>\n<link rel=\"canonical\" href=\"https:\/\/www.diocesitn.it\/area-testimonianza\/2022\/08\/22\/da-sanzeno-a-senale-per-i-50-anni-del-gruppo-samuele-vescovo-lauro-figli-della-grande-riconciliazione-di-dio-con-lumanita\/\" \/>\n<meta property=\"og:locale\" content=\"it_IT\" \/>\n<meta property=\"og:type\" content=\"article\" \/>\n<meta property=\"og:title\" content=\"Da Sanzeno a Senale per i 50 anni del Gruppo Samuele. Vescovo Lauro: &quot;Figli della grande riconciliazione di Dio con l&#039;umanit\u00e0&quot;\" \/>\n<meta property=\"og:description\" content=\"35\u00b0 edizione\u00a0sabato 20 agosto del pellegrinaggio a piedi da Sanzeno a Senale, organizzato dal Gruppo Samuele, giunto al traguardo dei 50 anni di vita. In tanti &#8211; chi partendo dalla Basilica di Sanzeno, chi confluendo\" \/>\n<meta property=\"og:url\" content=\"https:\/\/www.diocesitn.it\/area-testimonianza\/2022\/08\/22\/da-sanzeno-a-senale-per-i-50-anni-del-gruppo-samuele-vescovo-lauro-figli-della-grande-riconciliazione-di-dio-con-lumanita\/\" \/>\n<meta property=\"og:site_name\" content=\"Testimonianza e Impegno sociale\" \/>\n<meta property=\"article:published_time\" content=\"2022-08-22T07:43:14+00:00\" \/>\n<meta property=\"article:modified_time\" content=\"2024-04-05T07:46:22+00:00\" \/>\n<meta property=\"og:image\" content=\"https:\/\/www.diocesitn.it\/area-testimonianza\/wp-content\/uploads\/sites\/37\/2022\/08\/sanzeno_senale22_4.jpg\" \/>\n\t<meta property=\"og:image:width\" content=\"777\" \/>\n\t<meta property=\"og:image:height\" content=\"1599\" \/>\n\t<meta property=\"og:image:type\" content=\"image\/jpeg\" \/>\n<meta name=\"author\" content=\"Claudia Dorigoni\" \/>\n<meta name=\"twitter:card\" content=\"summary_large_image\" \/>\n<meta name=\"twitter:label1\" content=\"Scritto da\" \/>\n\t<meta name=\"twitter:data1\" content=\"Claudia Dorigoni\" \/>\n\t<meta name=\"twitter:label2\" content=\"Tempo di lettura stimato\" \/>\n\t<meta name=\"twitter:data2\" content=\"4 minuti\" \/>\n<script type=\"application\/ld+json\" class=\"yoast-schema-graph\">{\"@context\":\"https:\/\/schema.org\",\"@graph\":[{\"@type\":\"Article\",\"@id\":\"https:\/\/www.diocesitn.it\/area-testimonianza\/2022\/08\/22\/da-sanzeno-a-senale-per-i-50-anni-del-gruppo-samuele-vescovo-lauro-figli-della-grande-riconciliazione-di-dio-con-lumanita\/#article\",\"isPartOf\":{\"@id\":\"https:\/\/www.diocesitn.it\/area-testimonianza\/2022\/08\/22\/da-sanzeno-a-senale-per-i-50-anni-del-gruppo-samuele-vescovo-lauro-figli-della-grande-riconciliazione-di-dio-con-lumanita\/\"},\"author\":{\"name\":\"Claudia Dorigoni\",\"@id\":\"https:\/\/www.diocesitn.it\/area-testimonianza\/#\/schema\/person\/5467191b81c25706baf09a59aab380a5\"},\"headline\":\"Da Sanzeno a Senale per i 50 anni del Gruppo Samuele. Vescovo Lauro: &#8220;Figli della grande riconciliazione di Dio con l&#8217;umanit\u00e0&#8221;\",\"datePublished\":\"2022-08-22T07:43:14+00:00\",\"dateModified\":\"2024-04-05T07:46:22+00:00\",\"mainEntityOfPage\":{\"@id\":\"https:\/\/www.diocesitn.it\/area-testimonianza\/2022\/08\/22\/da-sanzeno-a-senale-per-i-50-anni-del-gruppo-samuele-vescovo-lauro-figli-della-grande-riconciliazione-di-dio-con-lumanita\/\"},\"wordCount\":579,\"publisher\":{\"@id\":\"https:\/\/www.diocesitn.it\/area-testimonianza\/#organization\"},\"image\":{\"@id\":\"https:\/\/www.diocesitn.it\/area-testimonianza\/2022\/08\/22\/da-sanzeno-a-senale-per-i-50-anni-del-gruppo-samuele-vescovo-lauro-figli-della-grande-riconciliazione-di-dio-con-lumanita\/#primaryimage\"},\"thumbnailUrl\":\"https:\/\/www.diocesitn.it\/area-testimonianza\/wp-content\/uploads\/sites\/37\/2022\/08\/sanzeno_senale22_4.jpg\",\"keywords\":[\"gruppo Samuele\",\"madonna di senale\",\"pellegrinaggio\",\"Sanzeno\"],\"articleSection\":[\"Area Testimonianza e Impegno sociale\",\"Notizie\"],\"inLanguage\":\"it-IT\",\"copyrightYear\":\"2022\",\"copyrightHolder\":{\"@id\":\"https:\/\/www.diocesitn.it\/#organization\"}},{\"@type\":\"WebPage\",\"@id\":\"https:\/\/www.diocesitn.it\/area-testimonianza\/2022\/08\/22\/da-sanzeno-a-senale-per-i-50-anni-del-gruppo-samuele-vescovo-lauro-figli-della-grande-riconciliazione-di-dio-con-lumanita\/\",\"url\":\"https:\/\/www.diocesitn.it\/area-testimonianza\/2022\/08\/22\/da-sanzeno-a-senale-per-i-50-anni-del-gruppo-samuele-vescovo-lauro-figli-della-grande-riconciliazione-di-dio-con-lumanita\/\",\"name\":\"Da Sanzeno a Senale per i 50 anni del Gruppo Samuele. Vescovo Lauro: \\\"Figli della grande riconciliazione di Dio con l'umanit\u00e0\\\" - Testimonianza e Impegno sociale\",\"isPartOf\":{\"@id\":\"https:\/\/www.diocesitn.it\/area-testimonianza\/#website\"},\"primaryImageOfPage\":{\"@id\":\"https:\/\/www.diocesitn.it\/area-testimonianza\/2022\/08\/22\/da-sanzeno-a-senale-per-i-50-anni-del-gruppo-samuele-vescovo-lauro-figli-della-grande-riconciliazione-di-dio-con-lumanita\/#primaryimage\"},\"image\":{\"@id\":\"https:\/\/www.diocesitn.it\/area-testimonianza\/2022\/08\/22\/da-sanzeno-a-senale-per-i-50-anni-del-gruppo-samuele-vescovo-lauro-figli-della-grande-riconciliazione-di-dio-con-lumanita\/#primaryimage\"},\"thumbnailUrl\":\"https:\/\/www.diocesitn.it\/area-testimonianza\/wp-content\/uploads\/sites\/37\/2022\/08\/sanzeno_senale22_4.jpg\",\"datePublished\":\"2022-08-22T07:43:14+00:00\",\"dateModified\":\"2024-04-05T07:46:22+00:00\",\"breadcrumb\":{\"@id\":\"https:\/\/www.diocesitn.it\/area-testimonianza\/2022\/08\/22\/da-sanzeno-a-senale-per-i-50-anni-del-gruppo-samuele-vescovo-lauro-figli-della-grande-riconciliazione-di-dio-con-lumanita\/#breadcrumb\"},\"inLanguage\":\"it-IT\",\"potentialAction\":[{\"@type\":\"ReadAction\",\"target\":[\"https:\/\/www.diocesitn.it\/area-testimonianza\/2022\/08\/22\/da-sanzeno-a-senale-per-i-50-anni-del-gruppo-samuele-vescovo-lauro-figli-della-grande-riconciliazione-di-dio-con-lumanita\/\"]}]},{\"@type\":\"ImageObject\",\"inLanguage\":\"it-IT\",\"@id\":\"https:\/\/www.diocesitn.it\/area-testimonianza\/2022\/08\/22\/da-sanzeno-a-senale-per-i-50-anni-del-gruppo-samuele-vescovo-lauro-figli-della-grande-riconciliazione-di-dio-con-lumanita\/#primaryimage\",\"url\":\"https:\/\/www.diocesitn.it\/area-testimonianza\/wp-content\/uploads\/sites\/37\/2022\/08\/sanzeno_senale22_4.jpg\",\"contentUrl\":\"https:\/\/www.diocesitn.it\/area-testimonianza\/wp-content\/uploads\/sites\/37\/2022\/08\/sanzeno_senale22_4.jpg\",\"width\":777,\"height\":1599},{\"@type\":\"BreadcrumbList\",\"@id\":\"https:\/\/www.diocesitn.it\/area-testimonianza\/2022\/08\/22\/da-sanzeno-a-senale-per-i-50-anni-del-gruppo-samuele-vescovo-lauro-figli-della-grande-riconciliazione-di-dio-con-lumanita\/#breadcrumb\",\"itemListElement\":[{\"@type\":\"ListItem\",\"position\":1,\"name\":\"Home\",\"item\":\"https:\/\/www.diocesitn.it\/area-testimonianza\/\"},{\"@type\":\"ListItem\",\"position\":2,\"name\":\"Da Sanzeno a Senale per i 50 anni del Gruppo Samuele. Vescovo Lauro: &#8220;Figli della grande riconciliazione di Dio con l&#8217;umanit\u00e0&#8221;\"}]},{\"@type\":\"WebSite\",\"@id\":\"https:\/\/www.diocesitn.it\/area-testimonianza\/#website\",\"url\":\"https:\/\/www.diocesitn.it\/area-testimonianza\/\",\"name\":\"Testimonianza e Impegno sociale\",\"description\":\"Chiesa di Trento\",\"publisher\":{\"@id\":\"https:\/\/www.diocesitn.it\/area-testimonianza\/#organization\"},\"potentialAction\":[{\"@type\":\"SearchAction\",\"target\":{\"@type\":\"EntryPoint\",\"urlTemplate\":\"https:\/\/www.diocesitn.it\/area-testimonianza\/?s={search_term_string}\"},\"query-input\":\"required name=search_term_string\"}],\"inLanguage\":\"it-IT\"},{\"@type\":[\"Organization\",\"Place\"],\"@id\":\"https:\/\/www.diocesitn.it\/area-testimonianza\/#organization\",\"name\":\"Area Testimonianza e Impegno Sociale - Chiesa di Trento\",\"url\":\"https:\/\/www.diocesitn.it\/area-testimonianza\/\",\"logo\":{\"@id\":\"https:\/\/www.diocesitn.it\/area-testimonianza\/2022\/08\/22\/da-sanzeno-a-senale-per-i-50-anni-del-gruppo-samuele-vescovo-lauro-figli-della-grande-riconciliazione-di-dio-con-lumanita\/#local-main-organization-logo\"},\"image\":{\"@id\":\"https:\/\/www.diocesitn.it\/area-testimonianza\/2022\/08\/22\/da-sanzeno-a-senale-per-i-50-anni-del-gruppo-samuele-vescovo-lauro-figli-della-grande-riconciliazione-di-dio-con-lumanita\/#local-main-organization-logo\"},\"openingHoursSpecification\":[{\"@type\":\"OpeningHoursSpecification\",\"dayOfWeek\":[\"Monday\",\"Tuesday\",\"Wednesday\",\"Thursday\",\"Friday\",\"Saturday\",\"Sunday\"],\"opens\":\"09:00\",\"closes\":\"17:00\"}]},{\"@type\":\"ImageObject\",\"inLanguage\":\"it-IT\",\"@id\":\"https:\/\/www.diocesitn.it\/area-testimonianza\/2022\/08\/22\/da-sanzeno-a-senale-per-i-50-anni-del-gruppo-samuele-vescovo-lauro-figli-della-grande-riconciliazione-di-dio-con-lumanita\/#local-main-organization-logo\",\"url\":\"https:\/\/www.diocesitn.it\/area-testimonianza\/wp-content\/uploads\/sites\/37\/2021\/09\/og-logo-testimonianza-e-impegno-sociale.jpg\",\"contentUrl\":\"https:\/\/www.diocesitn.it\/area-testimonianza\/wp-content\/uploads\/sites\/37\/2021\/09\/og-logo-testimonianza-e-impegno-sociale.jpg\",\"width\":1200,\"height\":630,\"caption\":\"Area Testimonianza e Impegno Sociale - Chiesa di Trento\"}]}<\/script>\n<!-- \/ Yoast SEO Premium plugin. -->","yoast_head_json":{"title":"Da Sanzeno a Senale per i 50 anni del Gruppo Samuele. Vescovo Lauro: \"Figli della grande riconciliazione di Dio con l'umanit\u00e0\" - Testimonianza e Impegno sociale","robots":{"index":"index","follow":"follow","max-snippet":"max-snippet:-1","max-image-preview":"max-image-preview:large","max-video-preview":"max-video-preview:-1"},"canonical":"https:\/\/www.diocesitn.it\/area-testimonianza\/2022\/08\/22\/da-sanzeno-a-senale-per-i-50-anni-del-gruppo-samuele-vescovo-lauro-figli-della-grande-riconciliazione-di-dio-con-lumanita\/","og_locale":"it_IT","og_type":"article","og_title":"Da Sanzeno a Senale per i 50 anni del Gruppo Samuele. Vescovo Lauro: \"Figli della grande riconciliazione di Dio con l'umanit\u00e0\"","og_description":"35\u00b0 edizione\u00a0sabato 20 agosto del pellegrinaggio a piedi da Sanzeno a Senale, organizzato dal Gruppo Samuele, giunto al traguardo dei 50 anni di vita. In tanti &#8211; chi partendo dalla Basilica di Sanzeno, chi confluendo","og_url":"https:\/\/www.diocesitn.it\/area-testimonianza\/2022\/08\/22\/da-sanzeno-a-senale-per-i-50-anni-del-gruppo-samuele-vescovo-lauro-figli-della-grande-riconciliazione-di-dio-con-lumanita\/","og_site_name":"Testimonianza e Impegno sociale","article_published_time":"2022-08-22T07:43:14+00:00","article_modified_time":"2024-04-05T07:46:22+00:00","og_image":[{"width":777,"height":1599,"url":"https:\/\/www.diocesitn.it\/area-testimonianza\/wp-content\/uploads\/sites\/37\/2022\/08\/sanzeno_senale22_4.jpg","type":"image\/jpeg"}],"author":"Claudia Dorigoni","twitter_card":"summary_large_image","twitter_misc":{"Scritto da":"Claudia Dorigoni","Tempo di lettura stimato":"4 minuti"},"schema":{"@context":"https:\/\/schema.org","@graph":[{"@type":"Article","@id":"https:\/\/www.diocesitn.it\/area-testimonianza\/2022\/08\/22\/da-sanzeno-a-senale-per-i-50-anni-del-gruppo-samuele-vescovo-lauro-figli-della-grande-riconciliazione-di-dio-con-lumanita\/#article","isPartOf":{"@id":"https:\/\/www.diocesitn.it\/area-testimonianza\/2022\/08\/22\/da-sanzeno-a-senale-per-i-50-anni-del-gruppo-samuele-vescovo-lauro-figli-della-grande-riconciliazione-di-dio-con-lumanita\/"},"author":{"name":"Claudia Dorigoni","@id":"https:\/\/www.diocesitn.it\/area-testimonianza\/#\/schema\/person\/5467191b81c25706baf09a59aab380a5"},"headline":"Da Sanzeno a Senale per i 50 anni del Gruppo Samuele. Vescovo Lauro: &#8220;Figli della grande riconciliazione di Dio con l&#8217;umanit\u00e0&#8221;","datePublished":"2022-08-22T07:43:14+00:00","dateModified":"2024-04-05T07:46:22+00:00","mainEntityOfPage":{"@id":"https:\/\/www.diocesitn.it\/area-testimonianza\/2022\/08\/22\/da-sanzeno-a-senale-per-i-50-anni-del-gruppo-samuele-vescovo-lauro-figli-della-grande-riconciliazione-di-dio-con-lumanita\/"},"wordCount":579,"publisher":{"@id":"https:\/\/www.diocesitn.it\/area-testimonianza\/#organization"},"image":{"@id":"https:\/\/www.diocesitn.it\/area-testimonianza\/2022\/08\/22\/da-sanzeno-a-senale-per-i-50-anni-del-gruppo-samuele-vescovo-lauro-figli-della-grande-riconciliazione-di-dio-con-lumanita\/#primaryimage"},"thumbnailUrl":"https:\/\/www.diocesitn.it\/area-testimonianza\/wp-content\/uploads\/sites\/37\/2022\/08\/sanzeno_senale22_4.jpg","keywords":["gruppo Samuele","madonna di senale","pellegrinaggio","Sanzeno"],"articleSection":["Area Testimonianza e Impegno sociale","Notizie"],"inLanguage":"it-IT","copyrightYear":"2022","copyrightHolder":{"@id":"https:\/\/www.diocesitn.it\/#organization"}},{"@type":"WebPage","@id":"https:\/\/www.diocesitn.it\/area-testimonianza\/2022\/08\/22\/da-sanzeno-a-senale-per-i-50-anni-del-gruppo-samuele-vescovo-lauro-figli-della-grande-riconciliazione-di-dio-con-lumanita\/","url":"https:\/\/www.diocesitn.it\/area-testimonianza\/2022\/08\/22\/da-sanzeno-a-senale-per-i-50-anni-del-gruppo-samuele-vescovo-lauro-figli-della-grande-riconciliazione-di-dio-con-lumanita\/","name":"Da Sanzeno a Senale per i 50 anni del Gruppo Samuele. Vescovo Lauro: \"Figli della grande riconciliazione di Dio con l'umanit\u00e0\" - Testimonianza e Impegno sociale","isPartOf":{"@id":"https:\/\/www.diocesitn.it\/area-testimonianza\/#website"},"primaryImageOfPage":{"@id":"https:\/\/www.diocesitn.it\/area-testimonianza\/2022\/08\/22\/da-sanzeno-a-senale-per-i-50-anni-del-gruppo-samuele-vescovo-lauro-figli-della-grande-riconciliazione-di-dio-con-lumanita\/#primaryimage"},"image":{"@id":"https:\/\/www.diocesitn.it\/area-testimonianza\/2022\/08\/22\/da-sanzeno-a-senale-per-i-50-anni-del-gruppo-samuele-vescovo-lauro-figli-della-grande-riconciliazione-di-dio-con-lumanita\/#primaryimage"},"thumbnailUrl":"https:\/\/www.diocesitn.it\/area-testimonianza\/wp-content\/uploads\/sites\/37\/2022\/08\/sanzeno_senale22_4.jpg","datePublished":"2022-08-22T07:43:14+00:00","dateModified":"2024-04-05T07:46:22+00:00","breadcrumb":{"@id":"https:\/\/www.diocesitn.it\/area-testimonianza\/2022\/08\/22\/da-sanzeno-a-senale-per-i-50-anni-del-gruppo-samuele-vescovo-lauro-figli-della-grande-riconciliazione-di-dio-con-lumanita\/#breadcrumb"},"inLanguage":"it-IT","potentialAction":[{"@type":"ReadAction","target":["https:\/\/www.diocesitn.it\/area-testimonianza\/2022\/08\/22\/da-sanzeno-a-senale-per-i-50-anni-del-gruppo-samuele-vescovo-lauro-figli-della-grande-riconciliazione-di-dio-con-lumanita\/"]}]},{"@type":"ImageObject","inLanguage":"it-IT","@id":"https:\/\/www.diocesitn.it\/area-testimonianza\/2022\/08\/22\/da-sanzeno-a-senale-per-i-50-anni-del-gruppo-samuele-vescovo-lauro-figli-della-grande-riconciliazione-di-dio-con-lumanita\/#primaryimage","url":"https:\/\/www.diocesitn.it\/area-testimonianza\/wp-content\/uploads\/sites\/37\/2022\/08\/sanzeno_senale22_4.jpg","contentUrl":"https:\/\/www.diocesitn.it\/area-testimonianza\/wp-content\/uploads\/sites\/37\/2022\/08\/sanzeno_senale22_4.jpg","width":777,"height":1599},{"@type":"BreadcrumbList","@id":"https:\/\/www.diocesitn.it\/area-testimonianza\/2022\/08\/22\/da-sanzeno-a-senale-per-i-50-anni-del-gruppo-samuele-vescovo-lauro-figli-della-grande-riconciliazione-di-dio-con-lumanita\/#breadcrumb","itemListElement":[{"@type":"ListItem","position":1,"name":"Home","item":"https:\/\/www.diocesitn.it\/area-testimonianza\/"},{"@type":"ListItem","position":2,"name":"Da Sanzeno a Senale per i 50 anni del Gruppo Samuele. Vescovo Lauro: &#8220;Figli della grande riconciliazione di Dio con l&#8217;umanit\u00e0&#8221;"}]},{"@type":"WebSite","@id":"https:\/\/www.diocesitn.it\/area-testimonianza\/#website","url":"https:\/\/www.diocesitn.it\/area-testimonianza\/","name":"Testimonianza e Impegno sociale","description":"Chiesa di Trento","publisher":{"@id":"https:\/\/www.diocesitn.it\/area-testimonianza\/#organization"},"potentialAction":[{"@type":"SearchAction","target":{"@type":"EntryPoint","urlTemplate":"https:\/\/www.diocesitn.it\/area-testimonianza\/?s={search_term_string}"},"query-input":"required name=search_term_string"}],"inLanguage":"it-IT"},{"@type":["Organization","Place"],"@id":"https:\/\/www.diocesitn.it\/area-testimonianza\/#organization","name":"Area Testimonianza e Impegno Sociale - Chiesa di Trento","url":"https:\/\/www.diocesitn.it\/area-testimonianza\/","logo":{"@id":"https:\/\/www.diocesitn.it\/area-testimonianza\/2022\/08\/22\/da-sanzeno-a-senale-per-i-50-anni-del-gruppo-samuele-vescovo-lauro-figli-della-grande-riconciliazione-di-dio-con-lumanita\/#local-main-organization-logo"},"image":{"@id":"https:\/\/www.diocesitn.it\/area-testimonianza\/2022\/08\/22\/da-sanzeno-a-senale-per-i-50-anni-del-gruppo-samuele-vescovo-lauro-figli-della-grande-riconciliazione-di-dio-con-lumanita\/#local-main-organization-logo"},"openingHoursSpecification":[{"@type":"OpeningHoursSpecification","dayOfWeek":["Monday","Tuesday","Wednesday","Thursday","Friday","Saturday","Sunday"],"opens":"09:00","closes":"17:00"}]},{"@type":"ImageObject","inLanguage":"it-IT","@id":"https:\/\/www.diocesitn.it\/area-testimonianza\/2022\/08\/22\/da-sanzeno-a-senale-per-i-50-anni-del-gruppo-samuele-vescovo-lauro-figli-della-grande-riconciliazione-di-dio-con-lumanita\/#local-main-organization-logo","url":"https:\/\/www.diocesitn.it\/area-testimonianza\/wp-content\/uploads\/sites\/37\/2021\/09\/og-logo-testimonianza-e-impegno-sociale.jpg","contentUrl":"https:\/\/www.diocesitn.it\/area-testimonianza\/wp-content\/uploads\/sites\/37\/2021\/09\/og-logo-testimonianza-e-impegno-sociale.jpg","width":1200,"height":630,"caption":"Area Testimonianza e Impegno Sociale - Chiesa di Trento"}]}},"_links":{"self":[{"href":"https:\/\/www.diocesitn.it\/area-testimonianza\/wp-json\/wp\/v2\/posts\/11876","targetHints":{"allow":["GET"]}}],"collection":[{"href":"https:\/\/www.diocesitn.it\/area-testimonianza\/wp-json\/wp\/v2\/posts"}],"about":[{"href":"https:\/\/www.diocesitn.it\/area-testimonianza\/wp-json\/wp\/v2\/types\/post"}],"author":[{"embeddable":true,"href":"https:\/\/www.diocesitn.it\/area-testimonianza\/wp-json\/wp\/v2\/users\/4"}],"replies":[{"embeddable":true,"href":"https:\/\/www.diocesitn.it\/area-testimonianza\/wp-json\/wp\/v2\/comments?post=11876"}],"version-history":[{"count":2,"href":"https:\/\/www.diocesitn.it\/area-testimonianza\/wp-json\/wp\/v2\/posts\/11876\/revisions"}],"predecessor-version":[{"id":11889,"href":"https:\/\/www.diocesitn.it\/area-testimonianza\/wp-json\/wp\/v2\/posts\/11876\/revisions\/11889"}],"wp:featuredmedia":[{"embeddable":true,"href":"https:\/\/www.diocesitn.it\/area-testimonianza\/wp-json\/wp\/v2\/media\/11881"}],"wp:attachment":[{"href":"https:\/\/www.diocesitn.it\/area-testimonianza\/wp-json\/wp\/v2\/media?parent=11876"}],"wp:term":[{"taxonomy":"category","embeddable":true,"href":"https:\/\/www.diocesitn.it\/area-testimonianza\/wp-json\/wp\/v2\/categories?post=11876"},{"taxonomy":"post_tag","embeddable":true,"href":"https:\/\/www.diocesitn.it\/area-testimonianza\/wp-json\/wp\/v2\/tags?post=11876"}],"curies":[{"name":"wp","href":"https:\/\/api.w.org\/{rel}","templated":true}]}}