{"id":11781,"date":"2022-08-05T15:26:01","date_gmt":"2022-08-05T13:26:01","guid":{"rendered":"https:\/\/www.diocesitn.it\/area-testimonianza\/?p=11781"},"modified":"2022-08-23T09:22:41","modified_gmt":"2022-08-23T07:22:41","slug":"sabato-20-agosto-torna-il-pellegrinaggio-da-sanzeno-a-senale-nel-50-del-gruppo-samuele","status":"publish","type":"post","link":"https:\/\/www.diocesitn.it\/area-testimonianza\/2022\/08\/05\/sabato-20-agosto-torna-il-pellegrinaggio-da-sanzeno-a-senale-nel-50-del-gruppo-samuele\/","title":{"rendered":"Sabato 20 agosto torna il pellegrinaggio da Sanzeno a Senale, nel 50\u00b0 del Gruppo Samuele"},"content":{"rendered":"<p><a href=\"https:\/\/www.diocesitn.it\/area-testimonianza\/wp-content\/uploads\/sites\/37\/2022\/08\/Itinerario-cartina-scaled.jpg\"><img loading=\"lazy\" decoding=\"async\" class=\" wp-image-11846 alignright\" src=\"https:\/\/www.diocesitn.it\/area-testimonianza\/wp-content\/uploads\/sites\/37\/2022\/08\/Itinerario-cartina-185x300.jpg\" alt=\"\" width=\"301\" height=\"488\" srcset=\"https:\/\/www.diocesitn.it\/area-testimonianza\/wp-content\/uploads\/sites\/37\/2022\/08\/Itinerario-cartina-185x300.jpg 185w, https:\/\/www.diocesitn.it\/area-testimonianza\/wp-content\/uploads\/sites\/37\/2022\/08\/Itinerario-cartina-633x1024.jpg 633w, https:\/\/www.diocesitn.it\/area-testimonianza\/wp-content\/uploads\/sites\/37\/2022\/08\/Itinerario-cartina-768x1243.jpg 768w, https:\/\/www.diocesitn.it\/area-testimonianza\/wp-content\/uploads\/sites\/37\/2022\/08\/Itinerario-cartina-173x280.jpg 173w, https:\/\/www.diocesitn.it\/area-testimonianza\/wp-content\/uploads\/sites\/37\/2022\/08\/Itinerario-cartina-474x768.jpg 474w, https:\/\/www.diocesitn.it\/area-testimonianza\/wp-content\/uploads\/sites\/37\/2022\/08\/Itinerario-cartina-949x1536.jpg 949w, https:\/\/www.diocesitn.it\/area-testimonianza\/wp-content\/uploads\/sites\/37\/2022\/08\/Itinerario-cartina-1265x2048.jpg 1265w, https:\/\/www.diocesitn.it\/area-testimonianza\/wp-content\/uploads\/sites\/37\/2022\/08\/Itinerario-cartina-800x1295.jpg 800w, https:\/\/www.diocesitn.it\/area-testimonianza\/wp-content\/uploads\/sites\/37\/2022\/08\/Itinerario-cartina-1200x1943.jpg 1200w, https:\/\/www.diocesitn.it\/area-testimonianza\/wp-content\/uploads\/sites\/37\/2022\/08\/Itinerario-cartina-1320x2137.jpg 1320w, https:\/\/www.diocesitn.it\/area-testimonianza\/wp-content\/uploads\/sites\/37\/2022\/08\/Itinerario-cartina-scaled.jpg 1581w\" sizes=\"auto, (max-width: 301px) 100vw, 301px\" \/><\/a><\/p>\n<p><strong>35\u00b0 PELLEGRINAGGIO A PIEDI DA SANZENO ALLA MADONNA DI SENALE<\/strong><\/p>\n<p><em>&#8220;Il tempo \u00e8 un dono&#8230; il dono del tempo&#8221;<\/em> \u00e8 il tema che animer\u00e0 il tradizionale <strong>pellegrinaggio da Sanzeno al Santuario della\u00a0<\/strong><strong style=\"font-size: inherit\">Madonna del Senale<\/strong><span style=\"font-size: inherit\">, in programma sabato 20 agosto 2022<\/span><span style=\"font-size: inherit\">. Lo organizza il <strong>gruppo noneso di spiritualit\u00e0 Samuele, che quest&#8217;anno festeggia i 50 anni di attivit\u00e0.<\/strong><\/span><\/p>\n<p><strong>IL PROGRAMMA<\/strong><\/p>\n<p>Partenza dalla basilica dei Santi Martiri alle ore 4. Lungo i 24 chilometri del percorso, su antichi sentieri, sono previste otto tappe in chiese o luoghi di culto, per giungere al santuario, toccando il territorio altoatesino, poco dopo mezzogiorno. Guider\u00e0 il pellegrinaggio d. Cristiano Bettega, delegato dell&#8217;Area Testimonianza e Impegno sociale, con momenti di silenzio, meditazione e preghiera ispirati al tempo, tema guida del camminare pregando. Alle 17 in Basilica a Sanzeno, il vescovo Lauro celebrer\u00e0 la santa Messa. &#8220;Chiunque potr\u00e0 aggregarsi lungo la strada&#8221; \u00e8 l&#8217;invito di Clara Graziadei, responsabile del gruppo Samuele.<\/p>\n<p><strong>LE ALTRE INIZIATIVE<\/strong><\/p>\n<ul>\n<li><strong>mercoled\u00ec 17 agosto<\/strong> in Basilica a Sanzeno ad ore 20.30, incontro dal tema: &#8220;La gratitudine&#8221; aperto a tutti.<\/li>\n<li><strong>gioved\u00ec 18 agosto<\/strong> sempre in Basilica a Sanzeno ad ore 20.30 p. Enrico Sironi e d. Daniele Armani, responsabile della Pastorale Giovanile di Zona, incontreranno i giovani, in riferimento a quanto sollecita il vescovo Lauro nella sua ultima lettera pastorale <a href=\"https:\/\/www.diocesitn.it\/wp-content\/uploads\/2022\/06\/Lettera-Comunita-giugno-2022.pdf\">&#8220;La strada&#8221;<\/a>: &#8220;<em>I giovani siano il crocevia del futuro della nostra societ\u00e0 e a maggior ragione delle comunit\u00e0 credenti. Se Ges\u00f9 ci offre in se stesso il motivo per credere nella bellezza dell&#8217;umano, l&#8217;umano ancora pi\u00f9 bello si specchia nei volti di ragazze e ragazzi che ci chiedono solo ascolto e fiducia&#8221;.<\/em><\/li>\n<\/ul>\n<p>&nbsp;<\/p>\n","protected":false},"excerpt":{"rendered":"<p>35\u00b0 PELLEGRINAGGIO A PIEDI DA SANZENO ALLA MADONNA DI SENALE &#8220;Il tempo \u00e8 un dono&#8230; il dono del tempo&#8221; \u00e8 il tema che animer\u00e0 il tradizionale pellegrinaggio da Sanzeno al Santuario della\u00a0Madonna del Senale, in<\/p>\n","protected":false},"author":4,"featured_media":11847,"comment_status":"closed","ping_status":"closed","sticky":false,"template":"","format":"standard","meta":{"footnotes":""},"categories":[1130,1074],"tags":[2037,2038,1128,1740],"class_list":["post-11781","post","type-post","status-publish","format-standard","has-post-thumbnail","hentry","category-servizio-ecumenismo-e-dialogo","category-notizie","tag-gruppo-samuele","tag-madonna-di-senale","tag-pellegrinaggio","tag-sanzeno"],"acf":{"seed-localization-paese-cod":"IT","seed-localization-address":"","seed-localization-citta":"Trento","seed-localization-regione-cod-istat":"04","seed-localization-citta-cod-istat":"022205","seed-localization-localita":"","seed-localization-cap":"","seed-localization-marker-visibility":false,"seed-localization-children-visibility":false,"seed-localization-kml":"","seed-localization-custom-marker":""},"yoast_head":"<!-- This site is optimized with the Yoast SEO Premium plugin v20.2.1 (Yoast SEO v22.2) - https:\/\/yoast.com\/wordpress\/plugins\/seo\/ -->\n<title>Sabato 20 agosto torna il pellegrinaggio da Sanzeno a Senale, nel 50\u00b0 del Gruppo Samuele - Testimonianza e Impegno sociale<\/title>\n<meta name=\"robots\" content=\"index, follow, max-snippet:-1, max-image-preview:large, max-video-preview:-1\" \/>\n<link rel=\"canonical\" href=\"https:\/\/www.diocesitn.it\/area-testimonianza\/2022\/08\/05\/sabato-20-agosto-torna-il-pellegrinaggio-da-sanzeno-a-senale-nel-50-del-gruppo-samuele\/\" \/>\n<meta property=\"og:locale\" content=\"it_IT\" \/>\n<meta property=\"og:type\" content=\"article\" \/>\n<meta property=\"og:title\" content=\"Sabato 20 agosto torna il pellegrinaggio da Sanzeno a Senale, nel 50\u00b0 del Gruppo Samuele\" \/>\n<meta property=\"og:description\" content=\"35\u00b0 PELLEGRINAGGIO A PIEDI DA SANZENO ALLA MADONNA DI SENALE &#8220;Il tempo \u00e8 un dono&#8230; il dono del tempo&#8221; \u00e8 il tema che animer\u00e0 il tradizionale pellegrinaggio da Sanzeno al Santuario della\u00a0Madonna del Senale, in\" \/>\n<meta property=\"og:url\" content=\"https:\/\/www.diocesitn.it\/area-testimonianza\/2022\/08\/05\/sabato-20-agosto-torna-il-pellegrinaggio-da-sanzeno-a-senale-nel-50-del-gruppo-samuele\/\" \/>\n<meta property=\"og:site_name\" content=\"Testimonianza e Impegno sociale\" \/>\n<meta property=\"article:published_time\" content=\"2022-08-05T13:26:01+00:00\" \/>\n<meta property=\"article:modified_time\" content=\"2022-08-23T07:22:41+00:00\" \/>\n<meta property=\"og:image\" content=\"https:\/\/www.diocesitn.it\/area-testimonianza\/wp-content\/uploads\/sites\/37\/2022\/08\/Preghiera-delle-donne-ceri.jpg\" \/>\n\t<meta property=\"og:image:width\" content=\"2149\" \/>\n\t<meta property=\"og:image:height\" content=\"1511\" \/>\n\t<meta property=\"og:image:type\" content=\"image\/jpeg\" \/>\n<meta name=\"author\" content=\"Claudia Dorigoni\" \/>\n<meta name=\"twitter:card\" content=\"summary_large_image\" \/>\n<meta name=\"twitter:label1\" content=\"Scritto da\" \/>\n\t<meta name=\"twitter:data1\" content=\"Claudia Dorigoni\" \/>\n\t<meta name=\"twitter:label2\" content=\"Tempo di lettura stimato\" \/>\n\t<meta name=\"twitter:data2\" content=\"2 minuti\" \/>\n<script type=\"application\/ld+json\" class=\"yoast-schema-graph\">{\"@context\":\"https:\/\/schema.org\",\"@graph\":[{\"@type\":\"Article\",\"@id\":\"https:\/\/www.diocesitn.it\/area-testimonianza\/2022\/08\/05\/sabato-20-agosto-torna-il-pellegrinaggio-da-sanzeno-a-senale-nel-50-del-gruppo-samuele\/#article\",\"isPartOf\":{\"@id\":\"https:\/\/www.diocesitn.it\/area-testimonianza\/2022\/08\/05\/sabato-20-agosto-torna-il-pellegrinaggio-da-sanzeno-a-senale-nel-50-del-gruppo-samuele\/\"},\"author\":{\"name\":\"Claudia Dorigoni\",\"@id\":\"https:\/\/www.diocesitn.it\/area-testimonianza\/#\/schema\/person\/5467191b81c25706baf09a59aab380a5\"},\"headline\":\"Sabato 20 agosto torna il pellegrinaggio da Sanzeno a Senale, nel 50\u00b0 del Gruppo Samuele\",\"datePublished\":\"2022-08-05T13:26:01+00:00\",\"dateModified\":\"2022-08-23T07:22:41+00:00\",\"mainEntityOfPage\":{\"@id\":\"https:\/\/www.diocesitn.it\/area-testimonianza\/2022\/08\/05\/sabato-20-agosto-torna-il-pellegrinaggio-da-sanzeno-a-senale-nel-50-del-gruppo-samuele\/\"},\"wordCount\":266,\"publisher\":{\"@id\":\"https:\/\/www.diocesitn.it\/area-testimonianza\/#organization\"},\"image\":{\"@id\":\"https:\/\/www.diocesitn.it\/area-testimonianza\/2022\/08\/05\/sabato-20-agosto-torna-il-pellegrinaggio-da-sanzeno-a-senale-nel-50-del-gruppo-samuele\/#primaryimage\"},\"thumbnailUrl\":\"https:\/\/www.diocesitn.it\/area-testimonianza\/wp-content\/uploads\/sites\/37\/2022\/08\/Preghiera-delle-donne-ceri.jpg\",\"keywords\":[\"gruppo Samuele\",\"madonna di senale\",\"pellegrinaggio\",\"Sanzeno\"],\"articleSection\":[\"Ecumenismo e Dialogo interreligioso\",\"Notizie\"],\"inLanguage\":\"it-IT\",\"copyrightYear\":\"2022\",\"copyrightHolder\":{\"@id\":\"https:\/\/www.diocesitn.it\/#organization\"}},{\"@type\":\"WebPage\",\"@id\":\"https:\/\/www.diocesitn.it\/area-testimonianza\/2022\/08\/05\/sabato-20-agosto-torna-il-pellegrinaggio-da-sanzeno-a-senale-nel-50-del-gruppo-samuele\/\",\"url\":\"https:\/\/www.diocesitn.it\/area-testimonianza\/2022\/08\/05\/sabato-20-agosto-torna-il-pellegrinaggio-da-sanzeno-a-senale-nel-50-del-gruppo-samuele\/\",\"name\":\"Sabato 20 agosto torna il pellegrinaggio da Sanzeno a Senale, nel 50\u00b0 del Gruppo Samuele - Testimonianza e Impegno sociale\",\"isPartOf\":{\"@id\":\"https:\/\/www.diocesitn.it\/area-testimonianza\/#website\"},\"primaryImageOfPage\":{\"@id\":\"https:\/\/www.diocesitn.it\/area-testimonianza\/2022\/08\/05\/sabato-20-agosto-torna-il-pellegrinaggio-da-sanzeno-a-senale-nel-50-del-gruppo-samuele\/#primaryimage\"},\"image\":{\"@id\":\"https:\/\/www.diocesitn.it\/area-testimonianza\/2022\/08\/05\/sabato-20-agosto-torna-il-pellegrinaggio-da-sanzeno-a-senale-nel-50-del-gruppo-samuele\/#primaryimage\"},\"thumbnailUrl\":\"https:\/\/www.diocesitn.it\/area-testimonianza\/wp-content\/uploads\/sites\/37\/2022\/08\/Preghiera-delle-donne-ceri.jpg\",\"datePublished\":\"2022-08-05T13:26:01+00:00\",\"dateModified\":\"2022-08-23T07:22:41+00:00\",\"breadcrumb\":{\"@id\":\"https:\/\/www.diocesitn.it\/area-testimonianza\/2022\/08\/05\/sabato-20-agosto-torna-il-pellegrinaggio-da-sanzeno-a-senale-nel-50-del-gruppo-samuele\/#breadcrumb\"},\"inLanguage\":\"it-IT\",\"potentialAction\":[{\"@type\":\"ReadAction\",\"target\":[\"https:\/\/www.diocesitn.it\/area-testimonianza\/2022\/08\/05\/sabato-20-agosto-torna-il-pellegrinaggio-da-sanzeno-a-senale-nel-50-del-gruppo-samuele\/\"]}]},{\"@type\":\"ImageObject\",\"inLanguage\":\"it-IT\",\"@id\":\"https:\/\/www.diocesitn.it\/area-testimonianza\/2022\/08\/05\/sabato-20-agosto-torna-il-pellegrinaggio-da-sanzeno-a-senale-nel-50-del-gruppo-samuele\/#primaryimage\",\"url\":\"https:\/\/www.diocesitn.it\/area-testimonianza\/wp-content\/uploads\/sites\/37\/2022\/08\/Preghiera-delle-donne-ceri.jpg\",\"contentUrl\":\"https:\/\/www.diocesitn.it\/area-testimonianza\/wp-content\/uploads\/sites\/37\/2022\/08\/Preghiera-delle-donne-ceri.jpg\",\"width\":2149,\"height\":1511},{\"@type\":\"BreadcrumbList\",\"@id\":\"https:\/\/www.diocesitn.it\/area-testimonianza\/2022\/08\/05\/sabato-20-agosto-torna-il-pellegrinaggio-da-sanzeno-a-senale-nel-50-del-gruppo-samuele\/#breadcrumb\",\"itemListElement\":[{\"@type\":\"ListItem\",\"position\":1,\"name\":\"Home\",\"item\":\"https:\/\/www.diocesitn.it\/area-testimonianza\/\"},{\"@type\":\"ListItem\",\"position\":2,\"name\":\"Sabato 20 agosto torna il pellegrinaggio da Sanzeno a Senale, nel 50\u00b0 del Gruppo Samuele\"}]},{\"@type\":\"WebSite\",\"@id\":\"https:\/\/www.diocesitn.it\/area-testimonianza\/#website\",\"url\":\"https:\/\/www.diocesitn.it\/area-testimonianza\/\",\"name\":\"Testimonianza e Impegno sociale\",\"description\":\"Chiesa di Trento\",\"publisher\":{\"@id\":\"https:\/\/www.diocesitn.it\/area-testimonianza\/#organization\"},\"potentialAction\":[{\"@type\":\"SearchAction\",\"target\":{\"@type\":\"EntryPoint\",\"urlTemplate\":\"https:\/\/www.diocesitn.it\/area-testimonianza\/?s={search_term_string}\"},\"query-input\":\"required name=search_term_string\"}],\"inLanguage\":\"it-IT\"},{\"@type\":[\"Organization\",\"Place\"],\"@id\":\"https:\/\/www.diocesitn.it\/area-testimonianza\/#organization\",\"name\":\"Area Testimonianza e Impegno Sociale - Chiesa di Trento\",\"url\":\"https:\/\/www.diocesitn.it\/area-testimonianza\/\",\"logo\":{\"@id\":\"https:\/\/www.diocesitn.it\/area-testimonianza\/2022\/08\/05\/sabato-20-agosto-torna-il-pellegrinaggio-da-sanzeno-a-senale-nel-50-del-gruppo-samuele\/#local-main-organization-logo\"},\"image\":{\"@id\":\"https:\/\/www.diocesitn.it\/area-testimonianza\/2022\/08\/05\/sabato-20-agosto-torna-il-pellegrinaggio-da-sanzeno-a-senale-nel-50-del-gruppo-samuele\/#local-main-organization-logo\"},\"openingHoursSpecification\":[{\"@type\":\"OpeningHoursSpecification\",\"dayOfWeek\":[\"Monday\",\"Tuesday\",\"Wednesday\",\"Thursday\",\"Friday\",\"Saturday\",\"Sunday\"],\"opens\":\"09:00\",\"closes\":\"17:00\"}]},{\"@type\":\"ImageObject\",\"inLanguage\":\"it-IT\",\"@id\":\"https:\/\/www.diocesitn.it\/area-testimonianza\/2022\/08\/05\/sabato-20-agosto-torna-il-pellegrinaggio-da-sanzeno-a-senale-nel-50-del-gruppo-samuele\/#local-main-organization-logo\",\"url\":\"https:\/\/www.diocesitn.it\/area-testimonianza\/wp-content\/uploads\/sites\/37\/2021\/09\/og-logo-testimonianza-e-impegno-sociale.jpg\",\"contentUrl\":\"https:\/\/www.diocesitn.it\/area-testimonianza\/wp-content\/uploads\/sites\/37\/2021\/09\/og-logo-testimonianza-e-impegno-sociale.jpg\",\"width\":1200,\"height\":630,\"caption\":\"Area Testimonianza e Impegno Sociale - Chiesa di Trento\"}]}<\/script>\n<!-- \/ Yoast SEO Premium plugin. -->","yoast_head_json":{"title":"Sabato 20 agosto torna il pellegrinaggio da Sanzeno a Senale, nel 50\u00b0 del Gruppo Samuele - Testimonianza e Impegno sociale","robots":{"index":"index","follow":"follow","max-snippet":"max-snippet:-1","max-image-preview":"max-image-preview:large","max-video-preview":"max-video-preview:-1"},"canonical":"https:\/\/www.diocesitn.it\/area-testimonianza\/2022\/08\/05\/sabato-20-agosto-torna-il-pellegrinaggio-da-sanzeno-a-senale-nel-50-del-gruppo-samuele\/","og_locale":"it_IT","og_type":"article","og_title":"Sabato 20 agosto torna il pellegrinaggio da Sanzeno a Senale, nel 50\u00b0 del Gruppo Samuele","og_description":"35\u00b0 PELLEGRINAGGIO A PIEDI DA SANZENO ALLA MADONNA DI SENALE &#8220;Il tempo \u00e8 un dono&#8230; il dono del tempo&#8221; \u00e8 il tema che animer\u00e0 il tradizionale pellegrinaggio da Sanzeno al Santuario della\u00a0Madonna del Senale, in","og_url":"https:\/\/www.diocesitn.it\/area-testimonianza\/2022\/08\/05\/sabato-20-agosto-torna-il-pellegrinaggio-da-sanzeno-a-senale-nel-50-del-gruppo-samuele\/","og_site_name":"Testimonianza e Impegno sociale","article_published_time":"2022-08-05T13:26:01+00:00","article_modified_time":"2022-08-23T07:22:41+00:00","og_image":[{"width":2149,"height":1511,"url":"https:\/\/www.diocesitn.it\/area-testimonianza\/wp-content\/uploads\/sites\/37\/2022\/08\/Preghiera-delle-donne-ceri.jpg","type":"image\/jpeg"}],"author":"Claudia Dorigoni","twitter_card":"summary_large_image","twitter_misc":{"Scritto da":"Claudia Dorigoni","Tempo di lettura stimato":"2 minuti"},"schema":{"@context":"https:\/\/schema.org","@graph":[{"@type":"Article","@id":"https:\/\/www.diocesitn.it\/area-testimonianza\/2022\/08\/05\/sabato-20-agosto-torna-il-pellegrinaggio-da-sanzeno-a-senale-nel-50-del-gruppo-samuele\/#article","isPartOf":{"@id":"https:\/\/www.diocesitn.it\/area-testimonianza\/2022\/08\/05\/sabato-20-agosto-torna-il-pellegrinaggio-da-sanzeno-a-senale-nel-50-del-gruppo-samuele\/"},"author":{"name":"Claudia Dorigoni","@id":"https:\/\/www.diocesitn.it\/area-testimonianza\/#\/schema\/person\/5467191b81c25706baf09a59aab380a5"},"headline":"Sabato 20 agosto torna il pellegrinaggio da Sanzeno a Senale, nel 50\u00b0 del Gruppo Samuele","datePublished":"2022-08-05T13:26:01+00:00","dateModified":"2022-08-23T07:22:41+00:00","mainEntityOfPage":{"@id":"https:\/\/www.diocesitn.it\/area-testimonianza\/2022\/08\/05\/sabato-20-agosto-torna-il-pellegrinaggio-da-sanzeno-a-senale-nel-50-del-gruppo-samuele\/"},"wordCount":266,"publisher":{"@id":"https:\/\/www.diocesitn.it\/area-testimonianza\/#organization"},"image":{"@id":"https:\/\/www.diocesitn.it\/area-testimonianza\/2022\/08\/05\/sabato-20-agosto-torna-il-pellegrinaggio-da-sanzeno-a-senale-nel-50-del-gruppo-samuele\/#primaryimage"},"thumbnailUrl":"https:\/\/www.diocesitn.it\/area-testimonianza\/wp-content\/uploads\/sites\/37\/2022\/08\/Preghiera-delle-donne-ceri.jpg","keywords":["gruppo Samuele","madonna di senale","pellegrinaggio","Sanzeno"],"articleSection":["Ecumenismo e Dialogo interreligioso","Notizie"],"inLanguage":"it-IT","copyrightYear":"2022","copyrightHolder":{"@id":"https:\/\/www.diocesitn.it\/#organization"}},{"@type":"WebPage","@id":"https:\/\/www.diocesitn.it\/area-testimonianza\/2022\/08\/05\/sabato-20-agosto-torna-il-pellegrinaggio-da-sanzeno-a-senale-nel-50-del-gruppo-samuele\/","url":"https:\/\/www.diocesitn.it\/area-testimonianza\/2022\/08\/05\/sabato-20-agosto-torna-il-pellegrinaggio-da-sanzeno-a-senale-nel-50-del-gruppo-samuele\/","name":"Sabato 20 agosto torna il pellegrinaggio da Sanzeno a Senale, nel 50\u00b0 del Gruppo Samuele - Testimonianza e Impegno sociale","isPartOf":{"@id":"https:\/\/www.diocesitn.it\/area-testimonianza\/#website"},"primaryImageOfPage":{"@id":"https:\/\/www.diocesitn.it\/area-testimonianza\/2022\/08\/05\/sabato-20-agosto-torna-il-pellegrinaggio-da-sanzeno-a-senale-nel-50-del-gruppo-samuele\/#primaryimage"},"image":{"@id":"https:\/\/www.diocesitn.it\/area-testimonianza\/2022\/08\/05\/sabato-20-agosto-torna-il-pellegrinaggio-da-sanzeno-a-senale-nel-50-del-gruppo-samuele\/#primaryimage"},"thumbnailUrl":"https:\/\/www.diocesitn.it\/area-testimonianza\/wp-content\/uploads\/sites\/37\/2022\/08\/Preghiera-delle-donne-ceri.jpg","datePublished":"2022-08-05T13:26:01+00:00","dateModified":"2022-08-23T07:22:41+00:00","breadcrumb":{"@id":"https:\/\/www.diocesitn.it\/area-testimonianza\/2022\/08\/05\/sabato-20-agosto-torna-il-pellegrinaggio-da-sanzeno-a-senale-nel-50-del-gruppo-samuele\/#breadcrumb"},"inLanguage":"it-IT","potentialAction":[{"@type":"ReadAction","target":["https:\/\/www.diocesitn.it\/area-testimonianza\/2022\/08\/05\/sabato-20-agosto-torna-il-pellegrinaggio-da-sanzeno-a-senale-nel-50-del-gruppo-samuele\/"]}]},{"@type":"ImageObject","inLanguage":"it-IT","@id":"https:\/\/www.diocesitn.it\/area-testimonianza\/2022\/08\/05\/sabato-20-agosto-torna-il-pellegrinaggio-da-sanzeno-a-senale-nel-50-del-gruppo-samuele\/#primaryimage","url":"https:\/\/www.diocesitn.it\/area-testimonianza\/wp-content\/uploads\/sites\/37\/2022\/08\/Preghiera-delle-donne-ceri.jpg","contentUrl":"https:\/\/www.diocesitn.it\/area-testimonianza\/wp-content\/uploads\/sites\/37\/2022\/08\/Preghiera-delle-donne-ceri.jpg","width":2149,"height":1511},{"@type":"BreadcrumbList","@id":"https:\/\/www.diocesitn.it\/area-testimonianza\/2022\/08\/05\/sabato-20-agosto-torna-il-pellegrinaggio-da-sanzeno-a-senale-nel-50-del-gruppo-samuele\/#breadcrumb","itemListElement":[{"@type":"ListItem","position":1,"name":"Home","item":"https:\/\/www.diocesitn.it\/area-testimonianza\/"},{"@type":"ListItem","position":2,"name":"Sabato 20 agosto torna il pellegrinaggio da Sanzeno a Senale, nel 50\u00b0 del Gruppo Samuele"}]},{"@type":"WebSite","@id":"https:\/\/www.diocesitn.it\/area-testimonianza\/#website","url":"https:\/\/www.diocesitn.it\/area-testimonianza\/","name":"Testimonianza e Impegno sociale","description":"Chiesa di Trento","publisher":{"@id":"https:\/\/www.diocesitn.it\/area-testimonianza\/#organization"},"potentialAction":[{"@type":"SearchAction","target":{"@type":"EntryPoint","urlTemplate":"https:\/\/www.diocesitn.it\/area-testimonianza\/?s={search_term_string}"},"query-input":"required name=search_term_string"}],"inLanguage":"it-IT"},{"@type":["Organization","Place"],"@id":"https:\/\/www.diocesitn.it\/area-testimonianza\/#organization","name":"Area Testimonianza e Impegno Sociale - Chiesa di Trento","url":"https:\/\/www.diocesitn.it\/area-testimonianza\/","logo":{"@id":"https:\/\/www.diocesitn.it\/area-testimonianza\/2022\/08\/05\/sabato-20-agosto-torna-il-pellegrinaggio-da-sanzeno-a-senale-nel-50-del-gruppo-samuele\/#local-main-organization-logo"},"image":{"@id":"https:\/\/www.diocesitn.it\/area-testimonianza\/2022\/08\/05\/sabato-20-agosto-torna-il-pellegrinaggio-da-sanzeno-a-senale-nel-50-del-gruppo-samuele\/#local-main-organization-logo"},"openingHoursSpecification":[{"@type":"OpeningHoursSpecification","dayOfWeek":["Monday","Tuesday","Wednesday","Thursday","Friday","Saturday","Sunday"],"opens":"09:00","closes":"17:00"}]},{"@type":"ImageObject","inLanguage":"it-IT","@id":"https:\/\/www.diocesitn.it\/area-testimonianza\/2022\/08\/05\/sabato-20-agosto-torna-il-pellegrinaggio-da-sanzeno-a-senale-nel-50-del-gruppo-samuele\/#local-main-organization-logo","url":"https:\/\/www.diocesitn.it\/area-testimonianza\/wp-content\/uploads\/sites\/37\/2021\/09\/og-logo-testimonianza-e-impegno-sociale.jpg","contentUrl":"https:\/\/www.diocesitn.it\/area-testimonianza\/wp-content\/uploads\/sites\/37\/2021\/09\/og-logo-testimonianza-e-impegno-sociale.jpg","width":1200,"height":630,"caption":"Area Testimonianza e Impegno Sociale - Chiesa di Trento"}]}},"_links":{"self":[{"href":"https:\/\/www.diocesitn.it\/area-testimonianza\/wp-json\/wp\/v2\/posts\/11781","targetHints":{"allow":["GET"]}}],"collection":[{"href":"https:\/\/www.diocesitn.it\/area-testimonianza\/wp-json\/wp\/v2\/posts"}],"about":[{"href":"https:\/\/www.diocesitn.it\/area-testimonianza\/wp-json\/wp\/v2\/types\/post"}],"author":[{"embeddable":true,"href":"https:\/\/www.diocesitn.it\/area-testimonianza\/wp-json\/wp\/v2\/users\/4"}],"replies":[{"embeddable":true,"href":"https:\/\/www.diocesitn.it\/area-testimonianza\/wp-json\/wp\/v2\/comments?post=11781"}],"version-history":[{"count":3,"href":"https:\/\/www.diocesitn.it\/area-testimonianza\/wp-json\/wp\/v2\/posts\/11781\/revisions"}],"predecessor-version":[{"id":11852,"href":"https:\/\/www.diocesitn.it\/area-testimonianza\/wp-json\/wp\/v2\/posts\/11781\/revisions\/11852"}],"wp:featuredmedia":[{"embeddable":true,"href":"https:\/\/www.diocesitn.it\/area-testimonianza\/wp-json\/wp\/v2\/media\/11847"}],"wp:attachment":[{"href":"https:\/\/www.diocesitn.it\/area-testimonianza\/wp-json\/wp\/v2\/media?parent=11781"}],"wp:term":[{"taxonomy":"category","embeddable":true,"href":"https:\/\/www.diocesitn.it\/area-testimonianza\/wp-json\/wp\/v2\/categories?post=11781"},{"taxonomy":"post_tag","embeddable":true,"href":"https:\/\/www.diocesitn.it\/area-testimonianza\/wp-json\/wp\/v2\/tags?post=11781"}],"curies":[{"name":"wp","href":"https:\/\/api.w.org\/{rel}","templated":true}]}}