{"id":11716,"date":"2022-07-21T12:00:11","date_gmt":"2022-07-21T10:00:11","guid":{"rendered":"https:\/\/www.diocesitn.it\/area-testimonianza\/?p=11716"},"modified":"2024-04-05T09:46:29","modified_gmt":"2024-04-05T07:46:29","slug":"forti-emozioni-e-calorose-testimonianze-in-albania-insolita-meta-di-pellegrinaggio-dal-9-al-16-luglio","status":"publish","type":"post","link":"https:\/\/www.diocesitn.it\/area-testimonianza\/2022\/07\/21\/forti-emozioni-e-calorose-testimonianze-in-albania-insolita-meta-di-pellegrinaggio-dal-9-al-16-luglio\/","title":{"rendered":"Forti emozioni e calorose testimonianze in Albania, insolita meta di pellegrinaggio dal 9 al 16 luglio"},"content":{"rendered":"<div id=\"pl-11716\"  class=\"panel-layout\" ><div id=\"pg-11716-0\"  class=\"panel-grid panel-no-style\" ><div id=\"pgc-11716-0-0\"  class=\"panel-grid-cell\" ><div id=\"panel-11716-0-0-0\" class=\"so-panel widget widget_text panel-first-child panel-last-child\" data-index=\"0\" ><h3 class=\"widget-title\">UN&#8217;IDEA ILLUMINATA<\/h3>\t\t\t<div class=\"textwidget\"><p>Parte da don Cristiano Bettega, delegato dell&#8217;Area Testimonianza e Impegno sociale, l&#8217;idea di un pellegrinaggio in Albania.<\/p>\n<p>Nel novembre 2019 don Cristiano and\u00f2 Rreshen, al centro dell\u2019Albania, dove conobbe padre Michele Leovino, dell\u2019<a href=\"https:\/\/it.wikipedia.org\/wiki\/Chierici_regolari_di_Somasca\" target=\"_blank\" rel=\"noopener\">ordine dei Somaschi<\/a>.<br \/>\nQui visit\u00f2 la scuola professionale per idraulici, meccanici, elettricisti, operatori socio-sanitari, informatici, cuochi e camerieri, gestita da padre Michele e da altri quattro sacerdoti. Una scuola frequentata da circa 400 studenti, provenienti da quasi tutta l\u2019Albania.<br \/>\nIl convitto della scuola ha ospitato i pellegrini trentini durante il loro viaggio, realizzato quasi tre anni dopo.<\/p>\n<\/div>\n\t\t<\/div><\/div><div id=\"pgc-11716-0-1\"  class=\"panel-grid-cell\" ><div id=\"panel-11716-0-1-0\" class=\"so-panel widget widget_media_image panel-first-child panel-last-child\" data-index=\"1\" ><img loading=\"lazy\" decoding=\"async\" width=\"300\" height=\"225\" src=\"https:\/\/www.diocesitn.it\/area-testimonianza\/wp-content\/uploads\/sites\/37\/2022\/07\/2022_07_18-29-300x225.jpeg\" class=\"image wp-image-11727  attachment-medium size-medium\" alt=\"\" style=\"max-width: 100%; height: auto;\" srcset=\"https:\/\/www.diocesitn.it\/area-testimonianza\/wp-content\/uploads\/sites\/37\/2022\/07\/2022_07_18-29-300x225.jpeg 300w, https:\/\/www.diocesitn.it\/area-testimonianza\/wp-content\/uploads\/sites\/37\/2022\/07\/2022_07_18-29-1024x768.jpeg 1024w, https:\/\/www.diocesitn.it\/area-testimonianza\/wp-content\/uploads\/sites\/37\/2022\/07\/2022_07_18-29-768x576.jpeg 768w, https:\/\/www.diocesitn.it\/area-testimonianza\/wp-content\/uploads\/sites\/37\/2022\/07\/2022_07_18-29-360x270.jpeg 360w, https:\/\/www.diocesitn.it\/area-testimonianza\/wp-content\/uploads\/sites\/37\/2022\/07\/2022_07_18-29-1536x1152.jpeg 1536w, https:\/\/www.diocesitn.it\/area-testimonianza\/wp-content\/uploads\/sites\/37\/2022\/07\/2022_07_18-29-800x600.jpeg 800w, https:\/\/www.diocesitn.it\/area-testimonianza\/wp-content\/uploads\/sites\/37\/2022\/07\/2022_07_18-29-1200x900.jpeg 1200w, https:\/\/www.diocesitn.it\/area-testimonianza\/wp-content\/uploads\/sites\/37\/2022\/07\/2022_07_18-29-1320x990.jpeg 1320w, https:\/\/www.diocesitn.it\/area-testimonianza\/wp-content\/uploads\/sites\/37\/2022\/07\/2022_07_18-29.jpeg 1600w\" sizes=\"auto, (max-width: 300px) 100vw, 300px\" \/><\/div><\/div><\/div><div id=\"pg-11716-1\"  class=\"panel-grid panel-no-style\" ><div id=\"pgc-11716-1-0\"  class=\"panel-grid-cell\" ><div id=\"panel-11716-1-0-0\" class=\"so-panel widget widget_media_image panel-first-child panel-last-child\" data-index=\"2\" ><img loading=\"lazy\" decoding=\"async\" width=\"300\" height=\"158\" src=\"https:\/\/www.diocesitn.it\/area-testimonianza\/wp-content\/uploads\/sites\/37\/2022\/07\/2022_07_18-gruppo2-300x158.jpeg\" class=\"image wp-image-11730  attachment-medium size-medium\" alt=\"\" style=\"max-width: 100%; height: auto;\" srcset=\"https:\/\/www.diocesitn.it\/area-testimonianza\/wp-content\/uploads\/sites\/37\/2022\/07\/2022_07_18-gruppo2-300x158.jpeg 300w, https:\/\/www.diocesitn.it\/area-testimonianza\/wp-content\/uploads\/sites\/37\/2022\/07\/2022_07_18-gruppo2-1024x539.jpeg 1024w, https:\/\/www.diocesitn.it\/area-testimonianza\/wp-content\/uploads\/sites\/37\/2022\/07\/2022_07_18-gruppo2-768x404.jpeg 768w, https:\/\/www.diocesitn.it\/area-testimonianza\/wp-content\/uploads\/sites\/37\/2022\/07\/2022_07_18-gruppo2-360x189.jpeg 360w, https:\/\/www.diocesitn.it\/area-testimonianza\/wp-content\/uploads\/sites\/37\/2022\/07\/2022_07_18-gruppo2-800x421.jpeg 800w, https:\/\/www.diocesitn.it\/area-testimonianza\/wp-content\/uploads\/sites\/37\/2022\/07\/2022_07_18-gruppo2-1200x631.jpeg 1200w, https:\/\/www.diocesitn.it\/area-testimonianza\/wp-content\/uploads\/sites\/37\/2022\/07\/2022_07_18-gruppo2-1320x695.jpeg 1320w, https:\/\/www.diocesitn.it\/area-testimonianza\/wp-content\/uploads\/sites\/37\/2022\/07\/2022_07_18-gruppo2.jpeg 1414w\" sizes=\"auto, (max-width: 300px) 100vw, 300px\" \/><\/div><\/div><div id=\"pgc-11716-1-1\"  class=\"panel-grid-cell\" ><div id=\"panel-11716-1-1-0\" class=\"so-panel widget widget_text panel-first-child panel-last-child\" data-index=\"3\" ><h3 class=\"widget-title\">GLI INCONTRI DI VIAGGIO<\/h3>\t\t\t<div class=\"textwidget\"><p>Nella terra che ha dato i natali a santa Teresa di Calcutta, tanti gli incontri con persone, sacerdoti, religiosi e religiose che vivono la terra di Albania.<br \/>\nTra questi le albanesi suor Adelina e suor Lindita, e due vescovi, quello di Rreshen, monsignor Gjergj Meta, albanese di 46 anni, che ha studiato per 6 anni presso il Seminario di Molfetta, in Puglia, e il vescovo di Scutari, monsignor Angelo Massafra, originario di Piana degli Albanesi, in Calabria.<\/p>\n<\/div>\n\t\t<\/div><\/div><\/div><div id=\"pg-11716-2\"  class=\"panel-grid panel-no-style\" ><div id=\"pgc-11716-2-0\"  class=\"panel-grid-cell\" ><div id=\"panel-11716-2-0-0\" class=\"so-panel widget widget_text panel-first-child panel-last-child\" data-index=\"4\" ><h3 class=\"widget-title\">NELLE CARCERI TORTURE E MORTE PER GLI OPPOSITORI DEL REGIME COMUNISTA<\/h3>\t\t\t<div class=\"textwidget\"><p>Una delle esperienze pi\u00f9 significative del viaggio \u00e8 stata la visita all\u2019ex carcere maschile di Spac. Qui scontava la pena chi si opponeva al regime comunista, durato dal 1944 al 1990 e il cui leader \u00e8 stato il famigerato dittatore <a href=\"https:\/\/www.vadoinalbania.it\/dittatura-comunista-in-albania\/\" target=\"_blank\" rel=\"noopener\">Enver Hoxha<\/a>.<br \/>\nAnche a Scutari abbiamo visitato un ex centro di detenzione, ora museo, ma le cui celle sono ben visibili e intatte. Vi furono imprigionati anche religiosi, una fra tutte la postulante <a href=\"http:\/\/www.santiebeati.it\/dettaglio\/94615\" target=\"_blank\" rel=\"noopener\">Maria Tuci<\/a>, torturata a morte per aver rifiutato le avances di un esponente del regime.<br \/>\nTutte le persone con cui abbiamo parlato ci hanno raccontato le sofferenze e le torture indicibili, che spesso portavano alla morte. Nel 1967 l\u2019Albania fu il primo Paese europeo ad essere dichiarato ateo dallo Stato. Tutti quelli che \u201cosavano\u201d esprimere idee contrarie al regime, oppure pregare o esponevano in casa immagini sacre, o semplicemente facevano il segno della croce o nominavano Dio, venivano incarcerati. In moltissimi casi erano denunciati dalla stessa famiglia&#8230; il nemico era dunque in casa, e questo portava le persone a forti diffidenze e chiusure. Per questo motivo ancora oggi per molti albanesi \u00e8 molto difficile collaborare per risolvere un problema o raggiungere uno scopo comune.<br \/>\nDal 1990 ufficialmente il regime comunista non esiste pi\u00f9, ma non \u00e8 scomparso; si \u00e8 solo trasformato, perch\u00e9 attualmente nel Governo e nel Parlamento albanese siedono molti nipoti di politici del regime, che dopo la sua caduta non hanno subito alcun processo, come invece successe a Norimberga dopo la fine del nazismo.<\/p>\n<\/div>\n\t\t<\/div><\/div><div id=\"pgc-11716-2-1\"  class=\"panel-grid-cell\" ><div id=\"panel-11716-2-1-0\" class=\"so-panel widget widget_media_image panel-first-child panel-last-child\" data-index=\"5\" ><img loading=\"lazy\" decoding=\"async\" width=\"225\" height=\"300\" src=\"https:\/\/www.diocesitn.it\/area-testimonianza\/wp-content\/uploads\/sites\/37\/2022\/07\/2022_07_18-cella-225x300.jpeg\" class=\"image wp-image-11733  attachment-medium size-medium\" alt=\"\" style=\"max-width: 100%; height: auto;\" srcset=\"https:\/\/www.diocesitn.it\/area-testimonianza\/wp-content\/uploads\/sites\/37\/2022\/07\/2022_07_18-cella-225x300.jpeg 225w, https:\/\/www.diocesitn.it\/area-testimonianza\/wp-content\/uploads\/sites\/37\/2022\/07\/2022_07_18-cella-768x1024.jpeg 768w, https:\/\/www.diocesitn.it\/area-testimonianza\/wp-content\/uploads\/sites\/37\/2022\/07\/2022_07_18-cella-210x280.jpeg 210w, https:\/\/www.diocesitn.it\/area-testimonianza\/wp-content\/uploads\/sites\/37\/2022\/07\/2022_07_18-cella-576x768.jpeg 576w, https:\/\/www.diocesitn.it\/area-testimonianza\/wp-content\/uploads\/sites\/37\/2022\/07\/2022_07_18-cella-1152x1536.jpeg 1152w, https:\/\/www.diocesitn.it\/area-testimonianza\/wp-content\/uploads\/sites\/37\/2022\/07\/2022_07_18-cella-800x1067.jpeg 800w, https:\/\/www.diocesitn.it\/area-testimonianza\/wp-content\/uploads\/sites\/37\/2022\/07\/2022_07_18-cella-1200x1600.jpeg 1200w, https:\/\/www.diocesitn.it\/area-testimonianza\/wp-content\/uploads\/sites\/37\/2022\/07\/2022_07_18-cella-1320x1760.jpeg 1320w, https:\/\/www.diocesitn.it\/area-testimonianza\/wp-content\/uploads\/sites\/37\/2022\/07\/2022_07_18-cella.jpeg 1500w\" sizes=\"auto, (max-width: 225px) 100vw, 225px\" \/><\/div><\/div><\/div><div id=\"pg-11716-3\"  class=\"panel-grid panel-no-style\" ><div id=\"pgc-11716-3-0\"  class=\"panel-grid-cell\" ><div id=\"panel-11716-3-0-0\" class=\"so-panel widget widget_media_image panel-first-child panel-last-child\" data-index=\"6\" ><img loading=\"lazy\" decoding=\"async\" width=\"300\" height=\"225\" src=\"https:\/\/www.diocesitn.it\/area-testimonianza\/wp-content\/uploads\/sites\/37\/2022\/07\/2022_07_18-16-300x225.jpeg\" class=\"image wp-image-11742  attachment-medium size-medium\" alt=\"\" style=\"max-width: 100%; height: auto;\" srcset=\"https:\/\/www.diocesitn.it\/area-testimonianza\/wp-content\/uploads\/sites\/37\/2022\/07\/2022_07_18-16-300x225.jpeg 300w, https:\/\/www.diocesitn.it\/area-testimonianza\/wp-content\/uploads\/sites\/37\/2022\/07\/2022_07_18-16-1024x768.jpeg 1024w, https:\/\/www.diocesitn.it\/area-testimonianza\/wp-content\/uploads\/sites\/37\/2022\/07\/2022_07_18-16-768x576.jpeg 768w, https:\/\/www.diocesitn.it\/area-testimonianza\/wp-content\/uploads\/sites\/37\/2022\/07\/2022_07_18-16-360x270.jpeg 360w, https:\/\/www.diocesitn.it\/area-testimonianza\/wp-content\/uploads\/sites\/37\/2022\/07\/2022_07_18-16-1536x1152.jpeg 1536w, https:\/\/www.diocesitn.it\/area-testimonianza\/wp-content\/uploads\/sites\/37\/2022\/07\/2022_07_18-16-800x600.jpeg 800w, https:\/\/www.diocesitn.it\/area-testimonianza\/wp-content\/uploads\/sites\/37\/2022\/07\/2022_07_18-16-1200x900.jpeg 1200w, https:\/\/www.diocesitn.it\/area-testimonianza\/wp-content\/uploads\/sites\/37\/2022\/07\/2022_07_18-16-1320x990.jpeg 1320w, https:\/\/www.diocesitn.it\/area-testimonianza\/wp-content\/uploads\/sites\/37\/2022\/07\/2022_07_18-16.jpeg 1600w\" sizes=\"auto, (max-width: 300px) 100vw, 300px\" \/><\/div><\/div><div id=\"pgc-11716-3-1\"  class=\"panel-grid-cell\" ><div id=\"panel-11716-3-1-0\" class=\"so-panel widget widget_text panel-first-child panel-last-child\" data-index=\"7\" ><h3 class=\"widget-title\">L&#8217;ALBANIA DEL 2022<\/h3>\t\t\t<div class=\"textwidget\"><p>La corruzione dilagante \u00e8 il problema maggiore che attanaglia l\u2019Albania.<br \/>\nE&#8217; causa dell\u2019ondata migratoria verso altri Paesi europei, soprattutto Germania e Inghilterra, da parte di giovani che decidono di partire (le statistiche dicono che sono 173 al giorno), per mancanza di prospettive lavorative ed economiche soddisfacenti. Lo stipendio medio infatti, \u00e8 di 300 euro al mese (in Lek), ma un litro di benzina costa 2 euro e un tampone per il Covid 100 euro! <span class=\"fe5nidar khvhiq1o r5qsrrlp i5tg98hk f9ovudaz przvwfww gx1rr48f gfz4du6o r7fjleex nz2484kf svot0ezm dcnh1tix sxl192xd t3g6t33p\"><span class=\"mpj7bzys xzlurrtv\">\ud83d\ude33<\/span><\/span><\/p>\n<\/div>\n\t\t<\/div><\/div><\/div><div id=\"pg-11716-4\"  class=\"panel-grid panel-no-style\" ><div id=\"pgc-11716-4-0\"  class=\"panel-grid-cell\" ><div id=\"panel-11716-4-0-0\" class=\"so-panel widget widget_text panel-first-child panel-last-child\" data-index=\"8\" ><h3 class=\"widget-title\">FEDE E RELIGIONE<\/h3>\t\t\t<div class=\"textwidget\"><p>Anche se i Cattolici rappresentano solo il 10% di chi professa una religione in Albania, la loro fede \u00e8 quasi sempre fervente e profonda. I luoghi visitati sono come oasi dove l\u2019acqua non si esaurir\u00e0 mai, perch\u00e9 proviene da Dio e dal Vangelo vissuto.<\/p>\n<\/div>\n\t\t<\/div><\/div><div id=\"pgc-11716-4-1\"  class=\"panel-grid-cell\" ><div id=\"panel-11716-4-1-0\" class=\"so-panel widget widget_media_image panel-first-child panel-last-child\" data-index=\"9\" ><img loading=\"lazy\" decoding=\"async\" width=\"300\" height=\"225\" src=\"https:\/\/www.diocesitn.it\/area-testimonianza\/wp-content\/uploads\/sites\/37\/2022\/07\/2022_07_18-5-300x225.jpeg\" class=\"image wp-image-11743  attachment-medium size-medium\" alt=\"\" style=\"max-width: 100%; height: auto;\" srcset=\"https:\/\/www.diocesitn.it\/area-testimonianza\/wp-content\/uploads\/sites\/37\/2022\/07\/2022_07_18-5-300x225.jpeg 300w, https:\/\/www.diocesitn.it\/area-testimonianza\/wp-content\/uploads\/sites\/37\/2022\/07\/2022_07_18-5-1024x768.jpeg 1024w, https:\/\/www.diocesitn.it\/area-testimonianza\/wp-content\/uploads\/sites\/37\/2022\/07\/2022_07_18-5-768x576.jpeg 768w, https:\/\/www.diocesitn.it\/area-testimonianza\/wp-content\/uploads\/sites\/37\/2022\/07\/2022_07_18-5-360x270.jpeg 360w, https:\/\/www.diocesitn.it\/area-testimonianza\/wp-content\/uploads\/sites\/37\/2022\/07\/2022_07_18-5-1536x1153.jpeg 1536w, https:\/\/www.diocesitn.it\/area-testimonianza\/wp-content\/uploads\/sites\/37\/2022\/07\/2022_07_18-5-800x600.jpeg 800w, https:\/\/www.diocesitn.it\/area-testimonianza\/wp-content\/uploads\/sites\/37\/2022\/07\/2022_07_18-5-1200x901.jpeg 1200w, https:\/\/www.diocesitn.it\/area-testimonianza\/wp-content\/uploads\/sites\/37\/2022\/07\/2022_07_18-5-1320x991.jpeg 1320w, https:\/\/www.diocesitn.it\/area-testimonianza\/wp-content\/uploads\/sites\/37\/2022\/07\/2022_07_18-5.jpeg 1599w\" sizes=\"auto, (max-width: 300px) 100vw, 300px\" \/><\/div><\/div><\/div><div id=\"pg-11716-5\"  class=\"panel-grid panel-no-style\" ><div id=\"pgc-11716-5-0\"  class=\"panel-grid-cell\" ><div id=\"panel-11716-5-0-0\" class=\"so-panel widget widget_media_image panel-first-child panel-last-child\" data-index=\"10\" ><img loading=\"lazy\" decoding=\"async\" width=\"300\" height=\"225\" src=\"https:\/\/www.diocesitn.it\/area-testimonianza\/wp-content\/uploads\/sites\/37\/2022\/07\/2022_07_18-26-300x225.jpeg\" class=\"image wp-image-11746  attachment-medium size-medium\" alt=\"\" style=\"max-width: 100%; height: auto;\" srcset=\"https:\/\/www.diocesitn.it\/area-testimonianza\/wp-content\/uploads\/sites\/37\/2022\/07\/2022_07_18-26-300x225.jpeg 300w, https:\/\/www.diocesitn.it\/area-testimonianza\/wp-content\/uploads\/sites\/37\/2022\/07\/2022_07_18-26-1024x768.jpeg 1024w, https:\/\/www.diocesitn.it\/area-testimonianza\/wp-content\/uploads\/sites\/37\/2022\/07\/2022_07_18-26-768x576.jpeg 768w, https:\/\/www.diocesitn.it\/area-testimonianza\/wp-content\/uploads\/sites\/37\/2022\/07\/2022_07_18-26-360x270.jpeg 360w, https:\/\/www.diocesitn.it\/area-testimonianza\/wp-content\/uploads\/sites\/37\/2022\/07\/2022_07_18-26-1536x1152.jpeg 1536w, https:\/\/www.diocesitn.it\/area-testimonianza\/wp-content\/uploads\/sites\/37\/2022\/07\/2022_07_18-26-800x600.jpeg 800w, https:\/\/www.diocesitn.it\/area-testimonianza\/wp-content\/uploads\/sites\/37\/2022\/07\/2022_07_18-26-1200x900.jpeg 1200w, https:\/\/www.diocesitn.it\/area-testimonianza\/wp-content\/uploads\/sites\/37\/2022\/07\/2022_07_18-26-1320x990.jpeg 1320w, https:\/\/www.diocesitn.it\/area-testimonianza\/wp-content\/uploads\/sites\/37\/2022\/07\/2022_07_18-26.jpeg 1600w\" sizes=\"auto, (max-width: 300px) 100vw, 300px\" \/><\/div><\/div><div id=\"pgc-11716-5-1\"  class=\"panel-grid-cell\" ><div id=\"panel-11716-5-1-0\" class=\"so-panel widget widget_text panel-first-child panel-last-child\" data-index=\"11\" ><h3 class=\"widget-title\">PREGIUDIZI DA SUPERARE<\/h3>\t\t\t<div class=\"textwidget\"><p>Purtroppo ci sono ancora molti pregiudizi nei confronti degli albanesi. In molti si sono meravigliati che avessimo scelto la loro nazione come meta di pellegrinaggio.<br \/>\nIl nostro pellegrinaggio pu\u00f2 essere un piccolo passo che infrange pregiudizi e apre porte ad altri pellegrini che desiderano vivere una profonda esperienza umana e di fede.<\/p>\n<\/div>\n\t\t<\/div><\/div><\/div><div id=\"pg-11716-6\"  class=\"panel-grid panel-no-style\" ><div id=\"pgc-11716-6-0\"  class=\"panel-grid-cell\" ><div id=\"panel-11716-6-0-0\" class=\"so-panel widget widget_text panel-first-child panel-last-child\" data-index=\"12\" ><h3 class=\"widget-title\">IL GRUPPO<\/h3>\t\t\t<div class=\"textwidget\"><p>I protagonisti\u00a0\u00a0(assieme ad alcuni testimoni locali) del pellegrinaggio in Albania, meta inusuale, ma sorprendentemente interessante!<\/p>\n<p>&nbsp;<\/p>\n<p><em>Un grazie sentito a Maria Giovanna De Biase, per questi appunti di viaggio e ai &#8220;fotografi&#8221; del gruppo.<\/em><\/p>\n<p><a href=\"https:\/\/www.diocesitn.it\/area-testimonianza\/centro-missionario-diocesano\/progetti-sostenuti-dal-centro-missionario\/albania-scuola-professionale\/\">QUI TUTTI GLI AGGIORNAMENTI DEL PROGETTO &#8220;SCUOLA PROFESSIONALE&#8221;<\/a><\/p>\n<\/div>\n\t\t<\/div><\/div><div id=\"pgc-11716-6-1\"  class=\"panel-grid-cell\" ><div id=\"panel-11716-6-1-0\" class=\"so-panel widget widget_media_image panel-first-child panel-last-child\" data-index=\"13\" ><img loading=\"lazy\" decoding=\"async\" width=\"1600\" height=\"1200\" src=\"https:\/\/www.diocesitn.it\/area-testimonianza\/wp-content\/uploads\/sites\/37\/2022\/07\/2022_07_18-gruppo.jpeg\" class=\"image wp-image-11724  attachment-full size-full\" alt=\"\" style=\"max-width: 100%; height: auto;\" srcset=\"https:\/\/www.diocesitn.it\/area-testimonianza\/wp-content\/uploads\/sites\/37\/2022\/07\/2022_07_18-gruppo.jpeg 1600w, https:\/\/www.diocesitn.it\/area-testimonianza\/wp-content\/uploads\/sites\/37\/2022\/07\/2022_07_18-gruppo-300x225.jpeg 300w, https:\/\/www.diocesitn.it\/area-testimonianza\/wp-content\/uploads\/sites\/37\/2022\/07\/2022_07_18-gruppo-1024x768.jpeg 1024w, https:\/\/www.diocesitn.it\/area-testimonianza\/wp-content\/uploads\/sites\/37\/2022\/07\/2022_07_18-gruppo-768x576.jpeg 768w, https:\/\/www.diocesitn.it\/area-testimonianza\/wp-content\/uploads\/sites\/37\/2022\/07\/2022_07_18-gruppo-360x270.jpeg 360w, https:\/\/www.diocesitn.it\/area-testimonianza\/wp-content\/uploads\/sites\/37\/2022\/07\/2022_07_18-gruppo-1536x1152.jpeg 1536w, https:\/\/www.diocesitn.it\/area-testimonianza\/wp-content\/uploads\/sites\/37\/2022\/07\/2022_07_18-gruppo-800x600.jpeg 800w, https:\/\/www.diocesitn.it\/area-testimonianza\/wp-content\/uploads\/sites\/37\/2022\/07\/2022_07_18-gruppo-1200x900.jpeg 1200w, https:\/\/www.diocesitn.it\/area-testimonianza\/wp-content\/uploads\/sites\/37\/2022\/07\/2022_07_18-gruppo-1320x990.jpeg 1320w\" sizes=\"auto, (max-width: 1600px) 100vw, 1600px\" \/><\/div><\/div><\/div><\/div>","protected":false},"excerpt":{"rendered":"<p>Parte da don Cristiano Bettega, delegato dell&#8217;Area Testimonianza e Impegno sociale, l&#8217;idea di un pellegrinaggio in Albania. Nel novembre 2019 don Cristiano and\u00f2 Rreshen, al centro dell\u2019Albania, dove conobbe padre Michele Leovino, dell\u2019ordine dei Somaschi.<\/p>\n","protected":false},"author":4,"featured_media":11757,"comment_status":"closed","ping_status":"closed","sticky":false,"template":"","format":"standard","meta":{"footnotes":""},"categories":[1695,1074],"tags":[1954,1128],"class_list":["post-11716","post","type-post","status-publish","format-standard","has-post-thumbnail","hentry","category-area-testimonianza-e-impegno-sociale","category-notizie","tag-albania","tag-pellegrinaggio"],"acf":{"seed-localization-paese-cod":"IT","seed-localization-address":"","seed-localization-citta":"Trento","seed-localization-regione-cod-istat":"04","seed-localization-citta-cod-istat":"022205","seed-localization-localita":"","seed-localization-cap":"","seed-localization-marker-visibility":false,"seed-localization-children-visibility":false,"seed-localization-kml":"","seed-localization-custom-marker":""},"yoast_head":"<!-- This site is optimized with the Yoast SEO Premium plugin v20.2.1 (Yoast SEO v22.2) - https:\/\/yoast.com\/wordpress\/plugins\/seo\/ -->\n<title>Forti emozioni e calorose testimonianze in Albania, insolita meta di pellegrinaggio dal 9 al 16 luglio - Testimonianza e Impegno sociale<\/title>\n<meta name=\"robots\" content=\"index, follow, max-snippet:-1, max-image-preview:large, max-video-preview:-1\" \/>\n<link rel=\"canonical\" href=\"https:\/\/www.diocesitn.it\/area-testimonianza\/2022\/07\/21\/forti-emozioni-e-calorose-testimonianze-in-albania-insolita-meta-di-pellegrinaggio-dal-9-al-16-luglio\/\" \/>\n<meta property=\"og:locale\" content=\"it_IT\" \/>\n<meta property=\"og:type\" content=\"article\" \/>\n<meta property=\"og:title\" content=\"Forti emozioni e calorose testimonianze in Albania, insolita meta di pellegrinaggio dal 9 al 16 luglio\" \/>\n<meta property=\"og:description\" content=\"Parte da don Cristiano Bettega, delegato dell&#039;Area Testimonianza e Impegno sociale, l&#039;idea di un pellegrinaggio in Albania. Nel novembre 2019 don Cristiano and\u00f2 Rreshen, al centro dell\u2019Albania, dove conobbe padre Michele Leovino, dell\u2019ordine dei Somaschi.\" \/>\n<meta property=\"og:url\" content=\"https:\/\/www.diocesitn.it\/area-testimonianza\/2022\/07\/21\/forti-emozioni-e-calorose-testimonianze-in-albania-insolita-meta-di-pellegrinaggio-dal-9-al-16-luglio\/\" \/>\n<meta property=\"og:site_name\" content=\"Testimonianza e Impegno sociale\" \/>\n<meta property=\"article:published_time\" content=\"2022-07-21T10:00:11+00:00\" \/>\n<meta property=\"article:modified_time\" content=\"2024-04-05T07:46:29+00:00\" \/>\n<meta property=\"og:image\" content=\"https:\/\/www.diocesitn.it\/area-testimonianza\/wp-content\/uploads\/sites\/37\/2022\/07\/2022_07_18-23.jpeg\" \/>\n\t<meta property=\"og:image:width\" content=\"1600\" \/>\n\t<meta property=\"og:image:height\" content=\"1200\" \/>\n\t<meta property=\"og:image:type\" content=\"image\/jpeg\" \/>\n<meta name=\"author\" content=\"Claudia Dorigoni\" \/>\n<meta name=\"twitter:card\" content=\"summary_large_image\" \/>\n<meta name=\"twitter:label1\" content=\"Scritto da\" \/>\n\t<meta name=\"twitter:data1\" content=\"Claudia Dorigoni\" \/>\n\t<meta name=\"twitter:label2\" content=\"Tempo di lettura stimato\" \/>\n\t<meta name=\"twitter:data2\" content=\"4 minuti\" \/>\n<script type=\"application\/ld+json\" class=\"yoast-schema-graph\">{\"@context\":\"https:\/\/schema.org\",\"@graph\":[{\"@type\":\"Article\",\"@id\":\"https:\/\/www.diocesitn.it\/area-testimonianza\/2022\/07\/21\/forti-emozioni-e-calorose-testimonianze-in-albania-insolita-meta-di-pellegrinaggio-dal-9-al-16-luglio\/#article\",\"isPartOf\":{\"@id\":\"https:\/\/www.diocesitn.it\/area-testimonianza\/2022\/07\/21\/forti-emozioni-e-calorose-testimonianze-in-albania-insolita-meta-di-pellegrinaggio-dal-9-al-16-luglio\/\"},\"author\":{\"name\":\"Claudia Dorigoni\",\"@id\":\"https:\/\/www.diocesitn.it\/area-testimonianza\/#\/schema\/person\/5467191b81c25706baf09a59aab380a5\"},\"headline\":\"Forti emozioni e calorose testimonianze in Albania, insolita meta di pellegrinaggio dal 9 al 16 luglio\",\"datePublished\":\"2022-07-21T10:00:11+00:00\",\"dateModified\":\"2024-04-05T07:46:29+00:00\",\"mainEntityOfPage\":{\"@id\":\"https:\/\/www.diocesitn.it\/area-testimonianza\/2022\/07\/21\/forti-emozioni-e-calorose-testimonianze-in-albania-insolita-meta-di-pellegrinaggio-dal-9-al-16-luglio\/\"},\"wordCount\":723,\"publisher\":{\"@id\":\"https:\/\/www.diocesitn.it\/area-testimonianza\/#organization\"},\"image\":{\"@id\":\"https:\/\/www.diocesitn.it\/area-testimonianza\/2022\/07\/21\/forti-emozioni-e-calorose-testimonianze-in-albania-insolita-meta-di-pellegrinaggio-dal-9-al-16-luglio\/#primaryimage\"},\"thumbnailUrl\":\"https:\/\/www.diocesitn.it\/area-testimonianza\/wp-content\/uploads\/sites\/37\/2022\/07\/2022_07_18-23.jpeg\",\"keywords\":[\"Albania\",\"pellegrinaggio\"],\"articleSection\":[\"Area Testimonianza e Impegno sociale\",\"Notizie\"],\"inLanguage\":\"it-IT\",\"copyrightYear\":\"2022\",\"copyrightHolder\":{\"@id\":\"https:\/\/www.diocesitn.it\/#organization\"}},{\"@type\":\"WebPage\",\"@id\":\"https:\/\/www.diocesitn.it\/area-testimonianza\/2022\/07\/21\/forti-emozioni-e-calorose-testimonianze-in-albania-insolita-meta-di-pellegrinaggio-dal-9-al-16-luglio\/\",\"url\":\"https:\/\/www.diocesitn.it\/area-testimonianza\/2022\/07\/21\/forti-emozioni-e-calorose-testimonianze-in-albania-insolita-meta-di-pellegrinaggio-dal-9-al-16-luglio\/\",\"name\":\"Forti emozioni e calorose testimonianze in Albania, insolita meta di pellegrinaggio dal 9 al 16 luglio - Testimonianza e Impegno sociale\",\"isPartOf\":{\"@id\":\"https:\/\/www.diocesitn.it\/area-testimonianza\/#website\"},\"primaryImageOfPage\":{\"@id\":\"https:\/\/www.diocesitn.it\/area-testimonianza\/2022\/07\/21\/forti-emozioni-e-calorose-testimonianze-in-albania-insolita-meta-di-pellegrinaggio-dal-9-al-16-luglio\/#primaryimage\"},\"image\":{\"@id\":\"https:\/\/www.diocesitn.it\/area-testimonianza\/2022\/07\/21\/forti-emozioni-e-calorose-testimonianze-in-albania-insolita-meta-di-pellegrinaggio-dal-9-al-16-luglio\/#primaryimage\"},\"thumbnailUrl\":\"https:\/\/www.diocesitn.it\/area-testimonianza\/wp-content\/uploads\/sites\/37\/2022\/07\/2022_07_18-23.jpeg\",\"datePublished\":\"2022-07-21T10:00:11+00:00\",\"dateModified\":\"2024-04-05T07:46:29+00:00\",\"breadcrumb\":{\"@id\":\"https:\/\/www.diocesitn.it\/area-testimonianza\/2022\/07\/21\/forti-emozioni-e-calorose-testimonianze-in-albania-insolita-meta-di-pellegrinaggio-dal-9-al-16-luglio\/#breadcrumb\"},\"inLanguage\":\"it-IT\",\"potentialAction\":[{\"@type\":\"ReadAction\",\"target\":[\"https:\/\/www.diocesitn.it\/area-testimonianza\/2022\/07\/21\/forti-emozioni-e-calorose-testimonianze-in-albania-insolita-meta-di-pellegrinaggio-dal-9-al-16-luglio\/\"]}]},{\"@type\":\"ImageObject\",\"inLanguage\":\"it-IT\",\"@id\":\"https:\/\/www.diocesitn.it\/area-testimonianza\/2022\/07\/21\/forti-emozioni-e-calorose-testimonianze-in-albania-insolita-meta-di-pellegrinaggio-dal-9-al-16-luglio\/#primaryimage\",\"url\":\"https:\/\/www.diocesitn.it\/area-testimonianza\/wp-content\/uploads\/sites\/37\/2022\/07\/2022_07_18-23.jpeg\",\"contentUrl\":\"https:\/\/www.diocesitn.it\/area-testimonianza\/wp-content\/uploads\/sites\/37\/2022\/07\/2022_07_18-23.jpeg\",\"width\":1600,\"height\":1200},{\"@type\":\"BreadcrumbList\",\"@id\":\"https:\/\/www.diocesitn.it\/area-testimonianza\/2022\/07\/21\/forti-emozioni-e-calorose-testimonianze-in-albania-insolita-meta-di-pellegrinaggio-dal-9-al-16-luglio\/#breadcrumb\",\"itemListElement\":[{\"@type\":\"ListItem\",\"position\":1,\"name\":\"Home\",\"item\":\"https:\/\/www.diocesitn.it\/area-testimonianza\/\"},{\"@type\":\"ListItem\",\"position\":2,\"name\":\"Forti emozioni e calorose testimonianze in Albania, insolita meta di pellegrinaggio dal 9 al 16 luglio\"}]},{\"@type\":\"WebSite\",\"@id\":\"https:\/\/www.diocesitn.it\/area-testimonianza\/#website\",\"url\":\"https:\/\/www.diocesitn.it\/area-testimonianza\/\",\"name\":\"Testimonianza e Impegno sociale\",\"description\":\"Chiesa di Trento\",\"publisher\":{\"@id\":\"https:\/\/www.diocesitn.it\/area-testimonianza\/#organization\"},\"potentialAction\":[{\"@type\":\"SearchAction\",\"target\":{\"@type\":\"EntryPoint\",\"urlTemplate\":\"https:\/\/www.diocesitn.it\/area-testimonianza\/?s={search_term_string}\"},\"query-input\":\"required name=search_term_string\"}],\"inLanguage\":\"it-IT\"},{\"@type\":[\"Organization\",\"Place\"],\"@id\":\"https:\/\/www.diocesitn.it\/area-testimonianza\/#organization\",\"name\":\"Area Testimonianza e Impegno Sociale - Chiesa di Trento\",\"url\":\"https:\/\/www.diocesitn.it\/area-testimonianza\/\",\"logo\":{\"@id\":\"https:\/\/www.diocesitn.it\/area-testimonianza\/2022\/07\/21\/forti-emozioni-e-calorose-testimonianze-in-albania-insolita-meta-di-pellegrinaggio-dal-9-al-16-luglio\/#local-main-organization-logo\"},\"image\":{\"@id\":\"https:\/\/www.diocesitn.it\/area-testimonianza\/2022\/07\/21\/forti-emozioni-e-calorose-testimonianze-in-albania-insolita-meta-di-pellegrinaggio-dal-9-al-16-luglio\/#local-main-organization-logo\"},\"openingHoursSpecification\":[{\"@type\":\"OpeningHoursSpecification\",\"dayOfWeek\":[\"Monday\",\"Tuesday\",\"Wednesday\",\"Thursday\",\"Friday\",\"Saturday\",\"Sunday\"],\"opens\":\"09:00\",\"closes\":\"17:00\"}]},{\"@type\":\"ImageObject\",\"inLanguage\":\"it-IT\",\"@id\":\"https:\/\/www.diocesitn.it\/area-testimonianza\/2022\/07\/21\/forti-emozioni-e-calorose-testimonianze-in-albania-insolita-meta-di-pellegrinaggio-dal-9-al-16-luglio\/#local-main-organization-logo\",\"url\":\"https:\/\/www.diocesitn.it\/area-testimonianza\/wp-content\/uploads\/sites\/37\/2021\/09\/og-logo-testimonianza-e-impegno-sociale.jpg\",\"contentUrl\":\"https:\/\/www.diocesitn.it\/area-testimonianza\/wp-content\/uploads\/sites\/37\/2021\/09\/og-logo-testimonianza-e-impegno-sociale.jpg\",\"width\":1200,\"height\":630,\"caption\":\"Area Testimonianza e Impegno Sociale - Chiesa di Trento\"}]}<\/script>\n<!-- \/ Yoast SEO Premium plugin. -->","yoast_head_json":{"title":"Forti emozioni e calorose testimonianze in Albania, insolita meta di pellegrinaggio dal 9 al 16 luglio - Testimonianza e Impegno sociale","robots":{"index":"index","follow":"follow","max-snippet":"max-snippet:-1","max-image-preview":"max-image-preview:large","max-video-preview":"max-video-preview:-1"},"canonical":"https:\/\/www.diocesitn.it\/area-testimonianza\/2022\/07\/21\/forti-emozioni-e-calorose-testimonianze-in-albania-insolita-meta-di-pellegrinaggio-dal-9-al-16-luglio\/","og_locale":"it_IT","og_type":"article","og_title":"Forti emozioni e calorose testimonianze in Albania, insolita meta di pellegrinaggio dal 9 al 16 luglio","og_description":"Parte da don Cristiano Bettega, delegato dell'Area Testimonianza e Impegno sociale, l'idea di un pellegrinaggio in Albania. Nel novembre 2019 don Cristiano and\u00f2 Rreshen, al centro dell\u2019Albania, dove conobbe padre Michele Leovino, dell\u2019ordine dei Somaschi.","og_url":"https:\/\/www.diocesitn.it\/area-testimonianza\/2022\/07\/21\/forti-emozioni-e-calorose-testimonianze-in-albania-insolita-meta-di-pellegrinaggio-dal-9-al-16-luglio\/","og_site_name":"Testimonianza e Impegno sociale","article_published_time":"2022-07-21T10:00:11+00:00","article_modified_time":"2024-04-05T07:46:29+00:00","og_image":[{"width":1600,"height":1200,"url":"https:\/\/www.diocesitn.it\/area-testimonianza\/wp-content\/uploads\/sites\/37\/2022\/07\/2022_07_18-23.jpeg","type":"image\/jpeg"}],"author":"Claudia Dorigoni","twitter_card":"summary_large_image","twitter_misc":{"Scritto da":"Claudia Dorigoni","Tempo di lettura stimato":"4 minuti"},"schema":{"@context":"https:\/\/schema.org","@graph":[{"@type":"Article","@id":"https:\/\/www.diocesitn.it\/area-testimonianza\/2022\/07\/21\/forti-emozioni-e-calorose-testimonianze-in-albania-insolita-meta-di-pellegrinaggio-dal-9-al-16-luglio\/#article","isPartOf":{"@id":"https:\/\/www.diocesitn.it\/area-testimonianza\/2022\/07\/21\/forti-emozioni-e-calorose-testimonianze-in-albania-insolita-meta-di-pellegrinaggio-dal-9-al-16-luglio\/"},"author":{"name":"Claudia Dorigoni","@id":"https:\/\/www.diocesitn.it\/area-testimonianza\/#\/schema\/person\/5467191b81c25706baf09a59aab380a5"},"headline":"Forti emozioni e calorose testimonianze in Albania, insolita meta di pellegrinaggio dal 9 al 16 luglio","datePublished":"2022-07-21T10:00:11+00:00","dateModified":"2024-04-05T07:46:29+00:00","mainEntityOfPage":{"@id":"https:\/\/www.diocesitn.it\/area-testimonianza\/2022\/07\/21\/forti-emozioni-e-calorose-testimonianze-in-albania-insolita-meta-di-pellegrinaggio-dal-9-al-16-luglio\/"},"wordCount":723,"publisher":{"@id":"https:\/\/www.diocesitn.it\/area-testimonianza\/#organization"},"image":{"@id":"https:\/\/www.diocesitn.it\/area-testimonianza\/2022\/07\/21\/forti-emozioni-e-calorose-testimonianze-in-albania-insolita-meta-di-pellegrinaggio-dal-9-al-16-luglio\/#primaryimage"},"thumbnailUrl":"https:\/\/www.diocesitn.it\/area-testimonianza\/wp-content\/uploads\/sites\/37\/2022\/07\/2022_07_18-23.jpeg","keywords":["Albania","pellegrinaggio"],"articleSection":["Area Testimonianza e Impegno sociale","Notizie"],"inLanguage":"it-IT","copyrightYear":"2022","copyrightHolder":{"@id":"https:\/\/www.diocesitn.it\/#organization"}},{"@type":"WebPage","@id":"https:\/\/www.diocesitn.it\/area-testimonianza\/2022\/07\/21\/forti-emozioni-e-calorose-testimonianze-in-albania-insolita-meta-di-pellegrinaggio-dal-9-al-16-luglio\/","url":"https:\/\/www.diocesitn.it\/area-testimonianza\/2022\/07\/21\/forti-emozioni-e-calorose-testimonianze-in-albania-insolita-meta-di-pellegrinaggio-dal-9-al-16-luglio\/","name":"Forti emozioni e calorose testimonianze in Albania, insolita meta di pellegrinaggio dal 9 al 16 luglio - Testimonianza e Impegno sociale","isPartOf":{"@id":"https:\/\/www.diocesitn.it\/area-testimonianza\/#website"},"primaryImageOfPage":{"@id":"https:\/\/www.diocesitn.it\/area-testimonianza\/2022\/07\/21\/forti-emozioni-e-calorose-testimonianze-in-albania-insolita-meta-di-pellegrinaggio-dal-9-al-16-luglio\/#primaryimage"},"image":{"@id":"https:\/\/www.diocesitn.it\/area-testimonianza\/2022\/07\/21\/forti-emozioni-e-calorose-testimonianze-in-albania-insolita-meta-di-pellegrinaggio-dal-9-al-16-luglio\/#primaryimage"},"thumbnailUrl":"https:\/\/www.diocesitn.it\/area-testimonianza\/wp-content\/uploads\/sites\/37\/2022\/07\/2022_07_18-23.jpeg","datePublished":"2022-07-21T10:00:11+00:00","dateModified":"2024-04-05T07:46:29+00:00","breadcrumb":{"@id":"https:\/\/www.diocesitn.it\/area-testimonianza\/2022\/07\/21\/forti-emozioni-e-calorose-testimonianze-in-albania-insolita-meta-di-pellegrinaggio-dal-9-al-16-luglio\/#breadcrumb"},"inLanguage":"it-IT","potentialAction":[{"@type":"ReadAction","target":["https:\/\/www.diocesitn.it\/area-testimonianza\/2022\/07\/21\/forti-emozioni-e-calorose-testimonianze-in-albania-insolita-meta-di-pellegrinaggio-dal-9-al-16-luglio\/"]}]},{"@type":"ImageObject","inLanguage":"it-IT","@id":"https:\/\/www.diocesitn.it\/area-testimonianza\/2022\/07\/21\/forti-emozioni-e-calorose-testimonianze-in-albania-insolita-meta-di-pellegrinaggio-dal-9-al-16-luglio\/#primaryimage","url":"https:\/\/www.diocesitn.it\/area-testimonianza\/wp-content\/uploads\/sites\/37\/2022\/07\/2022_07_18-23.jpeg","contentUrl":"https:\/\/www.diocesitn.it\/area-testimonianza\/wp-content\/uploads\/sites\/37\/2022\/07\/2022_07_18-23.jpeg","width":1600,"height":1200},{"@type":"BreadcrumbList","@id":"https:\/\/www.diocesitn.it\/area-testimonianza\/2022\/07\/21\/forti-emozioni-e-calorose-testimonianze-in-albania-insolita-meta-di-pellegrinaggio-dal-9-al-16-luglio\/#breadcrumb","itemListElement":[{"@type":"ListItem","position":1,"name":"Home","item":"https:\/\/www.diocesitn.it\/area-testimonianza\/"},{"@type":"ListItem","position":2,"name":"Forti emozioni e calorose testimonianze in Albania, insolita meta di pellegrinaggio dal 9 al 16 luglio"}]},{"@type":"WebSite","@id":"https:\/\/www.diocesitn.it\/area-testimonianza\/#website","url":"https:\/\/www.diocesitn.it\/area-testimonianza\/","name":"Testimonianza e Impegno sociale","description":"Chiesa di Trento","publisher":{"@id":"https:\/\/www.diocesitn.it\/area-testimonianza\/#organization"},"potentialAction":[{"@type":"SearchAction","target":{"@type":"EntryPoint","urlTemplate":"https:\/\/www.diocesitn.it\/area-testimonianza\/?s={search_term_string}"},"query-input":"required name=search_term_string"}],"inLanguage":"it-IT"},{"@type":["Organization","Place"],"@id":"https:\/\/www.diocesitn.it\/area-testimonianza\/#organization","name":"Area Testimonianza e Impegno Sociale - Chiesa di Trento","url":"https:\/\/www.diocesitn.it\/area-testimonianza\/","logo":{"@id":"https:\/\/www.diocesitn.it\/area-testimonianza\/2022\/07\/21\/forti-emozioni-e-calorose-testimonianze-in-albania-insolita-meta-di-pellegrinaggio-dal-9-al-16-luglio\/#local-main-organization-logo"},"image":{"@id":"https:\/\/www.diocesitn.it\/area-testimonianza\/2022\/07\/21\/forti-emozioni-e-calorose-testimonianze-in-albania-insolita-meta-di-pellegrinaggio-dal-9-al-16-luglio\/#local-main-organization-logo"},"openingHoursSpecification":[{"@type":"OpeningHoursSpecification","dayOfWeek":["Monday","Tuesday","Wednesday","Thursday","Friday","Saturday","Sunday"],"opens":"09:00","closes":"17:00"}]},{"@type":"ImageObject","inLanguage":"it-IT","@id":"https:\/\/www.diocesitn.it\/area-testimonianza\/2022\/07\/21\/forti-emozioni-e-calorose-testimonianze-in-albania-insolita-meta-di-pellegrinaggio-dal-9-al-16-luglio\/#local-main-organization-logo","url":"https:\/\/www.diocesitn.it\/area-testimonianza\/wp-content\/uploads\/sites\/37\/2021\/09\/og-logo-testimonianza-e-impegno-sociale.jpg","contentUrl":"https:\/\/www.diocesitn.it\/area-testimonianza\/wp-content\/uploads\/sites\/37\/2021\/09\/og-logo-testimonianza-e-impegno-sociale.jpg","width":1200,"height":630,"caption":"Area Testimonianza e Impegno Sociale - Chiesa di Trento"}]}},"_links":{"self":[{"href":"https:\/\/www.diocesitn.it\/area-testimonianza\/wp-json\/wp\/v2\/posts\/11716","targetHints":{"allow":["GET"]}}],"collection":[{"href":"https:\/\/www.diocesitn.it\/area-testimonianza\/wp-json\/wp\/v2\/posts"}],"about":[{"href":"https:\/\/www.diocesitn.it\/area-testimonianza\/wp-json\/wp\/v2\/types\/post"}],"author":[{"embeddable":true,"href":"https:\/\/www.diocesitn.it\/area-testimonianza\/wp-json\/wp\/v2\/users\/4"}],"replies":[{"embeddable":true,"href":"https:\/\/www.diocesitn.it\/area-testimonianza\/wp-json\/wp\/v2\/comments?post=11716"}],"version-history":[{"count":4,"href":"https:\/\/www.diocesitn.it\/area-testimonianza\/wp-json\/wp\/v2\/posts\/11716\/revisions"}],"predecessor-version":[{"id":12575,"href":"https:\/\/www.diocesitn.it\/area-testimonianza\/wp-json\/wp\/v2\/posts\/11716\/revisions\/12575"}],"wp:featuredmedia":[{"embeddable":true,"href":"https:\/\/www.diocesitn.it\/area-testimonianza\/wp-json\/wp\/v2\/media\/11757"}],"wp:attachment":[{"href":"https:\/\/www.diocesitn.it\/area-testimonianza\/wp-json\/wp\/v2\/media?parent=11716"}],"wp:term":[{"taxonomy":"category","embeddable":true,"href":"https:\/\/www.diocesitn.it\/area-testimonianza\/wp-json\/wp\/v2\/categories?post=11716"},{"taxonomy":"post_tag","embeddable":true,"href":"https:\/\/www.diocesitn.it\/area-testimonianza\/wp-json\/wp\/v2\/tags?post=11716"}],"curies":[{"name":"wp","href":"https:\/\/api.w.org\/{rel}","templated":true}]}}