{"id":11669,"date":"2022-06-22T12:09:41","date_gmt":"2022-06-22T10:09:41","guid":{"rendered":"https:\/\/www.diocesitn.it\/area-testimonianza\/2022\/06\/22\/videomessaggio-del-vescovo-lauro-ai-missionari-in-occasione-di-san-vigilio-siete-la-storia-della-gratuita-trentina-diffusa-nel-mondo-dal-ghana-la-testimonianza-di-nicoletta-gatti\/"},"modified":"2025-04-10T11:22:05","modified_gmt":"2025-04-10T09:22:05","slug":"videomessaggio-del-vescovo-lauro-ai-missionari-in-occasione-di-san-vigilio-siete-la-storia-della-gratuita-trentina-diffusa-nel-mondo-dal-ghana-la-testimonianza-di-nicoletta-gatti","status":"publish","type":"post","link":"https:\/\/www.diocesitn.it\/area-testimonianza\/2022\/06\/22\/videomessaggio-del-vescovo-lauro-ai-missionari-in-occasione-di-san-vigilio-siete-la-storia-della-gratuita-trentina-diffusa-nel-mondo-dal-ghana-la-testimonianza-di-nicoletta-gatti\/","title":{"rendered":"Videomessaggio del vescovo Lauro ai missionari in occasione di San Vigilio: \u201cSiete la storia della gratuit\u00e0 trentina diffusa nel mondo\u201d. Dal Ghana la testimonianza di Nicoletta Gatti"},"content":{"rendered":"<p>In occasione del patrono san Vigilio l\u2019<strong>arcivescovo Lauro<\/strong> rivolge anche quest\u2019anno, in un videomessaggio, un <strong>pensiero affettuoso e di ringraziamento ai missionari trentini sparsi nel mondo<\/strong>. \u201cI tratti del Dio della gratuit\u00e0 \u2013 dice loro monsignor Tisi &#8211; passano agli uomini e sicuramente sono passati in Vigilio, ma mi piace pensare che voi siete altrettanti Vigilio, che siete la storia della gratuit\u00e0 trentina diffusa nel mondo. Ed \u00e8 molto bello, come ho scritto nella Lettera alla comunit\u00e0, pensare che quello che differenzia il nostro amore da quello di Dio \u00e8 proprio questo: quello di Dio \u00e8 debordante, \u00e8 pura gratuit\u00e0, eccedenza continua. Questa gratuit\u00e0, a dosi diverse, Dio l\u2019ha passata agli uomini e tra i tanti uomini che l\u2019hanno e la diffondono ci siete voi cari missionari. Grazie per il vostro impegno!\u201d.<\/p>\n<p>Il videomessaggio, dal titolo \u201cSan Vigilio, missionario di speranza\u201d (disponibile su sito e canale YouTube diocesani nel prossimo fine settimana) si arricchisce quest\u2019anno della testimonianza della missionaria roveretana <strong>Nicoletta Gatti<\/strong>, impegnata da anni in Ghana, e del saluto finale del delegato diocesano dell\u2019Area Testimonianza <strong>don Cristiano Bettega<\/strong>.<\/p>\n<p><iframe loading=\"lazy\" title=\"San Vigilio, missionario di speranza: il videomessaggio del vescovo Lauro\" width=\"800\" height=\"450\" src=\"https:\/\/www.youtube.com\/embed\/3a6Ab7fh65U?feature=oembed\" frameborder=\"0\" allow=\"accelerometer; autoplay; clipboard-write; encrypted-media; gyroscope; picture-in-picture; web-share\" referrerpolicy=\"strict-origin-when-cross-origin\" allowfullscreen><\/iframe><\/p>\n","protected":false},"excerpt":{"rendered":"<p>In occasione del patrono san Vigilio l\u2019arcivescovo Lauro rivolge anche quest\u2019anno, in un videomessaggio, un pensiero affettuoso e di ringraziamento ai missionari trentini sparsi nel mondo. \u201cI tratti del Dio della gratuit\u00e0 \u2013 dice loro<\/p>\n","protected":false},"author":4,"featured_media":11670,"comment_status":"closed","ping_status":"closed","sticky":false,"template":"","format":"standard","meta":{"footnotes":""},"categories":[1074,1151],"tags":[1848,1510,2399,2023,2505],"class_list":["post-11669","post","type-post","status-publish","format-standard","has-post-thumbnail","hentry","category-notizie","category-servizio-missionario","tag-cristiano-bettega","tag-incontro","tag-lettere-dalle-missioni","tag-missionari-in-vacanza","tag-nicoletta-gatti"],"acf":{"seed-localization-paese-cod":"IT","seed-localization-address":"","seed-localization-citta":"Trento","seed-localization-regione-cod-istat":"04","seed-localization-citta-cod-istat":"022205","seed-localization-localita":"","seed-localization-cap":"","seed-localization-marker-visibility":false,"seed-localization-children-visibility":false,"seed-localization-kml":"","seed-localization-custom-marker":""},"yoast_head":"<!-- This site is optimized with the Yoast SEO Premium plugin v20.2.1 (Yoast SEO v22.2) - https:\/\/yoast.com\/wordpress\/plugins\/seo\/ -->\n<title>Videomessaggio del vescovo Lauro ai missionari in occasione di San Vigilio: \u201cSiete la storia della gratuit\u00e0 trentina diffusa nel mondo\u201d. Dal Ghana la testimonianza di Nicoletta Gatti - Testimonianza e Impegno sociale<\/title>\n<meta name=\"robots\" content=\"index, follow, max-snippet:-1, max-image-preview:large, max-video-preview:-1\" \/>\n<link rel=\"canonical\" href=\"https:\/\/www.diocesitn.it\/area-testimonianza\/2022\/06\/22\/videomessaggio-del-vescovo-lauro-ai-missionari-in-occasione-di-san-vigilio-siete-la-storia-della-gratuita-trentina-diffusa-nel-mondo-dal-ghana-la-testimonianza-di-nicoletta-gatti\/\" \/>\n<meta property=\"og:locale\" content=\"it_IT\" \/>\n<meta property=\"og:type\" content=\"article\" \/>\n<meta property=\"og:title\" content=\"Videomessaggio del vescovo Lauro ai missionari in occasione di San Vigilio: \u201cSiete la storia della gratuit\u00e0 trentina diffusa nel mondo\u201d. Dal Ghana la testimonianza di Nicoletta Gatti\" \/>\n<meta property=\"og:description\" content=\"In occasione del patrono san Vigilio l\u2019arcivescovo Lauro rivolge anche quest\u2019anno, in un videomessaggio, un pensiero affettuoso e di ringraziamento ai missionari trentini sparsi nel mondo. \u201cI tratti del Dio della gratuit\u00e0 \u2013 dice loro\" \/>\n<meta property=\"og:url\" content=\"https:\/\/www.diocesitn.it\/area-testimonianza\/2022\/06\/22\/videomessaggio-del-vescovo-lauro-ai-missionari-in-occasione-di-san-vigilio-siete-la-storia-della-gratuita-trentina-diffusa-nel-mondo-dal-ghana-la-testimonianza-di-nicoletta-gatti\/\" \/>\n<meta property=\"og:site_name\" content=\"Testimonianza e Impegno sociale\" \/>\n<meta property=\"article:published_time\" content=\"2022-06-22T10:09:41+00:00\" \/>\n<meta property=\"article:modified_time\" content=\"2025-04-10T09:22:05+00:00\" \/>\n<meta property=\"og:image\" content=\"https:\/\/www.diocesitn.it\/area-testimonianza\/wp-content\/uploads\/sites\/37\/2022\/06\/Immagine-2022-06-22-120756.jpg\" \/>\n\t<meta property=\"og:image:width\" content=\"1691\" \/>\n\t<meta property=\"og:image:height\" content=\"933\" \/>\n\t<meta property=\"og:image:type\" content=\"image\/jpeg\" \/>\n<meta name=\"author\" content=\"Claudia Dorigoni\" \/>\n<meta name=\"twitter:card\" content=\"summary_large_image\" \/>\n<meta name=\"twitter:label1\" content=\"Scritto da\" \/>\n\t<meta name=\"twitter:data1\" content=\"Claudia Dorigoni\" \/>\n\t<meta name=\"twitter:label2\" content=\"Tempo di lettura stimato\" \/>\n\t<meta name=\"twitter:data2\" content=\"2 minuti\" \/>\n<script type=\"application\/ld+json\" class=\"yoast-schema-graph\">{\"@context\":\"https:\/\/schema.org\",\"@graph\":[{\"@type\":\"Article\",\"@id\":\"https:\/\/www.diocesitn.it\/area-testimonianza\/2022\/06\/22\/videomessaggio-del-vescovo-lauro-ai-missionari-in-occasione-di-san-vigilio-siete-la-storia-della-gratuita-trentina-diffusa-nel-mondo-dal-ghana-la-testimonianza-di-nicoletta-gatti\/#article\",\"isPartOf\":{\"@id\":\"https:\/\/www.diocesitn.it\/area-testimonianza\/2022\/06\/22\/videomessaggio-del-vescovo-lauro-ai-missionari-in-occasione-di-san-vigilio-siete-la-storia-della-gratuita-trentina-diffusa-nel-mondo-dal-ghana-la-testimonianza-di-nicoletta-gatti\/\"},\"author\":{\"name\":\"Claudia Dorigoni\",\"@id\":\"https:\/\/www.diocesitn.it\/area-testimonianza\/#\/schema\/person\/5467191b81c25706baf09a59aab380a5\"},\"headline\":\"Videomessaggio del vescovo Lauro ai missionari in occasione di San Vigilio: \u201cSiete la storia della gratuit\u00e0 trentina diffusa nel mondo\u201d. Dal Ghana la testimonianza di Nicoletta Gatti\",\"datePublished\":\"2022-06-22T10:09:41+00:00\",\"dateModified\":\"2025-04-10T09:22:05+00:00\",\"mainEntityOfPage\":{\"@id\":\"https:\/\/www.diocesitn.it\/area-testimonianza\/2022\/06\/22\/videomessaggio-del-vescovo-lauro-ai-missionari-in-occasione-di-san-vigilio-siete-la-storia-della-gratuita-trentina-diffusa-nel-mondo-dal-ghana-la-testimonianza-di-nicoletta-gatti\/\"},\"wordCount\":217,\"publisher\":{\"@id\":\"https:\/\/www.diocesitn.it\/area-testimonianza\/#organization\"},\"image\":{\"@id\":\"https:\/\/www.diocesitn.it\/area-testimonianza\/2022\/06\/22\/videomessaggio-del-vescovo-lauro-ai-missionari-in-occasione-di-san-vigilio-siete-la-storia-della-gratuita-trentina-diffusa-nel-mondo-dal-ghana-la-testimonianza-di-nicoletta-gatti\/#primaryimage\"},\"thumbnailUrl\":\"https:\/\/www.diocesitn.it\/area-testimonianza\/wp-content\/uploads\/sites\/37\/2022\/06\/Immagine-2022-06-22-120756.jpg\",\"keywords\":[\"d. Cristiano Bettega\",\"incontro\",\"lettere dalle missioni\",\"missionari in vacanza\",\"Nicoletta Gatti\"],\"articleSection\":[\"Notizie\",\"Pastorale Missionaria\"],\"inLanguage\":\"it-IT\",\"copyrightYear\":\"2022\",\"copyrightHolder\":{\"@id\":\"https:\/\/www.diocesitn.it\/#organization\"}},{\"@type\":\"WebPage\",\"@id\":\"https:\/\/www.diocesitn.it\/area-testimonianza\/2022\/06\/22\/videomessaggio-del-vescovo-lauro-ai-missionari-in-occasione-di-san-vigilio-siete-la-storia-della-gratuita-trentina-diffusa-nel-mondo-dal-ghana-la-testimonianza-di-nicoletta-gatti\/\",\"url\":\"https:\/\/www.diocesitn.it\/area-testimonianza\/2022\/06\/22\/videomessaggio-del-vescovo-lauro-ai-missionari-in-occasione-di-san-vigilio-siete-la-storia-della-gratuita-trentina-diffusa-nel-mondo-dal-ghana-la-testimonianza-di-nicoletta-gatti\/\",\"name\":\"Videomessaggio del vescovo Lauro ai missionari in occasione di San Vigilio: \u201cSiete la storia della gratuit\u00e0 trentina diffusa nel mondo\u201d. Dal Ghana la testimonianza di Nicoletta Gatti - Testimonianza e Impegno sociale\",\"isPartOf\":{\"@id\":\"https:\/\/www.diocesitn.it\/area-testimonianza\/#website\"},\"primaryImageOfPage\":{\"@id\":\"https:\/\/www.diocesitn.it\/area-testimonianza\/2022\/06\/22\/videomessaggio-del-vescovo-lauro-ai-missionari-in-occasione-di-san-vigilio-siete-la-storia-della-gratuita-trentina-diffusa-nel-mondo-dal-ghana-la-testimonianza-di-nicoletta-gatti\/#primaryimage\"},\"image\":{\"@id\":\"https:\/\/www.diocesitn.it\/area-testimonianza\/2022\/06\/22\/videomessaggio-del-vescovo-lauro-ai-missionari-in-occasione-di-san-vigilio-siete-la-storia-della-gratuita-trentina-diffusa-nel-mondo-dal-ghana-la-testimonianza-di-nicoletta-gatti\/#primaryimage\"},\"thumbnailUrl\":\"https:\/\/www.diocesitn.it\/area-testimonianza\/wp-content\/uploads\/sites\/37\/2022\/06\/Immagine-2022-06-22-120756.jpg\",\"datePublished\":\"2022-06-22T10:09:41+00:00\",\"dateModified\":\"2025-04-10T09:22:05+00:00\",\"breadcrumb\":{\"@id\":\"https:\/\/www.diocesitn.it\/area-testimonianza\/2022\/06\/22\/videomessaggio-del-vescovo-lauro-ai-missionari-in-occasione-di-san-vigilio-siete-la-storia-della-gratuita-trentina-diffusa-nel-mondo-dal-ghana-la-testimonianza-di-nicoletta-gatti\/#breadcrumb\"},\"inLanguage\":\"it-IT\",\"potentialAction\":[{\"@type\":\"ReadAction\",\"target\":[\"https:\/\/www.diocesitn.it\/area-testimonianza\/2022\/06\/22\/videomessaggio-del-vescovo-lauro-ai-missionari-in-occasione-di-san-vigilio-siete-la-storia-della-gratuita-trentina-diffusa-nel-mondo-dal-ghana-la-testimonianza-di-nicoletta-gatti\/\"]}]},{\"@type\":\"ImageObject\",\"inLanguage\":\"it-IT\",\"@id\":\"https:\/\/www.diocesitn.it\/area-testimonianza\/2022\/06\/22\/videomessaggio-del-vescovo-lauro-ai-missionari-in-occasione-di-san-vigilio-siete-la-storia-della-gratuita-trentina-diffusa-nel-mondo-dal-ghana-la-testimonianza-di-nicoletta-gatti\/#primaryimage\",\"url\":\"https:\/\/www.diocesitn.it\/area-testimonianza\/wp-content\/uploads\/sites\/37\/2022\/06\/Immagine-2022-06-22-120756.jpg\",\"contentUrl\":\"https:\/\/www.diocesitn.it\/area-testimonianza\/wp-content\/uploads\/sites\/37\/2022\/06\/Immagine-2022-06-22-120756.jpg\",\"width\":1691,\"height\":933},{\"@type\":\"BreadcrumbList\",\"@id\":\"https:\/\/www.diocesitn.it\/area-testimonianza\/2022\/06\/22\/videomessaggio-del-vescovo-lauro-ai-missionari-in-occasione-di-san-vigilio-siete-la-storia-della-gratuita-trentina-diffusa-nel-mondo-dal-ghana-la-testimonianza-di-nicoletta-gatti\/#breadcrumb\",\"itemListElement\":[{\"@type\":\"ListItem\",\"position\":1,\"name\":\"Home\",\"item\":\"https:\/\/www.diocesitn.it\/area-testimonianza\/\"},{\"@type\":\"ListItem\",\"position\":2,\"name\":\"Videomessaggio del vescovo Lauro ai missionari in occasione di San Vigilio: \u201cSiete la storia della gratuit\u00e0 trentina diffusa nel mondo\u201d. Dal Ghana la testimonianza di Nicoletta Gatti\"}]},{\"@type\":\"WebSite\",\"@id\":\"https:\/\/www.diocesitn.it\/area-testimonianza\/#website\",\"url\":\"https:\/\/www.diocesitn.it\/area-testimonianza\/\",\"name\":\"Testimonianza e Impegno sociale\",\"description\":\"Chiesa di Trento\",\"publisher\":{\"@id\":\"https:\/\/www.diocesitn.it\/area-testimonianza\/#organization\"},\"potentialAction\":[{\"@type\":\"SearchAction\",\"target\":{\"@type\":\"EntryPoint\",\"urlTemplate\":\"https:\/\/www.diocesitn.it\/area-testimonianza\/?s={search_term_string}\"},\"query-input\":\"required name=search_term_string\"}],\"inLanguage\":\"it-IT\"},{\"@type\":[\"Organization\",\"Place\"],\"@id\":\"https:\/\/www.diocesitn.it\/area-testimonianza\/#organization\",\"name\":\"Area Testimonianza e Impegno Sociale - Chiesa di Trento\",\"url\":\"https:\/\/www.diocesitn.it\/area-testimonianza\/\",\"logo\":{\"@id\":\"https:\/\/www.diocesitn.it\/area-testimonianza\/2022\/06\/22\/videomessaggio-del-vescovo-lauro-ai-missionari-in-occasione-di-san-vigilio-siete-la-storia-della-gratuita-trentina-diffusa-nel-mondo-dal-ghana-la-testimonianza-di-nicoletta-gatti\/#local-main-organization-logo\"},\"image\":{\"@id\":\"https:\/\/www.diocesitn.it\/area-testimonianza\/2022\/06\/22\/videomessaggio-del-vescovo-lauro-ai-missionari-in-occasione-di-san-vigilio-siete-la-storia-della-gratuita-trentina-diffusa-nel-mondo-dal-ghana-la-testimonianza-di-nicoletta-gatti\/#local-main-organization-logo\"},\"openingHoursSpecification\":[{\"@type\":\"OpeningHoursSpecification\",\"dayOfWeek\":[\"Monday\",\"Tuesday\",\"Wednesday\",\"Thursday\",\"Friday\",\"Saturday\",\"Sunday\"],\"opens\":\"09:00\",\"closes\":\"17:00\"}]},{\"@type\":\"ImageObject\",\"inLanguage\":\"it-IT\",\"@id\":\"https:\/\/www.diocesitn.it\/area-testimonianza\/2022\/06\/22\/videomessaggio-del-vescovo-lauro-ai-missionari-in-occasione-di-san-vigilio-siete-la-storia-della-gratuita-trentina-diffusa-nel-mondo-dal-ghana-la-testimonianza-di-nicoletta-gatti\/#local-main-organization-logo\",\"url\":\"https:\/\/www.diocesitn.it\/area-testimonianza\/wp-content\/uploads\/sites\/37\/2021\/09\/og-logo-testimonianza-e-impegno-sociale.jpg\",\"contentUrl\":\"https:\/\/www.diocesitn.it\/area-testimonianza\/wp-content\/uploads\/sites\/37\/2021\/09\/og-logo-testimonianza-e-impegno-sociale.jpg\",\"width\":1200,\"height\":630,\"caption\":\"Area Testimonianza e Impegno Sociale - Chiesa di Trento\"}]}<\/script>\n<!-- \/ Yoast SEO Premium plugin. -->","yoast_head_json":{"title":"Videomessaggio del vescovo Lauro ai missionari in occasione di San Vigilio: \u201cSiete la storia della gratuit\u00e0 trentina diffusa nel mondo\u201d. Dal Ghana la testimonianza di Nicoletta Gatti - Testimonianza e Impegno sociale","robots":{"index":"index","follow":"follow","max-snippet":"max-snippet:-1","max-image-preview":"max-image-preview:large","max-video-preview":"max-video-preview:-1"},"canonical":"https:\/\/www.diocesitn.it\/area-testimonianza\/2022\/06\/22\/videomessaggio-del-vescovo-lauro-ai-missionari-in-occasione-di-san-vigilio-siete-la-storia-della-gratuita-trentina-diffusa-nel-mondo-dal-ghana-la-testimonianza-di-nicoletta-gatti\/","og_locale":"it_IT","og_type":"article","og_title":"Videomessaggio del vescovo Lauro ai missionari in occasione di San Vigilio: \u201cSiete la storia della gratuit\u00e0 trentina diffusa nel mondo\u201d. Dal Ghana la testimonianza di Nicoletta Gatti","og_description":"In occasione del patrono san Vigilio l\u2019arcivescovo Lauro rivolge anche quest\u2019anno, in un videomessaggio, un pensiero affettuoso e di ringraziamento ai missionari trentini sparsi nel mondo. \u201cI tratti del Dio della gratuit\u00e0 \u2013 dice loro","og_url":"https:\/\/www.diocesitn.it\/area-testimonianza\/2022\/06\/22\/videomessaggio-del-vescovo-lauro-ai-missionari-in-occasione-di-san-vigilio-siete-la-storia-della-gratuita-trentina-diffusa-nel-mondo-dal-ghana-la-testimonianza-di-nicoletta-gatti\/","og_site_name":"Testimonianza e Impegno sociale","article_published_time":"2022-06-22T10:09:41+00:00","article_modified_time":"2025-04-10T09:22:05+00:00","og_image":[{"width":1691,"height":933,"url":"https:\/\/www.diocesitn.it\/area-testimonianza\/wp-content\/uploads\/sites\/37\/2022\/06\/Immagine-2022-06-22-120756.jpg","type":"image\/jpeg"}],"author":"Claudia Dorigoni","twitter_card":"summary_large_image","twitter_misc":{"Scritto da":"Claudia Dorigoni","Tempo di lettura stimato":"2 minuti"},"schema":{"@context":"https:\/\/schema.org","@graph":[{"@type":"Article","@id":"https:\/\/www.diocesitn.it\/area-testimonianza\/2022\/06\/22\/videomessaggio-del-vescovo-lauro-ai-missionari-in-occasione-di-san-vigilio-siete-la-storia-della-gratuita-trentina-diffusa-nel-mondo-dal-ghana-la-testimonianza-di-nicoletta-gatti\/#article","isPartOf":{"@id":"https:\/\/www.diocesitn.it\/area-testimonianza\/2022\/06\/22\/videomessaggio-del-vescovo-lauro-ai-missionari-in-occasione-di-san-vigilio-siete-la-storia-della-gratuita-trentina-diffusa-nel-mondo-dal-ghana-la-testimonianza-di-nicoletta-gatti\/"},"author":{"name":"Claudia Dorigoni","@id":"https:\/\/www.diocesitn.it\/area-testimonianza\/#\/schema\/person\/5467191b81c25706baf09a59aab380a5"},"headline":"Videomessaggio del vescovo Lauro ai missionari in occasione di San Vigilio: \u201cSiete la storia della gratuit\u00e0 trentina diffusa nel mondo\u201d. Dal Ghana la testimonianza di Nicoletta Gatti","datePublished":"2022-06-22T10:09:41+00:00","dateModified":"2025-04-10T09:22:05+00:00","mainEntityOfPage":{"@id":"https:\/\/www.diocesitn.it\/area-testimonianza\/2022\/06\/22\/videomessaggio-del-vescovo-lauro-ai-missionari-in-occasione-di-san-vigilio-siete-la-storia-della-gratuita-trentina-diffusa-nel-mondo-dal-ghana-la-testimonianza-di-nicoletta-gatti\/"},"wordCount":217,"publisher":{"@id":"https:\/\/www.diocesitn.it\/area-testimonianza\/#organization"},"image":{"@id":"https:\/\/www.diocesitn.it\/area-testimonianza\/2022\/06\/22\/videomessaggio-del-vescovo-lauro-ai-missionari-in-occasione-di-san-vigilio-siete-la-storia-della-gratuita-trentina-diffusa-nel-mondo-dal-ghana-la-testimonianza-di-nicoletta-gatti\/#primaryimage"},"thumbnailUrl":"https:\/\/www.diocesitn.it\/area-testimonianza\/wp-content\/uploads\/sites\/37\/2022\/06\/Immagine-2022-06-22-120756.jpg","keywords":["d. Cristiano Bettega","incontro","lettere dalle missioni","missionari in vacanza","Nicoletta Gatti"],"articleSection":["Notizie","Pastorale Missionaria"],"inLanguage":"it-IT","copyrightYear":"2022","copyrightHolder":{"@id":"https:\/\/www.diocesitn.it\/#organization"}},{"@type":"WebPage","@id":"https:\/\/www.diocesitn.it\/area-testimonianza\/2022\/06\/22\/videomessaggio-del-vescovo-lauro-ai-missionari-in-occasione-di-san-vigilio-siete-la-storia-della-gratuita-trentina-diffusa-nel-mondo-dal-ghana-la-testimonianza-di-nicoletta-gatti\/","url":"https:\/\/www.diocesitn.it\/area-testimonianza\/2022\/06\/22\/videomessaggio-del-vescovo-lauro-ai-missionari-in-occasione-di-san-vigilio-siete-la-storia-della-gratuita-trentina-diffusa-nel-mondo-dal-ghana-la-testimonianza-di-nicoletta-gatti\/","name":"Videomessaggio del vescovo Lauro ai missionari in occasione di San Vigilio: \u201cSiete la storia della gratuit\u00e0 trentina diffusa nel mondo\u201d. Dal Ghana la testimonianza di Nicoletta Gatti - Testimonianza e Impegno sociale","isPartOf":{"@id":"https:\/\/www.diocesitn.it\/area-testimonianza\/#website"},"primaryImageOfPage":{"@id":"https:\/\/www.diocesitn.it\/area-testimonianza\/2022\/06\/22\/videomessaggio-del-vescovo-lauro-ai-missionari-in-occasione-di-san-vigilio-siete-la-storia-della-gratuita-trentina-diffusa-nel-mondo-dal-ghana-la-testimonianza-di-nicoletta-gatti\/#primaryimage"},"image":{"@id":"https:\/\/www.diocesitn.it\/area-testimonianza\/2022\/06\/22\/videomessaggio-del-vescovo-lauro-ai-missionari-in-occasione-di-san-vigilio-siete-la-storia-della-gratuita-trentina-diffusa-nel-mondo-dal-ghana-la-testimonianza-di-nicoletta-gatti\/#primaryimage"},"thumbnailUrl":"https:\/\/www.diocesitn.it\/area-testimonianza\/wp-content\/uploads\/sites\/37\/2022\/06\/Immagine-2022-06-22-120756.jpg","datePublished":"2022-06-22T10:09:41+00:00","dateModified":"2025-04-10T09:22:05+00:00","breadcrumb":{"@id":"https:\/\/www.diocesitn.it\/area-testimonianza\/2022\/06\/22\/videomessaggio-del-vescovo-lauro-ai-missionari-in-occasione-di-san-vigilio-siete-la-storia-della-gratuita-trentina-diffusa-nel-mondo-dal-ghana-la-testimonianza-di-nicoletta-gatti\/#breadcrumb"},"inLanguage":"it-IT","potentialAction":[{"@type":"ReadAction","target":["https:\/\/www.diocesitn.it\/area-testimonianza\/2022\/06\/22\/videomessaggio-del-vescovo-lauro-ai-missionari-in-occasione-di-san-vigilio-siete-la-storia-della-gratuita-trentina-diffusa-nel-mondo-dal-ghana-la-testimonianza-di-nicoletta-gatti\/"]}]},{"@type":"ImageObject","inLanguage":"it-IT","@id":"https:\/\/www.diocesitn.it\/area-testimonianza\/2022\/06\/22\/videomessaggio-del-vescovo-lauro-ai-missionari-in-occasione-di-san-vigilio-siete-la-storia-della-gratuita-trentina-diffusa-nel-mondo-dal-ghana-la-testimonianza-di-nicoletta-gatti\/#primaryimage","url":"https:\/\/www.diocesitn.it\/area-testimonianza\/wp-content\/uploads\/sites\/37\/2022\/06\/Immagine-2022-06-22-120756.jpg","contentUrl":"https:\/\/www.diocesitn.it\/area-testimonianza\/wp-content\/uploads\/sites\/37\/2022\/06\/Immagine-2022-06-22-120756.jpg","width":1691,"height":933},{"@type":"BreadcrumbList","@id":"https:\/\/www.diocesitn.it\/area-testimonianza\/2022\/06\/22\/videomessaggio-del-vescovo-lauro-ai-missionari-in-occasione-di-san-vigilio-siete-la-storia-della-gratuita-trentina-diffusa-nel-mondo-dal-ghana-la-testimonianza-di-nicoletta-gatti\/#breadcrumb","itemListElement":[{"@type":"ListItem","position":1,"name":"Home","item":"https:\/\/www.diocesitn.it\/area-testimonianza\/"},{"@type":"ListItem","position":2,"name":"Videomessaggio del vescovo Lauro ai missionari in occasione di San Vigilio: \u201cSiete la storia della gratuit\u00e0 trentina diffusa nel mondo\u201d. Dal Ghana la testimonianza di Nicoletta Gatti"}]},{"@type":"WebSite","@id":"https:\/\/www.diocesitn.it\/area-testimonianza\/#website","url":"https:\/\/www.diocesitn.it\/area-testimonianza\/","name":"Testimonianza e Impegno sociale","description":"Chiesa di Trento","publisher":{"@id":"https:\/\/www.diocesitn.it\/area-testimonianza\/#organization"},"potentialAction":[{"@type":"SearchAction","target":{"@type":"EntryPoint","urlTemplate":"https:\/\/www.diocesitn.it\/area-testimonianza\/?s={search_term_string}"},"query-input":"required name=search_term_string"}],"inLanguage":"it-IT"},{"@type":["Organization","Place"],"@id":"https:\/\/www.diocesitn.it\/area-testimonianza\/#organization","name":"Area Testimonianza e Impegno Sociale - Chiesa di Trento","url":"https:\/\/www.diocesitn.it\/area-testimonianza\/","logo":{"@id":"https:\/\/www.diocesitn.it\/area-testimonianza\/2022\/06\/22\/videomessaggio-del-vescovo-lauro-ai-missionari-in-occasione-di-san-vigilio-siete-la-storia-della-gratuita-trentina-diffusa-nel-mondo-dal-ghana-la-testimonianza-di-nicoletta-gatti\/#local-main-organization-logo"},"image":{"@id":"https:\/\/www.diocesitn.it\/area-testimonianza\/2022\/06\/22\/videomessaggio-del-vescovo-lauro-ai-missionari-in-occasione-di-san-vigilio-siete-la-storia-della-gratuita-trentina-diffusa-nel-mondo-dal-ghana-la-testimonianza-di-nicoletta-gatti\/#local-main-organization-logo"},"openingHoursSpecification":[{"@type":"OpeningHoursSpecification","dayOfWeek":["Monday","Tuesday","Wednesday","Thursday","Friday","Saturday","Sunday"],"opens":"09:00","closes":"17:00"}]},{"@type":"ImageObject","inLanguage":"it-IT","@id":"https:\/\/www.diocesitn.it\/area-testimonianza\/2022\/06\/22\/videomessaggio-del-vescovo-lauro-ai-missionari-in-occasione-di-san-vigilio-siete-la-storia-della-gratuita-trentina-diffusa-nel-mondo-dal-ghana-la-testimonianza-di-nicoletta-gatti\/#local-main-organization-logo","url":"https:\/\/www.diocesitn.it\/area-testimonianza\/wp-content\/uploads\/sites\/37\/2021\/09\/og-logo-testimonianza-e-impegno-sociale.jpg","contentUrl":"https:\/\/www.diocesitn.it\/area-testimonianza\/wp-content\/uploads\/sites\/37\/2021\/09\/og-logo-testimonianza-e-impegno-sociale.jpg","width":1200,"height":630,"caption":"Area Testimonianza e Impegno Sociale - Chiesa di Trento"}]}},"_links":{"self":[{"href":"https:\/\/www.diocesitn.it\/area-testimonianza\/wp-json\/wp\/v2\/posts\/11669","targetHints":{"allow":["GET"]}}],"collection":[{"href":"https:\/\/www.diocesitn.it\/area-testimonianza\/wp-json\/wp\/v2\/posts"}],"about":[{"href":"https:\/\/www.diocesitn.it\/area-testimonianza\/wp-json\/wp\/v2\/types\/post"}],"author":[{"embeddable":true,"href":"https:\/\/www.diocesitn.it\/area-testimonianza\/wp-json\/wp\/v2\/users\/4"}],"replies":[{"embeddable":true,"href":"https:\/\/www.diocesitn.it\/area-testimonianza\/wp-json\/wp\/v2\/comments?post=11669"}],"version-history":[{"count":2,"href":"https:\/\/www.diocesitn.it\/area-testimonianza\/wp-json\/wp\/v2\/posts\/11669\/revisions"}],"predecessor-version":[{"id":17524,"href":"https:\/\/www.diocesitn.it\/area-testimonianza\/wp-json\/wp\/v2\/posts\/11669\/revisions\/17524"}],"wp:featuredmedia":[{"embeddable":true,"href":"https:\/\/www.diocesitn.it\/area-testimonianza\/wp-json\/wp\/v2\/media\/11670"}],"wp:attachment":[{"href":"https:\/\/www.diocesitn.it\/area-testimonianza\/wp-json\/wp\/v2\/media?parent=11669"}],"wp:term":[{"taxonomy":"category","embeddable":true,"href":"https:\/\/www.diocesitn.it\/area-testimonianza\/wp-json\/wp\/v2\/categories?post=11669"},{"taxonomy":"post_tag","embeddable":true,"href":"https:\/\/www.diocesitn.it\/area-testimonianza\/wp-json\/wp\/v2\/tags?post=11669"}],"curies":[{"name":"wp","href":"https:\/\/api.w.org\/{rel}","templated":true}]}}