{"id":11470,"date":"2022-05-18T11:09:31","date_gmt":"2022-05-18T09:09:31","guid":{"rendered":"https:\/\/www.diocesitn.it\/area-testimonianza\/?p=11470"},"modified":"2022-05-18T11:09:31","modified_gmt":"2022-05-18T09:09:31","slug":"una-visita-in-bosnia","status":"publish","type":"post","link":"https:\/\/www.diocesitn.it\/area-testimonianza\/2022\/05\/18\/una-visita-in-bosnia\/","title":{"rendered":"Una visita in Bosnia"},"content":{"rendered":"<p>Una delegazione trentina, di cui facevano parte Tatiana Brusco e Roberto Calz\u00e0, ha recentemente visitato la citt\u00e0 di Bihac in Bosnia, dove da tempo si \u00e8 creata una emergenza migratoria, in particolare presso il campo profughi di Lipa, tappa obbligatoria per quanti percorrono la rotta balcanica e intendono arrivare in Europa tramite la Croazia. Percorso fortemente ostacolato dalle autorit\u00e0 croate che, su mandato europeo, tengono fuori dai confini UE migliaia di persone che si ammassano in quelle zone, in cui appunto son stati approntati un paio di campi attrezzati.<\/p>\n<p>La visita rientra nelle azioni previste dalla campagna \u201cCambiamo Rotta\u201d (<a href=\"https:\/\/www.rottabalcanica.eu\/partecipa\">https:\/\/www.rottabalcanica.eu\/partecipa<\/a> ) promossa anche dalla diocesi di Trento a sostegno in particolare delle azioni che IPSIA (ONG delle ACLI), molto attiva in queste zone, porta avanti in questo contesto cos\u00ec fragile e complesso. Prossimamente troverete resoconto della visita su Vita Trentina, sul sito della diocesi e su Comunione e Missione.<\/p>\n","protected":false},"excerpt":{"rendered":"<p>Una delegazione trentina, di cui facevano parte Tatiana Brusco e Roberto Calz\u00e0, ha recentemente visitato la citt\u00e0 di Bihac in Bosnia, dove da tempo si \u00e8 creata una emergenza migratoria, in particolare presso il campo<\/p>\n","protected":false},"author":161,"featured_media":11473,"comment_status":"closed","ping_status":"closed","sticky":false,"template":"","format":"standard","meta":{"footnotes":""},"categories":[1074,1662],"tags":[1834,2012,2011],"class_list":["post-11470","post","type-post","status-publish","format-standard","has-post-thumbnail","hentry","category-notizie","category-servizio-migrazioni","tag-balcani","tag-bosnia","tag-cambiamo-rotta"],"acf":{"seed-localization-paese-cod":"IT","seed-localization-address":"","seed-localization-citta":"Trento","seed-localization-regione-cod-istat":"04","seed-localization-citta-cod-istat":"022205","seed-localization-localita":"","seed-localization-cap":"","seed-localization-marker-visibility":false,"seed-localization-children-visibility":false,"seed-localization-kml":"","seed-localization-custom-marker":""},"yoast_head":"<!-- This site is optimized with the Yoast SEO Premium plugin v20.2.1 (Yoast SEO v22.2) - https:\/\/yoast.com\/wordpress\/plugins\/seo\/ -->\n<title>Una visita in Bosnia - Testimonianza e Impegno sociale<\/title>\n<meta name=\"robots\" content=\"index, follow, max-snippet:-1, max-image-preview:large, max-video-preview:-1\" \/>\n<link rel=\"canonical\" href=\"https:\/\/www.diocesitn.it\/area-testimonianza\/2022\/05\/18\/una-visita-in-bosnia\/\" \/>\n<meta property=\"og:locale\" content=\"it_IT\" \/>\n<meta property=\"og:type\" content=\"article\" \/>\n<meta property=\"og:title\" content=\"Una visita in Bosnia\" \/>\n<meta property=\"og:description\" content=\"Una delegazione trentina, di cui facevano parte Tatiana Brusco e Roberto Calz\u00e0, ha recentemente visitato la citt\u00e0 di Bihac in Bosnia, dove da tempo si \u00e8 creata una emergenza migratoria, in particolare presso il campo\" \/>\n<meta property=\"og:url\" content=\"https:\/\/www.diocesitn.it\/area-testimonianza\/2022\/05\/18\/una-visita-in-bosnia\/\" \/>\n<meta property=\"og:site_name\" content=\"Testimonianza e Impegno sociale\" \/>\n<meta property=\"article:published_time\" content=\"2022-05-18T09:09:31+00:00\" \/>\n<meta property=\"og:image\" content=\"https:\/\/www.diocesitn.it\/area-testimonianza\/wp-content\/uploads\/sites\/37\/2022\/05\/vedutalipa2-scaled.jpg\" \/>\n\t<meta property=\"og:image:width\" content=\"2560\" \/>\n\t<meta property=\"og:image:height\" content=\"1440\" \/>\n\t<meta property=\"og:image:type\" content=\"image\/jpeg\" \/>\n<meta name=\"author\" content=\"smaule\" \/>\n<meta name=\"twitter:card\" content=\"summary_large_image\" \/>\n<meta name=\"twitter:label1\" content=\"Scritto da\" \/>\n\t<meta name=\"twitter:data1\" content=\"smaule\" \/>\n\t<meta name=\"twitter:label2\" content=\"Tempo di lettura stimato\" \/>\n\t<meta name=\"twitter:data2\" content=\"1 minuto\" \/>\n<script type=\"application\/ld+json\" class=\"yoast-schema-graph\">{\"@context\":\"https:\/\/schema.org\",\"@graph\":[{\"@type\":\"Article\",\"@id\":\"https:\/\/www.diocesitn.it\/area-testimonianza\/2022\/05\/18\/una-visita-in-bosnia\/#article\",\"isPartOf\":{\"@id\":\"https:\/\/www.diocesitn.it\/area-testimonianza\/2022\/05\/18\/una-visita-in-bosnia\/\"},\"author\":{\"name\":\"smaule\",\"@id\":\"https:\/\/www.diocesitn.it\/area-testimonianza\/#\/schema\/person\/bac489aafb7f98c1ca25f76c27174a95\"},\"headline\":\"Una visita in Bosnia\",\"datePublished\":\"2022-05-18T09:09:31+00:00\",\"dateModified\":\"2022-05-18T09:09:31+00:00\",\"mainEntityOfPage\":{\"@id\":\"https:\/\/www.diocesitn.it\/area-testimonianza\/2022\/05\/18\/una-visita-in-bosnia\/\"},\"wordCount\":155,\"publisher\":{\"@id\":\"https:\/\/www.diocesitn.it\/area-testimonianza\/#organization\"},\"image\":{\"@id\":\"https:\/\/www.diocesitn.it\/area-testimonianza\/2022\/05\/18\/una-visita-in-bosnia\/#primaryimage\"},\"thumbnailUrl\":\"https:\/\/www.diocesitn.it\/area-testimonianza\/wp-content\/uploads\/sites\/37\/2022\/05\/vedutalipa2-scaled.jpg\",\"keywords\":[\"Balcani\",\"Bosnia\",\"cambiamo rotta\"],\"articleSection\":[\"Notizie\",\"Pastorale delle Migrazioni\"],\"inLanguage\":\"it-IT\",\"copyrightYear\":\"2022\",\"copyrightHolder\":{\"@id\":\"https:\/\/www.diocesitn.it\/#organization\"}},{\"@type\":\"WebPage\",\"@id\":\"https:\/\/www.diocesitn.it\/area-testimonianza\/2022\/05\/18\/una-visita-in-bosnia\/\",\"url\":\"https:\/\/www.diocesitn.it\/area-testimonianza\/2022\/05\/18\/una-visita-in-bosnia\/\",\"name\":\"Una visita in Bosnia - Testimonianza e Impegno sociale\",\"isPartOf\":{\"@id\":\"https:\/\/www.diocesitn.it\/area-testimonianza\/#website\"},\"primaryImageOfPage\":{\"@id\":\"https:\/\/www.diocesitn.it\/area-testimonianza\/2022\/05\/18\/una-visita-in-bosnia\/#primaryimage\"},\"image\":{\"@id\":\"https:\/\/www.diocesitn.it\/area-testimonianza\/2022\/05\/18\/una-visita-in-bosnia\/#primaryimage\"},\"thumbnailUrl\":\"https:\/\/www.diocesitn.it\/area-testimonianza\/wp-content\/uploads\/sites\/37\/2022\/05\/vedutalipa2-scaled.jpg\",\"datePublished\":\"2022-05-18T09:09:31+00:00\",\"dateModified\":\"2022-05-18T09:09:31+00:00\",\"breadcrumb\":{\"@id\":\"https:\/\/www.diocesitn.it\/area-testimonianza\/2022\/05\/18\/una-visita-in-bosnia\/#breadcrumb\"},\"inLanguage\":\"it-IT\",\"potentialAction\":[{\"@type\":\"ReadAction\",\"target\":[\"https:\/\/www.diocesitn.it\/area-testimonianza\/2022\/05\/18\/una-visita-in-bosnia\/\"]}]},{\"@type\":\"ImageObject\",\"inLanguage\":\"it-IT\",\"@id\":\"https:\/\/www.diocesitn.it\/area-testimonianza\/2022\/05\/18\/una-visita-in-bosnia\/#primaryimage\",\"url\":\"https:\/\/www.diocesitn.it\/area-testimonianza\/wp-content\/uploads\/sites\/37\/2022\/05\/vedutalipa2-scaled.jpg\",\"contentUrl\":\"https:\/\/www.diocesitn.it\/area-testimonianza\/wp-content\/uploads\/sites\/37\/2022\/05\/vedutalipa2-scaled.jpg\",\"width\":2560,\"height\":1440},{\"@type\":\"BreadcrumbList\",\"@id\":\"https:\/\/www.diocesitn.it\/area-testimonianza\/2022\/05\/18\/una-visita-in-bosnia\/#breadcrumb\",\"itemListElement\":[{\"@type\":\"ListItem\",\"position\":1,\"name\":\"Home\",\"item\":\"https:\/\/www.diocesitn.it\/area-testimonianza\/\"},{\"@type\":\"ListItem\",\"position\":2,\"name\":\"Una visita in Bosnia\"}]},{\"@type\":\"WebSite\",\"@id\":\"https:\/\/www.diocesitn.it\/area-testimonianza\/#website\",\"url\":\"https:\/\/www.diocesitn.it\/area-testimonianza\/\",\"name\":\"Testimonianza e Impegno sociale\",\"description\":\"Chiesa di Trento\",\"publisher\":{\"@id\":\"https:\/\/www.diocesitn.it\/area-testimonianza\/#organization\"},\"potentialAction\":[{\"@type\":\"SearchAction\",\"target\":{\"@type\":\"EntryPoint\",\"urlTemplate\":\"https:\/\/www.diocesitn.it\/area-testimonianza\/?s={search_term_string}\"},\"query-input\":\"required name=search_term_string\"}],\"inLanguage\":\"it-IT\"},{\"@type\":[\"Organization\",\"Place\"],\"@id\":\"https:\/\/www.diocesitn.it\/area-testimonianza\/#organization\",\"name\":\"Area Testimonianza e Impegno Sociale - Chiesa di Trento\",\"url\":\"https:\/\/www.diocesitn.it\/area-testimonianza\/\",\"logo\":{\"@id\":\"https:\/\/www.diocesitn.it\/area-testimonianza\/2022\/05\/18\/una-visita-in-bosnia\/#local-main-organization-logo\"},\"image\":{\"@id\":\"https:\/\/www.diocesitn.it\/area-testimonianza\/2022\/05\/18\/una-visita-in-bosnia\/#local-main-organization-logo\"},\"openingHoursSpecification\":[{\"@type\":\"OpeningHoursSpecification\",\"dayOfWeek\":[\"Monday\",\"Tuesday\",\"Wednesday\",\"Thursday\",\"Friday\",\"Saturday\",\"Sunday\"],\"opens\":\"09:00\",\"closes\":\"17:00\"}]},{\"@type\":\"ImageObject\",\"inLanguage\":\"it-IT\",\"@id\":\"https:\/\/www.diocesitn.it\/area-testimonianza\/2022\/05\/18\/una-visita-in-bosnia\/#local-main-organization-logo\",\"url\":\"https:\/\/www.diocesitn.it\/area-testimonianza\/wp-content\/uploads\/sites\/37\/2021\/09\/og-logo-testimonianza-e-impegno-sociale.jpg\",\"contentUrl\":\"https:\/\/www.diocesitn.it\/area-testimonianza\/wp-content\/uploads\/sites\/37\/2021\/09\/og-logo-testimonianza-e-impegno-sociale.jpg\",\"width\":1200,\"height\":630,\"caption\":\"Area Testimonianza e Impegno Sociale - Chiesa di Trento\"}]}<\/script>\n<!-- \/ Yoast SEO Premium plugin. -->","yoast_head_json":{"title":"Una visita in Bosnia - Testimonianza e Impegno sociale","robots":{"index":"index","follow":"follow","max-snippet":"max-snippet:-1","max-image-preview":"max-image-preview:large","max-video-preview":"max-video-preview:-1"},"canonical":"https:\/\/www.diocesitn.it\/area-testimonianza\/2022\/05\/18\/una-visita-in-bosnia\/","og_locale":"it_IT","og_type":"article","og_title":"Una visita in Bosnia","og_description":"Una delegazione trentina, di cui facevano parte Tatiana Brusco e Roberto Calz\u00e0, ha recentemente visitato la citt\u00e0 di Bihac in Bosnia, dove da tempo si \u00e8 creata una emergenza migratoria, in particolare presso il campo","og_url":"https:\/\/www.diocesitn.it\/area-testimonianza\/2022\/05\/18\/una-visita-in-bosnia\/","og_site_name":"Testimonianza e Impegno sociale","article_published_time":"2022-05-18T09:09:31+00:00","og_image":[{"width":2560,"height":1440,"url":"https:\/\/www.diocesitn.it\/area-testimonianza\/wp-content\/uploads\/sites\/37\/2022\/05\/vedutalipa2-scaled.jpg","type":"image\/jpeg"}],"author":"smaule","twitter_card":"summary_large_image","twitter_misc":{"Scritto da":"smaule","Tempo di lettura stimato":"1 minuto"},"schema":{"@context":"https:\/\/schema.org","@graph":[{"@type":"Article","@id":"https:\/\/www.diocesitn.it\/area-testimonianza\/2022\/05\/18\/una-visita-in-bosnia\/#article","isPartOf":{"@id":"https:\/\/www.diocesitn.it\/area-testimonianza\/2022\/05\/18\/una-visita-in-bosnia\/"},"author":{"name":"smaule","@id":"https:\/\/www.diocesitn.it\/area-testimonianza\/#\/schema\/person\/bac489aafb7f98c1ca25f76c27174a95"},"headline":"Una visita in Bosnia","datePublished":"2022-05-18T09:09:31+00:00","dateModified":"2022-05-18T09:09:31+00:00","mainEntityOfPage":{"@id":"https:\/\/www.diocesitn.it\/area-testimonianza\/2022\/05\/18\/una-visita-in-bosnia\/"},"wordCount":155,"publisher":{"@id":"https:\/\/www.diocesitn.it\/area-testimonianza\/#organization"},"image":{"@id":"https:\/\/www.diocesitn.it\/area-testimonianza\/2022\/05\/18\/una-visita-in-bosnia\/#primaryimage"},"thumbnailUrl":"https:\/\/www.diocesitn.it\/area-testimonianza\/wp-content\/uploads\/sites\/37\/2022\/05\/vedutalipa2-scaled.jpg","keywords":["Balcani","Bosnia","cambiamo rotta"],"articleSection":["Notizie","Pastorale delle Migrazioni"],"inLanguage":"it-IT","copyrightYear":"2022","copyrightHolder":{"@id":"https:\/\/www.diocesitn.it\/#organization"}},{"@type":"WebPage","@id":"https:\/\/www.diocesitn.it\/area-testimonianza\/2022\/05\/18\/una-visita-in-bosnia\/","url":"https:\/\/www.diocesitn.it\/area-testimonianza\/2022\/05\/18\/una-visita-in-bosnia\/","name":"Una visita in Bosnia - Testimonianza e Impegno sociale","isPartOf":{"@id":"https:\/\/www.diocesitn.it\/area-testimonianza\/#website"},"primaryImageOfPage":{"@id":"https:\/\/www.diocesitn.it\/area-testimonianza\/2022\/05\/18\/una-visita-in-bosnia\/#primaryimage"},"image":{"@id":"https:\/\/www.diocesitn.it\/area-testimonianza\/2022\/05\/18\/una-visita-in-bosnia\/#primaryimage"},"thumbnailUrl":"https:\/\/www.diocesitn.it\/area-testimonianza\/wp-content\/uploads\/sites\/37\/2022\/05\/vedutalipa2-scaled.jpg","datePublished":"2022-05-18T09:09:31+00:00","dateModified":"2022-05-18T09:09:31+00:00","breadcrumb":{"@id":"https:\/\/www.diocesitn.it\/area-testimonianza\/2022\/05\/18\/una-visita-in-bosnia\/#breadcrumb"},"inLanguage":"it-IT","potentialAction":[{"@type":"ReadAction","target":["https:\/\/www.diocesitn.it\/area-testimonianza\/2022\/05\/18\/una-visita-in-bosnia\/"]}]},{"@type":"ImageObject","inLanguage":"it-IT","@id":"https:\/\/www.diocesitn.it\/area-testimonianza\/2022\/05\/18\/una-visita-in-bosnia\/#primaryimage","url":"https:\/\/www.diocesitn.it\/area-testimonianza\/wp-content\/uploads\/sites\/37\/2022\/05\/vedutalipa2-scaled.jpg","contentUrl":"https:\/\/www.diocesitn.it\/area-testimonianza\/wp-content\/uploads\/sites\/37\/2022\/05\/vedutalipa2-scaled.jpg","width":2560,"height":1440},{"@type":"BreadcrumbList","@id":"https:\/\/www.diocesitn.it\/area-testimonianza\/2022\/05\/18\/una-visita-in-bosnia\/#breadcrumb","itemListElement":[{"@type":"ListItem","position":1,"name":"Home","item":"https:\/\/www.diocesitn.it\/area-testimonianza\/"},{"@type":"ListItem","position":2,"name":"Una visita in Bosnia"}]},{"@type":"WebSite","@id":"https:\/\/www.diocesitn.it\/area-testimonianza\/#website","url":"https:\/\/www.diocesitn.it\/area-testimonianza\/","name":"Testimonianza e Impegno sociale","description":"Chiesa di Trento","publisher":{"@id":"https:\/\/www.diocesitn.it\/area-testimonianza\/#organization"},"potentialAction":[{"@type":"SearchAction","target":{"@type":"EntryPoint","urlTemplate":"https:\/\/www.diocesitn.it\/area-testimonianza\/?s={search_term_string}"},"query-input":"required name=search_term_string"}],"inLanguage":"it-IT"},{"@type":["Organization","Place"],"@id":"https:\/\/www.diocesitn.it\/area-testimonianza\/#organization","name":"Area Testimonianza e Impegno Sociale - Chiesa di Trento","url":"https:\/\/www.diocesitn.it\/area-testimonianza\/","logo":{"@id":"https:\/\/www.diocesitn.it\/area-testimonianza\/2022\/05\/18\/una-visita-in-bosnia\/#local-main-organization-logo"},"image":{"@id":"https:\/\/www.diocesitn.it\/area-testimonianza\/2022\/05\/18\/una-visita-in-bosnia\/#local-main-organization-logo"},"openingHoursSpecification":[{"@type":"OpeningHoursSpecification","dayOfWeek":["Monday","Tuesday","Wednesday","Thursday","Friday","Saturday","Sunday"],"opens":"09:00","closes":"17:00"}]},{"@type":"ImageObject","inLanguage":"it-IT","@id":"https:\/\/www.diocesitn.it\/area-testimonianza\/2022\/05\/18\/una-visita-in-bosnia\/#local-main-organization-logo","url":"https:\/\/www.diocesitn.it\/area-testimonianza\/wp-content\/uploads\/sites\/37\/2021\/09\/og-logo-testimonianza-e-impegno-sociale.jpg","contentUrl":"https:\/\/www.diocesitn.it\/area-testimonianza\/wp-content\/uploads\/sites\/37\/2021\/09\/og-logo-testimonianza-e-impegno-sociale.jpg","width":1200,"height":630,"caption":"Area Testimonianza e Impegno Sociale - Chiesa di Trento"}]}},"_links":{"self":[{"href":"https:\/\/www.diocesitn.it\/area-testimonianza\/wp-json\/wp\/v2\/posts\/11470","targetHints":{"allow":["GET"]}}],"collection":[{"href":"https:\/\/www.diocesitn.it\/area-testimonianza\/wp-json\/wp\/v2\/posts"}],"about":[{"href":"https:\/\/www.diocesitn.it\/area-testimonianza\/wp-json\/wp\/v2\/types\/post"}],"author":[{"embeddable":true,"href":"https:\/\/www.diocesitn.it\/area-testimonianza\/wp-json\/wp\/v2\/users\/161"}],"replies":[{"embeddable":true,"href":"https:\/\/www.diocesitn.it\/area-testimonianza\/wp-json\/wp\/v2\/comments?post=11470"}],"version-history":[{"count":1,"href":"https:\/\/www.diocesitn.it\/area-testimonianza\/wp-json\/wp\/v2\/posts\/11470\/revisions"}],"predecessor-version":[{"id":11471,"href":"https:\/\/www.diocesitn.it\/area-testimonianza\/wp-json\/wp\/v2\/posts\/11470\/revisions\/11471"}],"wp:featuredmedia":[{"embeddable":true,"href":"https:\/\/www.diocesitn.it\/area-testimonianza\/wp-json\/wp\/v2\/media\/11473"}],"wp:attachment":[{"href":"https:\/\/www.diocesitn.it\/area-testimonianza\/wp-json\/wp\/v2\/media?parent=11470"}],"wp:term":[{"taxonomy":"category","embeddable":true,"href":"https:\/\/www.diocesitn.it\/area-testimonianza\/wp-json\/wp\/v2\/categories?post=11470"},{"taxonomy":"post_tag","embeddable":true,"href":"https:\/\/www.diocesitn.it\/area-testimonianza\/wp-json\/wp\/v2\/tags?post=11470"}],"curies":[{"name":"wp","href":"https:\/\/api.w.org\/{rel}","templated":true}]}}