{"id":11436,"date":"2022-05-17T16:21:28","date_gmt":"2022-05-17T14:21:28","guid":{"rendered":"https:\/\/www.diocesitn.it\/area-testimonianza\/?p=11436"},"modified":"2024-11-14T11:25:18","modified_gmt":"2024-11-14T10:25:18","slug":"missioneslovacchia-lincontro-con-il-provinciale-dei-frati-francescani-fra-francesco-olbert-xsaversky-a-kosice-in-slovacchia","status":"publish","type":"post","link":"https:\/\/www.diocesitn.it\/area-testimonianza\/2022\/05\/17\/missioneslovacchia-lincontro-con-il-provinciale-dei-frati-francescani-fra-francesco-olbert-xsaversky-a-kosice-in-slovacchia\/","title":{"rendered":"#MISSIONESLOVACCHIA: L&#8217;incontro con il provinciale dei frati Francescani fra Francesco Olbert Xsaversky, a Ko\u0161ice in Slovacchia"},"content":{"rendered":"<p><strong>16.5.2022 #missioneslovacchia<\/strong><br \/>\nProsegue il <a href=\"https:\/\/www.diocesitn.it\/area-testimonianza\/2022\/05\/16\/la-caritas-in-viaggio-di-solidarieta-cooperazione-e-sostegno-reciproco-con-missione-slovacchia\/\">viaggio di solidariet\u00e0<\/a> e vicinanza di Caritas diocesana in Slovacchia.<br \/>\nOggi l&#8217;incontro fra diocesi con il vescovo di Ko\u0161ice monsignor Cyril Vasil, che ci ha presentato i progetti in corso per i profughi dall&#8217;ucraina.<\/p>\n<div id=\"attachment_11437\" style=\"width: 518px\" class=\"wp-caption alignright\"><a href=\"https:\/\/www.diocesitn.it\/area-testimonianza\/wp-content\/uploads\/sites\/37\/2022\/05\/589543a6-e396-4ca6-878b-d0b4f0bfdbbd.jpg\"><img loading=\"lazy\" decoding=\"async\" aria-describedby=\"caption-attachment-11437\" class=\"wp-image-11437\" src=\"https:\/\/www.diocesitn.it\/area-testimonianza\/wp-content\/uploads\/sites\/37\/2022\/05\/589543a6-e396-4ca6-878b-d0b4f0bfdbbd-300x225.jpg\" alt=\"\" width=\"508\" height=\"381\" srcset=\"https:\/\/www.diocesitn.it\/area-testimonianza\/wp-content\/uploads\/sites\/37\/2022\/05\/589543a6-e396-4ca6-878b-d0b4f0bfdbbd-300x225.jpg 300w, https:\/\/www.diocesitn.it\/area-testimonianza\/wp-content\/uploads\/sites\/37\/2022\/05\/589543a6-e396-4ca6-878b-d0b4f0bfdbbd-1024x768.jpg 1024w, https:\/\/www.diocesitn.it\/area-testimonianza\/wp-content\/uploads\/sites\/37\/2022\/05\/589543a6-e396-4ca6-878b-d0b4f0bfdbbd-768x576.jpg 768w, https:\/\/www.diocesitn.it\/area-testimonianza\/wp-content\/uploads\/sites\/37\/2022\/05\/589543a6-e396-4ca6-878b-d0b4f0bfdbbd-360x270.jpg 360w, https:\/\/www.diocesitn.it\/area-testimonianza\/wp-content\/uploads\/sites\/37\/2022\/05\/589543a6-e396-4ca6-878b-d0b4f0bfdbbd-1536x1152.jpg 1536w, https:\/\/www.diocesitn.it\/area-testimonianza\/wp-content\/uploads\/sites\/37\/2022\/05\/589543a6-e396-4ca6-878b-d0b4f0bfdbbd-800x600.jpg 800w, https:\/\/www.diocesitn.it\/area-testimonianza\/wp-content\/uploads\/sites\/37\/2022\/05\/589543a6-e396-4ca6-878b-d0b4f0bfdbbd-1200x900.jpg 1200w, https:\/\/www.diocesitn.it\/area-testimonianza\/wp-content\/uploads\/sites\/37\/2022\/05\/589543a6-e396-4ca6-878b-d0b4f0bfdbbd-1320x990.jpg 1320w, https:\/\/www.diocesitn.it\/area-testimonianza\/wp-content\/uploads\/sites\/37\/2022\/05\/589543a6-e396-4ca6-878b-d0b4f0bfdbbd.jpg 1600w\" sizes=\"auto, (max-width: 508px) 100vw, 508px\" \/><\/a><p id=\"caption-attachment-11437\" class=\"wp-caption-text\">L&#8217;incontro con il vescovo di Ko\u0161ice monsignor Cyril Vasil<\/p><\/div>\n<p><a href=\"https:\/\/www.diocesitn.it\/area-testimonianza\/wp-content\/uploads\/sites\/37\/2022\/05\/Slovacchia.jpg\"><img loading=\"lazy\" decoding=\"async\" class=\"alignleft size-medium wp-image-11447\" src=\"https:\/\/www.diocesitn.it\/area-testimonianza\/wp-content\/uploads\/sites\/37\/2022\/05\/Slovacchia-300x221.jpg\" alt=\"\" width=\"300\" height=\"221\" srcset=\"https:\/\/www.diocesitn.it\/area-testimonianza\/wp-content\/uploads\/sites\/37\/2022\/05\/Slovacchia-300x221.jpg 300w, https:\/\/www.diocesitn.it\/area-testimonianza\/wp-content\/uploads\/sites\/37\/2022\/05\/Slovacchia-360x265.jpg 360w, https:\/\/www.diocesitn.it\/area-testimonianza\/wp-content\/uploads\/sites\/37\/2022\/05\/Slovacchia.jpg 592w\" sizes=\"auto, (max-width: 300px) 100vw, 300px\" \/><\/a>Il viaggio \u00e8 proseguito nel tardo pomeriggio verso il confine con l&#8217;Ucraina e precisamente a Vysne Nemecke, dove padre Francesco Engel dall&#8217;inizio della guerra accoglie\u00a0<span style=\"font-size: inherit\">le persone che scappano e che trasporta in Ucraina i generi di prima necessit\u00e0 e il conforto spirituale. La sua testimonianza \u00e8 ricca di storie e volti di persone disperate.<\/span><\/p>\n<p><strong>L&#8217;intervista a fra Francesco Olbert Xsaversky<\/strong>, <span style=\"font-size: inherit\">il padre provinciale dei frati francescani che accolgono dei profughi nel convento di Pruske.<\/span><\/p>\n<p><span style=\"font-size: inherit\"><strong><a href=\"https:\/\/www.diocesitn.it\/area-testimonianza\/2022\/05\/18\/missioneslovacchia-il-convento-di-pruske-che-accoglie-40-bambini-profughi-grazie-allaiuto-di-alcune-caritas-trentine\/\">QUI PROSEGUI IL VIAGGIO<\/a><\/strong><strong><img loading=\"lazy\" decoding=\"async\" class=\"wp-image-11453 alignnone\" src=\"https:\/\/www.diocesitn.it\/area-testimonianza\/wp-content\/uploads\/sites\/37\/2022\/05\/pulmino.jpg\" alt=\"\" width=\"101\" height=\"61\" \/><\/strong><\/span><\/p>\n<p><strong>L\u2019intervista a fra Francesco Olbert Xsaversky<\/strong>,\u00a0il padre provinciale dei frati francescani che accolgono dei profughi nel convento di Pruske.<\/p>\n<div style=\"width: 640px;\" class=\"wp-video\"><!--[if lt IE 9]><script>document.createElement('video');<\/script><![endif]-->\n<video class=\"wp-video-shortcode\" id=\"video-11436-1\" width=\"640\" height=\"352\" preload=\"metadata\" controls=\"controls\"><source type=\"video\/mp4\" src=\"https:\/\/www.diocesitn.it\/area-testimonianza\/wp-content\/uploads\/sites\/37\/2022\/05\/Intervista-p.-Francesco-Olbert-Xsaversky.mp4?_=1\" \/><a href=\"https:\/\/www.diocesitn.it\/area-testimonianza\/wp-content\/uploads\/sites\/37\/2022\/05\/Intervista-p.-Francesco-Olbert-Xsaversky.mp4\">https:\/\/www.diocesitn.it\/area-testimonianza\/wp-content\/uploads\/sites\/37\/2022\/05\/Intervista-p.-Francesco-Olbert-Xsaversky.mp4<\/a><\/video><\/div>\n","protected":false},"excerpt":{"rendered":"<p>16.5.2022 #missioneslovacchia Prosegue il viaggio di solidariet\u00e0 e vicinanza di Caritas diocesana in Slovacchia. Oggi l&#8217;incontro fra diocesi con il vescovo di Ko\u0161ice monsignor Cyril Vasil, che ci ha presentato i progetti in corso per<\/p>\n","protected":false},"author":4,"featured_media":11440,"comment_status":"closed","ping_status":"closed","sticky":false,"template":"","format":"standard","meta":{"footnotes":""},"categories":[1059,1074],"tags":[1950,1752,2008],"class_list":["post-11436","post","type-post","status-publish","format-standard","has-post-thumbnail","hentry","category-servizio-caritas","category-notizie","tag-alessandro-martinelli","tag-caritas-trento","tag-cristian-gatti"],"acf":{"seed-localization-paese-cod":"IT","seed-localization-address":"","seed-localization-citta":"Trento","seed-localization-regione-cod-istat":"04","seed-localization-citta-cod-istat":"022205","seed-localization-localita":"","seed-localization-cap":"","seed-localization-marker-visibility":false,"seed-localization-children-visibility":false,"seed-localization-kml":"","seed-localization-custom-marker":""},"yoast_head":"<!-- This site is optimized with the Yoast SEO Premium plugin v20.2.1 (Yoast SEO v22.2) - https:\/\/yoast.com\/wordpress\/plugins\/seo\/ -->\n<title>#MISSIONESLOVACCHIA: L&#039;incontro con il provinciale dei frati Francescani fra Francesco Olbert Xsaversky, a Ko\u0161ice in Slovacchia - Testimonianza e Impegno sociale<\/title>\n<meta name=\"robots\" content=\"index, follow, max-snippet:-1, max-image-preview:large, max-video-preview:-1\" \/>\n<link rel=\"canonical\" href=\"https:\/\/www.diocesitn.it\/area-testimonianza\/2022\/05\/17\/missioneslovacchia-lincontro-con-il-provinciale-dei-frati-francescani-fra-francesco-olbert-xsaversky-a-kosice-in-slovacchia\/\" \/>\n<meta property=\"og:locale\" content=\"it_IT\" \/>\n<meta property=\"og:type\" content=\"article\" \/>\n<meta property=\"og:title\" content=\"#MISSIONESLOVACCHIA: L&#039;incontro con il provinciale dei frati Francescani fra Francesco Olbert Xsaversky, a Ko\u0161ice in Slovacchia\" \/>\n<meta property=\"og:description\" content=\"16.5.2022 #missioneslovacchia Prosegue il viaggio di solidariet\u00e0 e vicinanza di Caritas diocesana in Slovacchia. Oggi l&#8217;incontro fra diocesi con il vescovo di Ko\u0161ice monsignor Cyril Vasil, che ci ha presentato i progetti in corso per\" \/>\n<meta property=\"og:url\" content=\"https:\/\/www.diocesitn.it\/area-testimonianza\/2022\/05\/17\/missioneslovacchia-lincontro-con-il-provinciale-dei-frati-francescani-fra-francesco-olbert-xsaversky-a-kosice-in-slovacchia\/\" \/>\n<meta property=\"og:site_name\" content=\"Testimonianza e Impegno sociale\" \/>\n<meta property=\"article:published_time\" content=\"2022-05-17T14:21:28+00:00\" \/>\n<meta property=\"article:modified_time\" content=\"2024-11-14T10:25:18+00:00\" \/>\n<meta property=\"og:image\" content=\"https:\/\/www.diocesitn.it\/area-testimonianza\/wp-content\/uploads\/sites\/37\/2022\/05\/IMG-20220516-WA0012.jpg\" \/>\n\t<meta property=\"og:image:width\" content=\"1600\" \/>\n\t<meta property=\"og:image:height\" content=\"1200\" \/>\n\t<meta property=\"og:image:type\" content=\"image\/jpeg\" \/>\n<meta name=\"author\" content=\"Claudia Dorigoni\" \/>\n<meta name=\"twitter:card\" content=\"summary_large_image\" \/>\n<meta name=\"twitter:label1\" content=\"Scritto da\" \/>\n\t<meta name=\"twitter:data1\" content=\"Claudia Dorigoni\" \/>\n\t<meta name=\"twitter:label2\" content=\"Tempo di lettura stimato\" \/>\n\t<meta name=\"twitter:data2\" content=\"2 minuti\" \/>\n<script type=\"application\/ld+json\" class=\"yoast-schema-graph\">{\"@context\":\"https:\/\/schema.org\",\"@graph\":[{\"@type\":\"Article\",\"@id\":\"https:\/\/www.diocesitn.it\/area-testimonianza\/2022\/05\/17\/missioneslovacchia-lincontro-con-il-provinciale-dei-frati-francescani-fra-francesco-olbert-xsaversky-a-kosice-in-slovacchia\/#article\",\"isPartOf\":{\"@id\":\"https:\/\/www.diocesitn.it\/area-testimonianza\/2022\/05\/17\/missioneslovacchia-lincontro-con-il-provinciale-dei-frati-francescani-fra-francesco-olbert-xsaversky-a-kosice-in-slovacchia\/\"},\"author\":{\"name\":\"Claudia Dorigoni\",\"@id\":\"https:\/\/www.diocesitn.it\/area-testimonianza\/#\/schema\/person\/5467191b81c25706baf09a59aab380a5\"},\"headline\":\"#MISSIONESLOVACCHIA: L&#8217;incontro con il provinciale dei frati Francescani fra Francesco Olbert Xsaversky, a Ko\u0161ice in Slovacchia\",\"datePublished\":\"2022-05-17T14:21:28+00:00\",\"dateModified\":\"2024-11-14T10:25:18+00:00\",\"mainEntityOfPage\":{\"@id\":\"https:\/\/www.diocesitn.it\/area-testimonianza\/2022\/05\/17\/missioneslovacchia-lincontro-con-il-provinciale-dei-frati-francescani-fra-francesco-olbert-xsaversky-a-kosice-in-slovacchia\/\"},\"wordCount\":186,\"publisher\":{\"@id\":\"https:\/\/www.diocesitn.it\/area-testimonianza\/#organization\"},\"image\":{\"@id\":\"https:\/\/www.diocesitn.it\/area-testimonianza\/2022\/05\/17\/missioneslovacchia-lincontro-con-il-provinciale-dei-frati-francescani-fra-francesco-olbert-xsaversky-a-kosice-in-slovacchia\/#primaryimage\"},\"thumbnailUrl\":\"https:\/\/www.diocesitn.it\/area-testimonianza\/wp-content\/uploads\/sites\/37\/2022\/05\/IMG-20220516-WA0012.jpg\",\"keywords\":[\"Alessandro Martinelli\",\"caritas trento\",\"Cristian Gatti\"],\"articleSection\":[\"Caritas diocesana\",\"Notizie\"],\"inLanguage\":\"it-IT\",\"copyrightYear\":\"2022\",\"copyrightHolder\":{\"@id\":\"https:\/\/www.diocesitn.it\/#organization\"}},{\"@type\":\"WebPage\",\"@id\":\"https:\/\/www.diocesitn.it\/area-testimonianza\/2022\/05\/17\/missioneslovacchia-lincontro-con-il-provinciale-dei-frati-francescani-fra-francesco-olbert-xsaversky-a-kosice-in-slovacchia\/\",\"url\":\"https:\/\/www.diocesitn.it\/area-testimonianza\/2022\/05\/17\/missioneslovacchia-lincontro-con-il-provinciale-dei-frati-francescani-fra-francesco-olbert-xsaversky-a-kosice-in-slovacchia\/\",\"name\":\"#MISSIONESLOVACCHIA: L'incontro con il provinciale dei frati Francescani fra Francesco Olbert Xsaversky, a Ko\u0161ice in Slovacchia - Testimonianza e Impegno sociale\",\"isPartOf\":{\"@id\":\"https:\/\/www.diocesitn.it\/area-testimonianza\/#website\"},\"primaryImageOfPage\":{\"@id\":\"https:\/\/www.diocesitn.it\/area-testimonianza\/2022\/05\/17\/missioneslovacchia-lincontro-con-il-provinciale-dei-frati-francescani-fra-francesco-olbert-xsaversky-a-kosice-in-slovacchia\/#primaryimage\"},\"image\":{\"@id\":\"https:\/\/www.diocesitn.it\/area-testimonianza\/2022\/05\/17\/missioneslovacchia-lincontro-con-il-provinciale-dei-frati-francescani-fra-francesco-olbert-xsaversky-a-kosice-in-slovacchia\/#primaryimage\"},\"thumbnailUrl\":\"https:\/\/www.diocesitn.it\/area-testimonianza\/wp-content\/uploads\/sites\/37\/2022\/05\/IMG-20220516-WA0012.jpg\",\"datePublished\":\"2022-05-17T14:21:28+00:00\",\"dateModified\":\"2024-11-14T10:25:18+00:00\",\"breadcrumb\":{\"@id\":\"https:\/\/www.diocesitn.it\/area-testimonianza\/2022\/05\/17\/missioneslovacchia-lincontro-con-il-provinciale-dei-frati-francescani-fra-francesco-olbert-xsaversky-a-kosice-in-slovacchia\/#breadcrumb\"},\"inLanguage\":\"it-IT\",\"potentialAction\":[{\"@type\":\"ReadAction\",\"target\":[\"https:\/\/www.diocesitn.it\/area-testimonianza\/2022\/05\/17\/missioneslovacchia-lincontro-con-il-provinciale-dei-frati-francescani-fra-francesco-olbert-xsaversky-a-kosice-in-slovacchia\/\"]}]},{\"@type\":\"ImageObject\",\"inLanguage\":\"it-IT\",\"@id\":\"https:\/\/www.diocesitn.it\/area-testimonianza\/2022\/05\/17\/missioneslovacchia-lincontro-con-il-provinciale-dei-frati-francescani-fra-francesco-olbert-xsaversky-a-kosice-in-slovacchia\/#primaryimage\",\"url\":\"https:\/\/www.diocesitn.it\/area-testimonianza\/wp-content\/uploads\/sites\/37\/2022\/05\/IMG-20220516-WA0012.jpg\",\"contentUrl\":\"https:\/\/www.diocesitn.it\/area-testimonianza\/wp-content\/uploads\/sites\/37\/2022\/05\/IMG-20220516-WA0012.jpg\",\"width\":1600,\"height\":1200},{\"@type\":\"BreadcrumbList\",\"@id\":\"https:\/\/www.diocesitn.it\/area-testimonianza\/2022\/05\/17\/missioneslovacchia-lincontro-con-il-provinciale-dei-frati-francescani-fra-francesco-olbert-xsaversky-a-kosice-in-slovacchia\/#breadcrumb\",\"itemListElement\":[{\"@type\":\"ListItem\",\"position\":1,\"name\":\"Home\",\"item\":\"https:\/\/www.diocesitn.it\/area-testimonianza\/\"},{\"@type\":\"ListItem\",\"position\":2,\"name\":\"#MISSIONESLOVACCHIA: L&#8217;incontro con il provinciale dei frati Francescani fra Francesco Olbert Xsaversky, a Ko\u0161ice in Slovacchia\"}]},{\"@type\":\"WebSite\",\"@id\":\"https:\/\/www.diocesitn.it\/area-testimonianza\/#website\",\"url\":\"https:\/\/www.diocesitn.it\/area-testimonianza\/\",\"name\":\"Testimonianza e Impegno sociale\",\"description\":\"Chiesa di Trento\",\"publisher\":{\"@id\":\"https:\/\/www.diocesitn.it\/area-testimonianza\/#organization\"},\"potentialAction\":[{\"@type\":\"SearchAction\",\"target\":{\"@type\":\"EntryPoint\",\"urlTemplate\":\"https:\/\/www.diocesitn.it\/area-testimonianza\/?s={search_term_string}\"},\"query-input\":\"required name=search_term_string\"}],\"inLanguage\":\"it-IT\"},{\"@type\":[\"Organization\",\"Place\"],\"@id\":\"https:\/\/www.diocesitn.it\/area-testimonianza\/#organization\",\"name\":\"Area Testimonianza e Impegno Sociale - Chiesa di Trento\",\"url\":\"https:\/\/www.diocesitn.it\/area-testimonianza\/\",\"logo\":{\"@id\":\"https:\/\/www.diocesitn.it\/area-testimonianza\/2022\/05\/17\/missioneslovacchia-lincontro-con-il-provinciale-dei-frati-francescani-fra-francesco-olbert-xsaversky-a-kosice-in-slovacchia\/#local-main-organization-logo\"},\"image\":{\"@id\":\"https:\/\/www.diocesitn.it\/area-testimonianza\/2022\/05\/17\/missioneslovacchia-lincontro-con-il-provinciale-dei-frati-francescani-fra-francesco-olbert-xsaversky-a-kosice-in-slovacchia\/#local-main-organization-logo\"},\"openingHoursSpecification\":[{\"@type\":\"OpeningHoursSpecification\",\"dayOfWeek\":[\"Monday\",\"Tuesday\",\"Wednesday\",\"Thursday\",\"Friday\",\"Saturday\",\"Sunday\"],\"opens\":\"09:00\",\"closes\":\"17:00\"}]},{\"@type\":\"ImageObject\",\"inLanguage\":\"it-IT\",\"@id\":\"https:\/\/www.diocesitn.it\/area-testimonianza\/2022\/05\/17\/missioneslovacchia-lincontro-con-il-provinciale-dei-frati-francescani-fra-francesco-olbert-xsaversky-a-kosice-in-slovacchia\/#local-main-organization-logo\",\"url\":\"https:\/\/www.diocesitn.it\/area-testimonianza\/wp-content\/uploads\/sites\/37\/2021\/09\/og-logo-testimonianza-e-impegno-sociale.jpg\",\"contentUrl\":\"https:\/\/www.diocesitn.it\/area-testimonianza\/wp-content\/uploads\/sites\/37\/2021\/09\/og-logo-testimonianza-e-impegno-sociale.jpg\",\"width\":1200,\"height\":630,\"caption\":\"Area Testimonianza e Impegno Sociale - Chiesa di Trento\"}]}<\/script>\n<!-- \/ Yoast SEO Premium plugin. -->","yoast_head_json":{"title":"#MISSIONESLOVACCHIA: L'incontro con il provinciale dei frati Francescani fra Francesco Olbert Xsaversky, a Ko\u0161ice in Slovacchia - Testimonianza e Impegno sociale","robots":{"index":"index","follow":"follow","max-snippet":"max-snippet:-1","max-image-preview":"max-image-preview:large","max-video-preview":"max-video-preview:-1"},"canonical":"https:\/\/www.diocesitn.it\/area-testimonianza\/2022\/05\/17\/missioneslovacchia-lincontro-con-il-provinciale-dei-frati-francescani-fra-francesco-olbert-xsaversky-a-kosice-in-slovacchia\/","og_locale":"it_IT","og_type":"article","og_title":"#MISSIONESLOVACCHIA: L'incontro con il provinciale dei frati Francescani fra Francesco Olbert Xsaversky, a Ko\u0161ice in Slovacchia","og_description":"16.5.2022 #missioneslovacchia Prosegue il viaggio di solidariet\u00e0 e vicinanza di Caritas diocesana in Slovacchia. Oggi l&#8217;incontro fra diocesi con il vescovo di Ko\u0161ice monsignor Cyril Vasil, che ci ha presentato i progetti in corso per","og_url":"https:\/\/www.diocesitn.it\/area-testimonianza\/2022\/05\/17\/missioneslovacchia-lincontro-con-il-provinciale-dei-frati-francescani-fra-francesco-olbert-xsaversky-a-kosice-in-slovacchia\/","og_site_name":"Testimonianza e Impegno sociale","article_published_time":"2022-05-17T14:21:28+00:00","article_modified_time":"2024-11-14T10:25:18+00:00","og_image":[{"width":1600,"height":1200,"url":"https:\/\/www.diocesitn.it\/area-testimonianza\/wp-content\/uploads\/sites\/37\/2022\/05\/IMG-20220516-WA0012.jpg","type":"image\/jpeg"}],"author":"Claudia Dorigoni","twitter_card":"summary_large_image","twitter_misc":{"Scritto da":"Claudia Dorigoni","Tempo di lettura stimato":"2 minuti"},"schema":{"@context":"https:\/\/schema.org","@graph":[{"@type":"Article","@id":"https:\/\/www.diocesitn.it\/area-testimonianza\/2022\/05\/17\/missioneslovacchia-lincontro-con-il-provinciale-dei-frati-francescani-fra-francesco-olbert-xsaversky-a-kosice-in-slovacchia\/#article","isPartOf":{"@id":"https:\/\/www.diocesitn.it\/area-testimonianza\/2022\/05\/17\/missioneslovacchia-lincontro-con-il-provinciale-dei-frati-francescani-fra-francesco-olbert-xsaversky-a-kosice-in-slovacchia\/"},"author":{"name":"Claudia Dorigoni","@id":"https:\/\/www.diocesitn.it\/area-testimonianza\/#\/schema\/person\/5467191b81c25706baf09a59aab380a5"},"headline":"#MISSIONESLOVACCHIA: L&#8217;incontro con il provinciale dei frati Francescani fra Francesco Olbert Xsaversky, a Ko\u0161ice in Slovacchia","datePublished":"2022-05-17T14:21:28+00:00","dateModified":"2024-11-14T10:25:18+00:00","mainEntityOfPage":{"@id":"https:\/\/www.diocesitn.it\/area-testimonianza\/2022\/05\/17\/missioneslovacchia-lincontro-con-il-provinciale-dei-frati-francescani-fra-francesco-olbert-xsaversky-a-kosice-in-slovacchia\/"},"wordCount":186,"publisher":{"@id":"https:\/\/www.diocesitn.it\/area-testimonianza\/#organization"},"image":{"@id":"https:\/\/www.diocesitn.it\/area-testimonianza\/2022\/05\/17\/missioneslovacchia-lincontro-con-il-provinciale-dei-frati-francescani-fra-francesco-olbert-xsaversky-a-kosice-in-slovacchia\/#primaryimage"},"thumbnailUrl":"https:\/\/www.diocesitn.it\/area-testimonianza\/wp-content\/uploads\/sites\/37\/2022\/05\/IMG-20220516-WA0012.jpg","keywords":["Alessandro Martinelli","caritas trento","Cristian Gatti"],"articleSection":["Caritas diocesana","Notizie"],"inLanguage":"it-IT","copyrightYear":"2022","copyrightHolder":{"@id":"https:\/\/www.diocesitn.it\/#organization"}},{"@type":"WebPage","@id":"https:\/\/www.diocesitn.it\/area-testimonianza\/2022\/05\/17\/missioneslovacchia-lincontro-con-il-provinciale-dei-frati-francescani-fra-francesco-olbert-xsaversky-a-kosice-in-slovacchia\/","url":"https:\/\/www.diocesitn.it\/area-testimonianza\/2022\/05\/17\/missioneslovacchia-lincontro-con-il-provinciale-dei-frati-francescani-fra-francesco-olbert-xsaversky-a-kosice-in-slovacchia\/","name":"#MISSIONESLOVACCHIA: L'incontro con il provinciale dei frati Francescani fra Francesco Olbert Xsaversky, a Ko\u0161ice in Slovacchia - Testimonianza e Impegno sociale","isPartOf":{"@id":"https:\/\/www.diocesitn.it\/area-testimonianza\/#website"},"primaryImageOfPage":{"@id":"https:\/\/www.diocesitn.it\/area-testimonianza\/2022\/05\/17\/missioneslovacchia-lincontro-con-il-provinciale-dei-frati-francescani-fra-francesco-olbert-xsaversky-a-kosice-in-slovacchia\/#primaryimage"},"image":{"@id":"https:\/\/www.diocesitn.it\/area-testimonianza\/2022\/05\/17\/missioneslovacchia-lincontro-con-il-provinciale-dei-frati-francescani-fra-francesco-olbert-xsaversky-a-kosice-in-slovacchia\/#primaryimage"},"thumbnailUrl":"https:\/\/www.diocesitn.it\/area-testimonianza\/wp-content\/uploads\/sites\/37\/2022\/05\/IMG-20220516-WA0012.jpg","datePublished":"2022-05-17T14:21:28+00:00","dateModified":"2024-11-14T10:25:18+00:00","breadcrumb":{"@id":"https:\/\/www.diocesitn.it\/area-testimonianza\/2022\/05\/17\/missioneslovacchia-lincontro-con-il-provinciale-dei-frati-francescani-fra-francesco-olbert-xsaversky-a-kosice-in-slovacchia\/#breadcrumb"},"inLanguage":"it-IT","potentialAction":[{"@type":"ReadAction","target":["https:\/\/www.diocesitn.it\/area-testimonianza\/2022\/05\/17\/missioneslovacchia-lincontro-con-il-provinciale-dei-frati-francescani-fra-francesco-olbert-xsaversky-a-kosice-in-slovacchia\/"]}]},{"@type":"ImageObject","inLanguage":"it-IT","@id":"https:\/\/www.diocesitn.it\/area-testimonianza\/2022\/05\/17\/missioneslovacchia-lincontro-con-il-provinciale-dei-frati-francescani-fra-francesco-olbert-xsaversky-a-kosice-in-slovacchia\/#primaryimage","url":"https:\/\/www.diocesitn.it\/area-testimonianza\/wp-content\/uploads\/sites\/37\/2022\/05\/IMG-20220516-WA0012.jpg","contentUrl":"https:\/\/www.diocesitn.it\/area-testimonianza\/wp-content\/uploads\/sites\/37\/2022\/05\/IMG-20220516-WA0012.jpg","width":1600,"height":1200},{"@type":"BreadcrumbList","@id":"https:\/\/www.diocesitn.it\/area-testimonianza\/2022\/05\/17\/missioneslovacchia-lincontro-con-il-provinciale-dei-frati-francescani-fra-francesco-olbert-xsaversky-a-kosice-in-slovacchia\/#breadcrumb","itemListElement":[{"@type":"ListItem","position":1,"name":"Home","item":"https:\/\/www.diocesitn.it\/area-testimonianza\/"},{"@type":"ListItem","position":2,"name":"#MISSIONESLOVACCHIA: L&#8217;incontro con il provinciale dei frati Francescani fra Francesco Olbert Xsaversky, a Ko\u0161ice in Slovacchia"}]},{"@type":"WebSite","@id":"https:\/\/www.diocesitn.it\/area-testimonianza\/#website","url":"https:\/\/www.diocesitn.it\/area-testimonianza\/","name":"Testimonianza e Impegno sociale","description":"Chiesa di Trento","publisher":{"@id":"https:\/\/www.diocesitn.it\/area-testimonianza\/#organization"},"potentialAction":[{"@type":"SearchAction","target":{"@type":"EntryPoint","urlTemplate":"https:\/\/www.diocesitn.it\/area-testimonianza\/?s={search_term_string}"},"query-input":"required name=search_term_string"}],"inLanguage":"it-IT"},{"@type":["Organization","Place"],"@id":"https:\/\/www.diocesitn.it\/area-testimonianza\/#organization","name":"Area Testimonianza e Impegno Sociale - Chiesa di Trento","url":"https:\/\/www.diocesitn.it\/area-testimonianza\/","logo":{"@id":"https:\/\/www.diocesitn.it\/area-testimonianza\/2022\/05\/17\/missioneslovacchia-lincontro-con-il-provinciale-dei-frati-francescani-fra-francesco-olbert-xsaversky-a-kosice-in-slovacchia\/#local-main-organization-logo"},"image":{"@id":"https:\/\/www.diocesitn.it\/area-testimonianza\/2022\/05\/17\/missioneslovacchia-lincontro-con-il-provinciale-dei-frati-francescani-fra-francesco-olbert-xsaversky-a-kosice-in-slovacchia\/#local-main-organization-logo"},"openingHoursSpecification":[{"@type":"OpeningHoursSpecification","dayOfWeek":["Monday","Tuesday","Wednesday","Thursday","Friday","Saturday","Sunday"],"opens":"09:00","closes":"17:00"}]},{"@type":"ImageObject","inLanguage":"it-IT","@id":"https:\/\/www.diocesitn.it\/area-testimonianza\/2022\/05\/17\/missioneslovacchia-lincontro-con-il-provinciale-dei-frati-francescani-fra-francesco-olbert-xsaversky-a-kosice-in-slovacchia\/#local-main-organization-logo","url":"https:\/\/www.diocesitn.it\/area-testimonianza\/wp-content\/uploads\/sites\/37\/2021\/09\/og-logo-testimonianza-e-impegno-sociale.jpg","contentUrl":"https:\/\/www.diocesitn.it\/area-testimonianza\/wp-content\/uploads\/sites\/37\/2021\/09\/og-logo-testimonianza-e-impegno-sociale.jpg","width":1200,"height":630,"caption":"Area Testimonianza e Impegno Sociale - Chiesa di Trento"}]}},"_links":{"self":[{"href":"https:\/\/www.diocesitn.it\/area-testimonianza\/wp-json\/wp\/v2\/posts\/11436","targetHints":{"allow":["GET"]}}],"collection":[{"href":"https:\/\/www.diocesitn.it\/area-testimonianza\/wp-json\/wp\/v2\/posts"}],"about":[{"href":"https:\/\/www.diocesitn.it\/area-testimonianza\/wp-json\/wp\/v2\/types\/post"}],"author":[{"embeddable":true,"href":"https:\/\/www.diocesitn.it\/area-testimonianza\/wp-json\/wp\/v2\/users\/4"}],"replies":[{"embeddable":true,"href":"https:\/\/www.diocesitn.it\/area-testimonianza\/wp-json\/wp\/v2\/comments?post=11436"}],"version-history":[{"count":3,"href":"https:\/\/www.diocesitn.it\/area-testimonianza\/wp-json\/wp\/v2\/posts\/11436\/revisions"}],"predecessor-version":[{"id":11468,"href":"https:\/\/www.diocesitn.it\/area-testimonianza\/wp-json\/wp\/v2\/posts\/11436\/revisions\/11468"}],"wp:featuredmedia":[{"embeddable":true,"href":"https:\/\/www.diocesitn.it\/area-testimonianza\/wp-json\/wp\/v2\/media\/11440"}],"wp:attachment":[{"href":"https:\/\/www.diocesitn.it\/area-testimonianza\/wp-json\/wp\/v2\/media?parent=11436"}],"wp:term":[{"taxonomy":"category","embeddable":true,"href":"https:\/\/www.diocesitn.it\/area-testimonianza\/wp-json\/wp\/v2\/categories?post=11436"},{"taxonomy":"post_tag","embeddable":true,"href":"https:\/\/www.diocesitn.it\/area-testimonianza\/wp-json\/wp\/v2\/tags?post=11436"}],"curies":[{"name":"wp","href":"https:\/\/api.w.org\/{rel}","templated":true}]}}