{"id":11408,"date":"2022-05-16T16:41:11","date_gmt":"2022-05-16T14:41:11","guid":{"rendered":"https:\/\/www.diocesitn.it\/area-testimonianza\/?p=11408"},"modified":"2024-11-14T11:25:18","modified_gmt":"2024-11-14T10:25:18","slug":"la-caritas-in-viaggio-di-solidarieta-cooperazione-e-sostegno-reciproco-con-missione-slovacchia","status":"publish","type":"post","link":"https:\/\/www.diocesitn.it\/area-testimonianza\/2022\/05\/16\/la-caritas-in-viaggio-di-solidarieta-cooperazione-e-sostegno-reciproco-con-missione-slovacchia\/","title":{"rendered":"La Caritas in viaggio di solidariet\u00e0, cooperazione e sostegno reciproco con #MISSIONESLOVACCHIA"},"content":{"rendered":"<div id=\"pl-11408\" class=\"panel-layout\">\n<div id=\"pg-11408-0\" class=\"panel-grid panel-no-style\" data-style=\"{&quot;background_image_attachment&quot;:false,&quot;background_display&quot;:&quot;tile&quot;,&quot;cell_alignment&quot;:&quot;flex-start&quot;}\" data-ratio=\"1\" data-ratio-direction=\"right\">\n<div id=\"pgc-11408-0-0\" class=\"panel-grid-cell\" data-weight=\"0.79965753424658\">\n<div id=\"panel-11408-0-0-0\" class=\"so-panel widget widget_text panel-first-child panel-last-child\" data-index=\"0\" data-style=\"{&quot;background_image_attachment&quot;:false,&quot;background_display&quot;:&quot;tile&quot;}\">\n<div class=\"textwidget\">\n<p><strong>LA GUERRA PLANETARIA<br \/>\n<\/strong>In questo contesto di guerra planetaria, in cui ogni rapporto umano sembra disgregarsi di fronte alla violenza, alla sopraffazione, alla brutalit\u00e0 del conflitto, numerose esperienze stanno esprimendo la volont\u00e0 di solidariet\u00e0, di cooperazione, di sostegno reciproco, al fine di ritrovare il senso autentico dell\u2019umano.<\/p>\n<p><strong>IL LEGAME FRA LE CHIESE<br \/>\n<\/strong>In questo spirito di collaborazione, anche la Caritas diocesana di Trento si \u00e8 attivata fin da subito sostenendo e collaborando con numerose realt\u00e0 locali. Una di queste, in particolare, ha reso possibile un legame singolare con la <strong>Chiesa locale di Ko\u0161ice in Slovacchia, luogo di accoglienza e di transito di migliaia di profughi ucraini<\/strong>.<br \/>\n<strong>Attraverso il Gruppo Caritas della Valle di Cembra<\/strong> sono stati raccolti aiuti e materiali inviati per rafforzare i servizi offerti dalla diocesi locale, dalla Caritas, dai frati francescani. E fin da subito il ringraziamento \u00e8 giunto attraverso la voce dell\u2019arcivescovo Cyril Vasif di Ko\u0161ice.<\/p>\n<p><strong>IL VIAGGIO DELLA SOLIDARIETA&#8217;<br \/>\n<\/strong>Per sottolineare questo rapporti di fraternit\u00e0, per condividere la realt\u00e0 che questo popolo sta vivendo, per cercare di costruire una progettualit\u00e0 in grado di superare l\u2019emergenza, una piccola delegazione della Caritas diocesana di Trento \u00e8 in questi giorni \u2013 dal 14 al 18 maggio \u2013 in visita a questa Chiesa sorella.<br \/>\nIl referente della Caritas diocesana, Alessandro Martinelli, insieme al coordinatore dell\u2019Area Comunit\u00e0, Cristian Gatti, saranno accompagnati da Anezka Saliova, coordinatrice della Caritas Cembra.<\/p>\n<p><strong><a href=\"https:\/\/www.diocesitn.it\/area-testimonianza\/2022\/05\/17\/missioneslovacchia-lincontro-con-il-provinciale-dei-frati-francescani-fra-francesco-olbert-xsaversky-a-kosice-in-slovacchia\/\">QUI PROSEGUI IL VIAGGIO<\/a><\/strong><strong><img loading=\"lazy\" decoding=\"async\" class=\"wp-image-11453 alignnone\" src=\"https:\/\/www.diocesitn.it\/area-testimonianza\/wp-content\/uploads\/sites\/37\/2022\/05\/pulmino.jpg\" alt=\"\" width=\"101\" height=\"61\" \/><\/strong><\/p>\n<!--[if lt IE 9]><script>document.createElement('video');<\/script><![endif]-->\n\t<div class=\"wp-playlist wp-video-playlist wp-playlist-light\">\n\t\t<video controls=\"controls\" preload=\"none\" width=\"778\"\n\t\t height=\"350\"\t><\/video>\n\t<div class=\"wp-playlist-next\"><\/div>\n\t<div class=\"wp-playlist-prev\"><\/div>\n\t<noscript>\n\t<ol>\n\t\t<li><a href='https:\/\/www.diocesitn.it\/area-testimonianza\/wp-content\/uploads\/sites\/37\/2022\/05\/video-1652356108.mp4'>Si scarica il camion della solidarit\u00e0<\/a><\/li>\t<\/ol>\n\t<\/noscript>\n\t<script type=\"application\/json\" class=\"wp-playlist-script\">{\"type\":\"video\",\"tracklist\":true,\"tracknumbers\":true,\"images\":true,\"artists\":true,\"tracks\":[{\"src\":\"https:\\\/\\\/www.diocesitn.it\\\/area-testimonianza\\\/wp-content\\\/uploads\\\/sites\\\/37\\\/2022\\\/05\\\/video-1652356108.mp4\",\"type\":\"video\\\/mp4\",\"title\":\"Si scarica il camion della solidarit\\u00e0\",\"caption\":\"\",\"description\":\"\",\"meta\":{\"length_formatted\":\"0:18\"},\"dimensions\":{\"original\":{\"width\":640,\"height\":288},\"resized\":{\"width\":778,\"height\":350}},\"image\":{\"src\":\"https:\\\/\\\/www.diocesitn.it\\\/area-testimonianza\\\/wp-includes\\\/images\\\/media\\\/video.svg\",\"width\":48,\"height\":64},\"thumb\":{\"src\":\"https:\\\/\\\/www.diocesitn.it\\\/area-testimonianza\\\/wp-includes\\\/images\\\/media\\\/video.svg\",\"width\":48,\"height\":64}}]}<\/script>\n<\/div>\n\t\n<\/div>\n<\/div>\n<\/div>\n<div id=\"pgc-11408-0-1\" class=\"panel-grid-cell\" data-style=\"{&quot;background_image_attachment&quot;:false,&quot;background_display&quot;:&quot;tile&quot;,&quot;vertical_alignment&quot;:&quot;auto&quot;}\" data-weight=\"0.20034246575342\">\n<div id=\"panel-11408-0-1-0\" class=\"so-panel widget widget_widget_sp_image widget_sp_image panel-first-child panel-last-child\" data-index=\"1\" data-style=\"{&quot;background_image_attachment&quot;:false,&quot;background_display&quot;:&quot;tile&quot;}\">\n\n\n\t\t<style type='text\/css'>\n\n\t\t\t\/* PhotoSwipe Plugin *\/\n\t\t\t.psgal {\n\t\t\t\tmargin: auto;\n\t\t\t\tpadding-bottom:40px;\n\n\t\t\t\t-webkit-transition: all 0.4s ease;\n\t\t\t\t-moz-transition: all 0.4s ease;\n\t\t\t\t-o-transition: all 0.4s ease;\n\t\t\t\ttransition: all 0.4s ease;\n\t\t\t}\n\n\t\t\t.psgal figure {\n\t\t\t\tfloat: left;\n\t\t\t\ttext-align: center;\n    \t\t\twidth: 200px;\n                max-width: 50%;\n\t\t\t\tpadding:5px;\n\t\t\t\tmargin: 0px;\n\t\t\t\tbox-sizing:border-box;\n\t\t\t}\n\t\t\t.psgal a{\n\t\t\t\tdisplay:block;\n\t\t\t}\n\t\t\t.psgal figure figcaption{\n\t\t\t\tfont-size:13px;\n\t\t\t}\n\n\t\t\t.msnry{\n\t\t\t\tmargin:auto;\n\t\t\t}\n\t\t\t.pswp__caption__center{\n\t\t\t\ttext-align: center;\n\t\t\t}\n\t\t\t\n\n\t\t\t.photoswipe-gallery-caption{\n\t\t\t\tdisplay:none;\n\t\t\t}\n\n\t\t\t\n\t\t<\/style> <div style=\"clear:both\"><\/div>\n\n\t\t<div id=\"psgal_11408_1\" class=\"ps-gallery psgal gallery-columns-4 gallery-size-thumbnail\" itemscope itemtype=\"http:\/\/schema.org\/ImageGallery\" >\n\t\t\t\t<figure class=\"msnry_item\" itemscope itemtype=\"http:\/\/schema.org\/ImageObject\">\n\t\t\t\t\t<a href=\"https:\/\/www.diocesitn.it\/area-testimonianza\/wp-content\/uploads\/sites\/37\/2022\/05\/IMG-20220513-WA0006.jpg\"\n\t\t\t\t\titemprop=\"contentUrl\"\n\t\t\t\t\tdata-pswp-width=\"800\" \n\t\t\t\t    data-pswp-height=\"450\" \n\t\t\t\t    data-cropped=\"true\"\n\t\t\t\t\tdata-caption=\"Il primo camion arrivato a Pruske in Slovacchia\"\n\t\t\t\t\tclass=\"post-thumbnail-image-link container-fixed-aspect-ratio__16-9\">\n\t\t\t\t        <img src=https:\/\/www.diocesitn.it\/area-testimonianza\/wp-content\/uploads\/sites\/37\/2022\/05\/IMG-20220513-WA0006-300x169.jpg itemprop=\"thumbnail\" alt=\"\"  \/>\n\t\t\t\t    <\/a>\n\t\t\t\t    <figcaption class=\"photoswipe-gallery-caption\" >Il primo camion arrivato a Pruske in Slovacchia<\/figcaption>\n\t\t\t    <\/figure>\n\t\t\t\t\n\t\t\t\t<figure class=\"msnry_item\" itemscope itemtype=\"http:\/\/schema.org\/ImageObject\">\n\t\t\t\t\t<a href=\"https:\/\/www.diocesitn.it\/area-testimonianza\/wp-content\/uploads\/sites\/37\/2022\/05\/IMG-20220513-WA0008-510x1024.jpg\"\n\t\t\t\t\titemprop=\"contentUrl\"\n\t\t\t\t\tdata-pswp-width=\"510\" \n\t\t\t\t    data-pswp-height=\"1024\" \n\t\t\t\t    data-cropped=\"true\"\n\t\t\t\t\tdata-caption=\"Il documento del carico\"\n\t\t\t\t\tclass=\"post-thumbnail-image-link container-fixed-aspect-ratio__16-9\">\n\t\t\t\t        <img src=https:\/\/www.diocesitn.it\/area-testimonianza\/wp-content\/uploads\/sites\/37\/2022\/05\/IMG-20220513-WA0008-149x300.jpg itemprop=\"thumbnail\" alt=\"\"  \/>\n\t\t\t\t    <\/a>\n\t\t\t\t    <figcaption class=\"photoswipe-gallery-caption\" >Il documento del carico<\/figcaption>\n\t\t\t    <\/figure>\n\t\t\t\t\n\t\t\t\t<figure class=\"msnry_item\" itemscope itemtype=\"http:\/\/schema.org\/ImageObject\">\n\t\t\t\t\t<a href=\"https:\/\/www.diocesitn.it\/area-testimonianza\/wp-content\/uploads\/sites\/37\/2022\/05\/IMG-20220513-WA0009-576x1024.jpg\"\n\t\t\t\t\titemprop=\"contentUrl\"\n\t\t\t\t\tdata-pswp-width=\"576\" \n\t\t\t\t    data-pswp-height=\"1024\" \n\t\t\t\t    data-cropped=\"true\"\n\t\t\t\t\tdata-caption=\"Si comincia a scaricare\"\n\t\t\t\t\tclass=\"post-thumbnail-image-link container-fixed-aspect-ratio__16-9\">\n\t\t\t\t        <img src=https:\/\/www.diocesitn.it\/area-testimonianza\/wp-content\/uploads\/sites\/37\/2022\/05\/IMG-20220513-WA0009-169x300.jpg itemprop=\"thumbnail\" alt=\"\"  \/>\n\t\t\t\t    <\/a>\n\t\t\t\t    <figcaption class=\"photoswipe-gallery-caption\" >Si comincia a scaricare<\/figcaption>\n\t\t\t    <\/figure>\n\t\t\t\t\n\t\t\t\t<figure class=\"msnry_item\" itemscope itemtype=\"http:\/\/schema.org\/ImageObject\">\n\t\t\t\t\t<a href=\"https:\/\/www.diocesitn.it\/area-testimonianza\/wp-content\/uploads\/sites\/37\/2022\/05\/IMG-20220513-WA0010-576x1024.jpg\"\n\t\t\t\t\titemprop=\"contentUrl\"\n\t\t\t\t\tdata-pswp-width=\"576\" \n\t\t\t\t    data-pswp-height=\"1024\" \n\t\t\t\t    data-cropped=\"true\"\n\t\t\t\t\tdata-caption=\"\"\n\t\t\t\t\tclass=\"post-thumbnail-image-link container-fixed-aspect-ratio__16-9\">\n\t\t\t\t        <img src=https:\/\/www.diocesitn.it\/area-testimonianza\/wp-content\/uploads\/sites\/37\/2022\/05\/IMG-20220513-WA0010-169x300.jpg itemprop=\"thumbnail\" alt=\"\"  \/>\n\t\t\t\t    <\/a>\n\t\t\t\t    <figcaption class=\"photoswipe-gallery-caption\" ><\/figcaption>\n\t\t\t    <\/figure>\n\t\t\t\t\n\t\t\t\t<figure class=\"msnry_item\" itemscope itemtype=\"http:\/\/schema.org\/ImageObject\">\n\t\t\t\t\t<a href=\"https:\/\/www.diocesitn.it\/area-testimonianza\/wp-content\/uploads\/sites\/37\/2022\/05\/IMG-20220513-WA0007.jpg\"\n\t\t\t\t\titemprop=\"contentUrl\"\n\t\t\t\t\tdata-pswp-width=\"800\" \n\t\t\t\t    data-pswp-height=\"450\" \n\t\t\t\t    data-cropped=\"true\"\n\t\t\t\t\tdata-caption=\"\"\n\t\t\t\t\tclass=\"post-thumbnail-image-link container-fixed-aspect-ratio__16-9\">\n\t\t\t\t        <img src=https:\/\/www.diocesitn.it\/area-testimonianza\/wp-content\/uploads\/sites\/37\/2022\/05\/IMG-20220513-WA0007-300x169.jpg itemprop=\"thumbnail\" alt=\"\"  \/>\n\t\t\t\t    <\/a>\n\t\t\t\t    <figcaption class=\"photoswipe-gallery-caption\" ><\/figcaption>\n\t\t\t    <\/figure>\n\t\t\t\t\n\t\t\t\t<figure class=\"msnry_item\" itemscope itemtype=\"http:\/\/schema.org\/ImageObject\">\n\t\t\t\t\t<a href=\"https:\/\/www.diocesitn.it\/area-testimonianza\/wp-content\/uploads\/sites\/37\/2022\/05\/277731317_316727107283892_4828610059258562991_n-1024x576.jpg\"\n\t\t\t\t\titemprop=\"contentUrl\"\n\t\t\t\t\tdata-pswp-width=\"800\" \n\t\t\t\t    data-pswp-height=\"450\" \n\t\t\t\t    data-cropped=\"true\"\n\t\t\t\t\tdata-caption=\"\"\n\t\t\t\t\tclass=\"post-thumbnail-image-link container-fixed-aspect-ratio__16-9\">\n\t\t\t\t        <img src=https:\/\/www.diocesitn.it\/area-testimonianza\/wp-content\/uploads\/sites\/37\/2022\/05\/277731317_316727107283892_4828610059258562991_n-300x169.jpg itemprop=\"thumbnail\" alt=\"\"  \/>\n\t\t\t\t    <\/a>\n\t\t\t\t    <figcaption class=\"photoswipe-gallery-caption\" ><\/figcaption>\n\t\t\t    <\/figure>\n\t\t\t\t\n\t\t\t\t<figure class=\"msnry_item\" itemscope itemtype=\"http:\/\/schema.org\/ImageObject\">\n\t\t\t\t\t<a href=\"https:\/\/www.diocesitn.it\/area-testimonianza\/wp-content\/uploads\/sites\/37\/2022\/05\/278976543_1282059762321676_5139973925107766231_n-1024x576.jpg\"\n\t\t\t\t\titemprop=\"contentUrl\"\n\t\t\t\t\tdata-pswp-width=\"800\" \n\t\t\t\t    data-pswp-height=\"450\" \n\t\t\t\t    data-cropped=\"true\"\n\t\t\t\t\tdata-caption=\"Il materiale raccolto dalle Caritas della Val di Cembra, Lavis, S.Michele a\/A. e alcune classi della Val di Fiemme\"\n\t\t\t\t\tclass=\"post-thumbnail-image-link container-fixed-aspect-ratio__16-9\">\n\t\t\t\t        <img src=https:\/\/www.diocesitn.it\/area-testimonianza\/wp-content\/uploads\/sites\/37\/2022\/05\/278976543_1282059762321676_5139973925107766231_n-300x169.jpg itemprop=\"thumbnail\" alt=\"\"  \/>\n\t\t\t\t    <\/a>\n\t\t\t\t    <figcaption class=\"photoswipe-gallery-caption\" >Il materiale raccolto dalle Caritas della Val di Cembra, Lavis, S.Michele a\/A. e alcune classi della Val di Fiemme<\/figcaption>\n\t\t\t    <\/figure>\n\t\t\t\t\n\t\t\t\t<figure class=\"msnry_item\" itemscope itemtype=\"http:\/\/schema.org\/ImageObject\">\n\t\t\t\t\t<a href=\"https:\/\/www.diocesitn.it\/area-testimonianza\/wp-content\/uploads\/sites\/37\/2022\/05\/278236703_539378377817290_7690124360950322342_n-1024x576.jpg\"\n\t\t\t\t\titemprop=\"contentUrl\"\n\t\t\t\t\tdata-pswp-width=\"800\" \n\t\t\t\t    data-pswp-height=\"450\" \n\t\t\t\t    data-cropped=\"true\"\n\t\t\t\t\tdata-caption=\"\"\n\t\t\t\t\tclass=\"post-thumbnail-image-link container-fixed-aspect-ratio__16-9\">\n\t\t\t\t        <img src=https:\/\/www.diocesitn.it\/area-testimonianza\/wp-content\/uploads\/sites\/37\/2022\/05\/278236703_539378377817290_7690124360950322342_n-300x169.jpg itemprop=\"thumbnail\" alt=\"\"  \/>\n\t\t\t\t    <\/a>\n\t\t\t\t    <figcaption class=\"photoswipe-gallery-caption\" ><\/figcaption>\n\t\t\t    <\/figure>\n\t\t\t\t\n\t\t\t\t<figure class=\"msnry_item\" itemscope itemtype=\"http:\/\/schema.org\/ImageObject\">\n\t\t\t\t\t<a href=\"https:\/\/www.diocesitn.it\/area-testimonianza\/wp-content\/uploads\/sites\/37\/2022\/05\/278877084_782850159362684_5441935843853266573_n-1024x576.jpg\"\n\t\t\t\t\titemprop=\"contentUrl\"\n\t\t\t\t\tdata-pswp-width=\"800\" \n\t\t\t\t    data-pswp-height=\"450\" \n\t\t\t\t    data-cropped=\"true\"\n\t\t\t\t\tdata-caption=\"\"\n\t\t\t\t\tclass=\"post-thumbnail-image-link container-fixed-aspect-ratio__16-9\">\n\t\t\t\t        <img src=https:\/\/www.diocesitn.it\/area-testimonianza\/wp-content\/uploads\/sites\/37\/2022\/05\/278877084_782850159362684_5441935843853266573_n-300x169.jpg itemprop=\"thumbnail\" alt=\"\"  \/>\n\t\t\t\t    <\/a>\n\t\t\t\t    <figcaption class=\"photoswipe-gallery-caption\" ><\/figcaption>\n\t\t\t    <\/figure>\n\t\t\t\t\n\t\t\t\t<figure class=\"msnry_item\" itemscope itemtype=\"http:\/\/schema.org\/ImageObject\">\n\t\t\t\t\t<a href=\"https:\/\/www.diocesitn.it\/area-testimonianza\/wp-content\/uploads\/sites\/37\/2022\/05\/279373345_1062334664378948_8012003987074021144_n-1024x576.jpg\"\n\t\t\t\t\titemprop=\"contentUrl\"\n\t\t\t\t\tdata-pswp-width=\"800\" \n\t\t\t\t    data-pswp-height=\"450\" \n\t\t\t\t    data-cropped=\"true\"\n\t\t\t\t\tdata-caption=\"\"\n\t\t\t\t\tclass=\"post-thumbnail-image-link container-fixed-aspect-ratio__16-9\">\n\t\t\t\t        <img src=https:\/\/www.diocesitn.it\/area-testimonianza\/wp-content\/uploads\/sites\/37\/2022\/05\/279373345_1062334664378948_8012003987074021144_n-300x169.jpg itemprop=\"thumbnail\" alt=\"\"  \/>\n\t\t\t\t    <\/a>\n\t\t\t\t    <figcaption class=\"photoswipe-gallery-caption\" ><\/figcaption>\n\t\t\t    <\/figure>\n\t\t\t\t\n\t\t\t\t<figure class=\"msnry_item\" itemscope itemtype=\"http:\/\/schema.org\/ImageObject\">\n\t\t\t\t\t<a href=\"https:\/\/www.diocesitn.it\/area-testimonianza\/wp-content\/uploads\/sites\/37\/2022\/05\/280131306_407977840925009_5752886537690732443_n-1024x576.jpg\"\n\t\t\t\t\titemprop=\"contentUrl\"\n\t\t\t\t\tdata-pswp-width=\"800\" \n\t\t\t\t    data-pswp-height=\"450\" \n\t\t\t\t    data-cropped=\"true\"\n\t\t\t\t\tdata-caption=\"\"\n\t\t\t\t\tclass=\"post-thumbnail-image-link container-fixed-aspect-ratio__16-9\">\n\t\t\t\t        <img src=https:\/\/www.diocesitn.it\/area-testimonianza\/wp-content\/uploads\/sites\/37\/2022\/05\/280131306_407977840925009_5752886537690732443_n-300x169.jpg itemprop=\"thumbnail\" alt=\"\"  \/>\n\t\t\t\t    <\/a>\n\t\t\t\t    <figcaption class=\"photoswipe-gallery-caption\" ><\/figcaption>\n\t\t\t    <\/figure>\n\t\t\t\t\n\t\t\t\t<figure class=\"msnry_item\" itemscope itemtype=\"http:\/\/schema.org\/ImageObject\">\n\t\t\t\t\t<a href=\"https:\/\/www.diocesitn.it\/area-testimonianza\/wp-content\/uploads\/sites\/37\/2022\/05\/280297328_1043577679879517_7501799434664357496_n-1024x576.jpg\"\n\t\t\t\t\titemprop=\"contentUrl\"\n\t\t\t\t\tdata-pswp-width=\"800\" \n\t\t\t\t    data-pswp-height=\"450\" \n\t\t\t\t    data-cropped=\"true\"\n\t\t\t\t\tdata-caption=\"\"\n\t\t\t\t\tclass=\"post-thumbnail-image-link container-fixed-aspect-ratio__16-9\">\n\t\t\t\t        <img src=https:\/\/www.diocesitn.it\/area-testimonianza\/wp-content\/uploads\/sites\/37\/2022\/05\/280297328_1043577679879517_7501799434664357496_n-300x169.jpg itemprop=\"thumbnail\" alt=\"\"  \/>\n\t\t\t\t    <\/a>\n\t\t\t\t    <figcaption class=\"photoswipe-gallery-caption\" ><\/figcaption>\n\t\t\t    <\/figure>\n\t\t\t\t<\/div>\n\t\t<div style='clear:both'><\/div>\n\t\n<\/div>\n<\/div>\n<\/div>\n<\/div>\n","protected":false},"excerpt":{"rendered":"<p>LA GUERRA PLANETARIA In questo contesto di guerra planetaria, in cui ogni rapporto umano sembra disgregarsi di fronte alla violenza, alla sopraffazione, alla brutalit\u00e0 del conflitto, numerose esperienze stanno esprimendo la volont\u00e0 di solidariet\u00e0, di<\/p>\n","protected":false},"author":4,"featured_media":11432,"comment_status":"closed","ping_status":"closed","sticky":false,"template":"","format":"standard","meta":{"footnotes":""},"categories":[1059,1074],"tags":[1950,1752,2008],"class_list":["post-11408","post","type-post","status-publish","format-standard","has-post-thumbnail","hentry","category-servizio-caritas","category-notizie","tag-alessandro-martinelli","tag-caritas-trento","tag-cristian-gatti"],"acf":{"seed-localization-paese-cod":"IT","seed-localization-address":"","seed-localization-citta":"Trento","seed-localization-regione-cod-istat":"04","seed-localization-citta-cod-istat":"022205","seed-localization-localita":"","seed-localization-cap":"","seed-localization-marker-visibility":false,"seed-localization-children-visibility":false,"seed-localization-kml":"","seed-localization-custom-marker":""},"yoast_head":"<!-- This site is optimized with the Yoast SEO Premium plugin v20.2.1 (Yoast SEO v22.2) - https:\/\/yoast.com\/wordpress\/plugins\/seo\/ -->\n<title>La Caritas in viaggio di solidariet\u00e0, cooperazione e sostegno reciproco con #MISSIONESLOVACCHIA - Testimonianza e Impegno sociale<\/title>\n<meta name=\"robots\" content=\"index, follow, max-snippet:-1, max-image-preview:large, max-video-preview:-1\" \/>\n<link rel=\"canonical\" href=\"https:\/\/www.diocesitn.it\/area-testimonianza\/2022\/05\/16\/la-caritas-in-viaggio-di-solidarieta-cooperazione-e-sostegno-reciproco-con-missione-slovacchia\/\" \/>\n<meta property=\"og:locale\" content=\"it_IT\" \/>\n<meta property=\"og:type\" content=\"article\" \/>\n<meta property=\"og:title\" content=\"La Caritas in viaggio di solidariet\u00e0, cooperazione e sostegno reciproco con #MISSIONESLOVACCHIA\" \/>\n<meta property=\"og:description\" content=\"LA GUERRA PLANETARIA In questo contesto di guerra planetaria, in cui ogni rapporto umano sembra disgregarsi di fronte alla violenza, alla sopraffazione, alla brutalit\u00e0 del conflitto, numerose esperienze stanno esprimendo la volont\u00e0 di solidariet\u00e0, di\" \/>\n<meta property=\"og:url\" content=\"https:\/\/www.diocesitn.it\/area-testimonianza\/2022\/05\/16\/la-caritas-in-viaggio-di-solidarieta-cooperazione-e-sostegno-reciproco-con-missione-slovacchia\/\" \/>\n<meta property=\"og:site_name\" content=\"Testimonianza e Impegno sociale\" \/>\n<meta property=\"article:published_time\" content=\"2022-05-16T14:41:11+00:00\" \/>\n<meta property=\"article:modified_time\" content=\"2024-11-14T10:25:18+00:00\" \/>\n<meta property=\"og:image\" content=\"https:\/\/www.diocesitn.it\/area-testimonianza\/wp-content\/uploads\/sites\/37\/2022\/05\/278053687_681143782945676_8759459709141940571_n-1.jpg\" \/>\n\t<meta property=\"og:image:width\" content=\"1224\" \/>\n\t<meta property=\"og:image:height\" content=\"689\" \/>\n\t<meta property=\"og:image:type\" content=\"image\/jpeg\" \/>\n<meta name=\"author\" content=\"Claudia Dorigoni\" \/>\n<meta name=\"twitter:card\" content=\"summary_large_image\" \/>\n<meta name=\"twitter:label1\" content=\"Scritto da\" \/>\n\t<meta name=\"twitter:data1\" content=\"Claudia Dorigoni\" \/>\n\t<meta name=\"twitter:label2\" content=\"Tempo di lettura stimato\" \/>\n\t<meta name=\"twitter:data2\" content=\"2 minuti\" \/>\n<script type=\"application\/ld+json\" class=\"yoast-schema-graph\">{\"@context\":\"https:\/\/schema.org\",\"@graph\":[{\"@type\":\"Article\",\"@id\":\"https:\/\/www.diocesitn.it\/area-testimonianza\/2022\/05\/16\/la-caritas-in-viaggio-di-solidarieta-cooperazione-e-sostegno-reciproco-con-missione-slovacchia\/#article\",\"isPartOf\":{\"@id\":\"https:\/\/www.diocesitn.it\/area-testimonianza\/2022\/05\/16\/la-caritas-in-viaggio-di-solidarieta-cooperazione-e-sostegno-reciproco-con-missione-slovacchia\/\"},\"author\":{\"name\":\"Claudia Dorigoni\",\"@id\":\"https:\/\/www.diocesitn.it\/area-testimonianza\/#\/schema\/person\/5467191b81c25706baf09a59aab380a5\"},\"headline\":\"La Caritas in viaggio di solidariet\u00e0, cooperazione e sostegno reciproco con #MISSIONESLOVACCHIA\",\"datePublished\":\"2022-05-16T14:41:11+00:00\",\"dateModified\":\"2024-11-14T10:25:18+00:00\",\"mainEntityOfPage\":{\"@id\":\"https:\/\/www.diocesitn.it\/area-testimonianza\/2022\/05\/16\/la-caritas-in-viaggio-di-solidarieta-cooperazione-e-sostegno-reciproco-con-missione-slovacchia\/\"},\"wordCount\":250,\"publisher\":{\"@id\":\"https:\/\/www.diocesitn.it\/area-testimonianza\/#organization\"},\"image\":{\"@id\":\"https:\/\/www.diocesitn.it\/area-testimonianza\/2022\/05\/16\/la-caritas-in-viaggio-di-solidarieta-cooperazione-e-sostegno-reciproco-con-missione-slovacchia\/#primaryimage\"},\"thumbnailUrl\":\"https:\/\/www.diocesitn.it\/area-testimonianza\/wp-content\/uploads\/sites\/37\/2022\/05\/278053687_681143782945676_8759459709141940571_n-1.jpg\",\"keywords\":[\"Alessandro Martinelli\",\"caritas trento\",\"Cristian Gatti\"],\"articleSection\":[\"Caritas diocesana\",\"Notizie\"],\"inLanguage\":\"it-IT\",\"copyrightYear\":\"2022\",\"copyrightHolder\":{\"@id\":\"https:\/\/www.diocesitn.it\/#organization\"}},{\"@type\":\"WebPage\",\"@id\":\"https:\/\/www.diocesitn.it\/area-testimonianza\/2022\/05\/16\/la-caritas-in-viaggio-di-solidarieta-cooperazione-e-sostegno-reciproco-con-missione-slovacchia\/\",\"url\":\"https:\/\/www.diocesitn.it\/area-testimonianza\/2022\/05\/16\/la-caritas-in-viaggio-di-solidarieta-cooperazione-e-sostegno-reciproco-con-missione-slovacchia\/\",\"name\":\"La Caritas in viaggio di solidariet\u00e0, cooperazione e sostegno reciproco con #MISSIONESLOVACCHIA - Testimonianza e Impegno sociale\",\"isPartOf\":{\"@id\":\"https:\/\/www.diocesitn.it\/area-testimonianza\/#website\"},\"primaryImageOfPage\":{\"@id\":\"https:\/\/www.diocesitn.it\/area-testimonianza\/2022\/05\/16\/la-caritas-in-viaggio-di-solidarieta-cooperazione-e-sostegno-reciproco-con-missione-slovacchia\/#primaryimage\"},\"image\":{\"@id\":\"https:\/\/www.diocesitn.it\/area-testimonianza\/2022\/05\/16\/la-caritas-in-viaggio-di-solidarieta-cooperazione-e-sostegno-reciproco-con-missione-slovacchia\/#primaryimage\"},\"thumbnailUrl\":\"https:\/\/www.diocesitn.it\/area-testimonianza\/wp-content\/uploads\/sites\/37\/2022\/05\/278053687_681143782945676_8759459709141940571_n-1.jpg\",\"datePublished\":\"2022-05-16T14:41:11+00:00\",\"dateModified\":\"2024-11-14T10:25:18+00:00\",\"breadcrumb\":{\"@id\":\"https:\/\/www.diocesitn.it\/area-testimonianza\/2022\/05\/16\/la-caritas-in-viaggio-di-solidarieta-cooperazione-e-sostegno-reciproco-con-missione-slovacchia\/#breadcrumb\"},\"inLanguage\":\"it-IT\",\"potentialAction\":[{\"@type\":\"ReadAction\",\"target\":[\"https:\/\/www.diocesitn.it\/area-testimonianza\/2022\/05\/16\/la-caritas-in-viaggio-di-solidarieta-cooperazione-e-sostegno-reciproco-con-missione-slovacchia\/\"]}]},{\"@type\":\"ImageObject\",\"inLanguage\":\"it-IT\",\"@id\":\"https:\/\/www.diocesitn.it\/area-testimonianza\/2022\/05\/16\/la-caritas-in-viaggio-di-solidarieta-cooperazione-e-sostegno-reciproco-con-missione-slovacchia\/#primaryimage\",\"url\":\"https:\/\/www.diocesitn.it\/area-testimonianza\/wp-content\/uploads\/sites\/37\/2022\/05\/278053687_681143782945676_8759459709141940571_n-1.jpg\",\"contentUrl\":\"https:\/\/www.diocesitn.it\/area-testimonianza\/wp-content\/uploads\/sites\/37\/2022\/05\/278053687_681143782945676_8759459709141940571_n-1.jpg\",\"width\":1224,\"height\":689},{\"@type\":\"BreadcrumbList\",\"@id\":\"https:\/\/www.diocesitn.it\/area-testimonianza\/2022\/05\/16\/la-caritas-in-viaggio-di-solidarieta-cooperazione-e-sostegno-reciproco-con-missione-slovacchia\/#breadcrumb\",\"itemListElement\":[{\"@type\":\"ListItem\",\"position\":1,\"name\":\"Home\",\"item\":\"https:\/\/www.diocesitn.it\/area-testimonianza\/\"},{\"@type\":\"ListItem\",\"position\":2,\"name\":\"La Caritas in viaggio di solidariet\u00e0, cooperazione e sostegno reciproco con #MISSIONESLOVACCHIA\"}]},{\"@type\":\"WebSite\",\"@id\":\"https:\/\/www.diocesitn.it\/area-testimonianza\/#website\",\"url\":\"https:\/\/www.diocesitn.it\/area-testimonianza\/\",\"name\":\"Testimonianza e Impegno sociale\",\"description\":\"Chiesa di Trento\",\"publisher\":{\"@id\":\"https:\/\/www.diocesitn.it\/area-testimonianza\/#organization\"},\"potentialAction\":[{\"@type\":\"SearchAction\",\"target\":{\"@type\":\"EntryPoint\",\"urlTemplate\":\"https:\/\/www.diocesitn.it\/area-testimonianza\/?s={search_term_string}\"},\"query-input\":\"required name=search_term_string\"}],\"inLanguage\":\"it-IT\"},{\"@type\":[\"Organization\",\"Place\"],\"@id\":\"https:\/\/www.diocesitn.it\/area-testimonianza\/#organization\",\"name\":\"Area Testimonianza e Impegno Sociale - Chiesa di Trento\",\"url\":\"https:\/\/www.diocesitn.it\/area-testimonianza\/\",\"logo\":{\"@id\":\"https:\/\/www.diocesitn.it\/area-testimonianza\/2022\/05\/16\/la-caritas-in-viaggio-di-solidarieta-cooperazione-e-sostegno-reciproco-con-missione-slovacchia\/#local-main-organization-logo\"},\"image\":{\"@id\":\"https:\/\/www.diocesitn.it\/area-testimonianza\/2022\/05\/16\/la-caritas-in-viaggio-di-solidarieta-cooperazione-e-sostegno-reciproco-con-missione-slovacchia\/#local-main-organization-logo\"},\"openingHoursSpecification\":[{\"@type\":\"OpeningHoursSpecification\",\"dayOfWeek\":[\"Monday\",\"Tuesday\",\"Wednesday\",\"Thursday\",\"Friday\",\"Saturday\",\"Sunday\"],\"opens\":\"09:00\",\"closes\":\"17:00\"}]},{\"@type\":\"ImageObject\",\"inLanguage\":\"it-IT\",\"@id\":\"https:\/\/www.diocesitn.it\/area-testimonianza\/2022\/05\/16\/la-caritas-in-viaggio-di-solidarieta-cooperazione-e-sostegno-reciproco-con-missione-slovacchia\/#local-main-organization-logo\",\"url\":\"https:\/\/www.diocesitn.it\/area-testimonianza\/wp-content\/uploads\/sites\/37\/2021\/09\/og-logo-testimonianza-e-impegno-sociale.jpg\",\"contentUrl\":\"https:\/\/www.diocesitn.it\/area-testimonianza\/wp-content\/uploads\/sites\/37\/2021\/09\/og-logo-testimonianza-e-impegno-sociale.jpg\",\"width\":1200,\"height\":630,\"caption\":\"Area Testimonianza e Impegno Sociale - Chiesa di Trento\"}]}<\/script>\n<!-- \/ Yoast SEO Premium plugin. -->","yoast_head_json":{"title":"La Caritas in viaggio di solidariet\u00e0, cooperazione e sostegno reciproco con #MISSIONESLOVACCHIA - Testimonianza e Impegno sociale","robots":{"index":"index","follow":"follow","max-snippet":"max-snippet:-1","max-image-preview":"max-image-preview:large","max-video-preview":"max-video-preview:-1"},"canonical":"https:\/\/www.diocesitn.it\/area-testimonianza\/2022\/05\/16\/la-caritas-in-viaggio-di-solidarieta-cooperazione-e-sostegno-reciproco-con-missione-slovacchia\/","og_locale":"it_IT","og_type":"article","og_title":"La Caritas in viaggio di solidariet\u00e0, cooperazione e sostegno reciproco con #MISSIONESLOVACCHIA","og_description":"LA GUERRA PLANETARIA In questo contesto di guerra planetaria, in cui ogni rapporto umano sembra disgregarsi di fronte alla violenza, alla sopraffazione, alla brutalit\u00e0 del conflitto, numerose esperienze stanno esprimendo la volont\u00e0 di solidariet\u00e0, di","og_url":"https:\/\/www.diocesitn.it\/area-testimonianza\/2022\/05\/16\/la-caritas-in-viaggio-di-solidarieta-cooperazione-e-sostegno-reciproco-con-missione-slovacchia\/","og_site_name":"Testimonianza e Impegno sociale","article_published_time":"2022-05-16T14:41:11+00:00","article_modified_time":"2024-11-14T10:25:18+00:00","og_image":[{"width":1224,"height":689,"url":"https:\/\/www.diocesitn.it\/area-testimonianza\/wp-content\/uploads\/sites\/37\/2022\/05\/278053687_681143782945676_8759459709141940571_n-1.jpg","type":"image\/jpeg"}],"author":"Claudia Dorigoni","twitter_card":"summary_large_image","twitter_misc":{"Scritto da":"Claudia Dorigoni","Tempo di lettura stimato":"2 minuti"},"schema":{"@context":"https:\/\/schema.org","@graph":[{"@type":"Article","@id":"https:\/\/www.diocesitn.it\/area-testimonianza\/2022\/05\/16\/la-caritas-in-viaggio-di-solidarieta-cooperazione-e-sostegno-reciproco-con-missione-slovacchia\/#article","isPartOf":{"@id":"https:\/\/www.diocesitn.it\/area-testimonianza\/2022\/05\/16\/la-caritas-in-viaggio-di-solidarieta-cooperazione-e-sostegno-reciproco-con-missione-slovacchia\/"},"author":{"name":"Claudia Dorigoni","@id":"https:\/\/www.diocesitn.it\/area-testimonianza\/#\/schema\/person\/5467191b81c25706baf09a59aab380a5"},"headline":"La Caritas in viaggio di solidariet\u00e0, cooperazione e sostegno reciproco con #MISSIONESLOVACCHIA","datePublished":"2022-05-16T14:41:11+00:00","dateModified":"2024-11-14T10:25:18+00:00","mainEntityOfPage":{"@id":"https:\/\/www.diocesitn.it\/area-testimonianza\/2022\/05\/16\/la-caritas-in-viaggio-di-solidarieta-cooperazione-e-sostegno-reciproco-con-missione-slovacchia\/"},"wordCount":250,"publisher":{"@id":"https:\/\/www.diocesitn.it\/area-testimonianza\/#organization"},"image":{"@id":"https:\/\/www.diocesitn.it\/area-testimonianza\/2022\/05\/16\/la-caritas-in-viaggio-di-solidarieta-cooperazione-e-sostegno-reciproco-con-missione-slovacchia\/#primaryimage"},"thumbnailUrl":"https:\/\/www.diocesitn.it\/area-testimonianza\/wp-content\/uploads\/sites\/37\/2022\/05\/278053687_681143782945676_8759459709141940571_n-1.jpg","keywords":["Alessandro Martinelli","caritas trento","Cristian Gatti"],"articleSection":["Caritas diocesana","Notizie"],"inLanguage":"it-IT","copyrightYear":"2022","copyrightHolder":{"@id":"https:\/\/www.diocesitn.it\/#organization"}},{"@type":"WebPage","@id":"https:\/\/www.diocesitn.it\/area-testimonianza\/2022\/05\/16\/la-caritas-in-viaggio-di-solidarieta-cooperazione-e-sostegno-reciproco-con-missione-slovacchia\/","url":"https:\/\/www.diocesitn.it\/area-testimonianza\/2022\/05\/16\/la-caritas-in-viaggio-di-solidarieta-cooperazione-e-sostegno-reciproco-con-missione-slovacchia\/","name":"La Caritas in viaggio di solidariet\u00e0, cooperazione e sostegno reciproco con #MISSIONESLOVACCHIA - Testimonianza e Impegno sociale","isPartOf":{"@id":"https:\/\/www.diocesitn.it\/area-testimonianza\/#website"},"primaryImageOfPage":{"@id":"https:\/\/www.diocesitn.it\/area-testimonianza\/2022\/05\/16\/la-caritas-in-viaggio-di-solidarieta-cooperazione-e-sostegno-reciproco-con-missione-slovacchia\/#primaryimage"},"image":{"@id":"https:\/\/www.diocesitn.it\/area-testimonianza\/2022\/05\/16\/la-caritas-in-viaggio-di-solidarieta-cooperazione-e-sostegno-reciproco-con-missione-slovacchia\/#primaryimage"},"thumbnailUrl":"https:\/\/www.diocesitn.it\/area-testimonianza\/wp-content\/uploads\/sites\/37\/2022\/05\/278053687_681143782945676_8759459709141940571_n-1.jpg","datePublished":"2022-05-16T14:41:11+00:00","dateModified":"2024-11-14T10:25:18+00:00","breadcrumb":{"@id":"https:\/\/www.diocesitn.it\/area-testimonianza\/2022\/05\/16\/la-caritas-in-viaggio-di-solidarieta-cooperazione-e-sostegno-reciproco-con-missione-slovacchia\/#breadcrumb"},"inLanguage":"it-IT","potentialAction":[{"@type":"ReadAction","target":["https:\/\/www.diocesitn.it\/area-testimonianza\/2022\/05\/16\/la-caritas-in-viaggio-di-solidarieta-cooperazione-e-sostegno-reciproco-con-missione-slovacchia\/"]}]},{"@type":"ImageObject","inLanguage":"it-IT","@id":"https:\/\/www.diocesitn.it\/area-testimonianza\/2022\/05\/16\/la-caritas-in-viaggio-di-solidarieta-cooperazione-e-sostegno-reciproco-con-missione-slovacchia\/#primaryimage","url":"https:\/\/www.diocesitn.it\/area-testimonianza\/wp-content\/uploads\/sites\/37\/2022\/05\/278053687_681143782945676_8759459709141940571_n-1.jpg","contentUrl":"https:\/\/www.diocesitn.it\/area-testimonianza\/wp-content\/uploads\/sites\/37\/2022\/05\/278053687_681143782945676_8759459709141940571_n-1.jpg","width":1224,"height":689},{"@type":"BreadcrumbList","@id":"https:\/\/www.diocesitn.it\/area-testimonianza\/2022\/05\/16\/la-caritas-in-viaggio-di-solidarieta-cooperazione-e-sostegno-reciproco-con-missione-slovacchia\/#breadcrumb","itemListElement":[{"@type":"ListItem","position":1,"name":"Home","item":"https:\/\/www.diocesitn.it\/area-testimonianza\/"},{"@type":"ListItem","position":2,"name":"La Caritas in viaggio di solidariet\u00e0, cooperazione e sostegno reciproco con #MISSIONESLOVACCHIA"}]},{"@type":"WebSite","@id":"https:\/\/www.diocesitn.it\/area-testimonianza\/#website","url":"https:\/\/www.diocesitn.it\/area-testimonianza\/","name":"Testimonianza e Impegno sociale","description":"Chiesa di Trento","publisher":{"@id":"https:\/\/www.diocesitn.it\/area-testimonianza\/#organization"},"potentialAction":[{"@type":"SearchAction","target":{"@type":"EntryPoint","urlTemplate":"https:\/\/www.diocesitn.it\/area-testimonianza\/?s={search_term_string}"},"query-input":"required name=search_term_string"}],"inLanguage":"it-IT"},{"@type":["Organization","Place"],"@id":"https:\/\/www.diocesitn.it\/area-testimonianza\/#organization","name":"Area Testimonianza e Impegno Sociale - Chiesa di Trento","url":"https:\/\/www.diocesitn.it\/area-testimonianza\/","logo":{"@id":"https:\/\/www.diocesitn.it\/area-testimonianza\/2022\/05\/16\/la-caritas-in-viaggio-di-solidarieta-cooperazione-e-sostegno-reciproco-con-missione-slovacchia\/#local-main-organization-logo"},"image":{"@id":"https:\/\/www.diocesitn.it\/area-testimonianza\/2022\/05\/16\/la-caritas-in-viaggio-di-solidarieta-cooperazione-e-sostegno-reciproco-con-missione-slovacchia\/#local-main-organization-logo"},"openingHoursSpecification":[{"@type":"OpeningHoursSpecification","dayOfWeek":["Monday","Tuesday","Wednesday","Thursday","Friday","Saturday","Sunday"],"opens":"09:00","closes":"17:00"}]},{"@type":"ImageObject","inLanguage":"it-IT","@id":"https:\/\/www.diocesitn.it\/area-testimonianza\/2022\/05\/16\/la-caritas-in-viaggio-di-solidarieta-cooperazione-e-sostegno-reciproco-con-missione-slovacchia\/#local-main-organization-logo","url":"https:\/\/www.diocesitn.it\/area-testimonianza\/wp-content\/uploads\/sites\/37\/2021\/09\/og-logo-testimonianza-e-impegno-sociale.jpg","contentUrl":"https:\/\/www.diocesitn.it\/area-testimonianza\/wp-content\/uploads\/sites\/37\/2021\/09\/og-logo-testimonianza-e-impegno-sociale.jpg","width":1200,"height":630,"caption":"Area Testimonianza e Impegno Sociale - Chiesa di Trento"}]}},"_links":{"self":[{"href":"https:\/\/www.diocesitn.it\/area-testimonianza\/wp-json\/wp\/v2\/posts\/11408","targetHints":{"allow":["GET"]}}],"collection":[{"href":"https:\/\/www.diocesitn.it\/area-testimonianza\/wp-json\/wp\/v2\/posts"}],"about":[{"href":"https:\/\/www.diocesitn.it\/area-testimonianza\/wp-json\/wp\/v2\/types\/post"}],"author":[{"embeddable":true,"href":"https:\/\/www.diocesitn.it\/area-testimonianza\/wp-json\/wp\/v2\/users\/4"}],"replies":[{"embeddable":true,"href":"https:\/\/www.diocesitn.it\/area-testimonianza\/wp-json\/wp\/v2\/comments?post=11408"}],"version-history":[{"count":4,"href":"https:\/\/www.diocesitn.it\/area-testimonianza\/wp-json\/wp\/v2\/posts\/11408\/revisions"}],"predecessor-version":[{"id":11510,"href":"https:\/\/www.diocesitn.it\/area-testimonianza\/wp-json\/wp\/v2\/posts\/11408\/revisions\/11510"}],"wp:featuredmedia":[{"embeddable":true,"href":"https:\/\/www.diocesitn.it\/area-testimonianza\/wp-json\/wp\/v2\/media\/11432"}],"wp:attachment":[{"href":"https:\/\/www.diocesitn.it\/area-testimonianza\/wp-json\/wp\/v2\/media?parent=11408"}],"wp:term":[{"taxonomy":"category","embeddable":true,"href":"https:\/\/www.diocesitn.it\/area-testimonianza\/wp-json\/wp\/v2\/categories?post=11408"},{"taxonomy":"post_tag","embeddable":true,"href":"https:\/\/www.diocesitn.it\/area-testimonianza\/wp-json\/wp\/v2\/tags?post=11408"}],"curies":[{"name":"wp","href":"https:\/\/api.w.org\/{rel}","templated":true}]}}