{"id":11218,"date":"2022-04-12T16:21:53","date_gmt":"2022-04-12T14:21:53","guid":{"rendered":"https:\/\/www.diocesitn.it\/area-testimonianza\/?p=11218"},"modified":"2024-11-14T11:25:19","modified_gmt":"2024-11-14T10:25:19","slug":"coro-insieme-cantando-di-pomarolo","status":"publish","type":"post","link":"https:\/\/www.diocesitn.it\/area-testimonianza\/2022\/04\/12\/coro-insieme-cantando-di-pomarolo\/","title":{"rendered":"Coro &#8220;Insieme Cantando&#8221; di Pomarolo"},"content":{"rendered":"<p>Il gruppo &#8220;Insieme Cantando&#8221; di Pomarolo \u00e8 nato nel 1982 e si dedica a concerti, recital e spettacoli per sostenere progetti di solidariet\u00e0.<\/p>\n<p>Il repertorio del coro \u00e8 molto vario, brani di genere, lingua e provenienza diversa, dalla musica folk a quella pop americana e musica italiana d\u2019autore.<br \/>\nIl gruppo ha realizzato 2 cd: il primo dal titolo \u201cAscolta l\u2019Infinito\u201d e legato a un progetto di solidariet\u00e0 in favore dell\u2019Associazione Fibrosi Cistica di Trento;<\/p>\n<p>Un secondo cd dal titolo \u201cSaremo una canzone\u201d, legato ad un progetto di solidariet\u00e0 per il completamento di un ospedale pediatrico nel Benin, in Africa.<\/p>\n<p><a href=\"https:\/\/www.facebook.com\/coro.insiemecantando\" target=\"_blank\" rel=\"noopener\">https:\/\/www.facebook.com\/coro.insiemecantando<\/a><\/p>\n","protected":false},"excerpt":{"rendered":"<p>Il gruppo &#8220;Insieme Cantando&#8221; di Pomarolo \u00e8 nato nel 1982 e si dedica a concerti, recital e spettacoli per sostenere progetti di solidariet\u00e0. Il repertorio del coro \u00e8 molto vario, brani di genere, lingua e<\/p>\n","protected":false},"author":4,"featured_media":11164,"comment_status":"closed","ping_status":"closed","sticky":false,"template":"","format":"standard","meta":{"footnotes":""},"categories":[1059,1074],"tags":[1994,1995],"class_list":["post-11218","post","type-post","status-publish","format-standard","has-post-thumbnail","hentry","category-servizio-caritas","category-notizie","tag-coro-insieme-cantando","tag-pomarolo"],"acf":{"seed-localization-paese-cod":"IT","seed-localization-address":"","seed-localization-citta":"Trento","seed-localization-regione-cod-istat":"04","seed-localization-citta-cod-istat":"022205","seed-localization-localita":"","seed-localization-cap":"","seed-localization-marker-visibility":false,"seed-localization-children-visibility":false,"seed-localization-kml":"","seed-localization-custom-marker":""},"yoast_head":"<!-- This site is optimized with the Yoast SEO Premium plugin v20.2.1 (Yoast SEO v22.2) - https:\/\/yoast.com\/wordpress\/plugins\/seo\/ -->\n<title>Coro &quot;Insieme Cantando&quot; di Pomarolo - Testimonianza e Impegno sociale<\/title>\n<meta name=\"robots\" content=\"index, follow, max-snippet:-1, max-image-preview:large, max-video-preview:-1\" \/>\n<link rel=\"canonical\" href=\"https:\/\/www.diocesitn.it\/area-testimonianza\/2022\/04\/12\/coro-insieme-cantando-di-pomarolo\/\" \/>\n<meta property=\"og:locale\" content=\"it_IT\" \/>\n<meta property=\"og:type\" content=\"article\" \/>\n<meta property=\"og:title\" content=\"Coro &quot;Insieme Cantando&quot; di Pomarolo\" \/>\n<meta property=\"og:description\" content=\"Il gruppo &#8220;Insieme Cantando&#8221; di Pomarolo \u00e8 nato nel 1982 e si dedica a concerti, recital e spettacoli per sostenere progetti di solidariet\u00e0. Il repertorio del coro \u00e8 molto vario, brani di genere, lingua e\" \/>\n<meta property=\"og:url\" content=\"https:\/\/www.diocesitn.it\/area-testimonianza\/2022\/04\/12\/coro-insieme-cantando-di-pomarolo\/\" \/>\n<meta property=\"og:site_name\" content=\"Testimonianza e Impegno sociale\" \/>\n<meta property=\"article:published_time\" content=\"2022-04-12T14:21:53+00:00\" \/>\n<meta property=\"article:modified_time\" content=\"2024-11-14T10:25:19+00:00\" \/>\n<meta property=\"og:image\" content=\"https:\/\/www.diocesitn.it\/area-testimonianza\/wp-content\/uploads\/sites\/37\/2022\/03\/Insieme-Cantando.jpeg\" \/>\n\t<meta property=\"og:image:width\" content=\"679\" \/>\n\t<meta property=\"og:image:height\" content=\"667\" \/>\n\t<meta property=\"og:image:type\" content=\"image\/jpeg\" \/>\n<meta name=\"author\" content=\"Claudia Dorigoni\" \/>\n<meta name=\"twitter:card\" content=\"summary_large_image\" \/>\n<meta name=\"twitter:label1\" content=\"Scritto da\" \/>\n\t<meta name=\"twitter:data1\" content=\"Claudia Dorigoni\" \/>\n\t<meta name=\"twitter:label2\" content=\"Tempo di lettura stimato\" \/>\n\t<meta name=\"twitter:data2\" content=\"1 minuto\" \/>\n<script type=\"application\/ld+json\" class=\"yoast-schema-graph\">{\"@context\":\"https:\/\/schema.org\",\"@graph\":[{\"@type\":\"Article\",\"@id\":\"https:\/\/www.diocesitn.it\/area-testimonianza\/2022\/04\/12\/coro-insieme-cantando-di-pomarolo\/#article\",\"isPartOf\":{\"@id\":\"https:\/\/www.diocesitn.it\/area-testimonianza\/2022\/04\/12\/coro-insieme-cantando-di-pomarolo\/\"},\"author\":{\"name\":\"Claudia Dorigoni\",\"@id\":\"https:\/\/www.diocesitn.it\/area-testimonianza\/#\/schema\/person\/5467191b81c25706baf09a59aab380a5\"},\"headline\":\"Coro &#8220;Insieme Cantando&#8221; di Pomarolo\",\"datePublished\":\"2022-04-12T14:21:53+00:00\",\"dateModified\":\"2024-11-14T10:25:19+00:00\",\"mainEntityOfPage\":{\"@id\":\"https:\/\/www.diocesitn.it\/area-testimonianza\/2022\/04\/12\/coro-insieme-cantando-di-pomarolo\/\"},\"wordCount\":109,\"publisher\":{\"@id\":\"https:\/\/www.diocesitn.it\/area-testimonianza\/#organization\"},\"image\":{\"@id\":\"https:\/\/www.diocesitn.it\/area-testimonianza\/2022\/04\/12\/coro-insieme-cantando-di-pomarolo\/#primaryimage\"},\"thumbnailUrl\":\"https:\/\/www.diocesitn.it\/area-testimonianza\/wp-content\/uploads\/sites\/37\/2022\/03\/Insieme-Cantando.jpeg\",\"keywords\":[\"Coro \\\"Insieme Cantando\\\"\",\"Pomarolo\"],\"articleSection\":[\"Caritas diocesana\",\"Notizie\"],\"inLanguage\":\"it-IT\",\"copyrightYear\":\"2022\",\"copyrightHolder\":{\"@id\":\"https:\/\/www.diocesitn.it\/#organization\"}},{\"@type\":\"WebPage\",\"@id\":\"https:\/\/www.diocesitn.it\/area-testimonianza\/2022\/04\/12\/coro-insieme-cantando-di-pomarolo\/\",\"url\":\"https:\/\/www.diocesitn.it\/area-testimonianza\/2022\/04\/12\/coro-insieme-cantando-di-pomarolo\/\",\"name\":\"Coro \\\"Insieme Cantando\\\" di Pomarolo - Testimonianza e Impegno sociale\",\"isPartOf\":{\"@id\":\"https:\/\/www.diocesitn.it\/area-testimonianza\/#website\"},\"primaryImageOfPage\":{\"@id\":\"https:\/\/www.diocesitn.it\/area-testimonianza\/2022\/04\/12\/coro-insieme-cantando-di-pomarolo\/#primaryimage\"},\"image\":{\"@id\":\"https:\/\/www.diocesitn.it\/area-testimonianza\/2022\/04\/12\/coro-insieme-cantando-di-pomarolo\/#primaryimage\"},\"thumbnailUrl\":\"https:\/\/www.diocesitn.it\/area-testimonianza\/wp-content\/uploads\/sites\/37\/2022\/03\/Insieme-Cantando.jpeg\",\"datePublished\":\"2022-04-12T14:21:53+00:00\",\"dateModified\":\"2024-11-14T10:25:19+00:00\",\"breadcrumb\":{\"@id\":\"https:\/\/www.diocesitn.it\/area-testimonianza\/2022\/04\/12\/coro-insieme-cantando-di-pomarolo\/#breadcrumb\"},\"inLanguage\":\"it-IT\",\"potentialAction\":[{\"@type\":\"ReadAction\",\"target\":[\"https:\/\/www.diocesitn.it\/area-testimonianza\/2022\/04\/12\/coro-insieme-cantando-di-pomarolo\/\"]}]},{\"@type\":\"ImageObject\",\"inLanguage\":\"it-IT\",\"@id\":\"https:\/\/www.diocesitn.it\/area-testimonianza\/2022\/04\/12\/coro-insieme-cantando-di-pomarolo\/#primaryimage\",\"url\":\"https:\/\/www.diocesitn.it\/area-testimonianza\/wp-content\/uploads\/sites\/37\/2022\/03\/Insieme-Cantando.jpeg\",\"contentUrl\":\"https:\/\/www.diocesitn.it\/area-testimonianza\/wp-content\/uploads\/sites\/37\/2022\/03\/Insieme-Cantando.jpeg\",\"width\":679,\"height\":667},{\"@type\":\"BreadcrumbList\",\"@id\":\"https:\/\/www.diocesitn.it\/area-testimonianza\/2022\/04\/12\/coro-insieme-cantando-di-pomarolo\/#breadcrumb\",\"itemListElement\":[{\"@type\":\"ListItem\",\"position\":1,\"name\":\"Home\",\"item\":\"https:\/\/www.diocesitn.it\/area-testimonianza\/\"},{\"@type\":\"ListItem\",\"position\":2,\"name\":\"Coro &#8220;Insieme Cantando&#8221; di Pomarolo\"}]},{\"@type\":\"WebSite\",\"@id\":\"https:\/\/www.diocesitn.it\/area-testimonianza\/#website\",\"url\":\"https:\/\/www.diocesitn.it\/area-testimonianza\/\",\"name\":\"Testimonianza e Impegno sociale\",\"description\":\"Chiesa di Trento\",\"publisher\":{\"@id\":\"https:\/\/www.diocesitn.it\/area-testimonianza\/#organization\"},\"potentialAction\":[{\"@type\":\"SearchAction\",\"target\":{\"@type\":\"EntryPoint\",\"urlTemplate\":\"https:\/\/www.diocesitn.it\/area-testimonianza\/?s={search_term_string}\"},\"query-input\":\"required name=search_term_string\"}],\"inLanguage\":\"it-IT\"},{\"@type\":[\"Organization\",\"Place\"],\"@id\":\"https:\/\/www.diocesitn.it\/area-testimonianza\/#organization\",\"name\":\"Area Testimonianza e Impegno Sociale - Chiesa di Trento\",\"url\":\"https:\/\/www.diocesitn.it\/area-testimonianza\/\",\"logo\":{\"@id\":\"https:\/\/www.diocesitn.it\/area-testimonianza\/2022\/04\/12\/coro-insieme-cantando-di-pomarolo\/#local-main-organization-logo\"},\"image\":{\"@id\":\"https:\/\/www.diocesitn.it\/area-testimonianza\/2022\/04\/12\/coro-insieme-cantando-di-pomarolo\/#local-main-organization-logo\"},\"openingHoursSpecification\":[{\"@type\":\"OpeningHoursSpecification\",\"dayOfWeek\":[\"Monday\",\"Tuesday\",\"Wednesday\",\"Thursday\",\"Friday\",\"Saturday\",\"Sunday\"],\"opens\":\"09:00\",\"closes\":\"17:00\"}]},{\"@type\":\"ImageObject\",\"inLanguage\":\"it-IT\",\"@id\":\"https:\/\/www.diocesitn.it\/area-testimonianza\/2022\/04\/12\/coro-insieme-cantando-di-pomarolo\/#local-main-organization-logo\",\"url\":\"https:\/\/www.diocesitn.it\/area-testimonianza\/wp-content\/uploads\/sites\/37\/2021\/09\/og-logo-testimonianza-e-impegno-sociale.jpg\",\"contentUrl\":\"https:\/\/www.diocesitn.it\/area-testimonianza\/wp-content\/uploads\/sites\/37\/2021\/09\/og-logo-testimonianza-e-impegno-sociale.jpg\",\"width\":1200,\"height\":630,\"caption\":\"Area Testimonianza e Impegno Sociale - Chiesa di Trento\"}]}<\/script>\n<!-- \/ Yoast SEO Premium plugin. -->","yoast_head_json":{"title":"Coro \"Insieme Cantando\" di Pomarolo - Testimonianza e Impegno sociale","robots":{"index":"index","follow":"follow","max-snippet":"max-snippet:-1","max-image-preview":"max-image-preview:large","max-video-preview":"max-video-preview:-1"},"canonical":"https:\/\/www.diocesitn.it\/area-testimonianza\/2022\/04\/12\/coro-insieme-cantando-di-pomarolo\/","og_locale":"it_IT","og_type":"article","og_title":"Coro \"Insieme Cantando\" di Pomarolo","og_description":"Il gruppo &#8220;Insieme Cantando&#8221; di Pomarolo \u00e8 nato nel 1982 e si dedica a concerti, recital e spettacoli per sostenere progetti di solidariet\u00e0. Il repertorio del coro \u00e8 molto vario, brani di genere, lingua e","og_url":"https:\/\/www.diocesitn.it\/area-testimonianza\/2022\/04\/12\/coro-insieme-cantando-di-pomarolo\/","og_site_name":"Testimonianza e Impegno sociale","article_published_time":"2022-04-12T14:21:53+00:00","article_modified_time":"2024-11-14T10:25:19+00:00","og_image":[{"width":679,"height":667,"url":"https:\/\/www.diocesitn.it\/area-testimonianza\/wp-content\/uploads\/sites\/37\/2022\/03\/Insieme-Cantando.jpeg","type":"image\/jpeg"}],"author":"Claudia Dorigoni","twitter_card":"summary_large_image","twitter_misc":{"Scritto da":"Claudia Dorigoni","Tempo di lettura stimato":"1 minuto"},"schema":{"@context":"https:\/\/schema.org","@graph":[{"@type":"Article","@id":"https:\/\/www.diocesitn.it\/area-testimonianza\/2022\/04\/12\/coro-insieme-cantando-di-pomarolo\/#article","isPartOf":{"@id":"https:\/\/www.diocesitn.it\/area-testimonianza\/2022\/04\/12\/coro-insieme-cantando-di-pomarolo\/"},"author":{"name":"Claudia Dorigoni","@id":"https:\/\/www.diocesitn.it\/area-testimonianza\/#\/schema\/person\/5467191b81c25706baf09a59aab380a5"},"headline":"Coro &#8220;Insieme Cantando&#8221; di Pomarolo","datePublished":"2022-04-12T14:21:53+00:00","dateModified":"2024-11-14T10:25:19+00:00","mainEntityOfPage":{"@id":"https:\/\/www.diocesitn.it\/area-testimonianza\/2022\/04\/12\/coro-insieme-cantando-di-pomarolo\/"},"wordCount":109,"publisher":{"@id":"https:\/\/www.diocesitn.it\/area-testimonianza\/#organization"},"image":{"@id":"https:\/\/www.diocesitn.it\/area-testimonianza\/2022\/04\/12\/coro-insieme-cantando-di-pomarolo\/#primaryimage"},"thumbnailUrl":"https:\/\/www.diocesitn.it\/area-testimonianza\/wp-content\/uploads\/sites\/37\/2022\/03\/Insieme-Cantando.jpeg","keywords":["Coro \"Insieme Cantando\"","Pomarolo"],"articleSection":["Caritas diocesana","Notizie"],"inLanguage":"it-IT","copyrightYear":"2022","copyrightHolder":{"@id":"https:\/\/www.diocesitn.it\/#organization"}},{"@type":"WebPage","@id":"https:\/\/www.diocesitn.it\/area-testimonianza\/2022\/04\/12\/coro-insieme-cantando-di-pomarolo\/","url":"https:\/\/www.diocesitn.it\/area-testimonianza\/2022\/04\/12\/coro-insieme-cantando-di-pomarolo\/","name":"Coro \"Insieme Cantando\" di Pomarolo - Testimonianza e Impegno sociale","isPartOf":{"@id":"https:\/\/www.diocesitn.it\/area-testimonianza\/#website"},"primaryImageOfPage":{"@id":"https:\/\/www.diocesitn.it\/area-testimonianza\/2022\/04\/12\/coro-insieme-cantando-di-pomarolo\/#primaryimage"},"image":{"@id":"https:\/\/www.diocesitn.it\/area-testimonianza\/2022\/04\/12\/coro-insieme-cantando-di-pomarolo\/#primaryimage"},"thumbnailUrl":"https:\/\/www.diocesitn.it\/area-testimonianza\/wp-content\/uploads\/sites\/37\/2022\/03\/Insieme-Cantando.jpeg","datePublished":"2022-04-12T14:21:53+00:00","dateModified":"2024-11-14T10:25:19+00:00","breadcrumb":{"@id":"https:\/\/www.diocesitn.it\/area-testimonianza\/2022\/04\/12\/coro-insieme-cantando-di-pomarolo\/#breadcrumb"},"inLanguage":"it-IT","potentialAction":[{"@type":"ReadAction","target":["https:\/\/www.diocesitn.it\/area-testimonianza\/2022\/04\/12\/coro-insieme-cantando-di-pomarolo\/"]}]},{"@type":"ImageObject","inLanguage":"it-IT","@id":"https:\/\/www.diocesitn.it\/area-testimonianza\/2022\/04\/12\/coro-insieme-cantando-di-pomarolo\/#primaryimage","url":"https:\/\/www.diocesitn.it\/area-testimonianza\/wp-content\/uploads\/sites\/37\/2022\/03\/Insieme-Cantando.jpeg","contentUrl":"https:\/\/www.diocesitn.it\/area-testimonianza\/wp-content\/uploads\/sites\/37\/2022\/03\/Insieme-Cantando.jpeg","width":679,"height":667},{"@type":"BreadcrumbList","@id":"https:\/\/www.diocesitn.it\/area-testimonianza\/2022\/04\/12\/coro-insieme-cantando-di-pomarolo\/#breadcrumb","itemListElement":[{"@type":"ListItem","position":1,"name":"Home","item":"https:\/\/www.diocesitn.it\/area-testimonianza\/"},{"@type":"ListItem","position":2,"name":"Coro &#8220;Insieme Cantando&#8221; di Pomarolo"}]},{"@type":"WebSite","@id":"https:\/\/www.diocesitn.it\/area-testimonianza\/#website","url":"https:\/\/www.diocesitn.it\/area-testimonianza\/","name":"Testimonianza e Impegno sociale","description":"Chiesa di Trento","publisher":{"@id":"https:\/\/www.diocesitn.it\/area-testimonianza\/#organization"},"potentialAction":[{"@type":"SearchAction","target":{"@type":"EntryPoint","urlTemplate":"https:\/\/www.diocesitn.it\/area-testimonianza\/?s={search_term_string}"},"query-input":"required name=search_term_string"}],"inLanguage":"it-IT"},{"@type":["Organization","Place"],"@id":"https:\/\/www.diocesitn.it\/area-testimonianza\/#organization","name":"Area Testimonianza e Impegno Sociale - Chiesa di Trento","url":"https:\/\/www.diocesitn.it\/area-testimonianza\/","logo":{"@id":"https:\/\/www.diocesitn.it\/area-testimonianza\/2022\/04\/12\/coro-insieme-cantando-di-pomarolo\/#local-main-organization-logo"},"image":{"@id":"https:\/\/www.diocesitn.it\/area-testimonianza\/2022\/04\/12\/coro-insieme-cantando-di-pomarolo\/#local-main-organization-logo"},"openingHoursSpecification":[{"@type":"OpeningHoursSpecification","dayOfWeek":["Monday","Tuesday","Wednesday","Thursday","Friday","Saturday","Sunday"],"opens":"09:00","closes":"17:00"}]},{"@type":"ImageObject","inLanguage":"it-IT","@id":"https:\/\/www.diocesitn.it\/area-testimonianza\/2022\/04\/12\/coro-insieme-cantando-di-pomarolo\/#local-main-organization-logo","url":"https:\/\/www.diocesitn.it\/area-testimonianza\/wp-content\/uploads\/sites\/37\/2021\/09\/og-logo-testimonianza-e-impegno-sociale.jpg","contentUrl":"https:\/\/www.diocesitn.it\/area-testimonianza\/wp-content\/uploads\/sites\/37\/2021\/09\/og-logo-testimonianza-e-impegno-sociale.jpg","width":1200,"height":630,"caption":"Area Testimonianza e Impegno Sociale - Chiesa di Trento"}]}},"_links":{"self":[{"href":"https:\/\/www.diocesitn.it\/area-testimonianza\/wp-json\/wp\/v2\/posts\/11218","targetHints":{"allow":["GET"]}}],"collection":[{"href":"https:\/\/www.diocesitn.it\/area-testimonianza\/wp-json\/wp\/v2\/posts"}],"about":[{"href":"https:\/\/www.diocesitn.it\/area-testimonianza\/wp-json\/wp\/v2\/types\/post"}],"author":[{"embeddable":true,"href":"https:\/\/www.diocesitn.it\/area-testimonianza\/wp-json\/wp\/v2\/users\/4"}],"replies":[{"embeddable":true,"href":"https:\/\/www.diocesitn.it\/area-testimonianza\/wp-json\/wp\/v2\/comments?post=11218"}],"version-history":[{"count":2,"href":"https:\/\/www.diocesitn.it\/area-testimonianza\/wp-json\/wp\/v2\/posts\/11218\/revisions"}],"predecessor-version":[{"id":11282,"href":"https:\/\/www.diocesitn.it\/area-testimonianza\/wp-json\/wp\/v2\/posts\/11218\/revisions\/11282"}],"wp:featuredmedia":[{"embeddable":true,"href":"https:\/\/www.diocesitn.it\/area-testimonianza\/wp-json\/wp\/v2\/media\/11164"}],"wp:attachment":[{"href":"https:\/\/www.diocesitn.it\/area-testimonianza\/wp-json\/wp\/v2\/media?parent=11218"}],"wp:term":[{"taxonomy":"category","embeddable":true,"href":"https:\/\/www.diocesitn.it\/area-testimonianza\/wp-json\/wp\/v2\/categories?post=11218"},{"taxonomy":"post_tag","embeddable":true,"href":"https:\/\/www.diocesitn.it\/area-testimonianza\/wp-json\/wp\/v2\/tags?post=11218"}],"curies":[{"name":"wp","href":"https:\/\/api.w.org\/{rel}","templated":true}]}}