{"id":11089,"date":"2022-03-30T10:03:07","date_gmt":"2022-03-30T08:03:07","guid":{"rendered":"https:\/\/www.diocesitn.it\/area-testimonianza\/2022\/03\/10\/incontro-tra-larcivescovo-lauro-e-le-categorie-degli-operatori-sanitari-ho-colto-preoccupazione-per-la-carenza-di-prospettive-timore-di-unaziendalizzazione-della-sanita-pu\/"},"modified":"2022-03-30T11:43:17","modified_gmt":"2022-03-30T09:43:17","slug":"incontro-tra-larcivescovo-lauro-e-le-categorie-degli-operatori-sanitari-ho-colto-preoccupazione-per-la-carenza-di-prospettive-timore-di-unaziendalizzazione-della-sanita-pu","status":"publish","type":"post","link":"https:\/\/www.diocesitn.it\/area-testimonianza\/2022\/03\/30\/incontro-tra-larcivescovo-lauro-e-le-categorie-degli-operatori-sanitari-ho-colto-preoccupazione-per-la-carenza-di-prospettive-timore-di-unaziendalizzazione-della-sanita-pu\/","title":{"rendered":"Incontro tra l\u2019arcivescovo Lauro e le categorie degli operatori sanitari. \u201cHo colto preoccupazione per la carenza di prospettive, timore di un\u2019aziendalizzazione della sanit\u00e0 pubblica, allarme per il forte aumento del disagio psichico\u201d"},"content":{"rendered":"<p>\u201cHo raccolto tra gli operatori del nostro sistema sanitario la <strong>preoccupazione per la carenza di prospettive sicure<\/strong>, il <strong>timore per il rischio di un\u2019aziendalizzazione della sanit\u00e0 pubblica<\/strong> e l\u2019<strong>allarme per il forte aumento di persone affette da varie forme di disagio psichico<\/strong> con l\u2019aumento del numero di <strong>suicidi<\/strong>: sono segnali troppo importanti che anche la nostra Chiesa non pu\u00f2 assolutamente trascurare e di cui vogliamo farci voce\u201d.\u00a0Cos\u00ec l\u2019<strong>arcivescovo di Trento Lauro Tisi<\/strong> commenta il suo recente incontro (online) con i <strong>rappresentanti delle categorie sanitarie trentine<\/strong>, promosso dall\u2019Area testimonianza della Diocesi a ridosso della Giornata mondiale del malato (11 febbraio).<\/p>\n<p>L\u2019incontro ha visto <strong>monsignor Tisi<\/strong> dialogare con <strong>Marco Ioppi<\/strong>, Presidente dell\u2019Ordine di medici e odontoiatri, <strong>Daniel Pedrotti<\/strong>, presidente dell\u2019Ordine delle professioni infermieristiche, <strong>Davide Cappelletti<\/strong>, vicepresidente dell\u2019Ordine dei farmacisti, <strong>Serena Migno<\/strong>, presidente dell\u2019Ordine delle ostetriche, <strong>Monica Fontanari<\/strong> presidente dell\u2019Ordine dei tecnici di radiologia medica e delle professioni sanitarie tecniche, <strong>Roberta Bommassar<\/strong>, presidente dell\u2019Ordine degli psicologi, <strong>Giuseppe Pallante<\/strong>, membro del \u00a0Consiglio direttivo dell\u2019Ordine dei medici veterinari e <strong>Angela Rosignoli<\/strong>, presidente dell\u2019Ordine regionale degli assistenti sociali.<\/p>\n<p>Ne \u00e8 emerso un <strong>confronto aperto e franco<\/strong> su quale sia lo <strong>stato della sanit\u00e0 da punti di osservazione privilegiati e complementari<\/strong>, per <strong>aiutare la Chiesa<\/strong> trentina a migliorare il proprio servizio su tre versanti: <strong>interloquire in modo proficuo con professionisti e operatori sanitari e sociali<\/strong>; offrire una <strong>testimonianza pi\u00f9 autentica di vicinanza a pazienti, familiari e ai sanitari stessi<\/strong>; consegnare elementi concreti di <strong>riflessione all\u2019intera comunit\u00e0<\/strong>.<\/p>\n<p>\u201cHo potuto incontrare \u2013 commenta ancora l\u2019Arcivescovo \u2013 un patrimonio enorme di umanit\u00e0: da chi \u00e8 in corsia a chi \u00e8 pi\u00f9 dietro le quinte della nostra sanit\u00e0 emergono passione e competenza, insieme alla consapevolezza che la professione \u00e8 una missione ma affiora \u2013 nota don Lauro \u2013 anche un grande carico psicologico che spesso diventa fatica, disagio e produce inevitabile scoraggiamento\u201d.<\/p>\n<p>A seguito dell\u2019incontro con monsignor Tisi, gli interlocutori del mondo della salute hanno consegnato all\u2019Arcivescovo una <strong>nota<\/strong>, qui riportata integralmente:<\/p>\n<p><em>\u201cInnanzitutto, si vuole evidenziare un enorme punto di forza dei professionisti ed operatori sanitari e sociali a tutti i livelli: soprattutto nel periodo pi\u00f9 duro del primo lockdown, nella primavera del 2020, molti medici, <strong>infermieri e altri professionisti sanitari hanno saputo accompagnare alla morte centinaia di pazienti<\/strong>, trasformando la loro professione in una missione umanitaria di altissimo livello. La convinzione \u00e8 che questa splendida testimonianza di umanit\u00e0 non sia stata ancora valorizzata e riconosciuta per quel che \u00e8 realmente e che andrebbe quindi ripresa e indicata all\u2019opinione pubblica come patrimonio di indiscutibile valore. Lo stesso dicasi per il supporto materiale e soprattutto psicologico, morale fornito da tutti i professionisti sanitari, sul territorio, tanto negli ambulatori quanto nelle farmacie, che hanno continuato ad operare sul campo, mettendo a rischio la loro stessa salute, senza lasciare sola la popolazione, specialmente quella pi\u00f9 fragile ed indifesa.<\/em><\/p>\n<p><em>Inoltre, si rileva e si rilancia con forza la <strong>grave preoccupazione dovuta alla constatazione di un livello motivazionale molto basso tra medici, infermieri e gli altri professionisti sanitari e sociali in genere<\/strong>: la grande fatica a cui queste donne e questi uomini sono sottoposti da lungo tempo, a scapito della loro vita privata e familiare, e la scarsissima attenzione con cui le loro istanze vengono prese in considerazione inducono troppi di loro anche a cambiare professione. Il risultato di questa perdita di entusiasmo rischia di ripercuotersi sulla vita di tutti i cittadini, dal momento che, se non si interverr\u00e0 con determinazione e con chiare scelte di sostegno, di riconoscimento e di promozione, a farne le spese sar\u00e0 la salute pubblica: semplicemente perch\u00e9 non sar\u00e0 pi\u00f9 possibile seguire adeguatamente tutti i pazienti, n\u00e9 nelle strutture, n\u00e9 nelle abitazioni private. Anche le RSA, che hanno pagato un prezzo altissimo in termini di vite umane, vanno urgentemente ripensate, affinch\u00e9 possano ritrovare quella dimensione umana e familiare che rischiano di aver perso, soprattutto l\u00ec dove queste strutture sono decisamente troppo grandi.<\/em><\/p>\n<p><em>\u00c8 <strong>altamente preoccupante la crescita esponenziale di persone che manifestano disturbi anche forti di natura psichica<\/strong>, riscontrata a tutti i livelli della nostra societ\u00e0; la frequenza con cui ricorre l\u2019esperienza della solitudine e della paura ad essa legata \u00e8 allarmante, e una delle conseguenze pi\u00f9 tragiche \u00e8 il <strong>drammatico aumento del numero di suicidi o di tentativi di suicidio<\/strong>. Occorre che la popolazione sia al corrente di ci\u00f2 che succede realmente nelle corsie degli ospedali, negli ambulatori, nelle strutture cliniche, nelle residenze per anziani e sul territorio. Occorre diffondere ancor di pi\u00f9 la conoscenza delle realt\u00e0 quali le associazioni, i punti di ascolto a disposizione di coloro che sono in difficolt\u00e0. Occorre fare rete tra i professionisti sanitari e sociali per intercettare rapidamente ed efficacemente le situazioni a \u201crischio\u201d. Occorre ripensare l\u2019apporto del volontariato, insostituibile ma non pi\u00f9 replicabile nelle modalit\u00e0 antecedenti la pandemia. Un patto tra i cittadini, le istituzioni, i professionisti sanitari e sociali, la Chiesa, il mondo della scuola, le amministrazioni locali, affinch\u00e9 sia garantito il diritto alla salute, fisica e psicologica che, come danno da pensare molti segnali, \u00e8 oggi pericolosamente messo in crisi. Una crisi che nasce da lontano, ma che necessita di una risposta attiva che faccia da collante e che svolga un ruolo propulsivo. Un impegno quanto pi\u00f9 aperto e condiviso, fuori da schemi precostituiti, in grado di coinvolgere quanti pi\u00f9 categorie e soggetti nell\u2019affrontare le nuove sfide della societ\u00e0 contemporanea\u201d.\u00a0\u00a0 <\/em><\/p>\n<p>La nota \u00e8 sottoscritta da:<\/p>\n<p>Ordine delle Professioni Infermieristiche della Provincia di Trento &#8211; Presidente Dott. Daniel Pedrotti<\/p>\n<p>Ordine dei Medici Chirurghi e degli Odontoiatri della Provincia di Trento &#8211; Presidente Dott. Marco Ioppi<\/p>\n<p>Ordine dei Farmacisti della Provincia di Trento &#8211; Presidente Dott.ssa Tiziana Dal Lago<\/p>\n<p>Ordine della Professione di Ostetrica della Provincia di Trento &#8211; Presidente Ost. Serena Migno<\/p>\n<p>Ordine dei Tecnici Sanitari di Radiologia Medica e delle Professioni Sanitarie Tecniche, della Riabilitazione e della Prevenzione della Provincia di Trento &#8211; Presidente Dott.ssa Monica Fontanari<\/p>\n<p>Ordine degli Psicologi della Provincia della Provincia di Trento &#8211; Presidente Dott.ssa Roberta Bommassar<\/p>\n<p>Ordine dei Medici veterinari della Provincia di Trento &#8211; Presidente Dott. Marco Ghedina<\/p>\n<p>Ordine degli Assistenti Sociali della Regione Trentino-Alto Adige &#8211; Presidente dott.ssa Angela Rosignoli<\/p>\n","protected":false},"excerpt":{"rendered":"<p>\u201cHo raccolto tra gli operatori del nostro sistema sanitario la preoccupazione per la carenza di prospettive sicure, il timore per il rischio di un\u2019aziendalizzazione della sanit\u00e0 pubblica e l\u2019allarme per il forte aumento di persone<\/p>\n","protected":false},"author":4,"featured_media":11090,"comment_status":"closed","ping_status":"closed","sticky":false,"template":"","format":"standard","meta":{"footnotes":""},"categories":[1074,1102],"tags":[1975,1976],"class_list":["post-11089","post","type-post","status-publish","format-standard","has-post-thumbnail","hentry","category-notizie","category-servizio-salute-pellegrinaggi-anziani","tag-operatori-sanitari","tag-sanita"],"acf":{"seed-localization-paese-cod":"IT","seed-localization-address":"","seed-localization-citta":"Trento","seed-localization-regione-cod-istat":"04","seed-localization-citta-cod-istat":"022205","seed-localization-localita":"","seed-localization-cap":"","seed-localization-marker-visibility":false,"seed-localization-children-visibility":false,"seed-localization-kml":"","seed-localization-custom-marker":""},"yoast_head":"<!-- This site is optimized with the Yoast SEO Premium plugin v20.2.1 (Yoast SEO v22.2) - https:\/\/yoast.com\/wordpress\/plugins\/seo\/ -->\n<title>Incontro tra l\u2019arcivescovo Lauro e le categorie degli operatori sanitari. \u201cHo colto preoccupazione per la carenza di prospettive, timore di un\u2019aziendalizzazione della sanit\u00e0 pubblica, allarme per il forte aumento del disagio psichico\u201d - Testimonianza e Impegno sociale<\/title>\n<meta name=\"robots\" content=\"index, follow, max-snippet:-1, max-image-preview:large, max-video-preview:-1\" \/>\n<link rel=\"canonical\" href=\"https:\/\/www.diocesitn.it\/area-testimonianza\/2022\/03\/30\/incontro-tra-larcivescovo-lauro-e-le-categorie-degli-operatori-sanitari-ho-colto-preoccupazione-per-la-carenza-di-prospettive-timore-di-unaziendalizzazione-della-sanita-pu\/\" \/>\n<meta property=\"og:locale\" content=\"it_IT\" \/>\n<meta property=\"og:type\" content=\"article\" \/>\n<meta property=\"og:title\" content=\"Incontro tra l\u2019arcivescovo Lauro e le categorie degli operatori sanitari. \u201cHo colto preoccupazione per la carenza di prospettive, timore di un\u2019aziendalizzazione della sanit\u00e0 pubblica, allarme per il forte aumento del disagio psichico\u201d\" \/>\n<meta property=\"og:description\" content=\"\u201cHo raccolto tra gli operatori del nostro sistema sanitario la preoccupazione per la carenza di prospettive sicure, il timore per il rischio di un\u2019aziendalizzazione della sanit\u00e0 pubblica e l\u2019allarme per il forte aumento di persone\" \/>\n<meta property=\"og:url\" content=\"https:\/\/www.diocesitn.it\/area-testimonianza\/2022\/03\/30\/incontro-tra-larcivescovo-lauro-e-le-categorie-degli-operatori-sanitari-ho-colto-preoccupazione-per-la-carenza-di-prospettive-timore-di-unaziendalizzazione-della-sanita-pu\/\" \/>\n<meta property=\"og:site_name\" content=\"Testimonianza e Impegno sociale\" \/>\n<meta property=\"article:published_time\" content=\"2022-03-30T08:03:07+00:00\" \/>\n<meta property=\"article:modified_time\" content=\"2022-03-30T09:43:17+00:00\" \/>\n<meta property=\"og:image\" content=\"https:\/\/www.diocesitn.it\/area-testimonianza\/wp-content\/uploads\/sites\/37\/2022\/03\/tisi_sanita.jpg\" \/>\n\t<meta property=\"og:image:width\" content=\"1108\" \/>\n\t<meta property=\"og:image:height\" content=\"753\" \/>\n\t<meta property=\"og:image:type\" content=\"image\/jpeg\" \/>\n<meta name=\"author\" content=\"Claudia Dorigoni\" \/>\n<meta name=\"twitter:card\" content=\"summary_large_image\" \/>\n<meta name=\"twitter:label1\" content=\"Scritto da\" \/>\n\t<meta name=\"twitter:data1\" content=\"Claudia Dorigoni\" \/>\n\t<meta name=\"twitter:label2\" content=\"Tempo di lettura stimato\" \/>\n\t<meta name=\"twitter:data2\" content=\"5 minuti\" \/>\n<script type=\"application\/ld+json\" class=\"yoast-schema-graph\">{\"@context\":\"https:\/\/schema.org\",\"@graph\":[{\"@type\":\"Article\",\"@id\":\"https:\/\/www.diocesitn.it\/area-testimonianza\/2022\/03\/30\/incontro-tra-larcivescovo-lauro-e-le-categorie-degli-operatori-sanitari-ho-colto-preoccupazione-per-la-carenza-di-prospettive-timore-di-unaziendalizzazione-della-sanita-pu\/#article\",\"isPartOf\":{\"@id\":\"https:\/\/www.diocesitn.it\/area-testimonianza\/2022\/03\/30\/incontro-tra-larcivescovo-lauro-e-le-categorie-degli-operatori-sanitari-ho-colto-preoccupazione-per-la-carenza-di-prospettive-timore-di-unaziendalizzazione-della-sanita-pu\/\"},\"author\":{\"name\":\"Claudia Dorigoni\",\"@id\":\"https:\/\/www.diocesitn.it\/area-testimonianza\/#\/schema\/person\/5467191b81c25706baf09a59aab380a5\"},\"headline\":\"Incontro tra l\u2019arcivescovo Lauro e le categorie degli operatori sanitari. \u201cHo colto preoccupazione per la carenza di prospettive, timore di un\u2019aziendalizzazione della sanit\u00e0 pubblica, allarme per il forte aumento del disagio psichico\u201d\",\"datePublished\":\"2022-03-30T08:03:07+00:00\",\"dateModified\":\"2022-03-30T09:43:17+00:00\",\"mainEntityOfPage\":{\"@id\":\"https:\/\/www.diocesitn.it\/area-testimonianza\/2022\/03\/30\/incontro-tra-larcivescovo-lauro-e-le-categorie-degli-operatori-sanitari-ho-colto-preoccupazione-per-la-carenza-di-prospettive-timore-di-unaziendalizzazione-della-sanita-pu\/\"},\"wordCount\":1050,\"publisher\":{\"@id\":\"https:\/\/www.diocesitn.it\/area-testimonianza\/#organization\"},\"image\":{\"@id\":\"https:\/\/www.diocesitn.it\/area-testimonianza\/2022\/03\/30\/incontro-tra-larcivescovo-lauro-e-le-categorie-degli-operatori-sanitari-ho-colto-preoccupazione-per-la-carenza-di-prospettive-timore-di-unaziendalizzazione-della-sanita-pu\/#primaryimage\"},\"thumbnailUrl\":\"https:\/\/www.diocesitn.it\/area-testimonianza\/wp-content\/uploads\/sites\/37\/2022\/03\/tisi_sanita.jpg\",\"keywords\":[\"operatori sanitari\",\"sanit\u00e0\"],\"articleSection\":[\"Notizie\",\"Salute Pellegrinaggi Anziani\"],\"inLanguage\":\"it-IT\",\"copyrightYear\":\"2022\",\"copyrightHolder\":{\"@id\":\"https:\/\/www.diocesitn.it\/#organization\"}},{\"@type\":\"WebPage\",\"@id\":\"https:\/\/www.diocesitn.it\/area-testimonianza\/2022\/03\/30\/incontro-tra-larcivescovo-lauro-e-le-categorie-degli-operatori-sanitari-ho-colto-preoccupazione-per-la-carenza-di-prospettive-timore-di-unaziendalizzazione-della-sanita-pu\/\",\"url\":\"https:\/\/www.diocesitn.it\/area-testimonianza\/2022\/03\/30\/incontro-tra-larcivescovo-lauro-e-le-categorie-degli-operatori-sanitari-ho-colto-preoccupazione-per-la-carenza-di-prospettive-timore-di-unaziendalizzazione-della-sanita-pu\/\",\"name\":\"Incontro tra l\u2019arcivescovo Lauro e le categorie degli operatori sanitari. \u201cHo colto preoccupazione per la carenza di prospettive, timore di un\u2019aziendalizzazione della sanit\u00e0 pubblica, allarme per il forte aumento del disagio psichico\u201d - Testimonianza e Impegno sociale\",\"isPartOf\":{\"@id\":\"https:\/\/www.diocesitn.it\/area-testimonianza\/#website\"},\"primaryImageOfPage\":{\"@id\":\"https:\/\/www.diocesitn.it\/area-testimonianza\/2022\/03\/30\/incontro-tra-larcivescovo-lauro-e-le-categorie-degli-operatori-sanitari-ho-colto-preoccupazione-per-la-carenza-di-prospettive-timore-di-unaziendalizzazione-della-sanita-pu\/#primaryimage\"},\"image\":{\"@id\":\"https:\/\/www.diocesitn.it\/area-testimonianza\/2022\/03\/30\/incontro-tra-larcivescovo-lauro-e-le-categorie-degli-operatori-sanitari-ho-colto-preoccupazione-per-la-carenza-di-prospettive-timore-di-unaziendalizzazione-della-sanita-pu\/#primaryimage\"},\"thumbnailUrl\":\"https:\/\/www.diocesitn.it\/area-testimonianza\/wp-content\/uploads\/sites\/37\/2022\/03\/tisi_sanita.jpg\",\"datePublished\":\"2022-03-30T08:03:07+00:00\",\"dateModified\":\"2022-03-30T09:43:17+00:00\",\"breadcrumb\":{\"@id\":\"https:\/\/www.diocesitn.it\/area-testimonianza\/2022\/03\/30\/incontro-tra-larcivescovo-lauro-e-le-categorie-degli-operatori-sanitari-ho-colto-preoccupazione-per-la-carenza-di-prospettive-timore-di-unaziendalizzazione-della-sanita-pu\/#breadcrumb\"},\"inLanguage\":\"it-IT\",\"potentialAction\":[{\"@type\":\"ReadAction\",\"target\":[\"https:\/\/www.diocesitn.it\/area-testimonianza\/2022\/03\/30\/incontro-tra-larcivescovo-lauro-e-le-categorie-degli-operatori-sanitari-ho-colto-preoccupazione-per-la-carenza-di-prospettive-timore-di-unaziendalizzazione-della-sanita-pu\/\"]}]},{\"@type\":\"ImageObject\",\"inLanguage\":\"it-IT\",\"@id\":\"https:\/\/www.diocesitn.it\/area-testimonianza\/2022\/03\/30\/incontro-tra-larcivescovo-lauro-e-le-categorie-degli-operatori-sanitari-ho-colto-preoccupazione-per-la-carenza-di-prospettive-timore-di-unaziendalizzazione-della-sanita-pu\/#primaryimage\",\"url\":\"https:\/\/www.diocesitn.it\/area-testimonianza\/wp-content\/uploads\/sites\/37\/2022\/03\/tisi_sanita.jpg\",\"contentUrl\":\"https:\/\/www.diocesitn.it\/area-testimonianza\/wp-content\/uploads\/sites\/37\/2022\/03\/tisi_sanita.jpg\",\"width\":1108,\"height\":753},{\"@type\":\"BreadcrumbList\",\"@id\":\"https:\/\/www.diocesitn.it\/area-testimonianza\/2022\/03\/30\/incontro-tra-larcivescovo-lauro-e-le-categorie-degli-operatori-sanitari-ho-colto-preoccupazione-per-la-carenza-di-prospettive-timore-di-unaziendalizzazione-della-sanita-pu\/#breadcrumb\",\"itemListElement\":[{\"@type\":\"ListItem\",\"position\":1,\"name\":\"Home\",\"item\":\"https:\/\/www.diocesitn.it\/area-testimonianza\/\"},{\"@type\":\"ListItem\",\"position\":2,\"name\":\"Incontro tra l\u2019arcivescovo Lauro e le categorie degli operatori sanitari. \u201cHo colto preoccupazione per la carenza di prospettive, timore di un\u2019aziendalizzazione della sanit\u00e0 pubblica, allarme per il forte aumento del disagio psichico\u201d\"}]},{\"@type\":\"WebSite\",\"@id\":\"https:\/\/www.diocesitn.it\/area-testimonianza\/#website\",\"url\":\"https:\/\/www.diocesitn.it\/area-testimonianza\/\",\"name\":\"Testimonianza e Impegno sociale\",\"description\":\"Chiesa di Trento\",\"publisher\":{\"@id\":\"https:\/\/www.diocesitn.it\/area-testimonianza\/#organization\"},\"potentialAction\":[{\"@type\":\"SearchAction\",\"target\":{\"@type\":\"EntryPoint\",\"urlTemplate\":\"https:\/\/www.diocesitn.it\/area-testimonianza\/?s={search_term_string}\"},\"query-input\":\"required name=search_term_string\"}],\"inLanguage\":\"it-IT\"},{\"@type\":[\"Organization\",\"Place\"],\"@id\":\"https:\/\/www.diocesitn.it\/area-testimonianza\/#organization\",\"name\":\"Area Testimonianza e Impegno Sociale - Chiesa di Trento\",\"url\":\"https:\/\/www.diocesitn.it\/area-testimonianza\/\",\"logo\":{\"@id\":\"https:\/\/www.diocesitn.it\/area-testimonianza\/2022\/03\/30\/incontro-tra-larcivescovo-lauro-e-le-categorie-degli-operatori-sanitari-ho-colto-preoccupazione-per-la-carenza-di-prospettive-timore-di-unaziendalizzazione-della-sanita-pu\/#local-main-organization-logo\"},\"image\":{\"@id\":\"https:\/\/www.diocesitn.it\/area-testimonianza\/2022\/03\/30\/incontro-tra-larcivescovo-lauro-e-le-categorie-degli-operatori-sanitari-ho-colto-preoccupazione-per-la-carenza-di-prospettive-timore-di-unaziendalizzazione-della-sanita-pu\/#local-main-organization-logo\"},\"openingHoursSpecification\":[{\"@type\":\"OpeningHoursSpecification\",\"dayOfWeek\":[\"Monday\",\"Tuesday\",\"Wednesday\",\"Thursday\",\"Friday\",\"Saturday\",\"Sunday\"],\"opens\":\"09:00\",\"closes\":\"17:00\"}]},{\"@type\":\"ImageObject\",\"inLanguage\":\"it-IT\",\"@id\":\"https:\/\/www.diocesitn.it\/area-testimonianza\/2022\/03\/30\/incontro-tra-larcivescovo-lauro-e-le-categorie-degli-operatori-sanitari-ho-colto-preoccupazione-per-la-carenza-di-prospettive-timore-di-unaziendalizzazione-della-sanita-pu\/#local-main-organization-logo\",\"url\":\"https:\/\/www.diocesitn.it\/area-testimonianza\/wp-content\/uploads\/sites\/37\/2021\/09\/og-logo-testimonianza-e-impegno-sociale.jpg\",\"contentUrl\":\"https:\/\/www.diocesitn.it\/area-testimonianza\/wp-content\/uploads\/sites\/37\/2021\/09\/og-logo-testimonianza-e-impegno-sociale.jpg\",\"width\":1200,\"height\":630,\"caption\":\"Area Testimonianza e Impegno Sociale - Chiesa di Trento\"}]}<\/script>\n<!-- \/ Yoast SEO Premium plugin. -->","yoast_head_json":{"title":"Incontro tra l\u2019arcivescovo Lauro e le categorie degli operatori sanitari. \u201cHo colto preoccupazione per la carenza di prospettive, timore di un\u2019aziendalizzazione della sanit\u00e0 pubblica, allarme per il forte aumento del disagio psichico\u201d - Testimonianza e Impegno sociale","robots":{"index":"index","follow":"follow","max-snippet":"max-snippet:-1","max-image-preview":"max-image-preview:large","max-video-preview":"max-video-preview:-1"},"canonical":"https:\/\/www.diocesitn.it\/area-testimonianza\/2022\/03\/30\/incontro-tra-larcivescovo-lauro-e-le-categorie-degli-operatori-sanitari-ho-colto-preoccupazione-per-la-carenza-di-prospettive-timore-di-unaziendalizzazione-della-sanita-pu\/","og_locale":"it_IT","og_type":"article","og_title":"Incontro tra l\u2019arcivescovo Lauro e le categorie degli operatori sanitari. \u201cHo colto preoccupazione per la carenza di prospettive, timore di un\u2019aziendalizzazione della sanit\u00e0 pubblica, allarme per il forte aumento del disagio psichico\u201d","og_description":"\u201cHo raccolto tra gli operatori del nostro sistema sanitario la preoccupazione per la carenza di prospettive sicure, il timore per il rischio di un\u2019aziendalizzazione della sanit\u00e0 pubblica e l\u2019allarme per il forte aumento di persone","og_url":"https:\/\/www.diocesitn.it\/area-testimonianza\/2022\/03\/30\/incontro-tra-larcivescovo-lauro-e-le-categorie-degli-operatori-sanitari-ho-colto-preoccupazione-per-la-carenza-di-prospettive-timore-di-unaziendalizzazione-della-sanita-pu\/","og_site_name":"Testimonianza e Impegno sociale","article_published_time":"2022-03-30T08:03:07+00:00","article_modified_time":"2022-03-30T09:43:17+00:00","og_image":[{"width":1108,"height":753,"url":"https:\/\/www.diocesitn.it\/area-testimonianza\/wp-content\/uploads\/sites\/37\/2022\/03\/tisi_sanita.jpg","type":"image\/jpeg"}],"author":"Claudia Dorigoni","twitter_card":"summary_large_image","twitter_misc":{"Scritto da":"Claudia Dorigoni","Tempo di lettura stimato":"5 minuti"},"schema":{"@context":"https:\/\/schema.org","@graph":[{"@type":"Article","@id":"https:\/\/www.diocesitn.it\/area-testimonianza\/2022\/03\/30\/incontro-tra-larcivescovo-lauro-e-le-categorie-degli-operatori-sanitari-ho-colto-preoccupazione-per-la-carenza-di-prospettive-timore-di-unaziendalizzazione-della-sanita-pu\/#article","isPartOf":{"@id":"https:\/\/www.diocesitn.it\/area-testimonianza\/2022\/03\/30\/incontro-tra-larcivescovo-lauro-e-le-categorie-degli-operatori-sanitari-ho-colto-preoccupazione-per-la-carenza-di-prospettive-timore-di-unaziendalizzazione-della-sanita-pu\/"},"author":{"name":"Claudia Dorigoni","@id":"https:\/\/www.diocesitn.it\/area-testimonianza\/#\/schema\/person\/5467191b81c25706baf09a59aab380a5"},"headline":"Incontro tra l\u2019arcivescovo Lauro e le categorie degli operatori sanitari. \u201cHo colto preoccupazione per la carenza di prospettive, timore di un\u2019aziendalizzazione della sanit\u00e0 pubblica, allarme per il forte aumento del disagio psichico\u201d","datePublished":"2022-03-30T08:03:07+00:00","dateModified":"2022-03-30T09:43:17+00:00","mainEntityOfPage":{"@id":"https:\/\/www.diocesitn.it\/area-testimonianza\/2022\/03\/30\/incontro-tra-larcivescovo-lauro-e-le-categorie-degli-operatori-sanitari-ho-colto-preoccupazione-per-la-carenza-di-prospettive-timore-di-unaziendalizzazione-della-sanita-pu\/"},"wordCount":1050,"publisher":{"@id":"https:\/\/www.diocesitn.it\/area-testimonianza\/#organization"},"image":{"@id":"https:\/\/www.diocesitn.it\/area-testimonianza\/2022\/03\/30\/incontro-tra-larcivescovo-lauro-e-le-categorie-degli-operatori-sanitari-ho-colto-preoccupazione-per-la-carenza-di-prospettive-timore-di-unaziendalizzazione-della-sanita-pu\/#primaryimage"},"thumbnailUrl":"https:\/\/www.diocesitn.it\/area-testimonianza\/wp-content\/uploads\/sites\/37\/2022\/03\/tisi_sanita.jpg","keywords":["operatori sanitari","sanit\u00e0"],"articleSection":["Notizie","Salute Pellegrinaggi Anziani"],"inLanguage":"it-IT","copyrightYear":"2022","copyrightHolder":{"@id":"https:\/\/www.diocesitn.it\/#organization"}},{"@type":"WebPage","@id":"https:\/\/www.diocesitn.it\/area-testimonianza\/2022\/03\/30\/incontro-tra-larcivescovo-lauro-e-le-categorie-degli-operatori-sanitari-ho-colto-preoccupazione-per-la-carenza-di-prospettive-timore-di-unaziendalizzazione-della-sanita-pu\/","url":"https:\/\/www.diocesitn.it\/area-testimonianza\/2022\/03\/30\/incontro-tra-larcivescovo-lauro-e-le-categorie-degli-operatori-sanitari-ho-colto-preoccupazione-per-la-carenza-di-prospettive-timore-di-unaziendalizzazione-della-sanita-pu\/","name":"Incontro tra l\u2019arcivescovo Lauro e le categorie degli operatori sanitari. \u201cHo colto preoccupazione per la carenza di prospettive, timore di un\u2019aziendalizzazione della sanit\u00e0 pubblica, allarme per il forte aumento del disagio psichico\u201d - Testimonianza e Impegno sociale","isPartOf":{"@id":"https:\/\/www.diocesitn.it\/area-testimonianza\/#website"},"primaryImageOfPage":{"@id":"https:\/\/www.diocesitn.it\/area-testimonianza\/2022\/03\/30\/incontro-tra-larcivescovo-lauro-e-le-categorie-degli-operatori-sanitari-ho-colto-preoccupazione-per-la-carenza-di-prospettive-timore-di-unaziendalizzazione-della-sanita-pu\/#primaryimage"},"image":{"@id":"https:\/\/www.diocesitn.it\/area-testimonianza\/2022\/03\/30\/incontro-tra-larcivescovo-lauro-e-le-categorie-degli-operatori-sanitari-ho-colto-preoccupazione-per-la-carenza-di-prospettive-timore-di-unaziendalizzazione-della-sanita-pu\/#primaryimage"},"thumbnailUrl":"https:\/\/www.diocesitn.it\/area-testimonianza\/wp-content\/uploads\/sites\/37\/2022\/03\/tisi_sanita.jpg","datePublished":"2022-03-30T08:03:07+00:00","dateModified":"2022-03-30T09:43:17+00:00","breadcrumb":{"@id":"https:\/\/www.diocesitn.it\/area-testimonianza\/2022\/03\/30\/incontro-tra-larcivescovo-lauro-e-le-categorie-degli-operatori-sanitari-ho-colto-preoccupazione-per-la-carenza-di-prospettive-timore-di-unaziendalizzazione-della-sanita-pu\/#breadcrumb"},"inLanguage":"it-IT","potentialAction":[{"@type":"ReadAction","target":["https:\/\/www.diocesitn.it\/area-testimonianza\/2022\/03\/30\/incontro-tra-larcivescovo-lauro-e-le-categorie-degli-operatori-sanitari-ho-colto-preoccupazione-per-la-carenza-di-prospettive-timore-di-unaziendalizzazione-della-sanita-pu\/"]}]},{"@type":"ImageObject","inLanguage":"it-IT","@id":"https:\/\/www.diocesitn.it\/area-testimonianza\/2022\/03\/30\/incontro-tra-larcivescovo-lauro-e-le-categorie-degli-operatori-sanitari-ho-colto-preoccupazione-per-la-carenza-di-prospettive-timore-di-unaziendalizzazione-della-sanita-pu\/#primaryimage","url":"https:\/\/www.diocesitn.it\/area-testimonianza\/wp-content\/uploads\/sites\/37\/2022\/03\/tisi_sanita.jpg","contentUrl":"https:\/\/www.diocesitn.it\/area-testimonianza\/wp-content\/uploads\/sites\/37\/2022\/03\/tisi_sanita.jpg","width":1108,"height":753},{"@type":"BreadcrumbList","@id":"https:\/\/www.diocesitn.it\/area-testimonianza\/2022\/03\/30\/incontro-tra-larcivescovo-lauro-e-le-categorie-degli-operatori-sanitari-ho-colto-preoccupazione-per-la-carenza-di-prospettive-timore-di-unaziendalizzazione-della-sanita-pu\/#breadcrumb","itemListElement":[{"@type":"ListItem","position":1,"name":"Home","item":"https:\/\/www.diocesitn.it\/area-testimonianza\/"},{"@type":"ListItem","position":2,"name":"Incontro tra l\u2019arcivescovo Lauro e le categorie degli operatori sanitari. \u201cHo colto preoccupazione per la carenza di prospettive, timore di un\u2019aziendalizzazione della sanit\u00e0 pubblica, allarme per il forte aumento del disagio psichico\u201d"}]},{"@type":"WebSite","@id":"https:\/\/www.diocesitn.it\/area-testimonianza\/#website","url":"https:\/\/www.diocesitn.it\/area-testimonianza\/","name":"Testimonianza e Impegno sociale","description":"Chiesa di Trento","publisher":{"@id":"https:\/\/www.diocesitn.it\/area-testimonianza\/#organization"},"potentialAction":[{"@type":"SearchAction","target":{"@type":"EntryPoint","urlTemplate":"https:\/\/www.diocesitn.it\/area-testimonianza\/?s={search_term_string}"},"query-input":"required name=search_term_string"}],"inLanguage":"it-IT"},{"@type":["Organization","Place"],"@id":"https:\/\/www.diocesitn.it\/area-testimonianza\/#organization","name":"Area Testimonianza e Impegno Sociale - Chiesa di Trento","url":"https:\/\/www.diocesitn.it\/area-testimonianza\/","logo":{"@id":"https:\/\/www.diocesitn.it\/area-testimonianza\/2022\/03\/30\/incontro-tra-larcivescovo-lauro-e-le-categorie-degli-operatori-sanitari-ho-colto-preoccupazione-per-la-carenza-di-prospettive-timore-di-unaziendalizzazione-della-sanita-pu\/#local-main-organization-logo"},"image":{"@id":"https:\/\/www.diocesitn.it\/area-testimonianza\/2022\/03\/30\/incontro-tra-larcivescovo-lauro-e-le-categorie-degli-operatori-sanitari-ho-colto-preoccupazione-per-la-carenza-di-prospettive-timore-di-unaziendalizzazione-della-sanita-pu\/#local-main-organization-logo"},"openingHoursSpecification":[{"@type":"OpeningHoursSpecification","dayOfWeek":["Monday","Tuesday","Wednesday","Thursday","Friday","Saturday","Sunday"],"opens":"09:00","closes":"17:00"}]},{"@type":"ImageObject","inLanguage":"it-IT","@id":"https:\/\/www.diocesitn.it\/area-testimonianza\/2022\/03\/30\/incontro-tra-larcivescovo-lauro-e-le-categorie-degli-operatori-sanitari-ho-colto-preoccupazione-per-la-carenza-di-prospettive-timore-di-unaziendalizzazione-della-sanita-pu\/#local-main-organization-logo","url":"https:\/\/www.diocesitn.it\/area-testimonianza\/wp-content\/uploads\/sites\/37\/2021\/09\/og-logo-testimonianza-e-impegno-sociale.jpg","contentUrl":"https:\/\/www.diocesitn.it\/area-testimonianza\/wp-content\/uploads\/sites\/37\/2021\/09\/og-logo-testimonianza-e-impegno-sociale.jpg","width":1200,"height":630,"caption":"Area Testimonianza e Impegno Sociale - Chiesa di Trento"}]}},"_links":{"self":[{"href":"https:\/\/www.diocesitn.it\/area-testimonianza\/wp-json\/wp\/v2\/posts\/11089","targetHints":{"allow":["GET"]}}],"collection":[{"href":"https:\/\/www.diocesitn.it\/area-testimonianza\/wp-json\/wp\/v2\/posts"}],"about":[{"href":"https:\/\/www.diocesitn.it\/area-testimonianza\/wp-json\/wp\/v2\/types\/post"}],"author":[{"embeddable":true,"href":"https:\/\/www.diocesitn.it\/area-testimonianza\/wp-json\/wp\/v2\/users\/4"}],"replies":[{"embeddable":true,"href":"https:\/\/www.diocesitn.it\/area-testimonianza\/wp-json\/wp\/v2\/comments?post=11089"}],"version-history":[{"count":1,"href":"https:\/\/www.diocesitn.it\/area-testimonianza\/wp-json\/wp\/v2\/posts\/11089\/revisions"}],"predecessor-version":[{"id":11091,"href":"https:\/\/www.diocesitn.it\/area-testimonianza\/wp-json\/wp\/v2\/posts\/11089\/revisions\/11091"}],"wp:featuredmedia":[{"embeddable":true,"href":"https:\/\/www.diocesitn.it\/area-testimonianza\/wp-json\/wp\/v2\/media\/11090"}],"wp:attachment":[{"href":"https:\/\/www.diocesitn.it\/area-testimonianza\/wp-json\/wp\/v2\/media?parent=11089"}],"wp:term":[{"taxonomy":"category","embeddable":true,"href":"https:\/\/www.diocesitn.it\/area-testimonianza\/wp-json\/wp\/v2\/categories?post=11089"},{"taxonomy":"post_tag","embeddable":true,"href":"https:\/\/www.diocesitn.it\/area-testimonianza\/wp-json\/wp\/v2\/tags?post=11089"}],"curies":[{"name":"wp","href":"https:\/\/api.w.org\/{rel}","templated":true}]}}