{"id":10969,"date":"2022-03-16T16:58:45","date_gmt":"2022-03-16T15:58:45","guid":{"rendered":"https:\/\/www.diocesitn.it\/area-testimonianza\/?p=10969"},"modified":"2024-11-14T11:25:19","modified_gmt":"2024-11-14T10:25:19","slug":"dal-confine-ucraino-il-diario-di-davide-menguzzato-volontario-trentino-in-aiuto-ai-profughi","status":"publish","type":"post","link":"https:\/\/www.diocesitn.it\/area-testimonianza\/2022\/03\/16\/dal-confine-ucraino-il-diario-di-davide-menguzzato-volontario-trentino-in-aiuto-ai-profughi\/","title":{"rendered":"Dal confine ucraino il diario di Davide Menguzzato, volontario trentino in aiuto ai profughi"},"content":{"rendered":"<div id=\"pl-10969\"  class=\"panel-layout\" ><div id=\"pg-10969-0\"  class=\"panel-grid panel-no-style\" ><div id=\"pgc-10969-0-0\"  class=\"panel-grid-cell\" ><div id=\"panel-10969-0-0-0\" class=\"so-panel widget widget_media_image panel-first-child panel-last-child\" data-index=\"0\" ><img loading=\"lazy\" decoding=\"async\" width=\"300\" height=\"225\" src=\"https:\/\/www.diocesitn.it\/area-testimonianza\/wp-content\/uploads\/sites\/37\/2022\/03\/WhatsApp-Image-2022-03-15-at-10.28.42-300x225.jpeg\" class=\"image wp-image-10975  attachment-medium size-medium\" alt=\"\" style=\"max-width: 100%; height: auto;\" srcset=\"https:\/\/www.diocesitn.it\/area-testimonianza\/wp-content\/uploads\/sites\/37\/2022\/03\/WhatsApp-Image-2022-03-15-at-10.28.42-300x225.jpeg 300w, https:\/\/www.diocesitn.it\/area-testimonianza\/wp-content\/uploads\/sites\/37\/2022\/03\/WhatsApp-Image-2022-03-15-at-10.28.42-1024x768.jpeg 1024w, https:\/\/www.diocesitn.it\/area-testimonianza\/wp-content\/uploads\/sites\/37\/2022\/03\/WhatsApp-Image-2022-03-15-at-10.28.42-768x576.jpeg 768w, https:\/\/www.diocesitn.it\/area-testimonianza\/wp-content\/uploads\/sites\/37\/2022\/03\/WhatsApp-Image-2022-03-15-at-10.28.42-360x270.jpeg 360w, https:\/\/www.diocesitn.it\/area-testimonianza\/wp-content\/uploads\/sites\/37\/2022\/03\/WhatsApp-Image-2022-03-15-at-10.28.42-1536x1152.jpeg 1536w, https:\/\/www.diocesitn.it\/area-testimonianza\/wp-content\/uploads\/sites\/37\/2022\/03\/WhatsApp-Image-2022-03-15-at-10.28.42-800x600.jpeg 800w, https:\/\/www.diocesitn.it\/area-testimonianza\/wp-content\/uploads\/sites\/37\/2022\/03\/WhatsApp-Image-2022-03-15-at-10.28.42-1200x900.jpeg 1200w, https:\/\/www.diocesitn.it\/area-testimonianza\/wp-content\/uploads\/sites\/37\/2022\/03\/WhatsApp-Image-2022-03-15-at-10.28.42-1320x990.jpeg 1320w, https:\/\/www.diocesitn.it\/area-testimonianza\/wp-content\/uploads\/sites\/37\/2022\/03\/WhatsApp-Image-2022-03-15-at-10.28.42.jpeg 2048w\" sizes=\"auto, (max-width: 300px) 100vw, 300px\" \/><\/div><\/div><div id=\"pgc-10969-0-1\"  class=\"panel-grid-cell\" ><div id=\"panel-10969-0-1-0\" class=\"so-panel widget widget_text panel-first-child panel-last-child\" data-index=\"1\" ><h3 class=\"widget-title\">L&#8217;IMPRESA<\/h3>\t\t\t<div class=\"textwidget\"><p>Partito il 10 marzo scorso con due amici, perch\u00e9 \u00abnon \u00e8 possibile stare a casa a far finta di niente\u00bb. <strong>Davide Menguzzato<\/strong>, 22 anni di Trento, alla guida di un furgone, dopo due giorni di viaggio ha portato aiuti a un centro Caritas in Romania, dove si accolgono i profughi ucraini in fuga dalla guerra.<br \/>\nDavide ha tenuto costanti contatti con la Caritas diocesana della sua citt\u00e0, inviando quotidianamente notizie. Ne \u00e8 uscito <strong>un diario<\/strong> che volentieri condividiamo, ringraziando l\u2019autore per testo e fotografie.<\/p>\n<\/div>\n\t\t<\/div><\/div><\/div><div id=\"pg-10969-1\"  class=\"panel-grid panel-no-style\" ><div id=\"pgc-10969-1-0\"  class=\"panel-grid-cell\" ><div id=\"panel-10969-1-0-0\" class=\"so-panel widget widget_text panel-first-child panel-last-child\" data-index=\"2\" ><h3 class=\"widget-title\">Day 1 &#8211; Arrivo e accoglienza<\/h3>\t\t\t<div class=\"textwidget\"><p>\u00abBuongiorno a tutti, siamo arrivati al convento suorile maicii domnului a Sighetu. Ci ha accolto calorosamente la madre superiora suor Adriana e ora stiamo mangiando (le zuppe che fanno sono squisite). In questo convento sono 74 i profughi molti di pi\u00f9 di quanto pensassimo, tantissimi bambini. La situazione \u00e8 tranquilla e rilassata e il luogo \u00e8 molto accogliente. Vi terremo aggiornati\u00bb.<\/p>\n<\/div>\n\t\t<\/div><\/div><div id=\"pgc-10969-1-1\"  class=\"panel-grid-cell\" ><div id=\"panel-10969-1-1-0\" class=\"so-panel widget widget_media_image panel-first-child panel-last-child\" data-index=\"3\" ><img loading=\"lazy\" decoding=\"async\" width=\"225\" height=\"300\" src=\"https:\/\/www.diocesitn.it\/area-testimonianza\/wp-content\/uploads\/sites\/37\/2022\/03\/WhatsApp-Image-2022-03-15-at-10.27.55-225x300.jpeg\" class=\"image wp-image-10972  attachment-medium size-medium\" alt=\"\" style=\"max-width: 100%; height: auto;\" srcset=\"https:\/\/www.diocesitn.it\/area-testimonianza\/wp-content\/uploads\/sites\/37\/2022\/03\/WhatsApp-Image-2022-03-15-at-10.27.55-225x300.jpeg 225w, https:\/\/www.diocesitn.it\/area-testimonianza\/wp-content\/uploads\/sites\/37\/2022\/03\/WhatsApp-Image-2022-03-15-at-10.27.55-768x1024.jpeg 768w, https:\/\/www.diocesitn.it\/area-testimonianza\/wp-content\/uploads\/sites\/37\/2022\/03\/WhatsApp-Image-2022-03-15-at-10.27.55-210x280.jpeg 210w, https:\/\/www.diocesitn.it\/area-testimonianza\/wp-content\/uploads\/sites\/37\/2022\/03\/WhatsApp-Image-2022-03-15-at-10.27.55-576x768.jpeg 576w, https:\/\/www.diocesitn.it\/area-testimonianza\/wp-content\/uploads\/sites\/37\/2022\/03\/WhatsApp-Image-2022-03-15-at-10.27.55-1152x1536.jpeg 1152w, https:\/\/www.diocesitn.it\/area-testimonianza\/wp-content\/uploads\/sites\/37\/2022\/03\/WhatsApp-Image-2022-03-15-at-10.27.55-800x1067.jpeg 800w, https:\/\/www.diocesitn.it\/area-testimonianza\/wp-content\/uploads\/sites\/37\/2022\/03\/WhatsApp-Image-2022-03-15-at-10.27.55-1200x1600.jpeg 1200w, https:\/\/www.diocesitn.it\/area-testimonianza\/wp-content\/uploads\/sites\/37\/2022\/03\/WhatsApp-Image-2022-03-15-at-10.27.55-1320x1760.jpeg 1320w, https:\/\/www.diocesitn.it\/area-testimonianza\/wp-content\/uploads\/sites\/37\/2022\/03\/WhatsApp-Image-2022-03-15-at-10.27.55.jpeg 1536w\" sizes=\"auto, (max-width: 225px) 100vw, 225px\" \/><\/div><\/div><\/div><div id=\"pg-10969-2\"  class=\"panel-grid panel-no-style\" ><div id=\"pgc-10969-2-0\"  class=\"panel-grid-cell\" ><div id=\"panel-10969-2-0-0\" class=\"so-panel widget widget_media_image panel-first-child panel-last-child\" data-index=\"4\" ><img loading=\"lazy\" decoding=\"async\" width=\"300\" height=\"225\" src=\"https:\/\/www.diocesitn.it\/area-testimonianza\/wp-content\/uploads\/sites\/37\/2022\/03\/WhatsApp-Image-2022-03-15-at-10.28.10-300x225.jpeg\" class=\"image wp-image-10973  attachment-medium size-medium\" alt=\"\" style=\"max-width: 100%; height: auto;\" srcset=\"https:\/\/www.diocesitn.it\/area-testimonianza\/wp-content\/uploads\/sites\/37\/2022\/03\/WhatsApp-Image-2022-03-15-at-10.28.10-300x225.jpeg 300w, https:\/\/www.diocesitn.it\/area-testimonianza\/wp-content\/uploads\/sites\/37\/2022\/03\/WhatsApp-Image-2022-03-15-at-10.28.10-1024x768.jpeg 1024w, https:\/\/www.diocesitn.it\/area-testimonianza\/wp-content\/uploads\/sites\/37\/2022\/03\/WhatsApp-Image-2022-03-15-at-10.28.10-768x576.jpeg 768w, https:\/\/www.diocesitn.it\/area-testimonianza\/wp-content\/uploads\/sites\/37\/2022\/03\/WhatsApp-Image-2022-03-15-at-10.28.10-360x270.jpeg 360w, https:\/\/www.diocesitn.it\/area-testimonianza\/wp-content\/uploads\/sites\/37\/2022\/03\/WhatsApp-Image-2022-03-15-at-10.28.10-1536x1152.jpeg 1536w, https:\/\/www.diocesitn.it\/area-testimonianza\/wp-content\/uploads\/sites\/37\/2022\/03\/WhatsApp-Image-2022-03-15-at-10.28.10-800x600.jpeg 800w, https:\/\/www.diocesitn.it\/area-testimonianza\/wp-content\/uploads\/sites\/37\/2022\/03\/WhatsApp-Image-2022-03-15-at-10.28.10-1200x900.jpeg 1200w, https:\/\/www.diocesitn.it\/area-testimonianza\/wp-content\/uploads\/sites\/37\/2022\/03\/WhatsApp-Image-2022-03-15-at-10.28.10-1320x990.jpeg 1320w, https:\/\/www.diocesitn.it\/area-testimonianza\/wp-content\/uploads\/sites\/37\/2022\/03\/WhatsApp-Image-2022-03-15-at-10.28.10.jpeg 1600w\" sizes=\"auto, (max-width: 300px) 100vw, 300px\" \/><\/div><\/div><div id=\"pgc-10969-2-1\"  class=\"panel-grid-cell\" ><div id=\"panel-10969-2-1-0\" class=\"so-panel widget widget_sow-editor panel-first-child\" data-index=\"5\" ><div\n\t\t\t\n\t\t\tclass=\"so-widget-sow-editor so-widget-sow-editor-base\"\n\t\t\t\n\t\t><h3 class=\"widget-title\">Day 2 - Geografia e organizzazione<\/h3>\n<div class=\"siteorigin-widget-tinymce textwidget\">\n\t<p>\u00abOggi alle 13 siamo arrivati a Sighetu Marmatiei e abbiamo pranzato nel convento delle suore. Sighetu Marmatiei \u00e8 una cittadina di 40.000 abitanti molto vivace, che si trova sul confine con l'Ucraina. Il Fiume Tibisco segna il confine tra i due paesi e l'unico modo di passare frontiera in questa zona \u00e8 costituito da un ponte che collega le due sponde, su cui vengono effettuati i controlli di frontiera...<\/p>\n<p>&nbsp;<\/p>\n<\/div>\n<\/div><\/div><div id=\"panel-10969-2-1-1\" class=\"so-panel widget widget_sow-accordion panel-last-child\" data-index=\"6\" ><div\n\t\t\t\n\t\t\tclass=\"so-widget-sow-accordion so-widget-sow-accordion-default-ab60b1a85f86-10969\"\n\t\t\t\n\t\t><div>\n\t<div class=\"sow-accordion\">\n\t\t\t<div class=\"sow-accordion-panel\n\t\t\t\t\"\n\t\t\tdata-anchor-id=\"leggi-di-piu\">\n\t\t\t\t<div class=\"sow-accordion-panel-header-container\" role=\"heading\" aria-level=\"2\">\n\t\t\t\t\t<div class=\"sow-accordion-panel-header\" tabindex=\"0\" role=\"button\" id=\"accordion-label-leggi-di-pi%c3%b9\" aria-controls=\"accordion-content-leggi-di-pi%c3%b9\" aria-expanded=\"false\">\n\t\t\t\t\t\t<div class=\"sow-accordion-title sow-accordion-title-icon-left\">\n\t\t\t\t\t\t\t\t\t\t\t\t\t\tleggi di pi\u00f9\t\t\t\t\t\t\t\t\t\t\t\t\t<\/div>\n\t\t\t\t\t\t<div class=\"sow-accordion-open-close-button\">\n\t\t\t\t\t\t\t<div class=\"sow-accordion-open-button\">\n\t\t\t\t\t\t\t\t<span class=\"sow-icon-ionicons\" data-sow-icon=\"&#xf218;\"\n\t\t \n\t\taria-hidden=\"true\"><\/span>\t\t\t\t\t\t\t<\/div>\n\t\t\t\t\t\t\t<div class=\"sow-accordion-close-button\">\n\t\t\t\t\t\t\t\t<span class=\"sow-icon-ionicons\" data-sow-icon=\"&#xf209;\"\n\t\t \n\t\taria-hidden=\"true\"><\/span>\t\t\t\t\t\t\t<\/div>\n\t\t\t\t\t\t<\/div>\n\t\t\t\t\t<\/div>\n\t\t\t\t<\/div>\n\n\t\t\t<div\n\t\t\t\tclass=\"sow-accordion-panel-content\"\n\t\t\t\trole=\"region\"\n\t\t\t\taria-labelledby=\"accordion-label-leggi-di-pi%c3%b9\"\n\t\t\t\tid=\"accordion-content-leggi-di-pi%c3%b9\"\n\t\t\t\tstyle=\"display: none;\"\t\t\t>\n\t\t\t\t<div class=\"sow-accordion-panel-border\">\n\t\t\t\t\t<p>Al momento le persone che lasciano l'Ucraina in questa zona passano da Sighetu Marmatiei.<\/p>\n<p>Dopo aver scaricato il pulmino nel convento ci hanno dato il compito di andare a prendere alla frontiera 5 persone che avevano varcato il confine e che avevano bisogno di un alloggio. Con noi \u00e8 venuto Florian, rettore dell'Universit\u00e0 greco ortodossa, che ha deciso di portare un manipolo di seminaristi qui per aiutare la struttura di accoglienza nel convento. Sono in gamba e parlano molto bene l'italiano.<\/p>\n<p>Quando siamo arrivati alla frontiera queste cinque persone non c'erano gi\u00e0 pi\u00f9 perch\u00e9 erano ripartite; e per\u00f2 ci sono state affidate quasi immediatamente altre tre persone da portare nella struttura di accoglienza predisposta nel convento: due donne adulte e una bambina di quindici anni. Non avevano niente con loro se non uno zainetto, ma dai loro occhi si capiva che erano felici di aver trovato una sicurezza almeno per i prossimi giorni.<\/p>\n<p>Mi hanno spiegato che succede spesso che si organizzino per conto proprio o che trovino altre strade rispetto a quelle espresse in fase di registrazione. C'\u00e8 molta fluidit\u00e0 e le circostanze cambiano con rapidit\u00e0.<\/p>\n<p>Il centro di accoglienza del convento dista meno di 2km dal ponte sul Tibisco. Parlando con volontari e personale amministrativo che gestisce la parte burocratica (verifica delle identit\u00e0, documenti) le persone che arrivano molto spesso hanno gi\u00e0 contattato o contattano nel giro di pochi giorni amici o parenti presenti in Romania, Polonia, Ungheria, Olanda, Germania, Slovacchia e Italia per continuare il viaggio e completare il ricongiungimento. Questa \u00e8 una zona di passaggio per la maggior parte di loro. Ci sono poi anche persone che si trattengono dall'inizio e che non hanno nessun posto in cui andare e che sperano di ritrovarsi nei prossimi giorni con parenti che devono ancora arrivare.<\/p>\n<p>In generale il clima qui \u00e8 di grande tranquillit\u00e0.<\/p>\n<p>Alla frontiera viene fatto un enorme lavoro di prima accoglienza. Ci sono tendoni riscaldati in cui vengono serviti pasti caldi, spazi per bambini con giochi e per anziani. C'\u00e8 una macchina burocratica funzionante che registra gli accessi e d\u00e0 i documenti. Ci sono interpreti e traduttori.<\/p>\n<p>Sono numerose le associazioni e le organizzazioni internazionali che operano nella prima accoglienza: Croce Rossa, Ordine di Malta, Testimoni di Geova, Jewish Umatinarian Organisation, Rotary Club e moltissime associazioni minori delle quali \u00e8 difficile capire il nome perch\u00e9 non hanno simboli riconoscibili e noti come quelli appena detti.<\/p>\n<p>Alla frontiera la polizia e la gendarmeria Rumena sono cordiali e molto gentili. Sostanzialmente nessuno viene respinto e c'\u00e8 una grande disponibilit\u00e0 da parte delle forze di pubblica sicurezza ad aiutare queste persone oltre che fare il loro mestiere di controllare la frontiera.<\/p>\n<p>In questo momento il governo rumeno ha deciso di rendere gratuiti i biglietti del treno per i rifugiati in tutti gli spostamenti interni e regala SIM a chi non ha modo di contattare i parenti e organizzarsi il viaggio. I volontari cercano di dare i telefoni. L'obbiettivo penso che sia quello di impedire il formarsi di un collo di bottiglia: quando ci sono pi\u00f9 persone rifugiate di quelle che le citt\u00e0 di frontiera possono accogliere e contemporaneamente ne continuano ad arrivare altre. Si cerca quindi di facilitare gli spostamenti e il deflusso.<\/p>\n<p>In questo momento nel centro di accoglienza del convento ci sono circa un centinaio di persone, ma il numero varia di giorno in giorno proprio per i motivi detti prima.<\/p>\n<p>Qui li vedo tranquilli. Hanno delle camere comode, dei pasti caldi e i volontari della Caritas locale insieme alle suore cercano di sopperire ai loro bisogni e creare un clima positivo, in cui si dialoga e ci si conosce.<\/p>\n<p>Tuttavia \u00e8 impossibile ignorare la tensione che traspare dalle loro chiamate o da alcune loro frasi.<\/p>\n<p>Oggi \u00e8 arrivato anche un grande camion con aiuti da Irlanda e Francia e lo abbiamo scaricato in un grande centro di raccolta della cittadina.<\/p>\n<p>Questa sera siamo usciti per capire il clima che si respira in paese, e qui tutto sembra sereno. I giovani vanno nei pub, i bambini giocano alle giostre e le famiglie passeggiano. E il ponte \u00e8 solo a 1km dal centro citt\u00e0. Penso che sia stato fatto un grande lavoro di organizzazione e che funzioni molto bene in questa citt\u00e0. E da quello che mi dicono le suore e la Caritas, questo \u00e8 possibile grazie alla mole delle donazioni.<\/p>\n<p>La solidariet\u00e0 che arriva da ogni paese \u00e8 enorme.<\/p>\n<p>E serve tutta.<\/p>\n<p>Ci siamo resi conto con qualche calcolo che tutto quello che abbiamo portato baster\u00e0 per qualche giorno solo per la struttura nel convento. C'\u00e8 bisogno di poco di tanti.<\/p>\n<p>Buonanotte\u00bb \ud83d\udd25<\/p>\n<p>&nbsp;<\/p>\n\t\t\t\t<\/div>\n\t\t\t<\/div>\n\t\t<\/div>\n\t\t<\/div>\n<\/div>\n<\/div><\/div><\/div><\/div><div id=\"pg-10969-3\"  class=\"panel-grid panel-no-style\" ><div id=\"pgc-10969-3-0\"  class=\"panel-grid-cell\" ><div id=\"panel-10969-3-0-0\" class=\"so-panel widget widget_text panel-first-child\" data-index=\"7\" ><h3 class=\"widget-title\">Day 3 &#8211; TANTA VOLONTA&#8217; E QUALCHE LIMITE<\/h3>\t\t\t<div class=\"textwidget\"><p>\u00abQuesta mattina ci siamo svegliati alle 5 per portare due interpreti alla frontiera. Due ragazze giovani: un&#8217;avvocata di 25 anni rumena e una professoressa di sociologia. Poche parole nel freddo buio del mattino. Facevano -10\u00b0C!<\/p>\n<p>Siamo poi tornati a letto per un paio di ore e nella mattinata abbiamo fatto la spola tra frontiera, struttura di accoglienza e stazione. Nonne con figlie e nipoti. Mamme e bambini. Tanta gioia di essere arrivati e tanta fretta di ripartire&#8230;<\/p>\n<p>&nbsp;<\/p>\n<\/div>\n\t\t<\/div><div id=\"panel-10969-3-0-1\" class=\"so-panel widget widget_sow-accordion panel-last-child\" data-index=\"8\" ><div\n\t\t\t\n\t\t\tclass=\"so-widget-sow-accordion so-widget-sow-accordion-default-529f208dbdd6-10969\"\n\t\t\t\n\t\t><div>\n\t<div class=\"sow-accordion\">\n\t\t\t<div class=\"sow-accordion-panel\n\t\t\t\t\"\n\t\t\tdata-anchor-id=\"leggi-di-piu\">\n\t\t\t\t<div class=\"sow-accordion-panel-header-container\" role=\"heading\" aria-level=\"2\">\n\t\t\t\t\t<div class=\"sow-accordion-panel-header\" tabindex=\"0\" role=\"button\" id=\"accordion-label-leggi-di-pi%c3%b9\" aria-controls=\"accordion-content-leggi-di-pi%c3%b9\" aria-expanded=\"false\">\n\t\t\t\t\t\t<div class=\"sow-accordion-title sow-accordion-title-icon-left\">\n\t\t\t\t\t\t\t\t\t\t\t\t\t\tleggi di pi\u00f9\t\t\t\t\t\t\t\t\t\t\t\t\t<\/div>\n\t\t\t\t\t\t<div class=\"sow-accordion-open-close-button\">\n\t\t\t\t\t\t\t<div class=\"sow-accordion-open-button\">\n\t\t\t\t\t\t\t\t<span class=\"sow-icon-ionicons\" data-sow-icon=\"&#xf218;\"\n\t\t \n\t\taria-hidden=\"true\"><\/span>\t\t\t\t\t\t\t<\/div>\n\t\t\t\t\t\t\t<div class=\"sow-accordion-close-button\">\n\t\t\t\t\t\t\t\t<span class=\"sow-icon-ionicons\" data-sow-icon=\"&#xf209;\"\n\t\t \n\t\taria-hidden=\"true\"><\/span>\t\t\t\t\t\t\t<\/div>\n\t\t\t\t\t\t<\/div>\n\t\t\t\t\t<\/div>\n\t\t\t\t<\/div>\n\n\t\t\t<div\n\t\t\t\tclass=\"sow-accordion-panel-content\"\n\t\t\t\trole=\"region\"\n\t\t\t\taria-labelledby=\"accordion-label-leggi-di-pi%c3%b9\"\n\t\t\t\tid=\"accordion-content-leggi-di-pi%c3%b9\"\n\t\t\t\tstyle=\"display: none;\"\t\t\t>\n\t\t\t\t<div class=\"sow-accordion-panel-border\">\n\t\t\t\t\t<p>Sono arrivate molte persone oggi. Alle 18 erano circa un migliaio. Ma fino ad adesso mentre scrivo qualcuno arriva ancora. Qui la macchina dell'accoglienza non dorme mai. Soffre di insonnia. I turni sono minimo da 12 ore.<\/p>\n<p>I responsabili di questa struttura ci hanno detto che hanno ospitato fino ad adesso circa 600 persone. Non riesco a farmi un'idea precisa del flusso di persone e vedo che molte opinioni sono discordanti. Una cosa \u00e8 certa: ci sono tante persone che arrivano. E che sono in viaggio per arrivare. Oggi un gruppo di 20 persone a qualche km dal confine era senza cibo. Ci siamo informati per aiutarli. Noi non potevamo lasciare il confine perch\u00e9 serve una particolare autorizzazione rilasciata per il veicolo che chiamano \"carta verde\". Abbiamo cercato di capire quanto distanti fossero per portare gli alimenti negli zaini e passare a piedi. Ma erano 15 km. Troppo. Sono rimasti soli e spero che se la siano cavata. Qui bisogna accettare che non c'\u00e8 verso aiutare tutti, qualcuno resta indietro a causa di limiti ferrei che resistono anche alla pi\u00f9 forte determinazione. Tutti i volontari che ho visto danno tutto nel fare quello che fanno. La loro vita in questi giorni \u00e8 esserci, cercando di piegare poco a poco questi limiti e di raggiungere tutti.<\/p>\n<p>Nel pomeriggio abbiamo deciso di lanciare la campagna di raccolta fondi. Pensiamo possa essere utile per questa struttura. C'\u00e8 bisogno di risorse in modo continuo perch\u00e9 questa situazione non finisce tra qualche giorno.<\/p>\n<p>Verso le 19.30 abbiamo accompagnato Alexandra, una giovane ragazza di vent'anni alla frontiera. A momenti forse sarebbe arrivata la madre, che viveva in una citt\u00e0 diversa gi\u00e0 prima della guerra.<\/p>\n<p>E poi \u00e8 arrivata Tiana, la madre. Un abbraccio intenso, tra due donne che hanno perso tutto e salvato la cosa pi\u00f9 preziosa. Sono attimi di speranza.<\/p>\n<p>Altri viaggi di trasporto, l'ultimo alle due. Riportiamo alla struttura altre due interpreti che hanno finito il turno.<\/p>\n<p>Domani sveglia alle 5 per portare alla frontiera le altre due interpreti di questa mattina. Grazie del supporto e dell'aiuto che ci date. Buonanotte!\u00bb<\/p>\n\t\t\t\t<\/div>\n\t\t\t<\/div>\n\t\t<\/div>\n\t\t<\/div>\n<\/div>\n<\/div><\/div><\/div><div id=\"pgc-10969-3-1\"  class=\"panel-grid-cell\" ><div id=\"panel-10969-3-1-0\" class=\"so-panel widget widget_media_image panel-first-child panel-last-child\" data-index=\"9\" ><img loading=\"lazy\" decoding=\"async\" width=\"300\" height=\"225\" src=\"https:\/\/www.diocesitn.it\/area-testimonianza\/wp-content\/uploads\/sites\/37\/2022\/03\/WhatsApp-Image-2022-03-15-at-10.28.26-300x225.jpeg\" class=\"image wp-image-10974  attachment-medium size-medium\" alt=\"\" style=\"max-width: 100%; height: auto;\" srcset=\"https:\/\/www.diocesitn.it\/area-testimonianza\/wp-content\/uploads\/sites\/37\/2022\/03\/WhatsApp-Image-2022-03-15-at-10.28.26-300x225.jpeg 300w, https:\/\/www.diocesitn.it\/area-testimonianza\/wp-content\/uploads\/sites\/37\/2022\/03\/WhatsApp-Image-2022-03-15-at-10.28.26-1024x768.jpeg 1024w, https:\/\/www.diocesitn.it\/area-testimonianza\/wp-content\/uploads\/sites\/37\/2022\/03\/WhatsApp-Image-2022-03-15-at-10.28.26-768x576.jpeg 768w, https:\/\/www.diocesitn.it\/area-testimonianza\/wp-content\/uploads\/sites\/37\/2022\/03\/WhatsApp-Image-2022-03-15-at-10.28.26-360x270.jpeg 360w, https:\/\/www.diocesitn.it\/area-testimonianza\/wp-content\/uploads\/sites\/37\/2022\/03\/WhatsApp-Image-2022-03-15-at-10.28.26-1536x1152.jpeg 1536w, https:\/\/www.diocesitn.it\/area-testimonianza\/wp-content\/uploads\/sites\/37\/2022\/03\/WhatsApp-Image-2022-03-15-at-10.28.26-800x600.jpeg 800w, https:\/\/www.diocesitn.it\/area-testimonianza\/wp-content\/uploads\/sites\/37\/2022\/03\/WhatsApp-Image-2022-03-15-at-10.28.26-1200x900.jpeg 1200w, https:\/\/www.diocesitn.it\/area-testimonianza\/wp-content\/uploads\/sites\/37\/2022\/03\/WhatsApp-Image-2022-03-15-at-10.28.26-1320x990.jpeg 1320w, https:\/\/www.diocesitn.it\/area-testimonianza\/wp-content\/uploads\/sites\/37\/2022\/03\/WhatsApp-Image-2022-03-15-at-10.28.26.jpeg 1600w\" sizes=\"auto, (max-width: 300px) 100vw, 300px\" \/><\/div><\/div><\/div><div id=\"pg-10969-4\"  class=\"panel-grid panel-no-style\" ><div id=\"pgc-10969-4-0\"  class=\"panel-grid-cell\" ><div id=\"panel-10969-4-0-0\" class=\"so-panel widget widget_media_image panel-first-child panel-last-child\" data-index=\"10\" ><img loading=\"lazy\" decoding=\"async\" width=\"225\" height=\"300\" src=\"https:\/\/www.diocesitn.it\/area-testimonianza\/wp-content\/uploads\/sites\/37\/2022\/03\/WhatsApp-Image-2022-03-15-at-11.19.18-225x300.jpeg\" class=\"image wp-image-10977  attachment-medium size-medium\" alt=\"\" style=\"max-width: 100%; height: auto;\" srcset=\"https:\/\/www.diocesitn.it\/area-testimonianza\/wp-content\/uploads\/sites\/37\/2022\/03\/WhatsApp-Image-2022-03-15-at-11.19.18-225x300.jpeg 225w, https:\/\/www.diocesitn.it\/area-testimonianza\/wp-content\/uploads\/sites\/37\/2022\/03\/WhatsApp-Image-2022-03-15-at-11.19.18-768x1024.jpeg 768w, https:\/\/www.diocesitn.it\/area-testimonianza\/wp-content\/uploads\/sites\/37\/2022\/03\/WhatsApp-Image-2022-03-15-at-11.19.18-210x280.jpeg 210w, https:\/\/www.diocesitn.it\/area-testimonianza\/wp-content\/uploads\/sites\/37\/2022\/03\/WhatsApp-Image-2022-03-15-at-11.19.18-576x768.jpeg 576w, https:\/\/www.diocesitn.it\/area-testimonianza\/wp-content\/uploads\/sites\/37\/2022\/03\/WhatsApp-Image-2022-03-15-at-11.19.18-1152x1536.jpeg 1152w, https:\/\/www.diocesitn.it\/area-testimonianza\/wp-content\/uploads\/sites\/37\/2022\/03\/WhatsApp-Image-2022-03-15-at-11.19.18-800x1067.jpeg 800w, https:\/\/www.diocesitn.it\/area-testimonianza\/wp-content\/uploads\/sites\/37\/2022\/03\/WhatsApp-Image-2022-03-15-at-11.19.18.jpeg 1200w\" sizes=\"auto, (max-width: 225px) 100vw, 225px\" \/><\/div><\/div><div id=\"pgc-10969-4-1\"  class=\"panel-grid-cell\" ><div id=\"panel-10969-4-1-0\" class=\"so-panel widget widget_text panel-first-child\" data-index=\"11\" ><h3 class=\"widget-title\">Day 4 &#8211; Solidariet\u00e0 fra etnie diverse<\/h3>\t\t\t<div class=\"textwidget\"><p>\u00abIn Italia la domenica \u00e8 il giorno in cui tutto il paese si ferma. Il riposo permea questo giorno.<\/p>\n<p>Qui la domenica non si sente, se non dai canti delle celebrazioni. Le persone arrivano come ogni giorno e il riposo c&#8217;\u00e8 solo quando si \u00e8 al sicuro.<\/p>\n<p>Questa mattina alle 6 abbiamo accompagnato le interpreti al confine. Sono due persone davvero generose&#8230;<\/p>\n<\/div>\n\t\t<\/div><div id=\"panel-10969-4-1-1\" class=\"so-panel widget widget_sow-accordion panel-last-child\" data-index=\"12\" ><div\n\t\t\t\n\t\t\tclass=\"so-widget-sow-accordion so-widget-sow-accordion-default-ab60b1a85f86-10969\"\n\t\t\t\n\t\t><div>\n\t<div class=\"sow-accordion\">\n\t\t\t<div class=\"sow-accordion-panel\n\t\t\t\t\"\n\t\t\tdata-anchor-id=\"leggi-di-piu\">\n\t\t\t\t<div class=\"sow-accordion-panel-header-container\" role=\"heading\" aria-level=\"2\">\n\t\t\t\t\t<div class=\"sow-accordion-panel-header\" tabindex=\"0\" role=\"button\" id=\"accordion-label-leggi-di-pi%c3%b9\" aria-controls=\"accordion-content-leggi-di-pi%c3%b9\" aria-expanded=\"false\">\n\t\t\t\t\t\t<div class=\"sow-accordion-title sow-accordion-title-icon-left\">\n\t\t\t\t\t\t\t\t\t\t\t\t\t\tleggi di pi\u00f9\t\t\t\t\t\t\t\t\t\t\t\t\t<\/div>\n\t\t\t\t\t\t<div class=\"sow-accordion-open-close-button\">\n\t\t\t\t\t\t\t<div class=\"sow-accordion-open-button\">\n\t\t\t\t\t\t\t\t<span class=\"sow-icon-ionicons\" data-sow-icon=\"&#xf218;\"\n\t\t \n\t\taria-hidden=\"true\"><\/span>\t\t\t\t\t\t\t<\/div>\n\t\t\t\t\t\t\t<div class=\"sow-accordion-close-button\">\n\t\t\t\t\t\t\t\t<span class=\"sow-icon-ionicons\" data-sow-icon=\"&#xf209;\"\n\t\t \n\t\taria-hidden=\"true\"><\/span>\t\t\t\t\t\t\t<\/div>\n\t\t\t\t\t\t<\/div>\n\t\t\t\t\t<\/div>\n\t\t\t\t<\/div>\n\n\t\t\t<div\n\t\t\t\tclass=\"sow-accordion-panel-content\"\n\t\t\t\trole=\"region\"\n\t\t\t\taria-labelledby=\"accordion-label-leggi-di-pi%c3%b9\"\n\t\t\t\tid=\"accordion-content-leggi-di-pi%c3%b9\"\n\t\t\t\tstyle=\"display: none;\"\t\t\t>\n\t\t\t\t<div class=\"sow-accordion-panel-border\">\n\t\t\t\t\t<p>Abbiamo chiesto se alcune delle persone accolte nella struttura volesse venire in Italia quando noi torniamo e per adesso ci sono Tania e sua figlia Alexandra e un'altra signora molto gentile. Vorrebbero abitare stabilmente e trovare un lavoro. Dall'Italia molte strutture ci fanno sapere che hanno predisposto progetti di inserimento a lungo termine. Abbiamo fiducia che questo lavoro bilaterale possa funzionare.<\/p>\n<p>Ci \u00e8 stato poi dato il compito di pianificare il viaggio in Spagna per un gruppo numeroso che vuole viaggiare insieme. E poi siamo tornati alla frontiera.<\/p>\n<p>Ho parlato con Vasilij, cuoco rumeno che in questo momento si \u00e8 mobilitato per aiutare un amico ucraino con cui aveva lavorato a Roma. Anche lui cuoco.<\/p>\n<p>I legami tra le societ\u00e0 e i gruppi etnici si spingono ben oltre i limiti degli stati sulla carta. Molte famiglie hanno ascendenze ungheresi, rumene e ucraine. Spesso anche russe. E spesso alcuni ucraini che arrivano parlano quasi solo russo e un dialetto ucraino. Le particolarit\u00e0 emergono con forza ed \u00e8 impossibile classificare tutti i casi.<\/p>\n<p>Tantissimi hanno un parente in Italia e parlano correttamente la lingua, molti altri lo studiano perch\u00e9 ispirati dall'influenza politica ed economica che ha l'Italia nel contesto europeo, altri perch\u00e9 affascinati dalla grande mole di cultura storica e letteraria che lega i due paesi. Sembrer\u00e0 strano ma in questo paese l'italiano funge da lingua franca molto pi\u00f9 di altre. E c'\u00e8 una grande fiducia verso la nostra societ\u00e0.<\/p>\n<p>Come Vasilij molti si sono mobilitati per aiutare amici e parenti oltre il confine e quando staccano dal lavoro sono l\u00ec giorno e notte. C'\u00e8 Bern, professore di inglese, rumeno e ungherese in una scuola di Sighetu. C'\u00e8 Gabriel, esperto di comunicazione e marketing che lavorando in smart working ha deciso di tornare a Sighetu, dove \u00e8 nato, per essere di supporto in ogni momento in cui non lavora.<\/p>\n<p>Quando chiedo: perch\u00e9 lo fai? Mi rispondono che oggi sono gli ucraini a essere in questa situazione difficile, ma domani potrebbero essere loro a scappare e ad aver bisogno di aiuto. Questa risposta presuppone un forte legame tra i popoli che non si trova spesso nelle bandiere o nelle grandi letture geopolitiche.<\/p>\n<p>Inoltre qui il ricordo della rigida esperienza socialista sotto Nicolae Ceau\u0219escu e della rivoluzione rumena \u00e8 ancora molto viva. E c'\u00e8 solidariet\u00e0 anche perch\u00e9 queste persone capiscono cosa vuol dire scappare e cosa vuol dire paura per la propria vita.<\/p>\n<p>La societ\u00e0 ha vissuto un grande sviluppo economico e ha riparto le relazioni che la legano da secoli alle terre vicine.<\/p>\n<p>Abbiamo accompagnato due signore ucraine, Viera e Oxana, dalla frontiera alla struttura, e poi alla stazione.<\/p>\n<p>Queste due signore non parlavano una parola di qualcosa che non fosse dialetto ucraino. Ma ci hanno raccontato cose in modo appassionato per quaranta minuti. Di tutto e di pi\u00f9 immagino e semplicemente rispondevamo prima che non capivano, poi dicendo altre cose. E loro rispondevano a loro volte dicendo chiss\u00e0 cosa. E ridevano.<\/p>\n<p>Ci sono anche molto ironici e distesi. C'\u00e8 spesso entusiasmo per essere riusciti ad arrivare qui.<\/p>\n<p>Siamo solo riusciti a capire che volevano andare a Timi\u0219oara e alla stazione abbiamo fatto i biglietti.<\/p>\n<p>Quando ci stavamo per salutare Viera ha messo in mano a Federico una bustina che conteneva orecchini d'oro con brillanti. Nei suoi occhi c'era gratitudine. Con un po' di imbarazzo subito l'ha resa e lei ha capito che non potevamo accettare. Ci siamo salutati e sono partite.<\/p>\n<p>Per cena abbiamo cucinato la pasta alla pomarola per tutta la struttura. Ingredienti rigorosamente italiani. Pasta trafilata a bronzo e polpa di pomodoro Mutti e grana per guarnire. Circa 10 chili di pasta. \u00c8 stato super divertente.<\/p>\n<p>E con un po' di sorpresa sono stati tutti molto soddisfatti e praticamente \u00e8 andata a ruba.<\/p>\n<p>La sera siamo usciti a bere una birra con due ragazzi rumeni che fanno i volontari qui in struttura. Abbiamo parlato di moltissime cose interessanti.<\/p>\n<p>Vi voglio ringraziare di cuore per il grande sostegno che abbiamo ricevuto nella raccolta fondi. In questo momento abbiamo quasi completato l'obiettivo. Chi volesse pu\u00f2 donare anche una volta superato l'obiettivo, che diciamo \u00e8 solo un traguardo simbolico. Qui questi aiuti cambiano la vita delle persone che arrivano. Al momento sono le 2 e non ho linea. Questo messaggio credo arriver\u00e0 domani mattina. Buonanotte\u00bb.<\/p>\n\t\t\t\t<\/div>\n\t\t\t<\/div>\n\t\t<\/div>\n\t\t<\/div>\n<\/div>\n<\/div><\/div><\/div><\/div><div id=\"pg-10969-5\"  class=\"panel-grid panel-no-style\" ><div id=\"pgc-10969-5-0\"  class=\"panel-grid-cell\" ><div id=\"panel-10969-5-0-0\" class=\"so-panel widget widget_text panel-first-child\" data-index=\"13\" ><h3 class=\"widget-title\">Day 5 &#8211; Il rientro in Italia<\/h3>\t\t\t<div class=\"textwidget\"><p>\u00abIeri era il quarto giorno, mi sono reso conto ora che ho sbagliato. Scrivendo sempre dopo la mezzanotte ho preso il giorno dopo come riferimento. Questi giorni sono passati in fretta, ma sembra di essere qui da sempre.<\/p>\n<p>Ho conosciuto decine di persone. In questa situazione ci sono poche barriere nelle relazioni e si conosce la gente molto velocemente. Anche perch\u00e9 viviamo praticamente insieme. Ragazzi come noi rumeni, seminaristi, suore, preti, volontari di organizzazioni, interpreti, ucraini con una faccia, un nome e un cognome&#8230;<\/p>\n<\/div>\n\t\t<\/div><div id=\"panel-10969-5-0-1\" class=\"so-panel widget widget_sow-accordion panel-last-child\" data-index=\"14\" ><div\n\t\t\t\n\t\t\tclass=\"so-widget-sow-accordion so-widget-sow-accordion-default-ab60b1a85f86-10969\"\n\t\t\t\n\t\t><div>\n\t<div class=\"sow-accordion\">\n\t\t\t<div class=\"sow-accordion-panel\n\t\t\t\t\"\n\t\t\tdata-anchor-id=\"leggi-di-piu\">\n\t\t\t\t<div class=\"sow-accordion-panel-header-container\" role=\"heading\" aria-level=\"2\">\n\t\t\t\t\t<div class=\"sow-accordion-panel-header\" tabindex=\"0\" role=\"button\" id=\"accordion-label-leggi-di-pi%c3%b9\" aria-controls=\"accordion-content-leggi-di-pi%c3%b9\" aria-expanded=\"false\">\n\t\t\t\t\t\t<div class=\"sow-accordion-title sow-accordion-title-icon-left\">\n\t\t\t\t\t\t\t\t\t\t\t\t\t\tleggi di pi\u00f9\t\t\t\t\t\t\t\t\t\t\t\t\t<\/div>\n\t\t\t\t\t\t<div class=\"sow-accordion-open-close-button\">\n\t\t\t\t\t\t\t<div class=\"sow-accordion-open-button\">\n\t\t\t\t\t\t\t\t<span class=\"sow-icon-ionicons\" data-sow-icon=\"&#xf218;\"\n\t\t \n\t\taria-hidden=\"true\"><\/span>\t\t\t\t\t\t\t<\/div>\n\t\t\t\t\t\t\t<div class=\"sow-accordion-close-button\">\n\t\t\t\t\t\t\t\t<span class=\"sow-icon-ionicons\" data-sow-icon=\"&#xf209;\"\n\t\t \n\t\taria-hidden=\"true\"><\/span>\t\t\t\t\t\t\t<\/div>\n\t\t\t\t\t\t<\/div>\n\t\t\t\t\t<\/div>\n\t\t\t\t<\/div>\n\n\t\t\t<div\n\t\t\t\tclass=\"sow-accordion-panel-content\"\n\t\t\t\trole=\"region\"\n\t\t\t\taria-labelledby=\"accordion-label-leggi-di-pi%c3%b9\"\n\t\t\t\tid=\"accordion-content-leggi-di-pi%c3%b9\"\n\t\t\t\tstyle=\"display: none;\"\t\t\t>\n\t\t\t\t<div class=\"sow-accordion-panel-border\">\n\t\t\t\t\t<p>Oggi \u00e8 stato l'ultimo giorno qui a Sighetu Marmatiei. Abbiamo dedicato un paio di ore a una visita culturale della citt\u00e0. Questa citt\u00e0 \u00e8 un crocevia di popoli, culture e religioni. Qui convivono cattolici, greco cattolici e ortodossi. Rumeni, magiari, ucraini ed ebrei.<\/p>\n<p>In questa citt\u00e0 \u00e8 nato lo scrittore Elie Wiesel<span style=\"font-size: inherit\">, le cui riflessioni da alcuni anni mi ispirano. Nel maggio del 1944 inizi\u00f2 la deportazione degli ebrei dal ghetto di Sighetu Marmatiei da parte dell'esercito tedesco. Il quindicenne Elie ne sarebbe rimasto segnato nel profondo:<\/span><\/p>\n<p><em>\"Mai dimenticher\u00f2 quella notte, la prima notte nel campo, che ha fatto della mia vita una lunga notte e per sette volte sprangata.<\/em><br \/>\n<em>Mai dimenticher\u00f2 quel fumo.<\/em><br \/>\n<em>Mai dimenticher\u00f2 i piccoli volti dei bambini di cui avevo visto i corpi trasformarsi in volute di fumo sotto un cielo muto.<\/em><br \/>\n<em>Mai dimenticher\u00f2 quelle fiamme che bruciarono per sempre la mia Fede.<\/em><br \/>\n<em>Mai dimenticher\u00f2 quel silenzio notturno che mi ha tolto per l'eternit\u00e0 il desiderio di vivere.<\/em><br \/>\n<em>Mai dimenticher\u00f2 quegli istanti che assassinarono il mio Dio e la mia anima, e i miei sogni, che presero il volto del deserto.<\/em><br \/>\n<em>Mai dimenticher\u00f2 tutto ci\u00f2, anche se fossi condannato a vivere quanto Dio stesso. Mai.\"<\/em><\/p>\n<p>Colpisce come il luogo in cui 80 anni fa si compirono atti di intolleranza e deportazione oggi sia un centro nevralgico per l'accoglienza dei profughi Ucraini.<\/p>\n<p>Questo per me ha grande messaggio: i processi di pace producono risultati lenti ma sconvolgenti. E quando affiorano si distinguono per la loro sorprendente eccezionalit\u00e0.<\/p>\n<p>Non so cosa direbbe un grande uomo di pace come lui. Penso che sarebbe orgoglioso di essere nato in questa citt\u00e0 ora messa cos\u00ec alla prova e allo stesso tempo capace di rispondere con forza e sentimento. Non penso che ritroverebbe il Dio che ha perso, ma incontrerebbe occhi carichi di vita invece del fumo della morte.<\/p>\n<p>Ci sono monumenti, chiese, palazzi di grande bellezza e conoscere qualcosa di questo posto affascina e ispira.<\/p>\n<p>Abbiamo pranzato con alcuni piatti della tradizione popolare che sono super buoni.\u00a0Poi abbiamo ripreso le attivit\u00e0. La stanchezza si fa sentire e lo stress non aiuta a relazionarsi.<\/p>\n<p>Ci sono stati anche alcuni momenti di discussione tra di noi su come gestire il rientro. Come organizzarsi con le persone che porteremo in Italia e chi portare. Ma parlando si risolve tutto, e il dialogo si conferma sempre il migliore strumento.<\/p>\n<p>Alla fine sei persone hanno manifestato la volont\u00e0 di venite in Italia e restarci in stabile. Siamo molto felici di poter fare questo. Domani mattina alle 8.30 partiremo e faremo tappa per la notte a Budapest, dato che ci sono anche anziani e ragazzi. Pagheremo le stanze con i una piccola parte dei fondi a cui molti molti di voi hanno partecipato. E colgo qui l'occasione per ringraziarvi di cuore.<\/p>\n<p>Queste persone riceveranno un alloggio a Trento e saranno seguiti in percorsi di inserimento. E parlando con loro si capisce bene che \u00e8 quello che vorrebbero.<\/p>\n<p>Mi preoccupa la frontiera con l'Ungheria perch\u00e9 all'andata le file per uscire dalla Romani erano lunghe centinai di metri. Speriamo la situazione sia agevole .<\/p>\n<p>Per cena abbiamo cucinato la pasta al tonno per i volontari che lavorano nella struttura. \u00c8 stato un momento di grande cordialit\u00e0 e amicizia. \u00c8 stato molto bello. Tanti sono commossi che domani partiamo. C'\u00e8 stato un fittissimo scambio di numeri di telefono. Qui a Sighetu ho una piccola comunit\u00e0 di amici. E ne sono felice.<\/p>\n<p>Una signora Ucraina che fa la farmacista mi ha detto con Google traduttore che \u00e8 dispiaciuta che partiamo senza di lei. Lei vorrebbe andare in Spagna. Ma noi non abbiamo le risorse per portarla l\u00ec. Ci guardava intensamente e ci ha salutato.\u00a0 Capiva che la situazione era complessa. Qui nessuno di noi pu\u00f2 risolvere tutto o aiutare tutti. Ci vuole empatia e realismo. Non bisogna scoraggiarsi.<\/p>\n<p>Vado a letto che sto crollando. Domani alle 8 partiamo.\u00a0Buonanotte.\u00bb<\/p>\n\t\t\t\t<\/div>\n\t\t\t<\/div>\n\t\t<\/div>\n\t\t<\/div>\n<\/div>\n<\/div><\/div><\/div><div id=\"pgc-10969-5-1\"  class=\"panel-grid-cell\" ><div id=\"panel-10969-5-1-0\" class=\"so-panel widget widget_media_image panel-first-child panel-last-child\" data-index=\"15\" ><img loading=\"lazy\" decoding=\"async\" width=\"300\" height=\"284\" src=\"https:\/\/www.diocesitn.it\/area-testimonianza\/wp-content\/uploads\/sites\/37\/2022\/03\/WhatsApp-Image-2022-03-15-at-10.31.43-300x284.jpeg\" class=\"image wp-image-10976  attachment-medium size-medium\" alt=\"\" style=\"max-width: 100%; height: auto;\" srcset=\"https:\/\/www.diocesitn.it\/area-testimonianza\/wp-content\/uploads\/sites\/37\/2022\/03\/WhatsApp-Image-2022-03-15-at-10.31.43-300x284.jpeg 300w, https:\/\/www.diocesitn.it\/area-testimonianza\/wp-content\/uploads\/sites\/37\/2022\/03\/WhatsApp-Image-2022-03-15-at-10.31.43-296x280.jpeg 296w, https:\/\/www.diocesitn.it\/area-testimonianza\/wp-content\/uploads\/sites\/37\/2022\/03\/WhatsApp-Image-2022-03-15-at-10.31.43.jpeg 544w\" sizes=\"auto, (max-width: 300px) 100vw, 300px\" \/><\/div><\/div><\/div><\/div>","protected":false},"excerpt":{"rendered":"<p>Partito il 10 marzo scorso con due amici, perch\u00e9 \u00abnon \u00e8 possibile stare a casa a far finta di niente\u00bb. Davide Menguzzato, 22 anni di Trento, alla guida di un furgone, dopo due giorni di<\/p>\n","protected":false},"author":4,"featured_media":10975,"comment_status":"closed","ping_status":"closed","sticky":false,"template":"","format":"standard","meta":{"footnotes":""},"categories":[1059,1074],"tags":[1967,1968,1489,1966],"class_list":["post-10969","post","type-post","status-publish","format-standard","has-post-thumbnail","hentry","category-servizio-caritas","category-notizie","tag-davide-menguzzato","tag-diario","tag-emergenza","tag-ucraina"],"acf":{"seed-localization-paese-cod":"IT","seed-localization-address":"","seed-localization-citta":"Trento","seed-localization-regione-cod-istat":"04","seed-localization-citta-cod-istat":"022205","seed-localization-localita":"","seed-localization-cap":"","seed-localization-marker-visibility":false,"seed-localization-children-visibility":false,"seed-localization-kml":"","seed-localization-custom-marker":""},"yoast_head":"<!-- This site is optimized with the Yoast SEO Premium plugin v20.2.1 (Yoast SEO v22.2) - https:\/\/yoast.com\/wordpress\/plugins\/seo\/ -->\n<title>Dal confine ucraino il diario di Davide Menguzzato, volontario trentino in aiuto ai profughi - Testimonianza e Impegno sociale<\/title>\n<meta name=\"robots\" content=\"index, follow, max-snippet:-1, max-image-preview:large, max-video-preview:-1\" \/>\n<link rel=\"canonical\" href=\"https:\/\/www.diocesitn.it\/area-testimonianza\/2022\/03\/16\/dal-confine-ucraino-il-diario-di-davide-menguzzato-volontario-trentino-in-aiuto-ai-profughi\/\" \/>\n<meta property=\"og:locale\" content=\"it_IT\" \/>\n<meta property=\"og:type\" content=\"article\" \/>\n<meta property=\"og:title\" content=\"Dal confine ucraino il diario di Davide Menguzzato, volontario trentino in aiuto ai profughi\" \/>\n<meta property=\"og:description\" content=\"Partito il 10 marzo scorso con due amici, perch\u00e9 \u00abnon \u00e8 possibile stare a casa a far finta di niente\u00bb. Davide Menguzzato, 22 anni di Trento, alla guida di un furgone, dopo due giorni di\" \/>\n<meta property=\"og:url\" content=\"https:\/\/www.diocesitn.it\/area-testimonianza\/2022\/03\/16\/dal-confine-ucraino-il-diario-di-davide-menguzzato-volontario-trentino-in-aiuto-ai-profughi\/\" \/>\n<meta property=\"og:site_name\" content=\"Testimonianza e Impegno sociale\" \/>\n<meta property=\"article:published_time\" content=\"2022-03-16T15:58:45+00:00\" \/>\n<meta property=\"article:modified_time\" content=\"2024-11-14T10:25:19+00:00\" \/>\n<meta property=\"og:image\" content=\"https:\/\/www.diocesitn.it\/area-testimonianza\/wp-content\/uploads\/sites\/37\/2022\/03\/WhatsApp-Image-2022-03-15-at-10.28.42.jpeg\" \/>\n\t<meta property=\"og:image:width\" content=\"2048\" \/>\n\t<meta property=\"og:image:height\" content=\"1536\" \/>\n\t<meta property=\"og:image:type\" content=\"image\/jpeg\" \/>\n<meta name=\"author\" content=\"Claudia Dorigoni\" \/>\n<meta name=\"twitter:card\" content=\"summary_large_image\" \/>\n<meta name=\"twitter:label1\" content=\"Scritto da\" \/>\n\t<meta name=\"twitter:data1\" content=\"Claudia Dorigoni\" \/>\n\t<meta name=\"twitter:label2\" content=\"Tempo di lettura stimato\" \/>\n\t<meta name=\"twitter:data2\" content=\"3 minuti\" \/>\n<script type=\"application\/ld+json\" class=\"yoast-schema-graph\">{\"@context\":\"https:\/\/schema.org\",\"@graph\":[{\"@type\":\"Article\",\"@id\":\"https:\/\/www.diocesitn.it\/area-testimonianza\/2022\/03\/16\/dal-confine-ucraino-il-diario-di-davide-menguzzato-volontario-trentino-in-aiuto-ai-profughi\/#article\",\"isPartOf\":{\"@id\":\"https:\/\/www.diocesitn.it\/area-testimonianza\/2022\/03\/16\/dal-confine-ucraino-il-diario-di-davide-menguzzato-volontario-trentino-in-aiuto-ai-profughi\/\"},\"author\":{\"name\":\"Claudia Dorigoni\",\"@id\":\"https:\/\/www.diocesitn.it\/area-testimonianza\/#\/schema\/person\/5467191b81c25706baf09a59aab380a5\"},\"headline\":\"Dal confine ucraino il diario di Davide Menguzzato, volontario trentino in aiuto ai profughi\",\"datePublished\":\"2022-03-16T15:58:45+00:00\",\"dateModified\":\"2024-11-14T10:25:19+00:00\",\"mainEntityOfPage\":{\"@id\":\"https:\/\/www.diocesitn.it\/area-testimonianza\/2022\/03\/16\/dal-confine-ucraino-il-diario-di-davide-menguzzato-volontario-trentino-in-aiuto-ai-profughi\/\"},\"wordCount\":557,\"publisher\":{\"@id\":\"https:\/\/www.diocesitn.it\/area-testimonianza\/#organization\"},\"image\":{\"@id\":\"https:\/\/www.diocesitn.it\/area-testimonianza\/2022\/03\/16\/dal-confine-ucraino-il-diario-di-davide-menguzzato-volontario-trentino-in-aiuto-ai-profughi\/#primaryimage\"},\"thumbnailUrl\":\"https:\/\/www.diocesitn.it\/area-testimonianza\/wp-content\/uploads\/sites\/37\/2022\/03\/WhatsApp-Image-2022-03-15-at-10.28.42.jpeg\",\"keywords\":[\"Davide Menguzzato\",\"diario\",\"emergenza\",\"Ucraina\"],\"articleSection\":[\"Caritas diocesana\",\"Notizie\"],\"inLanguage\":\"it-IT\",\"copyrightYear\":\"2022\",\"copyrightHolder\":{\"@id\":\"https:\/\/www.diocesitn.it\/#organization\"}},{\"@type\":\"WebPage\",\"@id\":\"https:\/\/www.diocesitn.it\/area-testimonianza\/2022\/03\/16\/dal-confine-ucraino-il-diario-di-davide-menguzzato-volontario-trentino-in-aiuto-ai-profughi\/\",\"url\":\"https:\/\/www.diocesitn.it\/area-testimonianza\/2022\/03\/16\/dal-confine-ucraino-il-diario-di-davide-menguzzato-volontario-trentino-in-aiuto-ai-profughi\/\",\"name\":\"Dal confine ucraino il diario di Davide Menguzzato, volontario trentino in aiuto ai profughi - Testimonianza e Impegno sociale\",\"isPartOf\":{\"@id\":\"https:\/\/www.diocesitn.it\/area-testimonianza\/#website\"},\"primaryImageOfPage\":{\"@id\":\"https:\/\/www.diocesitn.it\/area-testimonianza\/2022\/03\/16\/dal-confine-ucraino-il-diario-di-davide-menguzzato-volontario-trentino-in-aiuto-ai-profughi\/#primaryimage\"},\"image\":{\"@id\":\"https:\/\/www.diocesitn.it\/area-testimonianza\/2022\/03\/16\/dal-confine-ucraino-il-diario-di-davide-menguzzato-volontario-trentino-in-aiuto-ai-profughi\/#primaryimage\"},\"thumbnailUrl\":\"https:\/\/www.diocesitn.it\/area-testimonianza\/wp-content\/uploads\/sites\/37\/2022\/03\/WhatsApp-Image-2022-03-15-at-10.28.42.jpeg\",\"datePublished\":\"2022-03-16T15:58:45+00:00\",\"dateModified\":\"2024-11-14T10:25:19+00:00\",\"breadcrumb\":{\"@id\":\"https:\/\/www.diocesitn.it\/area-testimonianza\/2022\/03\/16\/dal-confine-ucraino-il-diario-di-davide-menguzzato-volontario-trentino-in-aiuto-ai-profughi\/#breadcrumb\"},\"inLanguage\":\"it-IT\",\"potentialAction\":[{\"@type\":\"ReadAction\",\"target\":[\"https:\/\/www.diocesitn.it\/area-testimonianza\/2022\/03\/16\/dal-confine-ucraino-il-diario-di-davide-menguzzato-volontario-trentino-in-aiuto-ai-profughi\/\"]}]},{\"@type\":\"ImageObject\",\"inLanguage\":\"it-IT\",\"@id\":\"https:\/\/www.diocesitn.it\/area-testimonianza\/2022\/03\/16\/dal-confine-ucraino-il-diario-di-davide-menguzzato-volontario-trentino-in-aiuto-ai-profughi\/#primaryimage\",\"url\":\"https:\/\/www.diocesitn.it\/area-testimonianza\/wp-content\/uploads\/sites\/37\/2022\/03\/WhatsApp-Image-2022-03-15-at-10.28.42.jpeg\",\"contentUrl\":\"https:\/\/www.diocesitn.it\/area-testimonianza\/wp-content\/uploads\/sites\/37\/2022\/03\/WhatsApp-Image-2022-03-15-at-10.28.42.jpeg\",\"width\":2048,\"height\":1536},{\"@type\":\"BreadcrumbList\",\"@id\":\"https:\/\/www.diocesitn.it\/area-testimonianza\/2022\/03\/16\/dal-confine-ucraino-il-diario-di-davide-menguzzato-volontario-trentino-in-aiuto-ai-profughi\/#breadcrumb\",\"itemListElement\":[{\"@type\":\"ListItem\",\"position\":1,\"name\":\"Home\",\"item\":\"https:\/\/www.diocesitn.it\/area-testimonianza\/\"},{\"@type\":\"ListItem\",\"position\":2,\"name\":\"Dal confine ucraino il diario di Davide Menguzzato, volontario trentino in aiuto ai profughi\"}]},{\"@type\":\"WebSite\",\"@id\":\"https:\/\/www.diocesitn.it\/area-testimonianza\/#website\",\"url\":\"https:\/\/www.diocesitn.it\/area-testimonianza\/\",\"name\":\"Testimonianza e Impegno sociale\",\"description\":\"Chiesa di Trento\",\"publisher\":{\"@id\":\"https:\/\/www.diocesitn.it\/area-testimonianza\/#organization\"},\"potentialAction\":[{\"@type\":\"SearchAction\",\"target\":{\"@type\":\"EntryPoint\",\"urlTemplate\":\"https:\/\/www.diocesitn.it\/area-testimonianza\/?s={search_term_string}\"},\"query-input\":\"required name=search_term_string\"}],\"inLanguage\":\"it-IT\"},{\"@type\":[\"Organization\",\"Place\"],\"@id\":\"https:\/\/www.diocesitn.it\/area-testimonianza\/#organization\",\"name\":\"Area Testimonianza e Impegno Sociale - Chiesa di Trento\",\"url\":\"https:\/\/www.diocesitn.it\/area-testimonianza\/\",\"logo\":{\"@id\":\"https:\/\/www.diocesitn.it\/area-testimonianza\/2022\/03\/16\/dal-confine-ucraino-il-diario-di-davide-menguzzato-volontario-trentino-in-aiuto-ai-profughi\/#local-main-organization-logo\"},\"image\":{\"@id\":\"https:\/\/www.diocesitn.it\/area-testimonianza\/2022\/03\/16\/dal-confine-ucraino-il-diario-di-davide-menguzzato-volontario-trentino-in-aiuto-ai-profughi\/#local-main-organization-logo\"},\"openingHoursSpecification\":[{\"@type\":\"OpeningHoursSpecification\",\"dayOfWeek\":[\"Monday\",\"Tuesday\",\"Wednesday\",\"Thursday\",\"Friday\",\"Saturday\",\"Sunday\"],\"opens\":\"09:00\",\"closes\":\"17:00\"}]},{\"@type\":\"ImageObject\",\"inLanguage\":\"it-IT\",\"@id\":\"https:\/\/www.diocesitn.it\/area-testimonianza\/2022\/03\/16\/dal-confine-ucraino-il-diario-di-davide-menguzzato-volontario-trentino-in-aiuto-ai-profughi\/#local-main-organization-logo\",\"url\":\"https:\/\/www.diocesitn.it\/area-testimonianza\/wp-content\/uploads\/sites\/37\/2021\/09\/og-logo-testimonianza-e-impegno-sociale.jpg\",\"contentUrl\":\"https:\/\/www.diocesitn.it\/area-testimonianza\/wp-content\/uploads\/sites\/37\/2021\/09\/og-logo-testimonianza-e-impegno-sociale.jpg\",\"width\":1200,\"height\":630,\"caption\":\"Area Testimonianza e Impegno Sociale - Chiesa di Trento\"}]}<\/script>\n<!-- \/ Yoast SEO Premium plugin. -->","yoast_head_json":{"title":"Dal confine ucraino il diario di Davide Menguzzato, volontario trentino in aiuto ai profughi - Testimonianza e Impegno sociale","robots":{"index":"index","follow":"follow","max-snippet":"max-snippet:-1","max-image-preview":"max-image-preview:large","max-video-preview":"max-video-preview:-1"},"canonical":"https:\/\/www.diocesitn.it\/area-testimonianza\/2022\/03\/16\/dal-confine-ucraino-il-diario-di-davide-menguzzato-volontario-trentino-in-aiuto-ai-profughi\/","og_locale":"it_IT","og_type":"article","og_title":"Dal confine ucraino il diario di Davide Menguzzato, volontario trentino in aiuto ai profughi","og_description":"Partito il 10 marzo scorso con due amici, perch\u00e9 \u00abnon \u00e8 possibile stare a casa a far finta di niente\u00bb. Davide Menguzzato, 22 anni di Trento, alla guida di un furgone, dopo due giorni di","og_url":"https:\/\/www.diocesitn.it\/area-testimonianza\/2022\/03\/16\/dal-confine-ucraino-il-diario-di-davide-menguzzato-volontario-trentino-in-aiuto-ai-profughi\/","og_site_name":"Testimonianza e Impegno sociale","article_published_time":"2022-03-16T15:58:45+00:00","article_modified_time":"2024-11-14T10:25:19+00:00","og_image":[{"width":2048,"height":1536,"url":"https:\/\/www.diocesitn.it\/area-testimonianza\/wp-content\/uploads\/sites\/37\/2022\/03\/WhatsApp-Image-2022-03-15-at-10.28.42.jpeg","type":"image\/jpeg"}],"author":"Claudia Dorigoni","twitter_card":"summary_large_image","twitter_misc":{"Scritto da":"Claudia Dorigoni","Tempo di lettura stimato":"3 minuti"},"schema":{"@context":"https:\/\/schema.org","@graph":[{"@type":"Article","@id":"https:\/\/www.diocesitn.it\/area-testimonianza\/2022\/03\/16\/dal-confine-ucraino-il-diario-di-davide-menguzzato-volontario-trentino-in-aiuto-ai-profughi\/#article","isPartOf":{"@id":"https:\/\/www.diocesitn.it\/area-testimonianza\/2022\/03\/16\/dal-confine-ucraino-il-diario-di-davide-menguzzato-volontario-trentino-in-aiuto-ai-profughi\/"},"author":{"name":"Claudia Dorigoni","@id":"https:\/\/www.diocesitn.it\/area-testimonianza\/#\/schema\/person\/5467191b81c25706baf09a59aab380a5"},"headline":"Dal confine ucraino il diario di Davide Menguzzato, volontario trentino in aiuto ai profughi","datePublished":"2022-03-16T15:58:45+00:00","dateModified":"2024-11-14T10:25:19+00:00","mainEntityOfPage":{"@id":"https:\/\/www.diocesitn.it\/area-testimonianza\/2022\/03\/16\/dal-confine-ucraino-il-diario-di-davide-menguzzato-volontario-trentino-in-aiuto-ai-profughi\/"},"wordCount":557,"publisher":{"@id":"https:\/\/www.diocesitn.it\/area-testimonianza\/#organization"},"image":{"@id":"https:\/\/www.diocesitn.it\/area-testimonianza\/2022\/03\/16\/dal-confine-ucraino-il-diario-di-davide-menguzzato-volontario-trentino-in-aiuto-ai-profughi\/#primaryimage"},"thumbnailUrl":"https:\/\/www.diocesitn.it\/area-testimonianza\/wp-content\/uploads\/sites\/37\/2022\/03\/WhatsApp-Image-2022-03-15-at-10.28.42.jpeg","keywords":["Davide Menguzzato","diario","emergenza","Ucraina"],"articleSection":["Caritas diocesana","Notizie"],"inLanguage":"it-IT","copyrightYear":"2022","copyrightHolder":{"@id":"https:\/\/www.diocesitn.it\/#organization"}},{"@type":"WebPage","@id":"https:\/\/www.diocesitn.it\/area-testimonianza\/2022\/03\/16\/dal-confine-ucraino-il-diario-di-davide-menguzzato-volontario-trentino-in-aiuto-ai-profughi\/","url":"https:\/\/www.diocesitn.it\/area-testimonianza\/2022\/03\/16\/dal-confine-ucraino-il-diario-di-davide-menguzzato-volontario-trentino-in-aiuto-ai-profughi\/","name":"Dal confine ucraino il diario di Davide Menguzzato, volontario trentino in aiuto ai profughi - Testimonianza e Impegno sociale","isPartOf":{"@id":"https:\/\/www.diocesitn.it\/area-testimonianza\/#website"},"primaryImageOfPage":{"@id":"https:\/\/www.diocesitn.it\/area-testimonianza\/2022\/03\/16\/dal-confine-ucraino-il-diario-di-davide-menguzzato-volontario-trentino-in-aiuto-ai-profughi\/#primaryimage"},"image":{"@id":"https:\/\/www.diocesitn.it\/area-testimonianza\/2022\/03\/16\/dal-confine-ucraino-il-diario-di-davide-menguzzato-volontario-trentino-in-aiuto-ai-profughi\/#primaryimage"},"thumbnailUrl":"https:\/\/www.diocesitn.it\/area-testimonianza\/wp-content\/uploads\/sites\/37\/2022\/03\/WhatsApp-Image-2022-03-15-at-10.28.42.jpeg","datePublished":"2022-03-16T15:58:45+00:00","dateModified":"2024-11-14T10:25:19+00:00","breadcrumb":{"@id":"https:\/\/www.diocesitn.it\/area-testimonianza\/2022\/03\/16\/dal-confine-ucraino-il-diario-di-davide-menguzzato-volontario-trentino-in-aiuto-ai-profughi\/#breadcrumb"},"inLanguage":"it-IT","potentialAction":[{"@type":"ReadAction","target":["https:\/\/www.diocesitn.it\/area-testimonianza\/2022\/03\/16\/dal-confine-ucraino-il-diario-di-davide-menguzzato-volontario-trentino-in-aiuto-ai-profughi\/"]}]},{"@type":"ImageObject","inLanguage":"it-IT","@id":"https:\/\/www.diocesitn.it\/area-testimonianza\/2022\/03\/16\/dal-confine-ucraino-il-diario-di-davide-menguzzato-volontario-trentino-in-aiuto-ai-profughi\/#primaryimage","url":"https:\/\/www.diocesitn.it\/area-testimonianza\/wp-content\/uploads\/sites\/37\/2022\/03\/WhatsApp-Image-2022-03-15-at-10.28.42.jpeg","contentUrl":"https:\/\/www.diocesitn.it\/area-testimonianza\/wp-content\/uploads\/sites\/37\/2022\/03\/WhatsApp-Image-2022-03-15-at-10.28.42.jpeg","width":2048,"height":1536},{"@type":"BreadcrumbList","@id":"https:\/\/www.diocesitn.it\/area-testimonianza\/2022\/03\/16\/dal-confine-ucraino-il-diario-di-davide-menguzzato-volontario-trentino-in-aiuto-ai-profughi\/#breadcrumb","itemListElement":[{"@type":"ListItem","position":1,"name":"Home","item":"https:\/\/www.diocesitn.it\/area-testimonianza\/"},{"@type":"ListItem","position":2,"name":"Dal confine ucraino il diario di Davide Menguzzato, volontario trentino in aiuto ai profughi"}]},{"@type":"WebSite","@id":"https:\/\/www.diocesitn.it\/area-testimonianza\/#website","url":"https:\/\/www.diocesitn.it\/area-testimonianza\/","name":"Testimonianza e Impegno sociale","description":"Chiesa di Trento","publisher":{"@id":"https:\/\/www.diocesitn.it\/area-testimonianza\/#organization"},"potentialAction":[{"@type":"SearchAction","target":{"@type":"EntryPoint","urlTemplate":"https:\/\/www.diocesitn.it\/area-testimonianza\/?s={search_term_string}"},"query-input":"required name=search_term_string"}],"inLanguage":"it-IT"},{"@type":["Organization","Place"],"@id":"https:\/\/www.diocesitn.it\/area-testimonianza\/#organization","name":"Area Testimonianza e Impegno Sociale - Chiesa di Trento","url":"https:\/\/www.diocesitn.it\/area-testimonianza\/","logo":{"@id":"https:\/\/www.diocesitn.it\/area-testimonianza\/2022\/03\/16\/dal-confine-ucraino-il-diario-di-davide-menguzzato-volontario-trentino-in-aiuto-ai-profughi\/#local-main-organization-logo"},"image":{"@id":"https:\/\/www.diocesitn.it\/area-testimonianza\/2022\/03\/16\/dal-confine-ucraino-il-diario-di-davide-menguzzato-volontario-trentino-in-aiuto-ai-profughi\/#local-main-organization-logo"},"openingHoursSpecification":[{"@type":"OpeningHoursSpecification","dayOfWeek":["Monday","Tuesday","Wednesday","Thursday","Friday","Saturday","Sunday"],"opens":"09:00","closes":"17:00"}]},{"@type":"ImageObject","inLanguage":"it-IT","@id":"https:\/\/www.diocesitn.it\/area-testimonianza\/2022\/03\/16\/dal-confine-ucraino-il-diario-di-davide-menguzzato-volontario-trentino-in-aiuto-ai-profughi\/#local-main-organization-logo","url":"https:\/\/www.diocesitn.it\/area-testimonianza\/wp-content\/uploads\/sites\/37\/2021\/09\/og-logo-testimonianza-e-impegno-sociale.jpg","contentUrl":"https:\/\/www.diocesitn.it\/area-testimonianza\/wp-content\/uploads\/sites\/37\/2021\/09\/og-logo-testimonianza-e-impegno-sociale.jpg","width":1200,"height":630,"caption":"Area Testimonianza e Impegno Sociale - Chiesa di Trento"}]}},"_links":{"self":[{"href":"https:\/\/www.diocesitn.it\/area-testimonianza\/wp-json\/wp\/v2\/posts\/10969","targetHints":{"allow":["GET"]}}],"collection":[{"href":"https:\/\/www.diocesitn.it\/area-testimonianza\/wp-json\/wp\/v2\/posts"}],"about":[{"href":"https:\/\/www.diocesitn.it\/area-testimonianza\/wp-json\/wp\/v2\/types\/post"}],"author":[{"embeddable":true,"href":"https:\/\/www.diocesitn.it\/area-testimonianza\/wp-json\/wp\/v2\/users\/4"}],"replies":[{"embeddable":true,"href":"https:\/\/www.diocesitn.it\/area-testimonianza\/wp-json\/wp\/v2\/comments?post=10969"}],"version-history":[{"count":3,"href":"https:\/\/www.diocesitn.it\/area-testimonianza\/wp-json\/wp\/v2\/posts\/10969\/revisions"}],"predecessor-version":[{"id":11006,"href":"https:\/\/www.diocesitn.it\/area-testimonianza\/wp-json\/wp\/v2\/posts\/10969\/revisions\/11006"}],"wp:featuredmedia":[{"embeddable":true,"href":"https:\/\/www.diocesitn.it\/area-testimonianza\/wp-json\/wp\/v2\/media\/10975"}],"wp:attachment":[{"href":"https:\/\/www.diocesitn.it\/area-testimonianza\/wp-json\/wp\/v2\/media?parent=10969"}],"wp:term":[{"taxonomy":"category","embeddable":true,"href":"https:\/\/www.diocesitn.it\/area-testimonianza\/wp-json\/wp\/v2\/categories?post=10969"},{"taxonomy":"post_tag","embeddable":true,"href":"https:\/\/www.diocesitn.it\/area-testimonianza\/wp-json\/wp\/v2\/tags?post=10969"}],"curies":[{"name":"wp","href":"https:\/\/api.w.org\/{rel}","templated":true}]}}