{"id":10663,"date":"2022-02-04T11:31:50","date_gmt":"2022-02-04T10:31:50","guid":{"rendered":"https:\/\/www.diocesitn.it\/area-testimonianza\/?p=10663"},"modified":"2022-02-15T09:15:28","modified_gmt":"2022-02-15T08:15:28","slug":"incontro-on-line-centro-kuchinate-per-non-essere-piu-sole-in-israele","status":"publish","type":"post","link":"https:\/\/www.diocesitn.it\/area-testimonianza\/2022\/02\/04\/incontro-on-line-centro-kuchinate-per-non-essere-piu-sole-in-israele\/","title":{"rendered":"Incontro on line. Centro Kuchinate. Per non essere pi\u00f9 sole in Israele"},"content":{"rendered":"<p>Attraverso il Centro Missionario, la comunit\u00e0 trentina sostiene gi\u00e0 da qualche tempo il<a href=\"https:\/\/www.diocesitn.it\/area-testimonianza\/centro-missionario-diocesano\/progetti-sostenuti-dal-centro-missionario\/israele-kuchinate\/\"> Centro Kuchinate<\/a> che offre supporto alle immigrate africane richiedenti asilo in Israele.<\/p>\n<p>Considerando che l\u20198 febbraio sar\u00e0 la Giornata contro la tratta, ci sembra bello poter dar voce a delle donne che con grandi sacrifici e forza d\u2019animo lottano per ottenere dignit\u00e0 e visibilit\u00e0.<\/p>\n<p>&nbsp;<\/p>\n<p style=\"text-align: center\">Vi invitiamo quindi a partecipare all\u2019incontro online<\/p>\n<p style=\"text-align: center\"><a href=\"https:\/\/www.diocesitn.it\/area-testimonianza\/wp-content\/uploads\/sites\/37\/2022\/02\/2022.02.10-incontro-on-line-kuchinate.jpg\" target=\"_blank\" rel=\"noopener\"><strong>Centro Kuchinate. Per non essere pi\u00f9 sole in Israele<\/strong><\/a><\/p>\n<p style=\"text-align: center\"><strong>gioved\u00ec 10 febbraio ad ore 20.00<\/strong><\/p>\n<p style=\"text-align: center\">intervengono le fondatrici e le donne del Centro<\/p>\n<p>&nbsp;<\/p>\n<ul>\n<li>Per collegarsi in diretta via zoom<\/li>\n<\/ul>\n<p style=\"padding-left: 40px\"><a href=\"https:\/\/us06web.zoom.us\/j\/84631534445?pwd=VGVMY1JGZzBGcU5OaVhMR28zSVd1dz09\">https:\/\/us06web.zoom.us\/j\/84631534445?pwd=VGVMY1JGZzBGcU5OaVhMR28zSVd1dz09<\/a><br \/>\nID riunione: 846 3153 4445<br \/>\nPasscode: 793799<\/p>\n<ul>\n<li>Per vedere in diretta o per rivedere l\u2019incontro:\u00a0<a href=\"https:\/\/www.youtube.com\/watch?v=FQNmdFFD0Po\">Centro Kuchinate \u2013 YouTube<\/a><\/li>\n<\/ul>\n","protected":false},"excerpt":{"rendered":"<p>Attraverso il Centro Missionario, la comunit\u00e0 trentina sostiene gi\u00e0 da qualche tempo il Centro Kuchinate che offre supporto alle immigrate africane richiedenti asilo in Israele. Considerando che l\u20198 febbraio sar\u00e0 la Giornata contro la tratta,<\/p>\n","protected":false},"author":161,"featured_media":10658,"comment_status":"closed","ping_status":"closed","sticky":false,"template":"","format":"standard","meta":{"footnotes":""},"categories":[1074,1151],"tags":[1837,1941,1913],"class_list":["post-10663","post","type-post","status-publish","format-standard","has-post-thumbnail","hentry","category-notizie","category-servizio-missionario","tag-incontro-on-line","tag-israele","tag-progetti-di-punta"],"acf":{"seed-localization-paese-cod":"IT","seed-localization-address":"","seed-localization-citta":"Trento","seed-localization-regione-cod-istat":"04","seed-localization-citta-cod-istat":"022205","seed-localization-localita":"","seed-localization-cap":"","seed-localization-marker-visibility":false,"seed-localization-children-visibility":false,"seed-localization-kml":"","seed-localization-custom-marker":""},"yoast_head":"<!-- This site is optimized with the Yoast SEO Premium plugin v20.2.1 (Yoast SEO v22.2) - https:\/\/yoast.com\/wordpress\/plugins\/seo\/ -->\n<title>Incontro on line. Centro Kuchinate. Per non essere pi\u00f9 sole in Israele - Testimonianza e Impegno sociale<\/title>\n<meta name=\"robots\" content=\"index, follow, max-snippet:-1, max-image-preview:large, max-video-preview:-1\" \/>\n<link rel=\"canonical\" href=\"https:\/\/www.diocesitn.it\/area-testimonianza\/2022\/02\/04\/incontro-on-line-centro-kuchinate-per-non-essere-piu-sole-in-israele\/\" \/>\n<meta property=\"og:locale\" content=\"it_IT\" \/>\n<meta property=\"og:type\" content=\"article\" \/>\n<meta property=\"og:title\" content=\"Incontro on line. Centro Kuchinate. Per non essere pi\u00f9 sole in Israele\" \/>\n<meta property=\"og:description\" content=\"Attraverso il Centro Missionario, la comunit\u00e0 trentina sostiene gi\u00e0 da qualche tempo il Centro Kuchinate che offre supporto alle immigrate africane richiedenti asilo in Israele. Considerando che l\u20198 febbraio sar\u00e0 la Giornata contro la tratta,\" \/>\n<meta property=\"og:url\" content=\"https:\/\/www.diocesitn.it\/area-testimonianza\/2022\/02\/04\/incontro-on-line-centro-kuchinate-per-non-essere-piu-sole-in-israele\/\" \/>\n<meta property=\"og:site_name\" content=\"Testimonianza e Impegno sociale\" \/>\n<meta property=\"article:published_time\" content=\"2022-02-04T10:31:50+00:00\" \/>\n<meta property=\"article:modified_time\" content=\"2022-02-15T08:15:28+00:00\" \/>\n<meta property=\"og:image\" content=\"https:\/\/www.diocesitn.it\/area-testimonianza\/wp-content\/uploads\/sites\/37\/2022\/02\/foto-sito-2.jpg\" \/>\n\t<meta property=\"og:image:width\" content=\"495\" \/>\n\t<meta property=\"og:image:height\" content=\"370\" \/>\n\t<meta property=\"og:image:type\" content=\"image\/jpeg\" \/>\n<meta name=\"author\" content=\"smaule\" \/>\n<meta name=\"twitter:card\" content=\"summary_large_image\" \/>\n<meta name=\"twitter:label1\" content=\"Scritto da\" \/>\n\t<meta name=\"twitter:data1\" content=\"smaule\" \/>\n\t<meta name=\"twitter:label2\" content=\"Tempo di lettura stimato\" \/>\n\t<meta name=\"twitter:data2\" content=\"1 minuto\" \/>\n<script type=\"application\/ld+json\" class=\"yoast-schema-graph\">{\"@context\":\"https:\/\/schema.org\",\"@graph\":[{\"@type\":\"Article\",\"@id\":\"https:\/\/www.diocesitn.it\/area-testimonianza\/2022\/02\/04\/incontro-on-line-centro-kuchinate-per-non-essere-piu-sole-in-israele\/#article\",\"isPartOf\":{\"@id\":\"https:\/\/www.diocesitn.it\/area-testimonianza\/2022\/02\/04\/incontro-on-line-centro-kuchinate-per-non-essere-piu-sole-in-israele\/\"},\"author\":{\"name\":\"smaule\",\"@id\":\"https:\/\/www.diocesitn.it\/area-testimonianza\/#\/schema\/person\/bac489aafb7f98c1ca25f76c27174a95\"},\"headline\":\"Incontro on line. Centro Kuchinate. Per non essere pi\u00f9 sole in Israele\",\"datePublished\":\"2022-02-04T10:31:50+00:00\",\"dateModified\":\"2022-02-15T08:15:28+00:00\",\"mainEntityOfPage\":{\"@id\":\"https:\/\/www.diocesitn.it\/area-testimonianza\/2022\/02\/04\/incontro-on-line-centro-kuchinate-per-non-essere-piu-sole-in-israele\/\"},\"wordCount\":134,\"publisher\":{\"@id\":\"https:\/\/www.diocesitn.it\/area-testimonianza\/#organization\"},\"image\":{\"@id\":\"https:\/\/www.diocesitn.it\/area-testimonianza\/2022\/02\/04\/incontro-on-line-centro-kuchinate-per-non-essere-piu-sole-in-israele\/#primaryimage\"},\"thumbnailUrl\":\"https:\/\/www.diocesitn.it\/area-testimonianza\/wp-content\/uploads\/sites\/37\/2022\/02\/foto-sito-2.jpg\",\"keywords\":[\"incontro on line\",\"Israele\",\"progetti di punta\"],\"articleSection\":[\"Notizie\",\"Pastorale Missionaria\"],\"inLanguage\":\"it-IT\",\"copyrightYear\":\"2022\",\"copyrightHolder\":{\"@id\":\"https:\/\/www.diocesitn.it\/#organization\"}},{\"@type\":\"WebPage\",\"@id\":\"https:\/\/www.diocesitn.it\/area-testimonianza\/2022\/02\/04\/incontro-on-line-centro-kuchinate-per-non-essere-piu-sole-in-israele\/\",\"url\":\"https:\/\/www.diocesitn.it\/area-testimonianza\/2022\/02\/04\/incontro-on-line-centro-kuchinate-per-non-essere-piu-sole-in-israele\/\",\"name\":\"Incontro on line. Centro Kuchinate. Per non essere pi\u00f9 sole in Israele - Testimonianza e Impegno sociale\",\"isPartOf\":{\"@id\":\"https:\/\/www.diocesitn.it\/area-testimonianza\/#website\"},\"primaryImageOfPage\":{\"@id\":\"https:\/\/www.diocesitn.it\/area-testimonianza\/2022\/02\/04\/incontro-on-line-centro-kuchinate-per-non-essere-piu-sole-in-israele\/#primaryimage\"},\"image\":{\"@id\":\"https:\/\/www.diocesitn.it\/area-testimonianza\/2022\/02\/04\/incontro-on-line-centro-kuchinate-per-non-essere-piu-sole-in-israele\/#primaryimage\"},\"thumbnailUrl\":\"https:\/\/www.diocesitn.it\/area-testimonianza\/wp-content\/uploads\/sites\/37\/2022\/02\/foto-sito-2.jpg\",\"datePublished\":\"2022-02-04T10:31:50+00:00\",\"dateModified\":\"2022-02-15T08:15:28+00:00\",\"breadcrumb\":{\"@id\":\"https:\/\/www.diocesitn.it\/area-testimonianza\/2022\/02\/04\/incontro-on-line-centro-kuchinate-per-non-essere-piu-sole-in-israele\/#breadcrumb\"},\"inLanguage\":\"it-IT\",\"potentialAction\":[{\"@type\":\"ReadAction\",\"target\":[\"https:\/\/www.diocesitn.it\/area-testimonianza\/2022\/02\/04\/incontro-on-line-centro-kuchinate-per-non-essere-piu-sole-in-israele\/\"]}]},{\"@type\":\"ImageObject\",\"inLanguage\":\"it-IT\",\"@id\":\"https:\/\/www.diocesitn.it\/area-testimonianza\/2022\/02\/04\/incontro-on-line-centro-kuchinate-per-non-essere-piu-sole-in-israele\/#primaryimage\",\"url\":\"https:\/\/www.diocesitn.it\/area-testimonianza\/wp-content\/uploads\/sites\/37\/2022\/02\/foto-sito-2.jpg\",\"contentUrl\":\"https:\/\/www.diocesitn.it\/area-testimonianza\/wp-content\/uploads\/sites\/37\/2022\/02\/foto-sito-2.jpg\",\"width\":495,\"height\":370},{\"@type\":\"BreadcrumbList\",\"@id\":\"https:\/\/www.diocesitn.it\/area-testimonianza\/2022\/02\/04\/incontro-on-line-centro-kuchinate-per-non-essere-piu-sole-in-israele\/#breadcrumb\",\"itemListElement\":[{\"@type\":\"ListItem\",\"position\":1,\"name\":\"Home\",\"item\":\"https:\/\/www.diocesitn.it\/area-testimonianza\/\"},{\"@type\":\"ListItem\",\"position\":2,\"name\":\"Incontro on line. Centro Kuchinate. Per non essere pi\u00f9 sole in Israele\"}]},{\"@type\":\"WebSite\",\"@id\":\"https:\/\/www.diocesitn.it\/area-testimonianza\/#website\",\"url\":\"https:\/\/www.diocesitn.it\/area-testimonianza\/\",\"name\":\"Testimonianza e Impegno sociale\",\"description\":\"Chiesa di Trento\",\"publisher\":{\"@id\":\"https:\/\/www.diocesitn.it\/area-testimonianza\/#organization\"},\"potentialAction\":[{\"@type\":\"SearchAction\",\"target\":{\"@type\":\"EntryPoint\",\"urlTemplate\":\"https:\/\/www.diocesitn.it\/area-testimonianza\/?s={search_term_string}\"},\"query-input\":\"required name=search_term_string\"}],\"inLanguage\":\"it-IT\"},{\"@type\":[\"Organization\",\"Place\"],\"@id\":\"https:\/\/www.diocesitn.it\/area-testimonianza\/#organization\",\"name\":\"Area Testimonianza e Impegno Sociale - Chiesa di Trento\",\"url\":\"https:\/\/www.diocesitn.it\/area-testimonianza\/\",\"logo\":{\"@id\":\"https:\/\/www.diocesitn.it\/area-testimonianza\/2022\/02\/04\/incontro-on-line-centro-kuchinate-per-non-essere-piu-sole-in-israele\/#local-main-organization-logo\"},\"image\":{\"@id\":\"https:\/\/www.diocesitn.it\/area-testimonianza\/2022\/02\/04\/incontro-on-line-centro-kuchinate-per-non-essere-piu-sole-in-israele\/#local-main-organization-logo\"},\"openingHoursSpecification\":[{\"@type\":\"OpeningHoursSpecification\",\"dayOfWeek\":[\"Monday\",\"Tuesday\",\"Wednesday\",\"Thursday\",\"Friday\",\"Saturday\",\"Sunday\"],\"opens\":\"09:00\",\"closes\":\"17:00\"}]},{\"@type\":\"ImageObject\",\"inLanguage\":\"it-IT\",\"@id\":\"https:\/\/www.diocesitn.it\/area-testimonianza\/2022\/02\/04\/incontro-on-line-centro-kuchinate-per-non-essere-piu-sole-in-israele\/#local-main-organization-logo\",\"url\":\"https:\/\/www.diocesitn.it\/area-testimonianza\/wp-content\/uploads\/sites\/37\/2021\/09\/og-logo-testimonianza-e-impegno-sociale.jpg\",\"contentUrl\":\"https:\/\/www.diocesitn.it\/area-testimonianza\/wp-content\/uploads\/sites\/37\/2021\/09\/og-logo-testimonianza-e-impegno-sociale.jpg\",\"width\":1200,\"height\":630,\"caption\":\"Area Testimonianza e Impegno Sociale - Chiesa di Trento\"}]}<\/script>\n<!-- \/ Yoast SEO Premium plugin. -->","yoast_head_json":{"title":"Incontro on line. Centro Kuchinate. Per non essere pi\u00f9 sole in Israele - Testimonianza e Impegno sociale","robots":{"index":"index","follow":"follow","max-snippet":"max-snippet:-1","max-image-preview":"max-image-preview:large","max-video-preview":"max-video-preview:-1"},"canonical":"https:\/\/www.diocesitn.it\/area-testimonianza\/2022\/02\/04\/incontro-on-line-centro-kuchinate-per-non-essere-piu-sole-in-israele\/","og_locale":"it_IT","og_type":"article","og_title":"Incontro on line. Centro Kuchinate. Per non essere pi\u00f9 sole in Israele","og_description":"Attraverso il Centro Missionario, la comunit\u00e0 trentina sostiene gi\u00e0 da qualche tempo il Centro Kuchinate che offre supporto alle immigrate africane richiedenti asilo in Israele. Considerando che l\u20198 febbraio sar\u00e0 la Giornata contro la tratta,","og_url":"https:\/\/www.diocesitn.it\/area-testimonianza\/2022\/02\/04\/incontro-on-line-centro-kuchinate-per-non-essere-piu-sole-in-israele\/","og_site_name":"Testimonianza e Impegno sociale","article_published_time":"2022-02-04T10:31:50+00:00","article_modified_time":"2022-02-15T08:15:28+00:00","og_image":[{"width":495,"height":370,"url":"https:\/\/www.diocesitn.it\/area-testimonianza\/wp-content\/uploads\/sites\/37\/2022\/02\/foto-sito-2.jpg","type":"image\/jpeg"}],"author":"smaule","twitter_card":"summary_large_image","twitter_misc":{"Scritto da":"smaule","Tempo di lettura stimato":"1 minuto"},"schema":{"@context":"https:\/\/schema.org","@graph":[{"@type":"Article","@id":"https:\/\/www.diocesitn.it\/area-testimonianza\/2022\/02\/04\/incontro-on-line-centro-kuchinate-per-non-essere-piu-sole-in-israele\/#article","isPartOf":{"@id":"https:\/\/www.diocesitn.it\/area-testimonianza\/2022\/02\/04\/incontro-on-line-centro-kuchinate-per-non-essere-piu-sole-in-israele\/"},"author":{"name":"smaule","@id":"https:\/\/www.diocesitn.it\/area-testimonianza\/#\/schema\/person\/bac489aafb7f98c1ca25f76c27174a95"},"headline":"Incontro on line. Centro Kuchinate. Per non essere pi\u00f9 sole in Israele","datePublished":"2022-02-04T10:31:50+00:00","dateModified":"2022-02-15T08:15:28+00:00","mainEntityOfPage":{"@id":"https:\/\/www.diocesitn.it\/area-testimonianza\/2022\/02\/04\/incontro-on-line-centro-kuchinate-per-non-essere-piu-sole-in-israele\/"},"wordCount":134,"publisher":{"@id":"https:\/\/www.diocesitn.it\/area-testimonianza\/#organization"},"image":{"@id":"https:\/\/www.diocesitn.it\/area-testimonianza\/2022\/02\/04\/incontro-on-line-centro-kuchinate-per-non-essere-piu-sole-in-israele\/#primaryimage"},"thumbnailUrl":"https:\/\/www.diocesitn.it\/area-testimonianza\/wp-content\/uploads\/sites\/37\/2022\/02\/foto-sito-2.jpg","keywords":["incontro on line","Israele","progetti di punta"],"articleSection":["Notizie","Pastorale Missionaria"],"inLanguage":"it-IT","copyrightYear":"2022","copyrightHolder":{"@id":"https:\/\/www.diocesitn.it\/#organization"}},{"@type":"WebPage","@id":"https:\/\/www.diocesitn.it\/area-testimonianza\/2022\/02\/04\/incontro-on-line-centro-kuchinate-per-non-essere-piu-sole-in-israele\/","url":"https:\/\/www.diocesitn.it\/area-testimonianza\/2022\/02\/04\/incontro-on-line-centro-kuchinate-per-non-essere-piu-sole-in-israele\/","name":"Incontro on line. Centro Kuchinate. Per non essere pi\u00f9 sole in Israele - Testimonianza e Impegno sociale","isPartOf":{"@id":"https:\/\/www.diocesitn.it\/area-testimonianza\/#website"},"primaryImageOfPage":{"@id":"https:\/\/www.diocesitn.it\/area-testimonianza\/2022\/02\/04\/incontro-on-line-centro-kuchinate-per-non-essere-piu-sole-in-israele\/#primaryimage"},"image":{"@id":"https:\/\/www.diocesitn.it\/area-testimonianza\/2022\/02\/04\/incontro-on-line-centro-kuchinate-per-non-essere-piu-sole-in-israele\/#primaryimage"},"thumbnailUrl":"https:\/\/www.diocesitn.it\/area-testimonianza\/wp-content\/uploads\/sites\/37\/2022\/02\/foto-sito-2.jpg","datePublished":"2022-02-04T10:31:50+00:00","dateModified":"2022-02-15T08:15:28+00:00","breadcrumb":{"@id":"https:\/\/www.diocesitn.it\/area-testimonianza\/2022\/02\/04\/incontro-on-line-centro-kuchinate-per-non-essere-piu-sole-in-israele\/#breadcrumb"},"inLanguage":"it-IT","potentialAction":[{"@type":"ReadAction","target":["https:\/\/www.diocesitn.it\/area-testimonianza\/2022\/02\/04\/incontro-on-line-centro-kuchinate-per-non-essere-piu-sole-in-israele\/"]}]},{"@type":"ImageObject","inLanguage":"it-IT","@id":"https:\/\/www.diocesitn.it\/area-testimonianza\/2022\/02\/04\/incontro-on-line-centro-kuchinate-per-non-essere-piu-sole-in-israele\/#primaryimage","url":"https:\/\/www.diocesitn.it\/area-testimonianza\/wp-content\/uploads\/sites\/37\/2022\/02\/foto-sito-2.jpg","contentUrl":"https:\/\/www.diocesitn.it\/area-testimonianza\/wp-content\/uploads\/sites\/37\/2022\/02\/foto-sito-2.jpg","width":495,"height":370},{"@type":"BreadcrumbList","@id":"https:\/\/www.diocesitn.it\/area-testimonianza\/2022\/02\/04\/incontro-on-line-centro-kuchinate-per-non-essere-piu-sole-in-israele\/#breadcrumb","itemListElement":[{"@type":"ListItem","position":1,"name":"Home","item":"https:\/\/www.diocesitn.it\/area-testimonianza\/"},{"@type":"ListItem","position":2,"name":"Incontro on line. Centro Kuchinate. Per non essere pi\u00f9 sole in Israele"}]},{"@type":"WebSite","@id":"https:\/\/www.diocesitn.it\/area-testimonianza\/#website","url":"https:\/\/www.diocesitn.it\/area-testimonianza\/","name":"Testimonianza e Impegno sociale","description":"Chiesa di Trento","publisher":{"@id":"https:\/\/www.diocesitn.it\/area-testimonianza\/#organization"},"potentialAction":[{"@type":"SearchAction","target":{"@type":"EntryPoint","urlTemplate":"https:\/\/www.diocesitn.it\/area-testimonianza\/?s={search_term_string}"},"query-input":"required name=search_term_string"}],"inLanguage":"it-IT"},{"@type":["Organization","Place"],"@id":"https:\/\/www.diocesitn.it\/area-testimonianza\/#organization","name":"Area Testimonianza e Impegno Sociale - Chiesa di Trento","url":"https:\/\/www.diocesitn.it\/area-testimonianza\/","logo":{"@id":"https:\/\/www.diocesitn.it\/area-testimonianza\/2022\/02\/04\/incontro-on-line-centro-kuchinate-per-non-essere-piu-sole-in-israele\/#local-main-organization-logo"},"image":{"@id":"https:\/\/www.diocesitn.it\/area-testimonianza\/2022\/02\/04\/incontro-on-line-centro-kuchinate-per-non-essere-piu-sole-in-israele\/#local-main-organization-logo"},"openingHoursSpecification":[{"@type":"OpeningHoursSpecification","dayOfWeek":["Monday","Tuesday","Wednesday","Thursday","Friday","Saturday","Sunday"],"opens":"09:00","closes":"17:00"}]},{"@type":"ImageObject","inLanguage":"it-IT","@id":"https:\/\/www.diocesitn.it\/area-testimonianza\/2022\/02\/04\/incontro-on-line-centro-kuchinate-per-non-essere-piu-sole-in-israele\/#local-main-organization-logo","url":"https:\/\/www.diocesitn.it\/area-testimonianza\/wp-content\/uploads\/sites\/37\/2021\/09\/og-logo-testimonianza-e-impegno-sociale.jpg","contentUrl":"https:\/\/www.diocesitn.it\/area-testimonianza\/wp-content\/uploads\/sites\/37\/2021\/09\/og-logo-testimonianza-e-impegno-sociale.jpg","width":1200,"height":630,"caption":"Area Testimonianza e Impegno Sociale - Chiesa di Trento"}]}},"_links":{"self":[{"href":"https:\/\/www.diocesitn.it\/area-testimonianza\/wp-json\/wp\/v2\/posts\/10663","targetHints":{"allow":["GET"]}}],"collection":[{"href":"https:\/\/www.diocesitn.it\/area-testimonianza\/wp-json\/wp\/v2\/posts"}],"about":[{"href":"https:\/\/www.diocesitn.it\/area-testimonianza\/wp-json\/wp\/v2\/types\/post"}],"author":[{"embeddable":true,"href":"https:\/\/www.diocesitn.it\/area-testimonianza\/wp-json\/wp\/v2\/users\/161"}],"replies":[{"embeddable":true,"href":"https:\/\/www.diocesitn.it\/area-testimonianza\/wp-json\/wp\/v2\/comments?post=10663"}],"version-history":[{"count":3,"href":"https:\/\/www.diocesitn.it\/area-testimonianza\/wp-json\/wp\/v2\/posts\/10663\/revisions"}],"predecessor-version":[{"id":10668,"href":"https:\/\/www.diocesitn.it\/area-testimonianza\/wp-json\/wp\/v2\/posts\/10663\/revisions\/10668"}],"wp:featuredmedia":[{"embeddable":true,"href":"https:\/\/www.diocesitn.it\/area-testimonianza\/wp-json\/wp\/v2\/media\/10658"}],"wp:attachment":[{"href":"https:\/\/www.diocesitn.it\/area-testimonianza\/wp-json\/wp\/v2\/media?parent=10663"}],"wp:term":[{"taxonomy":"category","embeddable":true,"href":"https:\/\/www.diocesitn.it\/area-testimonianza\/wp-json\/wp\/v2\/categories?post=10663"},{"taxonomy":"post_tag","embeddable":true,"href":"https:\/\/www.diocesitn.it\/area-testimonianza\/wp-json\/wp\/v2\/tags?post=10663"}],"curies":[{"name":"wp","href":"https:\/\/api.w.org\/{rel}","templated":true}]}}