{"id":10587,"date":"2022-01-26T15:32:53","date_gmt":"2022-01-26T14:32:53","guid":{"rendered":"https:\/\/www.diocesitn.it\/area-testimonianza\/?p=10587"},"modified":"2025-04-10T11:55:37","modified_gmt":"2025-04-10T09:55:37","slug":"xxx-giornata-mondiale-del-malato-siate-misericordiosi-come-il-padre-vostro-e-misericordioso-lc-636-porsi-accanto-a-chi-soffre-in-un-cammino-di-carita","status":"publish","type":"post","link":"https:\/\/www.diocesitn.it\/area-testimonianza\/2022\/01\/26\/xxx-giornata-mondiale-del-malato-siate-misericordiosi-come-il-padre-vostro-e-misericordioso-lc-636-porsi-accanto-a-chi-soffre-in-un-cammino-di-carita\/","title":{"rendered":"XXX Giornata Mondiale del Malato. Papa Francesco: porsi accanto a chi soffre in un cammino di carit\u00e0"},"content":{"rendered":"<div id=\"attachment_10626\" style=\"width: 441px\" class=\"wp-caption alignright\"><a href=\"https:\/\/www.diocesitn.it\/area-testimonianza\/wp-content\/uploads\/sites\/37\/2022\/01\/Locandina-diocesana-GMM-2022-scaled.jpg\"><img loading=\"lazy\" decoding=\"async\" aria-describedby=\"caption-attachment-10626\" class=\"wp-image-10626\" src=\"https:\/\/www.diocesitn.it\/area-testimonianza\/wp-content\/uploads\/sites\/37\/2022\/01\/Locandina-diocesana-GMM-2022-724x1024.jpg\" alt=\"\" width=\"431\" height=\"610\" srcset=\"https:\/\/www.diocesitn.it\/area-testimonianza\/wp-content\/uploads\/sites\/37\/2022\/01\/Locandina-diocesana-GMM-2022-724x1024.jpg 724w, https:\/\/www.diocesitn.it\/area-testimonianza\/wp-content\/uploads\/sites\/37\/2022\/01\/Locandina-diocesana-GMM-2022-212x300.jpg 212w, https:\/\/www.diocesitn.it\/area-testimonianza\/wp-content\/uploads\/sites\/37\/2022\/01\/Locandina-diocesana-GMM-2022-768x1086.jpg 768w, https:\/\/www.diocesitn.it\/area-testimonianza\/wp-content\/uploads\/sites\/37\/2022\/01\/Locandina-diocesana-GMM-2022-198x280.jpg 198w, https:\/\/www.diocesitn.it\/area-testimonianza\/wp-content\/uploads\/sites\/37\/2022\/01\/Locandina-diocesana-GMM-2022-543x768.jpg 543w, https:\/\/www.diocesitn.it\/area-testimonianza\/wp-content\/uploads\/sites\/37\/2022\/01\/Locandina-diocesana-GMM-2022-1086x1536.jpg 1086w, https:\/\/www.diocesitn.it\/area-testimonianza\/wp-content\/uploads\/sites\/37\/2022\/01\/Locandina-diocesana-GMM-2022-1448x2048.jpg 1448w, https:\/\/www.diocesitn.it\/area-testimonianza\/wp-content\/uploads\/sites\/37\/2022\/01\/Locandina-diocesana-GMM-2022-800x1131.jpg 800w, https:\/\/www.diocesitn.it\/area-testimonianza\/wp-content\/uploads\/sites\/37\/2022\/01\/Locandina-diocesana-GMM-2022-1200x1697.jpg 1200w, https:\/\/www.diocesitn.it\/area-testimonianza\/wp-content\/uploads\/sites\/37\/2022\/01\/Locandina-diocesana-GMM-2022-1320x1866.jpg 1320w, https:\/\/www.diocesitn.it\/area-testimonianza\/wp-content\/uploads\/sites\/37\/2022\/01\/Locandina-diocesana-GMM-2022-scaled.jpg 1811w\" sizes=\"auto, (max-width: 431px) 100vw, 431px\" \/><\/a><p id=\"caption-attachment-10626\" class=\"wp-caption-text\">La locandina della preghiera diocesana<\/p><\/div>\n<p>Quando il 13 maggio 1992 san Giovanni Paolo II istituiva la Giornata Mondiale del Malato, ne definiva gli scopi. Da allora, ogni anno, la Giornata Mondiale del Malato ha posto l&#8217;accento su temi, situazioni, realt\u00e0 diverse, in un cammino ecclesiale condiviso.<\/p>\n<p><strong>Forza e tenerezza insieme nella cura\u00a0<\/strong><\/p>\n<p>Nel messaggio di quest&#8217;anno Papa Francesco si ispira al versetto di Luca (Lc 6,36) &#8220;Siate misericordiosi, come il Padre vostro \u00e8 misericordioso&#8221;; il Papa esorta medici, infermieri e operatori sanitari ad esercitare nella loro professione &#8220;forza e tenerezza insieme&#8221;, guardando a Dio &#8220;ricco di misericordia&#8221; che &#8220;si prende cura di noi con la forza di un padre e con la tenerezza di una madre&#8221;.<\/p>\n<p><strong>La dignit\u00e0 dell&#8217;ammalato<\/strong><\/p>\n<p>Il Papa sottolinea la dignit\u00e0 di ogni ammalato che &#8220;\u00e8 sempre pi\u00f9 importante della malattia&#8221;. Per questo, misericordia e competenza, professione e missione, per quanto riguarda l&#8217;attivit\u00e0 di cura, non possono essere separati.<\/p>\n<p><strong>La misericordia pastorale: presenza e prossimit\u00e0 <\/strong><\/p>\n<p>Infine a ciascuno di noi papa Francesco rivolge l&#8217;invito a farci vicini concretamente alle persone malate o anziane sole, che &#8220;vivono a casa e aspettano una visita\u201d.<\/p>\n<p><strong>I sussidi per la celebrazione della Giornata<\/strong><\/p>\n<p>Sussidi predisposti per la <strong>30^<\/strong> <strong>Giornata mondiale del Malato<\/strong> del prossimo 11 febbraio 2022:<\/p>\n<ol>\n<li>il <a href=\"https:\/\/www.diocesitn.it\/area-testimonianza\/?attachment_id=10592\" target=\"_blank\" rel=\"noopener\"><strong>Messaggio di papa Francesco<\/strong><\/a>;<\/li>\n<li>proposta diocesana di <strong><a href=\"https:\/\/www.diocesitn.it\/area-testimonianza\/wp-content\/uploads\/sites\/37\/2022\/01\/Preghiera-dei-fedeli.docx\">Preghiera dei fedeli<\/a>, <\/strong>elaborata dalla segreteria della Consulta diocesana per la Pastorale della Salute e che pu\u00f2 essere utilizzata anche nella domenica 13;<\/li>\n<li><a href=\"https:\/\/www.diocesitn.it\/area-testimonianza\/?attachment_id=10591\" target=\"_blank\" rel=\"noopener\"><strong>scheda liturgica<\/strong><\/a> proposta dall\u2019Ufficio nazionale per la Pastorale della Salute (anche in <a href=\"https:\/\/www.diocesitn.it\/area-testimonianza\/wp-content\/uploads\/sites\/37\/2022\/01\/GMM22_SchedaLiturgica_A5.docx\"><strong>formato doc<\/strong><\/a>);<\/li>\n<li><a href=\"https:\/\/www.diocesitn.it\/area-testimonianza\/?attachment_id=10590\" target=\"_blank\" rel=\"noopener\"><strong>preghiera per la Giornata<\/strong><\/a> predisposta dalla CEI <em>(presso il Servizio Salute Pellegrinaggi Ammalati \u00e8 possibile ritirarne copie stampate).<\/em><\/li>\n<\/ol>\n<p><strong>L&#8217;iniziativa diocesana<\/strong><\/p>\n<p><strong>Venerd\u00ec 11 febbraio presso la Cattedrale di Trento,<\/strong> <strong>il vescovo Lauro presieder\u00e0 la s. Messa<\/strong> alla quale sono <strong>invitati in particolare tutti coloro che prestano il loro servizio con e per gli ammalati<\/strong>. La celebrazione sar\u00e0 trasmessa in <strong>diretta streaming sul canale YouTube della Diocesi<\/strong> e su <strong>Telepace Trento<\/strong>\u00a0(canale 601). <a href=\"https:\/\/www.diocesitn.it\/area-testimonianza\/wp-content\/uploads\/sites\/37\/2022\/01\/Locandina-diocesana-GMM-2022.pdf\"><strong>QUI LA LOCANDINA<\/strong><\/a><\/p>\n<p><strong>L&#8217;i<\/strong><strong>niziativa nazionale della CEI<\/strong><\/p>\n<p>Si segnala anche l\u2019<strong>iniziativa dell\u2019Ufficio nazionale per la Pastorale della Salute<\/strong> <em>\u201cInvece un samaritano. Preghiera di ringraziamento a Dio per i curanti\u201d,<\/em> che pone particolare attenzione a quanti in questi mesi si sono prodigati per la cura dei malati. Si tratta dell\u2019<strong>Adorazione Eucaristica di ringraziamento <\/strong>che coinvolga malati, curanti e fedeli, da promuovere simultaneamente nelle strutture di cura e RSA, <strong>venerd\u00ec 4 febbraio dalle ore 16 alle 17, seguendo <a href=\"https:\/\/salute.chiesacattolica.it\/invece-un-samaritano-preghiera-di-ringraziamento-a-dio-per-i-curanti\/\" target=\"_blank\" rel=\"noopener\">qui lo streaming della CEI<\/a><\/strong>.<\/p>\n","protected":false},"excerpt":{"rendered":"<p>Quando il 13 maggio 1992 san Giovanni Paolo II istituiva la Giornata Mondiale del Malato, ne definiva gli scopi. Da allora, ogni anno, la Giornata Mondiale del Malato ha posto l&#8217;accento su temi, situazioni, realt\u00e0<\/p>\n","protected":false},"author":4,"featured_media":10601,"comment_status":"closed","ping_status":"closed","sticky":false,"template":"","format":"standard","meta":{"footnotes":""},"categories":[1074,1102],"tags":[1790,1626,1862,1938,1335],"class_list":["post-10587","post","type-post","status-publish","format-standard","has-post-thumbnail","hentry","category-notizie","category-servizio-salute-pellegrinaggi-anziani","tag-giornata-del-malato","tag-messaggio","tag-papa-francesco","tag-personale-sanitario","tag-preghiera"],"acf":{"seed-localization-paese-cod":"IT","seed-localization-address":"","seed-localization-citta":"Trento","seed-localization-regione-cod-istat":"04","seed-localization-citta-cod-istat":"022205","seed-localization-localita":"","seed-localization-cap":"","seed-localization-marker-visibility":false,"seed-localization-children-visibility":false,"seed-localization-kml":"","seed-localization-custom-marker":""},"yoast_head":"<!-- This site is optimized with the Yoast SEO Premium plugin v20.2.1 (Yoast SEO v22.2) - https:\/\/yoast.com\/wordpress\/plugins\/seo\/ -->\n<title>XXX Giornata Mondiale del Malato. Papa Francesco: porsi accanto a chi soffre in un cammino di carit\u00e0 - Testimonianza e Impegno sociale<\/title>\n<meta name=\"robots\" content=\"index, follow, max-snippet:-1, max-image-preview:large, max-video-preview:-1\" \/>\n<link rel=\"canonical\" href=\"https:\/\/www.diocesitn.it\/area-testimonianza\/2022\/01\/26\/xxx-giornata-mondiale-del-malato-siate-misericordiosi-come-il-padre-vostro-e-misericordioso-lc-636-porsi-accanto-a-chi-soffre-in-un-cammino-di-carita\/\" \/>\n<meta property=\"og:locale\" content=\"it_IT\" \/>\n<meta property=\"og:type\" content=\"article\" \/>\n<meta property=\"og:title\" content=\"XXX Giornata Mondiale del Malato. Papa Francesco: porsi accanto a chi soffre in un cammino di carit\u00e0\" \/>\n<meta property=\"og:description\" content=\"Quando il 13 maggio 1992 san Giovanni Paolo II istituiva la Giornata Mondiale del Malato, ne definiva gli scopi. Da allora, ogni anno, la Giornata Mondiale del Malato ha posto l&#8217;accento su temi, situazioni, realt\u00e0\" \/>\n<meta property=\"og:url\" content=\"https:\/\/www.diocesitn.it\/area-testimonianza\/2022\/01\/26\/xxx-giornata-mondiale-del-malato-siate-misericordiosi-come-il-padre-vostro-e-misericordioso-lc-636-porsi-accanto-a-chi-soffre-in-un-cammino-di-carita\/\" \/>\n<meta property=\"og:site_name\" content=\"Testimonianza e Impegno sociale\" \/>\n<meta property=\"article:published_time\" content=\"2022-01-26T14:32:53+00:00\" \/>\n<meta property=\"article:modified_time\" content=\"2025-04-10T09:55:37+00:00\" \/>\n<meta property=\"og:image\" content=\"https:\/\/www.diocesitn.it\/area-testimonianza\/wp-content\/uploads\/sites\/37\/2022\/01\/GMM-2022-logo.jpg\" \/>\n\t<meta property=\"og:image:width\" content=\"1118\" \/>\n\t<meta property=\"og:image:height\" content=\"582\" \/>\n\t<meta property=\"og:image:type\" content=\"image\/jpeg\" \/>\n<meta name=\"author\" content=\"Claudia Dorigoni\" \/>\n<meta name=\"twitter:card\" content=\"summary_large_image\" \/>\n<meta name=\"twitter:label1\" content=\"Scritto da\" \/>\n\t<meta name=\"twitter:data1\" content=\"Claudia Dorigoni\" \/>\n\t<meta name=\"twitter:label2\" content=\"Tempo di lettura stimato\" \/>\n\t<meta name=\"twitter:data2\" content=\"3 minuti\" \/>\n<script type=\"application\/ld+json\" class=\"yoast-schema-graph\">{\"@context\":\"https:\/\/schema.org\",\"@graph\":[{\"@type\":\"Article\",\"@id\":\"https:\/\/www.diocesitn.it\/area-testimonianza\/2022\/01\/26\/xxx-giornata-mondiale-del-malato-siate-misericordiosi-come-il-padre-vostro-e-misericordioso-lc-636-porsi-accanto-a-chi-soffre-in-un-cammino-di-carita\/#article\",\"isPartOf\":{\"@id\":\"https:\/\/www.diocesitn.it\/area-testimonianza\/2022\/01\/26\/xxx-giornata-mondiale-del-malato-siate-misericordiosi-come-il-padre-vostro-e-misericordioso-lc-636-porsi-accanto-a-chi-soffre-in-un-cammino-di-carita\/\"},\"author\":{\"name\":\"Claudia Dorigoni\",\"@id\":\"https:\/\/www.diocesitn.it\/area-testimonianza\/#\/schema\/person\/5467191b81c25706baf09a59aab380a5\"},\"headline\":\"XXX Giornata Mondiale del Malato. Papa Francesco: porsi accanto a chi soffre in un cammino di carit\u00e0\",\"datePublished\":\"2022-01-26T14:32:53+00:00\",\"dateModified\":\"2025-04-10T09:55:37+00:00\",\"mainEntityOfPage\":{\"@id\":\"https:\/\/www.diocesitn.it\/area-testimonianza\/2022\/01\/26\/xxx-giornata-mondiale-del-malato-siate-misericordiosi-come-il-padre-vostro-e-misericordioso-lc-636-porsi-accanto-a-chi-soffre-in-un-cammino-di-carita\/\"},\"wordCount\":417,\"publisher\":{\"@id\":\"https:\/\/www.diocesitn.it\/area-testimonianza\/#organization\"},\"image\":{\"@id\":\"https:\/\/www.diocesitn.it\/area-testimonianza\/2022\/01\/26\/xxx-giornata-mondiale-del-malato-siate-misericordiosi-come-il-padre-vostro-e-misericordioso-lc-636-porsi-accanto-a-chi-soffre-in-un-cammino-di-carita\/#primaryimage\"},\"thumbnailUrl\":\"https:\/\/www.diocesitn.it\/area-testimonianza\/wp-content\/uploads\/sites\/37\/2022\/01\/GMM-2022-logo.jpg\",\"keywords\":[\"Giornata del malato\",\"messaggio\",\"papa Francesco\",\"personale sanitario\",\"preghiera\"],\"articleSection\":[\"Notizie\",\"Salute Pellegrinaggi Anziani\"],\"inLanguage\":\"it-IT\",\"copyrightYear\":\"2022\",\"copyrightHolder\":{\"@id\":\"https:\/\/www.diocesitn.it\/#organization\"}},{\"@type\":\"WebPage\",\"@id\":\"https:\/\/www.diocesitn.it\/area-testimonianza\/2022\/01\/26\/xxx-giornata-mondiale-del-malato-siate-misericordiosi-come-il-padre-vostro-e-misericordioso-lc-636-porsi-accanto-a-chi-soffre-in-un-cammino-di-carita\/\",\"url\":\"https:\/\/www.diocesitn.it\/area-testimonianza\/2022\/01\/26\/xxx-giornata-mondiale-del-malato-siate-misericordiosi-come-il-padre-vostro-e-misericordioso-lc-636-porsi-accanto-a-chi-soffre-in-un-cammino-di-carita\/\",\"name\":\"XXX Giornata Mondiale del Malato. Papa Francesco: porsi accanto a chi soffre in un cammino di carit\u00e0 - Testimonianza e Impegno sociale\",\"isPartOf\":{\"@id\":\"https:\/\/www.diocesitn.it\/area-testimonianza\/#website\"},\"primaryImageOfPage\":{\"@id\":\"https:\/\/www.diocesitn.it\/area-testimonianza\/2022\/01\/26\/xxx-giornata-mondiale-del-malato-siate-misericordiosi-come-il-padre-vostro-e-misericordioso-lc-636-porsi-accanto-a-chi-soffre-in-un-cammino-di-carita\/#primaryimage\"},\"image\":{\"@id\":\"https:\/\/www.diocesitn.it\/area-testimonianza\/2022\/01\/26\/xxx-giornata-mondiale-del-malato-siate-misericordiosi-come-il-padre-vostro-e-misericordioso-lc-636-porsi-accanto-a-chi-soffre-in-un-cammino-di-carita\/#primaryimage\"},\"thumbnailUrl\":\"https:\/\/www.diocesitn.it\/area-testimonianza\/wp-content\/uploads\/sites\/37\/2022\/01\/GMM-2022-logo.jpg\",\"datePublished\":\"2022-01-26T14:32:53+00:00\",\"dateModified\":\"2025-04-10T09:55:37+00:00\",\"breadcrumb\":{\"@id\":\"https:\/\/www.diocesitn.it\/area-testimonianza\/2022\/01\/26\/xxx-giornata-mondiale-del-malato-siate-misericordiosi-come-il-padre-vostro-e-misericordioso-lc-636-porsi-accanto-a-chi-soffre-in-un-cammino-di-carita\/#breadcrumb\"},\"inLanguage\":\"it-IT\",\"potentialAction\":[{\"@type\":\"ReadAction\",\"target\":[\"https:\/\/www.diocesitn.it\/area-testimonianza\/2022\/01\/26\/xxx-giornata-mondiale-del-malato-siate-misericordiosi-come-il-padre-vostro-e-misericordioso-lc-636-porsi-accanto-a-chi-soffre-in-un-cammino-di-carita\/\"]}]},{\"@type\":\"ImageObject\",\"inLanguage\":\"it-IT\",\"@id\":\"https:\/\/www.diocesitn.it\/area-testimonianza\/2022\/01\/26\/xxx-giornata-mondiale-del-malato-siate-misericordiosi-come-il-padre-vostro-e-misericordioso-lc-636-porsi-accanto-a-chi-soffre-in-un-cammino-di-carita\/#primaryimage\",\"url\":\"https:\/\/www.diocesitn.it\/area-testimonianza\/wp-content\/uploads\/sites\/37\/2022\/01\/GMM-2022-logo.jpg\",\"contentUrl\":\"https:\/\/www.diocesitn.it\/area-testimonianza\/wp-content\/uploads\/sites\/37\/2022\/01\/GMM-2022-logo.jpg\",\"width\":1118,\"height\":582},{\"@type\":\"BreadcrumbList\",\"@id\":\"https:\/\/www.diocesitn.it\/area-testimonianza\/2022\/01\/26\/xxx-giornata-mondiale-del-malato-siate-misericordiosi-come-il-padre-vostro-e-misericordioso-lc-636-porsi-accanto-a-chi-soffre-in-un-cammino-di-carita\/#breadcrumb\",\"itemListElement\":[{\"@type\":\"ListItem\",\"position\":1,\"name\":\"Home\",\"item\":\"https:\/\/www.diocesitn.it\/area-testimonianza\/\"},{\"@type\":\"ListItem\",\"position\":2,\"name\":\"XXX Giornata Mondiale del Malato. Papa Francesco: porsi accanto a chi soffre in un cammino di carit\u00e0\"}]},{\"@type\":\"WebSite\",\"@id\":\"https:\/\/www.diocesitn.it\/area-testimonianza\/#website\",\"url\":\"https:\/\/www.diocesitn.it\/area-testimonianza\/\",\"name\":\"Testimonianza e Impegno sociale\",\"description\":\"Chiesa di Trento\",\"publisher\":{\"@id\":\"https:\/\/www.diocesitn.it\/area-testimonianza\/#organization\"},\"potentialAction\":[{\"@type\":\"SearchAction\",\"target\":{\"@type\":\"EntryPoint\",\"urlTemplate\":\"https:\/\/www.diocesitn.it\/area-testimonianza\/?s={search_term_string}\"},\"query-input\":\"required name=search_term_string\"}],\"inLanguage\":\"it-IT\"},{\"@type\":[\"Organization\",\"Place\"],\"@id\":\"https:\/\/www.diocesitn.it\/area-testimonianza\/#organization\",\"name\":\"Area Testimonianza e Impegno Sociale - Chiesa di Trento\",\"url\":\"https:\/\/www.diocesitn.it\/area-testimonianza\/\",\"logo\":{\"@id\":\"https:\/\/www.diocesitn.it\/area-testimonianza\/2022\/01\/26\/xxx-giornata-mondiale-del-malato-siate-misericordiosi-come-il-padre-vostro-e-misericordioso-lc-636-porsi-accanto-a-chi-soffre-in-un-cammino-di-carita\/#local-main-organization-logo\"},\"image\":{\"@id\":\"https:\/\/www.diocesitn.it\/area-testimonianza\/2022\/01\/26\/xxx-giornata-mondiale-del-malato-siate-misericordiosi-come-il-padre-vostro-e-misericordioso-lc-636-porsi-accanto-a-chi-soffre-in-un-cammino-di-carita\/#local-main-organization-logo\"},\"openingHoursSpecification\":[{\"@type\":\"OpeningHoursSpecification\",\"dayOfWeek\":[\"Monday\",\"Tuesday\",\"Wednesday\",\"Thursday\",\"Friday\",\"Saturday\",\"Sunday\"],\"opens\":\"09:00\",\"closes\":\"17:00\"}]},{\"@type\":\"ImageObject\",\"inLanguage\":\"it-IT\",\"@id\":\"https:\/\/www.diocesitn.it\/area-testimonianza\/2022\/01\/26\/xxx-giornata-mondiale-del-malato-siate-misericordiosi-come-il-padre-vostro-e-misericordioso-lc-636-porsi-accanto-a-chi-soffre-in-un-cammino-di-carita\/#local-main-organization-logo\",\"url\":\"https:\/\/www.diocesitn.it\/area-testimonianza\/wp-content\/uploads\/sites\/37\/2021\/09\/og-logo-testimonianza-e-impegno-sociale.jpg\",\"contentUrl\":\"https:\/\/www.diocesitn.it\/area-testimonianza\/wp-content\/uploads\/sites\/37\/2021\/09\/og-logo-testimonianza-e-impegno-sociale.jpg\",\"width\":1200,\"height\":630,\"caption\":\"Area Testimonianza e Impegno Sociale - Chiesa di Trento\"}]}<\/script>\n<!-- \/ Yoast SEO Premium plugin. -->","yoast_head_json":{"title":"XXX Giornata Mondiale del Malato. Papa Francesco: porsi accanto a chi soffre in un cammino di carit\u00e0 - Testimonianza e Impegno sociale","robots":{"index":"index","follow":"follow","max-snippet":"max-snippet:-1","max-image-preview":"max-image-preview:large","max-video-preview":"max-video-preview:-1"},"canonical":"https:\/\/www.diocesitn.it\/area-testimonianza\/2022\/01\/26\/xxx-giornata-mondiale-del-malato-siate-misericordiosi-come-il-padre-vostro-e-misericordioso-lc-636-porsi-accanto-a-chi-soffre-in-un-cammino-di-carita\/","og_locale":"it_IT","og_type":"article","og_title":"XXX Giornata Mondiale del Malato. Papa Francesco: porsi accanto a chi soffre in un cammino di carit\u00e0","og_description":"Quando il 13 maggio 1992 san Giovanni Paolo II istituiva la Giornata Mondiale del Malato, ne definiva gli scopi. Da allora, ogni anno, la Giornata Mondiale del Malato ha posto l&#8217;accento su temi, situazioni, realt\u00e0","og_url":"https:\/\/www.diocesitn.it\/area-testimonianza\/2022\/01\/26\/xxx-giornata-mondiale-del-malato-siate-misericordiosi-come-il-padre-vostro-e-misericordioso-lc-636-porsi-accanto-a-chi-soffre-in-un-cammino-di-carita\/","og_site_name":"Testimonianza e Impegno sociale","article_published_time":"2022-01-26T14:32:53+00:00","article_modified_time":"2025-04-10T09:55:37+00:00","og_image":[{"width":1118,"height":582,"url":"https:\/\/www.diocesitn.it\/area-testimonianza\/wp-content\/uploads\/sites\/37\/2022\/01\/GMM-2022-logo.jpg","type":"image\/jpeg"}],"author":"Claudia Dorigoni","twitter_card":"summary_large_image","twitter_misc":{"Scritto da":"Claudia Dorigoni","Tempo di lettura stimato":"3 minuti"},"schema":{"@context":"https:\/\/schema.org","@graph":[{"@type":"Article","@id":"https:\/\/www.diocesitn.it\/area-testimonianza\/2022\/01\/26\/xxx-giornata-mondiale-del-malato-siate-misericordiosi-come-il-padre-vostro-e-misericordioso-lc-636-porsi-accanto-a-chi-soffre-in-un-cammino-di-carita\/#article","isPartOf":{"@id":"https:\/\/www.diocesitn.it\/area-testimonianza\/2022\/01\/26\/xxx-giornata-mondiale-del-malato-siate-misericordiosi-come-il-padre-vostro-e-misericordioso-lc-636-porsi-accanto-a-chi-soffre-in-un-cammino-di-carita\/"},"author":{"name":"Claudia Dorigoni","@id":"https:\/\/www.diocesitn.it\/area-testimonianza\/#\/schema\/person\/5467191b81c25706baf09a59aab380a5"},"headline":"XXX Giornata Mondiale del Malato. Papa Francesco: porsi accanto a chi soffre in un cammino di carit\u00e0","datePublished":"2022-01-26T14:32:53+00:00","dateModified":"2025-04-10T09:55:37+00:00","mainEntityOfPage":{"@id":"https:\/\/www.diocesitn.it\/area-testimonianza\/2022\/01\/26\/xxx-giornata-mondiale-del-malato-siate-misericordiosi-come-il-padre-vostro-e-misericordioso-lc-636-porsi-accanto-a-chi-soffre-in-un-cammino-di-carita\/"},"wordCount":417,"publisher":{"@id":"https:\/\/www.diocesitn.it\/area-testimonianza\/#organization"},"image":{"@id":"https:\/\/www.diocesitn.it\/area-testimonianza\/2022\/01\/26\/xxx-giornata-mondiale-del-malato-siate-misericordiosi-come-il-padre-vostro-e-misericordioso-lc-636-porsi-accanto-a-chi-soffre-in-un-cammino-di-carita\/#primaryimage"},"thumbnailUrl":"https:\/\/www.diocesitn.it\/area-testimonianza\/wp-content\/uploads\/sites\/37\/2022\/01\/GMM-2022-logo.jpg","keywords":["Giornata del malato","messaggio","papa Francesco","personale sanitario","preghiera"],"articleSection":["Notizie","Salute Pellegrinaggi Anziani"],"inLanguage":"it-IT","copyrightYear":"2022","copyrightHolder":{"@id":"https:\/\/www.diocesitn.it\/#organization"}},{"@type":"WebPage","@id":"https:\/\/www.diocesitn.it\/area-testimonianza\/2022\/01\/26\/xxx-giornata-mondiale-del-malato-siate-misericordiosi-come-il-padre-vostro-e-misericordioso-lc-636-porsi-accanto-a-chi-soffre-in-un-cammino-di-carita\/","url":"https:\/\/www.diocesitn.it\/area-testimonianza\/2022\/01\/26\/xxx-giornata-mondiale-del-malato-siate-misericordiosi-come-il-padre-vostro-e-misericordioso-lc-636-porsi-accanto-a-chi-soffre-in-un-cammino-di-carita\/","name":"XXX Giornata Mondiale del Malato. Papa Francesco: porsi accanto a chi soffre in un cammino di carit\u00e0 - Testimonianza e Impegno sociale","isPartOf":{"@id":"https:\/\/www.diocesitn.it\/area-testimonianza\/#website"},"primaryImageOfPage":{"@id":"https:\/\/www.diocesitn.it\/area-testimonianza\/2022\/01\/26\/xxx-giornata-mondiale-del-malato-siate-misericordiosi-come-il-padre-vostro-e-misericordioso-lc-636-porsi-accanto-a-chi-soffre-in-un-cammino-di-carita\/#primaryimage"},"image":{"@id":"https:\/\/www.diocesitn.it\/area-testimonianza\/2022\/01\/26\/xxx-giornata-mondiale-del-malato-siate-misericordiosi-come-il-padre-vostro-e-misericordioso-lc-636-porsi-accanto-a-chi-soffre-in-un-cammino-di-carita\/#primaryimage"},"thumbnailUrl":"https:\/\/www.diocesitn.it\/area-testimonianza\/wp-content\/uploads\/sites\/37\/2022\/01\/GMM-2022-logo.jpg","datePublished":"2022-01-26T14:32:53+00:00","dateModified":"2025-04-10T09:55:37+00:00","breadcrumb":{"@id":"https:\/\/www.diocesitn.it\/area-testimonianza\/2022\/01\/26\/xxx-giornata-mondiale-del-malato-siate-misericordiosi-come-il-padre-vostro-e-misericordioso-lc-636-porsi-accanto-a-chi-soffre-in-un-cammino-di-carita\/#breadcrumb"},"inLanguage":"it-IT","potentialAction":[{"@type":"ReadAction","target":["https:\/\/www.diocesitn.it\/area-testimonianza\/2022\/01\/26\/xxx-giornata-mondiale-del-malato-siate-misericordiosi-come-il-padre-vostro-e-misericordioso-lc-636-porsi-accanto-a-chi-soffre-in-un-cammino-di-carita\/"]}]},{"@type":"ImageObject","inLanguage":"it-IT","@id":"https:\/\/www.diocesitn.it\/area-testimonianza\/2022\/01\/26\/xxx-giornata-mondiale-del-malato-siate-misericordiosi-come-il-padre-vostro-e-misericordioso-lc-636-porsi-accanto-a-chi-soffre-in-un-cammino-di-carita\/#primaryimage","url":"https:\/\/www.diocesitn.it\/area-testimonianza\/wp-content\/uploads\/sites\/37\/2022\/01\/GMM-2022-logo.jpg","contentUrl":"https:\/\/www.diocesitn.it\/area-testimonianza\/wp-content\/uploads\/sites\/37\/2022\/01\/GMM-2022-logo.jpg","width":1118,"height":582},{"@type":"BreadcrumbList","@id":"https:\/\/www.diocesitn.it\/area-testimonianza\/2022\/01\/26\/xxx-giornata-mondiale-del-malato-siate-misericordiosi-come-il-padre-vostro-e-misericordioso-lc-636-porsi-accanto-a-chi-soffre-in-un-cammino-di-carita\/#breadcrumb","itemListElement":[{"@type":"ListItem","position":1,"name":"Home","item":"https:\/\/www.diocesitn.it\/area-testimonianza\/"},{"@type":"ListItem","position":2,"name":"XXX Giornata Mondiale del Malato. Papa Francesco: porsi accanto a chi soffre in un cammino di carit\u00e0"}]},{"@type":"WebSite","@id":"https:\/\/www.diocesitn.it\/area-testimonianza\/#website","url":"https:\/\/www.diocesitn.it\/area-testimonianza\/","name":"Testimonianza e Impegno sociale","description":"Chiesa di Trento","publisher":{"@id":"https:\/\/www.diocesitn.it\/area-testimonianza\/#organization"},"potentialAction":[{"@type":"SearchAction","target":{"@type":"EntryPoint","urlTemplate":"https:\/\/www.diocesitn.it\/area-testimonianza\/?s={search_term_string}"},"query-input":"required name=search_term_string"}],"inLanguage":"it-IT"},{"@type":["Organization","Place"],"@id":"https:\/\/www.diocesitn.it\/area-testimonianza\/#organization","name":"Area Testimonianza e Impegno Sociale - Chiesa di Trento","url":"https:\/\/www.diocesitn.it\/area-testimonianza\/","logo":{"@id":"https:\/\/www.diocesitn.it\/area-testimonianza\/2022\/01\/26\/xxx-giornata-mondiale-del-malato-siate-misericordiosi-come-il-padre-vostro-e-misericordioso-lc-636-porsi-accanto-a-chi-soffre-in-un-cammino-di-carita\/#local-main-organization-logo"},"image":{"@id":"https:\/\/www.diocesitn.it\/area-testimonianza\/2022\/01\/26\/xxx-giornata-mondiale-del-malato-siate-misericordiosi-come-il-padre-vostro-e-misericordioso-lc-636-porsi-accanto-a-chi-soffre-in-un-cammino-di-carita\/#local-main-organization-logo"},"openingHoursSpecification":[{"@type":"OpeningHoursSpecification","dayOfWeek":["Monday","Tuesday","Wednesday","Thursday","Friday","Saturday","Sunday"],"opens":"09:00","closes":"17:00"}]},{"@type":"ImageObject","inLanguage":"it-IT","@id":"https:\/\/www.diocesitn.it\/area-testimonianza\/2022\/01\/26\/xxx-giornata-mondiale-del-malato-siate-misericordiosi-come-il-padre-vostro-e-misericordioso-lc-636-porsi-accanto-a-chi-soffre-in-un-cammino-di-carita\/#local-main-organization-logo","url":"https:\/\/www.diocesitn.it\/area-testimonianza\/wp-content\/uploads\/sites\/37\/2021\/09\/og-logo-testimonianza-e-impegno-sociale.jpg","contentUrl":"https:\/\/www.diocesitn.it\/area-testimonianza\/wp-content\/uploads\/sites\/37\/2021\/09\/og-logo-testimonianza-e-impegno-sociale.jpg","width":1200,"height":630,"caption":"Area Testimonianza e Impegno Sociale - Chiesa di Trento"}]}},"_links":{"self":[{"href":"https:\/\/www.diocesitn.it\/area-testimonianza\/wp-json\/wp\/v2\/posts\/10587","targetHints":{"allow":["GET"]}}],"collection":[{"href":"https:\/\/www.diocesitn.it\/area-testimonianza\/wp-json\/wp\/v2\/posts"}],"about":[{"href":"https:\/\/www.diocesitn.it\/area-testimonianza\/wp-json\/wp\/v2\/types\/post"}],"author":[{"embeddable":true,"href":"https:\/\/www.diocesitn.it\/area-testimonianza\/wp-json\/wp\/v2\/users\/4"}],"replies":[{"embeddable":true,"href":"https:\/\/www.diocesitn.it\/area-testimonianza\/wp-json\/wp\/v2\/comments?post=10587"}],"version-history":[{"count":3,"href":"https:\/\/www.diocesitn.it\/area-testimonianza\/wp-json\/wp\/v2\/posts\/10587\/revisions"}],"predecessor-version":[{"id":10646,"href":"https:\/\/www.diocesitn.it\/area-testimonianza\/wp-json\/wp\/v2\/posts\/10587\/revisions\/10646"}],"wp:featuredmedia":[{"embeddable":true,"href":"https:\/\/www.diocesitn.it\/area-testimonianza\/wp-json\/wp\/v2\/media\/10601"}],"wp:attachment":[{"href":"https:\/\/www.diocesitn.it\/area-testimonianza\/wp-json\/wp\/v2\/media?parent=10587"}],"wp:term":[{"taxonomy":"category","embeddable":true,"href":"https:\/\/www.diocesitn.it\/area-testimonianza\/wp-json\/wp\/v2\/categories?post=10587"},{"taxonomy":"post_tag","embeddable":true,"href":"https:\/\/www.diocesitn.it\/area-testimonianza\/wp-json\/wp\/v2\/tags?post=10587"}],"curies":[{"name":"wp","href":"https:\/\/api.w.org\/{rel}","templated":true}]}}